{"id":2410,"date":"2019-01-11T09:19:17","date_gmt":"2019-01-11T09:19:17","guid":{"rendered":"https:\/\/allasorias.hu\/hirek\/?p=2410"},"modified":"2019-01-11T09:19:17","modified_gmt":"2019-01-11T09:19:17","slug":"jobb-feltetelek-a-megvaltozott-munkakepesseguek-szamara","status":"publish","type":"post","link":"https:\/\/allasorias.hu\/hirek\/jobb-feltetelek-a-megvaltozott-munkakepesseguek-szamara\/","title":{"rendered":"Jobb felt\u00e9telek a  megv\u00e1ltozott munkak\u00e9pess\u00e9g\u0171ek sz\u00e1m\u00e1ra"},"content":{"rendered":"<p><strong>Janu\u00e1rt\u00f3l javulnak a megv\u00e1ltozott munkak\u00e9pess\u00e9g\u0171ek\u00a0 foglalkoztat\u00e1si felt\u00e9telei. Az eddigi 32 ezer helyett, \u00a0t\u00f6bbsz\u00e1zezer munkav\u00e1llal\u00f3 ut\u00e1n vehet\u0151 ig\u00e9nybe a szoci\u00e1lis hozz\u00e1j\u00e1rul\u00e1si ad\u00f3kedvezm\u00e9ny. A rehabilit\u00e1ci\u00f3s hozz\u00e1j\u00e1rul\u00e1s 8 sz\u00e1zal\u00e9kos n\u00f6veked\u00e9se \u2013 szem\u00e9lyenk\u00e9nt 1 milli\u00f3 341 ezer forintra \u2013 a kor\u00e1bbin\u00e1l is er\u0151sebb \u00f6szt\u00f6nz\u00e9st jelent majd a rokkantak foglalkoztat\u00e1s\u00e1ra.<\/strong><\/p>\n<p>207 ezerr\u0151l 223 500 forintra emelkedett a rokkants\u00e1gi ell\u00e1t\u00e1s mellett v\u00e9gezhet\u0151 munka j\u00f6vedelemkorl\u00e1tja is. M\u00edg 2018-ban csak a mintegy 32 ezer rehabilit\u00e1ci\u00f3s k\u00e1rty\u00e1val rendelkez\u0151 munkav\u00e1llal\u00f3 ut\u00e1n mentes\u00fclhettek a foglalkoztat\u00f3k a 19,5 sz\u00e1zal\u00e9kos m\u00e9rt\u00e9k\u0171 szoci\u00e1lis hozz\u00e1j\u00e1rul\u00e1s befizet\u00e9s\u00e9t\u0151l, id\u00e9n ez a kedvezm\u00e9ny m\u00e1r mintegy 400 ezer komplex szakv\u00e9lem\u00e9nnyel rendelkez\u0151 megv\u00e1ltozott munkak\u00e9pess\u00e9g\u0171, szem\u00e9ly ut\u00e1n j\u00e1rhat \u2013 ak\u00e1r r\u00e9szes\u00fcl az illet\u0151 ell\u00e1t\u00e1sban, ak\u00e1r nem. A kedvezm\u00e9nyesen foglalkoztathat\u00f3 szem\u00e9lyek k\u00f6r\u00e9nek jelent\u0151s b\u0151v\u00fcl\u00e9se n\u00f6veli az es\u00e9ly\u00e9t annak, hogy a munkaad\u00f3k bet\u00f6ltetlen \u00e1ll\u00e1shelyeikre a megv\u00e1ltozott munkak\u00e9pess\u00e9g\u0171ek k\u00f6r\u00e9b\u0151l tal\u00e1ljanak megfelel\u0151 jel\u00f6ltet. Sz\u00e9lesedett az SZJA-kedvezm\u00e9nyre jogosultak k\u00f6re is. \u00a0Egyes tart\u00f3s eg\u00e9szs\u00e9g\u00fcgyi probl\u00e9m\u00e1val \u00e9l\u0151 dolgoz\u00f3k jogosultak arra, hogy a minim\u00e1lb\u00e9r 5 sz\u00e1zal\u00e9k\u00e1t, vagyis az idei \u00e9vben havi 7 450 forintot a saj\u00e1t szem\u00e9lyi j\u00f6vedelemad\u00f3jukb\u00f3l levonjanak. R\u00e1ad\u00e1sul ez az \u00f6sszeg ak\u00e1r 5 \u00e9vre visszamen\u0151legesen is j\u00e1rhat, ami k\u00f6zel 450 ezer forintnyi \u00f6sszeget is jelenthet 2019 janu\u00e1r elsej\u00e9t\u0151l tov\u00e1bb b\u0151v\u00fclt a kedvezm\u00e9nyre jogos\u00edt\u00f3 betegs\u00e9gek k\u00f6re: imm\u00e1r az eml\u0151-, m\u00e9hnyak-, petef\u00e9szek-, prosztata- \u00e9s heredaganat, illetve az endometriosis is ebbe a k\u00f6rbe ker\u00fclt. Fontos tudni ugyanakkor, hogy a jogszab\u00e1ly t\u00f6bb olyan, l\u00e1tsz\u00f3lag enyhe, h\u00e9tk\u00f6znapi betegs\u00e9gnek sz\u00e1m\u00edt\u00f3 eg\u00e9szs\u00e9g\u00fcgyi probl\u00e9m\u00e1t is ebbe a k\u00f6rbe sorol, mint a lakt\u00f3zintolerancia. a cukorbetegs\u00e9g vagy a Crohn-betegs\u00e9g. A munk\u00e1ltat\u00f3k sz\u00e1m\u00e1ra a megv\u00e1ltozott munkak\u00e9pess\u00e9g\u0171ek foglalkoztat\u00e1s\u00e1ra vonatkoz\u00f3 legnagyobb anyagi \u00f6szt\u00f6nz\u00e9st hossz\u00fa \u00e9vek \u00f3ta a rehabilit\u00e1ci\u00f3s hozz\u00e1j\u00e1rul\u00e1s jelenti. Ha ugyanis egy 25 f\u0151sn\u00e9l nagyobb l\u00e9tsz\u00e1mmal m\u0171k\u00f6d\u0151 t\u00e1rsas\u00e1g a teljes munkaer\u0151-\u00e1llom\u00e1ny\u00e1nak legal\u00e1bb 5 sz\u00e1zal\u00e9k\u00e1t nem t\u00f6lti fel megv\u00e1ltozott munkak\u00e9pess\u00e9g\u0171 munkat\u00e1rsakkal, a hi\u00e1nyz\u00f3 l\u00e9tsz\u00e1m ut\u00e1n munkav\u00e1llal\u00f3nk\u00e9nt rehabilit\u00e1ci\u00f3s hozz\u00e1j\u00e1rul\u00e1st kell fizetnie. Ez az \u00f6sszeg a tavalyi 1 242 000 forintr\u00f3l id\u00e9n \u00e9vi 1 341 000 forintra emelkedett, ami 8 sz\u00e1zal\u00e9kos munk\u00e1ltat\u00f3i tehern\u00f6veked\u00e9st jelent.<\/p>\n<p><em>Forr\u00e1s:ado.hu<\/em><\/p>\n","protected":false},"excerpt":{"rendered":"<p>Janu\u00e1rt\u00f3l javulnak a megv\u00e1ltozott munkak\u00e9pess\u00e9g\u0171ek\u00a0 foglalkoztat\u00e1si felt\u00e9telei. Az eddigi 32 ezer helyett, \u00a0t\u00f6bbsz\u00e1zezer munkav\u00e1llal\u00f3 ut\u00e1n vehet\u0151 ig\u00e9nybe a szoci\u00e1lis hozz\u00e1j\u00e1rul\u00e1si ad\u00f3kedvezm\u00e9ny. A rehabilit\u00e1ci\u00f3s hozz\u00e1j\u00e1rul\u00e1s 8 sz\u00e1zal\u00e9kos n\u00f6veked\u00e9se \u2013 szem\u00e9lyenk\u00e9nt 1 milli\u00f3 341 ezer forintra \u2013 a kor\u00e1bbin\u00e1l is er\u0151sebb \u00f6szt\u00f6nz\u00e9st jelent majd a rokkantak foglalkoztat\u00e1s\u00e1ra. 207 ezerr\u0151l 223 500 forintra emelkedett a rokkants\u00e1gi ell\u00e1t\u00e1s mellett [&hellip;]<\/p>\n","protected":false},"author":1,"featured_media":2263,"comment_status":"open","ping_status":"open","sticky":false,"template":"","format":"standard","meta":{"_monsterinsights_skip_tracking":false,"footnotes":""},"categories":[1,200],"tags":[],"class_list":["post-2410","post","type-post","status-publish","format-standard","has-post-thumbnail","hentry","category-allaskereses","category-munkaeropiac"],"aioseo_notices":[],"aioseo_head":"\n\t\t<!-- All in One SEO 5.0.0.1 - aioseo.com -->\n\t<meta name=\"description\" content=\"Janu\u00e1rt\u00f3l javulnak a megv\u00e1ltozott munkak\u00e9pess\u00e9g\u0171ek foglalkoztat\u00e1si felt\u00e9telei. Az eddigi 32 ezer helyett, t\u00f6bbsz\u00e1zezer munkav\u00e1llal\u00f3 ut\u00e1n vehet\u0151 ig\u00e9nybe a szoci\u00e1lis hozz\u00e1j\u00e1rul\u00e1si ad\u00f3kedvezm\u00e9ny. A rehabilit\u00e1ci\u00f3s hozz\u00e1j\u00e1rul\u00e1s 8 sz\u00e1zal\u00e9kos n\u00f6veked\u00e9se \u2013 szem\u00e9lyenk\u00e9nt 1 milli\u00f3 341 ezer forintra \u2013 a kor\u00e1bbin\u00e1l is er\u0151sebb \u00f6szt\u00f6nz\u00e9st jelent majd a rokkantak foglalkoztat\u00e1s\u00e1ra. 207 ezerr\u0151l 223 500 forintra emelkedett a rokkants\u00e1gi ell\u00e1t\u00e1s mellett\" \/>\n\t<meta name=\"robots\" content=\"max-image-preview:large\" \/>\n\t<meta name=\"author\" content=\"Juh\u00e1sz P\u00e9ter\"\/>\n\t<link rel=\"canonical\" href=\"https:\/\/allasorias.hu\/hirek\/jobb-feltetelek-a-megvaltozott-munkakepesseguek-szamara\/\" \/>\n\t<meta name=\"generator\" content=\"All in One SEO (AIOSEO) 5.0.0.1\" \/>\n\t\t<meta property=\"og:locale\" content=\"hu_HU\" \/>\n\t\t<meta property=\"og:site_name\" content=\"AllasOrias.hu | H\u00edrek-lapszemle | \u00dczleti h\u00edrek az \u00e1ll\u00e1s \u00e9s a munka vil\u00e1g\u00e1b\u00f3l\" \/>\n\t\t<meta property=\"og:type\" content=\"article\" \/>\n\t\t<meta property=\"og:title\" content=\"Jobb felt\u00e9telek a megv\u00e1ltozott munkak\u00e9pess\u00e9g\u0171ek sz\u00e1m\u00e1ra | AllasOrias.hu | H\u00edrek-lapszemle\" \/>\n\t\t<meta property=\"og:description\" content=\"Janu\u00e1rt\u00f3l javulnak a megv\u00e1ltozott munkak\u00e9pess\u00e9g\u0171ek foglalkoztat\u00e1si felt\u00e9telei. Az eddigi 32 ezer helyett, t\u00f6bbsz\u00e1zezer munkav\u00e1llal\u00f3 ut\u00e1n vehet\u0151 ig\u00e9nybe a szoci\u00e1lis hozz\u00e1j\u00e1rul\u00e1si ad\u00f3kedvezm\u00e9ny. A rehabilit\u00e1ci\u00f3s hozz\u00e1j\u00e1rul\u00e1s 8 sz\u00e1zal\u00e9kos n\u00f6veked\u00e9se \u2013 szem\u00e9lyenk\u00e9nt 1 milli\u00f3 341 ezer forintra \u2013 a kor\u00e1bbin\u00e1l is er\u0151sebb \u00f6szt\u00f6nz\u00e9st jelent majd a rokkantak foglalkoztat\u00e1s\u00e1ra. 207 ezerr\u0151l 223 500 forintra emelkedett a rokkants\u00e1gi ell\u00e1t\u00e1s mellett\" \/>\n\t\t<meta property=\"og:url\" content=\"https:\/\/allasorias.hu\/hirek\/jobb-feltetelek-a-megvaltozott-munkakepesseguek-szamara\/\" \/>\n\t\t<meta property=\"og:image\" content=\"https:\/\/allasorias.hu\/hirek\/wp-content\/uploads\/2018\/12\/disabled-2199122_640.jpg\" \/>\n\t\t<meta property=\"og:image:secure_url\" content=\"https:\/\/allasorias.hu\/hirek\/wp-content\/uploads\/2018\/12\/disabled-2199122_640.jpg\" \/>\n\t\t<meta property=\"og:image:width\" content=\"640\" \/>\n\t\t<meta property=\"og:image:height\" content=\"425\" \/>\n\t\t<meta property=\"article:published_time\" content=\"2019-01-11T09:19:17+00:00\" \/>\n\t\t<meta property=\"article:modified_time\" content=\"2019-01-11T09:19:17+00:00\" \/>\n\t\t<meta property=\"article:publisher\" content=\"https:\/\/www.facebook.com\/allasorias\" \/>\n\t\t<meta name=\"twitter:card\" content=\"summary_large_image\" \/>\n\t\t<meta name=\"twitter:title\" content=\"Jobb felt\u00e9telek a megv\u00e1ltozott munkak\u00e9pess\u00e9g\u0171ek sz\u00e1m\u00e1ra | AllasOrias.hu | H\u00edrek-lapszemle\" \/>\n\t\t<meta name=\"twitter:description\" content=\"Janu\u00e1rt\u00f3l javulnak a megv\u00e1ltozott munkak\u00e9pess\u00e9g\u0171ek foglalkoztat\u00e1si felt\u00e9telei. Az eddigi 32 ezer helyett, t\u00f6bbsz\u00e1zezer munkav\u00e1llal\u00f3 ut\u00e1n vehet\u0151 ig\u00e9nybe a szoci\u00e1lis hozz\u00e1j\u00e1rul\u00e1si ad\u00f3kedvezm\u00e9ny. A rehabilit\u00e1ci\u00f3s hozz\u00e1j\u00e1rul\u00e1s 8 sz\u00e1zal\u00e9kos n\u00f6veked\u00e9se \u2013 szem\u00e9lyenk\u00e9nt 1 milli\u00f3 341 ezer forintra \u2013 a kor\u00e1bbin\u00e1l is er\u0151sebb \u00f6szt\u00f6nz\u00e9st jelent majd a rokkantak foglalkoztat\u00e1s\u00e1ra. 207 ezerr\u0151l 223 500 forintra emelkedett a rokkants\u00e1gi ell\u00e1t\u00e1s mellett\" \/>\n\t\t<meta name=\"twitter:image\" content=\"https:\/\/allasorias.hu\/hirek\/wp-content\/uploads\/2018\/12\/disabled-2199122_640.jpg\" \/>\n\t\t<meta name=\"twitter:label1\" content=\"Written by\" \/>\n\t\t<meta name=\"twitter:data1\" content=\"Juh\u00e1sz P\u00e9ter\" \/>\n\t\t<meta name=\"twitter:label2\" content=\"Est. reading time\" \/>\n\t\t<meta name=\"twitter:data2\" content=\"3 minutes\" \/>\n\t\t<script type=\"application\/ld+json\" class=\"aioseo-schema\">\n\t\t\t{\"@context\":\"https:\\\/\\\/schema.org\",\"@graph\":[{\"@type\":\"Article\",\"@id\":\"https:\\\/\\\/allasorias.hu\\\/hirek\\\/jobb-feltetelek-a-megvaltozott-munkakepesseguek-szamara\\\/#article\",\"name\":\"Jobb felt\\u00e9telek a megv\\u00e1ltozott munkak\\u00e9pess\\u00e9g\\u0171ek sz\\u00e1m\\u00e1ra | AllasOrias.hu | H\\u00edrek-lapszemle\",\"headline\":\"Jobb felt\\u00e9telek a  megv\\u00e1ltozott munkak\\u00e9pess\\u00e9g\\u0171ek sz\\u00e1m\\u00e1ra\",\"author\":{\"@id\":\"https:\\\/\\\/allasorias.hu\\\/hirek\\\/author\\\/admin-allasorias\\\/#author\"},\"publisher\":{\"@id\":\"https:\\\/\\\/allasorias.hu\\\/hirek\\\/#organization\"},\"image\":{\"@type\":\"ImageObject\",\"url\":\"https:\\\/\\\/allasorias.hu\\\/hirek\\\/wp-content\\\/uploads\\\/2018\\\/12\\\/disabled-2199122_640.jpg\",\"width\":640,\"height\":425},\"datePublished\":\"2019-01-11T09:19:17+02:00\",\"dateModified\":\"2019-01-11T09:19:17+02:00\",\"inLanguage\":\"hu-HU\",\"mainEntityOfPage\":{\"@id\":\"https:\\\/\\\/allasorias.hu\\\/hirek\\\/jobb-feltetelek-a-megvaltozott-munkakepesseguek-szamara\\\/#webpage\"},\"isPartOf\":{\"@id\":\"https:\\\/\\\/allasorias.hu\\\/hirek\\\/jobb-feltetelek-a-megvaltozott-munkakepesseguek-szamara\\\/#webpage\"},\"articleSection\":\"\\u00c1ll\\u00e1skeres\\u00e9s, Munkaer\\u0151piac\"},{\"@type\":\"BreadcrumbList\",\"@id\":\"https:\\\/\\\/allasorias.hu\\\/hirek\\\/jobb-feltetelek-a-megvaltozott-munkakepesseguek-szamara\\\/#breadcrumblist\",\"itemListElement\":[{\"@type\":\"ListItem\",\"@id\":\"https:\\\/\\\/allasorias.hu\\\/hirek#listItem\",\"position\":1,\"name\":\"Home\",\"item\":\"https:\\\/\\\/allasorias.hu\\\/hirek\",\"nextItem\":{\"@type\":\"ListItem\",\"@id\":\"https:\\\/\\\/allasorias.hu\\\/hirek\\\/temak\\\/allaskereses\\\/#listItem\",\"name\":\"\\u00c1ll\\u00e1skeres\\u00e9s\"}},{\"@type\":\"ListItem\",\"@id\":\"https:\\\/\\\/allasorias.hu\\\/hirek\\\/temak\\\/allaskereses\\\/#listItem\",\"position\":2,\"name\":\"\\u00c1ll\\u00e1skeres\\u00e9s\",\"item\":\"https:\\\/\\\/allasorias.hu\\\/hirek\\\/temak\\\/allaskereses\\\/\",\"nextItem\":{\"@type\":\"ListItem\",\"@id\":\"https:\\\/\\\/allasorias.hu\\\/hirek\\\/jobb-feltetelek-a-megvaltozott-munkakepesseguek-szamara\\\/#listItem\",\"name\":\"Jobb felt\\u00e9telek a  megv\\u00e1ltozott munkak\\u00e9pess\\u00e9g\\u0171ek sz\\u00e1m\\u00e1ra\"},\"previousItem\":{\"@type\":\"ListItem\",\"@id\":\"https:\\\/\\\/allasorias.hu\\\/hirek#listItem\",\"name\":\"Home\"}},{\"@type\":\"ListItem\",\"@id\":\"https:\\\/\\\/allasorias.hu\\\/hirek\\\/jobb-feltetelek-a-megvaltozott-munkakepesseguek-szamara\\\/#listItem\",\"position\":3,\"name\":\"Jobb felt\\u00e9telek a  megv\\u00e1ltozott munkak\\u00e9pess\\u00e9g\\u0171ek sz\\u00e1m\\u00e1ra\",\"previousItem\":{\"@type\":\"ListItem\",\"@id\":\"https:\\\/\\\/allasorias.hu\\\/hirek\\\/temak\\\/allaskereses\\\/#listItem\",\"name\":\"\\u00c1ll\\u00e1skeres\\u00e9s\"}}]},{\"@type\":\"Organization\",\"@id\":\"https:\\\/\\\/allasorias.hu\\\/hirek\\\/#organization\",\"name\":\"AllasOrias.hu | H\\u00edrek-lapszemle\",\"description\":\"\\u00dczleti h\\u00edrek az \\u00e1ll\\u00e1s \\u00e9s a munka vil\\u00e1g\\u00e1b\\u00f3l\",\"url\":\"https:\\\/\\\/allasorias.hu\\\/hirek\\\/\",\"logo\":{\"@type\":\"ImageObject\",\"url\":\"https:\\\/\\\/allasorias.hu\\\/hirek\\\/wp-content\\\/uploads\\\/2022\\\/10\\\/allasorias_site_facebok_logo.png\",\"@id\":\"https:\\\/\\\/allasorias.hu\\\/hirek\\\/jobb-feltetelek-a-megvaltozott-munkakepesseguek-szamara\\\/#organizationLogo\"},\"image\":{\"@id\":\"https:\\\/\\\/allasorias.hu\\\/hirek\\\/jobb-feltetelek-a-megvaltozott-munkakepesseguek-szamara\\\/#organizationLogo\"},\"sameAs\":[\"https:\\\/\\\/www.facebook.com\\\/allasorias\",\"https:\\\/\\\/www.linkedin.com\\\/company\\\/allasorias\"]},{\"@type\":\"Person\",\"@id\":\"https:\\\/\\\/allasorias.hu\\\/hirek\\\/author\\\/admin-allasorias\\\/#author\",\"url\":\"https:\\\/\\\/allasorias.hu\\\/hirek\\\/author\\\/admin-allasorias\\\/\",\"name\":\"Juh\\u00e1sz P\\u00e9ter\",\"image\":{\"@type\":\"ImageObject\",\"@id\":\"https:\\\/\\\/allasorias.hu\\\/hirek\\\/jobb-feltetelek-a-megvaltozott-munkakepesseguek-szamara\\\/#authorImage\",\"url\":\"https:\\\/\\\/secure.gravatar.com\\\/avatar\\\/36e6bcb83148978b992977cb0f54d22feb0cce8a0a849a9410532bb2623ba4c6?s=96&d=mm&r=g\",\"width\":96,\"height\":96,\"caption\":\"Juh\\u00e1sz P\\u00e9ter\"}},{\"@type\":\"WebPage\",\"@id\":\"https:\\\/\\\/allasorias.hu\\\/hirek\\\/jobb-feltetelek-a-megvaltozott-munkakepesseguek-szamara\\\/#webpage\",\"url\":\"https:\\\/\\\/allasorias.hu\\\/hirek\\\/jobb-feltetelek-a-megvaltozott-munkakepesseguek-szamara\\\/\",\"name\":\"Jobb felt\\u00e9telek a megv\\u00e1ltozott munkak\\u00e9pess\\u00e9g\\u0171ek sz\\u00e1m\\u00e1ra | AllasOrias.hu | H\\u00edrek-lapszemle\",\"description\":\"Janu\\u00e1rt\\u00f3l javulnak a megv\\u00e1ltozott munkak\\u00e9pess\\u00e9g\\u0171ek foglalkoztat\\u00e1si felt\\u00e9telei. Az eddigi 32 ezer helyett, t\\u00f6bbsz\\u00e1zezer munkav\\u00e1llal\\u00f3 ut\\u00e1n vehet\\u0151 ig\\u00e9nybe a szoci\\u00e1lis hozz\\u00e1j\\u00e1rul\\u00e1si ad\\u00f3kedvezm\\u00e9ny. A rehabilit\\u00e1ci\\u00f3s hozz\\u00e1j\\u00e1rul\\u00e1s 8 sz\\u00e1zal\\u00e9kos n\\u00f6veked\\u00e9se \\u2013 szem\\u00e9lyenk\\u00e9nt 1 milli\\u00f3 341 ezer forintra \\u2013 a kor\\u00e1bbin\\u00e1l is er\\u0151sebb \\u00f6szt\\u00f6nz\\u00e9st jelent majd a rokkantak foglalkoztat\\u00e1s\\u00e1ra. 207 ezerr\\u0151l 223 500 forintra emelkedett a rokkants\\u00e1gi ell\\u00e1t\\u00e1s mellett\",\"inLanguage\":\"hu-HU\",\"isPartOf\":{\"@id\":\"https:\\\/\\\/allasorias.hu\\\/hirek\\\/#website\"},\"breadcrumb\":{\"@id\":\"https:\\\/\\\/allasorias.hu\\\/hirek\\\/jobb-feltetelek-a-megvaltozott-munkakepesseguek-szamara\\\/#breadcrumblist\"},\"author\":{\"@id\":\"https:\\\/\\\/allasorias.hu\\\/hirek\\\/author\\\/admin-allasorias\\\/#author\"},\"creator\":{\"@id\":\"https:\\\/\\\/allasorias.hu\\\/hirek\\\/author\\\/admin-allasorias\\\/#author\"},\"image\":{\"@type\":\"ImageObject\",\"url\":\"https:\\\/\\\/allasorias.hu\\\/hirek\\\/wp-content\\\/uploads\\\/2018\\\/12\\\/disabled-2199122_640.jpg\",\"@id\":\"https:\\\/\\\/allasorias.hu\\\/hirek\\\/jobb-feltetelek-a-megvaltozott-munkakepesseguek-szamara\\\/#mainImage\",\"width\":640,\"height\":425},\"primaryImageOfPage\":{\"@id\":\"https:\\\/\\\/allasorias.hu\\\/hirek\\\/jobb-feltetelek-a-megvaltozott-munkakepesseguek-szamara\\\/#mainImage\"},\"datePublished\":\"2019-01-11T09:19:17+02:00\",\"dateModified\":\"2019-01-11T09:19:17+02:00\"},{\"@type\":\"WebSite\",\"@id\":\"https:\\\/\\\/allasorias.hu\\\/hirek\\\/#website\",\"url\":\"https:\\\/\\\/allasorias.hu\\\/hirek\\\/\",\"name\":\"AllasOrias.hu | H\\u00edrek-lapszemle\",\"description\":\"\\u00dczleti h\\u00edrek az \\u00e1ll\\u00e1s \\u00e9s a munka vil\\u00e1g\\u00e1b\\u00f3l\",\"inLanguage\":\"hu-HU\",\"publisher\":{\"@id\":\"https:\\\/\\\/allasorias.hu\\\/hirek\\\/#organization\"}}]}\n\t\t<\/script>\n\t\t<!-- All in One SEO -->\n\n","aioseo_head_json":{"title":"Jobb felt\u00e9telek a megv\u00e1ltozott munkak\u00e9pess\u00e9g\u0171ek sz\u00e1m\u00e1ra | AllasOrias.hu | H\u00edrek-lapszemle","description":"Janu\u00e1rt\u00f3l javulnak a megv\u00e1ltozott munkak\u00e9pess\u00e9g\u0171ek foglalkoztat\u00e1si felt\u00e9telei. Az eddigi 32 ezer helyett, t\u00f6bbsz\u00e1zezer munkav\u00e1llal\u00f3 ut\u00e1n vehet\u0151 ig\u00e9nybe a szoci\u00e1lis hozz\u00e1j\u00e1rul\u00e1si ad\u00f3kedvezm\u00e9ny. A rehabilit\u00e1ci\u00f3s hozz\u00e1j\u00e1rul\u00e1s 8 sz\u00e1zal\u00e9kos n\u00f6veked\u00e9se \u2013 szem\u00e9lyenk\u00e9nt 1 milli\u00f3 341 ezer forintra \u2013 a kor\u00e1bbin\u00e1l is er\u0151sebb \u00f6szt\u00f6nz\u00e9st jelent majd a rokkantak foglalkoztat\u00e1s\u00e1ra. 207 ezerr\u0151l 223 500 forintra emelkedett a rokkants\u00e1gi ell\u00e1t\u00e1s mellett","canonical_url":"https:\/\/allasorias.hu\/hirek\/jobb-feltetelek-a-megvaltozott-munkakepesseguek-szamara\/","robots":"max-image-preview:large","keywords":"","webmasterTools":{"miscellaneous":""},"schema":{"@context":"https:\/\/schema.org","@graph":[{"@type":"Article","@id":"https:\/\/allasorias.hu\/hirek\/jobb-feltetelek-a-megvaltozott-munkakepesseguek-szamara\/#article","name":"Jobb felt\u00e9telek a megv\u00e1ltozott munkak\u00e9pess\u00e9g\u0171ek sz\u00e1m\u00e1ra | AllasOrias.hu | H\u00edrek-lapszemle","headline":"Jobb felt\u00e9telek a  megv\u00e1ltozott munkak\u00e9pess\u00e9g\u0171ek sz\u00e1m\u00e1ra","author":{"@id":"https:\/\/allasorias.hu\/hirek\/author\/admin-allasorias\/#author"},"publisher":{"@id":"https:\/\/allasorias.hu\/hirek\/#organization"},"image":{"@type":"ImageObject","url":"https:\/\/allasorias.hu\/hirek\/wp-content\/uploads\/2018\/12\/disabled-2199122_640.jpg","width":640,"height":425},"datePublished":"2019-01-11T09:19:17+02:00","dateModified":"2019-01-11T09:19:17+02:00","inLanguage":"hu-HU","mainEntityOfPage":{"@id":"https:\/\/allasorias.hu\/hirek\/jobb-feltetelek-a-megvaltozott-munkakepesseguek-szamara\/#webpage"},"isPartOf":{"@id":"https:\/\/allasorias.hu\/hirek\/jobb-feltetelek-a-megvaltozott-munkakepesseguek-szamara\/#webpage"},"articleSection":"\u00c1ll\u00e1skeres\u00e9s, Munkaer\u0151piac"},{"@type":"BreadcrumbList","@id":"https:\/\/allasorias.hu\/hirek\/jobb-feltetelek-a-megvaltozott-munkakepesseguek-szamara\/#breadcrumblist","itemListElement":[{"@type":"ListItem","@id":"https:\/\/allasorias.hu\/hirek#listItem","position":1,"name":"Home","item":"https:\/\/allasorias.hu\/hirek","nextItem":{"@type":"ListItem","@id":"https:\/\/allasorias.hu\/hirek\/temak\/allaskereses\/#listItem","name":"\u00c1ll\u00e1skeres\u00e9s"}},{"@type":"ListItem","@id":"https:\/\/allasorias.hu\/hirek\/temak\/allaskereses\/#listItem","position":2,"name":"\u00c1ll\u00e1skeres\u00e9s","item":"https:\/\/allasorias.hu\/hirek\/temak\/allaskereses\/","nextItem":{"@type":"ListItem","@id":"https:\/\/allasorias.hu\/hirek\/jobb-feltetelek-a-megvaltozott-munkakepesseguek-szamara\/#listItem","name":"Jobb felt\u00e9telek a  megv\u00e1ltozott munkak\u00e9pess\u00e9g\u0171ek sz\u00e1m\u00e1ra"},"previousItem":{"@type":"ListItem","@id":"https:\/\/allasorias.hu\/hirek#listItem","name":"Home"}},{"@type":"ListItem","@id":"https:\/\/allasorias.hu\/hirek\/jobb-feltetelek-a-megvaltozott-munkakepesseguek-szamara\/#listItem","position":3,"name":"Jobb felt\u00e9telek a  megv\u00e1ltozott munkak\u00e9pess\u00e9g\u0171ek sz\u00e1m\u00e1ra","previousItem":{"@type":"ListItem","@id":"https:\/\/allasorias.hu\/hirek\/temak\/allaskereses\/#listItem","name":"\u00c1ll\u00e1skeres\u00e9s"}}]},{"@type":"Organization","@id":"https:\/\/allasorias.hu\/hirek\/#organization","name":"AllasOrias.hu | H\u00edrek-lapszemle","description":"\u00dczleti h\u00edrek az \u00e1ll\u00e1s \u00e9s a munka vil\u00e1g\u00e1b\u00f3l","url":"https:\/\/allasorias.hu\/hirek\/","logo":{"@type":"ImageObject","url":"https:\/\/allasorias.hu\/hirek\/wp-content\/uploads\/2022\/10\/allasorias_site_facebok_logo.png","@id":"https:\/\/allasorias.hu\/hirek\/jobb-feltetelek-a-megvaltozott-munkakepesseguek-szamara\/#organizationLogo"},"image":{"@id":"https:\/\/allasorias.hu\/hirek\/jobb-feltetelek-a-megvaltozott-munkakepesseguek-szamara\/#organizationLogo"},"sameAs":["https:\/\/www.facebook.com\/allasorias","https:\/\/www.linkedin.com\/company\/allasorias"]},{"@type":"Person","@id":"https:\/\/allasorias.hu\/hirek\/author\/admin-allasorias\/#author","url":"https:\/\/allasorias.hu\/hirek\/author\/admin-allasorias\/","name":"Juh\u00e1sz P\u00e9ter","image":{"@type":"ImageObject","@id":"https:\/\/allasorias.hu\/hirek\/jobb-feltetelek-a-megvaltozott-munkakepesseguek-szamara\/#authorImage","url":"https:\/\/secure.gravatar.com\/avatar\/36e6bcb83148978b992977cb0f54d22feb0cce8a0a849a9410532bb2623ba4c6?s=96&d=mm&r=g","width":96,"height":96,"caption":"Juh\u00e1sz P\u00e9ter"}},{"@type":"WebPage","@id":"https:\/\/allasorias.hu\/hirek\/jobb-feltetelek-a-megvaltozott-munkakepesseguek-szamara\/#webpage","url":"https:\/\/allasorias.hu\/hirek\/jobb-feltetelek-a-megvaltozott-munkakepesseguek-szamara\/","name":"Jobb felt\u00e9telek a megv\u00e1ltozott munkak\u00e9pess\u00e9g\u0171ek sz\u00e1m\u00e1ra | AllasOrias.hu | H\u00edrek-lapszemle","description":"Janu\u00e1rt\u00f3l javulnak a megv\u00e1ltozott munkak\u00e9pess\u00e9g\u0171ek foglalkoztat\u00e1si felt\u00e9telei. Az eddigi 32 ezer helyett, t\u00f6bbsz\u00e1zezer munkav\u00e1llal\u00f3 ut\u00e1n vehet\u0151 ig\u00e9nybe a szoci\u00e1lis hozz\u00e1j\u00e1rul\u00e1si ad\u00f3kedvezm\u00e9ny. A rehabilit\u00e1ci\u00f3s hozz\u00e1j\u00e1rul\u00e1s 8 sz\u00e1zal\u00e9kos n\u00f6veked\u00e9se \u2013 szem\u00e9lyenk\u00e9nt 1 milli\u00f3 341 ezer forintra \u2013 a kor\u00e1bbin\u00e1l is er\u0151sebb \u00f6szt\u00f6nz\u00e9st jelent majd a rokkantak foglalkoztat\u00e1s\u00e1ra. 207 ezerr\u0151l 223 500 forintra emelkedett a rokkants\u00e1gi ell\u00e1t\u00e1s mellett","inLanguage":"hu-HU","isPartOf":{"@id":"https:\/\/allasorias.hu\/hirek\/#website"},"breadcrumb":{"@id":"https:\/\/allasorias.hu\/hirek\/jobb-feltetelek-a-megvaltozott-munkakepesseguek-szamara\/#breadcrumblist"},"author":{"@id":"https:\/\/allasorias.hu\/hirek\/author\/admin-allasorias\/#author"},"creator":{"@id":"https:\/\/allasorias.hu\/hirek\/author\/admin-allasorias\/#author"},"image":{"@type":"ImageObject","url":"https:\/\/allasorias.hu\/hirek\/wp-content\/uploads\/2018\/12\/disabled-2199122_640.jpg","@id":"https:\/\/allasorias.hu\/hirek\/jobb-feltetelek-a-megvaltozott-munkakepesseguek-szamara\/#mainImage","width":640,"height":425},"primaryImageOfPage":{"@id":"https:\/\/allasorias.hu\/hirek\/jobb-feltetelek-a-megvaltozott-munkakepesseguek-szamara\/#mainImage"},"datePublished":"2019-01-11T09:19:17+02:00","dateModified":"2019-01-11T09:19:17+02:00"},{"@type":"WebSite","@id":"https:\/\/allasorias.hu\/hirek\/#website","url":"https:\/\/allasorias.hu\/hirek\/","name":"AllasOrias.hu | H\u00edrek-lapszemle","description":"\u00dczleti h\u00edrek az \u00e1ll\u00e1s \u00e9s a munka vil\u00e1g\u00e1b\u00f3l","inLanguage":"hu-HU","publisher":{"@id":"https:\/\/allasorias.hu\/hirek\/#organization"}}]},"og:locale":"hu_HU","og:site_name":"AllasOrias.hu | H\u00edrek-lapszemle | \u00dczleti h\u00edrek az \u00e1ll\u00e1s \u00e9s a munka vil\u00e1g\u00e1b\u00f3l","og:type":"article","og:title":"Jobb felt\u00e9telek a megv\u00e1ltozott munkak\u00e9pess\u00e9g\u0171ek sz\u00e1m\u00e1ra | AllasOrias.hu | H\u00edrek-lapszemle","og:description":"Janu\u00e1rt\u00f3l javulnak a megv\u00e1ltozott munkak\u00e9pess\u00e9g\u0171ek foglalkoztat\u00e1si felt\u00e9telei. Az eddigi 32 ezer helyett, t\u00f6bbsz\u00e1zezer munkav\u00e1llal\u00f3 ut\u00e1n vehet\u0151 ig\u00e9nybe a szoci\u00e1lis hozz\u00e1j\u00e1rul\u00e1si ad\u00f3kedvezm\u00e9ny. A rehabilit\u00e1ci\u00f3s hozz\u00e1j\u00e1rul\u00e1s 8 sz\u00e1zal\u00e9kos n\u00f6veked\u00e9se \u2013 szem\u00e9lyenk\u00e9nt 1 milli\u00f3 341 ezer forintra \u2013 a kor\u00e1bbin\u00e1l is er\u0151sebb \u00f6szt\u00f6nz\u00e9st jelent majd a rokkantak foglalkoztat\u00e1s\u00e1ra. 207 ezerr\u0151l 223 500 forintra emelkedett a rokkants\u00e1gi ell\u00e1t\u00e1s mellett","og:url":"https:\/\/allasorias.hu\/hirek\/jobb-feltetelek-a-megvaltozott-munkakepesseguek-szamara\/","og:image":"https:\/\/allasorias.hu\/hirek\/wp-content\/uploads\/2018\/12\/disabled-2199122_640.jpg","og:image:secure_url":"https:\/\/allasorias.hu\/hirek\/wp-content\/uploads\/2018\/12\/disabled-2199122_640.jpg","og:image:width":640,"og:image:height":425,"article:published_time":"2019-01-11T09:19:17+00:00","article:modified_time":"2019-01-11T09:19:17+00:00","article:publisher":"https:\/\/www.facebook.com\/allasorias","twitter:card":"summary_large_image","twitter:title":"Jobb felt\u00e9telek a megv\u00e1ltozott munkak\u00e9pess\u00e9g\u0171ek sz\u00e1m\u00e1ra | AllasOrias.hu | H\u00edrek-lapszemle","twitter:description":"Janu\u00e1rt\u00f3l javulnak a megv\u00e1ltozott munkak\u00e9pess\u00e9g\u0171ek foglalkoztat\u00e1si felt\u00e9telei. Az eddigi 32 ezer helyett, t\u00f6bbsz\u00e1zezer munkav\u00e1llal\u00f3 ut\u00e1n vehet\u0151 ig\u00e9nybe a szoci\u00e1lis hozz\u00e1j\u00e1rul\u00e1si ad\u00f3kedvezm\u00e9ny. A rehabilit\u00e1ci\u00f3s hozz\u00e1j\u00e1rul\u00e1s 8 sz\u00e1zal\u00e9kos n\u00f6veked\u00e9se \u2013 szem\u00e9lyenk\u00e9nt 1 milli\u00f3 341 ezer forintra \u2013 a kor\u00e1bbin\u00e1l is er\u0151sebb \u00f6szt\u00f6nz\u00e9st jelent majd a rokkantak foglalkoztat\u00e1s\u00e1ra. 207 ezerr\u0151l 223 500 forintra emelkedett a rokkants\u00e1gi ell\u00e1t\u00e1s mellett","twitter:image":"https:\/\/allasorias.hu\/hirek\/wp-content\/uploads\/2018\/12\/disabled-2199122_640.jpg","twitter:label1":"Written by","twitter:data1":"Juh\u00e1sz P\u00e9ter","twitter:label2":"Est. reading time","twitter:data2":"3 minutes"},"aioseo_meta_data":{"post_id":"2410","title":null,"description":null,"keywords":null,"keyphrases":null,"primary_term":null,"canonical_url":null,"og_title":null,"og_description":null,"og_object_type":"default","og_image_type":"default","og_image_url":null,"og_image_width":null,"og_image_height":null,"og_image_custom_url":null,"og_image_custom_fields":null,"og_video":null,"og_custom_url":null,"og_article_section":null,"og_article_tags":null,"twitter_use_og":false,"twitter_card":"default","twitter_image_type":"default","twitter_image_url":null,"twitter_image_custom_url":null,"twitter_image_custom_fields":null,"twitter_title":null,"twitter_description":null,"schema":{"blockGraphs":[],"customGraphs":[],"default":{"data":{"Article":[],"Course":[],"Dataset":[],"FAQPage":[],"Movie":[],"Person":[],"Product":[],"ProductReview":[],"Car":[],"Recipe":[],"Service":[],"SoftwareApplication":[],"WebPage":[]},"graphName":"","isEnabled":true},"graphs":[]},"schema_type":null,"schema_type_options":null,"pillar_content":false,"robots_default":true,"robots_noindex":false,"robots_noarchive":false,"robots_nosnippet":false,"robots_nofollow":false,"robots_noimageindex":false,"robots_noodp":false,"robots_notranslate":false,"robots_max_snippet":null,"robots_max_videopreview":null,"robots_max_imagepreview":"large","priority":null,"frequency":null,"location":null,"local_seo":null,"breadcrumb_settings":null,"limit_modified_date":false,"ai":null,"created":"2021-02-01 20:46:01","updated":"2025-10-02 09:48:35","seo_analyzer_scan_date":null,"focus_keyword":null,"additional_keywords":null,"truseo_locale":null},"aioseo_breadcrumb":"<div class=\"aioseo-breadcrumbs\"><span class=\"aioseo-breadcrumb\">\n\t\t\t<a href=\"https:\/\/allasorias.hu\/hirek\" title=\"Home\">Home<\/a>\n\t\t<\/span><span class=\"aioseo-breadcrumb-separator\">&raquo;<\/span><span class=\"aioseo-breadcrumb\">\n\t\t\t<a href=\"https:\/\/allasorias.hu\/hirek\/temak\/allaskereses\/\" title=\"\u00c1ll\u00e1skeres\u00e9s\">\u00c1ll\u00e1skeres\u00e9s<\/a>\n\t\t<\/span><span class=\"aioseo-breadcrumb-separator\">&raquo;<\/span><span class=\"aioseo-breadcrumb\">\n\t\t\tJobb felt\u00e9telek a  megv\u00e1ltozott munkak\u00e9pess\u00e9g\u0171ek sz\u00e1m\u00e1ra\n\t\t<\/span><\/div>","aioseo_breadcrumb_json":[{"label":"Home","link":"https:\/\/allasorias.hu\/hirek"},{"label":"\u00c1ll\u00e1skeres\u00e9s","link":"https:\/\/allasorias.hu\/hirek\/temak\/allaskereses\/"},{"label":"Jobb felt\u00e9telek a  megv\u00e1ltozott munkak\u00e9pess\u00e9g\u0171ek sz\u00e1m\u00e1ra","link":"https:\/\/allasorias.hu\/hirek\/jobb-feltetelek-a-megvaltozott-munkakepesseguek-szamara\/"}],"_links":{"self":[{"href":"https:\/\/allasorias.hu\/hirek\/wp-json\/wp\/v2\/posts\/2410","targetHints":{"allow":["GET"]}}],"collection":[{"href":"https:\/\/allasorias.hu\/hirek\/wp-json\/wp\/v2\/posts"}],"about":[{"href":"https:\/\/allasorias.hu\/hirek\/wp-json\/wp\/v2\/types\/post"}],"author":[{"embeddable":true,"href":"https:\/\/allasorias.hu\/hirek\/wp-json\/wp\/v2\/users\/1"}],"replies":[{"embeddable":true,"href":"https:\/\/allasorias.hu\/hirek\/wp-json\/wp\/v2\/comments?post=2410"}],"version-history":[{"count":1,"href":"https:\/\/allasorias.hu\/hirek\/wp-json\/wp\/v2\/posts\/2410\/revisions"}],"predecessor-version":[{"id":2411,"href":"https:\/\/allasorias.hu\/hirek\/wp-json\/wp\/v2\/posts\/2410\/revisions\/2411"}],"wp:featuredmedia":[{"embeddable":true,"href":"https:\/\/allasorias.hu\/hirek\/wp-json\/wp\/v2\/media\/2263"}],"wp:attachment":[{"href":"https:\/\/allasorias.hu\/hirek\/wp-json\/wp\/v2\/media?parent=2410"}],"wp:term":[{"taxonomy":"category","embeddable":true,"href":"https:\/\/allasorias.hu\/hirek\/wp-json\/wp\/v2\/categories?post=2410"},{"taxonomy":"post_tag","embeddable":true,"href":"https:\/\/allasorias.hu\/hirek\/wp-json\/wp\/v2\/tags?post=2410"}],"curies":[{"name":"wp","href":"https:\/\/api.w.org\/{rel}","templated":true}]}}