{"id":2407,"date":"2019-01-10T10:23:57","date_gmt":"2019-01-10T10:23:57","guid":{"rendered":"https:\/\/allasorias.hu\/hirek\/?p=2407"},"modified":"2019-01-10T10:23:57","modified_gmt":"2019-01-10T10:23:57","slug":"intenziven-keresik-a-munkavallalokat","status":"publish","type":"post","link":"https:\/\/allasorias.hu\/hirek\/intenziven-keresik-a-munkavallalokat\/","title":{"rendered":"Intenz\u00edven keresik a munkav\u00e1llal\u00f3kat"},"content":{"rendered":"<p><strong>Az \u00fczletl\u00e1ncok weboldalai tele vannak \u00e1ll\u00e1shirdet\u00e9sekkel, pedig az eddigi tapasztalatok azt mutatt\u00e1k, janu\u00e1rban, febru\u00e1rban\u00a0 pang a munkaer\u0151piac ezen a ter\u00fcleten. A kiskereskedelemben a<\/strong> <strong>boltosok keresik a munkaer\u0151t, bolti elad\u00f3kat, p\u00e9nzt\u00e1rosokat, \u00e1rufelt\u00f6lt\u0151ket, rakt\u00e1rosokat.<\/strong><\/p>\n<p>A legnagyobb \u00fczletl\u00e1ncok honlapjait n\u00e9zve most ugyan kevesebb a meghirdetett \u00e1ll\u00e1shelyek sz\u00e1ma, de ez csak annak k\u00f6sz\u00f6nhet\u0151, hogy m\u00e9g csak \u00e9v eleje van &#8211; \u00edrja friss \u00f6ssze\u00e1ll\u00edt\u00e1s\u00e1ban a blokkk.com. A hat legnagyobb \u00fczletl\u00e1nc \u00e1ll\u00e1shirdet\u00e9sei szerint a meghirdetett helyek sz\u00e1ma hozz\u00e1vet\u0151leg fele a n\u00e9h\u00e1ny h\u00f3nappal ezel\u0151ttinek &#8211; azonban az \u00e9v eleji forgalom a legkisebb, a janu\u00e1r \u00e9s a febru\u00e1r az \u00e9v k\u00e9t leggyeng\u00e9bb h\u00f3napja, m\u00e9gis m\u00e9g most is l\u00e1zasan keresnek bolti dolgoz\u00f3kat. A legnagyobb elad\u00f3keres\u00e9si l\u00e1z az orsz\u00e1g k\u00f6zep\u00e9n tombol, a meghirdetett \u00e1ll\u00e1shelyek 60%-a budapesti \u00e9s Pest megyei. Fesz\u00fclts\u00e9get jelent a boltos munkaer\u0151piacon is, hogy a nyugati orsz\u00e1gr\u00e9szben sem k\u00f6nny\u0171, s\u0151t egyes megl\u00e1t\u00e1sok szerint sz\u00e1mos esetben lehetetlen munkav\u00e1llal\u00f3t tal\u00e1lni, ugyanakkor a keleti t\u00e9rs\u00e9gben ez kisebb fesz\u00fclts\u00e9get jelent. S\u0151t, egyes nagy\u00e1ruh\u00e1zak a keleti orsz\u00e1gr\u00e9szben nem is hirdetnek \u00e1ll\u00e1shelyeket, mert jelenleg bet\u00f6lt\u00f6tt minden poz\u00edci\u00f3juk. De h\u00e1t ez v\u00e1ltozhat b\u00e1rmikor, mint kor\u00e1bban &#8211; \u00edrja a port\u00e1l. El\u0151rel\u00e1that\u00f3an az els\u0151 nagy keresked\u00e9si hull\u00e1mot, a h\u00fasv\u00e9ti bev\u00e1s\u00e1rl\u00e1sokat megel\u0151z\u0151en elindul majd az elad\u00f3keres\u00e9s \u00fajabb, nagyobb hull\u00e1ma.<\/p>\n<p><em>Forr\u00e1s: privatbankar.hu<\/em><\/p>\n","protected":false},"excerpt":{"rendered":"<p>Az \u00fczletl\u00e1ncok weboldalai tele vannak \u00e1ll\u00e1shirdet\u00e9sekkel, pedig az eddigi tapasztalatok azt mutatt\u00e1k, janu\u00e1rban, febru\u00e1rban\u00a0 pang a munkaer\u0151piac ezen a ter\u00fcleten. A kiskereskedelemben a boltosok keresik a munkaer\u0151t, bolti elad\u00f3kat, p\u00e9nzt\u00e1rosokat, \u00e1rufelt\u00f6lt\u0151ket, rakt\u00e1rosokat. A legnagyobb \u00fczletl\u00e1ncok honlapjait n\u00e9zve most ugyan kevesebb a meghirdetett \u00e1ll\u00e1shelyek sz\u00e1ma, de ez csak annak k\u00f6sz\u00f6nhet\u0151, hogy m\u00e9g csak \u00e9v eleje van [&hellip;]<\/p>\n","protected":false},"author":1,"featured_media":2408,"comment_status":"open","ping_status":"open","sticky":false,"template":"","format":"standard","meta":{"_monsterinsights_skip_tracking":false,"footnotes":""},"categories":[1,203,200],"tags":[],"class_list":["post-2407","post","type-post","status-publish","format-standard","has-post-thumbnail","hentry","category-allaskereses","category-hianyszakmak","category-munkaeropiac"],"aioseo_notices":[],"aioseo_head":"\n\t\t<!-- All in One SEO 5.0.0.1 - aioseo.com -->\n\t<meta name=\"description\" content=\"Az \u00fczletl\u00e1ncok weboldalai tele vannak \u00e1ll\u00e1shirdet\u00e9sekkel, pedig az eddigi tapasztalatok azt mutatt\u00e1k, janu\u00e1rban, febru\u00e1rban pang a munkaer\u0151piac ezen a ter\u00fcleten. A kiskereskedelemben a boltosok keresik a munkaer\u0151t, bolti elad\u00f3kat, p\u00e9nzt\u00e1rosokat, \u00e1rufelt\u00f6lt\u0151ket, rakt\u00e1rosokat. A legnagyobb \u00fczletl\u00e1ncok honlapjait n\u00e9zve most ugyan kevesebb a meghirdetett \u00e1ll\u00e1shelyek sz\u00e1ma, de ez csak annak k\u00f6sz\u00f6nhet\u0151, hogy m\u00e9g csak \u00e9v eleje van\" \/>\n\t<meta name=\"robots\" content=\"max-image-preview:large\" \/>\n\t<meta name=\"author\" content=\"Juh\u00e1sz P\u00e9ter\"\/>\n\t<link rel=\"canonical\" href=\"https:\/\/allasorias.hu\/hirek\/intenziven-keresik-a-munkavallalokat\/\" \/>\n\t<meta name=\"generator\" content=\"All in One SEO (AIOSEO) 5.0.0.1\" \/>\n\t\t<meta property=\"og:locale\" content=\"hu_HU\" \/>\n\t\t<meta property=\"og:site_name\" content=\"AllasOrias.hu | H\u00edrek-lapszemle | \u00dczleti h\u00edrek az \u00e1ll\u00e1s \u00e9s a munka vil\u00e1g\u00e1b\u00f3l\" \/>\n\t\t<meta property=\"og:type\" content=\"article\" \/>\n\t\t<meta property=\"og:title\" content=\"Intenz\u00edven keresik a munkav\u00e1llal\u00f3kat | AllasOrias.hu | H\u00edrek-lapszemle\" \/>\n\t\t<meta property=\"og:description\" content=\"Az \u00fczletl\u00e1ncok weboldalai tele vannak \u00e1ll\u00e1shirdet\u00e9sekkel, pedig az eddigi tapasztalatok azt mutatt\u00e1k, janu\u00e1rban, febru\u00e1rban pang a munkaer\u0151piac ezen a ter\u00fcleten. A kiskereskedelemben a boltosok keresik a munkaer\u0151t, bolti elad\u00f3kat, p\u00e9nzt\u00e1rosokat, \u00e1rufelt\u00f6lt\u0151ket, rakt\u00e1rosokat. A legnagyobb \u00fczletl\u00e1ncok honlapjait n\u00e9zve most ugyan kevesebb a meghirdetett \u00e1ll\u00e1shelyek sz\u00e1ma, de ez csak annak k\u00f6sz\u00f6nhet\u0151, hogy m\u00e9g csak \u00e9v eleje van\" \/>\n\t\t<meta property=\"og:url\" content=\"https:\/\/allasorias.hu\/hirek\/intenziven-keresik-a-munkavallalokat\/\" \/>\n\t\t<meta property=\"og:image\" content=\"https:\/\/allasorias.hu\/hirek\/wp-content\/uploads\/2019\/01\/ThinkstockPhotos-498016694.jpg\" \/>\n\t\t<meta property=\"og:image:secure_url\" content=\"https:\/\/allasorias.hu\/hirek\/wp-content\/uploads\/2019\/01\/ThinkstockPhotos-498016694.jpg\" \/>\n\t\t<meta property=\"og:image:width\" content=\"800\" \/>\n\t\t<meta property=\"og:image:height\" content=\"534\" \/>\n\t\t<meta property=\"article:published_time\" content=\"2019-01-10T10:23:57+00:00\" \/>\n\t\t<meta property=\"article:modified_time\" content=\"2019-01-10T10:23:57+00:00\" \/>\n\t\t<meta property=\"article:publisher\" content=\"https:\/\/www.facebook.com\/allasorias\" \/>\n\t\t<meta name=\"twitter:card\" content=\"summary_large_image\" \/>\n\t\t<meta name=\"twitter:title\" content=\"Intenz\u00edven keresik a munkav\u00e1llal\u00f3kat | AllasOrias.hu | H\u00edrek-lapszemle\" \/>\n\t\t<meta name=\"twitter:description\" content=\"Az \u00fczletl\u00e1ncok weboldalai tele vannak \u00e1ll\u00e1shirdet\u00e9sekkel, pedig az eddigi tapasztalatok azt mutatt\u00e1k, janu\u00e1rban, febru\u00e1rban pang a munkaer\u0151piac ezen a ter\u00fcleten. A kiskereskedelemben a boltosok keresik a munkaer\u0151t, bolti elad\u00f3kat, p\u00e9nzt\u00e1rosokat, \u00e1rufelt\u00f6lt\u0151ket, rakt\u00e1rosokat. A legnagyobb \u00fczletl\u00e1ncok honlapjait n\u00e9zve most ugyan kevesebb a meghirdetett \u00e1ll\u00e1shelyek sz\u00e1ma, de ez csak annak k\u00f6sz\u00f6nhet\u0151, hogy m\u00e9g csak \u00e9v eleje van\" \/>\n\t\t<meta name=\"twitter:image\" content=\"https:\/\/allasorias.hu\/hirek\/wp-content\/uploads\/2019\/01\/ThinkstockPhotos-498016694.jpg\" \/>\n\t\t<meta name=\"twitter:label1\" content=\"Written by\" \/>\n\t\t<meta name=\"twitter:data1\" content=\"Juh\u00e1sz P\u00e9ter\" \/>\n\t\t<meta name=\"twitter:label2\" content=\"Est. reading time\" \/>\n\t\t<meta name=\"twitter:data2\" content=\"1 minute\" \/>\n\t\t<script type=\"application\/ld+json\" class=\"aioseo-schema\">\n\t\t\t{\"@context\":\"https:\\\/\\\/schema.org\",\"@graph\":[{\"@type\":\"Article\",\"@id\":\"https:\\\/\\\/allasorias.hu\\\/hirek\\\/intenziven-keresik-a-munkavallalokat\\\/#article\",\"name\":\"Intenz\\u00edven keresik a munkav\\u00e1llal\\u00f3kat | AllasOrias.hu | H\\u00edrek-lapszemle\",\"headline\":\"Intenz\\u00edven keresik a munkav\\u00e1llal\\u00f3kat\",\"author\":{\"@id\":\"https:\\\/\\\/allasorias.hu\\\/hirek\\\/author\\\/admin-allasorias\\\/#author\"},\"publisher\":{\"@id\":\"https:\\\/\\\/allasorias.hu\\\/hirek\\\/#organization\"},\"image\":{\"@type\":\"ImageObject\",\"url\":\"https:\\\/\\\/allasorias.hu\\\/hirek\\\/wp-content\\\/uploads\\\/2019\\\/01\\\/ThinkstockPhotos-498016694.jpg\",\"width\":800,\"height\":534,\"caption\":\"Portrait of a young sales clerk in a market store\"},\"datePublished\":\"2019-01-10T10:23:57+02:00\",\"dateModified\":\"2019-01-10T10:23:57+02:00\",\"inLanguage\":\"hu-HU\",\"mainEntityOfPage\":{\"@id\":\"https:\\\/\\\/allasorias.hu\\\/hirek\\\/intenziven-keresik-a-munkavallalokat\\\/#webpage\"},\"isPartOf\":{\"@id\":\"https:\\\/\\\/allasorias.hu\\\/hirek\\\/intenziven-keresik-a-munkavallalokat\\\/#webpage\"},\"articleSection\":\"\\u00c1ll\\u00e1skeres\\u00e9s, Hi\\u00e1nyszakm\\u00e1k, Munkaer\\u0151piac\"},{\"@type\":\"BreadcrumbList\",\"@id\":\"https:\\\/\\\/allasorias.hu\\\/hirek\\\/intenziven-keresik-a-munkavallalokat\\\/#breadcrumblist\",\"itemListElement\":[{\"@type\":\"ListItem\",\"@id\":\"https:\\\/\\\/allasorias.hu\\\/hirek#listItem\",\"position\":1,\"name\":\"Home\",\"item\":\"https:\\\/\\\/allasorias.hu\\\/hirek\",\"nextItem\":{\"@type\":\"ListItem\",\"@id\":\"https:\\\/\\\/allasorias.hu\\\/hirek\\\/temak\\\/allaskereses\\\/#listItem\",\"name\":\"\\u00c1ll\\u00e1skeres\\u00e9s\"}},{\"@type\":\"ListItem\",\"@id\":\"https:\\\/\\\/allasorias.hu\\\/hirek\\\/temak\\\/allaskereses\\\/#listItem\",\"position\":2,\"name\":\"\\u00c1ll\\u00e1skeres\\u00e9s\",\"item\":\"https:\\\/\\\/allasorias.hu\\\/hirek\\\/temak\\\/allaskereses\\\/\",\"nextItem\":{\"@type\":\"ListItem\",\"@id\":\"https:\\\/\\\/allasorias.hu\\\/hirek\\\/intenziven-keresik-a-munkavallalokat\\\/#listItem\",\"name\":\"Intenz\\u00edven keresik a munkav\\u00e1llal\\u00f3kat\"},\"previousItem\":{\"@type\":\"ListItem\",\"@id\":\"https:\\\/\\\/allasorias.hu\\\/hirek#listItem\",\"name\":\"Home\"}},{\"@type\":\"ListItem\",\"@id\":\"https:\\\/\\\/allasorias.hu\\\/hirek\\\/intenziven-keresik-a-munkavallalokat\\\/#listItem\",\"position\":3,\"name\":\"Intenz\\u00edven keresik a munkav\\u00e1llal\\u00f3kat\",\"previousItem\":{\"@type\":\"ListItem\",\"@id\":\"https:\\\/\\\/allasorias.hu\\\/hirek\\\/temak\\\/allaskereses\\\/#listItem\",\"name\":\"\\u00c1ll\\u00e1skeres\\u00e9s\"}}]},{\"@type\":\"Organization\",\"@id\":\"https:\\\/\\\/allasorias.hu\\\/hirek\\\/#organization\",\"name\":\"AllasOrias.hu | H\\u00edrek-lapszemle\",\"description\":\"\\u00dczleti h\\u00edrek az \\u00e1ll\\u00e1s \\u00e9s a munka vil\\u00e1g\\u00e1b\\u00f3l\",\"url\":\"https:\\\/\\\/allasorias.hu\\\/hirek\\\/\",\"logo\":{\"@type\":\"ImageObject\",\"url\":\"https:\\\/\\\/allasorias.hu\\\/hirek\\\/wp-content\\\/uploads\\\/2022\\\/10\\\/allasorias_site_facebok_logo.png\",\"@id\":\"https:\\\/\\\/allasorias.hu\\\/hirek\\\/intenziven-keresik-a-munkavallalokat\\\/#organizationLogo\"},\"image\":{\"@id\":\"https:\\\/\\\/allasorias.hu\\\/hirek\\\/intenziven-keresik-a-munkavallalokat\\\/#organizationLogo\"},\"sameAs\":[\"https:\\\/\\\/www.facebook.com\\\/allasorias\",\"https:\\\/\\\/www.linkedin.com\\\/company\\\/allasorias\"]},{\"@type\":\"Person\",\"@id\":\"https:\\\/\\\/allasorias.hu\\\/hirek\\\/author\\\/admin-allasorias\\\/#author\",\"url\":\"https:\\\/\\\/allasorias.hu\\\/hirek\\\/author\\\/admin-allasorias\\\/\",\"name\":\"Juh\\u00e1sz P\\u00e9ter\",\"image\":{\"@type\":\"ImageObject\",\"@id\":\"https:\\\/\\\/allasorias.hu\\\/hirek\\\/intenziven-keresik-a-munkavallalokat\\\/#authorImage\",\"url\":\"https:\\\/\\\/secure.gravatar.com\\\/avatar\\\/36e6bcb83148978b992977cb0f54d22feb0cce8a0a849a9410532bb2623ba4c6?s=96&d=mm&r=g\",\"width\":96,\"height\":96,\"caption\":\"Juh\\u00e1sz P\\u00e9ter\"}},{\"@type\":\"WebPage\",\"@id\":\"https:\\\/\\\/allasorias.hu\\\/hirek\\\/intenziven-keresik-a-munkavallalokat\\\/#webpage\",\"url\":\"https:\\\/\\\/allasorias.hu\\\/hirek\\\/intenziven-keresik-a-munkavallalokat\\\/\",\"name\":\"Intenz\\u00edven keresik a munkav\\u00e1llal\\u00f3kat | AllasOrias.hu | H\\u00edrek-lapszemle\",\"description\":\"Az \\u00fczletl\\u00e1ncok weboldalai tele vannak \\u00e1ll\\u00e1shirdet\\u00e9sekkel, pedig az eddigi tapasztalatok azt mutatt\\u00e1k, janu\\u00e1rban, febru\\u00e1rban pang a munkaer\\u0151piac ezen a ter\\u00fcleten. A kiskereskedelemben a boltosok keresik a munkaer\\u0151t, bolti elad\\u00f3kat, p\\u00e9nzt\\u00e1rosokat, \\u00e1rufelt\\u00f6lt\\u0151ket, rakt\\u00e1rosokat. A legnagyobb \\u00fczletl\\u00e1ncok honlapjait n\\u00e9zve most ugyan kevesebb a meghirdetett \\u00e1ll\\u00e1shelyek sz\\u00e1ma, de ez csak annak k\\u00f6sz\\u00f6nhet\\u0151, hogy m\\u00e9g csak \\u00e9v eleje van\",\"inLanguage\":\"hu-HU\",\"isPartOf\":{\"@id\":\"https:\\\/\\\/allasorias.hu\\\/hirek\\\/#website\"},\"breadcrumb\":{\"@id\":\"https:\\\/\\\/allasorias.hu\\\/hirek\\\/intenziven-keresik-a-munkavallalokat\\\/#breadcrumblist\"},\"author\":{\"@id\":\"https:\\\/\\\/allasorias.hu\\\/hirek\\\/author\\\/admin-allasorias\\\/#author\"},\"creator\":{\"@id\":\"https:\\\/\\\/allasorias.hu\\\/hirek\\\/author\\\/admin-allasorias\\\/#author\"},\"image\":{\"@type\":\"ImageObject\",\"url\":\"https:\\\/\\\/allasorias.hu\\\/hirek\\\/wp-content\\\/uploads\\\/2019\\\/01\\\/ThinkstockPhotos-498016694.jpg\",\"@id\":\"https:\\\/\\\/allasorias.hu\\\/hirek\\\/intenziven-keresik-a-munkavallalokat\\\/#mainImage\",\"width\":800,\"height\":534,\"caption\":\"Portrait of a young sales clerk in a market store\"},\"primaryImageOfPage\":{\"@id\":\"https:\\\/\\\/allasorias.hu\\\/hirek\\\/intenziven-keresik-a-munkavallalokat\\\/#mainImage\"},\"datePublished\":\"2019-01-10T10:23:57+02:00\",\"dateModified\":\"2019-01-10T10:23:57+02:00\"},{\"@type\":\"WebSite\",\"@id\":\"https:\\\/\\\/allasorias.hu\\\/hirek\\\/#website\",\"url\":\"https:\\\/\\\/allasorias.hu\\\/hirek\\\/\",\"name\":\"AllasOrias.hu | H\\u00edrek-lapszemle\",\"description\":\"\\u00dczleti h\\u00edrek az \\u00e1ll\\u00e1s \\u00e9s a munka vil\\u00e1g\\u00e1b\\u00f3l\",\"inLanguage\":\"hu-HU\",\"publisher\":{\"@id\":\"https:\\\/\\\/allasorias.hu\\\/hirek\\\/#organization\"}}]}\n\t\t<\/script>\n\t\t<!-- All in One SEO -->\n\n","aioseo_head_json":{"title":"Intenz\u00edven keresik a munkav\u00e1llal\u00f3kat | AllasOrias.hu | H\u00edrek-lapszemle","description":"Az \u00fczletl\u00e1ncok weboldalai tele vannak \u00e1ll\u00e1shirdet\u00e9sekkel, pedig az eddigi tapasztalatok azt mutatt\u00e1k, janu\u00e1rban, febru\u00e1rban pang a munkaer\u0151piac ezen a ter\u00fcleten. A kiskereskedelemben a boltosok keresik a munkaer\u0151t, bolti elad\u00f3kat, p\u00e9nzt\u00e1rosokat, \u00e1rufelt\u00f6lt\u0151ket, rakt\u00e1rosokat. A legnagyobb \u00fczletl\u00e1ncok honlapjait n\u00e9zve most ugyan kevesebb a meghirdetett \u00e1ll\u00e1shelyek sz\u00e1ma, de ez csak annak k\u00f6sz\u00f6nhet\u0151, hogy m\u00e9g csak \u00e9v eleje van","canonical_url":"https:\/\/allasorias.hu\/hirek\/intenziven-keresik-a-munkavallalokat\/","robots":"max-image-preview:large","keywords":"","webmasterTools":{"miscellaneous":""},"schema":{"@context":"https:\/\/schema.org","@graph":[{"@type":"Article","@id":"https:\/\/allasorias.hu\/hirek\/intenziven-keresik-a-munkavallalokat\/#article","name":"Intenz\u00edven keresik a munkav\u00e1llal\u00f3kat | AllasOrias.hu | H\u00edrek-lapszemle","headline":"Intenz\u00edven keresik a munkav\u00e1llal\u00f3kat","author":{"@id":"https:\/\/allasorias.hu\/hirek\/author\/admin-allasorias\/#author"},"publisher":{"@id":"https:\/\/allasorias.hu\/hirek\/#organization"},"image":{"@type":"ImageObject","url":"https:\/\/allasorias.hu\/hirek\/wp-content\/uploads\/2019\/01\/ThinkstockPhotos-498016694.jpg","width":800,"height":534,"caption":"Portrait of a young sales clerk in a market store"},"datePublished":"2019-01-10T10:23:57+02:00","dateModified":"2019-01-10T10:23:57+02:00","inLanguage":"hu-HU","mainEntityOfPage":{"@id":"https:\/\/allasorias.hu\/hirek\/intenziven-keresik-a-munkavallalokat\/#webpage"},"isPartOf":{"@id":"https:\/\/allasorias.hu\/hirek\/intenziven-keresik-a-munkavallalokat\/#webpage"},"articleSection":"\u00c1ll\u00e1skeres\u00e9s, Hi\u00e1nyszakm\u00e1k, Munkaer\u0151piac"},{"@type":"BreadcrumbList","@id":"https:\/\/allasorias.hu\/hirek\/intenziven-keresik-a-munkavallalokat\/#breadcrumblist","itemListElement":[{"@type":"ListItem","@id":"https:\/\/allasorias.hu\/hirek#listItem","position":1,"name":"Home","item":"https:\/\/allasorias.hu\/hirek","nextItem":{"@type":"ListItem","@id":"https:\/\/allasorias.hu\/hirek\/temak\/allaskereses\/#listItem","name":"\u00c1ll\u00e1skeres\u00e9s"}},{"@type":"ListItem","@id":"https:\/\/allasorias.hu\/hirek\/temak\/allaskereses\/#listItem","position":2,"name":"\u00c1ll\u00e1skeres\u00e9s","item":"https:\/\/allasorias.hu\/hirek\/temak\/allaskereses\/","nextItem":{"@type":"ListItem","@id":"https:\/\/allasorias.hu\/hirek\/intenziven-keresik-a-munkavallalokat\/#listItem","name":"Intenz\u00edven keresik a munkav\u00e1llal\u00f3kat"},"previousItem":{"@type":"ListItem","@id":"https:\/\/allasorias.hu\/hirek#listItem","name":"Home"}},{"@type":"ListItem","@id":"https:\/\/allasorias.hu\/hirek\/intenziven-keresik-a-munkavallalokat\/#listItem","position":3,"name":"Intenz\u00edven keresik a munkav\u00e1llal\u00f3kat","previousItem":{"@type":"ListItem","@id":"https:\/\/allasorias.hu\/hirek\/temak\/allaskereses\/#listItem","name":"\u00c1ll\u00e1skeres\u00e9s"}}]},{"@type":"Organization","@id":"https:\/\/allasorias.hu\/hirek\/#organization","name":"AllasOrias.hu | H\u00edrek-lapszemle","description":"\u00dczleti h\u00edrek az \u00e1ll\u00e1s \u00e9s a munka vil\u00e1g\u00e1b\u00f3l","url":"https:\/\/allasorias.hu\/hirek\/","logo":{"@type":"ImageObject","url":"https:\/\/allasorias.hu\/hirek\/wp-content\/uploads\/2022\/10\/allasorias_site_facebok_logo.png","@id":"https:\/\/allasorias.hu\/hirek\/intenziven-keresik-a-munkavallalokat\/#organizationLogo"},"image":{"@id":"https:\/\/allasorias.hu\/hirek\/intenziven-keresik-a-munkavallalokat\/#organizationLogo"},"sameAs":["https:\/\/www.facebook.com\/allasorias","https:\/\/www.linkedin.com\/company\/allasorias"]},{"@type":"Person","@id":"https:\/\/allasorias.hu\/hirek\/author\/admin-allasorias\/#author","url":"https:\/\/allasorias.hu\/hirek\/author\/admin-allasorias\/","name":"Juh\u00e1sz P\u00e9ter","image":{"@type":"ImageObject","@id":"https:\/\/allasorias.hu\/hirek\/intenziven-keresik-a-munkavallalokat\/#authorImage","url":"https:\/\/secure.gravatar.com\/avatar\/36e6bcb83148978b992977cb0f54d22feb0cce8a0a849a9410532bb2623ba4c6?s=96&d=mm&r=g","width":96,"height":96,"caption":"Juh\u00e1sz P\u00e9ter"}},{"@type":"WebPage","@id":"https:\/\/allasorias.hu\/hirek\/intenziven-keresik-a-munkavallalokat\/#webpage","url":"https:\/\/allasorias.hu\/hirek\/intenziven-keresik-a-munkavallalokat\/","name":"Intenz\u00edven keresik a munkav\u00e1llal\u00f3kat | AllasOrias.hu | H\u00edrek-lapszemle","description":"Az \u00fczletl\u00e1ncok weboldalai tele vannak \u00e1ll\u00e1shirdet\u00e9sekkel, pedig az eddigi tapasztalatok azt mutatt\u00e1k, janu\u00e1rban, febru\u00e1rban pang a munkaer\u0151piac ezen a ter\u00fcleten. A kiskereskedelemben a boltosok keresik a munkaer\u0151t, bolti elad\u00f3kat, p\u00e9nzt\u00e1rosokat, \u00e1rufelt\u00f6lt\u0151ket, rakt\u00e1rosokat. A legnagyobb \u00fczletl\u00e1ncok honlapjait n\u00e9zve most ugyan kevesebb a meghirdetett \u00e1ll\u00e1shelyek sz\u00e1ma, de ez csak annak k\u00f6sz\u00f6nhet\u0151, hogy m\u00e9g csak \u00e9v eleje van","inLanguage":"hu-HU","isPartOf":{"@id":"https:\/\/allasorias.hu\/hirek\/#website"},"breadcrumb":{"@id":"https:\/\/allasorias.hu\/hirek\/intenziven-keresik-a-munkavallalokat\/#breadcrumblist"},"author":{"@id":"https:\/\/allasorias.hu\/hirek\/author\/admin-allasorias\/#author"},"creator":{"@id":"https:\/\/allasorias.hu\/hirek\/author\/admin-allasorias\/#author"},"image":{"@type":"ImageObject","url":"https:\/\/allasorias.hu\/hirek\/wp-content\/uploads\/2019\/01\/ThinkstockPhotos-498016694.jpg","@id":"https:\/\/allasorias.hu\/hirek\/intenziven-keresik-a-munkavallalokat\/#mainImage","width":800,"height":534,"caption":"Portrait of a young sales clerk in a market store"},"primaryImageOfPage":{"@id":"https:\/\/allasorias.hu\/hirek\/intenziven-keresik-a-munkavallalokat\/#mainImage"},"datePublished":"2019-01-10T10:23:57+02:00","dateModified":"2019-01-10T10:23:57+02:00"},{"@type":"WebSite","@id":"https:\/\/allasorias.hu\/hirek\/#website","url":"https:\/\/allasorias.hu\/hirek\/","name":"AllasOrias.hu | H\u00edrek-lapszemle","description":"\u00dczleti h\u00edrek az \u00e1ll\u00e1s \u00e9s a munka vil\u00e1g\u00e1b\u00f3l","inLanguage":"hu-HU","publisher":{"@id":"https:\/\/allasorias.hu\/hirek\/#organization"}}]},"og:locale":"hu_HU","og:site_name":"AllasOrias.hu | H\u00edrek-lapszemle | \u00dczleti h\u00edrek az \u00e1ll\u00e1s \u00e9s a munka vil\u00e1g\u00e1b\u00f3l","og:type":"article","og:title":"Intenz\u00edven keresik a munkav\u00e1llal\u00f3kat | AllasOrias.hu | H\u00edrek-lapszemle","og:description":"Az \u00fczletl\u00e1ncok weboldalai tele vannak \u00e1ll\u00e1shirdet\u00e9sekkel, pedig az eddigi tapasztalatok azt mutatt\u00e1k, janu\u00e1rban, febru\u00e1rban pang a munkaer\u0151piac ezen a ter\u00fcleten. A kiskereskedelemben a boltosok keresik a munkaer\u0151t, bolti elad\u00f3kat, p\u00e9nzt\u00e1rosokat, \u00e1rufelt\u00f6lt\u0151ket, rakt\u00e1rosokat. A legnagyobb \u00fczletl\u00e1ncok honlapjait n\u00e9zve most ugyan kevesebb a meghirdetett \u00e1ll\u00e1shelyek sz\u00e1ma, de ez csak annak k\u00f6sz\u00f6nhet\u0151, hogy m\u00e9g csak \u00e9v eleje van","og:url":"https:\/\/allasorias.hu\/hirek\/intenziven-keresik-a-munkavallalokat\/","og:image":"https:\/\/allasorias.hu\/hirek\/wp-content\/uploads\/2019\/01\/ThinkstockPhotos-498016694.jpg","og:image:secure_url":"https:\/\/allasorias.hu\/hirek\/wp-content\/uploads\/2019\/01\/ThinkstockPhotos-498016694.jpg","og:image:width":800,"og:image:height":534,"article:published_time":"2019-01-10T10:23:57+00:00","article:modified_time":"2019-01-10T10:23:57+00:00","article:publisher":"https:\/\/www.facebook.com\/allasorias","twitter:card":"summary_large_image","twitter:title":"Intenz\u00edven keresik a munkav\u00e1llal\u00f3kat | AllasOrias.hu | H\u00edrek-lapszemle","twitter:description":"Az \u00fczletl\u00e1ncok weboldalai tele vannak \u00e1ll\u00e1shirdet\u00e9sekkel, pedig az eddigi tapasztalatok azt mutatt\u00e1k, janu\u00e1rban, febru\u00e1rban pang a munkaer\u0151piac ezen a ter\u00fcleten. A kiskereskedelemben a boltosok keresik a munkaer\u0151t, bolti elad\u00f3kat, p\u00e9nzt\u00e1rosokat, \u00e1rufelt\u00f6lt\u0151ket, rakt\u00e1rosokat. A legnagyobb \u00fczletl\u00e1ncok honlapjait n\u00e9zve most ugyan kevesebb a meghirdetett \u00e1ll\u00e1shelyek sz\u00e1ma, de ez csak annak k\u00f6sz\u00f6nhet\u0151, hogy m\u00e9g csak \u00e9v eleje van","twitter:image":"https:\/\/allasorias.hu\/hirek\/wp-content\/uploads\/2019\/01\/ThinkstockPhotos-498016694.jpg","twitter:label1":"Written by","twitter:data1":"Juh\u00e1sz P\u00e9ter","twitter:label2":"Est. reading time","twitter:data2":"1 minute"},"aioseo_meta_data":{"post_id":"2407","title":null,"description":null,"keywords":null,"keyphrases":null,"primary_term":null,"canonical_url":null,"og_title":null,"og_description":null,"og_object_type":"default","og_image_type":"default","og_image_url":null,"og_image_width":null,"og_image_height":null,"og_image_custom_url":null,"og_image_custom_fields":null,"og_video":null,"og_custom_url":null,"og_article_section":null,"og_article_tags":null,"twitter_use_og":false,"twitter_card":"default","twitter_image_type":"default","twitter_image_url":null,"twitter_image_custom_url":null,"twitter_image_custom_fields":null,"twitter_title":null,"twitter_description":null,"schema":{"blockGraphs":[],"customGraphs":[],"default":{"data":{"Article":[],"Course":[],"Dataset":[],"FAQPage":[],"Movie":[],"Person":[],"Product":[],"ProductReview":[],"Car":[],"Recipe":[],"Service":[],"SoftwareApplication":[],"WebPage":[]},"graphName":"","isEnabled":true},"graphs":[]},"schema_type":null,"schema_type_options":null,"pillar_content":false,"robots_default":true,"robots_noindex":false,"robots_noarchive":false,"robots_nosnippet":false,"robots_nofollow":false,"robots_noimageindex":false,"robots_noodp":false,"robots_notranslate":false,"robots_max_snippet":null,"robots_max_videopreview":null,"robots_max_imagepreview":"large","priority":null,"frequency":null,"location":null,"local_seo":null,"breadcrumb_settings":null,"limit_modified_date":false,"ai":null,"created":"2021-02-01 20:46:01","updated":"2025-10-02 09:48:35","seo_analyzer_scan_date":null,"focus_keyword":null,"additional_keywords":null,"truseo_locale":null},"aioseo_breadcrumb":"<div class=\"aioseo-breadcrumbs\"><span class=\"aioseo-breadcrumb\">\n\t\t\t<a href=\"https:\/\/allasorias.hu\/hirek\" title=\"Home\">Home<\/a>\n\t\t<\/span><span class=\"aioseo-breadcrumb-separator\">&raquo;<\/span><span class=\"aioseo-breadcrumb\">\n\t\t\t<a href=\"https:\/\/allasorias.hu\/hirek\/temak\/allaskereses\/\" title=\"\u00c1ll\u00e1skeres\u00e9s\">\u00c1ll\u00e1skeres\u00e9s<\/a>\n\t\t<\/span><span class=\"aioseo-breadcrumb-separator\">&raquo;<\/span><span class=\"aioseo-breadcrumb\">\n\t\t\tIntenz\u00edven keresik a munkav\u00e1llal\u00f3kat\n\t\t<\/span><\/div>","aioseo_breadcrumb_json":[{"label":"Home","link":"https:\/\/allasorias.hu\/hirek"},{"label":"\u00c1ll\u00e1skeres\u00e9s","link":"https:\/\/allasorias.hu\/hirek\/temak\/allaskereses\/"},{"label":"Intenz\u00edven keresik a munkav\u00e1llal\u00f3kat","link":"https:\/\/allasorias.hu\/hirek\/intenziven-keresik-a-munkavallalokat\/"}],"_links":{"self":[{"href":"https:\/\/allasorias.hu\/hirek\/wp-json\/wp\/v2\/posts\/2407","targetHints":{"allow":["GET"]}}],"collection":[{"href":"https:\/\/allasorias.hu\/hirek\/wp-json\/wp\/v2\/posts"}],"about":[{"href":"https:\/\/allasorias.hu\/hirek\/wp-json\/wp\/v2\/types\/post"}],"author":[{"embeddable":true,"href":"https:\/\/allasorias.hu\/hirek\/wp-json\/wp\/v2\/users\/1"}],"replies":[{"embeddable":true,"href":"https:\/\/allasorias.hu\/hirek\/wp-json\/wp\/v2\/comments?post=2407"}],"version-history":[{"count":1,"href":"https:\/\/allasorias.hu\/hirek\/wp-json\/wp\/v2\/posts\/2407\/revisions"}],"predecessor-version":[{"id":2409,"href":"https:\/\/allasorias.hu\/hirek\/wp-json\/wp\/v2\/posts\/2407\/revisions\/2409"}],"wp:featuredmedia":[{"embeddable":true,"href":"https:\/\/allasorias.hu\/hirek\/wp-json\/wp\/v2\/media\/2408"}],"wp:attachment":[{"href":"https:\/\/allasorias.hu\/hirek\/wp-json\/wp\/v2\/media?parent=2407"}],"wp:term":[{"taxonomy":"category","embeddable":true,"href":"https:\/\/allasorias.hu\/hirek\/wp-json\/wp\/v2\/categories?post=2407"},{"taxonomy":"post_tag","embeddable":true,"href":"https:\/\/allasorias.hu\/hirek\/wp-json\/wp\/v2\/tags?post=2407"}],"curies":[{"name":"wp","href":"https:\/\/api.w.org\/{rel}","templated":true}]}}