{"id":2404,"date":"2019-01-10T10:13:57","date_gmt":"2019-01-10T10:13:57","guid":{"rendered":"https:\/\/allasorias.hu\/hirek\/?p=2404"},"modified":"2019-01-10T10:13:57","modified_gmt":"2019-01-10T10:13:57","slug":"mar-nem-adomentes-a-mobilitasi-celu-lakhatasi-es-a-lakascelu-munkaltatoi-tamogatas","status":"publish","type":"post","link":"https:\/\/allasorias.hu\/hirek\/mar-nem-adomentes-a-mobilitasi-celu-lakhatasi-es-a-lakascelu-munkaltatoi-tamogatas\/","title":{"rendered":"M\u00e1r nem ad\u00f3mentes a mobilit\u00e1si c\u00e9l\u00fa lakhat\u00e1si, \u00e9s a lak\u00e1sc\u00e9l\u00fa munk\u00e1ltat\u00f3i t\u00e1mogat\u00e1s"},"content":{"rendered":"<p><strong>\u00daj v\u00e1ltoz\u00e1s janu\u00e1r elsej\u00e9t\u0151l, hogy megsz\u0171nt a mobilit\u00e1si c\u00e9l\u00fa lakhat\u00e1si t\u00e1mogat\u00e1s \u00e9s a lak\u00e1sc\u00e9l\u00fa munk\u00e1ltat\u00f3i t\u00e1mogat\u00e1s ad\u00f3mentess\u00e9ge, valamint v\u00e1ltoztak a munk\u00e1ssz\u00e1ll\u00e1sra vonatkoz\u00f3 szab\u00e1lyok \u2013 olvashat\u00f3 az ad\u00f3hat\u00f3s\u00e1g a honlapj\u00e1n. Amennyiben a munk\u00e1ltat\u00f3 tov\u00e1bbra is biztos\u00edt mobilit\u00e1si c\u00e9l\u00fa lakhat\u00e1si t\u00e1mogat\u00e1st a munkav\u00e1llal\u00f3nak, az a felek k\u00f6zti jogviszony alapj\u00e1n, b\u00e9rj\u00f6vedelemk\u00e9nt v\u00e1lik ad\u00f3k\u00f6teless\u00e9.<\/strong><\/p>\n<p>A m\u00falt \u00e9v v\u00e9g\u00e9ig az volt az ad\u00f3mentess\u00e9g felt\u00e9tele, hogy a munkav\u00e1llal\u00f3nak ne legyen lak\u00f3helye azon a telep\u00fcl\u00e9sen, ahol a munkahelye van. Most a munk\u00e1ssz\u00e1ll\u00e1son t\u00f6rt\u00e9n\u0151 elhelyez\u00e9s abban az esetben nem min\u0151s\u00fcl ad\u00f3mentes juttat\u00e1snak, ha a munkav\u00e1llal\u00f3 lak\u00e1s haszon\u00e9lvezeti joggal nem terhelt, 50 sz\u00e1zal\u00e9kot meghalad\u00f3 m\u00e9rt\u00e9k\u0171 tulajdonjog\u00e1val, vagy haszon\u00e9lvezeti jog\u00e1val rendelkezik azon a telep\u00fcl\u00e9sen, ahol a munkahelye van. A munk\u00e1ssz\u00e1ll\u00e1son t\u00f6rt\u00e9n\u0151 elsz\u00e1ll\u00e1sol\u00e1ssal esik egy tekintet al\u00e1, amikor a munkav\u00e1llal\u00f3 legfeljebb egy lak\u00f3helyis\u00e9get haszn\u00e1lhat, ide\u00e9rtve a sz\u00e1llod\u00e1nak nem min\u0151s\u00fcl\u0151 kereskedelmi sz\u00e1ll\u00e1shelyen t\u00f6rt\u00e9n\u0151 elhelyez\u00e9st is. Az \u00e9tkez\u00e9si szolg\u00e1ltat\u00e1s biztos\u00edt\u00e1sa nem r\u00e9sze az ad\u00f3mentes juttat\u00e1snak. Janu\u00e1r 1-j\u00e9t\u0151l nem adhat\u00f3 ad\u00f3mentesen munk\u00e1ltat\u00f3i lak\u00e1sc\u00e9l\u00fa t\u00e1mogat\u00e1s. Ha a munk\u00e1ltat\u00f3 \u00fagy d\u00f6nt, hogy a j\u00f6v\u0151ben ilyen jogc\u00edmen k\u00edv\u00e1n t\u00e1mogat\u00e1st ny\u00fajtani munkav\u00e1llal\u00f3j\u00e1nak, a juttat\u00e1s b\u00e9rj\u00f6vedelemk\u00e9nt ad\u00f3zik. Hitel t\u00f6rleszt\u00e9se eset\u00e9n a 2018 v\u00e9g\u00e9ig kifizetett t\u00e1mogat\u00e1st 2018. december 31-ig fel kellett haszn\u00e1lni. Lak\u00e1s tulajdonjog\u00e1nak a megszerz\u00e9se eset\u00e9n az \u00e9v v\u00e9g\u00e9ig foly\u00f3s\u00edtott \u00f6sszeget legk\u00e9s\u0151bb 2019. m\u00e1rcius 31-ig kell felhaszn\u00e1lni, az elsz\u00e1mol\u00e1sra vonatkoz\u00f3 igazol\u00e1sokat pedig m\u00e1jus 31-ig \u00e1t kell adni a munk\u00e1ltat\u00f3nak. Lak\u00e1s \u00e9p\u00edt\u00e9se, \u00e9p\u00edttet\u00e9se, alapter\u00fclet\u00e9nek n\u00f6vel\u00e9se, akad\u00e1lymentes\u00edt\u00e9se \u00e9s korszer\u0171s\u00edt\u00e9se eset\u00e9n az utalt t\u00e1mogat\u00e1st 2019. december 31-ig sz\u00fcks\u00e9ges felhaszn\u00e1lni, \u00e9s az elsz\u00e1mol\u00e1snak 2020. m\u00e1jus 31-ig meg kell t\u00f6rt\u00e9nnie.<\/p>\n<p><em>Forr\u00e1s: kamaraonline.hu<\/em><\/p>\n","protected":false},"excerpt":{"rendered":"<p>\u00daj v\u00e1ltoz\u00e1s janu\u00e1r elsej\u00e9t\u0151l, hogy megsz\u0171nt a mobilit\u00e1si c\u00e9l\u00fa lakhat\u00e1si t\u00e1mogat\u00e1s \u00e9s a lak\u00e1sc\u00e9l\u00fa munk\u00e1ltat\u00f3i t\u00e1mogat\u00e1s ad\u00f3mentess\u00e9ge, valamint v\u00e1ltoztak a munk\u00e1ssz\u00e1ll\u00e1sra vonatkoz\u00f3 szab\u00e1lyok \u2013 olvashat\u00f3 az ad\u00f3hat\u00f3s\u00e1g a honlapj\u00e1n. Amennyiben a munk\u00e1ltat\u00f3 tov\u00e1bbra is biztos\u00edt mobilit\u00e1si c\u00e9l\u00fa lakhat\u00e1si t\u00e1mogat\u00e1st a munkav\u00e1llal\u00f3nak, az a felek k\u00f6zti jogviszony alapj\u00e1n, b\u00e9rj\u00f6vedelemk\u00e9nt v\u00e1lik ad\u00f3k\u00f6teless\u00e9. A m\u00falt \u00e9v v\u00e9g\u00e9ig az [&hellip;]<\/p>\n","protected":false},"author":1,"featured_media":2405,"comment_status":"open","ping_status":"open","sticky":false,"template":"","format":"standard","meta":{"_monsterinsights_skip_tracking":false,"footnotes":""},"categories":[198],"tags":[],"class_list":["post-2404","post","type-post","status-publish","format-standard","has-post-thumbnail","hentry","category-gazdasag"],"aioseo_notices":[],"aioseo_head":"\n\t\t<!-- All in One SEO 5.0.0.1 - aioseo.com -->\n\t<meta name=\"description\" content=\"\u00daj v\u00e1ltoz\u00e1s janu\u00e1r elsej\u00e9t\u0151l, hogy megsz\u0171nt a mobilit\u00e1si c\u00e9l\u00fa lakhat\u00e1si t\u00e1mogat\u00e1s \u00e9s a lak\u00e1sc\u00e9l\u00fa munk\u00e1ltat\u00f3i t\u00e1mogat\u00e1s ad\u00f3mentess\u00e9ge, valamint v\u00e1ltoztak a munk\u00e1ssz\u00e1ll\u00e1sra vonatkoz\u00f3 szab\u00e1lyok \u2013 olvashat\u00f3 az ad\u00f3hat\u00f3s\u00e1g a honlapj\u00e1n. Amennyiben a munk\u00e1ltat\u00f3 tov\u00e1bbra is biztos\u00edt mobilit\u00e1si c\u00e9l\u00fa lakhat\u00e1si t\u00e1mogat\u00e1st a munkav\u00e1llal\u00f3nak, az a felek k\u00f6zti jogviszony alapj\u00e1n, b\u00e9rj\u00f6vedelemk\u00e9nt v\u00e1lik ad\u00f3k\u00f6teless\u00e9. A m\u00falt \u00e9v v\u00e9g\u00e9ig az\" \/>\n\t<meta name=\"robots\" content=\"max-image-preview:large\" \/>\n\t<meta name=\"author\" content=\"Juh\u00e1sz P\u00e9ter\"\/>\n\t<link rel=\"canonical\" href=\"https:\/\/allasorias.hu\/hirek\/mar-nem-adomentes-a-mobilitasi-celu-lakhatasi-es-a-lakascelu-munkaltatoi-tamogatas\/\" \/>\n\t<meta name=\"generator\" content=\"All in One SEO (AIOSEO) 5.0.0.1\" \/>\n\t\t<meta property=\"og:locale\" content=\"hu_HU\" \/>\n\t\t<meta property=\"og:site_name\" content=\"AllasOrias.hu | H\u00edrek-lapszemle | \u00dczleti h\u00edrek az \u00e1ll\u00e1s \u00e9s a munka vil\u00e1g\u00e1b\u00f3l\" \/>\n\t\t<meta property=\"og:type\" content=\"article\" \/>\n\t\t<meta property=\"og:title\" content=\"M\u00e1r nem ad\u00f3mentes a mobilit\u00e1si c\u00e9l\u00fa lakhat\u00e1si, \u00e9s a lak\u00e1sc\u00e9l\u00fa munk\u00e1ltat\u00f3i t\u00e1mogat\u00e1s | AllasOrias.hu | H\u00edrek-lapszemle\" \/>\n\t\t<meta property=\"og:description\" content=\"\u00daj v\u00e1ltoz\u00e1s janu\u00e1r elsej\u00e9t\u0151l, hogy megsz\u0171nt a mobilit\u00e1si c\u00e9l\u00fa lakhat\u00e1si t\u00e1mogat\u00e1s \u00e9s a lak\u00e1sc\u00e9l\u00fa munk\u00e1ltat\u00f3i t\u00e1mogat\u00e1s ad\u00f3mentess\u00e9ge, valamint v\u00e1ltoztak a munk\u00e1ssz\u00e1ll\u00e1sra vonatkoz\u00f3 szab\u00e1lyok \u2013 olvashat\u00f3 az ad\u00f3hat\u00f3s\u00e1g a honlapj\u00e1n. Amennyiben a munk\u00e1ltat\u00f3 tov\u00e1bbra is biztos\u00edt mobilit\u00e1si c\u00e9l\u00fa lakhat\u00e1si t\u00e1mogat\u00e1st a munkav\u00e1llal\u00f3nak, az a felek k\u00f6zti jogviszony alapj\u00e1n, b\u00e9rj\u00f6vedelemk\u00e9nt v\u00e1lik ad\u00f3k\u00f6teless\u00e9. A m\u00falt \u00e9v v\u00e9g\u00e9ig az\" \/>\n\t\t<meta property=\"og:url\" content=\"https:\/\/allasorias.hu\/hirek\/mar-nem-adomentes-a-mobilitasi-celu-lakhatasi-es-a-lakascelu-munkaltatoi-tamogatas\/\" \/>\n\t\t<meta property=\"og:image\" content=\"https:\/\/allasorias.hu\/hirek\/wp-content\/uploads\/2019\/01\/house-1407562_640.jpg\" \/>\n\t\t<meta property=\"og:image:secure_url\" content=\"https:\/\/allasorias.hu\/hirek\/wp-content\/uploads\/2019\/01\/house-1407562_640.jpg\" \/>\n\t\t<meta property=\"og:image:width\" content=\"640\" \/>\n\t\t<meta property=\"og:image:height\" content=\"426\" \/>\n\t\t<meta property=\"article:published_time\" content=\"2019-01-10T10:13:57+00:00\" \/>\n\t\t<meta property=\"article:modified_time\" content=\"2019-01-10T10:13:57+00:00\" \/>\n\t\t<meta property=\"article:publisher\" content=\"https:\/\/www.facebook.com\/allasorias\" \/>\n\t\t<meta name=\"twitter:card\" content=\"summary_large_image\" \/>\n\t\t<meta name=\"twitter:title\" content=\"M\u00e1r nem ad\u00f3mentes a mobilit\u00e1si c\u00e9l\u00fa lakhat\u00e1si, \u00e9s a lak\u00e1sc\u00e9l\u00fa munk\u00e1ltat\u00f3i t\u00e1mogat\u00e1s | AllasOrias.hu | H\u00edrek-lapszemle\" \/>\n\t\t<meta name=\"twitter:description\" content=\"\u00daj v\u00e1ltoz\u00e1s janu\u00e1r elsej\u00e9t\u0151l, hogy megsz\u0171nt a mobilit\u00e1si c\u00e9l\u00fa lakhat\u00e1si t\u00e1mogat\u00e1s \u00e9s a lak\u00e1sc\u00e9l\u00fa munk\u00e1ltat\u00f3i t\u00e1mogat\u00e1s ad\u00f3mentess\u00e9ge, valamint v\u00e1ltoztak a munk\u00e1ssz\u00e1ll\u00e1sra vonatkoz\u00f3 szab\u00e1lyok \u2013 olvashat\u00f3 az ad\u00f3hat\u00f3s\u00e1g a honlapj\u00e1n. Amennyiben a munk\u00e1ltat\u00f3 tov\u00e1bbra is biztos\u00edt mobilit\u00e1si c\u00e9l\u00fa lakhat\u00e1si t\u00e1mogat\u00e1st a munkav\u00e1llal\u00f3nak, az a felek k\u00f6zti jogviszony alapj\u00e1n, b\u00e9rj\u00f6vedelemk\u00e9nt v\u00e1lik ad\u00f3k\u00f6teless\u00e9. A m\u00falt \u00e9v v\u00e9g\u00e9ig az\" \/>\n\t\t<meta name=\"twitter:image\" content=\"https:\/\/allasorias.hu\/hirek\/wp-content\/uploads\/2019\/01\/house-1407562_640.jpg\" \/>\n\t\t<meta name=\"twitter:label1\" content=\"Written by\" \/>\n\t\t<meta name=\"twitter:data1\" content=\"Juh\u00e1sz P\u00e9ter\" \/>\n\t\t<meta name=\"twitter:label2\" content=\"Est. reading time\" \/>\n\t\t<meta name=\"twitter:data2\" content=\"2 minutes\" \/>\n\t\t<script type=\"application\/ld+json\" class=\"aioseo-schema\">\n\t\t\t{\"@context\":\"https:\\\/\\\/schema.org\",\"@graph\":[{\"@type\":\"Article\",\"@id\":\"https:\\\/\\\/allasorias.hu\\\/hirek\\\/mar-nem-adomentes-a-mobilitasi-celu-lakhatasi-es-a-lakascelu-munkaltatoi-tamogatas\\\/#article\",\"name\":\"M\\u00e1r nem ad\\u00f3mentes a mobilit\\u00e1si c\\u00e9l\\u00fa lakhat\\u00e1si, \\u00e9s a lak\\u00e1sc\\u00e9l\\u00fa munk\\u00e1ltat\\u00f3i t\\u00e1mogat\\u00e1s | AllasOrias.hu | H\\u00edrek-lapszemle\",\"headline\":\"M\\u00e1r nem ad\\u00f3mentes a mobilit\\u00e1si c\\u00e9l\\u00fa lakhat\\u00e1si, \\u00e9s a lak\\u00e1sc\\u00e9l\\u00fa munk\\u00e1ltat\\u00f3i t\\u00e1mogat\\u00e1s\",\"author\":{\"@id\":\"https:\\\/\\\/allasorias.hu\\\/hirek\\\/author\\\/admin-allasorias\\\/#author\"},\"publisher\":{\"@id\":\"https:\\\/\\\/allasorias.hu\\\/hirek\\\/#organization\"},\"image\":{\"@type\":\"ImageObject\",\"url\":\"https:\\\/\\\/allasorias.hu\\\/hirek\\\/wp-content\\\/uploads\\\/2019\\\/01\\\/house-1407562_640.jpg\",\"width\":640,\"height\":426},\"datePublished\":\"2019-01-10T10:13:57+02:00\",\"dateModified\":\"2019-01-10T10:13:57+02:00\",\"inLanguage\":\"hu-HU\",\"mainEntityOfPage\":{\"@id\":\"https:\\\/\\\/allasorias.hu\\\/hirek\\\/mar-nem-adomentes-a-mobilitasi-celu-lakhatasi-es-a-lakascelu-munkaltatoi-tamogatas\\\/#webpage\"},\"isPartOf\":{\"@id\":\"https:\\\/\\\/allasorias.hu\\\/hirek\\\/mar-nem-adomentes-a-mobilitasi-celu-lakhatasi-es-a-lakascelu-munkaltatoi-tamogatas\\\/#webpage\"},\"articleSection\":\"Gazdas\\u00e1g\"},{\"@type\":\"BreadcrumbList\",\"@id\":\"https:\\\/\\\/allasorias.hu\\\/hirek\\\/mar-nem-adomentes-a-mobilitasi-celu-lakhatasi-es-a-lakascelu-munkaltatoi-tamogatas\\\/#breadcrumblist\",\"itemListElement\":[{\"@type\":\"ListItem\",\"@id\":\"https:\\\/\\\/allasorias.hu\\\/hirek#listItem\",\"position\":1,\"name\":\"Home\",\"item\":\"https:\\\/\\\/allasorias.hu\\\/hirek\",\"nextItem\":{\"@type\":\"ListItem\",\"@id\":\"https:\\\/\\\/allasorias.hu\\\/hirek\\\/temak\\\/gazdasag\\\/#listItem\",\"name\":\"Gazdas\\u00e1g\"}},{\"@type\":\"ListItem\",\"@id\":\"https:\\\/\\\/allasorias.hu\\\/hirek\\\/temak\\\/gazdasag\\\/#listItem\",\"position\":2,\"name\":\"Gazdas\\u00e1g\",\"item\":\"https:\\\/\\\/allasorias.hu\\\/hirek\\\/temak\\\/gazdasag\\\/\",\"nextItem\":{\"@type\":\"ListItem\",\"@id\":\"https:\\\/\\\/allasorias.hu\\\/hirek\\\/mar-nem-adomentes-a-mobilitasi-celu-lakhatasi-es-a-lakascelu-munkaltatoi-tamogatas\\\/#listItem\",\"name\":\"M\\u00e1r nem ad\\u00f3mentes a mobilit\\u00e1si c\\u00e9l\\u00fa lakhat\\u00e1si, \\u00e9s a lak\\u00e1sc\\u00e9l\\u00fa munk\\u00e1ltat\\u00f3i t\\u00e1mogat\\u00e1s\"},\"previousItem\":{\"@type\":\"ListItem\",\"@id\":\"https:\\\/\\\/allasorias.hu\\\/hirek#listItem\",\"name\":\"Home\"}},{\"@type\":\"ListItem\",\"@id\":\"https:\\\/\\\/allasorias.hu\\\/hirek\\\/mar-nem-adomentes-a-mobilitasi-celu-lakhatasi-es-a-lakascelu-munkaltatoi-tamogatas\\\/#listItem\",\"position\":3,\"name\":\"M\\u00e1r nem ad\\u00f3mentes a mobilit\\u00e1si c\\u00e9l\\u00fa lakhat\\u00e1si, \\u00e9s a lak\\u00e1sc\\u00e9l\\u00fa munk\\u00e1ltat\\u00f3i t\\u00e1mogat\\u00e1s\",\"previousItem\":{\"@type\":\"ListItem\",\"@id\":\"https:\\\/\\\/allasorias.hu\\\/hirek\\\/temak\\\/gazdasag\\\/#listItem\",\"name\":\"Gazdas\\u00e1g\"}}]},{\"@type\":\"Organization\",\"@id\":\"https:\\\/\\\/allasorias.hu\\\/hirek\\\/#organization\",\"name\":\"AllasOrias.hu | H\\u00edrek-lapszemle\",\"description\":\"\\u00dczleti h\\u00edrek az \\u00e1ll\\u00e1s \\u00e9s a munka vil\\u00e1g\\u00e1b\\u00f3l\",\"url\":\"https:\\\/\\\/allasorias.hu\\\/hirek\\\/\",\"logo\":{\"@type\":\"ImageObject\",\"url\":\"https:\\\/\\\/allasorias.hu\\\/hirek\\\/wp-content\\\/uploads\\\/2022\\\/10\\\/allasorias_site_facebok_logo.png\",\"@id\":\"https:\\\/\\\/allasorias.hu\\\/hirek\\\/mar-nem-adomentes-a-mobilitasi-celu-lakhatasi-es-a-lakascelu-munkaltatoi-tamogatas\\\/#organizationLogo\"},\"image\":{\"@id\":\"https:\\\/\\\/allasorias.hu\\\/hirek\\\/mar-nem-adomentes-a-mobilitasi-celu-lakhatasi-es-a-lakascelu-munkaltatoi-tamogatas\\\/#organizationLogo\"},\"sameAs\":[\"https:\\\/\\\/www.facebook.com\\\/allasorias\",\"https:\\\/\\\/www.linkedin.com\\\/company\\\/allasorias\"]},{\"@type\":\"Person\",\"@id\":\"https:\\\/\\\/allasorias.hu\\\/hirek\\\/author\\\/admin-allasorias\\\/#author\",\"url\":\"https:\\\/\\\/allasorias.hu\\\/hirek\\\/author\\\/admin-allasorias\\\/\",\"name\":\"Juh\\u00e1sz P\\u00e9ter\",\"image\":{\"@type\":\"ImageObject\",\"@id\":\"https:\\\/\\\/allasorias.hu\\\/hirek\\\/mar-nem-adomentes-a-mobilitasi-celu-lakhatasi-es-a-lakascelu-munkaltatoi-tamogatas\\\/#authorImage\",\"url\":\"https:\\\/\\\/secure.gravatar.com\\\/avatar\\\/36e6bcb83148978b992977cb0f54d22feb0cce8a0a849a9410532bb2623ba4c6?s=96&d=mm&r=g\",\"width\":96,\"height\":96,\"caption\":\"Juh\\u00e1sz P\\u00e9ter\"}},{\"@type\":\"WebPage\",\"@id\":\"https:\\\/\\\/allasorias.hu\\\/hirek\\\/mar-nem-adomentes-a-mobilitasi-celu-lakhatasi-es-a-lakascelu-munkaltatoi-tamogatas\\\/#webpage\",\"url\":\"https:\\\/\\\/allasorias.hu\\\/hirek\\\/mar-nem-adomentes-a-mobilitasi-celu-lakhatasi-es-a-lakascelu-munkaltatoi-tamogatas\\\/\",\"name\":\"M\\u00e1r nem ad\\u00f3mentes a mobilit\\u00e1si c\\u00e9l\\u00fa lakhat\\u00e1si, \\u00e9s a lak\\u00e1sc\\u00e9l\\u00fa munk\\u00e1ltat\\u00f3i t\\u00e1mogat\\u00e1s | AllasOrias.hu | H\\u00edrek-lapszemle\",\"description\":\"\\u00daj v\\u00e1ltoz\\u00e1s janu\\u00e1r elsej\\u00e9t\\u0151l, hogy megsz\\u0171nt a mobilit\\u00e1si c\\u00e9l\\u00fa lakhat\\u00e1si t\\u00e1mogat\\u00e1s \\u00e9s a lak\\u00e1sc\\u00e9l\\u00fa munk\\u00e1ltat\\u00f3i t\\u00e1mogat\\u00e1s ad\\u00f3mentess\\u00e9ge, valamint v\\u00e1ltoztak a munk\\u00e1ssz\\u00e1ll\\u00e1sra vonatkoz\\u00f3 szab\\u00e1lyok \\u2013 olvashat\\u00f3 az ad\\u00f3hat\\u00f3s\\u00e1g a honlapj\\u00e1n. Amennyiben a munk\\u00e1ltat\\u00f3 tov\\u00e1bbra is biztos\\u00edt mobilit\\u00e1si c\\u00e9l\\u00fa lakhat\\u00e1si t\\u00e1mogat\\u00e1st a munkav\\u00e1llal\\u00f3nak, az a felek k\\u00f6zti jogviszony alapj\\u00e1n, b\\u00e9rj\\u00f6vedelemk\\u00e9nt v\\u00e1lik ad\\u00f3k\\u00f6teless\\u00e9. A m\\u00falt \\u00e9v v\\u00e9g\\u00e9ig az\",\"inLanguage\":\"hu-HU\",\"isPartOf\":{\"@id\":\"https:\\\/\\\/allasorias.hu\\\/hirek\\\/#website\"},\"breadcrumb\":{\"@id\":\"https:\\\/\\\/allasorias.hu\\\/hirek\\\/mar-nem-adomentes-a-mobilitasi-celu-lakhatasi-es-a-lakascelu-munkaltatoi-tamogatas\\\/#breadcrumblist\"},\"author\":{\"@id\":\"https:\\\/\\\/allasorias.hu\\\/hirek\\\/author\\\/admin-allasorias\\\/#author\"},\"creator\":{\"@id\":\"https:\\\/\\\/allasorias.hu\\\/hirek\\\/author\\\/admin-allasorias\\\/#author\"},\"image\":{\"@type\":\"ImageObject\",\"url\":\"https:\\\/\\\/allasorias.hu\\\/hirek\\\/wp-content\\\/uploads\\\/2019\\\/01\\\/house-1407562_640.jpg\",\"@id\":\"https:\\\/\\\/allasorias.hu\\\/hirek\\\/mar-nem-adomentes-a-mobilitasi-celu-lakhatasi-es-a-lakascelu-munkaltatoi-tamogatas\\\/#mainImage\",\"width\":640,\"height\":426},\"primaryImageOfPage\":{\"@id\":\"https:\\\/\\\/allasorias.hu\\\/hirek\\\/mar-nem-adomentes-a-mobilitasi-celu-lakhatasi-es-a-lakascelu-munkaltatoi-tamogatas\\\/#mainImage\"},\"datePublished\":\"2019-01-10T10:13:57+02:00\",\"dateModified\":\"2019-01-10T10:13:57+02:00\"},{\"@type\":\"WebSite\",\"@id\":\"https:\\\/\\\/allasorias.hu\\\/hirek\\\/#website\",\"url\":\"https:\\\/\\\/allasorias.hu\\\/hirek\\\/\",\"name\":\"AllasOrias.hu | H\\u00edrek-lapszemle\",\"description\":\"\\u00dczleti h\\u00edrek az \\u00e1ll\\u00e1s \\u00e9s a munka vil\\u00e1g\\u00e1b\\u00f3l\",\"inLanguage\":\"hu-HU\",\"publisher\":{\"@id\":\"https:\\\/\\\/allasorias.hu\\\/hirek\\\/#organization\"}}]}\n\t\t<\/script>\n\t\t<!-- All in One SEO -->\n\n","aioseo_head_json":{"title":"M\u00e1r nem ad\u00f3mentes a mobilit\u00e1si c\u00e9l\u00fa lakhat\u00e1si, \u00e9s a lak\u00e1sc\u00e9l\u00fa munk\u00e1ltat\u00f3i t\u00e1mogat\u00e1s | AllasOrias.hu | H\u00edrek-lapszemle","description":"\u00daj v\u00e1ltoz\u00e1s janu\u00e1r elsej\u00e9t\u0151l, hogy megsz\u0171nt a mobilit\u00e1si c\u00e9l\u00fa lakhat\u00e1si t\u00e1mogat\u00e1s \u00e9s a lak\u00e1sc\u00e9l\u00fa munk\u00e1ltat\u00f3i t\u00e1mogat\u00e1s ad\u00f3mentess\u00e9ge, valamint v\u00e1ltoztak a munk\u00e1ssz\u00e1ll\u00e1sra vonatkoz\u00f3 szab\u00e1lyok \u2013 olvashat\u00f3 az ad\u00f3hat\u00f3s\u00e1g a honlapj\u00e1n. Amennyiben a munk\u00e1ltat\u00f3 tov\u00e1bbra is biztos\u00edt mobilit\u00e1si c\u00e9l\u00fa lakhat\u00e1si t\u00e1mogat\u00e1st a munkav\u00e1llal\u00f3nak, az a felek k\u00f6zti jogviszony alapj\u00e1n, b\u00e9rj\u00f6vedelemk\u00e9nt v\u00e1lik ad\u00f3k\u00f6teless\u00e9. A m\u00falt \u00e9v v\u00e9g\u00e9ig az","canonical_url":"https:\/\/allasorias.hu\/hirek\/mar-nem-adomentes-a-mobilitasi-celu-lakhatasi-es-a-lakascelu-munkaltatoi-tamogatas\/","robots":"max-image-preview:large","keywords":"","webmasterTools":{"miscellaneous":""},"schema":{"@context":"https:\/\/schema.org","@graph":[{"@type":"Article","@id":"https:\/\/allasorias.hu\/hirek\/mar-nem-adomentes-a-mobilitasi-celu-lakhatasi-es-a-lakascelu-munkaltatoi-tamogatas\/#article","name":"M\u00e1r nem ad\u00f3mentes a mobilit\u00e1si c\u00e9l\u00fa lakhat\u00e1si, \u00e9s a lak\u00e1sc\u00e9l\u00fa munk\u00e1ltat\u00f3i t\u00e1mogat\u00e1s | AllasOrias.hu | H\u00edrek-lapszemle","headline":"M\u00e1r nem ad\u00f3mentes a mobilit\u00e1si c\u00e9l\u00fa lakhat\u00e1si, \u00e9s a lak\u00e1sc\u00e9l\u00fa munk\u00e1ltat\u00f3i t\u00e1mogat\u00e1s","author":{"@id":"https:\/\/allasorias.hu\/hirek\/author\/admin-allasorias\/#author"},"publisher":{"@id":"https:\/\/allasorias.hu\/hirek\/#organization"},"image":{"@type":"ImageObject","url":"https:\/\/allasorias.hu\/hirek\/wp-content\/uploads\/2019\/01\/house-1407562_640.jpg","width":640,"height":426},"datePublished":"2019-01-10T10:13:57+02:00","dateModified":"2019-01-10T10:13:57+02:00","inLanguage":"hu-HU","mainEntityOfPage":{"@id":"https:\/\/allasorias.hu\/hirek\/mar-nem-adomentes-a-mobilitasi-celu-lakhatasi-es-a-lakascelu-munkaltatoi-tamogatas\/#webpage"},"isPartOf":{"@id":"https:\/\/allasorias.hu\/hirek\/mar-nem-adomentes-a-mobilitasi-celu-lakhatasi-es-a-lakascelu-munkaltatoi-tamogatas\/#webpage"},"articleSection":"Gazdas\u00e1g"},{"@type":"BreadcrumbList","@id":"https:\/\/allasorias.hu\/hirek\/mar-nem-adomentes-a-mobilitasi-celu-lakhatasi-es-a-lakascelu-munkaltatoi-tamogatas\/#breadcrumblist","itemListElement":[{"@type":"ListItem","@id":"https:\/\/allasorias.hu\/hirek#listItem","position":1,"name":"Home","item":"https:\/\/allasorias.hu\/hirek","nextItem":{"@type":"ListItem","@id":"https:\/\/allasorias.hu\/hirek\/temak\/gazdasag\/#listItem","name":"Gazdas\u00e1g"}},{"@type":"ListItem","@id":"https:\/\/allasorias.hu\/hirek\/temak\/gazdasag\/#listItem","position":2,"name":"Gazdas\u00e1g","item":"https:\/\/allasorias.hu\/hirek\/temak\/gazdasag\/","nextItem":{"@type":"ListItem","@id":"https:\/\/allasorias.hu\/hirek\/mar-nem-adomentes-a-mobilitasi-celu-lakhatasi-es-a-lakascelu-munkaltatoi-tamogatas\/#listItem","name":"M\u00e1r nem ad\u00f3mentes a mobilit\u00e1si c\u00e9l\u00fa lakhat\u00e1si, \u00e9s a lak\u00e1sc\u00e9l\u00fa munk\u00e1ltat\u00f3i t\u00e1mogat\u00e1s"},"previousItem":{"@type":"ListItem","@id":"https:\/\/allasorias.hu\/hirek#listItem","name":"Home"}},{"@type":"ListItem","@id":"https:\/\/allasorias.hu\/hirek\/mar-nem-adomentes-a-mobilitasi-celu-lakhatasi-es-a-lakascelu-munkaltatoi-tamogatas\/#listItem","position":3,"name":"M\u00e1r nem ad\u00f3mentes a mobilit\u00e1si c\u00e9l\u00fa lakhat\u00e1si, \u00e9s a lak\u00e1sc\u00e9l\u00fa munk\u00e1ltat\u00f3i t\u00e1mogat\u00e1s","previousItem":{"@type":"ListItem","@id":"https:\/\/allasorias.hu\/hirek\/temak\/gazdasag\/#listItem","name":"Gazdas\u00e1g"}}]},{"@type":"Organization","@id":"https:\/\/allasorias.hu\/hirek\/#organization","name":"AllasOrias.hu | H\u00edrek-lapszemle","description":"\u00dczleti h\u00edrek az \u00e1ll\u00e1s \u00e9s a munka vil\u00e1g\u00e1b\u00f3l","url":"https:\/\/allasorias.hu\/hirek\/","logo":{"@type":"ImageObject","url":"https:\/\/allasorias.hu\/hirek\/wp-content\/uploads\/2022\/10\/allasorias_site_facebok_logo.png","@id":"https:\/\/allasorias.hu\/hirek\/mar-nem-adomentes-a-mobilitasi-celu-lakhatasi-es-a-lakascelu-munkaltatoi-tamogatas\/#organizationLogo"},"image":{"@id":"https:\/\/allasorias.hu\/hirek\/mar-nem-adomentes-a-mobilitasi-celu-lakhatasi-es-a-lakascelu-munkaltatoi-tamogatas\/#organizationLogo"},"sameAs":["https:\/\/www.facebook.com\/allasorias","https:\/\/www.linkedin.com\/company\/allasorias"]},{"@type":"Person","@id":"https:\/\/allasorias.hu\/hirek\/author\/admin-allasorias\/#author","url":"https:\/\/allasorias.hu\/hirek\/author\/admin-allasorias\/","name":"Juh\u00e1sz P\u00e9ter","image":{"@type":"ImageObject","@id":"https:\/\/allasorias.hu\/hirek\/mar-nem-adomentes-a-mobilitasi-celu-lakhatasi-es-a-lakascelu-munkaltatoi-tamogatas\/#authorImage","url":"https:\/\/secure.gravatar.com\/avatar\/36e6bcb83148978b992977cb0f54d22feb0cce8a0a849a9410532bb2623ba4c6?s=96&d=mm&r=g","width":96,"height":96,"caption":"Juh\u00e1sz P\u00e9ter"}},{"@type":"WebPage","@id":"https:\/\/allasorias.hu\/hirek\/mar-nem-adomentes-a-mobilitasi-celu-lakhatasi-es-a-lakascelu-munkaltatoi-tamogatas\/#webpage","url":"https:\/\/allasorias.hu\/hirek\/mar-nem-adomentes-a-mobilitasi-celu-lakhatasi-es-a-lakascelu-munkaltatoi-tamogatas\/","name":"M\u00e1r nem ad\u00f3mentes a mobilit\u00e1si c\u00e9l\u00fa lakhat\u00e1si, \u00e9s a lak\u00e1sc\u00e9l\u00fa munk\u00e1ltat\u00f3i t\u00e1mogat\u00e1s | AllasOrias.hu | H\u00edrek-lapszemle","description":"\u00daj v\u00e1ltoz\u00e1s janu\u00e1r elsej\u00e9t\u0151l, hogy megsz\u0171nt a mobilit\u00e1si c\u00e9l\u00fa lakhat\u00e1si t\u00e1mogat\u00e1s \u00e9s a lak\u00e1sc\u00e9l\u00fa munk\u00e1ltat\u00f3i t\u00e1mogat\u00e1s ad\u00f3mentess\u00e9ge, valamint v\u00e1ltoztak a munk\u00e1ssz\u00e1ll\u00e1sra vonatkoz\u00f3 szab\u00e1lyok \u2013 olvashat\u00f3 az ad\u00f3hat\u00f3s\u00e1g a honlapj\u00e1n. Amennyiben a munk\u00e1ltat\u00f3 tov\u00e1bbra is biztos\u00edt mobilit\u00e1si c\u00e9l\u00fa lakhat\u00e1si t\u00e1mogat\u00e1st a munkav\u00e1llal\u00f3nak, az a felek k\u00f6zti jogviszony alapj\u00e1n, b\u00e9rj\u00f6vedelemk\u00e9nt v\u00e1lik ad\u00f3k\u00f6teless\u00e9. A m\u00falt \u00e9v v\u00e9g\u00e9ig az","inLanguage":"hu-HU","isPartOf":{"@id":"https:\/\/allasorias.hu\/hirek\/#website"},"breadcrumb":{"@id":"https:\/\/allasorias.hu\/hirek\/mar-nem-adomentes-a-mobilitasi-celu-lakhatasi-es-a-lakascelu-munkaltatoi-tamogatas\/#breadcrumblist"},"author":{"@id":"https:\/\/allasorias.hu\/hirek\/author\/admin-allasorias\/#author"},"creator":{"@id":"https:\/\/allasorias.hu\/hirek\/author\/admin-allasorias\/#author"},"image":{"@type":"ImageObject","url":"https:\/\/allasorias.hu\/hirek\/wp-content\/uploads\/2019\/01\/house-1407562_640.jpg","@id":"https:\/\/allasorias.hu\/hirek\/mar-nem-adomentes-a-mobilitasi-celu-lakhatasi-es-a-lakascelu-munkaltatoi-tamogatas\/#mainImage","width":640,"height":426},"primaryImageOfPage":{"@id":"https:\/\/allasorias.hu\/hirek\/mar-nem-adomentes-a-mobilitasi-celu-lakhatasi-es-a-lakascelu-munkaltatoi-tamogatas\/#mainImage"},"datePublished":"2019-01-10T10:13:57+02:00","dateModified":"2019-01-10T10:13:57+02:00"},{"@type":"WebSite","@id":"https:\/\/allasorias.hu\/hirek\/#website","url":"https:\/\/allasorias.hu\/hirek\/","name":"AllasOrias.hu | H\u00edrek-lapszemle","description":"\u00dczleti h\u00edrek az \u00e1ll\u00e1s \u00e9s a munka vil\u00e1g\u00e1b\u00f3l","inLanguage":"hu-HU","publisher":{"@id":"https:\/\/allasorias.hu\/hirek\/#organization"}}]},"og:locale":"hu_HU","og:site_name":"AllasOrias.hu | H\u00edrek-lapszemle | \u00dczleti h\u00edrek az \u00e1ll\u00e1s \u00e9s a munka vil\u00e1g\u00e1b\u00f3l","og:type":"article","og:title":"M\u00e1r nem ad\u00f3mentes a mobilit\u00e1si c\u00e9l\u00fa lakhat\u00e1si, \u00e9s a lak\u00e1sc\u00e9l\u00fa munk\u00e1ltat\u00f3i t\u00e1mogat\u00e1s | AllasOrias.hu | H\u00edrek-lapszemle","og:description":"\u00daj v\u00e1ltoz\u00e1s janu\u00e1r elsej\u00e9t\u0151l, hogy megsz\u0171nt a mobilit\u00e1si c\u00e9l\u00fa lakhat\u00e1si t\u00e1mogat\u00e1s \u00e9s a lak\u00e1sc\u00e9l\u00fa munk\u00e1ltat\u00f3i t\u00e1mogat\u00e1s ad\u00f3mentess\u00e9ge, valamint v\u00e1ltoztak a munk\u00e1ssz\u00e1ll\u00e1sra vonatkoz\u00f3 szab\u00e1lyok \u2013 olvashat\u00f3 az ad\u00f3hat\u00f3s\u00e1g a honlapj\u00e1n. Amennyiben a munk\u00e1ltat\u00f3 tov\u00e1bbra is biztos\u00edt mobilit\u00e1si c\u00e9l\u00fa lakhat\u00e1si t\u00e1mogat\u00e1st a munkav\u00e1llal\u00f3nak, az a felek k\u00f6zti jogviszony alapj\u00e1n, b\u00e9rj\u00f6vedelemk\u00e9nt v\u00e1lik ad\u00f3k\u00f6teless\u00e9. A m\u00falt \u00e9v v\u00e9g\u00e9ig az","og:url":"https:\/\/allasorias.hu\/hirek\/mar-nem-adomentes-a-mobilitasi-celu-lakhatasi-es-a-lakascelu-munkaltatoi-tamogatas\/","og:image":"https:\/\/allasorias.hu\/hirek\/wp-content\/uploads\/2019\/01\/house-1407562_640.jpg","og:image:secure_url":"https:\/\/allasorias.hu\/hirek\/wp-content\/uploads\/2019\/01\/house-1407562_640.jpg","og:image:width":640,"og:image:height":426,"article:published_time":"2019-01-10T10:13:57+00:00","article:modified_time":"2019-01-10T10:13:57+00:00","article:publisher":"https:\/\/www.facebook.com\/allasorias","twitter:card":"summary_large_image","twitter:title":"M\u00e1r nem ad\u00f3mentes a mobilit\u00e1si c\u00e9l\u00fa lakhat\u00e1si, \u00e9s a lak\u00e1sc\u00e9l\u00fa munk\u00e1ltat\u00f3i t\u00e1mogat\u00e1s | AllasOrias.hu | H\u00edrek-lapszemle","twitter:description":"\u00daj v\u00e1ltoz\u00e1s janu\u00e1r elsej\u00e9t\u0151l, hogy megsz\u0171nt a mobilit\u00e1si c\u00e9l\u00fa lakhat\u00e1si t\u00e1mogat\u00e1s \u00e9s a lak\u00e1sc\u00e9l\u00fa munk\u00e1ltat\u00f3i t\u00e1mogat\u00e1s ad\u00f3mentess\u00e9ge, valamint v\u00e1ltoztak a munk\u00e1ssz\u00e1ll\u00e1sra vonatkoz\u00f3 szab\u00e1lyok \u2013 olvashat\u00f3 az ad\u00f3hat\u00f3s\u00e1g a honlapj\u00e1n. Amennyiben a munk\u00e1ltat\u00f3 tov\u00e1bbra is biztos\u00edt mobilit\u00e1si c\u00e9l\u00fa lakhat\u00e1si t\u00e1mogat\u00e1st a munkav\u00e1llal\u00f3nak, az a felek k\u00f6zti jogviszony alapj\u00e1n, b\u00e9rj\u00f6vedelemk\u00e9nt v\u00e1lik ad\u00f3k\u00f6teless\u00e9. A m\u00falt \u00e9v v\u00e9g\u00e9ig az","twitter:image":"https:\/\/allasorias.hu\/hirek\/wp-content\/uploads\/2019\/01\/house-1407562_640.jpg","twitter:label1":"Written by","twitter:data1":"Juh\u00e1sz P\u00e9ter","twitter:label2":"Est. reading time","twitter:data2":"2 minutes"},"aioseo_meta_data":{"post_id":"2404","title":null,"description":null,"keywords":null,"keyphrases":null,"primary_term":null,"canonical_url":null,"og_title":null,"og_description":null,"og_object_type":"default","og_image_type":"default","og_image_url":null,"og_image_width":null,"og_image_height":null,"og_image_custom_url":null,"og_image_custom_fields":null,"og_video":null,"og_custom_url":null,"og_article_section":null,"og_article_tags":null,"twitter_use_og":false,"twitter_card":"default","twitter_image_type":"default","twitter_image_url":null,"twitter_image_custom_url":null,"twitter_image_custom_fields":null,"twitter_title":null,"twitter_description":null,"schema":{"blockGraphs":[],"customGraphs":[],"default":{"data":{"Article":[],"Course":[],"Dataset":[],"FAQPage":[],"Movie":[],"Person":[],"Product":[],"ProductReview":[],"Car":[],"Recipe":[],"Service":[],"SoftwareApplication":[],"WebPage":[]},"graphName":"","isEnabled":true},"graphs":[]},"schema_type":null,"schema_type_options":null,"pillar_content":false,"robots_default":true,"robots_noindex":false,"robots_noarchive":false,"robots_nosnippet":false,"robots_nofollow":false,"robots_noimageindex":false,"robots_noodp":false,"robots_notranslate":false,"robots_max_snippet":null,"robots_max_videopreview":null,"robots_max_imagepreview":"large","priority":null,"frequency":null,"location":null,"local_seo":null,"breadcrumb_settings":null,"limit_modified_date":false,"ai":null,"created":"2021-02-01 20:46:01","updated":"2025-10-02 09:48:35","seo_analyzer_scan_date":null,"focus_keyword":null,"additional_keywords":null,"truseo_locale":null},"aioseo_breadcrumb":"<div class=\"aioseo-breadcrumbs\"><span class=\"aioseo-breadcrumb\">\n\t\t\t<a href=\"https:\/\/allasorias.hu\/hirek\" title=\"Home\">Home<\/a>\n\t\t<\/span><span class=\"aioseo-breadcrumb-separator\">&raquo;<\/span><span class=\"aioseo-breadcrumb\">\n\t\t\t<a href=\"https:\/\/allasorias.hu\/hirek\/temak\/gazdasag\/\" title=\"Gazdas\u00e1g\">Gazdas\u00e1g<\/a>\n\t\t<\/span><span class=\"aioseo-breadcrumb-separator\">&raquo;<\/span><span class=\"aioseo-breadcrumb\">\n\t\t\tM\u00e1r nem ad\u00f3mentes a mobilit\u00e1si c\u00e9l\u00fa lakhat\u00e1si, \u00e9s a lak\u00e1sc\u00e9l\u00fa munk\u00e1ltat\u00f3i t\u00e1mogat\u00e1s\n\t\t<\/span><\/div>","aioseo_breadcrumb_json":[{"label":"Home","link":"https:\/\/allasorias.hu\/hirek"},{"label":"Gazdas\u00e1g","link":"https:\/\/allasorias.hu\/hirek\/temak\/gazdasag\/"},{"label":"M\u00e1r nem ad\u00f3mentes a mobilit\u00e1si c\u00e9l\u00fa lakhat\u00e1si, \u00e9s a lak\u00e1sc\u00e9l\u00fa munk\u00e1ltat\u00f3i t\u00e1mogat\u00e1s","link":"https:\/\/allasorias.hu\/hirek\/mar-nem-adomentes-a-mobilitasi-celu-lakhatasi-es-a-lakascelu-munkaltatoi-tamogatas\/"}],"_links":{"self":[{"href":"https:\/\/allasorias.hu\/hirek\/wp-json\/wp\/v2\/posts\/2404","targetHints":{"allow":["GET"]}}],"collection":[{"href":"https:\/\/allasorias.hu\/hirek\/wp-json\/wp\/v2\/posts"}],"about":[{"href":"https:\/\/allasorias.hu\/hirek\/wp-json\/wp\/v2\/types\/post"}],"author":[{"embeddable":true,"href":"https:\/\/allasorias.hu\/hirek\/wp-json\/wp\/v2\/users\/1"}],"replies":[{"embeddable":true,"href":"https:\/\/allasorias.hu\/hirek\/wp-json\/wp\/v2\/comments?post=2404"}],"version-history":[{"count":1,"href":"https:\/\/allasorias.hu\/hirek\/wp-json\/wp\/v2\/posts\/2404\/revisions"}],"predecessor-version":[{"id":2406,"href":"https:\/\/allasorias.hu\/hirek\/wp-json\/wp\/v2\/posts\/2404\/revisions\/2406"}],"wp:featuredmedia":[{"embeddable":true,"href":"https:\/\/allasorias.hu\/hirek\/wp-json\/wp\/v2\/media\/2405"}],"wp:attachment":[{"href":"https:\/\/allasorias.hu\/hirek\/wp-json\/wp\/v2\/media?parent=2404"}],"wp:term":[{"taxonomy":"category","embeddable":true,"href":"https:\/\/allasorias.hu\/hirek\/wp-json\/wp\/v2\/categories?post=2404"},{"taxonomy":"post_tag","embeddable":true,"href":"https:\/\/allasorias.hu\/hirek\/wp-json\/wp\/v2\/tags?post=2404"}],"curies":[{"name":"wp","href":"https:\/\/api.w.org\/{rel}","templated":true}]}}