{"id":2398,"date":"2019-01-09T10:22:35","date_gmt":"2019-01-09T10:22:35","guid":{"rendered":"https:\/\/allasorias.hu\/hirek\/?p=2398"},"modified":"2019-01-09T10:22:35","modified_gmt":"2019-01-09T10:22:35","slug":"nott-a-kinai-es-az-ukran-munkasok-szama-magyarorszagon","status":"publish","type":"post","link":"https:\/\/allasorias.hu\/hirek\/nott-a-kinai-es-az-ukran-munkasok-szama-magyarorszagon\/","title":{"rendered":"N\u0151tt a k\u00ednai \u00e9s az ukr\u00e1n munk\u00e1sok sz\u00e1ma Magyarorsz\u00e1gon"},"content":{"rendered":"<p><strong>A statisztik\u00e1k szerint 2017-ben nagym\u00e9rt\u00e9kben n\u0151tt a k\u00ednai \u00e9s az ukr\u00e1n munk\u00e1sok sz\u00e1ma haz\u00e1nkban, a munkaer\u0151hi\u00e1ny egyik f\u0151 megold\u00e1si lehet\u0151s\u00e9g\u00e9t \u00fagy t\u0171nik, a k\u00fclf\u00f6ldi munkav\u00e1llal\u00f3k jelentik. A magyar korm\u00e1ny tervei is efel\u00e9 hatnak, miut\u00e1n 2016-ban k\u00fcl\u00f6n programot ind\u00edtottak ukr\u00e1n vend\u00e9gmunk\u00e1sok hi\u00e1nyszakm\u00e1kban t\u00f6rt\u00e9n\u0151 foglalkoztat\u00e1sa c\u00e9lj\u00e1b\u00f3l.<\/strong><\/p>\n<p>A Nemzeti Foglalkoztat\u00e1si Szolg\u00e1lat most k\u00f6zz\u00e9tett, 2017-re vonatkoz\u00f3 statisztik\u00e1j\u00e1b\u00f3l kider\u00fclt, \u00a0jelent\u0151sen megugrott 2017-ben a kiadott munkav\u00e1llal\u00e1si enged\u00e9lyek sz\u00e1ma \u00e9s azon k\u00fclf\u00f6ldi munkav\u00e1llal\u00f3k\u00e9 is, akik foglalkoztat\u00e1sa csup\u00e1n bejelent\u00e9shez k\u00f6t\u00f6tt. Az NFSZ adatai szerint 2017-ben \u00f6sszesen 9274 munkav\u00e1llal\u00e1si enged\u00e9lyt adtak ki harmadik orsz\u00e1gbeli \u00e1llampolg\u00e1rok r\u00e9sz\u00e9re, ami k\u00f6zel ezerrel nagyobb sz\u00e1m az el\u0151z\u0151 \u00e9vin\u00e9l. Az orsz\u00e1g csoportonk\u00e9nti megoszl\u00e1sban viszont jelent\u0151sebb v\u00e1ltoz\u00e1sok t\u00f6rt\u00e9ntek: nem EU-s eur\u00f3pai orsz\u00e1gb\u00f3l \u00e9rkez\u0151knek 2098 enged\u00e9lyt adtak ki 2017-ben a kor\u00e1bbi 2790 ut\u00e1n, nem EU-szomsz\u00e9dos orsz\u00e1gb\u00f3l \u00e9rkez\u0151knek a kor\u00e1bbi 1839 enged\u00e9ly ut\u00e1n 790-et adtak ki, Eur\u00f3p\u00e1n k\u00edv\u00fcli orsz\u00e1gb\u00f3l \u00e9rkez\u0151k r\u00e9sz\u00e9re pedig a kor\u00e1bbi 3513 enged\u00e9ly ut\u00e1n 7176-ot adtak ki a hat\u00f3s\u00e1gok. A szomsz\u00e9dos orsz\u00e1gok eset\u00e9ben a visszaes\u00e9s annak k\u00f6sz\u00f6nhet\u0151, hogy a legt\u00f6bb szerb \u00e9s ukr\u00e1n \u00e1llampolg\u00e1rt szezon\u00e1lis, 90 napot nem meghalad\u00f3 munkaszerz\u0151d\u00e9ssel foglalkoztatt\u00e1k, ami nem enged\u00e9lyhez k\u00f6t\u00f6tt. A m\u00e1sik ok, hogy a korm\u00e1ny bizonyos hi\u00e1nyszakm\u00e1k eset\u00e9ben enged\u00e9lyezte a szerb \u00e9s ukr\u00e1n \u00e1llampolg\u00e1rok hazai foglalkoztat\u00e1s\u00e1t munkaer\u0151piaci vizsg\u00e1lat n\u00e9lk\u00fcl is, az \u00edgy \u00e1ll\u00e1shoz jut\u00f3 szomsz\u00e9dos orsz\u00e1gb\u00f3l \u00e9rkez\u0151 munkaer\u0151 l\u00e9tsz\u00e1m\u00e1t a Bev\u00e1ndorl\u00e1s \u00e9s Menek\u00fclt\u00fcgyi Hivatal tartja sz\u00e1mon. 2017-ben a legt\u00f6bb enged\u00e9lyt z\u00f6m\u00e9ben \u00c1zsi\u00e1b\u00f3l \u00e9rkez\u0151k sz\u00e1m\u00e1ra adt\u00e1k ki: Jelent\u0151s v\u00e1ltoz\u00e1s, hogy a kor\u00e1bbi id\u0151szakhoz k\u00e9pest 173 sz\u00e1zal\u00e9kkal n\u0151tt azok sz\u00e1ma, akik k\u00fclf\u00f6ldik\u00e9nt a f\u0151v\u00e1rosban v\u00e1llaltak munk\u00e1t enged\u00e9llyel, ellenben Szabolcs-Szatm\u00e1r-Bereg megy\u00e9ben 76 sz\u00e1zal\u00e9kkal cs\u00f6kkent az enged\u00e9llyel foglalkoztatottak sz\u00e1ma. Az adatok alapj\u00e1n a k\u00fclf\u00f6ldieket f\u0151k\u00e9nt a feldolgoz\u00f3ipar sz\u00edvta fel, de nagy ig\u00e9ny mutatkozott ir\u00e1ntuk a kereskedelem, g\u00e9pj\u00e1rm\u0171jav\u00edt\u00e1s, a vend\u00e9gl\u00e1t\u00e1s, valamint az inform\u00e1ci\u00f3, kommunik\u00e1ci\u00f3 ter\u00fclet\u00e9n is. Megyei lebont\u00e1s alapj\u00e1n a legt\u00f6bb enged\u00e9ly n\u00e9lk\u00fcl foglalkoztatottat budapesti \u00e9s Borsod-Aba\u00faj-Zempl\u00e9n megyei munk\u00e1ltat\u00f3k jelentettek be. Nemzetgazdas\u00e1gi \u00e1gak szerint a legt\u00f6bben, majdnem n\u00e9gyezren az adminisztrat\u00edv \u00e9s szolg\u00e1ltat\u00e1st t\u00e1mogat\u00f3 tev\u00e9kenys\u00e9g ter\u00fclet\u00e9n dolgoztak, de t\u00f6bb mint 2200-an dolgoztak ilyen form\u00e1ban a feldolgoz\u00f3iparban is. Ar\u00e1nyaiban a legt\u00f6bb \u00faj k\u00fclf\u00f6ldi vend\u00e9gmunk\u00e1st az \u00e9p\u00edt\u0151ipar \u00e9s az adminisztrat\u00edv \u00e9s szolg\u00e1ltat\u00e1st t\u00e1mogat\u00f3 tev\u00e9kenys\u00e9g \u00e1gazata sz\u00edvta fel.<\/p>\n<p><em>Forr\u00e1s: mfor.hu<\/em><\/p>\n","protected":false},"excerpt":{"rendered":"<p>A statisztik\u00e1k szerint 2017-ben nagym\u00e9rt\u00e9kben n\u0151tt a k\u00ednai \u00e9s az ukr\u00e1n munk\u00e1sok sz\u00e1ma haz\u00e1nkban, a munkaer\u0151hi\u00e1ny egyik f\u0151 megold\u00e1si lehet\u0151s\u00e9g\u00e9t \u00fagy t\u0171nik, a k\u00fclf\u00f6ldi munkav\u00e1llal\u00f3k jelentik. A magyar korm\u00e1ny tervei is efel\u00e9 hatnak, miut\u00e1n 2016-ban k\u00fcl\u00f6n programot ind\u00edtottak ukr\u00e1n vend\u00e9gmunk\u00e1sok hi\u00e1nyszakm\u00e1kban t\u00f6rt\u00e9n\u0151 foglalkoztat\u00e1sa c\u00e9lj\u00e1b\u00f3l. A Nemzeti Foglalkoztat\u00e1si Szolg\u00e1lat most k\u00f6zz\u00e9tett, 2017-re vonatkoz\u00f3 statisztik\u00e1j\u00e1b\u00f3l kider\u00fclt, \u00a0jelent\u0151sen [&hellip;]<\/p>\n","protected":false},"author":1,"featured_media":2399,"comment_status":"open","ping_status":"open","sticky":false,"template":"","format":"standard","meta":{"_monsterinsights_skip_tracking":false,"footnotes":""},"categories":[198,200],"tags":[],"class_list":["post-2398","post","type-post","status-publish","format-standard","has-post-thumbnail","hentry","category-gazdasag","category-munkaeropiac"],"aioseo_notices":[],"aioseo_head":"\n\t\t<!-- All in One SEO 5.0.0.1 - aioseo.com -->\n\t<meta name=\"description\" content=\"A statisztik\u00e1k szerint 2017-ben nagym\u00e9rt\u00e9kben n\u0151tt a k\u00ednai \u00e9s az ukr\u00e1n munk\u00e1sok sz\u00e1ma haz\u00e1nkban, a munkaer\u0151hi\u00e1ny egyik f\u0151 megold\u00e1si lehet\u0151s\u00e9g\u00e9t \u00fagy t\u0171nik, a k\u00fclf\u00f6ldi munkav\u00e1llal\u00f3k jelentik. A magyar korm\u00e1ny tervei is efel\u00e9 hatnak, miut\u00e1n 2016-ban k\u00fcl\u00f6n programot ind\u00edtottak ukr\u00e1n vend\u00e9gmunk\u00e1sok hi\u00e1nyszakm\u00e1kban t\u00f6rt\u00e9n\u0151 foglalkoztat\u00e1sa c\u00e9lj\u00e1b\u00f3l. A Nemzeti Foglalkoztat\u00e1si Szolg\u00e1lat most k\u00f6zz\u00e9tett, 2017-re vonatkoz\u00f3 statisztik\u00e1j\u00e1b\u00f3l kider\u00fclt, jelent\u0151sen\" \/>\n\t<meta name=\"robots\" content=\"max-image-preview:large\" \/>\n\t<meta name=\"author\" content=\"Juh\u00e1sz P\u00e9ter\"\/>\n\t<link rel=\"canonical\" href=\"https:\/\/allasorias.hu\/hirek\/nott-a-kinai-es-az-ukran-munkasok-szama-magyarorszagon\/\" \/>\n\t<meta name=\"generator\" content=\"All in One SEO (AIOSEO) 5.0.0.1\" \/>\n\t\t<meta property=\"og:locale\" content=\"hu_HU\" \/>\n\t\t<meta property=\"og:site_name\" content=\"AllasOrias.hu | H\u00edrek-lapszemle | \u00dczleti h\u00edrek az \u00e1ll\u00e1s \u00e9s a munka vil\u00e1g\u00e1b\u00f3l\" \/>\n\t\t<meta property=\"og:type\" content=\"article\" \/>\n\t\t<meta property=\"og:title\" content=\"N\u0151tt a k\u00ednai \u00e9s az ukr\u00e1n munk\u00e1sok sz\u00e1ma Magyarorsz\u00e1gon | AllasOrias.hu | H\u00edrek-lapszemle\" \/>\n\t\t<meta property=\"og:description\" content=\"A statisztik\u00e1k szerint 2017-ben nagym\u00e9rt\u00e9kben n\u0151tt a k\u00ednai \u00e9s az ukr\u00e1n munk\u00e1sok sz\u00e1ma haz\u00e1nkban, a munkaer\u0151hi\u00e1ny egyik f\u0151 megold\u00e1si lehet\u0151s\u00e9g\u00e9t \u00fagy t\u0171nik, a k\u00fclf\u00f6ldi munkav\u00e1llal\u00f3k jelentik. A magyar korm\u00e1ny tervei is efel\u00e9 hatnak, miut\u00e1n 2016-ban k\u00fcl\u00f6n programot ind\u00edtottak ukr\u00e1n vend\u00e9gmunk\u00e1sok hi\u00e1nyszakm\u00e1kban t\u00f6rt\u00e9n\u0151 foglalkoztat\u00e1sa c\u00e9lj\u00e1b\u00f3l. A Nemzeti Foglalkoztat\u00e1si Szolg\u00e1lat most k\u00f6zz\u00e9tett, 2017-re vonatkoz\u00f3 statisztik\u00e1j\u00e1b\u00f3l kider\u00fclt, jelent\u0151sen\" \/>\n\t\t<meta property=\"og:url\" content=\"https:\/\/allasorias.hu\/hirek\/nott-a-kinai-es-az-ukran-munkasok-szama-magyarorszagon\/\" \/>\n\t\t<meta property=\"og:image\" content=\"https:\/\/allasorias.hu\/hirek\/wp-content\/uploads\/2019\/01\/work-1000618_640.jpg\" \/>\n\t\t<meta property=\"og:image:secure_url\" content=\"https:\/\/allasorias.hu\/hirek\/wp-content\/uploads\/2019\/01\/work-1000618_640.jpg\" \/>\n\t\t<meta property=\"og:image:width\" content=\"640\" \/>\n\t\t<meta property=\"og:image:height\" content=\"426\" \/>\n\t\t<meta property=\"article:published_time\" content=\"2019-01-09T10:22:35+00:00\" \/>\n\t\t<meta property=\"article:modified_time\" content=\"2019-01-09T10:22:35+00:00\" \/>\n\t\t<meta property=\"article:publisher\" content=\"https:\/\/www.facebook.com\/allasorias\" \/>\n\t\t<meta name=\"twitter:card\" content=\"summary_large_image\" \/>\n\t\t<meta name=\"twitter:title\" content=\"N\u0151tt a k\u00ednai \u00e9s az ukr\u00e1n munk\u00e1sok sz\u00e1ma Magyarorsz\u00e1gon | AllasOrias.hu | H\u00edrek-lapszemle\" \/>\n\t\t<meta name=\"twitter:description\" content=\"A statisztik\u00e1k szerint 2017-ben nagym\u00e9rt\u00e9kben n\u0151tt a k\u00ednai \u00e9s az ukr\u00e1n munk\u00e1sok sz\u00e1ma haz\u00e1nkban, a munkaer\u0151hi\u00e1ny egyik f\u0151 megold\u00e1si lehet\u0151s\u00e9g\u00e9t \u00fagy t\u0171nik, a k\u00fclf\u00f6ldi munkav\u00e1llal\u00f3k jelentik. A magyar korm\u00e1ny tervei is efel\u00e9 hatnak, miut\u00e1n 2016-ban k\u00fcl\u00f6n programot ind\u00edtottak ukr\u00e1n vend\u00e9gmunk\u00e1sok hi\u00e1nyszakm\u00e1kban t\u00f6rt\u00e9n\u0151 foglalkoztat\u00e1sa c\u00e9lj\u00e1b\u00f3l. A Nemzeti Foglalkoztat\u00e1si Szolg\u00e1lat most k\u00f6zz\u00e9tett, 2017-re vonatkoz\u00f3 statisztik\u00e1j\u00e1b\u00f3l kider\u00fclt, jelent\u0151sen\" \/>\n\t\t<meta name=\"twitter:image\" content=\"https:\/\/allasorias.hu\/hirek\/wp-content\/uploads\/2019\/01\/work-1000618_640.jpg\" \/>\n\t\t<meta name=\"twitter:label1\" content=\"Written by\" \/>\n\t\t<meta name=\"twitter:data1\" content=\"Juh\u00e1sz P\u00e9ter\" \/>\n\t\t<meta name=\"twitter:label2\" content=\"Est. reading time\" \/>\n\t\t<meta name=\"twitter:data2\" content=\"3 minutes\" \/>\n\t\t<script type=\"application\/ld+json\" class=\"aioseo-schema\">\n\t\t\t{\"@context\":\"https:\\\/\\\/schema.org\",\"@graph\":[{\"@type\":\"Article\",\"@id\":\"https:\\\/\\\/allasorias.hu\\\/hirek\\\/nott-a-kinai-es-az-ukran-munkasok-szama-magyarorszagon\\\/#article\",\"name\":\"N\\u0151tt a k\\u00ednai \\u00e9s az ukr\\u00e1n munk\\u00e1sok sz\\u00e1ma Magyarorsz\\u00e1gon | AllasOrias.hu | H\\u00edrek-lapszemle\",\"headline\":\"N\\u0151tt a k\\u00ednai \\u00e9s az ukr\\u00e1n munk\\u00e1sok sz\\u00e1ma Magyarorsz\\u00e1gon\",\"author\":{\"@id\":\"https:\\\/\\\/allasorias.hu\\\/hirek\\\/author\\\/admin-allasorias\\\/#author\"},\"publisher\":{\"@id\":\"https:\\\/\\\/allasorias.hu\\\/hirek\\\/#organization\"},\"image\":{\"@type\":\"ImageObject\",\"url\":\"https:\\\/\\\/allasorias.hu\\\/hirek\\\/wp-content\\\/uploads\\\/2019\\\/01\\\/work-1000618_640.jpg\",\"width\":640,\"height\":426},\"datePublished\":\"2019-01-09T10:22:35+02:00\",\"dateModified\":\"2019-01-09T10:22:35+02:00\",\"inLanguage\":\"hu-HU\",\"mainEntityOfPage\":{\"@id\":\"https:\\\/\\\/allasorias.hu\\\/hirek\\\/nott-a-kinai-es-az-ukran-munkasok-szama-magyarorszagon\\\/#webpage\"},\"isPartOf\":{\"@id\":\"https:\\\/\\\/allasorias.hu\\\/hirek\\\/nott-a-kinai-es-az-ukran-munkasok-szama-magyarorszagon\\\/#webpage\"},\"articleSection\":\"Gazdas\\u00e1g, Munkaer\\u0151piac\"},{\"@type\":\"BreadcrumbList\",\"@id\":\"https:\\\/\\\/allasorias.hu\\\/hirek\\\/nott-a-kinai-es-az-ukran-munkasok-szama-magyarorszagon\\\/#breadcrumblist\",\"itemListElement\":[{\"@type\":\"ListItem\",\"@id\":\"https:\\\/\\\/allasorias.hu\\\/hirek#listItem\",\"position\":1,\"name\":\"Home\",\"item\":\"https:\\\/\\\/allasorias.hu\\\/hirek\",\"nextItem\":{\"@type\":\"ListItem\",\"@id\":\"https:\\\/\\\/allasorias.hu\\\/hirek\\\/temak\\\/gazdasag\\\/#listItem\",\"name\":\"Gazdas\\u00e1g\"}},{\"@type\":\"ListItem\",\"@id\":\"https:\\\/\\\/allasorias.hu\\\/hirek\\\/temak\\\/gazdasag\\\/#listItem\",\"position\":2,\"name\":\"Gazdas\\u00e1g\",\"item\":\"https:\\\/\\\/allasorias.hu\\\/hirek\\\/temak\\\/gazdasag\\\/\",\"nextItem\":{\"@type\":\"ListItem\",\"@id\":\"https:\\\/\\\/allasorias.hu\\\/hirek\\\/nott-a-kinai-es-az-ukran-munkasok-szama-magyarorszagon\\\/#listItem\",\"name\":\"N\\u0151tt a k\\u00ednai \\u00e9s az ukr\\u00e1n munk\\u00e1sok sz\\u00e1ma Magyarorsz\\u00e1gon\"},\"previousItem\":{\"@type\":\"ListItem\",\"@id\":\"https:\\\/\\\/allasorias.hu\\\/hirek#listItem\",\"name\":\"Home\"}},{\"@type\":\"ListItem\",\"@id\":\"https:\\\/\\\/allasorias.hu\\\/hirek\\\/nott-a-kinai-es-az-ukran-munkasok-szama-magyarorszagon\\\/#listItem\",\"position\":3,\"name\":\"N\\u0151tt a k\\u00ednai \\u00e9s az ukr\\u00e1n munk\\u00e1sok sz\\u00e1ma Magyarorsz\\u00e1gon\",\"previousItem\":{\"@type\":\"ListItem\",\"@id\":\"https:\\\/\\\/allasorias.hu\\\/hirek\\\/temak\\\/gazdasag\\\/#listItem\",\"name\":\"Gazdas\\u00e1g\"}}]},{\"@type\":\"Organization\",\"@id\":\"https:\\\/\\\/allasorias.hu\\\/hirek\\\/#organization\",\"name\":\"AllasOrias.hu | H\\u00edrek-lapszemle\",\"description\":\"\\u00dczleti h\\u00edrek az \\u00e1ll\\u00e1s \\u00e9s a munka vil\\u00e1g\\u00e1b\\u00f3l\",\"url\":\"https:\\\/\\\/allasorias.hu\\\/hirek\\\/\",\"logo\":{\"@type\":\"ImageObject\",\"url\":\"https:\\\/\\\/allasorias.hu\\\/hirek\\\/wp-content\\\/uploads\\\/2022\\\/10\\\/allasorias_site_facebok_logo.png\",\"@id\":\"https:\\\/\\\/allasorias.hu\\\/hirek\\\/nott-a-kinai-es-az-ukran-munkasok-szama-magyarorszagon\\\/#organizationLogo\"},\"image\":{\"@id\":\"https:\\\/\\\/allasorias.hu\\\/hirek\\\/nott-a-kinai-es-az-ukran-munkasok-szama-magyarorszagon\\\/#organizationLogo\"},\"sameAs\":[\"https:\\\/\\\/www.facebook.com\\\/allasorias\",\"https:\\\/\\\/www.linkedin.com\\\/company\\\/allasorias\"]},{\"@type\":\"Person\",\"@id\":\"https:\\\/\\\/allasorias.hu\\\/hirek\\\/author\\\/admin-allasorias\\\/#author\",\"url\":\"https:\\\/\\\/allasorias.hu\\\/hirek\\\/author\\\/admin-allasorias\\\/\",\"name\":\"Juh\\u00e1sz P\\u00e9ter\",\"image\":{\"@type\":\"ImageObject\",\"@id\":\"https:\\\/\\\/allasorias.hu\\\/hirek\\\/nott-a-kinai-es-az-ukran-munkasok-szama-magyarorszagon\\\/#authorImage\",\"url\":\"https:\\\/\\\/secure.gravatar.com\\\/avatar\\\/36e6bcb83148978b992977cb0f54d22feb0cce8a0a849a9410532bb2623ba4c6?s=96&d=mm&r=g\",\"width\":96,\"height\":96,\"caption\":\"Juh\\u00e1sz P\\u00e9ter\"}},{\"@type\":\"WebPage\",\"@id\":\"https:\\\/\\\/allasorias.hu\\\/hirek\\\/nott-a-kinai-es-az-ukran-munkasok-szama-magyarorszagon\\\/#webpage\",\"url\":\"https:\\\/\\\/allasorias.hu\\\/hirek\\\/nott-a-kinai-es-az-ukran-munkasok-szama-magyarorszagon\\\/\",\"name\":\"N\\u0151tt a k\\u00ednai \\u00e9s az ukr\\u00e1n munk\\u00e1sok sz\\u00e1ma Magyarorsz\\u00e1gon | AllasOrias.hu | H\\u00edrek-lapszemle\",\"description\":\"A statisztik\\u00e1k szerint 2017-ben nagym\\u00e9rt\\u00e9kben n\\u0151tt a k\\u00ednai \\u00e9s az ukr\\u00e1n munk\\u00e1sok sz\\u00e1ma haz\\u00e1nkban, a munkaer\\u0151hi\\u00e1ny egyik f\\u0151 megold\\u00e1si lehet\\u0151s\\u00e9g\\u00e9t \\u00fagy t\\u0171nik, a k\\u00fclf\\u00f6ldi munkav\\u00e1llal\\u00f3k jelentik. A magyar korm\\u00e1ny tervei is efel\\u00e9 hatnak, miut\\u00e1n 2016-ban k\\u00fcl\\u00f6n programot ind\\u00edtottak ukr\\u00e1n vend\\u00e9gmunk\\u00e1sok hi\\u00e1nyszakm\\u00e1kban t\\u00f6rt\\u00e9n\\u0151 foglalkoztat\\u00e1sa c\\u00e9lj\\u00e1b\\u00f3l. A Nemzeti Foglalkoztat\\u00e1si Szolg\\u00e1lat most k\\u00f6zz\\u00e9tett, 2017-re vonatkoz\\u00f3 statisztik\\u00e1j\\u00e1b\\u00f3l kider\\u00fclt, jelent\\u0151sen\",\"inLanguage\":\"hu-HU\",\"isPartOf\":{\"@id\":\"https:\\\/\\\/allasorias.hu\\\/hirek\\\/#website\"},\"breadcrumb\":{\"@id\":\"https:\\\/\\\/allasorias.hu\\\/hirek\\\/nott-a-kinai-es-az-ukran-munkasok-szama-magyarorszagon\\\/#breadcrumblist\"},\"author\":{\"@id\":\"https:\\\/\\\/allasorias.hu\\\/hirek\\\/author\\\/admin-allasorias\\\/#author\"},\"creator\":{\"@id\":\"https:\\\/\\\/allasorias.hu\\\/hirek\\\/author\\\/admin-allasorias\\\/#author\"},\"image\":{\"@type\":\"ImageObject\",\"url\":\"https:\\\/\\\/allasorias.hu\\\/hirek\\\/wp-content\\\/uploads\\\/2019\\\/01\\\/work-1000618_640.jpg\",\"@id\":\"https:\\\/\\\/allasorias.hu\\\/hirek\\\/nott-a-kinai-es-az-ukran-munkasok-szama-magyarorszagon\\\/#mainImage\",\"width\":640,\"height\":426},\"primaryImageOfPage\":{\"@id\":\"https:\\\/\\\/allasorias.hu\\\/hirek\\\/nott-a-kinai-es-az-ukran-munkasok-szama-magyarorszagon\\\/#mainImage\"},\"datePublished\":\"2019-01-09T10:22:35+02:00\",\"dateModified\":\"2019-01-09T10:22:35+02:00\"},{\"@type\":\"WebSite\",\"@id\":\"https:\\\/\\\/allasorias.hu\\\/hirek\\\/#website\",\"url\":\"https:\\\/\\\/allasorias.hu\\\/hirek\\\/\",\"name\":\"AllasOrias.hu | H\\u00edrek-lapszemle\",\"description\":\"\\u00dczleti h\\u00edrek az \\u00e1ll\\u00e1s \\u00e9s a munka vil\\u00e1g\\u00e1b\\u00f3l\",\"inLanguage\":\"hu-HU\",\"publisher\":{\"@id\":\"https:\\\/\\\/allasorias.hu\\\/hirek\\\/#organization\"}}]}\n\t\t<\/script>\n\t\t<!-- All in One SEO -->\n\n","aioseo_head_json":{"title":"N\u0151tt a k\u00ednai \u00e9s az ukr\u00e1n munk\u00e1sok sz\u00e1ma Magyarorsz\u00e1gon | AllasOrias.hu | H\u00edrek-lapszemle","description":"A statisztik\u00e1k szerint 2017-ben nagym\u00e9rt\u00e9kben n\u0151tt a k\u00ednai \u00e9s az ukr\u00e1n munk\u00e1sok sz\u00e1ma haz\u00e1nkban, a munkaer\u0151hi\u00e1ny egyik f\u0151 megold\u00e1si lehet\u0151s\u00e9g\u00e9t \u00fagy t\u0171nik, a k\u00fclf\u00f6ldi munkav\u00e1llal\u00f3k jelentik. A magyar korm\u00e1ny tervei is efel\u00e9 hatnak, miut\u00e1n 2016-ban k\u00fcl\u00f6n programot ind\u00edtottak ukr\u00e1n vend\u00e9gmunk\u00e1sok hi\u00e1nyszakm\u00e1kban t\u00f6rt\u00e9n\u0151 foglalkoztat\u00e1sa c\u00e9lj\u00e1b\u00f3l. A Nemzeti Foglalkoztat\u00e1si Szolg\u00e1lat most k\u00f6zz\u00e9tett, 2017-re vonatkoz\u00f3 statisztik\u00e1j\u00e1b\u00f3l kider\u00fclt, jelent\u0151sen","canonical_url":"https:\/\/allasorias.hu\/hirek\/nott-a-kinai-es-az-ukran-munkasok-szama-magyarorszagon\/","robots":"max-image-preview:large","keywords":"","webmasterTools":{"miscellaneous":""},"schema":{"@context":"https:\/\/schema.org","@graph":[{"@type":"Article","@id":"https:\/\/allasorias.hu\/hirek\/nott-a-kinai-es-az-ukran-munkasok-szama-magyarorszagon\/#article","name":"N\u0151tt a k\u00ednai \u00e9s az ukr\u00e1n munk\u00e1sok sz\u00e1ma Magyarorsz\u00e1gon | AllasOrias.hu | H\u00edrek-lapszemle","headline":"N\u0151tt a k\u00ednai \u00e9s az ukr\u00e1n munk\u00e1sok sz\u00e1ma Magyarorsz\u00e1gon","author":{"@id":"https:\/\/allasorias.hu\/hirek\/author\/admin-allasorias\/#author"},"publisher":{"@id":"https:\/\/allasorias.hu\/hirek\/#organization"},"image":{"@type":"ImageObject","url":"https:\/\/allasorias.hu\/hirek\/wp-content\/uploads\/2019\/01\/work-1000618_640.jpg","width":640,"height":426},"datePublished":"2019-01-09T10:22:35+02:00","dateModified":"2019-01-09T10:22:35+02:00","inLanguage":"hu-HU","mainEntityOfPage":{"@id":"https:\/\/allasorias.hu\/hirek\/nott-a-kinai-es-az-ukran-munkasok-szama-magyarorszagon\/#webpage"},"isPartOf":{"@id":"https:\/\/allasorias.hu\/hirek\/nott-a-kinai-es-az-ukran-munkasok-szama-magyarorszagon\/#webpage"},"articleSection":"Gazdas\u00e1g, Munkaer\u0151piac"},{"@type":"BreadcrumbList","@id":"https:\/\/allasorias.hu\/hirek\/nott-a-kinai-es-az-ukran-munkasok-szama-magyarorszagon\/#breadcrumblist","itemListElement":[{"@type":"ListItem","@id":"https:\/\/allasorias.hu\/hirek#listItem","position":1,"name":"Home","item":"https:\/\/allasorias.hu\/hirek","nextItem":{"@type":"ListItem","@id":"https:\/\/allasorias.hu\/hirek\/temak\/gazdasag\/#listItem","name":"Gazdas\u00e1g"}},{"@type":"ListItem","@id":"https:\/\/allasorias.hu\/hirek\/temak\/gazdasag\/#listItem","position":2,"name":"Gazdas\u00e1g","item":"https:\/\/allasorias.hu\/hirek\/temak\/gazdasag\/","nextItem":{"@type":"ListItem","@id":"https:\/\/allasorias.hu\/hirek\/nott-a-kinai-es-az-ukran-munkasok-szama-magyarorszagon\/#listItem","name":"N\u0151tt a k\u00ednai \u00e9s az ukr\u00e1n munk\u00e1sok sz\u00e1ma Magyarorsz\u00e1gon"},"previousItem":{"@type":"ListItem","@id":"https:\/\/allasorias.hu\/hirek#listItem","name":"Home"}},{"@type":"ListItem","@id":"https:\/\/allasorias.hu\/hirek\/nott-a-kinai-es-az-ukran-munkasok-szama-magyarorszagon\/#listItem","position":3,"name":"N\u0151tt a k\u00ednai \u00e9s az ukr\u00e1n munk\u00e1sok sz\u00e1ma Magyarorsz\u00e1gon","previousItem":{"@type":"ListItem","@id":"https:\/\/allasorias.hu\/hirek\/temak\/gazdasag\/#listItem","name":"Gazdas\u00e1g"}}]},{"@type":"Organization","@id":"https:\/\/allasorias.hu\/hirek\/#organization","name":"AllasOrias.hu | H\u00edrek-lapszemle","description":"\u00dczleti h\u00edrek az \u00e1ll\u00e1s \u00e9s a munka vil\u00e1g\u00e1b\u00f3l","url":"https:\/\/allasorias.hu\/hirek\/","logo":{"@type":"ImageObject","url":"https:\/\/allasorias.hu\/hirek\/wp-content\/uploads\/2022\/10\/allasorias_site_facebok_logo.png","@id":"https:\/\/allasorias.hu\/hirek\/nott-a-kinai-es-az-ukran-munkasok-szama-magyarorszagon\/#organizationLogo"},"image":{"@id":"https:\/\/allasorias.hu\/hirek\/nott-a-kinai-es-az-ukran-munkasok-szama-magyarorszagon\/#organizationLogo"},"sameAs":["https:\/\/www.facebook.com\/allasorias","https:\/\/www.linkedin.com\/company\/allasorias"]},{"@type":"Person","@id":"https:\/\/allasorias.hu\/hirek\/author\/admin-allasorias\/#author","url":"https:\/\/allasorias.hu\/hirek\/author\/admin-allasorias\/","name":"Juh\u00e1sz P\u00e9ter","image":{"@type":"ImageObject","@id":"https:\/\/allasorias.hu\/hirek\/nott-a-kinai-es-az-ukran-munkasok-szama-magyarorszagon\/#authorImage","url":"https:\/\/secure.gravatar.com\/avatar\/36e6bcb83148978b992977cb0f54d22feb0cce8a0a849a9410532bb2623ba4c6?s=96&d=mm&r=g","width":96,"height":96,"caption":"Juh\u00e1sz P\u00e9ter"}},{"@type":"WebPage","@id":"https:\/\/allasorias.hu\/hirek\/nott-a-kinai-es-az-ukran-munkasok-szama-magyarorszagon\/#webpage","url":"https:\/\/allasorias.hu\/hirek\/nott-a-kinai-es-az-ukran-munkasok-szama-magyarorszagon\/","name":"N\u0151tt a k\u00ednai \u00e9s az ukr\u00e1n munk\u00e1sok sz\u00e1ma Magyarorsz\u00e1gon | AllasOrias.hu | H\u00edrek-lapszemle","description":"A statisztik\u00e1k szerint 2017-ben nagym\u00e9rt\u00e9kben n\u0151tt a k\u00ednai \u00e9s az ukr\u00e1n munk\u00e1sok sz\u00e1ma haz\u00e1nkban, a munkaer\u0151hi\u00e1ny egyik f\u0151 megold\u00e1si lehet\u0151s\u00e9g\u00e9t \u00fagy t\u0171nik, a k\u00fclf\u00f6ldi munkav\u00e1llal\u00f3k jelentik. A magyar korm\u00e1ny tervei is efel\u00e9 hatnak, miut\u00e1n 2016-ban k\u00fcl\u00f6n programot ind\u00edtottak ukr\u00e1n vend\u00e9gmunk\u00e1sok hi\u00e1nyszakm\u00e1kban t\u00f6rt\u00e9n\u0151 foglalkoztat\u00e1sa c\u00e9lj\u00e1b\u00f3l. A Nemzeti Foglalkoztat\u00e1si Szolg\u00e1lat most k\u00f6zz\u00e9tett, 2017-re vonatkoz\u00f3 statisztik\u00e1j\u00e1b\u00f3l kider\u00fclt, jelent\u0151sen","inLanguage":"hu-HU","isPartOf":{"@id":"https:\/\/allasorias.hu\/hirek\/#website"},"breadcrumb":{"@id":"https:\/\/allasorias.hu\/hirek\/nott-a-kinai-es-az-ukran-munkasok-szama-magyarorszagon\/#breadcrumblist"},"author":{"@id":"https:\/\/allasorias.hu\/hirek\/author\/admin-allasorias\/#author"},"creator":{"@id":"https:\/\/allasorias.hu\/hirek\/author\/admin-allasorias\/#author"},"image":{"@type":"ImageObject","url":"https:\/\/allasorias.hu\/hirek\/wp-content\/uploads\/2019\/01\/work-1000618_640.jpg","@id":"https:\/\/allasorias.hu\/hirek\/nott-a-kinai-es-az-ukran-munkasok-szama-magyarorszagon\/#mainImage","width":640,"height":426},"primaryImageOfPage":{"@id":"https:\/\/allasorias.hu\/hirek\/nott-a-kinai-es-az-ukran-munkasok-szama-magyarorszagon\/#mainImage"},"datePublished":"2019-01-09T10:22:35+02:00","dateModified":"2019-01-09T10:22:35+02:00"},{"@type":"WebSite","@id":"https:\/\/allasorias.hu\/hirek\/#website","url":"https:\/\/allasorias.hu\/hirek\/","name":"AllasOrias.hu | H\u00edrek-lapszemle","description":"\u00dczleti h\u00edrek az \u00e1ll\u00e1s \u00e9s a munka vil\u00e1g\u00e1b\u00f3l","inLanguage":"hu-HU","publisher":{"@id":"https:\/\/allasorias.hu\/hirek\/#organization"}}]},"og:locale":"hu_HU","og:site_name":"AllasOrias.hu | H\u00edrek-lapszemle | \u00dczleti h\u00edrek az \u00e1ll\u00e1s \u00e9s a munka vil\u00e1g\u00e1b\u00f3l","og:type":"article","og:title":"N\u0151tt a k\u00ednai \u00e9s az ukr\u00e1n munk\u00e1sok sz\u00e1ma Magyarorsz\u00e1gon | AllasOrias.hu | H\u00edrek-lapszemle","og:description":"A statisztik\u00e1k szerint 2017-ben nagym\u00e9rt\u00e9kben n\u0151tt a k\u00ednai \u00e9s az ukr\u00e1n munk\u00e1sok sz\u00e1ma haz\u00e1nkban, a munkaer\u0151hi\u00e1ny egyik f\u0151 megold\u00e1si lehet\u0151s\u00e9g\u00e9t \u00fagy t\u0171nik, a k\u00fclf\u00f6ldi munkav\u00e1llal\u00f3k jelentik. A magyar korm\u00e1ny tervei is efel\u00e9 hatnak, miut\u00e1n 2016-ban k\u00fcl\u00f6n programot ind\u00edtottak ukr\u00e1n vend\u00e9gmunk\u00e1sok hi\u00e1nyszakm\u00e1kban t\u00f6rt\u00e9n\u0151 foglalkoztat\u00e1sa c\u00e9lj\u00e1b\u00f3l. A Nemzeti Foglalkoztat\u00e1si Szolg\u00e1lat most k\u00f6zz\u00e9tett, 2017-re vonatkoz\u00f3 statisztik\u00e1j\u00e1b\u00f3l kider\u00fclt, jelent\u0151sen","og:url":"https:\/\/allasorias.hu\/hirek\/nott-a-kinai-es-az-ukran-munkasok-szama-magyarorszagon\/","og:image":"https:\/\/allasorias.hu\/hirek\/wp-content\/uploads\/2019\/01\/work-1000618_640.jpg","og:image:secure_url":"https:\/\/allasorias.hu\/hirek\/wp-content\/uploads\/2019\/01\/work-1000618_640.jpg","og:image:width":640,"og:image:height":426,"article:published_time":"2019-01-09T10:22:35+00:00","article:modified_time":"2019-01-09T10:22:35+00:00","article:publisher":"https:\/\/www.facebook.com\/allasorias","twitter:card":"summary_large_image","twitter:title":"N\u0151tt a k\u00ednai \u00e9s az ukr\u00e1n munk\u00e1sok sz\u00e1ma Magyarorsz\u00e1gon | AllasOrias.hu | H\u00edrek-lapszemle","twitter:description":"A statisztik\u00e1k szerint 2017-ben nagym\u00e9rt\u00e9kben n\u0151tt a k\u00ednai \u00e9s az ukr\u00e1n munk\u00e1sok sz\u00e1ma haz\u00e1nkban, a munkaer\u0151hi\u00e1ny egyik f\u0151 megold\u00e1si lehet\u0151s\u00e9g\u00e9t \u00fagy t\u0171nik, a k\u00fclf\u00f6ldi munkav\u00e1llal\u00f3k jelentik. A magyar korm\u00e1ny tervei is efel\u00e9 hatnak, miut\u00e1n 2016-ban k\u00fcl\u00f6n programot ind\u00edtottak ukr\u00e1n vend\u00e9gmunk\u00e1sok hi\u00e1nyszakm\u00e1kban t\u00f6rt\u00e9n\u0151 foglalkoztat\u00e1sa c\u00e9lj\u00e1b\u00f3l. A Nemzeti Foglalkoztat\u00e1si Szolg\u00e1lat most k\u00f6zz\u00e9tett, 2017-re vonatkoz\u00f3 statisztik\u00e1j\u00e1b\u00f3l kider\u00fclt, jelent\u0151sen","twitter:image":"https:\/\/allasorias.hu\/hirek\/wp-content\/uploads\/2019\/01\/work-1000618_640.jpg","twitter:label1":"Written by","twitter:data1":"Juh\u00e1sz P\u00e9ter","twitter:label2":"Est. reading time","twitter:data2":"3 minutes"},"aioseo_meta_data":{"post_id":"2398","title":null,"description":null,"keywords":null,"keyphrases":null,"primary_term":null,"canonical_url":null,"og_title":null,"og_description":null,"og_object_type":"default","og_image_type":"default","og_image_url":null,"og_image_width":null,"og_image_height":null,"og_image_custom_url":null,"og_image_custom_fields":null,"og_video":null,"og_custom_url":null,"og_article_section":null,"og_article_tags":null,"twitter_use_og":false,"twitter_card":"default","twitter_image_type":"default","twitter_image_url":null,"twitter_image_custom_url":null,"twitter_image_custom_fields":null,"twitter_title":null,"twitter_description":null,"schema":{"blockGraphs":[],"customGraphs":[],"default":{"data":{"Article":[],"Course":[],"Dataset":[],"FAQPage":[],"Movie":[],"Person":[],"Product":[],"ProductReview":[],"Car":[],"Recipe":[],"Service":[],"SoftwareApplication":[],"WebPage":[]},"graphName":"","isEnabled":true},"graphs":[],"defaultGraph":"","defaultPostTypeGraph":""},"schema_type":null,"schema_type_options":null,"pillar_content":false,"robots_default":true,"robots_noindex":false,"robots_noarchive":false,"robots_nosnippet":false,"robots_nofollow":false,"robots_noimageindex":false,"robots_noodp":false,"robots_notranslate":false,"robots_max_snippet":null,"robots_max_videopreview":null,"robots_max_imagepreview":"large","priority":null,"frequency":null,"location":null,"local_seo":null,"breadcrumb_settings":null,"limit_modified_date":false,"ai":null,"created":"2021-02-01 20:46:01","updated":"2025-10-02 09:46:51","seo_analyzer_scan_date":null,"focus_keyword":null,"additional_keywords":null,"truseo_locale":null},"aioseo_breadcrumb":"<div class=\"aioseo-breadcrumbs\"><span class=\"aioseo-breadcrumb\">\n\t\t\t<a href=\"https:\/\/allasorias.hu\/hirek\" title=\"Home\">Home<\/a>\n\t\t<\/span><span class=\"aioseo-breadcrumb-separator\">&raquo;<\/span><span class=\"aioseo-breadcrumb\">\n\t\t\t<a href=\"https:\/\/allasorias.hu\/hirek\/temak\/gazdasag\/\" title=\"Gazdas\u00e1g\">Gazdas\u00e1g<\/a>\n\t\t<\/span><span class=\"aioseo-breadcrumb-separator\">&raquo;<\/span><span class=\"aioseo-breadcrumb\">\n\t\t\tN\u0151tt a k\u00ednai \u00e9s az ukr\u00e1n munk\u00e1sok sz\u00e1ma Magyarorsz\u00e1gon\n\t\t<\/span><\/div>","aioseo_breadcrumb_json":[{"label":"Home","link":"https:\/\/allasorias.hu\/hirek"},{"label":"Gazdas\u00e1g","link":"https:\/\/allasorias.hu\/hirek\/temak\/gazdasag\/"},{"label":"N\u0151tt a k\u00ednai \u00e9s az ukr\u00e1n munk\u00e1sok sz\u00e1ma Magyarorsz\u00e1gon","link":"https:\/\/allasorias.hu\/hirek\/nott-a-kinai-es-az-ukran-munkasok-szama-magyarorszagon\/"}],"_links":{"self":[{"href":"https:\/\/allasorias.hu\/hirek\/wp-json\/wp\/v2\/posts\/2398","targetHints":{"allow":["GET"]}}],"collection":[{"href":"https:\/\/allasorias.hu\/hirek\/wp-json\/wp\/v2\/posts"}],"about":[{"href":"https:\/\/allasorias.hu\/hirek\/wp-json\/wp\/v2\/types\/post"}],"author":[{"embeddable":true,"href":"https:\/\/allasorias.hu\/hirek\/wp-json\/wp\/v2\/users\/1"}],"replies":[{"embeddable":true,"href":"https:\/\/allasorias.hu\/hirek\/wp-json\/wp\/v2\/comments?post=2398"}],"version-history":[{"count":1,"href":"https:\/\/allasorias.hu\/hirek\/wp-json\/wp\/v2\/posts\/2398\/revisions"}],"predecessor-version":[{"id":2400,"href":"https:\/\/allasorias.hu\/hirek\/wp-json\/wp\/v2\/posts\/2398\/revisions\/2400"}],"wp:featuredmedia":[{"embeddable":true,"href":"https:\/\/allasorias.hu\/hirek\/wp-json\/wp\/v2\/media\/2399"}],"wp:attachment":[{"href":"https:\/\/allasorias.hu\/hirek\/wp-json\/wp\/v2\/media?parent=2398"}],"wp:term":[{"taxonomy":"category","embeddable":true,"href":"https:\/\/allasorias.hu\/hirek\/wp-json\/wp\/v2\/categories?post=2398"},{"taxonomy":"post_tag","embeddable":true,"href":"https:\/\/allasorias.hu\/hirek\/wp-json\/wp\/v2\/tags?post=2398"}],"curies":[{"name":"wp","href":"https:\/\/api.w.org\/{rel}","templated":true}]}}