{"id":2386,"date":"2019-01-07T10:20:02","date_gmt":"2019-01-07T10:20:02","guid":{"rendered":"https:\/\/allasorias.hu\/hirek\/?p=2386"},"modified":"2019-01-07T10:20:02","modified_gmt":"2019-01-07T10:20:02","slug":"fontos-az-elso-benyomas","status":"publish","type":"post","link":"https:\/\/allasorias.hu\/hirek\/fontos-az-elso-benyomas\/","title":{"rendered":"Fontos az els\u0151 benyom\u00e1s!"},"content":{"rendered":"<p><strong>Nem m\u0171k\u00f6dnek az eddigi toborz\u00e1si m\u00f3dszerek, ez\u00e9rt probl\u00e9m\u00e1juk lehet a v\u00e1llalatoknak a munkaer\u0151piacon.\u00a0 A Piac &amp; Profit KKV-AKAD\u00c9MIA konferenci\u00e1in a d\u00f6nt\u00e9shoz\u00f3knak seg\u00edtenek az \u00faj technik\u00e1k elsaj\u00e1t\u00edt\u00e1s\u00e1ban, miut\u00e1n egyre nehezebben tal\u00e1lnak munkaer\u0151t a v\u00e1llalatok, \u00e9s a 2019-es el\u0151rejelz\u00e9sek szerint ez a probl\u00e9ma nem fog enyh\u00fclni egyel\u0151re.<\/strong><\/p>\n<p>Nagy G\u00e1bor toborz\u00e1si szak\u00e9rt\u0151 azt mondja, a v\u00e1llalatok gondjait nem csak a sz\u0171k\u00f6s munkaer\u0151-k\u00edn\u00e1lat okozza, hanem az is, hogy a toborz\u00e1si kamp\u00e1nyokn\u00e1l alkalmazott technik\u00e1k m\u00e1r nem felelnek meg az \u00faj kommunik\u00e1ci\u00f3s csatorn\u00e1k t\u00e1masztotta k\u00f6vetelm\u00e9nyeknek. A szakember h\u00e1rom olyan ter\u00fcletre h\u00edvja fel a figyelmet, ahol minim\u00e1lis v\u00e1ltoztat\u00e1ssal nagym\u00e9rt\u00e9kben n\u00f6velhet\u0151 a toborz\u00e1si kamp\u00e1nyok hat\u00e9konys\u00e1ga. Kiemelte: a jelenlegi probl\u00e9m\u00e1k megold\u00e1sa szeml\u00e9letv\u00e1lt\u00e1s n\u00e9lk\u00fcl nem \u00e9rhet\u0151ek el. A munkaer\u0151-felv\u00e9tel m\u00e1ra egy \u00e9rt\u00e9kes\u00edt\u00e9si folyamatk\u00e9nt \u00edrhat\u00f3 le a legjobban. Ha j\u00f3 a marketing akkor van el\u00e9g \u00e9rdekl\u0151d\u0151, akinek \u00e9rt\u00e9kes\u00edteni lehet az \u00e1ll\u00e1st. \u00a0Ezt komplex rendszerk\u00e9nt kell kezelni, mert el\u00e9g egy sz\u0171k keresztmetszet, \u00e9s az eg\u00e9sz folyamat megakadhat.<\/p>\n<p><em><strong>Forr\u00e1s: piacesprofit.hu<\/strong><\/em><\/p>\n","protected":false},"excerpt":{"rendered":"<p>Nem m\u0171k\u00f6dnek az eddigi toborz\u00e1si m\u00f3dszerek, ez\u00e9rt probl\u00e9m\u00e1juk lehet a v\u00e1llalatoknak a munkaer\u0151piacon.\u00a0 A Piac &amp; Profit KKV-AKAD\u00c9MIA konferenci\u00e1in a d\u00f6nt\u00e9shoz\u00f3knak seg\u00edtenek az \u00faj technik\u00e1k elsaj\u00e1t\u00edt\u00e1s\u00e1ban, miut\u00e1n egyre nehezebben tal\u00e1lnak munkaer\u0151t a v\u00e1llalatok, \u00e9s a 2019-es el\u0151rejelz\u00e9sek szerint ez a probl\u00e9ma nem fog enyh\u00fclni egyel\u0151re. Nagy G\u00e1bor toborz\u00e1si szak\u00e9rt\u0151 azt mondja, a v\u00e1llalatok gondjait nem [&hellip;]<\/p>\n","protected":false},"author":1,"featured_media":2387,"comment_status":"open","ping_status":"open","sticky":false,"template":"","format":"standard","meta":{"_monsterinsights_skip_tracking":false,"footnotes":""},"categories":[1,200],"tags":[],"class_list":["post-2386","post","type-post","status-publish","format-standard","has-post-thumbnail","hentry","category-allaskereses","category-munkaeropiac"],"aioseo_notices":[],"aioseo_head":"\n\t\t<!-- All in One SEO 5.0.0.1 - aioseo.com -->\n\t<meta name=\"description\" content=\"Nem m\u0171k\u00f6dnek az eddigi toborz\u00e1si m\u00f3dszerek, ez\u00e9rt probl\u00e9m\u00e1juk lehet a v\u00e1llalatoknak a munkaer\u0151piacon. A Piac &amp; Profit KKV-AKAD\u00c9MIA konferenci\u00e1in a d\u00f6nt\u00e9shoz\u00f3knak seg\u00edtenek az \u00faj technik\u00e1k elsaj\u00e1t\u00edt\u00e1s\u00e1ban, miut\u00e1n egyre nehezebben tal\u00e1lnak munkaer\u0151t a v\u00e1llalatok, \u00e9s a 2019-es el\u0151rejelz\u00e9sek szerint ez a probl\u00e9ma nem fog enyh\u00fclni egyel\u0151re. Nagy G\u00e1bor toborz\u00e1si szak\u00e9rt\u0151 azt mondja, a v\u00e1llalatok gondjait nem\" \/>\n\t<meta name=\"robots\" content=\"max-image-preview:large\" \/>\n\t<meta name=\"author\" content=\"Juh\u00e1sz P\u00e9ter\"\/>\n\t<link rel=\"canonical\" href=\"https:\/\/allasorias.hu\/hirek\/fontos-az-elso-benyomas\/\" \/>\n\t<meta name=\"generator\" content=\"All in One SEO (AIOSEO) 5.0.0.1\" \/>\n\t\t<meta property=\"og:locale\" content=\"hu_HU\" \/>\n\t\t<meta property=\"og:site_name\" content=\"AllasOrias.hu | H\u00edrek-lapszemle | \u00dczleti h\u00edrek az \u00e1ll\u00e1s \u00e9s a munka vil\u00e1g\u00e1b\u00f3l\" \/>\n\t\t<meta property=\"og:type\" content=\"article\" \/>\n\t\t<meta property=\"og:title\" content=\"Fontos az els\u0151 benyom\u00e1s! | AllasOrias.hu | H\u00edrek-lapszemle\" \/>\n\t\t<meta property=\"og:description\" content=\"Nem m\u0171k\u00f6dnek az eddigi toborz\u00e1si m\u00f3dszerek, ez\u00e9rt probl\u00e9m\u00e1juk lehet a v\u00e1llalatoknak a munkaer\u0151piacon. A Piac &amp; Profit KKV-AKAD\u00c9MIA konferenci\u00e1in a d\u00f6nt\u00e9shoz\u00f3knak seg\u00edtenek az \u00faj technik\u00e1k elsaj\u00e1t\u00edt\u00e1s\u00e1ban, miut\u00e1n egyre nehezebben tal\u00e1lnak munkaer\u0151t a v\u00e1llalatok, \u00e9s a 2019-es el\u0151rejelz\u00e9sek szerint ez a probl\u00e9ma nem fog enyh\u00fclni egyel\u0151re. Nagy G\u00e1bor toborz\u00e1si szak\u00e9rt\u0151 azt mondja, a v\u00e1llalatok gondjait nem\" \/>\n\t\t<meta property=\"og:url\" content=\"https:\/\/allasorias.hu\/hirek\/fontos-az-elso-benyomas\/\" \/>\n\t\t<meta property=\"og:image\" content=\"https:\/\/allasorias.hu\/hirek\/wp-content\/uploads\/2019\/01\/pexels-photo-567633.jpeg\" \/>\n\t\t<meta property=\"og:image:secure_url\" content=\"https:\/\/allasorias.hu\/hirek\/wp-content\/uploads\/2019\/01\/pexels-photo-567633.jpeg\" \/>\n\t\t<meta property=\"og:image:width\" content=\"640\" \/>\n\t\t<meta property=\"og:image:height\" content=\"428\" \/>\n\t\t<meta property=\"article:published_time\" content=\"2019-01-07T10:20:02+00:00\" \/>\n\t\t<meta property=\"article:modified_time\" content=\"2019-01-07T10:20:02+00:00\" \/>\n\t\t<meta property=\"article:publisher\" content=\"https:\/\/www.facebook.com\/allasorias\" \/>\n\t\t<meta name=\"twitter:card\" content=\"summary_large_image\" \/>\n\t\t<meta name=\"twitter:title\" content=\"Fontos az els\u0151 benyom\u00e1s! | AllasOrias.hu | H\u00edrek-lapszemle\" \/>\n\t\t<meta name=\"twitter:description\" content=\"Nem m\u0171k\u00f6dnek az eddigi toborz\u00e1si m\u00f3dszerek, ez\u00e9rt probl\u00e9m\u00e1juk lehet a v\u00e1llalatoknak a munkaer\u0151piacon. A Piac &amp; Profit KKV-AKAD\u00c9MIA konferenci\u00e1in a d\u00f6nt\u00e9shoz\u00f3knak seg\u00edtenek az \u00faj technik\u00e1k elsaj\u00e1t\u00edt\u00e1s\u00e1ban, miut\u00e1n egyre nehezebben tal\u00e1lnak munkaer\u0151t a v\u00e1llalatok, \u00e9s a 2019-es el\u0151rejelz\u00e9sek szerint ez a probl\u00e9ma nem fog enyh\u00fclni egyel\u0151re. Nagy G\u00e1bor toborz\u00e1si szak\u00e9rt\u0151 azt mondja, a v\u00e1llalatok gondjait nem\" \/>\n\t\t<meta name=\"twitter:image\" content=\"https:\/\/allasorias.hu\/hirek\/wp-content\/uploads\/2019\/01\/pexels-photo-567633.jpeg\" \/>\n\t\t<meta name=\"twitter:label1\" content=\"Written by\" \/>\n\t\t<meta name=\"twitter:data1\" content=\"Juh\u00e1sz P\u00e9ter\" \/>\n\t\t<meta name=\"twitter:label2\" content=\"Est. reading time\" \/>\n\t\t<meta name=\"twitter:data2\" content=\"1 minute\" \/>\n\t\t<script type=\"application\/ld+json\" class=\"aioseo-schema\">\n\t\t\t{\"@context\":\"https:\\\/\\\/schema.org\",\"@graph\":[{\"@type\":\"Article\",\"@id\":\"https:\\\/\\\/allasorias.hu\\\/hirek\\\/fontos-az-elso-benyomas\\\/#article\",\"name\":\"Fontos az els\\u0151 benyom\\u00e1s! | AllasOrias.hu | H\\u00edrek-lapszemle\",\"headline\":\"Fontos az els\\u0151 benyom\\u00e1s!\",\"author\":{\"@id\":\"https:\\\/\\\/allasorias.hu\\\/hirek\\\/author\\\/admin-allasorias\\\/#author\"},\"publisher\":{\"@id\":\"https:\\\/\\\/allasorias.hu\\\/hirek\\\/#organization\"},\"image\":{\"@type\":\"ImageObject\",\"url\":\"https:\\\/\\\/allasorias.hu\\\/hirek\\\/wp-content\\\/uploads\\\/2019\\\/01\\\/pexels-photo-567633.jpeg\",\"width\":640,\"height\":428},\"datePublished\":\"2019-01-07T10:20:02+02:00\",\"dateModified\":\"2019-01-07T10:20:02+02:00\",\"inLanguage\":\"hu-HU\",\"mainEntityOfPage\":{\"@id\":\"https:\\\/\\\/allasorias.hu\\\/hirek\\\/fontos-az-elso-benyomas\\\/#webpage\"},\"isPartOf\":{\"@id\":\"https:\\\/\\\/allasorias.hu\\\/hirek\\\/fontos-az-elso-benyomas\\\/#webpage\"},\"articleSection\":\"\\u00c1ll\\u00e1skeres\\u00e9s, Munkaer\\u0151piac\"},{\"@type\":\"BreadcrumbList\",\"@id\":\"https:\\\/\\\/allasorias.hu\\\/hirek\\\/fontos-az-elso-benyomas\\\/#breadcrumblist\",\"itemListElement\":[{\"@type\":\"ListItem\",\"@id\":\"https:\\\/\\\/allasorias.hu\\\/hirek#listItem\",\"position\":1,\"name\":\"Home\",\"item\":\"https:\\\/\\\/allasorias.hu\\\/hirek\",\"nextItem\":{\"@type\":\"ListItem\",\"@id\":\"https:\\\/\\\/allasorias.hu\\\/hirek\\\/temak\\\/allaskereses\\\/#listItem\",\"name\":\"\\u00c1ll\\u00e1skeres\\u00e9s\"}},{\"@type\":\"ListItem\",\"@id\":\"https:\\\/\\\/allasorias.hu\\\/hirek\\\/temak\\\/allaskereses\\\/#listItem\",\"position\":2,\"name\":\"\\u00c1ll\\u00e1skeres\\u00e9s\",\"item\":\"https:\\\/\\\/allasorias.hu\\\/hirek\\\/temak\\\/allaskereses\\\/\",\"nextItem\":{\"@type\":\"ListItem\",\"@id\":\"https:\\\/\\\/allasorias.hu\\\/hirek\\\/fontos-az-elso-benyomas\\\/#listItem\",\"name\":\"Fontos az els\\u0151 benyom\\u00e1s!\"},\"previousItem\":{\"@type\":\"ListItem\",\"@id\":\"https:\\\/\\\/allasorias.hu\\\/hirek#listItem\",\"name\":\"Home\"}},{\"@type\":\"ListItem\",\"@id\":\"https:\\\/\\\/allasorias.hu\\\/hirek\\\/fontos-az-elso-benyomas\\\/#listItem\",\"position\":3,\"name\":\"Fontos az els\\u0151 benyom\\u00e1s!\",\"previousItem\":{\"@type\":\"ListItem\",\"@id\":\"https:\\\/\\\/allasorias.hu\\\/hirek\\\/temak\\\/allaskereses\\\/#listItem\",\"name\":\"\\u00c1ll\\u00e1skeres\\u00e9s\"}}]},{\"@type\":\"Organization\",\"@id\":\"https:\\\/\\\/allasorias.hu\\\/hirek\\\/#organization\",\"name\":\"AllasOrias.hu | H\\u00edrek-lapszemle\",\"description\":\"\\u00dczleti h\\u00edrek az \\u00e1ll\\u00e1s \\u00e9s a munka vil\\u00e1g\\u00e1b\\u00f3l\",\"url\":\"https:\\\/\\\/allasorias.hu\\\/hirek\\\/\",\"logo\":{\"@type\":\"ImageObject\",\"url\":\"https:\\\/\\\/allasorias.hu\\\/hirek\\\/wp-content\\\/uploads\\\/2022\\\/10\\\/allasorias_site_facebok_logo.png\",\"@id\":\"https:\\\/\\\/allasorias.hu\\\/hirek\\\/fontos-az-elso-benyomas\\\/#organizationLogo\"},\"image\":{\"@id\":\"https:\\\/\\\/allasorias.hu\\\/hirek\\\/fontos-az-elso-benyomas\\\/#organizationLogo\"},\"sameAs\":[\"https:\\\/\\\/www.facebook.com\\\/allasorias\",\"https:\\\/\\\/www.linkedin.com\\\/company\\\/allasorias\"]},{\"@type\":\"Person\",\"@id\":\"https:\\\/\\\/allasorias.hu\\\/hirek\\\/author\\\/admin-allasorias\\\/#author\",\"url\":\"https:\\\/\\\/allasorias.hu\\\/hirek\\\/author\\\/admin-allasorias\\\/\",\"name\":\"Juh\\u00e1sz P\\u00e9ter\",\"image\":{\"@type\":\"ImageObject\",\"@id\":\"https:\\\/\\\/allasorias.hu\\\/hirek\\\/fontos-az-elso-benyomas\\\/#authorImage\",\"url\":\"https:\\\/\\\/secure.gravatar.com\\\/avatar\\\/36e6bcb83148978b992977cb0f54d22feb0cce8a0a849a9410532bb2623ba4c6?s=96&d=mm&r=g\",\"width\":96,\"height\":96,\"caption\":\"Juh\\u00e1sz P\\u00e9ter\"}},{\"@type\":\"WebPage\",\"@id\":\"https:\\\/\\\/allasorias.hu\\\/hirek\\\/fontos-az-elso-benyomas\\\/#webpage\",\"url\":\"https:\\\/\\\/allasorias.hu\\\/hirek\\\/fontos-az-elso-benyomas\\\/\",\"name\":\"Fontos az els\\u0151 benyom\\u00e1s! | AllasOrias.hu | H\\u00edrek-lapszemle\",\"description\":\"Nem m\\u0171k\\u00f6dnek az eddigi toborz\\u00e1si m\\u00f3dszerek, ez\\u00e9rt probl\\u00e9m\\u00e1juk lehet a v\\u00e1llalatoknak a munkaer\\u0151piacon. A Piac & Profit KKV-AKAD\\u00c9MIA konferenci\\u00e1in a d\\u00f6nt\\u00e9shoz\\u00f3knak seg\\u00edtenek az \\u00faj technik\\u00e1k elsaj\\u00e1t\\u00edt\\u00e1s\\u00e1ban, miut\\u00e1n egyre nehezebben tal\\u00e1lnak munkaer\\u0151t a v\\u00e1llalatok, \\u00e9s a 2019-es el\\u0151rejelz\\u00e9sek szerint ez a probl\\u00e9ma nem fog enyh\\u00fclni egyel\\u0151re. Nagy G\\u00e1bor toborz\\u00e1si szak\\u00e9rt\\u0151 azt mondja, a v\\u00e1llalatok gondjait nem\",\"inLanguage\":\"hu-HU\",\"isPartOf\":{\"@id\":\"https:\\\/\\\/allasorias.hu\\\/hirek\\\/#website\"},\"breadcrumb\":{\"@id\":\"https:\\\/\\\/allasorias.hu\\\/hirek\\\/fontos-az-elso-benyomas\\\/#breadcrumblist\"},\"author\":{\"@id\":\"https:\\\/\\\/allasorias.hu\\\/hirek\\\/author\\\/admin-allasorias\\\/#author\"},\"creator\":{\"@id\":\"https:\\\/\\\/allasorias.hu\\\/hirek\\\/author\\\/admin-allasorias\\\/#author\"},\"image\":{\"@type\":\"ImageObject\",\"url\":\"https:\\\/\\\/allasorias.hu\\\/hirek\\\/wp-content\\\/uploads\\\/2019\\\/01\\\/pexels-photo-567633.jpeg\",\"@id\":\"https:\\\/\\\/allasorias.hu\\\/hirek\\\/fontos-az-elso-benyomas\\\/#mainImage\",\"width\":640,\"height\":428},\"primaryImageOfPage\":{\"@id\":\"https:\\\/\\\/allasorias.hu\\\/hirek\\\/fontos-az-elso-benyomas\\\/#mainImage\"},\"datePublished\":\"2019-01-07T10:20:02+02:00\",\"dateModified\":\"2019-01-07T10:20:02+02:00\"},{\"@type\":\"WebSite\",\"@id\":\"https:\\\/\\\/allasorias.hu\\\/hirek\\\/#website\",\"url\":\"https:\\\/\\\/allasorias.hu\\\/hirek\\\/\",\"name\":\"AllasOrias.hu | H\\u00edrek-lapszemle\",\"description\":\"\\u00dczleti h\\u00edrek az \\u00e1ll\\u00e1s \\u00e9s a munka vil\\u00e1g\\u00e1b\\u00f3l\",\"inLanguage\":\"hu-HU\",\"publisher\":{\"@id\":\"https:\\\/\\\/allasorias.hu\\\/hirek\\\/#organization\"}}]}\n\t\t<\/script>\n\t\t<!-- All in One SEO -->\n\n","aioseo_head_json":{"title":"Fontos az els\u0151 benyom\u00e1s! | AllasOrias.hu | H\u00edrek-lapszemle","description":"Nem m\u0171k\u00f6dnek az eddigi toborz\u00e1si m\u00f3dszerek, ez\u00e9rt probl\u00e9m\u00e1juk lehet a v\u00e1llalatoknak a munkaer\u0151piacon. A Piac & Profit KKV-AKAD\u00c9MIA konferenci\u00e1in a d\u00f6nt\u00e9shoz\u00f3knak seg\u00edtenek az \u00faj technik\u00e1k elsaj\u00e1t\u00edt\u00e1s\u00e1ban, miut\u00e1n egyre nehezebben tal\u00e1lnak munkaer\u0151t a v\u00e1llalatok, \u00e9s a 2019-es el\u0151rejelz\u00e9sek szerint ez a probl\u00e9ma nem fog enyh\u00fclni egyel\u0151re. Nagy G\u00e1bor toborz\u00e1si szak\u00e9rt\u0151 azt mondja, a v\u00e1llalatok gondjait nem","canonical_url":"https:\/\/allasorias.hu\/hirek\/fontos-az-elso-benyomas\/","robots":"max-image-preview:large","keywords":"","webmasterTools":{"miscellaneous":""},"schema":{"@context":"https:\/\/schema.org","@graph":[{"@type":"Article","@id":"https:\/\/allasorias.hu\/hirek\/fontos-az-elso-benyomas\/#article","name":"Fontos az els\u0151 benyom\u00e1s! | AllasOrias.hu | H\u00edrek-lapszemle","headline":"Fontos az els\u0151 benyom\u00e1s!","author":{"@id":"https:\/\/allasorias.hu\/hirek\/author\/admin-allasorias\/#author"},"publisher":{"@id":"https:\/\/allasorias.hu\/hirek\/#organization"},"image":{"@type":"ImageObject","url":"https:\/\/allasorias.hu\/hirek\/wp-content\/uploads\/2019\/01\/pexels-photo-567633.jpeg","width":640,"height":428},"datePublished":"2019-01-07T10:20:02+02:00","dateModified":"2019-01-07T10:20:02+02:00","inLanguage":"hu-HU","mainEntityOfPage":{"@id":"https:\/\/allasorias.hu\/hirek\/fontos-az-elso-benyomas\/#webpage"},"isPartOf":{"@id":"https:\/\/allasorias.hu\/hirek\/fontos-az-elso-benyomas\/#webpage"},"articleSection":"\u00c1ll\u00e1skeres\u00e9s, Munkaer\u0151piac"},{"@type":"BreadcrumbList","@id":"https:\/\/allasorias.hu\/hirek\/fontos-az-elso-benyomas\/#breadcrumblist","itemListElement":[{"@type":"ListItem","@id":"https:\/\/allasorias.hu\/hirek#listItem","position":1,"name":"Home","item":"https:\/\/allasorias.hu\/hirek","nextItem":{"@type":"ListItem","@id":"https:\/\/allasorias.hu\/hirek\/temak\/allaskereses\/#listItem","name":"\u00c1ll\u00e1skeres\u00e9s"}},{"@type":"ListItem","@id":"https:\/\/allasorias.hu\/hirek\/temak\/allaskereses\/#listItem","position":2,"name":"\u00c1ll\u00e1skeres\u00e9s","item":"https:\/\/allasorias.hu\/hirek\/temak\/allaskereses\/","nextItem":{"@type":"ListItem","@id":"https:\/\/allasorias.hu\/hirek\/fontos-az-elso-benyomas\/#listItem","name":"Fontos az els\u0151 benyom\u00e1s!"},"previousItem":{"@type":"ListItem","@id":"https:\/\/allasorias.hu\/hirek#listItem","name":"Home"}},{"@type":"ListItem","@id":"https:\/\/allasorias.hu\/hirek\/fontos-az-elso-benyomas\/#listItem","position":3,"name":"Fontos az els\u0151 benyom\u00e1s!","previousItem":{"@type":"ListItem","@id":"https:\/\/allasorias.hu\/hirek\/temak\/allaskereses\/#listItem","name":"\u00c1ll\u00e1skeres\u00e9s"}}]},{"@type":"Organization","@id":"https:\/\/allasorias.hu\/hirek\/#organization","name":"AllasOrias.hu | H\u00edrek-lapszemle","description":"\u00dczleti h\u00edrek az \u00e1ll\u00e1s \u00e9s a munka vil\u00e1g\u00e1b\u00f3l","url":"https:\/\/allasorias.hu\/hirek\/","logo":{"@type":"ImageObject","url":"https:\/\/allasorias.hu\/hirek\/wp-content\/uploads\/2022\/10\/allasorias_site_facebok_logo.png","@id":"https:\/\/allasorias.hu\/hirek\/fontos-az-elso-benyomas\/#organizationLogo"},"image":{"@id":"https:\/\/allasorias.hu\/hirek\/fontos-az-elso-benyomas\/#organizationLogo"},"sameAs":["https:\/\/www.facebook.com\/allasorias","https:\/\/www.linkedin.com\/company\/allasorias"]},{"@type":"Person","@id":"https:\/\/allasorias.hu\/hirek\/author\/admin-allasorias\/#author","url":"https:\/\/allasorias.hu\/hirek\/author\/admin-allasorias\/","name":"Juh\u00e1sz P\u00e9ter","image":{"@type":"ImageObject","@id":"https:\/\/allasorias.hu\/hirek\/fontos-az-elso-benyomas\/#authorImage","url":"https:\/\/secure.gravatar.com\/avatar\/36e6bcb83148978b992977cb0f54d22feb0cce8a0a849a9410532bb2623ba4c6?s=96&d=mm&r=g","width":96,"height":96,"caption":"Juh\u00e1sz P\u00e9ter"}},{"@type":"WebPage","@id":"https:\/\/allasorias.hu\/hirek\/fontos-az-elso-benyomas\/#webpage","url":"https:\/\/allasorias.hu\/hirek\/fontos-az-elso-benyomas\/","name":"Fontos az els\u0151 benyom\u00e1s! | AllasOrias.hu | H\u00edrek-lapszemle","description":"Nem m\u0171k\u00f6dnek az eddigi toborz\u00e1si m\u00f3dszerek, ez\u00e9rt probl\u00e9m\u00e1juk lehet a v\u00e1llalatoknak a munkaer\u0151piacon. A Piac & Profit KKV-AKAD\u00c9MIA konferenci\u00e1in a d\u00f6nt\u00e9shoz\u00f3knak seg\u00edtenek az \u00faj technik\u00e1k elsaj\u00e1t\u00edt\u00e1s\u00e1ban, miut\u00e1n egyre nehezebben tal\u00e1lnak munkaer\u0151t a v\u00e1llalatok, \u00e9s a 2019-es el\u0151rejelz\u00e9sek szerint ez a probl\u00e9ma nem fog enyh\u00fclni egyel\u0151re. Nagy G\u00e1bor toborz\u00e1si szak\u00e9rt\u0151 azt mondja, a v\u00e1llalatok gondjait nem","inLanguage":"hu-HU","isPartOf":{"@id":"https:\/\/allasorias.hu\/hirek\/#website"},"breadcrumb":{"@id":"https:\/\/allasorias.hu\/hirek\/fontos-az-elso-benyomas\/#breadcrumblist"},"author":{"@id":"https:\/\/allasorias.hu\/hirek\/author\/admin-allasorias\/#author"},"creator":{"@id":"https:\/\/allasorias.hu\/hirek\/author\/admin-allasorias\/#author"},"image":{"@type":"ImageObject","url":"https:\/\/allasorias.hu\/hirek\/wp-content\/uploads\/2019\/01\/pexels-photo-567633.jpeg","@id":"https:\/\/allasorias.hu\/hirek\/fontos-az-elso-benyomas\/#mainImage","width":640,"height":428},"primaryImageOfPage":{"@id":"https:\/\/allasorias.hu\/hirek\/fontos-az-elso-benyomas\/#mainImage"},"datePublished":"2019-01-07T10:20:02+02:00","dateModified":"2019-01-07T10:20:02+02:00"},{"@type":"WebSite","@id":"https:\/\/allasorias.hu\/hirek\/#website","url":"https:\/\/allasorias.hu\/hirek\/","name":"AllasOrias.hu | H\u00edrek-lapszemle","description":"\u00dczleti h\u00edrek az \u00e1ll\u00e1s \u00e9s a munka vil\u00e1g\u00e1b\u00f3l","inLanguage":"hu-HU","publisher":{"@id":"https:\/\/allasorias.hu\/hirek\/#organization"}}]},"og:locale":"hu_HU","og:site_name":"AllasOrias.hu | H\u00edrek-lapszemle | \u00dczleti h\u00edrek az \u00e1ll\u00e1s \u00e9s a munka vil\u00e1g\u00e1b\u00f3l","og:type":"article","og:title":"Fontos az els\u0151 benyom\u00e1s! | AllasOrias.hu | H\u00edrek-lapszemle","og:description":"Nem m\u0171k\u00f6dnek az eddigi toborz\u00e1si m\u00f3dszerek, ez\u00e9rt probl\u00e9m\u00e1juk lehet a v\u00e1llalatoknak a munkaer\u0151piacon. A Piac &amp; Profit KKV-AKAD\u00c9MIA konferenci\u00e1in a d\u00f6nt\u00e9shoz\u00f3knak seg\u00edtenek az \u00faj technik\u00e1k elsaj\u00e1t\u00edt\u00e1s\u00e1ban, miut\u00e1n egyre nehezebben tal\u00e1lnak munkaer\u0151t a v\u00e1llalatok, \u00e9s a 2019-es el\u0151rejelz\u00e9sek szerint ez a probl\u00e9ma nem fog enyh\u00fclni egyel\u0151re. Nagy G\u00e1bor toborz\u00e1si szak\u00e9rt\u0151 azt mondja, a v\u00e1llalatok gondjait nem","og:url":"https:\/\/allasorias.hu\/hirek\/fontos-az-elso-benyomas\/","og:image":"https:\/\/allasorias.hu\/hirek\/wp-content\/uploads\/2019\/01\/pexels-photo-567633.jpeg","og:image:secure_url":"https:\/\/allasorias.hu\/hirek\/wp-content\/uploads\/2019\/01\/pexels-photo-567633.jpeg","og:image:width":640,"og:image:height":428,"article:published_time":"2019-01-07T10:20:02+00:00","article:modified_time":"2019-01-07T10:20:02+00:00","article:publisher":"https:\/\/www.facebook.com\/allasorias","twitter:card":"summary_large_image","twitter:title":"Fontos az els\u0151 benyom\u00e1s! | AllasOrias.hu | H\u00edrek-lapszemle","twitter:description":"Nem m\u0171k\u00f6dnek az eddigi toborz\u00e1si m\u00f3dszerek, ez\u00e9rt probl\u00e9m\u00e1juk lehet a v\u00e1llalatoknak a munkaer\u0151piacon. A Piac &amp; Profit KKV-AKAD\u00c9MIA konferenci\u00e1in a d\u00f6nt\u00e9shoz\u00f3knak seg\u00edtenek az \u00faj technik\u00e1k elsaj\u00e1t\u00edt\u00e1s\u00e1ban, miut\u00e1n egyre nehezebben tal\u00e1lnak munkaer\u0151t a v\u00e1llalatok, \u00e9s a 2019-es el\u0151rejelz\u00e9sek szerint ez a probl\u00e9ma nem fog enyh\u00fclni egyel\u0151re. Nagy G\u00e1bor toborz\u00e1si szak\u00e9rt\u0151 azt mondja, a v\u00e1llalatok gondjait nem","twitter:image":"https:\/\/allasorias.hu\/hirek\/wp-content\/uploads\/2019\/01\/pexels-photo-567633.jpeg","twitter:label1":"Written by","twitter:data1":"Juh\u00e1sz P\u00e9ter","twitter:label2":"Est. reading time","twitter:data2":"1 minute"},"aioseo_meta_data":{"post_id":"2386","title":null,"description":null,"keywords":null,"keyphrases":null,"primary_term":null,"canonical_url":null,"og_title":null,"og_description":null,"og_object_type":"default","og_image_type":"default","og_image_url":null,"og_image_width":null,"og_image_height":null,"og_image_custom_url":null,"og_image_custom_fields":null,"og_video":null,"og_custom_url":null,"og_article_section":null,"og_article_tags":null,"twitter_use_og":false,"twitter_card":"default","twitter_image_type":"default","twitter_image_url":null,"twitter_image_custom_url":null,"twitter_image_custom_fields":null,"twitter_title":null,"twitter_description":null,"schema":{"blockGraphs":[],"customGraphs":[],"default":{"data":{"Article":[],"Course":[],"Dataset":[],"FAQPage":[],"Movie":[],"Person":[],"Product":[],"ProductReview":[],"Car":[],"Recipe":[],"Service":[],"SoftwareApplication":[],"WebPage":[]},"graphName":"","isEnabled":true},"graphs":[],"defaultGraph":"","defaultPostTypeGraph":""},"schema_type":null,"schema_type_options":null,"pillar_content":false,"robots_default":true,"robots_noindex":false,"robots_noarchive":false,"robots_nosnippet":false,"robots_nofollow":false,"robots_noimageindex":false,"robots_noodp":false,"robots_notranslate":false,"robots_max_snippet":null,"robots_max_videopreview":null,"robots_max_imagepreview":"large","priority":null,"frequency":null,"location":null,"local_seo":null,"breadcrumb_settings":null,"limit_modified_date":false,"ai":null,"created":"2021-02-01 20:46:01","updated":"2025-10-02 09:42:12","seo_analyzer_scan_date":null,"focus_keyword":null,"additional_keywords":null,"truseo_locale":null},"aioseo_breadcrumb":"<div class=\"aioseo-breadcrumbs\"><span class=\"aioseo-breadcrumb\">\n\t\t\t<a href=\"https:\/\/allasorias.hu\/hirek\" title=\"Home\">Home<\/a>\n\t\t<\/span><span class=\"aioseo-breadcrumb-separator\">&raquo;<\/span><span class=\"aioseo-breadcrumb\">\n\t\t\t<a href=\"https:\/\/allasorias.hu\/hirek\/temak\/allaskereses\/\" title=\"\u00c1ll\u00e1skeres\u00e9s\">\u00c1ll\u00e1skeres\u00e9s<\/a>\n\t\t<\/span><span class=\"aioseo-breadcrumb-separator\">&raquo;<\/span><span class=\"aioseo-breadcrumb\">\n\t\t\tFontos az els\u0151 benyom\u00e1s!\n\t\t<\/span><\/div>","aioseo_breadcrumb_json":[{"label":"Home","link":"https:\/\/allasorias.hu\/hirek"},{"label":"\u00c1ll\u00e1skeres\u00e9s","link":"https:\/\/allasorias.hu\/hirek\/temak\/allaskereses\/"},{"label":"Fontos az els\u0151 benyom\u00e1s!","link":"https:\/\/allasorias.hu\/hirek\/fontos-az-elso-benyomas\/"}],"_links":{"self":[{"href":"https:\/\/allasorias.hu\/hirek\/wp-json\/wp\/v2\/posts\/2386","targetHints":{"allow":["GET"]}}],"collection":[{"href":"https:\/\/allasorias.hu\/hirek\/wp-json\/wp\/v2\/posts"}],"about":[{"href":"https:\/\/allasorias.hu\/hirek\/wp-json\/wp\/v2\/types\/post"}],"author":[{"embeddable":true,"href":"https:\/\/allasorias.hu\/hirek\/wp-json\/wp\/v2\/users\/1"}],"replies":[{"embeddable":true,"href":"https:\/\/allasorias.hu\/hirek\/wp-json\/wp\/v2\/comments?post=2386"}],"version-history":[{"count":1,"href":"https:\/\/allasorias.hu\/hirek\/wp-json\/wp\/v2\/posts\/2386\/revisions"}],"predecessor-version":[{"id":2388,"href":"https:\/\/allasorias.hu\/hirek\/wp-json\/wp\/v2\/posts\/2386\/revisions\/2388"}],"wp:featuredmedia":[{"embeddable":true,"href":"https:\/\/allasorias.hu\/hirek\/wp-json\/wp\/v2\/media\/2387"}],"wp:attachment":[{"href":"https:\/\/allasorias.hu\/hirek\/wp-json\/wp\/v2\/media?parent=2386"}],"wp:term":[{"taxonomy":"category","embeddable":true,"href":"https:\/\/allasorias.hu\/hirek\/wp-json\/wp\/v2\/categories?post=2386"},{"taxonomy":"post_tag","embeddable":true,"href":"https:\/\/allasorias.hu\/hirek\/wp-json\/wp\/v2\/tags?post=2386"}],"curies":[{"name":"wp","href":"https:\/\/api.w.org\/{rel}","templated":true}]}}