{"id":2382,"date":"2019-01-04T10:25:32","date_gmt":"2019-01-04T10:25:32","guid":{"rendered":"https:\/\/allasorias.hu\/hirek\/?p=2382"},"modified":"2019-01-04T10:25:32","modified_gmt":"2019-01-04T10:25:32","slug":"keveslik-a-minimalber-emelest-a-volanosok","status":"publish","type":"post","link":"https:\/\/allasorias.hu\/hirek\/keveslik-a-minimalber-emelest-a-volanosok\/","title":{"rendered":"Keveslik a minim\u00e1lb\u00e9r emel\u00e9st a vol\u00e1nosok"},"content":{"rendered":"<p><strong>A Vol\u00e1n-dolgoz\u00f3k szakszervezete a 8%-os minim\u00e1lb\u00e9r emel\u00e9st kev\u00e9snek tartja \u00e9s s\u00falyos k\u00f6vetkezm\u00e9nyekre figyelmeztet. Az \u00e9rdekv\u00e9delmi szervezet v\u00e9lem\u00e9nye az, hogy a k\u00e9tsz\u00e1mjegy\u0171n\u00e9l kisebb m\u00e9rt\u00e9k\u0171 emel\u00e9snek bel\u00e1thatatlan k\u00f6vetkezm\u00e9nyei lehetnek az \u00e1gazatban egyre nagyobb gondot jelent\u0151 munkaer\u0151hi\u00e1ny miatt. <\/strong><\/p>\n<p>Furcs\u00e1llj\u00e1k, hogy a Liga \u00e9s a Munk\u00e1stan\u00e1csok mi\u00e9rt \u00edrt\u00e1k al\u00e1 az emel\u00e9sr\u0151l sz\u00f3l\u00f3 dokumentumot, hiszen kor\u00e1bban a Magyar Szakszervezeti Sz\u00f6vets\u00e9g is kevesellte a 8 sz\u00e1zal\u00e9kot, \u00e9s szint\u00e9n k\u00e9tsz\u00e1mjegy\u0171 emel\u00e9st s\u00fcrgettek. A K\u00f6z\u00fati K\u00f6zleked\u00e9si Szakszervezet eln\u00f6ke, Baranyai Zolt\u00e1n hangs\u00falyozta: ha nem emelkednek tov\u00e1bb a b\u00e9rek, tov\u00e1bbi elv\u00e1ndorl\u00e1sra kell sz\u00e1m\u00edtani, ami m\u00e9g a tavalyin\u00e1l is kritikusabb helyzetet teremthet az egy\u00e9bk\u00e9nt is l\u00e9tsz\u00e1mhi\u00e1nnyal k\u00fczd\u0151 \u00e1gazatban. Aut\u00f3szerel\u0151b\u0151l, aut\u00f3villamoss\u00e1g szerel\u0151b\u0151l \u00e9s aut\u00f3buszvezet\u0151b\u0151l m\u00e1r tavaly is komoly hi\u00e1ny volt, \u00e9s a r\u00e9gi dolgoz\u00f3kat is csak nehezen vagy egy\u00e1ltal\u00e1n nem lehetett megtartani a szakm\u00e1ban. A szakszervezeti vezet\u0151 szerint sajn\u00e1latos, hogy a meg\u00e1llapod\u00e1st al\u00e1\u00edr\u00f3 konf\u00f6der\u00e1ci\u00f3k a 8 sz\u00e1zal\u00e9k elfogad\u00e1s\u00e1val az \u00e1gazati tagszervezeteik poz\u00edci\u00f3j\u00e1t jelent\u0151sen gyeng\u00edtett\u00e9k a helyi b\u00e9rt\u00e1rgyal\u00e1sokon, de rem\u00e9nykedik benne, hogy a d\u00f6nt\u00e9shoz\u00f3k re\u00e1lisan l\u00e1tj\u00e1k a foglalkoztat\u00e1si neh\u00e9zs\u00e9geket, \u00e9s mindezt figyelembe v\u00e9ve sz\u00fcletik egy \u00faj, mindenki sz\u00e1m\u00e1ra elfogadhat\u00f3 meg\u00e1llapod\u00e1s.<\/p>\n<p>&nbsp;<\/p>\n<p><em>Forr\u00e1s: hvg.hu<\/em><\/p>\n","protected":false},"excerpt":{"rendered":"<p>A Vol\u00e1n-dolgoz\u00f3k szakszervezete a 8%-os minim\u00e1lb\u00e9r emel\u00e9st kev\u00e9snek tartja \u00e9s s\u00falyos k\u00f6vetkezm\u00e9nyekre figyelmeztet. Az \u00e9rdekv\u00e9delmi szervezet v\u00e9lem\u00e9nye az, hogy a k\u00e9tsz\u00e1mjegy\u0171n\u00e9l kisebb m\u00e9rt\u00e9k\u0171 emel\u00e9snek bel\u00e1thatatlan k\u00f6vetkezm\u00e9nyei lehetnek az \u00e1gazatban egyre nagyobb gondot jelent\u0151 munkaer\u0151hi\u00e1ny miatt. Furcs\u00e1llj\u00e1k, hogy a Liga \u00e9s a Munk\u00e1stan\u00e1csok mi\u00e9rt \u00edrt\u00e1k al\u00e1 az emel\u00e9sr\u0151l sz\u00f3l\u00f3 dokumentumot, hiszen kor\u00e1bban a Magyar Szakszervezeti Sz\u00f6vets\u00e9g [&hellip;]<\/p>\n","protected":false},"author":1,"featured_media":2383,"comment_status":"open","ping_status":"open","sticky":false,"template":"","format":"standard","meta":{"_monsterinsights_skip_tracking":false,"footnotes":""},"categories":[198,200],"tags":[],"class_list":["post-2382","post","type-post","status-publish","format-standard","has-post-thumbnail","hentry","category-gazdasag","category-munkaeropiac"],"aioseo_notices":[],"aioseo_head":"\n\t\t<!-- All in One SEO 5.0.0.1 - aioseo.com -->\n\t<meta name=\"description\" content=\"A Vol\u00e1n-dolgoz\u00f3k szakszervezete a 8%-os minim\u00e1lb\u00e9r emel\u00e9st kev\u00e9snek tartja \u00e9s s\u00falyos k\u00f6vetkezm\u00e9nyekre figyelmeztet. Az \u00e9rdekv\u00e9delmi szervezet v\u00e9lem\u00e9nye az, hogy a k\u00e9tsz\u00e1mjegy\u0171n\u00e9l kisebb m\u00e9rt\u00e9k\u0171 emel\u00e9snek bel\u00e1thatatlan k\u00f6vetkezm\u00e9nyei lehetnek az \u00e1gazatban egyre nagyobb gondot jelent\u0151 munkaer\u0151hi\u00e1ny miatt. Furcs\u00e1llj\u00e1k, hogy a Liga \u00e9s a Munk\u00e1stan\u00e1csok mi\u00e9rt \u00edrt\u00e1k al\u00e1 az emel\u00e9sr\u0151l sz\u00f3l\u00f3 dokumentumot, hiszen kor\u00e1bban a Magyar Szakszervezeti Sz\u00f6vets\u00e9g\" \/>\n\t<meta name=\"robots\" content=\"max-image-preview:large\" \/>\n\t<meta name=\"author\" content=\"Juh\u00e1sz P\u00e9ter\"\/>\n\t<link rel=\"canonical\" href=\"https:\/\/allasorias.hu\/hirek\/keveslik-a-minimalber-emelest-a-volanosok\/\" \/>\n\t<meta name=\"generator\" content=\"All in One SEO (AIOSEO) 5.0.0.1\" \/>\n\t\t<meta property=\"og:locale\" content=\"hu_HU\" \/>\n\t\t<meta property=\"og:site_name\" content=\"AllasOrias.hu | H\u00edrek-lapszemle | \u00dczleti h\u00edrek az \u00e1ll\u00e1s \u00e9s a munka vil\u00e1g\u00e1b\u00f3l\" \/>\n\t\t<meta property=\"og:type\" content=\"article\" \/>\n\t\t<meta property=\"og:title\" content=\"Keveslik a minim\u00e1lb\u00e9r emel\u00e9st a vol\u00e1nosok | AllasOrias.hu | H\u00edrek-lapszemle\" \/>\n\t\t<meta property=\"og:description\" content=\"A Vol\u00e1n-dolgoz\u00f3k szakszervezete a 8%-os minim\u00e1lb\u00e9r emel\u00e9st kev\u00e9snek tartja \u00e9s s\u00falyos k\u00f6vetkezm\u00e9nyekre figyelmeztet. Az \u00e9rdekv\u00e9delmi szervezet v\u00e9lem\u00e9nye az, hogy a k\u00e9tsz\u00e1mjegy\u0171n\u00e9l kisebb m\u00e9rt\u00e9k\u0171 emel\u00e9snek bel\u00e1thatatlan k\u00f6vetkezm\u00e9nyei lehetnek az \u00e1gazatban egyre nagyobb gondot jelent\u0151 munkaer\u0151hi\u00e1ny miatt. Furcs\u00e1llj\u00e1k, hogy a Liga \u00e9s a Munk\u00e1stan\u00e1csok mi\u00e9rt \u00edrt\u00e1k al\u00e1 az emel\u00e9sr\u0151l sz\u00f3l\u00f3 dokumentumot, hiszen kor\u00e1bban a Magyar Szakszervezeti Sz\u00f6vets\u00e9g\" \/>\n\t\t<meta property=\"og:url\" content=\"https:\/\/allasorias.hu\/hirek\/keveslik-a-minimalber-emelest-a-volanosok\/\" \/>\n\t\t<meta property=\"og:image\" content=\"https:\/\/allasorias.hu\/hirek\/wp-content\/uploads\/2019\/01\/1280px-Tisza_Vol\u00e1n_bus3.jpg\" \/>\n\t\t<meta property=\"og:image:secure_url\" content=\"https:\/\/allasorias.hu\/hirek\/wp-content\/uploads\/2019\/01\/1280px-Tisza_Vol\u00e1n_bus3.jpg\" \/>\n\t\t<meta property=\"og:image:width\" content=\"1280\" \/>\n\t\t<meta property=\"og:image:height\" content=\"960\" \/>\n\t\t<meta property=\"article:published_time\" content=\"2019-01-04T10:25:32+00:00\" \/>\n\t\t<meta property=\"article:modified_time\" content=\"2019-01-04T10:25:32+00:00\" \/>\n\t\t<meta property=\"article:publisher\" content=\"https:\/\/www.facebook.com\/allasorias\" \/>\n\t\t<meta name=\"twitter:card\" content=\"summary_large_image\" \/>\n\t\t<meta name=\"twitter:title\" content=\"Keveslik a minim\u00e1lb\u00e9r emel\u00e9st a vol\u00e1nosok | AllasOrias.hu | H\u00edrek-lapszemle\" \/>\n\t\t<meta name=\"twitter:description\" content=\"A Vol\u00e1n-dolgoz\u00f3k szakszervezete a 8%-os minim\u00e1lb\u00e9r emel\u00e9st kev\u00e9snek tartja \u00e9s s\u00falyos k\u00f6vetkezm\u00e9nyekre figyelmeztet. Az \u00e9rdekv\u00e9delmi szervezet v\u00e9lem\u00e9nye az, hogy a k\u00e9tsz\u00e1mjegy\u0171n\u00e9l kisebb m\u00e9rt\u00e9k\u0171 emel\u00e9snek bel\u00e1thatatlan k\u00f6vetkezm\u00e9nyei lehetnek az \u00e1gazatban egyre nagyobb gondot jelent\u0151 munkaer\u0151hi\u00e1ny miatt. Furcs\u00e1llj\u00e1k, hogy a Liga \u00e9s a Munk\u00e1stan\u00e1csok mi\u00e9rt \u00edrt\u00e1k al\u00e1 az emel\u00e9sr\u0151l sz\u00f3l\u00f3 dokumentumot, hiszen kor\u00e1bban a Magyar Szakszervezeti Sz\u00f6vets\u00e9g\" \/>\n\t\t<meta name=\"twitter:image\" content=\"https:\/\/allasorias.hu\/hirek\/wp-content\/uploads\/2019\/01\/1280px-Tisza_Vol\u00e1n_bus3.jpg\" \/>\n\t\t<meta name=\"twitter:label1\" content=\"Written by\" \/>\n\t\t<meta name=\"twitter:data1\" content=\"Juh\u00e1sz P\u00e9ter\" \/>\n\t\t<meta name=\"twitter:label2\" content=\"Est. reading time\" \/>\n\t\t<meta name=\"twitter:data2\" content=\"1 minute\" \/>\n\t\t<script type=\"application\/ld+json\" class=\"aioseo-schema\">\n\t\t\t{\"@context\":\"https:\\\/\\\/schema.org\",\"@graph\":[{\"@type\":\"Article\",\"@id\":\"https:\\\/\\\/allasorias.hu\\\/hirek\\\/keveslik-a-minimalber-emelest-a-volanosok\\\/#article\",\"name\":\"Keveslik a minim\\u00e1lb\\u00e9r emel\\u00e9st a vol\\u00e1nosok | AllasOrias.hu | H\\u00edrek-lapszemle\",\"headline\":\"Keveslik a minim\\u00e1lb\\u00e9r emel\\u00e9st a vol\\u00e1nosok\",\"author\":{\"@id\":\"https:\\\/\\\/allasorias.hu\\\/hirek\\\/author\\\/admin-allasorias\\\/#author\"},\"publisher\":{\"@id\":\"https:\\\/\\\/allasorias.hu\\\/hirek\\\/#organization\"},\"image\":{\"@type\":\"ImageObject\",\"url\":\"https:\\\/\\\/allasorias.hu\\\/hirek\\\/wp-content\\\/uploads\\\/2019\\\/01\\\/1280px-Tisza_Vol\\u00e1n_bus3.jpg\",\"width\":1280,\"height\":960},\"datePublished\":\"2019-01-04T10:25:32+02:00\",\"dateModified\":\"2019-01-04T10:25:32+02:00\",\"inLanguage\":\"hu-HU\",\"mainEntityOfPage\":{\"@id\":\"https:\\\/\\\/allasorias.hu\\\/hirek\\\/keveslik-a-minimalber-emelest-a-volanosok\\\/#webpage\"},\"isPartOf\":{\"@id\":\"https:\\\/\\\/allasorias.hu\\\/hirek\\\/keveslik-a-minimalber-emelest-a-volanosok\\\/#webpage\"},\"articleSection\":\"Gazdas\\u00e1g, Munkaer\\u0151piac\"},{\"@type\":\"BreadcrumbList\",\"@id\":\"https:\\\/\\\/allasorias.hu\\\/hirek\\\/keveslik-a-minimalber-emelest-a-volanosok\\\/#breadcrumblist\",\"itemListElement\":[{\"@type\":\"ListItem\",\"@id\":\"https:\\\/\\\/allasorias.hu\\\/hirek#listItem\",\"position\":1,\"name\":\"Home\",\"item\":\"https:\\\/\\\/allasorias.hu\\\/hirek\",\"nextItem\":{\"@type\":\"ListItem\",\"@id\":\"https:\\\/\\\/allasorias.hu\\\/hirek\\\/temak\\\/gazdasag\\\/#listItem\",\"name\":\"Gazdas\\u00e1g\"}},{\"@type\":\"ListItem\",\"@id\":\"https:\\\/\\\/allasorias.hu\\\/hirek\\\/temak\\\/gazdasag\\\/#listItem\",\"position\":2,\"name\":\"Gazdas\\u00e1g\",\"item\":\"https:\\\/\\\/allasorias.hu\\\/hirek\\\/temak\\\/gazdasag\\\/\",\"nextItem\":{\"@type\":\"ListItem\",\"@id\":\"https:\\\/\\\/allasorias.hu\\\/hirek\\\/keveslik-a-minimalber-emelest-a-volanosok\\\/#listItem\",\"name\":\"Keveslik a minim\\u00e1lb\\u00e9r emel\\u00e9st a vol\\u00e1nosok\"},\"previousItem\":{\"@type\":\"ListItem\",\"@id\":\"https:\\\/\\\/allasorias.hu\\\/hirek#listItem\",\"name\":\"Home\"}},{\"@type\":\"ListItem\",\"@id\":\"https:\\\/\\\/allasorias.hu\\\/hirek\\\/keveslik-a-minimalber-emelest-a-volanosok\\\/#listItem\",\"position\":3,\"name\":\"Keveslik a minim\\u00e1lb\\u00e9r emel\\u00e9st a vol\\u00e1nosok\",\"previousItem\":{\"@type\":\"ListItem\",\"@id\":\"https:\\\/\\\/allasorias.hu\\\/hirek\\\/temak\\\/gazdasag\\\/#listItem\",\"name\":\"Gazdas\\u00e1g\"}}]},{\"@type\":\"Organization\",\"@id\":\"https:\\\/\\\/allasorias.hu\\\/hirek\\\/#organization\",\"name\":\"AllasOrias.hu | H\\u00edrek-lapszemle\",\"description\":\"\\u00dczleti h\\u00edrek az \\u00e1ll\\u00e1s \\u00e9s a munka vil\\u00e1g\\u00e1b\\u00f3l\",\"url\":\"https:\\\/\\\/allasorias.hu\\\/hirek\\\/\",\"logo\":{\"@type\":\"ImageObject\",\"url\":\"https:\\\/\\\/allasorias.hu\\\/hirek\\\/wp-content\\\/uploads\\\/2022\\\/10\\\/allasorias_site_facebok_logo.png\",\"@id\":\"https:\\\/\\\/allasorias.hu\\\/hirek\\\/keveslik-a-minimalber-emelest-a-volanosok\\\/#organizationLogo\"},\"image\":{\"@id\":\"https:\\\/\\\/allasorias.hu\\\/hirek\\\/keveslik-a-minimalber-emelest-a-volanosok\\\/#organizationLogo\"},\"sameAs\":[\"https:\\\/\\\/www.facebook.com\\\/allasorias\",\"https:\\\/\\\/www.linkedin.com\\\/company\\\/allasorias\"]},{\"@type\":\"Person\",\"@id\":\"https:\\\/\\\/allasorias.hu\\\/hirek\\\/author\\\/admin-allasorias\\\/#author\",\"url\":\"https:\\\/\\\/allasorias.hu\\\/hirek\\\/author\\\/admin-allasorias\\\/\",\"name\":\"Juh\\u00e1sz P\\u00e9ter\",\"image\":{\"@type\":\"ImageObject\",\"@id\":\"https:\\\/\\\/allasorias.hu\\\/hirek\\\/keveslik-a-minimalber-emelest-a-volanosok\\\/#authorImage\",\"url\":\"https:\\\/\\\/secure.gravatar.com\\\/avatar\\\/36e6bcb83148978b992977cb0f54d22feb0cce8a0a849a9410532bb2623ba4c6?s=96&d=mm&r=g\",\"width\":96,\"height\":96,\"caption\":\"Juh\\u00e1sz P\\u00e9ter\"}},{\"@type\":\"WebPage\",\"@id\":\"https:\\\/\\\/allasorias.hu\\\/hirek\\\/keveslik-a-minimalber-emelest-a-volanosok\\\/#webpage\",\"url\":\"https:\\\/\\\/allasorias.hu\\\/hirek\\\/keveslik-a-minimalber-emelest-a-volanosok\\\/\",\"name\":\"Keveslik a minim\\u00e1lb\\u00e9r emel\\u00e9st a vol\\u00e1nosok | AllasOrias.hu | H\\u00edrek-lapszemle\",\"description\":\"A Vol\\u00e1n-dolgoz\\u00f3k szakszervezete a 8%-os minim\\u00e1lb\\u00e9r emel\\u00e9st kev\\u00e9snek tartja \\u00e9s s\\u00falyos k\\u00f6vetkezm\\u00e9nyekre figyelmeztet. Az \\u00e9rdekv\\u00e9delmi szervezet v\\u00e9lem\\u00e9nye az, hogy a k\\u00e9tsz\\u00e1mjegy\\u0171n\\u00e9l kisebb m\\u00e9rt\\u00e9k\\u0171 emel\\u00e9snek bel\\u00e1thatatlan k\\u00f6vetkezm\\u00e9nyei lehetnek az \\u00e1gazatban egyre nagyobb gondot jelent\\u0151 munkaer\\u0151hi\\u00e1ny miatt. Furcs\\u00e1llj\\u00e1k, hogy a Liga \\u00e9s a Munk\\u00e1stan\\u00e1csok mi\\u00e9rt \\u00edrt\\u00e1k al\\u00e1 az emel\\u00e9sr\\u0151l sz\\u00f3l\\u00f3 dokumentumot, hiszen kor\\u00e1bban a Magyar Szakszervezeti Sz\\u00f6vets\\u00e9g\",\"inLanguage\":\"hu-HU\",\"isPartOf\":{\"@id\":\"https:\\\/\\\/allasorias.hu\\\/hirek\\\/#website\"},\"breadcrumb\":{\"@id\":\"https:\\\/\\\/allasorias.hu\\\/hirek\\\/keveslik-a-minimalber-emelest-a-volanosok\\\/#breadcrumblist\"},\"author\":{\"@id\":\"https:\\\/\\\/allasorias.hu\\\/hirek\\\/author\\\/admin-allasorias\\\/#author\"},\"creator\":{\"@id\":\"https:\\\/\\\/allasorias.hu\\\/hirek\\\/author\\\/admin-allasorias\\\/#author\"},\"image\":{\"@type\":\"ImageObject\",\"url\":\"https:\\\/\\\/allasorias.hu\\\/hirek\\\/wp-content\\\/uploads\\\/2019\\\/01\\\/1280px-Tisza_Vol\\u00e1n_bus3.jpg\",\"@id\":\"https:\\\/\\\/allasorias.hu\\\/hirek\\\/keveslik-a-minimalber-emelest-a-volanosok\\\/#mainImage\",\"width\":1280,\"height\":960},\"primaryImageOfPage\":{\"@id\":\"https:\\\/\\\/allasorias.hu\\\/hirek\\\/keveslik-a-minimalber-emelest-a-volanosok\\\/#mainImage\"},\"datePublished\":\"2019-01-04T10:25:32+02:00\",\"dateModified\":\"2019-01-04T10:25:32+02:00\"},{\"@type\":\"WebSite\",\"@id\":\"https:\\\/\\\/allasorias.hu\\\/hirek\\\/#website\",\"url\":\"https:\\\/\\\/allasorias.hu\\\/hirek\\\/\",\"name\":\"AllasOrias.hu | H\\u00edrek-lapszemle\",\"description\":\"\\u00dczleti h\\u00edrek az \\u00e1ll\\u00e1s \\u00e9s a munka vil\\u00e1g\\u00e1b\\u00f3l\",\"inLanguage\":\"hu-HU\",\"publisher\":{\"@id\":\"https:\\\/\\\/allasorias.hu\\\/hirek\\\/#organization\"}}]}\n\t\t<\/script>\n\t\t<!-- All in One SEO -->\n\n","aioseo_head_json":{"title":"Keveslik a minim\u00e1lb\u00e9r emel\u00e9st a vol\u00e1nosok | AllasOrias.hu | H\u00edrek-lapszemle","description":"A Vol\u00e1n-dolgoz\u00f3k szakszervezete a 8%-os minim\u00e1lb\u00e9r emel\u00e9st kev\u00e9snek tartja \u00e9s s\u00falyos k\u00f6vetkezm\u00e9nyekre figyelmeztet. Az \u00e9rdekv\u00e9delmi szervezet v\u00e9lem\u00e9nye az, hogy a k\u00e9tsz\u00e1mjegy\u0171n\u00e9l kisebb m\u00e9rt\u00e9k\u0171 emel\u00e9snek bel\u00e1thatatlan k\u00f6vetkezm\u00e9nyei lehetnek az \u00e1gazatban egyre nagyobb gondot jelent\u0151 munkaer\u0151hi\u00e1ny miatt. Furcs\u00e1llj\u00e1k, hogy a Liga \u00e9s a Munk\u00e1stan\u00e1csok mi\u00e9rt \u00edrt\u00e1k al\u00e1 az emel\u00e9sr\u0151l sz\u00f3l\u00f3 dokumentumot, hiszen kor\u00e1bban a Magyar Szakszervezeti Sz\u00f6vets\u00e9g","canonical_url":"https:\/\/allasorias.hu\/hirek\/keveslik-a-minimalber-emelest-a-volanosok\/","robots":"max-image-preview:large","keywords":"","webmasterTools":{"miscellaneous":""},"schema":{"@context":"https:\/\/schema.org","@graph":[{"@type":"Article","@id":"https:\/\/allasorias.hu\/hirek\/keveslik-a-minimalber-emelest-a-volanosok\/#article","name":"Keveslik a minim\u00e1lb\u00e9r emel\u00e9st a vol\u00e1nosok | AllasOrias.hu | H\u00edrek-lapszemle","headline":"Keveslik a minim\u00e1lb\u00e9r emel\u00e9st a vol\u00e1nosok","author":{"@id":"https:\/\/allasorias.hu\/hirek\/author\/admin-allasorias\/#author"},"publisher":{"@id":"https:\/\/allasorias.hu\/hirek\/#organization"},"image":{"@type":"ImageObject","url":"https:\/\/allasorias.hu\/hirek\/wp-content\/uploads\/2019\/01\/1280px-Tisza_Vol\u00e1n_bus3.jpg","width":1280,"height":960},"datePublished":"2019-01-04T10:25:32+02:00","dateModified":"2019-01-04T10:25:32+02:00","inLanguage":"hu-HU","mainEntityOfPage":{"@id":"https:\/\/allasorias.hu\/hirek\/keveslik-a-minimalber-emelest-a-volanosok\/#webpage"},"isPartOf":{"@id":"https:\/\/allasorias.hu\/hirek\/keveslik-a-minimalber-emelest-a-volanosok\/#webpage"},"articleSection":"Gazdas\u00e1g, Munkaer\u0151piac"},{"@type":"BreadcrumbList","@id":"https:\/\/allasorias.hu\/hirek\/keveslik-a-minimalber-emelest-a-volanosok\/#breadcrumblist","itemListElement":[{"@type":"ListItem","@id":"https:\/\/allasorias.hu\/hirek#listItem","position":1,"name":"Home","item":"https:\/\/allasorias.hu\/hirek","nextItem":{"@type":"ListItem","@id":"https:\/\/allasorias.hu\/hirek\/temak\/gazdasag\/#listItem","name":"Gazdas\u00e1g"}},{"@type":"ListItem","@id":"https:\/\/allasorias.hu\/hirek\/temak\/gazdasag\/#listItem","position":2,"name":"Gazdas\u00e1g","item":"https:\/\/allasorias.hu\/hirek\/temak\/gazdasag\/","nextItem":{"@type":"ListItem","@id":"https:\/\/allasorias.hu\/hirek\/keveslik-a-minimalber-emelest-a-volanosok\/#listItem","name":"Keveslik a minim\u00e1lb\u00e9r emel\u00e9st a vol\u00e1nosok"},"previousItem":{"@type":"ListItem","@id":"https:\/\/allasorias.hu\/hirek#listItem","name":"Home"}},{"@type":"ListItem","@id":"https:\/\/allasorias.hu\/hirek\/keveslik-a-minimalber-emelest-a-volanosok\/#listItem","position":3,"name":"Keveslik a minim\u00e1lb\u00e9r emel\u00e9st a vol\u00e1nosok","previousItem":{"@type":"ListItem","@id":"https:\/\/allasorias.hu\/hirek\/temak\/gazdasag\/#listItem","name":"Gazdas\u00e1g"}}]},{"@type":"Organization","@id":"https:\/\/allasorias.hu\/hirek\/#organization","name":"AllasOrias.hu | H\u00edrek-lapszemle","description":"\u00dczleti h\u00edrek az \u00e1ll\u00e1s \u00e9s a munka vil\u00e1g\u00e1b\u00f3l","url":"https:\/\/allasorias.hu\/hirek\/","logo":{"@type":"ImageObject","url":"https:\/\/allasorias.hu\/hirek\/wp-content\/uploads\/2022\/10\/allasorias_site_facebok_logo.png","@id":"https:\/\/allasorias.hu\/hirek\/keveslik-a-minimalber-emelest-a-volanosok\/#organizationLogo"},"image":{"@id":"https:\/\/allasorias.hu\/hirek\/keveslik-a-minimalber-emelest-a-volanosok\/#organizationLogo"},"sameAs":["https:\/\/www.facebook.com\/allasorias","https:\/\/www.linkedin.com\/company\/allasorias"]},{"@type":"Person","@id":"https:\/\/allasorias.hu\/hirek\/author\/admin-allasorias\/#author","url":"https:\/\/allasorias.hu\/hirek\/author\/admin-allasorias\/","name":"Juh\u00e1sz P\u00e9ter","image":{"@type":"ImageObject","@id":"https:\/\/allasorias.hu\/hirek\/keveslik-a-minimalber-emelest-a-volanosok\/#authorImage","url":"https:\/\/secure.gravatar.com\/avatar\/36e6bcb83148978b992977cb0f54d22feb0cce8a0a849a9410532bb2623ba4c6?s=96&d=mm&r=g","width":96,"height":96,"caption":"Juh\u00e1sz P\u00e9ter"}},{"@type":"WebPage","@id":"https:\/\/allasorias.hu\/hirek\/keveslik-a-minimalber-emelest-a-volanosok\/#webpage","url":"https:\/\/allasorias.hu\/hirek\/keveslik-a-minimalber-emelest-a-volanosok\/","name":"Keveslik a minim\u00e1lb\u00e9r emel\u00e9st a vol\u00e1nosok | AllasOrias.hu | H\u00edrek-lapszemle","description":"A Vol\u00e1n-dolgoz\u00f3k szakszervezete a 8%-os minim\u00e1lb\u00e9r emel\u00e9st kev\u00e9snek tartja \u00e9s s\u00falyos k\u00f6vetkezm\u00e9nyekre figyelmeztet. Az \u00e9rdekv\u00e9delmi szervezet v\u00e9lem\u00e9nye az, hogy a k\u00e9tsz\u00e1mjegy\u0171n\u00e9l kisebb m\u00e9rt\u00e9k\u0171 emel\u00e9snek bel\u00e1thatatlan k\u00f6vetkezm\u00e9nyei lehetnek az \u00e1gazatban egyre nagyobb gondot jelent\u0151 munkaer\u0151hi\u00e1ny miatt. Furcs\u00e1llj\u00e1k, hogy a Liga \u00e9s a Munk\u00e1stan\u00e1csok mi\u00e9rt \u00edrt\u00e1k al\u00e1 az emel\u00e9sr\u0151l sz\u00f3l\u00f3 dokumentumot, hiszen kor\u00e1bban a Magyar Szakszervezeti Sz\u00f6vets\u00e9g","inLanguage":"hu-HU","isPartOf":{"@id":"https:\/\/allasorias.hu\/hirek\/#website"},"breadcrumb":{"@id":"https:\/\/allasorias.hu\/hirek\/keveslik-a-minimalber-emelest-a-volanosok\/#breadcrumblist"},"author":{"@id":"https:\/\/allasorias.hu\/hirek\/author\/admin-allasorias\/#author"},"creator":{"@id":"https:\/\/allasorias.hu\/hirek\/author\/admin-allasorias\/#author"},"image":{"@type":"ImageObject","url":"https:\/\/allasorias.hu\/hirek\/wp-content\/uploads\/2019\/01\/1280px-Tisza_Vol\u00e1n_bus3.jpg","@id":"https:\/\/allasorias.hu\/hirek\/keveslik-a-minimalber-emelest-a-volanosok\/#mainImage","width":1280,"height":960},"primaryImageOfPage":{"@id":"https:\/\/allasorias.hu\/hirek\/keveslik-a-minimalber-emelest-a-volanosok\/#mainImage"},"datePublished":"2019-01-04T10:25:32+02:00","dateModified":"2019-01-04T10:25:32+02:00"},{"@type":"WebSite","@id":"https:\/\/allasorias.hu\/hirek\/#website","url":"https:\/\/allasorias.hu\/hirek\/","name":"AllasOrias.hu | H\u00edrek-lapszemle","description":"\u00dczleti h\u00edrek az \u00e1ll\u00e1s \u00e9s a munka vil\u00e1g\u00e1b\u00f3l","inLanguage":"hu-HU","publisher":{"@id":"https:\/\/allasorias.hu\/hirek\/#organization"}}]},"og:locale":"hu_HU","og:site_name":"AllasOrias.hu | H\u00edrek-lapszemle | \u00dczleti h\u00edrek az \u00e1ll\u00e1s \u00e9s a munka vil\u00e1g\u00e1b\u00f3l","og:type":"article","og:title":"Keveslik a minim\u00e1lb\u00e9r emel\u00e9st a vol\u00e1nosok | AllasOrias.hu | H\u00edrek-lapszemle","og:description":"A Vol\u00e1n-dolgoz\u00f3k szakszervezete a 8%-os minim\u00e1lb\u00e9r emel\u00e9st kev\u00e9snek tartja \u00e9s s\u00falyos k\u00f6vetkezm\u00e9nyekre figyelmeztet. Az \u00e9rdekv\u00e9delmi szervezet v\u00e9lem\u00e9nye az, hogy a k\u00e9tsz\u00e1mjegy\u0171n\u00e9l kisebb m\u00e9rt\u00e9k\u0171 emel\u00e9snek bel\u00e1thatatlan k\u00f6vetkezm\u00e9nyei lehetnek az \u00e1gazatban egyre nagyobb gondot jelent\u0151 munkaer\u0151hi\u00e1ny miatt. Furcs\u00e1llj\u00e1k, hogy a Liga \u00e9s a Munk\u00e1stan\u00e1csok mi\u00e9rt \u00edrt\u00e1k al\u00e1 az emel\u00e9sr\u0151l sz\u00f3l\u00f3 dokumentumot, hiszen kor\u00e1bban a Magyar Szakszervezeti Sz\u00f6vets\u00e9g","og:url":"https:\/\/allasorias.hu\/hirek\/keveslik-a-minimalber-emelest-a-volanosok\/","og:image":"https:\/\/allasorias.hu\/hirek\/wp-content\/uploads\/2019\/01\/1280px-Tisza_Vol\u00e1n_bus3.jpg","og:image:secure_url":"https:\/\/allasorias.hu\/hirek\/wp-content\/uploads\/2019\/01\/1280px-Tisza_Vol\u00e1n_bus3.jpg","og:image:width":1280,"og:image:height":960,"article:published_time":"2019-01-04T10:25:32+00:00","article:modified_time":"2019-01-04T10:25:32+00:00","article:publisher":"https:\/\/www.facebook.com\/allasorias","twitter:card":"summary_large_image","twitter:title":"Keveslik a minim\u00e1lb\u00e9r emel\u00e9st a vol\u00e1nosok | AllasOrias.hu | H\u00edrek-lapszemle","twitter:description":"A Vol\u00e1n-dolgoz\u00f3k szakszervezete a 8%-os minim\u00e1lb\u00e9r emel\u00e9st kev\u00e9snek tartja \u00e9s s\u00falyos k\u00f6vetkezm\u00e9nyekre figyelmeztet. Az \u00e9rdekv\u00e9delmi szervezet v\u00e9lem\u00e9nye az, hogy a k\u00e9tsz\u00e1mjegy\u0171n\u00e9l kisebb m\u00e9rt\u00e9k\u0171 emel\u00e9snek bel\u00e1thatatlan k\u00f6vetkezm\u00e9nyei lehetnek az \u00e1gazatban egyre nagyobb gondot jelent\u0151 munkaer\u0151hi\u00e1ny miatt. Furcs\u00e1llj\u00e1k, hogy a Liga \u00e9s a Munk\u00e1stan\u00e1csok mi\u00e9rt \u00edrt\u00e1k al\u00e1 az emel\u00e9sr\u0151l sz\u00f3l\u00f3 dokumentumot, hiszen kor\u00e1bban a Magyar Szakszervezeti Sz\u00f6vets\u00e9g","twitter:image":"https:\/\/allasorias.hu\/hirek\/wp-content\/uploads\/2019\/01\/1280px-Tisza_Vol\u00e1n_bus3.jpg","twitter:label1":"Written by","twitter:data1":"Juh\u00e1sz P\u00e9ter","twitter:label2":"Est. reading time","twitter:data2":"1 minute"},"aioseo_meta_data":{"post_id":"2382","title":null,"description":null,"keywords":null,"keyphrases":null,"primary_term":null,"canonical_url":null,"og_title":null,"og_description":null,"og_object_type":"default","og_image_type":"default","og_image_url":null,"og_image_width":null,"og_image_height":null,"og_image_custom_url":null,"og_image_custom_fields":null,"og_video":null,"og_custom_url":null,"og_article_section":null,"og_article_tags":null,"twitter_use_og":false,"twitter_card":"default","twitter_image_type":"default","twitter_image_url":null,"twitter_image_custom_url":null,"twitter_image_custom_fields":null,"twitter_title":null,"twitter_description":null,"schema":{"blockGraphs":[],"customGraphs":[],"default":{"data":{"Article":[],"Course":[],"Dataset":[],"FAQPage":[],"Movie":[],"Person":[],"Product":[],"ProductReview":[],"Car":[],"Recipe":[],"Service":[],"SoftwareApplication":[],"WebPage":[]},"graphName":"","isEnabled":true},"graphs":[],"defaultGraph":"","defaultPostTypeGraph":""},"schema_type":null,"schema_type_options":null,"pillar_content":false,"robots_default":true,"robots_noindex":false,"robots_noarchive":false,"robots_nosnippet":false,"robots_nofollow":false,"robots_noimageindex":false,"robots_noodp":false,"robots_notranslate":false,"robots_max_snippet":null,"robots_max_videopreview":null,"robots_max_imagepreview":"large","priority":null,"frequency":null,"location":null,"local_seo":null,"breadcrumb_settings":null,"limit_modified_date":false,"ai":null,"created":"2021-02-01 20:46:01","updated":"2025-10-02 09:42:12","seo_analyzer_scan_date":null,"focus_keyword":null,"additional_keywords":null,"truseo_locale":null},"aioseo_breadcrumb":"<div class=\"aioseo-breadcrumbs\"><span class=\"aioseo-breadcrumb\">\n\t\t\t<a href=\"https:\/\/allasorias.hu\/hirek\" title=\"Home\">Home<\/a>\n\t\t<\/span><span class=\"aioseo-breadcrumb-separator\">&raquo;<\/span><span class=\"aioseo-breadcrumb\">\n\t\t\t<a href=\"https:\/\/allasorias.hu\/hirek\/temak\/gazdasag\/\" title=\"Gazdas\u00e1g\">Gazdas\u00e1g<\/a>\n\t\t<\/span><span class=\"aioseo-breadcrumb-separator\">&raquo;<\/span><span class=\"aioseo-breadcrumb\">\n\t\t\tKeveslik a minim\u00e1lb\u00e9r emel\u00e9st a vol\u00e1nosok\n\t\t<\/span><\/div>","aioseo_breadcrumb_json":[{"label":"Home","link":"https:\/\/allasorias.hu\/hirek"},{"label":"Gazdas\u00e1g","link":"https:\/\/allasorias.hu\/hirek\/temak\/gazdasag\/"},{"label":"Keveslik a minim\u00e1lb\u00e9r emel\u00e9st a vol\u00e1nosok","link":"https:\/\/allasorias.hu\/hirek\/keveslik-a-minimalber-emelest-a-volanosok\/"}],"_links":{"self":[{"href":"https:\/\/allasorias.hu\/hirek\/wp-json\/wp\/v2\/posts\/2382","targetHints":{"allow":["GET"]}}],"collection":[{"href":"https:\/\/allasorias.hu\/hirek\/wp-json\/wp\/v2\/posts"}],"about":[{"href":"https:\/\/allasorias.hu\/hirek\/wp-json\/wp\/v2\/types\/post"}],"author":[{"embeddable":true,"href":"https:\/\/allasorias.hu\/hirek\/wp-json\/wp\/v2\/users\/1"}],"replies":[{"embeddable":true,"href":"https:\/\/allasorias.hu\/hirek\/wp-json\/wp\/v2\/comments?post=2382"}],"version-history":[{"count":1,"href":"https:\/\/allasorias.hu\/hirek\/wp-json\/wp\/v2\/posts\/2382\/revisions"}],"predecessor-version":[{"id":2384,"href":"https:\/\/allasorias.hu\/hirek\/wp-json\/wp\/v2\/posts\/2382\/revisions\/2384"}],"wp:featuredmedia":[{"embeddable":true,"href":"https:\/\/allasorias.hu\/hirek\/wp-json\/wp\/v2\/media\/2383"}],"wp:attachment":[{"href":"https:\/\/allasorias.hu\/hirek\/wp-json\/wp\/v2\/media?parent=2382"}],"wp:term":[{"taxonomy":"category","embeddable":true,"href":"https:\/\/allasorias.hu\/hirek\/wp-json\/wp\/v2\/categories?post=2382"},{"taxonomy":"post_tag","embeddable":true,"href":"https:\/\/allasorias.hu\/hirek\/wp-json\/wp\/v2\/tags?post=2382"}],"curies":[{"name":"wp","href":"https:\/\/api.w.org\/{rel}","templated":true}]}}