{"id":2374,"date":"2019-01-03T10:26:59","date_gmt":"2019-01-03T10:26:59","guid":{"rendered":"https:\/\/allasorias.hu\/hirek\/?p=2374"},"modified":"2019-01-03T10:26:59","modified_gmt":"2019-01-03T10:26:59","slug":"elfogynak-a-fantomcegek-magyarorszagon","status":"publish","type":"post","link":"https:\/\/allasorias.hu\/hirek\/elfogynak-a-fantomcegek-magyarorszagon\/","title":{"rendered":"Elfogynak a fantomc\u00e9gek Magyarorsz\u00e1gon"},"content":{"rendered":"<p><strong>A NAV t\u00e1j\u00e9koztat\u00e1sa szerint nyolcezerrel cs\u00f6kkent a fantomc\u00e9gek sz\u00e1ma haz\u00e1nkban, ennek oka az lehet \u00a0hogy tavaly ny\u00e1r \u00f3ta csak saj\u00e1t tulajdon\u00fa ingatlan lehet sz\u00e9khelyszolg\u00e1ltat\u00f3, m\u00e1rpedig az \u00e9rintettek erre a feladatra jellemz\u0151en b\u00e9relt\u00e9k az irod\u00e1ikat.<\/strong><\/p>\n<p style=\"text-align: justify;\">Cs\u00f6kkent a sz\u00e9khelyszolg\u00e1ltat\u00e1st ig\u00e9nybe vev\u0151 c\u00e9gek sz\u00e1ma is. T\u00f6bb mint 12 ezer olyan t\u00e1rsas v\u00e1llalkoz\u00e1st tartanak nyilv\u00e1n Magyarorsz\u00e1gon, amelynek sz\u00e9khely\u00e9t sz\u00e9khelyszolg\u00e1ltat\u00f3kn\u00e1l jegyezt\u00e9k be \u2013 t\u00e1j\u00e9koztatott a NAV \u00a0sajt\u00f3oszt\u00e1lya. Ez az \u00f6sszes m\u0171k\u00f6d\u0151 t\u00e1rsas v\u00e1llalkoz\u00e1s mintegy 2 sz\u00e1zal\u00e9ka. Az e szolg\u00e1ltat\u00e1st ny\u00fajt\u00f3 c\u00e9gek tev\u00e9kenys\u00e9ge f\u0151k\u00e9nt az, hogy \u00e1tveszik \u00e9s a megadott c\u00edmre tov\u00e1bb\u00edtj\u00e1k az ad\u00f3z\u00f3knak \u00e9rkezett k\u00fcldem\u00e9nyeket. A NAV t\u00e1j\u00e9koztat\u00e1sa szerint a sz\u00e9khelyszolg\u00e1ltat\u00e1s a k\u00f6z\u00e9p-magyarorsz\u00e1gi r\u00e9gi\u00f3ban a legjellemz\u0151bb, azon bel\u00fcl is Budapesten. M\u00edg 2017-ben 10 430 ad\u00f3z\u00f3 jelezte az ad\u00f3hat\u00f3s\u00e1gn\u00e1l, hogy sz\u00e9khelyszolg\u00e1ltat\u00e1st vesz ig\u00e9nybe, tavaly csak 2402 c\u00e9g. nem hivatalos v\u00e9lem\u00e9nyek szerint a v\u00e1ltoz\u00e1shoz k\u00f6ze lehet annak, hogy a vonatkoz\u00f3 szab\u00e1lyoz\u00e1s 2018 nyar\u00e1nak k\u00f6zep\u00e9t\u0151l hat\u00e1lyos f\u0151szab\u00e1lya szerint adott t\u00e1rsas\u00e1g csak a saj\u00e1t tulajdon\u00fa ingatlan\u00e1t haszn\u00e1lhatja sz\u00e9khelyszolg\u00e1ltat\u00e1sra. Mivel pedig a legt\u00f6bb ilyen szolg\u00e1ltat\u00f3 b\u00e9relte az irod\u00e1it, a v\u00e1ltoz\u00e1s miatt t\u00f6bben felsz\u00e1molhatt\u00e1k tev\u00e9kenys\u00e9g\u00fcket. Egy m\u00e1sik magyar\u00e1zat lehet a jelens\u00e9gre, hogy 2017-ben minden v\u00e1llalkoz\u00e1snak be kellett jelenteni, ha sz\u00e9khelyszolg\u00e1ltat\u00e1st vett ig\u00e9nybe, azoknak is, amelyek ez al\u00f3l kor\u00e1bban mentes\u00fcltek. A NAV inform\u00e1ci\u00f3i szerint a felsz\u00e1mol\u00e1s, v\u00e9gelsz\u00e1mol\u00e1s vagy megsz\u0171n\u00e9s alatt \u00e1ll\u00f3, sz\u00e1zmilli\u00f3 forintn\u00e1l nagyobb foly\u00f3sz\u00e1mla-h\u00e1tral\u00e9kkal rendelkez\u0151 ad\u00f3z\u00f3k 3,2 sz\u00e1zal\u00e9k\u00e1t regisztr\u00e1lt\u00e1k sz\u00e9khelyszolg\u00e1ltat\u00f3k c\u00edm\u00e9n. Vagyis a k\u00f6zterheket nagy t\u00e9telben nem befizet\u0151 c\u00e9gek ezres feketelist\u00e1j\u00e1n k\u00f6r\u00fclbel\u00fcl harminc c\u00e9g b\u00fajik meg sz\u00e9khelyszolg\u00e1ltat\u00f3kn\u00e1l. A NAV hangs\u00falyozta, hogy fokozott figyelmet ford\u00edt a sz\u00e9khelyszolg\u00e1ltat\u00f3khoz bejelentkezett ad\u00f3z\u00f3k vizsg\u00e1lat\u00e1ra. Az ellen\u0151rz\u00e9sek tapasztalatai szerint z\u00f6m\u00e9ben sikertelen a sz\u00e9khelyszolg\u00e1ltat\u00f3khoz bejelentett c\u00e9gekkel a t\u00e9nyleges kapcsolatfelv\u00e9tel.<\/p>\n<p><em>Forr\u00e1s: privatbankar.hu<\/em><\/p>\n","protected":false},"excerpt":{"rendered":"<p>A NAV t\u00e1j\u00e9koztat\u00e1sa szerint nyolcezerrel cs\u00f6kkent a fantomc\u00e9gek sz\u00e1ma haz\u00e1nkban, ennek oka az lehet \u00a0hogy tavaly ny\u00e1r \u00f3ta csak saj\u00e1t tulajdon\u00fa ingatlan lehet sz\u00e9khelyszolg\u00e1ltat\u00f3, m\u00e1rpedig az \u00e9rintettek erre a feladatra jellemz\u0151en b\u00e9relt\u00e9k az irod\u00e1ikat. Cs\u00f6kkent a sz\u00e9khelyszolg\u00e1ltat\u00e1st ig\u00e9nybe vev\u0151 c\u00e9gek sz\u00e1ma is. T\u00f6bb mint 12 ezer olyan t\u00e1rsas v\u00e1llalkoz\u00e1st tartanak nyilv\u00e1n Magyarorsz\u00e1gon, amelynek sz\u00e9khely\u00e9t sz\u00e9khelyszolg\u00e1ltat\u00f3kn\u00e1l [&hellip;]<\/p>\n","protected":false},"author":1,"featured_media":2375,"comment_status":"open","ping_status":"open","sticky":false,"template":"","format":"standard","meta":{"_monsterinsights_skip_tracking":false,"footnotes":""},"categories":[198],"tags":[],"class_list":["post-2374","post","type-post","status-publish","format-standard","has-post-thumbnail","hentry","category-gazdasag"],"aioseo_notices":[],"aioseo_head":"\n\t\t<!-- All in One SEO 5.0.0.1 - aioseo.com -->\n\t<meta name=\"description\" content=\"A NAV t\u00e1j\u00e9koztat\u00e1sa szerint nyolcezerrel cs\u00f6kkent a fantomc\u00e9gek sz\u00e1ma haz\u00e1nkban, ennek oka az lehet hogy tavaly ny\u00e1r \u00f3ta csak saj\u00e1t tulajdon\u00fa ingatlan lehet sz\u00e9khelyszolg\u00e1ltat\u00f3, m\u00e1rpedig az \u00e9rintettek erre a feladatra jellemz\u0151en b\u00e9relt\u00e9k az irod\u00e1ikat. Cs\u00f6kkent a sz\u00e9khelyszolg\u00e1ltat\u00e1st ig\u00e9nybe vev\u0151 c\u00e9gek sz\u00e1ma is. T\u00f6bb mint 12 ezer olyan t\u00e1rsas v\u00e1llalkoz\u00e1st tartanak nyilv\u00e1n Magyarorsz\u00e1gon, amelynek sz\u00e9khely\u00e9t sz\u00e9khelyszolg\u00e1ltat\u00f3kn\u00e1l\" \/>\n\t<meta name=\"robots\" content=\"max-image-preview:large\" \/>\n\t<meta name=\"author\" content=\"Juh\u00e1sz P\u00e9ter\"\/>\n\t<link rel=\"canonical\" href=\"https:\/\/allasorias.hu\/hirek\/elfogynak-a-fantomcegek-magyarorszagon\/\" \/>\n\t<meta name=\"generator\" content=\"All in One SEO (AIOSEO) 5.0.0.1\" \/>\n\t\t<meta property=\"og:locale\" content=\"hu_HU\" \/>\n\t\t<meta property=\"og:site_name\" content=\"AllasOrias.hu | H\u00edrek-lapszemle | \u00dczleti h\u00edrek az \u00e1ll\u00e1s \u00e9s a munka vil\u00e1g\u00e1b\u00f3l\" \/>\n\t\t<meta property=\"og:type\" content=\"article\" \/>\n\t\t<meta property=\"og:title\" content=\"Elfogynak a fantomc\u00e9gek Magyarorsz\u00e1gon | AllasOrias.hu | H\u00edrek-lapszemle\" \/>\n\t\t<meta property=\"og:description\" content=\"A NAV t\u00e1j\u00e9koztat\u00e1sa szerint nyolcezerrel cs\u00f6kkent a fantomc\u00e9gek sz\u00e1ma haz\u00e1nkban, ennek oka az lehet hogy tavaly ny\u00e1r \u00f3ta csak saj\u00e1t tulajdon\u00fa ingatlan lehet sz\u00e9khelyszolg\u00e1ltat\u00f3, m\u00e1rpedig az \u00e9rintettek erre a feladatra jellemz\u0151en b\u00e9relt\u00e9k az irod\u00e1ikat. Cs\u00f6kkent a sz\u00e9khelyszolg\u00e1ltat\u00e1st ig\u00e9nybe vev\u0151 c\u00e9gek sz\u00e1ma is. T\u00f6bb mint 12 ezer olyan t\u00e1rsas v\u00e1llalkoz\u00e1st tartanak nyilv\u00e1n Magyarorsz\u00e1gon, amelynek sz\u00e9khely\u00e9t sz\u00e9khelyszolg\u00e1ltat\u00f3kn\u00e1l\" \/>\n\t\t<meta property=\"og:url\" content=\"https:\/\/allasorias.hu\/hirek\/elfogynak-a-fantomcegek-magyarorszagon\/\" \/>\n\t\t<meta property=\"og:image\" content=\"https:\/\/allasorias.hu\/hirek\/wp-content\/uploads\/2019\/01\/conference-room-768441_640.jpg\" \/>\n\t\t<meta property=\"og:image:secure_url\" content=\"https:\/\/allasorias.hu\/hirek\/wp-content\/uploads\/2019\/01\/conference-room-768441_640.jpg\" \/>\n\t\t<meta property=\"og:image:width\" content=\"640\" \/>\n\t\t<meta property=\"og:image:height\" content=\"426\" \/>\n\t\t<meta property=\"article:published_time\" content=\"2019-01-03T10:26:59+00:00\" \/>\n\t\t<meta property=\"article:modified_time\" content=\"2019-01-03T10:26:59+00:00\" \/>\n\t\t<meta property=\"article:publisher\" content=\"https:\/\/www.facebook.com\/allasorias\" \/>\n\t\t<meta name=\"twitter:card\" content=\"summary_large_image\" \/>\n\t\t<meta name=\"twitter:title\" content=\"Elfogynak a fantomc\u00e9gek Magyarorsz\u00e1gon | AllasOrias.hu | H\u00edrek-lapszemle\" \/>\n\t\t<meta name=\"twitter:description\" content=\"A NAV t\u00e1j\u00e9koztat\u00e1sa szerint nyolcezerrel cs\u00f6kkent a fantomc\u00e9gek sz\u00e1ma haz\u00e1nkban, ennek oka az lehet hogy tavaly ny\u00e1r \u00f3ta csak saj\u00e1t tulajdon\u00fa ingatlan lehet sz\u00e9khelyszolg\u00e1ltat\u00f3, m\u00e1rpedig az \u00e9rintettek erre a feladatra jellemz\u0151en b\u00e9relt\u00e9k az irod\u00e1ikat. Cs\u00f6kkent a sz\u00e9khelyszolg\u00e1ltat\u00e1st ig\u00e9nybe vev\u0151 c\u00e9gek sz\u00e1ma is. T\u00f6bb mint 12 ezer olyan t\u00e1rsas v\u00e1llalkoz\u00e1st tartanak nyilv\u00e1n Magyarorsz\u00e1gon, amelynek sz\u00e9khely\u00e9t sz\u00e9khelyszolg\u00e1ltat\u00f3kn\u00e1l\" \/>\n\t\t<meta name=\"twitter:image\" content=\"https:\/\/allasorias.hu\/hirek\/wp-content\/uploads\/2019\/01\/conference-room-768441_640.jpg\" \/>\n\t\t<meta name=\"twitter:label1\" content=\"Written by\" \/>\n\t\t<meta name=\"twitter:data1\" content=\"Juh\u00e1sz P\u00e9ter\" \/>\n\t\t<meta name=\"twitter:label2\" content=\"Est. reading time\" \/>\n\t\t<meta name=\"twitter:data2\" content=\"2 minutes\" \/>\n\t\t<script type=\"application\/ld+json\" class=\"aioseo-schema\">\n\t\t\t{\"@context\":\"https:\\\/\\\/schema.org\",\"@graph\":[{\"@type\":\"Article\",\"@id\":\"https:\\\/\\\/allasorias.hu\\\/hirek\\\/elfogynak-a-fantomcegek-magyarorszagon\\\/#article\",\"name\":\"Elfogynak a fantomc\\u00e9gek Magyarorsz\\u00e1gon | AllasOrias.hu | H\\u00edrek-lapszemle\",\"headline\":\"Elfogynak a fantomc\\u00e9gek Magyarorsz\\u00e1gon\",\"author\":{\"@id\":\"https:\\\/\\\/allasorias.hu\\\/hirek\\\/author\\\/admin-allasorias\\\/#author\"},\"publisher\":{\"@id\":\"https:\\\/\\\/allasorias.hu\\\/hirek\\\/#organization\"},\"image\":{\"@type\":\"ImageObject\",\"url\":\"https:\\\/\\\/allasorias.hu\\\/hirek\\\/wp-content\\\/uploads\\\/2019\\\/01\\\/conference-room-768441_640.jpg\",\"width\":640,\"height\":426},\"datePublished\":\"2019-01-03T10:26:59+02:00\",\"dateModified\":\"2019-01-03T10:26:59+02:00\",\"inLanguage\":\"hu-HU\",\"mainEntityOfPage\":{\"@id\":\"https:\\\/\\\/allasorias.hu\\\/hirek\\\/elfogynak-a-fantomcegek-magyarorszagon\\\/#webpage\"},\"isPartOf\":{\"@id\":\"https:\\\/\\\/allasorias.hu\\\/hirek\\\/elfogynak-a-fantomcegek-magyarorszagon\\\/#webpage\"},\"articleSection\":\"Gazdas\\u00e1g\"},{\"@type\":\"BreadcrumbList\",\"@id\":\"https:\\\/\\\/allasorias.hu\\\/hirek\\\/elfogynak-a-fantomcegek-magyarorszagon\\\/#breadcrumblist\",\"itemListElement\":[{\"@type\":\"ListItem\",\"@id\":\"https:\\\/\\\/allasorias.hu\\\/hirek#listItem\",\"position\":1,\"name\":\"Home\",\"item\":\"https:\\\/\\\/allasorias.hu\\\/hirek\",\"nextItem\":{\"@type\":\"ListItem\",\"@id\":\"https:\\\/\\\/allasorias.hu\\\/hirek\\\/temak\\\/gazdasag\\\/#listItem\",\"name\":\"Gazdas\\u00e1g\"}},{\"@type\":\"ListItem\",\"@id\":\"https:\\\/\\\/allasorias.hu\\\/hirek\\\/temak\\\/gazdasag\\\/#listItem\",\"position\":2,\"name\":\"Gazdas\\u00e1g\",\"item\":\"https:\\\/\\\/allasorias.hu\\\/hirek\\\/temak\\\/gazdasag\\\/\",\"nextItem\":{\"@type\":\"ListItem\",\"@id\":\"https:\\\/\\\/allasorias.hu\\\/hirek\\\/elfogynak-a-fantomcegek-magyarorszagon\\\/#listItem\",\"name\":\"Elfogynak a fantomc\\u00e9gek Magyarorsz\\u00e1gon\"},\"previousItem\":{\"@type\":\"ListItem\",\"@id\":\"https:\\\/\\\/allasorias.hu\\\/hirek#listItem\",\"name\":\"Home\"}},{\"@type\":\"ListItem\",\"@id\":\"https:\\\/\\\/allasorias.hu\\\/hirek\\\/elfogynak-a-fantomcegek-magyarorszagon\\\/#listItem\",\"position\":3,\"name\":\"Elfogynak a fantomc\\u00e9gek Magyarorsz\\u00e1gon\",\"previousItem\":{\"@type\":\"ListItem\",\"@id\":\"https:\\\/\\\/allasorias.hu\\\/hirek\\\/temak\\\/gazdasag\\\/#listItem\",\"name\":\"Gazdas\\u00e1g\"}}]},{\"@type\":\"Organization\",\"@id\":\"https:\\\/\\\/allasorias.hu\\\/hirek\\\/#organization\",\"name\":\"AllasOrias.hu | H\\u00edrek-lapszemle\",\"description\":\"\\u00dczleti h\\u00edrek az \\u00e1ll\\u00e1s \\u00e9s a munka vil\\u00e1g\\u00e1b\\u00f3l\",\"url\":\"https:\\\/\\\/allasorias.hu\\\/hirek\\\/\",\"logo\":{\"@type\":\"ImageObject\",\"url\":\"https:\\\/\\\/allasorias.hu\\\/hirek\\\/wp-content\\\/uploads\\\/2022\\\/10\\\/allasorias_site_facebok_logo.png\",\"@id\":\"https:\\\/\\\/allasorias.hu\\\/hirek\\\/elfogynak-a-fantomcegek-magyarorszagon\\\/#organizationLogo\"},\"image\":{\"@id\":\"https:\\\/\\\/allasorias.hu\\\/hirek\\\/elfogynak-a-fantomcegek-magyarorszagon\\\/#organizationLogo\"},\"sameAs\":[\"https:\\\/\\\/www.facebook.com\\\/allasorias\",\"https:\\\/\\\/www.linkedin.com\\\/company\\\/allasorias\"]},{\"@type\":\"Person\",\"@id\":\"https:\\\/\\\/allasorias.hu\\\/hirek\\\/author\\\/admin-allasorias\\\/#author\",\"url\":\"https:\\\/\\\/allasorias.hu\\\/hirek\\\/author\\\/admin-allasorias\\\/\",\"name\":\"Juh\\u00e1sz P\\u00e9ter\",\"image\":{\"@type\":\"ImageObject\",\"@id\":\"https:\\\/\\\/allasorias.hu\\\/hirek\\\/elfogynak-a-fantomcegek-magyarorszagon\\\/#authorImage\",\"url\":\"https:\\\/\\\/secure.gravatar.com\\\/avatar\\\/36e6bcb83148978b992977cb0f54d22feb0cce8a0a849a9410532bb2623ba4c6?s=96&d=mm&r=g\",\"width\":96,\"height\":96,\"caption\":\"Juh\\u00e1sz P\\u00e9ter\"}},{\"@type\":\"WebPage\",\"@id\":\"https:\\\/\\\/allasorias.hu\\\/hirek\\\/elfogynak-a-fantomcegek-magyarorszagon\\\/#webpage\",\"url\":\"https:\\\/\\\/allasorias.hu\\\/hirek\\\/elfogynak-a-fantomcegek-magyarorszagon\\\/\",\"name\":\"Elfogynak a fantomc\\u00e9gek Magyarorsz\\u00e1gon | AllasOrias.hu | H\\u00edrek-lapszemle\",\"description\":\"A NAV t\\u00e1j\\u00e9koztat\\u00e1sa szerint nyolcezerrel cs\\u00f6kkent a fantomc\\u00e9gek sz\\u00e1ma haz\\u00e1nkban, ennek oka az lehet hogy tavaly ny\\u00e1r \\u00f3ta csak saj\\u00e1t tulajdon\\u00fa ingatlan lehet sz\\u00e9khelyszolg\\u00e1ltat\\u00f3, m\\u00e1rpedig az \\u00e9rintettek erre a feladatra jellemz\\u0151en b\\u00e9relt\\u00e9k az irod\\u00e1ikat. Cs\\u00f6kkent a sz\\u00e9khelyszolg\\u00e1ltat\\u00e1st ig\\u00e9nybe vev\\u0151 c\\u00e9gek sz\\u00e1ma is. T\\u00f6bb mint 12 ezer olyan t\\u00e1rsas v\\u00e1llalkoz\\u00e1st tartanak nyilv\\u00e1n Magyarorsz\\u00e1gon, amelynek sz\\u00e9khely\\u00e9t sz\\u00e9khelyszolg\\u00e1ltat\\u00f3kn\\u00e1l\",\"inLanguage\":\"hu-HU\",\"isPartOf\":{\"@id\":\"https:\\\/\\\/allasorias.hu\\\/hirek\\\/#website\"},\"breadcrumb\":{\"@id\":\"https:\\\/\\\/allasorias.hu\\\/hirek\\\/elfogynak-a-fantomcegek-magyarorszagon\\\/#breadcrumblist\"},\"author\":{\"@id\":\"https:\\\/\\\/allasorias.hu\\\/hirek\\\/author\\\/admin-allasorias\\\/#author\"},\"creator\":{\"@id\":\"https:\\\/\\\/allasorias.hu\\\/hirek\\\/author\\\/admin-allasorias\\\/#author\"},\"image\":{\"@type\":\"ImageObject\",\"url\":\"https:\\\/\\\/allasorias.hu\\\/hirek\\\/wp-content\\\/uploads\\\/2019\\\/01\\\/conference-room-768441_640.jpg\",\"@id\":\"https:\\\/\\\/allasorias.hu\\\/hirek\\\/elfogynak-a-fantomcegek-magyarorszagon\\\/#mainImage\",\"width\":640,\"height\":426},\"primaryImageOfPage\":{\"@id\":\"https:\\\/\\\/allasorias.hu\\\/hirek\\\/elfogynak-a-fantomcegek-magyarorszagon\\\/#mainImage\"},\"datePublished\":\"2019-01-03T10:26:59+02:00\",\"dateModified\":\"2019-01-03T10:26:59+02:00\"},{\"@type\":\"WebSite\",\"@id\":\"https:\\\/\\\/allasorias.hu\\\/hirek\\\/#website\",\"url\":\"https:\\\/\\\/allasorias.hu\\\/hirek\\\/\",\"name\":\"AllasOrias.hu | H\\u00edrek-lapszemle\",\"description\":\"\\u00dczleti h\\u00edrek az \\u00e1ll\\u00e1s \\u00e9s a munka vil\\u00e1g\\u00e1b\\u00f3l\",\"inLanguage\":\"hu-HU\",\"publisher\":{\"@id\":\"https:\\\/\\\/allasorias.hu\\\/hirek\\\/#organization\"}}]}\n\t\t<\/script>\n\t\t<!-- All in One SEO -->\n\n","aioseo_head_json":{"title":"Elfogynak a fantomc\u00e9gek Magyarorsz\u00e1gon | AllasOrias.hu | H\u00edrek-lapszemle","description":"A NAV t\u00e1j\u00e9koztat\u00e1sa szerint nyolcezerrel cs\u00f6kkent a fantomc\u00e9gek sz\u00e1ma haz\u00e1nkban, ennek oka az lehet hogy tavaly ny\u00e1r \u00f3ta csak saj\u00e1t tulajdon\u00fa ingatlan lehet sz\u00e9khelyszolg\u00e1ltat\u00f3, m\u00e1rpedig az \u00e9rintettek erre a feladatra jellemz\u0151en b\u00e9relt\u00e9k az irod\u00e1ikat. Cs\u00f6kkent a sz\u00e9khelyszolg\u00e1ltat\u00e1st ig\u00e9nybe vev\u0151 c\u00e9gek sz\u00e1ma is. T\u00f6bb mint 12 ezer olyan t\u00e1rsas v\u00e1llalkoz\u00e1st tartanak nyilv\u00e1n Magyarorsz\u00e1gon, amelynek sz\u00e9khely\u00e9t sz\u00e9khelyszolg\u00e1ltat\u00f3kn\u00e1l","canonical_url":"https:\/\/allasorias.hu\/hirek\/elfogynak-a-fantomcegek-magyarorszagon\/","robots":"max-image-preview:large","keywords":"","webmasterTools":{"miscellaneous":""},"schema":{"@context":"https:\/\/schema.org","@graph":[{"@type":"Article","@id":"https:\/\/allasorias.hu\/hirek\/elfogynak-a-fantomcegek-magyarorszagon\/#article","name":"Elfogynak a fantomc\u00e9gek Magyarorsz\u00e1gon | AllasOrias.hu | H\u00edrek-lapszemle","headline":"Elfogynak a fantomc\u00e9gek Magyarorsz\u00e1gon","author":{"@id":"https:\/\/allasorias.hu\/hirek\/author\/admin-allasorias\/#author"},"publisher":{"@id":"https:\/\/allasorias.hu\/hirek\/#organization"},"image":{"@type":"ImageObject","url":"https:\/\/allasorias.hu\/hirek\/wp-content\/uploads\/2019\/01\/conference-room-768441_640.jpg","width":640,"height":426},"datePublished":"2019-01-03T10:26:59+02:00","dateModified":"2019-01-03T10:26:59+02:00","inLanguage":"hu-HU","mainEntityOfPage":{"@id":"https:\/\/allasorias.hu\/hirek\/elfogynak-a-fantomcegek-magyarorszagon\/#webpage"},"isPartOf":{"@id":"https:\/\/allasorias.hu\/hirek\/elfogynak-a-fantomcegek-magyarorszagon\/#webpage"},"articleSection":"Gazdas\u00e1g"},{"@type":"BreadcrumbList","@id":"https:\/\/allasorias.hu\/hirek\/elfogynak-a-fantomcegek-magyarorszagon\/#breadcrumblist","itemListElement":[{"@type":"ListItem","@id":"https:\/\/allasorias.hu\/hirek#listItem","position":1,"name":"Home","item":"https:\/\/allasorias.hu\/hirek","nextItem":{"@type":"ListItem","@id":"https:\/\/allasorias.hu\/hirek\/temak\/gazdasag\/#listItem","name":"Gazdas\u00e1g"}},{"@type":"ListItem","@id":"https:\/\/allasorias.hu\/hirek\/temak\/gazdasag\/#listItem","position":2,"name":"Gazdas\u00e1g","item":"https:\/\/allasorias.hu\/hirek\/temak\/gazdasag\/","nextItem":{"@type":"ListItem","@id":"https:\/\/allasorias.hu\/hirek\/elfogynak-a-fantomcegek-magyarorszagon\/#listItem","name":"Elfogynak a fantomc\u00e9gek Magyarorsz\u00e1gon"},"previousItem":{"@type":"ListItem","@id":"https:\/\/allasorias.hu\/hirek#listItem","name":"Home"}},{"@type":"ListItem","@id":"https:\/\/allasorias.hu\/hirek\/elfogynak-a-fantomcegek-magyarorszagon\/#listItem","position":3,"name":"Elfogynak a fantomc\u00e9gek Magyarorsz\u00e1gon","previousItem":{"@type":"ListItem","@id":"https:\/\/allasorias.hu\/hirek\/temak\/gazdasag\/#listItem","name":"Gazdas\u00e1g"}}]},{"@type":"Organization","@id":"https:\/\/allasorias.hu\/hirek\/#organization","name":"AllasOrias.hu | H\u00edrek-lapszemle","description":"\u00dczleti h\u00edrek az \u00e1ll\u00e1s \u00e9s a munka vil\u00e1g\u00e1b\u00f3l","url":"https:\/\/allasorias.hu\/hirek\/","logo":{"@type":"ImageObject","url":"https:\/\/allasorias.hu\/hirek\/wp-content\/uploads\/2022\/10\/allasorias_site_facebok_logo.png","@id":"https:\/\/allasorias.hu\/hirek\/elfogynak-a-fantomcegek-magyarorszagon\/#organizationLogo"},"image":{"@id":"https:\/\/allasorias.hu\/hirek\/elfogynak-a-fantomcegek-magyarorszagon\/#organizationLogo"},"sameAs":["https:\/\/www.facebook.com\/allasorias","https:\/\/www.linkedin.com\/company\/allasorias"]},{"@type":"Person","@id":"https:\/\/allasorias.hu\/hirek\/author\/admin-allasorias\/#author","url":"https:\/\/allasorias.hu\/hirek\/author\/admin-allasorias\/","name":"Juh\u00e1sz P\u00e9ter","image":{"@type":"ImageObject","@id":"https:\/\/allasorias.hu\/hirek\/elfogynak-a-fantomcegek-magyarorszagon\/#authorImage","url":"https:\/\/secure.gravatar.com\/avatar\/36e6bcb83148978b992977cb0f54d22feb0cce8a0a849a9410532bb2623ba4c6?s=96&d=mm&r=g","width":96,"height":96,"caption":"Juh\u00e1sz P\u00e9ter"}},{"@type":"WebPage","@id":"https:\/\/allasorias.hu\/hirek\/elfogynak-a-fantomcegek-magyarorszagon\/#webpage","url":"https:\/\/allasorias.hu\/hirek\/elfogynak-a-fantomcegek-magyarorszagon\/","name":"Elfogynak a fantomc\u00e9gek Magyarorsz\u00e1gon | AllasOrias.hu | H\u00edrek-lapszemle","description":"A NAV t\u00e1j\u00e9koztat\u00e1sa szerint nyolcezerrel cs\u00f6kkent a fantomc\u00e9gek sz\u00e1ma haz\u00e1nkban, ennek oka az lehet hogy tavaly ny\u00e1r \u00f3ta csak saj\u00e1t tulajdon\u00fa ingatlan lehet sz\u00e9khelyszolg\u00e1ltat\u00f3, m\u00e1rpedig az \u00e9rintettek erre a feladatra jellemz\u0151en b\u00e9relt\u00e9k az irod\u00e1ikat. Cs\u00f6kkent a sz\u00e9khelyszolg\u00e1ltat\u00e1st ig\u00e9nybe vev\u0151 c\u00e9gek sz\u00e1ma is. T\u00f6bb mint 12 ezer olyan t\u00e1rsas v\u00e1llalkoz\u00e1st tartanak nyilv\u00e1n Magyarorsz\u00e1gon, amelynek sz\u00e9khely\u00e9t sz\u00e9khelyszolg\u00e1ltat\u00f3kn\u00e1l","inLanguage":"hu-HU","isPartOf":{"@id":"https:\/\/allasorias.hu\/hirek\/#website"},"breadcrumb":{"@id":"https:\/\/allasorias.hu\/hirek\/elfogynak-a-fantomcegek-magyarorszagon\/#breadcrumblist"},"author":{"@id":"https:\/\/allasorias.hu\/hirek\/author\/admin-allasorias\/#author"},"creator":{"@id":"https:\/\/allasorias.hu\/hirek\/author\/admin-allasorias\/#author"},"image":{"@type":"ImageObject","url":"https:\/\/allasorias.hu\/hirek\/wp-content\/uploads\/2019\/01\/conference-room-768441_640.jpg","@id":"https:\/\/allasorias.hu\/hirek\/elfogynak-a-fantomcegek-magyarorszagon\/#mainImage","width":640,"height":426},"primaryImageOfPage":{"@id":"https:\/\/allasorias.hu\/hirek\/elfogynak-a-fantomcegek-magyarorszagon\/#mainImage"},"datePublished":"2019-01-03T10:26:59+02:00","dateModified":"2019-01-03T10:26:59+02:00"},{"@type":"WebSite","@id":"https:\/\/allasorias.hu\/hirek\/#website","url":"https:\/\/allasorias.hu\/hirek\/","name":"AllasOrias.hu | H\u00edrek-lapszemle","description":"\u00dczleti h\u00edrek az \u00e1ll\u00e1s \u00e9s a munka vil\u00e1g\u00e1b\u00f3l","inLanguage":"hu-HU","publisher":{"@id":"https:\/\/allasorias.hu\/hirek\/#organization"}}]},"og:locale":"hu_HU","og:site_name":"AllasOrias.hu | H\u00edrek-lapszemle | \u00dczleti h\u00edrek az \u00e1ll\u00e1s \u00e9s a munka vil\u00e1g\u00e1b\u00f3l","og:type":"article","og:title":"Elfogynak a fantomc\u00e9gek Magyarorsz\u00e1gon | AllasOrias.hu | H\u00edrek-lapszemle","og:description":"A NAV t\u00e1j\u00e9koztat\u00e1sa szerint nyolcezerrel cs\u00f6kkent a fantomc\u00e9gek sz\u00e1ma haz\u00e1nkban, ennek oka az lehet hogy tavaly ny\u00e1r \u00f3ta csak saj\u00e1t tulajdon\u00fa ingatlan lehet sz\u00e9khelyszolg\u00e1ltat\u00f3, m\u00e1rpedig az \u00e9rintettek erre a feladatra jellemz\u0151en b\u00e9relt\u00e9k az irod\u00e1ikat. Cs\u00f6kkent a sz\u00e9khelyszolg\u00e1ltat\u00e1st ig\u00e9nybe vev\u0151 c\u00e9gek sz\u00e1ma is. T\u00f6bb mint 12 ezer olyan t\u00e1rsas v\u00e1llalkoz\u00e1st tartanak nyilv\u00e1n Magyarorsz\u00e1gon, amelynek sz\u00e9khely\u00e9t sz\u00e9khelyszolg\u00e1ltat\u00f3kn\u00e1l","og:url":"https:\/\/allasorias.hu\/hirek\/elfogynak-a-fantomcegek-magyarorszagon\/","og:image":"https:\/\/allasorias.hu\/hirek\/wp-content\/uploads\/2019\/01\/conference-room-768441_640.jpg","og:image:secure_url":"https:\/\/allasorias.hu\/hirek\/wp-content\/uploads\/2019\/01\/conference-room-768441_640.jpg","og:image:width":640,"og:image:height":426,"article:published_time":"2019-01-03T10:26:59+00:00","article:modified_time":"2019-01-03T10:26:59+00:00","article:publisher":"https:\/\/www.facebook.com\/allasorias","twitter:card":"summary_large_image","twitter:title":"Elfogynak a fantomc\u00e9gek Magyarorsz\u00e1gon | AllasOrias.hu | H\u00edrek-lapszemle","twitter:description":"A NAV t\u00e1j\u00e9koztat\u00e1sa szerint nyolcezerrel cs\u00f6kkent a fantomc\u00e9gek sz\u00e1ma haz\u00e1nkban, ennek oka az lehet hogy tavaly ny\u00e1r \u00f3ta csak saj\u00e1t tulajdon\u00fa ingatlan lehet sz\u00e9khelyszolg\u00e1ltat\u00f3, m\u00e1rpedig az \u00e9rintettek erre a feladatra jellemz\u0151en b\u00e9relt\u00e9k az irod\u00e1ikat. Cs\u00f6kkent a sz\u00e9khelyszolg\u00e1ltat\u00e1st ig\u00e9nybe vev\u0151 c\u00e9gek sz\u00e1ma is. T\u00f6bb mint 12 ezer olyan t\u00e1rsas v\u00e1llalkoz\u00e1st tartanak nyilv\u00e1n Magyarorsz\u00e1gon, amelynek sz\u00e9khely\u00e9t sz\u00e9khelyszolg\u00e1ltat\u00f3kn\u00e1l","twitter:image":"https:\/\/allasorias.hu\/hirek\/wp-content\/uploads\/2019\/01\/conference-room-768441_640.jpg","twitter:label1":"Written by","twitter:data1":"Juh\u00e1sz P\u00e9ter","twitter:label2":"Est. reading time","twitter:data2":"2 minutes"},"aioseo_meta_data":{"post_id":"2374","title":null,"description":null,"keywords":null,"keyphrases":null,"primary_term":null,"canonical_url":null,"og_title":null,"og_description":null,"og_object_type":"default","og_image_type":"default","og_image_url":null,"og_image_width":null,"og_image_height":null,"og_image_custom_url":null,"og_image_custom_fields":null,"og_video":null,"og_custom_url":null,"og_article_section":null,"og_article_tags":null,"twitter_use_og":false,"twitter_card":"default","twitter_image_type":"default","twitter_image_url":null,"twitter_image_custom_url":null,"twitter_image_custom_fields":null,"twitter_title":null,"twitter_description":null,"schema":{"blockGraphs":[],"customGraphs":[],"default":{"data":{"Article":[],"Course":[],"Dataset":[],"FAQPage":[],"Movie":[],"Person":[],"Product":[],"ProductReview":[],"Car":[],"Recipe":[],"Service":[],"SoftwareApplication":[],"WebPage":[]},"graphName":"","isEnabled":true},"graphs":[],"defaultGraph":"","defaultPostTypeGraph":""},"schema_type":null,"schema_type_options":null,"pillar_content":false,"robots_default":true,"robots_noindex":false,"robots_noarchive":false,"robots_nosnippet":false,"robots_nofollow":false,"robots_noimageindex":false,"robots_noodp":false,"robots_notranslate":false,"robots_max_snippet":null,"robots_max_videopreview":null,"robots_max_imagepreview":"large","priority":null,"frequency":null,"location":null,"local_seo":null,"breadcrumb_settings":null,"limit_modified_date":false,"ai":null,"created":"2021-02-01 20:46:01","updated":"2025-10-02 09:42:12","seo_analyzer_scan_date":null,"focus_keyword":null,"additional_keywords":null,"truseo_locale":null},"aioseo_breadcrumb":"<div class=\"aioseo-breadcrumbs\"><span class=\"aioseo-breadcrumb\">\n\t\t\t<a href=\"https:\/\/allasorias.hu\/hirek\" title=\"Home\">Home<\/a>\n\t\t<\/span><span class=\"aioseo-breadcrumb-separator\">&raquo;<\/span><span class=\"aioseo-breadcrumb\">\n\t\t\t<a href=\"https:\/\/allasorias.hu\/hirek\/temak\/gazdasag\/\" title=\"Gazdas\u00e1g\">Gazdas\u00e1g<\/a>\n\t\t<\/span><span class=\"aioseo-breadcrumb-separator\">&raquo;<\/span><span class=\"aioseo-breadcrumb\">\n\t\t\tElfogynak a fantomc\u00e9gek Magyarorsz\u00e1gon\n\t\t<\/span><\/div>","aioseo_breadcrumb_json":[{"label":"Home","link":"https:\/\/allasorias.hu\/hirek"},{"label":"Gazdas\u00e1g","link":"https:\/\/allasorias.hu\/hirek\/temak\/gazdasag\/"},{"label":"Elfogynak a fantomc\u00e9gek Magyarorsz\u00e1gon","link":"https:\/\/allasorias.hu\/hirek\/elfogynak-a-fantomcegek-magyarorszagon\/"}],"_links":{"self":[{"href":"https:\/\/allasorias.hu\/hirek\/wp-json\/wp\/v2\/posts\/2374","targetHints":{"allow":["GET"]}}],"collection":[{"href":"https:\/\/allasorias.hu\/hirek\/wp-json\/wp\/v2\/posts"}],"about":[{"href":"https:\/\/allasorias.hu\/hirek\/wp-json\/wp\/v2\/types\/post"}],"author":[{"embeddable":true,"href":"https:\/\/allasorias.hu\/hirek\/wp-json\/wp\/v2\/users\/1"}],"replies":[{"embeddable":true,"href":"https:\/\/allasorias.hu\/hirek\/wp-json\/wp\/v2\/comments?post=2374"}],"version-history":[{"count":1,"href":"https:\/\/allasorias.hu\/hirek\/wp-json\/wp\/v2\/posts\/2374\/revisions"}],"predecessor-version":[{"id":2376,"href":"https:\/\/allasorias.hu\/hirek\/wp-json\/wp\/v2\/posts\/2374\/revisions\/2376"}],"wp:featuredmedia":[{"embeddable":true,"href":"https:\/\/allasorias.hu\/hirek\/wp-json\/wp\/v2\/media\/2375"}],"wp:attachment":[{"href":"https:\/\/allasorias.hu\/hirek\/wp-json\/wp\/v2\/media?parent=2374"}],"wp:term":[{"taxonomy":"category","embeddable":true,"href":"https:\/\/allasorias.hu\/hirek\/wp-json\/wp\/v2\/categories?post=2374"},{"taxonomy":"post_tag","embeddable":true,"href":"https:\/\/allasorias.hu\/hirek\/wp-json\/wp\/v2\/tags?post=2374"}],"curies":[{"name":"wp","href":"https:\/\/api.w.org\/{rel}","templated":true}]}}