{"id":2371,"date":"2019-01-02T13:07:42","date_gmt":"2019-01-02T13:07:42","guid":{"rendered":"https:\/\/allasorias.hu\/hirek\/?p=2371"},"modified":"2019-01-02T13:07:42","modified_gmt":"2019-01-02T13:07:42","slug":"nagyobb-inflacio-varhato","status":"publish","type":"post","link":"https:\/\/allasorias.hu\/hirek\/nagyobb-inflacio-varhato\/","title":{"rendered":"Nagyobb infl\u00e1ci\u00f3 v\u00e1rhat\u00f3"},"content":{"rendered":"<p><strong>Magyarorsz\u00e1gon 2019-ben is tov\u00e1bb emelkednek b\u00e9rek, ezt t\u00e1mogatja a minim\u00e1lb\u00e9r \u00e9s a garant\u00e1lt b\u00e9rminimum \u00e9rdemi, 8-8%-os emelked\u00e9se, valamint az egyre feszesebb\u00e9 v\u00e1l\u00f3 munkaer\u0151piac. A szakemberek lass\u00fabb emelked\u00e9sre sz\u00e1m\u00edtanak ugyan, mert a kor\u00e1bbi \u00e9vekn\u00e9l v\u00e1rhat\u00f3an magasabb <\/strong><\/p>\n<p>A korm\u00e1ny makrogazdas\u00e1gi \u00e9s k\u00f6lts\u00e9gvet\u00e9si el\u0151re jelz\u00e9s\u00e9b\u0151l kider\u00fcl, hogy 2019-ben 9,4%-kal n\u0151hetnek a brutt\u00f3 keresetek Magyarorsz\u00e1gon. A decemberben kiadott progn\u00f3zisban m\u00e1r bizony\u00e1ra sz\u00e1moltak azzal is, hogy a minim\u00e1lb\u00e9r \u00e9s a garant\u00e1lt b\u00e9rminimum id\u00e9n is jelent\u0151sen n\u00f6vekszik, miut\u00e1n az utols\u00f3 pillanatban meg\u00e1llapodtak err\u0151l a felek. A kabinet a megel\u0151z\u0151 \u00e9vekhez k\u00e9pest kiss\u00e9 lassabb, de tov\u00e1bbra is dinamikus b\u00e9remelked\u00e9si \u00fctemmel sz\u00e1mol a nemzetgazdas\u00e1gban, amit a versenyszf\u00e9ra \u00e9s a k\u00f6lts\u00e9gvet\u00e9si szektor emel\u00e9sei egyar\u00e1nt t\u00e1mogatnak. A P\u00e9nz\u00fcgyminiszt\u00e9rium anyaga szerint a korm\u00e1nytisztvisel\u0151k idei 30%-os b\u00e9remel\u00e9s\u00e9n k\u00edv\u00fcl a honv\u00e9delmi \u00e9s a rend\u0151rs\u00e9gi alkalmazottak 2019-t\u0151l 20%, majd az azt k\u00f6vet\u0151 \u00e9vekben tov\u00e1bbi 5-5-5% b\u00e9remel\u00e9sben r\u00e9szes\u00fclnek, illetve egy \u00fajabb t\u00f6bbl\u00e9pcs\u0151s b\u00e9remel\u00e9si program elind\u00edt\u00e1s\u00e1val jelent\u0151s emel\u00e9st kapnak az eg\u00e9szs\u00e9g\u00fcgyi szakdolgoz\u00f3k \u00e9s v\u00e9d\u0151n\u0151k. A konjunkt\u00far\u00e1nak \u00e9s a hat\u00e9ves b\u00e9r- \u00e9s ad\u00f3meg\u00e1llapod\u00e1snak k\u00f6sz\u00f6nhet\u0151en a versenyszf\u00e9ra munkaer\u0151-kereslete el\u0151re tekintve is er\u0151s maradhat, a foglalkoztat\u00e1s tov\u00e1bbi b\u0151v\u00fcl\u00e9s\u00e9t \u00e9s egy\u00fattal a b\u00e9rek tov\u00e1bbi n\u00f6veked\u00e9s\u00e9t vet\u00edtve el\u0151re. A legt\u00f6bb elemz\u0151 azzal kalkul\u00e1l, hogy kitarthat a gyors b\u00e9remelked\u00e9s, de azzal is egyet\u00e9rtenek, hogy az elm\u00falt \u00e9vek 11-13%-os \u00fcteme nem fenntarthat\u00f3. Azonban a munkaer\u0151hi\u00e1ny id\u00e9n val\u00f3sz\u00edn\u0171leg m\u00e9g er\u0151teljesebb lesz, mint kor\u00e1bban volt, ez pedig tov\u00e1bbra is komoly felhajt\u00f3er\u0151vel b\u00edr. A korm\u00e1ny nem kalkul\u00e1l t\u00fal magas infl\u00e1ci\u00f3val, \u0151k 2,7%-ra teszik a p\u00e9nzroml\u00e1s \u00fctem\u00e9t 2019-ben. Az elemz\u0151k enn\u00e9l nagyobb infl\u00e1ci\u00f3t is el tudnak k\u00e9pzelni, \u00edgy pedig k\u00f6nnyen lehet, hogy a re\u00e1lb\u00e9rek emelked\u00e9se v\u00e9g\u00fcl k\u00f6zelebb lesz a 6%-hoz.<\/p>\n<p>Forr\u00e1s: portfolio.hu<\/p>\n","protected":false},"excerpt":{"rendered":"<p>Magyarorsz\u00e1gon 2019-ben is tov\u00e1bb emelkednek b\u00e9rek, ezt t\u00e1mogatja a minim\u00e1lb\u00e9r \u00e9s a garant\u00e1lt b\u00e9rminimum \u00e9rdemi, 8-8%-os emelked\u00e9se, valamint az egyre feszesebb\u00e9 v\u00e1l\u00f3 munkaer\u0151piac. A szakemberek lass\u00fabb emelked\u00e9sre sz\u00e1m\u00edtanak ugyan, mert a kor\u00e1bbi \u00e9vekn\u00e9l v\u00e1rhat\u00f3an magasabb A korm\u00e1ny makrogazdas\u00e1gi \u00e9s k\u00f6lts\u00e9gvet\u00e9si el\u0151re jelz\u00e9s\u00e9b\u0151l kider\u00fcl, hogy 2019-ben 9,4%-kal n\u0151hetnek a brutt\u00f3 keresetek Magyarorsz\u00e1gon. A decemberben kiadott progn\u00f3zisban [&hellip;]<\/p>\n","protected":false},"author":1,"featured_media":2372,"comment_status":"open","ping_status":"open","sticky":false,"template":"","format":"standard","meta":{"_monsterinsights_skip_tracking":false,"footnotes":""},"categories":[198,200],"tags":[],"class_list":["post-2371","post","type-post","status-publish","format-standard","has-post-thumbnail","hentry","category-gazdasag","category-munkaeropiac"],"aioseo_notices":[],"aioseo_head":"\n\t\t<!-- All in One SEO 5.0.0.1 - aioseo.com -->\n\t<meta name=\"description\" content=\"Magyarorsz\u00e1gon 2019-ben is tov\u00e1bb emelkednek b\u00e9rek, ezt t\u00e1mogatja a minim\u00e1lb\u00e9r \u00e9s a garant\u00e1lt b\u00e9rminimum \u00e9rdemi, 8-8%-os emelked\u00e9se, valamint az egyre feszesebb\u00e9 v\u00e1l\u00f3 munkaer\u0151piac. A szakemberek lass\u00fabb emelked\u00e9sre sz\u00e1m\u00edtanak ugyan, mert a kor\u00e1bbi \u00e9vekn\u00e9l v\u00e1rhat\u00f3an magasabb A korm\u00e1ny makrogazdas\u00e1gi \u00e9s k\u00f6lts\u00e9gvet\u00e9si el\u0151re jelz\u00e9s\u00e9b\u0151l kider\u00fcl, hogy 2019-ben 9,4%-kal n\u0151hetnek a brutt\u00f3 keresetek Magyarorsz\u00e1gon. A decemberben kiadott progn\u00f3zisban\" \/>\n\t<meta name=\"robots\" content=\"max-image-preview:large\" \/>\n\t<meta name=\"author\" content=\"Juh\u00e1sz P\u00e9ter\"\/>\n\t<link rel=\"canonical\" href=\"https:\/\/allasorias.hu\/hirek\/nagyobb-inflacio-varhato\/\" \/>\n\t<meta name=\"generator\" content=\"All in One SEO (AIOSEO) 5.0.0.1\" \/>\n\t\t<meta property=\"og:locale\" content=\"hu_HU\" \/>\n\t\t<meta property=\"og:site_name\" content=\"AllasOrias.hu | H\u00edrek-lapszemle | \u00dczleti h\u00edrek az \u00e1ll\u00e1s \u00e9s a munka vil\u00e1g\u00e1b\u00f3l\" \/>\n\t\t<meta property=\"og:type\" content=\"article\" \/>\n\t\t<meta property=\"og:title\" content=\"Nagyobb infl\u00e1ci\u00f3 v\u00e1rhat\u00f3 | AllasOrias.hu | H\u00edrek-lapszemle\" \/>\n\t\t<meta property=\"og:description\" content=\"Magyarorsz\u00e1gon 2019-ben is tov\u00e1bb emelkednek b\u00e9rek, ezt t\u00e1mogatja a minim\u00e1lb\u00e9r \u00e9s a garant\u00e1lt b\u00e9rminimum \u00e9rdemi, 8-8%-os emelked\u00e9se, valamint az egyre feszesebb\u00e9 v\u00e1l\u00f3 munkaer\u0151piac. A szakemberek lass\u00fabb emelked\u00e9sre sz\u00e1m\u00edtanak ugyan, mert a kor\u00e1bbi \u00e9vekn\u00e9l v\u00e1rhat\u00f3an magasabb A korm\u00e1ny makrogazdas\u00e1gi \u00e9s k\u00f6lts\u00e9gvet\u00e9si el\u0151re jelz\u00e9s\u00e9b\u0151l kider\u00fcl, hogy 2019-ben 9,4%-kal n\u0151hetnek a brutt\u00f3 keresetek Magyarorsz\u00e1gon. A decemberben kiadott progn\u00f3zisban\" \/>\n\t\t<meta property=\"og:url\" content=\"https:\/\/allasorias.hu\/hirek\/nagyobb-inflacio-varhato\/\" \/>\n\t\t<meta property=\"og:image\" content=\"https:\/\/allasorias.hu\/hirek\/wp-content\/uploads\/2019\/01\/263629_forint.jpg\" \/>\n\t\t<meta property=\"og:image:secure_url\" content=\"https:\/\/allasorias.hu\/hirek\/wp-content\/uploads\/2019\/01\/263629_forint.jpg\" \/>\n\t\t<meta property=\"og:image:width\" content=\"800\" \/>\n\t\t<meta property=\"og:image:height\" content=\"400\" \/>\n\t\t<meta property=\"article:published_time\" content=\"2019-01-02T13:07:42+00:00\" \/>\n\t\t<meta property=\"article:modified_time\" content=\"2019-01-02T13:07:42+00:00\" \/>\n\t\t<meta property=\"article:publisher\" content=\"https:\/\/www.facebook.com\/allasorias\" \/>\n\t\t<meta name=\"twitter:card\" content=\"summary_large_image\" \/>\n\t\t<meta name=\"twitter:title\" content=\"Nagyobb infl\u00e1ci\u00f3 v\u00e1rhat\u00f3 | AllasOrias.hu | H\u00edrek-lapszemle\" \/>\n\t\t<meta name=\"twitter:description\" content=\"Magyarorsz\u00e1gon 2019-ben is tov\u00e1bb emelkednek b\u00e9rek, ezt t\u00e1mogatja a minim\u00e1lb\u00e9r \u00e9s a garant\u00e1lt b\u00e9rminimum \u00e9rdemi, 8-8%-os emelked\u00e9se, valamint az egyre feszesebb\u00e9 v\u00e1l\u00f3 munkaer\u0151piac. A szakemberek lass\u00fabb emelked\u00e9sre sz\u00e1m\u00edtanak ugyan, mert a kor\u00e1bbi \u00e9vekn\u00e9l v\u00e1rhat\u00f3an magasabb A korm\u00e1ny makrogazdas\u00e1gi \u00e9s k\u00f6lts\u00e9gvet\u00e9si el\u0151re jelz\u00e9s\u00e9b\u0151l kider\u00fcl, hogy 2019-ben 9,4%-kal n\u0151hetnek a brutt\u00f3 keresetek Magyarorsz\u00e1gon. A decemberben kiadott progn\u00f3zisban\" \/>\n\t\t<meta name=\"twitter:image\" content=\"https:\/\/allasorias.hu\/hirek\/wp-content\/uploads\/2019\/01\/263629_forint.jpg\" \/>\n\t\t<meta name=\"twitter:label1\" content=\"Written by\" \/>\n\t\t<meta name=\"twitter:data1\" content=\"Juh\u00e1sz P\u00e9ter\" \/>\n\t\t<meta name=\"twitter:label2\" content=\"Est. reading time\" \/>\n\t\t<meta name=\"twitter:data2\" content=\"2 minutes\" \/>\n\t\t<script type=\"application\/ld+json\" class=\"aioseo-schema\">\n\t\t\t{\"@context\":\"https:\\\/\\\/schema.org\",\"@graph\":[{\"@type\":\"Article\",\"@id\":\"https:\\\/\\\/allasorias.hu\\\/hirek\\\/nagyobb-inflacio-varhato\\\/#article\",\"name\":\"Nagyobb infl\\u00e1ci\\u00f3 v\\u00e1rhat\\u00f3 | AllasOrias.hu | H\\u00edrek-lapszemle\",\"headline\":\"Nagyobb infl\\u00e1ci\\u00f3 v\\u00e1rhat\\u00f3\",\"author\":{\"@id\":\"https:\\\/\\\/allasorias.hu\\\/hirek\\\/author\\\/admin-allasorias\\\/#author\"},\"publisher\":{\"@id\":\"https:\\\/\\\/allasorias.hu\\\/hirek\\\/#organization\"},\"image\":{\"@type\":\"ImageObject\",\"url\":\"https:\\\/\\\/allasorias.hu\\\/hirek\\\/wp-content\\\/uploads\\\/2019\\\/01\\\/263629_forint.jpg\",\"width\":800,\"height\":400},\"datePublished\":\"2019-01-02T13:07:42+02:00\",\"dateModified\":\"2019-01-02T13:07:42+02:00\",\"inLanguage\":\"hu-HU\",\"mainEntityOfPage\":{\"@id\":\"https:\\\/\\\/allasorias.hu\\\/hirek\\\/nagyobb-inflacio-varhato\\\/#webpage\"},\"isPartOf\":{\"@id\":\"https:\\\/\\\/allasorias.hu\\\/hirek\\\/nagyobb-inflacio-varhato\\\/#webpage\"},\"articleSection\":\"Gazdas\\u00e1g, Munkaer\\u0151piac\"},{\"@type\":\"BreadcrumbList\",\"@id\":\"https:\\\/\\\/allasorias.hu\\\/hirek\\\/nagyobb-inflacio-varhato\\\/#breadcrumblist\",\"itemListElement\":[{\"@type\":\"ListItem\",\"@id\":\"https:\\\/\\\/allasorias.hu\\\/hirek#listItem\",\"position\":1,\"name\":\"Home\",\"item\":\"https:\\\/\\\/allasorias.hu\\\/hirek\",\"nextItem\":{\"@type\":\"ListItem\",\"@id\":\"https:\\\/\\\/allasorias.hu\\\/hirek\\\/temak\\\/gazdasag\\\/#listItem\",\"name\":\"Gazdas\\u00e1g\"}},{\"@type\":\"ListItem\",\"@id\":\"https:\\\/\\\/allasorias.hu\\\/hirek\\\/temak\\\/gazdasag\\\/#listItem\",\"position\":2,\"name\":\"Gazdas\\u00e1g\",\"item\":\"https:\\\/\\\/allasorias.hu\\\/hirek\\\/temak\\\/gazdasag\\\/\",\"nextItem\":{\"@type\":\"ListItem\",\"@id\":\"https:\\\/\\\/allasorias.hu\\\/hirek\\\/nagyobb-inflacio-varhato\\\/#listItem\",\"name\":\"Nagyobb infl\\u00e1ci\\u00f3 v\\u00e1rhat\\u00f3\"},\"previousItem\":{\"@type\":\"ListItem\",\"@id\":\"https:\\\/\\\/allasorias.hu\\\/hirek#listItem\",\"name\":\"Home\"}},{\"@type\":\"ListItem\",\"@id\":\"https:\\\/\\\/allasorias.hu\\\/hirek\\\/nagyobb-inflacio-varhato\\\/#listItem\",\"position\":3,\"name\":\"Nagyobb infl\\u00e1ci\\u00f3 v\\u00e1rhat\\u00f3\",\"previousItem\":{\"@type\":\"ListItem\",\"@id\":\"https:\\\/\\\/allasorias.hu\\\/hirek\\\/temak\\\/gazdasag\\\/#listItem\",\"name\":\"Gazdas\\u00e1g\"}}]},{\"@type\":\"Organization\",\"@id\":\"https:\\\/\\\/allasorias.hu\\\/hirek\\\/#organization\",\"name\":\"AllasOrias.hu | H\\u00edrek-lapszemle\",\"description\":\"\\u00dczleti h\\u00edrek az \\u00e1ll\\u00e1s \\u00e9s a munka vil\\u00e1g\\u00e1b\\u00f3l\",\"url\":\"https:\\\/\\\/allasorias.hu\\\/hirek\\\/\",\"logo\":{\"@type\":\"ImageObject\",\"url\":\"https:\\\/\\\/allasorias.hu\\\/hirek\\\/wp-content\\\/uploads\\\/2022\\\/10\\\/allasorias_site_facebok_logo.png\",\"@id\":\"https:\\\/\\\/allasorias.hu\\\/hirek\\\/nagyobb-inflacio-varhato\\\/#organizationLogo\"},\"image\":{\"@id\":\"https:\\\/\\\/allasorias.hu\\\/hirek\\\/nagyobb-inflacio-varhato\\\/#organizationLogo\"},\"sameAs\":[\"https:\\\/\\\/www.facebook.com\\\/allasorias\",\"https:\\\/\\\/www.linkedin.com\\\/company\\\/allasorias\"]},{\"@type\":\"Person\",\"@id\":\"https:\\\/\\\/allasorias.hu\\\/hirek\\\/author\\\/admin-allasorias\\\/#author\",\"url\":\"https:\\\/\\\/allasorias.hu\\\/hirek\\\/author\\\/admin-allasorias\\\/\",\"name\":\"Juh\\u00e1sz P\\u00e9ter\",\"image\":{\"@type\":\"ImageObject\",\"@id\":\"https:\\\/\\\/allasorias.hu\\\/hirek\\\/nagyobb-inflacio-varhato\\\/#authorImage\",\"url\":\"https:\\\/\\\/secure.gravatar.com\\\/avatar\\\/36e6bcb83148978b992977cb0f54d22feb0cce8a0a849a9410532bb2623ba4c6?s=96&d=mm&r=g\",\"width\":96,\"height\":96,\"caption\":\"Juh\\u00e1sz P\\u00e9ter\"}},{\"@type\":\"WebPage\",\"@id\":\"https:\\\/\\\/allasorias.hu\\\/hirek\\\/nagyobb-inflacio-varhato\\\/#webpage\",\"url\":\"https:\\\/\\\/allasorias.hu\\\/hirek\\\/nagyobb-inflacio-varhato\\\/\",\"name\":\"Nagyobb infl\\u00e1ci\\u00f3 v\\u00e1rhat\\u00f3 | AllasOrias.hu | H\\u00edrek-lapszemle\",\"description\":\"Magyarorsz\\u00e1gon 2019-ben is tov\\u00e1bb emelkednek b\\u00e9rek, ezt t\\u00e1mogatja a minim\\u00e1lb\\u00e9r \\u00e9s a garant\\u00e1lt b\\u00e9rminimum \\u00e9rdemi, 8-8%-os emelked\\u00e9se, valamint az egyre feszesebb\\u00e9 v\\u00e1l\\u00f3 munkaer\\u0151piac. A szakemberek lass\\u00fabb emelked\\u00e9sre sz\\u00e1m\\u00edtanak ugyan, mert a kor\\u00e1bbi \\u00e9vekn\\u00e9l v\\u00e1rhat\\u00f3an magasabb A korm\\u00e1ny makrogazdas\\u00e1gi \\u00e9s k\\u00f6lts\\u00e9gvet\\u00e9si el\\u0151re jelz\\u00e9s\\u00e9b\\u0151l kider\\u00fcl, hogy 2019-ben 9,4%-kal n\\u0151hetnek a brutt\\u00f3 keresetek Magyarorsz\\u00e1gon. A decemberben kiadott progn\\u00f3zisban\",\"inLanguage\":\"hu-HU\",\"isPartOf\":{\"@id\":\"https:\\\/\\\/allasorias.hu\\\/hirek\\\/#website\"},\"breadcrumb\":{\"@id\":\"https:\\\/\\\/allasorias.hu\\\/hirek\\\/nagyobb-inflacio-varhato\\\/#breadcrumblist\"},\"author\":{\"@id\":\"https:\\\/\\\/allasorias.hu\\\/hirek\\\/author\\\/admin-allasorias\\\/#author\"},\"creator\":{\"@id\":\"https:\\\/\\\/allasorias.hu\\\/hirek\\\/author\\\/admin-allasorias\\\/#author\"},\"image\":{\"@type\":\"ImageObject\",\"url\":\"https:\\\/\\\/allasorias.hu\\\/hirek\\\/wp-content\\\/uploads\\\/2019\\\/01\\\/263629_forint.jpg\",\"@id\":\"https:\\\/\\\/allasorias.hu\\\/hirek\\\/nagyobb-inflacio-varhato\\\/#mainImage\",\"width\":800,\"height\":400},\"primaryImageOfPage\":{\"@id\":\"https:\\\/\\\/allasorias.hu\\\/hirek\\\/nagyobb-inflacio-varhato\\\/#mainImage\"},\"datePublished\":\"2019-01-02T13:07:42+02:00\",\"dateModified\":\"2019-01-02T13:07:42+02:00\"},{\"@type\":\"WebSite\",\"@id\":\"https:\\\/\\\/allasorias.hu\\\/hirek\\\/#website\",\"url\":\"https:\\\/\\\/allasorias.hu\\\/hirek\\\/\",\"name\":\"AllasOrias.hu | H\\u00edrek-lapszemle\",\"description\":\"\\u00dczleti h\\u00edrek az \\u00e1ll\\u00e1s \\u00e9s a munka vil\\u00e1g\\u00e1b\\u00f3l\",\"inLanguage\":\"hu-HU\",\"publisher\":{\"@id\":\"https:\\\/\\\/allasorias.hu\\\/hirek\\\/#organization\"}}]}\n\t\t<\/script>\n\t\t<!-- All in One SEO -->\n\n","aioseo_head_json":{"title":"Nagyobb infl\u00e1ci\u00f3 v\u00e1rhat\u00f3 | AllasOrias.hu | H\u00edrek-lapszemle","description":"Magyarorsz\u00e1gon 2019-ben is tov\u00e1bb emelkednek b\u00e9rek, ezt t\u00e1mogatja a minim\u00e1lb\u00e9r \u00e9s a garant\u00e1lt b\u00e9rminimum \u00e9rdemi, 8-8%-os emelked\u00e9se, valamint az egyre feszesebb\u00e9 v\u00e1l\u00f3 munkaer\u0151piac. A szakemberek lass\u00fabb emelked\u00e9sre sz\u00e1m\u00edtanak ugyan, mert a kor\u00e1bbi \u00e9vekn\u00e9l v\u00e1rhat\u00f3an magasabb A korm\u00e1ny makrogazdas\u00e1gi \u00e9s k\u00f6lts\u00e9gvet\u00e9si el\u0151re jelz\u00e9s\u00e9b\u0151l kider\u00fcl, hogy 2019-ben 9,4%-kal n\u0151hetnek a brutt\u00f3 keresetek Magyarorsz\u00e1gon. A decemberben kiadott progn\u00f3zisban","canonical_url":"https:\/\/allasorias.hu\/hirek\/nagyobb-inflacio-varhato\/","robots":"max-image-preview:large","keywords":"","webmasterTools":{"miscellaneous":""},"schema":{"@context":"https:\/\/schema.org","@graph":[{"@type":"Article","@id":"https:\/\/allasorias.hu\/hirek\/nagyobb-inflacio-varhato\/#article","name":"Nagyobb infl\u00e1ci\u00f3 v\u00e1rhat\u00f3 | AllasOrias.hu | H\u00edrek-lapszemle","headline":"Nagyobb infl\u00e1ci\u00f3 v\u00e1rhat\u00f3","author":{"@id":"https:\/\/allasorias.hu\/hirek\/author\/admin-allasorias\/#author"},"publisher":{"@id":"https:\/\/allasorias.hu\/hirek\/#organization"},"image":{"@type":"ImageObject","url":"https:\/\/allasorias.hu\/hirek\/wp-content\/uploads\/2019\/01\/263629_forint.jpg","width":800,"height":400},"datePublished":"2019-01-02T13:07:42+02:00","dateModified":"2019-01-02T13:07:42+02:00","inLanguage":"hu-HU","mainEntityOfPage":{"@id":"https:\/\/allasorias.hu\/hirek\/nagyobb-inflacio-varhato\/#webpage"},"isPartOf":{"@id":"https:\/\/allasorias.hu\/hirek\/nagyobb-inflacio-varhato\/#webpage"},"articleSection":"Gazdas\u00e1g, Munkaer\u0151piac"},{"@type":"BreadcrumbList","@id":"https:\/\/allasorias.hu\/hirek\/nagyobb-inflacio-varhato\/#breadcrumblist","itemListElement":[{"@type":"ListItem","@id":"https:\/\/allasorias.hu\/hirek#listItem","position":1,"name":"Home","item":"https:\/\/allasorias.hu\/hirek","nextItem":{"@type":"ListItem","@id":"https:\/\/allasorias.hu\/hirek\/temak\/gazdasag\/#listItem","name":"Gazdas\u00e1g"}},{"@type":"ListItem","@id":"https:\/\/allasorias.hu\/hirek\/temak\/gazdasag\/#listItem","position":2,"name":"Gazdas\u00e1g","item":"https:\/\/allasorias.hu\/hirek\/temak\/gazdasag\/","nextItem":{"@type":"ListItem","@id":"https:\/\/allasorias.hu\/hirek\/nagyobb-inflacio-varhato\/#listItem","name":"Nagyobb infl\u00e1ci\u00f3 v\u00e1rhat\u00f3"},"previousItem":{"@type":"ListItem","@id":"https:\/\/allasorias.hu\/hirek#listItem","name":"Home"}},{"@type":"ListItem","@id":"https:\/\/allasorias.hu\/hirek\/nagyobb-inflacio-varhato\/#listItem","position":3,"name":"Nagyobb infl\u00e1ci\u00f3 v\u00e1rhat\u00f3","previousItem":{"@type":"ListItem","@id":"https:\/\/allasorias.hu\/hirek\/temak\/gazdasag\/#listItem","name":"Gazdas\u00e1g"}}]},{"@type":"Organization","@id":"https:\/\/allasorias.hu\/hirek\/#organization","name":"AllasOrias.hu | H\u00edrek-lapszemle","description":"\u00dczleti h\u00edrek az \u00e1ll\u00e1s \u00e9s a munka vil\u00e1g\u00e1b\u00f3l","url":"https:\/\/allasorias.hu\/hirek\/","logo":{"@type":"ImageObject","url":"https:\/\/allasorias.hu\/hirek\/wp-content\/uploads\/2022\/10\/allasorias_site_facebok_logo.png","@id":"https:\/\/allasorias.hu\/hirek\/nagyobb-inflacio-varhato\/#organizationLogo"},"image":{"@id":"https:\/\/allasorias.hu\/hirek\/nagyobb-inflacio-varhato\/#organizationLogo"},"sameAs":["https:\/\/www.facebook.com\/allasorias","https:\/\/www.linkedin.com\/company\/allasorias"]},{"@type":"Person","@id":"https:\/\/allasorias.hu\/hirek\/author\/admin-allasorias\/#author","url":"https:\/\/allasorias.hu\/hirek\/author\/admin-allasorias\/","name":"Juh\u00e1sz P\u00e9ter","image":{"@type":"ImageObject","@id":"https:\/\/allasorias.hu\/hirek\/nagyobb-inflacio-varhato\/#authorImage","url":"https:\/\/secure.gravatar.com\/avatar\/36e6bcb83148978b992977cb0f54d22feb0cce8a0a849a9410532bb2623ba4c6?s=96&d=mm&r=g","width":96,"height":96,"caption":"Juh\u00e1sz P\u00e9ter"}},{"@type":"WebPage","@id":"https:\/\/allasorias.hu\/hirek\/nagyobb-inflacio-varhato\/#webpage","url":"https:\/\/allasorias.hu\/hirek\/nagyobb-inflacio-varhato\/","name":"Nagyobb infl\u00e1ci\u00f3 v\u00e1rhat\u00f3 | AllasOrias.hu | H\u00edrek-lapszemle","description":"Magyarorsz\u00e1gon 2019-ben is tov\u00e1bb emelkednek b\u00e9rek, ezt t\u00e1mogatja a minim\u00e1lb\u00e9r \u00e9s a garant\u00e1lt b\u00e9rminimum \u00e9rdemi, 8-8%-os emelked\u00e9se, valamint az egyre feszesebb\u00e9 v\u00e1l\u00f3 munkaer\u0151piac. A szakemberek lass\u00fabb emelked\u00e9sre sz\u00e1m\u00edtanak ugyan, mert a kor\u00e1bbi \u00e9vekn\u00e9l v\u00e1rhat\u00f3an magasabb A korm\u00e1ny makrogazdas\u00e1gi \u00e9s k\u00f6lts\u00e9gvet\u00e9si el\u0151re jelz\u00e9s\u00e9b\u0151l kider\u00fcl, hogy 2019-ben 9,4%-kal n\u0151hetnek a brutt\u00f3 keresetek Magyarorsz\u00e1gon. A decemberben kiadott progn\u00f3zisban","inLanguage":"hu-HU","isPartOf":{"@id":"https:\/\/allasorias.hu\/hirek\/#website"},"breadcrumb":{"@id":"https:\/\/allasorias.hu\/hirek\/nagyobb-inflacio-varhato\/#breadcrumblist"},"author":{"@id":"https:\/\/allasorias.hu\/hirek\/author\/admin-allasorias\/#author"},"creator":{"@id":"https:\/\/allasorias.hu\/hirek\/author\/admin-allasorias\/#author"},"image":{"@type":"ImageObject","url":"https:\/\/allasorias.hu\/hirek\/wp-content\/uploads\/2019\/01\/263629_forint.jpg","@id":"https:\/\/allasorias.hu\/hirek\/nagyobb-inflacio-varhato\/#mainImage","width":800,"height":400},"primaryImageOfPage":{"@id":"https:\/\/allasorias.hu\/hirek\/nagyobb-inflacio-varhato\/#mainImage"},"datePublished":"2019-01-02T13:07:42+02:00","dateModified":"2019-01-02T13:07:42+02:00"},{"@type":"WebSite","@id":"https:\/\/allasorias.hu\/hirek\/#website","url":"https:\/\/allasorias.hu\/hirek\/","name":"AllasOrias.hu | H\u00edrek-lapszemle","description":"\u00dczleti h\u00edrek az \u00e1ll\u00e1s \u00e9s a munka vil\u00e1g\u00e1b\u00f3l","inLanguage":"hu-HU","publisher":{"@id":"https:\/\/allasorias.hu\/hirek\/#organization"}}]},"og:locale":"hu_HU","og:site_name":"AllasOrias.hu | H\u00edrek-lapszemle | \u00dczleti h\u00edrek az \u00e1ll\u00e1s \u00e9s a munka vil\u00e1g\u00e1b\u00f3l","og:type":"article","og:title":"Nagyobb infl\u00e1ci\u00f3 v\u00e1rhat\u00f3 | AllasOrias.hu | H\u00edrek-lapszemle","og:description":"Magyarorsz\u00e1gon 2019-ben is tov\u00e1bb emelkednek b\u00e9rek, ezt t\u00e1mogatja a minim\u00e1lb\u00e9r \u00e9s a garant\u00e1lt b\u00e9rminimum \u00e9rdemi, 8-8%-os emelked\u00e9se, valamint az egyre feszesebb\u00e9 v\u00e1l\u00f3 munkaer\u0151piac. A szakemberek lass\u00fabb emelked\u00e9sre sz\u00e1m\u00edtanak ugyan, mert a kor\u00e1bbi \u00e9vekn\u00e9l v\u00e1rhat\u00f3an magasabb A korm\u00e1ny makrogazdas\u00e1gi \u00e9s k\u00f6lts\u00e9gvet\u00e9si el\u0151re jelz\u00e9s\u00e9b\u0151l kider\u00fcl, hogy 2019-ben 9,4%-kal n\u0151hetnek a brutt\u00f3 keresetek Magyarorsz\u00e1gon. A decemberben kiadott progn\u00f3zisban","og:url":"https:\/\/allasorias.hu\/hirek\/nagyobb-inflacio-varhato\/","og:image":"https:\/\/allasorias.hu\/hirek\/wp-content\/uploads\/2019\/01\/263629_forint.jpg","og:image:secure_url":"https:\/\/allasorias.hu\/hirek\/wp-content\/uploads\/2019\/01\/263629_forint.jpg","og:image:width":800,"og:image:height":400,"article:published_time":"2019-01-02T13:07:42+00:00","article:modified_time":"2019-01-02T13:07:42+00:00","article:publisher":"https:\/\/www.facebook.com\/allasorias","twitter:card":"summary_large_image","twitter:title":"Nagyobb infl\u00e1ci\u00f3 v\u00e1rhat\u00f3 | AllasOrias.hu | H\u00edrek-lapszemle","twitter:description":"Magyarorsz\u00e1gon 2019-ben is tov\u00e1bb emelkednek b\u00e9rek, ezt t\u00e1mogatja a minim\u00e1lb\u00e9r \u00e9s a garant\u00e1lt b\u00e9rminimum \u00e9rdemi, 8-8%-os emelked\u00e9se, valamint az egyre feszesebb\u00e9 v\u00e1l\u00f3 munkaer\u0151piac. A szakemberek lass\u00fabb emelked\u00e9sre sz\u00e1m\u00edtanak ugyan, mert a kor\u00e1bbi \u00e9vekn\u00e9l v\u00e1rhat\u00f3an magasabb A korm\u00e1ny makrogazdas\u00e1gi \u00e9s k\u00f6lts\u00e9gvet\u00e9si el\u0151re jelz\u00e9s\u00e9b\u0151l kider\u00fcl, hogy 2019-ben 9,4%-kal n\u0151hetnek a brutt\u00f3 keresetek Magyarorsz\u00e1gon. A decemberben kiadott progn\u00f3zisban","twitter:image":"https:\/\/allasorias.hu\/hirek\/wp-content\/uploads\/2019\/01\/263629_forint.jpg","twitter:label1":"Written by","twitter:data1":"Juh\u00e1sz P\u00e9ter","twitter:label2":"Est. reading time","twitter:data2":"2 minutes"},"aioseo_meta_data":{"post_id":"2371","title":null,"description":null,"keywords":null,"keyphrases":null,"primary_term":null,"canonical_url":null,"og_title":null,"og_description":null,"og_object_type":"default","og_image_type":"default","og_image_url":null,"og_image_width":null,"og_image_height":null,"og_image_custom_url":null,"og_image_custom_fields":null,"og_video":null,"og_custom_url":null,"og_article_section":null,"og_article_tags":null,"twitter_use_og":false,"twitter_card":"default","twitter_image_type":"default","twitter_image_url":null,"twitter_image_custom_url":null,"twitter_image_custom_fields":null,"twitter_title":null,"twitter_description":null,"schema":{"blockGraphs":[],"customGraphs":[],"default":{"data":{"Article":[],"Course":[],"Dataset":[],"FAQPage":[],"Movie":[],"Person":[],"Product":[],"ProductReview":[],"Car":[],"Recipe":[],"Service":[],"SoftwareApplication":[],"WebPage":[]},"graphName":"","isEnabled":true},"graphs":[],"defaultGraph":"","defaultPostTypeGraph":""},"schema_type":null,"schema_type_options":null,"pillar_content":false,"robots_default":true,"robots_noindex":false,"robots_noarchive":false,"robots_nosnippet":false,"robots_nofollow":false,"robots_noimageindex":false,"robots_noodp":false,"robots_notranslate":false,"robots_max_snippet":null,"robots_max_videopreview":null,"robots_max_imagepreview":"large","priority":null,"frequency":null,"location":null,"local_seo":null,"breadcrumb_settings":null,"limit_modified_date":false,"ai":null,"created":"2021-02-01 20:46:01","updated":"2025-10-02 09:40:39","seo_analyzer_scan_date":null,"focus_keyword":null,"additional_keywords":null,"truseo_locale":null},"aioseo_breadcrumb":"<div class=\"aioseo-breadcrumbs\"><span class=\"aioseo-breadcrumb\">\n\t\t\t<a href=\"https:\/\/allasorias.hu\/hirek\" title=\"Home\">Home<\/a>\n\t\t<\/span><span class=\"aioseo-breadcrumb-separator\">&raquo;<\/span><span class=\"aioseo-breadcrumb\">\n\t\t\t<a href=\"https:\/\/allasorias.hu\/hirek\/temak\/gazdasag\/\" title=\"Gazdas\u00e1g\">Gazdas\u00e1g<\/a>\n\t\t<\/span><span class=\"aioseo-breadcrumb-separator\">&raquo;<\/span><span class=\"aioseo-breadcrumb\">\n\t\t\tNagyobb infl\u00e1ci\u00f3 v\u00e1rhat\u00f3\n\t\t<\/span><\/div>","aioseo_breadcrumb_json":[{"label":"Home","link":"https:\/\/allasorias.hu\/hirek"},{"label":"Gazdas\u00e1g","link":"https:\/\/allasorias.hu\/hirek\/temak\/gazdasag\/"},{"label":"Nagyobb infl\u00e1ci\u00f3 v\u00e1rhat\u00f3","link":"https:\/\/allasorias.hu\/hirek\/nagyobb-inflacio-varhato\/"}],"_links":{"self":[{"href":"https:\/\/allasorias.hu\/hirek\/wp-json\/wp\/v2\/posts\/2371","targetHints":{"allow":["GET"]}}],"collection":[{"href":"https:\/\/allasorias.hu\/hirek\/wp-json\/wp\/v2\/posts"}],"about":[{"href":"https:\/\/allasorias.hu\/hirek\/wp-json\/wp\/v2\/types\/post"}],"author":[{"embeddable":true,"href":"https:\/\/allasorias.hu\/hirek\/wp-json\/wp\/v2\/users\/1"}],"replies":[{"embeddable":true,"href":"https:\/\/allasorias.hu\/hirek\/wp-json\/wp\/v2\/comments?post=2371"}],"version-history":[{"count":1,"href":"https:\/\/allasorias.hu\/hirek\/wp-json\/wp\/v2\/posts\/2371\/revisions"}],"predecessor-version":[{"id":2373,"href":"https:\/\/allasorias.hu\/hirek\/wp-json\/wp\/v2\/posts\/2371\/revisions\/2373"}],"wp:featuredmedia":[{"embeddable":true,"href":"https:\/\/allasorias.hu\/hirek\/wp-json\/wp\/v2\/media\/2372"}],"wp:attachment":[{"href":"https:\/\/allasorias.hu\/hirek\/wp-json\/wp\/v2\/media?parent=2371"}],"wp:term":[{"taxonomy":"category","embeddable":true,"href":"https:\/\/allasorias.hu\/hirek\/wp-json\/wp\/v2\/categories?post=2371"},{"taxonomy":"post_tag","embeddable":true,"href":"https:\/\/allasorias.hu\/hirek\/wp-json\/wp\/v2\/tags?post=2371"}],"curies":[{"name":"wp","href":"https:\/\/api.w.org\/{rel}","templated":true}]}}