{"id":2365,"date":"2018-12-31T07:39:06","date_gmt":"2018-12-31T07:39:06","guid":{"rendered":"https:\/\/allasorias.hu\/hirek\/?p=2365"},"modified":"2019-01-02T07:39:22","modified_gmt":"2019-01-02T07:39:22","slug":"eleg-lenne-egy-szazalekos-adoemeles-a-beremeleshez","status":"publish","type":"post","link":"https:\/\/allasorias.hu\/hirek\/eleg-lenne-egy-szazalekos-adoemeles-a-beremeleshez\/","title":{"rendered":"El\u00e9g lenne egy sz\u00e1zal\u00e9kos ad\u00f3emel\u00e9s a b\u00e9remel\u00e9shez"},"content":{"rendered":"<p><strong>El\u00e9g lenne egy sz\u00e1zal\u00e9kos ad\u00f3emel\u00e9s a\u00a0 pedag\u00f3gus \u00e9s az eg\u00e9szs\u00e9g\u00fcgyi dolgoz\u00f3k b\u00e9r\u00e9nek emel\u00e9s\u00e9hez \u2013 jelentette ki Sur\u00e1nyi Gy\u00f6rgy a Magyar Nemzeti Bank volt eln\u00f6ke. A szakember \u00a0nem \u00e9rt egyet azzal, hogy 9 sz\u00e1zal\u00e9k legyen a szem\u00e9lyi j\u00f6vedelmi ad\u00f3, mert szerinte az egykulcsos ad\u00f3 \u00f6nmag\u00e1ban k\u00e1ros.<\/strong><\/p>\n<p>Sur\u00e1nyi elmondta: b\u00e1r a verseny h\u00edve a munkaer\u0151piacon is, de nem \u00e9rt egyet a munka t\u00f6rv\u00e9nyk\u00f6nyv\u00e9nek m\u00f3dos\u00edt\u00e1s\u00e1val. Mint elmondta: t\u00e9ny, hogy az elm\u00falt k\u00e9t \u00e9vben a gazdas\u00e1g n\u00f6veked\u00e9se tekint\u00e9lyes. Ebben az \u00e9vben val\u00f3sz\u00edn\u0171leg k\u00f6zelebb lesz az 5 sz\u00e1zal\u00e9khoz, mint a 4,5-hez. Ezzel a r\u00e9gi\u00f3n bel\u00fcl egy j\u00f3 \u00e1tlagos teljes\u00edtm\u00e9nyt ny\u00fajt a magyar gazdas\u00e1g, ugyanakkor azt is l\u00e1tni, hogy a magyar t\u00e1rsadalom \u00e9letsz\u00ednvonal\u00e1n van mit behozni. Azt is figyelembe kell venni, hogy az eredm\u00e9nyek \u00fagy j\u00f6nnek ki, hogy 2010 \u00e9s 2018 k\u00f6z\u00f6tt a magyar gazdas\u00e1g \u00e1tlagos \u00e9ves n\u00f6veked\u00e9s\u00fcteme alig haladja meg a 2 sz\u00e1zal\u00e9kot, teh\u00e1t \u00e1tlagosan a n\u00f6veked\u00e9s\u00fcnk a r\u00e9gi\u00f3n bel\u00fcl a k\u00f6zepesn\u00e9l valamivel gyeng\u00e9bb, az elm\u00falt \u00e9vben, \u00e9s ebben az \u00e9vben viszont jobb. Sur\u00e1nyi Gy\u00f6rgy szerint a k\u00fcls\u0151 adotts\u00e1gok kedvez\u0151en befoly\u00e1solj\u00e1k a teljes\u00edtm\u00e9ny\u00fcnket, ilyen p\u00e9ld\u00e1ul az Eur\u00f3pai Uni\u00f3t\u00f3l kapott kiemelked\u0151en magas t\u00e1mogat\u00e1s, ez \u00e9vente a magyar \u00f6sszterm\u00e9k 4-4,5 sz\u00e1zal\u00e9k\u00e1t \u00e9ri el. Ilyennek tekinthet\u0151 a p\u00e9ld\u00e1tlan cserear\u00e1ny javul\u00e1s: a nyersanyag \u00e9s energia\u00e1rak l\u00e9nyegesen lecs\u00f6kkentek az elm\u00falt h\u00e1rom \u00e9v \u00e1tlag\u00e1ban, ez \u00f6nmag\u00e1ban is nagy l\u00f6k\u00e9st ad a gazdas\u00e1gnak. De ilyen az Eur\u00f3pai Uni\u00f3ban elfogadhat\u00f3 volt a konjuktura, ez is h\u00fazta mag\u00e1val a gazdas\u00e1got. Kedvez\u0151en befoly\u00e1solja a teljes\u00edtm\u00e9nyt az is, hogy azok az emberek, akik hi\u00e1nyoznak a magyar munkaer\u0151piacr\u00f3l, meglehet\u0151sen jelent\u0151s \u00f6sszegeket k\u00fcldenek haza.1997-ben, 1998-ban, 1999-ben \u00e9s 2000-ben volt hasonl\u00f3an nagy n\u00f6veked\u00e9s. \u00dagy v\u00e9li, az egykulcsos ad\u00f3 \u00f6nmag\u00e1ban k\u00e1ros, nem csak a szoci\u00e1lis hat\u00e1sai miatt, hanem a gazdas\u00e1g n\u00f6veked\u00e9se ok\u00e1n is. Kiszolg\u00e1ltatottak a munkav\u00e1llal\u00f3k Munkaer\u0151piacon is a verseny h\u00edve, szem\u00e9lyesen megtapasztalta, hogy a rugalmatlan, t\u00falcentraliz\u00e1lt munkaer\u0151piacnak milyen s\u00falyos k\u00f6vetkezm\u00e9nyei vannak. Magyarorsz\u00e1gon a munkav\u00e1llal\u00f3k olyan m\u00e9rt\u00e9kben kiszolg\u00e1ltatottak a munkaad\u00f3knak, olyan m\u00e9rt\u00e9kben nincs egyens\u00faly a k\u00e9t f\u00e9l k\u00f6z\u00f6tt, a t\u00f6rv\u00e9nyek olyan fokon egyoldal\u00faak, ami tulajdonk\u00e9ppen roppant k\u00e1ros \u2013 hangs\u00falyozta \u00a0a volt jegybank eln\u00f6k.<\/p>\n<p><em>Forr\u00e1s: atv.hu<\/em><\/p>\n","protected":false},"excerpt":{"rendered":"<p>El\u00e9g lenne egy sz\u00e1zal\u00e9kos ad\u00f3emel\u00e9s a\u00a0 pedag\u00f3gus \u00e9s az eg\u00e9szs\u00e9g\u00fcgyi dolgoz\u00f3k b\u00e9r\u00e9nek emel\u00e9s\u00e9hez \u2013 jelentette ki Sur\u00e1nyi Gy\u00f6rgy a Magyar Nemzeti Bank volt eln\u00f6ke. A szakember \u00a0nem \u00e9rt egyet azzal, hogy 9 sz\u00e1zal\u00e9k legyen a szem\u00e9lyi j\u00f6vedelmi ad\u00f3, mert szerinte az egykulcsos ad\u00f3 \u00f6nmag\u00e1ban k\u00e1ros. Sur\u00e1nyi elmondta: b\u00e1r a verseny h\u00edve a munkaer\u0151piacon is, de [&hellip;]<\/p>\n","protected":false},"author":1,"featured_media":2366,"comment_status":"open","ping_status":"open","sticky":false,"template":"","format":"standard","meta":{"_monsterinsights_skip_tracking":false,"_monsterinsights_sitenote_active":false,"_monsterinsights_sitenote_note":"","_monsterinsights_sitenote_category":0,"footnotes":""},"categories":[198,200],"tags":[],"class_list":["post-2365","post","type-post","status-publish","format-standard","has-post-thumbnail","hentry","category-gazdasag","category-munkaeropiac"],"aioseo_notices":[],"_links":{"self":[{"href":"https:\/\/allasorias.hu\/hirek\/wp-json\/wp\/v2\/posts\/2365","targetHints":{"allow":["GET"]}}],"collection":[{"href":"https:\/\/allasorias.hu\/hirek\/wp-json\/wp\/v2\/posts"}],"about":[{"href":"https:\/\/allasorias.hu\/hirek\/wp-json\/wp\/v2\/types\/post"}],"author":[{"embeddable":true,"href":"https:\/\/allasorias.hu\/hirek\/wp-json\/wp\/v2\/users\/1"}],"replies":[{"embeddable":true,"href":"https:\/\/allasorias.hu\/hirek\/wp-json\/wp\/v2\/comments?post=2365"}],"version-history":[{"count":1,"href":"https:\/\/allasorias.hu\/hirek\/wp-json\/wp\/v2\/posts\/2365\/revisions"}],"predecessor-version":[{"id":2367,"href":"https:\/\/allasorias.hu\/hirek\/wp-json\/wp\/v2\/posts\/2365\/revisions\/2367"}],"wp:featuredmedia":[{"embeddable":true,"href":"https:\/\/allasorias.hu\/hirek\/wp-json\/wp\/v2\/media\/2366"}],"wp:attachment":[{"href":"https:\/\/allasorias.hu\/hirek\/wp-json\/wp\/v2\/media?parent=2365"}],"wp:term":[{"taxonomy":"category","embeddable":true,"href":"https:\/\/allasorias.hu\/hirek\/wp-json\/wp\/v2\/categories?post=2365"},{"taxonomy":"post_tag","embeddable":true,"href":"https:\/\/allasorias.hu\/hirek\/wp-json\/wp\/v2\/tags?post=2365"}],"curies":[{"name":"wp","href":"https:\/\/api.w.org\/{rel}","templated":true}]}}