{"id":2353,"date":"2018-12-28T12:10:29","date_gmt":"2018-12-28T12:10:29","guid":{"rendered":"https:\/\/allasorias.hu\/hirek\/?p=2353"},"modified":"2018-12-28T12:10:29","modified_gmt":"2018-12-28T12:10:29","slug":"sokaig-tarto-folyamat-lesz-a-beremeles","status":"publish","type":"post","link":"https:\/\/allasorias.hu\/hirek\/sokaig-tarto-folyamat-lesz-a-beremeles\/","title":{"rendered":"Sok\u00e1ig tart\u00f3 folyamat lesz a b\u00e9remel\u00e9s"},"content":{"rendered":"<p><strong>A Munk\u00e1stan\u00e1csok Orsz\u00e1gos Sz\u00f6vets\u00e9g\u00e9nek eln\u00f6ke az M1 aktu\u00e1lis csatorna m\u0171sor\u00e1ban jelentette ki, hogy a b\u00e9rek emelked\u00e9se hosszan tart\u00f3 folyamat lehet, a munkaad\u00f3k 2019-re sz\u00f3l\u00f3 aj\u00e1nlata ugyanakkor jelent\u0151sen elmarad a munkaer\u0151piac ig\u00e9nyeit\u0151l. <\/strong><\/p>\n<p>Palkovics Imre al\u00e1h\u00fazta: \u00a0a munkav\u00e1llal\u00f3i \u00e9rdekk\u00e9pviseletek az 5 sz\u00e1zal\u00e9k k\u00f6r\u00fcli b\u00e9remel\u00e9si aj\u00e1nlatnak legal\u00e1bb a dupl\u00e1j\u00e1t tartj\u00e1k elfogadhat\u00f3nak. \u00dcdv\u00f6z\u00f6lte, hogy a j\u00f6vedelmi k\u00fcl\u00f6nbs\u00e9gek orsz\u00e1gszerte cs\u00f6kkennek, de hozz\u00e1tette, hogy a munkaer\u0151hi\u00e1ny minden \u00e1gazatot el\u00e9rt. A jelens\u00e9g szerinte \u00a0csak ott nem \u00e9rz\u00e9kelhet\u0151, ahol a piaci elv\u00e1r\u00e1soknak megfelel\u0151 fizet\u00e9st kapnak az alkalmazottak. A Munka t\u00f6rv\u00e9nyk\u00f6nyve m\u00f3dos\u00edt\u00e1s\u00e1ra utalva megjegyezte, hogy az egy\u00e9ni meg\u00e1llapod\u00e1s lehet\u0151s\u00e9ge kiszolg\u00e1ltatott\u00e1 teheti a dolgoz\u00f3kat. A munkav\u00e1llal\u00f3i \u00e9rdekk\u00e9pviseletek ez\u00e9rt s\u00e9relmezik, hogy a t\u00fal\u00f3r\u00e1kr\u00f3l a szakszervezetek megker\u00fcl\u00e9s\u00e9vel is lehet egyezkedni a munkahelyeken.<\/p>\n<p>Forr\u00e1s: hrportal.hu<\/p>\n","protected":false},"excerpt":{"rendered":"<p>A Munk\u00e1stan\u00e1csok Orsz\u00e1gos Sz\u00f6vets\u00e9g\u00e9nek eln\u00f6ke az M1 aktu\u00e1lis csatorna m\u0171sor\u00e1ban jelentette ki, hogy a b\u00e9rek emelked\u00e9se hosszan tart\u00f3 folyamat lehet, a munkaad\u00f3k 2019-re sz\u00f3l\u00f3 aj\u00e1nlata ugyanakkor jelent\u0151sen elmarad a munkaer\u0151piac ig\u00e9nyeit\u0151l. Palkovics Imre al\u00e1h\u00fazta: \u00a0a munkav\u00e1llal\u00f3i \u00e9rdekk\u00e9pviseletek az 5 sz\u00e1zal\u00e9k k\u00f6r\u00fcli b\u00e9remel\u00e9si aj\u00e1nlatnak legal\u00e1bb a dupl\u00e1j\u00e1t tartj\u00e1k elfogadhat\u00f3nak. \u00dcdv\u00f6z\u00f6lte, hogy a j\u00f6vedelmi k\u00fcl\u00f6nbs\u00e9gek orsz\u00e1gszerte cs\u00f6kkennek, [&hellip;]<\/p>\n","protected":false},"author":1,"featured_media":2354,"comment_status":"open","ping_status":"open","sticky":false,"template":"","format":"standard","meta":{"_monsterinsights_skip_tracking":false,"footnotes":""},"categories":[198,200],"tags":[],"class_list":["post-2353","post","type-post","status-publish","format-standard","has-post-thumbnail","hentry","category-gazdasag","category-munkaeropiac"],"aioseo_notices":[],"aioseo_head":"\n\t\t<!-- All in One SEO 5.0.0.1 - aioseo.com -->\n\t<meta name=\"description\" content=\"A Munk\u00e1stan\u00e1csok Orsz\u00e1gos Sz\u00f6vets\u00e9g\u00e9nek eln\u00f6ke az M1 aktu\u00e1lis csatorna m\u0171sor\u00e1ban jelentette ki, hogy a b\u00e9rek emelked\u00e9se hosszan tart\u00f3 folyamat lehet, a munkaad\u00f3k 2019-re sz\u00f3l\u00f3 aj\u00e1nlata ugyanakkor jelent\u0151sen elmarad a munkaer\u0151piac ig\u00e9nyeit\u0151l. Palkovics Imre al\u00e1h\u00fazta: a munkav\u00e1llal\u00f3i \u00e9rdekk\u00e9pviseletek az 5 sz\u00e1zal\u00e9k k\u00f6r\u00fcli b\u00e9remel\u00e9si aj\u00e1nlatnak legal\u00e1bb a dupl\u00e1j\u00e1t tartj\u00e1k elfogadhat\u00f3nak. \u00dcdv\u00f6z\u00f6lte, hogy a j\u00f6vedelmi k\u00fcl\u00f6nbs\u00e9gek orsz\u00e1gszerte cs\u00f6kkennek,\" \/>\n\t<meta name=\"robots\" content=\"max-image-preview:large\" \/>\n\t<meta name=\"author\" content=\"Juh\u00e1sz P\u00e9ter\"\/>\n\t<link rel=\"canonical\" href=\"https:\/\/allasorias.hu\/hirek\/sokaig-tarto-folyamat-lesz-a-beremeles\/\" \/>\n\t<meta name=\"generator\" content=\"All in One SEO (AIOSEO) 5.0.0.1\" \/>\n\t\t<meta property=\"og:locale\" content=\"hu_HU\" \/>\n\t\t<meta property=\"og:site_name\" content=\"AllasOrias.hu | H\u00edrek-lapszemle | \u00dczleti h\u00edrek az \u00e1ll\u00e1s \u00e9s a munka vil\u00e1g\u00e1b\u00f3l\" \/>\n\t\t<meta property=\"og:type\" content=\"article\" \/>\n\t\t<meta property=\"og:title\" content=\"Sok\u00e1ig tart\u00f3 folyamat lesz a b\u00e9remel\u00e9s | AllasOrias.hu | H\u00edrek-lapszemle\" \/>\n\t\t<meta property=\"og:description\" content=\"A Munk\u00e1stan\u00e1csok Orsz\u00e1gos Sz\u00f6vets\u00e9g\u00e9nek eln\u00f6ke az M1 aktu\u00e1lis csatorna m\u0171sor\u00e1ban jelentette ki, hogy a b\u00e9rek emelked\u00e9se hosszan tart\u00f3 folyamat lehet, a munkaad\u00f3k 2019-re sz\u00f3l\u00f3 aj\u00e1nlata ugyanakkor jelent\u0151sen elmarad a munkaer\u0151piac ig\u00e9nyeit\u0151l. Palkovics Imre al\u00e1h\u00fazta: a munkav\u00e1llal\u00f3i \u00e9rdekk\u00e9pviseletek az 5 sz\u00e1zal\u00e9k k\u00f6r\u00fcli b\u00e9remel\u00e9si aj\u00e1nlatnak legal\u00e1bb a dupl\u00e1j\u00e1t tartj\u00e1k elfogadhat\u00f3nak. \u00dcdv\u00f6z\u00f6lte, hogy a j\u00f6vedelmi k\u00fcl\u00f6nbs\u00e9gek orsz\u00e1gszerte cs\u00f6kkennek,\" \/>\n\t\t<meta property=\"og:url\" content=\"https:\/\/allasorias.hu\/hirek\/sokaig-tarto-folyamat-lesz-a-beremeles\/\" \/>\n\t\t<meta property=\"og:image\" content=\"https:\/\/allasorias.hu\/hirek\/wp-content\/uploads\/2018\/12\/clock-2015460_640.jpg\" \/>\n\t\t<meta property=\"og:image:secure_url\" content=\"https:\/\/allasorias.hu\/hirek\/wp-content\/uploads\/2018\/12\/clock-2015460_640.jpg\" \/>\n\t\t<meta property=\"og:image:width\" content=\"640\" \/>\n\t\t<meta property=\"og:image:height\" content=\"400\" \/>\n\t\t<meta property=\"article:published_time\" content=\"2018-12-28T12:10:29+00:00\" \/>\n\t\t<meta property=\"article:modified_time\" content=\"2018-12-28T12:10:29+00:00\" \/>\n\t\t<meta property=\"article:publisher\" content=\"https:\/\/www.facebook.com\/allasorias\" \/>\n\t\t<meta name=\"twitter:card\" content=\"summary_large_image\" \/>\n\t\t<meta name=\"twitter:title\" content=\"Sok\u00e1ig tart\u00f3 folyamat lesz a b\u00e9remel\u00e9s | AllasOrias.hu | H\u00edrek-lapszemle\" \/>\n\t\t<meta name=\"twitter:description\" content=\"A Munk\u00e1stan\u00e1csok Orsz\u00e1gos Sz\u00f6vets\u00e9g\u00e9nek eln\u00f6ke az M1 aktu\u00e1lis csatorna m\u0171sor\u00e1ban jelentette ki, hogy a b\u00e9rek emelked\u00e9se hosszan tart\u00f3 folyamat lehet, a munkaad\u00f3k 2019-re sz\u00f3l\u00f3 aj\u00e1nlata ugyanakkor jelent\u0151sen elmarad a munkaer\u0151piac ig\u00e9nyeit\u0151l. Palkovics Imre al\u00e1h\u00fazta: a munkav\u00e1llal\u00f3i \u00e9rdekk\u00e9pviseletek az 5 sz\u00e1zal\u00e9k k\u00f6r\u00fcli b\u00e9remel\u00e9si aj\u00e1nlatnak legal\u00e1bb a dupl\u00e1j\u00e1t tartj\u00e1k elfogadhat\u00f3nak. \u00dcdv\u00f6z\u00f6lte, hogy a j\u00f6vedelmi k\u00fcl\u00f6nbs\u00e9gek orsz\u00e1gszerte cs\u00f6kkennek,\" \/>\n\t\t<meta name=\"twitter:image\" content=\"https:\/\/allasorias.hu\/hirek\/wp-content\/uploads\/2018\/12\/clock-2015460_640.jpg\" \/>\n\t\t<meta name=\"twitter:label1\" content=\"Written by\" \/>\n\t\t<meta name=\"twitter:data1\" content=\"Juh\u00e1sz P\u00e9ter\" \/>\n\t\t<meta name=\"twitter:label2\" content=\"Est. reading time\" \/>\n\t\t<meta name=\"twitter:data2\" content=\"1 minute\" \/>\n\t\t<script type=\"application\/ld+json\" class=\"aioseo-schema\">\n\t\t\t{\"@context\":\"https:\\\/\\\/schema.org\",\"@graph\":[{\"@type\":\"Article\",\"@id\":\"https:\\\/\\\/allasorias.hu\\\/hirek\\\/sokaig-tarto-folyamat-lesz-a-beremeles\\\/#article\",\"name\":\"Sok\\u00e1ig tart\\u00f3 folyamat lesz a b\\u00e9remel\\u00e9s | AllasOrias.hu | H\\u00edrek-lapszemle\",\"headline\":\"Sok\\u00e1ig tart\\u00f3 folyamat lesz a b\\u00e9remel\\u00e9s\",\"author\":{\"@id\":\"https:\\\/\\\/allasorias.hu\\\/hirek\\\/author\\\/admin-allasorias\\\/#author\"},\"publisher\":{\"@id\":\"https:\\\/\\\/allasorias.hu\\\/hirek\\\/#organization\"},\"image\":{\"@type\":\"ImageObject\",\"url\":\"https:\\\/\\\/allasorias.hu\\\/hirek\\\/wp-content\\\/uploads\\\/2018\\\/12\\\/clock-2015460_640.jpg\",\"width\":640,\"height\":400},\"datePublished\":\"2018-12-28T12:10:29+02:00\",\"dateModified\":\"2018-12-28T12:10:29+02:00\",\"inLanguage\":\"hu-HU\",\"mainEntityOfPage\":{\"@id\":\"https:\\\/\\\/allasorias.hu\\\/hirek\\\/sokaig-tarto-folyamat-lesz-a-beremeles\\\/#webpage\"},\"isPartOf\":{\"@id\":\"https:\\\/\\\/allasorias.hu\\\/hirek\\\/sokaig-tarto-folyamat-lesz-a-beremeles\\\/#webpage\"},\"articleSection\":\"Gazdas\\u00e1g, Munkaer\\u0151piac\"},{\"@type\":\"BreadcrumbList\",\"@id\":\"https:\\\/\\\/allasorias.hu\\\/hirek\\\/sokaig-tarto-folyamat-lesz-a-beremeles\\\/#breadcrumblist\",\"itemListElement\":[{\"@type\":\"ListItem\",\"@id\":\"https:\\\/\\\/allasorias.hu\\\/hirek#listItem\",\"position\":1,\"name\":\"Home\",\"item\":\"https:\\\/\\\/allasorias.hu\\\/hirek\",\"nextItem\":{\"@type\":\"ListItem\",\"@id\":\"https:\\\/\\\/allasorias.hu\\\/hirek\\\/temak\\\/gazdasag\\\/#listItem\",\"name\":\"Gazdas\\u00e1g\"}},{\"@type\":\"ListItem\",\"@id\":\"https:\\\/\\\/allasorias.hu\\\/hirek\\\/temak\\\/gazdasag\\\/#listItem\",\"position\":2,\"name\":\"Gazdas\\u00e1g\",\"item\":\"https:\\\/\\\/allasorias.hu\\\/hirek\\\/temak\\\/gazdasag\\\/\",\"nextItem\":{\"@type\":\"ListItem\",\"@id\":\"https:\\\/\\\/allasorias.hu\\\/hirek\\\/sokaig-tarto-folyamat-lesz-a-beremeles\\\/#listItem\",\"name\":\"Sok\\u00e1ig tart\\u00f3 folyamat lesz a b\\u00e9remel\\u00e9s\"},\"previousItem\":{\"@type\":\"ListItem\",\"@id\":\"https:\\\/\\\/allasorias.hu\\\/hirek#listItem\",\"name\":\"Home\"}},{\"@type\":\"ListItem\",\"@id\":\"https:\\\/\\\/allasorias.hu\\\/hirek\\\/sokaig-tarto-folyamat-lesz-a-beremeles\\\/#listItem\",\"position\":3,\"name\":\"Sok\\u00e1ig tart\\u00f3 folyamat lesz a b\\u00e9remel\\u00e9s\",\"previousItem\":{\"@type\":\"ListItem\",\"@id\":\"https:\\\/\\\/allasorias.hu\\\/hirek\\\/temak\\\/gazdasag\\\/#listItem\",\"name\":\"Gazdas\\u00e1g\"}}]},{\"@type\":\"Organization\",\"@id\":\"https:\\\/\\\/allasorias.hu\\\/hirek\\\/#organization\",\"name\":\"AllasOrias.hu | H\\u00edrek-lapszemle\",\"description\":\"\\u00dczleti h\\u00edrek az \\u00e1ll\\u00e1s \\u00e9s a munka vil\\u00e1g\\u00e1b\\u00f3l\",\"url\":\"https:\\\/\\\/allasorias.hu\\\/hirek\\\/\",\"logo\":{\"@type\":\"ImageObject\",\"url\":\"https:\\\/\\\/allasorias.hu\\\/hirek\\\/wp-content\\\/uploads\\\/2022\\\/10\\\/allasorias_site_facebok_logo.png\",\"@id\":\"https:\\\/\\\/allasorias.hu\\\/hirek\\\/sokaig-tarto-folyamat-lesz-a-beremeles\\\/#organizationLogo\"},\"image\":{\"@id\":\"https:\\\/\\\/allasorias.hu\\\/hirek\\\/sokaig-tarto-folyamat-lesz-a-beremeles\\\/#organizationLogo\"},\"sameAs\":[\"https:\\\/\\\/www.facebook.com\\\/allasorias\",\"https:\\\/\\\/www.linkedin.com\\\/company\\\/allasorias\"]},{\"@type\":\"Person\",\"@id\":\"https:\\\/\\\/allasorias.hu\\\/hirek\\\/author\\\/admin-allasorias\\\/#author\",\"url\":\"https:\\\/\\\/allasorias.hu\\\/hirek\\\/author\\\/admin-allasorias\\\/\",\"name\":\"Juh\\u00e1sz P\\u00e9ter\",\"image\":{\"@type\":\"ImageObject\",\"@id\":\"https:\\\/\\\/allasorias.hu\\\/hirek\\\/sokaig-tarto-folyamat-lesz-a-beremeles\\\/#authorImage\",\"url\":\"https:\\\/\\\/secure.gravatar.com\\\/avatar\\\/36e6bcb83148978b992977cb0f54d22feb0cce8a0a849a9410532bb2623ba4c6?s=96&d=mm&r=g\",\"width\":96,\"height\":96,\"caption\":\"Juh\\u00e1sz P\\u00e9ter\"}},{\"@type\":\"WebPage\",\"@id\":\"https:\\\/\\\/allasorias.hu\\\/hirek\\\/sokaig-tarto-folyamat-lesz-a-beremeles\\\/#webpage\",\"url\":\"https:\\\/\\\/allasorias.hu\\\/hirek\\\/sokaig-tarto-folyamat-lesz-a-beremeles\\\/\",\"name\":\"Sok\\u00e1ig tart\\u00f3 folyamat lesz a b\\u00e9remel\\u00e9s | AllasOrias.hu | H\\u00edrek-lapszemle\",\"description\":\"A Munk\\u00e1stan\\u00e1csok Orsz\\u00e1gos Sz\\u00f6vets\\u00e9g\\u00e9nek eln\\u00f6ke az M1 aktu\\u00e1lis csatorna m\\u0171sor\\u00e1ban jelentette ki, hogy a b\\u00e9rek emelked\\u00e9se hosszan tart\\u00f3 folyamat lehet, a munkaad\\u00f3k 2019-re sz\\u00f3l\\u00f3 aj\\u00e1nlata ugyanakkor jelent\\u0151sen elmarad a munkaer\\u0151piac ig\\u00e9nyeit\\u0151l. Palkovics Imre al\\u00e1h\\u00fazta: a munkav\\u00e1llal\\u00f3i \\u00e9rdekk\\u00e9pviseletek az 5 sz\\u00e1zal\\u00e9k k\\u00f6r\\u00fcli b\\u00e9remel\\u00e9si aj\\u00e1nlatnak legal\\u00e1bb a dupl\\u00e1j\\u00e1t tartj\\u00e1k elfogadhat\\u00f3nak. \\u00dcdv\\u00f6z\\u00f6lte, hogy a j\\u00f6vedelmi k\\u00fcl\\u00f6nbs\\u00e9gek orsz\\u00e1gszerte cs\\u00f6kkennek,\",\"inLanguage\":\"hu-HU\",\"isPartOf\":{\"@id\":\"https:\\\/\\\/allasorias.hu\\\/hirek\\\/#website\"},\"breadcrumb\":{\"@id\":\"https:\\\/\\\/allasorias.hu\\\/hirek\\\/sokaig-tarto-folyamat-lesz-a-beremeles\\\/#breadcrumblist\"},\"author\":{\"@id\":\"https:\\\/\\\/allasorias.hu\\\/hirek\\\/author\\\/admin-allasorias\\\/#author\"},\"creator\":{\"@id\":\"https:\\\/\\\/allasorias.hu\\\/hirek\\\/author\\\/admin-allasorias\\\/#author\"},\"image\":{\"@type\":\"ImageObject\",\"url\":\"https:\\\/\\\/allasorias.hu\\\/hirek\\\/wp-content\\\/uploads\\\/2018\\\/12\\\/clock-2015460_640.jpg\",\"@id\":\"https:\\\/\\\/allasorias.hu\\\/hirek\\\/sokaig-tarto-folyamat-lesz-a-beremeles\\\/#mainImage\",\"width\":640,\"height\":400},\"primaryImageOfPage\":{\"@id\":\"https:\\\/\\\/allasorias.hu\\\/hirek\\\/sokaig-tarto-folyamat-lesz-a-beremeles\\\/#mainImage\"},\"datePublished\":\"2018-12-28T12:10:29+02:00\",\"dateModified\":\"2018-12-28T12:10:29+02:00\"},{\"@type\":\"WebSite\",\"@id\":\"https:\\\/\\\/allasorias.hu\\\/hirek\\\/#website\",\"url\":\"https:\\\/\\\/allasorias.hu\\\/hirek\\\/\",\"name\":\"AllasOrias.hu | H\\u00edrek-lapszemle\",\"description\":\"\\u00dczleti h\\u00edrek az \\u00e1ll\\u00e1s \\u00e9s a munka vil\\u00e1g\\u00e1b\\u00f3l\",\"inLanguage\":\"hu-HU\",\"publisher\":{\"@id\":\"https:\\\/\\\/allasorias.hu\\\/hirek\\\/#organization\"}}]}\n\t\t<\/script>\n\t\t<!-- All in One SEO -->\n\n","aioseo_head_json":{"title":"Sok\u00e1ig tart\u00f3 folyamat lesz a b\u00e9remel\u00e9s | AllasOrias.hu | H\u00edrek-lapszemle","description":"A Munk\u00e1stan\u00e1csok Orsz\u00e1gos Sz\u00f6vets\u00e9g\u00e9nek eln\u00f6ke az M1 aktu\u00e1lis csatorna m\u0171sor\u00e1ban jelentette ki, hogy a b\u00e9rek emelked\u00e9se hosszan tart\u00f3 folyamat lehet, a munkaad\u00f3k 2019-re sz\u00f3l\u00f3 aj\u00e1nlata ugyanakkor jelent\u0151sen elmarad a munkaer\u0151piac ig\u00e9nyeit\u0151l. Palkovics Imre al\u00e1h\u00fazta: a munkav\u00e1llal\u00f3i \u00e9rdekk\u00e9pviseletek az 5 sz\u00e1zal\u00e9k k\u00f6r\u00fcli b\u00e9remel\u00e9si aj\u00e1nlatnak legal\u00e1bb a dupl\u00e1j\u00e1t tartj\u00e1k elfogadhat\u00f3nak. \u00dcdv\u00f6z\u00f6lte, hogy a j\u00f6vedelmi k\u00fcl\u00f6nbs\u00e9gek orsz\u00e1gszerte cs\u00f6kkennek,","canonical_url":"https:\/\/allasorias.hu\/hirek\/sokaig-tarto-folyamat-lesz-a-beremeles\/","robots":"max-image-preview:large","keywords":"","webmasterTools":{"miscellaneous":""},"schema":{"@context":"https:\/\/schema.org","@graph":[{"@type":"Article","@id":"https:\/\/allasorias.hu\/hirek\/sokaig-tarto-folyamat-lesz-a-beremeles\/#article","name":"Sok\u00e1ig tart\u00f3 folyamat lesz a b\u00e9remel\u00e9s | AllasOrias.hu | H\u00edrek-lapszemle","headline":"Sok\u00e1ig tart\u00f3 folyamat lesz a b\u00e9remel\u00e9s","author":{"@id":"https:\/\/allasorias.hu\/hirek\/author\/admin-allasorias\/#author"},"publisher":{"@id":"https:\/\/allasorias.hu\/hirek\/#organization"},"image":{"@type":"ImageObject","url":"https:\/\/allasorias.hu\/hirek\/wp-content\/uploads\/2018\/12\/clock-2015460_640.jpg","width":640,"height":400},"datePublished":"2018-12-28T12:10:29+02:00","dateModified":"2018-12-28T12:10:29+02:00","inLanguage":"hu-HU","mainEntityOfPage":{"@id":"https:\/\/allasorias.hu\/hirek\/sokaig-tarto-folyamat-lesz-a-beremeles\/#webpage"},"isPartOf":{"@id":"https:\/\/allasorias.hu\/hirek\/sokaig-tarto-folyamat-lesz-a-beremeles\/#webpage"},"articleSection":"Gazdas\u00e1g, Munkaer\u0151piac"},{"@type":"BreadcrumbList","@id":"https:\/\/allasorias.hu\/hirek\/sokaig-tarto-folyamat-lesz-a-beremeles\/#breadcrumblist","itemListElement":[{"@type":"ListItem","@id":"https:\/\/allasorias.hu\/hirek#listItem","position":1,"name":"Home","item":"https:\/\/allasorias.hu\/hirek","nextItem":{"@type":"ListItem","@id":"https:\/\/allasorias.hu\/hirek\/temak\/gazdasag\/#listItem","name":"Gazdas\u00e1g"}},{"@type":"ListItem","@id":"https:\/\/allasorias.hu\/hirek\/temak\/gazdasag\/#listItem","position":2,"name":"Gazdas\u00e1g","item":"https:\/\/allasorias.hu\/hirek\/temak\/gazdasag\/","nextItem":{"@type":"ListItem","@id":"https:\/\/allasorias.hu\/hirek\/sokaig-tarto-folyamat-lesz-a-beremeles\/#listItem","name":"Sok\u00e1ig tart\u00f3 folyamat lesz a b\u00e9remel\u00e9s"},"previousItem":{"@type":"ListItem","@id":"https:\/\/allasorias.hu\/hirek#listItem","name":"Home"}},{"@type":"ListItem","@id":"https:\/\/allasorias.hu\/hirek\/sokaig-tarto-folyamat-lesz-a-beremeles\/#listItem","position":3,"name":"Sok\u00e1ig tart\u00f3 folyamat lesz a b\u00e9remel\u00e9s","previousItem":{"@type":"ListItem","@id":"https:\/\/allasorias.hu\/hirek\/temak\/gazdasag\/#listItem","name":"Gazdas\u00e1g"}}]},{"@type":"Organization","@id":"https:\/\/allasorias.hu\/hirek\/#organization","name":"AllasOrias.hu | H\u00edrek-lapszemle","description":"\u00dczleti h\u00edrek az \u00e1ll\u00e1s \u00e9s a munka vil\u00e1g\u00e1b\u00f3l","url":"https:\/\/allasorias.hu\/hirek\/","logo":{"@type":"ImageObject","url":"https:\/\/allasorias.hu\/hirek\/wp-content\/uploads\/2022\/10\/allasorias_site_facebok_logo.png","@id":"https:\/\/allasorias.hu\/hirek\/sokaig-tarto-folyamat-lesz-a-beremeles\/#organizationLogo"},"image":{"@id":"https:\/\/allasorias.hu\/hirek\/sokaig-tarto-folyamat-lesz-a-beremeles\/#organizationLogo"},"sameAs":["https:\/\/www.facebook.com\/allasorias","https:\/\/www.linkedin.com\/company\/allasorias"]},{"@type":"Person","@id":"https:\/\/allasorias.hu\/hirek\/author\/admin-allasorias\/#author","url":"https:\/\/allasorias.hu\/hirek\/author\/admin-allasorias\/","name":"Juh\u00e1sz P\u00e9ter","image":{"@type":"ImageObject","@id":"https:\/\/allasorias.hu\/hirek\/sokaig-tarto-folyamat-lesz-a-beremeles\/#authorImage","url":"https:\/\/secure.gravatar.com\/avatar\/36e6bcb83148978b992977cb0f54d22feb0cce8a0a849a9410532bb2623ba4c6?s=96&d=mm&r=g","width":96,"height":96,"caption":"Juh\u00e1sz P\u00e9ter"}},{"@type":"WebPage","@id":"https:\/\/allasorias.hu\/hirek\/sokaig-tarto-folyamat-lesz-a-beremeles\/#webpage","url":"https:\/\/allasorias.hu\/hirek\/sokaig-tarto-folyamat-lesz-a-beremeles\/","name":"Sok\u00e1ig tart\u00f3 folyamat lesz a b\u00e9remel\u00e9s | AllasOrias.hu | H\u00edrek-lapszemle","description":"A Munk\u00e1stan\u00e1csok Orsz\u00e1gos Sz\u00f6vets\u00e9g\u00e9nek eln\u00f6ke az M1 aktu\u00e1lis csatorna m\u0171sor\u00e1ban jelentette ki, hogy a b\u00e9rek emelked\u00e9se hosszan tart\u00f3 folyamat lehet, a munkaad\u00f3k 2019-re sz\u00f3l\u00f3 aj\u00e1nlata ugyanakkor jelent\u0151sen elmarad a munkaer\u0151piac ig\u00e9nyeit\u0151l. Palkovics Imre al\u00e1h\u00fazta: a munkav\u00e1llal\u00f3i \u00e9rdekk\u00e9pviseletek az 5 sz\u00e1zal\u00e9k k\u00f6r\u00fcli b\u00e9remel\u00e9si aj\u00e1nlatnak legal\u00e1bb a dupl\u00e1j\u00e1t tartj\u00e1k elfogadhat\u00f3nak. \u00dcdv\u00f6z\u00f6lte, hogy a j\u00f6vedelmi k\u00fcl\u00f6nbs\u00e9gek orsz\u00e1gszerte cs\u00f6kkennek,","inLanguage":"hu-HU","isPartOf":{"@id":"https:\/\/allasorias.hu\/hirek\/#website"},"breadcrumb":{"@id":"https:\/\/allasorias.hu\/hirek\/sokaig-tarto-folyamat-lesz-a-beremeles\/#breadcrumblist"},"author":{"@id":"https:\/\/allasorias.hu\/hirek\/author\/admin-allasorias\/#author"},"creator":{"@id":"https:\/\/allasorias.hu\/hirek\/author\/admin-allasorias\/#author"},"image":{"@type":"ImageObject","url":"https:\/\/allasorias.hu\/hirek\/wp-content\/uploads\/2018\/12\/clock-2015460_640.jpg","@id":"https:\/\/allasorias.hu\/hirek\/sokaig-tarto-folyamat-lesz-a-beremeles\/#mainImage","width":640,"height":400},"primaryImageOfPage":{"@id":"https:\/\/allasorias.hu\/hirek\/sokaig-tarto-folyamat-lesz-a-beremeles\/#mainImage"},"datePublished":"2018-12-28T12:10:29+02:00","dateModified":"2018-12-28T12:10:29+02:00"},{"@type":"WebSite","@id":"https:\/\/allasorias.hu\/hirek\/#website","url":"https:\/\/allasorias.hu\/hirek\/","name":"AllasOrias.hu | H\u00edrek-lapszemle","description":"\u00dczleti h\u00edrek az \u00e1ll\u00e1s \u00e9s a munka vil\u00e1g\u00e1b\u00f3l","inLanguage":"hu-HU","publisher":{"@id":"https:\/\/allasorias.hu\/hirek\/#organization"}}]},"og:locale":"hu_HU","og:site_name":"AllasOrias.hu | H\u00edrek-lapszemle | \u00dczleti h\u00edrek az \u00e1ll\u00e1s \u00e9s a munka vil\u00e1g\u00e1b\u00f3l","og:type":"article","og:title":"Sok\u00e1ig tart\u00f3 folyamat lesz a b\u00e9remel\u00e9s | AllasOrias.hu | H\u00edrek-lapszemle","og:description":"A Munk\u00e1stan\u00e1csok Orsz\u00e1gos Sz\u00f6vets\u00e9g\u00e9nek eln\u00f6ke az M1 aktu\u00e1lis csatorna m\u0171sor\u00e1ban jelentette ki, hogy a b\u00e9rek emelked\u00e9se hosszan tart\u00f3 folyamat lehet, a munkaad\u00f3k 2019-re sz\u00f3l\u00f3 aj\u00e1nlata ugyanakkor jelent\u0151sen elmarad a munkaer\u0151piac ig\u00e9nyeit\u0151l. Palkovics Imre al\u00e1h\u00fazta: a munkav\u00e1llal\u00f3i \u00e9rdekk\u00e9pviseletek az 5 sz\u00e1zal\u00e9k k\u00f6r\u00fcli b\u00e9remel\u00e9si aj\u00e1nlatnak legal\u00e1bb a dupl\u00e1j\u00e1t tartj\u00e1k elfogadhat\u00f3nak. \u00dcdv\u00f6z\u00f6lte, hogy a j\u00f6vedelmi k\u00fcl\u00f6nbs\u00e9gek orsz\u00e1gszerte cs\u00f6kkennek,","og:url":"https:\/\/allasorias.hu\/hirek\/sokaig-tarto-folyamat-lesz-a-beremeles\/","og:image":"https:\/\/allasorias.hu\/hirek\/wp-content\/uploads\/2018\/12\/clock-2015460_640.jpg","og:image:secure_url":"https:\/\/allasorias.hu\/hirek\/wp-content\/uploads\/2018\/12\/clock-2015460_640.jpg","og:image:width":640,"og:image:height":400,"article:published_time":"2018-12-28T12:10:29+00:00","article:modified_time":"2018-12-28T12:10:29+00:00","article:publisher":"https:\/\/www.facebook.com\/allasorias","twitter:card":"summary_large_image","twitter:title":"Sok\u00e1ig tart\u00f3 folyamat lesz a b\u00e9remel\u00e9s | AllasOrias.hu | H\u00edrek-lapszemle","twitter:description":"A Munk\u00e1stan\u00e1csok Orsz\u00e1gos Sz\u00f6vets\u00e9g\u00e9nek eln\u00f6ke az M1 aktu\u00e1lis csatorna m\u0171sor\u00e1ban jelentette ki, hogy a b\u00e9rek emelked\u00e9se hosszan tart\u00f3 folyamat lehet, a munkaad\u00f3k 2019-re sz\u00f3l\u00f3 aj\u00e1nlata ugyanakkor jelent\u0151sen elmarad a munkaer\u0151piac ig\u00e9nyeit\u0151l. Palkovics Imre al\u00e1h\u00fazta: a munkav\u00e1llal\u00f3i \u00e9rdekk\u00e9pviseletek az 5 sz\u00e1zal\u00e9k k\u00f6r\u00fcli b\u00e9remel\u00e9si aj\u00e1nlatnak legal\u00e1bb a dupl\u00e1j\u00e1t tartj\u00e1k elfogadhat\u00f3nak. \u00dcdv\u00f6z\u00f6lte, hogy a j\u00f6vedelmi k\u00fcl\u00f6nbs\u00e9gek orsz\u00e1gszerte cs\u00f6kkennek,","twitter:image":"https:\/\/allasorias.hu\/hirek\/wp-content\/uploads\/2018\/12\/clock-2015460_640.jpg","twitter:label1":"Written by","twitter:data1":"Juh\u00e1sz P\u00e9ter","twitter:label2":"Est. reading time","twitter:data2":"1 minute"},"aioseo_meta_data":{"post_id":"2353","title":null,"description":null,"keywords":null,"keyphrases":null,"primary_term":null,"canonical_url":null,"og_title":null,"og_description":null,"og_object_type":"default","og_image_type":"default","og_image_url":null,"og_image_width":null,"og_image_height":null,"og_image_custom_url":null,"og_image_custom_fields":null,"og_video":null,"og_custom_url":null,"og_article_section":null,"og_article_tags":null,"twitter_use_og":false,"twitter_card":"default","twitter_image_type":"default","twitter_image_url":null,"twitter_image_custom_url":null,"twitter_image_custom_fields":null,"twitter_title":null,"twitter_description":null,"schema":{"blockGraphs":[],"customGraphs":[],"default":{"data":{"Article":[],"Course":[],"Dataset":[],"FAQPage":[],"Movie":[],"Person":[],"Product":[],"ProductReview":[],"Car":[],"Recipe":[],"Service":[],"SoftwareApplication":[],"WebPage":[]},"graphName":"","isEnabled":true},"graphs":[]},"schema_type":null,"schema_type_options":null,"pillar_content":false,"robots_default":true,"robots_noindex":false,"robots_noarchive":false,"robots_nosnippet":false,"robots_nofollow":false,"robots_noimageindex":false,"robots_noodp":false,"robots_notranslate":false,"robots_max_snippet":null,"robots_max_videopreview":null,"robots_max_imagepreview":"large","priority":null,"frequency":null,"location":null,"local_seo":null,"breadcrumb_settings":null,"limit_modified_date":false,"ai":null,"created":"2021-02-01 20:46:00","updated":"2025-10-02 09:38:17","seo_analyzer_scan_date":null,"focus_keyword":null,"additional_keywords":null,"truseo_locale":null},"aioseo_breadcrumb":"<div class=\"aioseo-breadcrumbs\"><span class=\"aioseo-breadcrumb\">\n\t\t\t<a href=\"https:\/\/allasorias.hu\/hirek\" title=\"Home\">Home<\/a>\n\t\t<\/span><span class=\"aioseo-breadcrumb-separator\">&raquo;<\/span><span class=\"aioseo-breadcrumb\">\n\t\t\t<a href=\"https:\/\/allasorias.hu\/hirek\/temak\/gazdasag\/\" title=\"Gazdas\u00e1g\">Gazdas\u00e1g<\/a>\n\t\t<\/span><span class=\"aioseo-breadcrumb-separator\">&raquo;<\/span><span class=\"aioseo-breadcrumb\">\n\t\t\tSok\u00e1ig tart\u00f3 folyamat lesz a b\u00e9remel\u00e9s\n\t\t<\/span><\/div>","aioseo_breadcrumb_json":[{"label":"Home","link":"https:\/\/allasorias.hu\/hirek"},{"label":"Gazdas\u00e1g","link":"https:\/\/allasorias.hu\/hirek\/temak\/gazdasag\/"},{"label":"Sok\u00e1ig tart\u00f3 folyamat lesz a b\u00e9remel\u00e9s","link":"https:\/\/allasorias.hu\/hirek\/sokaig-tarto-folyamat-lesz-a-beremeles\/"}],"_links":{"self":[{"href":"https:\/\/allasorias.hu\/hirek\/wp-json\/wp\/v2\/posts\/2353","targetHints":{"allow":["GET"]}}],"collection":[{"href":"https:\/\/allasorias.hu\/hirek\/wp-json\/wp\/v2\/posts"}],"about":[{"href":"https:\/\/allasorias.hu\/hirek\/wp-json\/wp\/v2\/types\/post"}],"author":[{"embeddable":true,"href":"https:\/\/allasorias.hu\/hirek\/wp-json\/wp\/v2\/users\/1"}],"replies":[{"embeddable":true,"href":"https:\/\/allasorias.hu\/hirek\/wp-json\/wp\/v2\/comments?post=2353"}],"version-history":[{"count":1,"href":"https:\/\/allasorias.hu\/hirek\/wp-json\/wp\/v2\/posts\/2353\/revisions"}],"predecessor-version":[{"id":2355,"href":"https:\/\/allasorias.hu\/hirek\/wp-json\/wp\/v2\/posts\/2353\/revisions\/2355"}],"wp:featuredmedia":[{"embeddable":true,"href":"https:\/\/allasorias.hu\/hirek\/wp-json\/wp\/v2\/media\/2354"}],"wp:attachment":[{"href":"https:\/\/allasorias.hu\/hirek\/wp-json\/wp\/v2\/media?parent=2353"}],"wp:term":[{"taxonomy":"category","embeddable":true,"href":"https:\/\/allasorias.hu\/hirek\/wp-json\/wp\/v2\/categories?post=2353"},{"taxonomy":"post_tag","embeddable":true,"href":"https:\/\/allasorias.hu\/hirek\/wp-json\/wp\/v2\/tags?post=2353"}],"curies":[{"name":"wp","href":"https:\/\/api.w.org\/{rel}","templated":true}]}}