{"id":2350,"date":"2018-12-27T11:54:59","date_gmt":"2018-12-27T11:54:59","guid":{"rendered":"https:\/\/allasorias.hu\/hirek\/?p=2350"},"modified":"2018-12-28T12:05:17","modified_gmt":"2018-12-28T12:05:17","slug":"melyek-a-legrosszabb-allasok","status":"publish","type":"post","link":"https:\/\/allasorias.hu\/hirek\/melyek-a-legrosszabb-allasok\/","title":{"rendered":"Melyek a legrosszabb \u00e1ll\u00e1sok?"},"content":{"rendered":"<p><strong>A statisztikai hivatal k\u00f6zel negyvenezer embert k\u00e9rdezett meg a k\u00fcl\u00f6nf\u00e9le foglalkoz\u00e1sokr\u00f3l. A preszt\u00edzsben a legt\u00f6bbet a hatalom \u00e9s a tud\u00e1s nyomott a latba, valamint az is sokat sz\u00e1m\u00edtott, hogy mennyire divatos valami. A KSH harmadik alkalommal vizsg\u00e1lta, hogy mit gondolnak az emberek a k\u00fcl\u00f6nb\u00f6z\u0151 foglalkoz\u00e1sokr\u00f3l. <\/strong><\/p>\n<p>A megk\u00e9rdezett 43 ezer embernek \u00f6t szempont alapj\u00e1n kellett \u00e9rt\u00e9kelni k\u00fcl\u00f6nb\u00f6z\u0151 szakm\u00e1k preszt\u00edzs\u00e9t: mennyit lehet keresni, mekkora hatalom, befoly\u00e1s j\u00e1r vele, mennyit kell tanulni \u00e9rte, mennyire hasznos a t\u00e1rsadalom sz\u00e1m\u00e1ra, az adott foglalkoz\u00e1s mennyire vonz\u00f3 vagy divatos manaps\u00e1g. Az \u00e1ltal\u00e1nos lista \u00e9l\u00e9n az diplom\u00e1s eg\u00e9szs\u00e9g\u00fcgyi dolgoz\u00f3k \u00e9s a fels\u0151oktat\u00e1si alkalmazottak vannak. A list\u00e1b\u00f3l kider\u00fcl, hogy az emberek a magas k\u00e9pes\u00edt\u00e9st ig\u00e9nyl\u0151, a nagy felel\u0151ss\u00e9ggel j\u00e1r\u00f3, valamint az oktat\u00e1ssal, \u00e1llamigazgat\u00e1ssal kapcsolatos munk\u00e1kat tartj\u00e1k magas preszt\u00edzs\u0171nek. A lista alj\u00e1ra ker\u00fcltek a szexmunk\u00e1sok, a k\u00e1b\u00edt\u00f3szer-keresked\u0151k, az utcasepr\u0151k, seg\u00e9dmunk\u00e1sok, konyhai kiseg\u00edt\u0151k. A k\u00f3rh\u00e1zigazgat\u00f3 vezeti a rangsort, de az egyh\u00e1zi vezet\u0151k is magas preszt\u00edzs\u0171nek sz\u00e1m\u00edtanak, a katonatisztek el\u0151tt vannak. A pap, a rabbi \u00e9s a k\u00f6zkatona viszont az els\u0151 \u00f6tvenben sincsenek benne. A filoz\u00f3fusok \u00e9s a politikusok a k\u00f6z\u00e9pmez\u0151nybe ker\u00fcltek, ahogy a rend\u0151r is. Ebben a lig\u00e1ban van m\u00e9g egy\u00e9bk\u00e9nt az \u00edr\u00f3-k\u00f6lt\u0151, az \u00fajs\u00e1g\u00edr\u00f3 \u00e9s a fest\u0151m\u0171v\u00e9sz. A k\u00f6z\u00e9ps\u0151 harmadban van a k\u00f6nyvt\u00e1ros, a futballista \u00e9s a buszsof\u0151r is, de \u00e9ppen lemaradtak a burkol\u00f3, a massz\u0151r \u00e9s a s\u00edrk\u0151farag\u00f3. A keresetet n\u00e9zve az emberek szerint a bankeln\u00f6k az els\u0151, valamint az EU-parlamenti \u00e9s az orsz\u00e1ggy\u0171l\u00e9si k\u00e9pvisel\u0151, \u00e9s \u00e1ltal\u00e1ban a politikus. A szexmunk\u00e1sok \u00e9s a drogkeresked\u0151k, b\u00e1r az \u00e1tlagolt lista v\u00e9g\u00e9re ker\u00fcltek. T\u00e1rsadalmi hasznuk alapj\u00e1n az eg\u00e9szs\u00e9g\u00fcgyi munk\u00e1kat \u00e9rt\u00e9kelik a legt\u00f6bbre, a seb\u00e9sz, k\u00f6rzeti orvos, gyermekorvos, ment\u0151s, fogorvos az els\u0151k, \u0151ket a t\u0171zolt\u00f3 k\u00f6veti. A lista v\u00e9g\u00e9re szorulnak ism\u00e9t a szexmunk\u00e1sok, a k\u00e1b\u00edt\u00f3szer-keresked\u0151k, de nem tartj\u00e1k a t\u00e1rsadalom sz\u00e1m\u00e1ra hasznosnak a futballist\u00e1kat \u00e9s a parkol\u00f3ellen\u0151r\u00f6ket sem az emberek. A joghoz \u00e9s az eg\u00e9szs\u00e9g\u00fcgyh\u00f6z kapcsol\u00f3d\u00f3 munk\u00e1kr\u00f3l gondolt\u00e1k azt a megk\u00e9rdezettek, hogy sok tanul\u00e1s sz\u00fcks\u00e9ges hozz\u00e1juk. A list\u00e1t az egyetemi rektor vezeti, \u00e9s ebben a kateg\u00f3ri\u00e1ban is a v\u00e9g\u00e9re ker\u00fcltek az illeg\u00e1lis cselekm\u00e9nyek, az alkalmi, k\u00e9pzetts\u00e9get nem ig\u00e9nyl\u0151 munk\u00e1k, valamint a szexmunka. A plasztikai seb\u00e9szt tartj\u00e1k az emberek a legdivatosabb foglalkoz\u00e1snak, ezt k\u00f6veti a t\u00e9v\u00e9s m\u0171sorvezet\u0151, valamint az \u00fcgyv\u00e9d.<\/p>\n<p><em>\u00a0Forr\u00e1s: penzcentrum.hu<\/em><\/p>\n","protected":false},"excerpt":{"rendered":"<p>A statisztikai hivatal k\u00f6zel negyvenezer embert k\u00e9rdezett meg a k\u00fcl\u00f6nf\u00e9le foglalkoz\u00e1sokr\u00f3l. A preszt\u00edzsben a legt\u00f6bbet a hatalom \u00e9s a tud\u00e1s nyomott a latba, valamint az is sokat sz\u00e1m\u00edtott, hogy mennyire divatos valami. A KSH harmadik alkalommal vizsg\u00e1lta, hogy mit gondolnak az emberek a k\u00fcl\u00f6nb\u00f6z\u0151 foglalkoz\u00e1sokr\u00f3l. A megk\u00e9rdezett 43 ezer embernek \u00f6t szempont alapj\u00e1n kellett \u00e9rt\u00e9kelni [&hellip;]<\/p>\n","protected":false},"author":1,"featured_media":2351,"comment_status":"open","ping_status":"open","sticky":false,"template":"","format":"standard","meta":{"_monsterinsights_skip_tracking":false,"footnotes":""},"categories":[203,200],"tags":[],"class_list":["post-2350","post","type-post","status-publish","format-standard","has-post-thumbnail","hentry","category-hianyszakmak","category-munkaeropiac"],"aioseo_notices":[],"aioseo_head":"\n\t\t<!-- All in One SEO 5.0.0.1 - aioseo.com -->\n\t<meta name=\"description\" content=\"A statisztikai hivatal k\u00f6zel negyvenezer embert k\u00e9rdezett meg a k\u00fcl\u00f6nf\u00e9le foglalkoz\u00e1sokr\u00f3l. A preszt\u00edzsben a legt\u00f6bbet a hatalom \u00e9s a tud\u00e1s nyomott a latba, valamint az is sokat sz\u00e1m\u00edtott, hogy mennyire divatos valami. A KSH harmadik alkalommal vizsg\u00e1lta, hogy mit gondolnak az emberek a k\u00fcl\u00f6nb\u00f6z\u0151 foglalkoz\u00e1sokr\u00f3l. A megk\u00e9rdezett 43 ezer embernek \u00f6t szempont alapj\u00e1n kellett \u00e9rt\u00e9kelni\" \/>\n\t<meta name=\"robots\" content=\"max-image-preview:large\" \/>\n\t<meta name=\"author\" content=\"Juh\u00e1sz P\u00e9ter\"\/>\n\t<link rel=\"canonical\" href=\"https:\/\/allasorias.hu\/hirek\/melyek-a-legrosszabb-allasok\/\" \/>\n\t<meta name=\"generator\" content=\"All in One SEO (AIOSEO) 5.0.0.1\" \/>\n\t\t<meta property=\"og:locale\" content=\"hu_HU\" \/>\n\t\t<meta property=\"og:site_name\" content=\"AllasOrias.hu | H\u00edrek-lapszemle | \u00dczleti h\u00edrek az \u00e1ll\u00e1s \u00e9s a munka vil\u00e1g\u00e1b\u00f3l\" \/>\n\t\t<meta property=\"og:type\" content=\"article\" \/>\n\t\t<meta property=\"og:title\" content=\"Melyek a legrosszabb \u00e1ll\u00e1sok? | AllasOrias.hu | H\u00edrek-lapszemle\" \/>\n\t\t<meta property=\"og:description\" content=\"A statisztikai hivatal k\u00f6zel negyvenezer embert k\u00e9rdezett meg a k\u00fcl\u00f6nf\u00e9le foglalkoz\u00e1sokr\u00f3l. A preszt\u00edzsben a legt\u00f6bbet a hatalom \u00e9s a tud\u00e1s nyomott a latba, valamint az is sokat sz\u00e1m\u00edtott, hogy mennyire divatos valami. A KSH harmadik alkalommal vizsg\u00e1lta, hogy mit gondolnak az emberek a k\u00fcl\u00f6nb\u00f6z\u0151 foglalkoz\u00e1sokr\u00f3l. A megk\u00e9rdezett 43 ezer embernek \u00f6t szempont alapj\u00e1n kellett \u00e9rt\u00e9kelni\" \/>\n\t\t<meta property=\"og:url\" content=\"https:\/\/allasorias.hu\/hirek\/melyek-a-legrosszabb-allasok\/\" \/>\n\t\t<meta property=\"og:image\" content=\"https:\/\/allasorias.hu\/hirek\/wp-content\/uploads\/2018\/12\/pexels-photo-356079.jpeg\" \/>\n\t\t<meta property=\"og:image:secure_url\" content=\"https:\/\/allasorias.hu\/hirek\/wp-content\/uploads\/2018\/12\/pexels-photo-356079.jpeg\" \/>\n\t\t<meta property=\"og:image:width\" content=\"640\" \/>\n\t\t<meta property=\"og:image:height\" content=\"387\" \/>\n\t\t<meta property=\"article:published_time\" content=\"2018-12-27T11:54:59+00:00\" \/>\n\t\t<meta property=\"article:modified_time\" content=\"2018-12-28T12:05:17+00:00\" \/>\n\t\t<meta property=\"article:publisher\" content=\"https:\/\/www.facebook.com\/allasorias\" \/>\n\t\t<meta name=\"twitter:card\" content=\"summary_large_image\" \/>\n\t\t<meta name=\"twitter:title\" content=\"Melyek a legrosszabb \u00e1ll\u00e1sok? | AllasOrias.hu | H\u00edrek-lapszemle\" \/>\n\t\t<meta name=\"twitter:description\" content=\"A statisztikai hivatal k\u00f6zel negyvenezer embert k\u00e9rdezett meg a k\u00fcl\u00f6nf\u00e9le foglalkoz\u00e1sokr\u00f3l. A preszt\u00edzsben a legt\u00f6bbet a hatalom \u00e9s a tud\u00e1s nyomott a latba, valamint az is sokat sz\u00e1m\u00edtott, hogy mennyire divatos valami. A KSH harmadik alkalommal vizsg\u00e1lta, hogy mit gondolnak az emberek a k\u00fcl\u00f6nb\u00f6z\u0151 foglalkoz\u00e1sokr\u00f3l. A megk\u00e9rdezett 43 ezer embernek \u00f6t szempont alapj\u00e1n kellett \u00e9rt\u00e9kelni\" \/>\n\t\t<meta name=\"twitter:image\" content=\"https:\/\/allasorias.hu\/hirek\/wp-content\/uploads\/2018\/12\/pexels-photo-356079.jpeg\" \/>\n\t\t<meta name=\"twitter:label1\" content=\"Written by\" \/>\n\t\t<meta name=\"twitter:data1\" content=\"Juh\u00e1sz P\u00e9ter\" \/>\n\t\t<meta name=\"twitter:label2\" content=\"Est. reading time\" \/>\n\t\t<meta name=\"twitter:data2\" content=\"3 minutes\" \/>\n\t\t<script type=\"application\/ld+json\" class=\"aioseo-schema\">\n\t\t\t{\"@context\":\"https:\\\/\\\/schema.org\",\"@graph\":[{\"@type\":\"Article\",\"@id\":\"https:\\\/\\\/allasorias.hu\\\/hirek\\\/melyek-a-legrosszabb-allasok\\\/#article\",\"name\":\"Melyek a legrosszabb \\u00e1ll\\u00e1sok? | AllasOrias.hu | H\\u00edrek-lapszemle\",\"headline\":\"Melyek a legrosszabb \\u00e1ll\\u00e1sok?\",\"author\":{\"@id\":\"https:\\\/\\\/allasorias.hu\\\/hirek\\\/author\\\/admin-allasorias\\\/#author\"},\"publisher\":{\"@id\":\"https:\\\/\\\/allasorias.hu\\\/hirek\\\/#organization\"},\"image\":{\"@type\":\"ImageObject\",\"url\":\"https:\\\/\\\/allasorias.hu\\\/hirek\\\/wp-content\\\/uploads\\\/2018\\\/12\\\/pexels-photo-356079.jpeg\",\"width\":640,\"height\":387},\"datePublished\":\"2018-12-27T11:54:59+02:00\",\"dateModified\":\"2018-12-28T12:05:17+02:00\",\"inLanguage\":\"hu-HU\",\"mainEntityOfPage\":{\"@id\":\"https:\\\/\\\/allasorias.hu\\\/hirek\\\/melyek-a-legrosszabb-allasok\\\/#webpage\"},\"isPartOf\":{\"@id\":\"https:\\\/\\\/allasorias.hu\\\/hirek\\\/melyek-a-legrosszabb-allasok\\\/#webpage\"},\"articleSection\":\"Hi\\u00e1nyszakm\\u00e1k, Munkaer\\u0151piac\"},{\"@type\":\"BreadcrumbList\",\"@id\":\"https:\\\/\\\/allasorias.hu\\\/hirek\\\/melyek-a-legrosszabb-allasok\\\/#breadcrumblist\",\"itemListElement\":[{\"@type\":\"ListItem\",\"@id\":\"https:\\\/\\\/allasorias.hu\\\/hirek#listItem\",\"position\":1,\"name\":\"Home\",\"item\":\"https:\\\/\\\/allasorias.hu\\\/hirek\",\"nextItem\":{\"@type\":\"ListItem\",\"@id\":\"https:\\\/\\\/allasorias.hu\\\/hirek\\\/temak\\\/munkaeropiac\\\/#listItem\",\"name\":\"Munkaer\\u0151piac\"}},{\"@type\":\"ListItem\",\"@id\":\"https:\\\/\\\/allasorias.hu\\\/hirek\\\/temak\\\/munkaeropiac\\\/#listItem\",\"position\":2,\"name\":\"Munkaer\\u0151piac\",\"item\":\"https:\\\/\\\/allasorias.hu\\\/hirek\\\/temak\\\/munkaeropiac\\\/\",\"nextItem\":{\"@type\":\"ListItem\",\"@id\":\"https:\\\/\\\/allasorias.hu\\\/hirek\\\/melyek-a-legrosszabb-allasok\\\/#listItem\",\"name\":\"Melyek a legrosszabb \\u00e1ll\\u00e1sok?\"},\"previousItem\":{\"@type\":\"ListItem\",\"@id\":\"https:\\\/\\\/allasorias.hu\\\/hirek#listItem\",\"name\":\"Home\"}},{\"@type\":\"ListItem\",\"@id\":\"https:\\\/\\\/allasorias.hu\\\/hirek\\\/melyek-a-legrosszabb-allasok\\\/#listItem\",\"position\":3,\"name\":\"Melyek a legrosszabb \\u00e1ll\\u00e1sok?\",\"previousItem\":{\"@type\":\"ListItem\",\"@id\":\"https:\\\/\\\/allasorias.hu\\\/hirek\\\/temak\\\/munkaeropiac\\\/#listItem\",\"name\":\"Munkaer\\u0151piac\"}}]},{\"@type\":\"Organization\",\"@id\":\"https:\\\/\\\/allasorias.hu\\\/hirek\\\/#organization\",\"name\":\"AllasOrias.hu | H\\u00edrek-lapszemle\",\"description\":\"\\u00dczleti h\\u00edrek az \\u00e1ll\\u00e1s \\u00e9s a munka vil\\u00e1g\\u00e1b\\u00f3l\",\"url\":\"https:\\\/\\\/allasorias.hu\\\/hirek\\\/\",\"logo\":{\"@type\":\"ImageObject\",\"url\":\"https:\\\/\\\/allasorias.hu\\\/hirek\\\/wp-content\\\/uploads\\\/2022\\\/10\\\/allasorias_site_facebok_logo.png\",\"@id\":\"https:\\\/\\\/allasorias.hu\\\/hirek\\\/melyek-a-legrosszabb-allasok\\\/#organizationLogo\"},\"image\":{\"@id\":\"https:\\\/\\\/allasorias.hu\\\/hirek\\\/melyek-a-legrosszabb-allasok\\\/#organizationLogo\"},\"sameAs\":[\"https:\\\/\\\/www.facebook.com\\\/allasorias\",\"https:\\\/\\\/www.linkedin.com\\\/company\\\/allasorias\"]},{\"@type\":\"Person\",\"@id\":\"https:\\\/\\\/allasorias.hu\\\/hirek\\\/author\\\/admin-allasorias\\\/#author\",\"url\":\"https:\\\/\\\/allasorias.hu\\\/hirek\\\/author\\\/admin-allasorias\\\/\",\"name\":\"Juh\\u00e1sz P\\u00e9ter\",\"image\":{\"@type\":\"ImageObject\",\"@id\":\"https:\\\/\\\/allasorias.hu\\\/hirek\\\/melyek-a-legrosszabb-allasok\\\/#authorImage\",\"url\":\"https:\\\/\\\/secure.gravatar.com\\\/avatar\\\/36e6bcb83148978b992977cb0f54d22feb0cce8a0a849a9410532bb2623ba4c6?s=96&d=mm&r=g\",\"width\":96,\"height\":96,\"caption\":\"Juh\\u00e1sz P\\u00e9ter\"}},{\"@type\":\"WebPage\",\"@id\":\"https:\\\/\\\/allasorias.hu\\\/hirek\\\/melyek-a-legrosszabb-allasok\\\/#webpage\",\"url\":\"https:\\\/\\\/allasorias.hu\\\/hirek\\\/melyek-a-legrosszabb-allasok\\\/\",\"name\":\"Melyek a legrosszabb \\u00e1ll\\u00e1sok? | AllasOrias.hu | H\\u00edrek-lapszemle\",\"description\":\"A statisztikai hivatal k\\u00f6zel negyvenezer embert k\\u00e9rdezett meg a k\\u00fcl\\u00f6nf\\u00e9le foglalkoz\\u00e1sokr\\u00f3l. A preszt\\u00edzsben a legt\\u00f6bbet a hatalom \\u00e9s a tud\\u00e1s nyomott a latba, valamint az is sokat sz\\u00e1m\\u00edtott, hogy mennyire divatos valami. A KSH harmadik alkalommal vizsg\\u00e1lta, hogy mit gondolnak az emberek a k\\u00fcl\\u00f6nb\\u00f6z\\u0151 foglalkoz\\u00e1sokr\\u00f3l. A megk\\u00e9rdezett 43 ezer embernek \\u00f6t szempont alapj\\u00e1n kellett \\u00e9rt\\u00e9kelni\",\"inLanguage\":\"hu-HU\",\"isPartOf\":{\"@id\":\"https:\\\/\\\/allasorias.hu\\\/hirek\\\/#website\"},\"breadcrumb\":{\"@id\":\"https:\\\/\\\/allasorias.hu\\\/hirek\\\/melyek-a-legrosszabb-allasok\\\/#breadcrumblist\"},\"author\":{\"@id\":\"https:\\\/\\\/allasorias.hu\\\/hirek\\\/author\\\/admin-allasorias\\\/#author\"},\"creator\":{\"@id\":\"https:\\\/\\\/allasorias.hu\\\/hirek\\\/author\\\/admin-allasorias\\\/#author\"},\"image\":{\"@type\":\"ImageObject\",\"url\":\"https:\\\/\\\/allasorias.hu\\\/hirek\\\/wp-content\\\/uploads\\\/2018\\\/12\\\/pexels-photo-356079.jpeg\",\"@id\":\"https:\\\/\\\/allasorias.hu\\\/hirek\\\/melyek-a-legrosszabb-allasok\\\/#mainImage\",\"width\":640,\"height\":387},\"primaryImageOfPage\":{\"@id\":\"https:\\\/\\\/allasorias.hu\\\/hirek\\\/melyek-a-legrosszabb-allasok\\\/#mainImage\"},\"datePublished\":\"2018-12-27T11:54:59+02:00\",\"dateModified\":\"2018-12-28T12:05:17+02:00\"},{\"@type\":\"WebSite\",\"@id\":\"https:\\\/\\\/allasorias.hu\\\/hirek\\\/#website\",\"url\":\"https:\\\/\\\/allasorias.hu\\\/hirek\\\/\",\"name\":\"AllasOrias.hu | H\\u00edrek-lapszemle\",\"description\":\"\\u00dczleti h\\u00edrek az \\u00e1ll\\u00e1s \\u00e9s a munka vil\\u00e1g\\u00e1b\\u00f3l\",\"inLanguage\":\"hu-HU\",\"publisher\":{\"@id\":\"https:\\\/\\\/allasorias.hu\\\/hirek\\\/#organization\"}}]}\n\t\t<\/script>\n\t\t<!-- All in One SEO -->\n\n","aioseo_head_json":{"title":"Melyek a legrosszabb \u00e1ll\u00e1sok? | AllasOrias.hu | H\u00edrek-lapszemle","description":"A statisztikai hivatal k\u00f6zel negyvenezer embert k\u00e9rdezett meg a k\u00fcl\u00f6nf\u00e9le foglalkoz\u00e1sokr\u00f3l. A preszt\u00edzsben a legt\u00f6bbet a hatalom \u00e9s a tud\u00e1s nyomott a latba, valamint az is sokat sz\u00e1m\u00edtott, hogy mennyire divatos valami. A KSH harmadik alkalommal vizsg\u00e1lta, hogy mit gondolnak az emberek a k\u00fcl\u00f6nb\u00f6z\u0151 foglalkoz\u00e1sokr\u00f3l. A megk\u00e9rdezett 43 ezer embernek \u00f6t szempont alapj\u00e1n kellett \u00e9rt\u00e9kelni","canonical_url":"https:\/\/allasorias.hu\/hirek\/melyek-a-legrosszabb-allasok\/","robots":"max-image-preview:large","keywords":"","webmasterTools":{"miscellaneous":""},"schema":{"@context":"https:\/\/schema.org","@graph":[{"@type":"Article","@id":"https:\/\/allasorias.hu\/hirek\/melyek-a-legrosszabb-allasok\/#article","name":"Melyek a legrosszabb \u00e1ll\u00e1sok? | AllasOrias.hu | H\u00edrek-lapszemle","headline":"Melyek a legrosszabb \u00e1ll\u00e1sok?","author":{"@id":"https:\/\/allasorias.hu\/hirek\/author\/admin-allasorias\/#author"},"publisher":{"@id":"https:\/\/allasorias.hu\/hirek\/#organization"},"image":{"@type":"ImageObject","url":"https:\/\/allasorias.hu\/hirek\/wp-content\/uploads\/2018\/12\/pexels-photo-356079.jpeg","width":640,"height":387},"datePublished":"2018-12-27T11:54:59+02:00","dateModified":"2018-12-28T12:05:17+02:00","inLanguage":"hu-HU","mainEntityOfPage":{"@id":"https:\/\/allasorias.hu\/hirek\/melyek-a-legrosszabb-allasok\/#webpage"},"isPartOf":{"@id":"https:\/\/allasorias.hu\/hirek\/melyek-a-legrosszabb-allasok\/#webpage"},"articleSection":"Hi\u00e1nyszakm\u00e1k, Munkaer\u0151piac"},{"@type":"BreadcrumbList","@id":"https:\/\/allasorias.hu\/hirek\/melyek-a-legrosszabb-allasok\/#breadcrumblist","itemListElement":[{"@type":"ListItem","@id":"https:\/\/allasorias.hu\/hirek#listItem","position":1,"name":"Home","item":"https:\/\/allasorias.hu\/hirek","nextItem":{"@type":"ListItem","@id":"https:\/\/allasorias.hu\/hirek\/temak\/munkaeropiac\/#listItem","name":"Munkaer\u0151piac"}},{"@type":"ListItem","@id":"https:\/\/allasorias.hu\/hirek\/temak\/munkaeropiac\/#listItem","position":2,"name":"Munkaer\u0151piac","item":"https:\/\/allasorias.hu\/hirek\/temak\/munkaeropiac\/","nextItem":{"@type":"ListItem","@id":"https:\/\/allasorias.hu\/hirek\/melyek-a-legrosszabb-allasok\/#listItem","name":"Melyek a legrosszabb \u00e1ll\u00e1sok?"},"previousItem":{"@type":"ListItem","@id":"https:\/\/allasorias.hu\/hirek#listItem","name":"Home"}},{"@type":"ListItem","@id":"https:\/\/allasorias.hu\/hirek\/melyek-a-legrosszabb-allasok\/#listItem","position":3,"name":"Melyek a legrosszabb \u00e1ll\u00e1sok?","previousItem":{"@type":"ListItem","@id":"https:\/\/allasorias.hu\/hirek\/temak\/munkaeropiac\/#listItem","name":"Munkaer\u0151piac"}}]},{"@type":"Organization","@id":"https:\/\/allasorias.hu\/hirek\/#organization","name":"AllasOrias.hu | H\u00edrek-lapszemle","description":"\u00dczleti h\u00edrek az \u00e1ll\u00e1s \u00e9s a munka vil\u00e1g\u00e1b\u00f3l","url":"https:\/\/allasorias.hu\/hirek\/","logo":{"@type":"ImageObject","url":"https:\/\/allasorias.hu\/hirek\/wp-content\/uploads\/2022\/10\/allasorias_site_facebok_logo.png","@id":"https:\/\/allasorias.hu\/hirek\/melyek-a-legrosszabb-allasok\/#organizationLogo"},"image":{"@id":"https:\/\/allasorias.hu\/hirek\/melyek-a-legrosszabb-allasok\/#organizationLogo"},"sameAs":["https:\/\/www.facebook.com\/allasorias","https:\/\/www.linkedin.com\/company\/allasorias"]},{"@type":"Person","@id":"https:\/\/allasorias.hu\/hirek\/author\/admin-allasorias\/#author","url":"https:\/\/allasorias.hu\/hirek\/author\/admin-allasorias\/","name":"Juh\u00e1sz P\u00e9ter","image":{"@type":"ImageObject","@id":"https:\/\/allasorias.hu\/hirek\/melyek-a-legrosszabb-allasok\/#authorImage","url":"https:\/\/secure.gravatar.com\/avatar\/36e6bcb83148978b992977cb0f54d22feb0cce8a0a849a9410532bb2623ba4c6?s=96&d=mm&r=g","width":96,"height":96,"caption":"Juh\u00e1sz P\u00e9ter"}},{"@type":"WebPage","@id":"https:\/\/allasorias.hu\/hirek\/melyek-a-legrosszabb-allasok\/#webpage","url":"https:\/\/allasorias.hu\/hirek\/melyek-a-legrosszabb-allasok\/","name":"Melyek a legrosszabb \u00e1ll\u00e1sok? | AllasOrias.hu | H\u00edrek-lapszemle","description":"A statisztikai hivatal k\u00f6zel negyvenezer embert k\u00e9rdezett meg a k\u00fcl\u00f6nf\u00e9le foglalkoz\u00e1sokr\u00f3l. A preszt\u00edzsben a legt\u00f6bbet a hatalom \u00e9s a tud\u00e1s nyomott a latba, valamint az is sokat sz\u00e1m\u00edtott, hogy mennyire divatos valami. A KSH harmadik alkalommal vizsg\u00e1lta, hogy mit gondolnak az emberek a k\u00fcl\u00f6nb\u00f6z\u0151 foglalkoz\u00e1sokr\u00f3l. A megk\u00e9rdezett 43 ezer embernek \u00f6t szempont alapj\u00e1n kellett \u00e9rt\u00e9kelni","inLanguage":"hu-HU","isPartOf":{"@id":"https:\/\/allasorias.hu\/hirek\/#website"},"breadcrumb":{"@id":"https:\/\/allasorias.hu\/hirek\/melyek-a-legrosszabb-allasok\/#breadcrumblist"},"author":{"@id":"https:\/\/allasorias.hu\/hirek\/author\/admin-allasorias\/#author"},"creator":{"@id":"https:\/\/allasorias.hu\/hirek\/author\/admin-allasorias\/#author"},"image":{"@type":"ImageObject","url":"https:\/\/allasorias.hu\/hirek\/wp-content\/uploads\/2018\/12\/pexels-photo-356079.jpeg","@id":"https:\/\/allasorias.hu\/hirek\/melyek-a-legrosszabb-allasok\/#mainImage","width":640,"height":387},"primaryImageOfPage":{"@id":"https:\/\/allasorias.hu\/hirek\/melyek-a-legrosszabb-allasok\/#mainImage"},"datePublished":"2018-12-27T11:54:59+02:00","dateModified":"2018-12-28T12:05:17+02:00"},{"@type":"WebSite","@id":"https:\/\/allasorias.hu\/hirek\/#website","url":"https:\/\/allasorias.hu\/hirek\/","name":"AllasOrias.hu | H\u00edrek-lapszemle","description":"\u00dczleti h\u00edrek az \u00e1ll\u00e1s \u00e9s a munka vil\u00e1g\u00e1b\u00f3l","inLanguage":"hu-HU","publisher":{"@id":"https:\/\/allasorias.hu\/hirek\/#organization"}}]},"og:locale":"hu_HU","og:site_name":"AllasOrias.hu | H\u00edrek-lapszemle | \u00dczleti h\u00edrek az \u00e1ll\u00e1s \u00e9s a munka vil\u00e1g\u00e1b\u00f3l","og:type":"article","og:title":"Melyek a legrosszabb \u00e1ll\u00e1sok? | AllasOrias.hu | H\u00edrek-lapszemle","og:description":"A statisztikai hivatal k\u00f6zel negyvenezer embert k\u00e9rdezett meg a k\u00fcl\u00f6nf\u00e9le foglalkoz\u00e1sokr\u00f3l. A preszt\u00edzsben a legt\u00f6bbet a hatalom \u00e9s a tud\u00e1s nyomott a latba, valamint az is sokat sz\u00e1m\u00edtott, hogy mennyire divatos valami. A KSH harmadik alkalommal vizsg\u00e1lta, hogy mit gondolnak az emberek a k\u00fcl\u00f6nb\u00f6z\u0151 foglalkoz\u00e1sokr\u00f3l. A megk\u00e9rdezett 43 ezer embernek \u00f6t szempont alapj\u00e1n kellett \u00e9rt\u00e9kelni","og:url":"https:\/\/allasorias.hu\/hirek\/melyek-a-legrosszabb-allasok\/","og:image":"https:\/\/allasorias.hu\/hirek\/wp-content\/uploads\/2018\/12\/pexels-photo-356079.jpeg","og:image:secure_url":"https:\/\/allasorias.hu\/hirek\/wp-content\/uploads\/2018\/12\/pexels-photo-356079.jpeg","og:image:width":640,"og:image:height":387,"article:published_time":"2018-12-27T11:54:59+00:00","article:modified_time":"2018-12-28T12:05:17+00:00","article:publisher":"https:\/\/www.facebook.com\/allasorias","twitter:card":"summary_large_image","twitter:title":"Melyek a legrosszabb \u00e1ll\u00e1sok? | AllasOrias.hu | H\u00edrek-lapszemle","twitter:description":"A statisztikai hivatal k\u00f6zel negyvenezer embert k\u00e9rdezett meg a k\u00fcl\u00f6nf\u00e9le foglalkoz\u00e1sokr\u00f3l. A preszt\u00edzsben a legt\u00f6bbet a hatalom \u00e9s a tud\u00e1s nyomott a latba, valamint az is sokat sz\u00e1m\u00edtott, hogy mennyire divatos valami. A KSH harmadik alkalommal vizsg\u00e1lta, hogy mit gondolnak az emberek a k\u00fcl\u00f6nb\u00f6z\u0151 foglalkoz\u00e1sokr\u00f3l. A megk\u00e9rdezett 43 ezer embernek \u00f6t szempont alapj\u00e1n kellett \u00e9rt\u00e9kelni","twitter:image":"https:\/\/allasorias.hu\/hirek\/wp-content\/uploads\/2018\/12\/pexels-photo-356079.jpeg","twitter:label1":"Written by","twitter:data1":"Juh\u00e1sz P\u00e9ter","twitter:label2":"Est. reading time","twitter:data2":"3 minutes"},"aioseo_meta_data":{"post_id":"2350","title":null,"description":null,"keywords":null,"keyphrases":null,"primary_term":null,"canonical_url":null,"og_title":null,"og_description":null,"og_object_type":"default","og_image_type":"default","og_image_url":null,"og_image_width":null,"og_image_height":null,"og_image_custom_url":null,"og_image_custom_fields":null,"og_video":null,"og_custom_url":null,"og_article_section":null,"og_article_tags":null,"twitter_use_og":false,"twitter_card":"default","twitter_image_type":"default","twitter_image_url":null,"twitter_image_custom_url":null,"twitter_image_custom_fields":null,"twitter_title":null,"twitter_description":null,"schema":{"blockGraphs":[],"customGraphs":[],"default":{"data":{"Article":[],"Course":[],"Dataset":[],"FAQPage":[],"Movie":[],"Person":[],"Product":[],"ProductReview":[],"Car":[],"Recipe":[],"Service":[],"SoftwareApplication":[],"WebPage":[]},"graphName":"","isEnabled":true},"graphs":[]},"schema_type":null,"schema_type_options":null,"pillar_content":false,"robots_default":true,"robots_noindex":false,"robots_noarchive":false,"robots_nosnippet":false,"robots_nofollow":false,"robots_noimageindex":false,"robots_noodp":false,"robots_notranslate":false,"robots_max_snippet":null,"robots_max_videopreview":null,"robots_max_imagepreview":"large","priority":null,"frequency":null,"location":null,"local_seo":null,"breadcrumb_settings":null,"limit_modified_date":false,"ai":null,"created":"2021-02-01 20:46:00","updated":"2025-10-02 09:38:17","seo_analyzer_scan_date":null,"focus_keyword":null,"additional_keywords":null,"truseo_locale":null},"aioseo_breadcrumb":"<div class=\"aioseo-breadcrumbs\"><span class=\"aioseo-breadcrumb\">\n\t\t\t<a href=\"https:\/\/allasorias.hu\/hirek\" title=\"Home\">Home<\/a>\n\t\t<\/span><span class=\"aioseo-breadcrumb-separator\">&raquo;<\/span><span class=\"aioseo-breadcrumb\">\n\t\t\t<a href=\"https:\/\/allasorias.hu\/hirek\/temak\/munkaeropiac\/\" title=\"Munkaer\u0151piac\">Munkaer\u0151piac<\/a>\n\t\t<\/span><span class=\"aioseo-breadcrumb-separator\">&raquo;<\/span><span class=\"aioseo-breadcrumb\">\n\t\t\tMelyek a legrosszabb \u00e1ll\u00e1sok?\n\t\t<\/span><\/div>","aioseo_breadcrumb_json":[{"label":"Home","link":"https:\/\/allasorias.hu\/hirek"},{"label":"Munkaer\u0151piac","link":"https:\/\/allasorias.hu\/hirek\/temak\/munkaeropiac\/"},{"label":"Melyek a legrosszabb \u00e1ll\u00e1sok?","link":"https:\/\/allasorias.hu\/hirek\/melyek-a-legrosszabb-allasok\/"}],"_links":{"self":[{"href":"https:\/\/allasorias.hu\/hirek\/wp-json\/wp\/v2\/posts\/2350","targetHints":{"allow":["GET"]}}],"collection":[{"href":"https:\/\/allasorias.hu\/hirek\/wp-json\/wp\/v2\/posts"}],"about":[{"href":"https:\/\/allasorias.hu\/hirek\/wp-json\/wp\/v2\/types\/post"}],"author":[{"embeddable":true,"href":"https:\/\/allasorias.hu\/hirek\/wp-json\/wp\/v2\/users\/1"}],"replies":[{"embeddable":true,"href":"https:\/\/allasorias.hu\/hirek\/wp-json\/wp\/v2\/comments?post=2350"}],"version-history":[{"count":1,"href":"https:\/\/allasorias.hu\/hirek\/wp-json\/wp\/v2\/posts\/2350\/revisions"}],"predecessor-version":[{"id":2352,"href":"https:\/\/allasorias.hu\/hirek\/wp-json\/wp\/v2\/posts\/2350\/revisions\/2352"}],"wp:featuredmedia":[{"embeddable":true,"href":"https:\/\/allasorias.hu\/hirek\/wp-json\/wp\/v2\/media\/2351"}],"wp:attachment":[{"href":"https:\/\/allasorias.hu\/hirek\/wp-json\/wp\/v2\/media?parent=2350"}],"wp:term":[{"taxonomy":"category","embeddable":true,"href":"https:\/\/allasorias.hu\/hirek\/wp-json\/wp\/v2\/categories?post=2350"},{"taxonomy":"post_tag","embeddable":true,"href":"https:\/\/allasorias.hu\/hirek\/wp-json\/wp\/v2\/tags?post=2350"}],"curies":[{"name":"wp","href":"https:\/\/api.w.org\/{rel}","templated":true}]}}