{"id":2347,"date":"2018-12-27T11:54:37","date_gmt":"2018-12-27T11:54:37","guid":{"rendered":"https:\/\/allasorias.hu\/hirek\/?p=2347"},"modified":"2018-12-28T11:54:50","modified_gmt":"2018-12-28T11:54:50","slug":"harom-ev-mulva-nem-lesznek-magyar-munkasok","status":"publish","type":"post","link":"https:\/\/allasorias.hu\/hirek\/harom-ev-mulva-nem-lesznek-magyar-munkasok\/","title":{"rendered":"H\u00e1rom \u00e9v m\u00falva nem lesznek magyar munk\u00e1sok"},"content":{"rendered":"<p><strong>A jegybank el\u0151rejelz\u00e9se szerint h\u00e1rom \u00e9v m\u00falva elt\u0171nnek a magyar munk\u00e1sok. A korm\u00e1ny m\u00e1r most is igyekszik a foglalkoztat\u00e1si gondok enyh\u00edt\u00e9s\u00e9re, a foglalkoztat\u00e1si programok sz\u0171k\u00edt\u00e9s\u00e9t\u0151l kezdve az ukr\u00e1n vend\u00e9gmunk\u00e1sok behozatal\u00e1n \u00e1t eg\u00e9szen a nyugd\u00edjasok, kismam\u00e1k \u00e9s inakt\u00edvak munkaer\u0151piacra t\u00f6rt\u00e9n\u0151 visszaterel\u00e9s\u00e9ig. A Magyar Nemzeti Bank jelent\u00e9s\u00e9b\u0151l azonban kit\u0171nik, hogy az int\u00e9zked\u00e9seknek nincs kell\u0151 hat\u00e1suk.<\/strong><\/p>\n<p>A versenyszf\u00e9ra foglalkoztat\u00e1sa a k\u00f6vetkez\u0151k\u00e9ppen b\u0151v\u00fclhet az el\u0151tt\u00fcnk \u00e1ll\u00f3 id\u0151szakban: 2018: 1,4%, 2019: 0,9%, 2020: 0,4%, 2021: 0,2%. A jegybank legfrissebb kimutat\u00e1sa, el\u0151rejelz\u00e9se szerint 2021-ben m\u00e1r 10 ezer f\u0151n\u00e9l is kevesebb emberrel b\u0151v\u00fclne a versenyszf\u00e9ra foglalkoztat\u00e1sa. Vagyis l\u00e9nyeg\u00e9ben t\u00e9nyleg elfogyn\u00e1nak a munk\u00e1ra foghat\u00f3 magyarok, \u00e9s el\u00e9rn\u00e9nk azt az \u00e1llapotot, amit Orb\u00e1n Viktor \u00e9vek \u00f3ta hangoztat: mindenki dolgozik, aki akar. A jegybank v\u00e1rakoz\u00e1sa szerint 2021-re nemcsak a hadra foghat\u00f3 magyarok fogynak el, de a munkaer\u0151-tartal\u00e9k is korl\u00e1tja lesz a foglalkoztat\u00e1s b\u0151v\u00fcl\u00e9s\u00e9nek. Mint \u00edrj\u00e1k, az egyre effekt\u00edvebb\u00e9 v\u00e1l\u00f3 demogr\u00e1fiai korl\u00e1tok (a munkak\u00e9pes kor\u00faak \u00f6sszl\u00e9tsz\u00e1m\u00e1nak \u00e9s kor-nem szerinti \u00f6sszet\u00e9tel\u00e9nek v\u00e1ltoz\u00e1sa) miatt az aktivit\u00e1s emelked\u00e9se\u00a0 lassul az el\u0151rejelz\u00e9si id\u0151szak els\u0151\u00a0 fel\u00e9ben, 2020-t\u00f3l pedig nem folytat\u00f3dik a munkaer\u0151-k\u00edn\u00e1lat b\u0151v\u00fcl\u00e9se. \u00a0A demogr\u00e1fiai folyamatok mellett az elm\u00falt \u00e9vek dinamikus l\u00e9tsz\u00e1mb\u0151v\u00fcl\u00e9s\u00e9vel \u00f6sszhangban a potenci\u00e1lisan\u00a0\u00a0 bevonhat\u00f3 munkaer\u0151-tartal\u00e9k alacsony szintre cs\u00f6kkent, \u00edgy egyre ink\u00e1bb effekt\u00edv korl\u00e1tot jelent a foglalkoztat\u00e1sb\u0151v\u00fcl\u00e9s sz\u00e1m\u00e1ra. A\u00a0 munkaer\u0151-tartal\u00e9k sz\u0171k\u00f6ss\u00e9ge \u00e9s illeszked\u00e9si probl\u00e9m\u00e1i (a munkaer\u0151 nem megfelel\u0151\u00a0 k\u00e9pzetts\u00e9ge \u00e9s a munkav\u00e1llal\u00e1si mobilit\u00e1s hi\u00e1nya) jelent\u0151sen megnehez\u00edtik a v\u00e1llalatok l\u00e9tsz\u00e1mb\u0151v\u00edt\u00e9si t\u00f6rekv\u00e9seit Matolcsy\u00e9k v\u00e9lem\u00e9nye szerint. Noha a k\u00f6zfoglalkoztatottak egy r\u00e9sze vissza\u00e1ramolhat a versenyszf\u00e9r\u00e1ba, ez nemzetgazdas\u00e1gi szinten nem fogja n\u00f6velni a sz\u00e1mokat, a versenyszf\u00e9ra statisztik\u00e1j\u00e1t ellenben m\u00e9g igen. Persze az eg\u00e9sz progn\u00f3zison sokat v\u00e1ltoztathat, ha bek\u00f6vetkezik az \u00fajabb gazdas\u00e1gi v\u00e1ls\u00e1g, amire m\u00e1r t\u00f6bbsz\u00f6r is utaltak a korm\u00e1nytagok. Akkor a gazdas\u00e1gi v\u00e1ltoz\u00e1sokhoz a c\u00e9gek el\u0151bb-ut\u00f3bb l\u00e9tsz\u00e1mle\u00e9p\u00edt\u00e9sekkel reag\u00e1lhatnak, ami a munkaer\u0151 felszabadul\u00e1s\u00e1hoz \u00e9s a munkan\u00e9lk\u00fclis\u00e9g \u00fajb\u00f3li emelked\u00e9s\u00e9hez vezethet.<\/p>\n<p>&nbsp;<\/p>\n<p><em>Forr\u00e1s: szakszervezetek.hu<\/em><\/p>\n","protected":false},"excerpt":{"rendered":"<p>A jegybank el\u0151rejelz\u00e9se szerint h\u00e1rom \u00e9v m\u00falva elt\u0171nnek a magyar munk\u00e1sok. A korm\u00e1ny m\u00e1r most is igyekszik a foglalkoztat\u00e1si gondok enyh\u00edt\u00e9s\u00e9re, a foglalkoztat\u00e1si programok sz\u0171k\u00edt\u00e9s\u00e9t\u0151l kezdve az ukr\u00e1n vend\u00e9gmunk\u00e1sok behozatal\u00e1n \u00e1t eg\u00e9szen a nyugd\u00edjasok, kismam\u00e1k \u00e9s inakt\u00edvak munkaer\u0151piacra t\u00f6rt\u00e9n\u0151 visszaterel\u00e9s\u00e9ig. A Magyar Nemzeti Bank jelent\u00e9s\u00e9b\u0151l azonban kit\u0171nik, hogy az int\u00e9zked\u00e9seknek nincs kell\u0151 hat\u00e1suk. A versenyszf\u00e9ra [&hellip;]<\/p>\n","protected":false},"author":1,"featured_media":2348,"comment_status":"open","ping_status":"open","sticky":false,"template":"","format":"standard","meta":{"_monsterinsights_skip_tracking":false,"footnotes":""},"categories":[1,200],"tags":[],"class_list":["post-2347","post","type-post","status-publish","format-standard","has-post-thumbnail","hentry","category-allaskereses","category-munkaeropiac"],"aioseo_notices":[],"aioseo_head":"\n\t\t<!-- All in One SEO 5.0.0.1 - aioseo.com -->\n\t<meta name=\"description\" content=\"A jegybank el\u0151rejelz\u00e9se szerint h\u00e1rom \u00e9v m\u00falva elt\u0171nnek a magyar munk\u00e1sok. A korm\u00e1ny m\u00e1r most is igyekszik a foglalkoztat\u00e1si gondok enyh\u00edt\u00e9s\u00e9re, a foglalkoztat\u00e1si programok sz\u0171k\u00edt\u00e9s\u00e9t\u0151l kezdve az ukr\u00e1n vend\u00e9gmunk\u00e1sok behozatal\u00e1n \u00e1t eg\u00e9szen a nyugd\u00edjasok, kismam\u00e1k \u00e9s inakt\u00edvak munkaer\u0151piacra t\u00f6rt\u00e9n\u0151 visszaterel\u00e9s\u00e9ig. A Magyar Nemzeti Bank jelent\u00e9s\u00e9b\u0151l azonban kit\u0171nik, hogy az int\u00e9zked\u00e9seknek nincs kell\u0151 hat\u00e1suk. A versenyszf\u00e9ra\" \/>\n\t<meta name=\"robots\" content=\"max-image-preview:large\" \/>\n\t<meta name=\"author\" content=\"Juh\u00e1sz P\u00e9ter\"\/>\n\t<link rel=\"canonical\" href=\"https:\/\/allasorias.hu\/hirek\/harom-ev-mulva-nem-lesznek-magyar-munkasok\/\" \/>\n\t<meta name=\"generator\" content=\"All in One SEO (AIOSEO) 5.0.0.1\" \/>\n\t\t<meta property=\"og:locale\" content=\"hu_HU\" \/>\n\t\t<meta property=\"og:site_name\" content=\"AllasOrias.hu | H\u00edrek-lapszemle | \u00dczleti h\u00edrek az \u00e1ll\u00e1s \u00e9s a munka vil\u00e1g\u00e1b\u00f3l\" \/>\n\t\t<meta property=\"og:type\" content=\"article\" \/>\n\t\t<meta property=\"og:title\" content=\"H\u00e1rom \u00e9v m\u00falva nem lesznek magyar munk\u00e1sok | AllasOrias.hu | H\u00edrek-lapszemle\" \/>\n\t\t<meta property=\"og:description\" content=\"A jegybank el\u0151rejelz\u00e9se szerint h\u00e1rom \u00e9v m\u00falva elt\u0171nnek a magyar munk\u00e1sok. A korm\u00e1ny m\u00e1r most is igyekszik a foglalkoztat\u00e1si gondok enyh\u00edt\u00e9s\u00e9re, a foglalkoztat\u00e1si programok sz\u0171k\u00edt\u00e9s\u00e9t\u0151l kezdve az ukr\u00e1n vend\u00e9gmunk\u00e1sok behozatal\u00e1n \u00e1t eg\u00e9szen a nyugd\u00edjasok, kismam\u00e1k \u00e9s inakt\u00edvak munkaer\u0151piacra t\u00f6rt\u00e9n\u0151 visszaterel\u00e9s\u00e9ig. A Magyar Nemzeti Bank jelent\u00e9s\u00e9b\u0151l azonban kit\u0171nik, hogy az int\u00e9zked\u00e9seknek nincs kell\u0151 hat\u00e1suk. A versenyszf\u00e9ra\" \/>\n\t\t<meta property=\"og:url\" content=\"https:\/\/allasorias.hu\/hirek\/harom-ev-mulva-nem-lesznek-magyar-munkasok\/\" \/>\n\t\t<meta property=\"og:image\" content=\"https:\/\/allasorias.hu\/hirek\/wp-content\/uploads\/2018\/12\/pedestrians-1209316_640.jpg\" \/>\n\t\t<meta property=\"og:image:secure_url\" content=\"https:\/\/allasorias.hu\/hirek\/wp-content\/uploads\/2018\/12\/pedestrians-1209316_640.jpg\" \/>\n\t\t<meta property=\"og:image:width\" content=\"640\" \/>\n\t\t<meta property=\"og:image:height\" content=\"426\" \/>\n\t\t<meta property=\"article:published_time\" content=\"2018-12-27T11:54:37+00:00\" \/>\n\t\t<meta property=\"article:modified_time\" content=\"2018-12-28T11:54:50+00:00\" \/>\n\t\t<meta property=\"article:publisher\" content=\"https:\/\/www.facebook.com\/allasorias\" \/>\n\t\t<meta name=\"twitter:card\" content=\"summary_large_image\" \/>\n\t\t<meta name=\"twitter:title\" content=\"H\u00e1rom \u00e9v m\u00falva nem lesznek magyar munk\u00e1sok | AllasOrias.hu | H\u00edrek-lapszemle\" \/>\n\t\t<meta name=\"twitter:description\" content=\"A jegybank el\u0151rejelz\u00e9se szerint h\u00e1rom \u00e9v m\u00falva elt\u0171nnek a magyar munk\u00e1sok. A korm\u00e1ny m\u00e1r most is igyekszik a foglalkoztat\u00e1si gondok enyh\u00edt\u00e9s\u00e9re, a foglalkoztat\u00e1si programok sz\u0171k\u00edt\u00e9s\u00e9t\u0151l kezdve az ukr\u00e1n vend\u00e9gmunk\u00e1sok behozatal\u00e1n \u00e1t eg\u00e9szen a nyugd\u00edjasok, kismam\u00e1k \u00e9s inakt\u00edvak munkaer\u0151piacra t\u00f6rt\u00e9n\u0151 visszaterel\u00e9s\u00e9ig. A Magyar Nemzeti Bank jelent\u00e9s\u00e9b\u0151l azonban kit\u0171nik, hogy az int\u00e9zked\u00e9seknek nincs kell\u0151 hat\u00e1suk. A versenyszf\u00e9ra\" \/>\n\t\t<meta name=\"twitter:image\" content=\"https:\/\/allasorias.hu\/hirek\/wp-content\/uploads\/2018\/12\/pedestrians-1209316_640.jpg\" \/>\n\t\t<meta name=\"twitter:label1\" content=\"Written by\" \/>\n\t\t<meta name=\"twitter:data1\" content=\"Juh\u00e1sz P\u00e9ter\" \/>\n\t\t<meta name=\"twitter:label2\" content=\"Est. reading time\" \/>\n\t\t<meta name=\"twitter:data2\" content=\"2 minutes\" \/>\n\t\t<script type=\"application\/ld+json\" class=\"aioseo-schema\">\n\t\t\t{\"@context\":\"https:\\\/\\\/schema.org\",\"@graph\":[{\"@type\":\"Article\",\"@id\":\"https:\\\/\\\/allasorias.hu\\\/hirek\\\/harom-ev-mulva-nem-lesznek-magyar-munkasok\\\/#article\",\"name\":\"H\\u00e1rom \\u00e9v m\\u00falva nem lesznek magyar munk\\u00e1sok | AllasOrias.hu | H\\u00edrek-lapszemle\",\"headline\":\"H\\u00e1rom \\u00e9v m\\u00falva nem lesznek magyar munk\\u00e1sok\",\"author\":{\"@id\":\"https:\\\/\\\/allasorias.hu\\\/hirek\\\/author\\\/admin-allasorias\\\/#author\"},\"publisher\":{\"@id\":\"https:\\\/\\\/allasorias.hu\\\/hirek\\\/#organization\"},\"image\":{\"@type\":\"ImageObject\",\"url\":\"https:\\\/\\\/allasorias.hu\\\/hirek\\\/wp-content\\\/uploads\\\/2018\\\/12\\\/pedestrians-1209316_640.jpg\",\"width\":640,\"height\":426},\"datePublished\":\"2018-12-27T11:54:37+02:00\",\"dateModified\":\"2018-12-28T11:54:50+02:00\",\"inLanguage\":\"hu-HU\",\"mainEntityOfPage\":{\"@id\":\"https:\\\/\\\/allasorias.hu\\\/hirek\\\/harom-ev-mulva-nem-lesznek-magyar-munkasok\\\/#webpage\"},\"isPartOf\":{\"@id\":\"https:\\\/\\\/allasorias.hu\\\/hirek\\\/harom-ev-mulva-nem-lesznek-magyar-munkasok\\\/#webpage\"},\"articleSection\":\"\\u00c1ll\\u00e1skeres\\u00e9s, Munkaer\\u0151piac\"},{\"@type\":\"BreadcrumbList\",\"@id\":\"https:\\\/\\\/allasorias.hu\\\/hirek\\\/harom-ev-mulva-nem-lesznek-magyar-munkasok\\\/#breadcrumblist\",\"itemListElement\":[{\"@type\":\"ListItem\",\"@id\":\"https:\\\/\\\/allasorias.hu\\\/hirek#listItem\",\"position\":1,\"name\":\"Home\",\"item\":\"https:\\\/\\\/allasorias.hu\\\/hirek\",\"nextItem\":{\"@type\":\"ListItem\",\"@id\":\"https:\\\/\\\/allasorias.hu\\\/hirek\\\/temak\\\/allaskereses\\\/#listItem\",\"name\":\"\\u00c1ll\\u00e1skeres\\u00e9s\"}},{\"@type\":\"ListItem\",\"@id\":\"https:\\\/\\\/allasorias.hu\\\/hirek\\\/temak\\\/allaskereses\\\/#listItem\",\"position\":2,\"name\":\"\\u00c1ll\\u00e1skeres\\u00e9s\",\"item\":\"https:\\\/\\\/allasorias.hu\\\/hirek\\\/temak\\\/allaskereses\\\/\",\"nextItem\":{\"@type\":\"ListItem\",\"@id\":\"https:\\\/\\\/allasorias.hu\\\/hirek\\\/harom-ev-mulva-nem-lesznek-magyar-munkasok\\\/#listItem\",\"name\":\"H\\u00e1rom \\u00e9v m\\u00falva nem lesznek magyar munk\\u00e1sok\"},\"previousItem\":{\"@type\":\"ListItem\",\"@id\":\"https:\\\/\\\/allasorias.hu\\\/hirek#listItem\",\"name\":\"Home\"}},{\"@type\":\"ListItem\",\"@id\":\"https:\\\/\\\/allasorias.hu\\\/hirek\\\/harom-ev-mulva-nem-lesznek-magyar-munkasok\\\/#listItem\",\"position\":3,\"name\":\"H\\u00e1rom \\u00e9v m\\u00falva nem lesznek magyar munk\\u00e1sok\",\"previousItem\":{\"@type\":\"ListItem\",\"@id\":\"https:\\\/\\\/allasorias.hu\\\/hirek\\\/temak\\\/allaskereses\\\/#listItem\",\"name\":\"\\u00c1ll\\u00e1skeres\\u00e9s\"}}]},{\"@type\":\"Organization\",\"@id\":\"https:\\\/\\\/allasorias.hu\\\/hirek\\\/#organization\",\"name\":\"AllasOrias.hu | H\\u00edrek-lapszemle\",\"description\":\"\\u00dczleti h\\u00edrek az \\u00e1ll\\u00e1s \\u00e9s a munka vil\\u00e1g\\u00e1b\\u00f3l\",\"url\":\"https:\\\/\\\/allasorias.hu\\\/hirek\\\/\",\"logo\":{\"@type\":\"ImageObject\",\"url\":\"https:\\\/\\\/allasorias.hu\\\/hirek\\\/wp-content\\\/uploads\\\/2022\\\/10\\\/allasorias_site_facebok_logo.png\",\"@id\":\"https:\\\/\\\/allasorias.hu\\\/hirek\\\/harom-ev-mulva-nem-lesznek-magyar-munkasok\\\/#organizationLogo\"},\"image\":{\"@id\":\"https:\\\/\\\/allasorias.hu\\\/hirek\\\/harom-ev-mulva-nem-lesznek-magyar-munkasok\\\/#organizationLogo\"},\"sameAs\":[\"https:\\\/\\\/www.facebook.com\\\/allasorias\",\"https:\\\/\\\/www.linkedin.com\\\/company\\\/allasorias\"]},{\"@type\":\"Person\",\"@id\":\"https:\\\/\\\/allasorias.hu\\\/hirek\\\/author\\\/admin-allasorias\\\/#author\",\"url\":\"https:\\\/\\\/allasorias.hu\\\/hirek\\\/author\\\/admin-allasorias\\\/\",\"name\":\"Juh\\u00e1sz P\\u00e9ter\",\"image\":{\"@type\":\"ImageObject\",\"@id\":\"https:\\\/\\\/allasorias.hu\\\/hirek\\\/harom-ev-mulva-nem-lesznek-magyar-munkasok\\\/#authorImage\",\"url\":\"https:\\\/\\\/secure.gravatar.com\\\/avatar\\\/36e6bcb83148978b992977cb0f54d22feb0cce8a0a849a9410532bb2623ba4c6?s=96&d=mm&r=g\",\"width\":96,\"height\":96,\"caption\":\"Juh\\u00e1sz P\\u00e9ter\"}},{\"@type\":\"WebPage\",\"@id\":\"https:\\\/\\\/allasorias.hu\\\/hirek\\\/harom-ev-mulva-nem-lesznek-magyar-munkasok\\\/#webpage\",\"url\":\"https:\\\/\\\/allasorias.hu\\\/hirek\\\/harom-ev-mulva-nem-lesznek-magyar-munkasok\\\/\",\"name\":\"H\\u00e1rom \\u00e9v m\\u00falva nem lesznek magyar munk\\u00e1sok | AllasOrias.hu | H\\u00edrek-lapszemle\",\"description\":\"A jegybank el\\u0151rejelz\\u00e9se szerint h\\u00e1rom \\u00e9v m\\u00falva elt\\u0171nnek a magyar munk\\u00e1sok. A korm\\u00e1ny m\\u00e1r most is igyekszik a foglalkoztat\\u00e1si gondok enyh\\u00edt\\u00e9s\\u00e9re, a foglalkoztat\\u00e1si programok sz\\u0171k\\u00edt\\u00e9s\\u00e9t\\u0151l kezdve az ukr\\u00e1n vend\\u00e9gmunk\\u00e1sok behozatal\\u00e1n \\u00e1t eg\\u00e9szen a nyugd\\u00edjasok, kismam\\u00e1k \\u00e9s inakt\\u00edvak munkaer\\u0151piacra t\\u00f6rt\\u00e9n\\u0151 visszaterel\\u00e9s\\u00e9ig. A Magyar Nemzeti Bank jelent\\u00e9s\\u00e9b\\u0151l azonban kit\\u0171nik, hogy az int\\u00e9zked\\u00e9seknek nincs kell\\u0151 hat\\u00e1suk. A versenyszf\\u00e9ra\",\"inLanguage\":\"hu-HU\",\"isPartOf\":{\"@id\":\"https:\\\/\\\/allasorias.hu\\\/hirek\\\/#website\"},\"breadcrumb\":{\"@id\":\"https:\\\/\\\/allasorias.hu\\\/hirek\\\/harom-ev-mulva-nem-lesznek-magyar-munkasok\\\/#breadcrumblist\"},\"author\":{\"@id\":\"https:\\\/\\\/allasorias.hu\\\/hirek\\\/author\\\/admin-allasorias\\\/#author\"},\"creator\":{\"@id\":\"https:\\\/\\\/allasorias.hu\\\/hirek\\\/author\\\/admin-allasorias\\\/#author\"},\"image\":{\"@type\":\"ImageObject\",\"url\":\"https:\\\/\\\/allasorias.hu\\\/hirek\\\/wp-content\\\/uploads\\\/2018\\\/12\\\/pedestrians-1209316_640.jpg\",\"@id\":\"https:\\\/\\\/allasorias.hu\\\/hirek\\\/harom-ev-mulva-nem-lesznek-magyar-munkasok\\\/#mainImage\",\"width\":640,\"height\":426},\"primaryImageOfPage\":{\"@id\":\"https:\\\/\\\/allasorias.hu\\\/hirek\\\/harom-ev-mulva-nem-lesznek-magyar-munkasok\\\/#mainImage\"},\"datePublished\":\"2018-12-27T11:54:37+02:00\",\"dateModified\":\"2018-12-28T11:54:50+02:00\"},{\"@type\":\"WebSite\",\"@id\":\"https:\\\/\\\/allasorias.hu\\\/hirek\\\/#website\",\"url\":\"https:\\\/\\\/allasorias.hu\\\/hirek\\\/\",\"name\":\"AllasOrias.hu | H\\u00edrek-lapszemle\",\"description\":\"\\u00dczleti h\\u00edrek az \\u00e1ll\\u00e1s \\u00e9s a munka vil\\u00e1g\\u00e1b\\u00f3l\",\"inLanguage\":\"hu-HU\",\"publisher\":{\"@id\":\"https:\\\/\\\/allasorias.hu\\\/hirek\\\/#organization\"}}]}\n\t\t<\/script>\n\t\t<!-- All in One SEO -->\n\n","aioseo_head_json":{"title":"H\u00e1rom \u00e9v m\u00falva nem lesznek magyar munk\u00e1sok | AllasOrias.hu | H\u00edrek-lapszemle","description":"A jegybank el\u0151rejelz\u00e9se szerint h\u00e1rom \u00e9v m\u00falva elt\u0171nnek a magyar munk\u00e1sok. A korm\u00e1ny m\u00e1r most is igyekszik a foglalkoztat\u00e1si gondok enyh\u00edt\u00e9s\u00e9re, a foglalkoztat\u00e1si programok sz\u0171k\u00edt\u00e9s\u00e9t\u0151l kezdve az ukr\u00e1n vend\u00e9gmunk\u00e1sok behozatal\u00e1n \u00e1t eg\u00e9szen a nyugd\u00edjasok, kismam\u00e1k \u00e9s inakt\u00edvak munkaer\u0151piacra t\u00f6rt\u00e9n\u0151 visszaterel\u00e9s\u00e9ig. A Magyar Nemzeti Bank jelent\u00e9s\u00e9b\u0151l azonban kit\u0171nik, hogy az int\u00e9zked\u00e9seknek nincs kell\u0151 hat\u00e1suk. A versenyszf\u00e9ra","canonical_url":"https:\/\/allasorias.hu\/hirek\/harom-ev-mulva-nem-lesznek-magyar-munkasok\/","robots":"max-image-preview:large","keywords":"","webmasterTools":{"miscellaneous":""},"schema":{"@context":"https:\/\/schema.org","@graph":[{"@type":"Article","@id":"https:\/\/allasorias.hu\/hirek\/harom-ev-mulva-nem-lesznek-magyar-munkasok\/#article","name":"H\u00e1rom \u00e9v m\u00falva nem lesznek magyar munk\u00e1sok | AllasOrias.hu | H\u00edrek-lapszemle","headline":"H\u00e1rom \u00e9v m\u00falva nem lesznek magyar munk\u00e1sok","author":{"@id":"https:\/\/allasorias.hu\/hirek\/author\/admin-allasorias\/#author"},"publisher":{"@id":"https:\/\/allasorias.hu\/hirek\/#organization"},"image":{"@type":"ImageObject","url":"https:\/\/allasorias.hu\/hirek\/wp-content\/uploads\/2018\/12\/pedestrians-1209316_640.jpg","width":640,"height":426},"datePublished":"2018-12-27T11:54:37+02:00","dateModified":"2018-12-28T11:54:50+02:00","inLanguage":"hu-HU","mainEntityOfPage":{"@id":"https:\/\/allasorias.hu\/hirek\/harom-ev-mulva-nem-lesznek-magyar-munkasok\/#webpage"},"isPartOf":{"@id":"https:\/\/allasorias.hu\/hirek\/harom-ev-mulva-nem-lesznek-magyar-munkasok\/#webpage"},"articleSection":"\u00c1ll\u00e1skeres\u00e9s, Munkaer\u0151piac"},{"@type":"BreadcrumbList","@id":"https:\/\/allasorias.hu\/hirek\/harom-ev-mulva-nem-lesznek-magyar-munkasok\/#breadcrumblist","itemListElement":[{"@type":"ListItem","@id":"https:\/\/allasorias.hu\/hirek#listItem","position":1,"name":"Home","item":"https:\/\/allasorias.hu\/hirek","nextItem":{"@type":"ListItem","@id":"https:\/\/allasorias.hu\/hirek\/temak\/allaskereses\/#listItem","name":"\u00c1ll\u00e1skeres\u00e9s"}},{"@type":"ListItem","@id":"https:\/\/allasorias.hu\/hirek\/temak\/allaskereses\/#listItem","position":2,"name":"\u00c1ll\u00e1skeres\u00e9s","item":"https:\/\/allasorias.hu\/hirek\/temak\/allaskereses\/","nextItem":{"@type":"ListItem","@id":"https:\/\/allasorias.hu\/hirek\/harom-ev-mulva-nem-lesznek-magyar-munkasok\/#listItem","name":"H\u00e1rom \u00e9v m\u00falva nem lesznek magyar munk\u00e1sok"},"previousItem":{"@type":"ListItem","@id":"https:\/\/allasorias.hu\/hirek#listItem","name":"Home"}},{"@type":"ListItem","@id":"https:\/\/allasorias.hu\/hirek\/harom-ev-mulva-nem-lesznek-magyar-munkasok\/#listItem","position":3,"name":"H\u00e1rom \u00e9v m\u00falva nem lesznek magyar munk\u00e1sok","previousItem":{"@type":"ListItem","@id":"https:\/\/allasorias.hu\/hirek\/temak\/allaskereses\/#listItem","name":"\u00c1ll\u00e1skeres\u00e9s"}}]},{"@type":"Organization","@id":"https:\/\/allasorias.hu\/hirek\/#organization","name":"AllasOrias.hu | H\u00edrek-lapszemle","description":"\u00dczleti h\u00edrek az \u00e1ll\u00e1s \u00e9s a munka vil\u00e1g\u00e1b\u00f3l","url":"https:\/\/allasorias.hu\/hirek\/","logo":{"@type":"ImageObject","url":"https:\/\/allasorias.hu\/hirek\/wp-content\/uploads\/2022\/10\/allasorias_site_facebok_logo.png","@id":"https:\/\/allasorias.hu\/hirek\/harom-ev-mulva-nem-lesznek-magyar-munkasok\/#organizationLogo"},"image":{"@id":"https:\/\/allasorias.hu\/hirek\/harom-ev-mulva-nem-lesznek-magyar-munkasok\/#organizationLogo"},"sameAs":["https:\/\/www.facebook.com\/allasorias","https:\/\/www.linkedin.com\/company\/allasorias"]},{"@type":"Person","@id":"https:\/\/allasorias.hu\/hirek\/author\/admin-allasorias\/#author","url":"https:\/\/allasorias.hu\/hirek\/author\/admin-allasorias\/","name":"Juh\u00e1sz P\u00e9ter","image":{"@type":"ImageObject","@id":"https:\/\/allasorias.hu\/hirek\/harom-ev-mulva-nem-lesznek-magyar-munkasok\/#authorImage","url":"https:\/\/secure.gravatar.com\/avatar\/36e6bcb83148978b992977cb0f54d22feb0cce8a0a849a9410532bb2623ba4c6?s=96&d=mm&r=g","width":96,"height":96,"caption":"Juh\u00e1sz P\u00e9ter"}},{"@type":"WebPage","@id":"https:\/\/allasorias.hu\/hirek\/harom-ev-mulva-nem-lesznek-magyar-munkasok\/#webpage","url":"https:\/\/allasorias.hu\/hirek\/harom-ev-mulva-nem-lesznek-magyar-munkasok\/","name":"H\u00e1rom \u00e9v m\u00falva nem lesznek magyar munk\u00e1sok | AllasOrias.hu | H\u00edrek-lapszemle","description":"A jegybank el\u0151rejelz\u00e9se szerint h\u00e1rom \u00e9v m\u00falva elt\u0171nnek a magyar munk\u00e1sok. A korm\u00e1ny m\u00e1r most is igyekszik a foglalkoztat\u00e1si gondok enyh\u00edt\u00e9s\u00e9re, a foglalkoztat\u00e1si programok sz\u0171k\u00edt\u00e9s\u00e9t\u0151l kezdve az ukr\u00e1n vend\u00e9gmunk\u00e1sok behozatal\u00e1n \u00e1t eg\u00e9szen a nyugd\u00edjasok, kismam\u00e1k \u00e9s inakt\u00edvak munkaer\u0151piacra t\u00f6rt\u00e9n\u0151 visszaterel\u00e9s\u00e9ig. A Magyar Nemzeti Bank jelent\u00e9s\u00e9b\u0151l azonban kit\u0171nik, hogy az int\u00e9zked\u00e9seknek nincs kell\u0151 hat\u00e1suk. A versenyszf\u00e9ra","inLanguage":"hu-HU","isPartOf":{"@id":"https:\/\/allasorias.hu\/hirek\/#website"},"breadcrumb":{"@id":"https:\/\/allasorias.hu\/hirek\/harom-ev-mulva-nem-lesznek-magyar-munkasok\/#breadcrumblist"},"author":{"@id":"https:\/\/allasorias.hu\/hirek\/author\/admin-allasorias\/#author"},"creator":{"@id":"https:\/\/allasorias.hu\/hirek\/author\/admin-allasorias\/#author"},"image":{"@type":"ImageObject","url":"https:\/\/allasorias.hu\/hirek\/wp-content\/uploads\/2018\/12\/pedestrians-1209316_640.jpg","@id":"https:\/\/allasorias.hu\/hirek\/harom-ev-mulva-nem-lesznek-magyar-munkasok\/#mainImage","width":640,"height":426},"primaryImageOfPage":{"@id":"https:\/\/allasorias.hu\/hirek\/harom-ev-mulva-nem-lesznek-magyar-munkasok\/#mainImage"},"datePublished":"2018-12-27T11:54:37+02:00","dateModified":"2018-12-28T11:54:50+02:00"},{"@type":"WebSite","@id":"https:\/\/allasorias.hu\/hirek\/#website","url":"https:\/\/allasorias.hu\/hirek\/","name":"AllasOrias.hu | H\u00edrek-lapszemle","description":"\u00dczleti h\u00edrek az \u00e1ll\u00e1s \u00e9s a munka vil\u00e1g\u00e1b\u00f3l","inLanguage":"hu-HU","publisher":{"@id":"https:\/\/allasorias.hu\/hirek\/#organization"}}]},"og:locale":"hu_HU","og:site_name":"AllasOrias.hu | H\u00edrek-lapszemle | \u00dczleti h\u00edrek az \u00e1ll\u00e1s \u00e9s a munka vil\u00e1g\u00e1b\u00f3l","og:type":"article","og:title":"H\u00e1rom \u00e9v m\u00falva nem lesznek magyar munk\u00e1sok | AllasOrias.hu | H\u00edrek-lapszemle","og:description":"A jegybank el\u0151rejelz\u00e9se szerint h\u00e1rom \u00e9v m\u00falva elt\u0171nnek a magyar munk\u00e1sok. A korm\u00e1ny m\u00e1r most is igyekszik a foglalkoztat\u00e1si gondok enyh\u00edt\u00e9s\u00e9re, a foglalkoztat\u00e1si programok sz\u0171k\u00edt\u00e9s\u00e9t\u0151l kezdve az ukr\u00e1n vend\u00e9gmunk\u00e1sok behozatal\u00e1n \u00e1t eg\u00e9szen a nyugd\u00edjasok, kismam\u00e1k \u00e9s inakt\u00edvak munkaer\u0151piacra t\u00f6rt\u00e9n\u0151 visszaterel\u00e9s\u00e9ig. A Magyar Nemzeti Bank jelent\u00e9s\u00e9b\u0151l azonban kit\u0171nik, hogy az int\u00e9zked\u00e9seknek nincs kell\u0151 hat\u00e1suk. A versenyszf\u00e9ra","og:url":"https:\/\/allasorias.hu\/hirek\/harom-ev-mulva-nem-lesznek-magyar-munkasok\/","og:image":"https:\/\/allasorias.hu\/hirek\/wp-content\/uploads\/2018\/12\/pedestrians-1209316_640.jpg","og:image:secure_url":"https:\/\/allasorias.hu\/hirek\/wp-content\/uploads\/2018\/12\/pedestrians-1209316_640.jpg","og:image:width":640,"og:image:height":426,"article:published_time":"2018-12-27T11:54:37+00:00","article:modified_time":"2018-12-28T11:54:50+00:00","article:publisher":"https:\/\/www.facebook.com\/allasorias","twitter:card":"summary_large_image","twitter:title":"H\u00e1rom \u00e9v m\u00falva nem lesznek magyar munk\u00e1sok | AllasOrias.hu | H\u00edrek-lapszemle","twitter:description":"A jegybank el\u0151rejelz\u00e9se szerint h\u00e1rom \u00e9v m\u00falva elt\u0171nnek a magyar munk\u00e1sok. A korm\u00e1ny m\u00e1r most is igyekszik a foglalkoztat\u00e1si gondok enyh\u00edt\u00e9s\u00e9re, a foglalkoztat\u00e1si programok sz\u0171k\u00edt\u00e9s\u00e9t\u0151l kezdve az ukr\u00e1n vend\u00e9gmunk\u00e1sok behozatal\u00e1n \u00e1t eg\u00e9szen a nyugd\u00edjasok, kismam\u00e1k \u00e9s inakt\u00edvak munkaer\u0151piacra t\u00f6rt\u00e9n\u0151 visszaterel\u00e9s\u00e9ig. A Magyar Nemzeti Bank jelent\u00e9s\u00e9b\u0151l azonban kit\u0171nik, hogy az int\u00e9zked\u00e9seknek nincs kell\u0151 hat\u00e1suk. A versenyszf\u00e9ra","twitter:image":"https:\/\/allasorias.hu\/hirek\/wp-content\/uploads\/2018\/12\/pedestrians-1209316_640.jpg","twitter:label1":"Written by","twitter:data1":"Juh\u00e1sz P\u00e9ter","twitter:label2":"Est. reading time","twitter:data2":"2 minutes"},"aioseo_meta_data":{"post_id":"2347","title":null,"description":null,"keywords":null,"keyphrases":null,"primary_term":null,"canonical_url":null,"og_title":null,"og_description":null,"og_object_type":"default","og_image_type":"default","og_image_url":null,"og_image_width":null,"og_image_height":null,"og_image_custom_url":null,"og_image_custom_fields":null,"og_video":null,"og_custom_url":null,"og_article_section":null,"og_article_tags":null,"twitter_use_og":false,"twitter_card":"default","twitter_image_type":"default","twitter_image_url":null,"twitter_image_custom_url":null,"twitter_image_custom_fields":null,"twitter_title":null,"twitter_description":null,"schema":{"blockGraphs":[],"customGraphs":[],"default":{"data":{"Article":[],"Course":[],"Dataset":[],"FAQPage":[],"Movie":[],"Person":[],"Product":[],"ProductReview":[],"Car":[],"Recipe":[],"Service":[],"SoftwareApplication":[],"WebPage":[]},"graphName":"","isEnabled":true},"graphs":[]},"schema_type":null,"schema_type_options":null,"pillar_content":false,"robots_default":true,"robots_noindex":false,"robots_noarchive":false,"robots_nosnippet":false,"robots_nofollow":false,"robots_noimageindex":false,"robots_noodp":false,"robots_notranslate":false,"robots_max_snippet":null,"robots_max_videopreview":null,"robots_max_imagepreview":"large","priority":null,"frequency":null,"location":null,"local_seo":null,"breadcrumb_settings":null,"limit_modified_date":false,"ai":null,"created":"2021-02-01 20:46:00","updated":"2025-10-02 09:38:17","seo_analyzer_scan_date":null,"focus_keyword":null,"additional_keywords":null,"truseo_locale":null},"aioseo_breadcrumb":"<div class=\"aioseo-breadcrumbs\"><span class=\"aioseo-breadcrumb\">\n\t\t\t<a href=\"https:\/\/allasorias.hu\/hirek\" title=\"Home\">Home<\/a>\n\t\t<\/span><span class=\"aioseo-breadcrumb-separator\">&raquo;<\/span><span class=\"aioseo-breadcrumb\">\n\t\t\t<a href=\"https:\/\/allasorias.hu\/hirek\/temak\/allaskereses\/\" title=\"\u00c1ll\u00e1skeres\u00e9s\">\u00c1ll\u00e1skeres\u00e9s<\/a>\n\t\t<\/span><span class=\"aioseo-breadcrumb-separator\">&raquo;<\/span><span class=\"aioseo-breadcrumb\">\n\t\t\tH\u00e1rom \u00e9v m\u00falva nem lesznek magyar munk\u00e1sok\n\t\t<\/span><\/div>","aioseo_breadcrumb_json":[{"label":"Home","link":"https:\/\/allasorias.hu\/hirek"},{"label":"\u00c1ll\u00e1skeres\u00e9s","link":"https:\/\/allasorias.hu\/hirek\/temak\/allaskereses\/"},{"label":"H\u00e1rom \u00e9v m\u00falva nem lesznek magyar munk\u00e1sok","link":"https:\/\/allasorias.hu\/hirek\/harom-ev-mulva-nem-lesznek-magyar-munkasok\/"}],"_links":{"self":[{"href":"https:\/\/allasorias.hu\/hirek\/wp-json\/wp\/v2\/posts\/2347","targetHints":{"allow":["GET"]}}],"collection":[{"href":"https:\/\/allasorias.hu\/hirek\/wp-json\/wp\/v2\/posts"}],"about":[{"href":"https:\/\/allasorias.hu\/hirek\/wp-json\/wp\/v2\/types\/post"}],"author":[{"embeddable":true,"href":"https:\/\/allasorias.hu\/hirek\/wp-json\/wp\/v2\/users\/1"}],"replies":[{"embeddable":true,"href":"https:\/\/allasorias.hu\/hirek\/wp-json\/wp\/v2\/comments?post=2347"}],"version-history":[{"count":1,"href":"https:\/\/allasorias.hu\/hirek\/wp-json\/wp\/v2\/posts\/2347\/revisions"}],"predecessor-version":[{"id":2349,"href":"https:\/\/allasorias.hu\/hirek\/wp-json\/wp\/v2\/posts\/2347\/revisions\/2349"}],"wp:featuredmedia":[{"embeddable":true,"href":"https:\/\/allasorias.hu\/hirek\/wp-json\/wp\/v2\/media\/2348"}],"wp:attachment":[{"href":"https:\/\/allasorias.hu\/hirek\/wp-json\/wp\/v2\/media?parent=2347"}],"wp:term":[{"taxonomy":"category","embeddable":true,"href":"https:\/\/allasorias.hu\/hirek\/wp-json\/wp\/v2\/categories?post=2347"},{"taxonomy":"post_tag","embeddable":true,"href":"https:\/\/allasorias.hu\/hirek\/wp-json\/wp\/v2\/tags?post=2347"}],"curies":[{"name":"wp","href":"https:\/\/api.w.org\/{rel}","templated":true}]}}