{"id":2333,"date":"2018-12-20T11:52:47","date_gmt":"2018-12-20T11:52:47","guid":{"rendered":"https:\/\/allasorias.hu\/hirek\/?p=2333"},"modified":"2018-12-20T11:52:47","modified_gmt":"2018-12-20T11:52:47","slug":"omlik-a-munkaero-a-jarmugyartasba","status":"publish","type":"post","link":"https:\/\/allasorias.hu\/hirek\/omlik-a-munkaero-a-jarmugyartasba\/","title":{"rendered":"\u00d6mlik a munkaer\u0151 a j\u00e1rm\u0171gy\u00e1rt\u00e1sba"},"content":{"rendered":"<p><strong>A Manpower munkaer\u0151piaci mutat\u00f3i szerint a gy\u00e1rt\u00e1si, termel\u00e9si szektorban veszik\u00a0 f\u00f6l a legt\u00f6bb munkaer\u0151t.\u00a0 A ManpowerGroup magyarorsz\u00e1gi \u00fcgyvezet\u0151je elmondta:\u00a0 a munk\u00e1ltat\u00f3k optimist\u00e1n tekintenek a j\u00f6v\u0151 \u00e9v els\u0151 negyed\u00e9re, a munkaad\u00f3k 15%-a n\u00f6veked\u00e9s\u00e9re sz\u00e1m\u00edt, \u00e9s csup\u00e1n 3%-uk tervez elbocs\u00e1t\u00e1st. <\/strong><\/p>\n<p>V\u00e9g Ott\u00f3 al\u00e1h\u00fazta: a munkaad\u00f3i bizalom nagy r\u00e9sze a g\u00e9pj\u00e1rm\u0171ipar folyamatos nagym\u00e9rt\u00e9k\u0171 fejl\u0151d\u00e9s\u00e9nek tulajdon\u00edthat\u00f3. A r\u00e1di\u00f3s\u00a0 interj\u00faban sz\u00f3 volt arr\u00f3l is, hogy az \u00e9vente maxim\u00e1lisan kiszabhat\u00f3 t\u00fal\u00f3rakeret emel\u00e9se milyen hat\u00e1ssal lehet a munk\u00e1ltat\u00f3k felv\u00e9teli kedv\u00e9re.<\/p>\n<p><em>Forr\u00e1s: trendfm.hu<\/em><\/p>\n","protected":false},"excerpt":{"rendered":"<p>A Manpower munkaer\u0151piaci mutat\u00f3i szerint a gy\u00e1rt\u00e1si, termel\u00e9si szektorban veszik\u00a0 f\u00f6l a legt\u00f6bb munkaer\u0151t.\u00a0 A ManpowerGroup magyarorsz\u00e1gi \u00fcgyvezet\u0151je elmondta:\u00a0 a munk\u00e1ltat\u00f3k optimist\u00e1n tekintenek a j\u00f6v\u0151 \u00e9v els\u0151 negyed\u00e9re, a munkaad\u00f3k 15%-a n\u00f6veked\u00e9s\u00e9re sz\u00e1m\u00edt, \u00e9s csup\u00e1n 3%-uk tervez elbocs\u00e1t\u00e1st. V\u00e9g Ott\u00f3 al\u00e1h\u00fazta: a munkaad\u00f3i bizalom nagy r\u00e9sze a g\u00e9pj\u00e1rm\u0171ipar folyamatos nagym\u00e9rt\u00e9k\u0171 fejl\u0151d\u00e9s\u00e9nek tulajdon\u00edthat\u00f3. A r\u00e1di\u00f3s\u00a0 interj\u00faban [&hellip;]<\/p>\n","protected":false},"author":1,"featured_media":2334,"comment_status":"open","ping_status":"open","sticky":false,"template":"","format":"standard","meta":{"_monsterinsights_skip_tracking":false,"footnotes":""},"categories":[1,198,203,200],"tags":[],"class_list":["post-2333","post","type-post","status-publish","format-standard","has-post-thumbnail","hentry","category-allaskereses","category-gazdasag","category-hianyszakmak","category-munkaeropiac"],"aioseo_notices":[],"aioseo_head":"\n\t\t<!-- All in One SEO 5.0.0.1 - aioseo.com -->\n\t<meta name=\"description\" content=\"A Manpower munkaer\u0151piaci mutat\u00f3i szerint a gy\u00e1rt\u00e1si, termel\u00e9si szektorban veszik f\u00f6l a legt\u00f6bb munkaer\u0151t. A ManpowerGroup magyarorsz\u00e1gi \u00fcgyvezet\u0151je elmondta: a munk\u00e1ltat\u00f3k optimist\u00e1n tekintenek a j\u00f6v\u0151 \u00e9v els\u0151 negyed\u00e9re, a munkaad\u00f3k 15%-a n\u00f6veked\u00e9s\u00e9re sz\u00e1m\u00edt, \u00e9s csup\u00e1n 3%-uk tervez elbocs\u00e1t\u00e1st. V\u00e9g Ott\u00f3 al\u00e1h\u00fazta: a munkaad\u00f3i bizalom nagy r\u00e9sze a g\u00e9pj\u00e1rm\u0171ipar folyamatos nagym\u00e9rt\u00e9k\u0171 fejl\u0151d\u00e9s\u00e9nek tulajdon\u00edthat\u00f3. A r\u00e1di\u00f3s interj\u00faban\" \/>\n\t<meta name=\"robots\" content=\"max-image-preview:large\" \/>\n\t<meta name=\"author\" content=\"Juh\u00e1sz P\u00e9ter\"\/>\n\t<link rel=\"canonical\" href=\"https:\/\/allasorias.hu\/hirek\/omlik-a-munkaero-a-jarmugyartasba\/\" \/>\n\t<meta name=\"generator\" content=\"All in One SEO (AIOSEO) 5.0.0.1\" \/>\n\t\t<meta property=\"og:locale\" content=\"hu_HU\" \/>\n\t\t<meta property=\"og:site_name\" content=\"AllasOrias.hu | H\u00edrek-lapszemle | \u00dczleti h\u00edrek az \u00e1ll\u00e1s \u00e9s a munka vil\u00e1g\u00e1b\u00f3l\" \/>\n\t\t<meta property=\"og:type\" content=\"article\" \/>\n\t\t<meta property=\"og:title\" content=\"\u00d6mlik a munkaer\u0151 a j\u00e1rm\u0171gy\u00e1rt\u00e1sba | AllasOrias.hu | H\u00edrek-lapszemle\" \/>\n\t\t<meta property=\"og:description\" content=\"A Manpower munkaer\u0151piaci mutat\u00f3i szerint a gy\u00e1rt\u00e1si, termel\u00e9si szektorban veszik f\u00f6l a legt\u00f6bb munkaer\u0151t. A ManpowerGroup magyarorsz\u00e1gi \u00fcgyvezet\u0151je elmondta: a munk\u00e1ltat\u00f3k optimist\u00e1n tekintenek a j\u00f6v\u0151 \u00e9v els\u0151 negyed\u00e9re, a munkaad\u00f3k 15%-a n\u00f6veked\u00e9s\u00e9re sz\u00e1m\u00edt, \u00e9s csup\u00e1n 3%-uk tervez elbocs\u00e1t\u00e1st. V\u00e9g Ott\u00f3 al\u00e1h\u00fazta: a munkaad\u00f3i bizalom nagy r\u00e9sze a g\u00e9pj\u00e1rm\u0171ipar folyamatos nagym\u00e9rt\u00e9k\u0171 fejl\u0151d\u00e9s\u00e9nek tulajdon\u00edthat\u00f3. A r\u00e1di\u00f3s interj\u00faban\" \/>\n\t\t<meta property=\"og:url\" content=\"https:\/\/allasorias.hu\/hirek\/omlik-a-munkaero-a-jarmugyartasba\/\" \/>\n\t\t<meta property=\"og:image\" content=\"https:\/\/allasorias.hu\/hirek\/wp-content\/uploads\/2018\/12\/pexels-photo-1108101.jpeg\" \/>\n\t\t<meta property=\"og:image:secure_url\" content=\"https:\/\/allasorias.hu\/hirek\/wp-content\/uploads\/2018\/12\/pexels-photo-1108101.jpeg\" \/>\n\t\t<meta property=\"og:image:width\" content=\"640\" \/>\n\t\t<meta property=\"og:image:height\" content=\"426\" \/>\n\t\t<meta property=\"article:published_time\" content=\"2018-12-20T11:52:47+00:00\" \/>\n\t\t<meta property=\"article:modified_time\" content=\"2018-12-20T11:52:47+00:00\" \/>\n\t\t<meta property=\"article:publisher\" content=\"https:\/\/www.facebook.com\/allasorias\" \/>\n\t\t<meta name=\"twitter:card\" content=\"summary_large_image\" \/>\n\t\t<meta name=\"twitter:title\" content=\"\u00d6mlik a munkaer\u0151 a j\u00e1rm\u0171gy\u00e1rt\u00e1sba | AllasOrias.hu | H\u00edrek-lapszemle\" \/>\n\t\t<meta name=\"twitter:description\" content=\"A Manpower munkaer\u0151piaci mutat\u00f3i szerint a gy\u00e1rt\u00e1si, termel\u00e9si szektorban veszik f\u00f6l a legt\u00f6bb munkaer\u0151t. A ManpowerGroup magyarorsz\u00e1gi \u00fcgyvezet\u0151je elmondta: a munk\u00e1ltat\u00f3k optimist\u00e1n tekintenek a j\u00f6v\u0151 \u00e9v els\u0151 negyed\u00e9re, a munkaad\u00f3k 15%-a n\u00f6veked\u00e9s\u00e9re sz\u00e1m\u00edt, \u00e9s csup\u00e1n 3%-uk tervez elbocs\u00e1t\u00e1st. V\u00e9g Ott\u00f3 al\u00e1h\u00fazta: a munkaad\u00f3i bizalom nagy r\u00e9sze a g\u00e9pj\u00e1rm\u0171ipar folyamatos nagym\u00e9rt\u00e9k\u0171 fejl\u0151d\u00e9s\u00e9nek tulajdon\u00edthat\u00f3. A r\u00e1di\u00f3s interj\u00faban\" \/>\n\t\t<meta name=\"twitter:image\" content=\"https:\/\/allasorias.hu\/hirek\/wp-content\/uploads\/2018\/12\/pexels-photo-1108101.jpeg\" \/>\n\t\t<meta name=\"twitter:label1\" content=\"Written by\" \/>\n\t\t<meta name=\"twitter:data1\" content=\"Juh\u00e1sz P\u00e9ter\" \/>\n\t\t<meta name=\"twitter:label2\" content=\"Est. reading time\" \/>\n\t\t<meta name=\"twitter:data2\" content=\"1 minute\" \/>\n\t\t<script type=\"application\/ld+json\" class=\"aioseo-schema\">\n\t\t\t{\"@context\":\"https:\\\/\\\/schema.org\",\"@graph\":[{\"@type\":\"Article\",\"@id\":\"https:\\\/\\\/allasorias.hu\\\/hirek\\\/omlik-a-munkaero-a-jarmugyartasba\\\/#article\",\"name\":\"\\u00d6mlik a munkaer\\u0151 a j\\u00e1rm\\u0171gy\\u00e1rt\\u00e1sba | AllasOrias.hu | H\\u00edrek-lapszemle\",\"headline\":\"\\u00d6mlik a munkaer\\u0151 a j\\u00e1rm\\u0171gy\\u00e1rt\\u00e1sba\",\"author\":{\"@id\":\"https:\\\/\\\/allasorias.hu\\\/hirek\\\/author\\\/admin-allasorias\\\/#author\"},\"publisher\":{\"@id\":\"https:\\\/\\\/allasorias.hu\\\/hirek\\\/#organization\"},\"image\":{\"@type\":\"ImageObject\",\"url\":\"https:\\\/\\\/allasorias.hu\\\/hirek\\\/wp-content\\\/uploads\\\/2018\\\/12\\\/pexels-photo-1108101.jpeg\",\"width\":640,\"height\":426},\"datePublished\":\"2018-12-20T11:52:47+02:00\",\"dateModified\":\"2018-12-20T11:52:47+02:00\",\"inLanguage\":\"hu-HU\",\"mainEntityOfPage\":{\"@id\":\"https:\\\/\\\/allasorias.hu\\\/hirek\\\/omlik-a-munkaero-a-jarmugyartasba\\\/#webpage\"},\"isPartOf\":{\"@id\":\"https:\\\/\\\/allasorias.hu\\\/hirek\\\/omlik-a-munkaero-a-jarmugyartasba\\\/#webpage\"},\"articleSection\":\"\\u00c1ll\\u00e1skeres\\u00e9s, Gazdas\\u00e1g, Hi\\u00e1nyszakm\\u00e1k, Munkaer\\u0151piac\"},{\"@type\":\"BreadcrumbList\",\"@id\":\"https:\\\/\\\/allasorias.hu\\\/hirek\\\/omlik-a-munkaero-a-jarmugyartasba\\\/#breadcrumblist\",\"itemListElement\":[{\"@type\":\"ListItem\",\"@id\":\"https:\\\/\\\/allasorias.hu\\\/hirek#listItem\",\"position\":1,\"name\":\"Home\",\"item\":\"https:\\\/\\\/allasorias.hu\\\/hirek\",\"nextItem\":{\"@type\":\"ListItem\",\"@id\":\"https:\\\/\\\/allasorias.hu\\\/hirek\\\/temak\\\/allaskereses\\\/#listItem\",\"name\":\"\\u00c1ll\\u00e1skeres\\u00e9s\"}},{\"@type\":\"ListItem\",\"@id\":\"https:\\\/\\\/allasorias.hu\\\/hirek\\\/temak\\\/allaskereses\\\/#listItem\",\"position\":2,\"name\":\"\\u00c1ll\\u00e1skeres\\u00e9s\",\"item\":\"https:\\\/\\\/allasorias.hu\\\/hirek\\\/temak\\\/allaskereses\\\/\",\"nextItem\":{\"@type\":\"ListItem\",\"@id\":\"https:\\\/\\\/allasorias.hu\\\/hirek\\\/omlik-a-munkaero-a-jarmugyartasba\\\/#listItem\",\"name\":\"\\u00d6mlik a munkaer\\u0151 a j\\u00e1rm\\u0171gy\\u00e1rt\\u00e1sba\"},\"previousItem\":{\"@type\":\"ListItem\",\"@id\":\"https:\\\/\\\/allasorias.hu\\\/hirek#listItem\",\"name\":\"Home\"}},{\"@type\":\"ListItem\",\"@id\":\"https:\\\/\\\/allasorias.hu\\\/hirek\\\/omlik-a-munkaero-a-jarmugyartasba\\\/#listItem\",\"position\":3,\"name\":\"\\u00d6mlik a munkaer\\u0151 a j\\u00e1rm\\u0171gy\\u00e1rt\\u00e1sba\",\"previousItem\":{\"@type\":\"ListItem\",\"@id\":\"https:\\\/\\\/allasorias.hu\\\/hirek\\\/temak\\\/allaskereses\\\/#listItem\",\"name\":\"\\u00c1ll\\u00e1skeres\\u00e9s\"}}]},{\"@type\":\"Organization\",\"@id\":\"https:\\\/\\\/allasorias.hu\\\/hirek\\\/#organization\",\"name\":\"AllasOrias.hu | H\\u00edrek-lapszemle\",\"description\":\"\\u00dczleti h\\u00edrek az \\u00e1ll\\u00e1s \\u00e9s a munka vil\\u00e1g\\u00e1b\\u00f3l\",\"url\":\"https:\\\/\\\/allasorias.hu\\\/hirek\\\/\",\"logo\":{\"@type\":\"ImageObject\",\"url\":\"https:\\\/\\\/allasorias.hu\\\/hirek\\\/wp-content\\\/uploads\\\/2022\\\/10\\\/allasorias_site_facebok_logo.png\",\"@id\":\"https:\\\/\\\/allasorias.hu\\\/hirek\\\/omlik-a-munkaero-a-jarmugyartasba\\\/#organizationLogo\"},\"image\":{\"@id\":\"https:\\\/\\\/allasorias.hu\\\/hirek\\\/omlik-a-munkaero-a-jarmugyartasba\\\/#organizationLogo\"},\"sameAs\":[\"https:\\\/\\\/www.facebook.com\\\/allasorias\",\"https:\\\/\\\/www.linkedin.com\\\/company\\\/allasorias\"]},{\"@type\":\"Person\",\"@id\":\"https:\\\/\\\/allasorias.hu\\\/hirek\\\/author\\\/admin-allasorias\\\/#author\",\"url\":\"https:\\\/\\\/allasorias.hu\\\/hirek\\\/author\\\/admin-allasorias\\\/\",\"name\":\"Juh\\u00e1sz P\\u00e9ter\",\"image\":{\"@type\":\"ImageObject\",\"@id\":\"https:\\\/\\\/allasorias.hu\\\/hirek\\\/omlik-a-munkaero-a-jarmugyartasba\\\/#authorImage\",\"url\":\"https:\\\/\\\/secure.gravatar.com\\\/avatar\\\/36e6bcb83148978b992977cb0f54d22feb0cce8a0a849a9410532bb2623ba4c6?s=96&d=mm&r=g\",\"width\":96,\"height\":96,\"caption\":\"Juh\\u00e1sz P\\u00e9ter\"}},{\"@type\":\"WebPage\",\"@id\":\"https:\\\/\\\/allasorias.hu\\\/hirek\\\/omlik-a-munkaero-a-jarmugyartasba\\\/#webpage\",\"url\":\"https:\\\/\\\/allasorias.hu\\\/hirek\\\/omlik-a-munkaero-a-jarmugyartasba\\\/\",\"name\":\"\\u00d6mlik a munkaer\\u0151 a j\\u00e1rm\\u0171gy\\u00e1rt\\u00e1sba | AllasOrias.hu | H\\u00edrek-lapszemle\",\"description\":\"A Manpower munkaer\\u0151piaci mutat\\u00f3i szerint a gy\\u00e1rt\\u00e1si, termel\\u00e9si szektorban veszik f\\u00f6l a legt\\u00f6bb munkaer\\u0151t. A ManpowerGroup magyarorsz\\u00e1gi \\u00fcgyvezet\\u0151je elmondta: a munk\\u00e1ltat\\u00f3k optimist\\u00e1n tekintenek a j\\u00f6v\\u0151 \\u00e9v els\\u0151 negyed\\u00e9re, a munkaad\\u00f3k 15%-a n\\u00f6veked\\u00e9s\\u00e9re sz\\u00e1m\\u00edt, \\u00e9s csup\\u00e1n 3%-uk tervez elbocs\\u00e1t\\u00e1st. V\\u00e9g Ott\\u00f3 al\\u00e1h\\u00fazta: a munkaad\\u00f3i bizalom nagy r\\u00e9sze a g\\u00e9pj\\u00e1rm\\u0171ipar folyamatos nagym\\u00e9rt\\u00e9k\\u0171 fejl\\u0151d\\u00e9s\\u00e9nek tulajdon\\u00edthat\\u00f3. A r\\u00e1di\\u00f3s interj\\u00faban\",\"inLanguage\":\"hu-HU\",\"isPartOf\":{\"@id\":\"https:\\\/\\\/allasorias.hu\\\/hirek\\\/#website\"},\"breadcrumb\":{\"@id\":\"https:\\\/\\\/allasorias.hu\\\/hirek\\\/omlik-a-munkaero-a-jarmugyartasba\\\/#breadcrumblist\"},\"author\":{\"@id\":\"https:\\\/\\\/allasorias.hu\\\/hirek\\\/author\\\/admin-allasorias\\\/#author\"},\"creator\":{\"@id\":\"https:\\\/\\\/allasorias.hu\\\/hirek\\\/author\\\/admin-allasorias\\\/#author\"},\"image\":{\"@type\":\"ImageObject\",\"url\":\"https:\\\/\\\/allasorias.hu\\\/hirek\\\/wp-content\\\/uploads\\\/2018\\\/12\\\/pexels-photo-1108101.jpeg\",\"@id\":\"https:\\\/\\\/allasorias.hu\\\/hirek\\\/omlik-a-munkaero-a-jarmugyartasba\\\/#mainImage\",\"width\":640,\"height\":426},\"primaryImageOfPage\":{\"@id\":\"https:\\\/\\\/allasorias.hu\\\/hirek\\\/omlik-a-munkaero-a-jarmugyartasba\\\/#mainImage\"},\"datePublished\":\"2018-12-20T11:52:47+02:00\",\"dateModified\":\"2018-12-20T11:52:47+02:00\"},{\"@type\":\"WebSite\",\"@id\":\"https:\\\/\\\/allasorias.hu\\\/hirek\\\/#website\",\"url\":\"https:\\\/\\\/allasorias.hu\\\/hirek\\\/\",\"name\":\"AllasOrias.hu | H\\u00edrek-lapszemle\",\"description\":\"\\u00dczleti h\\u00edrek az \\u00e1ll\\u00e1s \\u00e9s a munka vil\\u00e1g\\u00e1b\\u00f3l\",\"inLanguage\":\"hu-HU\",\"publisher\":{\"@id\":\"https:\\\/\\\/allasorias.hu\\\/hirek\\\/#organization\"}}]}\n\t\t<\/script>\n\t\t<!-- All in One SEO -->\n\n","aioseo_head_json":{"title":"\u00d6mlik a munkaer\u0151 a j\u00e1rm\u0171gy\u00e1rt\u00e1sba | AllasOrias.hu | H\u00edrek-lapszemle","description":"A Manpower munkaer\u0151piaci mutat\u00f3i szerint a gy\u00e1rt\u00e1si, termel\u00e9si szektorban veszik f\u00f6l a legt\u00f6bb munkaer\u0151t. A ManpowerGroup magyarorsz\u00e1gi \u00fcgyvezet\u0151je elmondta: a munk\u00e1ltat\u00f3k optimist\u00e1n tekintenek a j\u00f6v\u0151 \u00e9v els\u0151 negyed\u00e9re, a munkaad\u00f3k 15%-a n\u00f6veked\u00e9s\u00e9re sz\u00e1m\u00edt, \u00e9s csup\u00e1n 3%-uk tervez elbocs\u00e1t\u00e1st. V\u00e9g Ott\u00f3 al\u00e1h\u00fazta: a munkaad\u00f3i bizalom nagy r\u00e9sze a g\u00e9pj\u00e1rm\u0171ipar folyamatos nagym\u00e9rt\u00e9k\u0171 fejl\u0151d\u00e9s\u00e9nek tulajdon\u00edthat\u00f3. A r\u00e1di\u00f3s interj\u00faban","canonical_url":"https:\/\/allasorias.hu\/hirek\/omlik-a-munkaero-a-jarmugyartasba\/","robots":"max-image-preview:large","keywords":"","webmasterTools":{"miscellaneous":""},"schema":{"@context":"https:\/\/schema.org","@graph":[{"@type":"Article","@id":"https:\/\/allasorias.hu\/hirek\/omlik-a-munkaero-a-jarmugyartasba\/#article","name":"\u00d6mlik a munkaer\u0151 a j\u00e1rm\u0171gy\u00e1rt\u00e1sba | AllasOrias.hu | H\u00edrek-lapszemle","headline":"\u00d6mlik a munkaer\u0151 a j\u00e1rm\u0171gy\u00e1rt\u00e1sba","author":{"@id":"https:\/\/allasorias.hu\/hirek\/author\/admin-allasorias\/#author"},"publisher":{"@id":"https:\/\/allasorias.hu\/hirek\/#organization"},"image":{"@type":"ImageObject","url":"https:\/\/allasorias.hu\/hirek\/wp-content\/uploads\/2018\/12\/pexels-photo-1108101.jpeg","width":640,"height":426},"datePublished":"2018-12-20T11:52:47+02:00","dateModified":"2018-12-20T11:52:47+02:00","inLanguage":"hu-HU","mainEntityOfPage":{"@id":"https:\/\/allasorias.hu\/hirek\/omlik-a-munkaero-a-jarmugyartasba\/#webpage"},"isPartOf":{"@id":"https:\/\/allasorias.hu\/hirek\/omlik-a-munkaero-a-jarmugyartasba\/#webpage"},"articleSection":"\u00c1ll\u00e1skeres\u00e9s, Gazdas\u00e1g, Hi\u00e1nyszakm\u00e1k, Munkaer\u0151piac"},{"@type":"BreadcrumbList","@id":"https:\/\/allasorias.hu\/hirek\/omlik-a-munkaero-a-jarmugyartasba\/#breadcrumblist","itemListElement":[{"@type":"ListItem","@id":"https:\/\/allasorias.hu\/hirek#listItem","position":1,"name":"Home","item":"https:\/\/allasorias.hu\/hirek","nextItem":{"@type":"ListItem","@id":"https:\/\/allasorias.hu\/hirek\/temak\/allaskereses\/#listItem","name":"\u00c1ll\u00e1skeres\u00e9s"}},{"@type":"ListItem","@id":"https:\/\/allasorias.hu\/hirek\/temak\/allaskereses\/#listItem","position":2,"name":"\u00c1ll\u00e1skeres\u00e9s","item":"https:\/\/allasorias.hu\/hirek\/temak\/allaskereses\/","nextItem":{"@type":"ListItem","@id":"https:\/\/allasorias.hu\/hirek\/omlik-a-munkaero-a-jarmugyartasba\/#listItem","name":"\u00d6mlik a munkaer\u0151 a j\u00e1rm\u0171gy\u00e1rt\u00e1sba"},"previousItem":{"@type":"ListItem","@id":"https:\/\/allasorias.hu\/hirek#listItem","name":"Home"}},{"@type":"ListItem","@id":"https:\/\/allasorias.hu\/hirek\/omlik-a-munkaero-a-jarmugyartasba\/#listItem","position":3,"name":"\u00d6mlik a munkaer\u0151 a j\u00e1rm\u0171gy\u00e1rt\u00e1sba","previousItem":{"@type":"ListItem","@id":"https:\/\/allasorias.hu\/hirek\/temak\/allaskereses\/#listItem","name":"\u00c1ll\u00e1skeres\u00e9s"}}]},{"@type":"Organization","@id":"https:\/\/allasorias.hu\/hirek\/#organization","name":"AllasOrias.hu | H\u00edrek-lapszemle","description":"\u00dczleti h\u00edrek az \u00e1ll\u00e1s \u00e9s a munka vil\u00e1g\u00e1b\u00f3l","url":"https:\/\/allasorias.hu\/hirek\/","logo":{"@type":"ImageObject","url":"https:\/\/allasorias.hu\/hirek\/wp-content\/uploads\/2022\/10\/allasorias_site_facebok_logo.png","@id":"https:\/\/allasorias.hu\/hirek\/omlik-a-munkaero-a-jarmugyartasba\/#organizationLogo"},"image":{"@id":"https:\/\/allasorias.hu\/hirek\/omlik-a-munkaero-a-jarmugyartasba\/#organizationLogo"},"sameAs":["https:\/\/www.facebook.com\/allasorias","https:\/\/www.linkedin.com\/company\/allasorias"]},{"@type":"Person","@id":"https:\/\/allasorias.hu\/hirek\/author\/admin-allasorias\/#author","url":"https:\/\/allasorias.hu\/hirek\/author\/admin-allasorias\/","name":"Juh\u00e1sz P\u00e9ter","image":{"@type":"ImageObject","@id":"https:\/\/allasorias.hu\/hirek\/omlik-a-munkaero-a-jarmugyartasba\/#authorImage","url":"https:\/\/secure.gravatar.com\/avatar\/36e6bcb83148978b992977cb0f54d22feb0cce8a0a849a9410532bb2623ba4c6?s=96&d=mm&r=g","width":96,"height":96,"caption":"Juh\u00e1sz P\u00e9ter"}},{"@type":"WebPage","@id":"https:\/\/allasorias.hu\/hirek\/omlik-a-munkaero-a-jarmugyartasba\/#webpage","url":"https:\/\/allasorias.hu\/hirek\/omlik-a-munkaero-a-jarmugyartasba\/","name":"\u00d6mlik a munkaer\u0151 a j\u00e1rm\u0171gy\u00e1rt\u00e1sba | AllasOrias.hu | H\u00edrek-lapszemle","description":"A Manpower munkaer\u0151piaci mutat\u00f3i szerint a gy\u00e1rt\u00e1si, termel\u00e9si szektorban veszik f\u00f6l a legt\u00f6bb munkaer\u0151t. A ManpowerGroup magyarorsz\u00e1gi \u00fcgyvezet\u0151je elmondta: a munk\u00e1ltat\u00f3k optimist\u00e1n tekintenek a j\u00f6v\u0151 \u00e9v els\u0151 negyed\u00e9re, a munkaad\u00f3k 15%-a n\u00f6veked\u00e9s\u00e9re sz\u00e1m\u00edt, \u00e9s csup\u00e1n 3%-uk tervez elbocs\u00e1t\u00e1st. V\u00e9g Ott\u00f3 al\u00e1h\u00fazta: a munkaad\u00f3i bizalom nagy r\u00e9sze a g\u00e9pj\u00e1rm\u0171ipar folyamatos nagym\u00e9rt\u00e9k\u0171 fejl\u0151d\u00e9s\u00e9nek tulajdon\u00edthat\u00f3. A r\u00e1di\u00f3s interj\u00faban","inLanguage":"hu-HU","isPartOf":{"@id":"https:\/\/allasorias.hu\/hirek\/#website"},"breadcrumb":{"@id":"https:\/\/allasorias.hu\/hirek\/omlik-a-munkaero-a-jarmugyartasba\/#breadcrumblist"},"author":{"@id":"https:\/\/allasorias.hu\/hirek\/author\/admin-allasorias\/#author"},"creator":{"@id":"https:\/\/allasorias.hu\/hirek\/author\/admin-allasorias\/#author"},"image":{"@type":"ImageObject","url":"https:\/\/allasorias.hu\/hirek\/wp-content\/uploads\/2018\/12\/pexels-photo-1108101.jpeg","@id":"https:\/\/allasorias.hu\/hirek\/omlik-a-munkaero-a-jarmugyartasba\/#mainImage","width":640,"height":426},"primaryImageOfPage":{"@id":"https:\/\/allasorias.hu\/hirek\/omlik-a-munkaero-a-jarmugyartasba\/#mainImage"},"datePublished":"2018-12-20T11:52:47+02:00","dateModified":"2018-12-20T11:52:47+02:00"},{"@type":"WebSite","@id":"https:\/\/allasorias.hu\/hirek\/#website","url":"https:\/\/allasorias.hu\/hirek\/","name":"AllasOrias.hu | H\u00edrek-lapszemle","description":"\u00dczleti h\u00edrek az \u00e1ll\u00e1s \u00e9s a munka vil\u00e1g\u00e1b\u00f3l","inLanguage":"hu-HU","publisher":{"@id":"https:\/\/allasorias.hu\/hirek\/#organization"}}]},"og:locale":"hu_HU","og:site_name":"AllasOrias.hu | H\u00edrek-lapszemle | \u00dczleti h\u00edrek az \u00e1ll\u00e1s \u00e9s a munka vil\u00e1g\u00e1b\u00f3l","og:type":"article","og:title":"\u00d6mlik a munkaer\u0151 a j\u00e1rm\u0171gy\u00e1rt\u00e1sba | AllasOrias.hu | H\u00edrek-lapszemle","og:description":"A Manpower munkaer\u0151piaci mutat\u00f3i szerint a gy\u00e1rt\u00e1si, termel\u00e9si szektorban veszik f\u00f6l a legt\u00f6bb munkaer\u0151t. A ManpowerGroup magyarorsz\u00e1gi \u00fcgyvezet\u0151je elmondta: a munk\u00e1ltat\u00f3k optimist\u00e1n tekintenek a j\u00f6v\u0151 \u00e9v els\u0151 negyed\u00e9re, a munkaad\u00f3k 15%-a n\u00f6veked\u00e9s\u00e9re sz\u00e1m\u00edt, \u00e9s csup\u00e1n 3%-uk tervez elbocs\u00e1t\u00e1st. V\u00e9g Ott\u00f3 al\u00e1h\u00fazta: a munkaad\u00f3i bizalom nagy r\u00e9sze a g\u00e9pj\u00e1rm\u0171ipar folyamatos nagym\u00e9rt\u00e9k\u0171 fejl\u0151d\u00e9s\u00e9nek tulajdon\u00edthat\u00f3. A r\u00e1di\u00f3s interj\u00faban","og:url":"https:\/\/allasorias.hu\/hirek\/omlik-a-munkaero-a-jarmugyartasba\/","og:image":"https:\/\/allasorias.hu\/hirek\/wp-content\/uploads\/2018\/12\/pexels-photo-1108101.jpeg","og:image:secure_url":"https:\/\/allasorias.hu\/hirek\/wp-content\/uploads\/2018\/12\/pexels-photo-1108101.jpeg","og:image:width":640,"og:image:height":426,"article:published_time":"2018-12-20T11:52:47+00:00","article:modified_time":"2018-12-20T11:52:47+00:00","article:publisher":"https:\/\/www.facebook.com\/allasorias","twitter:card":"summary_large_image","twitter:title":"\u00d6mlik a munkaer\u0151 a j\u00e1rm\u0171gy\u00e1rt\u00e1sba | AllasOrias.hu | H\u00edrek-lapszemle","twitter:description":"A Manpower munkaer\u0151piaci mutat\u00f3i szerint a gy\u00e1rt\u00e1si, termel\u00e9si szektorban veszik f\u00f6l a legt\u00f6bb munkaer\u0151t. A ManpowerGroup magyarorsz\u00e1gi \u00fcgyvezet\u0151je elmondta: a munk\u00e1ltat\u00f3k optimist\u00e1n tekintenek a j\u00f6v\u0151 \u00e9v els\u0151 negyed\u00e9re, a munkaad\u00f3k 15%-a n\u00f6veked\u00e9s\u00e9re sz\u00e1m\u00edt, \u00e9s csup\u00e1n 3%-uk tervez elbocs\u00e1t\u00e1st. V\u00e9g Ott\u00f3 al\u00e1h\u00fazta: a munkaad\u00f3i bizalom nagy r\u00e9sze a g\u00e9pj\u00e1rm\u0171ipar folyamatos nagym\u00e9rt\u00e9k\u0171 fejl\u0151d\u00e9s\u00e9nek tulajdon\u00edthat\u00f3. A r\u00e1di\u00f3s interj\u00faban","twitter:image":"https:\/\/allasorias.hu\/hirek\/wp-content\/uploads\/2018\/12\/pexels-photo-1108101.jpeg","twitter:label1":"Written by","twitter:data1":"Juh\u00e1sz P\u00e9ter","twitter:label2":"Est. reading time","twitter:data2":"1 minute"},"aioseo_meta_data":{"post_id":"2333","title":null,"description":null,"keywords":null,"keyphrases":null,"primary_term":null,"canonical_url":null,"og_title":null,"og_description":null,"og_object_type":"default","og_image_type":"default","og_image_url":null,"og_image_width":null,"og_image_height":null,"og_image_custom_url":null,"og_image_custom_fields":null,"og_video":null,"og_custom_url":null,"og_article_section":null,"og_article_tags":null,"twitter_use_og":false,"twitter_card":"default","twitter_image_type":"default","twitter_image_url":null,"twitter_image_custom_url":null,"twitter_image_custom_fields":null,"twitter_title":null,"twitter_description":null,"schema":{"blockGraphs":[],"customGraphs":[],"default":{"data":{"Article":[],"Course":[],"Dataset":[],"FAQPage":[],"Movie":[],"Person":[],"Product":[],"ProductReview":[],"Car":[],"Recipe":[],"Service":[],"SoftwareApplication":[],"WebPage":[]},"graphName":"","isEnabled":true},"graphs":[],"defaultGraph":"","defaultPostTypeGraph":""},"schema_type":null,"schema_type_options":null,"pillar_content":false,"robots_default":true,"robots_noindex":false,"robots_noarchive":false,"robots_nosnippet":false,"robots_nofollow":false,"robots_noimageindex":false,"robots_noodp":false,"robots_notranslate":false,"robots_max_snippet":null,"robots_max_videopreview":null,"robots_max_imagepreview":"large","priority":null,"frequency":null,"location":null,"local_seo":null,"breadcrumb_settings":null,"limit_modified_date":false,"ai":null,"created":"2021-02-01 20:46:00","updated":"2025-10-02 09:37:16","seo_analyzer_scan_date":null,"focus_keyword":null,"additional_keywords":null,"truseo_locale":null},"aioseo_breadcrumb":"<div class=\"aioseo-breadcrumbs\"><span class=\"aioseo-breadcrumb\">\n\t\t\t<a href=\"https:\/\/allasorias.hu\/hirek\" title=\"Home\">Home<\/a>\n\t\t<\/span><span class=\"aioseo-breadcrumb-separator\">&raquo;<\/span><span class=\"aioseo-breadcrumb\">\n\t\t\t<a href=\"https:\/\/allasorias.hu\/hirek\/temak\/allaskereses\/\" title=\"\u00c1ll\u00e1skeres\u00e9s\">\u00c1ll\u00e1skeres\u00e9s<\/a>\n\t\t<\/span><span class=\"aioseo-breadcrumb-separator\">&raquo;<\/span><span class=\"aioseo-breadcrumb\">\n\t\t\t\u00d6mlik a munkaer\u0151 a j\u00e1rm\u0171gy\u00e1rt\u00e1sba\n\t\t<\/span><\/div>","aioseo_breadcrumb_json":[{"label":"Home","link":"https:\/\/allasorias.hu\/hirek"},{"label":"\u00c1ll\u00e1skeres\u00e9s","link":"https:\/\/allasorias.hu\/hirek\/temak\/allaskereses\/"},{"label":"\u00d6mlik a munkaer\u0151 a j\u00e1rm\u0171gy\u00e1rt\u00e1sba","link":"https:\/\/allasorias.hu\/hirek\/omlik-a-munkaero-a-jarmugyartasba\/"}],"_links":{"self":[{"href":"https:\/\/allasorias.hu\/hirek\/wp-json\/wp\/v2\/posts\/2333","targetHints":{"allow":["GET"]}}],"collection":[{"href":"https:\/\/allasorias.hu\/hirek\/wp-json\/wp\/v2\/posts"}],"about":[{"href":"https:\/\/allasorias.hu\/hirek\/wp-json\/wp\/v2\/types\/post"}],"author":[{"embeddable":true,"href":"https:\/\/allasorias.hu\/hirek\/wp-json\/wp\/v2\/users\/1"}],"replies":[{"embeddable":true,"href":"https:\/\/allasorias.hu\/hirek\/wp-json\/wp\/v2\/comments?post=2333"}],"version-history":[{"count":1,"href":"https:\/\/allasorias.hu\/hirek\/wp-json\/wp\/v2\/posts\/2333\/revisions"}],"predecessor-version":[{"id":2335,"href":"https:\/\/allasorias.hu\/hirek\/wp-json\/wp\/v2\/posts\/2333\/revisions\/2335"}],"wp:featuredmedia":[{"embeddable":true,"href":"https:\/\/allasorias.hu\/hirek\/wp-json\/wp\/v2\/media\/2334"}],"wp:attachment":[{"href":"https:\/\/allasorias.hu\/hirek\/wp-json\/wp\/v2\/media?parent=2333"}],"wp:term":[{"taxonomy":"category","embeddable":true,"href":"https:\/\/allasorias.hu\/hirek\/wp-json\/wp\/v2\/categories?post=2333"},{"taxonomy":"post_tag","embeddable":true,"href":"https:\/\/allasorias.hu\/hirek\/wp-json\/wp\/v2\/tags?post=2333"}],"curies":[{"name":"wp","href":"https:\/\/api.w.org\/{rel}","templated":true}]}}