{"id":2315,"date":"2018-12-17T13:01:37","date_gmt":"2018-12-17T13:01:37","guid":{"rendered":"https:\/\/allasorias.hu\/hirek\/?p=2315"},"modified":"2018-12-17T13:01:37","modified_gmt":"2018-12-17T13:01:37","slug":"uzleti-helyzetuk-javulasara-szamitanak-a-vallalatok","status":"publish","type":"post","link":"https:\/\/allasorias.hu\/hirek\/uzleti-helyzetuk-javulasara-szamitanak-a-vallalatok\/","title":{"rendered":"\u00dczleti helyzet\u00fck javul\u00e1s\u00e1ra sz\u00e1m\u00edtanak a v\u00e1llalatok"},"content":{"rendered":"<p><strong>A P\u00e9nz\u00fcgyminiszt\u00e9rium \u00e9s a Magyar Kereskedelmi \u00e9s Iparkamara Gazdas\u00e1g \u00e9s V\u00e1llalkoz\u00e1skutat\u00f3 Int\u00e9zete (MKIK GVI) friss kutat\u00e1si eredm\u00e9nye szerint j\u00f6v\u0151re pozit\u00edv v\u00e1ltoz\u00e1sokra sz\u00e1m\u00edtanak a v\u00e1llalkoz\u00e1sok nagy t\u00f6bbs\u00e9g\u00e9n\u00e9l. \u00a059 sz\u00e1zal\u00e9kponttal t\u00f6bben vannak azok a v\u00e1llalatok, amelyek az els\u0151 f\u00e9l\u00e9vben \u00fczleti helyzet\u00fck javul\u00e1s\u00e1ra sz\u00e1m\u00edtanak, mint azok, amelyek az \u00fczleti helyzet roml\u00e1s\u00e1t v\u00e1rj\u00e1k.<\/strong><\/p>\n<p>A kutat\u00e1sb\u00f3l kider\u00fcl, a c\u00e9gek optimist\u00e1k a l\u00e9tsz\u00e1mv\u00e1ltoz\u00e1ssal kapcsolatban is, j\u00f6v\u0151re 38 sz\u00e1zal\u00e9kpontos t\u00f6bbs\u00e9gben vannak azok a v\u00e1llalatok, amelyek l\u00e9tsz\u00e1mb\u0151v\u00edt\u00e9st terveznek a l\u00e9tsz\u00e1mle\u00e9p\u00edt\u0151kkel szemben. A k\u00f6vetkez\u0151 \u00e9vben 2,4 sz\u00e1zal\u00e9kpontos n\u00f6veked\u00e9s v\u00e1rhat\u00f3 a foglalkoztat\u00e1sban, a korrekci\u00f3val v\u00e9gzett becsl\u00e9s azonban arra utal, hogy a c\u00e9gek nem fogj\u00e1k tudni tov\u00e1bb b\u0151v\u00edteni a foglalkoztatottak sz\u00e1m\u00e1t. A korrig\u00e1lt becsl\u00e9s szerint kiz\u00e1r\u00f3lag az ipar ter\u00fclet\u00e9n v\u00e1rhat\u00f3 a foglalkoztat\u00e1s b\u0151v\u00fcl\u00e9se, a l\u00e9tsz\u00e1mb\u0151v\u00edt\u00e9si korl\u00e1tok pedig v\u00e1rhat\u00f3an az \u00e9p\u00edt\u0151ipari \u00e9s a kereskedelmi v\u00e1llalatokn\u00e1l mutatkoznak majd meg a legink\u00e1bb. Az ellentmond\u00e1sosnak t\u0171n\u0151 helyzet h\u00e1tter\u00e9ben az MKIK GVI szerint a m\u00e9ly\u00fcl\u0151 toborz\u00e1si neh\u00e9zs\u00e9gek \u00e1llnak, aminek k\u00f6vetkezt\u00e9ben hi\u00e1ba fogalmaznak meg a c\u00e9gek bizakod\u00f3 foglalkoztat\u00e1si terveket, azokat v\u00e9g\u00fcl nem tudj\u00e1k megval\u00f3s\u00edtani. A kor\u00e1bbi adatfelv\u00e9telek szerint a toborz\u00e1si neh\u00e9zs\u00e9gekkel k\u00fczd\u0151 v\u00e1llalatok ar\u00e1nya 2014 \u00f3ta jelent\u0151s m\u00e9rt\u00e9k\u0171 n\u00f6veked\u00e9st mutat. Id\u00e9n m\u00e1r a c\u00e9gek 43 sz\u00e1zal\u00e9ka sz\u00e1molt be arr\u00f3l, hogy tart\u00f3san bet\u00f6ltetlen \u00e1ll\u00e1shelyekkel rendelkezik. Az el\u0151z\u0151 \u00e9vekhez hasonl\u00f3an 2018-ban is a legnagyobb ar\u00e1nyban, a szakk\u00e9pzett fizikai munkaer\u0151t ig\u00e9nyl\u0151 poz\u00edci\u00f3k bet\u00f6lt\u00e9sekor szembes\u00fcltek toborz\u00e1si probl\u00e9m\u00e1kkal a c\u00e9gek, de n\u0151tt a toborz\u00e1si neh\u00e9zs\u00e9get \u00e9rz\u00e9kel\u0151 v\u00e1llalkoz\u00e1sok ar\u00e1nya a szakk\u00e9pzetlen fizikai munk\u00e1sok &#8211; 20 sz\u00e1zal\u00e9k -, az alap- \u00e9s k\u00f6z\u00e9pfok\u00fa v\u00e9gzetts\u00e9ggel rendelkez\u0151 szellemi foglalkoztatottak &#8211; 7 sz\u00e1zal\u00e9k &#8211; \u00e9s a diplom\u00e1s szellemi foglalkoztatottak &#8211; 9 sz\u00e1zal\u00e9k &#8211; eset\u00e9ben is. A v\u00e1llalkoz\u00f3kat szeptember-okt\u00f3berben a megyei korm\u00e1nyhivatalok \u00e9s az MKIK GVI munkat\u00e1rsai k\u00e9rdezt\u00e9k meg v\u00e1rakoz\u00e1saikr\u00f3l. \u00d6sszesen 6781 c\u00e9g vezet\u0151je vett r\u00e9szt a felm\u00e9r\u00e9sben, az eredm\u00e9nyek reprezentat\u00edvnak tekinthet\u0151ek.<\/p>\n<p><em>Forr\u00e1s: napi.hu<\/em><\/p>\n","protected":false},"excerpt":{"rendered":"<p>A P\u00e9nz\u00fcgyminiszt\u00e9rium \u00e9s a Magyar Kereskedelmi \u00e9s Iparkamara Gazdas\u00e1g \u00e9s V\u00e1llalkoz\u00e1skutat\u00f3 Int\u00e9zete (MKIK GVI) friss kutat\u00e1si eredm\u00e9nye szerint j\u00f6v\u0151re pozit\u00edv v\u00e1ltoz\u00e1sokra sz\u00e1m\u00edtanak a v\u00e1llalkoz\u00e1sok nagy t\u00f6bbs\u00e9g\u00e9n\u00e9l. \u00a059 sz\u00e1zal\u00e9kponttal t\u00f6bben vannak azok a v\u00e1llalatok, amelyek az els\u0151 f\u00e9l\u00e9vben \u00fczleti helyzet\u00fck javul\u00e1s\u00e1ra sz\u00e1m\u00edtanak, mint azok, amelyek az \u00fczleti helyzet roml\u00e1s\u00e1t v\u00e1rj\u00e1k. A kutat\u00e1sb\u00f3l kider\u00fcl, a c\u00e9gek optimist\u00e1k [&hellip;]<\/p>\n","protected":false},"author":1,"featured_media":2316,"comment_status":"open","ping_status":"open","sticky":false,"template":"","format":"standard","meta":{"_monsterinsights_skip_tracking":false,"_monsterinsights_sitenote_active":false,"_monsterinsights_sitenote_note":"","_monsterinsights_sitenote_category":0,"footnotes":""},"categories":[198,200],"tags":[],"class_list":["post-2315","post","type-post","status-publish","format-standard","has-post-thumbnail","hentry","category-gazdasag","category-munkaeropiac"],"aioseo_notices":[],"_links":{"self":[{"href":"https:\/\/allasorias.hu\/hirek\/wp-json\/wp\/v2\/posts\/2315","targetHints":{"allow":["GET"]}}],"collection":[{"href":"https:\/\/allasorias.hu\/hirek\/wp-json\/wp\/v2\/posts"}],"about":[{"href":"https:\/\/allasorias.hu\/hirek\/wp-json\/wp\/v2\/types\/post"}],"author":[{"embeddable":true,"href":"https:\/\/allasorias.hu\/hirek\/wp-json\/wp\/v2\/users\/1"}],"replies":[{"embeddable":true,"href":"https:\/\/allasorias.hu\/hirek\/wp-json\/wp\/v2\/comments?post=2315"}],"version-history":[{"count":1,"href":"https:\/\/allasorias.hu\/hirek\/wp-json\/wp\/v2\/posts\/2315\/revisions"}],"predecessor-version":[{"id":2317,"href":"https:\/\/allasorias.hu\/hirek\/wp-json\/wp\/v2\/posts\/2315\/revisions\/2317"}],"wp:featuredmedia":[{"embeddable":true,"href":"https:\/\/allasorias.hu\/hirek\/wp-json\/wp\/v2\/media\/2316"}],"wp:attachment":[{"href":"https:\/\/allasorias.hu\/hirek\/wp-json\/wp\/v2\/media?parent=2315"}],"wp:term":[{"taxonomy":"category","embeddable":true,"href":"https:\/\/allasorias.hu\/hirek\/wp-json\/wp\/v2\/categories?post=2315"},{"taxonomy":"post_tag","embeddable":true,"href":"https:\/\/allasorias.hu\/hirek\/wp-json\/wp\/v2\/tags?post=2315"}],"curies":[{"name":"wp","href":"https:\/\/api.w.org\/{rel}","templated":true}]}}