{"id":2312,"date":"2018-12-14T10:46:10","date_gmt":"2018-12-14T10:46:10","guid":{"rendered":"https:\/\/allasorias.hu\/hirek\/?p=2312"},"modified":"2018-12-14T10:46:10","modified_gmt":"2018-12-14T10:46:10","slug":"kemeny-vita-lesz-a-fuvarozok-bererol","status":"publish","type":"post","link":"https:\/\/allasorias.hu\/hirek\/kemeny-vita-lesz-a-fuvarozok-bererol\/","title":{"rendered":"Kem\u00e9ny vita lesz a fuvaroz\u00f3k b\u00e9r\u00e9r\u0151l"},"content":{"rendered":"<p><strong>Az Eur\u00f3pai Uni\u00f3 k\u00f6zleked\u00e9si miniszterei egys\u00e9ges, egyenl\u0151 munk\u00e1\u00e9rt egyenl\u0151 b\u00e9rt el\u0151\u00edr\u00f3 rendelkez\u00e9seket fogadtak el a t\u00e1vols\u00e1gi teheraut\u00f3-vezet\u0151k foglalkoztat\u00e1s\u00e1ra. A tervezetet m\u00e9g j\u00f3v\u00e1 kell hagynia az Eur\u00f3pai Parlamentnek. <\/strong><\/p>\n<p>A tervezet t\u00f6bbek k\u00f6z\u00f6tt el\u0151\u00edrja, hogy 2024-t\u0151l intelligens rendszereknek \u00f6nm\u0171k\u00f6d\u0151en kell r\u00f6gz\u00edteni\u00fck a rakod\u00e1s helysz\u00edn\u00e9t csak\u00fagy, mint a hat\u00e1r-\u00e1tl\u00e9p\u00e9seket. A j\u00e1rm\u0171vezet\u0151k r\u00f6videbb pihen\u0151iket t\u00f6lthetik a kocsik kabinj\u00e1ban, de a heti 45 \u00f3r\u00e1s, k\u00f6telez\u0151 pihen\u0151id\u0151 eset\u00e9ben tilos lesz ott aludniuk. A vezet\u0151k jogot kapnak ahhoz, hogy legk\u00e9s\u0151bb n\u00e9gy hetes munk\u00e1t k\u00f6vet\u0151en hazat\u00e9rhessenek. A rendelkez\u00e9s sz\u00f6vegez\u0151i szerint ez v\u00e9get vet majd a parkol\u00f3k t\u00falzs\u00fafolts\u00e1g\u00e1nak is .A j\u00f6v\u0151ben h\u00e9t napon bel\u00fcl h\u00e1rom alkalomra korl\u00e1tozn\u00e1k a sz\u00e1ll\u00edt\u00e1st az Uni\u00f3n k\u00edv\u00fcli orsz\u00e1gokba. Ez els\u0151sorban a kelet-eur\u00f3pai sz\u00e1ll\u00edtm\u00e1nyoz\u00f3kat \u00e9rinti, akik olcs\u00f3, t\u00f6bb hetes k\u00f6rutakat jelent\u0151 fuvarokat k\u00edn\u00e1lnak. Az \u00e9rintettek viszont tiltakoznak az ellen, hogy korl\u00e1tozz\u00e1k el\u0151l\u00fck a nyugat-eur\u00f3pai piacokat, mivel a k\u00f6z\u00f6s piacon minden tag\u00e1llam v\u00e1llalkoz\u00f3inak joga van szolg\u00e1ltat\u00e1sokat ny\u00fajtani. Azonnali d\u00edjemel\u00e9st, h\u00fasz sz\u00e1zal\u00e9kot is el\u00e9r\u0151 d\u00edjemel\u00e9st szorgalmaznak a fuvaroz\u00f3i \u00e9rdekk\u00e9pviseletek, az al\u00e1gazat c\u00e9geinek j\u00f6vedelmez\u0151s\u00e9ge ugyanis az elm\u00falt \u00e9vekben annyira lecs\u00f6kkent, hogy az m\u00e1r az ell\u00e1t\u00e1si l\u00e1nc biztons\u00e1g\u00e1t fenyegeti. Hasonl\u00f3an vita van arr\u00f3l, hogyan lehet egyenl\u0151 b\u00e9rt biztos\u00edtani a sof\u0151r\u00f6knek. N\u00e9metorsz\u00e1gban a b\u00e9rek a fuvark\u00f6lts\u00e9gek harmad\u00e1t teszik ki, m\u00edg keleten sz\u00e9ls\u0151s\u00e9ges p\u00e9ld\u00e1k vannak: amikor egy litv\u00e1n fuvaroz\u00f3 vietnami vezet\u0151ket alkalmaz, havi 300 doll\u00e1r\u00e9rt.<\/p>\n<p><em>Forr\u00e1s: piacesprofit.hu<\/em><\/p>\n","protected":false},"excerpt":{"rendered":"<p>Az Eur\u00f3pai Uni\u00f3 k\u00f6zleked\u00e9si miniszterei egys\u00e9ges, egyenl\u0151 munk\u00e1\u00e9rt egyenl\u0151 b\u00e9rt el\u0151\u00edr\u00f3 rendelkez\u00e9seket fogadtak el a t\u00e1vols\u00e1gi teheraut\u00f3-vezet\u0151k foglalkoztat\u00e1s\u00e1ra. A tervezetet m\u00e9g j\u00f3v\u00e1 kell hagynia az Eur\u00f3pai Parlamentnek. A tervezet t\u00f6bbek k\u00f6z\u00f6tt el\u0151\u00edrja, hogy 2024-t\u0151l intelligens rendszereknek \u00f6nm\u0171k\u00f6d\u0151en kell r\u00f6gz\u00edteni\u00fck a rakod\u00e1s helysz\u00edn\u00e9t csak\u00fagy, mint a hat\u00e1r-\u00e1tl\u00e9p\u00e9seket. A j\u00e1rm\u0171vezet\u0151k r\u00f6videbb pihen\u0151iket t\u00f6lthetik a kocsik kabinj\u00e1ban, de [&hellip;]<\/p>\n","protected":false},"author":1,"featured_media":2313,"comment_status":"open","ping_status":"open","sticky":false,"template":"","format":"standard","meta":{"_monsterinsights_skip_tracking":false,"footnotes":""},"categories":[198,200],"tags":[],"class_list":["post-2312","post","type-post","status-publish","format-standard","has-post-thumbnail","hentry","category-gazdasag","category-munkaeropiac"],"aioseo_notices":[],"aioseo_head":"\n\t\t<!-- All in One SEO 5.0.0.1 - aioseo.com -->\n\t<meta name=\"description\" content=\"Az Eur\u00f3pai Uni\u00f3 k\u00f6zleked\u00e9si miniszterei egys\u00e9ges, egyenl\u0151 munk\u00e1\u00e9rt egyenl\u0151 b\u00e9rt el\u0151\u00edr\u00f3 rendelkez\u00e9seket fogadtak el a t\u00e1vols\u00e1gi teheraut\u00f3-vezet\u0151k foglalkoztat\u00e1s\u00e1ra. A tervezetet m\u00e9g j\u00f3v\u00e1 kell hagynia az Eur\u00f3pai Parlamentnek. A tervezet t\u00f6bbek k\u00f6z\u00f6tt el\u0151\u00edrja, hogy 2024-t\u0151l intelligens rendszereknek \u00f6nm\u0171k\u00f6d\u0151en kell r\u00f6gz\u00edteni\u00fck a rakod\u00e1s helysz\u00edn\u00e9t csak\u00fagy, mint a hat\u00e1r-\u00e1tl\u00e9p\u00e9seket. A j\u00e1rm\u0171vezet\u0151k r\u00f6videbb pihen\u0151iket t\u00f6lthetik a kocsik kabinj\u00e1ban, de\" \/>\n\t<meta name=\"robots\" content=\"max-image-preview:large\" \/>\n\t<meta name=\"author\" content=\"Juh\u00e1sz P\u00e9ter\"\/>\n\t<link rel=\"canonical\" href=\"https:\/\/allasorias.hu\/hirek\/kemeny-vita-lesz-a-fuvarozok-bererol\/\" \/>\n\t<meta name=\"generator\" content=\"All in One SEO (AIOSEO) 5.0.0.1\" \/>\n\t\t<meta property=\"og:locale\" content=\"hu_HU\" \/>\n\t\t<meta property=\"og:site_name\" content=\"AllasOrias.hu | H\u00edrek-lapszemle | \u00dczleti h\u00edrek az \u00e1ll\u00e1s \u00e9s a munka vil\u00e1g\u00e1b\u00f3l\" \/>\n\t\t<meta property=\"og:type\" content=\"article\" \/>\n\t\t<meta property=\"og:title\" content=\"Kem\u00e9ny vita lesz a fuvaroz\u00f3k b\u00e9r\u00e9r\u0151l | AllasOrias.hu | H\u00edrek-lapszemle\" \/>\n\t\t<meta property=\"og:description\" content=\"Az Eur\u00f3pai Uni\u00f3 k\u00f6zleked\u00e9si miniszterei egys\u00e9ges, egyenl\u0151 munk\u00e1\u00e9rt egyenl\u0151 b\u00e9rt el\u0151\u00edr\u00f3 rendelkez\u00e9seket fogadtak el a t\u00e1vols\u00e1gi teheraut\u00f3-vezet\u0151k foglalkoztat\u00e1s\u00e1ra. A tervezetet m\u00e9g j\u00f3v\u00e1 kell hagynia az Eur\u00f3pai Parlamentnek. A tervezet t\u00f6bbek k\u00f6z\u00f6tt el\u0151\u00edrja, hogy 2024-t\u0151l intelligens rendszereknek \u00f6nm\u0171k\u00f6d\u0151en kell r\u00f6gz\u00edteni\u00fck a rakod\u00e1s helysz\u00edn\u00e9t csak\u00fagy, mint a hat\u00e1r-\u00e1tl\u00e9p\u00e9seket. A j\u00e1rm\u0171vezet\u0151k r\u00f6videbb pihen\u0151iket t\u00f6lthetik a kocsik kabinj\u00e1ban, de\" \/>\n\t\t<meta property=\"og:url\" content=\"https:\/\/allasorias.hu\/hirek\/kemeny-vita-lesz-a-fuvarozok-bererol\/\" \/>\n\t\t<meta property=\"og:image\" content=\"https:\/\/allasorias.hu\/hirek\/wp-content\/uploads\/2018\/12\/pexels-photo-620332.jpeg\" \/>\n\t\t<meta property=\"og:image:secure_url\" content=\"https:\/\/allasorias.hu\/hirek\/wp-content\/uploads\/2018\/12\/pexels-photo-620332.jpeg\" \/>\n\t\t<meta property=\"og:image:width\" content=\"640\" \/>\n\t\t<meta property=\"og:image:height\" content=\"425\" \/>\n\t\t<meta property=\"article:published_time\" content=\"2018-12-14T10:46:10+00:00\" \/>\n\t\t<meta property=\"article:modified_time\" content=\"2018-12-14T10:46:10+00:00\" \/>\n\t\t<meta property=\"article:publisher\" content=\"https:\/\/www.facebook.com\/allasorias\" \/>\n\t\t<meta name=\"twitter:card\" content=\"summary_large_image\" \/>\n\t\t<meta name=\"twitter:title\" content=\"Kem\u00e9ny vita lesz a fuvaroz\u00f3k b\u00e9r\u00e9r\u0151l | AllasOrias.hu | H\u00edrek-lapszemle\" \/>\n\t\t<meta name=\"twitter:description\" content=\"Az Eur\u00f3pai Uni\u00f3 k\u00f6zleked\u00e9si miniszterei egys\u00e9ges, egyenl\u0151 munk\u00e1\u00e9rt egyenl\u0151 b\u00e9rt el\u0151\u00edr\u00f3 rendelkez\u00e9seket fogadtak el a t\u00e1vols\u00e1gi teheraut\u00f3-vezet\u0151k foglalkoztat\u00e1s\u00e1ra. A tervezetet m\u00e9g j\u00f3v\u00e1 kell hagynia az Eur\u00f3pai Parlamentnek. A tervezet t\u00f6bbek k\u00f6z\u00f6tt el\u0151\u00edrja, hogy 2024-t\u0151l intelligens rendszereknek \u00f6nm\u0171k\u00f6d\u0151en kell r\u00f6gz\u00edteni\u00fck a rakod\u00e1s helysz\u00edn\u00e9t csak\u00fagy, mint a hat\u00e1r-\u00e1tl\u00e9p\u00e9seket. A j\u00e1rm\u0171vezet\u0151k r\u00f6videbb pihen\u0151iket t\u00f6lthetik a kocsik kabinj\u00e1ban, de\" \/>\n\t\t<meta name=\"twitter:image\" content=\"https:\/\/allasorias.hu\/hirek\/wp-content\/uploads\/2018\/12\/pexels-photo-620332.jpeg\" \/>\n\t\t<meta name=\"twitter:label1\" content=\"Written by\" \/>\n\t\t<meta name=\"twitter:data1\" content=\"Juh\u00e1sz P\u00e9ter\" \/>\n\t\t<meta name=\"twitter:label2\" content=\"Est. reading time\" \/>\n\t\t<meta name=\"twitter:data2\" content=\"2 minutes\" \/>\n\t\t<script type=\"application\/ld+json\" class=\"aioseo-schema\">\n\t\t\t{\"@context\":\"https:\\\/\\\/schema.org\",\"@graph\":[{\"@type\":\"Article\",\"@id\":\"https:\\\/\\\/allasorias.hu\\\/hirek\\\/kemeny-vita-lesz-a-fuvarozok-bererol\\\/#article\",\"name\":\"Kem\\u00e9ny vita lesz a fuvaroz\\u00f3k b\\u00e9r\\u00e9r\\u0151l | AllasOrias.hu | H\\u00edrek-lapszemle\",\"headline\":\"Kem\\u00e9ny vita lesz a fuvaroz\\u00f3k b\\u00e9r\\u00e9r\\u0151l\",\"author\":{\"@id\":\"https:\\\/\\\/allasorias.hu\\\/hirek\\\/author\\\/admin-allasorias\\\/#author\"},\"publisher\":{\"@id\":\"https:\\\/\\\/allasorias.hu\\\/hirek\\\/#organization\"},\"image\":{\"@type\":\"ImageObject\",\"url\":\"https:\\\/\\\/allasorias.hu\\\/hirek\\\/wp-content\\\/uploads\\\/2018\\\/12\\\/pexels-photo-620332.jpeg\",\"width\":640,\"height\":425},\"datePublished\":\"2018-12-14T10:46:10+02:00\",\"dateModified\":\"2018-12-14T10:46:10+02:00\",\"inLanguage\":\"hu-HU\",\"mainEntityOfPage\":{\"@id\":\"https:\\\/\\\/allasorias.hu\\\/hirek\\\/kemeny-vita-lesz-a-fuvarozok-bererol\\\/#webpage\"},\"isPartOf\":{\"@id\":\"https:\\\/\\\/allasorias.hu\\\/hirek\\\/kemeny-vita-lesz-a-fuvarozok-bererol\\\/#webpage\"},\"articleSection\":\"Gazdas\\u00e1g, Munkaer\\u0151piac\"},{\"@type\":\"BreadcrumbList\",\"@id\":\"https:\\\/\\\/allasorias.hu\\\/hirek\\\/kemeny-vita-lesz-a-fuvarozok-bererol\\\/#breadcrumblist\",\"itemListElement\":[{\"@type\":\"ListItem\",\"@id\":\"https:\\\/\\\/allasorias.hu\\\/hirek#listItem\",\"position\":1,\"name\":\"Home\",\"item\":\"https:\\\/\\\/allasorias.hu\\\/hirek\",\"nextItem\":{\"@type\":\"ListItem\",\"@id\":\"https:\\\/\\\/allasorias.hu\\\/hirek\\\/temak\\\/gazdasag\\\/#listItem\",\"name\":\"Gazdas\\u00e1g\"}},{\"@type\":\"ListItem\",\"@id\":\"https:\\\/\\\/allasorias.hu\\\/hirek\\\/temak\\\/gazdasag\\\/#listItem\",\"position\":2,\"name\":\"Gazdas\\u00e1g\",\"item\":\"https:\\\/\\\/allasorias.hu\\\/hirek\\\/temak\\\/gazdasag\\\/\",\"nextItem\":{\"@type\":\"ListItem\",\"@id\":\"https:\\\/\\\/allasorias.hu\\\/hirek\\\/kemeny-vita-lesz-a-fuvarozok-bererol\\\/#listItem\",\"name\":\"Kem\\u00e9ny vita lesz a fuvaroz\\u00f3k b\\u00e9r\\u00e9r\\u0151l\"},\"previousItem\":{\"@type\":\"ListItem\",\"@id\":\"https:\\\/\\\/allasorias.hu\\\/hirek#listItem\",\"name\":\"Home\"}},{\"@type\":\"ListItem\",\"@id\":\"https:\\\/\\\/allasorias.hu\\\/hirek\\\/kemeny-vita-lesz-a-fuvarozok-bererol\\\/#listItem\",\"position\":3,\"name\":\"Kem\\u00e9ny vita lesz a fuvaroz\\u00f3k b\\u00e9r\\u00e9r\\u0151l\",\"previousItem\":{\"@type\":\"ListItem\",\"@id\":\"https:\\\/\\\/allasorias.hu\\\/hirek\\\/temak\\\/gazdasag\\\/#listItem\",\"name\":\"Gazdas\\u00e1g\"}}]},{\"@type\":\"Organization\",\"@id\":\"https:\\\/\\\/allasorias.hu\\\/hirek\\\/#organization\",\"name\":\"AllasOrias.hu | H\\u00edrek-lapszemle\",\"description\":\"\\u00dczleti h\\u00edrek az \\u00e1ll\\u00e1s \\u00e9s a munka vil\\u00e1g\\u00e1b\\u00f3l\",\"url\":\"https:\\\/\\\/allasorias.hu\\\/hirek\\\/\",\"logo\":{\"@type\":\"ImageObject\",\"url\":\"https:\\\/\\\/allasorias.hu\\\/hirek\\\/wp-content\\\/uploads\\\/2022\\\/10\\\/allasorias_site_facebok_logo.png\",\"@id\":\"https:\\\/\\\/allasorias.hu\\\/hirek\\\/kemeny-vita-lesz-a-fuvarozok-bererol\\\/#organizationLogo\"},\"image\":{\"@id\":\"https:\\\/\\\/allasorias.hu\\\/hirek\\\/kemeny-vita-lesz-a-fuvarozok-bererol\\\/#organizationLogo\"},\"sameAs\":[\"https:\\\/\\\/www.facebook.com\\\/allasorias\",\"https:\\\/\\\/www.linkedin.com\\\/company\\\/allasorias\"]},{\"@type\":\"Person\",\"@id\":\"https:\\\/\\\/allasorias.hu\\\/hirek\\\/author\\\/admin-allasorias\\\/#author\",\"url\":\"https:\\\/\\\/allasorias.hu\\\/hirek\\\/author\\\/admin-allasorias\\\/\",\"name\":\"Juh\\u00e1sz P\\u00e9ter\",\"image\":{\"@type\":\"ImageObject\",\"@id\":\"https:\\\/\\\/allasorias.hu\\\/hirek\\\/kemeny-vita-lesz-a-fuvarozok-bererol\\\/#authorImage\",\"url\":\"https:\\\/\\\/secure.gravatar.com\\\/avatar\\\/36e6bcb83148978b992977cb0f54d22feb0cce8a0a849a9410532bb2623ba4c6?s=96&d=mm&r=g\",\"width\":96,\"height\":96,\"caption\":\"Juh\\u00e1sz P\\u00e9ter\"}},{\"@type\":\"WebPage\",\"@id\":\"https:\\\/\\\/allasorias.hu\\\/hirek\\\/kemeny-vita-lesz-a-fuvarozok-bererol\\\/#webpage\",\"url\":\"https:\\\/\\\/allasorias.hu\\\/hirek\\\/kemeny-vita-lesz-a-fuvarozok-bererol\\\/\",\"name\":\"Kem\\u00e9ny vita lesz a fuvaroz\\u00f3k b\\u00e9r\\u00e9r\\u0151l | AllasOrias.hu | H\\u00edrek-lapszemle\",\"description\":\"Az Eur\\u00f3pai Uni\\u00f3 k\\u00f6zleked\\u00e9si miniszterei egys\\u00e9ges, egyenl\\u0151 munk\\u00e1\\u00e9rt egyenl\\u0151 b\\u00e9rt el\\u0151\\u00edr\\u00f3 rendelkez\\u00e9seket fogadtak el a t\\u00e1vols\\u00e1gi teheraut\\u00f3-vezet\\u0151k foglalkoztat\\u00e1s\\u00e1ra. A tervezetet m\\u00e9g j\\u00f3v\\u00e1 kell hagynia az Eur\\u00f3pai Parlamentnek. A tervezet t\\u00f6bbek k\\u00f6z\\u00f6tt el\\u0151\\u00edrja, hogy 2024-t\\u0151l intelligens rendszereknek \\u00f6nm\\u0171k\\u00f6d\\u0151en kell r\\u00f6gz\\u00edteni\\u00fck a rakod\\u00e1s helysz\\u00edn\\u00e9t csak\\u00fagy, mint a hat\\u00e1r-\\u00e1tl\\u00e9p\\u00e9seket. A j\\u00e1rm\\u0171vezet\\u0151k r\\u00f6videbb pihen\\u0151iket t\\u00f6lthetik a kocsik kabinj\\u00e1ban, de\",\"inLanguage\":\"hu-HU\",\"isPartOf\":{\"@id\":\"https:\\\/\\\/allasorias.hu\\\/hirek\\\/#website\"},\"breadcrumb\":{\"@id\":\"https:\\\/\\\/allasorias.hu\\\/hirek\\\/kemeny-vita-lesz-a-fuvarozok-bererol\\\/#breadcrumblist\"},\"author\":{\"@id\":\"https:\\\/\\\/allasorias.hu\\\/hirek\\\/author\\\/admin-allasorias\\\/#author\"},\"creator\":{\"@id\":\"https:\\\/\\\/allasorias.hu\\\/hirek\\\/author\\\/admin-allasorias\\\/#author\"},\"image\":{\"@type\":\"ImageObject\",\"url\":\"https:\\\/\\\/allasorias.hu\\\/hirek\\\/wp-content\\\/uploads\\\/2018\\\/12\\\/pexels-photo-620332.jpeg\",\"@id\":\"https:\\\/\\\/allasorias.hu\\\/hirek\\\/kemeny-vita-lesz-a-fuvarozok-bererol\\\/#mainImage\",\"width\":640,\"height\":425},\"primaryImageOfPage\":{\"@id\":\"https:\\\/\\\/allasorias.hu\\\/hirek\\\/kemeny-vita-lesz-a-fuvarozok-bererol\\\/#mainImage\"},\"datePublished\":\"2018-12-14T10:46:10+02:00\",\"dateModified\":\"2018-12-14T10:46:10+02:00\"},{\"@type\":\"WebSite\",\"@id\":\"https:\\\/\\\/allasorias.hu\\\/hirek\\\/#website\",\"url\":\"https:\\\/\\\/allasorias.hu\\\/hirek\\\/\",\"name\":\"AllasOrias.hu | H\\u00edrek-lapszemle\",\"description\":\"\\u00dczleti h\\u00edrek az \\u00e1ll\\u00e1s \\u00e9s a munka vil\\u00e1g\\u00e1b\\u00f3l\",\"inLanguage\":\"hu-HU\",\"publisher\":{\"@id\":\"https:\\\/\\\/allasorias.hu\\\/hirek\\\/#organization\"}}]}\n\t\t<\/script>\n\t\t<!-- All in One SEO -->\n\n","aioseo_head_json":{"title":"Kem\u00e9ny vita lesz a fuvaroz\u00f3k b\u00e9r\u00e9r\u0151l | AllasOrias.hu | H\u00edrek-lapszemle","description":"Az Eur\u00f3pai Uni\u00f3 k\u00f6zleked\u00e9si miniszterei egys\u00e9ges, egyenl\u0151 munk\u00e1\u00e9rt egyenl\u0151 b\u00e9rt el\u0151\u00edr\u00f3 rendelkez\u00e9seket fogadtak el a t\u00e1vols\u00e1gi teheraut\u00f3-vezet\u0151k foglalkoztat\u00e1s\u00e1ra. A tervezetet m\u00e9g j\u00f3v\u00e1 kell hagynia az Eur\u00f3pai Parlamentnek. A tervezet t\u00f6bbek k\u00f6z\u00f6tt el\u0151\u00edrja, hogy 2024-t\u0151l intelligens rendszereknek \u00f6nm\u0171k\u00f6d\u0151en kell r\u00f6gz\u00edteni\u00fck a rakod\u00e1s helysz\u00edn\u00e9t csak\u00fagy, mint a hat\u00e1r-\u00e1tl\u00e9p\u00e9seket. A j\u00e1rm\u0171vezet\u0151k r\u00f6videbb pihen\u0151iket t\u00f6lthetik a kocsik kabinj\u00e1ban, de","canonical_url":"https:\/\/allasorias.hu\/hirek\/kemeny-vita-lesz-a-fuvarozok-bererol\/","robots":"max-image-preview:large","keywords":"","webmasterTools":{"miscellaneous":""},"schema":{"@context":"https:\/\/schema.org","@graph":[{"@type":"Article","@id":"https:\/\/allasorias.hu\/hirek\/kemeny-vita-lesz-a-fuvarozok-bererol\/#article","name":"Kem\u00e9ny vita lesz a fuvaroz\u00f3k b\u00e9r\u00e9r\u0151l | AllasOrias.hu | H\u00edrek-lapszemle","headline":"Kem\u00e9ny vita lesz a fuvaroz\u00f3k b\u00e9r\u00e9r\u0151l","author":{"@id":"https:\/\/allasorias.hu\/hirek\/author\/admin-allasorias\/#author"},"publisher":{"@id":"https:\/\/allasorias.hu\/hirek\/#organization"},"image":{"@type":"ImageObject","url":"https:\/\/allasorias.hu\/hirek\/wp-content\/uploads\/2018\/12\/pexels-photo-620332.jpeg","width":640,"height":425},"datePublished":"2018-12-14T10:46:10+02:00","dateModified":"2018-12-14T10:46:10+02:00","inLanguage":"hu-HU","mainEntityOfPage":{"@id":"https:\/\/allasorias.hu\/hirek\/kemeny-vita-lesz-a-fuvarozok-bererol\/#webpage"},"isPartOf":{"@id":"https:\/\/allasorias.hu\/hirek\/kemeny-vita-lesz-a-fuvarozok-bererol\/#webpage"},"articleSection":"Gazdas\u00e1g, Munkaer\u0151piac"},{"@type":"BreadcrumbList","@id":"https:\/\/allasorias.hu\/hirek\/kemeny-vita-lesz-a-fuvarozok-bererol\/#breadcrumblist","itemListElement":[{"@type":"ListItem","@id":"https:\/\/allasorias.hu\/hirek#listItem","position":1,"name":"Home","item":"https:\/\/allasorias.hu\/hirek","nextItem":{"@type":"ListItem","@id":"https:\/\/allasorias.hu\/hirek\/temak\/gazdasag\/#listItem","name":"Gazdas\u00e1g"}},{"@type":"ListItem","@id":"https:\/\/allasorias.hu\/hirek\/temak\/gazdasag\/#listItem","position":2,"name":"Gazdas\u00e1g","item":"https:\/\/allasorias.hu\/hirek\/temak\/gazdasag\/","nextItem":{"@type":"ListItem","@id":"https:\/\/allasorias.hu\/hirek\/kemeny-vita-lesz-a-fuvarozok-bererol\/#listItem","name":"Kem\u00e9ny vita lesz a fuvaroz\u00f3k b\u00e9r\u00e9r\u0151l"},"previousItem":{"@type":"ListItem","@id":"https:\/\/allasorias.hu\/hirek#listItem","name":"Home"}},{"@type":"ListItem","@id":"https:\/\/allasorias.hu\/hirek\/kemeny-vita-lesz-a-fuvarozok-bererol\/#listItem","position":3,"name":"Kem\u00e9ny vita lesz a fuvaroz\u00f3k b\u00e9r\u00e9r\u0151l","previousItem":{"@type":"ListItem","@id":"https:\/\/allasorias.hu\/hirek\/temak\/gazdasag\/#listItem","name":"Gazdas\u00e1g"}}]},{"@type":"Organization","@id":"https:\/\/allasorias.hu\/hirek\/#organization","name":"AllasOrias.hu | H\u00edrek-lapszemle","description":"\u00dczleti h\u00edrek az \u00e1ll\u00e1s \u00e9s a munka vil\u00e1g\u00e1b\u00f3l","url":"https:\/\/allasorias.hu\/hirek\/","logo":{"@type":"ImageObject","url":"https:\/\/allasorias.hu\/hirek\/wp-content\/uploads\/2022\/10\/allasorias_site_facebok_logo.png","@id":"https:\/\/allasorias.hu\/hirek\/kemeny-vita-lesz-a-fuvarozok-bererol\/#organizationLogo"},"image":{"@id":"https:\/\/allasorias.hu\/hirek\/kemeny-vita-lesz-a-fuvarozok-bererol\/#organizationLogo"},"sameAs":["https:\/\/www.facebook.com\/allasorias","https:\/\/www.linkedin.com\/company\/allasorias"]},{"@type":"Person","@id":"https:\/\/allasorias.hu\/hirek\/author\/admin-allasorias\/#author","url":"https:\/\/allasorias.hu\/hirek\/author\/admin-allasorias\/","name":"Juh\u00e1sz P\u00e9ter","image":{"@type":"ImageObject","@id":"https:\/\/allasorias.hu\/hirek\/kemeny-vita-lesz-a-fuvarozok-bererol\/#authorImage","url":"https:\/\/secure.gravatar.com\/avatar\/36e6bcb83148978b992977cb0f54d22feb0cce8a0a849a9410532bb2623ba4c6?s=96&d=mm&r=g","width":96,"height":96,"caption":"Juh\u00e1sz P\u00e9ter"}},{"@type":"WebPage","@id":"https:\/\/allasorias.hu\/hirek\/kemeny-vita-lesz-a-fuvarozok-bererol\/#webpage","url":"https:\/\/allasorias.hu\/hirek\/kemeny-vita-lesz-a-fuvarozok-bererol\/","name":"Kem\u00e9ny vita lesz a fuvaroz\u00f3k b\u00e9r\u00e9r\u0151l | AllasOrias.hu | H\u00edrek-lapszemle","description":"Az Eur\u00f3pai Uni\u00f3 k\u00f6zleked\u00e9si miniszterei egys\u00e9ges, egyenl\u0151 munk\u00e1\u00e9rt egyenl\u0151 b\u00e9rt el\u0151\u00edr\u00f3 rendelkez\u00e9seket fogadtak el a t\u00e1vols\u00e1gi teheraut\u00f3-vezet\u0151k foglalkoztat\u00e1s\u00e1ra. A tervezetet m\u00e9g j\u00f3v\u00e1 kell hagynia az Eur\u00f3pai Parlamentnek. A tervezet t\u00f6bbek k\u00f6z\u00f6tt el\u0151\u00edrja, hogy 2024-t\u0151l intelligens rendszereknek \u00f6nm\u0171k\u00f6d\u0151en kell r\u00f6gz\u00edteni\u00fck a rakod\u00e1s helysz\u00edn\u00e9t csak\u00fagy, mint a hat\u00e1r-\u00e1tl\u00e9p\u00e9seket. A j\u00e1rm\u0171vezet\u0151k r\u00f6videbb pihen\u0151iket t\u00f6lthetik a kocsik kabinj\u00e1ban, de","inLanguage":"hu-HU","isPartOf":{"@id":"https:\/\/allasorias.hu\/hirek\/#website"},"breadcrumb":{"@id":"https:\/\/allasorias.hu\/hirek\/kemeny-vita-lesz-a-fuvarozok-bererol\/#breadcrumblist"},"author":{"@id":"https:\/\/allasorias.hu\/hirek\/author\/admin-allasorias\/#author"},"creator":{"@id":"https:\/\/allasorias.hu\/hirek\/author\/admin-allasorias\/#author"},"image":{"@type":"ImageObject","url":"https:\/\/allasorias.hu\/hirek\/wp-content\/uploads\/2018\/12\/pexels-photo-620332.jpeg","@id":"https:\/\/allasorias.hu\/hirek\/kemeny-vita-lesz-a-fuvarozok-bererol\/#mainImage","width":640,"height":425},"primaryImageOfPage":{"@id":"https:\/\/allasorias.hu\/hirek\/kemeny-vita-lesz-a-fuvarozok-bererol\/#mainImage"},"datePublished":"2018-12-14T10:46:10+02:00","dateModified":"2018-12-14T10:46:10+02:00"},{"@type":"WebSite","@id":"https:\/\/allasorias.hu\/hirek\/#website","url":"https:\/\/allasorias.hu\/hirek\/","name":"AllasOrias.hu | H\u00edrek-lapszemle","description":"\u00dczleti h\u00edrek az \u00e1ll\u00e1s \u00e9s a munka vil\u00e1g\u00e1b\u00f3l","inLanguage":"hu-HU","publisher":{"@id":"https:\/\/allasorias.hu\/hirek\/#organization"}}]},"og:locale":"hu_HU","og:site_name":"AllasOrias.hu | H\u00edrek-lapszemle | \u00dczleti h\u00edrek az \u00e1ll\u00e1s \u00e9s a munka vil\u00e1g\u00e1b\u00f3l","og:type":"article","og:title":"Kem\u00e9ny vita lesz a fuvaroz\u00f3k b\u00e9r\u00e9r\u0151l | AllasOrias.hu | H\u00edrek-lapszemle","og:description":"Az Eur\u00f3pai Uni\u00f3 k\u00f6zleked\u00e9si miniszterei egys\u00e9ges, egyenl\u0151 munk\u00e1\u00e9rt egyenl\u0151 b\u00e9rt el\u0151\u00edr\u00f3 rendelkez\u00e9seket fogadtak el a t\u00e1vols\u00e1gi teheraut\u00f3-vezet\u0151k foglalkoztat\u00e1s\u00e1ra. A tervezetet m\u00e9g j\u00f3v\u00e1 kell hagynia az Eur\u00f3pai Parlamentnek. A tervezet t\u00f6bbek k\u00f6z\u00f6tt el\u0151\u00edrja, hogy 2024-t\u0151l intelligens rendszereknek \u00f6nm\u0171k\u00f6d\u0151en kell r\u00f6gz\u00edteni\u00fck a rakod\u00e1s helysz\u00edn\u00e9t csak\u00fagy, mint a hat\u00e1r-\u00e1tl\u00e9p\u00e9seket. A j\u00e1rm\u0171vezet\u0151k r\u00f6videbb pihen\u0151iket t\u00f6lthetik a kocsik kabinj\u00e1ban, de","og:url":"https:\/\/allasorias.hu\/hirek\/kemeny-vita-lesz-a-fuvarozok-bererol\/","og:image":"https:\/\/allasorias.hu\/hirek\/wp-content\/uploads\/2018\/12\/pexels-photo-620332.jpeg","og:image:secure_url":"https:\/\/allasorias.hu\/hirek\/wp-content\/uploads\/2018\/12\/pexels-photo-620332.jpeg","og:image:width":640,"og:image:height":425,"article:published_time":"2018-12-14T10:46:10+00:00","article:modified_time":"2018-12-14T10:46:10+00:00","article:publisher":"https:\/\/www.facebook.com\/allasorias","twitter:card":"summary_large_image","twitter:title":"Kem\u00e9ny vita lesz a fuvaroz\u00f3k b\u00e9r\u00e9r\u0151l | AllasOrias.hu | H\u00edrek-lapszemle","twitter:description":"Az Eur\u00f3pai Uni\u00f3 k\u00f6zleked\u00e9si miniszterei egys\u00e9ges, egyenl\u0151 munk\u00e1\u00e9rt egyenl\u0151 b\u00e9rt el\u0151\u00edr\u00f3 rendelkez\u00e9seket fogadtak el a t\u00e1vols\u00e1gi teheraut\u00f3-vezet\u0151k foglalkoztat\u00e1s\u00e1ra. A tervezetet m\u00e9g j\u00f3v\u00e1 kell hagynia az Eur\u00f3pai Parlamentnek. A tervezet t\u00f6bbek k\u00f6z\u00f6tt el\u0151\u00edrja, hogy 2024-t\u0151l intelligens rendszereknek \u00f6nm\u0171k\u00f6d\u0151en kell r\u00f6gz\u00edteni\u00fck a rakod\u00e1s helysz\u00edn\u00e9t csak\u00fagy, mint a hat\u00e1r-\u00e1tl\u00e9p\u00e9seket. A j\u00e1rm\u0171vezet\u0151k r\u00f6videbb pihen\u0151iket t\u00f6lthetik a kocsik kabinj\u00e1ban, de","twitter:image":"https:\/\/allasorias.hu\/hirek\/wp-content\/uploads\/2018\/12\/pexels-photo-620332.jpeg","twitter:label1":"Written by","twitter:data1":"Juh\u00e1sz P\u00e9ter","twitter:label2":"Est. reading time","twitter:data2":"2 minutes"},"aioseo_meta_data":{"post_id":"2312","title":null,"description":null,"keywords":null,"keyphrases":null,"primary_term":null,"canonical_url":null,"og_title":null,"og_description":null,"og_object_type":"default","og_image_type":"default","og_image_url":null,"og_image_width":null,"og_image_height":null,"og_image_custom_url":null,"og_image_custom_fields":null,"og_video":null,"og_custom_url":null,"og_article_section":null,"og_article_tags":null,"twitter_use_og":false,"twitter_card":"default","twitter_image_type":"default","twitter_image_url":null,"twitter_image_custom_url":null,"twitter_image_custom_fields":null,"twitter_title":null,"twitter_description":null,"schema":{"blockGraphs":[],"customGraphs":[],"default":{"data":{"Article":[],"Course":[],"Dataset":[],"FAQPage":[],"Movie":[],"Person":[],"Product":[],"ProductReview":[],"Car":[],"Recipe":[],"Service":[],"SoftwareApplication":[],"WebPage":[]},"graphName":"","isEnabled":true},"graphs":[],"defaultGraph":"","defaultPostTypeGraph":""},"schema_type":null,"schema_type_options":null,"pillar_content":false,"robots_default":true,"robots_noindex":false,"robots_noarchive":false,"robots_nosnippet":false,"robots_nofollow":false,"robots_noimageindex":false,"robots_noodp":false,"robots_notranslate":false,"robots_max_snippet":null,"robots_max_videopreview":null,"robots_max_imagepreview":"large","priority":null,"frequency":null,"location":null,"local_seo":null,"breadcrumb_settings":null,"limit_modified_date":false,"ai":null,"created":"2021-02-01 20:45:00","updated":"2025-10-02 09:36:06","seo_analyzer_scan_date":null,"focus_keyword":null,"additional_keywords":null,"truseo_locale":null},"aioseo_breadcrumb":"<div class=\"aioseo-breadcrumbs\"><span class=\"aioseo-breadcrumb\">\n\t\t\t<a href=\"https:\/\/allasorias.hu\/hirek\" title=\"Home\">Home<\/a>\n\t\t<\/span><span class=\"aioseo-breadcrumb-separator\">&raquo;<\/span><span class=\"aioseo-breadcrumb\">\n\t\t\t<a href=\"https:\/\/allasorias.hu\/hirek\/temak\/gazdasag\/\" title=\"Gazdas\u00e1g\">Gazdas\u00e1g<\/a>\n\t\t<\/span><span class=\"aioseo-breadcrumb-separator\">&raquo;<\/span><span class=\"aioseo-breadcrumb\">\n\t\t\tKem\u00e9ny vita lesz a fuvaroz\u00f3k b\u00e9r\u00e9r\u0151l\n\t\t<\/span><\/div>","aioseo_breadcrumb_json":[{"label":"Home","link":"https:\/\/allasorias.hu\/hirek"},{"label":"Gazdas\u00e1g","link":"https:\/\/allasorias.hu\/hirek\/temak\/gazdasag\/"},{"label":"Kem\u00e9ny vita lesz a fuvaroz\u00f3k b\u00e9r\u00e9r\u0151l","link":"https:\/\/allasorias.hu\/hirek\/kemeny-vita-lesz-a-fuvarozok-bererol\/"}],"_links":{"self":[{"href":"https:\/\/allasorias.hu\/hirek\/wp-json\/wp\/v2\/posts\/2312","targetHints":{"allow":["GET"]}}],"collection":[{"href":"https:\/\/allasorias.hu\/hirek\/wp-json\/wp\/v2\/posts"}],"about":[{"href":"https:\/\/allasorias.hu\/hirek\/wp-json\/wp\/v2\/types\/post"}],"author":[{"embeddable":true,"href":"https:\/\/allasorias.hu\/hirek\/wp-json\/wp\/v2\/users\/1"}],"replies":[{"embeddable":true,"href":"https:\/\/allasorias.hu\/hirek\/wp-json\/wp\/v2\/comments?post=2312"}],"version-history":[{"count":1,"href":"https:\/\/allasorias.hu\/hirek\/wp-json\/wp\/v2\/posts\/2312\/revisions"}],"predecessor-version":[{"id":2314,"href":"https:\/\/allasorias.hu\/hirek\/wp-json\/wp\/v2\/posts\/2312\/revisions\/2314"}],"wp:featuredmedia":[{"embeddable":true,"href":"https:\/\/allasorias.hu\/hirek\/wp-json\/wp\/v2\/media\/2313"}],"wp:attachment":[{"href":"https:\/\/allasorias.hu\/hirek\/wp-json\/wp\/v2\/media?parent=2312"}],"wp:term":[{"taxonomy":"category","embeddable":true,"href":"https:\/\/allasorias.hu\/hirek\/wp-json\/wp\/v2\/categories?post=2312"},{"taxonomy":"post_tag","embeddable":true,"href":"https:\/\/allasorias.hu\/hirek\/wp-json\/wp\/v2\/tags?post=2312"}],"curies":[{"name":"wp","href":"https:\/\/api.w.org\/{rel}","templated":true}]}}