{"id":2300,"date":"2018-12-12T10:20:20","date_gmt":"2018-12-12T10:20:20","guid":{"rendered":"https:\/\/allasorias.hu\/hirek\/?p=2300"},"modified":"2018-12-12T10:35:13","modified_gmt":"2018-12-12T10:35:13","slug":"ausztria-is-jelentos-szamu-magyart-foglalkoztat","status":"publish","type":"post","link":"https:\/\/allasorias.hu\/hirek\/ausztria-is-jelentos-szamu-magyart-foglalkoztat\/","title":{"rendered":"Ausztria is jelent\u0151s sz\u00e1m\u00fa magyart foglalkoztat"},"content":{"rendered":"<p><strong>Az Ausztri\u00e1ba ing\u00e1z\u00f3 magyarok helyzet\u00e9t vizsg\u00e1lta a Fairwork-tanulm\u00e1ny, benne a burgenlandi tartom\u00e1ny munkaer\u0151piaci \u00e9s j\u00f6vedelmi viszonyait. \u00a0A Nyugat-Dun\u00e1nt\u00fallal hat\u00e1ros tartom\u00e1nyba ugyanis \u00a0sok magyar j\u00e1r dolgozni. <\/strong><\/p>\n<p>A tanulm\u00e1nyb\u00f3l kider\u00fclt, hogy 8042 munkan\u00e9lk\u00fclit tartottak sz\u00e1mon Burgenlandban 2017 m\u00e1jus\u00e1ban, ami 7,2 sz\u00e1zal\u00e9kos r\u00e1t\u00e1t jelent. K\u00e9pz\u00e9sben vett r\u00e9szt 2142 akt\u00edv kor\u00fa ember, \u00e9s a 104 ezer foglalkoztatottb\u00f3l mintegy 5733 volt a tartom\u00e1ny alkalmazottja, 3340 pedig a helyi \u00f6nkorm\u00e1nyzatok\u00e9. A foglalkoztat\u00e1s \u00e9lvonal\u00e1ban\u00a0 Ausztria foglalkoztat\u00e1si adatai az Eur\u00f3pai Uni\u00f3 legjobbjai k\u00f6z\u00e9 tartoznak, \u00e1ltal\u00e1ban csak Sv\u00e9dorsz\u00e1g, D\u00e1nia \u00e9s N\u00e9metorsz\u00e1g van vele versenyben. R\u00e1ad\u00e1sul folyamatos javul\u00e1st tudtak el\u00e9rni. Ausztria mindv\u00e9gig az eur\u00f3pai foglalkoztat\u00e1s \u00e9lvonal\u00e1ban maradt. Mind az aktivit\u00e1si, mind pedig a foglalkoztat\u00e1si r\u00e1ta magas szintr\u0151l n\u0151tt tov\u00e1bb Ausztri\u00e1ban az elm\u00falt id\u0151szakban. Ter\u00fcleti alapon szeml\u00e9lve Ausztria bels\u0151 egyenl\u0151tlens\u00e9geit az l\u00e1tszik, hogy tartom\u00e1nyi szinten azok meglehet\u0151sen alacsonyak. Burgenland lefel\u00e9 t\u00e9r el a nemzeti \u00e1tlagt\u00f3l p\u00e9ld\u00e1ul foglalkoztat\u00e1si r\u00e1ta tekintet\u00e9ben, de nem jelent\u0151sen. A tartom\u00e1nyban a f\u00e9rfi-munkan\u00e9lk\u00fclis\u00e9g hossz\u00fa \u00e9vek \u00f3ta tart\u00f3san, mintegy egy sz\u00e1zal\u00e9kponttal magasabb a n\u0151in\u00e9l. Burgenlandban a munkan\u00e9lk\u00fclis\u00e9gi helyzet a f\u00e9rfiak eset\u00e9ben az osztr\u00e1k \u00e1tlagn\u00e1l n\u00e9mileg jobb, a n\u0151i viszont n\u00e9mileg kedvez\u0151tlenebb, \u00e1m a tartom\u00e1ny jelent\u0151sen nem t\u00e9r el a nemzeti \u00e1tlagt\u00f3l, \u00e9s nem is a legkedvez\u0151tlenebb helyzet\u0171 tartom\u00e1ny. B\u00e9cs \u00e9s Karintia helyzete rosszabb. Burgenland n\u00e9pess\u00e9g\u00e9n\u00e9l enyhe term\u00e9szetes cs\u00f6kken\u00e9s tapasztalhat\u00f3, amelyet enyhe befel\u00e9 ir\u00e1nyul\u00f3 migr\u00e1ci\u00f3 ellens\u00falyoz, amely \u00edgy eredm\u00e9nyez relat\u00edve stabil n\u00e9pess\u00e9gsz\u00e1mot, munkaer\u0151piac-m\u00e9retet. Burgenland munkaer\u0151piac\u00e1t p\u00e9ld\u00e1ul jelent\u0151sen meghat\u00e1rozza a keleti b\u0151v\u00edt\u00e9s \u00f3ta az ing\u00e1z\u00e1s, \u00e9rdekes saj\u00e1toss\u00e1ga a k\u00fclf\u00f6ldi munkav\u00e1llal\u00f3k jelenl\u00e9te, jelent\u0151s ar\u00e1nya. Hat\u00e1ron \u00e1tny\u00fal\u00f3 szakszervezeti egy\u00fcttm\u0171k\u00f6d\u00e9s r\u00e9v\u00e9n j\u00f6tt l\u00e9tre a Fairwork program (Fair Labour Market Conditions in the Pannonia Region \u2013 M\u00e9lt\u00e1nyos munkaer\u0151piaci felt\u00e9telek a hat\u00e1r menti r\u00e9gi\u00f3kban). Az ing\u00e1z\u00f3k \u00e9rdek\u00e9ben az osztr\u00e1k \u00e9s a magyar \u00fcgyint\u00e9z\u0151k k\u00f6zti tart\u00f3s egy\u00fcttm\u0171k\u00f6d\u00e9si rendszerek kialak\u00edt\u00e1s\u00e1t seg\u00edti.<\/p>\n<p><em>Forr\u00e1s: kisalfold.hu<\/em><\/p>\n<p>&nbsp;<\/p>\n<p>&nbsp;<\/p>\n","protected":false},"excerpt":{"rendered":"<p>Az Ausztri\u00e1ba ing\u00e1z\u00f3 magyarok helyzet\u00e9t vizsg\u00e1lta a Fairwork-tanulm\u00e1ny, benne a burgenlandi tartom\u00e1ny munkaer\u0151piaci \u00e9s j\u00f6vedelmi viszonyait. \u00a0A Nyugat-Dun\u00e1nt\u00fallal hat\u00e1ros tartom\u00e1nyba ugyanis \u00a0sok magyar j\u00e1r dolgozni. A tanulm\u00e1nyb\u00f3l kider\u00fclt, hogy 8042 munkan\u00e9lk\u00fclit tartottak sz\u00e1mon Burgenlandban 2017 m\u00e1jus\u00e1ban, ami 7,2 sz\u00e1zal\u00e9kos r\u00e1t\u00e1t jelent. K\u00e9pz\u00e9sben vett r\u00e9szt 2142 akt\u00edv kor\u00fa ember, \u00e9s a 104 ezer foglalkoztatottb\u00f3l mintegy 5733 [&hellip;]<\/p>\n","protected":false},"author":1,"featured_media":2301,"comment_status":"open","ping_status":"open","sticky":false,"template":"","format":"standard","meta":{"_monsterinsights_skip_tracking":false,"_monsterinsights_sitenote_active":false,"_monsterinsights_sitenote_note":"","_monsterinsights_sitenote_category":0,"footnotes":""},"categories":[1,201,200],"tags":[],"class_list":["post-2300","post","type-post","status-publish","format-standard","has-post-thumbnail","hentry","category-allaskereses","category-kulfold","category-munkaeropiac"],"aioseo_notices":[],"_links":{"self":[{"href":"https:\/\/allasorias.hu\/hirek\/wp-json\/wp\/v2\/posts\/2300","targetHints":{"allow":["GET"]}}],"collection":[{"href":"https:\/\/allasorias.hu\/hirek\/wp-json\/wp\/v2\/posts"}],"about":[{"href":"https:\/\/allasorias.hu\/hirek\/wp-json\/wp\/v2\/types\/post"}],"author":[{"embeddable":true,"href":"https:\/\/allasorias.hu\/hirek\/wp-json\/wp\/v2\/users\/1"}],"replies":[{"embeddable":true,"href":"https:\/\/allasorias.hu\/hirek\/wp-json\/wp\/v2\/comments?post=2300"}],"version-history":[{"count":1,"href":"https:\/\/allasorias.hu\/hirek\/wp-json\/wp\/v2\/posts\/2300\/revisions"}],"predecessor-version":[{"id":2302,"href":"https:\/\/allasorias.hu\/hirek\/wp-json\/wp\/v2\/posts\/2300\/revisions\/2302"}],"wp:featuredmedia":[{"embeddable":true,"href":"https:\/\/allasorias.hu\/hirek\/wp-json\/wp\/v2\/media\/2301"}],"wp:attachment":[{"href":"https:\/\/allasorias.hu\/hirek\/wp-json\/wp\/v2\/media?parent=2300"}],"wp:term":[{"taxonomy":"category","embeddable":true,"href":"https:\/\/allasorias.hu\/hirek\/wp-json\/wp\/v2\/categories?post=2300"},{"taxonomy":"post_tag","embeddable":true,"href":"https:\/\/allasorias.hu\/hirek\/wp-json\/wp\/v2\/tags?post=2300"}],"curies":[{"name":"wp","href":"https:\/\/api.w.org\/{rel}","templated":true}]}}