{"id":2294,"date":"2018-12-11T10:47:04","date_gmt":"2018-12-11T10:47:04","guid":{"rendered":"https:\/\/allasorias.hu\/hirek\/?p=2294"},"modified":"2018-12-11T10:47:04","modified_gmt":"2018-12-11T10:47:04","slug":"kik-talalhatnak-biztosan-allast-pest-megyeben","status":"publish","type":"post","link":"https:\/\/allasorias.hu\/hirek\/kik-talalhatnak-biztosan-allast-pest-megyeben\/","title":{"rendered":"Kik tal\u00e1lhatnak biztosan \u00e1ll\u00e1st Pest megy\u00e9ben ?"},"content":{"rendered":"<p><strong>Pest megy\u00e9ben a k\u00f6vetkez\u0151 szakm\u00e1kb\u00f3l van hi\u00e1ny a munkaer\u0151piacon:\u00a0 g\u00e9pi forg\u00e1csol\u00f3, \u00e1cs, szersz\u00e1mk\u00e9sz\u00edt\u0151, asztalos, ipari g\u00e9p\u00e9sz, fest\u0151, m\u00e1zol\u00f3, tap\u00e9t\u00e1z\u00f3, szoci\u00e1lis gondoz\u00f3 \u00e9s \u00e1pol\u00f3, gyakorl\u00f3 ment\u0151\u00e1pol\u00f3, gyakorl\u00f3 \u00e1pol\u00f3, szoftverfejleszt\u0151, hegeszt\u0151, \u00e9p\u00fclet- \u00e9s szerkezetlakatos, elektronikai m\u0171szer\u00e9sz, k\u00f6zpontif\u0171t\u00e9s- \u00e9s g\u00e1zh\u00e1l\u00f3zat rendszerszerel\u0151, logisztikai \u00e9s sz\u00e1ll\u00edtm\u00e1nyoz\u00e1si \u00fcgyint\u00e9z\u0151, g\u00e9pgy\u00e1rt\u00e1stechnol\u00f3giai technikus, elektronikai technikus, p\u00e9k, lov\u00e1sz, elad\u00f3, keresked\u0151, gazda, d\u00edszn\u00f6v\u00e9nykert\u00e9sz, mez\u0151gazdas\u00e1gi g\u00e9p\u00e9sz, erd\u00e9szeti szakmunk\u00e1s.<\/strong><\/p>\n<p>Aki teh\u00e1t ilyen k\u00e9pzetts\u00e9ggel rendelkezik, j\u00f3 es\u00e9llyel el is tud helyezkedni. Nyilv\u00e1noss\u00e1gra hozt\u00e1k nemr\u00e9g \u00a0a 2019\/2020-es tan\u00e9vben Szab\u00f3ky Adolf Szakk\u00e9pz\u00e9si \u00d6szt\u00f6nd\u00edjra jogosultak k\u00f6r\u00e9t, amit a szakk\u00e9pz\u00e9sben r\u00e9szt vev\u0151 tanul\u00f3kat tanulm\u00e1nyi eredm\u00e9ny\u00fck alapj\u00e1n kapnak. Ezzel egy\u00fctt nyilv\u00e1noss\u00e1gra hozt\u00e1k a 2019\/2020-as tan\u00e9v hi\u00e1nyszakm\u00e1inak list\u00e1j\u00e1t is. Ezekb\u0151l a szakemberekb\u0151l van hi\u00e1ny teh\u00e1t Pest-megy\u00e9ben: G\u00e9pi forg\u00e1csol\u00f3, \u00e1cs, szersz\u00e1mk\u00e9sz\u00edt\u0151, asztalos, ipari g\u00e9p\u00e9sz, fest\u0151, m\u00e1zol\u00f3, tap\u00e9t\u00e1z\u00f3, szoci\u00e1lis gondoz\u00f3 \u00e9s \u00e1pol\u00f3, gyakorl\u00f3 ment\u0151\u00e1pol\u00f3, gyakorl\u00f3 \u00e1pol\u00f3, szoftverfejleszt\u0151, hegeszt\u0151, \u00e9p\u00fclet- \u00e9s szerkezetlakatos, elektronikai m\u0171szer\u00e9sz, k\u00f6zpontif\u0171t\u00e9s- \u00e9s g\u00e1zh\u00e1l\u00f3zat rendszerszerel\u0151, logisztikai \u00e9s sz\u00e1ll\u00edtm\u00e1nyoz\u00e1si \u00fcgyint\u00e9z\u0151, g\u00e9pgy\u00e1rt\u00e1stechnol\u00f3giai technikus, elektronikai technikus, p\u00e9k, lov\u00e1sz, elad\u00f3, keresked\u0151, gazda, d\u00edszn\u00f6v\u00e9nykert\u00e9sz, mez\u0151gazdas\u00e1gi g\u00e9p\u00e9sz, erd\u00e9szeti szakmunk\u00e1s. Ez a lista j\u00f3 inf\u00f3 azoknak, akik szakgimn\u00e1ziumban vagy szakk\u00f6z\u00e9piskol\u00e1ban tanuln\u00e1nak tov\u00e1bb (azok ugyanis, akik a list\u00e1n szerepl\u0151 szakm\u00e1k k\u00f6z\u00fcl v\u00e1lasztanak, \u00f6szt\u00f6nd\u00edjat kaphatnak), de az OKJ-s k\u00e9pz\u00e9seket keres\u0151 feln\u0151tteknek is seg\u00edthet, ezekkel a v\u00e9gzetts\u00e9gekkel ugyanis r\u00f6vid id\u0151 alatt munk\u00e1t tal\u00e1lhatnak.<\/p>\n<p><em>Forr\u00e1s: eduline.hu<\/em><\/p>\n","protected":false},"excerpt":{"rendered":"<p>Pest megy\u00e9ben a k\u00f6vetkez\u0151 szakm\u00e1kb\u00f3l van hi\u00e1ny a munkaer\u0151piacon:\u00a0 g\u00e9pi forg\u00e1csol\u00f3, \u00e1cs, szersz\u00e1mk\u00e9sz\u00edt\u0151, asztalos, ipari g\u00e9p\u00e9sz, fest\u0151, m\u00e1zol\u00f3, tap\u00e9t\u00e1z\u00f3, szoci\u00e1lis gondoz\u00f3 \u00e9s \u00e1pol\u00f3, gyakorl\u00f3 ment\u0151\u00e1pol\u00f3, gyakorl\u00f3 \u00e1pol\u00f3, szoftverfejleszt\u0151, hegeszt\u0151, \u00e9p\u00fclet- \u00e9s szerkezetlakatos, elektronikai m\u0171szer\u00e9sz, k\u00f6zpontif\u0171t\u00e9s- \u00e9s g\u00e1zh\u00e1l\u00f3zat rendszerszerel\u0151, logisztikai \u00e9s sz\u00e1ll\u00edtm\u00e1nyoz\u00e1si \u00fcgyint\u00e9z\u0151, g\u00e9pgy\u00e1rt\u00e1stechnol\u00f3giai technikus, elektronikai technikus, p\u00e9k, lov\u00e1sz, elad\u00f3, keresked\u0151, gazda, d\u00edszn\u00f6v\u00e9nykert\u00e9sz, mez\u0151gazdas\u00e1gi g\u00e9p\u00e9sz, erd\u00e9szeti [&hellip;]<\/p>\n","protected":false},"author":1,"featured_media":2295,"comment_status":"open","ping_status":"open","sticky":false,"template":"","format":"standard","meta":{"_monsterinsights_skip_tracking":false,"footnotes":""},"categories":[1,198,203,200],"tags":[],"class_list":["post-2294","post","type-post","status-publish","format-standard","has-post-thumbnail","hentry","category-allaskereses","category-gazdasag","category-hianyszakmak","category-munkaeropiac"],"aioseo_notices":[],"aioseo_head":"\n\t\t<!-- All in One SEO 5.0.0.1 - aioseo.com -->\n\t<meta name=\"description\" content=\"Pest megy\u00e9ben a k\u00f6vetkez\u0151 szakm\u00e1kb\u00f3l van hi\u00e1ny a munkaer\u0151piacon: g\u00e9pi forg\u00e1csol\u00f3, \u00e1cs, szersz\u00e1mk\u00e9sz\u00edt\u0151, asztalos, ipari g\u00e9p\u00e9sz, fest\u0151, m\u00e1zol\u00f3, tap\u00e9t\u00e1z\u00f3, szoci\u00e1lis gondoz\u00f3 \u00e9s \u00e1pol\u00f3, gyakorl\u00f3 ment\u0151\u00e1pol\u00f3, gyakorl\u00f3 \u00e1pol\u00f3, szoftverfejleszt\u0151, hegeszt\u0151, \u00e9p\u00fclet- \u00e9s szerkezetlakatos, elektronikai m\u0171szer\u00e9sz, k\u00f6zpontif\u0171t\u00e9s- \u00e9s g\u00e1zh\u00e1l\u00f3zat rendszerszerel\u0151, logisztikai \u00e9s sz\u00e1ll\u00edtm\u00e1nyoz\u00e1si \u00fcgyint\u00e9z\u0151, g\u00e9pgy\u00e1rt\u00e1stechnol\u00f3giai technikus, elektronikai technikus, p\u00e9k, lov\u00e1sz, elad\u00f3, keresked\u0151, gazda, d\u00edszn\u00f6v\u00e9nykert\u00e9sz, mez\u0151gazdas\u00e1gi g\u00e9p\u00e9sz, erd\u00e9szeti\" \/>\n\t<meta name=\"robots\" content=\"max-image-preview:large\" \/>\n\t<meta name=\"author\" content=\"Juh\u00e1sz P\u00e9ter\"\/>\n\t<link rel=\"canonical\" href=\"https:\/\/allasorias.hu\/hirek\/kik-talalhatnak-biztosan-allast-pest-megyeben\/\" \/>\n\t<meta name=\"generator\" content=\"All in One SEO (AIOSEO) 5.0.0.1\" \/>\n\t\t<meta property=\"og:locale\" content=\"hu_HU\" \/>\n\t\t<meta property=\"og:site_name\" content=\"AllasOrias.hu | H\u00edrek-lapszemle | \u00dczleti h\u00edrek az \u00e1ll\u00e1s \u00e9s a munka vil\u00e1g\u00e1b\u00f3l\" \/>\n\t\t<meta property=\"og:type\" content=\"article\" \/>\n\t\t<meta property=\"og:title\" content=\"Kik tal\u00e1lhatnak biztosan \u00e1ll\u00e1st Pest megy\u00e9ben ? | AllasOrias.hu | H\u00edrek-lapszemle\" \/>\n\t\t<meta property=\"og:description\" content=\"Pest megy\u00e9ben a k\u00f6vetkez\u0151 szakm\u00e1kb\u00f3l van hi\u00e1ny a munkaer\u0151piacon: g\u00e9pi forg\u00e1csol\u00f3, \u00e1cs, szersz\u00e1mk\u00e9sz\u00edt\u0151, asztalos, ipari g\u00e9p\u00e9sz, fest\u0151, m\u00e1zol\u00f3, tap\u00e9t\u00e1z\u00f3, szoci\u00e1lis gondoz\u00f3 \u00e9s \u00e1pol\u00f3, gyakorl\u00f3 ment\u0151\u00e1pol\u00f3, gyakorl\u00f3 \u00e1pol\u00f3, szoftverfejleszt\u0151, hegeszt\u0151, \u00e9p\u00fclet- \u00e9s szerkezetlakatos, elektronikai m\u0171szer\u00e9sz, k\u00f6zpontif\u0171t\u00e9s- \u00e9s g\u00e1zh\u00e1l\u00f3zat rendszerszerel\u0151, logisztikai \u00e9s sz\u00e1ll\u00edtm\u00e1nyoz\u00e1si \u00fcgyint\u00e9z\u0151, g\u00e9pgy\u00e1rt\u00e1stechnol\u00f3giai technikus, elektronikai technikus, p\u00e9k, lov\u00e1sz, elad\u00f3, keresked\u0151, gazda, d\u00edszn\u00f6v\u00e9nykert\u00e9sz, mez\u0151gazdas\u00e1gi g\u00e9p\u00e9sz, erd\u00e9szeti\" \/>\n\t\t<meta property=\"og:url\" content=\"https:\/\/allasorias.hu\/hirek\/kik-talalhatnak-biztosan-allast-pest-megyeben\/\" \/>\n\t\t<meta property=\"og:image\" content=\"https:\/\/allasorias.hu\/hirek\/wp-content\/uploads\/2018\/12\/construction-1510561_640.jpg\" \/>\n\t\t<meta property=\"og:image:secure_url\" content=\"https:\/\/allasorias.hu\/hirek\/wp-content\/uploads\/2018\/12\/construction-1510561_640.jpg\" \/>\n\t\t<meta property=\"og:image:width\" content=\"640\" \/>\n\t\t<meta property=\"og:image:height\" content=\"426\" \/>\n\t\t<meta property=\"article:published_time\" content=\"2018-12-11T10:47:04+00:00\" \/>\n\t\t<meta property=\"article:modified_time\" content=\"2018-12-11T10:47:04+00:00\" \/>\n\t\t<meta property=\"article:publisher\" content=\"https:\/\/www.facebook.com\/allasorias\" \/>\n\t\t<meta name=\"twitter:card\" content=\"summary_large_image\" \/>\n\t\t<meta name=\"twitter:title\" content=\"Kik tal\u00e1lhatnak biztosan \u00e1ll\u00e1st Pest megy\u00e9ben ? | AllasOrias.hu | H\u00edrek-lapszemle\" \/>\n\t\t<meta name=\"twitter:description\" content=\"Pest megy\u00e9ben a k\u00f6vetkez\u0151 szakm\u00e1kb\u00f3l van hi\u00e1ny a munkaer\u0151piacon: g\u00e9pi forg\u00e1csol\u00f3, \u00e1cs, szersz\u00e1mk\u00e9sz\u00edt\u0151, asztalos, ipari g\u00e9p\u00e9sz, fest\u0151, m\u00e1zol\u00f3, tap\u00e9t\u00e1z\u00f3, szoci\u00e1lis gondoz\u00f3 \u00e9s \u00e1pol\u00f3, gyakorl\u00f3 ment\u0151\u00e1pol\u00f3, gyakorl\u00f3 \u00e1pol\u00f3, szoftverfejleszt\u0151, hegeszt\u0151, \u00e9p\u00fclet- \u00e9s szerkezetlakatos, elektronikai m\u0171szer\u00e9sz, k\u00f6zpontif\u0171t\u00e9s- \u00e9s g\u00e1zh\u00e1l\u00f3zat rendszerszerel\u0151, logisztikai \u00e9s sz\u00e1ll\u00edtm\u00e1nyoz\u00e1si \u00fcgyint\u00e9z\u0151, g\u00e9pgy\u00e1rt\u00e1stechnol\u00f3giai technikus, elektronikai technikus, p\u00e9k, lov\u00e1sz, elad\u00f3, keresked\u0151, gazda, d\u00edszn\u00f6v\u00e9nykert\u00e9sz, mez\u0151gazdas\u00e1gi g\u00e9p\u00e9sz, erd\u00e9szeti\" \/>\n\t\t<meta name=\"twitter:image\" content=\"https:\/\/allasorias.hu\/hirek\/wp-content\/uploads\/2018\/12\/construction-1510561_640.jpg\" \/>\n\t\t<meta name=\"twitter:label1\" content=\"Written by\" \/>\n\t\t<meta name=\"twitter:data1\" content=\"Juh\u00e1sz P\u00e9ter\" \/>\n\t\t<meta name=\"twitter:label2\" content=\"Est. reading time\" \/>\n\t\t<meta name=\"twitter:data2\" content=\"2 minutes\" \/>\n\t\t<script type=\"application\/ld+json\" class=\"aioseo-schema\">\n\t\t\t{\"@context\":\"https:\\\/\\\/schema.org\",\"@graph\":[{\"@type\":\"Article\",\"@id\":\"https:\\\/\\\/allasorias.hu\\\/hirek\\\/kik-talalhatnak-biztosan-allast-pest-megyeben\\\/#article\",\"name\":\"Kik tal\\u00e1lhatnak biztosan \\u00e1ll\\u00e1st Pest megy\\u00e9ben ? | AllasOrias.hu | H\\u00edrek-lapszemle\",\"headline\":\"Kik tal\\u00e1lhatnak biztosan \\u00e1ll\\u00e1st Pest megy\\u00e9ben ?\",\"author\":{\"@id\":\"https:\\\/\\\/allasorias.hu\\\/hirek\\\/author\\\/admin-allasorias\\\/#author\"},\"publisher\":{\"@id\":\"https:\\\/\\\/allasorias.hu\\\/hirek\\\/#organization\"},\"image\":{\"@type\":\"ImageObject\",\"url\":\"https:\\\/\\\/allasorias.hu\\\/hirek\\\/wp-content\\\/uploads\\\/2018\\\/12\\\/construction-1510561_640.jpg\",\"width\":640,\"height\":426},\"datePublished\":\"2018-12-11T10:47:04+02:00\",\"dateModified\":\"2018-12-11T10:47:04+02:00\",\"inLanguage\":\"hu-HU\",\"mainEntityOfPage\":{\"@id\":\"https:\\\/\\\/allasorias.hu\\\/hirek\\\/kik-talalhatnak-biztosan-allast-pest-megyeben\\\/#webpage\"},\"isPartOf\":{\"@id\":\"https:\\\/\\\/allasorias.hu\\\/hirek\\\/kik-talalhatnak-biztosan-allast-pest-megyeben\\\/#webpage\"},\"articleSection\":\"\\u00c1ll\\u00e1skeres\\u00e9s, Gazdas\\u00e1g, Hi\\u00e1nyszakm\\u00e1k, Munkaer\\u0151piac\"},{\"@type\":\"BreadcrumbList\",\"@id\":\"https:\\\/\\\/allasorias.hu\\\/hirek\\\/kik-talalhatnak-biztosan-allast-pest-megyeben\\\/#breadcrumblist\",\"itemListElement\":[{\"@type\":\"ListItem\",\"@id\":\"https:\\\/\\\/allasorias.hu\\\/hirek#listItem\",\"position\":1,\"name\":\"Home\",\"item\":\"https:\\\/\\\/allasorias.hu\\\/hirek\",\"nextItem\":{\"@type\":\"ListItem\",\"@id\":\"https:\\\/\\\/allasorias.hu\\\/hirek\\\/temak\\\/allaskereses\\\/#listItem\",\"name\":\"\\u00c1ll\\u00e1skeres\\u00e9s\"}},{\"@type\":\"ListItem\",\"@id\":\"https:\\\/\\\/allasorias.hu\\\/hirek\\\/temak\\\/allaskereses\\\/#listItem\",\"position\":2,\"name\":\"\\u00c1ll\\u00e1skeres\\u00e9s\",\"item\":\"https:\\\/\\\/allasorias.hu\\\/hirek\\\/temak\\\/allaskereses\\\/\",\"nextItem\":{\"@type\":\"ListItem\",\"@id\":\"https:\\\/\\\/allasorias.hu\\\/hirek\\\/kik-talalhatnak-biztosan-allast-pest-megyeben\\\/#listItem\",\"name\":\"Kik tal\\u00e1lhatnak biztosan \\u00e1ll\\u00e1st Pest megy\\u00e9ben ?\"},\"previousItem\":{\"@type\":\"ListItem\",\"@id\":\"https:\\\/\\\/allasorias.hu\\\/hirek#listItem\",\"name\":\"Home\"}},{\"@type\":\"ListItem\",\"@id\":\"https:\\\/\\\/allasorias.hu\\\/hirek\\\/kik-talalhatnak-biztosan-allast-pest-megyeben\\\/#listItem\",\"position\":3,\"name\":\"Kik tal\\u00e1lhatnak biztosan \\u00e1ll\\u00e1st Pest megy\\u00e9ben ?\",\"previousItem\":{\"@type\":\"ListItem\",\"@id\":\"https:\\\/\\\/allasorias.hu\\\/hirek\\\/temak\\\/allaskereses\\\/#listItem\",\"name\":\"\\u00c1ll\\u00e1skeres\\u00e9s\"}}]},{\"@type\":\"Organization\",\"@id\":\"https:\\\/\\\/allasorias.hu\\\/hirek\\\/#organization\",\"name\":\"AllasOrias.hu | H\\u00edrek-lapszemle\",\"description\":\"\\u00dczleti h\\u00edrek az \\u00e1ll\\u00e1s \\u00e9s a munka vil\\u00e1g\\u00e1b\\u00f3l\",\"url\":\"https:\\\/\\\/allasorias.hu\\\/hirek\\\/\",\"logo\":{\"@type\":\"ImageObject\",\"url\":\"https:\\\/\\\/allasorias.hu\\\/hirek\\\/wp-content\\\/uploads\\\/2022\\\/10\\\/allasorias_site_facebok_logo.png\",\"@id\":\"https:\\\/\\\/allasorias.hu\\\/hirek\\\/kik-talalhatnak-biztosan-allast-pest-megyeben\\\/#organizationLogo\"},\"image\":{\"@id\":\"https:\\\/\\\/allasorias.hu\\\/hirek\\\/kik-talalhatnak-biztosan-allast-pest-megyeben\\\/#organizationLogo\"},\"sameAs\":[\"https:\\\/\\\/www.facebook.com\\\/allasorias\",\"https:\\\/\\\/www.linkedin.com\\\/company\\\/allasorias\"]},{\"@type\":\"Person\",\"@id\":\"https:\\\/\\\/allasorias.hu\\\/hirek\\\/author\\\/admin-allasorias\\\/#author\",\"url\":\"https:\\\/\\\/allasorias.hu\\\/hirek\\\/author\\\/admin-allasorias\\\/\",\"name\":\"Juh\\u00e1sz P\\u00e9ter\",\"image\":{\"@type\":\"ImageObject\",\"@id\":\"https:\\\/\\\/allasorias.hu\\\/hirek\\\/kik-talalhatnak-biztosan-allast-pest-megyeben\\\/#authorImage\",\"url\":\"https:\\\/\\\/secure.gravatar.com\\\/avatar\\\/36e6bcb83148978b992977cb0f54d22feb0cce8a0a849a9410532bb2623ba4c6?s=96&d=mm&r=g\",\"width\":96,\"height\":96,\"caption\":\"Juh\\u00e1sz P\\u00e9ter\"}},{\"@type\":\"WebPage\",\"@id\":\"https:\\\/\\\/allasorias.hu\\\/hirek\\\/kik-talalhatnak-biztosan-allast-pest-megyeben\\\/#webpage\",\"url\":\"https:\\\/\\\/allasorias.hu\\\/hirek\\\/kik-talalhatnak-biztosan-allast-pest-megyeben\\\/\",\"name\":\"Kik tal\\u00e1lhatnak biztosan \\u00e1ll\\u00e1st Pest megy\\u00e9ben ? | AllasOrias.hu | H\\u00edrek-lapszemle\",\"description\":\"Pest megy\\u00e9ben a k\\u00f6vetkez\\u0151 szakm\\u00e1kb\\u00f3l van hi\\u00e1ny a munkaer\\u0151piacon: g\\u00e9pi forg\\u00e1csol\\u00f3, \\u00e1cs, szersz\\u00e1mk\\u00e9sz\\u00edt\\u0151, asztalos, ipari g\\u00e9p\\u00e9sz, fest\\u0151, m\\u00e1zol\\u00f3, tap\\u00e9t\\u00e1z\\u00f3, szoci\\u00e1lis gondoz\\u00f3 \\u00e9s \\u00e1pol\\u00f3, gyakorl\\u00f3 ment\\u0151\\u00e1pol\\u00f3, gyakorl\\u00f3 \\u00e1pol\\u00f3, szoftverfejleszt\\u0151, hegeszt\\u0151, \\u00e9p\\u00fclet- \\u00e9s szerkezetlakatos, elektronikai m\\u0171szer\\u00e9sz, k\\u00f6zpontif\\u0171t\\u00e9s- \\u00e9s g\\u00e1zh\\u00e1l\\u00f3zat rendszerszerel\\u0151, logisztikai \\u00e9s sz\\u00e1ll\\u00edtm\\u00e1nyoz\\u00e1si \\u00fcgyint\\u00e9z\\u0151, g\\u00e9pgy\\u00e1rt\\u00e1stechnol\\u00f3giai technikus, elektronikai technikus, p\\u00e9k, lov\\u00e1sz, elad\\u00f3, keresked\\u0151, gazda, d\\u00edszn\\u00f6v\\u00e9nykert\\u00e9sz, mez\\u0151gazdas\\u00e1gi g\\u00e9p\\u00e9sz, erd\\u00e9szeti\",\"inLanguage\":\"hu-HU\",\"isPartOf\":{\"@id\":\"https:\\\/\\\/allasorias.hu\\\/hirek\\\/#website\"},\"breadcrumb\":{\"@id\":\"https:\\\/\\\/allasorias.hu\\\/hirek\\\/kik-talalhatnak-biztosan-allast-pest-megyeben\\\/#breadcrumblist\"},\"author\":{\"@id\":\"https:\\\/\\\/allasorias.hu\\\/hirek\\\/author\\\/admin-allasorias\\\/#author\"},\"creator\":{\"@id\":\"https:\\\/\\\/allasorias.hu\\\/hirek\\\/author\\\/admin-allasorias\\\/#author\"},\"image\":{\"@type\":\"ImageObject\",\"url\":\"https:\\\/\\\/allasorias.hu\\\/hirek\\\/wp-content\\\/uploads\\\/2018\\\/12\\\/construction-1510561_640.jpg\",\"@id\":\"https:\\\/\\\/allasorias.hu\\\/hirek\\\/kik-talalhatnak-biztosan-allast-pest-megyeben\\\/#mainImage\",\"width\":640,\"height\":426},\"primaryImageOfPage\":{\"@id\":\"https:\\\/\\\/allasorias.hu\\\/hirek\\\/kik-talalhatnak-biztosan-allast-pest-megyeben\\\/#mainImage\"},\"datePublished\":\"2018-12-11T10:47:04+02:00\",\"dateModified\":\"2018-12-11T10:47:04+02:00\"},{\"@type\":\"WebSite\",\"@id\":\"https:\\\/\\\/allasorias.hu\\\/hirek\\\/#website\",\"url\":\"https:\\\/\\\/allasorias.hu\\\/hirek\\\/\",\"name\":\"AllasOrias.hu | H\\u00edrek-lapszemle\",\"description\":\"\\u00dczleti h\\u00edrek az \\u00e1ll\\u00e1s \\u00e9s a munka vil\\u00e1g\\u00e1b\\u00f3l\",\"inLanguage\":\"hu-HU\",\"publisher\":{\"@id\":\"https:\\\/\\\/allasorias.hu\\\/hirek\\\/#organization\"}}]}\n\t\t<\/script>\n\t\t<!-- All in One SEO -->\n\n","aioseo_head_json":{"title":"Kik tal\u00e1lhatnak biztosan \u00e1ll\u00e1st Pest megy\u00e9ben ? | AllasOrias.hu | H\u00edrek-lapszemle","description":"Pest megy\u00e9ben a k\u00f6vetkez\u0151 szakm\u00e1kb\u00f3l van hi\u00e1ny a munkaer\u0151piacon: g\u00e9pi forg\u00e1csol\u00f3, \u00e1cs, szersz\u00e1mk\u00e9sz\u00edt\u0151, asztalos, ipari g\u00e9p\u00e9sz, fest\u0151, m\u00e1zol\u00f3, tap\u00e9t\u00e1z\u00f3, szoci\u00e1lis gondoz\u00f3 \u00e9s \u00e1pol\u00f3, gyakorl\u00f3 ment\u0151\u00e1pol\u00f3, gyakorl\u00f3 \u00e1pol\u00f3, szoftverfejleszt\u0151, hegeszt\u0151, \u00e9p\u00fclet- \u00e9s szerkezetlakatos, elektronikai m\u0171szer\u00e9sz, k\u00f6zpontif\u0171t\u00e9s- \u00e9s g\u00e1zh\u00e1l\u00f3zat rendszerszerel\u0151, logisztikai \u00e9s sz\u00e1ll\u00edtm\u00e1nyoz\u00e1si \u00fcgyint\u00e9z\u0151, g\u00e9pgy\u00e1rt\u00e1stechnol\u00f3giai technikus, elektronikai technikus, p\u00e9k, lov\u00e1sz, elad\u00f3, keresked\u0151, gazda, d\u00edszn\u00f6v\u00e9nykert\u00e9sz, mez\u0151gazdas\u00e1gi g\u00e9p\u00e9sz, erd\u00e9szeti","canonical_url":"https:\/\/allasorias.hu\/hirek\/kik-talalhatnak-biztosan-allast-pest-megyeben\/","robots":"max-image-preview:large","keywords":"","webmasterTools":{"miscellaneous":""},"schema":{"@context":"https:\/\/schema.org","@graph":[{"@type":"Article","@id":"https:\/\/allasorias.hu\/hirek\/kik-talalhatnak-biztosan-allast-pest-megyeben\/#article","name":"Kik tal\u00e1lhatnak biztosan \u00e1ll\u00e1st Pest megy\u00e9ben ? | AllasOrias.hu | H\u00edrek-lapszemle","headline":"Kik tal\u00e1lhatnak biztosan \u00e1ll\u00e1st Pest megy\u00e9ben ?","author":{"@id":"https:\/\/allasorias.hu\/hirek\/author\/admin-allasorias\/#author"},"publisher":{"@id":"https:\/\/allasorias.hu\/hirek\/#organization"},"image":{"@type":"ImageObject","url":"https:\/\/allasorias.hu\/hirek\/wp-content\/uploads\/2018\/12\/construction-1510561_640.jpg","width":640,"height":426},"datePublished":"2018-12-11T10:47:04+02:00","dateModified":"2018-12-11T10:47:04+02:00","inLanguage":"hu-HU","mainEntityOfPage":{"@id":"https:\/\/allasorias.hu\/hirek\/kik-talalhatnak-biztosan-allast-pest-megyeben\/#webpage"},"isPartOf":{"@id":"https:\/\/allasorias.hu\/hirek\/kik-talalhatnak-biztosan-allast-pest-megyeben\/#webpage"},"articleSection":"\u00c1ll\u00e1skeres\u00e9s, Gazdas\u00e1g, Hi\u00e1nyszakm\u00e1k, Munkaer\u0151piac"},{"@type":"BreadcrumbList","@id":"https:\/\/allasorias.hu\/hirek\/kik-talalhatnak-biztosan-allast-pest-megyeben\/#breadcrumblist","itemListElement":[{"@type":"ListItem","@id":"https:\/\/allasorias.hu\/hirek#listItem","position":1,"name":"Home","item":"https:\/\/allasorias.hu\/hirek","nextItem":{"@type":"ListItem","@id":"https:\/\/allasorias.hu\/hirek\/temak\/allaskereses\/#listItem","name":"\u00c1ll\u00e1skeres\u00e9s"}},{"@type":"ListItem","@id":"https:\/\/allasorias.hu\/hirek\/temak\/allaskereses\/#listItem","position":2,"name":"\u00c1ll\u00e1skeres\u00e9s","item":"https:\/\/allasorias.hu\/hirek\/temak\/allaskereses\/","nextItem":{"@type":"ListItem","@id":"https:\/\/allasorias.hu\/hirek\/kik-talalhatnak-biztosan-allast-pest-megyeben\/#listItem","name":"Kik tal\u00e1lhatnak biztosan \u00e1ll\u00e1st Pest megy\u00e9ben ?"},"previousItem":{"@type":"ListItem","@id":"https:\/\/allasorias.hu\/hirek#listItem","name":"Home"}},{"@type":"ListItem","@id":"https:\/\/allasorias.hu\/hirek\/kik-talalhatnak-biztosan-allast-pest-megyeben\/#listItem","position":3,"name":"Kik tal\u00e1lhatnak biztosan \u00e1ll\u00e1st Pest megy\u00e9ben ?","previousItem":{"@type":"ListItem","@id":"https:\/\/allasorias.hu\/hirek\/temak\/allaskereses\/#listItem","name":"\u00c1ll\u00e1skeres\u00e9s"}}]},{"@type":"Organization","@id":"https:\/\/allasorias.hu\/hirek\/#organization","name":"AllasOrias.hu | H\u00edrek-lapszemle","description":"\u00dczleti h\u00edrek az \u00e1ll\u00e1s \u00e9s a munka vil\u00e1g\u00e1b\u00f3l","url":"https:\/\/allasorias.hu\/hirek\/","logo":{"@type":"ImageObject","url":"https:\/\/allasorias.hu\/hirek\/wp-content\/uploads\/2022\/10\/allasorias_site_facebok_logo.png","@id":"https:\/\/allasorias.hu\/hirek\/kik-talalhatnak-biztosan-allast-pest-megyeben\/#organizationLogo"},"image":{"@id":"https:\/\/allasorias.hu\/hirek\/kik-talalhatnak-biztosan-allast-pest-megyeben\/#organizationLogo"},"sameAs":["https:\/\/www.facebook.com\/allasorias","https:\/\/www.linkedin.com\/company\/allasorias"]},{"@type":"Person","@id":"https:\/\/allasorias.hu\/hirek\/author\/admin-allasorias\/#author","url":"https:\/\/allasorias.hu\/hirek\/author\/admin-allasorias\/","name":"Juh\u00e1sz P\u00e9ter","image":{"@type":"ImageObject","@id":"https:\/\/allasorias.hu\/hirek\/kik-talalhatnak-biztosan-allast-pest-megyeben\/#authorImage","url":"https:\/\/secure.gravatar.com\/avatar\/36e6bcb83148978b992977cb0f54d22feb0cce8a0a849a9410532bb2623ba4c6?s=96&d=mm&r=g","width":96,"height":96,"caption":"Juh\u00e1sz P\u00e9ter"}},{"@type":"WebPage","@id":"https:\/\/allasorias.hu\/hirek\/kik-talalhatnak-biztosan-allast-pest-megyeben\/#webpage","url":"https:\/\/allasorias.hu\/hirek\/kik-talalhatnak-biztosan-allast-pest-megyeben\/","name":"Kik tal\u00e1lhatnak biztosan \u00e1ll\u00e1st Pest megy\u00e9ben ? | AllasOrias.hu | H\u00edrek-lapszemle","description":"Pest megy\u00e9ben a k\u00f6vetkez\u0151 szakm\u00e1kb\u00f3l van hi\u00e1ny a munkaer\u0151piacon: g\u00e9pi forg\u00e1csol\u00f3, \u00e1cs, szersz\u00e1mk\u00e9sz\u00edt\u0151, asztalos, ipari g\u00e9p\u00e9sz, fest\u0151, m\u00e1zol\u00f3, tap\u00e9t\u00e1z\u00f3, szoci\u00e1lis gondoz\u00f3 \u00e9s \u00e1pol\u00f3, gyakorl\u00f3 ment\u0151\u00e1pol\u00f3, gyakorl\u00f3 \u00e1pol\u00f3, szoftverfejleszt\u0151, hegeszt\u0151, \u00e9p\u00fclet- \u00e9s szerkezetlakatos, elektronikai m\u0171szer\u00e9sz, k\u00f6zpontif\u0171t\u00e9s- \u00e9s g\u00e1zh\u00e1l\u00f3zat rendszerszerel\u0151, logisztikai \u00e9s sz\u00e1ll\u00edtm\u00e1nyoz\u00e1si \u00fcgyint\u00e9z\u0151, g\u00e9pgy\u00e1rt\u00e1stechnol\u00f3giai technikus, elektronikai technikus, p\u00e9k, lov\u00e1sz, elad\u00f3, keresked\u0151, gazda, d\u00edszn\u00f6v\u00e9nykert\u00e9sz, mez\u0151gazdas\u00e1gi g\u00e9p\u00e9sz, erd\u00e9szeti","inLanguage":"hu-HU","isPartOf":{"@id":"https:\/\/allasorias.hu\/hirek\/#website"},"breadcrumb":{"@id":"https:\/\/allasorias.hu\/hirek\/kik-talalhatnak-biztosan-allast-pest-megyeben\/#breadcrumblist"},"author":{"@id":"https:\/\/allasorias.hu\/hirek\/author\/admin-allasorias\/#author"},"creator":{"@id":"https:\/\/allasorias.hu\/hirek\/author\/admin-allasorias\/#author"},"image":{"@type":"ImageObject","url":"https:\/\/allasorias.hu\/hirek\/wp-content\/uploads\/2018\/12\/construction-1510561_640.jpg","@id":"https:\/\/allasorias.hu\/hirek\/kik-talalhatnak-biztosan-allast-pest-megyeben\/#mainImage","width":640,"height":426},"primaryImageOfPage":{"@id":"https:\/\/allasorias.hu\/hirek\/kik-talalhatnak-biztosan-allast-pest-megyeben\/#mainImage"},"datePublished":"2018-12-11T10:47:04+02:00","dateModified":"2018-12-11T10:47:04+02:00"},{"@type":"WebSite","@id":"https:\/\/allasorias.hu\/hirek\/#website","url":"https:\/\/allasorias.hu\/hirek\/","name":"AllasOrias.hu | H\u00edrek-lapszemle","description":"\u00dczleti h\u00edrek az \u00e1ll\u00e1s \u00e9s a munka vil\u00e1g\u00e1b\u00f3l","inLanguage":"hu-HU","publisher":{"@id":"https:\/\/allasorias.hu\/hirek\/#organization"}}]},"og:locale":"hu_HU","og:site_name":"AllasOrias.hu | H\u00edrek-lapszemle | \u00dczleti h\u00edrek az \u00e1ll\u00e1s \u00e9s a munka vil\u00e1g\u00e1b\u00f3l","og:type":"article","og:title":"Kik tal\u00e1lhatnak biztosan \u00e1ll\u00e1st Pest megy\u00e9ben ? | AllasOrias.hu | H\u00edrek-lapszemle","og:description":"Pest megy\u00e9ben a k\u00f6vetkez\u0151 szakm\u00e1kb\u00f3l van hi\u00e1ny a munkaer\u0151piacon: g\u00e9pi forg\u00e1csol\u00f3, \u00e1cs, szersz\u00e1mk\u00e9sz\u00edt\u0151, asztalos, ipari g\u00e9p\u00e9sz, fest\u0151, m\u00e1zol\u00f3, tap\u00e9t\u00e1z\u00f3, szoci\u00e1lis gondoz\u00f3 \u00e9s \u00e1pol\u00f3, gyakorl\u00f3 ment\u0151\u00e1pol\u00f3, gyakorl\u00f3 \u00e1pol\u00f3, szoftverfejleszt\u0151, hegeszt\u0151, \u00e9p\u00fclet- \u00e9s szerkezetlakatos, elektronikai m\u0171szer\u00e9sz, k\u00f6zpontif\u0171t\u00e9s- \u00e9s g\u00e1zh\u00e1l\u00f3zat rendszerszerel\u0151, logisztikai \u00e9s sz\u00e1ll\u00edtm\u00e1nyoz\u00e1si \u00fcgyint\u00e9z\u0151, g\u00e9pgy\u00e1rt\u00e1stechnol\u00f3giai technikus, elektronikai technikus, p\u00e9k, lov\u00e1sz, elad\u00f3, keresked\u0151, gazda, d\u00edszn\u00f6v\u00e9nykert\u00e9sz, mez\u0151gazdas\u00e1gi g\u00e9p\u00e9sz, erd\u00e9szeti","og:url":"https:\/\/allasorias.hu\/hirek\/kik-talalhatnak-biztosan-allast-pest-megyeben\/","og:image":"https:\/\/allasorias.hu\/hirek\/wp-content\/uploads\/2018\/12\/construction-1510561_640.jpg","og:image:secure_url":"https:\/\/allasorias.hu\/hirek\/wp-content\/uploads\/2018\/12\/construction-1510561_640.jpg","og:image:width":640,"og:image:height":426,"article:published_time":"2018-12-11T10:47:04+00:00","article:modified_time":"2018-12-11T10:47:04+00:00","article:publisher":"https:\/\/www.facebook.com\/allasorias","twitter:card":"summary_large_image","twitter:title":"Kik tal\u00e1lhatnak biztosan \u00e1ll\u00e1st Pest megy\u00e9ben ? | AllasOrias.hu | H\u00edrek-lapszemle","twitter:description":"Pest megy\u00e9ben a k\u00f6vetkez\u0151 szakm\u00e1kb\u00f3l van hi\u00e1ny a munkaer\u0151piacon: g\u00e9pi forg\u00e1csol\u00f3, \u00e1cs, szersz\u00e1mk\u00e9sz\u00edt\u0151, asztalos, ipari g\u00e9p\u00e9sz, fest\u0151, m\u00e1zol\u00f3, tap\u00e9t\u00e1z\u00f3, szoci\u00e1lis gondoz\u00f3 \u00e9s \u00e1pol\u00f3, gyakorl\u00f3 ment\u0151\u00e1pol\u00f3, gyakorl\u00f3 \u00e1pol\u00f3, szoftverfejleszt\u0151, hegeszt\u0151, \u00e9p\u00fclet- \u00e9s szerkezetlakatos, elektronikai m\u0171szer\u00e9sz, k\u00f6zpontif\u0171t\u00e9s- \u00e9s g\u00e1zh\u00e1l\u00f3zat rendszerszerel\u0151, logisztikai \u00e9s sz\u00e1ll\u00edtm\u00e1nyoz\u00e1si \u00fcgyint\u00e9z\u0151, g\u00e9pgy\u00e1rt\u00e1stechnol\u00f3giai technikus, elektronikai technikus, p\u00e9k, lov\u00e1sz, elad\u00f3, keresked\u0151, gazda, d\u00edszn\u00f6v\u00e9nykert\u00e9sz, mez\u0151gazdas\u00e1gi g\u00e9p\u00e9sz, erd\u00e9szeti","twitter:image":"https:\/\/allasorias.hu\/hirek\/wp-content\/uploads\/2018\/12\/construction-1510561_640.jpg","twitter:label1":"Written by","twitter:data1":"Juh\u00e1sz P\u00e9ter","twitter:label2":"Est. reading time","twitter:data2":"2 minutes"},"aioseo_meta_data":{"post_id":"2294","title":null,"description":null,"keywords":null,"keyphrases":null,"primary_term":null,"canonical_url":null,"og_title":null,"og_description":null,"og_object_type":"default","og_image_type":"default","og_image_url":null,"og_image_width":null,"og_image_height":null,"og_image_custom_url":null,"og_image_custom_fields":null,"og_video":null,"og_custom_url":null,"og_article_section":null,"og_article_tags":null,"twitter_use_og":false,"twitter_card":"default","twitter_image_type":"default","twitter_image_url":null,"twitter_image_custom_url":null,"twitter_image_custom_fields":null,"twitter_title":null,"twitter_description":null,"schema":{"blockGraphs":[],"customGraphs":[],"default":{"data":{"Article":[],"Course":[],"Dataset":[],"FAQPage":[],"Movie":[],"Person":[],"Product":[],"ProductReview":[],"Car":[],"Recipe":[],"Service":[],"SoftwareApplication":[],"WebPage":[]},"graphName":"","isEnabled":true},"graphs":[],"defaultGraph":"","defaultPostTypeGraph":""},"schema_type":null,"schema_type_options":null,"pillar_content":false,"robots_default":true,"robots_noindex":false,"robots_noarchive":false,"robots_nosnippet":false,"robots_nofollow":false,"robots_noimageindex":false,"robots_noodp":false,"robots_notranslate":false,"robots_max_snippet":null,"robots_max_videopreview":null,"robots_max_imagepreview":"large","priority":null,"frequency":null,"location":null,"local_seo":null,"breadcrumb_settings":null,"limit_modified_date":false,"ai":null,"created":"2021-02-01 20:45:00","updated":"2025-10-02 09:34:19","seo_analyzer_scan_date":null,"focus_keyword":null,"additional_keywords":null,"truseo_locale":null},"aioseo_breadcrumb":"<div class=\"aioseo-breadcrumbs\"><span class=\"aioseo-breadcrumb\">\n\t\t\t<a href=\"https:\/\/allasorias.hu\/hirek\" title=\"Home\">Home<\/a>\n\t\t<\/span><span class=\"aioseo-breadcrumb-separator\">&raquo;<\/span><span class=\"aioseo-breadcrumb\">\n\t\t\t<a href=\"https:\/\/allasorias.hu\/hirek\/temak\/allaskereses\/\" title=\"\u00c1ll\u00e1skeres\u00e9s\">\u00c1ll\u00e1skeres\u00e9s<\/a>\n\t\t<\/span><span class=\"aioseo-breadcrumb-separator\">&raquo;<\/span><span class=\"aioseo-breadcrumb\">\n\t\t\tKik tal\u00e1lhatnak biztosan \u00e1ll\u00e1st Pest megy\u00e9ben ?\n\t\t<\/span><\/div>","aioseo_breadcrumb_json":[{"label":"Home","link":"https:\/\/allasorias.hu\/hirek"},{"label":"\u00c1ll\u00e1skeres\u00e9s","link":"https:\/\/allasorias.hu\/hirek\/temak\/allaskereses\/"},{"label":"Kik tal\u00e1lhatnak biztosan \u00e1ll\u00e1st Pest megy\u00e9ben ?","link":"https:\/\/allasorias.hu\/hirek\/kik-talalhatnak-biztosan-allast-pest-megyeben\/"}],"_links":{"self":[{"href":"https:\/\/allasorias.hu\/hirek\/wp-json\/wp\/v2\/posts\/2294","targetHints":{"allow":["GET"]}}],"collection":[{"href":"https:\/\/allasorias.hu\/hirek\/wp-json\/wp\/v2\/posts"}],"about":[{"href":"https:\/\/allasorias.hu\/hirek\/wp-json\/wp\/v2\/types\/post"}],"author":[{"embeddable":true,"href":"https:\/\/allasorias.hu\/hirek\/wp-json\/wp\/v2\/users\/1"}],"replies":[{"embeddable":true,"href":"https:\/\/allasorias.hu\/hirek\/wp-json\/wp\/v2\/comments?post=2294"}],"version-history":[{"count":1,"href":"https:\/\/allasorias.hu\/hirek\/wp-json\/wp\/v2\/posts\/2294\/revisions"}],"predecessor-version":[{"id":2296,"href":"https:\/\/allasorias.hu\/hirek\/wp-json\/wp\/v2\/posts\/2294\/revisions\/2296"}],"wp:featuredmedia":[{"embeddable":true,"href":"https:\/\/allasorias.hu\/hirek\/wp-json\/wp\/v2\/media\/2295"}],"wp:attachment":[{"href":"https:\/\/allasorias.hu\/hirek\/wp-json\/wp\/v2\/media?parent=2294"}],"wp:term":[{"taxonomy":"category","embeddable":true,"href":"https:\/\/allasorias.hu\/hirek\/wp-json\/wp\/v2\/categories?post=2294"},{"taxonomy":"post_tag","embeddable":true,"href":"https:\/\/allasorias.hu\/hirek\/wp-json\/wp\/v2\/tags?post=2294"}],"curies":[{"name":"wp","href":"https:\/\/api.w.org\/{rel}","templated":true}]}}