{"id":2288,"date":"2018-12-10T10:06:41","date_gmt":"2018-12-10T10:06:41","guid":{"rendered":"https:\/\/allasorias.hu\/hirek\/?p=2288"},"modified":"2022-12-23T09:56:48","modified_gmt":"2022-12-23T09:56:48","slug":"rekordot-ert-el-az-europai-munkaeropiac","status":"publish","type":"post","link":"https:\/\/allasorias.hu\/hirek\/rekordot-ert-el-az-europai-munkaeropiac\/","title":{"rendered":"Rekordot \u00e9rt el az eur\u00f3pai munkaer\u0151piac"},"content":{"rendered":"<p><strong>Rekordot \u00e9rt el a foglalkoztatottak sz\u00e1ma az eur\u00f3\u00f6vezetben az Eur\u00f3pai Uni\u00f3 statisztikai hivatala, az Eurostat kimutat\u00e1sa szerint.\u00a0 A harmadik negyed\u00e9vben a v\u00e9gleges kimutat\u00e1s szerint az el\u0151zetes adatokkal megegyez\u0151 m\u00e9rt\u00e9kben, 0,2 sz\u00e1zal\u00e9kkal n\u0151tt a foglalkoztatottak sz\u00e1ma az el\u0151z\u0151 negyed\u00e9vhez k\u00e9pest mind az eur\u00f3\u00f6vezetben, mind az Eur\u00f3pai Uni\u00f3ban. <\/strong><\/p>\n<p>A m\u00e1sodik negyed\u00e9vben mindk\u00e9t r\u00e9gi\u00f3ban 0,4 sz\u00e1zal\u00e9kkal n\u0151tt a foglalkoztatottak sz\u00e1ma negyed\u00e9ves b\u00e1zison, az els\u0151 negyed\u00e9vben pedig az eur\u00f3\u00f6vezetben 0,4 sz\u00e1zal\u00e9kkal, az EU-ban 0,5 sz\u00e1zal\u00e9kkal.Az Eur\u00f3pai Uni\u00f3ban a harmadik negyed\u00e9vben el\u00e9rt 239,3 milli\u00f3s, ezen bel\u00fcl az eur\u00f3\u00f6vezeti 158,3 milli\u00f3s foglalkoztat\u00e1s rekordnak sz\u00e1m\u00edt. A p\u00e9nz\u00fcgyi v\u00e1ls\u00e1got k\u00f6vet\u0151 foglalkoztat\u00e1si m\u00e9lypont, az eur\u00f3\u00f6vezetn\u00e9l 2013 m\u00e1sodik negyed\u00e9ve, az EU est\u00e9ben pedig 2013 els\u0151 negyed\u00e9ve \u00f3ta az eru\u00f3\u00f6vezetben 9,6 milli\u00f3val, az EU-ban 15,2 milli\u00f3val n\u0151tt a foglalkoztat\u00e1s. A legnagyobb n\u00f6veked\u00e9st a foglalkoztatottak sz\u00e1m\u00e1ban az el\u0151z\u0151 negyed\u00e9vhez k\u00e9pest M\u00e1lta \u00e9rte el a harmadik negyed\u00e9vben, 0,9 sz\u00e1zal\u00e9kosat. Cipruson \u00e9s Litv\u00e1ni\u00e1ban 0,8 sz\u00e1zal\u00e9k, Lettorsz\u00e1gban, Luxembourgban \u00e9s Szlov\u00e9ni\u00e1ban 0,7 sz\u00e1zal\u00e9k volt a n\u00f6veked\u00e9s. Hollandia 0,6 sz\u00e1zal\u00e9kos,Magyarorsz\u00e1g \u00e9s Portug\u00e1lia pedig 0,5 sz\u00e1zal\u00e9kos \u2013 az \u00f6t\u00f6dik legnagyobb \u2013 n\u00f6veked\u00e9st \u00e9rt el a harmadik negyed\u00e9vben a foglalkoztatottak sz\u00e1m\u00e1ban. Negyed\u00e9ves cs\u00f6kken\u00e9st jelentett a foglalkoztatottak sz\u00e1m\u00e1ban \u00c9sztorsz\u00e1g, 0,8 sz\u00e1zal\u00e9kosat, illetve Bulg\u00e1ria \u00e9s Olaszorsz\u00e1g 0,3 sz\u00e1zal\u00e9kosat, Horv\u00e1torsz\u00e1g \u00e9s Lengyelorsz\u00e1g 0,2 sz\u00e1zal\u00e9kosat, valamint Rom\u00e1nia 0,1 sz\u00e1zal\u00e9kosat.Az uni\u00f3s tag\u00e1llamok foglalkoztatotts\u00e1gi r\u00e1t\u00e1j\u00e1nak n\u00f6veked\u00e9se a harmadik negyed\u00e9vben (az el\u0151z\u0151 negyed\u00e9vhez m\u00e9rt, szezon\u00e1lisan kiigaz\u00edtott adatok, az \u00edr adat nem \u00e1llt rendelkez\u00e9sre)<\/p>\n<p><em>Forr\u00e1s: vg.hu<\/em><\/p>\n","protected":false},"excerpt":{"rendered":"<p>Rekordot \u00e9rt el a foglalkoztatottak sz\u00e1ma az eur\u00f3\u00f6vezetben az Eur\u00f3pai Uni\u00f3 statisztikai hivatala, az Eurostat kimutat\u00e1sa szerint.\u00a0 A harmadik negyed\u00e9vben a v\u00e9gleges kimutat\u00e1s szerint az el\u0151zetes adatokkal megegyez\u0151 m\u00e9rt\u00e9kben, 0,2 sz\u00e1zal\u00e9kkal n\u0151tt a foglalkoztatottak sz\u00e1ma az el\u0151z\u0151 negyed\u00e9vhez k\u00e9pest mind az eur\u00f3\u00f6vezetben, mind az Eur\u00f3pai Uni\u00f3ban. A m\u00e1sodik negyed\u00e9vben mindk\u00e9t r\u00e9gi\u00f3ban 0,4 sz\u00e1zal\u00e9kkal n\u0151tt a [&hellip;]<\/p>\n","protected":false},"author":1,"featured_media":6092,"comment_status":"open","ping_status":"open","sticky":false,"template":"","format":"standard","meta":{"_monsterinsights_skip_tracking":false,"footnotes":""},"categories":[198,200],"tags":[],"class_list":["post-2288","post","type-post","status-publish","format-standard","has-post-thumbnail","hentry","category-gazdasag","category-munkaeropiac"],"aioseo_notices":[],"aioseo_head":"\n\t\t<!-- All in One SEO 5.0.0.1 - aioseo.com -->\n\t<meta name=\"description\" content=\"Rekordot \u00e9rt el a foglalkoztatottak sz\u00e1ma az eur\u00f3\u00f6vezetben az Eur\u00f3pai Uni\u00f3 statisztikai hivatala, az Eurostat kimutat\u00e1sa szerint. A harmadik negyed\u00e9vben a v\u00e9gleges kimutat\u00e1s szerint az el\u0151zetes adatokkal megegyez\u0151 m\u00e9rt\u00e9kben, 0,2 sz\u00e1zal\u00e9kkal n\u0151tt a foglalkoztatottak sz\u00e1ma az el\u0151z\u0151 negyed\u00e9vhez k\u00e9pest mind az eur\u00f3\u00f6vezetben, mind az Eur\u00f3pai Uni\u00f3ban. A m\u00e1sodik negyed\u00e9vben mindk\u00e9t r\u00e9gi\u00f3ban 0,4 sz\u00e1zal\u00e9kkal n\u0151tt a\" \/>\n\t<meta name=\"robots\" content=\"max-image-preview:large\" \/>\n\t<meta name=\"author\" content=\"Juh\u00e1sz P\u00e9ter\"\/>\n\t<link rel=\"canonical\" href=\"https:\/\/allasorias.hu\/hirek\/rekordot-ert-el-az-europai-munkaeropiac\/\" \/>\n\t<meta name=\"generator\" content=\"All in One SEO (AIOSEO) 5.0.0.1\" \/>\n\t\t<meta property=\"og:locale\" content=\"hu_HU\" \/>\n\t\t<meta property=\"og:site_name\" content=\"AllasOrias.hu | H\u00edrek-lapszemle | \u00dczleti h\u00edrek az \u00e1ll\u00e1s \u00e9s a munka vil\u00e1g\u00e1b\u00f3l\" \/>\n\t\t<meta property=\"og:type\" content=\"article\" \/>\n\t\t<meta property=\"og:title\" content=\"Rekordot \u00e9rt el az eur\u00f3pai munkaer\u0151piac | AllasOrias.hu | H\u00edrek-lapszemle\" \/>\n\t\t<meta property=\"og:description\" content=\"Rekordot \u00e9rt el a foglalkoztatottak sz\u00e1ma az eur\u00f3\u00f6vezetben az Eur\u00f3pai Uni\u00f3 statisztikai hivatala, az Eurostat kimutat\u00e1sa szerint. A harmadik negyed\u00e9vben a v\u00e9gleges kimutat\u00e1s szerint az el\u0151zetes adatokkal megegyez\u0151 m\u00e9rt\u00e9kben, 0,2 sz\u00e1zal\u00e9kkal n\u0151tt a foglalkoztatottak sz\u00e1ma az el\u0151z\u0151 negyed\u00e9vhez k\u00e9pest mind az eur\u00f3\u00f6vezetben, mind az Eur\u00f3pai Uni\u00f3ban. A m\u00e1sodik negyed\u00e9vben mindk\u00e9t r\u00e9gi\u00f3ban 0,4 sz\u00e1zal\u00e9kkal n\u0151tt a\" \/>\n\t\t<meta property=\"og:url\" content=\"https:\/\/allasorias.hu\/hirek\/rekordot-ert-el-az-europai-munkaeropiac\/\" \/>\n\t\t<meta property=\"og:image\" content=\"https:\/\/allasorias.hu\/hirek\/wp-content\/uploads\/2018\/12\/adults-business-coffee-1323592-1.jpg\" \/>\n\t\t<meta property=\"og:image:secure_url\" content=\"https:\/\/allasorias.hu\/hirek\/wp-content\/uploads\/2018\/12\/adults-business-coffee-1323592-1.jpg\" \/>\n\t\t<meta property=\"og:image:width\" content=\"1000\" \/>\n\t\t<meta property=\"og:image:height\" content=\"618\" \/>\n\t\t<meta property=\"article:published_time\" content=\"2018-12-10T10:06:41+00:00\" \/>\n\t\t<meta property=\"article:modified_time\" content=\"2022-12-23T09:56:48+00:00\" \/>\n\t\t<meta property=\"article:publisher\" content=\"https:\/\/www.facebook.com\/allasorias\" \/>\n\t\t<meta name=\"twitter:card\" content=\"summary_large_image\" \/>\n\t\t<meta name=\"twitter:title\" content=\"Rekordot \u00e9rt el az eur\u00f3pai munkaer\u0151piac | AllasOrias.hu | H\u00edrek-lapszemle\" \/>\n\t\t<meta name=\"twitter:description\" content=\"Rekordot \u00e9rt el a foglalkoztatottak sz\u00e1ma az eur\u00f3\u00f6vezetben az Eur\u00f3pai Uni\u00f3 statisztikai hivatala, az Eurostat kimutat\u00e1sa szerint. A harmadik negyed\u00e9vben a v\u00e9gleges kimutat\u00e1s szerint az el\u0151zetes adatokkal megegyez\u0151 m\u00e9rt\u00e9kben, 0,2 sz\u00e1zal\u00e9kkal n\u0151tt a foglalkoztatottak sz\u00e1ma az el\u0151z\u0151 negyed\u00e9vhez k\u00e9pest mind az eur\u00f3\u00f6vezetben, mind az Eur\u00f3pai Uni\u00f3ban. A m\u00e1sodik negyed\u00e9vben mindk\u00e9t r\u00e9gi\u00f3ban 0,4 sz\u00e1zal\u00e9kkal n\u0151tt a\" \/>\n\t\t<meta name=\"twitter:image\" content=\"https:\/\/allasorias.hu\/hirek\/wp-content\/uploads\/2018\/12\/adults-business-coffee-1323592-1.jpg\" \/>\n\t\t<meta name=\"twitter:label1\" content=\"Written by\" \/>\n\t\t<meta name=\"twitter:data1\" content=\"Juh\u00e1sz P\u00e9ter\" \/>\n\t\t<meta name=\"twitter:label2\" content=\"Est. reading time\" \/>\n\t\t<meta name=\"twitter:data2\" content=\"2 minutes\" \/>\n\t\t<script type=\"application\/ld+json\" class=\"aioseo-schema\">\n\t\t\t{\"@context\":\"https:\\\/\\\/schema.org\",\"@graph\":[{\"@type\":\"Article\",\"@id\":\"https:\\\/\\\/allasorias.hu\\\/hirek\\\/rekordot-ert-el-az-europai-munkaeropiac\\\/#article\",\"name\":\"Rekordot \\u00e9rt el az eur\\u00f3pai munkaer\\u0151piac | AllasOrias.hu | H\\u00edrek-lapszemle\",\"headline\":\"Rekordot \\u00e9rt el az eur\\u00f3pai munkaer\\u0151piac\",\"author\":{\"@id\":\"https:\\\/\\\/allasorias.hu\\\/hirek\\\/author\\\/admin-allasorias\\\/#author\"},\"publisher\":{\"@id\":\"https:\\\/\\\/allasorias.hu\\\/hirek\\\/#organization\"},\"image\":{\"@type\":\"ImageObject\",\"url\":\"https:\\\/\\\/allasorias.hu\\\/hirek\\\/wp-content\\\/uploads\\\/2018\\\/12\\\/adults-business-coffee-1323592-1.jpg\",\"width\":1000,\"height\":618},\"datePublished\":\"2018-12-10T10:06:41+02:00\",\"dateModified\":\"2022-12-23T09:56:48+02:00\",\"inLanguage\":\"hu-HU\",\"mainEntityOfPage\":{\"@id\":\"https:\\\/\\\/allasorias.hu\\\/hirek\\\/rekordot-ert-el-az-europai-munkaeropiac\\\/#webpage\"},\"isPartOf\":{\"@id\":\"https:\\\/\\\/allasorias.hu\\\/hirek\\\/rekordot-ert-el-az-europai-munkaeropiac\\\/#webpage\"},\"articleSection\":\"Gazdas\\u00e1g, Munkaer\\u0151piac\"},{\"@type\":\"BreadcrumbList\",\"@id\":\"https:\\\/\\\/allasorias.hu\\\/hirek\\\/rekordot-ert-el-az-europai-munkaeropiac\\\/#breadcrumblist\",\"itemListElement\":[{\"@type\":\"ListItem\",\"@id\":\"https:\\\/\\\/allasorias.hu\\\/hirek#listItem\",\"position\":1,\"name\":\"Home\",\"item\":\"https:\\\/\\\/allasorias.hu\\\/hirek\",\"nextItem\":{\"@type\":\"ListItem\",\"@id\":\"https:\\\/\\\/allasorias.hu\\\/hirek\\\/temak\\\/gazdasag\\\/#listItem\",\"name\":\"Gazdas\\u00e1g\"}},{\"@type\":\"ListItem\",\"@id\":\"https:\\\/\\\/allasorias.hu\\\/hirek\\\/temak\\\/gazdasag\\\/#listItem\",\"position\":2,\"name\":\"Gazdas\\u00e1g\",\"item\":\"https:\\\/\\\/allasorias.hu\\\/hirek\\\/temak\\\/gazdasag\\\/\",\"nextItem\":{\"@type\":\"ListItem\",\"@id\":\"https:\\\/\\\/allasorias.hu\\\/hirek\\\/rekordot-ert-el-az-europai-munkaeropiac\\\/#listItem\",\"name\":\"Rekordot \\u00e9rt el az eur\\u00f3pai munkaer\\u0151piac\"},\"previousItem\":{\"@type\":\"ListItem\",\"@id\":\"https:\\\/\\\/allasorias.hu\\\/hirek#listItem\",\"name\":\"Home\"}},{\"@type\":\"ListItem\",\"@id\":\"https:\\\/\\\/allasorias.hu\\\/hirek\\\/rekordot-ert-el-az-europai-munkaeropiac\\\/#listItem\",\"position\":3,\"name\":\"Rekordot \\u00e9rt el az eur\\u00f3pai munkaer\\u0151piac\",\"previousItem\":{\"@type\":\"ListItem\",\"@id\":\"https:\\\/\\\/allasorias.hu\\\/hirek\\\/temak\\\/gazdasag\\\/#listItem\",\"name\":\"Gazdas\\u00e1g\"}}]},{\"@type\":\"Organization\",\"@id\":\"https:\\\/\\\/allasorias.hu\\\/hirek\\\/#organization\",\"name\":\"AllasOrias.hu | H\\u00edrek-lapszemle\",\"description\":\"\\u00dczleti h\\u00edrek az \\u00e1ll\\u00e1s \\u00e9s a munka vil\\u00e1g\\u00e1b\\u00f3l\",\"url\":\"https:\\\/\\\/allasorias.hu\\\/hirek\\\/\",\"logo\":{\"@type\":\"ImageObject\",\"url\":\"https:\\\/\\\/allasorias.hu\\\/hirek\\\/wp-content\\\/uploads\\\/2022\\\/10\\\/allasorias_site_facebok_logo.png\",\"@id\":\"https:\\\/\\\/allasorias.hu\\\/hirek\\\/rekordot-ert-el-az-europai-munkaeropiac\\\/#organizationLogo\"},\"image\":{\"@id\":\"https:\\\/\\\/allasorias.hu\\\/hirek\\\/rekordot-ert-el-az-europai-munkaeropiac\\\/#organizationLogo\"},\"sameAs\":[\"https:\\\/\\\/www.facebook.com\\\/allasorias\",\"https:\\\/\\\/www.linkedin.com\\\/company\\\/allasorias\"]},{\"@type\":\"Person\",\"@id\":\"https:\\\/\\\/allasorias.hu\\\/hirek\\\/author\\\/admin-allasorias\\\/#author\",\"url\":\"https:\\\/\\\/allasorias.hu\\\/hirek\\\/author\\\/admin-allasorias\\\/\",\"name\":\"Juh\\u00e1sz P\\u00e9ter\",\"image\":{\"@type\":\"ImageObject\",\"@id\":\"https:\\\/\\\/allasorias.hu\\\/hirek\\\/rekordot-ert-el-az-europai-munkaeropiac\\\/#authorImage\",\"url\":\"https:\\\/\\\/secure.gravatar.com\\\/avatar\\\/36e6bcb83148978b992977cb0f54d22feb0cce8a0a849a9410532bb2623ba4c6?s=96&d=mm&r=g\",\"width\":96,\"height\":96,\"caption\":\"Juh\\u00e1sz P\\u00e9ter\"}},{\"@type\":\"WebPage\",\"@id\":\"https:\\\/\\\/allasorias.hu\\\/hirek\\\/rekordot-ert-el-az-europai-munkaeropiac\\\/#webpage\",\"url\":\"https:\\\/\\\/allasorias.hu\\\/hirek\\\/rekordot-ert-el-az-europai-munkaeropiac\\\/\",\"name\":\"Rekordot \\u00e9rt el az eur\\u00f3pai munkaer\\u0151piac | AllasOrias.hu | H\\u00edrek-lapszemle\",\"description\":\"Rekordot \\u00e9rt el a foglalkoztatottak sz\\u00e1ma az eur\\u00f3\\u00f6vezetben az Eur\\u00f3pai Uni\\u00f3 statisztikai hivatala, az Eurostat kimutat\\u00e1sa szerint. A harmadik negyed\\u00e9vben a v\\u00e9gleges kimutat\\u00e1s szerint az el\\u0151zetes adatokkal megegyez\\u0151 m\\u00e9rt\\u00e9kben, 0,2 sz\\u00e1zal\\u00e9kkal n\\u0151tt a foglalkoztatottak sz\\u00e1ma az el\\u0151z\\u0151 negyed\\u00e9vhez k\\u00e9pest mind az eur\\u00f3\\u00f6vezetben, mind az Eur\\u00f3pai Uni\\u00f3ban. A m\\u00e1sodik negyed\\u00e9vben mindk\\u00e9t r\\u00e9gi\\u00f3ban 0,4 sz\\u00e1zal\\u00e9kkal n\\u0151tt a\",\"inLanguage\":\"hu-HU\",\"isPartOf\":{\"@id\":\"https:\\\/\\\/allasorias.hu\\\/hirek\\\/#website\"},\"breadcrumb\":{\"@id\":\"https:\\\/\\\/allasorias.hu\\\/hirek\\\/rekordot-ert-el-az-europai-munkaeropiac\\\/#breadcrumblist\"},\"author\":{\"@id\":\"https:\\\/\\\/allasorias.hu\\\/hirek\\\/author\\\/admin-allasorias\\\/#author\"},\"creator\":{\"@id\":\"https:\\\/\\\/allasorias.hu\\\/hirek\\\/author\\\/admin-allasorias\\\/#author\"},\"image\":{\"@type\":\"ImageObject\",\"url\":\"https:\\\/\\\/allasorias.hu\\\/hirek\\\/wp-content\\\/uploads\\\/2018\\\/12\\\/adults-business-coffee-1323592-1.jpg\",\"@id\":\"https:\\\/\\\/allasorias.hu\\\/hirek\\\/rekordot-ert-el-az-europai-munkaeropiac\\\/#mainImage\",\"width\":1000,\"height\":618},\"primaryImageOfPage\":{\"@id\":\"https:\\\/\\\/allasorias.hu\\\/hirek\\\/rekordot-ert-el-az-europai-munkaeropiac\\\/#mainImage\"},\"datePublished\":\"2018-12-10T10:06:41+02:00\",\"dateModified\":\"2022-12-23T09:56:48+02:00\"},{\"@type\":\"WebSite\",\"@id\":\"https:\\\/\\\/allasorias.hu\\\/hirek\\\/#website\",\"url\":\"https:\\\/\\\/allasorias.hu\\\/hirek\\\/\",\"name\":\"AllasOrias.hu | H\\u00edrek-lapszemle\",\"description\":\"\\u00dczleti h\\u00edrek az \\u00e1ll\\u00e1s \\u00e9s a munka vil\\u00e1g\\u00e1b\\u00f3l\",\"inLanguage\":\"hu-HU\",\"publisher\":{\"@id\":\"https:\\\/\\\/allasorias.hu\\\/hirek\\\/#organization\"}}]}\n\t\t<\/script>\n\t\t<!-- All in One SEO -->\n\n","aioseo_head_json":{"title":"Rekordot \u00e9rt el az eur\u00f3pai munkaer\u0151piac | AllasOrias.hu | H\u00edrek-lapszemle","description":"Rekordot \u00e9rt el a foglalkoztatottak sz\u00e1ma az eur\u00f3\u00f6vezetben az Eur\u00f3pai Uni\u00f3 statisztikai hivatala, az Eurostat kimutat\u00e1sa szerint. A harmadik negyed\u00e9vben a v\u00e9gleges kimutat\u00e1s szerint az el\u0151zetes adatokkal megegyez\u0151 m\u00e9rt\u00e9kben, 0,2 sz\u00e1zal\u00e9kkal n\u0151tt a foglalkoztatottak sz\u00e1ma az el\u0151z\u0151 negyed\u00e9vhez k\u00e9pest mind az eur\u00f3\u00f6vezetben, mind az Eur\u00f3pai Uni\u00f3ban. A m\u00e1sodik negyed\u00e9vben mindk\u00e9t r\u00e9gi\u00f3ban 0,4 sz\u00e1zal\u00e9kkal n\u0151tt a","canonical_url":"https:\/\/allasorias.hu\/hirek\/rekordot-ert-el-az-europai-munkaeropiac\/","robots":"max-image-preview:large","keywords":"","webmasterTools":{"miscellaneous":""},"schema":{"@context":"https:\/\/schema.org","@graph":[{"@type":"Article","@id":"https:\/\/allasorias.hu\/hirek\/rekordot-ert-el-az-europai-munkaeropiac\/#article","name":"Rekordot \u00e9rt el az eur\u00f3pai munkaer\u0151piac | AllasOrias.hu | H\u00edrek-lapszemle","headline":"Rekordot \u00e9rt el az eur\u00f3pai munkaer\u0151piac","author":{"@id":"https:\/\/allasorias.hu\/hirek\/author\/admin-allasorias\/#author"},"publisher":{"@id":"https:\/\/allasorias.hu\/hirek\/#organization"},"image":{"@type":"ImageObject","url":"https:\/\/allasorias.hu\/hirek\/wp-content\/uploads\/2018\/12\/adults-business-coffee-1323592-1.jpg","width":1000,"height":618},"datePublished":"2018-12-10T10:06:41+02:00","dateModified":"2022-12-23T09:56:48+02:00","inLanguage":"hu-HU","mainEntityOfPage":{"@id":"https:\/\/allasorias.hu\/hirek\/rekordot-ert-el-az-europai-munkaeropiac\/#webpage"},"isPartOf":{"@id":"https:\/\/allasorias.hu\/hirek\/rekordot-ert-el-az-europai-munkaeropiac\/#webpage"},"articleSection":"Gazdas\u00e1g, Munkaer\u0151piac"},{"@type":"BreadcrumbList","@id":"https:\/\/allasorias.hu\/hirek\/rekordot-ert-el-az-europai-munkaeropiac\/#breadcrumblist","itemListElement":[{"@type":"ListItem","@id":"https:\/\/allasorias.hu\/hirek#listItem","position":1,"name":"Home","item":"https:\/\/allasorias.hu\/hirek","nextItem":{"@type":"ListItem","@id":"https:\/\/allasorias.hu\/hirek\/temak\/gazdasag\/#listItem","name":"Gazdas\u00e1g"}},{"@type":"ListItem","@id":"https:\/\/allasorias.hu\/hirek\/temak\/gazdasag\/#listItem","position":2,"name":"Gazdas\u00e1g","item":"https:\/\/allasorias.hu\/hirek\/temak\/gazdasag\/","nextItem":{"@type":"ListItem","@id":"https:\/\/allasorias.hu\/hirek\/rekordot-ert-el-az-europai-munkaeropiac\/#listItem","name":"Rekordot \u00e9rt el az eur\u00f3pai munkaer\u0151piac"},"previousItem":{"@type":"ListItem","@id":"https:\/\/allasorias.hu\/hirek#listItem","name":"Home"}},{"@type":"ListItem","@id":"https:\/\/allasorias.hu\/hirek\/rekordot-ert-el-az-europai-munkaeropiac\/#listItem","position":3,"name":"Rekordot \u00e9rt el az eur\u00f3pai munkaer\u0151piac","previousItem":{"@type":"ListItem","@id":"https:\/\/allasorias.hu\/hirek\/temak\/gazdasag\/#listItem","name":"Gazdas\u00e1g"}}]},{"@type":"Organization","@id":"https:\/\/allasorias.hu\/hirek\/#organization","name":"AllasOrias.hu | H\u00edrek-lapszemle","description":"\u00dczleti h\u00edrek az \u00e1ll\u00e1s \u00e9s a munka vil\u00e1g\u00e1b\u00f3l","url":"https:\/\/allasorias.hu\/hirek\/","logo":{"@type":"ImageObject","url":"https:\/\/allasorias.hu\/hirek\/wp-content\/uploads\/2022\/10\/allasorias_site_facebok_logo.png","@id":"https:\/\/allasorias.hu\/hirek\/rekordot-ert-el-az-europai-munkaeropiac\/#organizationLogo"},"image":{"@id":"https:\/\/allasorias.hu\/hirek\/rekordot-ert-el-az-europai-munkaeropiac\/#organizationLogo"},"sameAs":["https:\/\/www.facebook.com\/allasorias","https:\/\/www.linkedin.com\/company\/allasorias"]},{"@type":"Person","@id":"https:\/\/allasorias.hu\/hirek\/author\/admin-allasorias\/#author","url":"https:\/\/allasorias.hu\/hirek\/author\/admin-allasorias\/","name":"Juh\u00e1sz P\u00e9ter","image":{"@type":"ImageObject","@id":"https:\/\/allasorias.hu\/hirek\/rekordot-ert-el-az-europai-munkaeropiac\/#authorImage","url":"https:\/\/secure.gravatar.com\/avatar\/36e6bcb83148978b992977cb0f54d22feb0cce8a0a849a9410532bb2623ba4c6?s=96&d=mm&r=g","width":96,"height":96,"caption":"Juh\u00e1sz P\u00e9ter"}},{"@type":"WebPage","@id":"https:\/\/allasorias.hu\/hirek\/rekordot-ert-el-az-europai-munkaeropiac\/#webpage","url":"https:\/\/allasorias.hu\/hirek\/rekordot-ert-el-az-europai-munkaeropiac\/","name":"Rekordot \u00e9rt el az eur\u00f3pai munkaer\u0151piac | AllasOrias.hu | H\u00edrek-lapszemle","description":"Rekordot \u00e9rt el a foglalkoztatottak sz\u00e1ma az eur\u00f3\u00f6vezetben az Eur\u00f3pai Uni\u00f3 statisztikai hivatala, az Eurostat kimutat\u00e1sa szerint. A harmadik negyed\u00e9vben a v\u00e9gleges kimutat\u00e1s szerint az el\u0151zetes adatokkal megegyez\u0151 m\u00e9rt\u00e9kben, 0,2 sz\u00e1zal\u00e9kkal n\u0151tt a foglalkoztatottak sz\u00e1ma az el\u0151z\u0151 negyed\u00e9vhez k\u00e9pest mind az eur\u00f3\u00f6vezetben, mind az Eur\u00f3pai Uni\u00f3ban. A m\u00e1sodik negyed\u00e9vben mindk\u00e9t r\u00e9gi\u00f3ban 0,4 sz\u00e1zal\u00e9kkal n\u0151tt a","inLanguage":"hu-HU","isPartOf":{"@id":"https:\/\/allasorias.hu\/hirek\/#website"},"breadcrumb":{"@id":"https:\/\/allasorias.hu\/hirek\/rekordot-ert-el-az-europai-munkaeropiac\/#breadcrumblist"},"author":{"@id":"https:\/\/allasorias.hu\/hirek\/author\/admin-allasorias\/#author"},"creator":{"@id":"https:\/\/allasorias.hu\/hirek\/author\/admin-allasorias\/#author"},"image":{"@type":"ImageObject","url":"https:\/\/allasorias.hu\/hirek\/wp-content\/uploads\/2018\/12\/adults-business-coffee-1323592-1.jpg","@id":"https:\/\/allasorias.hu\/hirek\/rekordot-ert-el-az-europai-munkaeropiac\/#mainImage","width":1000,"height":618},"primaryImageOfPage":{"@id":"https:\/\/allasorias.hu\/hirek\/rekordot-ert-el-az-europai-munkaeropiac\/#mainImage"},"datePublished":"2018-12-10T10:06:41+02:00","dateModified":"2022-12-23T09:56:48+02:00"},{"@type":"WebSite","@id":"https:\/\/allasorias.hu\/hirek\/#website","url":"https:\/\/allasorias.hu\/hirek\/","name":"AllasOrias.hu | H\u00edrek-lapszemle","description":"\u00dczleti h\u00edrek az \u00e1ll\u00e1s \u00e9s a munka vil\u00e1g\u00e1b\u00f3l","inLanguage":"hu-HU","publisher":{"@id":"https:\/\/allasorias.hu\/hirek\/#organization"}}]},"og:locale":"hu_HU","og:site_name":"AllasOrias.hu | H\u00edrek-lapszemle | \u00dczleti h\u00edrek az \u00e1ll\u00e1s \u00e9s a munka vil\u00e1g\u00e1b\u00f3l","og:type":"article","og:title":"Rekordot \u00e9rt el az eur\u00f3pai munkaer\u0151piac | AllasOrias.hu | H\u00edrek-lapszemle","og:description":"Rekordot \u00e9rt el a foglalkoztatottak sz\u00e1ma az eur\u00f3\u00f6vezetben az Eur\u00f3pai Uni\u00f3 statisztikai hivatala, az Eurostat kimutat\u00e1sa szerint. A harmadik negyed\u00e9vben a v\u00e9gleges kimutat\u00e1s szerint az el\u0151zetes adatokkal megegyez\u0151 m\u00e9rt\u00e9kben, 0,2 sz\u00e1zal\u00e9kkal n\u0151tt a foglalkoztatottak sz\u00e1ma az el\u0151z\u0151 negyed\u00e9vhez k\u00e9pest mind az eur\u00f3\u00f6vezetben, mind az Eur\u00f3pai Uni\u00f3ban. A m\u00e1sodik negyed\u00e9vben mindk\u00e9t r\u00e9gi\u00f3ban 0,4 sz\u00e1zal\u00e9kkal n\u0151tt a","og:url":"https:\/\/allasorias.hu\/hirek\/rekordot-ert-el-az-europai-munkaeropiac\/","og:image":"https:\/\/allasorias.hu\/hirek\/wp-content\/uploads\/2018\/12\/adults-business-coffee-1323592-1.jpg","og:image:secure_url":"https:\/\/allasorias.hu\/hirek\/wp-content\/uploads\/2018\/12\/adults-business-coffee-1323592-1.jpg","og:image:width":1000,"og:image:height":618,"article:published_time":"2018-12-10T10:06:41+00:00","article:modified_time":"2022-12-23T09:56:48+00:00","article:publisher":"https:\/\/www.facebook.com\/allasorias","twitter:card":"summary_large_image","twitter:title":"Rekordot \u00e9rt el az eur\u00f3pai munkaer\u0151piac | AllasOrias.hu | H\u00edrek-lapszemle","twitter:description":"Rekordot \u00e9rt el a foglalkoztatottak sz\u00e1ma az eur\u00f3\u00f6vezetben az Eur\u00f3pai Uni\u00f3 statisztikai hivatala, az Eurostat kimutat\u00e1sa szerint. A harmadik negyed\u00e9vben a v\u00e9gleges kimutat\u00e1s szerint az el\u0151zetes adatokkal megegyez\u0151 m\u00e9rt\u00e9kben, 0,2 sz\u00e1zal\u00e9kkal n\u0151tt a foglalkoztatottak sz\u00e1ma az el\u0151z\u0151 negyed\u00e9vhez k\u00e9pest mind az eur\u00f3\u00f6vezetben, mind az Eur\u00f3pai Uni\u00f3ban. A m\u00e1sodik negyed\u00e9vben mindk\u00e9t r\u00e9gi\u00f3ban 0,4 sz\u00e1zal\u00e9kkal n\u0151tt a","twitter:image":"https:\/\/allasorias.hu\/hirek\/wp-content\/uploads\/2018\/12\/adults-business-coffee-1323592-1.jpg","twitter:label1":"Written by","twitter:data1":"Juh\u00e1sz P\u00e9ter","twitter:label2":"Est. reading time","twitter:data2":"2 minutes"},"aioseo_meta_data":{"post_id":"2288","title":null,"description":null,"keywords":[],"keyphrases":{"focus":{"keyphrase":"","score":0,"analysis":{"keyphraseInTitle":{"score":0,"maxScore":9,"error":1}}},"additional":[]},"primary_term":null,"canonical_url":null,"og_title":null,"og_description":null,"og_object_type":"default","og_image_type":"default","og_image_url":null,"og_image_width":null,"og_image_height":null,"og_image_custom_url":null,"og_image_custom_fields":null,"og_video":"","og_custom_url":null,"og_article_section":null,"og_article_tags":[],"twitter_use_og":false,"twitter_card":"default","twitter_image_type":"default","twitter_image_url":null,"twitter_image_custom_url":null,"twitter_image_custom_fields":null,"twitter_title":null,"twitter_description":null,"schema":{"blockGraphs":[],"customGraphs":[],"default":{"data":{"Article":[],"Course":[],"Dataset":[],"FAQPage":[],"Movie":[],"Person":[],"Product":[],"ProductReview":[],"Car":[],"Recipe":[],"Service":[],"SoftwareApplication":[],"WebPage":[]},"graphName":"Article","isEnabled":true},"graphs":[],"defaultGraph":"","defaultPostTypeGraph":""},"schema_type":null,"schema_type_options":null,"pillar_content":false,"robots_default":true,"robots_noindex":false,"robots_noarchive":false,"robots_nosnippet":false,"robots_nofollow":false,"robots_noimageindex":false,"robots_noodp":false,"robots_notranslate":false,"robots_max_snippet":"-1","robots_max_videopreview":"-1","robots_max_imagepreview":"large","priority":null,"frequency":"default","location":null,"local_seo":null,"breadcrumb_settings":null,"limit_modified_date":false,"ai":null,"created":"2021-02-01 20:45:00","updated":"2025-10-02 09:33:46","seo_analyzer_scan_date":null,"focus_keyword":null,"additional_keywords":null,"truseo_locale":null},"aioseo_breadcrumb":"<div class=\"aioseo-breadcrumbs\"><span class=\"aioseo-breadcrumb\">\n\t\t\t<a href=\"https:\/\/allasorias.hu\/hirek\" title=\"Home\">Home<\/a>\n\t\t<\/span><span class=\"aioseo-breadcrumb-separator\">&raquo;<\/span><span class=\"aioseo-breadcrumb\">\n\t\t\t<a href=\"https:\/\/allasorias.hu\/hirek\/temak\/gazdasag\/\" title=\"Gazdas\u00e1g\">Gazdas\u00e1g<\/a>\n\t\t<\/span><span class=\"aioseo-breadcrumb-separator\">&raquo;<\/span><span class=\"aioseo-breadcrumb\">\n\t\t\tRekordot \u00e9rt el az eur\u00f3pai munkaer\u0151piac\n\t\t<\/span><\/div>","aioseo_breadcrumb_json":[{"label":"Home","link":"https:\/\/allasorias.hu\/hirek"},{"label":"Gazdas\u00e1g","link":"https:\/\/allasorias.hu\/hirek\/temak\/gazdasag\/"},{"label":"Rekordot \u00e9rt el az eur\u00f3pai munkaer\u0151piac","link":"https:\/\/allasorias.hu\/hirek\/rekordot-ert-el-az-europai-munkaeropiac\/"}],"_links":{"self":[{"href":"https:\/\/allasorias.hu\/hirek\/wp-json\/wp\/v2\/posts\/2288","targetHints":{"allow":["GET"]}}],"collection":[{"href":"https:\/\/allasorias.hu\/hirek\/wp-json\/wp\/v2\/posts"}],"about":[{"href":"https:\/\/allasorias.hu\/hirek\/wp-json\/wp\/v2\/types\/post"}],"author":[{"embeddable":true,"href":"https:\/\/allasorias.hu\/hirek\/wp-json\/wp\/v2\/users\/1"}],"replies":[{"embeddable":true,"href":"https:\/\/allasorias.hu\/hirek\/wp-json\/wp\/v2\/comments?post=2288"}],"version-history":[{"count":2,"href":"https:\/\/allasorias.hu\/hirek\/wp-json\/wp\/v2\/posts\/2288\/revisions"}],"predecessor-version":[{"id":6093,"href":"https:\/\/allasorias.hu\/hirek\/wp-json\/wp\/v2\/posts\/2288\/revisions\/6093"}],"wp:featuredmedia":[{"embeddable":true,"href":"https:\/\/allasorias.hu\/hirek\/wp-json\/wp\/v2\/media\/6092"}],"wp:attachment":[{"href":"https:\/\/allasorias.hu\/hirek\/wp-json\/wp\/v2\/media?parent=2288"}],"wp:term":[{"taxonomy":"category","embeddable":true,"href":"https:\/\/allasorias.hu\/hirek\/wp-json\/wp\/v2\/categories?post=2288"},{"taxonomy":"post_tag","embeddable":true,"href":"https:\/\/allasorias.hu\/hirek\/wp-json\/wp\/v2\/tags?post=2288"}],"curies":[{"name":"wp","href":"https:\/\/api.w.org\/{rel}","templated":true}]}}