{"id":2285,"date":"2018-12-10T09:43:09","date_gmt":"2018-12-10T09:43:09","guid":{"rendered":"https:\/\/allasorias.hu\/hirek\/?p=2285"},"modified":"2018-12-10T09:43:09","modified_gmt":"2018-12-10T09:43:09","slug":"ovatosabbak-a-magyarok-a-hitelfelvetelnel","status":"publish","type":"post","link":"https:\/\/allasorias.hu\/hirek\/ovatosabbak-a-magyarok-a-hitelfelvetelnel\/","title":{"rendered":"\u00d3vatosabbak a magyarok a hitelfelv\u00e9teln\u00e9l"},"content":{"rendered":"<p><strong>\u00dagy l\u00e1tszik, a magyarok egyre felel\u0151sebben int\u00e9zik p\u00e9nz\u00fcgyeiket, a hitelfelv\u00e9telekn\u00e9l pedig nagyon \u00e1tgondolj\u00e1k, mit l\u00e9pjenek-der\u00fcl ki a Provident P\u00e9nz\u00fcgyi Zrt. \u00e9s brit anyav\u00e1llalata, az International Personal Finance h\u00e9t tagorsz\u00e1g\u00e1ban v\u00e9gzett reprezentat\u00edv, t\u00f6bb mint 3500 f\u0151s mint\u00e1n v\u00e9grehajtott kutat\u00e1s\u00e1b\u00f3l.<\/strong><\/p>\n<p>A kutat\u00e1sban Csehorsz\u00e1g, Lengyelorsz\u00e1g, Litv\u00e1nia, Magyarorsz\u00e1g, Rom\u00e1nia, Spanyolorsz\u00e1g \u00e9s Mexik\u00f3 vett r\u00e9szt. A magyar munkaer\u0151piaccal kapcsolatban tov\u00e1bbra is der\u0171l\u00e1t\u00f3k a hazai megk\u00e9rdezettek: ahogy tavasszal, a v\u00e1laszad\u00f3k 43 sz\u00e1zal\u00e9ka most is \u00fagy gondolja, hogy az elm\u00falt egy \u00e9vben javult a foglalkoztat\u00e1s \u00e9s \u00f6sszess\u00e9g\u00e9ben 9 sz\u00e1zal\u00e9kponttal t\u00f6bben \u00e9rzik pozit\u00edvnak a trendeket, mint ah\u00e1nyan nem. Magyarorsz\u00e1gon a megk\u00e9rdezettek 33 sz\u00e1zal\u00e9ka folyamodott hitel\u00e9rt az elm\u00falt 12 h\u00f3napban. A k\u00f6lcs\u00f6nt ig\u00e9nyl\u0151k 28 sz\u00e1zal\u00e9k\u00e1nak a j\u00f6vedelm\u00fck tized\u00e9t sem teszik ki a t\u00f6rleszt\u0151 r\u00e9szletek, amely kedvez\u0151bb a t\u00f6bbi orsz\u00e1gban m\u00e9rt 25 sz\u00e1zal\u00e9kos \u00e1tlag\u00e9rt\u00e9khez k\u00e9pest. .A magyar v\u00e1laszad\u00f3k nyitnak a modern megtakar\u00edt\u00e1si form\u00e1k fel\u00e9. B\u00e1r 45 sz\u00e1zal\u00e9kuk m\u00e9g mindig banksz\u00e1ml\u00e1n \u0151rzi a megtakar\u00edt\u00e1sait, a 2018 tavaszi eredm\u00e9nyhez k\u00e9pest most 3 sz\u00e1zal\u00e9kponttal kevesebben, a v\u00e1laszad\u00f3k 26 sz\u00e1zal\u00e9ka nyilatkozta, hogy otthon k\u00e9szp\u00e9nzt halmoz fel. A hitelfelv\u00e9telre nyitott megk\u00e9rdezettek 93 sz\u00e1zal\u00e9ka saj\u00e1t v\u00e9lem\u00e9nye szerint megfontoltan d\u00f6nt, miel\u0151tt hitel\u00e9rt folyamodik, \u00e9s 84 sz\u00e1zal\u00e9kuk nem ig\u00e9nyel magasabb \u00f6sszeget, mint amennyit k\u00e9nyelmesen vissza tud fizetni.<\/p>\n<p><em>Forr\u00e1s: privatbankar.hu<\/em><\/p>\n","protected":false},"excerpt":{"rendered":"<p>\u00dagy l\u00e1tszik, a magyarok egyre felel\u0151sebben int\u00e9zik p\u00e9nz\u00fcgyeiket, a hitelfelv\u00e9telekn\u00e9l pedig nagyon \u00e1tgondolj\u00e1k, mit l\u00e9pjenek-der\u00fcl ki a Provident P\u00e9nz\u00fcgyi Zrt. \u00e9s brit anyav\u00e1llalata, az International Personal Finance h\u00e9t tagorsz\u00e1g\u00e1ban v\u00e9gzett reprezentat\u00edv, t\u00f6bb mint 3500 f\u0151s mint\u00e1n v\u00e9grehajtott kutat\u00e1s\u00e1b\u00f3l. A kutat\u00e1sban Csehorsz\u00e1g, Lengyelorsz\u00e1g, Litv\u00e1nia, Magyarorsz\u00e1g, Rom\u00e1nia, Spanyolorsz\u00e1g \u00e9s Mexik\u00f3 vett r\u00e9szt. A magyar munkaer\u0151piaccal kapcsolatban tov\u00e1bbra [&hellip;]<\/p>\n","protected":false},"author":1,"featured_media":2286,"comment_status":"open","ping_status":"open","sticky":false,"template":"","format":"standard","meta":{"_monsterinsights_skip_tracking":false,"footnotes":""},"categories":[198],"tags":[],"class_list":["post-2285","post","type-post","status-publish","format-standard","has-post-thumbnail","hentry","category-gazdasag"],"aioseo_notices":[],"aioseo_head":"\n\t\t<!-- All in One SEO 5.0.0.1 - aioseo.com -->\n\t<meta name=\"description\" content=\"\u00dagy l\u00e1tszik, a magyarok egyre felel\u0151sebben int\u00e9zik p\u00e9nz\u00fcgyeiket, a hitelfelv\u00e9telekn\u00e9l pedig nagyon \u00e1tgondolj\u00e1k, mit l\u00e9pjenek-der\u00fcl ki a Provident P\u00e9nz\u00fcgyi Zrt. \u00e9s brit anyav\u00e1llalata, az International Personal Finance h\u00e9t tagorsz\u00e1g\u00e1ban v\u00e9gzett reprezentat\u00edv, t\u00f6bb mint 3500 f\u0151s mint\u00e1n v\u00e9grehajtott kutat\u00e1s\u00e1b\u00f3l. A kutat\u00e1sban Csehorsz\u00e1g, Lengyelorsz\u00e1g, Litv\u00e1nia, Magyarorsz\u00e1g, Rom\u00e1nia, Spanyolorsz\u00e1g \u00e9s Mexik\u00f3 vett r\u00e9szt. A magyar munkaer\u0151piaccal kapcsolatban tov\u00e1bbra\" \/>\n\t<meta name=\"robots\" content=\"max-image-preview:large\" \/>\n\t<meta name=\"author\" content=\"Juh\u00e1sz P\u00e9ter\"\/>\n\t<link rel=\"canonical\" href=\"https:\/\/allasorias.hu\/hirek\/ovatosabbak-a-magyarok-a-hitelfelvetelnel\/\" \/>\n\t<meta name=\"generator\" content=\"All in One SEO (AIOSEO) 5.0.0.1\" \/>\n\t\t<meta property=\"og:locale\" content=\"hu_HU\" \/>\n\t\t<meta property=\"og:site_name\" content=\"AllasOrias.hu | H\u00edrek-lapszemle | \u00dczleti h\u00edrek az \u00e1ll\u00e1s \u00e9s a munka vil\u00e1g\u00e1b\u00f3l\" \/>\n\t\t<meta property=\"og:type\" content=\"article\" \/>\n\t\t<meta property=\"og:title\" content=\"\u00d3vatosabbak a magyarok a hitelfelv\u00e9teln\u00e9l | AllasOrias.hu | H\u00edrek-lapszemle\" \/>\n\t\t<meta property=\"og:description\" content=\"\u00dagy l\u00e1tszik, a magyarok egyre felel\u0151sebben int\u00e9zik p\u00e9nz\u00fcgyeiket, a hitelfelv\u00e9telekn\u00e9l pedig nagyon \u00e1tgondolj\u00e1k, mit l\u00e9pjenek-der\u00fcl ki a Provident P\u00e9nz\u00fcgyi Zrt. \u00e9s brit anyav\u00e1llalata, az International Personal Finance h\u00e9t tagorsz\u00e1g\u00e1ban v\u00e9gzett reprezentat\u00edv, t\u00f6bb mint 3500 f\u0151s mint\u00e1n v\u00e9grehajtott kutat\u00e1s\u00e1b\u00f3l. A kutat\u00e1sban Csehorsz\u00e1g, Lengyelorsz\u00e1g, Litv\u00e1nia, Magyarorsz\u00e1g, Rom\u00e1nia, Spanyolorsz\u00e1g \u00e9s Mexik\u00f3 vett r\u00e9szt. A magyar munkaer\u0151piaccal kapcsolatban tov\u00e1bbra\" \/>\n\t\t<meta property=\"og:url\" content=\"https:\/\/allasorias.hu\/hirek\/ovatosabbak-a-magyarok-a-hitelfelvetelnel\/\" \/>\n\t\t<meta property=\"og:image\" content=\"https:\/\/allasorias.hu\/hirek\/wp-content\/uploads\/2018\/12\/wallet-2125548_640.jpg\" \/>\n\t\t<meta property=\"og:image:secure_url\" content=\"https:\/\/allasorias.hu\/hirek\/wp-content\/uploads\/2018\/12\/wallet-2125548_640.jpg\" \/>\n\t\t<meta property=\"og:image:width\" content=\"640\" \/>\n\t\t<meta property=\"og:image:height\" content=\"426\" \/>\n\t\t<meta property=\"article:published_time\" content=\"2018-12-10T09:43:09+00:00\" \/>\n\t\t<meta property=\"article:modified_time\" content=\"2018-12-10T09:43:09+00:00\" \/>\n\t\t<meta property=\"article:publisher\" content=\"https:\/\/www.facebook.com\/allasorias\" \/>\n\t\t<meta name=\"twitter:card\" content=\"summary_large_image\" \/>\n\t\t<meta name=\"twitter:title\" content=\"\u00d3vatosabbak a magyarok a hitelfelv\u00e9teln\u00e9l | AllasOrias.hu | H\u00edrek-lapszemle\" \/>\n\t\t<meta name=\"twitter:description\" content=\"\u00dagy l\u00e1tszik, a magyarok egyre felel\u0151sebben int\u00e9zik p\u00e9nz\u00fcgyeiket, a hitelfelv\u00e9telekn\u00e9l pedig nagyon \u00e1tgondolj\u00e1k, mit l\u00e9pjenek-der\u00fcl ki a Provident P\u00e9nz\u00fcgyi Zrt. \u00e9s brit anyav\u00e1llalata, az International Personal Finance h\u00e9t tagorsz\u00e1g\u00e1ban v\u00e9gzett reprezentat\u00edv, t\u00f6bb mint 3500 f\u0151s mint\u00e1n v\u00e9grehajtott kutat\u00e1s\u00e1b\u00f3l. A kutat\u00e1sban Csehorsz\u00e1g, Lengyelorsz\u00e1g, Litv\u00e1nia, Magyarorsz\u00e1g, Rom\u00e1nia, Spanyolorsz\u00e1g \u00e9s Mexik\u00f3 vett r\u00e9szt. A magyar munkaer\u0151piaccal kapcsolatban tov\u00e1bbra\" \/>\n\t\t<meta name=\"twitter:image\" content=\"https:\/\/allasorias.hu\/hirek\/wp-content\/uploads\/2018\/12\/wallet-2125548_640.jpg\" \/>\n\t\t<meta name=\"twitter:label1\" content=\"Written by\" \/>\n\t\t<meta name=\"twitter:data1\" content=\"Juh\u00e1sz P\u00e9ter\" \/>\n\t\t<meta name=\"twitter:label2\" content=\"Est. reading time\" \/>\n\t\t<meta name=\"twitter:data2\" content=\"1 minute\" \/>\n\t\t<script type=\"application\/ld+json\" class=\"aioseo-schema\">\n\t\t\t{\"@context\":\"https:\\\/\\\/schema.org\",\"@graph\":[{\"@type\":\"Article\",\"@id\":\"https:\\\/\\\/allasorias.hu\\\/hirek\\\/ovatosabbak-a-magyarok-a-hitelfelvetelnel\\\/#article\",\"name\":\"\\u00d3vatosabbak a magyarok a hitelfelv\\u00e9teln\\u00e9l | AllasOrias.hu | H\\u00edrek-lapszemle\",\"headline\":\"\\u00d3vatosabbak a magyarok a hitelfelv\\u00e9teln\\u00e9l\",\"author\":{\"@id\":\"https:\\\/\\\/allasorias.hu\\\/hirek\\\/author\\\/admin-allasorias\\\/#author\"},\"publisher\":{\"@id\":\"https:\\\/\\\/allasorias.hu\\\/hirek\\\/#organization\"},\"image\":{\"@type\":\"ImageObject\",\"url\":\"https:\\\/\\\/allasorias.hu\\\/hirek\\\/wp-content\\\/uploads\\\/2018\\\/12\\\/wallet-2125548_640.jpg\",\"width\":640,\"height\":426},\"datePublished\":\"2018-12-10T09:43:09+02:00\",\"dateModified\":\"2018-12-10T09:43:09+02:00\",\"inLanguage\":\"hu-HU\",\"mainEntityOfPage\":{\"@id\":\"https:\\\/\\\/allasorias.hu\\\/hirek\\\/ovatosabbak-a-magyarok-a-hitelfelvetelnel\\\/#webpage\"},\"isPartOf\":{\"@id\":\"https:\\\/\\\/allasorias.hu\\\/hirek\\\/ovatosabbak-a-magyarok-a-hitelfelvetelnel\\\/#webpage\"},\"articleSection\":\"Gazdas\\u00e1g\"},{\"@type\":\"BreadcrumbList\",\"@id\":\"https:\\\/\\\/allasorias.hu\\\/hirek\\\/ovatosabbak-a-magyarok-a-hitelfelvetelnel\\\/#breadcrumblist\",\"itemListElement\":[{\"@type\":\"ListItem\",\"@id\":\"https:\\\/\\\/allasorias.hu\\\/hirek#listItem\",\"position\":1,\"name\":\"Home\",\"item\":\"https:\\\/\\\/allasorias.hu\\\/hirek\",\"nextItem\":{\"@type\":\"ListItem\",\"@id\":\"https:\\\/\\\/allasorias.hu\\\/hirek\\\/temak\\\/gazdasag\\\/#listItem\",\"name\":\"Gazdas\\u00e1g\"}},{\"@type\":\"ListItem\",\"@id\":\"https:\\\/\\\/allasorias.hu\\\/hirek\\\/temak\\\/gazdasag\\\/#listItem\",\"position\":2,\"name\":\"Gazdas\\u00e1g\",\"item\":\"https:\\\/\\\/allasorias.hu\\\/hirek\\\/temak\\\/gazdasag\\\/\",\"nextItem\":{\"@type\":\"ListItem\",\"@id\":\"https:\\\/\\\/allasorias.hu\\\/hirek\\\/ovatosabbak-a-magyarok-a-hitelfelvetelnel\\\/#listItem\",\"name\":\"\\u00d3vatosabbak a magyarok a hitelfelv\\u00e9teln\\u00e9l\"},\"previousItem\":{\"@type\":\"ListItem\",\"@id\":\"https:\\\/\\\/allasorias.hu\\\/hirek#listItem\",\"name\":\"Home\"}},{\"@type\":\"ListItem\",\"@id\":\"https:\\\/\\\/allasorias.hu\\\/hirek\\\/ovatosabbak-a-magyarok-a-hitelfelvetelnel\\\/#listItem\",\"position\":3,\"name\":\"\\u00d3vatosabbak a magyarok a hitelfelv\\u00e9teln\\u00e9l\",\"previousItem\":{\"@type\":\"ListItem\",\"@id\":\"https:\\\/\\\/allasorias.hu\\\/hirek\\\/temak\\\/gazdasag\\\/#listItem\",\"name\":\"Gazdas\\u00e1g\"}}]},{\"@type\":\"Organization\",\"@id\":\"https:\\\/\\\/allasorias.hu\\\/hirek\\\/#organization\",\"name\":\"AllasOrias.hu | H\\u00edrek-lapszemle\",\"description\":\"\\u00dczleti h\\u00edrek az \\u00e1ll\\u00e1s \\u00e9s a munka vil\\u00e1g\\u00e1b\\u00f3l\",\"url\":\"https:\\\/\\\/allasorias.hu\\\/hirek\\\/\",\"logo\":{\"@type\":\"ImageObject\",\"url\":\"https:\\\/\\\/allasorias.hu\\\/hirek\\\/wp-content\\\/uploads\\\/2022\\\/10\\\/allasorias_site_facebok_logo.png\",\"@id\":\"https:\\\/\\\/allasorias.hu\\\/hirek\\\/ovatosabbak-a-magyarok-a-hitelfelvetelnel\\\/#organizationLogo\"},\"image\":{\"@id\":\"https:\\\/\\\/allasorias.hu\\\/hirek\\\/ovatosabbak-a-magyarok-a-hitelfelvetelnel\\\/#organizationLogo\"},\"sameAs\":[\"https:\\\/\\\/www.facebook.com\\\/allasorias\",\"https:\\\/\\\/www.linkedin.com\\\/company\\\/allasorias\"]},{\"@type\":\"Person\",\"@id\":\"https:\\\/\\\/allasorias.hu\\\/hirek\\\/author\\\/admin-allasorias\\\/#author\",\"url\":\"https:\\\/\\\/allasorias.hu\\\/hirek\\\/author\\\/admin-allasorias\\\/\",\"name\":\"Juh\\u00e1sz P\\u00e9ter\",\"image\":{\"@type\":\"ImageObject\",\"@id\":\"https:\\\/\\\/allasorias.hu\\\/hirek\\\/ovatosabbak-a-magyarok-a-hitelfelvetelnel\\\/#authorImage\",\"url\":\"https:\\\/\\\/secure.gravatar.com\\\/avatar\\\/36e6bcb83148978b992977cb0f54d22feb0cce8a0a849a9410532bb2623ba4c6?s=96&d=mm&r=g\",\"width\":96,\"height\":96,\"caption\":\"Juh\\u00e1sz P\\u00e9ter\"}},{\"@type\":\"WebPage\",\"@id\":\"https:\\\/\\\/allasorias.hu\\\/hirek\\\/ovatosabbak-a-magyarok-a-hitelfelvetelnel\\\/#webpage\",\"url\":\"https:\\\/\\\/allasorias.hu\\\/hirek\\\/ovatosabbak-a-magyarok-a-hitelfelvetelnel\\\/\",\"name\":\"\\u00d3vatosabbak a magyarok a hitelfelv\\u00e9teln\\u00e9l | AllasOrias.hu | H\\u00edrek-lapszemle\",\"description\":\"\\u00dagy l\\u00e1tszik, a magyarok egyre felel\\u0151sebben int\\u00e9zik p\\u00e9nz\\u00fcgyeiket, a hitelfelv\\u00e9telekn\\u00e9l pedig nagyon \\u00e1tgondolj\\u00e1k, mit l\\u00e9pjenek-der\\u00fcl ki a Provident P\\u00e9nz\\u00fcgyi Zrt. \\u00e9s brit anyav\\u00e1llalata, az International Personal Finance h\\u00e9t tagorsz\\u00e1g\\u00e1ban v\\u00e9gzett reprezentat\\u00edv, t\\u00f6bb mint 3500 f\\u0151s mint\\u00e1n v\\u00e9grehajtott kutat\\u00e1s\\u00e1b\\u00f3l. A kutat\\u00e1sban Csehorsz\\u00e1g, Lengyelorsz\\u00e1g, Litv\\u00e1nia, Magyarorsz\\u00e1g, Rom\\u00e1nia, Spanyolorsz\\u00e1g \\u00e9s Mexik\\u00f3 vett r\\u00e9szt. A magyar munkaer\\u0151piaccal kapcsolatban tov\\u00e1bbra\",\"inLanguage\":\"hu-HU\",\"isPartOf\":{\"@id\":\"https:\\\/\\\/allasorias.hu\\\/hirek\\\/#website\"},\"breadcrumb\":{\"@id\":\"https:\\\/\\\/allasorias.hu\\\/hirek\\\/ovatosabbak-a-magyarok-a-hitelfelvetelnel\\\/#breadcrumblist\"},\"author\":{\"@id\":\"https:\\\/\\\/allasorias.hu\\\/hirek\\\/author\\\/admin-allasorias\\\/#author\"},\"creator\":{\"@id\":\"https:\\\/\\\/allasorias.hu\\\/hirek\\\/author\\\/admin-allasorias\\\/#author\"},\"image\":{\"@type\":\"ImageObject\",\"url\":\"https:\\\/\\\/allasorias.hu\\\/hirek\\\/wp-content\\\/uploads\\\/2018\\\/12\\\/wallet-2125548_640.jpg\",\"@id\":\"https:\\\/\\\/allasorias.hu\\\/hirek\\\/ovatosabbak-a-magyarok-a-hitelfelvetelnel\\\/#mainImage\",\"width\":640,\"height\":426},\"primaryImageOfPage\":{\"@id\":\"https:\\\/\\\/allasorias.hu\\\/hirek\\\/ovatosabbak-a-magyarok-a-hitelfelvetelnel\\\/#mainImage\"},\"datePublished\":\"2018-12-10T09:43:09+02:00\",\"dateModified\":\"2018-12-10T09:43:09+02:00\"},{\"@type\":\"WebSite\",\"@id\":\"https:\\\/\\\/allasorias.hu\\\/hirek\\\/#website\",\"url\":\"https:\\\/\\\/allasorias.hu\\\/hirek\\\/\",\"name\":\"AllasOrias.hu | H\\u00edrek-lapszemle\",\"description\":\"\\u00dczleti h\\u00edrek az \\u00e1ll\\u00e1s \\u00e9s a munka vil\\u00e1g\\u00e1b\\u00f3l\",\"inLanguage\":\"hu-HU\",\"publisher\":{\"@id\":\"https:\\\/\\\/allasorias.hu\\\/hirek\\\/#organization\"}}]}\n\t\t<\/script>\n\t\t<!-- All in One SEO -->\n\n","aioseo_head_json":{"title":"\u00d3vatosabbak a magyarok a hitelfelv\u00e9teln\u00e9l | AllasOrias.hu | H\u00edrek-lapszemle","description":"\u00dagy l\u00e1tszik, a magyarok egyre felel\u0151sebben int\u00e9zik p\u00e9nz\u00fcgyeiket, a hitelfelv\u00e9telekn\u00e9l pedig nagyon \u00e1tgondolj\u00e1k, mit l\u00e9pjenek-der\u00fcl ki a Provident P\u00e9nz\u00fcgyi Zrt. \u00e9s brit anyav\u00e1llalata, az International Personal Finance h\u00e9t tagorsz\u00e1g\u00e1ban v\u00e9gzett reprezentat\u00edv, t\u00f6bb mint 3500 f\u0151s mint\u00e1n v\u00e9grehajtott kutat\u00e1s\u00e1b\u00f3l. A kutat\u00e1sban Csehorsz\u00e1g, Lengyelorsz\u00e1g, Litv\u00e1nia, Magyarorsz\u00e1g, Rom\u00e1nia, Spanyolorsz\u00e1g \u00e9s Mexik\u00f3 vett r\u00e9szt. A magyar munkaer\u0151piaccal kapcsolatban tov\u00e1bbra","canonical_url":"https:\/\/allasorias.hu\/hirek\/ovatosabbak-a-magyarok-a-hitelfelvetelnel\/","robots":"max-image-preview:large","keywords":"","webmasterTools":{"miscellaneous":""},"schema":{"@context":"https:\/\/schema.org","@graph":[{"@type":"Article","@id":"https:\/\/allasorias.hu\/hirek\/ovatosabbak-a-magyarok-a-hitelfelvetelnel\/#article","name":"\u00d3vatosabbak a magyarok a hitelfelv\u00e9teln\u00e9l | AllasOrias.hu | H\u00edrek-lapszemle","headline":"\u00d3vatosabbak a magyarok a hitelfelv\u00e9teln\u00e9l","author":{"@id":"https:\/\/allasorias.hu\/hirek\/author\/admin-allasorias\/#author"},"publisher":{"@id":"https:\/\/allasorias.hu\/hirek\/#organization"},"image":{"@type":"ImageObject","url":"https:\/\/allasorias.hu\/hirek\/wp-content\/uploads\/2018\/12\/wallet-2125548_640.jpg","width":640,"height":426},"datePublished":"2018-12-10T09:43:09+02:00","dateModified":"2018-12-10T09:43:09+02:00","inLanguage":"hu-HU","mainEntityOfPage":{"@id":"https:\/\/allasorias.hu\/hirek\/ovatosabbak-a-magyarok-a-hitelfelvetelnel\/#webpage"},"isPartOf":{"@id":"https:\/\/allasorias.hu\/hirek\/ovatosabbak-a-magyarok-a-hitelfelvetelnel\/#webpage"},"articleSection":"Gazdas\u00e1g"},{"@type":"BreadcrumbList","@id":"https:\/\/allasorias.hu\/hirek\/ovatosabbak-a-magyarok-a-hitelfelvetelnel\/#breadcrumblist","itemListElement":[{"@type":"ListItem","@id":"https:\/\/allasorias.hu\/hirek#listItem","position":1,"name":"Home","item":"https:\/\/allasorias.hu\/hirek","nextItem":{"@type":"ListItem","@id":"https:\/\/allasorias.hu\/hirek\/temak\/gazdasag\/#listItem","name":"Gazdas\u00e1g"}},{"@type":"ListItem","@id":"https:\/\/allasorias.hu\/hirek\/temak\/gazdasag\/#listItem","position":2,"name":"Gazdas\u00e1g","item":"https:\/\/allasorias.hu\/hirek\/temak\/gazdasag\/","nextItem":{"@type":"ListItem","@id":"https:\/\/allasorias.hu\/hirek\/ovatosabbak-a-magyarok-a-hitelfelvetelnel\/#listItem","name":"\u00d3vatosabbak a magyarok a hitelfelv\u00e9teln\u00e9l"},"previousItem":{"@type":"ListItem","@id":"https:\/\/allasorias.hu\/hirek#listItem","name":"Home"}},{"@type":"ListItem","@id":"https:\/\/allasorias.hu\/hirek\/ovatosabbak-a-magyarok-a-hitelfelvetelnel\/#listItem","position":3,"name":"\u00d3vatosabbak a magyarok a hitelfelv\u00e9teln\u00e9l","previousItem":{"@type":"ListItem","@id":"https:\/\/allasorias.hu\/hirek\/temak\/gazdasag\/#listItem","name":"Gazdas\u00e1g"}}]},{"@type":"Organization","@id":"https:\/\/allasorias.hu\/hirek\/#organization","name":"AllasOrias.hu | H\u00edrek-lapszemle","description":"\u00dczleti h\u00edrek az \u00e1ll\u00e1s \u00e9s a munka vil\u00e1g\u00e1b\u00f3l","url":"https:\/\/allasorias.hu\/hirek\/","logo":{"@type":"ImageObject","url":"https:\/\/allasorias.hu\/hirek\/wp-content\/uploads\/2022\/10\/allasorias_site_facebok_logo.png","@id":"https:\/\/allasorias.hu\/hirek\/ovatosabbak-a-magyarok-a-hitelfelvetelnel\/#organizationLogo"},"image":{"@id":"https:\/\/allasorias.hu\/hirek\/ovatosabbak-a-magyarok-a-hitelfelvetelnel\/#organizationLogo"},"sameAs":["https:\/\/www.facebook.com\/allasorias","https:\/\/www.linkedin.com\/company\/allasorias"]},{"@type":"Person","@id":"https:\/\/allasorias.hu\/hirek\/author\/admin-allasorias\/#author","url":"https:\/\/allasorias.hu\/hirek\/author\/admin-allasorias\/","name":"Juh\u00e1sz P\u00e9ter","image":{"@type":"ImageObject","@id":"https:\/\/allasorias.hu\/hirek\/ovatosabbak-a-magyarok-a-hitelfelvetelnel\/#authorImage","url":"https:\/\/secure.gravatar.com\/avatar\/36e6bcb83148978b992977cb0f54d22feb0cce8a0a849a9410532bb2623ba4c6?s=96&d=mm&r=g","width":96,"height":96,"caption":"Juh\u00e1sz P\u00e9ter"}},{"@type":"WebPage","@id":"https:\/\/allasorias.hu\/hirek\/ovatosabbak-a-magyarok-a-hitelfelvetelnel\/#webpage","url":"https:\/\/allasorias.hu\/hirek\/ovatosabbak-a-magyarok-a-hitelfelvetelnel\/","name":"\u00d3vatosabbak a magyarok a hitelfelv\u00e9teln\u00e9l | AllasOrias.hu | H\u00edrek-lapszemle","description":"\u00dagy l\u00e1tszik, a magyarok egyre felel\u0151sebben int\u00e9zik p\u00e9nz\u00fcgyeiket, a hitelfelv\u00e9telekn\u00e9l pedig nagyon \u00e1tgondolj\u00e1k, mit l\u00e9pjenek-der\u00fcl ki a Provident P\u00e9nz\u00fcgyi Zrt. \u00e9s brit anyav\u00e1llalata, az International Personal Finance h\u00e9t tagorsz\u00e1g\u00e1ban v\u00e9gzett reprezentat\u00edv, t\u00f6bb mint 3500 f\u0151s mint\u00e1n v\u00e9grehajtott kutat\u00e1s\u00e1b\u00f3l. A kutat\u00e1sban Csehorsz\u00e1g, Lengyelorsz\u00e1g, Litv\u00e1nia, Magyarorsz\u00e1g, Rom\u00e1nia, Spanyolorsz\u00e1g \u00e9s Mexik\u00f3 vett r\u00e9szt. A magyar munkaer\u0151piaccal kapcsolatban tov\u00e1bbra","inLanguage":"hu-HU","isPartOf":{"@id":"https:\/\/allasorias.hu\/hirek\/#website"},"breadcrumb":{"@id":"https:\/\/allasorias.hu\/hirek\/ovatosabbak-a-magyarok-a-hitelfelvetelnel\/#breadcrumblist"},"author":{"@id":"https:\/\/allasorias.hu\/hirek\/author\/admin-allasorias\/#author"},"creator":{"@id":"https:\/\/allasorias.hu\/hirek\/author\/admin-allasorias\/#author"},"image":{"@type":"ImageObject","url":"https:\/\/allasorias.hu\/hirek\/wp-content\/uploads\/2018\/12\/wallet-2125548_640.jpg","@id":"https:\/\/allasorias.hu\/hirek\/ovatosabbak-a-magyarok-a-hitelfelvetelnel\/#mainImage","width":640,"height":426},"primaryImageOfPage":{"@id":"https:\/\/allasorias.hu\/hirek\/ovatosabbak-a-magyarok-a-hitelfelvetelnel\/#mainImage"},"datePublished":"2018-12-10T09:43:09+02:00","dateModified":"2018-12-10T09:43:09+02:00"},{"@type":"WebSite","@id":"https:\/\/allasorias.hu\/hirek\/#website","url":"https:\/\/allasorias.hu\/hirek\/","name":"AllasOrias.hu | H\u00edrek-lapszemle","description":"\u00dczleti h\u00edrek az \u00e1ll\u00e1s \u00e9s a munka vil\u00e1g\u00e1b\u00f3l","inLanguage":"hu-HU","publisher":{"@id":"https:\/\/allasorias.hu\/hirek\/#organization"}}]},"og:locale":"hu_HU","og:site_name":"AllasOrias.hu | H\u00edrek-lapszemle | \u00dczleti h\u00edrek az \u00e1ll\u00e1s \u00e9s a munka vil\u00e1g\u00e1b\u00f3l","og:type":"article","og:title":"\u00d3vatosabbak a magyarok a hitelfelv\u00e9teln\u00e9l | AllasOrias.hu | H\u00edrek-lapszemle","og:description":"\u00dagy l\u00e1tszik, a magyarok egyre felel\u0151sebben int\u00e9zik p\u00e9nz\u00fcgyeiket, a hitelfelv\u00e9telekn\u00e9l pedig nagyon \u00e1tgondolj\u00e1k, mit l\u00e9pjenek-der\u00fcl ki a Provident P\u00e9nz\u00fcgyi Zrt. \u00e9s brit anyav\u00e1llalata, az International Personal Finance h\u00e9t tagorsz\u00e1g\u00e1ban v\u00e9gzett reprezentat\u00edv, t\u00f6bb mint 3500 f\u0151s mint\u00e1n v\u00e9grehajtott kutat\u00e1s\u00e1b\u00f3l. A kutat\u00e1sban Csehorsz\u00e1g, Lengyelorsz\u00e1g, Litv\u00e1nia, Magyarorsz\u00e1g, Rom\u00e1nia, Spanyolorsz\u00e1g \u00e9s Mexik\u00f3 vett r\u00e9szt. A magyar munkaer\u0151piaccal kapcsolatban tov\u00e1bbra","og:url":"https:\/\/allasorias.hu\/hirek\/ovatosabbak-a-magyarok-a-hitelfelvetelnel\/","og:image":"https:\/\/allasorias.hu\/hirek\/wp-content\/uploads\/2018\/12\/wallet-2125548_640.jpg","og:image:secure_url":"https:\/\/allasorias.hu\/hirek\/wp-content\/uploads\/2018\/12\/wallet-2125548_640.jpg","og:image:width":640,"og:image:height":426,"article:published_time":"2018-12-10T09:43:09+00:00","article:modified_time":"2018-12-10T09:43:09+00:00","article:publisher":"https:\/\/www.facebook.com\/allasorias","twitter:card":"summary_large_image","twitter:title":"\u00d3vatosabbak a magyarok a hitelfelv\u00e9teln\u00e9l | AllasOrias.hu | H\u00edrek-lapszemle","twitter:description":"\u00dagy l\u00e1tszik, a magyarok egyre felel\u0151sebben int\u00e9zik p\u00e9nz\u00fcgyeiket, a hitelfelv\u00e9telekn\u00e9l pedig nagyon \u00e1tgondolj\u00e1k, mit l\u00e9pjenek-der\u00fcl ki a Provident P\u00e9nz\u00fcgyi Zrt. \u00e9s brit anyav\u00e1llalata, az International Personal Finance h\u00e9t tagorsz\u00e1g\u00e1ban v\u00e9gzett reprezentat\u00edv, t\u00f6bb mint 3500 f\u0151s mint\u00e1n v\u00e9grehajtott kutat\u00e1s\u00e1b\u00f3l. A kutat\u00e1sban Csehorsz\u00e1g, Lengyelorsz\u00e1g, Litv\u00e1nia, Magyarorsz\u00e1g, Rom\u00e1nia, Spanyolorsz\u00e1g \u00e9s Mexik\u00f3 vett r\u00e9szt. A magyar munkaer\u0151piaccal kapcsolatban tov\u00e1bbra","twitter:image":"https:\/\/allasorias.hu\/hirek\/wp-content\/uploads\/2018\/12\/wallet-2125548_640.jpg","twitter:label1":"Written by","twitter:data1":"Juh\u00e1sz P\u00e9ter","twitter:label2":"Est. reading time","twitter:data2":"1 minute"},"aioseo_meta_data":{"post_id":"2285","title":null,"description":null,"keywords":null,"keyphrases":null,"primary_term":null,"canonical_url":null,"og_title":null,"og_description":null,"og_object_type":"default","og_image_type":"default","og_image_url":null,"og_image_width":null,"og_image_height":null,"og_image_custom_url":null,"og_image_custom_fields":null,"og_video":null,"og_custom_url":null,"og_article_section":null,"og_article_tags":null,"twitter_use_og":false,"twitter_card":"default","twitter_image_type":"default","twitter_image_url":null,"twitter_image_custom_url":null,"twitter_image_custom_fields":null,"twitter_title":null,"twitter_description":null,"schema":{"blockGraphs":[],"customGraphs":[],"default":{"data":{"Article":[],"Course":[],"Dataset":[],"FAQPage":[],"Movie":[],"Person":[],"Product":[],"ProductReview":[],"Car":[],"Recipe":[],"Service":[],"SoftwareApplication":[],"WebPage":[]},"graphName":"","isEnabled":true},"graphs":[],"defaultGraph":"","defaultPostTypeGraph":""},"schema_type":null,"schema_type_options":null,"pillar_content":false,"robots_default":true,"robots_noindex":false,"robots_noarchive":false,"robots_nosnippet":false,"robots_nofollow":false,"robots_noimageindex":false,"robots_noodp":false,"robots_notranslate":false,"robots_max_snippet":null,"robots_max_videopreview":null,"robots_max_imagepreview":"large","priority":null,"frequency":null,"location":null,"local_seo":null,"breadcrumb_settings":null,"limit_modified_date":false,"ai":null,"created":"2021-02-01 20:45:00","updated":"2025-10-02 09:33:46","seo_analyzer_scan_date":null,"focus_keyword":null,"additional_keywords":null,"truseo_locale":null},"aioseo_breadcrumb":"<div class=\"aioseo-breadcrumbs\"><span class=\"aioseo-breadcrumb\">\n\t\t\t<a href=\"https:\/\/allasorias.hu\/hirek\" title=\"Home\">Home<\/a>\n\t\t<\/span><span class=\"aioseo-breadcrumb-separator\">&raquo;<\/span><span class=\"aioseo-breadcrumb\">\n\t\t\t<a href=\"https:\/\/allasorias.hu\/hirek\/temak\/gazdasag\/\" title=\"Gazdas\u00e1g\">Gazdas\u00e1g<\/a>\n\t\t<\/span><span class=\"aioseo-breadcrumb-separator\">&raquo;<\/span><span class=\"aioseo-breadcrumb\">\n\t\t\t\u00d3vatosabbak a magyarok a hitelfelv\u00e9teln\u00e9l\n\t\t<\/span><\/div>","aioseo_breadcrumb_json":[{"label":"Home","link":"https:\/\/allasorias.hu\/hirek"},{"label":"Gazdas\u00e1g","link":"https:\/\/allasorias.hu\/hirek\/temak\/gazdasag\/"},{"label":"\u00d3vatosabbak a magyarok a hitelfelv\u00e9teln\u00e9l","link":"https:\/\/allasorias.hu\/hirek\/ovatosabbak-a-magyarok-a-hitelfelvetelnel\/"}],"_links":{"self":[{"href":"https:\/\/allasorias.hu\/hirek\/wp-json\/wp\/v2\/posts\/2285","targetHints":{"allow":["GET"]}}],"collection":[{"href":"https:\/\/allasorias.hu\/hirek\/wp-json\/wp\/v2\/posts"}],"about":[{"href":"https:\/\/allasorias.hu\/hirek\/wp-json\/wp\/v2\/types\/post"}],"author":[{"embeddable":true,"href":"https:\/\/allasorias.hu\/hirek\/wp-json\/wp\/v2\/users\/1"}],"replies":[{"embeddable":true,"href":"https:\/\/allasorias.hu\/hirek\/wp-json\/wp\/v2\/comments?post=2285"}],"version-history":[{"count":1,"href":"https:\/\/allasorias.hu\/hirek\/wp-json\/wp\/v2\/posts\/2285\/revisions"}],"predecessor-version":[{"id":2287,"href":"https:\/\/allasorias.hu\/hirek\/wp-json\/wp\/v2\/posts\/2285\/revisions\/2287"}],"wp:featuredmedia":[{"embeddable":true,"href":"https:\/\/allasorias.hu\/hirek\/wp-json\/wp\/v2\/media\/2286"}],"wp:attachment":[{"href":"https:\/\/allasorias.hu\/hirek\/wp-json\/wp\/v2\/media?parent=2285"}],"wp:term":[{"taxonomy":"category","embeddable":true,"href":"https:\/\/allasorias.hu\/hirek\/wp-json\/wp\/v2\/categories?post=2285"},{"taxonomy":"post_tag","embeddable":true,"href":"https:\/\/allasorias.hu\/hirek\/wp-json\/wp\/v2\/tags?post=2285"}],"curies":[{"name":"wp","href":"https:\/\/api.w.org\/{rel}","templated":true}]}}