{"id":2272,"date":"2018-12-06T12:42:48","date_gmt":"2018-12-06T12:42:48","guid":{"rendered":"https:\/\/allasorias.hu\/hirek\/?p=2272"},"modified":"2018-12-06T12:42:48","modified_gmt":"2018-12-06T12:42:48","slug":"onkentesek-vilagnapja-nemzeti-onkentes-strategia","status":"publish","type":"post","link":"https:\/\/allasorias.hu\/hirek\/onkentesek-vilagnapja-nemzeti-onkentes-strategia\/","title":{"rendered":"\u00d6nk\u00e9ntesek Vil\u00e1gnapja \u2013 Nemzeti \u00d6nk\u00e9ntes strat\u00e9gia"},"content":{"rendered":"<p><strong>A Nemzeti \u00d6nk\u00e9ntes Strat\u00e9gia 2020-ig tart, k\u00f6z\u00e9ppontba helyezi az \u00f6nk\u00e9ntes tev\u00e9kenys\u00e9gek n\u00e9pszer\u0171s\u00edt\u00e9s\u00e9t, az \u00f6nk\u00e9ntesek elismer\u00e9s\u00e9t. A korm\u00e1ny\u00a0 a programhoz hazai \u00e9s uni\u00f3s forr\u00e1st is biztos\u00edt. \u00a0Az \u00f6nk\u00e9ntesek t\u00e1rsadalmi szerepv\u00e1llal\u00e1sa komoly k\u00f6z\u00f6ss\u00e9g\u00e9p\u00edt\u0151 er\u0151vel b\u00edr, hozz\u00e1j\u00e1rul a foglalkoztatotts\u00e1g n\u00f6vel\u00e9s\u00e9hez \u00e9s seg\u00edti a munkan\u00e9lk\u00fcliek munkaer\u0151piacra t\u00f6rt\u00e9n\u0151 visszat\u00e9r\u00e9s\u00e9t.<\/strong><\/p>\n<p>Az \u00d6nk\u00e9ntesek Vil\u00e1gnapja alkalm\u00e1b\u00f3l id\u00e9n sok program \u00e9s sokf\u00e9le szerepk\u00f6r v\u00e1rja az \u00f6nk\u00e9nteseket. A a Csal\u00e1d, Es\u00e9lyteremt\u0151 \u00e9s \u00d6nk\u00e9ntes H\u00e1zak az \u00daj Nemzed\u00e9k K\u00f6zpont \u00e1ltal m\u0171k\u00f6dtetett megyei k\u00f6z\u00f6ss\u00e9gi terek egy\u00fcttm\u0171k\u00f6d\u00e9s\u00e9vel orsz\u00e1gosan t\u00f6bb mint 80 telep\u00fcl\u00e9s bevon\u00e1s\u00e1val \u00e9s mintegy 1500 \u00f6nk\u00e9ntes r\u00e9szv\u00e9tel\u00e9vel szervez akci\u00f3kat. A kezdem\u00e9nyez\u00e9sek egy r\u00e9sze az adventi id\u0151szakhoz kapcsol\u00f3dik, di\u00e1kok pedag\u00f3gusokkal k\u00f6z\u00f6sen d\u00edsz\u00edtenek fel int\u00e9zm\u00e9nyeket, illetve h\u00e1tr\u00e1nyos helyzet\u0171 csal\u00e1dok sz\u00e1m\u00e1ra tartanak foglalkoz\u00e1sokat. T\u00f6bb helysz\u00ednen helyi vezet\u0151k \u00e9s k\u00f6zismert szem\u00e9lyek is bekapcsol\u00f3dnak az \u00f6nk\u00e9ntes munk\u00e1ba, mes\u00e9ket, kedves t\u00f6rt\u00e9neteket olvasnak fel id\u0151sotthonok lak\u00f3inak. Az \u00f6nk\u00e9ntes akci\u00f3k minden esetben a helyi ig\u00e9nyek k\u00f6r\u00e9 szervez\u0151dtek. Az \u00f6nk\u00e9ntess\u00e9g \u00e1ltal\u00e1nosan \u00e9s a fiatalok k\u00f6r\u00e9ben is egyre n\u00e9pszer\u0171bb Magyarorsz\u00e1gon: t\u00edzb\u0151l minden harmadik feln\u0151tt \u00f6nk\u00e9nteskedett az elm\u00falt egy \u00e9vben, \u00e9s minden m\u00e1sodik magyar feln\u0151tt v\u00e9gzett m\u00e1r valamilyen \u00f6nk\u00e9ntes tev\u00e9kenys\u00e9get az \u00e9let\u00e9ben. Ebben az \u00e9vben k\u00e9tezer megk\u00e9rdezettel reprezentat\u00edv kutat\u00e1st v\u00e9geztek az \u00f6nk\u00e9ntess\u00e9gr\u0151l, ennek az eredm\u00e9nyeit janu\u00e1r v\u00e9g\u00e9n ismerteti a korm\u00e1ny. Az \u00f6nk\u00e9ntes lehet\u0151s\u00e9gekr\u0151l az www.onkentes.gov.hu weboldalon t\u00e1j\u00e9koz\u00f3dhatnak az \u00e9rdekl\u0151d\u0151k.<\/p>\n<p><em>Forr\u00e1s: kormany.hu<\/em><\/p>\n","protected":false},"excerpt":{"rendered":"<p>A Nemzeti \u00d6nk\u00e9ntes Strat\u00e9gia 2020-ig tart, k\u00f6z\u00e9ppontba helyezi az \u00f6nk\u00e9ntes tev\u00e9kenys\u00e9gek n\u00e9pszer\u0171s\u00edt\u00e9s\u00e9t, az \u00f6nk\u00e9ntesek elismer\u00e9s\u00e9t. A korm\u00e1ny\u00a0 a programhoz hazai \u00e9s uni\u00f3s forr\u00e1st is biztos\u00edt. \u00a0Az \u00f6nk\u00e9ntesek t\u00e1rsadalmi szerepv\u00e1llal\u00e1sa komoly k\u00f6z\u00f6ss\u00e9g\u00e9p\u00edt\u0151 er\u0151vel b\u00edr, hozz\u00e1j\u00e1rul a foglalkoztatotts\u00e1g n\u00f6vel\u00e9s\u00e9hez \u00e9s seg\u00edti a munkan\u00e9lk\u00fcliek munkaer\u0151piacra t\u00f6rt\u00e9n\u0151 visszat\u00e9r\u00e9s\u00e9t. Az \u00d6nk\u00e9ntesek Vil\u00e1gnapja alkalm\u00e1b\u00f3l id\u00e9n sok program \u00e9s sokf\u00e9le szerepk\u00f6r v\u00e1rja [&hellip;]<\/p>\n","protected":false},"author":1,"featured_media":2273,"comment_status":"open","ping_status":"open","sticky":false,"template":"","format":"standard","meta":{"_monsterinsights_skip_tracking":false,"footnotes":""},"categories":[200],"tags":[],"class_list":["post-2272","post","type-post","status-publish","format-standard","has-post-thumbnail","hentry","category-munkaeropiac"],"aioseo_notices":[],"aioseo_head":"\n\t\t<!-- All in One SEO 5.0.0.1 - aioseo.com -->\n\t<meta name=\"description\" content=\"A Nemzeti \u00d6nk\u00e9ntes Strat\u00e9gia 2020-ig tart, k\u00f6z\u00e9ppontba helyezi az \u00f6nk\u00e9ntes tev\u00e9kenys\u00e9gek n\u00e9pszer\u0171s\u00edt\u00e9s\u00e9t, az \u00f6nk\u00e9ntesek elismer\u00e9s\u00e9t. A korm\u00e1ny a programhoz hazai \u00e9s uni\u00f3s forr\u00e1st is biztos\u00edt. Az \u00f6nk\u00e9ntesek t\u00e1rsadalmi szerepv\u00e1llal\u00e1sa komoly k\u00f6z\u00f6ss\u00e9g\u00e9p\u00edt\u0151 er\u0151vel b\u00edr, hozz\u00e1j\u00e1rul a foglalkoztatotts\u00e1g n\u00f6vel\u00e9s\u00e9hez \u00e9s seg\u00edti a munkan\u00e9lk\u00fcliek munkaer\u0151piacra t\u00f6rt\u00e9n\u0151 visszat\u00e9r\u00e9s\u00e9t. Az \u00d6nk\u00e9ntesek Vil\u00e1gnapja alkalm\u00e1b\u00f3l id\u00e9n sok program \u00e9s sokf\u00e9le szerepk\u00f6r v\u00e1rja\" \/>\n\t<meta name=\"robots\" content=\"max-image-preview:large\" \/>\n\t<meta name=\"author\" content=\"Juh\u00e1sz P\u00e9ter\"\/>\n\t<link rel=\"canonical\" href=\"https:\/\/allasorias.hu\/hirek\/onkentesek-vilagnapja-nemzeti-onkentes-strategia\/\" \/>\n\t<meta name=\"generator\" content=\"All in One SEO (AIOSEO) 5.0.0.1\" \/>\n\t\t<meta property=\"og:locale\" content=\"hu_HU\" \/>\n\t\t<meta property=\"og:site_name\" content=\"AllasOrias.hu | H\u00edrek-lapszemle | \u00dczleti h\u00edrek az \u00e1ll\u00e1s \u00e9s a munka vil\u00e1g\u00e1b\u00f3l\" \/>\n\t\t<meta property=\"og:type\" content=\"article\" \/>\n\t\t<meta property=\"og:title\" content=\"\u00d6nk\u00e9ntesek Vil\u00e1gnapja \u2013 Nemzeti \u00d6nk\u00e9ntes strat\u00e9gia | AllasOrias.hu | H\u00edrek-lapszemle\" \/>\n\t\t<meta property=\"og:description\" content=\"A Nemzeti \u00d6nk\u00e9ntes Strat\u00e9gia 2020-ig tart, k\u00f6z\u00e9ppontba helyezi az \u00f6nk\u00e9ntes tev\u00e9kenys\u00e9gek n\u00e9pszer\u0171s\u00edt\u00e9s\u00e9t, az \u00f6nk\u00e9ntesek elismer\u00e9s\u00e9t. A korm\u00e1ny a programhoz hazai \u00e9s uni\u00f3s forr\u00e1st is biztos\u00edt. Az \u00f6nk\u00e9ntesek t\u00e1rsadalmi szerepv\u00e1llal\u00e1sa komoly k\u00f6z\u00f6ss\u00e9g\u00e9p\u00edt\u0151 er\u0151vel b\u00edr, hozz\u00e1j\u00e1rul a foglalkoztatotts\u00e1g n\u00f6vel\u00e9s\u00e9hez \u00e9s seg\u00edti a munkan\u00e9lk\u00fcliek munkaer\u0151piacra t\u00f6rt\u00e9n\u0151 visszat\u00e9r\u00e9s\u00e9t. Az \u00d6nk\u00e9ntesek Vil\u00e1gnapja alkalm\u00e1b\u00f3l id\u00e9n sok program \u00e9s sokf\u00e9le szerepk\u00f6r v\u00e1rja\" \/>\n\t\t<meta property=\"og:url\" content=\"https:\/\/allasorias.hu\/hirek\/onkentesek-vilagnapja-nemzeti-onkentes-strategia\/\" \/>\n\t\t<meta property=\"og:image\" content=\"https:\/\/allasorias.hu\/hirek\/wp-content\/uploads\/2018\/12\/volunteers-2653990_640.png\" \/>\n\t\t<meta property=\"og:image:secure_url\" content=\"https:\/\/allasorias.hu\/hirek\/wp-content\/uploads\/2018\/12\/volunteers-2653990_640.png\" \/>\n\t\t<meta property=\"og:image:width\" content=\"640\" \/>\n\t\t<meta property=\"og:image:height\" content=\"426\" \/>\n\t\t<meta property=\"article:published_time\" content=\"2018-12-06T12:42:48+00:00\" \/>\n\t\t<meta property=\"article:modified_time\" content=\"2018-12-06T12:42:48+00:00\" \/>\n\t\t<meta property=\"article:publisher\" content=\"https:\/\/www.facebook.com\/allasorias\" \/>\n\t\t<meta name=\"twitter:card\" content=\"summary_large_image\" \/>\n\t\t<meta name=\"twitter:title\" content=\"\u00d6nk\u00e9ntesek Vil\u00e1gnapja \u2013 Nemzeti \u00d6nk\u00e9ntes strat\u00e9gia | AllasOrias.hu | H\u00edrek-lapszemle\" \/>\n\t\t<meta name=\"twitter:description\" content=\"A Nemzeti \u00d6nk\u00e9ntes Strat\u00e9gia 2020-ig tart, k\u00f6z\u00e9ppontba helyezi az \u00f6nk\u00e9ntes tev\u00e9kenys\u00e9gek n\u00e9pszer\u0171s\u00edt\u00e9s\u00e9t, az \u00f6nk\u00e9ntesek elismer\u00e9s\u00e9t. A korm\u00e1ny a programhoz hazai \u00e9s uni\u00f3s forr\u00e1st is biztos\u00edt. Az \u00f6nk\u00e9ntesek t\u00e1rsadalmi szerepv\u00e1llal\u00e1sa komoly k\u00f6z\u00f6ss\u00e9g\u00e9p\u00edt\u0151 er\u0151vel b\u00edr, hozz\u00e1j\u00e1rul a foglalkoztatotts\u00e1g n\u00f6vel\u00e9s\u00e9hez \u00e9s seg\u00edti a munkan\u00e9lk\u00fcliek munkaer\u0151piacra t\u00f6rt\u00e9n\u0151 visszat\u00e9r\u00e9s\u00e9t. Az \u00d6nk\u00e9ntesek Vil\u00e1gnapja alkalm\u00e1b\u00f3l id\u00e9n sok program \u00e9s sokf\u00e9le szerepk\u00f6r v\u00e1rja\" \/>\n\t\t<meta name=\"twitter:image\" content=\"https:\/\/allasorias.hu\/hirek\/wp-content\/uploads\/2018\/12\/volunteers-2653990_640.png\" \/>\n\t\t<meta name=\"twitter:label1\" content=\"Written by\" \/>\n\t\t<meta name=\"twitter:data1\" content=\"Juh\u00e1sz P\u00e9ter\" \/>\n\t\t<meta name=\"twitter:label2\" content=\"Est. reading time\" \/>\n\t\t<meta name=\"twitter:data2\" content=\"2 minutes\" \/>\n\t\t<script type=\"application\/ld+json\" class=\"aioseo-schema\">\n\t\t\t{\"@context\":\"https:\\\/\\\/schema.org\",\"@graph\":[{\"@type\":\"Article\",\"@id\":\"https:\\\/\\\/allasorias.hu\\\/hirek\\\/onkentesek-vilagnapja-nemzeti-onkentes-strategia\\\/#article\",\"name\":\"\\u00d6nk\\u00e9ntesek Vil\\u00e1gnapja \\u2013 Nemzeti \\u00d6nk\\u00e9ntes strat\\u00e9gia | AllasOrias.hu | H\\u00edrek-lapszemle\",\"headline\":\"\\u00d6nk\\u00e9ntesek Vil\\u00e1gnapja \\u2013 Nemzeti \\u00d6nk\\u00e9ntes strat\\u00e9gia\",\"author\":{\"@id\":\"https:\\\/\\\/allasorias.hu\\\/hirek\\\/author\\\/admin-allasorias\\\/#author\"},\"publisher\":{\"@id\":\"https:\\\/\\\/allasorias.hu\\\/hirek\\\/#organization\"},\"image\":{\"@type\":\"ImageObject\",\"url\":\"https:\\\/\\\/allasorias.hu\\\/hirek\\\/wp-content\\\/uploads\\\/2018\\\/12\\\/volunteers-2653990_640.png\",\"width\":640,\"height\":426},\"datePublished\":\"2018-12-06T12:42:48+02:00\",\"dateModified\":\"2018-12-06T12:42:48+02:00\",\"inLanguage\":\"hu-HU\",\"mainEntityOfPage\":{\"@id\":\"https:\\\/\\\/allasorias.hu\\\/hirek\\\/onkentesek-vilagnapja-nemzeti-onkentes-strategia\\\/#webpage\"},\"isPartOf\":{\"@id\":\"https:\\\/\\\/allasorias.hu\\\/hirek\\\/onkentesek-vilagnapja-nemzeti-onkentes-strategia\\\/#webpage\"},\"articleSection\":\"Munkaer\\u0151piac\"},{\"@type\":\"BreadcrumbList\",\"@id\":\"https:\\\/\\\/allasorias.hu\\\/hirek\\\/onkentesek-vilagnapja-nemzeti-onkentes-strategia\\\/#breadcrumblist\",\"itemListElement\":[{\"@type\":\"ListItem\",\"@id\":\"https:\\\/\\\/allasorias.hu\\\/hirek#listItem\",\"position\":1,\"name\":\"Home\",\"item\":\"https:\\\/\\\/allasorias.hu\\\/hirek\",\"nextItem\":{\"@type\":\"ListItem\",\"@id\":\"https:\\\/\\\/allasorias.hu\\\/hirek\\\/temak\\\/munkaeropiac\\\/#listItem\",\"name\":\"Munkaer\\u0151piac\"}},{\"@type\":\"ListItem\",\"@id\":\"https:\\\/\\\/allasorias.hu\\\/hirek\\\/temak\\\/munkaeropiac\\\/#listItem\",\"position\":2,\"name\":\"Munkaer\\u0151piac\",\"item\":\"https:\\\/\\\/allasorias.hu\\\/hirek\\\/temak\\\/munkaeropiac\\\/\",\"nextItem\":{\"@type\":\"ListItem\",\"@id\":\"https:\\\/\\\/allasorias.hu\\\/hirek\\\/onkentesek-vilagnapja-nemzeti-onkentes-strategia\\\/#listItem\",\"name\":\"\\u00d6nk\\u00e9ntesek Vil\\u00e1gnapja \\u2013 Nemzeti \\u00d6nk\\u00e9ntes strat\\u00e9gia\"},\"previousItem\":{\"@type\":\"ListItem\",\"@id\":\"https:\\\/\\\/allasorias.hu\\\/hirek#listItem\",\"name\":\"Home\"}},{\"@type\":\"ListItem\",\"@id\":\"https:\\\/\\\/allasorias.hu\\\/hirek\\\/onkentesek-vilagnapja-nemzeti-onkentes-strategia\\\/#listItem\",\"position\":3,\"name\":\"\\u00d6nk\\u00e9ntesek Vil\\u00e1gnapja \\u2013 Nemzeti \\u00d6nk\\u00e9ntes strat\\u00e9gia\",\"previousItem\":{\"@type\":\"ListItem\",\"@id\":\"https:\\\/\\\/allasorias.hu\\\/hirek\\\/temak\\\/munkaeropiac\\\/#listItem\",\"name\":\"Munkaer\\u0151piac\"}}]},{\"@type\":\"Organization\",\"@id\":\"https:\\\/\\\/allasorias.hu\\\/hirek\\\/#organization\",\"name\":\"AllasOrias.hu | H\\u00edrek-lapszemle\",\"description\":\"\\u00dczleti h\\u00edrek az \\u00e1ll\\u00e1s \\u00e9s a munka vil\\u00e1g\\u00e1b\\u00f3l\",\"url\":\"https:\\\/\\\/allasorias.hu\\\/hirek\\\/\",\"logo\":{\"@type\":\"ImageObject\",\"url\":\"https:\\\/\\\/allasorias.hu\\\/hirek\\\/wp-content\\\/uploads\\\/2022\\\/10\\\/allasorias_site_facebok_logo.png\",\"@id\":\"https:\\\/\\\/allasorias.hu\\\/hirek\\\/onkentesek-vilagnapja-nemzeti-onkentes-strategia\\\/#organizationLogo\"},\"image\":{\"@id\":\"https:\\\/\\\/allasorias.hu\\\/hirek\\\/onkentesek-vilagnapja-nemzeti-onkentes-strategia\\\/#organizationLogo\"},\"sameAs\":[\"https:\\\/\\\/www.facebook.com\\\/allasorias\",\"https:\\\/\\\/www.linkedin.com\\\/company\\\/allasorias\"]},{\"@type\":\"Person\",\"@id\":\"https:\\\/\\\/allasorias.hu\\\/hirek\\\/author\\\/admin-allasorias\\\/#author\",\"url\":\"https:\\\/\\\/allasorias.hu\\\/hirek\\\/author\\\/admin-allasorias\\\/\",\"name\":\"Juh\\u00e1sz P\\u00e9ter\",\"image\":{\"@type\":\"ImageObject\",\"@id\":\"https:\\\/\\\/allasorias.hu\\\/hirek\\\/onkentesek-vilagnapja-nemzeti-onkentes-strategia\\\/#authorImage\",\"url\":\"https:\\\/\\\/secure.gravatar.com\\\/avatar\\\/36e6bcb83148978b992977cb0f54d22feb0cce8a0a849a9410532bb2623ba4c6?s=96&d=mm&r=g\",\"width\":96,\"height\":96,\"caption\":\"Juh\\u00e1sz P\\u00e9ter\"}},{\"@type\":\"WebPage\",\"@id\":\"https:\\\/\\\/allasorias.hu\\\/hirek\\\/onkentesek-vilagnapja-nemzeti-onkentes-strategia\\\/#webpage\",\"url\":\"https:\\\/\\\/allasorias.hu\\\/hirek\\\/onkentesek-vilagnapja-nemzeti-onkentes-strategia\\\/\",\"name\":\"\\u00d6nk\\u00e9ntesek Vil\\u00e1gnapja \\u2013 Nemzeti \\u00d6nk\\u00e9ntes strat\\u00e9gia | AllasOrias.hu | H\\u00edrek-lapszemle\",\"description\":\"A Nemzeti \\u00d6nk\\u00e9ntes Strat\\u00e9gia 2020-ig tart, k\\u00f6z\\u00e9ppontba helyezi az \\u00f6nk\\u00e9ntes tev\\u00e9kenys\\u00e9gek n\\u00e9pszer\\u0171s\\u00edt\\u00e9s\\u00e9t, az \\u00f6nk\\u00e9ntesek elismer\\u00e9s\\u00e9t. A korm\\u00e1ny a programhoz hazai \\u00e9s uni\\u00f3s forr\\u00e1st is biztos\\u00edt. Az \\u00f6nk\\u00e9ntesek t\\u00e1rsadalmi szerepv\\u00e1llal\\u00e1sa komoly k\\u00f6z\\u00f6ss\\u00e9g\\u00e9p\\u00edt\\u0151 er\\u0151vel b\\u00edr, hozz\\u00e1j\\u00e1rul a foglalkoztatotts\\u00e1g n\\u00f6vel\\u00e9s\\u00e9hez \\u00e9s seg\\u00edti a munkan\\u00e9lk\\u00fcliek munkaer\\u0151piacra t\\u00f6rt\\u00e9n\\u0151 visszat\\u00e9r\\u00e9s\\u00e9t. Az \\u00d6nk\\u00e9ntesek Vil\\u00e1gnapja alkalm\\u00e1b\\u00f3l id\\u00e9n sok program \\u00e9s sokf\\u00e9le szerepk\\u00f6r v\\u00e1rja\",\"inLanguage\":\"hu-HU\",\"isPartOf\":{\"@id\":\"https:\\\/\\\/allasorias.hu\\\/hirek\\\/#website\"},\"breadcrumb\":{\"@id\":\"https:\\\/\\\/allasorias.hu\\\/hirek\\\/onkentesek-vilagnapja-nemzeti-onkentes-strategia\\\/#breadcrumblist\"},\"author\":{\"@id\":\"https:\\\/\\\/allasorias.hu\\\/hirek\\\/author\\\/admin-allasorias\\\/#author\"},\"creator\":{\"@id\":\"https:\\\/\\\/allasorias.hu\\\/hirek\\\/author\\\/admin-allasorias\\\/#author\"},\"image\":{\"@type\":\"ImageObject\",\"url\":\"https:\\\/\\\/allasorias.hu\\\/hirek\\\/wp-content\\\/uploads\\\/2018\\\/12\\\/volunteers-2653990_640.png\",\"@id\":\"https:\\\/\\\/allasorias.hu\\\/hirek\\\/onkentesek-vilagnapja-nemzeti-onkentes-strategia\\\/#mainImage\",\"width\":640,\"height\":426},\"primaryImageOfPage\":{\"@id\":\"https:\\\/\\\/allasorias.hu\\\/hirek\\\/onkentesek-vilagnapja-nemzeti-onkentes-strategia\\\/#mainImage\"},\"datePublished\":\"2018-12-06T12:42:48+02:00\",\"dateModified\":\"2018-12-06T12:42:48+02:00\"},{\"@type\":\"WebSite\",\"@id\":\"https:\\\/\\\/allasorias.hu\\\/hirek\\\/#website\",\"url\":\"https:\\\/\\\/allasorias.hu\\\/hirek\\\/\",\"name\":\"AllasOrias.hu | H\\u00edrek-lapszemle\",\"description\":\"\\u00dczleti h\\u00edrek az \\u00e1ll\\u00e1s \\u00e9s a munka vil\\u00e1g\\u00e1b\\u00f3l\",\"inLanguage\":\"hu-HU\",\"publisher\":{\"@id\":\"https:\\\/\\\/allasorias.hu\\\/hirek\\\/#organization\"}}]}\n\t\t<\/script>\n\t\t<!-- All in One SEO -->\n\n","aioseo_head_json":{"title":"\u00d6nk\u00e9ntesek Vil\u00e1gnapja \u2013 Nemzeti \u00d6nk\u00e9ntes strat\u00e9gia | AllasOrias.hu | H\u00edrek-lapszemle","description":"A Nemzeti \u00d6nk\u00e9ntes Strat\u00e9gia 2020-ig tart, k\u00f6z\u00e9ppontba helyezi az \u00f6nk\u00e9ntes tev\u00e9kenys\u00e9gek n\u00e9pszer\u0171s\u00edt\u00e9s\u00e9t, az \u00f6nk\u00e9ntesek elismer\u00e9s\u00e9t. A korm\u00e1ny a programhoz hazai \u00e9s uni\u00f3s forr\u00e1st is biztos\u00edt. Az \u00f6nk\u00e9ntesek t\u00e1rsadalmi szerepv\u00e1llal\u00e1sa komoly k\u00f6z\u00f6ss\u00e9g\u00e9p\u00edt\u0151 er\u0151vel b\u00edr, hozz\u00e1j\u00e1rul a foglalkoztatotts\u00e1g n\u00f6vel\u00e9s\u00e9hez \u00e9s seg\u00edti a munkan\u00e9lk\u00fcliek munkaer\u0151piacra t\u00f6rt\u00e9n\u0151 visszat\u00e9r\u00e9s\u00e9t. Az \u00d6nk\u00e9ntesek Vil\u00e1gnapja alkalm\u00e1b\u00f3l id\u00e9n sok program \u00e9s sokf\u00e9le szerepk\u00f6r v\u00e1rja","canonical_url":"https:\/\/allasorias.hu\/hirek\/onkentesek-vilagnapja-nemzeti-onkentes-strategia\/","robots":"max-image-preview:large","keywords":"","webmasterTools":{"miscellaneous":""},"schema":{"@context":"https:\/\/schema.org","@graph":[{"@type":"Article","@id":"https:\/\/allasorias.hu\/hirek\/onkentesek-vilagnapja-nemzeti-onkentes-strategia\/#article","name":"\u00d6nk\u00e9ntesek Vil\u00e1gnapja \u2013 Nemzeti \u00d6nk\u00e9ntes strat\u00e9gia | AllasOrias.hu | H\u00edrek-lapszemle","headline":"\u00d6nk\u00e9ntesek Vil\u00e1gnapja \u2013 Nemzeti \u00d6nk\u00e9ntes strat\u00e9gia","author":{"@id":"https:\/\/allasorias.hu\/hirek\/author\/admin-allasorias\/#author"},"publisher":{"@id":"https:\/\/allasorias.hu\/hirek\/#organization"},"image":{"@type":"ImageObject","url":"https:\/\/allasorias.hu\/hirek\/wp-content\/uploads\/2018\/12\/volunteers-2653990_640.png","width":640,"height":426},"datePublished":"2018-12-06T12:42:48+02:00","dateModified":"2018-12-06T12:42:48+02:00","inLanguage":"hu-HU","mainEntityOfPage":{"@id":"https:\/\/allasorias.hu\/hirek\/onkentesek-vilagnapja-nemzeti-onkentes-strategia\/#webpage"},"isPartOf":{"@id":"https:\/\/allasorias.hu\/hirek\/onkentesek-vilagnapja-nemzeti-onkentes-strategia\/#webpage"},"articleSection":"Munkaer\u0151piac"},{"@type":"BreadcrumbList","@id":"https:\/\/allasorias.hu\/hirek\/onkentesek-vilagnapja-nemzeti-onkentes-strategia\/#breadcrumblist","itemListElement":[{"@type":"ListItem","@id":"https:\/\/allasorias.hu\/hirek#listItem","position":1,"name":"Home","item":"https:\/\/allasorias.hu\/hirek","nextItem":{"@type":"ListItem","@id":"https:\/\/allasorias.hu\/hirek\/temak\/munkaeropiac\/#listItem","name":"Munkaer\u0151piac"}},{"@type":"ListItem","@id":"https:\/\/allasorias.hu\/hirek\/temak\/munkaeropiac\/#listItem","position":2,"name":"Munkaer\u0151piac","item":"https:\/\/allasorias.hu\/hirek\/temak\/munkaeropiac\/","nextItem":{"@type":"ListItem","@id":"https:\/\/allasorias.hu\/hirek\/onkentesek-vilagnapja-nemzeti-onkentes-strategia\/#listItem","name":"\u00d6nk\u00e9ntesek Vil\u00e1gnapja \u2013 Nemzeti \u00d6nk\u00e9ntes strat\u00e9gia"},"previousItem":{"@type":"ListItem","@id":"https:\/\/allasorias.hu\/hirek#listItem","name":"Home"}},{"@type":"ListItem","@id":"https:\/\/allasorias.hu\/hirek\/onkentesek-vilagnapja-nemzeti-onkentes-strategia\/#listItem","position":3,"name":"\u00d6nk\u00e9ntesek Vil\u00e1gnapja \u2013 Nemzeti \u00d6nk\u00e9ntes strat\u00e9gia","previousItem":{"@type":"ListItem","@id":"https:\/\/allasorias.hu\/hirek\/temak\/munkaeropiac\/#listItem","name":"Munkaer\u0151piac"}}]},{"@type":"Organization","@id":"https:\/\/allasorias.hu\/hirek\/#organization","name":"AllasOrias.hu | H\u00edrek-lapszemle","description":"\u00dczleti h\u00edrek az \u00e1ll\u00e1s \u00e9s a munka vil\u00e1g\u00e1b\u00f3l","url":"https:\/\/allasorias.hu\/hirek\/","logo":{"@type":"ImageObject","url":"https:\/\/allasorias.hu\/hirek\/wp-content\/uploads\/2022\/10\/allasorias_site_facebok_logo.png","@id":"https:\/\/allasorias.hu\/hirek\/onkentesek-vilagnapja-nemzeti-onkentes-strategia\/#organizationLogo"},"image":{"@id":"https:\/\/allasorias.hu\/hirek\/onkentesek-vilagnapja-nemzeti-onkentes-strategia\/#organizationLogo"},"sameAs":["https:\/\/www.facebook.com\/allasorias","https:\/\/www.linkedin.com\/company\/allasorias"]},{"@type":"Person","@id":"https:\/\/allasorias.hu\/hirek\/author\/admin-allasorias\/#author","url":"https:\/\/allasorias.hu\/hirek\/author\/admin-allasorias\/","name":"Juh\u00e1sz P\u00e9ter","image":{"@type":"ImageObject","@id":"https:\/\/allasorias.hu\/hirek\/onkentesek-vilagnapja-nemzeti-onkentes-strategia\/#authorImage","url":"https:\/\/secure.gravatar.com\/avatar\/36e6bcb83148978b992977cb0f54d22feb0cce8a0a849a9410532bb2623ba4c6?s=96&d=mm&r=g","width":96,"height":96,"caption":"Juh\u00e1sz P\u00e9ter"}},{"@type":"WebPage","@id":"https:\/\/allasorias.hu\/hirek\/onkentesek-vilagnapja-nemzeti-onkentes-strategia\/#webpage","url":"https:\/\/allasorias.hu\/hirek\/onkentesek-vilagnapja-nemzeti-onkentes-strategia\/","name":"\u00d6nk\u00e9ntesek Vil\u00e1gnapja \u2013 Nemzeti \u00d6nk\u00e9ntes strat\u00e9gia | AllasOrias.hu | H\u00edrek-lapszemle","description":"A Nemzeti \u00d6nk\u00e9ntes Strat\u00e9gia 2020-ig tart, k\u00f6z\u00e9ppontba helyezi az \u00f6nk\u00e9ntes tev\u00e9kenys\u00e9gek n\u00e9pszer\u0171s\u00edt\u00e9s\u00e9t, az \u00f6nk\u00e9ntesek elismer\u00e9s\u00e9t. A korm\u00e1ny a programhoz hazai \u00e9s uni\u00f3s forr\u00e1st is biztos\u00edt. Az \u00f6nk\u00e9ntesek t\u00e1rsadalmi szerepv\u00e1llal\u00e1sa komoly k\u00f6z\u00f6ss\u00e9g\u00e9p\u00edt\u0151 er\u0151vel b\u00edr, hozz\u00e1j\u00e1rul a foglalkoztatotts\u00e1g n\u00f6vel\u00e9s\u00e9hez \u00e9s seg\u00edti a munkan\u00e9lk\u00fcliek munkaer\u0151piacra t\u00f6rt\u00e9n\u0151 visszat\u00e9r\u00e9s\u00e9t. Az \u00d6nk\u00e9ntesek Vil\u00e1gnapja alkalm\u00e1b\u00f3l id\u00e9n sok program \u00e9s sokf\u00e9le szerepk\u00f6r v\u00e1rja","inLanguage":"hu-HU","isPartOf":{"@id":"https:\/\/allasorias.hu\/hirek\/#website"},"breadcrumb":{"@id":"https:\/\/allasorias.hu\/hirek\/onkentesek-vilagnapja-nemzeti-onkentes-strategia\/#breadcrumblist"},"author":{"@id":"https:\/\/allasorias.hu\/hirek\/author\/admin-allasorias\/#author"},"creator":{"@id":"https:\/\/allasorias.hu\/hirek\/author\/admin-allasorias\/#author"},"image":{"@type":"ImageObject","url":"https:\/\/allasorias.hu\/hirek\/wp-content\/uploads\/2018\/12\/volunteers-2653990_640.png","@id":"https:\/\/allasorias.hu\/hirek\/onkentesek-vilagnapja-nemzeti-onkentes-strategia\/#mainImage","width":640,"height":426},"primaryImageOfPage":{"@id":"https:\/\/allasorias.hu\/hirek\/onkentesek-vilagnapja-nemzeti-onkentes-strategia\/#mainImage"},"datePublished":"2018-12-06T12:42:48+02:00","dateModified":"2018-12-06T12:42:48+02:00"},{"@type":"WebSite","@id":"https:\/\/allasorias.hu\/hirek\/#website","url":"https:\/\/allasorias.hu\/hirek\/","name":"AllasOrias.hu | H\u00edrek-lapszemle","description":"\u00dczleti h\u00edrek az \u00e1ll\u00e1s \u00e9s a munka vil\u00e1g\u00e1b\u00f3l","inLanguage":"hu-HU","publisher":{"@id":"https:\/\/allasorias.hu\/hirek\/#organization"}}]},"og:locale":"hu_HU","og:site_name":"AllasOrias.hu | H\u00edrek-lapszemle | \u00dczleti h\u00edrek az \u00e1ll\u00e1s \u00e9s a munka vil\u00e1g\u00e1b\u00f3l","og:type":"article","og:title":"\u00d6nk\u00e9ntesek Vil\u00e1gnapja \u2013 Nemzeti \u00d6nk\u00e9ntes strat\u00e9gia | AllasOrias.hu | H\u00edrek-lapszemle","og:description":"A Nemzeti \u00d6nk\u00e9ntes Strat\u00e9gia 2020-ig tart, k\u00f6z\u00e9ppontba helyezi az \u00f6nk\u00e9ntes tev\u00e9kenys\u00e9gek n\u00e9pszer\u0171s\u00edt\u00e9s\u00e9t, az \u00f6nk\u00e9ntesek elismer\u00e9s\u00e9t. A korm\u00e1ny a programhoz hazai \u00e9s uni\u00f3s forr\u00e1st is biztos\u00edt. Az \u00f6nk\u00e9ntesek t\u00e1rsadalmi szerepv\u00e1llal\u00e1sa komoly k\u00f6z\u00f6ss\u00e9g\u00e9p\u00edt\u0151 er\u0151vel b\u00edr, hozz\u00e1j\u00e1rul a foglalkoztatotts\u00e1g n\u00f6vel\u00e9s\u00e9hez \u00e9s seg\u00edti a munkan\u00e9lk\u00fcliek munkaer\u0151piacra t\u00f6rt\u00e9n\u0151 visszat\u00e9r\u00e9s\u00e9t. Az \u00d6nk\u00e9ntesek Vil\u00e1gnapja alkalm\u00e1b\u00f3l id\u00e9n sok program \u00e9s sokf\u00e9le szerepk\u00f6r v\u00e1rja","og:url":"https:\/\/allasorias.hu\/hirek\/onkentesek-vilagnapja-nemzeti-onkentes-strategia\/","og:image":"https:\/\/allasorias.hu\/hirek\/wp-content\/uploads\/2018\/12\/volunteers-2653990_640.png","og:image:secure_url":"https:\/\/allasorias.hu\/hirek\/wp-content\/uploads\/2018\/12\/volunteers-2653990_640.png","og:image:width":640,"og:image:height":426,"article:published_time":"2018-12-06T12:42:48+00:00","article:modified_time":"2018-12-06T12:42:48+00:00","article:publisher":"https:\/\/www.facebook.com\/allasorias","twitter:card":"summary_large_image","twitter:title":"\u00d6nk\u00e9ntesek Vil\u00e1gnapja \u2013 Nemzeti \u00d6nk\u00e9ntes strat\u00e9gia | AllasOrias.hu | H\u00edrek-lapszemle","twitter:description":"A Nemzeti \u00d6nk\u00e9ntes Strat\u00e9gia 2020-ig tart, k\u00f6z\u00e9ppontba helyezi az \u00f6nk\u00e9ntes tev\u00e9kenys\u00e9gek n\u00e9pszer\u0171s\u00edt\u00e9s\u00e9t, az \u00f6nk\u00e9ntesek elismer\u00e9s\u00e9t. A korm\u00e1ny a programhoz hazai \u00e9s uni\u00f3s forr\u00e1st is biztos\u00edt. Az \u00f6nk\u00e9ntesek t\u00e1rsadalmi szerepv\u00e1llal\u00e1sa komoly k\u00f6z\u00f6ss\u00e9g\u00e9p\u00edt\u0151 er\u0151vel b\u00edr, hozz\u00e1j\u00e1rul a foglalkoztatotts\u00e1g n\u00f6vel\u00e9s\u00e9hez \u00e9s seg\u00edti a munkan\u00e9lk\u00fcliek munkaer\u0151piacra t\u00f6rt\u00e9n\u0151 visszat\u00e9r\u00e9s\u00e9t. Az \u00d6nk\u00e9ntesek Vil\u00e1gnapja alkalm\u00e1b\u00f3l id\u00e9n sok program \u00e9s sokf\u00e9le szerepk\u00f6r v\u00e1rja","twitter:image":"https:\/\/allasorias.hu\/hirek\/wp-content\/uploads\/2018\/12\/volunteers-2653990_640.png","twitter:label1":"Written by","twitter:data1":"Juh\u00e1sz P\u00e9ter","twitter:label2":"Est. reading time","twitter:data2":"2 minutes"},"aioseo_meta_data":{"post_id":"2272","title":null,"description":null,"keywords":null,"keyphrases":null,"primary_term":null,"canonical_url":null,"og_title":null,"og_description":null,"og_object_type":"default","og_image_type":"default","og_image_url":null,"og_image_width":null,"og_image_height":null,"og_image_custom_url":null,"og_image_custom_fields":null,"og_video":null,"og_custom_url":null,"og_article_section":null,"og_article_tags":null,"twitter_use_og":false,"twitter_card":"default","twitter_image_type":"default","twitter_image_url":null,"twitter_image_custom_url":null,"twitter_image_custom_fields":null,"twitter_title":null,"twitter_description":null,"schema":{"blockGraphs":[],"customGraphs":[],"default":{"data":{"Article":[],"Course":[],"Dataset":[],"FAQPage":[],"Movie":[],"Person":[],"Product":[],"ProductReview":[],"Car":[],"Recipe":[],"Service":[],"SoftwareApplication":[],"WebPage":[]},"graphName":"","isEnabled":true},"graphs":[],"defaultGraph":"","defaultPostTypeGraph":""},"schema_type":null,"schema_type_options":null,"pillar_content":false,"robots_default":true,"robots_noindex":false,"robots_noarchive":false,"robots_nosnippet":false,"robots_nofollow":false,"robots_noimageindex":false,"robots_noodp":false,"robots_notranslate":false,"robots_max_snippet":null,"robots_max_videopreview":null,"robots_max_imagepreview":"large","priority":null,"frequency":null,"location":null,"local_seo":null,"breadcrumb_settings":null,"limit_modified_date":false,"ai":null,"created":"2021-02-01 20:45:00","updated":"2025-10-02 09:32:38","seo_analyzer_scan_date":null,"focus_keyword":null,"additional_keywords":null,"truseo_locale":null},"aioseo_breadcrumb":"<div class=\"aioseo-breadcrumbs\"><span class=\"aioseo-breadcrumb\">\n\t\t\t<a href=\"https:\/\/allasorias.hu\/hirek\" title=\"Home\">Home<\/a>\n\t\t<\/span><span class=\"aioseo-breadcrumb-separator\">&raquo;<\/span><span class=\"aioseo-breadcrumb\">\n\t\t\t<a href=\"https:\/\/allasorias.hu\/hirek\/temak\/munkaeropiac\/\" title=\"Munkaer\u0151piac\">Munkaer\u0151piac<\/a>\n\t\t<\/span><span class=\"aioseo-breadcrumb-separator\">&raquo;<\/span><span class=\"aioseo-breadcrumb\">\n\t\t\t\u00d6nk\u00e9ntesek Vil\u00e1gnapja \u2013 Nemzeti \u00d6nk\u00e9ntes strat\u00e9gia\n\t\t<\/span><\/div>","aioseo_breadcrumb_json":[{"label":"Home","link":"https:\/\/allasorias.hu\/hirek"},{"label":"Munkaer\u0151piac","link":"https:\/\/allasorias.hu\/hirek\/temak\/munkaeropiac\/"},{"label":"\u00d6nk\u00e9ntesek Vil\u00e1gnapja \u2013 Nemzeti \u00d6nk\u00e9ntes strat\u00e9gia","link":"https:\/\/allasorias.hu\/hirek\/onkentesek-vilagnapja-nemzeti-onkentes-strategia\/"}],"_links":{"self":[{"href":"https:\/\/allasorias.hu\/hirek\/wp-json\/wp\/v2\/posts\/2272","targetHints":{"allow":["GET"]}}],"collection":[{"href":"https:\/\/allasorias.hu\/hirek\/wp-json\/wp\/v2\/posts"}],"about":[{"href":"https:\/\/allasorias.hu\/hirek\/wp-json\/wp\/v2\/types\/post"}],"author":[{"embeddable":true,"href":"https:\/\/allasorias.hu\/hirek\/wp-json\/wp\/v2\/users\/1"}],"replies":[{"embeddable":true,"href":"https:\/\/allasorias.hu\/hirek\/wp-json\/wp\/v2\/comments?post=2272"}],"version-history":[{"count":1,"href":"https:\/\/allasorias.hu\/hirek\/wp-json\/wp\/v2\/posts\/2272\/revisions"}],"predecessor-version":[{"id":2274,"href":"https:\/\/allasorias.hu\/hirek\/wp-json\/wp\/v2\/posts\/2272\/revisions\/2274"}],"wp:featuredmedia":[{"embeddable":true,"href":"https:\/\/allasorias.hu\/hirek\/wp-json\/wp\/v2\/media\/2273"}],"wp:attachment":[{"href":"https:\/\/allasorias.hu\/hirek\/wp-json\/wp\/v2\/media?parent=2272"}],"wp:term":[{"taxonomy":"category","embeddable":true,"href":"https:\/\/allasorias.hu\/hirek\/wp-json\/wp\/v2\/categories?post=2272"},{"taxonomy":"post_tag","embeddable":true,"href":"https:\/\/allasorias.hu\/hirek\/wp-json\/wp\/v2\/tags?post=2272"}],"curies":[{"name":"wp","href":"https:\/\/api.w.org\/{rel}","templated":true}]}}