{"id":2265,"date":"2018-12-05T09:51:52","date_gmt":"2018-12-05T09:51:52","guid":{"rendered":"https:\/\/allasorias.hu\/hirek\/?p=2265"},"modified":"2018-12-05T09:51:52","modified_gmt":"2018-12-05T09:51:52","slug":"kevesebb-jarulekot-fizetunk-2019-ben","status":"publish","type":"post","link":"https:\/\/allasorias.hu\/hirek\/kevesebb-jarulekot-fizetunk-2019-ben\/","title":{"rendered":"Kevesebb j\u00e1rul\u00e9kot fizet\u00fcnk 2019-ben"},"content":{"rendered":"<p><strong>T\u00f6bb p\u00e9nz marad a v\u00e1llalkoz\u00e1sokn\u00e1l j\u00f6v\u0151re, miut\u00e1n tov\u00e1bb cs\u00f6kken a szoci\u00e1lis hozz\u00e1j\u00e1rul\u00e1si ad\u00f3.\u00a0 A Magyar Id\u0151knek adott interj\u00faban Izer Norbert, a P\u00e9nz\u00fcgyminiszt\u00e9rium ad\u00f3\u00fcgyek\u00e9rt felel\u0151s \u00e1llamtitk\u00e1ra elmondta: 2016-ban 27 sz\u00e1zal\u00e9k volt az ad\u00f3 kulcsa, j\u00faliust\u00f3l 17,5 sz\u00e1zal\u00e9kra m\u00e9rs\u00e9kl\u0151dhet. A munk\u00e1ltat\u00f3k teh\u00e1t m\u00e1r eddig is jelent\u0151s k\u00f6lts\u00e9gcs\u00f6kkent\u00e9st kaptak a munkab\u00e9rek ut\u00e1n, a j\u00f6v\u0151 \u00e9vi m\u00e9rs\u00e9kl\u00e9s pedig ak\u00e1r \u00fajabb b\u00e9remel\u00e9sekre is fedezetet ny\u00fajthat.<\/strong><\/p>\n<p>Az \u00e1llamtitk\u00e1r kiemelte: a j\u00e1rul\u00e9kcs\u00f6kkent\u00e9s j\u00faliusi \u00fctemez\u00e9se nem indokolja a b\u00e9rdinamika lassul\u00e1s\u00e1t, s igaz ez a cafet\u00e9ria rendszer \u00e1talak\u00edt\u00e1sa k\u00f6r\u00fcl kialakult hangulatkelt\u00e9sre is. A korm\u00e1ny \u00e1ll\u00e1spontja szerint a dolgoz\u00f3k munk\u00e1j\u00e1t &#8211; a nyugd\u00edj- \u00e9s eg\u00e9szs\u00e9g\u00fcgyi kassz\u00e1ba is besz\u00e1m\u00edthat\u00f3 &#8211; b\u00e9rrel kell elismerni, nem utalv\u00e1nyokkal, ilyen-olyan juttat\u00e1sokkal. Izer Norbert hangs\u00falyozta: a cafet\u00e9ria nem sz\u0171nik meg, csak a rendszer egyszer\u0171s\u00f6dik. A keret\u00f6sszege sem v\u00e1ltozik.<\/p>\n<p><em>Forr\u00e1s: penzcentrum.hu<\/em><\/p>\n","protected":false},"excerpt":{"rendered":"<p>T\u00f6bb p\u00e9nz marad a v\u00e1llalkoz\u00e1sokn\u00e1l j\u00f6v\u0151re, miut\u00e1n tov\u00e1bb cs\u00f6kken a szoci\u00e1lis hozz\u00e1j\u00e1rul\u00e1si ad\u00f3.\u00a0 A Magyar Id\u0151knek adott interj\u00faban Izer Norbert, a P\u00e9nz\u00fcgyminiszt\u00e9rium ad\u00f3\u00fcgyek\u00e9rt felel\u0151s \u00e1llamtitk\u00e1ra elmondta: 2016-ban 27 sz\u00e1zal\u00e9k volt az ad\u00f3 kulcsa, j\u00faliust\u00f3l 17,5 sz\u00e1zal\u00e9kra m\u00e9rs\u00e9kl\u0151dhet. A munk\u00e1ltat\u00f3k teh\u00e1t m\u00e1r eddig is jelent\u0151s k\u00f6lts\u00e9gcs\u00f6kkent\u00e9st kaptak a munkab\u00e9rek ut\u00e1n, a j\u00f6v\u0151 \u00e9vi m\u00e9rs\u00e9kl\u00e9s pedig ak\u00e1r [&hellip;]<\/p>\n","protected":false},"author":1,"featured_media":2266,"comment_status":"open","ping_status":"open","sticky":false,"template":"","format":"standard","meta":{"_monsterinsights_skip_tracking":false,"footnotes":""},"categories":[198,200],"tags":[],"class_list":["post-2265","post","type-post","status-publish","format-standard","has-post-thumbnail","hentry","category-gazdasag","category-munkaeropiac"],"aioseo_notices":[],"aioseo_head":"\n\t\t<!-- All in One SEO 5.0.0.1 - aioseo.com -->\n\t<meta name=\"description\" content=\"T\u00f6bb p\u00e9nz marad a v\u00e1llalkoz\u00e1sokn\u00e1l j\u00f6v\u0151re, miut\u00e1n tov\u00e1bb cs\u00f6kken a szoci\u00e1lis hozz\u00e1j\u00e1rul\u00e1si ad\u00f3. A Magyar Id\u0151knek adott interj\u00faban Izer Norbert, a P\u00e9nz\u00fcgyminiszt\u00e9rium ad\u00f3\u00fcgyek\u00e9rt felel\u0151s \u00e1llamtitk\u00e1ra elmondta: 2016-ban 27 sz\u00e1zal\u00e9k volt az ad\u00f3 kulcsa, j\u00faliust\u00f3l 17,5 sz\u00e1zal\u00e9kra m\u00e9rs\u00e9kl\u0151dhet. A munk\u00e1ltat\u00f3k teh\u00e1t m\u00e1r eddig is jelent\u0151s k\u00f6lts\u00e9gcs\u00f6kkent\u00e9st kaptak a munkab\u00e9rek ut\u00e1n, a j\u00f6v\u0151 \u00e9vi m\u00e9rs\u00e9kl\u00e9s pedig ak\u00e1r\" \/>\n\t<meta name=\"robots\" content=\"max-image-preview:large\" \/>\n\t<meta name=\"author\" content=\"Juh\u00e1sz P\u00e9ter\"\/>\n\t<link rel=\"canonical\" href=\"https:\/\/allasorias.hu\/hirek\/kevesebb-jarulekot-fizetunk-2019-ben\/\" \/>\n\t<meta name=\"generator\" content=\"All in One SEO (AIOSEO) 5.0.0.1\" \/>\n\t\t<meta property=\"og:locale\" content=\"hu_HU\" \/>\n\t\t<meta property=\"og:site_name\" content=\"AllasOrias.hu | H\u00edrek-lapszemle | \u00dczleti h\u00edrek az \u00e1ll\u00e1s \u00e9s a munka vil\u00e1g\u00e1b\u00f3l\" \/>\n\t\t<meta property=\"og:type\" content=\"article\" \/>\n\t\t<meta property=\"og:title\" content=\"Kevesebb j\u00e1rul\u00e9kot fizet\u00fcnk 2019-ben | AllasOrias.hu | H\u00edrek-lapszemle\" \/>\n\t\t<meta property=\"og:description\" content=\"T\u00f6bb p\u00e9nz marad a v\u00e1llalkoz\u00e1sokn\u00e1l j\u00f6v\u0151re, miut\u00e1n tov\u00e1bb cs\u00f6kken a szoci\u00e1lis hozz\u00e1j\u00e1rul\u00e1si ad\u00f3. A Magyar Id\u0151knek adott interj\u00faban Izer Norbert, a P\u00e9nz\u00fcgyminiszt\u00e9rium ad\u00f3\u00fcgyek\u00e9rt felel\u0151s \u00e1llamtitk\u00e1ra elmondta: 2016-ban 27 sz\u00e1zal\u00e9k volt az ad\u00f3 kulcsa, j\u00faliust\u00f3l 17,5 sz\u00e1zal\u00e9kra m\u00e9rs\u00e9kl\u0151dhet. A munk\u00e1ltat\u00f3k teh\u00e1t m\u00e1r eddig is jelent\u0151s k\u00f6lts\u00e9gcs\u00f6kkent\u00e9st kaptak a munkab\u00e9rek ut\u00e1n, a j\u00f6v\u0151 \u00e9vi m\u00e9rs\u00e9kl\u00e9s pedig ak\u00e1r\" \/>\n\t\t<meta property=\"og:url\" content=\"https:\/\/allasorias.hu\/hirek\/kevesebb-jarulekot-fizetunk-2019-ben\/\" \/>\n\t\t<meta property=\"og:image\" content=\"https:\/\/allasorias.hu\/hirek\/wp-content\/uploads\/2018\/12\/money-2724241_640.jpg\" \/>\n\t\t<meta property=\"og:image:secure_url\" content=\"https:\/\/allasorias.hu\/hirek\/wp-content\/uploads\/2018\/12\/money-2724241_640.jpg\" \/>\n\t\t<meta property=\"og:image:width\" content=\"640\" \/>\n\t\t<meta property=\"og:image:height\" content=\"432\" \/>\n\t\t<meta property=\"article:published_time\" content=\"2018-12-05T09:51:52+00:00\" \/>\n\t\t<meta property=\"article:modified_time\" content=\"2018-12-05T09:51:52+00:00\" \/>\n\t\t<meta property=\"article:publisher\" content=\"https:\/\/www.facebook.com\/allasorias\" \/>\n\t\t<meta name=\"twitter:card\" content=\"summary_large_image\" \/>\n\t\t<meta name=\"twitter:title\" content=\"Kevesebb j\u00e1rul\u00e9kot fizet\u00fcnk 2019-ben | AllasOrias.hu | H\u00edrek-lapszemle\" \/>\n\t\t<meta name=\"twitter:description\" content=\"T\u00f6bb p\u00e9nz marad a v\u00e1llalkoz\u00e1sokn\u00e1l j\u00f6v\u0151re, miut\u00e1n tov\u00e1bb cs\u00f6kken a szoci\u00e1lis hozz\u00e1j\u00e1rul\u00e1si ad\u00f3. A Magyar Id\u0151knek adott interj\u00faban Izer Norbert, a P\u00e9nz\u00fcgyminiszt\u00e9rium ad\u00f3\u00fcgyek\u00e9rt felel\u0151s \u00e1llamtitk\u00e1ra elmondta: 2016-ban 27 sz\u00e1zal\u00e9k volt az ad\u00f3 kulcsa, j\u00faliust\u00f3l 17,5 sz\u00e1zal\u00e9kra m\u00e9rs\u00e9kl\u0151dhet. A munk\u00e1ltat\u00f3k teh\u00e1t m\u00e1r eddig is jelent\u0151s k\u00f6lts\u00e9gcs\u00f6kkent\u00e9st kaptak a munkab\u00e9rek ut\u00e1n, a j\u00f6v\u0151 \u00e9vi m\u00e9rs\u00e9kl\u00e9s pedig ak\u00e1r\" \/>\n\t\t<meta name=\"twitter:image\" content=\"https:\/\/allasorias.hu\/hirek\/wp-content\/uploads\/2018\/12\/money-2724241_640.jpg\" \/>\n\t\t<meta name=\"twitter:label1\" content=\"Written by\" \/>\n\t\t<meta name=\"twitter:data1\" content=\"Juh\u00e1sz P\u00e9ter\" \/>\n\t\t<meta name=\"twitter:label2\" content=\"Est. reading time\" \/>\n\t\t<meta name=\"twitter:data2\" content=\"1 minute\" \/>\n\t\t<script type=\"application\/ld+json\" class=\"aioseo-schema\">\n\t\t\t{\"@context\":\"https:\\\/\\\/schema.org\",\"@graph\":[{\"@type\":\"Article\",\"@id\":\"https:\\\/\\\/allasorias.hu\\\/hirek\\\/kevesebb-jarulekot-fizetunk-2019-ben\\\/#article\",\"name\":\"Kevesebb j\\u00e1rul\\u00e9kot fizet\\u00fcnk 2019-ben | AllasOrias.hu | H\\u00edrek-lapszemle\",\"headline\":\"Kevesebb j\\u00e1rul\\u00e9kot fizet\\u00fcnk 2019-ben\",\"author\":{\"@id\":\"https:\\\/\\\/allasorias.hu\\\/hirek\\\/author\\\/admin-allasorias\\\/#author\"},\"publisher\":{\"@id\":\"https:\\\/\\\/allasorias.hu\\\/hirek\\\/#organization\"},\"image\":{\"@type\":\"ImageObject\",\"url\":\"https:\\\/\\\/allasorias.hu\\\/hirek\\\/wp-content\\\/uploads\\\/2018\\\/12\\\/money-2724241_640.jpg\",\"width\":640,\"height\":432},\"datePublished\":\"2018-12-05T09:51:52+02:00\",\"dateModified\":\"2018-12-05T09:51:52+02:00\",\"inLanguage\":\"hu-HU\",\"mainEntityOfPage\":{\"@id\":\"https:\\\/\\\/allasorias.hu\\\/hirek\\\/kevesebb-jarulekot-fizetunk-2019-ben\\\/#webpage\"},\"isPartOf\":{\"@id\":\"https:\\\/\\\/allasorias.hu\\\/hirek\\\/kevesebb-jarulekot-fizetunk-2019-ben\\\/#webpage\"},\"articleSection\":\"Gazdas\\u00e1g, Munkaer\\u0151piac\"},{\"@type\":\"BreadcrumbList\",\"@id\":\"https:\\\/\\\/allasorias.hu\\\/hirek\\\/kevesebb-jarulekot-fizetunk-2019-ben\\\/#breadcrumblist\",\"itemListElement\":[{\"@type\":\"ListItem\",\"@id\":\"https:\\\/\\\/allasorias.hu\\\/hirek#listItem\",\"position\":1,\"name\":\"Home\",\"item\":\"https:\\\/\\\/allasorias.hu\\\/hirek\",\"nextItem\":{\"@type\":\"ListItem\",\"@id\":\"https:\\\/\\\/allasorias.hu\\\/hirek\\\/temak\\\/gazdasag\\\/#listItem\",\"name\":\"Gazdas\\u00e1g\"}},{\"@type\":\"ListItem\",\"@id\":\"https:\\\/\\\/allasorias.hu\\\/hirek\\\/temak\\\/gazdasag\\\/#listItem\",\"position\":2,\"name\":\"Gazdas\\u00e1g\",\"item\":\"https:\\\/\\\/allasorias.hu\\\/hirek\\\/temak\\\/gazdasag\\\/\",\"nextItem\":{\"@type\":\"ListItem\",\"@id\":\"https:\\\/\\\/allasorias.hu\\\/hirek\\\/kevesebb-jarulekot-fizetunk-2019-ben\\\/#listItem\",\"name\":\"Kevesebb j\\u00e1rul\\u00e9kot fizet\\u00fcnk 2019-ben\"},\"previousItem\":{\"@type\":\"ListItem\",\"@id\":\"https:\\\/\\\/allasorias.hu\\\/hirek#listItem\",\"name\":\"Home\"}},{\"@type\":\"ListItem\",\"@id\":\"https:\\\/\\\/allasorias.hu\\\/hirek\\\/kevesebb-jarulekot-fizetunk-2019-ben\\\/#listItem\",\"position\":3,\"name\":\"Kevesebb j\\u00e1rul\\u00e9kot fizet\\u00fcnk 2019-ben\",\"previousItem\":{\"@type\":\"ListItem\",\"@id\":\"https:\\\/\\\/allasorias.hu\\\/hirek\\\/temak\\\/gazdasag\\\/#listItem\",\"name\":\"Gazdas\\u00e1g\"}}]},{\"@type\":\"Organization\",\"@id\":\"https:\\\/\\\/allasorias.hu\\\/hirek\\\/#organization\",\"name\":\"AllasOrias.hu | H\\u00edrek-lapszemle\",\"description\":\"\\u00dczleti h\\u00edrek az \\u00e1ll\\u00e1s \\u00e9s a munka vil\\u00e1g\\u00e1b\\u00f3l\",\"url\":\"https:\\\/\\\/allasorias.hu\\\/hirek\\\/\",\"logo\":{\"@type\":\"ImageObject\",\"url\":\"https:\\\/\\\/allasorias.hu\\\/hirek\\\/wp-content\\\/uploads\\\/2022\\\/10\\\/allasorias_site_facebok_logo.png\",\"@id\":\"https:\\\/\\\/allasorias.hu\\\/hirek\\\/kevesebb-jarulekot-fizetunk-2019-ben\\\/#organizationLogo\"},\"image\":{\"@id\":\"https:\\\/\\\/allasorias.hu\\\/hirek\\\/kevesebb-jarulekot-fizetunk-2019-ben\\\/#organizationLogo\"},\"sameAs\":[\"https:\\\/\\\/www.facebook.com\\\/allasorias\",\"https:\\\/\\\/www.linkedin.com\\\/company\\\/allasorias\"]},{\"@type\":\"Person\",\"@id\":\"https:\\\/\\\/allasorias.hu\\\/hirek\\\/author\\\/admin-allasorias\\\/#author\",\"url\":\"https:\\\/\\\/allasorias.hu\\\/hirek\\\/author\\\/admin-allasorias\\\/\",\"name\":\"Juh\\u00e1sz P\\u00e9ter\",\"image\":{\"@type\":\"ImageObject\",\"@id\":\"https:\\\/\\\/allasorias.hu\\\/hirek\\\/kevesebb-jarulekot-fizetunk-2019-ben\\\/#authorImage\",\"url\":\"https:\\\/\\\/secure.gravatar.com\\\/avatar\\\/36e6bcb83148978b992977cb0f54d22feb0cce8a0a849a9410532bb2623ba4c6?s=96&d=mm&r=g\",\"width\":96,\"height\":96,\"caption\":\"Juh\\u00e1sz P\\u00e9ter\"}},{\"@type\":\"WebPage\",\"@id\":\"https:\\\/\\\/allasorias.hu\\\/hirek\\\/kevesebb-jarulekot-fizetunk-2019-ben\\\/#webpage\",\"url\":\"https:\\\/\\\/allasorias.hu\\\/hirek\\\/kevesebb-jarulekot-fizetunk-2019-ben\\\/\",\"name\":\"Kevesebb j\\u00e1rul\\u00e9kot fizet\\u00fcnk 2019-ben | AllasOrias.hu | H\\u00edrek-lapszemle\",\"description\":\"T\\u00f6bb p\\u00e9nz marad a v\\u00e1llalkoz\\u00e1sokn\\u00e1l j\\u00f6v\\u0151re, miut\\u00e1n tov\\u00e1bb cs\\u00f6kken a szoci\\u00e1lis hozz\\u00e1j\\u00e1rul\\u00e1si ad\\u00f3. A Magyar Id\\u0151knek adott interj\\u00faban Izer Norbert, a P\\u00e9nz\\u00fcgyminiszt\\u00e9rium ad\\u00f3\\u00fcgyek\\u00e9rt felel\\u0151s \\u00e1llamtitk\\u00e1ra elmondta: 2016-ban 27 sz\\u00e1zal\\u00e9k volt az ad\\u00f3 kulcsa, j\\u00faliust\\u00f3l 17,5 sz\\u00e1zal\\u00e9kra m\\u00e9rs\\u00e9kl\\u0151dhet. A munk\\u00e1ltat\\u00f3k teh\\u00e1t m\\u00e1r eddig is jelent\\u0151s k\\u00f6lts\\u00e9gcs\\u00f6kkent\\u00e9st kaptak a munkab\\u00e9rek ut\\u00e1n, a j\\u00f6v\\u0151 \\u00e9vi m\\u00e9rs\\u00e9kl\\u00e9s pedig ak\\u00e1r\",\"inLanguage\":\"hu-HU\",\"isPartOf\":{\"@id\":\"https:\\\/\\\/allasorias.hu\\\/hirek\\\/#website\"},\"breadcrumb\":{\"@id\":\"https:\\\/\\\/allasorias.hu\\\/hirek\\\/kevesebb-jarulekot-fizetunk-2019-ben\\\/#breadcrumblist\"},\"author\":{\"@id\":\"https:\\\/\\\/allasorias.hu\\\/hirek\\\/author\\\/admin-allasorias\\\/#author\"},\"creator\":{\"@id\":\"https:\\\/\\\/allasorias.hu\\\/hirek\\\/author\\\/admin-allasorias\\\/#author\"},\"image\":{\"@type\":\"ImageObject\",\"url\":\"https:\\\/\\\/allasorias.hu\\\/hirek\\\/wp-content\\\/uploads\\\/2018\\\/12\\\/money-2724241_640.jpg\",\"@id\":\"https:\\\/\\\/allasorias.hu\\\/hirek\\\/kevesebb-jarulekot-fizetunk-2019-ben\\\/#mainImage\",\"width\":640,\"height\":432},\"primaryImageOfPage\":{\"@id\":\"https:\\\/\\\/allasorias.hu\\\/hirek\\\/kevesebb-jarulekot-fizetunk-2019-ben\\\/#mainImage\"},\"datePublished\":\"2018-12-05T09:51:52+02:00\",\"dateModified\":\"2018-12-05T09:51:52+02:00\"},{\"@type\":\"WebSite\",\"@id\":\"https:\\\/\\\/allasorias.hu\\\/hirek\\\/#website\",\"url\":\"https:\\\/\\\/allasorias.hu\\\/hirek\\\/\",\"name\":\"AllasOrias.hu | H\\u00edrek-lapszemle\",\"description\":\"\\u00dczleti h\\u00edrek az \\u00e1ll\\u00e1s \\u00e9s a munka vil\\u00e1g\\u00e1b\\u00f3l\",\"inLanguage\":\"hu-HU\",\"publisher\":{\"@id\":\"https:\\\/\\\/allasorias.hu\\\/hirek\\\/#organization\"}}]}\n\t\t<\/script>\n\t\t<!-- All in One SEO -->\n\n","aioseo_head_json":{"title":"Kevesebb j\u00e1rul\u00e9kot fizet\u00fcnk 2019-ben | AllasOrias.hu | H\u00edrek-lapszemle","description":"T\u00f6bb p\u00e9nz marad a v\u00e1llalkoz\u00e1sokn\u00e1l j\u00f6v\u0151re, miut\u00e1n tov\u00e1bb cs\u00f6kken a szoci\u00e1lis hozz\u00e1j\u00e1rul\u00e1si ad\u00f3. A Magyar Id\u0151knek adott interj\u00faban Izer Norbert, a P\u00e9nz\u00fcgyminiszt\u00e9rium ad\u00f3\u00fcgyek\u00e9rt felel\u0151s \u00e1llamtitk\u00e1ra elmondta: 2016-ban 27 sz\u00e1zal\u00e9k volt az ad\u00f3 kulcsa, j\u00faliust\u00f3l 17,5 sz\u00e1zal\u00e9kra m\u00e9rs\u00e9kl\u0151dhet. A munk\u00e1ltat\u00f3k teh\u00e1t m\u00e1r eddig is jelent\u0151s k\u00f6lts\u00e9gcs\u00f6kkent\u00e9st kaptak a munkab\u00e9rek ut\u00e1n, a j\u00f6v\u0151 \u00e9vi m\u00e9rs\u00e9kl\u00e9s pedig ak\u00e1r","canonical_url":"https:\/\/allasorias.hu\/hirek\/kevesebb-jarulekot-fizetunk-2019-ben\/","robots":"max-image-preview:large","keywords":"","webmasterTools":{"miscellaneous":""},"schema":{"@context":"https:\/\/schema.org","@graph":[{"@type":"Article","@id":"https:\/\/allasorias.hu\/hirek\/kevesebb-jarulekot-fizetunk-2019-ben\/#article","name":"Kevesebb j\u00e1rul\u00e9kot fizet\u00fcnk 2019-ben | AllasOrias.hu | H\u00edrek-lapszemle","headline":"Kevesebb j\u00e1rul\u00e9kot fizet\u00fcnk 2019-ben","author":{"@id":"https:\/\/allasorias.hu\/hirek\/author\/admin-allasorias\/#author"},"publisher":{"@id":"https:\/\/allasorias.hu\/hirek\/#organization"},"image":{"@type":"ImageObject","url":"https:\/\/allasorias.hu\/hirek\/wp-content\/uploads\/2018\/12\/money-2724241_640.jpg","width":640,"height":432},"datePublished":"2018-12-05T09:51:52+02:00","dateModified":"2018-12-05T09:51:52+02:00","inLanguage":"hu-HU","mainEntityOfPage":{"@id":"https:\/\/allasorias.hu\/hirek\/kevesebb-jarulekot-fizetunk-2019-ben\/#webpage"},"isPartOf":{"@id":"https:\/\/allasorias.hu\/hirek\/kevesebb-jarulekot-fizetunk-2019-ben\/#webpage"},"articleSection":"Gazdas\u00e1g, Munkaer\u0151piac"},{"@type":"BreadcrumbList","@id":"https:\/\/allasorias.hu\/hirek\/kevesebb-jarulekot-fizetunk-2019-ben\/#breadcrumblist","itemListElement":[{"@type":"ListItem","@id":"https:\/\/allasorias.hu\/hirek#listItem","position":1,"name":"Home","item":"https:\/\/allasorias.hu\/hirek","nextItem":{"@type":"ListItem","@id":"https:\/\/allasorias.hu\/hirek\/temak\/gazdasag\/#listItem","name":"Gazdas\u00e1g"}},{"@type":"ListItem","@id":"https:\/\/allasorias.hu\/hirek\/temak\/gazdasag\/#listItem","position":2,"name":"Gazdas\u00e1g","item":"https:\/\/allasorias.hu\/hirek\/temak\/gazdasag\/","nextItem":{"@type":"ListItem","@id":"https:\/\/allasorias.hu\/hirek\/kevesebb-jarulekot-fizetunk-2019-ben\/#listItem","name":"Kevesebb j\u00e1rul\u00e9kot fizet\u00fcnk 2019-ben"},"previousItem":{"@type":"ListItem","@id":"https:\/\/allasorias.hu\/hirek#listItem","name":"Home"}},{"@type":"ListItem","@id":"https:\/\/allasorias.hu\/hirek\/kevesebb-jarulekot-fizetunk-2019-ben\/#listItem","position":3,"name":"Kevesebb j\u00e1rul\u00e9kot fizet\u00fcnk 2019-ben","previousItem":{"@type":"ListItem","@id":"https:\/\/allasorias.hu\/hirek\/temak\/gazdasag\/#listItem","name":"Gazdas\u00e1g"}}]},{"@type":"Organization","@id":"https:\/\/allasorias.hu\/hirek\/#organization","name":"AllasOrias.hu | H\u00edrek-lapszemle","description":"\u00dczleti h\u00edrek az \u00e1ll\u00e1s \u00e9s a munka vil\u00e1g\u00e1b\u00f3l","url":"https:\/\/allasorias.hu\/hirek\/","logo":{"@type":"ImageObject","url":"https:\/\/allasorias.hu\/hirek\/wp-content\/uploads\/2022\/10\/allasorias_site_facebok_logo.png","@id":"https:\/\/allasorias.hu\/hirek\/kevesebb-jarulekot-fizetunk-2019-ben\/#organizationLogo"},"image":{"@id":"https:\/\/allasorias.hu\/hirek\/kevesebb-jarulekot-fizetunk-2019-ben\/#organizationLogo"},"sameAs":["https:\/\/www.facebook.com\/allasorias","https:\/\/www.linkedin.com\/company\/allasorias"]},{"@type":"Person","@id":"https:\/\/allasorias.hu\/hirek\/author\/admin-allasorias\/#author","url":"https:\/\/allasorias.hu\/hirek\/author\/admin-allasorias\/","name":"Juh\u00e1sz P\u00e9ter","image":{"@type":"ImageObject","@id":"https:\/\/allasorias.hu\/hirek\/kevesebb-jarulekot-fizetunk-2019-ben\/#authorImage","url":"https:\/\/secure.gravatar.com\/avatar\/36e6bcb83148978b992977cb0f54d22feb0cce8a0a849a9410532bb2623ba4c6?s=96&d=mm&r=g","width":96,"height":96,"caption":"Juh\u00e1sz P\u00e9ter"}},{"@type":"WebPage","@id":"https:\/\/allasorias.hu\/hirek\/kevesebb-jarulekot-fizetunk-2019-ben\/#webpage","url":"https:\/\/allasorias.hu\/hirek\/kevesebb-jarulekot-fizetunk-2019-ben\/","name":"Kevesebb j\u00e1rul\u00e9kot fizet\u00fcnk 2019-ben | AllasOrias.hu | H\u00edrek-lapszemle","description":"T\u00f6bb p\u00e9nz marad a v\u00e1llalkoz\u00e1sokn\u00e1l j\u00f6v\u0151re, miut\u00e1n tov\u00e1bb cs\u00f6kken a szoci\u00e1lis hozz\u00e1j\u00e1rul\u00e1si ad\u00f3. A Magyar Id\u0151knek adott interj\u00faban Izer Norbert, a P\u00e9nz\u00fcgyminiszt\u00e9rium ad\u00f3\u00fcgyek\u00e9rt felel\u0151s \u00e1llamtitk\u00e1ra elmondta: 2016-ban 27 sz\u00e1zal\u00e9k volt az ad\u00f3 kulcsa, j\u00faliust\u00f3l 17,5 sz\u00e1zal\u00e9kra m\u00e9rs\u00e9kl\u0151dhet. A munk\u00e1ltat\u00f3k teh\u00e1t m\u00e1r eddig is jelent\u0151s k\u00f6lts\u00e9gcs\u00f6kkent\u00e9st kaptak a munkab\u00e9rek ut\u00e1n, a j\u00f6v\u0151 \u00e9vi m\u00e9rs\u00e9kl\u00e9s pedig ak\u00e1r","inLanguage":"hu-HU","isPartOf":{"@id":"https:\/\/allasorias.hu\/hirek\/#website"},"breadcrumb":{"@id":"https:\/\/allasorias.hu\/hirek\/kevesebb-jarulekot-fizetunk-2019-ben\/#breadcrumblist"},"author":{"@id":"https:\/\/allasorias.hu\/hirek\/author\/admin-allasorias\/#author"},"creator":{"@id":"https:\/\/allasorias.hu\/hirek\/author\/admin-allasorias\/#author"},"image":{"@type":"ImageObject","url":"https:\/\/allasorias.hu\/hirek\/wp-content\/uploads\/2018\/12\/money-2724241_640.jpg","@id":"https:\/\/allasorias.hu\/hirek\/kevesebb-jarulekot-fizetunk-2019-ben\/#mainImage","width":640,"height":432},"primaryImageOfPage":{"@id":"https:\/\/allasorias.hu\/hirek\/kevesebb-jarulekot-fizetunk-2019-ben\/#mainImage"},"datePublished":"2018-12-05T09:51:52+02:00","dateModified":"2018-12-05T09:51:52+02:00"},{"@type":"WebSite","@id":"https:\/\/allasorias.hu\/hirek\/#website","url":"https:\/\/allasorias.hu\/hirek\/","name":"AllasOrias.hu | H\u00edrek-lapszemle","description":"\u00dczleti h\u00edrek az \u00e1ll\u00e1s \u00e9s a munka vil\u00e1g\u00e1b\u00f3l","inLanguage":"hu-HU","publisher":{"@id":"https:\/\/allasorias.hu\/hirek\/#organization"}}]},"og:locale":"hu_HU","og:site_name":"AllasOrias.hu | H\u00edrek-lapszemle | \u00dczleti h\u00edrek az \u00e1ll\u00e1s \u00e9s a munka vil\u00e1g\u00e1b\u00f3l","og:type":"article","og:title":"Kevesebb j\u00e1rul\u00e9kot fizet\u00fcnk 2019-ben | AllasOrias.hu | H\u00edrek-lapszemle","og:description":"T\u00f6bb p\u00e9nz marad a v\u00e1llalkoz\u00e1sokn\u00e1l j\u00f6v\u0151re, miut\u00e1n tov\u00e1bb cs\u00f6kken a szoci\u00e1lis hozz\u00e1j\u00e1rul\u00e1si ad\u00f3. A Magyar Id\u0151knek adott interj\u00faban Izer Norbert, a P\u00e9nz\u00fcgyminiszt\u00e9rium ad\u00f3\u00fcgyek\u00e9rt felel\u0151s \u00e1llamtitk\u00e1ra elmondta: 2016-ban 27 sz\u00e1zal\u00e9k volt az ad\u00f3 kulcsa, j\u00faliust\u00f3l 17,5 sz\u00e1zal\u00e9kra m\u00e9rs\u00e9kl\u0151dhet. A munk\u00e1ltat\u00f3k teh\u00e1t m\u00e1r eddig is jelent\u0151s k\u00f6lts\u00e9gcs\u00f6kkent\u00e9st kaptak a munkab\u00e9rek ut\u00e1n, a j\u00f6v\u0151 \u00e9vi m\u00e9rs\u00e9kl\u00e9s pedig ak\u00e1r","og:url":"https:\/\/allasorias.hu\/hirek\/kevesebb-jarulekot-fizetunk-2019-ben\/","og:image":"https:\/\/allasorias.hu\/hirek\/wp-content\/uploads\/2018\/12\/money-2724241_640.jpg","og:image:secure_url":"https:\/\/allasorias.hu\/hirek\/wp-content\/uploads\/2018\/12\/money-2724241_640.jpg","og:image:width":640,"og:image:height":432,"article:published_time":"2018-12-05T09:51:52+00:00","article:modified_time":"2018-12-05T09:51:52+00:00","article:publisher":"https:\/\/www.facebook.com\/allasorias","twitter:card":"summary_large_image","twitter:title":"Kevesebb j\u00e1rul\u00e9kot fizet\u00fcnk 2019-ben | AllasOrias.hu | H\u00edrek-lapszemle","twitter:description":"T\u00f6bb p\u00e9nz marad a v\u00e1llalkoz\u00e1sokn\u00e1l j\u00f6v\u0151re, miut\u00e1n tov\u00e1bb cs\u00f6kken a szoci\u00e1lis hozz\u00e1j\u00e1rul\u00e1si ad\u00f3. A Magyar Id\u0151knek adott interj\u00faban Izer Norbert, a P\u00e9nz\u00fcgyminiszt\u00e9rium ad\u00f3\u00fcgyek\u00e9rt felel\u0151s \u00e1llamtitk\u00e1ra elmondta: 2016-ban 27 sz\u00e1zal\u00e9k volt az ad\u00f3 kulcsa, j\u00faliust\u00f3l 17,5 sz\u00e1zal\u00e9kra m\u00e9rs\u00e9kl\u0151dhet. A munk\u00e1ltat\u00f3k teh\u00e1t m\u00e1r eddig is jelent\u0151s k\u00f6lts\u00e9gcs\u00f6kkent\u00e9st kaptak a munkab\u00e9rek ut\u00e1n, a j\u00f6v\u0151 \u00e9vi m\u00e9rs\u00e9kl\u00e9s pedig ak\u00e1r","twitter:image":"https:\/\/allasorias.hu\/hirek\/wp-content\/uploads\/2018\/12\/money-2724241_640.jpg","twitter:label1":"Written by","twitter:data1":"Juh\u00e1sz P\u00e9ter","twitter:label2":"Est. reading time","twitter:data2":"1 minute"},"aioseo_meta_data":{"post_id":"2265","title":null,"description":null,"keywords":null,"keyphrases":null,"primary_term":null,"canonical_url":null,"og_title":null,"og_description":null,"og_object_type":"default","og_image_type":"default","og_image_url":null,"og_image_width":null,"og_image_height":null,"og_image_custom_url":null,"og_image_custom_fields":null,"og_video":null,"og_custom_url":null,"og_article_section":null,"og_article_tags":null,"twitter_use_og":false,"twitter_card":"default","twitter_image_type":"default","twitter_image_url":null,"twitter_image_custom_url":null,"twitter_image_custom_fields":null,"twitter_title":null,"twitter_description":null,"schema":{"blockGraphs":[],"customGraphs":[],"default":{"data":{"Article":[],"Course":[],"Dataset":[],"FAQPage":[],"Movie":[],"Person":[],"Product":[],"ProductReview":[],"Car":[],"Recipe":[],"Service":[],"SoftwareApplication":[],"WebPage":[]},"graphName":"","isEnabled":true},"graphs":[],"defaultGraph":"","defaultPostTypeGraph":""},"schema_type":null,"schema_type_options":null,"pillar_content":false,"robots_default":true,"robots_noindex":false,"robots_noarchive":false,"robots_nosnippet":false,"robots_nofollow":false,"robots_noimageindex":false,"robots_noodp":false,"robots_notranslate":false,"robots_max_snippet":null,"robots_max_videopreview":null,"robots_max_imagepreview":"large","priority":null,"frequency":null,"location":null,"local_seo":null,"breadcrumb_settings":null,"limit_modified_date":false,"ai":null,"created":"2021-02-01 20:45:00","updated":"2025-10-02 09:32:38","seo_analyzer_scan_date":null,"focus_keyword":null,"additional_keywords":null,"truseo_locale":null},"aioseo_breadcrumb":"<div class=\"aioseo-breadcrumbs\"><span class=\"aioseo-breadcrumb\">\n\t\t\t<a href=\"https:\/\/allasorias.hu\/hirek\" title=\"Home\">Home<\/a>\n\t\t<\/span><span class=\"aioseo-breadcrumb-separator\">&raquo;<\/span><span class=\"aioseo-breadcrumb\">\n\t\t\t<a href=\"https:\/\/allasorias.hu\/hirek\/temak\/gazdasag\/\" title=\"Gazdas\u00e1g\">Gazdas\u00e1g<\/a>\n\t\t<\/span><span class=\"aioseo-breadcrumb-separator\">&raquo;<\/span><span class=\"aioseo-breadcrumb\">\n\t\t\tKevesebb j\u00e1rul\u00e9kot fizet\u00fcnk 2019-ben\n\t\t<\/span><\/div>","aioseo_breadcrumb_json":[{"label":"Home","link":"https:\/\/allasorias.hu\/hirek"},{"label":"Gazdas\u00e1g","link":"https:\/\/allasorias.hu\/hirek\/temak\/gazdasag\/"},{"label":"Kevesebb j\u00e1rul\u00e9kot fizet\u00fcnk 2019-ben","link":"https:\/\/allasorias.hu\/hirek\/kevesebb-jarulekot-fizetunk-2019-ben\/"}],"_links":{"self":[{"href":"https:\/\/allasorias.hu\/hirek\/wp-json\/wp\/v2\/posts\/2265","targetHints":{"allow":["GET"]}}],"collection":[{"href":"https:\/\/allasorias.hu\/hirek\/wp-json\/wp\/v2\/posts"}],"about":[{"href":"https:\/\/allasorias.hu\/hirek\/wp-json\/wp\/v2\/types\/post"}],"author":[{"embeddable":true,"href":"https:\/\/allasorias.hu\/hirek\/wp-json\/wp\/v2\/users\/1"}],"replies":[{"embeddable":true,"href":"https:\/\/allasorias.hu\/hirek\/wp-json\/wp\/v2\/comments?post=2265"}],"version-history":[{"count":1,"href":"https:\/\/allasorias.hu\/hirek\/wp-json\/wp\/v2\/posts\/2265\/revisions"}],"predecessor-version":[{"id":2267,"href":"https:\/\/allasorias.hu\/hirek\/wp-json\/wp\/v2\/posts\/2265\/revisions\/2267"}],"wp:featuredmedia":[{"embeddable":true,"href":"https:\/\/allasorias.hu\/hirek\/wp-json\/wp\/v2\/media\/2266"}],"wp:attachment":[{"href":"https:\/\/allasorias.hu\/hirek\/wp-json\/wp\/v2\/media?parent=2265"}],"wp:term":[{"taxonomy":"category","embeddable":true,"href":"https:\/\/allasorias.hu\/hirek\/wp-json\/wp\/v2\/categories?post=2265"},{"taxonomy":"post_tag","embeddable":true,"href":"https:\/\/allasorias.hu\/hirek\/wp-json\/wp\/v2\/tags?post=2265"}],"curies":[{"name":"wp","href":"https:\/\/api.w.org\/{rel}","templated":true}]}}