{"id":2262,"date":"2018-12-04T10:00:37","date_gmt":"2018-12-04T10:00:37","guid":{"rendered":"https:\/\/allasorias.hu\/hirek\/?p=2262"},"modified":"2018-12-04T10:08:08","modified_gmt":"2018-12-04T10:08:08","slug":"vissza-kell-vezetni-a-munka-vilagaba-a-fogyatekkal-eloket","status":"publish","type":"post","link":"https:\/\/allasorias.hu\/hirek\/vissza-kell-vezetni-a-munka-vilagaba-a-fogyatekkal-eloket\/","title":{"rendered":"Vissza kell vezetni a munka vil\u00e1g\u00e1ba a fogyat\u00e9kkal \u00e9l\u0151ket"},"content":{"rendered":"<p><strong>Minden fogyat\u00e9kkal \u00e9l\u0151t a neki megfelel\u0151 m\u00f3don kell seg\u00edteni, hogy munk\u00e1t tudjon v\u00e9gezni. Ahhoz, hogy \u00f6n\u00e1ll\u00f3 \u00e9letet tudjanak \u00e9lni, a munkaer\u0151piacra visszaker\u00fcl\u00e9s\u00fcket szem\u00e9lyre szabottan c\u00e9lszer\u0171 seg\u00edteni. F\u00fcl\u00f6p Attila, az Emberi Er\u0151forr\u00e1sok Miniszt\u00e9rium\u00e1nak szoci\u00e1lis \u00fcgyek\u00e9rt \u00e9s t\u00e1rsadalmi felz\u00e1rk\u00f3z\u00e1s\u00e9rt felel\u0151s \u00e1llamtitk\u00e1ra az M1 m\u0171sor\u00e1ban h\u00edvta fel minderre a figyelmet a fogyat\u00e9kos emberek vil\u00e1gnapj\u00e1n. Att\u00f3l, hogy valaki fogyat\u00e9koss\u00e1ggal \u00e9l, m\u00e9g lehetnek olyan k\u00e9pess\u00e9gei, amit seg\u00edteni, t\u00e1mogatni kell \u2013 tette hozz\u00e1.<\/strong><\/p>\n<p>Az \u00e1llamtitk\u00e1r szerint az elm\u00falt hat \u00e9vben 18 sz\u00e1zal\u00e9kr\u00f3l 40 sz\u00e1zal\u00e9kra n\u0151tt a foglalkoztatotts\u00e1g a fogyat\u00e9kkal \u00e9l\u0151k k\u00f6r\u00e9ben, ezt a tendenci\u00e1t a j\u00f6v\u0151ben is er\u0151s\u00edteni akarja a korm\u00e1ny. Ennek \u00e9rdek\u00e9ben a kilencvenes \u00e9vekben l\u00e9trej\u00f6tt fogyat\u00e9kosokat fogad\u00f3 int\u00e9zm\u00e9nyeket \u00e9lhet\u0151bb, t\u00edz-tizenk\u00e9t ember lakhat\u00e1s\u00e1ra alkalmas otthonokk\u00e1 alak\u00edtj\u00e1k \u00e1t orsz\u00e1gszerte 22 helyen, 16 milli\u00e1rd forint korm\u00e1nyzati t\u00e1mogat\u00e1sb\u00f3l \u2013 tette hozz\u00e1.<\/p>\n<p>&nbsp;<\/p>\n<p><em>Forr\u00e1s: gondola.hu<\/em><\/p>\n","protected":false},"excerpt":{"rendered":"<p>Minden fogyat\u00e9kkal \u00e9l\u0151t a neki megfelel\u0151 m\u00f3don kell seg\u00edteni, hogy munk\u00e1t tudjon v\u00e9gezni. Ahhoz, hogy \u00f6n\u00e1ll\u00f3 \u00e9letet tudjanak \u00e9lni, a munkaer\u0151piacra visszaker\u00fcl\u00e9s\u00fcket szem\u00e9lyre szabottan c\u00e9lszer\u0171 seg\u00edteni. F\u00fcl\u00f6p Attila, az Emberi Er\u0151forr\u00e1sok Miniszt\u00e9rium\u00e1nak szoci\u00e1lis \u00fcgyek\u00e9rt \u00e9s t\u00e1rsadalmi felz\u00e1rk\u00f3z\u00e1s\u00e9rt felel\u0151s \u00e1llamtitk\u00e1ra az M1 m\u0171sor\u00e1ban h\u00edvta fel minderre a figyelmet a fogyat\u00e9kos emberek vil\u00e1gnapj\u00e1n. Att\u00f3l, hogy valaki fogyat\u00e9koss\u00e1ggal [&hellip;]<\/p>\n","protected":false},"author":1,"featured_media":2263,"comment_status":"open","ping_status":"open","sticky":false,"template":"","format":"standard","meta":{"_monsterinsights_skip_tracking":false,"_monsterinsights_sitenote_active":false,"_monsterinsights_sitenote_note":"","_monsterinsights_sitenote_category":0,"footnotes":""},"categories":[1,200],"tags":[],"class_list":["post-2262","post","type-post","status-publish","format-standard","has-post-thumbnail","hentry","category-allaskereses","category-munkaeropiac"],"aioseo_notices":[],"_links":{"self":[{"href":"https:\/\/allasorias.hu\/hirek\/wp-json\/wp\/v2\/posts\/2262","targetHints":{"allow":["GET"]}}],"collection":[{"href":"https:\/\/allasorias.hu\/hirek\/wp-json\/wp\/v2\/posts"}],"about":[{"href":"https:\/\/allasorias.hu\/hirek\/wp-json\/wp\/v2\/types\/post"}],"author":[{"embeddable":true,"href":"https:\/\/allasorias.hu\/hirek\/wp-json\/wp\/v2\/users\/1"}],"replies":[{"embeddable":true,"href":"https:\/\/allasorias.hu\/hirek\/wp-json\/wp\/v2\/comments?post=2262"}],"version-history":[{"count":1,"href":"https:\/\/allasorias.hu\/hirek\/wp-json\/wp\/v2\/posts\/2262\/revisions"}],"predecessor-version":[{"id":2264,"href":"https:\/\/allasorias.hu\/hirek\/wp-json\/wp\/v2\/posts\/2262\/revisions\/2264"}],"wp:featuredmedia":[{"embeddable":true,"href":"https:\/\/allasorias.hu\/hirek\/wp-json\/wp\/v2\/media\/2263"}],"wp:attachment":[{"href":"https:\/\/allasorias.hu\/hirek\/wp-json\/wp\/v2\/media?parent=2262"}],"wp:term":[{"taxonomy":"category","embeddable":true,"href":"https:\/\/allasorias.hu\/hirek\/wp-json\/wp\/v2\/categories?post=2262"},{"taxonomy":"post_tag","embeddable":true,"href":"https:\/\/allasorias.hu\/hirek\/wp-json\/wp\/v2\/tags?post=2262"}],"curies":[{"name":"wp","href":"https:\/\/api.w.org\/{rel}","templated":true}]}}