{"id":2259,"date":"2018-12-04T10:04:33","date_gmt":"2018-12-04T10:04:33","guid":{"rendered":"https:\/\/allasorias.hu\/hirek\/?p=2259"},"modified":"2018-12-04T10:04:33","modified_gmt":"2018-12-04T10:04:33","slug":"keves-a-minosegi-munkaero","status":"publish","type":"post","link":"https:\/\/allasorias.hu\/hirek\/keves-a-minosegi-munkaero\/","title":{"rendered":"Kev\u00e9s a min\u0151s\u00e9gi munkaer\u0151"},"content":{"rendered":"<p><strong>A magyar c\u00e9gek egyre ink\u00e1bb\u00a0 a min\u0151s\u00e9gi munkaer\u0151t keresik, azonban \u00fagy t\u0171nik kev\u00e9s a sz\u00e1muk. ugyanakkor neh\u00e9zs\u00e9get jelent sz\u00e1mukra az automatiz\u00e1l\u00e1s \u00e9s a feladatok kiszervez\u00e9se is. \u00a0A v\u00e1llalkoz\u00e1sok nagy r\u00e9sze a j\u00f6v\u0151ben vezet\u0151- \u00e9s tulajdonosv\u00e1lt\u00e1ssal is sz\u00e1mol &#8211; der\u00fcl ki az UniCredit \u00e9s az Inspira k\u00f6z\u00f6s, magas \u00fczleti potenci\u00e1llal b\u00edr\u00f3 kkv-kat c\u00e9lz\u00f3 kutat\u00e1s\u00e1b\u00f3l.<\/strong><\/p>\n<p>A megk\u00e9rdezett v\u00e1llalkoz\u00e1sok csaknem fele tervez l\u00e9tsz\u00e1mb\u0151v\u00edt\u00e9st, ennek forr\u00e1sa azonban sokszor bizonytalannak t\u0171nik, a v\u00e1llalatvezet\u0151k a min\u0151s\u00e9gi munkaer\u0151 megtal\u00e1l\u00e1s\u00e1t tartj\u00e1k a legnehezebb feladatnak. A csal\u00e1di v\u00e1llalkoz\u00e1sok 47 sz\u00e1zal\u00e9ka mondja azt, hogy kism\u00e9rt\u00e9k\u0171 (44 sz\u00e1zal\u00e9k) vagy jelent\u0151s (3 sz\u00e1zal\u00e9k) l\u00e9tsz\u00e1mhi\u00e1nnyal k\u00fczd. A munkaer\u0151hi\u00e1nyt jellemz\u0151en hosszabb\u00edtott munkaid\u0151vel, t\u00fal\u00f3r\u00e1kkal, szabadid\u0151ben vagy h\u00e9tv\u00e9g\u00e9n t\u00f6rt\u00e9n\u0151 munkav\u00e9gz\u00e9ssel pr\u00f3b\u00e1lj\u00e1k ellens\u00falyozni. L\u00e9tsz\u00e1mb\u0151v\u00edt\u00e9sre a csal\u00e1di v\u00e1llalkoz\u00e1sok t\u00f6bb mint fele (64 sz\u00e1zal\u00e9k) k\u00e9sz\u00fcl a k\u00f6vetkez\u0151 5 \u00e9vben, de cs\u00f6kken\u00e9sre, a c\u00e9g l\u00e9tsz\u00e1mbeli karcs\u00fasod\u00e1s\u00e1ra egyik\u00fck sem sz\u00e1m\u00edt. A nem csal\u00e1di v\u00e1llalkoz\u00e1sok is \u00a0jelent\u0151sebb m\u00e9rt\u00e9k\u0171 munkaer\u0151hi\u00e1nnyal k\u00fczdenek: 20 sz\u00e1zal\u00e9kuk jelent\u0151s, 35 sz\u00e1zal\u00e9kuk pedig kisebb hi\u00e1nyr\u00f3l sz\u00e1mol be. A sz\u00fcks\u00e9ges munk\u00e1k elv\u00e9gz\u00e9s\u00e9t hosszabb v\u00e1llal\u00e1si, teljes\u00edt\u00e9si hat\u00e1rid\u0151kkel, illetve bizonyos munk\u00e1k kiszervez\u00e9s\u00e9vel taktik\u00e1zz\u00e1k ki, de a saj\u00e1t munkaer\u0151 t\u00falhajszol\u00e1s\u00e1t\u00f3l ink\u00e1bb tart\u00f3zkodnak, mivel vannak m\u00e1s eszk\u00f6z\u00f6k, amellyel a kapacit\u00e1shi\u00e1ny els\u0151 k\u00f6rben kezelhet\u0151 &#8211; szemben a csal\u00e1di v\u00e1llalkoz\u00e1sok kiszolg\u00e1ltatott helyzet\u00e9vel. E c\u00e9gek 40 sz\u00e1zal\u00e9ka sz\u00e1mol a k\u00f6vetkez\u0151 \u00f6t \u00e9vben l\u00e9tsz\u00e1mb\u0151v\u00fcl\u00e9ssel, cs\u00f6kken\u00e9sre pedig csak alig 5 sz\u00e1zal\u00e9kuk gondol. A tulajdonos- \u00e9s vezet\u0151v\u00e1lt\u00e1sban legink\u00e1bb \u00e9rintett szegmens a csal\u00e1di kkv-k\u00e9. A j\u00f3l men\u0151 csal\u00e1di v\u00e1llalkoz\u00e1sok 31 sz\u00e1zal\u00e9ka gondolja \u00fagy, hogy c\u00e9g\u00e9n\u00e9l 5-10 \u00e9ven bel\u00fcl v\u00e1ltoz\u00e1s lehet a tulajdonosi k\u00f6rben, 36 sz\u00e1zal\u00e9kuk pedig vezet\u0151v\u00e1lt\u00e1ssal is sz\u00e1mol. Jellemz\u0151en nem \u00e9rt\u00e9kes\u00edteni, hanem csal\u00e1dtagnak vagy rokonnak szeretn\u00e9k \u00e1tadni (66 sz\u00e1zal\u00e9k) a c\u00e9g vezet\u00e9s\u00e9t.<\/p>\n<p><em>Forr\u00e1s: napi.hu<\/em><\/p>\n","protected":false},"excerpt":{"rendered":"<p>A magyar c\u00e9gek egyre ink\u00e1bb\u00a0 a min\u0151s\u00e9gi munkaer\u0151t keresik, azonban \u00fagy t\u0171nik kev\u00e9s a sz\u00e1muk. ugyanakkor neh\u00e9zs\u00e9get jelent sz\u00e1mukra az automatiz\u00e1l\u00e1s \u00e9s a feladatok kiszervez\u00e9se is. \u00a0A v\u00e1llalkoz\u00e1sok nagy r\u00e9sze a j\u00f6v\u0151ben vezet\u0151- \u00e9s tulajdonosv\u00e1lt\u00e1ssal is sz\u00e1mol &#8211; der\u00fcl ki az UniCredit \u00e9s az Inspira k\u00f6z\u00f6s, magas \u00fczleti potenci\u00e1llal b\u00edr\u00f3 kkv-kat c\u00e9lz\u00f3 kutat\u00e1s\u00e1b\u00f3l. A megk\u00e9rdezett [&hellip;]<\/p>\n","protected":false},"author":1,"featured_media":2260,"comment_status":"open","ping_status":"open","sticky":false,"template":"","format":"standard","meta":{"_monsterinsights_skip_tracking":false,"footnotes":""},"categories":[198,200],"tags":[],"class_list":["post-2259","post","type-post","status-publish","format-standard","has-post-thumbnail","hentry","category-gazdasag","category-munkaeropiac"],"aioseo_notices":[],"aioseo_head":"\n\t\t<!-- All in One SEO 5.0.0.1 - aioseo.com -->\n\t<meta name=\"description\" content=\"A magyar c\u00e9gek egyre ink\u00e1bb a min\u0151s\u00e9gi munkaer\u0151t keresik, azonban \u00fagy t\u0171nik kev\u00e9s a sz\u00e1muk. ugyanakkor neh\u00e9zs\u00e9get jelent sz\u00e1mukra az automatiz\u00e1l\u00e1s \u00e9s a feladatok kiszervez\u00e9se is. A v\u00e1llalkoz\u00e1sok nagy r\u00e9sze a j\u00f6v\u0151ben vezet\u0151- \u00e9s tulajdonosv\u00e1lt\u00e1ssal is sz\u00e1mol - der\u00fcl ki az UniCredit \u00e9s az Inspira k\u00f6z\u00f6s, magas \u00fczleti potenci\u00e1llal b\u00edr\u00f3 kkv-kat c\u00e9lz\u00f3 kutat\u00e1s\u00e1b\u00f3l. A megk\u00e9rdezett\" \/>\n\t<meta name=\"robots\" content=\"max-image-preview:large\" \/>\n\t<meta name=\"author\" content=\"Juh\u00e1sz P\u00e9ter\"\/>\n\t<link rel=\"canonical\" href=\"https:\/\/allasorias.hu\/hirek\/keves-a-minosegi-munkaero\/\" \/>\n\t<meta name=\"generator\" content=\"All in One SEO (AIOSEO) 5.0.0.1\" \/>\n\t\t<meta property=\"og:locale\" content=\"hu_HU\" \/>\n\t\t<meta property=\"og:site_name\" content=\"AllasOrias.hu | H\u00edrek-lapszemle | \u00dczleti h\u00edrek az \u00e1ll\u00e1s \u00e9s a munka vil\u00e1g\u00e1b\u00f3l\" \/>\n\t\t<meta property=\"og:type\" content=\"article\" \/>\n\t\t<meta property=\"og:title\" content=\"Kev\u00e9s a min\u0151s\u00e9gi munkaer\u0151 | AllasOrias.hu | H\u00edrek-lapszemle\" \/>\n\t\t<meta property=\"og:description\" content=\"A magyar c\u00e9gek egyre ink\u00e1bb a min\u0151s\u00e9gi munkaer\u0151t keresik, azonban \u00fagy t\u0171nik kev\u00e9s a sz\u00e1muk. ugyanakkor neh\u00e9zs\u00e9get jelent sz\u00e1mukra az automatiz\u00e1l\u00e1s \u00e9s a feladatok kiszervez\u00e9se is. A v\u00e1llalkoz\u00e1sok nagy r\u00e9sze a j\u00f6v\u0151ben vezet\u0151- \u00e9s tulajdonosv\u00e1lt\u00e1ssal is sz\u00e1mol - der\u00fcl ki az UniCredit \u00e9s az Inspira k\u00f6z\u00f6s, magas \u00fczleti potenci\u00e1llal b\u00edr\u00f3 kkv-kat c\u00e9lz\u00f3 kutat\u00e1s\u00e1b\u00f3l. A megk\u00e9rdezett\" \/>\n\t\t<meta property=\"og:url\" content=\"https:\/\/allasorias.hu\/hirek\/keves-a-minosegi-munkaero\/\" \/>\n\t\t<meta property=\"og:image\" content=\"https:\/\/allasorias.hu\/hirek\/wp-content\/uploads\/2018\/12\/business-1477601_640.jpg\" \/>\n\t\t<meta property=\"og:image:secure_url\" content=\"https:\/\/allasorias.hu\/hirek\/wp-content\/uploads\/2018\/12\/business-1477601_640.jpg\" \/>\n\t\t<meta property=\"og:image:width\" content=\"640\" \/>\n\t\t<meta property=\"og:image:height\" content=\"425\" \/>\n\t\t<meta property=\"article:published_time\" content=\"2018-12-04T10:04:33+00:00\" \/>\n\t\t<meta property=\"article:modified_time\" content=\"2018-12-04T10:04:33+00:00\" \/>\n\t\t<meta property=\"article:publisher\" content=\"https:\/\/www.facebook.com\/allasorias\" \/>\n\t\t<meta name=\"twitter:card\" content=\"summary_large_image\" \/>\n\t\t<meta name=\"twitter:title\" content=\"Kev\u00e9s a min\u0151s\u00e9gi munkaer\u0151 | AllasOrias.hu | H\u00edrek-lapszemle\" \/>\n\t\t<meta name=\"twitter:description\" content=\"A magyar c\u00e9gek egyre ink\u00e1bb a min\u0151s\u00e9gi munkaer\u0151t keresik, azonban \u00fagy t\u0171nik kev\u00e9s a sz\u00e1muk. ugyanakkor neh\u00e9zs\u00e9get jelent sz\u00e1mukra az automatiz\u00e1l\u00e1s \u00e9s a feladatok kiszervez\u00e9se is. A v\u00e1llalkoz\u00e1sok nagy r\u00e9sze a j\u00f6v\u0151ben vezet\u0151- \u00e9s tulajdonosv\u00e1lt\u00e1ssal is sz\u00e1mol - der\u00fcl ki az UniCredit \u00e9s az Inspira k\u00f6z\u00f6s, magas \u00fczleti potenci\u00e1llal b\u00edr\u00f3 kkv-kat c\u00e9lz\u00f3 kutat\u00e1s\u00e1b\u00f3l. A megk\u00e9rdezett\" \/>\n\t\t<meta name=\"twitter:image\" content=\"https:\/\/allasorias.hu\/hirek\/wp-content\/uploads\/2018\/12\/business-1477601_640.jpg\" \/>\n\t\t<meta name=\"twitter:label1\" content=\"Written by\" \/>\n\t\t<meta name=\"twitter:data1\" content=\"Juh\u00e1sz P\u00e9ter\" \/>\n\t\t<meta name=\"twitter:label2\" content=\"Est. reading time\" \/>\n\t\t<meta name=\"twitter:data2\" content=\"2 minutes\" \/>\n\t\t<script type=\"application\/ld+json\" class=\"aioseo-schema\">\n\t\t\t{\"@context\":\"https:\\\/\\\/schema.org\",\"@graph\":[{\"@type\":\"Article\",\"@id\":\"https:\\\/\\\/allasorias.hu\\\/hirek\\\/keves-a-minosegi-munkaero\\\/#article\",\"name\":\"Kev\\u00e9s a min\\u0151s\\u00e9gi munkaer\\u0151 | AllasOrias.hu | H\\u00edrek-lapszemle\",\"headline\":\"Kev\\u00e9s a min\\u0151s\\u00e9gi munkaer\\u0151\",\"author\":{\"@id\":\"https:\\\/\\\/allasorias.hu\\\/hirek\\\/author\\\/admin-allasorias\\\/#author\"},\"publisher\":{\"@id\":\"https:\\\/\\\/allasorias.hu\\\/hirek\\\/#organization\"},\"image\":{\"@type\":\"ImageObject\",\"url\":\"https:\\\/\\\/allasorias.hu\\\/hirek\\\/wp-content\\\/uploads\\\/2018\\\/12\\\/business-1477601_640.jpg\",\"width\":640,\"height\":425},\"datePublished\":\"2018-12-04T10:04:33+02:00\",\"dateModified\":\"2018-12-04T10:04:33+02:00\",\"inLanguage\":\"hu-HU\",\"mainEntityOfPage\":{\"@id\":\"https:\\\/\\\/allasorias.hu\\\/hirek\\\/keves-a-minosegi-munkaero\\\/#webpage\"},\"isPartOf\":{\"@id\":\"https:\\\/\\\/allasorias.hu\\\/hirek\\\/keves-a-minosegi-munkaero\\\/#webpage\"},\"articleSection\":\"Gazdas\\u00e1g, Munkaer\\u0151piac\"},{\"@type\":\"BreadcrumbList\",\"@id\":\"https:\\\/\\\/allasorias.hu\\\/hirek\\\/keves-a-minosegi-munkaero\\\/#breadcrumblist\",\"itemListElement\":[{\"@type\":\"ListItem\",\"@id\":\"https:\\\/\\\/allasorias.hu\\\/hirek#listItem\",\"position\":1,\"name\":\"Home\",\"item\":\"https:\\\/\\\/allasorias.hu\\\/hirek\",\"nextItem\":{\"@type\":\"ListItem\",\"@id\":\"https:\\\/\\\/allasorias.hu\\\/hirek\\\/temak\\\/gazdasag\\\/#listItem\",\"name\":\"Gazdas\\u00e1g\"}},{\"@type\":\"ListItem\",\"@id\":\"https:\\\/\\\/allasorias.hu\\\/hirek\\\/temak\\\/gazdasag\\\/#listItem\",\"position\":2,\"name\":\"Gazdas\\u00e1g\",\"item\":\"https:\\\/\\\/allasorias.hu\\\/hirek\\\/temak\\\/gazdasag\\\/\",\"nextItem\":{\"@type\":\"ListItem\",\"@id\":\"https:\\\/\\\/allasorias.hu\\\/hirek\\\/keves-a-minosegi-munkaero\\\/#listItem\",\"name\":\"Kev\\u00e9s a min\\u0151s\\u00e9gi munkaer\\u0151\"},\"previousItem\":{\"@type\":\"ListItem\",\"@id\":\"https:\\\/\\\/allasorias.hu\\\/hirek#listItem\",\"name\":\"Home\"}},{\"@type\":\"ListItem\",\"@id\":\"https:\\\/\\\/allasorias.hu\\\/hirek\\\/keves-a-minosegi-munkaero\\\/#listItem\",\"position\":3,\"name\":\"Kev\\u00e9s a min\\u0151s\\u00e9gi munkaer\\u0151\",\"previousItem\":{\"@type\":\"ListItem\",\"@id\":\"https:\\\/\\\/allasorias.hu\\\/hirek\\\/temak\\\/gazdasag\\\/#listItem\",\"name\":\"Gazdas\\u00e1g\"}}]},{\"@type\":\"Organization\",\"@id\":\"https:\\\/\\\/allasorias.hu\\\/hirek\\\/#organization\",\"name\":\"AllasOrias.hu | H\\u00edrek-lapszemle\",\"description\":\"\\u00dczleti h\\u00edrek az \\u00e1ll\\u00e1s \\u00e9s a munka vil\\u00e1g\\u00e1b\\u00f3l\",\"url\":\"https:\\\/\\\/allasorias.hu\\\/hirek\\\/\",\"logo\":{\"@type\":\"ImageObject\",\"url\":\"https:\\\/\\\/allasorias.hu\\\/hirek\\\/wp-content\\\/uploads\\\/2022\\\/10\\\/allasorias_site_facebok_logo.png\",\"@id\":\"https:\\\/\\\/allasorias.hu\\\/hirek\\\/keves-a-minosegi-munkaero\\\/#organizationLogo\"},\"image\":{\"@id\":\"https:\\\/\\\/allasorias.hu\\\/hirek\\\/keves-a-minosegi-munkaero\\\/#organizationLogo\"},\"sameAs\":[\"https:\\\/\\\/www.facebook.com\\\/allasorias\",\"https:\\\/\\\/www.linkedin.com\\\/company\\\/allasorias\"]},{\"@type\":\"Person\",\"@id\":\"https:\\\/\\\/allasorias.hu\\\/hirek\\\/author\\\/admin-allasorias\\\/#author\",\"url\":\"https:\\\/\\\/allasorias.hu\\\/hirek\\\/author\\\/admin-allasorias\\\/\",\"name\":\"Juh\\u00e1sz P\\u00e9ter\",\"image\":{\"@type\":\"ImageObject\",\"@id\":\"https:\\\/\\\/allasorias.hu\\\/hirek\\\/keves-a-minosegi-munkaero\\\/#authorImage\",\"url\":\"https:\\\/\\\/secure.gravatar.com\\\/avatar\\\/36e6bcb83148978b992977cb0f54d22feb0cce8a0a849a9410532bb2623ba4c6?s=96&d=mm&r=g\",\"width\":96,\"height\":96,\"caption\":\"Juh\\u00e1sz P\\u00e9ter\"}},{\"@type\":\"WebPage\",\"@id\":\"https:\\\/\\\/allasorias.hu\\\/hirek\\\/keves-a-minosegi-munkaero\\\/#webpage\",\"url\":\"https:\\\/\\\/allasorias.hu\\\/hirek\\\/keves-a-minosegi-munkaero\\\/\",\"name\":\"Kev\\u00e9s a min\\u0151s\\u00e9gi munkaer\\u0151 | AllasOrias.hu | H\\u00edrek-lapszemle\",\"description\":\"A magyar c\\u00e9gek egyre ink\\u00e1bb a min\\u0151s\\u00e9gi munkaer\\u0151t keresik, azonban \\u00fagy t\\u0171nik kev\\u00e9s a sz\\u00e1muk. ugyanakkor neh\\u00e9zs\\u00e9get jelent sz\\u00e1mukra az automatiz\\u00e1l\\u00e1s \\u00e9s a feladatok kiszervez\\u00e9se is. A v\\u00e1llalkoz\\u00e1sok nagy r\\u00e9sze a j\\u00f6v\\u0151ben vezet\\u0151- \\u00e9s tulajdonosv\\u00e1lt\\u00e1ssal is sz\\u00e1mol - der\\u00fcl ki az UniCredit \\u00e9s az Inspira k\\u00f6z\\u00f6s, magas \\u00fczleti potenci\\u00e1llal b\\u00edr\\u00f3 kkv-kat c\\u00e9lz\\u00f3 kutat\\u00e1s\\u00e1b\\u00f3l. A megk\\u00e9rdezett\",\"inLanguage\":\"hu-HU\",\"isPartOf\":{\"@id\":\"https:\\\/\\\/allasorias.hu\\\/hirek\\\/#website\"},\"breadcrumb\":{\"@id\":\"https:\\\/\\\/allasorias.hu\\\/hirek\\\/keves-a-minosegi-munkaero\\\/#breadcrumblist\"},\"author\":{\"@id\":\"https:\\\/\\\/allasorias.hu\\\/hirek\\\/author\\\/admin-allasorias\\\/#author\"},\"creator\":{\"@id\":\"https:\\\/\\\/allasorias.hu\\\/hirek\\\/author\\\/admin-allasorias\\\/#author\"},\"image\":{\"@type\":\"ImageObject\",\"url\":\"https:\\\/\\\/allasorias.hu\\\/hirek\\\/wp-content\\\/uploads\\\/2018\\\/12\\\/business-1477601_640.jpg\",\"@id\":\"https:\\\/\\\/allasorias.hu\\\/hirek\\\/keves-a-minosegi-munkaero\\\/#mainImage\",\"width\":640,\"height\":425},\"primaryImageOfPage\":{\"@id\":\"https:\\\/\\\/allasorias.hu\\\/hirek\\\/keves-a-minosegi-munkaero\\\/#mainImage\"},\"datePublished\":\"2018-12-04T10:04:33+02:00\",\"dateModified\":\"2018-12-04T10:04:33+02:00\"},{\"@type\":\"WebSite\",\"@id\":\"https:\\\/\\\/allasorias.hu\\\/hirek\\\/#website\",\"url\":\"https:\\\/\\\/allasorias.hu\\\/hirek\\\/\",\"name\":\"AllasOrias.hu | H\\u00edrek-lapszemle\",\"description\":\"\\u00dczleti h\\u00edrek az \\u00e1ll\\u00e1s \\u00e9s a munka vil\\u00e1g\\u00e1b\\u00f3l\",\"inLanguage\":\"hu-HU\",\"publisher\":{\"@id\":\"https:\\\/\\\/allasorias.hu\\\/hirek\\\/#organization\"}}]}\n\t\t<\/script>\n\t\t<!-- All in One SEO -->\n\n","aioseo_head_json":{"title":"Kev\u00e9s a min\u0151s\u00e9gi munkaer\u0151 | AllasOrias.hu | H\u00edrek-lapszemle","description":"A magyar c\u00e9gek egyre ink\u00e1bb a min\u0151s\u00e9gi munkaer\u0151t keresik, azonban \u00fagy t\u0171nik kev\u00e9s a sz\u00e1muk. ugyanakkor neh\u00e9zs\u00e9get jelent sz\u00e1mukra az automatiz\u00e1l\u00e1s \u00e9s a feladatok kiszervez\u00e9se is. A v\u00e1llalkoz\u00e1sok nagy r\u00e9sze a j\u00f6v\u0151ben vezet\u0151- \u00e9s tulajdonosv\u00e1lt\u00e1ssal is sz\u00e1mol - der\u00fcl ki az UniCredit \u00e9s az Inspira k\u00f6z\u00f6s, magas \u00fczleti potenci\u00e1llal b\u00edr\u00f3 kkv-kat c\u00e9lz\u00f3 kutat\u00e1s\u00e1b\u00f3l. A megk\u00e9rdezett","canonical_url":"https:\/\/allasorias.hu\/hirek\/keves-a-minosegi-munkaero\/","robots":"max-image-preview:large","keywords":"","webmasterTools":{"miscellaneous":""},"schema":{"@context":"https:\/\/schema.org","@graph":[{"@type":"Article","@id":"https:\/\/allasorias.hu\/hirek\/keves-a-minosegi-munkaero\/#article","name":"Kev\u00e9s a min\u0151s\u00e9gi munkaer\u0151 | AllasOrias.hu | H\u00edrek-lapszemle","headline":"Kev\u00e9s a min\u0151s\u00e9gi munkaer\u0151","author":{"@id":"https:\/\/allasorias.hu\/hirek\/author\/admin-allasorias\/#author"},"publisher":{"@id":"https:\/\/allasorias.hu\/hirek\/#organization"},"image":{"@type":"ImageObject","url":"https:\/\/allasorias.hu\/hirek\/wp-content\/uploads\/2018\/12\/business-1477601_640.jpg","width":640,"height":425},"datePublished":"2018-12-04T10:04:33+02:00","dateModified":"2018-12-04T10:04:33+02:00","inLanguage":"hu-HU","mainEntityOfPage":{"@id":"https:\/\/allasorias.hu\/hirek\/keves-a-minosegi-munkaero\/#webpage"},"isPartOf":{"@id":"https:\/\/allasorias.hu\/hirek\/keves-a-minosegi-munkaero\/#webpage"},"articleSection":"Gazdas\u00e1g, Munkaer\u0151piac"},{"@type":"BreadcrumbList","@id":"https:\/\/allasorias.hu\/hirek\/keves-a-minosegi-munkaero\/#breadcrumblist","itemListElement":[{"@type":"ListItem","@id":"https:\/\/allasorias.hu\/hirek#listItem","position":1,"name":"Home","item":"https:\/\/allasorias.hu\/hirek","nextItem":{"@type":"ListItem","@id":"https:\/\/allasorias.hu\/hirek\/temak\/gazdasag\/#listItem","name":"Gazdas\u00e1g"}},{"@type":"ListItem","@id":"https:\/\/allasorias.hu\/hirek\/temak\/gazdasag\/#listItem","position":2,"name":"Gazdas\u00e1g","item":"https:\/\/allasorias.hu\/hirek\/temak\/gazdasag\/","nextItem":{"@type":"ListItem","@id":"https:\/\/allasorias.hu\/hirek\/keves-a-minosegi-munkaero\/#listItem","name":"Kev\u00e9s a min\u0151s\u00e9gi munkaer\u0151"},"previousItem":{"@type":"ListItem","@id":"https:\/\/allasorias.hu\/hirek#listItem","name":"Home"}},{"@type":"ListItem","@id":"https:\/\/allasorias.hu\/hirek\/keves-a-minosegi-munkaero\/#listItem","position":3,"name":"Kev\u00e9s a min\u0151s\u00e9gi munkaer\u0151","previousItem":{"@type":"ListItem","@id":"https:\/\/allasorias.hu\/hirek\/temak\/gazdasag\/#listItem","name":"Gazdas\u00e1g"}}]},{"@type":"Organization","@id":"https:\/\/allasorias.hu\/hirek\/#organization","name":"AllasOrias.hu | H\u00edrek-lapszemle","description":"\u00dczleti h\u00edrek az \u00e1ll\u00e1s \u00e9s a munka vil\u00e1g\u00e1b\u00f3l","url":"https:\/\/allasorias.hu\/hirek\/","logo":{"@type":"ImageObject","url":"https:\/\/allasorias.hu\/hirek\/wp-content\/uploads\/2022\/10\/allasorias_site_facebok_logo.png","@id":"https:\/\/allasorias.hu\/hirek\/keves-a-minosegi-munkaero\/#organizationLogo"},"image":{"@id":"https:\/\/allasorias.hu\/hirek\/keves-a-minosegi-munkaero\/#organizationLogo"},"sameAs":["https:\/\/www.facebook.com\/allasorias","https:\/\/www.linkedin.com\/company\/allasorias"]},{"@type":"Person","@id":"https:\/\/allasorias.hu\/hirek\/author\/admin-allasorias\/#author","url":"https:\/\/allasorias.hu\/hirek\/author\/admin-allasorias\/","name":"Juh\u00e1sz P\u00e9ter","image":{"@type":"ImageObject","@id":"https:\/\/allasorias.hu\/hirek\/keves-a-minosegi-munkaero\/#authorImage","url":"https:\/\/secure.gravatar.com\/avatar\/36e6bcb83148978b992977cb0f54d22feb0cce8a0a849a9410532bb2623ba4c6?s=96&d=mm&r=g","width":96,"height":96,"caption":"Juh\u00e1sz P\u00e9ter"}},{"@type":"WebPage","@id":"https:\/\/allasorias.hu\/hirek\/keves-a-minosegi-munkaero\/#webpage","url":"https:\/\/allasorias.hu\/hirek\/keves-a-minosegi-munkaero\/","name":"Kev\u00e9s a min\u0151s\u00e9gi munkaer\u0151 | AllasOrias.hu | H\u00edrek-lapszemle","description":"A magyar c\u00e9gek egyre ink\u00e1bb a min\u0151s\u00e9gi munkaer\u0151t keresik, azonban \u00fagy t\u0171nik kev\u00e9s a sz\u00e1muk. ugyanakkor neh\u00e9zs\u00e9get jelent sz\u00e1mukra az automatiz\u00e1l\u00e1s \u00e9s a feladatok kiszervez\u00e9se is. A v\u00e1llalkoz\u00e1sok nagy r\u00e9sze a j\u00f6v\u0151ben vezet\u0151- \u00e9s tulajdonosv\u00e1lt\u00e1ssal is sz\u00e1mol - der\u00fcl ki az UniCredit \u00e9s az Inspira k\u00f6z\u00f6s, magas \u00fczleti potenci\u00e1llal b\u00edr\u00f3 kkv-kat c\u00e9lz\u00f3 kutat\u00e1s\u00e1b\u00f3l. A megk\u00e9rdezett","inLanguage":"hu-HU","isPartOf":{"@id":"https:\/\/allasorias.hu\/hirek\/#website"},"breadcrumb":{"@id":"https:\/\/allasorias.hu\/hirek\/keves-a-minosegi-munkaero\/#breadcrumblist"},"author":{"@id":"https:\/\/allasorias.hu\/hirek\/author\/admin-allasorias\/#author"},"creator":{"@id":"https:\/\/allasorias.hu\/hirek\/author\/admin-allasorias\/#author"},"image":{"@type":"ImageObject","url":"https:\/\/allasorias.hu\/hirek\/wp-content\/uploads\/2018\/12\/business-1477601_640.jpg","@id":"https:\/\/allasorias.hu\/hirek\/keves-a-minosegi-munkaero\/#mainImage","width":640,"height":425},"primaryImageOfPage":{"@id":"https:\/\/allasorias.hu\/hirek\/keves-a-minosegi-munkaero\/#mainImage"},"datePublished":"2018-12-04T10:04:33+02:00","dateModified":"2018-12-04T10:04:33+02:00"},{"@type":"WebSite","@id":"https:\/\/allasorias.hu\/hirek\/#website","url":"https:\/\/allasorias.hu\/hirek\/","name":"AllasOrias.hu | H\u00edrek-lapszemle","description":"\u00dczleti h\u00edrek az \u00e1ll\u00e1s \u00e9s a munka vil\u00e1g\u00e1b\u00f3l","inLanguage":"hu-HU","publisher":{"@id":"https:\/\/allasorias.hu\/hirek\/#organization"}}]},"og:locale":"hu_HU","og:site_name":"AllasOrias.hu | H\u00edrek-lapszemle | \u00dczleti h\u00edrek az \u00e1ll\u00e1s \u00e9s a munka vil\u00e1g\u00e1b\u00f3l","og:type":"article","og:title":"Kev\u00e9s a min\u0151s\u00e9gi munkaer\u0151 | AllasOrias.hu | H\u00edrek-lapszemle","og:description":"A magyar c\u00e9gek egyre ink\u00e1bb a min\u0151s\u00e9gi munkaer\u0151t keresik, azonban \u00fagy t\u0171nik kev\u00e9s a sz\u00e1muk. ugyanakkor neh\u00e9zs\u00e9get jelent sz\u00e1mukra az automatiz\u00e1l\u00e1s \u00e9s a feladatok kiszervez\u00e9se is. A v\u00e1llalkoz\u00e1sok nagy r\u00e9sze a j\u00f6v\u0151ben vezet\u0151- \u00e9s tulajdonosv\u00e1lt\u00e1ssal is sz\u00e1mol - der\u00fcl ki az UniCredit \u00e9s az Inspira k\u00f6z\u00f6s, magas \u00fczleti potenci\u00e1llal b\u00edr\u00f3 kkv-kat c\u00e9lz\u00f3 kutat\u00e1s\u00e1b\u00f3l. A megk\u00e9rdezett","og:url":"https:\/\/allasorias.hu\/hirek\/keves-a-minosegi-munkaero\/","og:image":"https:\/\/allasorias.hu\/hirek\/wp-content\/uploads\/2018\/12\/business-1477601_640.jpg","og:image:secure_url":"https:\/\/allasorias.hu\/hirek\/wp-content\/uploads\/2018\/12\/business-1477601_640.jpg","og:image:width":640,"og:image:height":425,"article:published_time":"2018-12-04T10:04:33+00:00","article:modified_time":"2018-12-04T10:04:33+00:00","article:publisher":"https:\/\/www.facebook.com\/allasorias","twitter:card":"summary_large_image","twitter:title":"Kev\u00e9s a min\u0151s\u00e9gi munkaer\u0151 | AllasOrias.hu | H\u00edrek-lapszemle","twitter:description":"A magyar c\u00e9gek egyre ink\u00e1bb a min\u0151s\u00e9gi munkaer\u0151t keresik, azonban \u00fagy t\u0171nik kev\u00e9s a sz\u00e1muk. ugyanakkor neh\u00e9zs\u00e9get jelent sz\u00e1mukra az automatiz\u00e1l\u00e1s \u00e9s a feladatok kiszervez\u00e9se is. A v\u00e1llalkoz\u00e1sok nagy r\u00e9sze a j\u00f6v\u0151ben vezet\u0151- \u00e9s tulajdonosv\u00e1lt\u00e1ssal is sz\u00e1mol - der\u00fcl ki az UniCredit \u00e9s az Inspira k\u00f6z\u00f6s, magas \u00fczleti potenci\u00e1llal b\u00edr\u00f3 kkv-kat c\u00e9lz\u00f3 kutat\u00e1s\u00e1b\u00f3l. A megk\u00e9rdezett","twitter:image":"https:\/\/allasorias.hu\/hirek\/wp-content\/uploads\/2018\/12\/business-1477601_640.jpg","twitter:label1":"Written by","twitter:data1":"Juh\u00e1sz P\u00e9ter","twitter:label2":"Est. reading time","twitter:data2":"2 minutes"},"aioseo_meta_data":{"post_id":"2259","title":null,"description":null,"keywords":null,"keyphrases":null,"primary_term":null,"canonical_url":null,"og_title":null,"og_description":null,"og_object_type":"default","og_image_type":"default","og_image_url":null,"og_image_width":null,"og_image_height":null,"og_image_custom_url":null,"og_image_custom_fields":null,"og_video":null,"og_custom_url":null,"og_article_section":null,"og_article_tags":null,"twitter_use_og":false,"twitter_card":"default","twitter_image_type":"default","twitter_image_url":null,"twitter_image_custom_url":null,"twitter_image_custom_fields":null,"twitter_title":null,"twitter_description":null,"schema":{"blockGraphs":[],"customGraphs":[],"default":{"data":{"Article":[],"Course":[],"Dataset":[],"FAQPage":[],"Movie":[],"Person":[],"Product":[],"ProductReview":[],"Car":[],"Recipe":[],"Service":[],"SoftwareApplication":[],"WebPage":[]},"graphName":"","isEnabled":true},"graphs":[],"defaultGraph":"","defaultPostTypeGraph":""},"schema_type":null,"schema_type_options":null,"pillar_content":false,"robots_default":true,"robots_noindex":false,"robots_noarchive":false,"robots_nosnippet":false,"robots_nofollow":false,"robots_noimageindex":false,"robots_noodp":false,"robots_notranslate":false,"robots_max_snippet":null,"robots_max_videopreview":null,"robots_max_imagepreview":"large","priority":null,"frequency":null,"location":null,"local_seo":null,"breadcrumb_settings":null,"limit_modified_date":false,"ai":null,"created":"2021-02-01 20:45:00","updated":"2025-10-02 09:32:38","seo_analyzer_scan_date":null,"focus_keyword":null,"additional_keywords":null,"truseo_locale":null},"aioseo_breadcrumb":"<div class=\"aioseo-breadcrumbs\"><span class=\"aioseo-breadcrumb\">\n\t\t\t<a href=\"https:\/\/allasorias.hu\/hirek\" title=\"Home\">Home<\/a>\n\t\t<\/span><span class=\"aioseo-breadcrumb-separator\">&raquo;<\/span><span class=\"aioseo-breadcrumb\">\n\t\t\t<a href=\"https:\/\/allasorias.hu\/hirek\/temak\/gazdasag\/\" title=\"Gazdas\u00e1g\">Gazdas\u00e1g<\/a>\n\t\t<\/span><span class=\"aioseo-breadcrumb-separator\">&raquo;<\/span><span class=\"aioseo-breadcrumb\">\n\t\t\tKev\u00e9s a min\u0151s\u00e9gi munkaer\u0151\n\t\t<\/span><\/div>","aioseo_breadcrumb_json":[{"label":"Home","link":"https:\/\/allasorias.hu\/hirek"},{"label":"Gazdas\u00e1g","link":"https:\/\/allasorias.hu\/hirek\/temak\/gazdasag\/"},{"label":"Kev\u00e9s a min\u0151s\u00e9gi munkaer\u0151","link":"https:\/\/allasorias.hu\/hirek\/keves-a-minosegi-munkaero\/"}],"_links":{"self":[{"href":"https:\/\/allasorias.hu\/hirek\/wp-json\/wp\/v2\/posts\/2259","targetHints":{"allow":["GET"]}}],"collection":[{"href":"https:\/\/allasorias.hu\/hirek\/wp-json\/wp\/v2\/posts"}],"about":[{"href":"https:\/\/allasorias.hu\/hirek\/wp-json\/wp\/v2\/types\/post"}],"author":[{"embeddable":true,"href":"https:\/\/allasorias.hu\/hirek\/wp-json\/wp\/v2\/users\/1"}],"replies":[{"embeddable":true,"href":"https:\/\/allasorias.hu\/hirek\/wp-json\/wp\/v2\/comments?post=2259"}],"version-history":[{"count":1,"href":"https:\/\/allasorias.hu\/hirek\/wp-json\/wp\/v2\/posts\/2259\/revisions"}],"predecessor-version":[{"id":2261,"href":"https:\/\/allasorias.hu\/hirek\/wp-json\/wp\/v2\/posts\/2259\/revisions\/2261"}],"wp:featuredmedia":[{"embeddable":true,"href":"https:\/\/allasorias.hu\/hirek\/wp-json\/wp\/v2\/media\/2260"}],"wp:attachment":[{"href":"https:\/\/allasorias.hu\/hirek\/wp-json\/wp\/v2\/media?parent=2259"}],"wp:term":[{"taxonomy":"category","embeddable":true,"href":"https:\/\/allasorias.hu\/hirek\/wp-json\/wp\/v2\/categories?post=2259"},{"taxonomy":"post_tag","embeddable":true,"href":"https:\/\/allasorias.hu\/hirek\/wp-json\/wp\/v2\/tags?post=2259"}],"curies":[{"name":"wp","href":"https:\/\/api.w.org\/{rel}","templated":true}]}}