{"id":2256,"date":"2018-12-03T10:49:43","date_gmt":"2018-12-03T10:49:43","guid":{"rendered":"https:\/\/allasorias.hu\/hirek\/?p=2256"},"modified":"2018-12-03T10:49:43","modified_gmt":"2018-12-03T10:49:43","slug":"mi-lesz-az-egyesult-kiralysag-munkaeropiacan","status":"publish","type":"post","link":"https:\/\/allasorias.hu\/hirek\/mi-lesz-az-egyesult-kiralysag-munkaeropiacan\/","title":{"rendered":"Mi lesz az Egyes\u00fclt Kir\u00e1lys\u00e1g munkaer\u0151piac\u00e1n ?"},"content":{"rendered":"<p><strong>Elemz\u0151k gondokat vet\u00edtenek el\u0151re az Egyes\u00fclt Kir\u00e1lys\u00e1g munkaer\u0151piac\u00e1n, miut\u00e1n t\u00f6bb uni\u00f3s \u00e1llampolg\u00e1r megy el t\u0151l\u00fck, mint amennyi \u00e9rkezik. A v\u00e1llalkoz\u00e1sok nagy r\u00e9sze m\u00e1r most munker\u0151 hi\u00e1nnyal k\u00fcszk\u00f6dik, komoly probl\u00e9m\u00e1kra sz\u00e1m\u00edtanak az eg\u00e9szs\u00e9g\u00fcgyben, oktat\u00e1sban, valamint az \u00e9p\u00edt\u0151iparban is.<\/strong><\/p>\n<p>A sz\u00e1madatok azt mutatj\u00e1k, hogy az \u00e9v m\u00e1sodik fel\u00e9ben 27 ezer uni\u00f3s \u00e1llampolg\u00e1r \u00e9rkezett azzal a sz\u00e1nd\u00e9kkal az orsz\u00e1gba, hogy legal\u00e1bb egy \u00e9vig marad, ugyanakor 30 ezren hagyt\u00e1k el az Egyes\u00fclt Kir\u00e1lys\u00e1got. A nemzeti statisztikai hivatal szerint az Egyes\u00fclt Kir\u00e1lys\u00e1gban csaknem egy \u00e9vtizede nem tapasztaltak negat\u00edv nett\u00f3 migr\u00e1ci\u00f3t \u2013 \u00edrta a Financial Times. \u00c9ves \u00f6sszehasonl\u00edt\u00e1sban az der\u00fclt ki, hogy hat \u00e9v \u00f3ta az idei els\u0151 f\u00e9l\u00e9vben volt a legalacsonyabb az Egyes\u00fclt Kir\u00e1lys\u00e1gba \u00e9rkez\u0151k sz\u00e1ma; 74 ezerrel \u00e9rkeztek t\u00f6bben, mint ah\u00e1nyan t\u00e1voztak, holott 2016-ban \u2013 a Brexit-referendum el\u0151tt \u2013 189 ezer volt a k\u00fcl\u00f6nbs\u00e9g. A statisztikai hivatal szerint nemcsak kevesebb munkav\u00e1llal\u00f3 \u00e9rkezik az uni\u00f3b\u00f3l a szigetorsz\u00e1gba, hanem jelent\u0151sen n\u00f6vekedett az Egyes\u00fclt Kir\u00e1lys\u00e1gb\u00f3l indul\u00f3 migr\u00e1ci\u00f3 is. A nem uni\u00f3s orsz\u00e1gokb\u00f3l \u00e9rkez\u0151 bev\u00e1ndorl\u00f3k sz\u00e1ma viszont 2004 \u00f3ta a legmagasabbra, 248 ezer f\u0151re emelkedett. A legt\u00f6bben \u00c1zsi\u00e1b\u00f3l \u00e9rkeztek. Egy friss felm\u00e9r\u00e9s szerint a szigetorsz\u00e1g v\u00e1llalkoz\u00e1sainak 92 sz\u00e1zal\u00e9ka azt vallja, hogy gondjaik lesznek a munkaer\u0151hi\u00e1nnyal, illetve a betan\u00edt\u00e1ssal is, els\u0151sorban az oktat\u00e1s, az eg\u00e9szs\u00e9g\u00fcgy \u00e9s az \u00e9p\u00edt\u0151ipar ter\u00fclet\u00e9n.<\/p>\n<p><em>Forr\u00e1s: hvg.hu<\/em><\/p>\n","protected":false},"excerpt":{"rendered":"<p>Elemz\u0151k gondokat vet\u00edtenek el\u0151re az Egyes\u00fclt Kir\u00e1lys\u00e1g munkaer\u0151piac\u00e1n, miut\u00e1n t\u00f6bb uni\u00f3s \u00e1llampolg\u00e1r megy el t\u0151l\u00fck, mint amennyi \u00e9rkezik. A v\u00e1llalkoz\u00e1sok nagy r\u00e9sze m\u00e1r most munker\u0151 hi\u00e1nnyal k\u00fcszk\u00f6dik, komoly probl\u00e9m\u00e1kra sz\u00e1m\u00edtanak az eg\u00e9szs\u00e9g\u00fcgyben, oktat\u00e1sban, valamint az \u00e9p\u00edt\u0151iparban is. A sz\u00e1madatok azt mutatj\u00e1k, hogy az \u00e9v m\u00e1sodik fel\u00e9ben 27 ezer uni\u00f3s \u00e1llampolg\u00e1r \u00e9rkezett azzal a sz\u00e1nd\u00e9kkal az [&hellip;]<\/p>\n","protected":false},"author":1,"featured_media":2257,"comment_status":"open","ping_status":"open","sticky":false,"template":"","format":"standard","meta":{"_monsterinsights_skip_tracking":false,"footnotes":""},"categories":[198,201,200],"tags":[],"class_list":["post-2256","post","type-post","status-publish","format-standard","has-post-thumbnail","hentry","category-gazdasag","category-kulfold","category-munkaeropiac"],"aioseo_notices":[],"aioseo_head":"\n\t\t<!-- All in One SEO 5.0.0.1 - aioseo.com -->\n\t<meta name=\"description\" content=\"Elemz\u0151k gondokat vet\u00edtenek el\u0151re az Egyes\u00fclt Kir\u00e1lys\u00e1g munkaer\u0151piac\u00e1n, miut\u00e1n t\u00f6bb uni\u00f3s \u00e1llampolg\u00e1r megy el t\u0151l\u00fck, mint amennyi \u00e9rkezik. A v\u00e1llalkoz\u00e1sok nagy r\u00e9sze m\u00e1r most munker\u0151 hi\u00e1nnyal k\u00fcszk\u00f6dik, komoly probl\u00e9m\u00e1kra sz\u00e1m\u00edtanak az eg\u00e9szs\u00e9g\u00fcgyben, oktat\u00e1sban, valamint az \u00e9p\u00edt\u0151iparban is. A sz\u00e1madatok azt mutatj\u00e1k, hogy az \u00e9v m\u00e1sodik fel\u00e9ben 27 ezer uni\u00f3s \u00e1llampolg\u00e1r \u00e9rkezett azzal a sz\u00e1nd\u00e9kkal az\" \/>\n\t<meta name=\"robots\" content=\"max-image-preview:large\" \/>\n\t<meta name=\"author\" content=\"Juh\u00e1sz P\u00e9ter\"\/>\n\t<link rel=\"canonical\" href=\"https:\/\/allasorias.hu\/hirek\/mi-lesz-az-egyesult-kiralysag-munkaeropiacan\/\" \/>\n\t<meta name=\"generator\" content=\"All in One SEO (AIOSEO) 5.0.0.1\" \/>\n\t\t<meta property=\"og:locale\" content=\"hu_HU\" \/>\n\t\t<meta property=\"og:site_name\" content=\"AllasOrias.hu | H\u00edrek-lapszemle | \u00dczleti h\u00edrek az \u00e1ll\u00e1s \u00e9s a munka vil\u00e1g\u00e1b\u00f3l\" \/>\n\t\t<meta property=\"og:type\" content=\"article\" \/>\n\t\t<meta property=\"og:title\" content=\"Mi lesz az Egyes\u00fclt Kir\u00e1lys\u00e1g munkaer\u0151piac\u00e1n ? | AllasOrias.hu | H\u00edrek-lapszemle\" \/>\n\t\t<meta property=\"og:description\" content=\"Elemz\u0151k gondokat vet\u00edtenek el\u0151re az Egyes\u00fclt Kir\u00e1lys\u00e1g munkaer\u0151piac\u00e1n, miut\u00e1n t\u00f6bb uni\u00f3s \u00e1llampolg\u00e1r megy el t\u0151l\u00fck, mint amennyi \u00e9rkezik. A v\u00e1llalkoz\u00e1sok nagy r\u00e9sze m\u00e1r most munker\u0151 hi\u00e1nnyal k\u00fcszk\u00f6dik, komoly probl\u00e9m\u00e1kra sz\u00e1m\u00edtanak az eg\u00e9szs\u00e9g\u00fcgyben, oktat\u00e1sban, valamint az \u00e9p\u00edt\u0151iparban is. A sz\u00e1madatok azt mutatj\u00e1k, hogy az \u00e9v m\u00e1sodik fel\u00e9ben 27 ezer uni\u00f3s \u00e1llampolg\u00e1r \u00e9rkezett azzal a sz\u00e1nd\u00e9kkal az\" \/>\n\t\t<meta property=\"og:url\" content=\"https:\/\/allasorias.hu\/hirek\/mi-lesz-az-egyesult-kiralysag-munkaeropiacan\/\" \/>\n\t\t<meta property=\"og:image\" content=\"https:\/\/allasorias.hu\/hirek\/wp-content\/uploads\/2018\/12\/united.jpg\" \/>\n\t\t<meta property=\"og:image:secure_url\" content=\"https:\/\/allasorias.hu\/hirek\/wp-content\/uploads\/2018\/12\/united.jpg\" \/>\n\t\t<meta property=\"og:image:width\" content=\"640\" \/>\n\t\t<meta property=\"og:image:height\" content=\"267\" \/>\n\t\t<meta property=\"article:published_time\" content=\"2018-12-03T10:49:43+00:00\" \/>\n\t\t<meta property=\"article:modified_time\" content=\"2018-12-03T10:49:43+00:00\" \/>\n\t\t<meta property=\"article:publisher\" content=\"https:\/\/www.facebook.com\/allasorias\" \/>\n\t\t<meta name=\"twitter:card\" content=\"summary_large_image\" \/>\n\t\t<meta name=\"twitter:title\" content=\"Mi lesz az Egyes\u00fclt Kir\u00e1lys\u00e1g munkaer\u0151piac\u00e1n ? | AllasOrias.hu | H\u00edrek-lapszemle\" \/>\n\t\t<meta name=\"twitter:description\" content=\"Elemz\u0151k gondokat vet\u00edtenek el\u0151re az Egyes\u00fclt Kir\u00e1lys\u00e1g munkaer\u0151piac\u00e1n, miut\u00e1n t\u00f6bb uni\u00f3s \u00e1llampolg\u00e1r megy el t\u0151l\u00fck, mint amennyi \u00e9rkezik. A v\u00e1llalkoz\u00e1sok nagy r\u00e9sze m\u00e1r most munker\u0151 hi\u00e1nnyal k\u00fcszk\u00f6dik, komoly probl\u00e9m\u00e1kra sz\u00e1m\u00edtanak az eg\u00e9szs\u00e9g\u00fcgyben, oktat\u00e1sban, valamint az \u00e9p\u00edt\u0151iparban is. A sz\u00e1madatok azt mutatj\u00e1k, hogy az \u00e9v m\u00e1sodik fel\u00e9ben 27 ezer uni\u00f3s \u00e1llampolg\u00e1r \u00e9rkezett azzal a sz\u00e1nd\u00e9kkal az\" \/>\n\t\t<meta name=\"twitter:image\" content=\"https:\/\/allasorias.hu\/hirek\/wp-content\/uploads\/2018\/12\/united.jpg\" \/>\n\t\t<meta name=\"twitter:label1\" content=\"Written by\" \/>\n\t\t<meta name=\"twitter:data1\" content=\"Juh\u00e1sz P\u00e9ter\" \/>\n\t\t<meta name=\"twitter:label2\" content=\"Est. reading time\" \/>\n\t\t<meta name=\"twitter:data2\" content=\"2 minutes\" \/>\n\t\t<script type=\"application\/ld+json\" class=\"aioseo-schema\">\n\t\t\t{\"@context\":\"https:\\\/\\\/schema.org\",\"@graph\":[{\"@type\":\"Article\",\"@id\":\"https:\\\/\\\/allasorias.hu\\\/hirek\\\/mi-lesz-az-egyesult-kiralysag-munkaeropiacan\\\/#article\",\"name\":\"Mi lesz az Egyes\\u00fclt Kir\\u00e1lys\\u00e1g munkaer\\u0151piac\\u00e1n ? | AllasOrias.hu | H\\u00edrek-lapszemle\",\"headline\":\"Mi lesz az Egyes\\u00fclt Kir\\u00e1lys\\u00e1g munkaer\\u0151piac\\u00e1n ?\",\"author\":{\"@id\":\"https:\\\/\\\/allasorias.hu\\\/hirek\\\/author\\\/admin-allasorias\\\/#author\"},\"publisher\":{\"@id\":\"https:\\\/\\\/allasorias.hu\\\/hirek\\\/#organization\"},\"image\":{\"@type\":\"ImageObject\",\"url\":\"https:\\\/\\\/allasorias.hu\\\/hirek\\\/wp-content\\\/uploads\\\/2018\\\/12\\\/united.jpg\",\"width\":640,\"height\":267},\"datePublished\":\"2018-12-03T10:49:43+02:00\",\"dateModified\":\"2018-12-03T10:49:43+02:00\",\"inLanguage\":\"hu-HU\",\"mainEntityOfPage\":{\"@id\":\"https:\\\/\\\/allasorias.hu\\\/hirek\\\/mi-lesz-az-egyesult-kiralysag-munkaeropiacan\\\/#webpage\"},\"isPartOf\":{\"@id\":\"https:\\\/\\\/allasorias.hu\\\/hirek\\\/mi-lesz-az-egyesult-kiralysag-munkaeropiacan\\\/#webpage\"},\"articleSection\":\"Gazdas\\u00e1g, K\\u00fclf\\u00f6ld, Munkaer\\u0151piac\"},{\"@type\":\"BreadcrumbList\",\"@id\":\"https:\\\/\\\/allasorias.hu\\\/hirek\\\/mi-lesz-az-egyesult-kiralysag-munkaeropiacan\\\/#breadcrumblist\",\"itemListElement\":[{\"@type\":\"ListItem\",\"@id\":\"https:\\\/\\\/allasorias.hu\\\/hirek#listItem\",\"position\":1,\"name\":\"Home\",\"item\":\"https:\\\/\\\/allasorias.hu\\\/hirek\",\"nextItem\":{\"@type\":\"ListItem\",\"@id\":\"https:\\\/\\\/allasorias.hu\\\/hirek\\\/temak\\\/gazdasag\\\/#listItem\",\"name\":\"Gazdas\\u00e1g\"}},{\"@type\":\"ListItem\",\"@id\":\"https:\\\/\\\/allasorias.hu\\\/hirek\\\/temak\\\/gazdasag\\\/#listItem\",\"position\":2,\"name\":\"Gazdas\\u00e1g\",\"item\":\"https:\\\/\\\/allasorias.hu\\\/hirek\\\/temak\\\/gazdasag\\\/\",\"nextItem\":{\"@type\":\"ListItem\",\"@id\":\"https:\\\/\\\/allasorias.hu\\\/hirek\\\/mi-lesz-az-egyesult-kiralysag-munkaeropiacan\\\/#listItem\",\"name\":\"Mi lesz az Egyes\\u00fclt Kir\\u00e1lys\\u00e1g munkaer\\u0151piac\\u00e1n ?\"},\"previousItem\":{\"@type\":\"ListItem\",\"@id\":\"https:\\\/\\\/allasorias.hu\\\/hirek#listItem\",\"name\":\"Home\"}},{\"@type\":\"ListItem\",\"@id\":\"https:\\\/\\\/allasorias.hu\\\/hirek\\\/mi-lesz-az-egyesult-kiralysag-munkaeropiacan\\\/#listItem\",\"position\":3,\"name\":\"Mi lesz az Egyes\\u00fclt Kir\\u00e1lys\\u00e1g munkaer\\u0151piac\\u00e1n ?\",\"previousItem\":{\"@type\":\"ListItem\",\"@id\":\"https:\\\/\\\/allasorias.hu\\\/hirek\\\/temak\\\/gazdasag\\\/#listItem\",\"name\":\"Gazdas\\u00e1g\"}}]},{\"@type\":\"Organization\",\"@id\":\"https:\\\/\\\/allasorias.hu\\\/hirek\\\/#organization\",\"name\":\"AllasOrias.hu | H\\u00edrek-lapszemle\",\"description\":\"\\u00dczleti h\\u00edrek az \\u00e1ll\\u00e1s \\u00e9s a munka vil\\u00e1g\\u00e1b\\u00f3l\",\"url\":\"https:\\\/\\\/allasorias.hu\\\/hirek\\\/\",\"logo\":{\"@type\":\"ImageObject\",\"url\":\"https:\\\/\\\/allasorias.hu\\\/hirek\\\/wp-content\\\/uploads\\\/2022\\\/10\\\/allasorias_site_facebok_logo.png\",\"@id\":\"https:\\\/\\\/allasorias.hu\\\/hirek\\\/mi-lesz-az-egyesult-kiralysag-munkaeropiacan\\\/#organizationLogo\"},\"image\":{\"@id\":\"https:\\\/\\\/allasorias.hu\\\/hirek\\\/mi-lesz-az-egyesult-kiralysag-munkaeropiacan\\\/#organizationLogo\"},\"sameAs\":[\"https:\\\/\\\/www.facebook.com\\\/allasorias\",\"https:\\\/\\\/www.linkedin.com\\\/company\\\/allasorias\"]},{\"@type\":\"Person\",\"@id\":\"https:\\\/\\\/allasorias.hu\\\/hirek\\\/author\\\/admin-allasorias\\\/#author\",\"url\":\"https:\\\/\\\/allasorias.hu\\\/hirek\\\/author\\\/admin-allasorias\\\/\",\"name\":\"Juh\\u00e1sz P\\u00e9ter\",\"image\":{\"@type\":\"ImageObject\",\"@id\":\"https:\\\/\\\/allasorias.hu\\\/hirek\\\/mi-lesz-az-egyesult-kiralysag-munkaeropiacan\\\/#authorImage\",\"url\":\"https:\\\/\\\/secure.gravatar.com\\\/avatar\\\/36e6bcb83148978b992977cb0f54d22feb0cce8a0a849a9410532bb2623ba4c6?s=96&d=mm&r=g\",\"width\":96,\"height\":96,\"caption\":\"Juh\\u00e1sz P\\u00e9ter\"}},{\"@type\":\"WebPage\",\"@id\":\"https:\\\/\\\/allasorias.hu\\\/hirek\\\/mi-lesz-az-egyesult-kiralysag-munkaeropiacan\\\/#webpage\",\"url\":\"https:\\\/\\\/allasorias.hu\\\/hirek\\\/mi-lesz-az-egyesult-kiralysag-munkaeropiacan\\\/\",\"name\":\"Mi lesz az Egyes\\u00fclt Kir\\u00e1lys\\u00e1g munkaer\\u0151piac\\u00e1n ? | AllasOrias.hu | H\\u00edrek-lapszemle\",\"description\":\"Elemz\\u0151k gondokat vet\\u00edtenek el\\u0151re az Egyes\\u00fclt Kir\\u00e1lys\\u00e1g munkaer\\u0151piac\\u00e1n, miut\\u00e1n t\\u00f6bb uni\\u00f3s \\u00e1llampolg\\u00e1r megy el t\\u0151l\\u00fck, mint amennyi \\u00e9rkezik. A v\\u00e1llalkoz\\u00e1sok nagy r\\u00e9sze m\\u00e1r most munker\\u0151 hi\\u00e1nnyal k\\u00fcszk\\u00f6dik, komoly probl\\u00e9m\\u00e1kra sz\\u00e1m\\u00edtanak az eg\\u00e9szs\\u00e9g\\u00fcgyben, oktat\\u00e1sban, valamint az \\u00e9p\\u00edt\\u0151iparban is. A sz\\u00e1madatok azt mutatj\\u00e1k, hogy az \\u00e9v m\\u00e1sodik fel\\u00e9ben 27 ezer uni\\u00f3s \\u00e1llampolg\\u00e1r \\u00e9rkezett azzal a sz\\u00e1nd\\u00e9kkal az\",\"inLanguage\":\"hu-HU\",\"isPartOf\":{\"@id\":\"https:\\\/\\\/allasorias.hu\\\/hirek\\\/#website\"},\"breadcrumb\":{\"@id\":\"https:\\\/\\\/allasorias.hu\\\/hirek\\\/mi-lesz-az-egyesult-kiralysag-munkaeropiacan\\\/#breadcrumblist\"},\"author\":{\"@id\":\"https:\\\/\\\/allasorias.hu\\\/hirek\\\/author\\\/admin-allasorias\\\/#author\"},\"creator\":{\"@id\":\"https:\\\/\\\/allasorias.hu\\\/hirek\\\/author\\\/admin-allasorias\\\/#author\"},\"image\":{\"@type\":\"ImageObject\",\"url\":\"https:\\\/\\\/allasorias.hu\\\/hirek\\\/wp-content\\\/uploads\\\/2018\\\/12\\\/united.jpg\",\"@id\":\"https:\\\/\\\/allasorias.hu\\\/hirek\\\/mi-lesz-az-egyesult-kiralysag-munkaeropiacan\\\/#mainImage\",\"width\":640,\"height\":267},\"primaryImageOfPage\":{\"@id\":\"https:\\\/\\\/allasorias.hu\\\/hirek\\\/mi-lesz-az-egyesult-kiralysag-munkaeropiacan\\\/#mainImage\"},\"datePublished\":\"2018-12-03T10:49:43+02:00\",\"dateModified\":\"2018-12-03T10:49:43+02:00\"},{\"@type\":\"WebSite\",\"@id\":\"https:\\\/\\\/allasorias.hu\\\/hirek\\\/#website\",\"url\":\"https:\\\/\\\/allasorias.hu\\\/hirek\\\/\",\"name\":\"AllasOrias.hu | H\\u00edrek-lapszemle\",\"description\":\"\\u00dczleti h\\u00edrek az \\u00e1ll\\u00e1s \\u00e9s a munka vil\\u00e1g\\u00e1b\\u00f3l\",\"inLanguage\":\"hu-HU\",\"publisher\":{\"@id\":\"https:\\\/\\\/allasorias.hu\\\/hirek\\\/#organization\"}}]}\n\t\t<\/script>\n\t\t<!-- All in One SEO -->\n\n","aioseo_head_json":{"title":"Mi lesz az Egyes\u00fclt Kir\u00e1lys\u00e1g munkaer\u0151piac\u00e1n ? | AllasOrias.hu | H\u00edrek-lapszemle","description":"Elemz\u0151k gondokat vet\u00edtenek el\u0151re az Egyes\u00fclt Kir\u00e1lys\u00e1g munkaer\u0151piac\u00e1n, miut\u00e1n t\u00f6bb uni\u00f3s \u00e1llampolg\u00e1r megy el t\u0151l\u00fck, mint amennyi \u00e9rkezik. A v\u00e1llalkoz\u00e1sok nagy r\u00e9sze m\u00e1r most munker\u0151 hi\u00e1nnyal k\u00fcszk\u00f6dik, komoly probl\u00e9m\u00e1kra sz\u00e1m\u00edtanak az eg\u00e9szs\u00e9g\u00fcgyben, oktat\u00e1sban, valamint az \u00e9p\u00edt\u0151iparban is. A sz\u00e1madatok azt mutatj\u00e1k, hogy az \u00e9v m\u00e1sodik fel\u00e9ben 27 ezer uni\u00f3s \u00e1llampolg\u00e1r \u00e9rkezett azzal a sz\u00e1nd\u00e9kkal az","canonical_url":"https:\/\/allasorias.hu\/hirek\/mi-lesz-az-egyesult-kiralysag-munkaeropiacan\/","robots":"max-image-preview:large","keywords":"","webmasterTools":{"miscellaneous":""},"schema":{"@context":"https:\/\/schema.org","@graph":[{"@type":"Article","@id":"https:\/\/allasorias.hu\/hirek\/mi-lesz-az-egyesult-kiralysag-munkaeropiacan\/#article","name":"Mi lesz az Egyes\u00fclt Kir\u00e1lys\u00e1g munkaer\u0151piac\u00e1n ? | AllasOrias.hu | H\u00edrek-lapszemle","headline":"Mi lesz az Egyes\u00fclt Kir\u00e1lys\u00e1g munkaer\u0151piac\u00e1n ?","author":{"@id":"https:\/\/allasorias.hu\/hirek\/author\/admin-allasorias\/#author"},"publisher":{"@id":"https:\/\/allasorias.hu\/hirek\/#organization"},"image":{"@type":"ImageObject","url":"https:\/\/allasorias.hu\/hirek\/wp-content\/uploads\/2018\/12\/united.jpg","width":640,"height":267},"datePublished":"2018-12-03T10:49:43+02:00","dateModified":"2018-12-03T10:49:43+02:00","inLanguage":"hu-HU","mainEntityOfPage":{"@id":"https:\/\/allasorias.hu\/hirek\/mi-lesz-az-egyesult-kiralysag-munkaeropiacan\/#webpage"},"isPartOf":{"@id":"https:\/\/allasorias.hu\/hirek\/mi-lesz-az-egyesult-kiralysag-munkaeropiacan\/#webpage"},"articleSection":"Gazdas\u00e1g, K\u00fclf\u00f6ld, Munkaer\u0151piac"},{"@type":"BreadcrumbList","@id":"https:\/\/allasorias.hu\/hirek\/mi-lesz-az-egyesult-kiralysag-munkaeropiacan\/#breadcrumblist","itemListElement":[{"@type":"ListItem","@id":"https:\/\/allasorias.hu\/hirek#listItem","position":1,"name":"Home","item":"https:\/\/allasorias.hu\/hirek","nextItem":{"@type":"ListItem","@id":"https:\/\/allasorias.hu\/hirek\/temak\/gazdasag\/#listItem","name":"Gazdas\u00e1g"}},{"@type":"ListItem","@id":"https:\/\/allasorias.hu\/hirek\/temak\/gazdasag\/#listItem","position":2,"name":"Gazdas\u00e1g","item":"https:\/\/allasorias.hu\/hirek\/temak\/gazdasag\/","nextItem":{"@type":"ListItem","@id":"https:\/\/allasorias.hu\/hirek\/mi-lesz-az-egyesult-kiralysag-munkaeropiacan\/#listItem","name":"Mi lesz az Egyes\u00fclt Kir\u00e1lys\u00e1g munkaer\u0151piac\u00e1n ?"},"previousItem":{"@type":"ListItem","@id":"https:\/\/allasorias.hu\/hirek#listItem","name":"Home"}},{"@type":"ListItem","@id":"https:\/\/allasorias.hu\/hirek\/mi-lesz-az-egyesult-kiralysag-munkaeropiacan\/#listItem","position":3,"name":"Mi lesz az Egyes\u00fclt Kir\u00e1lys\u00e1g munkaer\u0151piac\u00e1n ?","previousItem":{"@type":"ListItem","@id":"https:\/\/allasorias.hu\/hirek\/temak\/gazdasag\/#listItem","name":"Gazdas\u00e1g"}}]},{"@type":"Organization","@id":"https:\/\/allasorias.hu\/hirek\/#organization","name":"AllasOrias.hu | H\u00edrek-lapszemle","description":"\u00dczleti h\u00edrek az \u00e1ll\u00e1s \u00e9s a munka vil\u00e1g\u00e1b\u00f3l","url":"https:\/\/allasorias.hu\/hirek\/","logo":{"@type":"ImageObject","url":"https:\/\/allasorias.hu\/hirek\/wp-content\/uploads\/2022\/10\/allasorias_site_facebok_logo.png","@id":"https:\/\/allasorias.hu\/hirek\/mi-lesz-az-egyesult-kiralysag-munkaeropiacan\/#organizationLogo"},"image":{"@id":"https:\/\/allasorias.hu\/hirek\/mi-lesz-az-egyesult-kiralysag-munkaeropiacan\/#organizationLogo"},"sameAs":["https:\/\/www.facebook.com\/allasorias","https:\/\/www.linkedin.com\/company\/allasorias"]},{"@type":"Person","@id":"https:\/\/allasorias.hu\/hirek\/author\/admin-allasorias\/#author","url":"https:\/\/allasorias.hu\/hirek\/author\/admin-allasorias\/","name":"Juh\u00e1sz P\u00e9ter","image":{"@type":"ImageObject","@id":"https:\/\/allasorias.hu\/hirek\/mi-lesz-az-egyesult-kiralysag-munkaeropiacan\/#authorImage","url":"https:\/\/secure.gravatar.com\/avatar\/36e6bcb83148978b992977cb0f54d22feb0cce8a0a849a9410532bb2623ba4c6?s=96&d=mm&r=g","width":96,"height":96,"caption":"Juh\u00e1sz P\u00e9ter"}},{"@type":"WebPage","@id":"https:\/\/allasorias.hu\/hirek\/mi-lesz-az-egyesult-kiralysag-munkaeropiacan\/#webpage","url":"https:\/\/allasorias.hu\/hirek\/mi-lesz-az-egyesult-kiralysag-munkaeropiacan\/","name":"Mi lesz az Egyes\u00fclt Kir\u00e1lys\u00e1g munkaer\u0151piac\u00e1n ? | AllasOrias.hu | H\u00edrek-lapszemle","description":"Elemz\u0151k gondokat vet\u00edtenek el\u0151re az Egyes\u00fclt Kir\u00e1lys\u00e1g munkaer\u0151piac\u00e1n, miut\u00e1n t\u00f6bb uni\u00f3s \u00e1llampolg\u00e1r megy el t\u0151l\u00fck, mint amennyi \u00e9rkezik. A v\u00e1llalkoz\u00e1sok nagy r\u00e9sze m\u00e1r most munker\u0151 hi\u00e1nnyal k\u00fcszk\u00f6dik, komoly probl\u00e9m\u00e1kra sz\u00e1m\u00edtanak az eg\u00e9szs\u00e9g\u00fcgyben, oktat\u00e1sban, valamint az \u00e9p\u00edt\u0151iparban is. A sz\u00e1madatok azt mutatj\u00e1k, hogy az \u00e9v m\u00e1sodik fel\u00e9ben 27 ezer uni\u00f3s \u00e1llampolg\u00e1r \u00e9rkezett azzal a sz\u00e1nd\u00e9kkal az","inLanguage":"hu-HU","isPartOf":{"@id":"https:\/\/allasorias.hu\/hirek\/#website"},"breadcrumb":{"@id":"https:\/\/allasorias.hu\/hirek\/mi-lesz-az-egyesult-kiralysag-munkaeropiacan\/#breadcrumblist"},"author":{"@id":"https:\/\/allasorias.hu\/hirek\/author\/admin-allasorias\/#author"},"creator":{"@id":"https:\/\/allasorias.hu\/hirek\/author\/admin-allasorias\/#author"},"image":{"@type":"ImageObject","url":"https:\/\/allasorias.hu\/hirek\/wp-content\/uploads\/2018\/12\/united.jpg","@id":"https:\/\/allasorias.hu\/hirek\/mi-lesz-az-egyesult-kiralysag-munkaeropiacan\/#mainImage","width":640,"height":267},"primaryImageOfPage":{"@id":"https:\/\/allasorias.hu\/hirek\/mi-lesz-az-egyesult-kiralysag-munkaeropiacan\/#mainImage"},"datePublished":"2018-12-03T10:49:43+02:00","dateModified":"2018-12-03T10:49:43+02:00"},{"@type":"WebSite","@id":"https:\/\/allasorias.hu\/hirek\/#website","url":"https:\/\/allasorias.hu\/hirek\/","name":"AllasOrias.hu | H\u00edrek-lapszemle","description":"\u00dczleti h\u00edrek az \u00e1ll\u00e1s \u00e9s a munka vil\u00e1g\u00e1b\u00f3l","inLanguage":"hu-HU","publisher":{"@id":"https:\/\/allasorias.hu\/hirek\/#organization"}}]},"og:locale":"hu_HU","og:site_name":"AllasOrias.hu | H\u00edrek-lapszemle | \u00dczleti h\u00edrek az \u00e1ll\u00e1s \u00e9s a munka vil\u00e1g\u00e1b\u00f3l","og:type":"article","og:title":"Mi lesz az Egyes\u00fclt Kir\u00e1lys\u00e1g munkaer\u0151piac\u00e1n ? | AllasOrias.hu | H\u00edrek-lapszemle","og:description":"Elemz\u0151k gondokat vet\u00edtenek el\u0151re az Egyes\u00fclt Kir\u00e1lys\u00e1g munkaer\u0151piac\u00e1n, miut\u00e1n t\u00f6bb uni\u00f3s \u00e1llampolg\u00e1r megy el t\u0151l\u00fck, mint amennyi \u00e9rkezik. A v\u00e1llalkoz\u00e1sok nagy r\u00e9sze m\u00e1r most munker\u0151 hi\u00e1nnyal k\u00fcszk\u00f6dik, komoly probl\u00e9m\u00e1kra sz\u00e1m\u00edtanak az eg\u00e9szs\u00e9g\u00fcgyben, oktat\u00e1sban, valamint az \u00e9p\u00edt\u0151iparban is. A sz\u00e1madatok azt mutatj\u00e1k, hogy az \u00e9v m\u00e1sodik fel\u00e9ben 27 ezer uni\u00f3s \u00e1llampolg\u00e1r \u00e9rkezett azzal a sz\u00e1nd\u00e9kkal az","og:url":"https:\/\/allasorias.hu\/hirek\/mi-lesz-az-egyesult-kiralysag-munkaeropiacan\/","og:image":"https:\/\/allasorias.hu\/hirek\/wp-content\/uploads\/2018\/12\/united.jpg","og:image:secure_url":"https:\/\/allasorias.hu\/hirek\/wp-content\/uploads\/2018\/12\/united.jpg","og:image:width":640,"og:image:height":267,"article:published_time":"2018-12-03T10:49:43+00:00","article:modified_time":"2018-12-03T10:49:43+00:00","article:publisher":"https:\/\/www.facebook.com\/allasorias","twitter:card":"summary_large_image","twitter:title":"Mi lesz az Egyes\u00fclt Kir\u00e1lys\u00e1g munkaer\u0151piac\u00e1n ? | AllasOrias.hu | H\u00edrek-lapszemle","twitter:description":"Elemz\u0151k gondokat vet\u00edtenek el\u0151re az Egyes\u00fclt Kir\u00e1lys\u00e1g munkaer\u0151piac\u00e1n, miut\u00e1n t\u00f6bb uni\u00f3s \u00e1llampolg\u00e1r megy el t\u0151l\u00fck, mint amennyi \u00e9rkezik. A v\u00e1llalkoz\u00e1sok nagy r\u00e9sze m\u00e1r most munker\u0151 hi\u00e1nnyal k\u00fcszk\u00f6dik, komoly probl\u00e9m\u00e1kra sz\u00e1m\u00edtanak az eg\u00e9szs\u00e9g\u00fcgyben, oktat\u00e1sban, valamint az \u00e9p\u00edt\u0151iparban is. A sz\u00e1madatok azt mutatj\u00e1k, hogy az \u00e9v m\u00e1sodik fel\u00e9ben 27 ezer uni\u00f3s \u00e1llampolg\u00e1r \u00e9rkezett azzal a sz\u00e1nd\u00e9kkal az","twitter:image":"https:\/\/allasorias.hu\/hirek\/wp-content\/uploads\/2018\/12\/united.jpg","twitter:label1":"Written by","twitter:data1":"Juh\u00e1sz P\u00e9ter","twitter:label2":"Est. reading time","twitter:data2":"2 minutes"},"aioseo_meta_data":{"post_id":"2256","title":null,"description":null,"keywords":null,"keyphrases":null,"primary_term":null,"canonical_url":null,"og_title":null,"og_description":null,"og_object_type":"default","og_image_type":"default","og_image_url":null,"og_image_width":null,"og_image_height":null,"og_image_custom_url":null,"og_image_custom_fields":null,"og_video":null,"og_custom_url":null,"og_article_section":null,"og_article_tags":null,"twitter_use_og":false,"twitter_card":"default","twitter_image_type":"default","twitter_image_url":null,"twitter_image_custom_url":null,"twitter_image_custom_fields":null,"twitter_title":null,"twitter_description":null,"schema":{"blockGraphs":[],"customGraphs":[],"default":{"data":{"Article":[],"Course":[],"Dataset":[],"FAQPage":[],"Movie":[],"Person":[],"Product":[],"ProductReview":[],"Car":[],"Recipe":[],"Service":[],"SoftwareApplication":[],"WebPage":[]},"graphName":"","isEnabled":true},"graphs":[]},"schema_type":null,"schema_type_options":null,"pillar_content":false,"robots_default":true,"robots_noindex":false,"robots_noarchive":false,"robots_nosnippet":false,"robots_nofollow":false,"robots_noimageindex":false,"robots_noodp":false,"robots_notranslate":false,"robots_max_snippet":null,"robots_max_videopreview":null,"robots_max_imagepreview":"large","priority":null,"frequency":null,"location":null,"local_seo":null,"breadcrumb_settings":null,"limit_modified_date":false,"ai":null,"created":"2021-02-01 20:45:00","updated":"2025-10-02 09:31:23","seo_analyzer_scan_date":null,"focus_keyword":null,"additional_keywords":null,"truseo_locale":null},"aioseo_breadcrumb":"<div class=\"aioseo-breadcrumbs\"><span class=\"aioseo-breadcrumb\">\n\t\t\t<a href=\"https:\/\/allasorias.hu\/hirek\" title=\"Home\">Home<\/a>\n\t\t<\/span><span class=\"aioseo-breadcrumb-separator\">&raquo;<\/span><span class=\"aioseo-breadcrumb\">\n\t\t\t<a href=\"https:\/\/allasorias.hu\/hirek\/temak\/gazdasag\/\" title=\"Gazdas\u00e1g\">Gazdas\u00e1g<\/a>\n\t\t<\/span><span class=\"aioseo-breadcrumb-separator\">&raquo;<\/span><span class=\"aioseo-breadcrumb\">\n\t\t\tMi lesz az Egyes\u00fclt Kir\u00e1lys\u00e1g munkaer\u0151piac\u00e1n ?\n\t\t<\/span><\/div>","aioseo_breadcrumb_json":[{"label":"Home","link":"https:\/\/allasorias.hu\/hirek"},{"label":"Gazdas\u00e1g","link":"https:\/\/allasorias.hu\/hirek\/temak\/gazdasag\/"},{"label":"Mi lesz az Egyes\u00fclt Kir\u00e1lys\u00e1g munkaer\u0151piac\u00e1n ?","link":"https:\/\/allasorias.hu\/hirek\/mi-lesz-az-egyesult-kiralysag-munkaeropiacan\/"}],"_links":{"self":[{"href":"https:\/\/allasorias.hu\/hirek\/wp-json\/wp\/v2\/posts\/2256","targetHints":{"allow":["GET"]}}],"collection":[{"href":"https:\/\/allasorias.hu\/hirek\/wp-json\/wp\/v2\/posts"}],"about":[{"href":"https:\/\/allasorias.hu\/hirek\/wp-json\/wp\/v2\/types\/post"}],"author":[{"embeddable":true,"href":"https:\/\/allasorias.hu\/hirek\/wp-json\/wp\/v2\/users\/1"}],"replies":[{"embeddable":true,"href":"https:\/\/allasorias.hu\/hirek\/wp-json\/wp\/v2\/comments?post=2256"}],"version-history":[{"count":1,"href":"https:\/\/allasorias.hu\/hirek\/wp-json\/wp\/v2\/posts\/2256\/revisions"}],"predecessor-version":[{"id":2258,"href":"https:\/\/allasorias.hu\/hirek\/wp-json\/wp\/v2\/posts\/2256\/revisions\/2258"}],"wp:featuredmedia":[{"embeddable":true,"href":"https:\/\/allasorias.hu\/hirek\/wp-json\/wp\/v2\/media\/2257"}],"wp:attachment":[{"href":"https:\/\/allasorias.hu\/hirek\/wp-json\/wp\/v2\/media?parent=2256"}],"wp:term":[{"taxonomy":"category","embeddable":true,"href":"https:\/\/allasorias.hu\/hirek\/wp-json\/wp\/v2\/categories?post=2256"},{"taxonomy":"post_tag","embeddable":true,"href":"https:\/\/allasorias.hu\/hirek\/wp-json\/wp\/v2\/tags?post=2256"}],"curies":[{"name":"wp","href":"https:\/\/api.w.org\/{rel}","templated":true}]}}