{"id":2253,"date":"2018-12-03T10:43:28","date_gmt":"2018-12-03T10:43:28","guid":{"rendered":"https:\/\/allasorias.hu\/hirek\/?p=2253"},"modified":"2018-12-03T10:43:28","modified_gmt":"2018-12-03T10:43:28","slug":"jo-pelda-a-nok-kisgyermekes-anyukak-segitesere","status":"publish","type":"post","link":"https:\/\/allasorias.hu\/hirek\/jo-pelda-a-nok-kisgyermekes-anyukak-segitesere\/","title":{"rendered":"J\u00f3 p\u00e9lda a n\u0151k, kisgyermekes anyuk\u00e1k seg\u00edt\u00e9s\u00e9re"},"content":{"rendered":"<p><strong>Anyagilag is \u00f6szt\u00f6n\u00f6zn\u00e9\u00a0 az asszonyok, kisgyermekes anyuk\u00e1k munkav\u00e1llal\u00e1s\u00e1t \u00f6szt\u00f6nd\u00edjprogrammal a \u00a0Design Termin\u00e1l c\u00e9g az Emberi Er\u0151forr\u00e1sok Miniszt\u00e9rium\u00e1nak (Emmi) t\u00e1mogat\u00e1s\u00e1val.<\/strong><\/p>\n<p>Az innov\u00e1ci\u00f3s \u00fcgyn\u00f6ks\u00e9g k\u00f6zlem\u00e9nye szerint a tavaszt\u00f3l indul\u00f3 t\u00e1mogat\u00e1s er\u0151s\u00edti a v\u00e1llalkoz\u00f3i szeml\u00e9letet, seg\u00edti a n\u0151k v\u00e1llalkoz\u00e1sait \u00e9s a kisgyermeket nevel\u0151 any\u00e1k visszat\u00e9r\u00e9s\u00e9t a munkaer\u0151piacra. A p\u00e1ly\u00e1z\u00f3k t\u00e9r\u00edt\u00e9smentesen vehetnek r\u00e9szt a 3 h\u00f3napos, intenz\u00edv v\u00e1llalkoz\u00e1sfejleszt\u00e9sen. A \u00a0program ideje alatt havi \u00f6szt\u00f6nd\u00edjat kapnak, mentorok seg\u00edts\u00e9g\u00e9vel pedig egy\u00fcttm\u0171k\u00f6dhetnek a Design Terminal nagyv\u00e1llalati partnereivel.<\/p>\n<p><em>Forr\u00e1s: propeller.hu<\/em><\/p>\n","protected":false},"excerpt":{"rendered":"<p>Anyagilag is \u00f6szt\u00f6n\u00f6zn\u00e9\u00a0 az asszonyok, kisgyermekes anyuk\u00e1k munkav\u00e1llal\u00e1s\u00e1t \u00f6szt\u00f6nd\u00edjprogrammal a \u00a0Design Termin\u00e1l c\u00e9g az Emberi Er\u0151forr\u00e1sok Miniszt\u00e9rium\u00e1nak (Emmi) t\u00e1mogat\u00e1s\u00e1val. Az innov\u00e1ci\u00f3s \u00fcgyn\u00f6ks\u00e9g k\u00f6zlem\u00e9nye szerint a tavaszt\u00f3l indul\u00f3 t\u00e1mogat\u00e1s er\u0151s\u00edti a v\u00e1llalkoz\u00f3i szeml\u00e9letet, seg\u00edti a n\u0151k v\u00e1llalkoz\u00e1sait \u00e9s a kisgyermeket nevel\u0151 any\u00e1k visszat\u00e9r\u00e9s\u00e9t a munkaer\u0151piacra. A p\u00e1ly\u00e1z\u00f3k t\u00e9r\u00edt\u00e9smentesen vehetnek r\u00e9szt a 3 h\u00f3napos, intenz\u00edv v\u00e1llalkoz\u00e1sfejleszt\u00e9sen. A [&hellip;]<\/p>\n","protected":false},"author":1,"featured_media":2254,"comment_status":"open","ping_status":"open","sticky":false,"template":"","format":"standard","meta":{"_monsterinsights_skip_tracking":false,"footnotes":""},"categories":[198,200],"tags":[],"class_list":["post-2253","post","type-post","status-publish","format-standard","has-post-thumbnail","hentry","category-gazdasag","category-munkaeropiac"],"aioseo_notices":[],"aioseo_head":"\n\t\t<!-- All in One SEO 5.0.0.1 - aioseo.com -->\n\t<meta name=\"description\" content=\"Anyagilag is \u00f6szt\u00f6n\u00f6zn\u00e9 az asszonyok, kisgyermekes anyuk\u00e1k munkav\u00e1llal\u00e1s\u00e1t \u00f6szt\u00f6nd\u00edjprogrammal a Design Termin\u00e1l c\u00e9g az Emberi Er\u0151forr\u00e1sok Miniszt\u00e9rium\u00e1nak (Emmi) t\u00e1mogat\u00e1s\u00e1val. Az innov\u00e1ci\u00f3s \u00fcgyn\u00f6ks\u00e9g k\u00f6zlem\u00e9nye szerint a tavaszt\u00f3l indul\u00f3 t\u00e1mogat\u00e1s er\u0151s\u00edti a v\u00e1llalkoz\u00f3i szeml\u00e9letet, seg\u00edti a n\u0151k v\u00e1llalkoz\u00e1sait \u00e9s a kisgyermeket nevel\u0151 any\u00e1k visszat\u00e9r\u00e9s\u00e9t a munkaer\u0151piacra. A p\u00e1ly\u00e1z\u00f3k t\u00e9r\u00edt\u00e9smentesen vehetnek r\u00e9szt a 3 h\u00f3napos, intenz\u00edv v\u00e1llalkoz\u00e1sfejleszt\u00e9sen. A\" \/>\n\t<meta name=\"robots\" content=\"max-image-preview:large\" \/>\n\t<meta name=\"author\" content=\"Juh\u00e1sz P\u00e9ter\"\/>\n\t<link rel=\"canonical\" href=\"https:\/\/allasorias.hu\/hirek\/jo-pelda-a-nok-kisgyermekes-anyukak-segitesere\/\" \/>\n\t<meta name=\"generator\" content=\"All in One SEO (AIOSEO) 5.0.0.1\" \/>\n\t\t<meta property=\"og:locale\" content=\"hu_HU\" \/>\n\t\t<meta property=\"og:site_name\" content=\"AllasOrias.hu | H\u00edrek-lapszemle | \u00dczleti h\u00edrek az \u00e1ll\u00e1s \u00e9s a munka vil\u00e1g\u00e1b\u00f3l\" \/>\n\t\t<meta property=\"og:type\" content=\"article\" \/>\n\t\t<meta property=\"og:title\" content=\"J\u00f3 p\u00e9lda a n\u0151k, kisgyermekes anyuk\u00e1k seg\u00edt\u00e9s\u00e9re | AllasOrias.hu | H\u00edrek-lapszemle\" \/>\n\t\t<meta property=\"og:description\" content=\"Anyagilag is \u00f6szt\u00f6n\u00f6zn\u00e9 az asszonyok, kisgyermekes anyuk\u00e1k munkav\u00e1llal\u00e1s\u00e1t \u00f6szt\u00f6nd\u00edjprogrammal a Design Termin\u00e1l c\u00e9g az Emberi Er\u0151forr\u00e1sok Miniszt\u00e9rium\u00e1nak (Emmi) t\u00e1mogat\u00e1s\u00e1val. Az innov\u00e1ci\u00f3s \u00fcgyn\u00f6ks\u00e9g k\u00f6zlem\u00e9nye szerint a tavaszt\u00f3l indul\u00f3 t\u00e1mogat\u00e1s er\u0151s\u00edti a v\u00e1llalkoz\u00f3i szeml\u00e9letet, seg\u00edti a n\u0151k v\u00e1llalkoz\u00e1sait \u00e9s a kisgyermeket nevel\u0151 any\u00e1k visszat\u00e9r\u00e9s\u00e9t a munkaer\u0151piacra. A p\u00e1ly\u00e1z\u00f3k t\u00e9r\u00edt\u00e9smentesen vehetnek r\u00e9szt a 3 h\u00f3napos, intenz\u00edv v\u00e1llalkoz\u00e1sfejleszt\u00e9sen. A\" \/>\n\t\t<meta property=\"og:url\" content=\"https:\/\/allasorias.hu\/hirek\/jo-pelda-a-nok-kisgyermekes-anyukak-segitesere\/\" \/>\n\t\t<meta property=\"og:image\" content=\"https:\/\/allasorias.hu\/hirek\/wp-content\/uploads\/2018\/12\/happiness-987394_640.jpg\" \/>\n\t\t<meta property=\"og:image:secure_url\" content=\"https:\/\/allasorias.hu\/hirek\/wp-content\/uploads\/2018\/12\/happiness-987394_640.jpg\" \/>\n\t\t<meta property=\"og:image:width\" content=\"640\" \/>\n\t\t<meta property=\"og:image:height\" content=\"426\" \/>\n\t\t<meta property=\"article:published_time\" content=\"2018-12-03T10:43:28+00:00\" \/>\n\t\t<meta property=\"article:modified_time\" content=\"2018-12-03T10:43:28+00:00\" \/>\n\t\t<meta property=\"article:publisher\" content=\"https:\/\/www.facebook.com\/allasorias\" \/>\n\t\t<meta name=\"twitter:card\" content=\"summary_large_image\" \/>\n\t\t<meta name=\"twitter:title\" content=\"J\u00f3 p\u00e9lda a n\u0151k, kisgyermekes anyuk\u00e1k seg\u00edt\u00e9s\u00e9re | AllasOrias.hu | H\u00edrek-lapszemle\" \/>\n\t\t<meta name=\"twitter:description\" content=\"Anyagilag is \u00f6szt\u00f6n\u00f6zn\u00e9 az asszonyok, kisgyermekes anyuk\u00e1k munkav\u00e1llal\u00e1s\u00e1t \u00f6szt\u00f6nd\u00edjprogrammal a Design Termin\u00e1l c\u00e9g az Emberi Er\u0151forr\u00e1sok Miniszt\u00e9rium\u00e1nak (Emmi) t\u00e1mogat\u00e1s\u00e1val. Az innov\u00e1ci\u00f3s \u00fcgyn\u00f6ks\u00e9g k\u00f6zlem\u00e9nye szerint a tavaszt\u00f3l indul\u00f3 t\u00e1mogat\u00e1s er\u0151s\u00edti a v\u00e1llalkoz\u00f3i szeml\u00e9letet, seg\u00edti a n\u0151k v\u00e1llalkoz\u00e1sait \u00e9s a kisgyermeket nevel\u0151 any\u00e1k visszat\u00e9r\u00e9s\u00e9t a munkaer\u0151piacra. A p\u00e1ly\u00e1z\u00f3k t\u00e9r\u00edt\u00e9smentesen vehetnek r\u00e9szt a 3 h\u00f3napos, intenz\u00edv v\u00e1llalkoz\u00e1sfejleszt\u00e9sen. A\" \/>\n\t\t<meta name=\"twitter:image\" content=\"https:\/\/allasorias.hu\/hirek\/wp-content\/uploads\/2018\/12\/happiness-987394_640.jpg\" \/>\n\t\t<meta name=\"twitter:label1\" content=\"Written by\" \/>\n\t\t<meta name=\"twitter:data1\" content=\"Juh\u00e1sz P\u00e9ter\" \/>\n\t\t<meta name=\"twitter:label2\" content=\"Est. reading time\" \/>\n\t\t<meta name=\"twitter:data2\" content=\"1 minute\" \/>\n\t\t<script type=\"application\/ld+json\" class=\"aioseo-schema\">\n\t\t\t{\"@context\":\"https:\\\/\\\/schema.org\",\"@graph\":[{\"@type\":\"Article\",\"@id\":\"https:\\\/\\\/allasorias.hu\\\/hirek\\\/jo-pelda-a-nok-kisgyermekes-anyukak-segitesere\\\/#article\",\"name\":\"J\\u00f3 p\\u00e9lda a n\\u0151k, kisgyermekes anyuk\\u00e1k seg\\u00edt\\u00e9s\\u00e9re | AllasOrias.hu | H\\u00edrek-lapszemle\",\"headline\":\"J\\u00f3 p\\u00e9lda a n\\u0151k, kisgyermekes anyuk\\u00e1k seg\\u00edt\\u00e9s\\u00e9re\",\"author\":{\"@id\":\"https:\\\/\\\/allasorias.hu\\\/hirek\\\/author\\\/admin-allasorias\\\/#author\"},\"publisher\":{\"@id\":\"https:\\\/\\\/allasorias.hu\\\/hirek\\\/#organization\"},\"image\":{\"@type\":\"ImageObject\",\"url\":\"https:\\\/\\\/allasorias.hu\\\/hirek\\\/wp-content\\\/uploads\\\/2018\\\/12\\\/happiness-987394_640.jpg\",\"width\":640,\"height\":426},\"datePublished\":\"2018-12-03T10:43:28+02:00\",\"dateModified\":\"2018-12-03T10:43:28+02:00\",\"inLanguage\":\"hu-HU\",\"commentCount\":1,\"mainEntityOfPage\":{\"@id\":\"https:\\\/\\\/allasorias.hu\\\/hirek\\\/jo-pelda-a-nok-kisgyermekes-anyukak-segitesere\\\/#webpage\"},\"isPartOf\":{\"@id\":\"https:\\\/\\\/allasorias.hu\\\/hirek\\\/jo-pelda-a-nok-kisgyermekes-anyukak-segitesere\\\/#webpage\"},\"articleSection\":\"Gazdas\\u00e1g, Munkaer\\u0151piac\"},{\"@type\":\"BreadcrumbList\",\"@id\":\"https:\\\/\\\/allasorias.hu\\\/hirek\\\/jo-pelda-a-nok-kisgyermekes-anyukak-segitesere\\\/#breadcrumblist\",\"itemListElement\":[{\"@type\":\"ListItem\",\"@id\":\"https:\\\/\\\/allasorias.hu\\\/hirek#listItem\",\"position\":1,\"name\":\"Home\",\"item\":\"https:\\\/\\\/allasorias.hu\\\/hirek\",\"nextItem\":{\"@type\":\"ListItem\",\"@id\":\"https:\\\/\\\/allasorias.hu\\\/hirek\\\/temak\\\/gazdasag\\\/#listItem\",\"name\":\"Gazdas\\u00e1g\"}},{\"@type\":\"ListItem\",\"@id\":\"https:\\\/\\\/allasorias.hu\\\/hirek\\\/temak\\\/gazdasag\\\/#listItem\",\"position\":2,\"name\":\"Gazdas\\u00e1g\",\"item\":\"https:\\\/\\\/allasorias.hu\\\/hirek\\\/temak\\\/gazdasag\\\/\",\"nextItem\":{\"@type\":\"ListItem\",\"@id\":\"https:\\\/\\\/allasorias.hu\\\/hirek\\\/jo-pelda-a-nok-kisgyermekes-anyukak-segitesere\\\/#listItem\",\"name\":\"J\\u00f3 p\\u00e9lda a n\\u0151k, kisgyermekes anyuk\\u00e1k seg\\u00edt\\u00e9s\\u00e9re\"},\"previousItem\":{\"@type\":\"ListItem\",\"@id\":\"https:\\\/\\\/allasorias.hu\\\/hirek#listItem\",\"name\":\"Home\"}},{\"@type\":\"ListItem\",\"@id\":\"https:\\\/\\\/allasorias.hu\\\/hirek\\\/jo-pelda-a-nok-kisgyermekes-anyukak-segitesere\\\/#listItem\",\"position\":3,\"name\":\"J\\u00f3 p\\u00e9lda a n\\u0151k, kisgyermekes anyuk\\u00e1k seg\\u00edt\\u00e9s\\u00e9re\",\"previousItem\":{\"@type\":\"ListItem\",\"@id\":\"https:\\\/\\\/allasorias.hu\\\/hirek\\\/temak\\\/gazdasag\\\/#listItem\",\"name\":\"Gazdas\\u00e1g\"}}]},{\"@type\":\"Organization\",\"@id\":\"https:\\\/\\\/allasorias.hu\\\/hirek\\\/#organization\",\"name\":\"AllasOrias.hu | H\\u00edrek-lapszemle\",\"description\":\"\\u00dczleti h\\u00edrek az \\u00e1ll\\u00e1s \\u00e9s a munka vil\\u00e1g\\u00e1b\\u00f3l\",\"url\":\"https:\\\/\\\/allasorias.hu\\\/hirek\\\/\",\"logo\":{\"@type\":\"ImageObject\",\"url\":\"https:\\\/\\\/allasorias.hu\\\/hirek\\\/wp-content\\\/uploads\\\/2022\\\/10\\\/allasorias_site_facebok_logo.png\",\"@id\":\"https:\\\/\\\/allasorias.hu\\\/hirek\\\/jo-pelda-a-nok-kisgyermekes-anyukak-segitesere\\\/#organizationLogo\"},\"image\":{\"@id\":\"https:\\\/\\\/allasorias.hu\\\/hirek\\\/jo-pelda-a-nok-kisgyermekes-anyukak-segitesere\\\/#organizationLogo\"},\"sameAs\":[\"https:\\\/\\\/www.facebook.com\\\/allasorias\",\"https:\\\/\\\/www.linkedin.com\\\/company\\\/allasorias\"]},{\"@type\":\"Person\",\"@id\":\"https:\\\/\\\/allasorias.hu\\\/hirek\\\/author\\\/admin-allasorias\\\/#author\",\"url\":\"https:\\\/\\\/allasorias.hu\\\/hirek\\\/author\\\/admin-allasorias\\\/\",\"name\":\"Juh\\u00e1sz P\\u00e9ter\",\"image\":{\"@type\":\"ImageObject\",\"@id\":\"https:\\\/\\\/allasorias.hu\\\/hirek\\\/jo-pelda-a-nok-kisgyermekes-anyukak-segitesere\\\/#authorImage\",\"url\":\"https:\\\/\\\/secure.gravatar.com\\\/avatar\\\/36e6bcb83148978b992977cb0f54d22feb0cce8a0a849a9410532bb2623ba4c6?s=96&d=mm&r=g\",\"width\":96,\"height\":96,\"caption\":\"Juh\\u00e1sz P\\u00e9ter\"}},{\"@type\":\"WebPage\",\"@id\":\"https:\\\/\\\/allasorias.hu\\\/hirek\\\/jo-pelda-a-nok-kisgyermekes-anyukak-segitesere\\\/#webpage\",\"url\":\"https:\\\/\\\/allasorias.hu\\\/hirek\\\/jo-pelda-a-nok-kisgyermekes-anyukak-segitesere\\\/\",\"name\":\"J\\u00f3 p\\u00e9lda a n\\u0151k, kisgyermekes anyuk\\u00e1k seg\\u00edt\\u00e9s\\u00e9re | AllasOrias.hu | H\\u00edrek-lapszemle\",\"description\":\"Anyagilag is \\u00f6szt\\u00f6n\\u00f6zn\\u00e9 az asszonyok, kisgyermekes anyuk\\u00e1k munkav\\u00e1llal\\u00e1s\\u00e1t \\u00f6szt\\u00f6nd\\u00edjprogrammal a Design Termin\\u00e1l c\\u00e9g az Emberi Er\\u0151forr\\u00e1sok Miniszt\\u00e9rium\\u00e1nak (Emmi) t\\u00e1mogat\\u00e1s\\u00e1val. Az innov\\u00e1ci\\u00f3s \\u00fcgyn\\u00f6ks\\u00e9g k\\u00f6zlem\\u00e9nye szerint a tavaszt\\u00f3l indul\\u00f3 t\\u00e1mogat\\u00e1s er\\u0151s\\u00edti a v\\u00e1llalkoz\\u00f3i szeml\\u00e9letet, seg\\u00edti a n\\u0151k v\\u00e1llalkoz\\u00e1sait \\u00e9s a kisgyermeket nevel\\u0151 any\\u00e1k visszat\\u00e9r\\u00e9s\\u00e9t a munkaer\\u0151piacra. A p\\u00e1ly\\u00e1z\\u00f3k t\\u00e9r\\u00edt\\u00e9smentesen vehetnek r\\u00e9szt a 3 h\\u00f3napos, intenz\\u00edv v\\u00e1llalkoz\\u00e1sfejleszt\\u00e9sen. A\",\"inLanguage\":\"hu-HU\",\"isPartOf\":{\"@id\":\"https:\\\/\\\/allasorias.hu\\\/hirek\\\/#website\"},\"breadcrumb\":{\"@id\":\"https:\\\/\\\/allasorias.hu\\\/hirek\\\/jo-pelda-a-nok-kisgyermekes-anyukak-segitesere\\\/#breadcrumblist\"},\"author\":{\"@id\":\"https:\\\/\\\/allasorias.hu\\\/hirek\\\/author\\\/admin-allasorias\\\/#author\"},\"creator\":{\"@id\":\"https:\\\/\\\/allasorias.hu\\\/hirek\\\/author\\\/admin-allasorias\\\/#author\"},\"image\":{\"@type\":\"ImageObject\",\"url\":\"https:\\\/\\\/allasorias.hu\\\/hirek\\\/wp-content\\\/uploads\\\/2018\\\/12\\\/happiness-987394_640.jpg\",\"@id\":\"https:\\\/\\\/allasorias.hu\\\/hirek\\\/jo-pelda-a-nok-kisgyermekes-anyukak-segitesere\\\/#mainImage\",\"width\":640,\"height\":426},\"primaryImageOfPage\":{\"@id\":\"https:\\\/\\\/allasorias.hu\\\/hirek\\\/jo-pelda-a-nok-kisgyermekes-anyukak-segitesere\\\/#mainImage\"},\"datePublished\":\"2018-12-03T10:43:28+02:00\",\"dateModified\":\"2018-12-03T10:43:28+02:00\"},{\"@type\":\"WebSite\",\"@id\":\"https:\\\/\\\/allasorias.hu\\\/hirek\\\/#website\",\"url\":\"https:\\\/\\\/allasorias.hu\\\/hirek\\\/\",\"name\":\"AllasOrias.hu | H\\u00edrek-lapszemle\",\"description\":\"\\u00dczleti h\\u00edrek az \\u00e1ll\\u00e1s \\u00e9s a munka vil\\u00e1g\\u00e1b\\u00f3l\",\"inLanguage\":\"hu-HU\",\"publisher\":{\"@id\":\"https:\\\/\\\/allasorias.hu\\\/hirek\\\/#organization\"}}]}\n\t\t<\/script>\n\t\t<!-- All in One SEO -->\n\n","aioseo_head_json":{"title":"J\u00f3 p\u00e9lda a n\u0151k, kisgyermekes anyuk\u00e1k seg\u00edt\u00e9s\u00e9re | AllasOrias.hu | H\u00edrek-lapszemle","description":"Anyagilag is \u00f6szt\u00f6n\u00f6zn\u00e9 az asszonyok, kisgyermekes anyuk\u00e1k munkav\u00e1llal\u00e1s\u00e1t \u00f6szt\u00f6nd\u00edjprogrammal a Design Termin\u00e1l c\u00e9g az Emberi Er\u0151forr\u00e1sok Miniszt\u00e9rium\u00e1nak (Emmi) t\u00e1mogat\u00e1s\u00e1val. Az innov\u00e1ci\u00f3s \u00fcgyn\u00f6ks\u00e9g k\u00f6zlem\u00e9nye szerint a tavaszt\u00f3l indul\u00f3 t\u00e1mogat\u00e1s er\u0151s\u00edti a v\u00e1llalkoz\u00f3i szeml\u00e9letet, seg\u00edti a n\u0151k v\u00e1llalkoz\u00e1sait \u00e9s a kisgyermeket nevel\u0151 any\u00e1k visszat\u00e9r\u00e9s\u00e9t a munkaer\u0151piacra. A p\u00e1ly\u00e1z\u00f3k t\u00e9r\u00edt\u00e9smentesen vehetnek r\u00e9szt a 3 h\u00f3napos, intenz\u00edv v\u00e1llalkoz\u00e1sfejleszt\u00e9sen. A","canonical_url":"https:\/\/allasorias.hu\/hirek\/jo-pelda-a-nok-kisgyermekes-anyukak-segitesere\/","robots":"max-image-preview:large","keywords":"","webmasterTools":{"miscellaneous":""},"schema":{"@context":"https:\/\/schema.org","@graph":[{"@type":"Article","@id":"https:\/\/allasorias.hu\/hirek\/jo-pelda-a-nok-kisgyermekes-anyukak-segitesere\/#article","name":"J\u00f3 p\u00e9lda a n\u0151k, kisgyermekes anyuk\u00e1k seg\u00edt\u00e9s\u00e9re | AllasOrias.hu | H\u00edrek-lapszemle","headline":"J\u00f3 p\u00e9lda a n\u0151k, kisgyermekes anyuk\u00e1k seg\u00edt\u00e9s\u00e9re","author":{"@id":"https:\/\/allasorias.hu\/hirek\/author\/admin-allasorias\/#author"},"publisher":{"@id":"https:\/\/allasorias.hu\/hirek\/#organization"},"image":{"@type":"ImageObject","url":"https:\/\/allasorias.hu\/hirek\/wp-content\/uploads\/2018\/12\/happiness-987394_640.jpg","width":640,"height":426},"datePublished":"2018-12-03T10:43:28+02:00","dateModified":"2018-12-03T10:43:28+02:00","inLanguage":"hu-HU","commentCount":1,"mainEntityOfPage":{"@id":"https:\/\/allasorias.hu\/hirek\/jo-pelda-a-nok-kisgyermekes-anyukak-segitesere\/#webpage"},"isPartOf":{"@id":"https:\/\/allasorias.hu\/hirek\/jo-pelda-a-nok-kisgyermekes-anyukak-segitesere\/#webpage"},"articleSection":"Gazdas\u00e1g, Munkaer\u0151piac"},{"@type":"BreadcrumbList","@id":"https:\/\/allasorias.hu\/hirek\/jo-pelda-a-nok-kisgyermekes-anyukak-segitesere\/#breadcrumblist","itemListElement":[{"@type":"ListItem","@id":"https:\/\/allasorias.hu\/hirek#listItem","position":1,"name":"Home","item":"https:\/\/allasorias.hu\/hirek","nextItem":{"@type":"ListItem","@id":"https:\/\/allasorias.hu\/hirek\/temak\/gazdasag\/#listItem","name":"Gazdas\u00e1g"}},{"@type":"ListItem","@id":"https:\/\/allasorias.hu\/hirek\/temak\/gazdasag\/#listItem","position":2,"name":"Gazdas\u00e1g","item":"https:\/\/allasorias.hu\/hirek\/temak\/gazdasag\/","nextItem":{"@type":"ListItem","@id":"https:\/\/allasorias.hu\/hirek\/jo-pelda-a-nok-kisgyermekes-anyukak-segitesere\/#listItem","name":"J\u00f3 p\u00e9lda a n\u0151k, kisgyermekes anyuk\u00e1k seg\u00edt\u00e9s\u00e9re"},"previousItem":{"@type":"ListItem","@id":"https:\/\/allasorias.hu\/hirek#listItem","name":"Home"}},{"@type":"ListItem","@id":"https:\/\/allasorias.hu\/hirek\/jo-pelda-a-nok-kisgyermekes-anyukak-segitesere\/#listItem","position":3,"name":"J\u00f3 p\u00e9lda a n\u0151k, kisgyermekes anyuk\u00e1k seg\u00edt\u00e9s\u00e9re","previousItem":{"@type":"ListItem","@id":"https:\/\/allasorias.hu\/hirek\/temak\/gazdasag\/#listItem","name":"Gazdas\u00e1g"}}]},{"@type":"Organization","@id":"https:\/\/allasorias.hu\/hirek\/#organization","name":"AllasOrias.hu | H\u00edrek-lapszemle","description":"\u00dczleti h\u00edrek az \u00e1ll\u00e1s \u00e9s a munka vil\u00e1g\u00e1b\u00f3l","url":"https:\/\/allasorias.hu\/hirek\/","logo":{"@type":"ImageObject","url":"https:\/\/allasorias.hu\/hirek\/wp-content\/uploads\/2022\/10\/allasorias_site_facebok_logo.png","@id":"https:\/\/allasorias.hu\/hirek\/jo-pelda-a-nok-kisgyermekes-anyukak-segitesere\/#organizationLogo"},"image":{"@id":"https:\/\/allasorias.hu\/hirek\/jo-pelda-a-nok-kisgyermekes-anyukak-segitesere\/#organizationLogo"},"sameAs":["https:\/\/www.facebook.com\/allasorias","https:\/\/www.linkedin.com\/company\/allasorias"]},{"@type":"Person","@id":"https:\/\/allasorias.hu\/hirek\/author\/admin-allasorias\/#author","url":"https:\/\/allasorias.hu\/hirek\/author\/admin-allasorias\/","name":"Juh\u00e1sz P\u00e9ter","image":{"@type":"ImageObject","@id":"https:\/\/allasorias.hu\/hirek\/jo-pelda-a-nok-kisgyermekes-anyukak-segitesere\/#authorImage","url":"https:\/\/secure.gravatar.com\/avatar\/36e6bcb83148978b992977cb0f54d22feb0cce8a0a849a9410532bb2623ba4c6?s=96&d=mm&r=g","width":96,"height":96,"caption":"Juh\u00e1sz P\u00e9ter"}},{"@type":"WebPage","@id":"https:\/\/allasorias.hu\/hirek\/jo-pelda-a-nok-kisgyermekes-anyukak-segitesere\/#webpage","url":"https:\/\/allasorias.hu\/hirek\/jo-pelda-a-nok-kisgyermekes-anyukak-segitesere\/","name":"J\u00f3 p\u00e9lda a n\u0151k, kisgyermekes anyuk\u00e1k seg\u00edt\u00e9s\u00e9re | AllasOrias.hu | H\u00edrek-lapszemle","description":"Anyagilag is \u00f6szt\u00f6n\u00f6zn\u00e9 az asszonyok, kisgyermekes anyuk\u00e1k munkav\u00e1llal\u00e1s\u00e1t \u00f6szt\u00f6nd\u00edjprogrammal a Design Termin\u00e1l c\u00e9g az Emberi Er\u0151forr\u00e1sok Miniszt\u00e9rium\u00e1nak (Emmi) t\u00e1mogat\u00e1s\u00e1val. Az innov\u00e1ci\u00f3s \u00fcgyn\u00f6ks\u00e9g k\u00f6zlem\u00e9nye szerint a tavaszt\u00f3l indul\u00f3 t\u00e1mogat\u00e1s er\u0151s\u00edti a v\u00e1llalkoz\u00f3i szeml\u00e9letet, seg\u00edti a n\u0151k v\u00e1llalkoz\u00e1sait \u00e9s a kisgyermeket nevel\u0151 any\u00e1k visszat\u00e9r\u00e9s\u00e9t a munkaer\u0151piacra. A p\u00e1ly\u00e1z\u00f3k t\u00e9r\u00edt\u00e9smentesen vehetnek r\u00e9szt a 3 h\u00f3napos, intenz\u00edv v\u00e1llalkoz\u00e1sfejleszt\u00e9sen. A","inLanguage":"hu-HU","isPartOf":{"@id":"https:\/\/allasorias.hu\/hirek\/#website"},"breadcrumb":{"@id":"https:\/\/allasorias.hu\/hirek\/jo-pelda-a-nok-kisgyermekes-anyukak-segitesere\/#breadcrumblist"},"author":{"@id":"https:\/\/allasorias.hu\/hirek\/author\/admin-allasorias\/#author"},"creator":{"@id":"https:\/\/allasorias.hu\/hirek\/author\/admin-allasorias\/#author"},"image":{"@type":"ImageObject","url":"https:\/\/allasorias.hu\/hirek\/wp-content\/uploads\/2018\/12\/happiness-987394_640.jpg","@id":"https:\/\/allasorias.hu\/hirek\/jo-pelda-a-nok-kisgyermekes-anyukak-segitesere\/#mainImage","width":640,"height":426},"primaryImageOfPage":{"@id":"https:\/\/allasorias.hu\/hirek\/jo-pelda-a-nok-kisgyermekes-anyukak-segitesere\/#mainImage"},"datePublished":"2018-12-03T10:43:28+02:00","dateModified":"2018-12-03T10:43:28+02:00"},{"@type":"WebSite","@id":"https:\/\/allasorias.hu\/hirek\/#website","url":"https:\/\/allasorias.hu\/hirek\/","name":"AllasOrias.hu | H\u00edrek-lapszemle","description":"\u00dczleti h\u00edrek az \u00e1ll\u00e1s \u00e9s a munka vil\u00e1g\u00e1b\u00f3l","inLanguage":"hu-HU","publisher":{"@id":"https:\/\/allasorias.hu\/hirek\/#organization"}}]},"og:locale":"hu_HU","og:site_name":"AllasOrias.hu | H\u00edrek-lapszemle | \u00dczleti h\u00edrek az \u00e1ll\u00e1s \u00e9s a munka vil\u00e1g\u00e1b\u00f3l","og:type":"article","og:title":"J\u00f3 p\u00e9lda a n\u0151k, kisgyermekes anyuk\u00e1k seg\u00edt\u00e9s\u00e9re | AllasOrias.hu | H\u00edrek-lapszemle","og:description":"Anyagilag is \u00f6szt\u00f6n\u00f6zn\u00e9 az asszonyok, kisgyermekes anyuk\u00e1k munkav\u00e1llal\u00e1s\u00e1t \u00f6szt\u00f6nd\u00edjprogrammal a Design Termin\u00e1l c\u00e9g az Emberi Er\u0151forr\u00e1sok Miniszt\u00e9rium\u00e1nak (Emmi) t\u00e1mogat\u00e1s\u00e1val. Az innov\u00e1ci\u00f3s \u00fcgyn\u00f6ks\u00e9g k\u00f6zlem\u00e9nye szerint a tavaszt\u00f3l indul\u00f3 t\u00e1mogat\u00e1s er\u0151s\u00edti a v\u00e1llalkoz\u00f3i szeml\u00e9letet, seg\u00edti a n\u0151k v\u00e1llalkoz\u00e1sait \u00e9s a kisgyermeket nevel\u0151 any\u00e1k visszat\u00e9r\u00e9s\u00e9t a munkaer\u0151piacra. A p\u00e1ly\u00e1z\u00f3k t\u00e9r\u00edt\u00e9smentesen vehetnek r\u00e9szt a 3 h\u00f3napos, intenz\u00edv v\u00e1llalkoz\u00e1sfejleszt\u00e9sen. A","og:url":"https:\/\/allasorias.hu\/hirek\/jo-pelda-a-nok-kisgyermekes-anyukak-segitesere\/","og:image":"https:\/\/allasorias.hu\/hirek\/wp-content\/uploads\/2018\/12\/happiness-987394_640.jpg","og:image:secure_url":"https:\/\/allasorias.hu\/hirek\/wp-content\/uploads\/2018\/12\/happiness-987394_640.jpg","og:image:width":640,"og:image:height":426,"article:published_time":"2018-12-03T10:43:28+00:00","article:modified_time":"2018-12-03T10:43:28+00:00","article:publisher":"https:\/\/www.facebook.com\/allasorias","twitter:card":"summary_large_image","twitter:title":"J\u00f3 p\u00e9lda a n\u0151k, kisgyermekes anyuk\u00e1k seg\u00edt\u00e9s\u00e9re | AllasOrias.hu | H\u00edrek-lapszemle","twitter:description":"Anyagilag is \u00f6szt\u00f6n\u00f6zn\u00e9 az asszonyok, kisgyermekes anyuk\u00e1k munkav\u00e1llal\u00e1s\u00e1t \u00f6szt\u00f6nd\u00edjprogrammal a Design Termin\u00e1l c\u00e9g az Emberi Er\u0151forr\u00e1sok Miniszt\u00e9rium\u00e1nak (Emmi) t\u00e1mogat\u00e1s\u00e1val. Az innov\u00e1ci\u00f3s \u00fcgyn\u00f6ks\u00e9g k\u00f6zlem\u00e9nye szerint a tavaszt\u00f3l indul\u00f3 t\u00e1mogat\u00e1s er\u0151s\u00edti a v\u00e1llalkoz\u00f3i szeml\u00e9letet, seg\u00edti a n\u0151k v\u00e1llalkoz\u00e1sait \u00e9s a kisgyermeket nevel\u0151 any\u00e1k visszat\u00e9r\u00e9s\u00e9t a munkaer\u0151piacra. A p\u00e1ly\u00e1z\u00f3k t\u00e9r\u00edt\u00e9smentesen vehetnek r\u00e9szt a 3 h\u00f3napos, intenz\u00edv v\u00e1llalkoz\u00e1sfejleszt\u00e9sen. A","twitter:image":"https:\/\/allasorias.hu\/hirek\/wp-content\/uploads\/2018\/12\/happiness-987394_640.jpg","twitter:label1":"Written by","twitter:data1":"Juh\u00e1sz P\u00e9ter","twitter:label2":"Est. reading time","twitter:data2":"1 minute"},"aioseo_meta_data":{"post_id":"2253","title":null,"description":null,"keywords":null,"keyphrases":null,"primary_term":null,"canonical_url":null,"og_title":null,"og_description":null,"og_object_type":"default","og_image_type":"default","og_image_url":null,"og_image_width":null,"og_image_height":null,"og_image_custom_url":null,"og_image_custom_fields":null,"og_video":null,"og_custom_url":null,"og_article_section":null,"og_article_tags":null,"twitter_use_og":false,"twitter_card":"default","twitter_image_type":"default","twitter_image_url":null,"twitter_image_custom_url":null,"twitter_image_custom_fields":null,"twitter_title":null,"twitter_description":null,"schema":{"blockGraphs":[],"customGraphs":[],"default":{"data":{"Article":[],"Course":[],"Dataset":[],"FAQPage":[],"Movie":[],"Person":[],"Product":[],"ProductReview":[],"Car":[],"Recipe":[],"Service":[],"SoftwareApplication":[],"WebPage":[]},"graphName":"","isEnabled":true},"graphs":[],"defaultGraph":"","defaultPostTypeGraph":""},"schema_type":null,"schema_type_options":null,"pillar_content":false,"robots_default":true,"robots_noindex":false,"robots_noarchive":false,"robots_nosnippet":false,"robots_nofollow":false,"robots_noimageindex":false,"robots_noodp":false,"robots_notranslate":false,"robots_max_snippet":null,"robots_max_videopreview":null,"robots_max_imagepreview":"large","priority":null,"frequency":null,"location":null,"local_seo":null,"breadcrumb_settings":null,"limit_modified_date":false,"ai":null,"created":"2021-02-01 20:45:00","updated":"2025-10-02 09:31:23","seo_analyzer_scan_date":null,"focus_keyword":null,"additional_keywords":null,"truseo_locale":null},"aioseo_breadcrumb":"<div class=\"aioseo-breadcrumbs\"><span class=\"aioseo-breadcrumb\">\n\t\t\t<a href=\"https:\/\/allasorias.hu\/hirek\" title=\"Home\">Home<\/a>\n\t\t<\/span><span class=\"aioseo-breadcrumb-separator\">&raquo;<\/span><span class=\"aioseo-breadcrumb\">\n\t\t\t<a href=\"https:\/\/allasorias.hu\/hirek\/temak\/gazdasag\/\" title=\"Gazdas\u00e1g\">Gazdas\u00e1g<\/a>\n\t\t<\/span><span class=\"aioseo-breadcrumb-separator\">&raquo;<\/span><span class=\"aioseo-breadcrumb\">\n\t\t\tJ\u00f3 p\u00e9lda a n\u0151k, kisgyermekes anyuk\u00e1k seg\u00edt\u00e9s\u00e9re\n\t\t<\/span><\/div>","aioseo_breadcrumb_json":[{"label":"Home","link":"https:\/\/allasorias.hu\/hirek"},{"label":"Gazdas\u00e1g","link":"https:\/\/allasorias.hu\/hirek\/temak\/gazdasag\/"},{"label":"J\u00f3 p\u00e9lda a n\u0151k, kisgyermekes anyuk\u00e1k seg\u00edt\u00e9s\u00e9re","link":"https:\/\/allasorias.hu\/hirek\/jo-pelda-a-nok-kisgyermekes-anyukak-segitesere\/"}],"_links":{"self":[{"href":"https:\/\/allasorias.hu\/hirek\/wp-json\/wp\/v2\/posts\/2253","targetHints":{"allow":["GET"]}}],"collection":[{"href":"https:\/\/allasorias.hu\/hirek\/wp-json\/wp\/v2\/posts"}],"about":[{"href":"https:\/\/allasorias.hu\/hirek\/wp-json\/wp\/v2\/types\/post"}],"author":[{"embeddable":true,"href":"https:\/\/allasorias.hu\/hirek\/wp-json\/wp\/v2\/users\/1"}],"replies":[{"embeddable":true,"href":"https:\/\/allasorias.hu\/hirek\/wp-json\/wp\/v2\/comments?post=2253"}],"version-history":[{"count":1,"href":"https:\/\/allasorias.hu\/hirek\/wp-json\/wp\/v2\/posts\/2253\/revisions"}],"predecessor-version":[{"id":2255,"href":"https:\/\/allasorias.hu\/hirek\/wp-json\/wp\/v2\/posts\/2253\/revisions\/2255"}],"wp:featuredmedia":[{"embeddable":true,"href":"https:\/\/allasorias.hu\/hirek\/wp-json\/wp\/v2\/media\/2254"}],"wp:attachment":[{"href":"https:\/\/allasorias.hu\/hirek\/wp-json\/wp\/v2\/media?parent=2253"}],"wp:term":[{"taxonomy":"category","embeddable":true,"href":"https:\/\/allasorias.hu\/hirek\/wp-json\/wp\/v2\/categories?post=2253"},{"taxonomy":"post_tag","embeddable":true,"href":"https:\/\/allasorias.hu\/hirek\/wp-json\/wp\/v2\/tags?post=2253"}],"curies":[{"name":"wp","href":"https:\/\/api.w.org\/{rel}","templated":true}]}}