{"id":2222,"date":"2018-11-26T12:47:08","date_gmt":"2018-11-26T12:47:08","guid":{"rendered":"https:\/\/allasorias.hu\/hirek\/?p=2222"},"modified":"2018-11-26T12:47:08","modified_gmt":"2018-11-26T12:47:08","slug":"no-a-szabaduszok-szama-a-munkaeropiacon","status":"publish","type":"post","link":"https:\/\/allasorias.hu\/hirek\/no-a-szabaduszok-szama-a-munkaeropiacon\/","title":{"rendered":"N\u0151 a szabad\u00fasz\u00f3k sz\u00e1ma a munkaer\u0151piacon"},"content":{"rendered":"<p style=\"text-align: justify;\"><strong>Az Amerikai Egyes\u00fclt \u00c1llamokban \u00e9s Eur\u00f3p\u00e1ban m\u00e1r 162 milli\u00f3 ember dolgozik szabad\u00fasz\u00f3k\u00e9nt \u00e9s sz\u00e1muk n\u00f6vekszik, v\u00e1rhat\u00f3an t\u00edz \u00e9v m\u00falva a fejlett gazdas\u00e1gok munkaerej\u00e9nek t\u00f6bb mint a fele is dolgozhat m\u00e1r ebben a form\u00e1kban \u2013 der\u00fcl ki A University College London \u00e9s az amerikai University of Maryland kutat\u00e1s\u00e1b\u00f3l.<\/strong><\/p>\n<p style=\"text-align: justify;\">A magyar munkaer\u0151piac is k\u00f6veti az \u00faj folyamatot, persze\u00a0 egy kis lemarad\u00e1ssal. Azonban elmondhat\u00f3, hogy n\u00e1lunk is egyre elfogadottabb\u00a0 a szabad\u00fasz\u00e1s. Sz\u00e1mukr\u00f3l nincs hiteles felm\u00e9r\u00e9s, \u00a0ez\u00e9rt a work.buzz saj\u00e1t kutat\u00e1st v\u00e9gzett a Bisnode seg\u00edts\u00e9g\u00e9vel. Az egy\u00e9ni v\u00e1llalkoz\u00f3k adatb\u00e1zisa alapj\u00e1n v\u00e9gzett idei elemz\u00e9s t\u00f6bb mint 42 ezerre becs\u00fclte az itthon ilyen form\u00e1ban munk\u00e1t v\u00e9gz\u0151k sz\u00e1m\u00e1t. Magyarorsz\u00e1gon is jellemz\u0151, hogy a legnagyobb kereslettel jellemezhet\u0151, kurrens szakm\u00e1kban jelent meg el\u0151sz\u00f6r a szabad\u00fasz\u00e1s, mint a programoz\u00e1s, UX tervez\u00e9s, digit\u00e1lis marketing. Jellemz\u0151 m\u00e9g olyan szakm\u00e1kban is ez a munkav\u00e9gz\u00e9si forma, amelyek szem\u00e9lyhez k\u00f6t\u0151d\u0151 jogosults\u00e1gokat \u00edrnak el\u0151, mint a m\u00e9rn\u00f6ki tervez\u00e9s, vagy a k\u00f6nyvvizsg\u00e1lat. A szabad\u00fasz\u00e1shoz Magyarorsz\u00e1gon m\u00e9g k\u00f6t\u0151dnek r\u00e9gi, rossz beidegz\u0151d\u00e9sek, m\u00edg a fejlett gazdas\u00e1gokban ma m\u00e1r ez egy bevett karrier\u00fat. A szabad\u00fasz\u00e1s elfogadotts\u00e1g\u00e1nak n\u00f6vel\u00e9se \u00e9rdek\u00e9ben ind\u00edtott\u00e1k el els\u0151k\u00e9nt id\u00e9n a szektor meghat\u00e1roz\u00f3 szerepl\u0151i az \u00c9v Szabad\u00fasz\u00f3ja Versenyt \u00e9rt\u00e9kes nyerem\u00e9nyekkel. A FreedomXFest, a K\u00dcRT Akad\u00e9mia, a Loffice \u00e9s a Muse coworking irod\u00e1k, szabad\u00fasz\u00f3 szakemberek, blogok, valamint a Collectivo Szak\u00e9rt\u0151i K\u00f6z\u00f6ss\u00e9g \u00e9s a work.buzz startup \u00e1ltal elind\u00edtott versenyt a HVG \u00e9s a Marie Claire is t\u00e1mogatja m\u00e9diapartnerk\u00e9nt. A november v\u00e9g\u00e9ig tart\u00f3 versenyben k\u00fcl\u00f6n kateg\u00f3ri\u00e1ban m\u00e9rethetik meg magukat a digit\u00e1lis nom\u00e1dok, a f\u00fcggetlen szak\u00e9rt\u0151k, az IT szabad\u00fasz\u00f3k \u00e9s a szabad\u00fasz\u00f3 kismam\u00e1k. Minden indul\u00f3 nevezhet az \u00c9v Szabad\u00fasz\u00f3ja d\u00edjra is, amelynek nyertese tulajdonos lesz a work.buzz-t fejleszt\u0151 startupban. A szervez\u0151k k\u00fcl\u00f6n\u00f6sen fontosnak tartott\u00e1k a Szabad\u00fasz\u00f3 Kismama kateg\u00f3ria elind\u00edt\u00e1s\u00e1t, mert a magyar ad\u00f3z\u00e1si szab\u00e1lyok mellett a szabad\u00fasz\u00e1s k\u00edn\u00e1lja az egyik legk\u00e9zenfekv\u0151bb megold\u00e1st a kismam\u00e1k sz\u00e1m\u00e1ra a munkaer\u0151piachoz t\u00f6rt\u00e9n\u0151 visszat\u00e9r\u00e9sre.<\/p>\n<p><em>Forr\u00e1s: digitalhungary.hu<\/em><\/p>\n","protected":false},"excerpt":{"rendered":"<p>Az Amerikai Egyes\u00fclt \u00c1llamokban \u00e9s Eur\u00f3p\u00e1ban m\u00e1r 162 milli\u00f3 ember dolgozik szabad\u00fasz\u00f3k\u00e9nt \u00e9s sz\u00e1muk n\u00f6vekszik, v\u00e1rhat\u00f3an t\u00edz \u00e9v m\u00falva a fejlett gazdas\u00e1gok munkaerej\u00e9nek t\u00f6bb mint a fele is dolgozhat m\u00e1r ebben a form\u00e1kban \u2013 der\u00fcl ki A University College London \u00e9s az amerikai University of Maryland kutat\u00e1s\u00e1b\u00f3l. A magyar munkaer\u0151piac is k\u00f6veti az \u00faj folyamatot, [&hellip;]<\/p>\n","protected":false},"author":1,"featured_media":2223,"comment_status":"open","ping_status":"open","sticky":false,"template":"","format":"standard","meta":{"_monsterinsights_skip_tracking":false,"footnotes":""},"categories":[1,198,200],"tags":[],"class_list":["post-2222","post","type-post","status-publish","format-standard","has-post-thumbnail","hentry","category-allaskereses","category-gazdasag","category-munkaeropiac"],"aioseo_notices":[],"aioseo_head":"\n\t\t<!-- All in One SEO 5.0.0.1 - aioseo.com -->\n\t<meta name=\"description\" content=\"Az Amerikai Egyes\u00fclt \u00c1llamokban \u00e9s Eur\u00f3p\u00e1ban m\u00e1r 162 milli\u00f3 ember dolgozik szabad\u00fasz\u00f3k\u00e9nt \u00e9s sz\u00e1muk n\u00f6vekszik, v\u00e1rhat\u00f3an t\u00edz \u00e9v m\u00falva a fejlett gazdas\u00e1gok munkaerej\u00e9nek t\u00f6bb mint a fele is dolgozhat m\u00e1r ebben a form\u00e1kban \u2013 der\u00fcl ki A University College London \u00e9s az amerikai University of Maryland kutat\u00e1s\u00e1b\u00f3l. A magyar munkaer\u0151piac is k\u00f6veti az \u00faj folyamatot,\" \/>\n\t<meta name=\"robots\" content=\"max-image-preview:large\" \/>\n\t<meta name=\"author\" content=\"Juh\u00e1sz P\u00e9ter\"\/>\n\t<link rel=\"canonical\" href=\"https:\/\/allasorias.hu\/hirek\/no-a-szabaduszok-szama-a-munkaeropiacon\/\" \/>\n\t<meta name=\"generator\" content=\"All in One SEO (AIOSEO) 5.0.0.1\" \/>\n\t\t<meta property=\"og:locale\" content=\"hu_HU\" \/>\n\t\t<meta property=\"og:site_name\" content=\"AllasOrias.hu | H\u00edrek-lapszemle | \u00dczleti h\u00edrek az \u00e1ll\u00e1s \u00e9s a munka vil\u00e1g\u00e1b\u00f3l\" \/>\n\t\t<meta property=\"og:type\" content=\"article\" \/>\n\t\t<meta property=\"og:title\" content=\"N\u0151 a szabad\u00fasz\u00f3k sz\u00e1ma a munkaer\u0151piacon | AllasOrias.hu | H\u00edrek-lapszemle\" \/>\n\t\t<meta property=\"og:description\" content=\"Az Amerikai Egyes\u00fclt \u00c1llamokban \u00e9s Eur\u00f3p\u00e1ban m\u00e1r 162 milli\u00f3 ember dolgozik szabad\u00fasz\u00f3k\u00e9nt \u00e9s sz\u00e1muk n\u00f6vekszik, v\u00e1rhat\u00f3an t\u00edz \u00e9v m\u00falva a fejlett gazdas\u00e1gok munkaerej\u00e9nek t\u00f6bb mint a fele is dolgozhat m\u00e1r ebben a form\u00e1kban \u2013 der\u00fcl ki A University College London \u00e9s az amerikai University of Maryland kutat\u00e1s\u00e1b\u00f3l. A magyar munkaer\u0151piac is k\u00f6veti az \u00faj folyamatot,\" \/>\n\t\t<meta property=\"og:url\" content=\"https:\/\/allasorias.hu\/hirek\/no-a-szabaduszok-szama-a-munkaeropiacon\/\" \/>\n\t\t<meta property=\"og:image\" content=\"https:\/\/allasorias.hu\/hirek\/wp-content\/uploads\/2018\/11\/screen-1839500_640.jpg\" \/>\n\t\t<meta property=\"og:image:secure_url\" content=\"https:\/\/allasorias.hu\/hirek\/wp-content\/uploads\/2018\/11\/screen-1839500_640.jpg\" \/>\n\t\t<meta property=\"og:image:width\" content=\"640\" \/>\n\t\t<meta property=\"og:image:height\" content=\"427\" \/>\n\t\t<meta property=\"article:published_time\" content=\"2018-11-26T12:47:08+00:00\" \/>\n\t\t<meta property=\"article:modified_time\" content=\"2018-11-26T12:47:08+00:00\" \/>\n\t\t<meta property=\"article:publisher\" content=\"https:\/\/www.facebook.com\/allasorias\" \/>\n\t\t<meta name=\"twitter:card\" content=\"summary_large_image\" \/>\n\t\t<meta name=\"twitter:title\" content=\"N\u0151 a szabad\u00fasz\u00f3k sz\u00e1ma a munkaer\u0151piacon | AllasOrias.hu | H\u00edrek-lapszemle\" \/>\n\t\t<meta name=\"twitter:description\" content=\"Az Amerikai Egyes\u00fclt \u00c1llamokban \u00e9s Eur\u00f3p\u00e1ban m\u00e1r 162 milli\u00f3 ember dolgozik szabad\u00fasz\u00f3k\u00e9nt \u00e9s sz\u00e1muk n\u00f6vekszik, v\u00e1rhat\u00f3an t\u00edz \u00e9v m\u00falva a fejlett gazdas\u00e1gok munkaerej\u00e9nek t\u00f6bb mint a fele is dolgozhat m\u00e1r ebben a form\u00e1kban \u2013 der\u00fcl ki A University College London \u00e9s az amerikai University of Maryland kutat\u00e1s\u00e1b\u00f3l. A magyar munkaer\u0151piac is k\u00f6veti az \u00faj folyamatot,\" \/>\n\t\t<meta name=\"twitter:image\" content=\"https:\/\/allasorias.hu\/hirek\/wp-content\/uploads\/2018\/11\/screen-1839500_640.jpg\" \/>\n\t\t<meta name=\"twitter:label1\" content=\"Written by\" \/>\n\t\t<meta name=\"twitter:data1\" content=\"Juh\u00e1sz P\u00e9ter\" \/>\n\t\t<meta name=\"twitter:label2\" content=\"Est. reading time\" \/>\n\t\t<meta name=\"twitter:data2\" content=\"2 minutes\" \/>\n\t\t<script type=\"application\/ld+json\" class=\"aioseo-schema\">\n\t\t\t{\"@context\":\"https:\\\/\\\/schema.org\",\"@graph\":[{\"@type\":\"Article\",\"@id\":\"https:\\\/\\\/allasorias.hu\\\/hirek\\\/no-a-szabaduszok-szama-a-munkaeropiacon\\\/#article\",\"name\":\"N\\u0151 a szabad\\u00fasz\\u00f3k sz\\u00e1ma a munkaer\\u0151piacon | AllasOrias.hu | H\\u00edrek-lapszemle\",\"headline\":\"N\\u0151 a szabad\\u00fasz\\u00f3k sz\\u00e1ma a munkaer\\u0151piacon\",\"author\":{\"@id\":\"https:\\\/\\\/allasorias.hu\\\/hirek\\\/author\\\/admin-allasorias\\\/#author\"},\"publisher\":{\"@id\":\"https:\\\/\\\/allasorias.hu\\\/hirek\\\/#organization\"},\"image\":{\"@type\":\"ImageObject\",\"url\":\"https:\\\/\\\/allasorias.hu\\\/hirek\\\/wp-content\\\/uploads\\\/2018\\\/11\\\/screen-1839500_640.jpg\",\"width\":640,\"height\":427},\"datePublished\":\"2018-11-26T12:47:08+02:00\",\"dateModified\":\"2018-11-26T12:47:08+02:00\",\"inLanguage\":\"hu-HU\",\"mainEntityOfPage\":{\"@id\":\"https:\\\/\\\/allasorias.hu\\\/hirek\\\/no-a-szabaduszok-szama-a-munkaeropiacon\\\/#webpage\"},\"isPartOf\":{\"@id\":\"https:\\\/\\\/allasorias.hu\\\/hirek\\\/no-a-szabaduszok-szama-a-munkaeropiacon\\\/#webpage\"},\"articleSection\":\"\\u00c1ll\\u00e1skeres\\u00e9s, Gazdas\\u00e1g, Munkaer\\u0151piac\"},{\"@type\":\"BreadcrumbList\",\"@id\":\"https:\\\/\\\/allasorias.hu\\\/hirek\\\/no-a-szabaduszok-szama-a-munkaeropiacon\\\/#breadcrumblist\",\"itemListElement\":[{\"@type\":\"ListItem\",\"@id\":\"https:\\\/\\\/allasorias.hu\\\/hirek#listItem\",\"position\":1,\"name\":\"Home\",\"item\":\"https:\\\/\\\/allasorias.hu\\\/hirek\",\"nextItem\":{\"@type\":\"ListItem\",\"@id\":\"https:\\\/\\\/allasorias.hu\\\/hirek\\\/temak\\\/allaskereses\\\/#listItem\",\"name\":\"\\u00c1ll\\u00e1skeres\\u00e9s\"}},{\"@type\":\"ListItem\",\"@id\":\"https:\\\/\\\/allasorias.hu\\\/hirek\\\/temak\\\/allaskereses\\\/#listItem\",\"position\":2,\"name\":\"\\u00c1ll\\u00e1skeres\\u00e9s\",\"item\":\"https:\\\/\\\/allasorias.hu\\\/hirek\\\/temak\\\/allaskereses\\\/\",\"nextItem\":{\"@type\":\"ListItem\",\"@id\":\"https:\\\/\\\/allasorias.hu\\\/hirek\\\/no-a-szabaduszok-szama-a-munkaeropiacon\\\/#listItem\",\"name\":\"N\\u0151 a szabad\\u00fasz\\u00f3k sz\\u00e1ma a munkaer\\u0151piacon\"},\"previousItem\":{\"@type\":\"ListItem\",\"@id\":\"https:\\\/\\\/allasorias.hu\\\/hirek#listItem\",\"name\":\"Home\"}},{\"@type\":\"ListItem\",\"@id\":\"https:\\\/\\\/allasorias.hu\\\/hirek\\\/no-a-szabaduszok-szama-a-munkaeropiacon\\\/#listItem\",\"position\":3,\"name\":\"N\\u0151 a szabad\\u00fasz\\u00f3k sz\\u00e1ma a munkaer\\u0151piacon\",\"previousItem\":{\"@type\":\"ListItem\",\"@id\":\"https:\\\/\\\/allasorias.hu\\\/hirek\\\/temak\\\/allaskereses\\\/#listItem\",\"name\":\"\\u00c1ll\\u00e1skeres\\u00e9s\"}}]},{\"@type\":\"Organization\",\"@id\":\"https:\\\/\\\/allasorias.hu\\\/hirek\\\/#organization\",\"name\":\"AllasOrias.hu | H\\u00edrek-lapszemle\",\"description\":\"\\u00dczleti h\\u00edrek az \\u00e1ll\\u00e1s \\u00e9s a munka vil\\u00e1g\\u00e1b\\u00f3l\",\"url\":\"https:\\\/\\\/allasorias.hu\\\/hirek\\\/\",\"logo\":{\"@type\":\"ImageObject\",\"url\":\"https:\\\/\\\/allasorias.hu\\\/hirek\\\/wp-content\\\/uploads\\\/2022\\\/10\\\/allasorias_site_facebok_logo.png\",\"@id\":\"https:\\\/\\\/allasorias.hu\\\/hirek\\\/no-a-szabaduszok-szama-a-munkaeropiacon\\\/#organizationLogo\"},\"image\":{\"@id\":\"https:\\\/\\\/allasorias.hu\\\/hirek\\\/no-a-szabaduszok-szama-a-munkaeropiacon\\\/#organizationLogo\"},\"sameAs\":[\"https:\\\/\\\/www.facebook.com\\\/allasorias\",\"https:\\\/\\\/www.linkedin.com\\\/company\\\/allasorias\"]},{\"@type\":\"Person\",\"@id\":\"https:\\\/\\\/allasorias.hu\\\/hirek\\\/author\\\/admin-allasorias\\\/#author\",\"url\":\"https:\\\/\\\/allasorias.hu\\\/hirek\\\/author\\\/admin-allasorias\\\/\",\"name\":\"Juh\\u00e1sz P\\u00e9ter\",\"image\":{\"@type\":\"ImageObject\",\"@id\":\"https:\\\/\\\/allasorias.hu\\\/hirek\\\/no-a-szabaduszok-szama-a-munkaeropiacon\\\/#authorImage\",\"url\":\"https:\\\/\\\/secure.gravatar.com\\\/avatar\\\/36e6bcb83148978b992977cb0f54d22feb0cce8a0a849a9410532bb2623ba4c6?s=96&d=mm&r=g\",\"width\":96,\"height\":96,\"caption\":\"Juh\\u00e1sz P\\u00e9ter\"}},{\"@type\":\"WebPage\",\"@id\":\"https:\\\/\\\/allasorias.hu\\\/hirek\\\/no-a-szabaduszok-szama-a-munkaeropiacon\\\/#webpage\",\"url\":\"https:\\\/\\\/allasorias.hu\\\/hirek\\\/no-a-szabaduszok-szama-a-munkaeropiacon\\\/\",\"name\":\"N\\u0151 a szabad\\u00fasz\\u00f3k sz\\u00e1ma a munkaer\\u0151piacon | AllasOrias.hu | H\\u00edrek-lapszemle\",\"description\":\"Az Amerikai Egyes\\u00fclt \\u00c1llamokban \\u00e9s Eur\\u00f3p\\u00e1ban m\\u00e1r 162 milli\\u00f3 ember dolgozik szabad\\u00fasz\\u00f3k\\u00e9nt \\u00e9s sz\\u00e1muk n\\u00f6vekszik, v\\u00e1rhat\\u00f3an t\\u00edz \\u00e9v m\\u00falva a fejlett gazdas\\u00e1gok munkaerej\\u00e9nek t\\u00f6bb mint a fele is dolgozhat m\\u00e1r ebben a form\\u00e1kban \\u2013 der\\u00fcl ki A University College London \\u00e9s az amerikai University of Maryland kutat\\u00e1s\\u00e1b\\u00f3l. A magyar munkaer\\u0151piac is k\\u00f6veti az \\u00faj folyamatot,\",\"inLanguage\":\"hu-HU\",\"isPartOf\":{\"@id\":\"https:\\\/\\\/allasorias.hu\\\/hirek\\\/#website\"},\"breadcrumb\":{\"@id\":\"https:\\\/\\\/allasorias.hu\\\/hirek\\\/no-a-szabaduszok-szama-a-munkaeropiacon\\\/#breadcrumblist\"},\"author\":{\"@id\":\"https:\\\/\\\/allasorias.hu\\\/hirek\\\/author\\\/admin-allasorias\\\/#author\"},\"creator\":{\"@id\":\"https:\\\/\\\/allasorias.hu\\\/hirek\\\/author\\\/admin-allasorias\\\/#author\"},\"image\":{\"@type\":\"ImageObject\",\"url\":\"https:\\\/\\\/allasorias.hu\\\/hirek\\\/wp-content\\\/uploads\\\/2018\\\/11\\\/screen-1839500_640.jpg\",\"@id\":\"https:\\\/\\\/allasorias.hu\\\/hirek\\\/no-a-szabaduszok-szama-a-munkaeropiacon\\\/#mainImage\",\"width\":640,\"height\":427},\"primaryImageOfPage\":{\"@id\":\"https:\\\/\\\/allasorias.hu\\\/hirek\\\/no-a-szabaduszok-szama-a-munkaeropiacon\\\/#mainImage\"},\"datePublished\":\"2018-11-26T12:47:08+02:00\",\"dateModified\":\"2018-11-26T12:47:08+02:00\"},{\"@type\":\"WebSite\",\"@id\":\"https:\\\/\\\/allasorias.hu\\\/hirek\\\/#website\",\"url\":\"https:\\\/\\\/allasorias.hu\\\/hirek\\\/\",\"name\":\"AllasOrias.hu | H\\u00edrek-lapszemle\",\"description\":\"\\u00dczleti h\\u00edrek az \\u00e1ll\\u00e1s \\u00e9s a munka vil\\u00e1g\\u00e1b\\u00f3l\",\"inLanguage\":\"hu-HU\",\"publisher\":{\"@id\":\"https:\\\/\\\/allasorias.hu\\\/hirek\\\/#organization\"}}]}\n\t\t<\/script>\n\t\t<!-- All in One SEO -->\n\n","aioseo_head_json":{"title":"N\u0151 a szabad\u00fasz\u00f3k sz\u00e1ma a munkaer\u0151piacon | AllasOrias.hu | H\u00edrek-lapszemle","description":"Az Amerikai Egyes\u00fclt \u00c1llamokban \u00e9s Eur\u00f3p\u00e1ban m\u00e1r 162 milli\u00f3 ember dolgozik szabad\u00fasz\u00f3k\u00e9nt \u00e9s sz\u00e1muk n\u00f6vekszik, v\u00e1rhat\u00f3an t\u00edz \u00e9v m\u00falva a fejlett gazdas\u00e1gok munkaerej\u00e9nek t\u00f6bb mint a fele is dolgozhat m\u00e1r ebben a form\u00e1kban \u2013 der\u00fcl ki A University College London \u00e9s az amerikai University of Maryland kutat\u00e1s\u00e1b\u00f3l. A magyar munkaer\u0151piac is k\u00f6veti az \u00faj folyamatot,","canonical_url":"https:\/\/allasorias.hu\/hirek\/no-a-szabaduszok-szama-a-munkaeropiacon\/","robots":"max-image-preview:large","keywords":"","webmasterTools":{"miscellaneous":""},"schema":{"@context":"https:\/\/schema.org","@graph":[{"@type":"Article","@id":"https:\/\/allasorias.hu\/hirek\/no-a-szabaduszok-szama-a-munkaeropiacon\/#article","name":"N\u0151 a szabad\u00fasz\u00f3k sz\u00e1ma a munkaer\u0151piacon | AllasOrias.hu | H\u00edrek-lapszemle","headline":"N\u0151 a szabad\u00fasz\u00f3k sz\u00e1ma a munkaer\u0151piacon","author":{"@id":"https:\/\/allasorias.hu\/hirek\/author\/admin-allasorias\/#author"},"publisher":{"@id":"https:\/\/allasorias.hu\/hirek\/#organization"},"image":{"@type":"ImageObject","url":"https:\/\/allasorias.hu\/hirek\/wp-content\/uploads\/2018\/11\/screen-1839500_640.jpg","width":640,"height":427},"datePublished":"2018-11-26T12:47:08+02:00","dateModified":"2018-11-26T12:47:08+02:00","inLanguage":"hu-HU","mainEntityOfPage":{"@id":"https:\/\/allasorias.hu\/hirek\/no-a-szabaduszok-szama-a-munkaeropiacon\/#webpage"},"isPartOf":{"@id":"https:\/\/allasorias.hu\/hirek\/no-a-szabaduszok-szama-a-munkaeropiacon\/#webpage"},"articleSection":"\u00c1ll\u00e1skeres\u00e9s, Gazdas\u00e1g, Munkaer\u0151piac"},{"@type":"BreadcrumbList","@id":"https:\/\/allasorias.hu\/hirek\/no-a-szabaduszok-szama-a-munkaeropiacon\/#breadcrumblist","itemListElement":[{"@type":"ListItem","@id":"https:\/\/allasorias.hu\/hirek#listItem","position":1,"name":"Home","item":"https:\/\/allasorias.hu\/hirek","nextItem":{"@type":"ListItem","@id":"https:\/\/allasorias.hu\/hirek\/temak\/allaskereses\/#listItem","name":"\u00c1ll\u00e1skeres\u00e9s"}},{"@type":"ListItem","@id":"https:\/\/allasorias.hu\/hirek\/temak\/allaskereses\/#listItem","position":2,"name":"\u00c1ll\u00e1skeres\u00e9s","item":"https:\/\/allasorias.hu\/hirek\/temak\/allaskereses\/","nextItem":{"@type":"ListItem","@id":"https:\/\/allasorias.hu\/hirek\/no-a-szabaduszok-szama-a-munkaeropiacon\/#listItem","name":"N\u0151 a szabad\u00fasz\u00f3k sz\u00e1ma a munkaer\u0151piacon"},"previousItem":{"@type":"ListItem","@id":"https:\/\/allasorias.hu\/hirek#listItem","name":"Home"}},{"@type":"ListItem","@id":"https:\/\/allasorias.hu\/hirek\/no-a-szabaduszok-szama-a-munkaeropiacon\/#listItem","position":3,"name":"N\u0151 a szabad\u00fasz\u00f3k sz\u00e1ma a munkaer\u0151piacon","previousItem":{"@type":"ListItem","@id":"https:\/\/allasorias.hu\/hirek\/temak\/allaskereses\/#listItem","name":"\u00c1ll\u00e1skeres\u00e9s"}}]},{"@type":"Organization","@id":"https:\/\/allasorias.hu\/hirek\/#organization","name":"AllasOrias.hu | H\u00edrek-lapszemle","description":"\u00dczleti h\u00edrek az \u00e1ll\u00e1s \u00e9s a munka vil\u00e1g\u00e1b\u00f3l","url":"https:\/\/allasorias.hu\/hirek\/","logo":{"@type":"ImageObject","url":"https:\/\/allasorias.hu\/hirek\/wp-content\/uploads\/2022\/10\/allasorias_site_facebok_logo.png","@id":"https:\/\/allasorias.hu\/hirek\/no-a-szabaduszok-szama-a-munkaeropiacon\/#organizationLogo"},"image":{"@id":"https:\/\/allasorias.hu\/hirek\/no-a-szabaduszok-szama-a-munkaeropiacon\/#organizationLogo"},"sameAs":["https:\/\/www.facebook.com\/allasorias","https:\/\/www.linkedin.com\/company\/allasorias"]},{"@type":"Person","@id":"https:\/\/allasorias.hu\/hirek\/author\/admin-allasorias\/#author","url":"https:\/\/allasorias.hu\/hirek\/author\/admin-allasorias\/","name":"Juh\u00e1sz P\u00e9ter","image":{"@type":"ImageObject","@id":"https:\/\/allasorias.hu\/hirek\/no-a-szabaduszok-szama-a-munkaeropiacon\/#authorImage","url":"https:\/\/secure.gravatar.com\/avatar\/36e6bcb83148978b992977cb0f54d22feb0cce8a0a849a9410532bb2623ba4c6?s=96&d=mm&r=g","width":96,"height":96,"caption":"Juh\u00e1sz P\u00e9ter"}},{"@type":"WebPage","@id":"https:\/\/allasorias.hu\/hirek\/no-a-szabaduszok-szama-a-munkaeropiacon\/#webpage","url":"https:\/\/allasorias.hu\/hirek\/no-a-szabaduszok-szama-a-munkaeropiacon\/","name":"N\u0151 a szabad\u00fasz\u00f3k sz\u00e1ma a munkaer\u0151piacon | AllasOrias.hu | H\u00edrek-lapszemle","description":"Az Amerikai Egyes\u00fclt \u00c1llamokban \u00e9s Eur\u00f3p\u00e1ban m\u00e1r 162 milli\u00f3 ember dolgozik szabad\u00fasz\u00f3k\u00e9nt \u00e9s sz\u00e1muk n\u00f6vekszik, v\u00e1rhat\u00f3an t\u00edz \u00e9v m\u00falva a fejlett gazdas\u00e1gok munkaerej\u00e9nek t\u00f6bb mint a fele is dolgozhat m\u00e1r ebben a form\u00e1kban \u2013 der\u00fcl ki A University College London \u00e9s az amerikai University of Maryland kutat\u00e1s\u00e1b\u00f3l. A magyar munkaer\u0151piac is k\u00f6veti az \u00faj folyamatot,","inLanguage":"hu-HU","isPartOf":{"@id":"https:\/\/allasorias.hu\/hirek\/#website"},"breadcrumb":{"@id":"https:\/\/allasorias.hu\/hirek\/no-a-szabaduszok-szama-a-munkaeropiacon\/#breadcrumblist"},"author":{"@id":"https:\/\/allasorias.hu\/hirek\/author\/admin-allasorias\/#author"},"creator":{"@id":"https:\/\/allasorias.hu\/hirek\/author\/admin-allasorias\/#author"},"image":{"@type":"ImageObject","url":"https:\/\/allasorias.hu\/hirek\/wp-content\/uploads\/2018\/11\/screen-1839500_640.jpg","@id":"https:\/\/allasorias.hu\/hirek\/no-a-szabaduszok-szama-a-munkaeropiacon\/#mainImage","width":640,"height":427},"primaryImageOfPage":{"@id":"https:\/\/allasorias.hu\/hirek\/no-a-szabaduszok-szama-a-munkaeropiacon\/#mainImage"},"datePublished":"2018-11-26T12:47:08+02:00","dateModified":"2018-11-26T12:47:08+02:00"},{"@type":"WebSite","@id":"https:\/\/allasorias.hu\/hirek\/#website","url":"https:\/\/allasorias.hu\/hirek\/","name":"AllasOrias.hu | H\u00edrek-lapszemle","description":"\u00dczleti h\u00edrek az \u00e1ll\u00e1s \u00e9s a munka vil\u00e1g\u00e1b\u00f3l","inLanguage":"hu-HU","publisher":{"@id":"https:\/\/allasorias.hu\/hirek\/#organization"}}]},"og:locale":"hu_HU","og:site_name":"AllasOrias.hu | H\u00edrek-lapszemle | \u00dczleti h\u00edrek az \u00e1ll\u00e1s \u00e9s a munka vil\u00e1g\u00e1b\u00f3l","og:type":"article","og:title":"N\u0151 a szabad\u00fasz\u00f3k sz\u00e1ma a munkaer\u0151piacon | AllasOrias.hu | H\u00edrek-lapszemle","og:description":"Az Amerikai Egyes\u00fclt \u00c1llamokban \u00e9s Eur\u00f3p\u00e1ban m\u00e1r 162 milli\u00f3 ember dolgozik szabad\u00fasz\u00f3k\u00e9nt \u00e9s sz\u00e1muk n\u00f6vekszik, v\u00e1rhat\u00f3an t\u00edz \u00e9v m\u00falva a fejlett gazdas\u00e1gok munkaerej\u00e9nek t\u00f6bb mint a fele is dolgozhat m\u00e1r ebben a form\u00e1kban \u2013 der\u00fcl ki A University College London \u00e9s az amerikai University of Maryland kutat\u00e1s\u00e1b\u00f3l. A magyar munkaer\u0151piac is k\u00f6veti az \u00faj folyamatot,","og:url":"https:\/\/allasorias.hu\/hirek\/no-a-szabaduszok-szama-a-munkaeropiacon\/","og:image":"https:\/\/allasorias.hu\/hirek\/wp-content\/uploads\/2018\/11\/screen-1839500_640.jpg","og:image:secure_url":"https:\/\/allasorias.hu\/hirek\/wp-content\/uploads\/2018\/11\/screen-1839500_640.jpg","og:image:width":640,"og:image:height":427,"article:published_time":"2018-11-26T12:47:08+00:00","article:modified_time":"2018-11-26T12:47:08+00:00","article:publisher":"https:\/\/www.facebook.com\/allasorias","twitter:card":"summary_large_image","twitter:title":"N\u0151 a szabad\u00fasz\u00f3k sz\u00e1ma a munkaer\u0151piacon | AllasOrias.hu | H\u00edrek-lapszemle","twitter:description":"Az Amerikai Egyes\u00fclt \u00c1llamokban \u00e9s Eur\u00f3p\u00e1ban m\u00e1r 162 milli\u00f3 ember dolgozik szabad\u00fasz\u00f3k\u00e9nt \u00e9s sz\u00e1muk n\u00f6vekszik, v\u00e1rhat\u00f3an t\u00edz \u00e9v m\u00falva a fejlett gazdas\u00e1gok munkaerej\u00e9nek t\u00f6bb mint a fele is dolgozhat m\u00e1r ebben a form\u00e1kban \u2013 der\u00fcl ki A University College London \u00e9s az amerikai University of Maryland kutat\u00e1s\u00e1b\u00f3l. A magyar munkaer\u0151piac is k\u00f6veti az \u00faj folyamatot,","twitter:image":"https:\/\/allasorias.hu\/hirek\/wp-content\/uploads\/2018\/11\/screen-1839500_640.jpg","twitter:label1":"Written by","twitter:data1":"Juh\u00e1sz P\u00e9ter","twitter:label2":"Est. reading time","twitter:data2":"2 minutes"},"aioseo_meta_data":{"post_id":"2222","title":null,"description":null,"keywords":null,"keyphrases":null,"primary_term":null,"canonical_url":null,"og_title":null,"og_description":null,"og_object_type":"default","og_image_type":"default","og_image_url":null,"og_image_width":null,"og_image_height":null,"og_image_custom_url":null,"og_image_custom_fields":null,"og_video":null,"og_custom_url":null,"og_article_section":null,"og_article_tags":null,"twitter_use_og":false,"twitter_card":"default","twitter_image_type":"default","twitter_image_url":null,"twitter_image_custom_url":null,"twitter_image_custom_fields":null,"twitter_title":null,"twitter_description":null,"schema":{"blockGraphs":[],"customGraphs":[],"default":{"data":{"Article":[],"Course":[],"Dataset":[],"FAQPage":[],"Movie":[],"Person":[],"Product":[],"ProductReview":[],"Car":[],"Recipe":[],"Service":[],"SoftwareApplication":[],"WebPage":[]},"graphName":"","isEnabled":true},"graphs":[],"defaultGraph":"","defaultPostTypeGraph":""},"schema_type":null,"schema_type_options":null,"pillar_content":false,"robots_default":true,"robots_noindex":false,"robots_noarchive":false,"robots_nosnippet":false,"robots_nofollow":false,"robots_noimageindex":false,"robots_noodp":false,"robots_notranslate":false,"robots_max_snippet":null,"robots_max_videopreview":null,"robots_max_imagepreview":"large","priority":null,"frequency":null,"location":null,"local_seo":null,"breadcrumb_settings":null,"limit_modified_date":false,"ai":null,"created":"2021-02-01 20:45:00","updated":"2025-10-02 09:23:32","seo_analyzer_scan_date":null,"focus_keyword":null,"additional_keywords":null,"truseo_locale":null},"aioseo_breadcrumb":"<div class=\"aioseo-breadcrumbs\"><span class=\"aioseo-breadcrumb\">\n\t\t\t<a href=\"https:\/\/allasorias.hu\/hirek\" title=\"Home\">Home<\/a>\n\t\t<\/span><span class=\"aioseo-breadcrumb-separator\">&raquo;<\/span><span class=\"aioseo-breadcrumb\">\n\t\t\t<a href=\"https:\/\/allasorias.hu\/hirek\/temak\/allaskereses\/\" title=\"\u00c1ll\u00e1skeres\u00e9s\">\u00c1ll\u00e1skeres\u00e9s<\/a>\n\t\t<\/span><span class=\"aioseo-breadcrumb-separator\">&raquo;<\/span><span class=\"aioseo-breadcrumb\">\n\t\t\tN\u0151 a szabad\u00fasz\u00f3k sz\u00e1ma a munkaer\u0151piacon\n\t\t<\/span><\/div>","aioseo_breadcrumb_json":[{"label":"Home","link":"https:\/\/allasorias.hu\/hirek"},{"label":"\u00c1ll\u00e1skeres\u00e9s","link":"https:\/\/allasorias.hu\/hirek\/temak\/allaskereses\/"},{"label":"N\u0151 a szabad\u00fasz\u00f3k sz\u00e1ma a munkaer\u0151piacon","link":"https:\/\/allasorias.hu\/hirek\/no-a-szabaduszok-szama-a-munkaeropiacon\/"}],"_links":{"self":[{"href":"https:\/\/allasorias.hu\/hirek\/wp-json\/wp\/v2\/posts\/2222","targetHints":{"allow":["GET"]}}],"collection":[{"href":"https:\/\/allasorias.hu\/hirek\/wp-json\/wp\/v2\/posts"}],"about":[{"href":"https:\/\/allasorias.hu\/hirek\/wp-json\/wp\/v2\/types\/post"}],"author":[{"embeddable":true,"href":"https:\/\/allasorias.hu\/hirek\/wp-json\/wp\/v2\/users\/1"}],"replies":[{"embeddable":true,"href":"https:\/\/allasorias.hu\/hirek\/wp-json\/wp\/v2\/comments?post=2222"}],"version-history":[{"count":1,"href":"https:\/\/allasorias.hu\/hirek\/wp-json\/wp\/v2\/posts\/2222\/revisions"}],"predecessor-version":[{"id":2224,"href":"https:\/\/allasorias.hu\/hirek\/wp-json\/wp\/v2\/posts\/2222\/revisions\/2224"}],"wp:featuredmedia":[{"embeddable":true,"href":"https:\/\/allasorias.hu\/hirek\/wp-json\/wp\/v2\/media\/2223"}],"wp:attachment":[{"href":"https:\/\/allasorias.hu\/hirek\/wp-json\/wp\/v2\/media?parent=2222"}],"wp:term":[{"taxonomy":"category","embeddable":true,"href":"https:\/\/allasorias.hu\/hirek\/wp-json\/wp\/v2\/categories?post=2222"},{"taxonomy":"post_tag","embeddable":true,"href":"https:\/\/allasorias.hu\/hirek\/wp-json\/wp\/v2\/tags?post=2222"}],"curies":[{"name":"wp","href":"https:\/\/api.w.org\/{rel}","templated":true}]}}