{"id":2217,"date":"2018-11-23T10:21:55","date_gmt":"2018-11-23T10:21:55","guid":{"rendered":"https:\/\/allasorias.hu\/hirek\/?p=2217"},"modified":"2018-11-23T10:21:55","modified_gmt":"2018-11-23T10:21:55","slug":"magasabb-lesz-az-inflacio-2019-ben","status":"publish","type":"post","link":"https:\/\/allasorias.hu\/hirek\/magasabb-lesz-az-inflacio-2019-ben\/","title":{"rendered":"Magasabb lesz az infl\u00e1ci\u00f3 2019-ben"},"content":{"rendered":"<p style=\"text-align: justify;\"><strong>Legal\u00e1bb 4%-os infl\u00e1ci\u00f3ra \u00e9s gazdas\u00e1gi n\u00f6veked\u00e9sre sz\u00e1m\u00edtanak az elemz\u0151k j\u00f6v\u0151re. A CIB Bank szakemberei szerint a kev\u00e9sb\u00e9 t\u00e1mogat\u00f3 k\u00fcls\u0151 k\u00f6rnyezetben a gazdas\u00e1g motorja a bels\u0151 felhaszn\u00e1l\u00e1s marad, amelyet a feszes munkaer\u0151piac, a dinamikus b\u00e9rki\u00e1raml\u00e1s \u00e9s az \u00e9l\u00e9nk hitelfelv\u00e9teli kedv is t\u00e1mogat. Az el\u0151rejelz\u00e9sek szerint a megel\u0151z\u0151 \u00e9vet meghalad\u00f3 \u00fctem\u0171, j\u00f3val 4% feletti GDP-n\u00f6veked\u00e9sre sz\u00e1m\u00edthatunk 2018-ban. <\/strong><\/p>\n<p style=\"text-align: justify;\">Ennek f\u0151 hajt\u00f3ereje tov\u00e1bbra is els\u0151sorban a bels\u0151 kereslet (a h\u00e1ztart\u00e1sok fogyaszt\u00e1sa \u00e1ltal vez\u00e9relt, k\u00f6lts\u00e9gvet\u00e9si \u00f6szt\u00f6nz\u00e9ssel er\u0151s\u00edtett) b\u0151v\u00fcl\u00e9se, illetve az uni\u00f3s forr\u00e1sok t\u00e1mogat\u00f3 hat\u00e1sa. A GDP az els\u0151 f\u00e9l\u00e9vben 4,7%-kal n\u0151tt, \u00e9s ez az \u00fctem alig m\u00e9rs\u00e9kl\u0151dik az \u00e9v h\u00e1tral\u00e9v\u0151 r\u00e9sz\u00e9ben \u2013 mondta Trippon Mariann, a CIB vezet\u0151 elemz\u0151je a bank \u00e1ltal szervezett sajt\u00f3besz\u00e9lget\u00e9sen. A k\u00fcls\u0151 k\u00f6rnyezet alakul\u00e1s\u00e1t \u00e9s az uni\u00f3s t\u00e1mogat\u00e1sok v\u00e1rhat\u00f3 felhaszn\u00e1l\u00e1s\u00e1t egyar\u00e1nt figyelembe v\u00e9ve 2019-ben elker\u00fclhetetlennek t\u0171nik a lassul\u00e1s. A 3-3,5% k\u00f6z\u00e9 v\u00e1rhat\u00f3 \u00e9rt\u00e9k azonban nem \u00e1ll t\u00e1vol a megel\u0151z\u0151 \u00f6t \u00e9v \u00e1tlag\u00e1t\u00f3l. J\u00f6v\u0151re is a bels\u0151 felhaszn\u00e1l\u00e1s dikt\u00e1lja a temp\u00f3t a n\u00f6veked\u00e9snek, f\u0151leg a lakoss\u00e1gi fogyaszt\u00e1s \u00e9s a beruh\u00e1z\u00e1sok lesznek perd\u00f6nt\u0151k. A bels\u0151 kereslet gyeng\u00fcl\u00e9s\u00e9vel p\u00e1rhuzamosan, 2020-t\u00f3l viszont \u00fajra a nett\u00f3 export j\u00e1rulhat hozz\u00e1 pozit\u00edvan a n\u00f6veked\u00e9shez. A 2018 els\u0151 negyed\u00e9v\u00e9ben l\u00e1tott, a v\u00e1rtn\u00e1l valamivel alacsonyabb infl\u00e1ci\u00f3s sz\u00e1mokat k\u00f6vet\u0151en az \u00e9v k\u00e9s\u0151bbi r\u00e9sz\u00e9ben az eredetileg gondoltn\u00e1l gyorsabban emelkedett a fogyaszt\u00f3i \u00e1rindex. Ez\u00e9rt a kor\u00e1bban prognosztiz\u00e1ltn\u00e1l n\u00e9h\u00e1ny tized sz\u00e1zal\u00e9kponttal magasabb lehet az idei \u00e9v \u00e1tlaga: a CIB Bank november eleji el\u0151rejelz\u00e9se szerint 2,9%-os. Az elm\u00falt h\u00f3napokban a fogyaszt\u00f3i \u00e1rindex tart\u00f3san \u00e1tl\u00e9pte a 3%-os k\u00fcsz\u00f6b\u00f6t, okt\u00f3berben megk\u00f6zel\u00edtve a jegybanki c\u00e9l k\u00f6r\u00fcli s\u00e1v (2-4%) fels\u0151 sz\u00e9l\u00e9t. B\u00e1r a f\u0151 index megl\u00f3dul\u00e1sa javar\u00e9szt a jegybank hat\u00e1sk\u00f6r\u00e9n k\u00edv\u00fcli term\u00e9kcsoportok dr\u00e1gul\u00e1s\u00e1val magyar\u00e1zhat\u00f3, a gazdas\u00e1gban fokozatosan, de egy\u00e9rtelm\u0171en er\u0151s\u00f6dik az infl\u00e1ci\u00f3s nyom\u00e1s. Ezt t\u00e1masztja al\u00e1 a maginfl\u00e1ci\u00f3s mutat\u00f3 \u00e9s az MNB alapmutat\u00f3inak alakul\u00e1sa, \u00edgy \u00f6sszess\u00e9g\u00e9ben a 3,5%-ot is el\u00e9rheti az \u00e9ves \u00e1tlagos infl\u00e1ci\u00f3 2019-ben. A cs\u00f6kken\u0151 kamatk\u00f6rnyezetben egyre nehezebb j\u00f3 hozam\u00fa befektet\u00e9st tal\u00e1lni. A banki bet\u00e9ti kamatok \u00e1ltal\u00e1ban 0-1% k\u00f6z\u00f6tti \u00e9ves hozamot fizetnek, mik\u00f6zben az infl\u00e1ci\u00f3 3,1% (KSH, 2018. j\u00fanius). A m\u00e1sodik, illetve harmadik negyed\u00e9vben meg\u00e1llt a glob\u00e1lis gazdas\u00e1gi teljes\u00edtm\u00e9ny szempontj\u00e1b\u00f3l meghat\u00e1roz\u00f3 centrumok r\u00f6vid t\u00e1v\u00fa n\u00f6veked\u00e9si kil\u00e1t\u00e1sainak javul\u00e1sa. Ezzel egyid\u0151ben kiss\u00e9 emelkedett az infl\u00e1ci\u00f3, ami az infl\u00e1ci\u00f3s v\u00e1rakoz\u00e1sokat is felfel\u00e9 korrig\u00e1lta. A geopolitikai kock\u00e1zatokat (kiemelten a k\u00f6zel-keleti helyzetet \u00e9s az \u00c9szak-Korea \u00e1ltal gener\u00e1lt konfliktust) kiss\u00e9 h\u00e1tt\u00e9rbe szor\u00edtotta az Egyes\u00fclt \u00c1llamok fisk\u00e1lis \u00e9s kereskedelmi politik\u00e1j\u00e1nak alakul\u00e1sa, valamint az elh\u00faz\u00f3d\u00f3 \u00e9s bizonytalan Brexit-el\u0151k\u00e9sz\u00edt\u00e9si folyamat.<\/p>\n<p><em>Forr\u00e1s: privatbankar.hu<\/em><\/p>\n","protected":false},"excerpt":{"rendered":"<p>Legal\u00e1bb 4%-os infl\u00e1ci\u00f3ra \u00e9s gazdas\u00e1gi n\u00f6veked\u00e9sre sz\u00e1m\u00edtanak az elemz\u0151k j\u00f6v\u0151re. A CIB Bank szakemberei szerint a kev\u00e9sb\u00e9 t\u00e1mogat\u00f3 k\u00fcls\u0151 k\u00f6rnyezetben a gazdas\u00e1g motorja a bels\u0151 felhaszn\u00e1l\u00e1s marad, amelyet a feszes munkaer\u0151piac, a dinamikus b\u00e9rki\u00e1raml\u00e1s \u00e9s az \u00e9l\u00e9nk hitelfelv\u00e9teli kedv is t\u00e1mogat. Az el\u0151rejelz\u00e9sek szerint a megel\u0151z\u0151 \u00e9vet meghalad\u00f3 \u00fctem\u0171, j\u00f3val 4% feletti GDP-n\u00f6veked\u00e9sre sz\u00e1m\u00edthatunk 2018-ban. [&hellip;]<\/p>\n","protected":false},"author":1,"featured_media":2218,"comment_status":"open","ping_status":"open","sticky":false,"template":"","format":"standard","meta":{"_monsterinsights_skip_tracking":false,"footnotes":""},"categories":[198],"tags":[],"class_list":["post-2217","post","type-post","status-publish","format-standard","has-post-thumbnail","hentry","category-gazdasag"],"aioseo_notices":[],"aioseo_head":"\n\t\t<!-- All in One SEO 5.0.0.1 - aioseo.com -->\n\t<meta name=\"description\" content=\"Legal\u00e1bb 4%-os infl\u00e1ci\u00f3ra \u00e9s gazdas\u00e1gi n\u00f6veked\u00e9sre sz\u00e1m\u00edtanak az elemz\u0151k j\u00f6v\u0151re. A CIB Bank szakemberei szerint a kev\u00e9sb\u00e9 t\u00e1mogat\u00f3 k\u00fcls\u0151 k\u00f6rnyezetben a gazdas\u00e1g motorja a bels\u0151 felhaszn\u00e1l\u00e1s marad, amelyet a feszes munkaer\u0151piac, a dinamikus b\u00e9rki\u00e1raml\u00e1s \u00e9s az \u00e9l\u00e9nk hitelfelv\u00e9teli kedv is t\u00e1mogat. Az el\u0151rejelz\u00e9sek szerint a megel\u0151z\u0151 \u00e9vet meghalad\u00f3 \u00fctem\u0171, j\u00f3val 4% feletti GDP-n\u00f6veked\u00e9sre sz\u00e1m\u00edthatunk 2018-ban.\" \/>\n\t<meta name=\"robots\" content=\"max-image-preview:large\" \/>\n\t<meta name=\"author\" content=\"Juh\u00e1sz P\u00e9ter\"\/>\n\t<link rel=\"canonical\" href=\"https:\/\/allasorias.hu\/hirek\/magasabb-lesz-az-inflacio-2019-ben\/\" \/>\n\t<meta name=\"generator\" content=\"All in One SEO (AIOSEO) 5.0.0.1\" \/>\n\t\t<meta property=\"og:locale\" content=\"hu_HU\" \/>\n\t\t<meta property=\"og:site_name\" content=\"AllasOrias.hu | H\u00edrek-lapszemle | \u00dczleti h\u00edrek az \u00e1ll\u00e1s \u00e9s a munka vil\u00e1g\u00e1b\u00f3l\" \/>\n\t\t<meta property=\"og:type\" content=\"article\" \/>\n\t\t<meta property=\"og:title\" content=\"Magasabb lesz az infl\u00e1ci\u00f3 2019-ben | AllasOrias.hu | H\u00edrek-lapszemle\" \/>\n\t\t<meta property=\"og:description\" content=\"Legal\u00e1bb 4%-os infl\u00e1ci\u00f3ra \u00e9s gazdas\u00e1gi n\u00f6veked\u00e9sre sz\u00e1m\u00edtanak az elemz\u0151k j\u00f6v\u0151re. A CIB Bank szakemberei szerint a kev\u00e9sb\u00e9 t\u00e1mogat\u00f3 k\u00fcls\u0151 k\u00f6rnyezetben a gazdas\u00e1g motorja a bels\u0151 felhaszn\u00e1l\u00e1s marad, amelyet a feszes munkaer\u0151piac, a dinamikus b\u00e9rki\u00e1raml\u00e1s \u00e9s az \u00e9l\u00e9nk hitelfelv\u00e9teli kedv is t\u00e1mogat. Az el\u0151rejelz\u00e9sek szerint a megel\u0151z\u0151 \u00e9vet meghalad\u00f3 \u00fctem\u0171, j\u00f3val 4% feletti GDP-n\u00f6veked\u00e9sre sz\u00e1m\u00edthatunk 2018-ban.\" \/>\n\t\t<meta property=\"og:url\" content=\"https:\/\/allasorias.hu\/hirek\/magasabb-lesz-az-inflacio-2019-ben\/\" \/>\n\t\t<meta property=\"og:image\" content=\"https:\/\/allasorias.hu\/hirek\/wp-content\/uploads\/2018\/11\/coins-1015125_640.jpg\" \/>\n\t\t<meta property=\"og:image:secure_url\" content=\"https:\/\/allasorias.hu\/hirek\/wp-content\/uploads\/2018\/11\/coins-1015125_640.jpg\" \/>\n\t\t<meta property=\"og:image:width\" content=\"640\" \/>\n\t\t<meta property=\"og:image:height\" content=\"426\" \/>\n\t\t<meta property=\"article:published_time\" content=\"2018-11-23T10:21:55+00:00\" \/>\n\t\t<meta property=\"article:modified_time\" content=\"2018-11-23T10:21:55+00:00\" \/>\n\t\t<meta property=\"article:publisher\" content=\"https:\/\/www.facebook.com\/allasorias\" \/>\n\t\t<meta name=\"twitter:card\" content=\"summary_large_image\" \/>\n\t\t<meta name=\"twitter:title\" content=\"Magasabb lesz az infl\u00e1ci\u00f3 2019-ben | AllasOrias.hu | H\u00edrek-lapszemle\" \/>\n\t\t<meta name=\"twitter:description\" content=\"Legal\u00e1bb 4%-os infl\u00e1ci\u00f3ra \u00e9s gazdas\u00e1gi n\u00f6veked\u00e9sre sz\u00e1m\u00edtanak az elemz\u0151k j\u00f6v\u0151re. A CIB Bank szakemberei szerint a kev\u00e9sb\u00e9 t\u00e1mogat\u00f3 k\u00fcls\u0151 k\u00f6rnyezetben a gazdas\u00e1g motorja a bels\u0151 felhaszn\u00e1l\u00e1s marad, amelyet a feszes munkaer\u0151piac, a dinamikus b\u00e9rki\u00e1raml\u00e1s \u00e9s az \u00e9l\u00e9nk hitelfelv\u00e9teli kedv is t\u00e1mogat. Az el\u0151rejelz\u00e9sek szerint a megel\u0151z\u0151 \u00e9vet meghalad\u00f3 \u00fctem\u0171, j\u00f3val 4% feletti GDP-n\u00f6veked\u00e9sre sz\u00e1m\u00edthatunk 2018-ban.\" \/>\n\t\t<meta name=\"twitter:image\" content=\"https:\/\/allasorias.hu\/hirek\/wp-content\/uploads\/2018\/11\/coins-1015125_640.jpg\" \/>\n\t\t<meta name=\"twitter:label1\" content=\"Written by\" \/>\n\t\t<meta name=\"twitter:data1\" content=\"Juh\u00e1sz P\u00e9ter\" \/>\n\t\t<meta name=\"twitter:label2\" content=\"Est. reading time\" \/>\n\t\t<meta name=\"twitter:data2\" content=\"3 minutes\" \/>\n\t\t<script type=\"application\/ld+json\" class=\"aioseo-schema\">\n\t\t\t{\"@context\":\"https:\\\/\\\/schema.org\",\"@graph\":[{\"@type\":\"Article\",\"@id\":\"https:\\\/\\\/allasorias.hu\\\/hirek\\\/magasabb-lesz-az-inflacio-2019-ben\\\/#article\",\"name\":\"Magasabb lesz az infl\\u00e1ci\\u00f3 2019-ben | AllasOrias.hu | H\\u00edrek-lapszemle\",\"headline\":\"Magasabb lesz az infl\\u00e1ci\\u00f3 2019-ben\",\"author\":{\"@id\":\"https:\\\/\\\/allasorias.hu\\\/hirek\\\/author\\\/admin-allasorias\\\/#author\"},\"publisher\":{\"@id\":\"https:\\\/\\\/allasorias.hu\\\/hirek\\\/#organization\"},\"image\":{\"@type\":\"ImageObject\",\"url\":\"https:\\\/\\\/allasorias.hu\\\/hirek\\\/wp-content\\\/uploads\\\/2018\\\/11\\\/coins-1015125_640.jpg\",\"width\":640,\"height\":426},\"datePublished\":\"2018-11-23T10:21:55+02:00\",\"dateModified\":\"2018-11-23T10:21:55+02:00\",\"inLanguage\":\"hu-HU\",\"mainEntityOfPage\":{\"@id\":\"https:\\\/\\\/allasorias.hu\\\/hirek\\\/magasabb-lesz-az-inflacio-2019-ben\\\/#webpage\"},\"isPartOf\":{\"@id\":\"https:\\\/\\\/allasorias.hu\\\/hirek\\\/magasabb-lesz-az-inflacio-2019-ben\\\/#webpage\"},\"articleSection\":\"Gazdas\\u00e1g\"},{\"@type\":\"BreadcrumbList\",\"@id\":\"https:\\\/\\\/allasorias.hu\\\/hirek\\\/magasabb-lesz-az-inflacio-2019-ben\\\/#breadcrumblist\",\"itemListElement\":[{\"@type\":\"ListItem\",\"@id\":\"https:\\\/\\\/allasorias.hu\\\/hirek#listItem\",\"position\":1,\"name\":\"Home\",\"item\":\"https:\\\/\\\/allasorias.hu\\\/hirek\",\"nextItem\":{\"@type\":\"ListItem\",\"@id\":\"https:\\\/\\\/allasorias.hu\\\/hirek\\\/temak\\\/gazdasag\\\/#listItem\",\"name\":\"Gazdas\\u00e1g\"}},{\"@type\":\"ListItem\",\"@id\":\"https:\\\/\\\/allasorias.hu\\\/hirek\\\/temak\\\/gazdasag\\\/#listItem\",\"position\":2,\"name\":\"Gazdas\\u00e1g\",\"item\":\"https:\\\/\\\/allasorias.hu\\\/hirek\\\/temak\\\/gazdasag\\\/\",\"nextItem\":{\"@type\":\"ListItem\",\"@id\":\"https:\\\/\\\/allasorias.hu\\\/hirek\\\/magasabb-lesz-az-inflacio-2019-ben\\\/#listItem\",\"name\":\"Magasabb lesz az infl\\u00e1ci\\u00f3 2019-ben\"},\"previousItem\":{\"@type\":\"ListItem\",\"@id\":\"https:\\\/\\\/allasorias.hu\\\/hirek#listItem\",\"name\":\"Home\"}},{\"@type\":\"ListItem\",\"@id\":\"https:\\\/\\\/allasorias.hu\\\/hirek\\\/magasabb-lesz-az-inflacio-2019-ben\\\/#listItem\",\"position\":3,\"name\":\"Magasabb lesz az infl\\u00e1ci\\u00f3 2019-ben\",\"previousItem\":{\"@type\":\"ListItem\",\"@id\":\"https:\\\/\\\/allasorias.hu\\\/hirek\\\/temak\\\/gazdasag\\\/#listItem\",\"name\":\"Gazdas\\u00e1g\"}}]},{\"@type\":\"Organization\",\"@id\":\"https:\\\/\\\/allasorias.hu\\\/hirek\\\/#organization\",\"name\":\"AllasOrias.hu | H\\u00edrek-lapszemle\",\"description\":\"\\u00dczleti h\\u00edrek az \\u00e1ll\\u00e1s \\u00e9s a munka vil\\u00e1g\\u00e1b\\u00f3l\",\"url\":\"https:\\\/\\\/allasorias.hu\\\/hirek\\\/\",\"logo\":{\"@type\":\"ImageObject\",\"url\":\"https:\\\/\\\/allasorias.hu\\\/hirek\\\/wp-content\\\/uploads\\\/2022\\\/10\\\/allasorias_site_facebok_logo.png\",\"@id\":\"https:\\\/\\\/allasorias.hu\\\/hirek\\\/magasabb-lesz-az-inflacio-2019-ben\\\/#organizationLogo\"},\"image\":{\"@id\":\"https:\\\/\\\/allasorias.hu\\\/hirek\\\/magasabb-lesz-az-inflacio-2019-ben\\\/#organizationLogo\"},\"sameAs\":[\"https:\\\/\\\/www.facebook.com\\\/allasorias\",\"https:\\\/\\\/www.linkedin.com\\\/company\\\/allasorias\"]},{\"@type\":\"Person\",\"@id\":\"https:\\\/\\\/allasorias.hu\\\/hirek\\\/author\\\/admin-allasorias\\\/#author\",\"url\":\"https:\\\/\\\/allasorias.hu\\\/hirek\\\/author\\\/admin-allasorias\\\/\",\"name\":\"Juh\\u00e1sz P\\u00e9ter\",\"image\":{\"@type\":\"ImageObject\",\"@id\":\"https:\\\/\\\/allasorias.hu\\\/hirek\\\/magasabb-lesz-az-inflacio-2019-ben\\\/#authorImage\",\"url\":\"https:\\\/\\\/secure.gravatar.com\\\/avatar\\\/36e6bcb83148978b992977cb0f54d22feb0cce8a0a849a9410532bb2623ba4c6?s=96&d=mm&r=g\",\"width\":96,\"height\":96,\"caption\":\"Juh\\u00e1sz P\\u00e9ter\"}},{\"@type\":\"WebPage\",\"@id\":\"https:\\\/\\\/allasorias.hu\\\/hirek\\\/magasabb-lesz-az-inflacio-2019-ben\\\/#webpage\",\"url\":\"https:\\\/\\\/allasorias.hu\\\/hirek\\\/magasabb-lesz-az-inflacio-2019-ben\\\/\",\"name\":\"Magasabb lesz az infl\\u00e1ci\\u00f3 2019-ben | AllasOrias.hu | H\\u00edrek-lapszemle\",\"description\":\"Legal\\u00e1bb 4%-os infl\\u00e1ci\\u00f3ra \\u00e9s gazdas\\u00e1gi n\\u00f6veked\\u00e9sre sz\\u00e1m\\u00edtanak az elemz\\u0151k j\\u00f6v\\u0151re. A CIB Bank szakemberei szerint a kev\\u00e9sb\\u00e9 t\\u00e1mogat\\u00f3 k\\u00fcls\\u0151 k\\u00f6rnyezetben a gazdas\\u00e1g motorja a bels\\u0151 felhaszn\\u00e1l\\u00e1s marad, amelyet a feszes munkaer\\u0151piac, a dinamikus b\\u00e9rki\\u00e1raml\\u00e1s \\u00e9s az \\u00e9l\\u00e9nk hitelfelv\\u00e9teli kedv is t\\u00e1mogat. Az el\\u0151rejelz\\u00e9sek szerint a megel\\u0151z\\u0151 \\u00e9vet meghalad\\u00f3 \\u00fctem\\u0171, j\\u00f3val 4% feletti GDP-n\\u00f6veked\\u00e9sre sz\\u00e1m\\u00edthatunk 2018-ban.\",\"inLanguage\":\"hu-HU\",\"isPartOf\":{\"@id\":\"https:\\\/\\\/allasorias.hu\\\/hirek\\\/#website\"},\"breadcrumb\":{\"@id\":\"https:\\\/\\\/allasorias.hu\\\/hirek\\\/magasabb-lesz-az-inflacio-2019-ben\\\/#breadcrumblist\"},\"author\":{\"@id\":\"https:\\\/\\\/allasorias.hu\\\/hirek\\\/author\\\/admin-allasorias\\\/#author\"},\"creator\":{\"@id\":\"https:\\\/\\\/allasorias.hu\\\/hirek\\\/author\\\/admin-allasorias\\\/#author\"},\"image\":{\"@type\":\"ImageObject\",\"url\":\"https:\\\/\\\/allasorias.hu\\\/hirek\\\/wp-content\\\/uploads\\\/2018\\\/11\\\/coins-1015125_640.jpg\",\"@id\":\"https:\\\/\\\/allasorias.hu\\\/hirek\\\/magasabb-lesz-az-inflacio-2019-ben\\\/#mainImage\",\"width\":640,\"height\":426},\"primaryImageOfPage\":{\"@id\":\"https:\\\/\\\/allasorias.hu\\\/hirek\\\/magasabb-lesz-az-inflacio-2019-ben\\\/#mainImage\"},\"datePublished\":\"2018-11-23T10:21:55+02:00\",\"dateModified\":\"2018-11-23T10:21:55+02:00\"},{\"@type\":\"WebSite\",\"@id\":\"https:\\\/\\\/allasorias.hu\\\/hirek\\\/#website\",\"url\":\"https:\\\/\\\/allasorias.hu\\\/hirek\\\/\",\"name\":\"AllasOrias.hu | H\\u00edrek-lapszemle\",\"description\":\"\\u00dczleti h\\u00edrek az \\u00e1ll\\u00e1s \\u00e9s a munka vil\\u00e1g\\u00e1b\\u00f3l\",\"inLanguage\":\"hu-HU\",\"publisher\":{\"@id\":\"https:\\\/\\\/allasorias.hu\\\/hirek\\\/#organization\"}}]}\n\t\t<\/script>\n\t\t<!-- All in One SEO -->\n\n","aioseo_head_json":{"title":"Magasabb lesz az infl\u00e1ci\u00f3 2019-ben | AllasOrias.hu | H\u00edrek-lapszemle","description":"Legal\u00e1bb 4%-os infl\u00e1ci\u00f3ra \u00e9s gazdas\u00e1gi n\u00f6veked\u00e9sre sz\u00e1m\u00edtanak az elemz\u0151k j\u00f6v\u0151re. A CIB Bank szakemberei szerint a kev\u00e9sb\u00e9 t\u00e1mogat\u00f3 k\u00fcls\u0151 k\u00f6rnyezetben a gazdas\u00e1g motorja a bels\u0151 felhaszn\u00e1l\u00e1s marad, amelyet a feszes munkaer\u0151piac, a dinamikus b\u00e9rki\u00e1raml\u00e1s \u00e9s az \u00e9l\u00e9nk hitelfelv\u00e9teli kedv is t\u00e1mogat. Az el\u0151rejelz\u00e9sek szerint a megel\u0151z\u0151 \u00e9vet meghalad\u00f3 \u00fctem\u0171, j\u00f3val 4% feletti GDP-n\u00f6veked\u00e9sre sz\u00e1m\u00edthatunk 2018-ban.","canonical_url":"https:\/\/allasorias.hu\/hirek\/magasabb-lesz-az-inflacio-2019-ben\/","robots":"max-image-preview:large","keywords":"","webmasterTools":{"miscellaneous":""},"schema":{"@context":"https:\/\/schema.org","@graph":[{"@type":"Article","@id":"https:\/\/allasorias.hu\/hirek\/magasabb-lesz-az-inflacio-2019-ben\/#article","name":"Magasabb lesz az infl\u00e1ci\u00f3 2019-ben | AllasOrias.hu | H\u00edrek-lapszemle","headline":"Magasabb lesz az infl\u00e1ci\u00f3 2019-ben","author":{"@id":"https:\/\/allasorias.hu\/hirek\/author\/admin-allasorias\/#author"},"publisher":{"@id":"https:\/\/allasorias.hu\/hirek\/#organization"},"image":{"@type":"ImageObject","url":"https:\/\/allasorias.hu\/hirek\/wp-content\/uploads\/2018\/11\/coins-1015125_640.jpg","width":640,"height":426},"datePublished":"2018-11-23T10:21:55+02:00","dateModified":"2018-11-23T10:21:55+02:00","inLanguage":"hu-HU","mainEntityOfPage":{"@id":"https:\/\/allasorias.hu\/hirek\/magasabb-lesz-az-inflacio-2019-ben\/#webpage"},"isPartOf":{"@id":"https:\/\/allasorias.hu\/hirek\/magasabb-lesz-az-inflacio-2019-ben\/#webpage"},"articleSection":"Gazdas\u00e1g"},{"@type":"BreadcrumbList","@id":"https:\/\/allasorias.hu\/hirek\/magasabb-lesz-az-inflacio-2019-ben\/#breadcrumblist","itemListElement":[{"@type":"ListItem","@id":"https:\/\/allasorias.hu\/hirek#listItem","position":1,"name":"Home","item":"https:\/\/allasorias.hu\/hirek","nextItem":{"@type":"ListItem","@id":"https:\/\/allasorias.hu\/hirek\/temak\/gazdasag\/#listItem","name":"Gazdas\u00e1g"}},{"@type":"ListItem","@id":"https:\/\/allasorias.hu\/hirek\/temak\/gazdasag\/#listItem","position":2,"name":"Gazdas\u00e1g","item":"https:\/\/allasorias.hu\/hirek\/temak\/gazdasag\/","nextItem":{"@type":"ListItem","@id":"https:\/\/allasorias.hu\/hirek\/magasabb-lesz-az-inflacio-2019-ben\/#listItem","name":"Magasabb lesz az infl\u00e1ci\u00f3 2019-ben"},"previousItem":{"@type":"ListItem","@id":"https:\/\/allasorias.hu\/hirek#listItem","name":"Home"}},{"@type":"ListItem","@id":"https:\/\/allasorias.hu\/hirek\/magasabb-lesz-az-inflacio-2019-ben\/#listItem","position":3,"name":"Magasabb lesz az infl\u00e1ci\u00f3 2019-ben","previousItem":{"@type":"ListItem","@id":"https:\/\/allasorias.hu\/hirek\/temak\/gazdasag\/#listItem","name":"Gazdas\u00e1g"}}]},{"@type":"Organization","@id":"https:\/\/allasorias.hu\/hirek\/#organization","name":"AllasOrias.hu | H\u00edrek-lapszemle","description":"\u00dczleti h\u00edrek az \u00e1ll\u00e1s \u00e9s a munka vil\u00e1g\u00e1b\u00f3l","url":"https:\/\/allasorias.hu\/hirek\/","logo":{"@type":"ImageObject","url":"https:\/\/allasorias.hu\/hirek\/wp-content\/uploads\/2022\/10\/allasorias_site_facebok_logo.png","@id":"https:\/\/allasorias.hu\/hirek\/magasabb-lesz-az-inflacio-2019-ben\/#organizationLogo"},"image":{"@id":"https:\/\/allasorias.hu\/hirek\/magasabb-lesz-az-inflacio-2019-ben\/#organizationLogo"},"sameAs":["https:\/\/www.facebook.com\/allasorias","https:\/\/www.linkedin.com\/company\/allasorias"]},{"@type":"Person","@id":"https:\/\/allasorias.hu\/hirek\/author\/admin-allasorias\/#author","url":"https:\/\/allasorias.hu\/hirek\/author\/admin-allasorias\/","name":"Juh\u00e1sz P\u00e9ter","image":{"@type":"ImageObject","@id":"https:\/\/allasorias.hu\/hirek\/magasabb-lesz-az-inflacio-2019-ben\/#authorImage","url":"https:\/\/secure.gravatar.com\/avatar\/36e6bcb83148978b992977cb0f54d22feb0cce8a0a849a9410532bb2623ba4c6?s=96&d=mm&r=g","width":96,"height":96,"caption":"Juh\u00e1sz P\u00e9ter"}},{"@type":"WebPage","@id":"https:\/\/allasorias.hu\/hirek\/magasabb-lesz-az-inflacio-2019-ben\/#webpage","url":"https:\/\/allasorias.hu\/hirek\/magasabb-lesz-az-inflacio-2019-ben\/","name":"Magasabb lesz az infl\u00e1ci\u00f3 2019-ben | AllasOrias.hu | H\u00edrek-lapszemle","description":"Legal\u00e1bb 4%-os infl\u00e1ci\u00f3ra \u00e9s gazdas\u00e1gi n\u00f6veked\u00e9sre sz\u00e1m\u00edtanak az elemz\u0151k j\u00f6v\u0151re. A CIB Bank szakemberei szerint a kev\u00e9sb\u00e9 t\u00e1mogat\u00f3 k\u00fcls\u0151 k\u00f6rnyezetben a gazdas\u00e1g motorja a bels\u0151 felhaszn\u00e1l\u00e1s marad, amelyet a feszes munkaer\u0151piac, a dinamikus b\u00e9rki\u00e1raml\u00e1s \u00e9s az \u00e9l\u00e9nk hitelfelv\u00e9teli kedv is t\u00e1mogat. Az el\u0151rejelz\u00e9sek szerint a megel\u0151z\u0151 \u00e9vet meghalad\u00f3 \u00fctem\u0171, j\u00f3val 4% feletti GDP-n\u00f6veked\u00e9sre sz\u00e1m\u00edthatunk 2018-ban.","inLanguage":"hu-HU","isPartOf":{"@id":"https:\/\/allasorias.hu\/hirek\/#website"},"breadcrumb":{"@id":"https:\/\/allasorias.hu\/hirek\/magasabb-lesz-az-inflacio-2019-ben\/#breadcrumblist"},"author":{"@id":"https:\/\/allasorias.hu\/hirek\/author\/admin-allasorias\/#author"},"creator":{"@id":"https:\/\/allasorias.hu\/hirek\/author\/admin-allasorias\/#author"},"image":{"@type":"ImageObject","url":"https:\/\/allasorias.hu\/hirek\/wp-content\/uploads\/2018\/11\/coins-1015125_640.jpg","@id":"https:\/\/allasorias.hu\/hirek\/magasabb-lesz-az-inflacio-2019-ben\/#mainImage","width":640,"height":426},"primaryImageOfPage":{"@id":"https:\/\/allasorias.hu\/hirek\/magasabb-lesz-az-inflacio-2019-ben\/#mainImage"},"datePublished":"2018-11-23T10:21:55+02:00","dateModified":"2018-11-23T10:21:55+02:00"},{"@type":"WebSite","@id":"https:\/\/allasorias.hu\/hirek\/#website","url":"https:\/\/allasorias.hu\/hirek\/","name":"AllasOrias.hu | H\u00edrek-lapszemle","description":"\u00dczleti h\u00edrek az \u00e1ll\u00e1s \u00e9s a munka vil\u00e1g\u00e1b\u00f3l","inLanguage":"hu-HU","publisher":{"@id":"https:\/\/allasorias.hu\/hirek\/#organization"}}]},"og:locale":"hu_HU","og:site_name":"AllasOrias.hu | H\u00edrek-lapszemle | \u00dczleti h\u00edrek az \u00e1ll\u00e1s \u00e9s a munka vil\u00e1g\u00e1b\u00f3l","og:type":"article","og:title":"Magasabb lesz az infl\u00e1ci\u00f3 2019-ben | AllasOrias.hu | H\u00edrek-lapszemle","og:description":"Legal\u00e1bb 4%-os infl\u00e1ci\u00f3ra \u00e9s gazdas\u00e1gi n\u00f6veked\u00e9sre sz\u00e1m\u00edtanak az elemz\u0151k j\u00f6v\u0151re. A CIB Bank szakemberei szerint a kev\u00e9sb\u00e9 t\u00e1mogat\u00f3 k\u00fcls\u0151 k\u00f6rnyezetben a gazdas\u00e1g motorja a bels\u0151 felhaszn\u00e1l\u00e1s marad, amelyet a feszes munkaer\u0151piac, a dinamikus b\u00e9rki\u00e1raml\u00e1s \u00e9s az \u00e9l\u00e9nk hitelfelv\u00e9teli kedv is t\u00e1mogat. Az el\u0151rejelz\u00e9sek szerint a megel\u0151z\u0151 \u00e9vet meghalad\u00f3 \u00fctem\u0171, j\u00f3val 4% feletti GDP-n\u00f6veked\u00e9sre sz\u00e1m\u00edthatunk 2018-ban.","og:url":"https:\/\/allasorias.hu\/hirek\/magasabb-lesz-az-inflacio-2019-ben\/","og:image":"https:\/\/allasorias.hu\/hirek\/wp-content\/uploads\/2018\/11\/coins-1015125_640.jpg","og:image:secure_url":"https:\/\/allasorias.hu\/hirek\/wp-content\/uploads\/2018\/11\/coins-1015125_640.jpg","og:image:width":640,"og:image:height":426,"article:published_time":"2018-11-23T10:21:55+00:00","article:modified_time":"2018-11-23T10:21:55+00:00","article:publisher":"https:\/\/www.facebook.com\/allasorias","twitter:card":"summary_large_image","twitter:title":"Magasabb lesz az infl\u00e1ci\u00f3 2019-ben | AllasOrias.hu | H\u00edrek-lapszemle","twitter:description":"Legal\u00e1bb 4%-os infl\u00e1ci\u00f3ra \u00e9s gazdas\u00e1gi n\u00f6veked\u00e9sre sz\u00e1m\u00edtanak az elemz\u0151k j\u00f6v\u0151re. A CIB Bank szakemberei szerint a kev\u00e9sb\u00e9 t\u00e1mogat\u00f3 k\u00fcls\u0151 k\u00f6rnyezetben a gazdas\u00e1g motorja a bels\u0151 felhaszn\u00e1l\u00e1s marad, amelyet a feszes munkaer\u0151piac, a dinamikus b\u00e9rki\u00e1raml\u00e1s \u00e9s az \u00e9l\u00e9nk hitelfelv\u00e9teli kedv is t\u00e1mogat. Az el\u0151rejelz\u00e9sek szerint a megel\u0151z\u0151 \u00e9vet meghalad\u00f3 \u00fctem\u0171, j\u00f3val 4% feletti GDP-n\u00f6veked\u00e9sre sz\u00e1m\u00edthatunk 2018-ban.","twitter:image":"https:\/\/allasorias.hu\/hirek\/wp-content\/uploads\/2018\/11\/coins-1015125_640.jpg","twitter:label1":"Written by","twitter:data1":"Juh\u00e1sz P\u00e9ter","twitter:label2":"Est. reading time","twitter:data2":"3 minutes"},"aioseo_meta_data":{"post_id":"2217","title":null,"description":null,"keywords":null,"keyphrases":null,"primary_term":null,"canonical_url":null,"og_title":null,"og_description":null,"og_object_type":"default","og_image_type":"default","og_image_url":null,"og_image_width":null,"og_image_height":null,"og_image_custom_url":null,"og_image_custom_fields":null,"og_video":null,"og_custom_url":null,"og_article_section":null,"og_article_tags":null,"twitter_use_og":false,"twitter_card":"default","twitter_image_type":"default","twitter_image_url":null,"twitter_image_custom_url":null,"twitter_image_custom_fields":null,"twitter_title":null,"twitter_description":null,"schema":{"blockGraphs":[],"customGraphs":[],"default":{"data":{"Article":[],"Course":[],"Dataset":[],"FAQPage":[],"Movie":[],"Person":[],"Product":[],"ProductReview":[],"Car":[],"Recipe":[],"Service":[],"SoftwareApplication":[],"WebPage":[]},"graphName":"","isEnabled":true},"graphs":[],"defaultGraph":"","defaultPostTypeGraph":""},"schema_type":null,"schema_type_options":null,"pillar_content":false,"robots_default":true,"robots_noindex":false,"robots_noarchive":false,"robots_nosnippet":false,"robots_nofollow":false,"robots_noimageindex":false,"robots_noodp":false,"robots_notranslate":false,"robots_max_snippet":null,"robots_max_videopreview":null,"robots_max_imagepreview":"large","priority":null,"frequency":null,"location":null,"local_seo":null,"breadcrumb_settings":null,"limit_modified_date":false,"ai":null,"created":"2021-02-01 20:45:00","updated":"2025-10-02 09:23:32","seo_analyzer_scan_date":null,"focus_keyword":null,"additional_keywords":null,"truseo_locale":null},"aioseo_breadcrumb":"<div class=\"aioseo-breadcrumbs\"><span class=\"aioseo-breadcrumb\">\n\t\t\t<a href=\"https:\/\/allasorias.hu\/hirek\" title=\"Home\">Home<\/a>\n\t\t<\/span><span class=\"aioseo-breadcrumb-separator\">&raquo;<\/span><span class=\"aioseo-breadcrumb\">\n\t\t\t<a href=\"https:\/\/allasorias.hu\/hirek\/temak\/gazdasag\/\" title=\"Gazdas\u00e1g\">Gazdas\u00e1g<\/a>\n\t\t<\/span><span class=\"aioseo-breadcrumb-separator\">&raquo;<\/span><span class=\"aioseo-breadcrumb\">\n\t\t\tMagasabb lesz az infl\u00e1ci\u00f3 2019-ben\n\t\t<\/span><\/div>","aioseo_breadcrumb_json":[{"label":"Home","link":"https:\/\/allasorias.hu\/hirek"},{"label":"Gazdas\u00e1g","link":"https:\/\/allasorias.hu\/hirek\/temak\/gazdasag\/"},{"label":"Magasabb lesz az infl\u00e1ci\u00f3 2019-ben","link":"https:\/\/allasorias.hu\/hirek\/magasabb-lesz-az-inflacio-2019-ben\/"}],"_links":{"self":[{"href":"https:\/\/allasorias.hu\/hirek\/wp-json\/wp\/v2\/posts\/2217","targetHints":{"allow":["GET"]}}],"collection":[{"href":"https:\/\/allasorias.hu\/hirek\/wp-json\/wp\/v2\/posts"}],"about":[{"href":"https:\/\/allasorias.hu\/hirek\/wp-json\/wp\/v2\/types\/post"}],"author":[{"embeddable":true,"href":"https:\/\/allasorias.hu\/hirek\/wp-json\/wp\/v2\/users\/1"}],"replies":[{"embeddable":true,"href":"https:\/\/allasorias.hu\/hirek\/wp-json\/wp\/v2\/comments?post=2217"}],"version-history":[{"count":1,"href":"https:\/\/allasorias.hu\/hirek\/wp-json\/wp\/v2\/posts\/2217\/revisions"}],"predecessor-version":[{"id":2219,"href":"https:\/\/allasorias.hu\/hirek\/wp-json\/wp\/v2\/posts\/2217\/revisions\/2219"}],"wp:featuredmedia":[{"embeddable":true,"href":"https:\/\/allasorias.hu\/hirek\/wp-json\/wp\/v2\/media\/2218"}],"wp:attachment":[{"href":"https:\/\/allasorias.hu\/hirek\/wp-json\/wp\/v2\/media?parent=2217"}],"wp:term":[{"taxonomy":"category","embeddable":true,"href":"https:\/\/allasorias.hu\/hirek\/wp-json\/wp\/v2\/categories?post=2217"},{"taxonomy":"post_tag","embeddable":true,"href":"https:\/\/allasorias.hu\/hirek\/wp-json\/wp\/v2\/tags?post=2217"}],"curies":[{"name":"wp","href":"https:\/\/api.w.org\/{rel}","templated":true}]}}