{"id":2214,"date":"2018-11-23T10:17:15","date_gmt":"2018-11-23T10:17:15","guid":{"rendered":"https:\/\/allasorias.hu\/hirek\/?p=2214"},"modified":"2018-11-23T10:17:15","modified_gmt":"2018-11-23T10:17:15","slug":"a-foglalkoztatas-modja-osszefugg-a-szuletesek-szamaval","status":"publish","type":"post","link":"https:\/\/allasorias.hu\/hirek\/a-foglalkoztatas-modja-osszefugg-a-szuletesek-szamaval\/","title":{"rendered":"A foglalkoztat\u00e1s m\u00f3dja \u00f6sszef\u00fcgg a sz\u00fclet\u00e9sek sz\u00e1m\u00e1val"},"content":{"rendered":"<p style=\"text-align: justify;\"><strong>A \u00a0KSH Munkaer\u0151piaci helyzetk\u00e9pe szerint a 2014 \u00e9s 2018 k\u00f6zti id\u0151szakban az atipikus foglalkoztat\u00e1si form\u00e1k m\u00e9g mindig nem igaz\u00e1n terjedtek el Magyarorsz\u00e1gon, pedig ahhoz, hogy t\u00e9nylegesen t\u00f6bb gyereket tudjanak v\u00e1llalni a csal\u00e1dok, mindenk\u00e9ppen nagy sz\u00fcks\u00e9g lenne erre. Hivatalosan atipikusnak min\u0151s\u00fcl minden olyan foglalkoztat\u00e1si viszony, ami vagy nem alkalmaz\u00e1sban \u00e1ll\u00f3k\u00e9nt, vagy hat\u00e1rozott idej\u0171 szerz\u0151d\u00e9ssel, illetve r\u00e9szmunkaid\u0151sk\u00e9nt t\u00f6rt\u00e9nik.<\/strong><\/p>\n<p style=\"text-align: justify;\">A tavalyi \u00e9v negyedik negyed\u00e9v\u00e9ben 330 ezren dolgoztak hat\u00e1rozott idej\u0171 szerz\u0151d\u00e9ssel, ez az \u00f6sszes magyar dolgoz\u00f3 nagyj\u00e1b\u00f3l 9 sz\u00e1zal\u00e9k\u00e1t jelenti, ami mintegy 4 sz\u00e1zal\u00e9kponttal elmaradt az uni\u00f3s \u00e1tlagt\u00f3l, de nem sz\u00e1m\u00edt kir\u00edv\u00f3an alacsonynak. Szint\u00e9n atipikus munkav\u00e9gz\u00e9snek sz\u00e1m\u00edt a nem teljes munkaid\u0151ben t\u00f6rt\u00e9n\u0151 munkav\u00e9gz\u00e9s. Jellemz\u0151en \u00edgy dolgoznak a nappali tagozatos tanulm\u00e1nyaik mellett munk\u00e1t v\u00e1llal\u00f3 di\u00e1kok, a nyugd\u00edjasok, de a legjelent\u0151sebb r\u00e9teget a gyermeket nevel\u0151 n\u0151k jelentik, akiknek ez a forma l\u00e9nyegesen megk\u00f6nny\u00edti a munkav\u00e1llal\u00f3i \u00e9s a csal\u00e1di k\u00f6t\u00f6tts\u00e9geik \u00f6sszeegyeztet\u00e9s\u00e9t. Ahogy azt a T\u00e1rki T\u00e1rsadalmi Riport 2018 k\u00e9sz\u00edt\u0151i is megfogalmazt\u00e1k, az anyagi t\u00e1mogat\u00e1sok eg\u00e9szen egyszer\u0171en nem lesznek elegek ahhoz, hogy \u00fajabb gyerekeket v\u00e1llaljanak a p\u00e1rok. A t\u00e1rsadalomban zajl\u00f3 folyamatok azonban amellett, hogy a korm\u00e1nyzati t\u00f6rekv\u00e9sek ellen hatnak, r\u00e1vil\u00e1g\u00edtanak arra is, hogy ide az anyagi \u00f6szt\u00f6nz\u0151k\u00f6n t\u00fal m\u00e1s eszk\u00f6z\u00f6kre is sz\u00fcks\u00e9g lesz, ilyen lenne p\u00e9ld\u00e1ul a r\u00e9szmunkaid\u0151s foglalkoztat\u00e1s t\u00e1mogat\u00e1sa. Ennek hi\u00e1nya KSH sz\u00e1main is megl\u00e1tszik. A r\u00e9szmunkaid\u0151s foglalkoztat\u00e1s Nyugat-Eur\u00f3p\u00e1ban sz\u00e9les k\u00f6rben elterjedt, m\u00edg a volt szocialista orsz\u00e1gokban, ahol a csal\u00e1d eltart\u00e1sa jellemz\u0151en k\u00e9t teljes munkaid\u0151s munkav\u00e1llal\u00f3t k\u00edv\u00e1n meg, a gyermeket nevel\u0151 n\u0151knek is csak igen kis h\u00e1nyada dolgozik nem teljes munkaid\u0151ben. Az Eur\u00f3pai Uni\u00f3s \u00e1tlag 19,3 sz\u00e1zal\u00e9k, ehhez k\u00e9pest a magyar munkav\u00e1llal\u00f3k csup\u00e1n 4,3 sz\u00e1zal\u00e9ka dolgozik r\u00e9szmunkaid\u0151ben.<\/p>\n<p><em>Forr\u00e1s: privatbankar.hu<\/em><\/p>\n","protected":false},"excerpt":{"rendered":"<p>A \u00a0KSH Munkaer\u0151piaci helyzetk\u00e9pe szerint a 2014 \u00e9s 2018 k\u00f6zti id\u0151szakban az atipikus foglalkoztat\u00e1si form\u00e1k m\u00e9g mindig nem igaz\u00e1n terjedtek el Magyarorsz\u00e1gon, pedig ahhoz, hogy t\u00e9nylegesen t\u00f6bb gyereket tudjanak v\u00e1llalni a csal\u00e1dok, mindenk\u00e9ppen nagy sz\u00fcks\u00e9g lenne erre. Hivatalosan atipikusnak min\u0151s\u00fcl minden olyan foglalkoztat\u00e1si viszony, ami vagy nem alkalmaz\u00e1sban \u00e1ll\u00f3k\u00e9nt, vagy hat\u00e1rozott idej\u0171 szerz\u0151d\u00e9ssel, illetve r\u00e9szmunkaid\u0151sk\u00e9nt [&hellip;]<\/p>\n","protected":false},"author":1,"featured_media":2215,"comment_status":"open","ping_status":"open","sticky":false,"template":"","format":"standard","meta":{"_monsterinsights_skip_tracking":false,"footnotes":""},"categories":[198,200],"tags":[],"class_list":["post-2214","post","type-post","status-publish","format-standard","has-post-thumbnail","hentry","category-gazdasag","category-munkaeropiac"],"aioseo_notices":[],"aioseo_head":"\n\t\t<!-- All in One SEO 5.0.0.1 - aioseo.com -->\n\t<meta name=\"description\" content=\"A KSH Munkaer\u0151piaci helyzetk\u00e9pe szerint a 2014 \u00e9s 2018 k\u00f6zti id\u0151szakban az atipikus foglalkoztat\u00e1si form\u00e1k m\u00e9g mindig nem igaz\u00e1n terjedtek el Magyarorsz\u00e1gon, pedig ahhoz, hogy t\u00e9nylegesen t\u00f6bb gyereket tudjanak v\u00e1llalni a csal\u00e1dok, mindenk\u00e9ppen nagy sz\u00fcks\u00e9g lenne erre. Hivatalosan atipikusnak min\u0151s\u00fcl minden olyan foglalkoztat\u00e1si viszony, ami vagy nem alkalmaz\u00e1sban \u00e1ll\u00f3k\u00e9nt, vagy hat\u00e1rozott idej\u0171 szerz\u0151d\u00e9ssel, illetve r\u00e9szmunkaid\u0151sk\u00e9nt\" \/>\n\t<meta name=\"robots\" content=\"max-image-preview:large\" \/>\n\t<meta name=\"author\" content=\"Juh\u00e1sz P\u00e9ter\"\/>\n\t<link rel=\"canonical\" href=\"https:\/\/allasorias.hu\/hirek\/a-foglalkoztatas-modja-osszefugg-a-szuletesek-szamaval\/\" \/>\n\t<meta name=\"generator\" content=\"All in One SEO (AIOSEO) 5.0.0.1\" \/>\n\t\t<meta property=\"og:locale\" content=\"hu_HU\" \/>\n\t\t<meta property=\"og:site_name\" content=\"AllasOrias.hu | H\u00edrek-lapszemle | \u00dczleti h\u00edrek az \u00e1ll\u00e1s \u00e9s a munka vil\u00e1g\u00e1b\u00f3l\" \/>\n\t\t<meta property=\"og:type\" content=\"article\" \/>\n\t\t<meta property=\"og:title\" content=\"A foglalkoztat\u00e1s m\u00f3dja \u00f6sszef\u00fcgg a sz\u00fclet\u00e9sek sz\u00e1m\u00e1val | AllasOrias.hu | H\u00edrek-lapszemle\" \/>\n\t\t<meta property=\"og:description\" content=\"A KSH Munkaer\u0151piaci helyzetk\u00e9pe szerint a 2014 \u00e9s 2018 k\u00f6zti id\u0151szakban az atipikus foglalkoztat\u00e1si form\u00e1k m\u00e9g mindig nem igaz\u00e1n terjedtek el Magyarorsz\u00e1gon, pedig ahhoz, hogy t\u00e9nylegesen t\u00f6bb gyereket tudjanak v\u00e1llalni a csal\u00e1dok, mindenk\u00e9ppen nagy sz\u00fcks\u00e9g lenne erre. Hivatalosan atipikusnak min\u0151s\u00fcl minden olyan foglalkoztat\u00e1si viszony, ami vagy nem alkalmaz\u00e1sban \u00e1ll\u00f3k\u00e9nt, vagy hat\u00e1rozott idej\u0171 szerz\u0151d\u00e9ssel, illetve r\u00e9szmunkaid\u0151sk\u00e9nt\" \/>\n\t\t<meta property=\"og:url\" content=\"https:\/\/allasorias.hu\/hirek\/a-foglalkoztatas-modja-osszefugg-a-szuletesek-szamaval\/\" \/>\n\t\t<meta property=\"og:image\" content=\"https:\/\/allasorias.hu\/hirek\/wp-content\/uploads\/2018\/11\/pexels-photo-1456279.jpeg\" \/>\n\t\t<meta property=\"og:image:secure_url\" content=\"https:\/\/allasorias.hu\/hirek\/wp-content\/uploads\/2018\/11\/pexels-photo-1456279.jpeg\" \/>\n\t\t<meta property=\"og:image:width\" content=\"640\" \/>\n\t\t<meta property=\"og:image:height\" content=\"426\" \/>\n\t\t<meta property=\"article:published_time\" content=\"2018-11-23T10:17:15+00:00\" \/>\n\t\t<meta property=\"article:modified_time\" content=\"2018-11-23T10:17:15+00:00\" \/>\n\t\t<meta property=\"article:publisher\" content=\"https:\/\/www.facebook.com\/allasorias\" \/>\n\t\t<meta name=\"twitter:card\" content=\"summary_large_image\" \/>\n\t\t<meta name=\"twitter:title\" content=\"A foglalkoztat\u00e1s m\u00f3dja \u00f6sszef\u00fcgg a sz\u00fclet\u00e9sek sz\u00e1m\u00e1val | AllasOrias.hu | H\u00edrek-lapszemle\" \/>\n\t\t<meta name=\"twitter:description\" content=\"A KSH Munkaer\u0151piaci helyzetk\u00e9pe szerint a 2014 \u00e9s 2018 k\u00f6zti id\u0151szakban az atipikus foglalkoztat\u00e1si form\u00e1k m\u00e9g mindig nem igaz\u00e1n terjedtek el Magyarorsz\u00e1gon, pedig ahhoz, hogy t\u00e9nylegesen t\u00f6bb gyereket tudjanak v\u00e1llalni a csal\u00e1dok, mindenk\u00e9ppen nagy sz\u00fcks\u00e9g lenne erre. Hivatalosan atipikusnak min\u0151s\u00fcl minden olyan foglalkoztat\u00e1si viszony, ami vagy nem alkalmaz\u00e1sban \u00e1ll\u00f3k\u00e9nt, vagy hat\u00e1rozott idej\u0171 szerz\u0151d\u00e9ssel, illetve r\u00e9szmunkaid\u0151sk\u00e9nt\" \/>\n\t\t<meta name=\"twitter:image\" content=\"https:\/\/allasorias.hu\/hirek\/wp-content\/uploads\/2018\/11\/pexels-photo-1456279.jpeg\" \/>\n\t\t<meta name=\"twitter:label1\" content=\"Written by\" \/>\n\t\t<meta name=\"twitter:data1\" content=\"Juh\u00e1sz P\u00e9ter\" \/>\n\t\t<meta name=\"twitter:label2\" content=\"Est. reading time\" \/>\n\t\t<meta name=\"twitter:data2\" content=\"2 minutes\" \/>\n\t\t<script type=\"application\/ld+json\" class=\"aioseo-schema\">\n\t\t\t{\"@context\":\"https:\\\/\\\/schema.org\",\"@graph\":[{\"@type\":\"Article\",\"@id\":\"https:\\\/\\\/allasorias.hu\\\/hirek\\\/a-foglalkoztatas-modja-osszefugg-a-szuletesek-szamaval\\\/#article\",\"name\":\"A foglalkoztat\\u00e1s m\\u00f3dja \\u00f6sszef\\u00fcgg a sz\\u00fclet\\u00e9sek sz\\u00e1m\\u00e1val | AllasOrias.hu | H\\u00edrek-lapszemle\",\"headline\":\"A foglalkoztat\\u00e1s m\\u00f3dja \\u00f6sszef\\u00fcgg a sz\\u00fclet\\u00e9sek sz\\u00e1m\\u00e1val\",\"author\":{\"@id\":\"https:\\\/\\\/allasorias.hu\\\/hirek\\\/author\\\/admin-allasorias\\\/#author\"},\"publisher\":{\"@id\":\"https:\\\/\\\/allasorias.hu\\\/hirek\\\/#organization\"},\"image\":{\"@type\":\"ImageObject\",\"url\":\"https:\\\/\\\/allasorias.hu\\\/hirek\\\/wp-content\\\/uploads\\\/2018\\\/11\\\/pexels-photo-1456279.jpeg\",\"width\":640,\"height\":426},\"datePublished\":\"2018-11-23T10:17:15+02:00\",\"dateModified\":\"2018-11-23T10:17:15+02:00\",\"inLanguage\":\"hu-HU\",\"mainEntityOfPage\":{\"@id\":\"https:\\\/\\\/allasorias.hu\\\/hirek\\\/a-foglalkoztatas-modja-osszefugg-a-szuletesek-szamaval\\\/#webpage\"},\"isPartOf\":{\"@id\":\"https:\\\/\\\/allasorias.hu\\\/hirek\\\/a-foglalkoztatas-modja-osszefugg-a-szuletesek-szamaval\\\/#webpage\"},\"articleSection\":\"Gazdas\\u00e1g, Munkaer\\u0151piac\"},{\"@type\":\"BreadcrumbList\",\"@id\":\"https:\\\/\\\/allasorias.hu\\\/hirek\\\/a-foglalkoztatas-modja-osszefugg-a-szuletesek-szamaval\\\/#breadcrumblist\",\"itemListElement\":[{\"@type\":\"ListItem\",\"@id\":\"https:\\\/\\\/allasorias.hu\\\/hirek#listItem\",\"position\":1,\"name\":\"Home\",\"item\":\"https:\\\/\\\/allasorias.hu\\\/hirek\",\"nextItem\":{\"@type\":\"ListItem\",\"@id\":\"https:\\\/\\\/allasorias.hu\\\/hirek\\\/temak\\\/gazdasag\\\/#listItem\",\"name\":\"Gazdas\\u00e1g\"}},{\"@type\":\"ListItem\",\"@id\":\"https:\\\/\\\/allasorias.hu\\\/hirek\\\/temak\\\/gazdasag\\\/#listItem\",\"position\":2,\"name\":\"Gazdas\\u00e1g\",\"item\":\"https:\\\/\\\/allasorias.hu\\\/hirek\\\/temak\\\/gazdasag\\\/\",\"nextItem\":{\"@type\":\"ListItem\",\"@id\":\"https:\\\/\\\/allasorias.hu\\\/hirek\\\/a-foglalkoztatas-modja-osszefugg-a-szuletesek-szamaval\\\/#listItem\",\"name\":\"A foglalkoztat\\u00e1s m\\u00f3dja \\u00f6sszef\\u00fcgg a sz\\u00fclet\\u00e9sek sz\\u00e1m\\u00e1val\"},\"previousItem\":{\"@type\":\"ListItem\",\"@id\":\"https:\\\/\\\/allasorias.hu\\\/hirek#listItem\",\"name\":\"Home\"}},{\"@type\":\"ListItem\",\"@id\":\"https:\\\/\\\/allasorias.hu\\\/hirek\\\/a-foglalkoztatas-modja-osszefugg-a-szuletesek-szamaval\\\/#listItem\",\"position\":3,\"name\":\"A foglalkoztat\\u00e1s m\\u00f3dja \\u00f6sszef\\u00fcgg a sz\\u00fclet\\u00e9sek sz\\u00e1m\\u00e1val\",\"previousItem\":{\"@type\":\"ListItem\",\"@id\":\"https:\\\/\\\/allasorias.hu\\\/hirek\\\/temak\\\/gazdasag\\\/#listItem\",\"name\":\"Gazdas\\u00e1g\"}}]},{\"@type\":\"Organization\",\"@id\":\"https:\\\/\\\/allasorias.hu\\\/hirek\\\/#organization\",\"name\":\"AllasOrias.hu | H\\u00edrek-lapszemle\",\"description\":\"\\u00dczleti h\\u00edrek az \\u00e1ll\\u00e1s \\u00e9s a munka vil\\u00e1g\\u00e1b\\u00f3l\",\"url\":\"https:\\\/\\\/allasorias.hu\\\/hirek\\\/\",\"logo\":{\"@type\":\"ImageObject\",\"url\":\"https:\\\/\\\/allasorias.hu\\\/hirek\\\/wp-content\\\/uploads\\\/2022\\\/10\\\/allasorias_site_facebok_logo.png\",\"@id\":\"https:\\\/\\\/allasorias.hu\\\/hirek\\\/a-foglalkoztatas-modja-osszefugg-a-szuletesek-szamaval\\\/#organizationLogo\"},\"image\":{\"@id\":\"https:\\\/\\\/allasorias.hu\\\/hirek\\\/a-foglalkoztatas-modja-osszefugg-a-szuletesek-szamaval\\\/#organizationLogo\"},\"sameAs\":[\"https:\\\/\\\/www.facebook.com\\\/allasorias\",\"https:\\\/\\\/www.linkedin.com\\\/company\\\/allasorias\"]},{\"@type\":\"Person\",\"@id\":\"https:\\\/\\\/allasorias.hu\\\/hirek\\\/author\\\/admin-allasorias\\\/#author\",\"url\":\"https:\\\/\\\/allasorias.hu\\\/hirek\\\/author\\\/admin-allasorias\\\/\",\"name\":\"Juh\\u00e1sz P\\u00e9ter\",\"image\":{\"@type\":\"ImageObject\",\"@id\":\"https:\\\/\\\/allasorias.hu\\\/hirek\\\/a-foglalkoztatas-modja-osszefugg-a-szuletesek-szamaval\\\/#authorImage\",\"url\":\"https:\\\/\\\/secure.gravatar.com\\\/avatar\\\/36e6bcb83148978b992977cb0f54d22feb0cce8a0a849a9410532bb2623ba4c6?s=96&d=mm&r=g\",\"width\":96,\"height\":96,\"caption\":\"Juh\\u00e1sz P\\u00e9ter\"}},{\"@type\":\"WebPage\",\"@id\":\"https:\\\/\\\/allasorias.hu\\\/hirek\\\/a-foglalkoztatas-modja-osszefugg-a-szuletesek-szamaval\\\/#webpage\",\"url\":\"https:\\\/\\\/allasorias.hu\\\/hirek\\\/a-foglalkoztatas-modja-osszefugg-a-szuletesek-szamaval\\\/\",\"name\":\"A foglalkoztat\\u00e1s m\\u00f3dja \\u00f6sszef\\u00fcgg a sz\\u00fclet\\u00e9sek sz\\u00e1m\\u00e1val | AllasOrias.hu | H\\u00edrek-lapszemle\",\"description\":\"A KSH Munkaer\\u0151piaci helyzetk\\u00e9pe szerint a 2014 \\u00e9s 2018 k\\u00f6zti id\\u0151szakban az atipikus foglalkoztat\\u00e1si form\\u00e1k m\\u00e9g mindig nem igaz\\u00e1n terjedtek el Magyarorsz\\u00e1gon, pedig ahhoz, hogy t\\u00e9nylegesen t\\u00f6bb gyereket tudjanak v\\u00e1llalni a csal\\u00e1dok, mindenk\\u00e9ppen nagy sz\\u00fcks\\u00e9g lenne erre. Hivatalosan atipikusnak min\\u0151s\\u00fcl minden olyan foglalkoztat\\u00e1si viszony, ami vagy nem alkalmaz\\u00e1sban \\u00e1ll\\u00f3k\\u00e9nt, vagy hat\\u00e1rozott idej\\u0171 szerz\\u0151d\\u00e9ssel, illetve r\\u00e9szmunkaid\\u0151sk\\u00e9nt\",\"inLanguage\":\"hu-HU\",\"isPartOf\":{\"@id\":\"https:\\\/\\\/allasorias.hu\\\/hirek\\\/#website\"},\"breadcrumb\":{\"@id\":\"https:\\\/\\\/allasorias.hu\\\/hirek\\\/a-foglalkoztatas-modja-osszefugg-a-szuletesek-szamaval\\\/#breadcrumblist\"},\"author\":{\"@id\":\"https:\\\/\\\/allasorias.hu\\\/hirek\\\/author\\\/admin-allasorias\\\/#author\"},\"creator\":{\"@id\":\"https:\\\/\\\/allasorias.hu\\\/hirek\\\/author\\\/admin-allasorias\\\/#author\"},\"image\":{\"@type\":\"ImageObject\",\"url\":\"https:\\\/\\\/allasorias.hu\\\/hirek\\\/wp-content\\\/uploads\\\/2018\\\/11\\\/pexels-photo-1456279.jpeg\",\"@id\":\"https:\\\/\\\/allasorias.hu\\\/hirek\\\/a-foglalkoztatas-modja-osszefugg-a-szuletesek-szamaval\\\/#mainImage\",\"width\":640,\"height\":426},\"primaryImageOfPage\":{\"@id\":\"https:\\\/\\\/allasorias.hu\\\/hirek\\\/a-foglalkoztatas-modja-osszefugg-a-szuletesek-szamaval\\\/#mainImage\"},\"datePublished\":\"2018-11-23T10:17:15+02:00\",\"dateModified\":\"2018-11-23T10:17:15+02:00\"},{\"@type\":\"WebSite\",\"@id\":\"https:\\\/\\\/allasorias.hu\\\/hirek\\\/#website\",\"url\":\"https:\\\/\\\/allasorias.hu\\\/hirek\\\/\",\"name\":\"AllasOrias.hu | H\\u00edrek-lapszemle\",\"description\":\"\\u00dczleti h\\u00edrek az \\u00e1ll\\u00e1s \\u00e9s a munka vil\\u00e1g\\u00e1b\\u00f3l\",\"inLanguage\":\"hu-HU\",\"publisher\":{\"@id\":\"https:\\\/\\\/allasorias.hu\\\/hirek\\\/#organization\"}}]}\n\t\t<\/script>\n\t\t<!-- All in One SEO -->\n\n","aioseo_head_json":{"title":"A foglalkoztat\u00e1s m\u00f3dja \u00f6sszef\u00fcgg a sz\u00fclet\u00e9sek sz\u00e1m\u00e1val | AllasOrias.hu | H\u00edrek-lapszemle","description":"A KSH Munkaer\u0151piaci helyzetk\u00e9pe szerint a 2014 \u00e9s 2018 k\u00f6zti id\u0151szakban az atipikus foglalkoztat\u00e1si form\u00e1k m\u00e9g mindig nem igaz\u00e1n terjedtek el Magyarorsz\u00e1gon, pedig ahhoz, hogy t\u00e9nylegesen t\u00f6bb gyereket tudjanak v\u00e1llalni a csal\u00e1dok, mindenk\u00e9ppen nagy sz\u00fcks\u00e9g lenne erre. Hivatalosan atipikusnak min\u0151s\u00fcl minden olyan foglalkoztat\u00e1si viszony, ami vagy nem alkalmaz\u00e1sban \u00e1ll\u00f3k\u00e9nt, vagy hat\u00e1rozott idej\u0171 szerz\u0151d\u00e9ssel, illetve r\u00e9szmunkaid\u0151sk\u00e9nt","canonical_url":"https:\/\/allasorias.hu\/hirek\/a-foglalkoztatas-modja-osszefugg-a-szuletesek-szamaval\/","robots":"max-image-preview:large","keywords":"","webmasterTools":{"miscellaneous":""},"schema":{"@context":"https:\/\/schema.org","@graph":[{"@type":"Article","@id":"https:\/\/allasorias.hu\/hirek\/a-foglalkoztatas-modja-osszefugg-a-szuletesek-szamaval\/#article","name":"A foglalkoztat\u00e1s m\u00f3dja \u00f6sszef\u00fcgg a sz\u00fclet\u00e9sek sz\u00e1m\u00e1val | AllasOrias.hu | H\u00edrek-lapszemle","headline":"A foglalkoztat\u00e1s m\u00f3dja \u00f6sszef\u00fcgg a sz\u00fclet\u00e9sek sz\u00e1m\u00e1val","author":{"@id":"https:\/\/allasorias.hu\/hirek\/author\/admin-allasorias\/#author"},"publisher":{"@id":"https:\/\/allasorias.hu\/hirek\/#organization"},"image":{"@type":"ImageObject","url":"https:\/\/allasorias.hu\/hirek\/wp-content\/uploads\/2018\/11\/pexels-photo-1456279.jpeg","width":640,"height":426},"datePublished":"2018-11-23T10:17:15+02:00","dateModified":"2018-11-23T10:17:15+02:00","inLanguage":"hu-HU","mainEntityOfPage":{"@id":"https:\/\/allasorias.hu\/hirek\/a-foglalkoztatas-modja-osszefugg-a-szuletesek-szamaval\/#webpage"},"isPartOf":{"@id":"https:\/\/allasorias.hu\/hirek\/a-foglalkoztatas-modja-osszefugg-a-szuletesek-szamaval\/#webpage"},"articleSection":"Gazdas\u00e1g, Munkaer\u0151piac"},{"@type":"BreadcrumbList","@id":"https:\/\/allasorias.hu\/hirek\/a-foglalkoztatas-modja-osszefugg-a-szuletesek-szamaval\/#breadcrumblist","itemListElement":[{"@type":"ListItem","@id":"https:\/\/allasorias.hu\/hirek#listItem","position":1,"name":"Home","item":"https:\/\/allasorias.hu\/hirek","nextItem":{"@type":"ListItem","@id":"https:\/\/allasorias.hu\/hirek\/temak\/gazdasag\/#listItem","name":"Gazdas\u00e1g"}},{"@type":"ListItem","@id":"https:\/\/allasorias.hu\/hirek\/temak\/gazdasag\/#listItem","position":2,"name":"Gazdas\u00e1g","item":"https:\/\/allasorias.hu\/hirek\/temak\/gazdasag\/","nextItem":{"@type":"ListItem","@id":"https:\/\/allasorias.hu\/hirek\/a-foglalkoztatas-modja-osszefugg-a-szuletesek-szamaval\/#listItem","name":"A foglalkoztat\u00e1s m\u00f3dja \u00f6sszef\u00fcgg a sz\u00fclet\u00e9sek sz\u00e1m\u00e1val"},"previousItem":{"@type":"ListItem","@id":"https:\/\/allasorias.hu\/hirek#listItem","name":"Home"}},{"@type":"ListItem","@id":"https:\/\/allasorias.hu\/hirek\/a-foglalkoztatas-modja-osszefugg-a-szuletesek-szamaval\/#listItem","position":3,"name":"A foglalkoztat\u00e1s m\u00f3dja \u00f6sszef\u00fcgg a sz\u00fclet\u00e9sek sz\u00e1m\u00e1val","previousItem":{"@type":"ListItem","@id":"https:\/\/allasorias.hu\/hirek\/temak\/gazdasag\/#listItem","name":"Gazdas\u00e1g"}}]},{"@type":"Organization","@id":"https:\/\/allasorias.hu\/hirek\/#organization","name":"AllasOrias.hu | H\u00edrek-lapszemle","description":"\u00dczleti h\u00edrek az \u00e1ll\u00e1s \u00e9s a munka vil\u00e1g\u00e1b\u00f3l","url":"https:\/\/allasorias.hu\/hirek\/","logo":{"@type":"ImageObject","url":"https:\/\/allasorias.hu\/hirek\/wp-content\/uploads\/2022\/10\/allasorias_site_facebok_logo.png","@id":"https:\/\/allasorias.hu\/hirek\/a-foglalkoztatas-modja-osszefugg-a-szuletesek-szamaval\/#organizationLogo"},"image":{"@id":"https:\/\/allasorias.hu\/hirek\/a-foglalkoztatas-modja-osszefugg-a-szuletesek-szamaval\/#organizationLogo"},"sameAs":["https:\/\/www.facebook.com\/allasorias","https:\/\/www.linkedin.com\/company\/allasorias"]},{"@type":"Person","@id":"https:\/\/allasorias.hu\/hirek\/author\/admin-allasorias\/#author","url":"https:\/\/allasorias.hu\/hirek\/author\/admin-allasorias\/","name":"Juh\u00e1sz P\u00e9ter","image":{"@type":"ImageObject","@id":"https:\/\/allasorias.hu\/hirek\/a-foglalkoztatas-modja-osszefugg-a-szuletesek-szamaval\/#authorImage","url":"https:\/\/secure.gravatar.com\/avatar\/36e6bcb83148978b992977cb0f54d22feb0cce8a0a849a9410532bb2623ba4c6?s=96&d=mm&r=g","width":96,"height":96,"caption":"Juh\u00e1sz P\u00e9ter"}},{"@type":"WebPage","@id":"https:\/\/allasorias.hu\/hirek\/a-foglalkoztatas-modja-osszefugg-a-szuletesek-szamaval\/#webpage","url":"https:\/\/allasorias.hu\/hirek\/a-foglalkoztatas-modja-osszefugg-a-szuletesek-szamaval\/","name":"A foglalkoztat\u00e1s m\u00f3dja \u00f6sszef\u00fcgg a sz\u00fclet\u00e9sek sz\u00e1m\u00e1val | AllasOrias.hu | H\u00edrek-lapszemle","description":"A KSH Munkaer\u0151piaci helyzetk\u00e9pe szerint a 2014 \u00e9s 2018 k\u00f6zti id\u0151szakban az atipikus foglalkoztat\u00e1si form\u00e1k m\u00e9g mindig nem igaz\u00e1n terjedtek el Magyarorsz\u00e1gon, pedig ahhoz, hogy t\u00e9nylegesen t\u00f6bb gyereket tudjanak v\u00e1llalni a csal\u00e1dok, mindenk\u00e9ppen nagy sz\u00fcks\u00e9g lenne erre. Hivatalosan atipikusnak min\u0151s\u00fcl minden olyan foglalkoztat\u00e1si viszony, ami vagy nem alkalmaz\u00e1sban \u00e1ll\u00f3k\u00e9nt, vagy hat\u00e1rozott idej\u0171 szerz\u0151d\u00e9ssel, illetve r\u00e9szmunkaid\u0151sk\u00e9nt","inLanguage":"hu-HU","isPartOf":{"@id":"https:\/\/allasorias.hu\/hirek\/#website"},"breadcrumb":{"@id":"https:\/\/allasorias.hu\/hirek\/a-foglalkoztatas-modja-osszefugg-a-szuletesek-szamaval\/#breadcrumblist"},"author":{"@id":"https:\/\/allasorias.hu\/hirek\/author\/admin-allasorias\/#author"},"creator":{"@id":"https:\/\/allasorias.hu\/hirek\/author\/admin-allasorias\/#author"},"image":{"@type":"ImageObject","url":"https:\/\/allasorias.hu\/hirek\/wp-content\/uploads\/2018\/11\/pexels-photo-1456279.jpeg","@id":"https:\/\/allasorias.hu\/hirek\/a-foglalkoztatas-modja-osszefugg-a-szuletesek-szamaval\/#mainImage","width":640,"height":426},"primaryImageOfPage":{"@id":"https:\/\/allasorias.hu\/hirek\/a-foglalkoztatas-modja-osszefugg-a-szuletesek-szamaval\/#mainImage"},"datePublished":"2018-11-23T10:17:15+02:00","dateModified":"2018-11-23T10:17:15+02:00"},{"@type":"WebSite","@id":"https:\/\/allasorias.hu\/hirek\/#website","url":"https:\/\/allasorias.hu\/hirek\/","name":"AllasOrias.hu | H\u00edrek-lapszemle","description":"\u00dczleti h\u00edrek az \u00e1ll\u00e1s \u00e9s a munka vil\u00e1g\u00e1b\u00f3l","inLanguage":"hu-HU","publisher":{"@id":"https:\/\/allasorias.hu\/hirek\/#organization"}}]},"og:locale":"hu_HU","og:site_name":"AllasOrias.hu | H\u00edrek-lapszemle | \u00dczleti h\u00edrek az \u00e1ll\u00e1s \u00e9s a munka vil\u00e1g\u00e1b\u00f3l","og:type":"article","og:title":"A foglalkoztat\u00e1s m\u00f3dja \u00f6sszef\u00fcgg a sz\u00fclet\u00e9sek sz\u00e1m\u00e1val | AllasOrias.hu | H\u00edrek-lapszemle","og:description":"A KSH Munkaer\u0151piaci helyzetk\u00e9pe szerint a 2014 \u00e9s 2018 k\u00f6zti id\u0151szakban az atipikus foglalkoztat\u00e1si form\u00e1k m\u00e9g mindig nem igaz\u00e1n terjedtek el Magyarorsz\u00e1gon, pedig ahhoz, hogy t\u00e9nylegesen t\u00f6bb gyereket tudjanak v\u00e1llalni a csal\u00e1dok, mindenk\u00e9ppen nagy sz\u00fcks\u00e9g lenne erre. Hivatalosan atipikusnak min\u0151s\u00fcl minden olyan foglalkoztat\u00e1si viszony, ami vagy nem alkalmaz\u00e1sban \u00e1ll\u00f3k\u00e9nt, vagy hat\u00e1rozott idej\u0171 szerz\u0151d\u00e9ssel, illetve r\u00e9szmunkaid\u0151sk\u00e9nt","og:url":"https:\/\/allasorias.hu\/hirek\/a-foglalkoztatas-modja-osszefugg-a-szuletesek-szamaval\/","og:image":"https:\/\/allasorias.hu\/hirek\/wp-content\/uploads\/2018\/11\/pexels-photo-1456279.jpeg","og:image:secure_url":"https:\/\/allasorias.hu\/hirek\/wp-content\/uploads\/2018\/11\/pexels-photo-1456279.jpeg","og:image:width":640,"og:image:height":426,"article:published_time":"2018-11-23T10:17:15+00:00","article:modified_time":"2018-11-23T10:17:15+00:00","article:publisher":"https:\/\/www.facebook.com\/allasorias","twitter:card":"summary_large_image","twitter:title":"A foglalkoztat\u00e1s m\u00f3dja \u00f6sszef\u00fcgg a sz\u00fclet\u00e9sek sz\u00e1m\u00e1val | AllasOrias.hu | H\u00edrek-lapszemle","twitter:description":"A KSH Munkaer\u0151piaci helyzetk\u00e9pe szerint a 2014 \u00e9s 2018 k\u00f6zti id\u0151szakban az atipikus foglalkoztat\u00e1si form\u00e1k m\u00e9g mindig nem igaz\u00e1n terjedtek el Magyarorsz\u00e1gon, pedig ahhoz, hogy t\u00e9nylegesen t\u00f6bb gyereket tudjanak v\u00e1llalni a csal\u00e1dok, mindenk\u00e9ppen nagy sz\u00fcks\u00e9g lenne erre. Hivatalosan atipikusnak min\u0151s\u00fcl minden olyan foglalkoztat\u00e1si viszony, ami vagy nem alkalmaz\u00e1sban \u00e1ll\u00f3k\u00e9nt, vagy hat\u00e1rozott idej\u0171 szerz\u0151d\u00e9ssel, illetve r\u00e9szmunkaid\u0151sk\u00e9nt","twitter:image":"https:\/\/allasorias.hu\/hirek\/wp-content\/uploads\/2018\/11\/pexels-photo-1456279.jpeg","twitter:label1":"Written by","twitter:data1":"Juh\u00e1sz P\u00e9ter","twitter:label2":"Est. reading time","twitter:data2":"2 minutes"},"aioseo_meta_data":{"post_id":"2214","title":null,"description":null,"keywords":null,"keyphrases":null,"primary_term":null,"canonical_url":null,"og_title":null,"og_description":null,"og_object_type":"default","og_image_type":"default","og_image_url":null,"og_image_width":null,"og_image_height":null,"og_image_custom_url":null,"og_image_custom_fields":null,"og_video":null,"og_custom_url":null,"og_article_section":null,"og_article_tags":null,"twitter_use_og":false,"twitter_card":"default","twitter_image_type":"default","twitter_image_url":null,"twitter_image_custom_url":null,"twitter_image_custom_fields":null,"twitter_title":null,"twitter_description":null,"schema":{"blockGraphs":[],"customGraphs":[],"default":{"data":{"Article":[],"Course":[],"Dataset":[],"FAQPage":[],"Movie":[],"Person":[],"Product":[],"ProductReview":[],"Car":[],"Recipe":[],"Service":[],"SoftwareApplication":[],"WebPage":[]},"graphName":"","isEnabled":true},"graphs":[],"defaultGraph":"","defaultPostTypeGraph":""},"schema_type":null,"schema_type_options":null,"pillar_content":false,"robots_default":true,"robots_noindex":false,"robots_noarchive":false,"robots_nosnippet":false,"robots_nofollow":false,"robots_noimageindex":false,"robots_noodp":false,"robots_notranslate":false,"robots_max_snippet":null,"robots_max_videopreview":null,"robots_max_imagepreview":"large","priority":null,"frequency":null,"location":null,"local_seo":null,"breadcrumb_settings":null,"limit_modified_date":false,"ai":null,"created":"2021-02-01 20:45:00","updated":"2025-10-02 09:23:32","seo_analyzer_scan_date":null,"focus_keyword":null,"additional_keywords":null,"truseo_locale":null},"aioseo_breadcrumb":"<div class=\"aioseo-breadcrumbs\"><span class=\"aioseo-breadcrumb\">\n\t\t\t<a href=\"https:\/\/allasorias.hu\/hirek\" title=\"Home\">Home<\/a>\n\t\t<\/span><span class=\"aioseo-breadcrumb-separator\">&raquo;<\/span><span class=\"aioseo-breadcrumb\">\n\t\t\t<a href=\"https:\/\/allasorias.hu\/hirek\/temak\/gazdasag\/\" title=\"Gazdas\u00e1g\">Gazdas\u00e1g<\/a>\n\t\t<\/span><span class=\"aioseo-breadcrumb-separator\">&raquo;<\/span><span class=\"aioseo-breadcrumb\">\n\t\t\tA foglalkoztat\u00e1s m\u00f3dja \u00f6sszef\u00fcgg a sz\u00fclet\u00e9sek sz\u00e1m\u00e1val\n\t\t<\/span><\/div>","aioseo_breadcrumb_json":[{"label":"Home","link":"https:\/\/allasorias.hu\/hirek"},{"label":"Gazdas\u00e1g","link":"https:\/\/allasorias.hu\/hirek\/temak\/gazdasag\/"},{"label":"A foglalkoztat\u00e1s m\u00f3dja \u00f6sszef\u00fcgg a sz\u00fclet\u00e9sek sz\u00e1m\u00e1val","link":"https:\/\/allasorias.hu\/hirek\/a-foglalkoztatas-modja-osszefugg-a-szuletesek-szamaval\/"}],"_links":{"self":[{"href":"https:\/\/allasorias.hu\/hirek\/wp-json\/wp\/v2\/posts\/2214","targetHints":{"allow":["GET"]}}],"collection":[{"href":"https:\/\/allasorias.hu\/hirek\/wp-json\/wp\/v2\/posts"}],"about":[{"href":"https:\/\/allasorias.hu\/hirek\/wp-json\/wp\/v2\/types\/post"}],"author":[{"embeddable":true,"href":"https:\/\/allasorias.hu\/hirek\/wp-json\/wp\/v2\/users\/1"}],"replies":[{"embeddable":true,"href":"https:\/\/allasorias.hu\/hirek\/wp-json\/wp\/v2\/comments?post=2214"}],"version-history":[{"count":1,"href":"https:\/\/allasorias.hu\/hirek\/wp-json\/wp\/v2\/posts\/2214\/revisions"}],"predecessor-version":[{"id":2216,"href":"https:\/\/allasorias.hu\/hirek\/wp-json\/wp\/v2\/posts\/2214\/revisions\/2216"}],"wp:featuredmedia":[{"embeddable":true,"href":"https:\/\/allasorias.hu\/hirek\/wp-json\/wp\/v2\/media\/2215"}],"wp:attachment":[{"href":"https:\/\/allasorias.hu\/hirek\/wp-json\/wp\/v2\/media?parent=2214"}],"wp:term":[{"taxonomy":"category","embeddable":true,"href":"https:\/\/allasorias.hu\/hirek\/wp-json\/wp\/v2\/categories?post=2214"},{"taxonomy":"post_tag","embeddable":true,"href":"https:\/\/allasorias.hu\/hirek\/wp-json\/wp\/v2\/tags?post=2214"}],"curies":[{"name":"wp","href":"https:\/\/api.w.org\/{rel}","templated":true}]}}