{"id":2212,"date":"2018-11-22T12:24:43","date_gmt":"2018-11-22T12:24:43","guid":{"rendered":"https:\/\/allasorias.hu\/hirek\/?p=2212"},"modified":"2018-11-22T12:24:43","modified_gmt":"2018-11-22T12:24:43","slug":"sokaig-elnenek-a-fiatalok-takarekoskodas-idoben","status":"publish","type":"post","link":"https:\/\/allasorias.hu\/hirek\/sokaig-elnenek-a-fiatalok-takarekoskodas-idoben\/","title":{"rendered":"Sok\u00e1ig \u00e9ln\u00e9nek a fiatalok \u2013 takar\u00e9koskod\u00e1s id\u0151ben"},"content":{"rendered":"<p><strong>A munka vil\u00e1g\u00e1ba most bel\u00e9p\u0151 Z gener\u00e1ci\u00f3 hosszabb j\u00f6v\u0151t j\u00f3sol mag\u00e1nak, mint a h\u00faszas-harmincas \u00e9veikben j\u00e1r\u00f3 Y gener\u00e1ci\u00f3 tagjai. Akik 1997-ben \u00e9s az ut\u00e1n sz\u00fclettek, \u00fagy gondolj\u00e1k, legal\u00e1bb \u00a085 \u00e9vig \u00e9lnek majd, m\u00edg az eggyel id\u0151sebb Y gener\u00e1ci\u00f3nak csup\u00e1n a 17 sz\u00e1zal\u00e9ka gondolkozik hasonl\u00f3k\u00e9pp \u2013 der\u00fcl ki az OTP Nyugd\u00edjp\u00e9nzt\u00e1r legfrissebb kutat\u00e1s\u00e1b\u00f3l.<\/strong><\/p>\n<p>A KSH adatai alapj\u00e1n a v\u00e1rhat\u00f3 \u00e1tlagos \u00e9lettartam az elm\u00falt t\u00edz \u00e9v sor\u00e1n k\u00e9t \u00e9vvel n\u00f6vekedett, ami a Z gener\u00e1ci\u00f3 v\u00e1rakoz\u00e1sait t\u00e1masztja al\u00e1. A hosszabb id\u0151skor azonban p\u00e9nz\u00fcgyileg is megterhel\u0151 lehet, az egyre kitol\u00f3d\u00f3 nyugd\u00edjkorhat\u00e1r \u00e9s nyugd\u00edjhelyettes\u00edt\u00e9si r\u00e1ta visszaes\u00e9se is erre figyelmeztethetnek. Az OTP Nyugd\u00edjp\u00e9nzt\u00e1r \u00e9ppen ez\u00e9rt arra \u00f6szt\u00f6nzi a fiatalokat, hogy id\u0151ben kezdjenek el gondoskodni a m\u00e9g t\u00e1volinak t\u0171n\u0151 nyugd\u00edjas \u00e9veikr\u0151l. A fiatalok 100 \u00e9vig \u00e9ln\u00e9nek, csak nem tudj\u00e1k mib\u0151l. Az 1997-ben vagy azut\u00e1n sz\u00fcletett koroszt\u00e1ly majdnem fele, 47 sz\u00e1zal\u00e9ka gondolja \u00fagy, hogy t\u00f6bb mint 75 \u00e9ves kor\u00e1ig fog \u00e9lni, 21 sz\u00e1zal\u00e9kuk szerint m\u00e9g 85 \u00e9ves koruk ut\u00e1n is sz\u00e1molhatj\u00e1k a sz\u00fclet\u00e9snapokat, 9 sz\u00e1zal\u00e9kuk pedig \u00fagy gondolja, hogy a sz\u00e1zadik \u00e9let\u00e9v\u00fcket is bet\u00f6ltik majd. .Az OECD orsz\u00e1gok k\u00f6z\u00f6tti 2017-es kutat\u00e1s szerint az \u00f6regkori f\u00fcgg\u0151s\u00e9gi r\u00e1ta a jelenlegi 28,5 sz\u00e1zal\u00e9kr\u00f3l 57,6 sz\u00e1zal\u00e9kra emelkedhet 2075-re, vagyis ennyivel nagyobb lesz az eltartottak ar\u00e1nya a gazdas\u00e1gilag akt\u00edv n\u00e9pess\u00e9ghez k\u00e9pest. A f\u00fcgg\u0151s\u00e9gi r\u00e1ta alacsonyan tart\u00e1s\u00e1hoz t\u00f6bb gazdas\u00e1gilag akt\u00edv \u00e1llampolg\u00e1rra lenne sz\u00fcks\u00e9g. Jelen pillanatban azonban ez a nyugd\u00edjkorhat\u00e1r tov\u00e1bbi emel\u00e9s\u00e9vel oldhat\u00f3 meg. Amennyiben a hazai lakoss\u00e1g szeretn\u00e9 elker\u00fclni az \u00e9lethosszig tart\u00f3 munk\u00e1t, \u00e9s m\u00e9gis szeretn\u00e9 biztos\u00edtani maga sz\u00e1m\u00e1ra az anyagi gondokt\u00f3l mentes id\u0151skort, elengedhetetlen, hogy min\u00e9l el\u0151bb megkezdje az anyagi felk\u00e9sz\u00fcl\u00e9st<\/p>\n<p><em>Forr\u00e1s: profitline.hu<\/em><\/p>\n","protected":false},"excerpt":{"rendered":"<p>A munka vil\u00e1g\u00e1ba most bel\u00e9p\u0151 Z gener\u00e1ci\u00f3 hosszabb j\u00f6v\u0151t j\u00f3sol mag\u00e1nak, mint a h\u00faszas-harmincas \u00e9veikben j\u00e1r\u00f3 Y gener\u00e1ci\u00f3 tagjai. Akik 1997-ben \u00e9s az ut\u00e1n sz\u00fclettek, \u00fagy gondolj\u00e1k, legal\u00e1bb \u00a085 \u00e9vig \u00e9lnek majd, m\u00edg az eggyel id\u0151sebb Y gener\u00e1ci\u00f3nak csup\u00e1n a 17 sz\u00e1zal\u00e9ka gondolkozik hasonl\u00f3k\u00e9pp \u2013 der\u00fcl ki az OTP Nyugd\u00edjp\u00e9nzt\u00e1r legfrissebb kutat\u00e1s\u00e1b\u00f3l. A KSH adatai [&hellip;]<\/p>\n","protected":false},"author":1,"featured_media":2141,"comment_status":"open","ping_status":"open","sticky":false,"template":"","format":"standard","meta":{"_monsterinsights_skip_tracking":false,"footnotes":""},"categories":[198],"tags":[],"class_list":["post-2212","post","type-post","status-publish","format-standard","has-post-thumbnail","hentry","category-gazdasag"],"aioseo_notices":[],"aioseo_head":"\n\t\t<!-- All in One SEO 5.0.0.1 - aioseo.com -->\n\t<meta name=\"description\" content=\"A munka vil\u00e1g\u00e1ba most bel\u00e9p\u0151 Z gener\u00e1ci\u00f3 hosszabb j\u00f6v\u0151t j\u00f3sol mag\u00e1nak, mint a h\u00faszas-harmincas \u00e9veikben j\u00e1r\u00f3 Y gener\u00e1ci\u00f3 tagjai. Akik 1997-ben \u00e9s az ut\u00e1n sz\u00fclettek, \u00fagy gondolj\u00e1k, legal\u00e1bb 85 \u00e9vig \u00e9lnek majd, m\u00edg az eggyel id\u0151sebb Y gener\u00e1ci\u00f3nak csup\u00e1n a 17 sz\u00e1zal\u00e9ka gondolkozik hasonl\u00f3k\u00e9pp \u2013 der\u00fcl ki az OTP Nyugd\u00edjp\u00e9nzt\u00e1r legfrissebb kutat\u00e1s\u00e1b\u00f3l. A KSH adatai\" \/>\n\t<meta name=\"robots\" content=\"max-image-preview:large\" \/>\n\t<meta name=\"author\" content=\"Juh\u00e1sz P\u00e9ter\"\/>\n\t<link rel=\"canonical\" href=\"https:\/\/allasorias.hu\/hirek\/sokaig-elnenek-a-fiatalok-takarekoskodas-idoben\/\" \/>\n\t<meta name=\"generator\" content=\"All in One SEO (AIOSEO) 5.0.0.1\" \/>\n\t\t<meta property=\"og:locale\" content=\"hu_HU\" \/>\n\t\t<meta property=\"og:site_name\" content=\"AllasOrias.hu | H\u00edrek-lapszemle | \u00dczleti h\u00edrek az \u00e1ll\u00e1s \u00e9s a munka vil\u00e1g\u00e1b\u00f3l\" \/>\n\t\t<meta property=\"og:type\" content=\"article\" \/>\n\t\t<meta property=\"og:title\" content=\"Sok\u00e1ig \u00e9ln\u00e9nek a fiatalok \u2013 takar\u00e9koskod\u00e1s id\u0151ben | AllasOrias.hu | H\u00edrek-lapszemle\" \/>\n\t\t<meta property=\"og:description\" content=\"A munka vil\u00e1g\u00e1ba most bel\u00e9p\u0151 Z gener\u00e1ci\u00f3 hosszabb j\u00f6v\u0151t j\u00f3sol mag\u00e1nak, mint a h\u00faszas-harmincas \u00e9veikben j\u00e1r\u00f3 Y gener\u00e1ci\u00f3 tagjai. Akik 1997-ben \u00e9s az ut\u00e1n sz\u00fclettek, \u00fagy gondolj\u00e1k, legal\u00e1bb 85 \u00e9vig \u00e9lnek majd, m\u00edg az eggyel id\u0151sebb Y gener\u00e1ci\u00f3nak csup\u00e1n a 17 sz\u00e1zal\u00e9ka gondolkozik hasonl\u00f3k\u00e9pp \u2013 der\u00fcl ki az OTP Nyugd\u00edjp\u00e9nzt\u00e1r legfrissebb kutat\u00e1s\u00e1b\u00f3l. A KSH adatai\" \/>\n\t\t<meta property=\"og:url\" content=\"https:\/\/allasorias.hu\/hirek\/sokaig-elnenek-a-fiatalok-takarekoskodas-idoben\/\" \/>\n\t\t<meta property=\"og:image\" content=\"https:\/\/allasorias.hu\/hirek\/wp-content\/uploads\/2018\/11\/hand-3672932_640.jpg\" \/>\n\t\t<meta property=\"og:image:secure_url\" content=\"https:\/\/allasorias.hu\/hirek\/wp-content\/uploads\/2018\/11\/hand-3672932_640.jpg\" \/>\n\t\t<meta property=\"og:image:width\" content=\"640\" \/>\n\t\t<meta property=\"og:image:height\" content=\"426\" \/>\n\t\t<meta property=\"article:published_time\" content=\"2018-11-22T12:24:43+00:00\" \/>\n\t\t<meta property=\"article:modified_time\" content=\"2018-11-22T12:24:43+00:00\" \/>\n\t\t<meta property=\"article:publisher\" content=\"https:\/\/www.facebook.com\/allasorias\" \/>\n\t\t<meta name=\"twitter:card\" content=\"summary_large_image\" \/>\n\t\t<meta name=\"twitter:title\" content=\"Sok\u00e1ig \u00e9ln\u00e9nek a fiatalok \u2013 takar\u00e9koskod\u00e1s id\u0151ben | AllasOrias.hu | H\u00edrek-lapszemle\" \/>\n\t\t<meta name=\"twitter:description\" content=\"A munka vil\u00e1g\u00e1ba most bel\u00e9p\u0151 Z gener\u00e1ci\u00f3 hosszabb j\u00f6v\u0151t j\u00f3sol mag\u00e1nak, mint a h\u00faszas-harmincas \u00e9veikben j\u00e1r\u00f3 Y gener\u00e1ci\u00f3 tagjai. Akik 1997-ben \u00e9s az ut\u00e1n sz\u00fclettek, \u00fagy gondolj\u00e1k, legal\u00e1bb 85 \u00e9vig \u00e9lnek majd, m\u00edg az eggyel id\u0151sebb Y gener\u00e1ci\u00f3nak csup\u00e1n a 17 sz\u00e1zal\u00e9ka gondolkozik hasonl\u00f3k\u00e9pp \u2013 der\u00fcl ki az OTP Nyugd\u00edjp\u00e9nzt\u00e1r legfrissebb kutat\u00e1s\u00e1b\u00f3l. A KSH adatai\" \/>\n\t\t<meta name=\"twitter:image\" content=\"https:\/\/allasorias.hu\/hirek\/wp-content\/uploads\/2018\/11\/hand-3672932_640.jpg\" \/>\n\t\t<meta name=\"twitter:label1\" content=\"Written by\" \/>\n\t\t<meta name=\"twitter:data1\" content=\"Juh\u00e1sz P\u00e9ter\" \/>\n\t\t<meta name=\"twitter:label2\" content=\"Est. reading time\" \/>\n\t\t<meta name=\"twitter:data2\" content=\"2 minutes\" \/>\n\t\t<script type=\"application\/ld+json\" class=\"aioseo-schema\">\n\t\t\t{\"@context\":\"https:\\\/\\\/schema.org\",\"@graph\":[{\"@type\":\"Article\",\"@id\":\"https:\\\/\\\/allasorias.hu\\\/hirek\\\/sokaig-elnenek-a-fiatalok-takarekoskodas-idoben\\\/#article\",\"name\":\"Sok\\u00e1ig \\u00e9ln\\u00e9nek a fiatalok \\u2013 takar\\u00e9koskod\\u00e1s id\\u0151ben | AllasOrias.hu | H\\u00edrek-lapszemle\",\"headline\":\"Sok\\u00e1ig \\u00e9ln\\u00e9nek a fiatalok \\u2013 takar\\u00e9koskod\\u00e1s id\\u0151ben\",\"author\":{\"@id\":\"https:\\\/\\\/allasorias.hu\\\/hirek\\\/author\\\/admin-allasorias\\\/#author\"},\"publisher\":{\"@id\":\"https:\\\/\\\/allasorias.hu\\\/hirek\\\/#organization\"},\"image\":{\"@type\":\"ImageObject\",\"url\":\"https:\\\/\\\/allasorias.hu\\\/hirek\\\/wp-content\\\/uploads\\\/2018\\\/11\\\/hand-3672932_640.jpg\",\"width\":640,\"height\":426},\"datePublished\":\"2018-11-22T12:24:43+02:00\",\"dateModified\":\"2018-11-22T12:24:43+02:00\",\"inLanguage\":\"hu-HU\",\"mainEntityOfPage\":{\"@id\":\"https:\\\/\\\/allasorias.hu\\\/hirek\\\/sokaig-elnenek-a-fiatalok-takarekoskodas-idoben\\\/#webpage\"},\"isPartOf\":{\"@id\":\"https:\\\/\\\/allasorias.hu\\\/hirek\\\/sokaig-elnenek-a-fiatalok-takarekoskodas-idoben\\\/#webpage\"},\"articleSection\":\"Gazdas\\u00e1g\"},{\"@type\":\"BreadcrumbList\",\"@id\":\"https:\\\/\\\/allasorias.hu\\\/hirek\\\/sokaig-elnenek-a-fiatalok-takarekoskodas-idoben\\\/#breadcrumblist\",\"itemListElement\":[{\"@type\":\"ListItem\",\"@id\":\"https:\\\/\\\/allasorias.hu\\\/hirek#listItem\",\"position\":1,\"name\":\"Home\",\"item\":\"https:\\\/\\\/allasorias.hu\\\/hirek\",\"nextItem\":{\"@type\":\"ListItem\",\"@id\":\"https:\\\/\\\/allasorias.hu\\\/hirek\\\/temak\\\/gazdasag\\\/#listItem\",\"name\":\"Gazdas\\u00e1g\"}},{\"@type\":\"ListItem\",\"@id\":\"https:\\\/\\\/allasorias.hu\\\/hirek\\\/temak\\\/gazdasag\\\/#listItem\",\"position\":2,\"name\":\"Gazdas\\u00e1g\",\"item\":\"https:\\\/\\\/allasorias.hu\\\/hirek\\\/temak\\\/gazdasag\\\/\",\"nextItem\":{\"@type\":\"ListItem\",\"@id\":\"https:\\\/\\\/allasorias.hu\\\/hirek\\\/sokaig-elnenek-a-fiatalok-takarekoskodas-idoben\\\/#listItem\",\"name\":\"Sok\\u00e1ig \\u00e9ln\\u00e9nek a fiatalok \\u2013 takar\\u00e9koskod\\u00e1s id\\u0151ben\"},\"previousItem\":{\"@type\":\"ListItem\",\"@id\":\"https:\\\/\\\/allasorias.hu\\\/hirek#listItem\",\"name\":\"Home\"}},{\"@type\":\"ListItem\",\"@id\":\"https:\\\/\\\/allasorias.hu\\\/hirek\\\/sokaig-elnenek-a-fiatalok-takarekoskodas-idoben\\\/#listItem\",\"position\":3,\"name\":\"Sok\\u00e1ig \\u00e9ln\\u00e9nek a fiatalok \\u2013 takar\\u00e9koskod\\u00e1s id\\u0151ben\",\"previousItem\":{\"@type\":\"ListItem\",\"@id\":\"https:\\\/\\\/allasorias.hu\\\/hirek\\\/temak\\\/gazdasag\\\/#listItem\",\"name\":\"Gazdas\\u00e1g\"}}]},{\"@type\":\"Organization\",\"@id\":\"https:\\\/\\\/allasorias.hu\\\/hirek\\\/#organization\",\"name\":\"AllasOrias.hu | H\\u00edrek-lapszemle\",\"description\":\"\\u00dczleti h\\u00edrek az \\u00e1ll\\u00e1s \\u00e9s a munka vil\\u00e1g\\u00e1b\\u00f3l\",\"url\":\"https:\\\/\\\/allasorias.hu\\\/hirek\\\/\",\"logo\":{\"@type\":\"ImageObject\",\"url\":\"https:\\\/\\\/allasorias.hu\\\/hirek\\\/wp-content\\\/uploads\\\/2022\\\/10\\\/allasorias_site_facebok_logo.png\",\"@id\":\"https:\\\/\\\/allasorias.hu\\\/hirek\\\/sokaig-elnenek-a-fiatalok-takarekoskodas-idoben\\\/#organizationLogo\"},\"image\":{\"@id\":\"https:\\\/\\\/allasorias.hu\\\/hirek\\\/sokaig-elnenek-a-fiatalok-takarekoskodas-idoben\\\/#organizationLogo\"},\"sameAs\":[\"https:\\\/\\\/www.facebook.com\\\/allasorias\",\"https:\\\/\\\/www.linkedin.com\\\/company\\\/allasorias\"]},{\"@type\":\"Person\",\"@id\":\"https:\\\/\\\/allasorias.hu\\\/hirek\\\/author\\\/admin-allasorias\\\/#author\",\"url\":\"https:\\\/\\\/allasorias.hu\\\/hirek\\\/author\\\/admin-allasorias\\\/\",\"name\":\"Juh\\u00e1sz P\\u00e9ter\",\"image\":{\"@type\":\"ImageObject\",\"@id\":\"https:\\\/\\\/allasorias.hu\\\/hirek\\\/sokaig-elnenek-a-fiatalok-takarekoskodas-idoben\\\/#authorImage\",\"url\":\"https:\\\/\\\/secure.gravatar.com\\\/avatar\\\/36e6bcb83148978b992977cb0f54d22feb0cce8a0a849a9410532bb2623ba4c6?s=96&d=mm&r=g\",\"width\":96,\"height\":96,\"caption\":\"Juh\\u00e1sz P\\u00e9ter\"}},{\"@type\":\"WebPage\",\"@id\":\"https:\\\/\\\/allasorias.hu\\\/hirek\\\/sokaig-elnenek-a-fiatalok-takarekoskodas-idoben\\\/#webpage\",\"url\":\"https:\\\/\\\/allasorias.hu\\\/hirek\\\/sokaig-elnenek-a-fiatalok-takarekoskodas-idoben\\\/\",\"name\":\"Sok\\u00e1ig \\u00e9ln\\u00e9nek a fiatalok \\u2013 takar\\u00e9koskod\\u00e1s id\\u0151ben | AllasOrias.hu | H\\u00edrek-lapszemle\",\"description\":\"A munka vil\\u00e1g\\u00e1ba most bel\\u00e9p\\u0151 Z gener\\u00e1ci\\u00f3 hosszabb j\\u00f6v\\u0151t j\\u00f3sol mag\\u00e1nak, mint a h\\u00faszas-harmincas \\u00e9veikben j\\u00e1r\\u00f3 Y gener\\u00e1ci\\u00f3 tagjai. Akik 1997-ben \\u00e9s az ut\\u00e1n sz\\u00fclettek, \\u00fagy gondolj\\u00e1k, legal\\u00e1bb 85 \\u00e9vig \\u00e9lnek majd, m\\u00edg az eggyel id\\u0151sebb Y gener\\u00e1ci\\u00f3nak csup\\u00e1n a 17 sz\\u00e1zal\\u00e9ka gondolkozik hasonl\\u00f3k\\u00e9pp \\u2013 der\\u00fcl ki az OTP Nyugd\\u00edjp\\u00e9nzt\\u00e1r legfrissebb kutat\\u00e1s\\u00e1b\\u00f3l. A KSH adatai\",\"inLanguage\":\"hu-HU\",\"isPartOf\":{\"@id\":\"https:\\\/\\\/allasorias.hu\\\/hirek\\\/#website\"},\"breadcrumb\":{\"@id\":\"https:\\\/\\\/allasorias.hu\\\/hirek\\\/sokaig-elnenek-a-fiatalok-takarekoskodas-idoben\\\/#breadcrumblist\"},\"author\":{\"@id\":\"https:\\\/\\\/allasorias.hu\\\/hirek\\\/author\\\/admin-allasorias\\\/#author\"},\"creator\":{\"@id\":\"https:\\\/\\\/allasorias.hu\\\/hirek\\\/author\\\/admin-allasorias\\\/#author\"},\"image\":{\"@type\":\"ImageObject\",\"url\":\"https:\\\/\\\/allasorias.hu\\\/hirek\\\/wp-content\\\/uploads\\\/2018\\\/11\\\/hand-3672932_640.jpg\",\"@id\":\"https:\\\/\\\/allasorias.hu\\\/hirek\\\/sokaig-elnenek-a-fiatalok-takarekoskodas-idoben\\\/#mainImage\",\"width\":640,\"height\":426},\"primaryImageOfPage\":{\"@id\":\"https:\\\/\\\/allasorias.hu\\\/hirek\\\/sokaig-elnenek-a-fiatalok-takarekoskodas-idoben\\\/#mainImage\"},\"datePublished\":\"2018-11-22T12:24:43+02:00\",\"dateModified\":\"2018-11-22T12:24:43+02:00\"},{\"@type\":\"WebSite\",\"@id\":\"https:\\\/\\\/allasorias.hu\\\/hirek\\\/#website\",\"url\":\"https:\\\/\\\/allasorias.hu\\\/hirek\\\/\",\"name\":\"AllasOrias.hu | H\\u00edrek-lapszemle\",\"description\":\"\\u00dczleti h\\u00edrek az \\u00e1ll\\u00e1s \\u00e9s a munka vil\\u00e1g\\u00e1b\\u00f3l\",\"inLanguage\":\"hu-HU\",\"publisher\":{\"@id\":\"https:\\\/\\\/allasorias.hu\\\/hirek\\\/#organization\"}}]}\n\t\t<\/script>\n\t\t<!-- All in One SEO -->\n\n","aioseo_head_json":{"title":"Sok\u00e1ig \u00e9ln\u00e9nek a fiatalok \u2013 takar\u00e9koskod\u00e1s id\u0151ben | AllasOrias.hu | H\u00edrek-lapszemle","description":"A munka vil\u00e1g\u00e1ba most bel\u00e9p\u0151 Z gener\u00e1ci\u00f3 hosszabb j\u00f6v\u0151t j\u00f3sol mag\u00e1nak, mint a h\u00faszas-harmincas \u00e9veikben j\u00e1r\u00f3 Y gener\u00e1ci\u00f3 tagjai. Akik 1997-ben \u00e9s az ut\u00e1n sz\u00fclettek, \u00fagy gondolj\u00e1k, legal\u00e1bb 85 \u00e9vig \u00e9lnek majd, m\u00edg az eggyel id\u0151sebb Y gener\u00e1ci\u00f3nak csup\u00e1n a 17 sz\u00e1zal\u00e9ka gondolkozik hasonl\u00f3k\u00e9pp \u2013 der\u00fcl ki az OTP Nyugd\u00edjp\u00e9nzt\u00e1r legfrissebb kutat\u00e1s\u00e1b\u00f3l. A KSH adatai","canonical_url":"https:\/\/allasorias.hu\/hirek\/sokaig-elnenek-a-fiatalok-takarekoskodas-idoben\/","robots":"max-image-preview:large","keywords":"","webmasterTools":{"miscellaneous":""},"schema":{"@context":"https:\/\/schema.org","@graph":[{"@type":"Article","@id":"https:\/\/allasorias.hu\/hirek\/sokaig-elnenek-a-fiatalok-takarekoskodas-idoben\/#article","name":"Sok\u00e1ig \u00e9ln\u00e9nek a fiatalok \u2013 takar\u00e9koskod\u00e1s id\u0151ben | AllasOrias.hu | H\u00edrek-lapszemle","headline":"Sok\u00e1ig \u00e9ln\u00e9nek a fiatalok \u2013 takar\u00e9koskod\u00e1s id\u0151ben","author":{"@id":"https:\/\/allasorias.hu\/hirek\/author\/admin-allasorias\/#author"},"publisher":{"@id":"https:\/\/allasorias.hu\/hirek\/#organization"},"image":{"@type":"ImageObject","url":"https:\/\/allasorias.hu\/hirek\/wp-content\/uploads\/2018\/11\/hand-3672932_640.jpg","width":640,"height":426},"datePublished":"2018-11-22T12:24:43+02:00","dateModified":"2018-11-22T12:24:43+02:00","inLanguage":"hu-HU","mainEntityOfPage":{"@id":"https:\/\/allasorias.hu\/hirek\/sokaig-elnenek-a-fiatalok-takarekoskodas-idoben\/#webpage"},"isPartOf":{"@id":"https:\/\/allasorias.hu\/hirek\/sokaig-elnenek-a-fiatalok-takarekoskodas-idoben\/#webpage"},"articleSection":"Gazdas\u00e1g"},{"@type":"BreadcrumbList","@id":"https:\/\/allasorias.hu\/hirek\/sokaig-elnenek-a-fiatalok-takarekoskodas-idoben\/#breadcrumblist","itemListElement":[{"@type":"ListItem","@id":"https:\/\/allasorias.hu\/hirek#listItem","position":1,"name":"Home","item":"https:\/\/allasorias.hu\/hirek","nextItem":{"@type":"ListItem","@id":"https:\/\/allasorias.hu\/hirek\/temak\/gazdasag\/#listItem","name":"Gazdas\u00e1g"}},{"@type":"ListItem","@id":"https:\/\/allasorias.hu\/hirek\/temak\/gazdasag\/#listItem","position":2,"name":"Gazdas\u00e1g","item":"https:\/\/allasorias.hu\/hirek\/temak\/gazdasag\/","nextItem":{"@type":"ListItem","@id":"https:\/\/allasorias.hu\/hirek\/sokaig-elnenek-a-fiatalok-takarekoskodas-idoben\/#listItem","name":"Sok\u00e1ig \u00e9ln\u00e9nek a fiatalok \u2013 takar\u00e9koskod\u00e1s id\u0151ben"},"previousItem":{"@type":"ListItem","@id":"https:\/\/allasorias.hu\/hirek#listItem","name":"Home"}},{"@type":"ListItem","@id":"https:\/\/allasorias.hu\/hirek\/sokaig-elnenek-a-fiatalok-takarekoskodas-idoben\/#listItem","position":3,"name":"Sok\u00e1ig \u00e9ln\u00e9nek a fiatalok \u2013 takar\u00e9koskod\u00e1s id\u0151ben","previousItem":{"@type":"ListItem","@id":"https:\/\/allasorias.hu\/hirek\/temak\/gazdasag\/#listItem","name":"Gazdas\u00e1g"}}]},{"@type":"Organization","@id":"https:\/\/allasorias.hu\/hirek\/#organization","name":"AllasOrias.hu | H\u00edrek-lapszemle","description":"\u00dczleti h\u00edrek az \u00e1ll\u00e1s \u00e9s a munka vil\u00e1g\u00e1b\u00f3l","url":"https:\/\/allasorias.hu\/hirek\/","logo":{"@type":"ImageObject","url":"https:\/\/allasorias.hu\/hirek\/wp-content\/uploads\/2022\/10\/allasorias_site_facebok_logo.png","@id":"https:\/\/allasorias.hu\/hirek\/sokaig-elnenek-a-fiatalok-takarekoskodas-idoben\/#organizationLogo"},"image":{"@id":"https:\/\/allasorias.hu\/hirek\/sokaig-elnenek-a-fiatalok-takarekoskodas-idoben\/#organizationLogo"},"sameAs":["https:\/\/www.facebook.com\/allasorias","https:\/\/www.linkedin.com\/company\/allasorias"]},{"@type":"Person","@id":"https:\/\/allasorias.hu\/hirek\/author\/admin-allasorias\/#author","url":"https:\/\/allasorias.hu\/hirek\/author\/admin-allasorias\/","name":"Juh\u00e1sz P\u00e9ter","image":{"@type":"ImageObject","@id":"https:\/\/allasorias.hu\/hirek\/sokaig-elnenek-a-fiatalok-takarekoskodas-idoben\/#authorImage","url":"https:\/\/secure.gravatar.com\/avatar\/36e6bcb83148978b992977cb0f54d22feb0cce8a0a849a9410532bb2623ba4c6?s=96&d=mm&r=g","width":96,"height":96,"caption":"Juh\u00e1sz P\u00e9ter"}},{"@type":"WebPage","@id":"https:\/\/allasorias.hu\/hirek\/sokaig-elnenek-a-fiatalok-takarekoskodas-idoben\/#webpage","url":"https:\/\/allasorias.hu\/hirek\/sokaig-elnenek-a-fiatalok-takarekoskodas-idoben\/","name":"Sok\u00e1ig \u00e9ln\u00e9nek a fiatalok \u2013 takar\u00e9koskod\u00e1s id\u0151ben | AllasOrias.hu | H\u00edrek-lapszemle","description":"A munka vil\u00e1g\u00e1ba most bel\u00e9p\u0151 Z gener\u00e1ci\u00f3 hosszabb j\u00f6v\u0151t j\u00f3sol mag\u00e1nak, mint a h\u00faszas-harmincas \u00e9veikben j\u00e1r\u00f3 Y gener\u00e1ci\u00f3 tagjai. Akik 1997-ben \u00e9s az ut\u00e1n sz\u00fclettek, \u00fagy gondolj\u00e1k, legal\u00e1bb 85 \u00e9vig \u00e9lnek majd, m\u00edg az eggyel id\u0151sebb Y gener\u00e1ci\u00f3nak csup\u00e1n a 17 sz\u00e1zal\u00e9ka gondolkozik hasonl\u00f3k\u00e9pp \u2013 der\u00fcl ki az OTP Nyugd\u00edjp\u00e9nzt\u00e1r legfrissebb kutat\u00e1s\u00e1b\u00f3l. A KSH adatai","inLanguage":"hu-HU","isPartOf":{"@id":"https:\/\/allasorias.hu\/hirek\/#website"},"breadcrumb":{"@id":"https:\/\/allasorias.hu\/hirek\/sokaig-elnenek-a-fiatalok-takarekoskodas-idoben\/#breadcrumblist"},"author":{"@id":"https:\/\/allasorias.hu\/hirek\/author\/admin-allasorias\/#author"},"creator":{"@id":"https:\/\/allasorias.hu\/hirek\/author\/admin-allasorias\/#author"},"image":{"@type":"ImageObject","url":"https:\/\/allasorias.hu\/hirek\/wp-content\/uploads\/2018\/11\/hand-3672932_640.jpg","@id":"https:\/\/allasorias.hu\/hirek\/sokaig-elnenek-a-fiatalok-takarekoskodas-idoben\/#mainImage","width":640,"height":426},"primaryImageOfPage":{"@id":"https:\/\/allasorias.hu\/hirek\/sokaig-elnenek-a-fiatalok-takarekoskodas-idoben\/#mainImage"},"datePublished":"2018-11-22T12:24:43+02:00","dateModified":"2018-11-22T12:24:43+02:00"},{"@type":"WebSite","@id":"https:\/\/allasorias.hu\/hirek\/#website","url":"https:\/\/allasorias.hu\/hirek\/","name":"AllasOrias.hu | H\u00edrek-lapszemle","description":"\u00dczleti h\u00edrek az \u00e1ll\u00e1s \u00e9s a munka vil\u00e1g\u00e1b\u00f3l","inLanguage":"hu-HU","publisher":{"@id":"https:\/\/allasorias.hu\/hirek\/#organization"}}]},"og:locale":"hu_HU","og:site_name":"AllasOrias.hu | H\u00edrek-lapszemle | \u00dczleti h\u00edrek az \u00e1ll\u00e1s \u00e9s a munka vil\u00e1g\u00e1b\u00f3l","og:type":"article","og:title":"Sok\u00e1ig \u00e9ln\u00e9nek a fiatalok \u2013 takar\u00e9koskod\u00e1s id\u0151ben | AllasOrias.hu | H\u00edrek-lapszemle","og:description":"A munka vil\u00e1g\u00e1ba most bel\u00e9p\u0151 Z gener\u00e1ci\u00f3 hosszabb j\u00f6v\u0151t j\u00f3sol mag\u00e1nak, mint a h\u00faszas-harmincas \u00e9veikben j\u00e1r\u00f3 Y gener\u00e1ci\u00f3 tagjai. Akik 1997-ben \u00e9s az ut\u00e1n sz\u00fclettek, \u00fagy gondolj\u00e1k, legal\u00e1bb 85 \u00e9vig \u00e9lnek majd, m\u00edg az eggyel id\u0151sebb Y gener\u00e1ci\u00f3nak csup\u00e1n a 17 sz\u00e1zal\u00e9ka gondolkozik hasonl\u00f3k\u00e9pp \u2013 der\u00fcl ki az OTP Nyugd\u00edjp\u00e9nzt\u00e1r legfrissebb kutat\u00e1s\u00e1b\u00f3l. A KSH adatai","og:url":"https:\/\/allasorias.hu\/hirek\/sokaig-elnenek-a-fiatalok-takarekoskodas-idoben\/","og:image":"https:\/\/allasorias.hu\/hirek\/wp-content\/uploads\/2018\/11\/hand-3672932_640.jpg","og:image:secure_url":"https:\/\/allasorias.hu\/hirek\/wp-content\/uploads\/2018\/11\/hand-3672932_640.jpg","og:image:width":640,"og:image:height":426,"article:published_time":"2018-11-22T12:24:43+00:00","article:modified_time":"2018-11-22T12:24:43+00:00","article:publisher":"https:\/\/www.facebook.com\/allasorias","twitter:card":"summary_large_image","twitter:title":"Sok\u00e1ig \u00e9ln\u00e9nek a fiatalok \u2013 takar\u00e9koskod\u00e1s id\u0151ben | AllasOrias.hu | H\u00edrek-lapszemle","twitter:description":"A munka vil\u00e1g\u00e1ba most bel\u00e9p\u0151 Z gener\u00e1ci\u00f3 hosszabb j\u00f6v\u0151t j\u00f3sol mag\u00e1nak, mint a h\u00faszas-harmincas \u00e9veikben j\u00e1r\u00f3 Y gener\u00e1ci\u00f3 tagjai. Akik 1997-ben \u00e9s az ut\u00e1n sz\u00fclettek, \u00fagy gondolj\u00e1k, legal\u00e1bb 85 \u00e9vig \u00e9lnek majd, m\u00edg az eggyel id\u0151sebb Y gener\u00e1ci\u00f3nak csup\u00e1n a 17 sz\u00e1zal\u00e9ka gondolkozik hasonl\u00f3k\u00e9pp \u2013 der\u00fcl ki az OTP Nyugd\u00edjp\u00e9nzt\u00e1r legfrissebb kutat\u00e1s\u00e1b\u00f3l. A KSH adatai","twitter:image":"https:\/\/allasorias.hu\/hirek\/wp-content\/uploads\/2018\/11\/hand-3672932_640.jpg","twitter:label1":"Written by","twitter:data1":"Juh\u00e1sz P\u00e9ter","twitter:label2":"Est. reading time","twitter:data2":"2 minutes"},"aioseo_meta_data":{"post_id":"2212","title":null,"description":null,"keywords":null,"keyphrases":null,"primary_term":null,"canonical_url":null,"og_title":null,"og_description":null,"og_object_type":"default","og_image_type":"default","og_image_url":null,"og_image_width":null,"og_image_height":null,"og_image_custom_url":null,"og_image_custom_fields":null,"og_video":null,"og_custom_url":null,"og_article_section":null,"og_article_tags":null,"twitter_use_og":false,"twitter_card":"default","twitter_image_type":"default","twitter_image_url":null,"twitter_image_custom_url":null,"twitter_image_custom_fields":null,"twitter_title":null,"twitter_description":null,"schema":{"blockGraphs":[],"customGraphs":[],"default":{"data":{"Article":[],"Course":[],"Dataset":[],"FAQPage":[],"Movie":[],"Person":[],"Product":[],"ProductReview":[],"Car":[],"Recipe":[],"Service":[],"SoftwareApplication":[],"WebPage":[]},"graphName":"","isEnabled":true},"graphs":[],"defaultGraph":"","defaultPostTypeGraph":""},"schema_type":null,"schema_type_options":null,"pillar_content":false,"robots_default":true,"robots_noindex":false,"robots_noarchive":false,"robots_nosnippet":false,"robots_nofollow":false,"robots_noimageindex":false,"robots_noodp":false,"robots_notranslate":false,"robots_max_snippet":null,"robots_max_videopreview":null,"robots_max_imagepreview":"large","priority":null,"frequency":null,"location":null,"local_seo":null,"breadcrumb_settings":null,"limit_modified_date":false,"ai":null,"created":"2021-02-01 20:45:00","updated":"2025-10-02 09:23:32","seo_analyzer_scan_date":null,"focus_keyword":null,"additional_keywords":null,"truseo_locale":null},"aioseo_breadcrumb":"<div class=\"aioseo-breadcrumbs\"><span class=\"aioseo-breadcrumb\">\n\t\t\t<a href=\"https:\/\/allasorias.hu\/hirek\" title=\"Home\">Home<\/a>\n\t\t<\/span><span class=\"aioseo-breadcrumb-separator\">&raquo;<\/span><span class=\"aioseo-breadcrumb\">\n\t\t\t<a href=\"https:\/\/allasorias.hu\/hirek\/temak\/gazdasag\/\" title=\"Gazdas\u00e1g\">Gazdas\u00e1g<\/a>\n\t\t<\/span><span class=\"aioseo-breadcrumb-separator\">&raquo;<\/span><span class=\"aioseo-breadcrumb\">\n\t\t\tSok\u00e1ig \u00e9ln\u00e9nek a fiatalok \u2013 takar\u00e9koskod\u00e1s id\u0151ben\n\t\t<\/span><\/div>","aioseo_breadcrumb_json":[{"label":"Home","link":"https:\/\/allasorias.hu\/hirek"},{"label":"Gazdas\u00e1g","link":"https:\/\/allasorias.hu\/hirek\/temak\/gazdasag\/"},{"label":"Sok\u00e1ig \u00e9ln\u00e9nek a fiatalok \u2013 takar\u00e9koskod\u00e1s id\u0151ben","link":"https:\/\/allasorias.hu\/hirek\/sokaig-elnenek-a-fiatalok-takarekoskodas-idoben\/"}],"_links":{"self":[{"href":"https:\/\/allasorias.hu\/hirek\/wp-json\/wp\/v2\/posts\/2212","targetHints":{"allow":["GET"]}}],"collection":[{"href":"https:\/\/allasorias.hu\/hirek\/wp-json\/wp\/v2\/posts"}],"about":[{"href":"https:\/\/allasorias.hu\/hirek\/wp-json\/wp\/v2\/types\/post"}],"author":[{"embeddable":true,"href":"https:\/\/allasorias.hu\/hirek\/wp-json\/wp\/v2\/users\/1"}],"replies":[{"embeddable":true,"href":"https:\/\/allasorias.hu\/hirek\/wp-json\/wp\/v2\/comments?post=2212"}],"version-history":[{"count":1,"href":"https:\/\/allasorias.hu\/hirek\/wp-json\/wp\/v2\/posts\/2212\/revisions"}],"predecessor-version":[{"id":2213,"href":"https:\/\/allasorias.hu\/hirek\/wp-json\/wp\/v2\/posts\/2212\/revisions\/2213"}],"wp:featuredmedia":[{"embeddable":true,"href":"https:\/\/allasorias.hu\/hirek\/wp-json\/wp\/v2\/media\/2141"}],"wp:attachment":[{"href":"https:\/\/allasorias.hu\/hirek\/wp-json\/wp\/v2\/media?parent=2212"}],"wp:term":[{"taxonomy":"category","embeddable":true,"href":"https:\/\/allasorias.hu\/hirek\/wp-json\/wp\/v2\/categories?post=2212"},{"taxonomy":"post_tag","embeddable":true,"href":"https:\/\/allasorias.hu\/hirek\/wp-json\/wp\/v2\/tags?post=2212"}],"curies":[{"name":"wp","href":"https:\/\/api.w.org\/{rel}","templated":true}]}}