{"id":2208,"date":"2018-11-21T11:59:58","date_gmt":"2018-11-21T11:59:58","guid":{"rendered":"https:\/\/allasorias.hu\/hirek\/?p=2208"},"modified":"2018-11-21T11:59:58","modified_gmt":"2018-11-21T11:59:58","slug":"nem-tudni-honnan-kuldik-el-a-dolgozokat-a-kozszferaban","status":"publish","type":"post","link":"https:\/\/allasorias.hu\/hirek\/nem-tudni-honnan-kuldik-el-a-dolgozokat-a-kozszferaban\/","title":{"rendered":"Nem tudni honnan k\u00fcldik el a dolgoz\u00f3kat a k\u00f6zszf\u00e9r\u00e1ban"},"content":{"rendered":"<p style=\"text-align: justify;\"><strong>K\u00f6zel 2600 \u00e1ll\u00e1shely sz\u0171nik meg az Emmiben \u00e9s h\u00e1tt\u00e9rint\u00e9zm\u00e9nyeiben, de m\u00e9g nem adnak arr\u00f3l t\u00e1j\u00e9koztat\u00e1st, hogy pontosan mely ter\u00fcleteket \u00e9rint a le\u00e9p\u00edt\u00e9s. A k\u00f6zszf\u00e9r\u00e1ban egy\u00e9bk\u00e9nt \u00f6sszesen 3400 dolgoz\u00f3t bocs\u00e1tanak el, de k\u00f6zben 6810 munkak\u00f6rt sz\u00fcntetnek meg. Azt m\u00e1r tudni lehet, hogy \u00a0az Agr\u00e1rminiszt\u00e9riumban csak a term\u00e9szetv\u00e9delmi f\u0151oszt\u00e1lyok dolgoz\u00f3it \u00e9rintette a le\u00e9p\u00edt\u00e9s.<\/strong><\/p>\n<p style=\"text-align: justify;\">Az Emberi Er\u0151forr\u00e1sok Miniszt\u00e9rium\u00e1ban \u00f6sszesen 342 \u00e1ll\u00e1shely sz\u0171nik meg, a h\u00e1tt\u00e9rint\u00e9zm\u00e9nyeiben pedig 2250, az MSZP-s Kor\u00f3zs Lajos ez\u00e9rt r\u00e1k\u00e9rdezett arra, hogy mely ter\u00fcletekr\u0151l r\u00fagj\u00e1k ki a k\u00f6zel 2600 embert, minthogy a cs\u00facsminiszt\u00e9rium meglehet\u0151sen sok ter\u00fcletet fog \u00f6ssze (eg\u00e9szs\u00e9g\u00fcgy, szoci\u00e1lis \u00fcgyek, kult\u00fara, sport, oktat\u00e1s, csal\u00e1d- \u00e9s ifj\u00fas\u00e1g\u00fcgy). Azt k\u00e9rt\u00e9k, hogy eg\u00e9szen oszt\u00e1lyok szintj\u00e9n k\u00f6z\u00f6lj\u00e9k a sz\u00e1mokat. Az Emmi \u00e1llamtitk\u00e1ra, R\u00e9tv\u00e1ri Bence v\u00e1lasz\u00e1ban azonban nem v\u00e1laszolta meg a k\u00e9rd\u00e9st, \u00e9s mind\u00f6ssze annyit k\u00f6z\u00f6lt, hogy az okt\u00f3ber 31-i \u00e1llapot szerinti \u00e1ll\u00e1shelyek sz\u00e1m\u00e1hoz viszony\u00edtva 15,1 sz\u00e1zal\u00e9kot tesznek ki a megsz\u0171n\u0151 \u00e1ll\u00e1shelyek.<\/p>\n<p><em>Forr\u00e1s: hvg.hu<\/em><\/p>\n","protected":false},"excerpt":{"rendered":"<p>K\u00f6zel 2600 \u00e1ll\u00e1shely sz\u0171nik meg az Emmiben \u00e9s h\u00e1tt\u00e9rint\u00e9zm\u00e9nyeiben, de m\u00e9g nem adnak arr\u00f3l t\u00e1j\u00e9koztat\u00e1st, hogy pontosan mely ter\u00fcleteket \u00e9rint a le\u00e9p\u00edt\u00e9s. A k\u00f6zszf\u00e9r\u00e1ban egy\u00e9bk\u00e9nt \u00f6sszesen 3400 dolgoz\u00f3t bocs\u00e1tanak el, de k\u00f6zben 6810 munkak\u00f6rt sz\u00fcntetnek meg. Azt m\u00e1r tudni lehet, hogy \u00a0az Agr\u00e1rminiszt\u00e9riumban csak a term\u00e9szetv\u00e9delmi f\u0151oszt\u00e1lyok dolgoz\u00f3it \u00e9rintette a le\u00e9p\u00edt\u00e9s. Az Emberi Er\u0151forr\u00e1sok Miniszt\u00e9rium\u00e1ban [&hellip;]<\/p>\n","protected":false},"author":1,"featured_media":2092,"comment_status":"open","ping_status":"open","sticky":false,"template":"","format":"standard","meta":{"_monsterinsights_skip_tracking":false,"footnotes":""},"categories":[198,200],"tags":[],"class_list":["post-2208","post","type-post","status-publish","format-standard","has-post-thumbnail","hentry","category-gazdasag","category-munkaeropiac"],"aioseo_notices":[],"aioseo_head":"\n\t\t<!-- All in One SEO 5.0.0.1 - aioseo.com -->\n\t<meta name=\"description\" content=\"K\u00f6zel 2600 \u00e1ll\u00e1shely sz\u0171nik meg az Emmiben \u00e9s h\u00e1tt\u00e9rint\u00e9zm\u00e9nyeiben, de m\u00e9g nem adnak arr\u00f3l t\u00e1j\u00e9koztat\u00e1st, hogy pontosan mely ter\u00fcleteket \u00e9rint a le\u00e9p\u00edt\u00e9s. A k\u00f6zszf\u00e9r\u00e1ban egy\u00e9bk\u00e9nt \u00f6sszesen 3400 dolgoz\u00f3t bocs\u00e1tanak el, de k\u00f6zben 6810 munkak\u00f6rt sz\u00fcntetnek meg. Azt m\u00e1r tudni lehet, hogy az Agr\u00e1rminiszt\u00e9riumban csak a term\u00e9szetv\u00e9delmi f\u0151oszt\u00e1lyok dolgoz\u00f3it \u00e9rintette a le\u00e9p\u00edt\u00e9s. Az Emberi Er\u0151forr\u00e1sok Miniszt\u00e9rium\u00e1ban\" \/>\n\t<meta name=\"robots\" content=\"max-image-preview:large\" \/>\n\t<meta name=\"author\" content=\"Juh\u00e1sz P\u00e9ter\"\/>\n\t<link rel=\"canonical\" href=\"https:\/\/allasorias.hu\/hirek\/nem-tudni-honnan-kuldik-el-a-dolgozokat-a-kozszferaban\/\" \/>\n\t<meta name=\"generator\" content=\"All in One SEO (AIOSEO) 5.0.0.1\" \/>\n\t\t<meta property=\"og:locale\" content=\"hu_HU\" \/>\n\t\t<meta property=\"og:site_name\" content=\"AllasOrias.hu | H\u00edrek-lapszemle | \u00dczleti h\u00edrek az \u00e1ll\u00e1s \u00e9s a munka vil\u00e1g\u00e1b\u00f3l\" \/>\n\t\t<meta property=\"og:type\" content=\"article\" \/>\n\t\t<meta property=\"og:title\" content=\"Nem tudni honnan k\u00fcldik el a dolgoz\u00f3kat a k\u00f6zszf\u00e9r\u00e1ban | AllasOrias.hu | H\u00edrek-lapszemle\" \/>\n\t\t<meta property=\"og:description\" content=\"K\u00f6zel 2600 \u00e1ll\u00e1shely sz\u0171nik meg az Emmiben \u00e9s h\u00e1tt\u00e9rint\u00e9zm\u00e9nyeiben, de m\u00e9g nem adnak arr\u00f3l t\u00e1j\u00e9koztat\u00e1st, hogy pontosan mely ter\u00fcleteket \u00e9rint a le\u00e9p\u00edt\u00e9s. A k\u00f6zszf\u00e9r\u00e1ban egy\u00e9bk\u00e9nt \u00f6sszesen 3400 dolgoz\u00f3t bocs\u00e1tanak el, de k\u00f6zben 6810 munkak\u00f6rt sz\u00fcntetnek meg. Azt m\u00e1r tudni lehet, hogy az Agr\u00e1rminiszt\u00e9riumban csak a term\u00e9szetv\u00e9delmi f\u0151oszt\u00e1lyok dolgoz\u00f3it \u00e9rintette a le\u00e9p\u00edt\u00e9s. Az Emberi Er\u0151forr\u00e1sok Miniszt\u00e9rium\u00e1ban\" \/>\n\t\t<meta property=\"og:url\" content=\"https:\/\/allasorias.hu\/hirek\/nem-tudni-honnan-kuldik-el-a-dolgozokat-a-kozszferaban\/\" \/>\n\t\t<meta property=\"og:image\" content=\"https:\/\/allasorias.hu\/hirek\/wp-content\/uploads\/2018\/11\/termination-110301_640.jpg\" \/>\n\t\t<meta property=\"og:image:secure_url\" content=\"https:\/\/allasorias.hu\/hirek\/wp-content\/uploads\/2018\/11\/termination-110301_640.jpg\" \/>\n\t\t<meta property=\"og:image:width\" content=\"640\" \/>\n\t\t<meta property=\"og:image:height\" content=\"452\" \/>\n\t\t<meta property=\"article:published_time\" content=\"2018-11-21T11:59:58+00:00\" \/>\n\t\t<meta property=\"article:modified_time\" content=\"2018-11-21T11:59:58+00:00\" \/>\n\t\t<meta property=\"article:publisher\" content=\"https:\/\/www.facebook.com\/allasorias\" \/>\n\t\t<meta name=\"twitter:card\" content=\"summary_large_image\" \/>\n\t\t<meta name=\"twitter:title\" content=\"Nem tudni honnan k\u00fcldik el a dolgoz\u00f3kat a k\u00f6zszf\u00e9r\u00e1ban | AllasOrias.hu | H\u00edrek-lapszemle\" \/>\n\t\t<meta name=\"twitter:description\" content=\"K\u00f6zel 2600 \u00e1ll\u00e1shely sz\u0171nik meg az Emmiben \u00e9s h\u00e1tt\u00e9rint\u00e9zm\u00e9nyeiben, de m\u00e9g nem adnak arr\u00f3l t\u00e1j\u00e9koztat\u00e1st, hogy pontosan mely ter\u00fcleteket \u00e9rint a le\u00e9p\u00edt\u00e9s. A k\u00f6zszf\u00e9r\u00e1ban egy\u00e9bk\u00e9nt \u00f6sszesen 3400 dolgoz\u00f3t bocs\u00e1tanak el, de k\u00f6zben 6810 munkak\u00f6rt sz\u00fcntetnek meg. Azt m\u00e1r tudni lehet, hogy az Agr\u00e1rminiszt\u00e9riumban csak a term\u00e9szetv\u00e9delmi f\u0151oszt\u00e1lyok dolgoz\u00f3it \u00e9rintette a le\u00e9p\u00edt\u00e9s. Az Emberi Er\u0151forr\u00e1sok Miniszt\u00e9rium\u00e1ban\" \/>\n\t\t<meta name=\"twitter:image\" content=\"https:\/\/allasorias.hu\/hirek\/wp-content\/uploads\/2018\/11\/termination-110301_640.jpg\" \/>\n\t\t<meta name=\"twitter:label1\" content=\"Written by\" \/>\n\t\t<meta name=\"twitter:data1\" content=\"Juh\u00e1sz P\u00e9ter\" \/>\n\t\t<meta name=\"twitter:label2\" content=\"Est. reading time\" \/>\n\t\t<meta name=\"twitter:data2\" content=\"1 minute\" \/>\n\t\t<script type=\"application\/ld+json\" class=\"aioseo-schema\">\n\t\t\t{\"@context\":\"https:\\\/\\\/schema.org\",\"@graph\":[{\"@type\":\"Article\",\"@id\":\"https:\\\/\\\/allasorias.hu\\\/hirek\\\/nem-tudni-honnan-kuldik-el-a-dolgozokat-a-kozszferaban\\\/#article\",\"name\":\"Nem tudni honnan k\\u00fcldik el a dolgoz\\u00f3kat a k\\u00f6zszf\\u00e9r\\u00e1ban | AllasOrias.hu | H\\u00edrek-lapszemle\",\"headline\":\"Nem tudni honnan k\\u00fcldik el a dolgoz\\u00f3kat a k\\u00f6zszf\\u00e9r\\u00e1ban\",\"author\":{\"@id\":\"https:\\\/\\\/allasorias.hu\\\/hirek\\\/author\\\/admin-allasorias\\\/#author\"},\"publisher\":{\"@id\":\"https:\\\/\\\/allasorias.hu\\\/hirek\\\/#organization\"},\"image\":{\"@type\":\"ImageObject\",\"url\":\"https:\\\/\\\/allasorias.hu\\\/hirek\\\/wp-content\\\/uploads\\\/2018\\\/11\\\/termination-110301_640.jpg\",\"width\":640,\"height\":452},\"datePublished\":\"2018-11-21T11:59:58+02:00\",\"dateModified\":\"2018-11-21T11:59:58+02:00\",\"inLanguage\":\"hu-HU\",\"mainEntityOfPage\":{\"@id\":\"https:\\\/\\\/allasorias.hu\\\/hirek\\\/nem-tudni-honnan-kuldik-el-a-dolgozokat-a-kozszferaban\\\/#webpage\"},\"isPartOf\":{\"@id\":\"https:\\\/\\\/allasorias.hu\\\/hirek\\\/nem-tudni-honnan-kuldik-el-a-dolgozokat-a-kozszferaban\\\/#webpage\"},\"articleSection\":\"Gazdas\\u00e1g, Munkaer\\u0151piac\"},{\"@type\":\"BreadcrumbList\",\"@id\":\"https:\\\/\\\/allasorias.hu\\\/hirek\\\/nem-tudni-honnan-kuldik-el-a-dolgozokat-a-kozszferaban\\\/#breadcrumblist\",\"itemListElement\":[{\"@type\":\"ListItem\",\"@id\":\"https:\\\/\\\/allasorias.hu\\\/hirek#listItem\",\"position\":1,\"name\":\"Home\",\"item\":\"https:\\\/\\\/allasorias.hu\\\/hirek\",\"nextItem\":{\"@type\":\"ListItem\",\"@id\":\"https:\\\/\\\/allasorias.hu\\\/hirek\\\/temak\\\/gazdasag\\\/#listItem\",\"name\":\"Gazdas\\u00e1g\"}},{\"@type\":\"ListItem\",\"@id\":\"https:\\\/\\\/allasorias.hu\\\/hirek\\\/temak\\\/gazdasag\\\/#listItem\",\"position\":2,\"name\":\"Gazdas\\u00e1g\",\"item\":\"https:\\\/\\\/allasorias.hu\\\/hirek\\\/temak\\\/gazdasag\\\/\",\"nextItem\":{\"@type\":\"ListItem\",\"@id\":\"https:\\\/\\\/allasorias.hu\\\/hirek\\\/nem-tudni-honnan-kuldik-el-a-dolgozokat-a-kozszferaban\\\/#listItem\",\"name\":\"Nem tudni honnan k\\u00fcldik el a dolgoz\\u00f3kat a k\\u00f6zszf\\u00e9r\\u00e1ban\"},\"previousItem\":{\"@type\":\"ListItem\",\"@id\":\"https:\\\/\\\/allasorias.hu\\\/hirek#listItem\",\"name\":\"Home\"}},{\"@type\":\"ListItem\",\"@id\":\"https:\\\/\\\/allasorias.hu\\\/hirek\\\/nem-tudni-honnan-kuldik-el-a-dolgozokat-a-kozszferaban\\\/#listItem\",\"position\":3,\"name\":\"Nem tudni honnan k\\u00fcldik el a dolgoz\\u00f3kat a k\\u00f6zszf\\u00e9r\\u00e1ban\",\"previousItem\":{\"@type\":\"ListItem\",\"@id\":\"https:\\\/\\\/allasorias.hu\\\/hirek\\\/temak\\\/gazdasag\\\/#listItem\",\"name\":\"Gazdas\\u00e1g\"}}]},{\"@type\":\"Organization\",\"@id\":\"https:\\\/\\\/allasorias.hu\\\/hirek\\\/#organization\",\"name\":\"AllasOrias.hu | H\\u00edrek-lapszemle\",\"description\":\"\\u00dczleti h\\u00edrek az \\u00e1ll\\u00e1s \\u00e9s a munka vil\\u00e1g\\u00e1b\\u00f3l\",\"url\":\"https:\\\/\\\/allasorias.hu\\\/hirek\\\/\",\"logo\":{\"@type\":\"ImageObject\",\"url\":\"https:\\\/\\\/allasorias.hu\\\/hirek\\\/wp-content\\\/uploads\\\/2022\\\/10\\\/allasorias_site_facebok_logo.png\",\"@id\":\"https:\\\/\\\/allasorias.hu\\\/hirek\\\/nem-tudni-honnan-kuldik-el-a-dolgozokat-a-kozszferaban\\\/#organizationLogo\"},\"image\":{\"@id\":\"https:\\\/\\\/allasorias.hu\\\/hirek\\\/nem-tudni-honnan-kuldik-el-a-dolgozokat-a-kozszferaban\\\/#organizationLogo\"},\"sameAs\":[\"https:\\\/\\\/www.facebook.com\\\/allasorias\",\"https:\\\/\\\/www.linkedin.com\\\/company\\\/allasorias\"]},{\"@type\":\"Person\",\"@id\":\"https:\\\/\\\/allasorias.hu\\\/hirek\\\/author\\\/admin-allasorias\\\/#author\",\"url\":\"https:\\\/\\\/allasorias.hu\\\/hirek\\\/author\\\/admin-allasorias\\\/\",\"name\":\"Juh\\u00e1sz P\\u00e9ter\",\"image\":{\"@type\":\"ImageObject\",\"@id\":\"https:\\\/\\\/allasorias.hu\\\/hirek\\\/nem-tudni-honnan-kuldik-el-a-dolgozokat-a-kozszferaban\\\/#authorImage\",\"url\":\"https:\\\/\\\/secure.gravatar.com\\\/avatar\\\/36e6bcb83148978b992977cb0f54d22feb0cce8a0a849a9410532bb2623ba4c6?s=96&d=mm&r=g\",\"width\":96,\"height\":96,\"caption\":\"Juh\\u00e1sz P\\u00e9ter\"}},{\"@type\":\"WebPage\",\"@id\":\"https:\\\/\\\/allasorias.hu\\\/hirek\\\/nem-tudni-honnan-kuldik-el-a-dolgozokat-a-kozszferaban\\\/#webpage\",\"url\":\"https:\\\/\\\/allasorias.hu\\\/hirek\\\/nem-tudni-honnan-kuldik-el-a-dolgozokat-a-kozszferaban\\\/\",\"name\":\"Nem tudni honnan k\\u00fcldik el a dolgoz\\u00f3kat a k\\u00f6zszf\\u00e9r\\u00e1ban | AllasOrias.hu | H\\u00edrek-lapszemle\",\"description\":\"K\\u00f6zel 2600 \\u00e1ll\\u00e1shely sz\\u0171nik meg az Emmiben \\u00e9s h\\u00e1tt\\u00e9rint\\u00e9zm\\u00e9nyeiben, de m\\u00e9g nem adnak arr\\u00f3l t\\u00e1j\\u00e9koztat\\u00e1st, hogy pontosan mely ter\\u00fcleteket \\u00e9rint a le\\u00e9p\\u00edt\\u00e9s. A k\\u00f6zszf\\u00e9r\\u00e1ban egy\\u00e9bk\\u00e9nt \\u00f6sszesen 3400 dolgoz\\u00f3t bocs\\u00e1tanak el, de k\\u00f6zben 6810 munkak\\u00f6rt sz\\u00fcntetnek meg. Azt m\\u00e1r tudni lehet, hogy az Agr\\u00e1rminiszt\\u00e9riumban csak a term\\u00e9szetv\\u00e9delmi f\\u0151oszt\\u00e1lyok dolgoz\\u00f3it \\u00e9rintette a le\\u00e9p\\u00edt\\u00e9s. Az Emberi Er\\u0151forr\\u00e1sok Miniszt\\u00e9rium\\u00e1ban\",\"inLanguage\":\"hu-HU\",\"isPartOf\":{\"@id\":\"https:\\\/\\\/allasorias.hu\\\/hirek\\\/#website\"},\"breadcrumb\":{\"@id\":\"https:\\\/\\\/allasorias.hu\\\/hirek\\\/nem-tudni-honnan-kuldik-el-a-dolgozokat-a-kozszferaban\\\/#breadcrumblist\"},\"author\":{\"@id\":\"https:\\\/\\\/allasorias.hu\\\/hirek\\\/author\\\/admin-allasorias\\\/#author\"},\"creator\":{\"@id\":\"https:\\\/\\\/allasorias.hu\\\/hirek\\\/author\\\/admin-allasorias\\\/#author\"},\"image\":{\"@type\":\"ImageObject\",\"url\":\"https:\\\/\\\/allasorias.hu\\\/hirek\\\/wp-content\\\/uploads\\\/2018\\\/11\\\/termination-110301_640.jpg\",\"@id\":\"https:\\\/\\\/allasorias.hu\\\/hirek\\\/nem-tudni-honnan-kuldik-el-a-dolgozokat-a-kozszferaban\\\/#mainImage\",\"width\":640,\"height\":452},\"primaryImageOfPage\":{\"@id\":\"https:\\\/\\\/allasorias.hu\\\/hirek\\\/nem-tudni-honnan-kuldik-el-a-dolgozokat-a-kozszferaban\\\/#mainImage\"},\"datePublished\":\"2018-11-21T11:59:58+02:00\",\"dateModified\":\"2018-11-21T11:59:58+02:00\"},{\"@type\":\"WebSite\",\"@id\":\"https:\\\/\\\/allasorias.hu\\\/hirek\\\/#website\",\"url\":\"https:\\\/\\\/allasorias.hu\\\/hirek\\\/\",\"name\":\"AllasOrias.hu | H\\u00edrek-lapszemle\",\"description\":\"\\u00dczleti h\\u00edrek az \\u00e1ll\\u00e1s \\u00e9s a munka vil\\u00e1g\\u00e1b\\u00f3l\",\"inLanguage\":\"hu-HU\",\"publisher\":{\"@id\":\"https:\\\/\\\/allasorias.hu\\\/hirek\\\/#organization\"}}]}\n\t\t<\/script>\n\t\t<!-- All in One SEO -->\n\n","aioseo_head_json":{"title":"Nem tudni honnan k\u00fcldik el a dolgoz\u00f3kat a k\u00f6zszf\u00e9r\u00e1ban | AllasOrias.hu | H\u00edrek-lapszemle","description":"K\u00f6zel 2600 \u00e1ll\u00e1shely sz\u0171nik meg az Emmiben \u00e9s h\u00e1tt\u00e9rint\u00e9zm\u00e9nyeiben, de m\u00e9g nem adnak arr\u00f3l t\u00e1j\u00e9koztat\u00e1st, hogy pontosan mely ter\u00fcleteket \u00e9rint a le\u00e9p\u00edt\u00e9s. A k\u00f6zszf\u00e9r\u00e1ban egy\u00e9bk\u00e9nt \u00f6sszesen 3400 dolgoz\u00f3t bocs\u00e1tanak el, de k\u00f6zben 6810 munkak\u00f6rt sz\u00fcntetnek meg. Azt m\u00e1r tudni lehet, hogy az Agr\u00e1rminiszt\u00e9riumban csak a term\u00e9szetv\u00e9delmi f\u0151oszt\u00e1lyok dolgoz\u00f3it \u00e9rintette a le\u00e9p\u00edt\u00e9s. Az Emberi Er\u0151forr\u00e1sok Miniszt\u00e9rium\u00e1ban","canonical_url":"https:\/\/allasorias.hu\/hirek\/nem-tudni-honnan-kuldik-el-a-dolgozokat-a-kozszferaban\/","robots":"max-image-preview:large","keywords":"","webmasterTools":{"miscellaneous":""},"schema":{"@context":"https:\/\/schema.org","@graph":[{"@type":"Article","@id":"https:\/\/allasorias.hu\/hirek\/nem-tudni-honnan-kuldik-el-a-dolgozokat-a-kozszferaban\/#article","name":"Nem tudni honnan k\u00fcldik el a dolgoz\u00f3kat a k\u00f6zszf\u00e9r\u00e1ban | AllasOrias.hu | H\u00edrek-lapszemle","headline":"Nem tudni honnan k\u00fcldik el a dolgoz\u00f3kat a k\u00f6zszf\u00e9r\u00e1ban","author":{"@id":"https:\/\/allasorias.hu\/hirek\/author\/admin-allasorias\/#author"},"publisher":{"@id":"https:\/\/allasorias.hu\/hirek\/#organization"},"image":{"@type":"ImageObject","url":"https:\/\/allasorias.hu\/hirek\/wp-content\/uploads\/2018\/11\/termination-110301_640.jpg","width":640,"height":452},"datePublished":"2018-11-21T11:59:58+02:00","dateModified":"2018-11-21T11:59:58+02:00","inLanguage":"hu-HU","mainEntityOfPage":{"@id":"https:\/\/allasorias.hu\/hirek\/nem-tudni-honnan-kuldik-el-a-dolgozokat-a-kozszferaban\/#webpage"},"isPartOf":{"@id":"https:\/\/allasorias.hu\/hirek\/nem-tudni-honnan-kuldik-el-a-dolgozokat-a-kozszferaban\/#webpage"},"articleSection":"Gazdas\u00e1g, Munkaer\u0151piac"},{"@type":"BreadcrumbList","@id":"https:\/\/allasorias.hu\/hirek\/nem-tudni-honnan-kuldik-el-a-dolgozokat-a-kozszferaban\/#breadcrumblist","itemListElement":[{"@type":"ListItem","@id":"https:\/\/allasorias.hu\/hirek#listItem","position":1,"name":"Home","item":"https:\/\/allasorias.hu\/hirek","nextItem":{"@type":"ListItem","@id":"https:\/\/allasorias.hu\/hirek\/temak\/gazdasag\/#listItem","name":"Gazdas\u00e1g"}},{"@type":"ListItem","@id":"https:\/\/allasorias.hu\/hirek\/temak\/gazdasag\/#listItem","position":2,"name":"Gazdas\u00e1g","item":"https:\/\/allasorias.hu\/hirek\/temak\/gazdasag\/","nextItem":{"@type":"ListItem","@id":"https:\/\/allasorias.hu\/hirek\/nem-tudni-honnan-kuldik-el-a-dolgozokat-a-kozszferaban\/#listItem","name":"Nem tudni honnan k\u00fcldik el a dolgoz\u00f3kat a k\u00f6zszf\u00e9r\u00e1ban"},"previousItem":{"@type":"ListItem","@id":"https:\/\/allasorias.hu\/hirek#listItem","name":"Home"}},{"@type":"ListItem","@id":"https:\/\/allasorias.hu\/hirek\/nem-tudni-honnan-kuldik-el-a-dolgozokat-a-kozszferaban\/#listItem","position":3,"name":"Nem tudni honnan k\u00fcldik el a dolgoz\u00f3kat a k\u00f6zszf\u00e9r\u00e1ban","previousItem":{"@type":"ListItem","@id":"https:\/\/allasorias.hu\/hirek\/temak\/gazdasag\/#listItem","name":"Gazdas\u00e1g"}}]},{"@type":"Organization","@id":"https:\/\/allasorias.hu\/hirek\/#organization","name":"AllasOrias.hu | H\u00edrek-lapszemle","description":"\u00dczleti h\u00edrek az \u00e1ll\u00e1s \u00e9s a munka vil\u00e1g\u00e1b\u00f3l","url":"https:\/\/allasorias.hu\/hirek\/","logo":{"@type":"ImageObject","url":"https:\/\/allasorias.hu\/hirek\/wp-content\/uploads\/2022\/10\/allasorias_site_facebok_logo.png","@id":"https:\/\/allasorias.hu\/hirek\/nem-tudni-honnan-kuldik-el-a-dolgozokat-a-kozszferaban\/#organizationLogo"},"image":{"@id":"https:\/\/allasorias.hu\/hirek\/nem-tudni-honnan-kuldik-el-a-dolgozokat-a-kozszferaban\/#organizationLogo"},"sameAs":["https:\/\/www.facebook.com\/allasorias","https:\/\/www.linkedin.com\/company\/allasorias"]},{"@type":"Person","@id":"https:\/\/allasorias.hu\/hirek\/author\/admin-allasorias\/#author","url":"https:\/\/allasorias.hu\/hirek\/author\/admin-allasorias\/","name":"Juh\u00e1sz P\u00e9ter","image":{"@type":"ImageObject","@id":"https:\/\/allasorias.hu\/hirek\/nem-tudni-honnan-kuldik-el-a-dolgozokat-a-kozszferaban\/#authorImage","url":"https:\/\/secure.gravatar.com\/avatar\/36e6bcb83148978b992977cb0f54d22feb0cce8a0a849a9410532bb2623ba4c6?s=96&d=mm&r=g","width":96,"height":96,"caption":"Juh\u00e1sz P\u00e9ter"}},{"@type":"WebPage","@id":"https:\/\/allasorias.hu\/hirek\/nem-tudni-honnan-kuldik-el-a-dolgozokat-a-kozszferaban\/#webpage","url":"https:\/\/allasorias.hu\/hirek\/nem-tudni-honnan-kuldik-el-a-dolgozokat-a-kozszferaban\/","name":"Nem tudni honnan k\u00fcldik el a dolgoz\u00f3kat a k\u00f6zszf\u00e9r\u00e1ban | AllasOrias.hu | H\u00edrek-lapszemle","description":"K\u00f6zel 2600 \u00e1ll\u00e1shely sz\u0171nik meg az Emmiben \u00e9s h\u00e1tt\u00e9rint\u00e9zm\u00e9nyeiben, de m\u00e9g nem adnak arr\u00f3l t\u00e1j\u00e9koztat\u00e1st, hogy pontosan mely ter\u00fcleteket \u00e9rint a le\u00e9p\u00edt\u00e9s. A k\u00f6zszf\u00e9r\u00e1ban egy\u00e9bk\u00e9nt \u00f6sszesen 3400 dolgoz\u00f3t bocs\u00e1tanak el, de k\u00f6zben 6810 munkak\u00f6rt sz\u00fcntetnek meg. Azt m\u00e1r tudni lehet, hogy az Agr\u00e1rminiszt\u00e9riumban csak a term\u00e9szetv\u00e9delmi f\u0151oszt\u00e1lyok dolgoz\u00f3it \u00e9rintette a le\u00e9p\u00edt\u00e9s. Az Emberi Er\u0151forr\u00e1sok Miniszt\u00e9rium\u00e1ban","inLanguage":"hu-HU","isPartOf":{"@id":"https:\/\/allasorias.hu\/hirek\/#website"},"breadcrumb":{"@id":"https:\/\/allasorias.hu\/hirek\/nem-tudni-honnan-kuldik-el-a-dolgozokat-a-kozszferaban\/#breadcrumblist"},"author":{"@id":"https:\/\/allasorias.hu\/hirek\/author\/admin-allasorias\/#author"},"creator":{"@id":"https:\/\/allasorias.hu\/hirek\/author\/admin-allasorias\/#author"},"image":{"@type":"ImageObject","url":"https:\/\/allasorias.hu\/hirek\/wp-content\/uploads\/2018\/11\/termination-110301_640.jpg","@id":"https:\/\/allasorias.hu\/hirek\/nem-tudni-honnan-kuldik-el-a-dolgozokat-a-kozszferaban\/#mainImage","width":640,"height":452},"primaryImageOfPage":{"@id":"https:\/\/allasorias.hu\/hirek\/nem-tudni-honnan-kuldik-el-a-dolgozokat-a-kozszferaban\/#mainImage"},"datePublished":"2018-11-21T11:59:58+02:00","dateModified":"2018-11-21T11:59:58+02:00"},{"@type":"WebSite","@id":"https:\/\/allasorias.hu\/hirek\/#website","url":"https:\/\/allasorias.hu\/hirek\/","name":"AllasOrias.hu | H\u00edrek-lapszemle","description":"\u00dczleti h\u00edrek az \u00e1ll\u00e1s \u00e9s a munka vil\u00e1g\u00e1b\u00f3l","inLanguage":"hu-HU","publisher":{"@id":"https:\/\/allasorias.hu\/hirek\/#organization"}}]},"og:locale":"hu_HU","og:site_name":"AllasOrias.hu | H\u00edrek-lapszemle | \u00dczleti h\u00edrek az \u00e1ll\u00e1s \u00e9s a munka vil\u00e1g\u00e1b\u00f3l","og:type":"article","og:title":"Nem tudni honnan k\u00fcldik el a dolgoz\u00f3kat a k\u00f6zszf\u00e9r\u00e1ban | AllasOrias.hu | H\u00edrek-lapszemle","og:description":"K\u00f6zel 2600 \u00e1ll\u00e1shely sz\u0171nik meg az Emmiben \u00e9s h\u00e1tt\u00e9rint\u00e9zm\u00e9nyeiben, de m\u00e9g nem adnak arr\u00f3l t\u00e1j\u00e9koztat\u00e1st, hogy pontosan mely ter\u00fcleteket \u00e9rint a le\u00e9p\u00edt\u00e9s. A k\u00f6zszf\u00e9r\u00e1ban egy\u00e9bk\u00e9nt \u00f6sszesen 3400 dolgoz\u00f3t bocs\u00e1tanak el, de k\u00f6zben 6810 munkak\u00f6rt sz\u00fcntetnek meg. Azt m\u00e1r tudni lehet, hogy az Agr\u00e1rminiszt\u00e9riumban csak a term\u00e9szetv\u00e9delmi f\u0151oszt\u00e1lyok dolgoz\u00f3it \u00e9rintette a le\u00e9p\u00edt\u00e9s. Az Emberi Er\u0151forr\u00e1sok Miniszt\u00e9rium\u00e1ban","og:url":"https:\/\/allasorias.hu\/hirek\/nem-tudni-honnan-kuldik-el-a-dolgozokat-a-kozszferaban\/","og:image":"https:\/\/allasorias.hu\/hirek\/wp-content\/uploads\/2018\/11\/termination-110301_640.jpg","og:image:secure_url":"https:\/\/allasorias.hu\/hirek\/wp-content\/uploads\/2018\/11\/termination-110301_640.jpg","og:image:width":640,"og:image:height":452,"article:published_time":"2018-11-21T11:59:58+00:00","article:modified_time":"2018-11-21T11:59:58+00:00","article:publisher":"https:\/\/www.facebook.com\/allasorias","twitter:card":"summary_large_image","twitter:title":"Nem tudni honnan k\u00fcldik el a dolgoz\u00f3kat a k\u00f6zszf\u00e9r\u00e1ban | AllasOrias.hu | H\u00edrek-lapszemle","twitter:description":"K\u00f6zel 2600 \u00e1ll\u00e1shely sz\u0171nik meg az Emmiben \u00e9s h\u00e1tt\u00e9rint\u00e9zm\u00e9nyeiben, de m\u00e9g nem adnak arr\u00f3l t\u00e1j\u00e9koztat\u00e1st, hogy pontosan mely ter\u00fcleteket \u00e9rint a le\u00e9p\u00edt\u00e9s. A k\u00f6zszf\u00e9r\u00e1ban egy\u00e9bk\u00e9nt \u00f6sszesen 3400 dolgoz\u00f3t bocs\u00e1tanak el, de k\u00f6zben 6810 munkak\u00f6rt sz\u00fcntetnek meg. Azt m\u00e1r tudni lehet, hogy az Agr\u00e1rminiszt\u00e9riumban csak a term\u00e9szetv\u00e9delmi f\u0151oszt\u00e1lyok dolgoz\u00f3it \u00e9rintette a le\u00e9p\u00edt\u00e9s. Az Emberi Er\u0151forr\u00e1sok Miniszt\u00e9rium\u00e1ban","twitter:image":"https:\/\/allasorias.hu\/hirek\/wp-content\/uploads\/2018\/11\/termination-110301_640.jpg","twitter:label1":"Written by","twitter:data1":"Juh\u00e1sz P\u00e9ter","twitter:label2":"Est. reading time","twitter:data2":"1 minute"},"aioseo_meta_data":{"post_id":"2208","title":null,"description":null,"keywords":null,"keyphrases":null,"primary_term":null,"canonical_url":null,"og_title":null,"og_description":null,"og_object_type":"default","og_image_type":"default","og_image_url":null,"og_image_width":null,"og_image_height":null,"og_image_custom_url":null,"og_image_custom_fields":null,"og_video":null,"og_custom_url":null,"og_article_section":null,"og_article_tags":null,"twitter_use_og":false,"twitter_card":"default","twitter_image_type":"default","twitter_image_url":null,"twitter_image_custom_url":null,"twitter_image_custom_fields":null,"twitter_title":null,"twitter_description":null,"schema":{"blockGraphs":[],"customGraphs":[],"default":{"data":{"Article":[],"Course":[],"Dataset":[],"FAQPage":[],"Movie":[],"Person":[],"Product":[],"ProductReview":[],"Car":[],"Recipe":[],"Service":[],"SoftwareApplication":[],"WebPage":[]},"graphName":"","isEnabled":true},"graphs":[],"defaultGraph":"","defaultPostTypeGraph":""},"schema_type":null,"schema_type_options":null,"pillar_content":false,"robots_default":true,"robots_noindex":false,"robots_noarchive":false,"robots_nosnippet":false,"robots_nofollow":false,"robots_noimageindex":false,"robots_noodp":false,"robots_notranslate":false,"robots_max_snippet":null,"robots_max_videopreview":null,"robots_max_imagepreview":"large","priority":null,"frequency":null,"location":null,"local_seo":null,"breadcrumb_settings":null,"limit_modified_date":false,"ai":null,"created":"2021-02-01 20:45:00","updated":"2025-10-02 09:22:12","seo_analyzer_scan_date":null,"focus_keyword":null,"additional_keywords":null,"truseo_locale":null},"aioseo_breadcrumb":"<div class=\"aioseo-breadcrumbs\"><span class=\"aioseo-breadcrumb\">\n\t\t\t<a href=\"https:\/\/allasorias.hu\/hirek\" title=\"Home\">Home<\/a>\n\t\t<\/span><span class=\"aioseo-breadcrumb-separator\">&raquo;<\/span><span class=\"aioseo-breadcrumb\">\n\t\t\t<a href=\"https:\/\/allasorias.hu\/hirek\/temak\/gazdasag\/\" title=\"Gazdas\u00e1g\">Gazdas\u00e1g<\/a>\n\t\t<\/span><span class=\"aioseo-breadcrumb-separator\">&raquo;<\/span><span class=\"aioseo-breadcrumb\">\n\t\t\tNem tudni honnan k\u00fcldik el a dolgoz\u00f3kat a k\u00f6zszf\u00e9r\u00e1ban\n\t\t<\/span><\/div>","aioseo_breadcrumb_json":[{"label":"Home","link":"https:\/\/allasorias.hu\/hirek"},{"label":"Gazdas\u00e1g","link":"https:\/\/allasorias.hu\/hirek\/temak\/gazdasag\/"},{"label":"Nem tudni honnan k\u00fcldik el a dolgoz\u00f3kat a k\u00f6zszf\u00e9r\u00e1ban","link":"https:\/\/allasorias.hu\/hirek\/nem-tudni-honnan-kuldik-el-a-dolgozokat-a-kozszferaban\/"}],"_links":{"self":[{"href":"https:\/\/allasorias.hu\/hirek\/wp-json\/wp\/v2\/posts\/2208","targetHints":{"allow":["GET"]}}],"collection":[{"href":"https:\/\/allasorias.hu\/hirek\/wp-json\/wp\/v2\/posts"}],"about":[{"href":"https:\/\/allasorias.hu\/hirek\/wp-json\/wp\/v2\/types\/post"}],"author":[{"embeddable":true,"href":"https:\/\/allasorias.hu\/hirek\/wp-json\/wp\/v2\/users\/1"}],"replies":[{"embeddable":true,"href":"https:\/\/allasorias.hu\/hirek\/wp-json\/wp\/v2\/comments?post=2208"}],"version-history":[{"count":1,"href":"https:\/\/allasorias.hu\/hirek\/wp-json\/wp\/v2\/posts\/2208\/revisions"}],"predecessor-version":[{"id":2209,"href":"https:\/\/allasorias.hu\/hirek\/wp-json\/wp\/v2\/posts\/2208\/revisions\/2209"}],"wp:featuredmedia":[{"embeddable":true,"href":"https:\/\/allasorias.hu\/hirek\/wp-json\/wp\/v2\/media\/2092"}],"wp:attachment":[{"href":"https:\/\/allasorias.hu\/hirek\/wp-json\/wp\/v2\/media?parent=2208"}],"wp:term":[{"taxonomy":"category","embeddable":true,"href":"https:\/\/allasorias.hu\/hirek\/wp-json\/wp\/v2\/categories?post=2208"},{"taxonomy":"post_tag","embeddable":true,"href":"https:\/\/allasorias.hu\/hirek\/wp-json\/wp\/v2\/tags?post=2208"}],"curies":[{"name":"wp","href":"https:\/\/api.w.org\/{rel}","templated":true}]}}