{"id":2205,"date":"2018-11-21T11:57:05","date_gmt":"2018-11-21T11:57:05","guid":{"rendered":"https:\/\/allasorias.hu\/hirek\/?p=2205"},"modified":"2018-11-21T11:57:05","modified_gmt":"2018-11-21T11:57:05","slug":"meg-nincs-teljes-egyetertes-a-minimalber-kerdeseben","status":"publish","type":"post","link":"https:\/\/allasorias.hu\/hirek\/meg-nincs-teljes-egyetertes-a-minimalber-kerdeseben\/","title":{"rendered":"M\u00e9g nincs teljes egyet\u00e9rt\u00e9s a minim\u00e1lb\u00e9r k\u00e9rd\u00e9s\u00e9ben"},"content":{"rendered":"<p style=\"text-align: justify;\"><strong>N\u00e9h\u00e1ny \u00e9vre sz\u00fcletne meg\u00e1llapod\u00e1s a minim\u00e1lb\u00e9r k\u00e9rd\u00e9s\u00e9ben a felek k\u00f6z\u00f6tt, azonban az id\u0151tartamon t\u00fal nem \u00e9rtenek egyet semmiben. A munkaad\u00f3i \u00e9s a munkav\u00e1llal\u00f3i oldal a minim\u00e1lb\u00e9r \u00e9s a garant\u00e1lt b\u00e9rminimum emel\u00e9s\u00e9r\u0151l nem k\u00f6zelednek az \u00e1ll\u00e1spontok \u2013 der\u00fclt ki a versenyszf\u00e9ra \u00e9s a korm\u00e1ny \u00e1lland\u00f3 konzult\u00e1ci\u00f3s f\u00f3rum\u00e1nak \u00fcl\u00e9s\u00e9n.<\/strong><\/p>\n<p style=\"text-align: justify;\">A szakszervezetek tov\u00e1bbra is ragaszkodnak a k\u00e9tsz\u00e1mjegy\u0171, legal\u00e1bb 13 sz\u00e1zal\u00e9kos minim\u00e1lb\u00e9r- \u00e9s legal\u00e1bb 15 sz\u00e1zal\u00e9kos garant\u00e1ltb\u00e9rminimum-emel\u00e9shez. A munkaad\u00f3k k\u00e9pvisel\u0151i pedig azt vallj\u00e1k, tart\u00f3san nem n\u0151het a gazdas\u00e1gn\u00e1l jobban a legkisebb k\u00f6telez\u0151 b\u00e9r, \u00edgy janu\u00e1rt\u00f3l 5-5 sz\u00e1zal\u00e9kkal n\u00f6veln\u00e9k a b\u00e9reket, majd tov\u00e1bbi 2-2 sz\u00e1zal\u00e9kkal j\u00faliust\u00f3l, a szoci\u00e1lis hozz\u00e1j\u00e1rul\u00e1si ad\u00f3 tov\u00e1bbi 2 sz\u00e1zal\u00e9kpontos cs\u00f6kkent\u00e9s\u00e9nek id\u0151pontj\u00e1t\u00f3l. A magyar id\u0151k szerint \u00a0elmozdul\u00e1s a k\u00f6vetkez\u0151 t\u00e1rgyal\u00e1si fordul\u00f3n v\u00e1rhat\u00f3, amelyre a korm\u00e1ny r\u00e9szletes kimutat\u00e1st k\u00e9sz\u00edt a hazai keresetek helyzet\u00e9r\u0151l, \u00e1gazati bont\u00e1sban.<\/p>\n<p><em>Forr\u00e1s: adozona.hu<\/em><\/p>\n","protected":false},"excerpt":{"rendered":"<p>N\u00e9h\u00e1ny \u00e9vre sz\u00fcletne meg\u00e1llapod\u00e1s a minim\u00e1lb\u00e9r k\u00e9rd\u00e9s\u00e9ben a felek k\u00f6z\u00f6tt, azonban az id\u0151tartamon t\u00fal nem \u00e9rtenek egyet semmiben. A munkaad\u00f3i \u00e9s a munkav\u00e1llal\u00f3i oldal a minim\u00e1lb\u00e9r \u00e9s a garant\u00e1lt b\u00e9rminimum emel\u00e9s\u00e9r\u0151l nem k\u00f6zelednek az \u00e1ll\u00e1spontok \u2013 der\u00fclt ki a versenyszf\u00e9ra \u00e9s a korm\u00e1ny \u00e1lland\u00f3 konzult\u00e1ci\u00f3s f\u00f3rum\u00e1nak \u00fcl\u00e9s\u00e9n. A szakszervezetek tov\u00e1bbra is ragaszkodnak a k\u00e9tsz\u00e1mjegy\u0171, legal\u00e1bb [&hellip;]<\/p>\n","protected":false},"author":1,"featured_media":2206,"comment_status":"open","ping_status":"open","sticky":false,"template":"","format":"standard","meta":{"_monsterinsights_skip_tracking":false,"footnotes":""},"categories":[198,200],"tags":[],"class_list":["post-2205","post","type-post","status-publish","format-standard","has-post-thumbnail","hentry","category-gazdasag","category-munkaeropiac"],"aioseo_notices":[],"aioseo_head":"\n\t\t<!-- All in One SEO 5.0.0.1 - aioseo.com -->\n\t<meta name=\"description\" content=\"N\u00e9h\u00e1ny \u00e9vre sz\u00fcletne meg\u00e1llapod\u00e1s a minim\u00e1lb\u00e9r k\u00e9rd\u00e9s\u00e9ben a felek k\u00f6z\u00f6tt, azonban az id\u0151tartamon t\u00fal nem \u00e9rtenek egyet semmiben. A munkaad\u00f3i \u00e9s a munkav\u00e1llal\u00f3i oldal a minim\u00e1lb\u00e9r \u00e9s a garant\u00e1lt b\u00e9rminimum emel\u00e9s\u00e9r\u0151l nem k\u00f6zelednek az \u00e1ll\u00e1spontok \u2013 der\u00fclt ki a versenyszf\u00e9ra \u00e9s a korm\u00e1ny \u00e1lland\u00f3 konzult\u00e1ci\u00f3s f\u00f3rum\u00e1nak \u00fcl\u00e9s\u00e9n. A szakszervezetek tov\u00e1bbra is ragaszkodnak a k\u00e9tsz\u00e1mjegy\u0171, legal\u00e1bb\" \/>\n\t<meta name=\"robots\" content=\"max-image-preview:large\" \/>\n\t<meta name=\"author\" content=\"Juh\u00e1sz P\u00e9ter\"\/>\n\t<link rel=\"canonical\" href=\"https:\/\/allasorias.hu\/hirek\/meg-nincs-teljes-egyetertes-a-minimalber-kerdeseben\/\" \/>\n\t<meta name=\"generator\" content=\"All in One SEO (AIOSEO) 5.0.0.1\" \/>\n\t\t<meta property=\"og:locale\" content=\"hu_HU\" \/>\n\t\t<meta property=\"og:site_name\" content=\"AllasOrias.hu | H\u00edrek-lapszemle | \u00dczleti h\u00edrek az \u00e1ll\u00e1s \u00e9s a munka vil\u00e1g\u00e1b\u00f3l\" \/>\n\t\t<meta property=\"og:type\" content=\"article\" \/>\n\t\t<meta property=\"og:title\" content=\"M\u00e9g nincs teljes egyet\u00e9rt\u00e9s a minim\u00e1lb\u00e9r k\u00e9rd\u00e9s\u00e9ben | AllasOrias.hu | H\u00edrek-lapszemle\" \/>\n\t\t<meta property=\"og:description\" content=\"N\u00e9h\u00e1ny \u00e9vre sz\u00fcletne meg\u00e1llapod\u00e1s a minim\u00e1lb\u00e9r k\u00e9rd\u00e9s\u00e9ben a felek k\u00f6z\u00f6tt, azonban az id\u0151tartamon t\u00fal nem \u00e9rtenek egyet semmiben. A munkaad\u00f3i \u00e9s a munkav\u00e1llal\u00f3i oldal a minim\u00e1lb\u00e9r \u00e9s a garant\u00e1lt b\u00e9rminimum emel\u00e9s\u00e9r\u0151l nem k\u00f6zelednek az \u00e1ll\u00e1spontok \u2013 der\u00fclt ki a versenyszf\u00e9ra \u00e9s a korm\u00e1ny \u00e1lland\u00f3 konzult\u00e1ci\u00f3s f\u00f3rum\u00e1nak \u00fcl\u00e9s\u00e9n. A szakszervezetek tov\u00e1bbra is ragaszkodnak a k\u00e9tsz\u00e1mjegy\u0171, legal\u00e1bb\" \/>\n\t\t<meta property=\"og:url\" content=\"https:\/\/allasorias.hu\/hirek\/meg-nincs-teljes-egyetertes-a-minimalber-kerdeseben\/\" \/>\n\t\t<meta property=\"og:image\" content=\"https:\/\/allasorias.hu\/hirek\/wp-content\/uploads\/2018\/11\/document-428338_640.jpg\" \/>\n\t\t<meta property=\"og:image:secure_url\" content=\"https:\/\/allasorias.hu\/hirek\/wp-content\/uploads\/2018\/11\/document-428338_640.jpg\" \/>\n\t\t<meta property=\"og:image:width\" content=\"640\" \/>\n\t\t<meta property=\"og:image:height\" content=\"425\" \/>\n\t\t<meta property=\"article:published_time\" content=\"2018-11-21T11:57:05+00:00\" \/>\n\t\t<meta property=\"article:modified_time\" content=\"2018-11-21T11:57:05+00:00\" \/>\n\t\t<meta property=\"article:publisher\" content=\"https:\/\/www.facebook.com\/allasorias\" \/>\n\t\t<meta name=\"twitter:card\" content=\"summary_large_image\" \/>\n\t\t<meta name=\"twitter:title\" content=\"M\u00e9g nincs teljes egyet\u00e9rt\u00e9s a minim\u00e1lb\u00e9r k\u00e9rd\u00e9s\u00e9ben | AllasOrias.hu | H\u00edrek-lapszemle\" \/>\n\t\t<meta name=\"twitter:description\" content=\"N\u00e9h\u00e1ny \u00e9vre sz\u00fcletne meg\u00e1llapod\u00e1s a minim\u00e1lb\u00e9r k\u00e9rd\u00e9s\u00e9ben a felek k\u00f6z\u00f6tt, azonban az id\u0151tartamon t\u00fal nem \u00e9rtenek egyet semmiben. A munkaad\u00f3i \u00e9s a munkav\u00e1llal\u00f3i oldal a minim\u00e1lb\u00e9r \u00e9s a garant\u00e1lt b\u00e9rminimum emel\u00e9s\u00e9r\u0151l nem k\u00f6zelednek az \u00e1ll\u00e1spontok \u2013 der\u00fclt ki a versenyszf\u00e9ra \u00e9s a korm\u00e1ny \u00e1lland\u00f3 konzult\u00e1ci\u00f3s f\u00f3rum\u00e1nak \u00fcl\u00e9s\u00e9n. A szakszervezetek tov\u00e1bbra is ragaszkodnak a k\u00e9tsz\u00e1mjegy\u0171, legal\u00e1bb\" \/>\n\t\t<meta name=\"twitter:image\" content=\"https:\/\/allasorias.hu\/hirek\/wp-content\/uploads\/2018\/11\/document-428338_640.jpg\" \/>\n\t\t<meta name=\"twitter:label1\" content=\"Written by\" \/>\n\t\t<meta name=\"twitter:data1\" content=\"Juh\u00e1sz P\u00e9ter\" \/>\n\t\t<meta name=\"twitter:label2\" content=\"Est. reading time\" \/>\n\t\t<meta name=\"twitter:data2\" content=\"1 minute\" \/>\n\t\t<script type=\"application\/ld+json\" class=\"aioseo-schema\">\n\t\t\t{\"@context\":\"https:\\\/\\\/schema.org\",\"@graph\":[{\"@type\":\"Article\",\"@id\":\"https:\\\/\\\/allasorias.hu\\\/hirek\\\/meg-nincs-teljes-egyetertes-a-minimalber-kerdeseben\\\/#article\",\"name\":\"M\\u00e9g nincs teljes egyet\\u00e9rt\\u00e9s a minim\\u00e1lb\\u00e9r k\\u00e9rd\\u00e9s\\u00e9ben | AllasOrias.hu | H\\u00edrek-lapszemle\",\"headline\":\"M\\u00e9g nincs teljes egyet\\u00e9rt\\u00e9s a minim\\u00e1lb\\u00e9r k\\u00e9rd\\u00e9s\\u00e9ben\",\"author\":{\"@id\":\"https:\\\/\\\/allasorias.hu\\\/hirek\\\/author\\\/admin-allasorias\\\/#author\"},\"publisher\":{\"@id\":\"https:\\\/\\\/allasorias.hu\\\/hirek\\\/#organization\"},\"image\":{\"@type\":\"ImageObject\",\"url\":\"https:\\\/\\\/allasorias.hu\\\/hirek\\\/wp-content\\\/uploads\\\/2018\\\/11\\\/document-428338_640.jpg\",\"width\":640,\"height\":425},\"datePublished\":\"2018-11-21T11:57:05+02:00\",\"dateModified\":\"2018-11-21T11:57:05+02:00\",\"inLanguage\":\"hu-HU\",\"mainEntityOfPage\":{\"@id\":\"https:\\\/\\\/allasorias.hu\\\/hirek\\\/meg-nincs-teljes-egyetertes-a-minimalber-kerdeseben\\\/#webpage\"},\"isPartOf\":{\"@id\":\"https:\\\/\\\/allasorias.hu\\\/hirek\\\/meg-nincs-teljes-egyetertes-a-minimalber-kerdeseben\\\/#webpage\"},\"articleSection\":\"Gazdas\\u00e1g, Munkaer\\u0151piac\"},{\"@type\":\"BreadcrumbList\",\"@id\":\"https:\\\/\\\/allasorias.hu\\\/hirek\\\/meg-nincs-teljes-egyetertes-a-minimalber-kerdeseben\\\/#breadcrumblist\",\"itemListElement\":[{\"@type\":\"ListItem\",\"@id\":\"https:\\\/\\\/allasorias.hu\\\/hirek#listItem\",\"position\":1,\"name\":\"Home\",\"item\":\"https:\\\/\\\/allasorias.hu\\\/hirek\",\"nextItem\":{\"@type\":\"ListItem\",\"@id\":\"https:\\\/\\\/allasorias.hu\\\/hirek\\\/temak\\\/gazdasag\\\/#listItem\",\"name\":\"Gazdas\\u00e1g\"}},{\"@type\":\"ListItem\",\"@id\":\"https:\\\/\\\/allasorias.hu\\\/hirek\\\/temak\\\/gazdasag\\\/#listItem\",\"position\":2,\"name\":\"Gazdas\\u00e1g\",\"item\":\"https:\\\/\\\/allasorias.hu\\\/hirek\\\/temak\\\/gazdasag\\\/\",\"nextItem\":{\"@type\":\"ListItem\",\"@id\":\"https:\\\/\\\/allasorias.hu\\\/hirek\\\/meg-nincs-teljes-egyetertes-a-minimalber-kerdeseben\\\/#listItem\",\"name\":\"M\\u00e9g nincs teljes egyet\\u00e9rt\\u00e9s a minim\\u00e1lb\\u00e9r k\\u00e9rd\\u00e9s\\u00e9ben\"},\"previousItem\":{\"@type\":\"ListItem\",\"@id\":\"https:\\\/\\\/allasorias.hu\\\/hirek#listItem\",\"name\":\"Home\"}},{\"@type\":\"ListItem\",\"@id\":\"https:\\\/\\\/allasorias.hu\\\/hirek\\\/meg-nincs-teljes-egyetertes-a-minimalber-kerdeseben\\\/#listItem\",\"position\":3,\"name\":\"M\\u00e9g nincs teljes egyet\\u00e9rt\\u00e9s a minim\\u00e1lb\\u00e9r k\\u00e9rd\\u00e9s\\u00e9ben\",\"previousItem\":{\"@type\":\"ListItem\",\"@id\":\"https:\\\/\\\/allasorias.hu\\\/hirek\\\/temak\\\/gazdasag\\\/#listItem\",\"name\":\"Gazdas\\u00e1g\"}}]},{\"@type\":\"Organization\",\"@id\":\"https:\\\/\\\/allasorias.hu\\\/hirek\\\/#organization\",\"name\":\"AllasOrias.hu | H\\u00edrek-lapszemle\",\"description\":\"\\u00dczleti h\\u00edrek az \\u00e1ll\\u00e1s \\u00e9s a munka vil\\u00e1g\\u00e1b\\u00f3l\",\"url\":\"https:\\\/\\\/allasorias.hu\\\/hirek\\\/\",\"logo\":{\"@type\":\"ImageObject\",\"url\":\"https:\\\/\\\/allasorias.hu\\\/hirek\\\/wp-content\\\/uploads\\\/2022\\\/10\\\/allasorias_site_facebok_logo.png\",\"@id\":\"https:\\\/\\\/allasorias.hu\\\/hirek\\\/meg-nincs-teljes-egyetertes-a-minimalber-kerdeseben\\\/#organizationLogo\"},\"image\":{\"@id\":\"https:\\\/\\\/allasorias.hu\\\/hirek\\\/meg-nincs-teljes-egyetertes-a-minimalber-kerdeseben\\\/#organizationLogo\"},\"sameAs\":[\"https:\\\/\\\/www.facebook.com\\\/allasorias\",\"https:\\\/\\\/www.linkedin.com\\\/company\\\/allasorias\"]},{\"@type\":\"Person\",\"@id\":\"https:\\\/\\\/allasorias.hu\\\/hirek\\\/author\\\/admin-allasorias\\\/#author\",\"url\":\"https:\\\/\\\/allasorias.hu\\\/hirek\\\/author\\\/admin-allasorias\\\/\",\"name\":\"Juh\\u00e1sz P\\u00e9ter\",\"image\":{\"@type\":\"ImageObject\",\"@id\":\"https:\\\/\\\/allasorias.hu\\\/hirek\\\/meg-nincs-teljes-egyetertes-a-minimalber-kerdeseben\\\/#authorImage\",\"url\":\"https:\\\/\\\/secure.gravatar.com\\\/avatar\\\/36e6bcb83148978b992977cb0f54d22feb0cce8a0a849a9410532bb2623ba4c6?s=96&d=mm&r=g\",\"width\":96,\"height\":96,\"caption\":\"Juh\\u00e1sz P\\u00e9ter\"}},{\"@type\":\"WebPage\",\"@id\":\"https:\\\/\\\/allasorias.hu\\\/hirek\\\/meg-nincs-teljes-egyetertes-a-minimalber-kerdeseben\\\/#webpage\",\"url\":\"https:\\\/\\\/allasorias.hu\\\/hirek\\\/meg-nincs-teljes-egyetertes-a-minimalber-kerdeseben\\\/\",\"name\":\"M\\u00e9g nincs teljes egyet\\u00e9rt\\u00e9s a minim\\u00e1lb\\u00e9r k\\u00e9rd\\u00e9s\\u00e9ben | AllasOrias.hu | H\\u00edrek-lapszemle\",\"description\":\"N\\u00e9h\\u00e1ny \\u00e9vre sz\\u00fcletne meg\\u00e1llapod\\u00e1s a minim\\u00e1lb\\u00e9r k\\u00e9rd\\u00e9s\\u00e9ben a felek k\\u00f6z\\u00f6tt, azonban az id\\u0151tartamon t\\u00fal nem \\u00e9rtenek egyet semmiben. A munkaad\\u00f3i \\u00e9s a munkav\\u00e1llal\\u00f3i oldal a minim\\u00e1lb\\u00e9r \\u00e9s a garant\\u00e1lt b\\u00e9rminimum emel\\u00e9s\\u00e9r\\u0151l nem k\\u00f6zelednek az \\u00e1ll\\u00e1spontok \\u2013 der\\u00fclt ki a versenyszf\\u00e9ra \\u00e9s a korm\\u00e1ny \\u00e1lland\\u00f3 konzult\\u00e1ci\\u00f3s f\\u00f3rum\\u00e1nak \\u00fcl\\u00e9s\\u00e9n. A szakszervezetek tov\\u00e1bbra is ragaszkodnak a k\\u00e9tsz\\u00e1mjegy\\u0171, legal\\u00e1bb\",\"inLanguage\":\"hu-HU\",\"isPartOf\":{\"@id\":\"https:\\\/\\\/allasorias.hu\\\/hirek\\\/#website\"},\"breadcrumb\":{\"@id\":\"https:\\\/\\\/allasorias.hu\\\/hirek\\\/meg-nincs-teljes-egyetertes-a-minimalber-kerdeseben\\\/#breadcrumblist\"},\"author\":{\"@id\":\"https:\\\/\\\/allasorias.hu\\\/hirek\\\/author\\\/admin-allasorias\\\/#author\"},\"creator\":{\"@id\":\"https:\\\/\\\/allasorias.hu\\\/hirek\\\/author\\\/admin-allasorias\\\/#author\"},\"image\":{\"@type\":\"ImageObject\",\"url\":\"https:\\\/\\\/allasorias.hu\\\/hirek\\\/wp-content\\\/uploads\\\/2018\\\/11\\\/document-428338_640.jpg\",\"@id\":\"https:\\\/\\\/allasorias.hu\\\/hirek\\\/meg-nincs-teljes-egyetertes-a-minimalber-kerdeseben\\\/#mainImage\",\"width\":640,\"height\":425},\"primaryImageOfPage\":{\"@id\":\"https:\\\/\\\/allasorias.hu\\\/hirek\\\/meg-nincs-teljes-egyetertes-a-minimalber-kerdeseben\\\/#mainImage\"},\"datePublished\":\"2018-11-21T11:57:05+02:00\",\"dateModified\":\"2018-11-21T11:57:05+02:00\"},{\"@type\":\"WebSite\",\"@id\":\"https:\\\/\\\/allasorias.hu\\\/hirek\\\/#website\",\"url\":\"https:\\\/\\\/allasorias.hu\\\/hirek\\\/\",\"name\":\"AllasOrias.hu | H\\u00edrek-lapszemle\",\"description\":\"\\u00dczleti h\\u00edrek az \\u00e1ll\\u00e1s \\u00e9s a munka vil\\u00e1g\\u00e1b\\u00f3l\",\"inLanguage\":\"hu-HU\",\"publisher\":{\"@id\":\"https:\\\/\\\/allasorias.hu\\\/hirek\\\/#organization\"}}]}\n\t\t<\/script>\n\t\t<!-- All in One SEO -->\n\n","aioseo_head_json":{"title":"M\u00e9g nincs teljes egyet\u00e9rt\u00e9s a minim\u00e1lb\u00e9r k\u00e9rd\u00e9s\u00e9ben | AllasOrias.hu | H\u00edrek-lapszemle","description":"N\u00e9h\u00e1ny \u00e9vre sz\u00fcletne meg\u00e1llapod\u00e1s a minim\u00e1lb\u00e9r k\u00e9rd\u00e9s\u00e9ben a felek k\u00f6z\u00f6tt, azonban az id\u0151tartamon t\u00fal nem \u00e9rtenek egyet semmiben. A munkaad\u00f3i \u00e9s a munkav\u00e1llal\u00f3i oldal a minim\u00e1lb\u00e9r \u00e9s a garant\u00e1lt b\u00e9rminimum emel\u00e9s\u00e9r\u0151l nem k\u00f6zelednek az \u00e1ll\u00e1spontok \u2013 der\u00fclt ki a versenyszf\u00e9ra \u00e9s a korm\u00e1ny \u00e1lland\u00f3 konzult\u00e1ci\u00f3s f\u00f3rum\u00e1nak \u00fcl\u00e9s\u00e9n. A szakszervezetek tov\u00e1bbra is ragaszkodnak a k\u00e9tsz\u00e1mjegy\u0171, legal\u00e1bb","canonical_url":"https:\/\/allasorias.hu\/hirek\/meg-nincs-teljes-egyetertes-a-minimalber-kerdeseben\/","robots":"max-image-preview:large","keywords":"","webmasterTools":{"miscellaneous":""},"schema":{"@context":"https:\/\/schema.org","@graph":[{"@type":"Article","@id":"https:\/\/allasorias.hu\/hirek\/meg-nincs-teljes-egyetertes-a-minimalber-kerdeseben\/#article","name":"M\u00e9g nincs teljes egyet\u00e9rt\u00e9s a minim\u00e1lb\u00e9r k\u00e9rd\u00e9s\u00e9ben | AllasOrias.hu | H\u00edrek-lapszemle","headline":"M\u00e9g nincs teljes egyet\u00e9rt\u00e9s a minim\u00e1lb\u00e9r k\u00e9rd\u00e9s\u00e9ben","author":{"@id":"https:\/\/allasorias.hu\/hirek\/author\/admin-allasorias\/#author"},"publisher":{"@id":"https:\/\/allasorias.hu\/hirek\/#organization"},"image":{"@type":"ImageObject","url":"https:\/\/allasorias.hu\/hirek\/wp-content\/uploads\/2018\/11\/document-428338_640.jpg","width":640,"height":425},"datePublished":"2018-11-21T11:57:05+02:00","dateModified":"2018-11-21T11:57:05+02:00","inLanguage":"hu-HU","mainEntityOfPage":{"@id":"https:\/\/allasorias.hu\/hirek\/meg-nincs-teljes-egyetertes-a-minimalber-kerdeseben\/#webpage"},"isPartOf":{"@id":"https:\/\/allasorias.hu\/hirek\/meg-nincs-teljes-egyetertes-a-minimalber-kerdeseben\/#webpage"},"articleSection":"Gazdas\u00e1g, Munkaer\u0151piac"},{"@type":"BreadcrumbList","@id":"https:\/\/allasorias.hu\/hirek\/meg-nincs-teljes-egyetertes-a-minimalber-kerdeseben\/#breadcrumblist","itemListElement":[{"@type":"ListItem","@id":"https:\/\/allasorias.hu\/hirek#listItem","position":1,"name":"Home","item":"https:\/\/allasorias.hu\/hirek","nextItem":{"@type":"ListItem","@id":"https:\/\/allasorias.hu\/hirek\/temak\/gazdasag\/#listItem","name":"Gazdas\u00e1g"}},{"@type":"ListItem","@id":"https:\/\/allasorias.hu\/hirek\/temak\/gazdasag\/#listItem","position":2,"name":"Gazdas\u00e1g","item":"https:\/\/allasorias.hu\/hirek\/temak\/gazdasag\/","nextItem":{"@type":"ListItem","@id":"https:\/\/allasorias.hu\/hirek\/meg-nincs-teljes-egyetertes-a-minimalber-kerdeseben\/#listItem","name":"M\u00e9g nincs teljes egyet\u00e9rt\u00e9s a minim\u00e1lb\u00e9r k\u00e9rd\u00e9s\u00e9ben"},"previousItem":{"@type":"ListItem","@id":"https:\/\/allasorias.hu\/hirek#listItem","name":"Home"}},{"@type":"ListItem","@id":"https:\/\/allasorias.hu\/hirek\/meg-nincs-teljes-egyetertes-a-minimalber-kerdeseben\/#listItem","position":3,"name":"M\u00e9g nincs teljes egyet\u00e9rt\u00e9s a minim\u00e1lb\u00e9r k\u00e9rd\u00e9s\u00e9ben","previousItem":{"@type":"ListItem","@id":"https:\/\/allasorias.hu\/hirek\/temak\/gazdasag\/#listItem","name":"Gazdas\u00e1g"}}]},{"@type":"Organization","@id":"https:\/\/allasorias.hu\/hirek\/#organization","name":"AllasOrias.hu | H\u00edrek-lapszemle","description":"\u00dczleti h\u00edrek az \u00e1ll\u00e1s \u00e9s a munka vil\u00e1g\u00e1b\u00f3l","url":"https:\/\/allasorias.hu\/hirek\/","logo":{"@type":"ImageObject","url":"https:\/\/allasorias.hu\/hirek\/wp-content\/uploads\/2022\/10\/allasorias_site_facebok_logo.png","@id":"https:\/\/allasorias.hu\/hirek\/meg-nincs-teljes-egyetertes-a-minimalber-kerdeseben\/#organizationLogo"},"image":{"@id":"https:\/\/allasorias.hu\/hirek\/meg-nincs-teljes-egyetertes-a-minimalber-kerdeseben\/#organizationLogo"},"sameAs":["https:\/\/www.facebook.com\/allasorias","https:\/\/www.linkedin.com\/company\/allasorias"]},{"@type":"Person","@id":"https:\/\/allasorias.hu\/hirek\/author\/admin-allasorias\/#author","url":"https:\/\/allasorias.hu\/hirek\/author\/admin-allasorias\/","name":"Juh\u00e1sz P\u00e9ter","image":{"@type":"ImageObject","@id":"https:\/\/allasorias.hu\/hirek\/meg-nincs-teljes-egyetertes-a-minimalber-kerdeseben\/#authorImage","url":"https:\/\/secure.gravatar.com\/avatar\/36e6bcb83148978b992977cb0f54d22feb0cce8a0a849a9410532bb2623ba4c6?s=96&d=mm&r=g","width":96,"height":96,"caption":"Juh\u00e1sz P\u00e9ter"}},{"@type":"WebPage","@id":"https:\/\/allasorias.hu\/hirek\/meg-nincs-teljes-egyetertes-a-minimalber-kerdeseben\/#webpage","url":"https:\/\/allasorias.hu\/hirek\/meg-nincs-teljes-egyetertes-a-minimalber-kerdeseben\/","name":"M\u00e9g nincs teljes egyet\u00e9rt\u00e9s a minim\u00e1lb\u00e9r k\u00e9rd\u00e9s\u00e9ben | AllasOrias.hu | H\u00edrek-lapszemle","description":"N\u00e9h\u00e1ny \u00e9vre sz\u00fcletne meg\u00e1llapod\u00e1s a minim\u00e1lb\u00e9r k\u00e9rd\u00e9s\u00e9ben a felek k\u00f6z\u00f6tt, azonban az id\u0151tartamon t\u00fal nem \u00e9rtenek egyet semmiben. A munkaad\u00f3i \u00e9s a munkav\u00e1llal\u00f3i oldal a minim\u00e1lb\u00e9r \u00e9s a garant\u00e1lt b\u00e9rminimum emel\u00e9s\u00e9r\u0151l nem k\u00f6zelednek az \u00e1ll\u00e1spontok \u2013 der\u00fclt ki a versenyszf\u00e9ra \u00e9s a korm\u00e1ny \u00e1lland\u00f3 konzult\u00e1ci\u00f3s f\u00f3rum\u00e1nak \u00fcl\u00e9s\u00e9n. A szakszervezetek tov\u00e1bbra is ragaszkodnak a k\u00e9tsz\u00e1mjegy\u0171, legal\u00e1bb","inLanguage":"hu-HU","isPartOf":{"@id":"https:\/\/allasorias.hu\/hirek\/#website"},"breadcrumb":{"@id":"https:\/\/allasorias.hu\/hirek\/meg-nincs-teljes-egyetertes-a-minimalber-kerdeseben\/#breadcrumblist"},"author":{"@id":"https:\/\/allasorias.hu\/hirek\/author\/admin-allasorias\/#author"},"creator":{"@id":"https:\/\/allasorias.hu\/hirek\/author\/admin-allasorias\/#author"},"image":{"@type":"ImageObject","url":"https:\/\/allasorias.hu\/hirek\/wp-content\/uploads\/2018\/11\/document-428338_640.jpg","@id":"https:\/\/allasorias.hu\/hirek\/meg-nincs-teljes-egyetertes-a-minimalber-kerdeseben\/#mainImage","width":640,"height":425},"primaryImageOfPage":{"@id":"https:\/\/allasorias.hu\/hirek\/meg-nincs-teljes-egyetertes-a-minimalber-kerdeseben\/#mainImage"},"datePublished":"2018-11-21T11:57:05+02:00","dateModified":"2018-11-21T11:57:05+02:00"},{"@type":"WebSite","@id":"https:\/\/allasorias.hu\/hirek\/#website","url":"https:\/\/allasorias.hu\/hirek\/","name":"AllasOrias.hu | H\u00edrek-lapszemle","description":"\u00dczleti h\u00edrek az \u00e1ll\u00e1s \u00e9s a munka vil\u00e1g\u00e1b\u00f3l","inLanguage":"hu-HU","publisher":{"@id":"https:\/\/allasorias.hu\/hirek\/#organization"}}]},"og:locale":"hu_HU","og:site_name":"AllasOrias.hu | H\u00edrek-lapszemle | \u00dczleti h\u00edrek az \u00e1ll\u00e1s \u00e9s a munka vil\u00e1g\u00e1b\u00f3l","og:type":"article","og:title":"M\u00e9g nincs teljes egyet\u00e9rt\u00e9s a minim\u00e1lb\u00e9r k\u00e9rd\u00e9s\u00e9ben | AllasOrias.hu | H\u00edrek-lapszemle","og:description":"N\u00e9h\u00e1ny \u00e9vre sz\u00fcletne meg\u00e1llapod\u00e1s a minim\u00e1lb\u00e9r k\u00e9rd\u00e9s\u00e9ben a felek k\u00f6z\u00f6tt, azonban az id\u0151tartamon t\u00fal nem \u00e9rtenek egyet semmiben. A munkaad\u00f3i \u00e9s a munkav\u00e1llal\u00f3i oldal a minim\u00e1lb\u00e9r \u00e9s a garant\u00e1lt b\u00e9rminimum emel\u00e9s\u00e9r\u0151l nem k\u00f6zelednek az \u00e1ll\u00e1spontok \u2013 der\u00fclt ki a versenyszf\u00e9ra \u00e9s a korm\u00e1ny \u00e1lland\u00f3 konzult\u00e1ci\u00f3s f\u00f3rum\u00e1nak \u00fcl\u00e9s\u00e9n. A szakszervezetek tov\u00e1bbra is ragaszkodnak a k\u00e9tsz\u00e1mjegy\u0171, legal\u00e1bb","og:url":"https:\/\/allasorias.hu\/hirek\/meg-nincs-teljes-egyetertes-a-minimalber-kerdeseben\/","og:image":"https:\/\/allasorias.hu\/hirek\/wp-content\/uploads\/2018\/11\/document-428338_640.jpg","og:image:secure_url":"https:\/\/allasorias.hu\/hirek\/wp-content\/uploads\/2018\/11\/document-428338_640.jpg","og:image:width":640,"og:image:height":425,"article:published_time":"2018-11-21T11:57:05+00:00","article:modified_time":"2018-11-21T11:57:05+00:00","article:publisher":"https:\/\/www.facebook.com\/allasorias","twitter:card":"summary_large_image","twitter:title":"M\u00e9g nincs teljes egyet\u00e9rt\u00e9s a minim\u00e1lb\u00e9r k\u00e9rd\u00e9s\u00e9ben | AllasOrias.hu | H\u00edrek-lapszemle","twitter:description":"N\u00e9h\u00e1ny \u00e9vre sz\u00fcletne meg\u00e1llapod\u00e1s a minim\u00e1lb\u00e9r k\u00e9rd\u00e9s\u00e9ben a felek k\u00f6z\u00f6tt, azonban az id\u0151tartamon t\u00fal nem \u00e9rtenek egyet semmiben. A munkaad\u00f3i \u00e9s a munkav\u00e1llal\u00f3i oldal a minim\u00e1lb\u00e9r \u00e9s a garant\u00e1lt b\u00e9rminimum emel\u00e9s\u00e9r\u0151l nem k\u00f6zelednek az \u00e1ll\u00e1spontok \u2013 der\u00fclt ki a versenyszf\u00e9ra \u00e9s a korm\u00e1ny \u00e1lland\u00f3 konzult\u00e1ci\u00f3s f\u00f3rum\u00e1nak \u00fcl\u00e9s\u00e9n. A szakszervezetek tov\u00e1bbra is ragaszkodnak a k\u00e9tsz\u00e1mjegy\u0171, legal\u00e1bb","twitter:image":"https:\/\/allasorias.hu\/hirek\/wp-content\/uploads\/2018\/11\/document-428338_640.jpg","twitter:label1":"Written by","twitter:data1":"Juh\u00e1sz P\u00e9ter","twitter:label2":"Est. reading time","twitter:data2":"1 minute"},"aioseo_meta_data":{"post_id":"2205","title":null,"description":null,"keywords":null,"keyphrases":null,"primary_term":null,"canonical_url":null,"og_title":null,"og_description":null,"og_object_type":"default","og_image_type":"default","og_image_url":null,"og_image_width":null,"og_image_height":null,"og_image_custom_url":null,"og_image_custom_fields":null,"og_video":null,"og_custom_url":null,"og_article_section":null,"og_article_tags":null,"twitter_use_og":false,"twitter_card":"default","twitter_image_type":"default","twitter_image_url":null,"twitter_image_custom_url":null,"twitter_image_custom_fields":null,"twitter_title":null,"twitter_description":null,"schema":{"blockGraphs":[],"customGraphs":[],"default":{"data":{"Article":[],"Course":[],"Dataset":[],"FAQPage":[],"Movie":[],"Person":[],"Product":[],"ProductReview":[],"Car":[],"Recipe":[],"Service":[],"SoftwareApplication":[],"WebPage":[]},"graphName":"","isEnabled":true},"graphs":[],"defaultGraph":"","defaultPostTypeGraph":""},"schema_type":null,"schema_type_options":null,"pillar_content":false,"robots_default":true,"robots_noindex":false,"robots_noarchive":false,"robots_nosnippet":false,"robots_nofollow":false,"robots_noimageindex":false,"robots_noodp":false,"robots_notranslate":false,"robots_max_snippet":null,"robots_max_videopreview":null,"robots_max_imagepreview":"large","priority":null,"frequency":null,"location":null,"local_seo":null,"breadcrumb_settings":null,"limit_modified_date":false,"ai":null,"created":"2021-02-01 20:45:00","updated":"2025-10-02 09:22:12","seo_analyzer_scan_date":null,"focus_keyword":null,"additional_keywords":null,"truseo_locale":null},"aioseo_breadcrumb":"<div class=\"aioseo-breadcrumbs\"><span class=\"aioseo-breadcrumb\">\n\t\t\t<a href=\"https:\/\/allasorias.hu\/hirek\" title=\"Home\">Home<\/a>\n\t\t<\/span><span class=\"aioseo-breadcrumb-separator\">&raquo;<\/span><span class=\"aioseo-breadcrumb\">\n\t\t\t<a href=\"https:\/\/allasorias.hu\/hirek\/temak\/gazdasag\/\" title=\"Gazdas\u00e1g\">Gazdas\u00e1g<\/a>\n\t\t<\/span><span class=\"aioseo-breadcrumb-separator\">&raquo;<\/span><span class=\"aioseo-breadcrumb\">\n\t\t\tM\u00e9g nincs teljes egyet\u00e9rt\u00e9s a minim\u00e1lb\u00e9r k\u00e9rd\u00e9s\u00e9ben\n\t\t<\/span><\/div>","aioseo_breadcrumb_json":[{"label":"Home","link":"https:\/\/allasorias.hu\/hirek"},{"label":"Gazdas\u00e1g","link":"https:\/\/allasorias.hu\/hirek\/temak\/gazdasag\/"},{"label":"M\u00e9g nincs teljes egyet\u00e9rt\u00e9s a minim\u00e1lb\u00e9r k\u00e9rd\u00e9s\u00e9ben","link":"https:\/\/allasorias.hu\/hirek\/meg-nincs-teljes-egyetertes-a-minimalber-kerdeseben\/"}],"_links":{"self":[{"href":"https:\/\/allasorias.hu\/hirek\/wp-json\/wp\/v2\/posts\/2205","targetHints":{"allow":["GET"]}}],"collection":[{"href":"https:\/\/allasorias.hu\/hirek\/wp-json\/wp\/v2\/posts"}],"about":[{"href":"https:\/\/allasorias.hu\/hirek\/wp-json\/wp\/v2\/types\/post"}],"author":[{"embeddable":true,"href":"https:\/\/allasorias.hu\/hirek\/wp-json\/wp\/v2\/users\/1"}],"replies":[{"embeddable":true,"href":"https:\/\/allasorias.hu\/hirek\/wp-json\/wp\/v2\/comments?post=2205"}],"version-history":[{"count":1,"href":"https:\/\/allasorias.hu\/hirek\/wp-json\/wp\/v2\/posts\/2205\/revisions"}],"predecessor-version":[{"id":2207,"href":"https:\/\/allasorias.hu\/hirek\/wp-json\/wp\/v2\/posts\/2205\/revisions\/2207"}],"wp:featuredmedia":[{"embeddable":true,"href":"https:\/\/allasorias.hu\/hirek\/wp-json\/wp\/v2\/media\/2206"}],"wp:attachment":[{"href":"https:\/\/allasorias.hu\/hirek\/wp-json\/wp\/v2\/media?parent=2205"}],"wp:term":[{"taxonomy":"category","embeddable":true,"href":"https:\/\/allasorias.hu\/hirek\/wp-json\/wp\/v2\/categories?post=2205"},{"taxonomy":"post_tag","embeddable":true,"href":"https:\/\/allasorias.hu\/hirek\/wp-json\/wp\/v2\/tags?post=2205"}],"curies":[{"name":"wp","href":"https:\/\/api.w.org\/{rel}","templated":true}]}}