{"id":2195,"date":"2018-11-19T13:57:48","date_gmt":"2018-11-19T13:57:48","guid":{"rendered":"https:\/\/allasorias.hu\/hirek\/?p=2195"},"modified":"2018-11-19T13:57:48","modified_gmt":"2018-11-19T13:57:48","slug":"sulyos-munkarohiany-a-mav-nal","status":"publish","type":"post","link":"https:\/\/allasorias.hu\/hirek\/sulyos-munkarohiany-a-mav-nal\/","title":{"rendered":"S\u00falyos munkar\u0151hi\u00e1ny a M\u00c1V-n\u00e1l"},"content":{"rendered":"<p><strong>Folyamatosan keresik a M\u00c1V-n\u00e1l a k\u00fcl\u00f6nb\u00f6z\u0151 munkat\u00e1rsakat, minden fel\u00fcleten hirdetnek. Az elm\u00falt\u00a0 p\u00e1r \u00e9vben m\u00e1r rendszeresen keresnek\u00a0 nemcsak \u00fajs\u00e1gokban k\u00f6zz\u00e9tett \u00e1ll\u00e1shirdet\u00e9sekben mozdonyvezet\u0151ket, kalauzokat, p\u00e1lyamunk\u00e1sokat, hanem a vonatokon \u00e9s a p\u00e1lyaudvarokon is gyakran bemondj\u00e1k, hogy v\u00e1rj\u00e1k az \u00faj koll\u00e9g\u00e1kat.<\/strong><\/p>\n<p>Legut\u00f3bb p\u00e9ld\u00e1ul \u00a0Somogy megy\u00e9ben adtak fel \u00fajs\u00e1ghirdet\u00e9st, 9 vezet\u0151 jegyvizsg\u00e1l\u00f3t \u00e9s 3 mozdonyvezet\u0151-gyakornokot v\u00e1rnak. El\u0151bbiek n\u00e9gyh\u00f3napos, ut\u00f3bbiak t\u00edzh\u00f3napos k\u00e9pz\u00e9sen esnek \u00e1t, \u00edrja a Sonline.hu.\u00a0 A legt\u00f6bben az\u00e9rt hagyj\u00e1k ott az \u00e1llami vas\u00fatt\u00e1rsas\u00e1got, mert mag\u00e1nc\u00e9gekn\u00e9l, de f\u0151k\u00e9nt az\u00e9rt, mert k\u00fclf\u00f6ldi mag\u00e1nc\u00e9gekn\u00e9l j\u00f3val t\u00f6bbet lehet keresni.<\/p>\n<p>Forr\u00e1s: 24.hu<\/p>\n","protected":false},"excerpt":{"rendered":"<p>Folyamatosan keresik a M\u00c1V-n\u00e1l a k\u00fcl\u00f6nb\u00f6z\u0151 munkat\u00e1rsakat, minden fel\u00fcleten hirdetnek. Az elm\u00falt\u00a0 p\u00e1r \u00e9vben m\u00e1r rendszeresen keresnek\u00a0 nemcsak \u00fajs\u00e1gokban k\u00f6zz\u00e9tett \u00e1ll\u00e1shirdet\u00e9sekben mozdonyvezet\u0151ket, kalauzokat, p\u00e1lyamunk\u00e1sokat, hanem a vonatokon \u00e9s a p\u00e1lyaudvarokon is gyakran bemondj\u00e1k, hogy v\u00e1rj\u00e1k az \u00faj koll\u00e9g\u00e1kat. Legut\u00f3bb p\u00e9ld\u00e1ul \u00a0Somogy megy\u00e9ben adtak fel \u00fajs\u00e1ghirdet\u00e9st, 9 vezet\u0151 jegyvizsg\u00e1l\u00f3t \u00e9s 3 mozdonyvezet\u0151-gyakornokot v\u00e1rnak. El\u0151bbiek n\u00e9gyh\u00f3napos, ut\u00f3bbiak [&hellip;]<\/p>\n","protected":false},"author":1,"featured_media":2196,"comment_status":"open","ping_status":"open","sticky":false,"template":"","format":"standard","meta":{"_monsterinsights_skip_tracking":false,"footnotes":""},"categories":[198,199,200],"tags":[],"class_list":["post-2195","post","type-post","status-publish","format-standard","has-post-thumbnail","hentry","category-gazdasag","category-karrier","category-munkaeropiac"],"aioseo_notices":[],"aioseo_head":"\n\t\t<!-- All in One SEO 5.0.0.1 - aioseo.com -->\n\t<meta name=\"description\" content=\"Folyamatosan keresik a M\u00c1V-n\u00e1l a k\u00fcl\u00f6nb\u00f6z\u0151 munkat\u00e1rsakat, minden fel\u00fcleten hirdetnek. Az elm\u00falt p\u00e1r \u00e9vben m\u00e1r rendszeresen keresnek nemcsak \u00fajs\u00e1gokban k\u00f6zz\u00e9tett \u00e1ll\u00e1shirdet\u00e9sekben mozdonyvezet\u0151ket, kalauzokat, p\u00e1lyamunk\u00e1sokat, hanem a vonatokon \u00e9s a p\u00e1lyaudvarokon is gyakran bemondj\u00e1k, hogy v\u00e1rj\u00e1k az \u00faj koll\u00e9g\u00e1kat. Legut\u00f3bb p\u00e9ld\u00e1ul Somogy megy\u00e9ben adtak fel \u00fajs\u00e1ghirdet\u00e9st, 9 vezet\u0151 jegyvizsg\u00e1l\u00f3t \u00e9s 3 mozdonyvezet\u0151-gyakornokot v\u00e1rnak. El\u0151bbiek n\u00e9gyh\u00f3napos, ut\u00f3bbiak\" \/>\n\t<meta name=\"robots\" content=\"max-image-preview:large\" \/>\n\t<meta name=\"author\" content=\"Juh\u00e1sz P\u00e9ter\"\/>\n\t<link rel=\"canonical\" href=\"https:\/\/allasorias.hu\/hirek\/sulyos-munkarohiany-a-mav-nal\/\" \/>\n\t<meta name=\"generator\" content=\"All in One SEO (AIOSEO) 5.0.0.1\" \/>\n\t\t<meta property=\"og:locale\" content=\"hu_HU\" \/>\n\t\t<meta property=\"og:site_name\" content=\"AllasOrias.hu | H\u00edrek-lapszemle | \u00dczleti h\u00edrek az \u00e1ll\u00e1s \u00e9s a munka vil\u00e1g\u00e1b\u00f3l\" \/>\n\t\t<meta property=\"og:type\" content=\"article\" \/>\n\t\t<meta property=\"og:title\" content=\"S\u00falyos munkar\u0151hi\u00e1ny a M\u00c1V-n\u00e1l | AllasOrias.hu | H\u00edrek-lapszemle\" \/>\n\t\t<meta property=\"og:description\" content=\"Folyamatosan keresik a M\u00c1V-n\u00e1l a k\u00fcl\u00f6nb\u00f6z\u0151 munkat\u00e1rsakat, minden fel\u00fcleten hirdetnek. Az elm\u00falt p\u00e1r \u00e9vben m\u00e1r rendszeresen keresnek nemcsak \u00fajs\u00e1gokban k\u00f6zz\u00e9tett \u00e1ll\u00e1shirdet\u00e9sekben mozdonyvezet\u0151ket, kalauzokat, p\u00e1lyamunk\u00e1sokat, hanem a vonatokon \u00e9s a p\u00e1lyaudvarokon is gyakran bemondj\u00e1k, hogy v\u00e1rj\u00e1k az \u00faj koll\u00e9g\u00e1kat. Legut\u00f3bb p\u00e9ld\u00e1ul Somogy megy\u00e9ben adtak fel \u00fajs\u00e1ghirdet\u00e9st, 9 vezet\u0151 jegyvizsg\u00e1l\u00f3t \u00e9s 3 mozdonyvezet\u0151-gyakornokot v\u00e1rnak. El\u0151bbiek n\u00e9gyh\u00f3napos, ut\u00f3bbiak\" \/>\n\t\t<meta property=\"og:url\" content=\"https:\/\/allasorias.hu\/hirek\/sulyos-munkarohiany-a-mav-nal\/\" \/>\n\t\t<meta property=\"og:image\" content=\"https:\/\/allasorias.hu\/hirek\/wp-content\/uploads\/2018\/11\/kalauz.jpg\" \/>\n\t\t<meta property=\"og:image:secure_url\" content=\"https:\/\/allasorias.hu\/hirek\/wp-content\/uploads\/2018\/11\/kalauz.jpg\" \/>\n\t\t<meta property=\"og:image:width\" content=\"768\" \/>\n\t\t<meta property=\"og:image:height\" content=\"432\" \/>\n\t\t<meta property=\"article:published_time\" content=\"2018-11-19T13:57:48+00:00\" \/>\n\t\t<meta property=\"article:modified_time\" content=\"2018-11-19T13:57:48+00:00\" \/>\n\t\t<meta property=\"article:publisher\" content=\"https:\/\/www.facebook.com\/allasorias\" \/>\n\t\t<meta name=\"twitter:card\" content=\"summary_large_image\" \/>\n\t\t<meta name=\"twitter:title\" content=\"S\u00falyos munkar\u0151hi\u00e1ny a M\u00c1V-n\u00e1l | AllasOrias.hu | H\u00edrek-lapszemle\" \/>\n\t\t<meta name=\"twitter:description\" content=\"Folyamatosan keresik a M\u00c1V-n\u00e1l a k\u00fcl\u00f6nb\u00f6z\u0151 munkat\u00e1rsakat, minden fel\u00fcleten hirdetnek. Az elm\u00falt p\u00e1r \u00e9vben m\u00e1r rendszeresen keresnek nemcsak \u00fajs\u00e1gokban k\u00f6zz\u00e9tett \u00e1ll\u00e1shirdet\u00e9sekben mozdonyvezet\u0151ket, kalauzokat, p\u00e1lyamunk\u00e1sokat, hanem a vonatokon \u00e9s a p\u00e1lyaudvarokon is gyakran bemondj\u00e1k, hogy v\u00e1rj\u00e1k az \u00faj koll\u00e9g\u00e1kat. Legut\u00f3bb p\u00e9ld\u00e1ul Somogy megy\u00e9ben adtak fel \u00fajs\u00e1ghirdet\u00e9st, 9 vezet\u0151 jegyvizsg\u00e1l\u00f3t \u00e9s 3 mozdonyvezet\u0151-gyakornokot v\u00e1rnak. El\u0151bbiek n\u00e9gyh\u00f3napos, ut\u00f3bbiak\" \/>\n\t\t<meta name=\"twitter:image\" content=\"https:\/\/allasorias.hu\/hirek\/wp-content\/uploads\/2018\/11\/kalauz.jpg\" \/>\n\t\t<meta name=\"twitter:label1\" content=\"Written by\" \/>\n\t\t<meta name=\"twitter:data1\" content=\"Juh\u00e1sz P\u00e9ter\" \/>\n\t\t<meta name=\"twitter:label2\" content=\"Est. reading time\" \/>\n\t\t<meta name=\"twitter:data2\" content=\"1 minute\" \/>\n\t\t<script type=\"application\/ld+json\" class=\"aioseo-schema\">\n\t\t\t{\"@context\":\"https:\\\/\\\/schema.org\",\"@graph\":[{\"@type\":\"Article\",\"@id\":\"https:\\\/\\\/allasorias.hu\\\/hirek\\\/sulyos-munkarohiany-a-mav-nal\\\/#article\",\"name\":\"S\\u00falyos munkar\\u0151hi\\u00e1ny a M\\u00c1V-n\\u00e1l | AllasOrias.hu | H\\u00edrek-lapszemle\",\"headline\":\"S\\u00falyos munkar\\u0151hi\\u00e1ny a M\\u00c1V-n\\u00e1l\",\"author\":{\"@id\":\"https:\\\/\\\/allasorias.hu\\\/hirek\\\/author\\\/admin-allasorias\\\/#author\"},\"publisher\":{\"@id\":\"https:\\\/\\\/allasorias.hu\\\/hirek\\\/#organization\"},\"image\":{\"@type\":\"ImageObject\",\"url\":\"https:\\\/\\\/allasorias.hu\\\/hirek\\\/wp-content\\\/uploads\\\/2018\\\/11\\\/kalauz.jpg\",\"width\":768,\"height\":432},\"datePublished\":\"2018-11-19T13:57:48+02:00\",\"dateModified\":\"2018-11-19T13:57:48+02:00\",\"inLanguage\":\"hu-HU\",\"commentCount\":9,\"mainEntityOfPage\":{\"@id\":\"https:\\\/\\\/allasorias.hu\\\/hirek\\\/sulyos-munkarohiany-a-mav-nal\\\/#webpage\"},\"isPartOf\":{\"@id\":\"https:\\\/\\\/allasorias.hu\\\/hirek\\\/sulyos-munkarohiany-a-mav-nal\\\/#webpage\"},\"articleSection\":\"Gazdas\\u00e1g, Karrier, Munkaer\\u0151piac\"},{\"@type\":\"BreadcrumbList\",\"@id\":\"https:\\\/\\\/allasorias.hu\\\/hirek\\\/sulyos-munkarohiany-a-mav-nal\\\/#breadcrumblist\",\"itemListElement\":[{\"@type\":\"ListItem\",\"@id\":\"https:\\\/\\\/allasorias.hu\\\/hirek#listItem\",\"position\":1,\"name\":\"Home\",\"item\":\"https:\\\/\\\/allasorias.hu\\\/hirek\",\"nextItem\":{\"@type\":\"ListItem\",\"@id\":\"https:\\\/\\\/allasorias.hu\\\/hirek\\\/temak\\\/gazdasag\\\/#listItem\",\"name\":\"Gazdas\\u00e1g\"}},{\"@type\":\"ListItem\",\"@id\":\"https:\\\/\\\/allasorias.hu\\\/hirek\\\/temak\\\/gazdasag\\\/#listItem\",\"position\":2,\"name\":\"Gazdas\\u00e1g\",\"item\":\"https:\\\/\\\/allasorias.hu\\\/hirek\\\/temak\\\/gazdasag\\\/\",\"nextItem\":{\"@type\":\"ListItem\",\"@id\":\"https:\\\/\\\/allasorias.hu\\\/hirek\\\/sulyos-munkarohiany-a-mav-nal\\\/#listItem\",\"name\":\"S\\u00falyos munkar\\u0151hi\\u00e1ny a M\\u00c1V-n\\u00e1l\"},\"previousItem\":{\"@type\":\"ListItem\",\"@id\":\"https:\\\/\\\/allasorias.hu\\\/hirek#listItem\",\"name\":\"Home\"}},{\"@type\":\"ListItem\",\"@id\":\"https:\\\/\\\/allasorias.hu\\\/hirek\\\/sulyos-munkarohiany-a-mav-nal\\\/#listItem\",\"position\":3,\"name\":\"S\\u00falyos munkar\\u0151hi\\u00e1ny a M\\u00c1V-n\\u00e1l\",\"previousItem\":{\"@type\":\"ListItem\",\"@id\":\"https:\\\/\\\/allasorias.hu\\\/hirek\\\/temak\\\/gazdasag\\\/#listItem\",\"name\":\"Gazdas\\u00e1g\"}}]},{\"@type\":\"Organization\",\"@id\":\"https:\\\/\\\/allasorias.hu\\\/hirek\\\/#organization\",\"name\":\"AllasOrias.hu | H\\u00edrek-lapszemle\",\"description\":\"\\u00dczleti h\\u00edrek az \\u00e1ll\\u00e1s \\u00e9s a munka vil\\u00e1g\\u00e1b\\u00f3l\",\"url\":\"https:\\\/\\\/allasorias.hu\\\/hirek\\\/\",\"logo\":{\"@type\":\"ImageObject\",\"url\":\"https:\\\/\\\/allasorias.hu\\\/hirek\\\/wp-content\\\/uploads\\\/2022\\\/10\\\/allasorias_site_facebok_logo.png\",\"@id\":\"https:\\\/\\\/allasorias.hu\\\/hirek\\\/sulyos-munkarohiany-a-mav-nal\\\/#organizationLogo\"},\"image\":{\"@id\":\"https:\\\/\\\/allasorias.hu\\\/hirek\\\/sulyos-munkarohiany-a-mav-nal\\\/#organizationLogo\"},\"sameAs\":[\"https:\\\/\\\/www.facebook.com\\\/allasorias\",\"https:\\\/\\\/www.linkedin.com\\\/company\\\/allasorias\"]},{\"@type\":\"Person\",\"@id\":\"https:\\\/\\\/allasorias.hu\\\/hirek\\\/author\\\/admin-allasorias\\\/#author\",\"url\":\"https:\\\/\\\/allasorias.hu\\\/hirek\\\/author\\\/admin-allasorias\\\/\",\"name\":\"Juh\\u00e1sz P\\u00e9ter\",\"image\":{\"@type\":\"ImageObject\",\"@id\":\"https:\\\/\\\/allasorias.hu\\\/hirek\\\/sulyos-munkarohiany-a-mav-nal\\\/#authorImage\",\"url\":\"https:\\\/\\\/secure.gravatar.com\\\/avatar\\\/36e6bcb83148978b992977cb0f54d22feb0cce8a0a849a9410532bb2623ba4c6?s=96&d=mm&r=g\",\"width\":96,\"height\":96,\"caption\":\"Juh\\u00e1sz P\\u00e9ter\"}},{\"@type\":\"WebPage\",\"@id\":\"https:\\\/\\\/allasorias.hu\\\/hirek\\\/sulyos-munkarohiany-a-mav-nal\\\/#webpage\",\"url\":\"https:\\\/\\\/allasorias.hu\\\/hirek\\\/sulyos-munkarohiany-a-mav-nal\\\/\",\"name\":\"S\\u00falyos munkar\\u0151hi\\u00e1ny a M\\u00c1V-n\\u00e1l | AllasOrias.hu | H\\u00edrek-lapszemle\",\"description\":\"Folyamatosan keresik a M\\u00c1V-n\\u00e1l a k\\u00fcl\\u00f6nb\\u00f6z\\u0151 munkat\\u00e1rsakat, minden fel\\u00fcleten hirdetnek. Az elm\\u00falt p\\u00e1r \\u00e9vben m\\u00e1r rendszeresen keresnek nemcsak \\u00fajs\\u00e1gokban k\\u00f6zz\\u00e9tett \\u00e1ll\\u00e1shirdet\\u00e9sekben mozdonyvezet\\u0151ket, kalauzokat, p\\u00e1lyamunk\\u00e1sokat, hanem a vonatokon \\u00e9s a p\\u00e1lyaudvarokon is gyakran bemondj\\u00e1k, hogy v\\u00e1rj\\u00e1k az \\u00faj koll\\u00e9g\\u00e1kat. Legut\\u00f3bb p\\u00e9ld\\u00e1ul Somogy megy\\u00e9ben adtak fel \\u00fajs\\u00e1ghirdet\\u00e9st, 9 vezet\\u0151 jegyvizsg\\u00e1l\\u00f3t \\u00e9s 3 mozdonyvezet\\u0151-gyakornokot v\\u00e1rnak. El\\u0151bbiek n\\u00e9gyh\\u00f3napos, ut\\u00f3bbiak\",\"inLanguage\":\"hu-HU\",\"isPartOf\":{\"@id\":\"https:\\\/\\\/allasorias.hu\\\/hirek\\\/#website\"},\"breadcrumb\":{\"@id\":\"https:\\\/\\\/allasorias.hu\\\/hirek\\\/sulyos-munkarohiany-a-mav-nal\\\/#breadcrumblist\"},\"author\":{\"@id\":\"https:\\\/\\\/allasorias.hu\\\/hirek\\\/author\\\/admin-allasorias\\\/#author\"},\"creator\":{\"@id\":\"https:\\\/\\\/allasorias.hu\\\/hirek\\\/author\\\/admin-allasorias\\\/#author\"},\"image\":{\"@type\":\"ImageObject\",\"url\":\"https:\\\/\\\/allasorias.hu\\\/hirek\\\/wp-content\\\/uploads\\\/2018\\\/11\\\/kalauz.jpg\",\"@id\":\"https:\\\/\\\/allasorias.hu\\\/hirek\\\/sulyos-munkarohiany-a-mav-nal\\\/#mainImage\",\"width\":768,\"height\":432},\"primaryImageOfPage\":{\"@id\":\"https:\\\/\\\/allasorias.hu\\\/hirek\\\/sulyos-munkarohiany-a-mav-nal\\\/#mainImage\"},\"datePublished\":\"2018-11-19T13:57:48+02:00\",\"dateModified\":\"2018-11-19T13:57:48+02:00\"},{\"@type\":\"WebSite\",\"@id\":\"https:\\\/\\\/allasorias.hu\\\/hirek\\\/#website\",\"url\":\"https:\\\/\\\/allasorias.hu\\\/hirek\\\/\",\"name\":\"AllasOrias.hu | H\\u00edrek-lapszemle\",\"description\":\"\\u00dczleti h\\u00edrek az \\u00e1ll\\u00e1s \\u00e9s a munka vil\\u00e1g\\u00e1b\\u00f3l\",\"inLanguage\":\"hu-HU\",\"publisher\":{\"@id\":\"https:\\\/\\\/allasorias.hu\\\/hirek\\\/#organization\"}}]}\n\t\t<\/script>\n\t\t<!-- All in One SEO -->\n\n","aioseo_head_json":{"title":"S\u00falyos munkar\u0151hi\u00e1ny a M\u00c1V-n\u00e1l | AllasOrias.hu | H\u00edrek-lapszemle","description":"Folyamatosan keresik a M\u00c1V-n\u00e1l a k\u00fcl\u00f6nb\u00f6z\u0151 munkat\u00e1rsakat, minden fel\u00fcleten hirdetnek. Az elm\u00falt p\u00e1r \u00e9vben m\u00e1r rendszeresen keresnek nemcsak \u00fajs\u00e1gokban k\u00f6zz\u00e9tett \u00e1ll\u00e1shirdet\u00e9sekben mozdonyvezet\u0151ket, kalauzokat, p\u00e1lyamunk\u00e1sokat, hanem a vonatokon \u00e9s a p\u00e1lyaudvarokon is gyakran bemondj\u00e1k, hogy v\u00e1rj\u00e1k az \u00faj koll\u00e9g\u00e1kat. Legut\u00f3bb p\u00e9ld\u00e1ul Somogy megy\u00e9ben adtak fel \u00fajs\u00e1ghirdet\u00e9st, 9 vezet\u0151 jegyvizsg\u00e1l\u00f3t \u00e9s 3 mozdonyvezet\u0151-gyakornokot v\u00e1rnak. El\u0151bbiek n\u00e9gyh\u00f3napos, ut\u00f3bbiak","canonical_url":"https:\/\/allasorias.hu\/hirek\/sulyos-munkarohiany-a-mav-nal\/","robots":"max-image-preview:large","keywords":"","webmasterTools":{"miscellaneous":""},"schema":{"@context":"https:\/\/schema.org","@graph":[{"@type":"Article","@id":"https:\/\/allasorias.hu\/hirek\/sulyos-munkarohiany-a-mav-nal\/#article","name":"S\u00falyos munkar\u0151hi\u00e1ny a M\u00c1V-n\u00e1l | AllasOrias.hu | H\u00edrek-lapszemle","headline":"S\u00falyos munkar\u0151hi\u00e1ny a M\u00c1V-n\u00e1l","author":{"@id":"https:\/\/allasorias.hu\/hirek\/author\/admin-allasorias\/#author"},"publisher":{"@id":"https:\/\/allasorias.hu\/hirek\/#organization"},"image":{"@type":"ImageObject","url":"https:\/\/allasorias.hu\/hirek\/wp-content\/uploads\/2018\/11\/kalauz.jpg","width":768,"height":432},"datePublished":"2018-11-19T13:57:48+02:00","dateModified":"2018-11-19T13:57:48+02:00","inLanguage":"hu-HU","commentCount":9,"mainEntityOfPage":{"@id":"https:\/\/allasorias.hu\/hirek\/sulyos-munkarohiany-a-mav-nal\/#webpage"},"isPartOf":{"@id":"https:\/\/allasorias.hu\/hirek\/sulyos-munkarohiany-a-mav-nal\/#webpage"},"articleSection":"Gazdas\u00e1g, Karrier, Munkaer\u0151piac"},{"@type":"BreadcrumbList","@id":"https:\/\/allasorias.hu\/hirek\/sulyos-munkarohiany-a-mav-nal\/#breadcrumblist","itemListElement":[{"@type":"ListItem","@id":"https:\/\/allasorias.hu\/hirek#listItem","position":1,"name":"Home","item":"https:\/\/allasorias.hu\/hirek","nextItem":{"@type":"ListItem","@id":"https:\/\/allasorias.hu\/hirek\/temak\/gazdasag\/#listItem","name":"Gazdas\u00e1g"}},{"@type":"ListItem","@id":"https:\/\/allasorias.hu\/hirek\/temak\/gazdasag\/#listItem","position":2,"name":"Gazdas\u00e1g","item":"https:\/\/allasorias.hu\/hirek\/temak\/gazdasag\/","nextItem":{"@type":"ListItem","@id":"https:\/\/allasorias.hu\/hirek\/sulyos-munkarohiany-a-mav-nal\/#listItem","name":"S\u00falyos munkar\u0151hi\u00e1ny a M\u00c1V-n\u00e1l"},"previousItem":{"@type":"ListItem","@id":"https:\/\/allasorias.hu\/hirek#listItem","name":"Home"}},{"@type":"ListItem","@id":"https:\/\/allasorias.hu\/hirek\/sulyos-munkarohiany-a-mav-nal\/#listItem","position":3,"name":"S\u00falyos munkar\u0151hi\u00e1ny a M\u00c1V-n\u00e1l","previousItem":{"@type":"ListItem","@id":"https:\/\/allasorias.hu\/hirek\/temak\/gazdasag\/#listItem","name":"Gazdas\u00e1g"}}]},{"@type":"Organization","@id":"https:\/\/allasorias.hu\/hirek\/#organization","name":"AllasOrias.hu | H\u00edrek-lapszemle","description":"\u00dczleti h\u00edrek az \u00e1ll\u00e1s \u00e9s a munka vil\u00e1g\u00e1b\u00f3l","url":"https:\/\/allasorias.hu\/hirek\/","logo":{"@type":"ImageObject","url":"https:\/\/allasorias.hu\/hirek\/wp-content\/uploads\/2022\/10\/allasorias_site_facebok_logo.png","@id":"https:\/\/allasorias.hu\/hirek\/sulyos-munkarohiany-a-mav-nal\/#organizationLogo"},"image":{"@id":"https:\/\/allasorias.hu\/hirek\/sulyos-munkarohiany-a-mav-nal\/#organizationLogo"},"sameAs":["https:\/\/www.facebook.com\/allasorias","https:\/\/www.linkedin.com\/company\/allasorias"]},{"@type":"Person","@id":"https:\/\/allasorias.hu\/hirek\/author\/admin-allasorias\/#author","url":"https:\/\/allasorias.hu\/hirek\/author\/admin-allasorias\/","name":"Juh\u00e1sz P\u00e9ter","image":{"@type":"ImageObject","@id":"https:\/\/allasorias.hu\/hirek\/sulyos-munkarohiany-a-mav-nal\/#authorImage","url":"https:\/\/secure.gravatar.com\/avatar\/36e6bcb83148978b992977cb0f54d22feb0cce8a0a849a9410532bb2623ba4c6?s=96&d=mm&r=g","width":96,"height":96,"caption":"Juh\u00e1sz P\u00e9ter"}},{"@type":"WebPage","@id":"https:\/\/allasorias.hu\/hirek\/sulyos-munkarohiany-a-mav-nal\/#webpage","url":"https:\/\/allasorias.hu\/hirek\/sulyos-munkarohiany-a-mav-nal\/","name":"S\u00falyos munkar\u0151hi\u00e1ny a M\u00c1V-n\u00e1l | AllasOrias.hu | H\u00edrek-lapszemle","description":"Folyamatosan keresik a M\u00c1V-n\u00e1l a k\u00fcl\u00f6nb\u00f6z\u0151 munkat\u00e1rsakat, minden fel\u00fcleten hirdetnek. Az elm\u00falt p\u00e1r \u00e9vben m\u00e1r rendszeresen keresnek nemcsak \u00fajs\u00e1gokban k\u00f6zz\u00e9tett \u00e1ll\u00e1shirdet\u00e9sekben mozdonyvezet\u0151ket, kalauzokat, p\u00e1lyamunk\u00e1sokat, hanem a vonatokon \u00e9s a p\u00e1lyaudvarokon is gyakran bemondj\u00e1k, hogy v\u00e1rj\u00e1k az \u00faj koll\u00e9g\u00e1kat. Legut\u00f3bb p\u00e9ld\u00e1ul Somogy megy\u00e9ben adtak fel \u00fajs\u00e1ghirdet\u00e9st, 9 vezet\u0151 jegyvizsg\u00e1l\u00f3t \u00e9s 3 mozdonyvezet\u0151-gyakornokot v\u00e1rnak. El\u0151bbiek n\u00e9gyh\u00f3napos, ut\u00f3bbiak","inLanguage":"hu-HU","isPartOf":{"@id":"https:\/\/allasorias.hu\/hirek\/#website"},"breadcrumb":{"@id":"https:\/\/allasorias.hu\/hirek\/sulyos-munkarohiany-a-mav-nal\/#breadcrumblist"},"author":{"@id":"https:\/\/allasorias.hu\/hirek\/author\/admin-allasorias\/#author"},"creator":{"@id":"https:\/\/allasorias.hu\/hirek\/author\/admin-allasorias\/#author"},"image":{"@type":"ImageObject","url":"https:\/\/allasorias.hu\/hirek\/wp-content\/uploads\/2018\/11\/kalauz.jpg","@id":"https:\/\/allasorias.hu\/hirek\/sulyos-munkarohiany-a-mav-nal\/#mainImage","width":768,"height":432},"primaryImageOfPage":{"@id":"https:\/\/allasorias.hu\/hirek\/sulyos-munkarohiany-a-mav-nal\/#mainImage"},"datePublished":"2018-11-19T13:57:48+02:00","dateModified":"2018-11-19T13:57:48+02:00"},{"@type":"WebSite","@id":"https:\/\/allasorias.hu\/hirek\/#website","url":"https:\/\/allasorias.hu\/hirek\/","name":"AllasOrias.hu | H\u00edrek-lapszemle","description":"\u00dczleti h\u00edrek az \u00e1ll\u00e1s \u00e9s a munka vil\u00e1g\u00e1b\u00f3l","inLanguage":"hu-HU","publisher":{"@id":"https:\/\/allasorias.hu\/hirek\/#organization"}}]},"og:locale":"hu_HU","og:site_name":"AllasOrias.hu | H\u00edrek-lapszemle | \u00dczleti h\u00edrek az \u00e1ll\u00e1s \u00e9s a munka vil\u00e1g\u00e1b\u00f3l","og:type":"article","og:title":"S\u00falyos munkar\u0151hi\u00e1ny a M\u00c1V-n\u00e1l | AllasOrias.hu | H\u00edrek-lapszemle","og:description":"Folyamatosan keresik a M\u00c1V-n\u00e1l a k\u00fcl\u00f6nb\u00f6z\u0151 munkat\u00e1rsakat, minden fel\u00fcleten hirdetnek. Az elm\u00falt p\u00e1r \u00e9vben m\u00e1r rendszeresen keresnek nemcsak \u00fajs\u00e1gokban k\u00f6zz\u00e9tett \u00e1ll\u00e1shirdet\u00e9sekben mozdonyvezet\u0151ket, kalauzokat, p\u00e1lyamunk\u00e1sokat, hanem a vonatokon \u00e9s a p\u00e1lyaudvarokon is gyakran bemondj\u00e1k, hogy v\u00e1rj\u00e1k az \u00faj koll\u00e9g\u00e1kat. Legut\u00f3bb p\u00e9ld\u00e1ul Somogy megy\u00e9ben adtak fel \u00fajs\u00e1ghirdet\u00e9st, 9 vezet\u0151 jegyvizsg\u00e1l\u00f3t \u00e9s 3 mozdonyvezet\u0151-gyakornokot v\u00e1rnak. El\u0151bbiek n\u00e9gyh\u00f3napos, ut\u00f3bbiak","og:url":"https:\/\/allasorias.hu\/hirek\/sulyos-munkarohiany-a-mav-nal\/","og:image":"https:\/\/allasorias.hu\/hirek\/wp-content\/uploads\/2018\/11\/kalauz.jpg","og:image:secure_url":"https:\/\/allasorias.hu\/hirek\/wp-content\/uploads\/2018\/11\/kalauz.jpg","og:image:width":768,"og:image:height":432,"article:published_time":"2018-11-19T13:57:48+00:00","article:modified_time":"2018-11-19T13:57:48+00:00","article:publisher":"https:\/\/www.facebook.com\/allasorias","twitter:card":"summary_large_image","twitter:title":"S\u00falyos munkar\u0151hi\u00e1ny a M\u00c1V-n\u00e1l | AllasOrias.hu | H\u00edrek-lapszemle","twitter:description":"Folyamatosan keresik a M\u00c1V-n\u00e1l a k\u00fcl\u00f6nb\u00f6z\u0151 munkat\u00e1rsakat, minden fel\u00fcleten hirdetnek. Az elm\u00falt p\u00e1r \u00e9vben m\u00e1r rendszeresen keresnek nemcsak \u00fajs\u00e1gokban k\u00f6zz\u00e9tett \u00e1ll\u00e1shirdet\u00e9sekben mozdonyvezet\u0151ket, kalauzokat, p\u00e1lyamunk\u00e1sokat, hanem a vonatokon \u00e9s a p\u00e1lyaudvarokon is gyakran bemondj\u00e1k, hogy v\u00e1rj\u00e1k az \u00faj koll\u00e9g\u00e1kat. Legut\u00f3bb p\u00e9ld\u00e1ul Somogy megy\u00e9ben adtak fel \u00fajs\u00e1ghirdet\u00e9st, 9 vezet\u0151 jegyvizsg\u00e1l\u00f3t \u00e9s 3 mozdonyvezet\u0151-gyakornokot v\u00e1rnak. El\u0151bbiek n\u00e9gyh\u00f3napos, ut\u00f3bbiak","twitter:image":"https:\/\/allasorias.hu\/hirek\/wp-content\/uploads\/2018\/11\/kalauz.jpg","twitter:label1":"Written by","twitter:data1":"Juh\u00e1sz P\u00e9ter","twitter:label2":"Est. reading time","twitter:data2":"1 minute"},"aioseo_meta_data":{"post_id":"2195","title":null,"description":null,"keywords":null,"keyphrases":null,"primary_term":null,"canonical_url":null,"og_title":null,"og_description":null,"og_object_type":"default","og_image_type":"default","og_image_url":null,"og_image_width":null,"og_image_height":null,"og_image_custom_url":null,"og_image_custom_fields":null,"og_video":null,"og_custom_url":null,"og_article_section":null,"og_article_tags":null,"twitter_use_og":false,"twitter_card":"default","twitter_image_type":"default","twitter_image_url":null,"twitter_image_custom_url":null,"twitter_image_custom_fields":null,"twitter_title":null,"twitter_description":null,"schema":{"blockGraphs":[],"customGraphs":[],"default":{"data":{"Article":[],"Course":[],"Dataset":[],"FAQPage":[],"Movie":[],"Person":[],"Product":[],"ProductReview":[],"Car":[],"Recipe":[],"Service":[],"SoftwareApplication":[],"WebPage":[]},"graphName":"","isEnabled":true},"graphs":[]},"schema_type":null,"schema_type_options":null,"pillar_content":false,"robots_default":true,"robots_noindex":false,"robots_noarchive":false,"robots_nosnippet":false,"robots_nofollow":false,"robots_noimageindex":false,"robots_noodp":false,"robots_notranslate":false,"robots_max_snippet":null,"robots_max_videopreview":null,"robots_max_imagepreview":"large","priority":null,"frequency":null,"location":null,"local_seo":null,"breadcrumb_settings":null,"limit_modified_date":false,"ai":null,"created":"2021-02-01 20:45:00","updated":"2025-10-02 09:22:12","seo_analyzer_scan_date":null,"focus_keyword":null,"additional_keywords":null,"truseo_locale":null},"aioseo_breadcrumb":"<div class=\"aioseo-breadcrumbs\"><span class=\"aioseo-breadcrumb\">\n\t\t\t<a href=\"https:\/\/allasorias.hu\/hirek\" title=\"Home\">Home<\/a>\n\t\t<\/span><span class=\"aioseo-breadcrumb-separator\">&raquo;<\/span><span class=\"aioseo-breadcrumb\">\n\t\t\t<a href=\"https:\/\/allasorias.hu\/hirek\/temak\/gazdasag\/\" title=\"Gazdas\u00e1g\">Gazdas\u00e1g<\/a>\n\t\t<\/span><span class=\"aioseo-breadcrumb-separator\">&raquo;<\/span><span class=\"aioseo-breadcrumb\">\n\t\t\tS\u00falyos munkar\u0151hi\u00e1ny a M\u00c1V-n\u00e1l\n\t\t<\/span><\/div>","aioseo_breadcrumb_json":[{"label":"Home","link":"https:\/\/allasorias.hu\/hirek"},{"label":"Gazdas\u00e1g","link":"https:\/\/allasorias.hu\/hirek\/temak\/gazdasag\/"},{"label":"S\u00falyos munkar\u0151hi\u00e1ny a M\u00c1V-n\u00e1l","link":"https:\/\/allasorias.hu\/hirek\/sulyos-munkarohiany-a-mav-nal\/"}],"_links":{"self":[{"href":"https:\/\/allasorias.hu\/hirek\/wp-json\/wp\/v2\/posts\/2195","targetHints":{"allow":["GET"]}}],"collection":[{"href":"https:\/\/allasorias.hu\/hirek\/wp-json\/wp\/v2\/posts"}],"about":[{"href":"https:\/\/allasorias.hu\/hirek\/wp-json\/wp\/v2\/types\/post"}],"author":[{"embeddable":true,"href":"https:\/\/allasorias.hu\/hirek\/wp-json\/wp\/v2\/users\/1"}],"replies":[{"embeddable":true,"href":"https:\/\/allasorias.hu\/hirek\/wp-json\/wp\/v2\/comments?post=2195"}],"version-history":[{"count":1,"href":"https:\/\/allasorias.hu\/hirek\/wp-json\/wp\/v2\/posts\/2195\/revisions"}],"predecessor-version":[{"id":2197,"href":"https:\/\/allasorias.hu\/hirek\/wp-json\/wp\/v2\/posts\/2195\/revisions\/2197"}],"wp:featuredmedia":[{"embeddable":true,"href":"https:\/\/allasorias.hu\/hirek\/wp-json\/wp\/v2\/media\/2196"}],"wp:attachment":[{"href":"https:\/\/allasorias.hu\/hirek\/wp-json\/wp\/v2\/media?parent=2195"}],"wp:term":[{"taxonomy":"category","embeddable":true,"href":"https:\/\/allasorias.hu\/hirek\/wp-json\/wp\/v2\/categories?post=2195"},{"taxonomy":"post_tag","embeddable":true,"href":"https:\/\/allasorias.hu\/hirek\/wp-json\/wp\/v2\/tags?post=2195"}],"curies":[{"name":"wp","href":"https:\/\/api.w.org\/{rel}","templated":true}]}}