{"id":2176,"date":"2018-11-14T14:00:24","date_gmt":"2018-11-14T14:00:24","guid":{"rendered":"https:\/\/allasorias.hu\/hirek\/?p=2176"},"modified":"2018-11-14T14:00:24","modified_gmt":"2018-11-14T14:00:24","slug":"kancellar-a-szakkepzo-centrumok-elen","status":"publish","type":"post","link":"https:\/\/allasorias.hu\/hirek\/kancellar-a-szakkepzo-centrumok-elen\/","title":{"rendered":"Kancell\u00e1r a szakk\u00e9pz\u0151 centrumok \u00e9l\u00e9n"},"content":{"rendered":"<p style=\"text-align: justify;\"><strong>J\u00f3l bev\u00e1lt a kancell\u00e1ri rendszer, a szakk\u00e9pz\u0151 centrumok m\u0171k\u00f6d\u00e9se hat\u00e9kony, a \u00a0korm\u00e1ny c\u00e9lja, pedig, hogy a \u00a0magyar fiatalok a munkaer\u0151piacon \u00e9rt\u00e9kes szaktud\u00e1ssal \u00e9s k\u00e9pes\u00edt\u00e9ssel ker\u00fcljenek ki a szakk\u00e9pz\u00e9sb\u0151l, \u00e9s a szakk\u00e9pz\u0151 centrumok a lehet\u0151 leghat\u00e9konyabban \u00e9s eredm\u00e9nyesebben m\u0171k\u00f6djenek \u2013 jelentette ki\u00a0 P\u00f6l\u00f6skei G\u00e1born\u00e9, az Innov\u00e1ci\u00f3s \u00e9s Technol\u00f3giai Miniszt\u00e9rium szakk\u00e9pz\u00e9s\u00e9rt \u00e9s feln\u0151ttk\u00e9pz\u00e9s\u00e9rt felel\u0151s helyettes \u00e1llamtitk\u00e1ra.<\/strong><\/p>\n<p style=\"text-align: justify;\">Mint ismert, a szakk\u00e9pz\u00e9si centrumok 2015-ben alakultak, a f\u0151 szempont a szakk\u00e9pz\u00e9si feladatok hat\u00e9konyabb ell\u00e1t\u00e1sa volt. Az eddigi tapasztalatok alapj\u00e1n a centrumok megfelelnek a h\u00e1rom \u00e9ve megfogalmazott elv\u00e1r\u00e1soknak, a strukt\u00fara stabil m\u0171k\u00f6d\u00e9st biztos\u00edt. Megmutatkozott azonban ez eltelt id\u0151szakban, hogy a szakk\u00e9pz\u00e9si centrumok \u00f6sszetett \u00e9s egyre sz\u00e9lesebb k\u00f6r\u0171 szakmai tev\u00e9kenys\u00e9ge fokozottabban ig\u00e9nyli a menedzserszeml\u00e9let\u0171 gazd\u00e1lkod\u00e1st, amely az erre a feladatra kiv\u00e1lasztott, felk\u00e9sz\u00fclt kancell\u00e1rokon kereszt\u00fcl val\u00f3s\u00edthat\u00f3 meg. Az \u00e1llamtitk\u00e1r szerint a kancell\u00e1ri rendszer bevezet\u00e9se eredm\u00e9nyesen t\u00e1mogatja a szakk\u00e9pz\u00e9si centrumok f\u0151igazgat\u00f3it els\u0151dleges feladatuk, az int\u00e9zm\u00e9nyek szakmai tev\u00e9kenys\u00e9ge \u00e9s oktat\u00e1si sz\u00ednvonal fel\u00fcgyelet\u00e9nek hat\u00e9konyabb ell\u00e1t\u00e1s\u00e1ban. A kancell\u00e1r f\u0151 tev\u00e9kenys\u00e9ge a szakmai feladatok gazdas\u00e1gi eszk\u00f6z\u00f6kkel t\u00f6rt\u00e9n\u0151 t\u00e1mogat\u00e1sa, az int\u00e9zm\u00e9ny menedzserszeml\u00e9let\u0171 m\u0171k\u00f6dtet\u00e9se.<\/p>\n<p><em>Forr\u00e1s: magyaridok.hu<\/em><\/p>\n","protected":false},"excerpt":{"rendered":"<p>J\u00f3l bev\u00e1lt a kancell\u00e1ri rendszer, a szakk\u00e9pz\u0151 centrumok m\u0171k\u00f6d\u00e9se hat\u00e9kony, a \u00a0korm\u00e1ny c\u00e9lja, pedig, hogy a \u00a0magyar fiatalok a munkaer\u0151piacon \u00e9rt\u00e9kes szaktud\u00e1ssal \u00e9s k\u00e9pes\u00edt\u00e9ssel ker\u00fcljenek ki a szakk\u00e9pz\u00e9sb\u0151l, \u00e9s a szakk\u00e9pz\u0151 centrumok a lehet\u0151 leghat\u00e9konyabban \u00e9s eredm\u00e9nyesebben m\u0171k\u00f6djenek \u2013 jelentette ki\u00a0 P\u00f6l\u00f6skei G\u00e1born\u00e9, az Innov\u00e1ci\u00f3s \u00e9s Technol\u00f3giai Miniszt\u00e9rium szakk\u00e9pz\u00e9s\u00e9rt \u00e9s feln\u0151ttk\u00e9pz\u00e9s\u00e9rt felel\u0151s helyettes \u00e1llamtitk\u00e1ra. Mint [&hellip;]<\/p>\n","protected":false},"author":1,"featured_media":2177,"comment_status":"open","ping_status":"open","sticky":false,"template":"","format":"standard","meta":{"_monsterinsights_skip_tracking":false,"footnotes":""},"categories":[200],"tags":[],"class_list":["post-2176","post","type-post","status-publish","format-standard","has-post-thumbnail","hentry","category-munkaeropiac"],"aioseo_notices":[],"aioseo_head":"\n\t\t<!-- All in One SEO 5.0.0.1 - aioseo.com -->\n\t<meta name=\"description\" content=\"J\u00f3l bev\u00e1lt a kancell\u00e1ri rendszer, a szakk\u00e9pz\u0151 centrumok m\u0171k\u00f6d\u00e9se hat\u00e9kony, a korm\u00e1ny c\u00e9lja, pedig, hogy a magyar fiatalok a munkaer\u0151piacon \u00e9rt\u00e9kes szaktud\u00e1ssal \u00e9s k\u00e9pes\u00edt\u00e9ssel ker\u00fcljenek ki a szakk\u00e9pz\u00e9sb\u0151l, \u00e9s a szakk\u00e9pz\u0151 centrumok a lehet\u0151 leghat\u00e9konyabban \u00e9s eredm\u00e9nyesebben m\u0171k\u00f6djenek \u2013 jelentette ki P\u00f6l\u00f6skei G\u00e1born\u00e9, az Innov\u00e1ci\u00f3s \u00e9s Technol\u00f3giai Miniszt\u00e9rium szakk\u00e9pz\u00e9s\u00e9rt \u00e9s feln\u0151ttk\u00e9pz\u00e9s\u00e9rt felel\u0151s helyettes \u00e1llamtitk\u00e1ra. Mint\" \/>\n\t<meta name=\"robots\" content=\"max-image-preview:large\" \/>\n\t<meta name=\"author\" content=\"Juh\u00e1sz P\u00e9ter\"\/>\n\t<link rel=\"canonical\" href=\"https:\/\/allasorias.hu\/hirek\/kancellar-a-szakkepzo-centrumok-elen\/\" \/>\n\t<meta name=\"generator\" content=\"All in One SEO (AIOSEO) 5.0.0.1\" \/>\n\t\t<meta property=\"og:locale\" content=\"hu_HU\" \/>\n\t\t<meta property=\"og:site_name\" content=\"AllasOrias.hu | H\u00edrek-lapszemle | \u00dczleti h\u00edrek az \u00e1ll\u00e1s \u00e9s a munka vil\u00e1g\u00e1b\u00f3l\" \/>\n\t\t<meta property=\"og:type\" content=\"article\" \/>\n\t\t<meta property=\"og:title\" content=\"Kancell\u00e1r a szakk\u00e9pz\u0151 centrumok \u00e9l\u00e9n | AllasOrias.hu | H\u00edrek-lapszemle\" \/>\n\t\t<meta property=\"og:description\" content=\"J\u00f3l bev\u00e1lt a kancell\u00e1ri rendszer, a szakk\u00e9pz\u0151 centrumok m\u0171k\u00f6d\u00e9se hat\u00e9kony, a korm\u00e1ny c\u00e9lja, pedig, hogy a magyar fiatalok a munkaer\u0151piacon \u00e9rt\u00e9kes szaktud\u00e1ssal \u00e9s k\u00e9pes\u00edt\u00e9ssel ker\u00fcljenek ki a szakk\u00e9pz\u00e9sb\u0151l, \u00e9s a szakk\u00e9pz\u0151 centrumok a lehet\u0151 leghat\u00e9konyabban \u00e9s eredm\u00e9nyesebben m\u0171k\u00f6djenek \u2013 jelentette ki P\u00f6l\u00f6skei G\u00e1born\u00e9, az Innov\u00e1ci\u00f3s \u00e9s Technol\u00f3giai Miniszt\u00e9rium szakk\u00e9pz\u00e9s\u00e9rt \u00e9s feln\u0151ttk\u00e9pz\u00e9s\u00e9rt felel\u0151s helyettes \u00e1llamtitk\u00e1ra. Mint\" \/>\n\t\t<meta property=\"og:url\" content=\"https:\/\/allasorias.hu\/hirek\/kancellar-a-szakkepzo-centrumok-elen\/\" \/>\n\t\t<meta property=\"og:image\" content=\"https:\/\/allasorias.hu\/hirek\/wp-content\/uploads\/2018\/11\/kancellar.jpeg\" \/>\n\t\t<meta property=\"og:image:secure_url\" content=\"https:\/\/allasorias.hu\/hirek\/wp-content\/uploads\/2018\/11\/kancellar.jpeg\" \/>\n\t\t<meta property=\"og:image:width\" content=\"640\" \/>\n\t\t<meta property=\"og:image:height\" content=\"426\" \/>\n\t\t<meta property=\"article:published_time\" content=\"2018-11-14T14:00:24+00:00\" \/>\n\t\t<meta property=\"article:modified_time\" content=\"2018-11-14T14:00:24+00:00\" \/>\n\t\t<meta property=\"article:publisher\" content=\"https:\/\/www.facebook.com\/allasorias\" \/>\n\t\t<meta name=\"twitter:card\" content=\"summary_large_image\" \/>\n\t\t<meta name=\"twitter:title\" content=\"Kancell\u00e1r a szakk\u00e9pz\u0151 centrumok \u00e9l\u00e9n | AllasOrias.hu | H\u00edrek-lapszemle\" \/>\n\t\t<meta name=\"twitter:description\" content=\"J\u00f3l bev\u00e1lt a kancell\u00e1ri rendszer, a szakk\u00e9pz\u0151 centrumok m\u0171k\u00f6d\u00e9se hat\u00e9kony, a korm\u00e1ny c\u00e9lja, pedig, hogy a magyar fiatalok a munkaer\u0151piacon \u00e9rt\u00e9kes szaktud\u00e1ssal \u00e9s k\u00e9pes\u00edt\u00e9ssel ker\u00fcljenek ki a szakk\u00e9pz\u00e9sb\u0151l, \u00e9s a szakk\u00e9pz\u0151 centrumok a lehet\u0151 leghat\u00e9konyabban \u00e9s eredm\u00e9nyesebben m\u0171k\u00f6djenek \u2013 jelentette ki P\u00f6l\u00f6skei G\u00e1born\u00e9, az Innov\u00e1ci\u00f3s \u00e9s Technol\u00f3giai Miniszt\u00e9rium szakk\u00e9pz\u00e9s\u00e9rt \u00e9s feln\u0151ttk\u00e9pz\u00e9s\u00e9rt felel\u0151s helyettes \u00e1llamtitk\u00e1ra. Mint\" \/>\n\t\t<meta name=\"twitter:image\" content=\"https:\/\/allasorias.hu\/hirek\/wp-content\/uploads\/2018\/11\/kancellar.jpeg\" \/>\n\t\t<meta name=\"twitter:label1\" content=\"Written by\" \/>\n\t\t<meta name=\"twitter:data1\" content=\"Juh\u00e1sz P\u00e9ter\" \/>\n\t\t<meta name=\"twitter:label2\" content=\"Est. reading time\" \/>\n\t\t<meta name=\"twitter:data2\" content=\"1 minute\" \/>\n\t\t<script type=\"application\/ld+json\" class=\"aioseo-schema\">\n\t\t\t{\"@context\":\"https:\\\/\\\/schema.org\",\"@graph\":[{\"@type\":\"Article\",\"@id\":\"https:\\\/\\\/allasorias.hu\\\/hirek\\\/kancellar-a-szakkepzo-centrumok-elen\\\/#article\",\"name\":\"Kancell\\u00e1r a szakk\\u00e9pz\\u0151 centrumok \\u00e9l\\u00e9n | AllasOrias.hu | H\\u00edrek-lapszemle\",\"headline\":\"Kancell\\u00e1r a szakk\\u00e9pz\\u0151 centrumok \\u00e9l\\u00e9n\",\"author\":{\"@id\":\"https:\\\/\\\/allasorias.hu\\\/hirek\\\/author\\\/admin-allasorias\\\/#author\"},\"publisher\":{\"@id\":\"https:\\\/\\\/allasorias.hu\\\/hirek\\\/#organization\"},\"image\":{\"@type\":\"ImageObject\",\"url\":\"https:\\\/\\\/allasorias.hu\\\/hirek\\\/wp-content\\\/uploads\\\/2018\\\/11\\\/kancellar.jpeg\",\"width\":640,\"height\":426},\"datePublished\":\"2018-11-14T14:00:24+02:00\",\"dateModified\":\"2018-11-14T14:00:24+02:00\",\"inLanguage\":\"hu-HU\",\"mainEntityOfPage\":{\"@id\":\"https:\\\/\\\/allasorias.hu\\\/hirek\\\/kancellar-a-szakkepzo-centrumok-elen\\\/#webpage\"},\"isPartOf\":{\"@id\":\"https:\\\/\\\/allasorias.hu\\\/hirek\\\/kancellar-a-szakkepzo-centrumok-elen\\\/#webpage\"},\"articleSection\":\"Munkaer\\u0151piac\"},{\"@type\":\"BreadcrumbList\",\"@id\":\"https:\\\/\\\/allasorias.hu\\\/hirek\\\/kancellar-a-szakkepzo-centrumok-elen\\\/#breadcrumblist\",\"itemListElement\":[{\"@type\":\"ListItem\",\"@id\":\"https:\\\/\\\/allasorias.hu\\\/hirek#listItem\",\"position\":1,\"name\":\"Home\",\"item\":\"https:\\\/\\\/allasorias.hu\\\/hirek\",\"nextItem\":{\"@type\":\"ListItem\",\"@id\":\"https:\\\/\\\/allasorias.hu\\\/hirek\\\/temak\\\/munkaeropiac\\\/#listItem\",\"name\":\"Munkaer\\u0151piac\"}},{\"@type\":\"ListItem\",\"@id\":\"https:\\\/\\\/allasorias.hu\\\/hirek\\\/temak\\\/munkaeropiac\\\/#listItem\",\"position\":2,\"name\":\"Munkaer\\u0151piac\",\"item\":\"https:\\\/\\\/allasorias.hu\\\/hirek\\\/temak\\\/munkaeropiac\\\/\",\"nextItem\":{\"@type\":\"ListItem\",\"@id\":\"https:\\\/\\\/allasorias.hu\\\/hirek\\\/kancellar-a-szakkepzo-centrumok-elen\\\/#listItem\",\"name\":\"Kancell\\u00e1r a szakk\\u00e9pz\\u0151 centrumok \\u00e9l\\u00e9n\"},\"previousItem\":{\"@type\":\"ListItem\",\"@id\":\"https:\\\/\\\/allasorias.hu\\\/hirek#listItem\",\"name\":\"Home\"}},{\"@type\":\"ListItem\",\"@id\":\"https:\\\/\\\/allasorias.hu\\\/hirek\\\/kancellar-a-szakkepzo-centrumok-elen\\\/#listItem\",\"position\":3,\"name\":\"Kancell\\u00e1r a szakk\\u00e9pz\\u0151 centrumok \\u00e9l\\u00e9n\",\"previousItem\":{\"@type\":\"ListItem\",\"@id\":\"https:\\\/\\\/allasorias.hu\\\/hirek\\\/temak\\\/munkaeropiac\\\/#listItem\",\"name\":\"Munkaer\\u0151piac\"}}]},{\"@type\":\"Organization\",\"@id\":\"https:\\\/\\\/allasorias.hu\\\/hirek\\\/#organization\",\"name\":\"AllasOrias.hu | H\\u00edrek-lapszemle\",\"description\":\"\\u00dczleti h\\u00edrek az \\u00e1ll\\u00e1s \\u00e9s a munka vil\\u00e1g\\u00e1b\\u00f3l\",\"url\":\"https:\\\/\\\/allasorias.hu\\\/hirek\\\/\",\"logo\":{\"@type\":\"ImageObject\",\"url\":\"https:\\\/\\\/allasorias.hu\\\/hirek\\\/wp-content\\\/uploads\\\/2022\\\/10\\\/allasorias_site_facebok_logo.png\",\"@id\":\"https:\\\/\\\/allasorias.hu\\\/hirek\\\/kancellar-a-szakkepzo-centrumok-elen\\\/#organizationLogo\"},\"image\":{\"@id\":\"https:\\\/\\\/allasorias.hu\\\/hirek\\\/kancellar-a-szakkepzo-centrumok-elen\\\/#organizationLogo\"},\"sameAs\":[\"https:\\\/\\\/www.facebook.com\\\/allasorias\",\"https:\\\/\\\/www.linkedin.com\\\/company\\\/allasorias\"]},{\"@type\":\"Person\",\"@id\":\"https:\\\/\\\/allasorias.hu\\\/hirek\\\/author\\\/admin-allasorias\\\/#author\",\"url\":\"https:\\\/\\\/allasorias.hu\\\/hirek\\\/author\\\/admin-allasorias\\\/\",\"name\":\"Juh\\u00e1sz P\\u00e9ter\",\"image\":{\"@type\":\"ImageObject\",\"@id\":\"https:\\\/\\\/allasorias.hu\\\/hirek\\\/kancellar-a-szakkepzo-centrumok-elen\\\/#authorImage\",\"url\":\"https:\\\/\\\/secure.gravatar.com\\\/avatar\\\/36e6bcb83148978b992977cb0f54d22feb0cce8a0a849a9410532bb2623ba4c6?s=96&d=mm&r=g\",\"width\":96,\"height\":96,\"caption\":\"Juh\\u00e1sz P\\u00e9ter\"}},{\"@type\":\"WebPage\",\"@id\":\"https:\\\/\\\/allasorias.hu\\\/hirek\\\/kancellar-a-szakkepzo-centrumok-elen\\\/#webpage\",\"url\":\"https:\\\/\\\/allasorias.hu\\\/hirek\\\/kancellar-a-szakkepzo-centrumok-elen\\\/\",\"name\":\"Kancell\\u00e1r a szakk\\u00e9pz\\u0151 centrumok \\u00e9l\\u00e9n | AllasOrias.hu | H\\u00edrek-lapszemle\",\"description\":\"J\\u00f3l bev\\u00e1lt a kancell\\u00e1ri rendszer, a szakk\\u00e9pz\\u0151 centrumok m\\u0171k\\u00f6d\\u00e9se hat\\u00e9kony, a korm\\u00e1ny c\\u00e9lja, pedig, hogy a magyar fiatalok a munkaer\\u0151piacon \\u00e9rt\\u00e9kes szaktud\\u00e1ssal \\u00e9s k\\u00e9pes\\u00edt\\u00e9ssel ker\\u00fcljenek ki a szakk\\u00e9pz\\u00e9sb\\u0151l, \\u00e9s a szakk\\u00e9pz\\u0151 centrumok a lehet\\u0151 leghat\\u00e9konyabban \\u00e9s eredm\\u00e9nyesebben m\\u0171k\\u00f6djenek \\u2013 jelentette ki P\\u00f6l\\u00f6skei G\\u00e1born\\u00e9, az Innov\\u00e1ci\\u00f3s \\u00e9s Technol\\u00f3giai Miniszt\\u00e9rium szakk\\u00e9pz\\u00e9s\\u00e9rt \\u00e9s feln\\u0151ttk\\u00e9pz\\u00e9s\\u00e9rt felel\\u0151s helyettes \\u00e1llamtitk\\u00e1ra. Mint\",\"inLanguage\":\"hu-HU\",\"isPartOf\":{\"@id\":\"https:\\\/\\\/allasorias.hu\\\/hirek\\\/#website\"},\"breadcrumb\":{\"@id\":\"https:\\\/\\\/allasorias.hu\\\/hirek\\\/kancellar-a-szakkepzo-centrumok-elen\\\/#breadcrumblist\"},\"author\":{\"@id\":\"https:\\\/\\\/allasorias.hu\\\/hirek\\\/author\\\/admin-allasorias\\\/#author\"},\"creator\":{\"@id\":\"https:\\\/\\\/allasorias.hu\\\/hirek\\\/author\\\/admin-allasorias\\\/#author\"},\"image\":{\"@type\":\"ImageObject\",\"url\":\"https:\\\/\\\/allasorias.hu\\\/hirek\\\/wp-content\\\/uploads\\\/2018\\\/11\\\/kancellar.jpeg\",\"@id\":\"https:\\\/\\\/allasorias.hu\\\/hirek\\\/kancellar-a-szakkepzo-centrumok-elen\\\/#mainImage\",\"width\":640,\"height\":426},\"primaryImageOfPage\":{\"@id\":\"https:\\\/\\\/allasorias.hu\\\/hirek\\\/kancellar-a-szakkepzo-centrumok-elen\\\/#mainImage\"},\"datePublished\":\"2018-11-14T14:00:24+02:00\",\"dateModified\":\"2018-11-14T14:00:24+02:00\"},{\"@type\":\"WebSite\",\"@id\":\"https:\\\/\\\/allasorias.hu\\\/hirek\\\/#website\",\"url\":\"https:\\\/\\\/allasorias.hu\\\/hirek\\\/\",\"name\":\"AllasOrias.hu | H\\u00edrek-lapszemle\",\"description\":\"\\u00dczleti h\\u00edrek az \\u00e1ll\\u00e1s \\u00e9s a munka vil\\u00e1g\\u00e1b\\u00f3l\",\"inLanguage\":\"hu-HU\",\"publisher\":{\"@id\":\"https:\\\/\\\/allasorias.hu\\\/hirek\\\/#organization\"}}]}\n\t\t<\/script>\n\t\t<!-- All in One SEO -->\n\n","aioseo_head_json":{"title":"Kancell\u00e1r a szakk\u00e9pz\u0151 centrumok \u00e9l\u00e9n | AllasOrias.hu | H\u00edrek-lapszemle","description":"J\u00f3l bev\u00e1lt a kancell\u00e1ri rendszer, a szakk\u00e9pz\u0151 centrumok m\u0171k\u00f6d\u00e9se hat\u00e9kony, a korm\u00e1ny c\u00e9lja, pedig, hogy a magyar fiatalok a munkaer\u0151piacon \u00e9rt\u00e9kes szaktud\u00e1ssal \u00e9s k\u00e9pes\u00edt\u00e9ssel ker\u00fcljenek ki a szakk\u00e9pz\u00e9sb\u0151l, \u00e9s a szakk\u00e9pz\u0151 centrumok a lehet\u0151 leghat\u00e9konyabban \u00e9s eredm\u00e9nyesebben m\u0171k\u00f6djenek \u2013 jelentette ki P\u00f6l\u00f6skei G\u00e1born\u00e9, az Innov\u00e1ci\u00f3s \u00e9s Technol\u00f3giai Miniszt\u00e9rium szakk\u00e9pz\u00e9s\u00e9rt \u00e9s feln\u0151ttk\u00e9pz\u00e9s\u00e9rt felel\u0151s helyettes \u00e1llamtitk\u00e1ra. Mint","canonical_url":"https:\/\/allasorias.hu\/hirek\/kancellar-a-szakkepzo-centrumok-elen\/","robots":"max-image-preview:large","keywords":"","webmasterTools":{"miscellaneous":""},"schema":{"@context":"https:\/\/schema.org","@graph":[{"@type":"Article","@id":"https:\/\/allasorias.hu\/hirek\/kancellar-a-szakkepzo-centrumok-elen\/#article","name":"Kancell\u00e1r a szakk\u00e9pz\u0151 centrumok \u00e9l\u00e9n | AllasOrias.hu | H\u00edrek-lapszemle","headline":"Kancell\u00e1r a szakk\u00e9pz\u0151 centrumok \u00e9l\u00e9n","author":{"@id":"https:\/\/allasorias.hu\/hirek\/author\/admin-allasorias\/#author"},"publisher":{"@id":"https:\/\/allasorias.hu\/hirek\/#organization"},"image":{"@type":"ImageObject","url":"https:\/\/allasorias.hu\/hirek\/wp-content\/uploads\/2018\/11\/kancellar.jpeg","width":640,"height":426},"datePublished":"2018-11-14T14:00:24+02:00","dateModified":"2018-11-14T14:00:24+02:00","inLanguage":"hu-HU","mainEntityOfPage":{"@id":"https:\/\/allasorias.hu\/hirek\/kancellar-a-szakkepzo-centrumok-elen\/#webpage"},"isPartOf":{"@id":"https:\/\/allasorias.hu\/hirek\/kancellar-a-szakkepzo-centrumok-elen\/#webpage"},"articleSection":"Munkaer\u0151piac"},{"@type":"BreadcrumbList","@id":"https:\/\/allasorias.hu\/hirek\/kancellar-a-szakkepzo-centrumok-elen\/#breadcrumblist","itemListElement":[{"@type":"ListItem","@id":"https:\/\/allasorias.hu\/hirek#listItem","position":1,"name":"Home","item":"https:\/\/allasorias.hu\/hirek","nextItem":{"@type":"ListItem","@id":"https:\/\/allasorias.hu\/hirek\/temak\/munkaeropiac\/#listItem","name":"Munkaer\u0151piac"}},{"@type":"ListItem","@id":"https:\/\/allasorias.hu\/hirek\/temak\/munkaeropiac\/#listItem","position":2,"name":"Munkaer\u0151piac","item":"https:\/\/allasorias.hu\/hirek\/temak\/munkaeropiac\/","nextItem":{"@type":"ListItem","@id":"https:\/\/allasorias.hu\/hirek\/kancellar-a-szakkepzo-centrumok-elen\/#listItem","name":"Kancell\u00e1r a szakk\u00e9pz\u0151 centrumok \u00e9l\u00e9n"},"previousItem":{"@type":"ListItem","@id":"https:\/\/allasorias.hu\/hirek#listItem","name":"Home"}},{"@type":"ListItem","@id":"https:\/\/allasorias.hu\/hirek\/kancellar-a-szakkepzo-centrumok-elen\/#listItem","position":3,"name":"Kancell\u00e1r a szakk\u00e9pz\u0151 centrumok \u00e9l\u00e9n","previousItem":{"@type":"ListItem","@id":"https:\/\/allasorias.hu\/hirek\/temak\/munkaeropiac\/#listItem","name":"Munkaer\u0151piac"}}]},{"@type":"Organization","@id":"https:\/\/allasorias.hu\/hirek\/#organization","name":"AllasOrias.hu | H\u00edrek-lapszemle","description":"\u00dczleti h\u00edrek az \u00e1ll\u00e1s \u00e9s a munka vil\u00e1g\u00e1b\u00f3l","url":"https:\/\/allasorias.hu\/hirek\/","logo":{"@type":"ImageObject","url":"https:\/\/allasorias.hu\/hirek\/wp-content\/uploads\/2022\/10\/allasorias_site_facebok_logo.png","@id":"https:\/\/allasorias.hu\/hirek\/kancellar-a-szakkepzo-centrumok-elen\/#organizationLogo"},"image":{"@id":"https:\/\/allasorias.hu\/hirek\/kancellar-a-szakkepzo-centrumok-elen\/#organizationLogo"},"sameAs":["https:\/\/www.facebook.com\/allasorias","https:\/\/www.linkedin.com\/company\/allasorias"]},{"@type":"Person","@id":"https:\/\/allasorias.hu\/hirek\/author\/admin-allasorias\/#author","url":"https:\/\/allasorias.hu\/hirek\/author\/admin-allasorias\/","name":"Juh\u00e1sz P\u00e9ter","image":{"@type":"ImageObject","@id":"https:\/\/allasorias.hu\/hirek\/kancellar-a-szakkepzo-centrumok-elen\/#authorImage","url":"https:\/\/secure.gravatar.com\/avatar\/36e6bcb83148978b992977cb0f54d22feb0cce8a0a849a9410532bb2623ba4c6?s=96&d=mm&r=g","width":96,"height":96,"caption":"Juh\u00e1sz P\u00e9ter"}},{"@type":"WebPage","@id":"https:\/\/allasorias.hu\/hirek\/kancellar-a-szakkepzo-centrumok-elen\/#webpage","url":"https:\/\/allasorias.hu\/hirek\/kancellar-a-szakkepzo-centrumok-elen\/","name":"Kancell\u00e1r a szakk\u00e9pz\u0151 centrumok \u00e9l\u00e9n | AllasOrias.hu | H\u00edrek-lapszemle","description":"J\u00f3l bev\u00e1lt a kancell\u00e1ri rendszer, a szakk\u00e9pz\u0151 centrumok m\u0171k\u00f6d\u00e9se hat\u00e9kony, a korm\u00e1ny c\u00e9lja, pedig, hogy a magyar fiatalok a munkaer\u0151piacon \u00e9rt\u00e9kes szaktud\u00e1ssal \u00e9s k\u00e9pes\u00edt\u00e9ssel ker\u00fcljenek ki a szakk\u00e9pz\u00e9sb\u0151l, \u00e9s a szakk\u00e9pz\u0151 centrumok a lehet\u0151 leghat\u00e9konyabban \u00e9s eredm\u00e9nyesebben m\u0171k\u00f6djenek \u2013 jelentette ki P\u00f6l\u00f6skei G\u00e1born\u00e9, az Innov\u00e1ci\u00f3s \u00e9s Technol\u00f3giai Miniszt\u00e9rium szakk\u00e9pz\u00e9s\u00e9rt \u00e9s feln\u0151ttk\u00e9pz\u00e9s\u00e9rt felel\u0151s helyettes \u00e1llamtitk\u00e1ra. Mint","inLanguage":"hu-HU","isPartOf":{"@id":"https:\/\/allasorias.hu\/hirek\/#website"},"breadcrumb":{"@id":"https:\/\/allasorias.hu\/hirek\/kancellar-a-szakkepzo-centrumok-elen\/#breadcrumblist"},"author":{"@id":"https:\/\/allasorias.hu\/hirek\/author\/admin-allasorias\/#author"},"creator":{"@id":"https:\/\/allasorias.hu\/hirek\/author\/admin-allasorias\/#author"},"image":{"@type":"ImageObject","url":"https:\/\/allasorias.hu\/hirek\/wp-content\/uploads\/2018\/11\/kancellar.jpeg","@id":"https:\/\/allasorias.hu\/hirek\/kancellar-a-szakkepzo-centrumok-elen\/#mainImage","width":640,"height":426},"primaryImageOfPage":{"@id":"https:\/\/allasorias.hu\/hirek\/kancellar-a-szakkepzo-centrumok-elen\/#mainImage"},"datePublished":"2018-11-14T14:00:24+02:00","dateModified":"2018-11-14T14:00:24+02:00"},{"@type":"WebSite","@id":"https:\/\/allasorias.hu\/hirek\/#website","url":"https:\/\/allasorias.hu\/hirek\/","name":"AllasOrias.hu | H\u00edrek-lapszemle","description":"\u00dczleti h\u00edrek az \u00e1ll\u00e1s \u00e9s a munka vil\u00e1g\u00e1b\u00f3l","inLanguage":"hu-HU","publisher":{"@id":"https:\/\/allasorias.hu\/hirek\/#organization"}}]},"og:locale":"hu_HU","og:site_name":"AllasOrias.hu | H\u00edrek-lapszemle | \u00dczleti h\u00edrek az \u00e1ll\u00e1s \u00e9s a munka vil\u00e1g\u00e1b\u00f3l","og:type":"article","og:title":"Kancell\u00e1r a szakk\u00e9pz\u0151 centrumok \u00e9l\u00e9n | AllasOrias.hu | H\u00edrek-lapszemle","og:description":"J\u00f3l bev\u00e1lt a kancell\u00e1ri rendszer, a szakk\u00e9pz\u0151 centrumok m\u0171k\u00f6d\u00e9se hat\u00e9kony, a korm\u00e1ny c\u00e9lja, pedig, hogy a magyar fiatalok a munkaer\u0151piacon \u00e9rt\u00e9kes szaktud\u00e1ssal \u00e9s k\u00e9pes\u00edt\u00e9ssel ker\u00fcljenek ki a szakk\u00e9pz\u00e9sb\u0151l, \u00e9s a szakk\u00e9pz\u0151 centrumok a lehet\u0151 leghat\u00e9konyabban \u00e9s eredm\u00e9nyesebben m\u0171k\u00f6djenek \u2013 jelentette ki P\u00f6l\u00f6skei G\u00e1born\u00e9, az Innov\u00e1ci\u00f3s \u00e9s Technol\u00f3giai Miniszt\u00e9rium szakk\u00e9pz\u00e9s\u00e9rt \u00e9s feln\u0151ttk\u00e9pz\u00e9s\u00e9rt felel\u0151s helyettes \u00e1llamtitk\u00e1ra. Mint","og:url":"https:\/\/allasorias.hu\/hirek\/kancellar-a-szakkepzo-centrumok-elen\/","og:image":"https:\/\/allasorias.hu\/hirek\/wp-content\/uploads\/2018\/11\/kancellar.jpeg","og:image:secure_url":"https:\/\/allasorias.hu\/hirek\/wp-content\/uploads\/2018\/11\/kancellar.jpeg","og:image:width":640,"og:image:height":426,"article:published_time":"2018-11-14T14:00:24+00:00","article:modified_time":"2018-11-14T14:00:24+00:00","article:publisher":"https:\/\/www.facebook.com\/allasorias","twitter:card":"summary_large_image","twitter:title":"Kancell\u00e1r a szakk\u00e9pz\u0151 centrumok \u00e9l\u00e9n | AllasOrias.hu | H\u00edrek-lapszemle","twitter:description":"J\u00f3l bev\u00e1lt a kancell\u00e1ri rendszer, a szakk\u00e9pz\u0151 centrumok m\u0171k\u00f6d\u00e9se hat\u00e9kony, a korm\u00e1ny c\u00e9lja, pedig, hogy a magyar fiatalok a munkaer\u0151piacon \u00e9rt\u00e9kes szaktud\u00e1ssal \u00e9s k\u00e9pes\u00edt\u00e9ssel ker\u00fcljenek ki a szakk\u00e9pz\u00e9sb\u0151l, \u00e9s a szakk\u00e9pz\u0151 centrumok a lehet\u0151 leghat\u00e9konyabban \u00e9s eredm\u00e9nyesebben m\u0171k\u00f6djenek \u2013 jelentette ki P\u00f6l\u00f6skei G\u00e1born\u00e9, az Innov\u00e1ci\u00f3s \u00e9s Technol\u00f3giai Miniszt\u00e9rium szakk\u00e9pz\u00e9s\u00e9rt \u00e9s feln\u0151ttk\u00e9pz\u00e9s\u00e9rt felel\u0151s helyettes \u00e1llamtitk\u00e1ra. Mint","twitter:image":"https:\/\/allasorias.hu\/hirek\/wp-content\/uploads\/2018\/11\/kancellar.jpeg","twitter:label1":"Written by","twitter:data1":"Juh\u00e1sz P\u00e9ter","twitter:label2":"Est. reading time","twitter:data2":"1 minute"},"aioseo_meta_data":{"post_id":"2176","title":null,"description":null,"keywords":null,"keyphrases":null,"primary_term":null,"canonical_url":null,"og_title":null,"og_description":null,"og_object_type":"default","og_image_type":"default","og_image_url":null,"og_image_width":null,"og_image_height":null,"og_image_custom_url":null,"og_image_custom_fields":null,"og_video":null,"og_custom_url":null,"og_article_section":null,"og_article_tags":null,"twitter_use_og":false,"twitter_card":"default","twitter_image_type":"default","twitter_image_url":null,"twitter_image_custom_url":null,"twitter_image_custom_fields":null,"twitter_title":null,"twitter_description":null,"schema":{"blockGraphs":[],"customGraphs":[],"default":{"data":{"Article":[],"Course":[],"Dataset":[],"FAQPage":[],"Movie":[],"Person":[],"Product":[],"ProductReview":[],"Car":[],"Recipe":[],"Service":[],"SoftwareApplication":[],"WebPage":[]},"graphName":"","isEnabled":true},"graphs":[]},"schema_type":null,"schema_type_options":null,"pillar_content":false,"robots_default":true,"robots_noindex":false,"robots_noarchive":false,"robots_nosnippet":false,"robots_nofollow":false,"robots_noimageindex":false,"robots_noodp":false,"robots_notranslate":false,"robots_max_snippet":null,"robots_max_videopreview":null,"robots_max_imagepreview":"large","priority":null,"frequency":null,"location":null,"local_seo":null,"breadcrumb_settings":null,"limit_modified_date":false,"ai":null,"created":"2021-02-01 20:45:00","updated":"2025-10-02 09:20:21","seo_analyzer_scan_date":null,"focus_keyword":null,"additional_keywords":null,"truseo_locale":null},"aioseo_breadcrumb":"<div class=\"aioseo-breadcrumbs\"><span class=\"aioseo-breadcrumb\">\n\t\t\t<a href=\"https:\/\/allasorias.hu\/hirek\" title=\"Home\">Home<\/a>\n\t\t<\/span><span class=\"aioseo-breadcrumb-separator\">&raquo;<\/span><span class=\"aioseo-breadcrumb\">\n\t\t\t<a href=\"https:\/\/allasorias.hu\/hirek\/temak\/munkaeropiac\/\" title=\"Munkaer\u0151piac\">Munkaer\u0151piac<\/a>\n\t\t<\/span><span class=\"aioseo-breadcrumb-separator\">&raquo;<\/span><span class=\"aioseo-breadcrumb\">\n\t\t\tKancell\u00e1r a szakk\u00e9pz\u0151 centrumok \u00e9l\u00e9n\n\t\t<\/span><\/div>","aioseo_breadcrumb_json":[{"label":"Home","link":"https:\/\/allasorias.hu\/hirek"},{"label":"Munkaer\u0151piac","link":"https:\/\/allasorias.hu\/hirek\/temak\/munkaeropiac\/"},{"label":"Kancell\u00e1r a szakk\u00e9pz\u0151 centrumok \u00e9l\u00e9n","link":"https:\/\/allasorias.hu\/hirek\/kancellar-a-szakkepzo-centrumok-elen\/"}],"_links":{"self":[{"href":"https:\/\/allasorias.hu\/hirek\/wp-json\/wp\/v2\/posts\/2176","targetHints":{"allow":["GET"]}}],"collection":[{"href":"https:\/\/allasorias.hu\/hirek\/wp-json\/wp\/v2\/posts"}],"about":[{"href":"https:\/\/allasorias.hu\/hirek\/wp-json\/wp\/v2\/types\/post"}],"author":[{"embeddable":true,"href":"https:\/\/allasorias.hu\/hirek\/wp-json\/wp\/v2\/users\/1"}],"replies":[{"embeddable":true,"href":"https:\/\/allasorias.hu\/hirek\/wp-json\/wp\/v2\/comments?post=2176"}],"version-history":[{"count":1,"href":"https:\/\/allasorias.hu\/hirek\/wp-json\/wp\/v2\/posts\/2176\/revisions"}],"predecessor-version":[{"id":2178,"href":"https:\/\/allasorias.hu\/hirek\/wp-json\/wp\/v2\/posts\/2176\/revisions\/2178"}],"wp:featuredmedia":[{"embeddable":true,"href":"https:\/\/allasorias.hu\/hirek\/wp-json\/wp\/v2\/media\/2177"}],"wp:attachment":[{"href":"https:\/\/allasorias.hu\/hirek\/wp-json\/wp\/v2\/media?parent=2176"}],"wp:term":[{"taxonomy":"category","embeddable":true,"href":"https:\/\/allasorias.hu\/hirek\/wp-json\/wp\/v2\/categories?post=2176"},{"taxonomy":"post_tag","embeddable":true,"href":"https:\/\/allasorias.hu\/hirek\/wp-json\/wp\/v2\/tags?post=2176"}],"curies":[{"name":"wp","href":"https:\/\/api.w.org\/{rel}","templated":true}]}}