{"id":2169,"date":"2018-11-13T14:35:55","date_gmt":"2018-11-13T14:35:55","guid":{"rendered":"https:\/\/allasorias.hu\/hirek\/?p=2169"},"modified":"2018-11-13T14:35:55","modified_gmt":"2018-11-13T14:35:55","slug":"palyazni-lehet-az-egeszseges-munkahelyekre","status":"publish","type":"post","link":"https:\/\/allasorias.hu\/hirek\/palyazni-lehet-az-egeszseges-munkahelyekre\/","title":{"rendered":"P\u00e1ly\u00e1zni lehet az eg\u00e9szs\u00e9ges munkahelyekre"},"content":{"rendered":"<p style=\"text-align: justify;\"><strong>Helyes gyakorlat d\u00edj c\u00edmmel, a vesz\u00e9lyes anyagok helyes munkahelyi kezel\u00e9s\u00e9re, k\u00f6vetend\u0151, j\u00f3 \u00e9s saj\u00e1t megold\u00e1sokkal rendelkez\u0151 c\u00e9gek sz\u00e1m\u00e1ra hirdet p\u00e1ly\u00e1zatot a P\u00e9nz\u00fcgyminiszt\u00e9rium \u00e9s az Eur\u00f3pai Uni\u00f3 Munkav\u00e9delmi \u00dcgyn\u00f6ks\u00e9ge (EU-OSHA) \u2013 jelentette be a P\u00e9nz\u00fcgyminiszt\u00e9rium munkaer\u0151piac\u00e9rt \u00e9s v\u00e1llalati kapcsolatok\u00e9rt felel\u0151s helyettes \u00e1llamtitk\u00e1ra az M1 aktu\u00e1lis csatorn\u00e1n kedden. <\/strong><\/p>\n<p style=\"text-align: justify;\">Marczink\u00f3 Zolt\u00e1n elmondta: a p\u00e1ly\u00e1zatra december 15-ig k\u00e9t kateg\u00f3ri\u00e1ban &#8211; a 100-n\u00e1l kevesebb dolgoz\u00f3t, illetve a 100-n\u00e1l t\u00f6bbet foglalkoztat\u00f3 &#8211; v\u00e1llalkoz\u00e1sok p\u00e1ly\u00e1zhatnak. A nyertes az Eur\u00f3pai Uni\u00f3 Munkav\u00e9delmi \u00dcgyn\u00f6ks\u00e9g\u00e9nek k\u00f6zelg\u0151 konferenci\u00e1j\u00e1n mutathatja be p\u00e1ly\u00e1zat\u00e1t. A p\u00e1ly\u00e1zat c\u00e9lja, hogy a v\u00e1llalkoz\u00f3k olyan fenntarthat\u00f3, egyszer\u0171, \u00e1tl\u00e1that\u00f3 \u00e9s mintak\u00e9nt szolg\u00e1l\u00f3 gyakorlatokat osszanak meg, amelyek b\u00e1rmelyik c\u00e9gn\u00e9l k\u00f6nnyen bevezethet\u0151k.<\/p>\n<p style=\"text-align: justify;\">Kiemelte: a miniszt\u00e9rium arra k\u00e9ri az eg\u00e9szs\u00e9g\u00fcgyi kock\u00e1zattal j\u00e1r\u00f3 munk\u00e1kat v\u00e9geztet\u0151 c\u00e9geket, hogy tarts\u00e1k be a 2017-ben meg\u00faj\u00edtott munkav\u00e9delmi szab\u00e1lyokat.\u00a0 A helyettes \u00e1llamtitk\u00e1r r\u00e1mutatott: a k\u00e1ros munkahelyi k\u00f6rnyezet szinte mindenkit \u00e9rint, azonban a faiparban, a f\u00e9m- \u00e9s m\u0171anyagfeldolgoz\u00e1sban, illetve a vegyiparban dolgoz\u00f3k fokozott vesz\u00e9lynek vannak kit\u00e9ve.<\/p>\n<p>&nbsp;<\/p>\n<p><em>Forr\u00e1s: profitline.hu<\/em><\/p>\n","protected":false},"excerpt":{"rendered":"<p>Helyes gyakorlat d\u00edj c\u00edmmel, a vesz\u00e9lyes anyagok helyes munkahelyi kezel\u00e9s\u00e9re, k\u00f6vetend\u0151, j\u00f3 \u00e9s saj\u00e1t megold\u00e1sokkal rendelkez\u0151 c\u00e9gek sz\u00e1m\u00e1ra hirdet p\u00e1ly\u00e1zatot a P\u00e9nz\u00fcgyminiszt\u00e9rium \u00e9s az Eur\u00f3pai Uni\u00f3 Munkav\u00e9delmi \u00dcgyn\u00f6ks\u00e9ge (EU-OSHA) \u2013 jelentette be a P\u00e9nz\u00fcgyminiszt\u00e9rium munkaer\u0151piac\u00e9rt \u00e9s v\u00e1llalati kapcsolatok\u00e9rt felel\u0151s helyettes \u00e1llamtitk\u00e1ra az M1 aktu\u00e1lis csatorn\u00e1n kedden. Marczink\u00f3 Zolt\u00e1n elmondta: a p\u00e1ly\u00e1zatra december 15-ig k\u00e9t kateg\u00f3ri\u00e1ban [&hellip;]<\/p>\n","protected":false},"author":1,"featured_media":2170,"comment_status":"open","ping_status":"open","sticky":false,"template":"","format":"standard","meta":{"_monsterinsights_skip_tracking":false,"_monsterinsights_sitenote_active":false,"_monsterinsights_sitenote_note":"","_monsterinsights_sitenote_category":0,"footnotes":""},"categories":[198],"tags":[],"class_list":["post-2169","post","type-post","status-publish","format-standard","has-post-thumbnail","hentry","category-gazdasag"],"aioseo_notices":[],"_links":{"self":[{"href":"https:\/\/allasorias.hu\/hirek\/wp-json\/wp\/v2\/posts\/2169","targetHints":{"allow":["GET"]}}],"collection":[{"href":"https:\/\/allasorias.hu\/hirek\/wp-json\/wp\/v2\/posts"}],"about":[{"href":"https:\/\/allasorias.hu\/hirek\/wp-json\/wp\/v2\/types\/post"}],"author":[{"embeddable":true,"href":"https:\/\/allasorias.hu\/hirek\/wp-json\/wp\/v2\/users\/1"}],"replies":[{"embeddable":true,"href":"https:\/\/allasorias.hu\/hirek\/wp-json\/wp\/v2\/comments?post=2169"}],"version-history":[{"count":1,"href":"https:\/\/allasorias.hu\/hirek\/wp-json\/wp\/v2\/posts\/2169\/revisions"}],"predecessor-version":[{"id":2171,"href":"https:\/\/allasorias.hu\/hirek\/wp-json\/wp\/v2\/posts\/2169\/revisions\/2171"}],"wp:featuredmedia":[{"embeddable":true,"href":"https:\/\/allasorias.hu\/hirek\/wp-json\/wp\/v2\/media\/2170"}],"wp:attachment":[{"href":"https:\/\/allasorias.hu\/hirek\/wp-json\/wp\/v2\/media?parent=2169"}],"wp:term":[{"taxonomy":"category","embeddable":true,"href":"https:\/\/allasorias.hu\/hirek\/wp-json\/wp\/v2\/categories?post=2169"},{"taxonomy":"post_tag","embeddable":true,"href":"https:\/\/allasorias.hu\/hirek\/wp-json\/wp\/v2\/tags?post=2169"}],"curies":[{"name":"wp","href":"https:\/\/api.w.org\/{rel}","templated":true}]}}