{"id":2166,"date":"2018-11-13T14:32:40","date_gmt":"2018-11-13T14:32:40","guid":{"rendered":"https:\/\/allasorias.hu\/hirek\/?p=2166"},"modified":"2018-11-13T14:32:40","modified_gmt":"2018-11-13T14:32:40","slug":"elfogadtak-az-uj-adocsomagot","status":"publish","type":"post","link":"https:\/\/allasorias.hu\/hirek\/elfogadtak-az-uj-adocsomagot\/","title":{"rendered":"Elfogadt\u00e1k az \u00faj ad\u00f3csomagot"},"content":{"rendered":"<p style=\"text-align: justify;\"><strong>A Parlament elfogadta az \u00faj ad\u00f3csomagot, mely szerint egyebek mellett 8 milli\u00f3 forintr\u00f3l 12 milli\u00f3 forintra emelik az egy\u00e9ni v\u00e1llalkoz\u00e1sok alanyi ad\u00f3mentess\u00e9g\u00e9nek \u00e9rt\u00e9khat\u00e1r\u00e1t, tov\u00e1bb\u00e1 2023 v\u00e9g\u00e9ig meghosszabb\u00edtott\u00e1k\u00a0 a kedvezm\u00e9nyes, 5 sz\u00e1zal\u00e9kos \u00e1fakulcs alkalmaz\u00e1s\u00e1t azon \u00faj lak\u00f3ingatlanok \u00e9rt\u00e9kes\u00edt\u00e9sekor, amelyek id\u00e9n november 1-j\u00e9n v\u00e9gleges \u00e9p\u00edt\u00e9si enged\u00e9llyel rendelkeztek.<\/strong><\/p>\n<p style=\"text-align: justify;\">A kedvezm\u00e9nyes ad\u00f3m\u00e9rt\u00e9k a v\u00e1ltoztat\u00e1st k\u00f6vet\u0151en az ingatlan legk\u00e9s\u0151bb 2023. december 31-\u00e9n t\u00f6rt\u00e9n\u0151 \u00e9t\u00e9kes\u00edt\u00e9s\u00e9ig alkalmazhat\u00f3.\u00a0 A most elfogadott m\u00f3dos\u00edt\u00e1s a fentieken k\u00edv\u00fcl k\u00fcl\u00f6n fejezetet tartalmaz a j\u00f6v\u0151 \u00e9v elej\u00e9t\u0151l hat\u00e1lyba l\u00e9p\u0151 kedvezm\u00e9nynek az \u00faj szoci\u00e1lis hozz\u00e1j\u00e1rul\u00e1si ad\u00f3t \u00e9s a szakk\u00e9pz\u00e9si hozz\u00e1j\u00e1rul\u00e1st \u00e9rint\u0151en, amely a k\u00f6zigazgat\u00e1sb\u00f3l elbocs\u00e1tott, v\u00e9dett korban l\u00e9v\u0151 szem\u00e9lyek elhelyezked\u00e9s\u00e9t seg\u00edti. A kedvezm\u00e9ny \u00e9rtelm\u00e9ben a munk\u00e1ltat\u00f3k &#8211; a minim\u00e1lb\u00e9r n\u00e9gyszeres\u00e9nek erej\u00e9ig &#8211; a szoci\u00e1lis hozz\u00e1j\u00e1rul\u00e1si ad\u00f3 m\u00e9rt\u00e9k\u00e9vel meg\u00e1llap\u00edtott \u00f6sszeggel egyenl\u0151 kedvezm\u00e9nyt vehetnek ig\u00e9nybe a 60. \u00e9let\u00e9v\u00e9t bet\u00f6lt\u00f6tt, k\u00f6zigazgat\u00e1sb\u00f3l elbocs\u00e1tott munkav\u00e1llal\u00f3k ut\u00e1n.<\/p>\n<p style=\"text-align: justify;\">Az elfogadott \u00faj ad\u00f3csomagban szerepel, hogy k\u00f6telez\u0151 ellen\u0151rz\u00e9st kell v\u00e9geznie az ad\u00f3hat\u00f3s\u00e1gnak a tart\u00f3san vesztes\u00e9gesen m\u0171k\u00f6d\u0151, k\u00e9t egym\u00e1st k\u00f6vet\u0151 \u00fczleti \u00e9vben 60 milli\u00e1rd forintot meghalad\u00f3 nett\u00f3 \u00e1rbev\u00e9telt el\u00e9r\u0151 c\u00e9gekn\u00e9l, mivel ezekben az esetekben fokozottabban mer\u00fcl fel az ad\u00f3elker\u00fcl\u00e9s vesz\u00e9lye. A k\u00f6telez\u0151 ellen\u0151rz\u00e9s ugyanakkor nem vonatkozik a jogel\u0151d n\u00e9lk\u00fcl indul\u00f3 v\u00e1llalkoz\u00e1sokra az els\u0151 n\u00e9gy \u00fczleti \u00e9v\u00fckben. A k\u00e9pvisel\u0151k a bankad\u00f3 fels\u0151 kulcs\u00e1t 0,21 sz\u00e1zal\u00e9kr\u00f3l 0,2 sz\u00e1zal\u00e9kra cs\u00f6kkentett\u00e9k \u00f6sszhangban az Eur\u00f3pai \u00dajj\u00e1\u00e9p\u00edt\u00e9si \u00e9s Fejleszt\u00e9si Bankkal k\u00f6t\u00f6tt kor\u00e1bbi meg\u00e1llapod\u00e1ssal. A v\u00e1ltoztat\u00e1sok lehet\u0151v\u00e9 tett\u00e9k m\u00e9g, hogy a j\u00f6v\u0151ben jellemz\u0151en munkab\u00e9rk\u00e9nt ad\u00f3z\u00f3 cafeteria juttat\u00e1sok \u00e9rt\u00e9ke ne m\u00f3dos\u00edtsa \u00fagy a munk\u00e1\u00e9rt j\u00e1r\u00f3 j\u00f6vedelem ad\u00f3alapj\u00e1t, hogy azzal a munk\u00e1ltat\u00f3 rosszabbul j\u00e1r. A mag\u00e1nc\u00e9lra is haszn\u00e1lt c\u00e9ges szem\u00e9lyg\u00e9pkocsik eset\u00e9ben bevezett\u00e9k az 50 sz\u00e1zal\u00e9kos mag\u00e1nhaszn\u00e1lat v\u00e9lelm\u00e9t, amelynek ig\u00e9nyl\u00e9s\u00e9vel az \u00e9rintetteknek nem kell vezetni\u00fck a jelent\u0151s adminisztr\u00e1ci\u00f3s terhet jelent\u0151 \u00fatnyilv\u00e1ntart\u00e1st. A Parlament 10 milli\u00f3 forintos \u00f6sszegkorl\u00e1tot hat\u00e1rozott meg arra a lak\u00e1shitelre, amely ut\u00e1n a munk\u00e1ltat\u00f3nak nem kell kamatkedvezm\u00e9nyb\u0151l sz\u00e1rmaz\u00f3 j\u00f6vedelmet meg\u00e1llap\u00edtania. Emellett elt\u00f6r\u00f6lt\u00e9k a felt\u00e9telrendszerb\u0151l a m\u00e9lt\u00e1nyolhat\u00f3 lak\u00e1sig\u00e9ny k\u00f6vetelm\u00e9ny\u00e9t. Az ad\u00f3csomag kib\u0151v\u00edtette az ad\u00f3hat\u00f3s\u00e1g hat\u00e1sk\u00f6r\u00e9t is, amely \u00edgy 2019-t\u0151l \u00e1tveszi a t\u00f6rv\u00e9nysz\u00e9ki v\u00e9grehajt\u00e1s feladatait.<\/p>\n<p><em>Forr\u00e1s:privatbankar.hu<\/em><\/p>\n","protected":false},"excerpt":{"rendered":"<p>A Parlament elfogadta az \u00faj ad\u00f3csomagot, mely szerint egyebek mellett 8 milli\u00f3 forintr\u00f3l 12 milli\u00f3 forintra emelik az egy\u00e9ni v\u00e1llalkoz\u00e1sok alanyi ad\u00f3mentess\u00e9g\u00e9nek \u00e9rt\u00e9khat\u00e1r\u00e1t, tov\u00e1bb\u00e1 2023 v\u00e9g\u00e9ig meghosszabb\u00edtott\u00e1k\u00a0 a kedvezm\u00e9nyes, 5 sz\u00e1zal\u00e9kos \u00e1fakulcs alkalmaz\u00e1s\u00e1t azon \u00faj lak\u00f3ingatlanok \u00e9rt\u00e9kes\u00edt\u00e9sekor, amelyek id\u00e9n november 1-j\u00e9n v\u00e9gleges \u00e9p\u00edt\u00e9si enged\u00e9llyel rendelkeztek. A kedvezm\u00e9nyes ad\u00f3m\u00e9rt\u00e9k a v\u00e1ltoztat\u00e1st k\u00f6vet\u0151en az ingatlan legk\u00e9s\u0151bb 2023. [&hellip;]<\/p>\n","protected":false},"author":1,"featured_media":2167,"comment_status":"open","ping_status":"open","sticky":false,"template":"","format":"standard","meta":{"_monsterinsights_skip_tracking":false,"footnotes":""},"categories":[198],"tags":[],"class_list":["post-2166","post","type-post","status-publish","format-standard","has-post-thumbnail","hentry","category-gazdasag"],"aioseo_notices":[],"aioseo_head":"\n\t\t<!-- All in One SEO 5.0.0.1 - aioseo.com -->\n\t<meta name=\"description\" content=\"A Parlament elfogadta az \u00faj ad\u00f3csomagot, mely szerint egyebek mellett 8 milli\u00f3 forintr\u00f3l 12 milli\u00f3 forintra emelik az egy\u00e9ni v\u00e1llalkoz\u00e1sok alanyi ad\u00f3mentess\u00e9g\u00e9nek \u00e9rt\u00e9khat\u00e1r\u00e1t, tov\u00e1bb\u00e1 2023 v\u00e9g\u00e9ig meghosszabb\u00edtott\u00e1k a kedvezm\u00e9nyes, 5 sz\u00e1zal\u00e9kos \u00e1fakulcs alkalmaz\u00e1s\u00e1t azon \u00faj lak\u00f3ingatlanok \u00e9rt\u00e9kes\u00edt\u00e9sekor, amelyek id\u00e9n november 1-j\u00e9n v\u00e9gleges \u00e9p\u00edt\u00e9si enged\u00e9llyel rendelkeztek. A kedvezm\u00e9nyes ad\u00f3m\u00e9rt\u00e9k a v\u00e1ltoztat\u00e1st k\u00f6vet\u0151en az ingatlan legk\u00e9s\u0151bb 2023.\" \/>\n\t<meta name=\"robots\" content=\"max-image-preview:large\" \/>\n\t<meta name=\"author\" content=\"Juh\u00e1sz P\u00e9ter\"\/>\n\t<link rel=\"canonical\" href=\"https:\/\/allasorias.hu\/hirek\/elfogadtak-az-uj-adocsomagot\/\" \/>\n\t<meta name=\"generator\" content=\"All in One SEO (AIOSEO) 5.0.0.1\" \/>\n\t\t<meta property=\"og:locale\" content=\"hu_HU\" \/>\n\t\t<meta property=\"og:site_name\" content=\"AllasOrias.hu | H\u00edrek-lapszemle | \u00dczleti h\u00edrek az \u00e1ll\u00e1s \u00e9s a munka vil\u00e1g\u00e1b\u00f3l\" \/>\n\t\t<meta property=\"og:type\" content=\"article\" \/>\n\t\t<meta property=\"og:title\" content=\"Elfogadt\u00e1k az \u00faj ad\u00f3csomagot | AllasOrias.hu | H\u00edrek-lapszemle\" \/>\n\t\t<meta property=\"og:description\" content=\"A Parlament elfogadta az \u00faj ad\u00f3csomagot, mely szerint egyebek mellett 8 milli\u00f3 forintr\u00f3l 12 milli\u00f3 forintra emelik az egy\u00e9ni v\u00e1llalkoz\u00e1sok alanyi ad\u00f3mentess\u00e9g\u00e9nek \u00e9rt\u00e9khat\u00e1r\u00e1t, tov\u00e1bb\u00e1 2023 v\u00e9g\u00e9ig meghosszabb\u00edtott\u00e1k a kedvezm\u00e9nyes, 5 sz\u00e1zal\u00e9kos \u00e1fakulcs alkalmaz\u00e1s\u00e1t azon \u00faj lak\u00f3ingatlanok \u00e9rt\u00e9kes\u00edt\u00e9sekor, amelyek id\u00e9n november 1-j\u00e9n v\u00e9gleges \u00e9p\u00edt\u00e9si enged\u00e9llyel rendelkeztek. A kedvezm\u00e9nyes ad\u00f3m\u00e9rt\u00e9k a v\u00e1ltoztat\u00e1st k\u00f6vet\u0151en az ingatlan legk\u00e9s\u0151bb 2023.\" \/>\n\t\t<meta property=\"og:url\" content=\"https:\/\/allasorias.hu\/hirek\/elfogadtak-az-uj-adocsomagot\/\" \/>\n\t\t<meta property=\"og:image\" content=\"https:\/\/allasorias.hu\/hirek\/wp-content\/uploads\/2018\/11\/kon2015.jpg\" \/>\n\t\t<meta property=\"og:image:secure_url\" content=\"https:\/\/allasorias.hu\/hirek\/wp-content\/uploads\/2018\/11\/kon2015.jpg\" \/>\n\t\t<meta property=\"og:image:width\" content=\"1200\" \/>\n\t\t<meta property=\"og:image:height\" content=\"800\" \/>\n\t\t<meta property=\"article:published_time\" content=\"2018-11-13T14:32:40+00:00\" \/>\n\t\t<meta property=\"article:modified_time\" content=\"2018-11-13T14:32:40+00:00\" \/>\n\t\t<meta property=\"article:publisher\" content=\"https:\/\/www.facebook.com\/allasorias\" \/>\n\t\t<meta name=\"twitter:card\" content=\"summary_large_image\" \/>\n\t\t<meta name=\"twitter:title\" content=\"Elfogadt\u00e1k az \u00faj ad\u00f3csomagot | AllasOrias.hu | H\u00edrek-lapszemle\" \/>\n\t\t<meta name=\"twitter:description\" content=\"A Parlament elfogadta az \u00faj ad\u00f3csomagot, mely szerint egyebek mellett 8 milli\u00f3 forintr\u00f3l 12 milli\u00f3 forintra emelik az egy\u00e9ni v\u00e1llalkoz\u00e1sok alanyi ad\u00f3mentess\u00e9g\u00e9nek \u00e9rt\u00e9khat\u00e1r\u00e1t, tov\u00e1bb\u00e1 2023 v\u00e9g\u00e9ig meghosszabb\u00edtott\u00e1k a kedvezm\u00e9nyes, 5 sz\u00e1zal\u00e9kos \u00e1fakulcs alkalmaz\u00e1s\u00e1t azon \u00faj lak\u00f3ingatlanok \u00e9rt\u00e9kes\u00edt\u00e9sekor, amelyek id\u00e9n november 1-j\u00e9n v\u00e9gleges \u00e9p\u00edt\u00e9si enged\u00e9llyel rendelkeztek. A kedvezm\u00e9nyes ad\u00f3m\u00e9rt\u00e9k a v\u00e1ltoztat\u00e1st k\u00f6vet\u0151en az ingatlan legk\u00e9s\u0151bb 2023.\" \/>\n\t\t<meta name=\"twitter:image\" content=\"https:\/\/allasorias.hu\/hirek\/wp-content\/uploads\/2018\/11\/kon2015.jpg\" \/>\n\t\t<meta name=\"twitter:label1\" content=\"Written by\" \/>\n\t\t<meta name=\"twitter:data1\" content=\"Juh\u00e1sz P\u00e9ter\" \/>\n\t\t<meta name=\"twitter:label2\" content=\"Est. reading time\" \/>\n\t\t<meta name=\"twitter:data2\" content=\"3 minutes\" \/>\n\t\t<script type=\"application\/ld+json\" class=\"aioseo-schema\">\n\t\t\t{\"@context\":\"https:\\\/\\\/schema.org\",\"@graph\":[{\"@type\":\"Article\",\"@id\":\"https:\\\/\\\/allasorias.hu\\\/hirek\\\/elfogadtak-az-uj-adocsomagot\\\/#article\",\"name\":\"Elfogadt\\u00e1k az \\u00faj ad\\u00f3csomagot | AllasOrias.hu | H\\u00edrek-lapszemle\",\"headline\":\"Elfogadt\\u00e1k az \\u00faj ad\\u00f3csomagot\",\"author\":{\"@id\":\"https:\\\/\\\/allasorias.hu\\\/hirek\\\/author\\\/admin-allasorias\\\/#author\"},\"publisher\":{\"@id\":\"https:\\\/\\\/allasorias.hu\\\/hirek\\\/#organization\"},\"image\":{\"@type\":\"ImageObject\",\"url\":\"https:\\\/\\\/allasorias.hu\\\/hirek\\\/wp-content\\\/uploads\\\/2018\\\/11\\\/kon2015.jpg\",\"width\":1200,\"height\":800,\"caption\":\"tax preparation service\"},\"datePublished\":\"2018-11-13T14:32:40+02:00\",\"dateModified\":\"2018-11-13T14:32:40+02:00\",\"inLanguage\":\"hu-HU\",\"mainEntityOfPage\":{\"@id\":\"https:\\\/\\\/allasorias.hu\\\/hirek\\\/elfogadtak-az-uj-adocsomagot\\\/#webpage\"},\"isPartOf\":{\"@id\":\"https:\\\/\\\/allasorias.hu\\\/hirek\\\/elfogadtak-az-uj-adocsomagot\\\/#webpage\"},\"articleSection\":\"Gazdas\\u00e1g\"},{\"@type\":\"BreadcrumbList\",\"@id\":\"https:\\\/\\\/allasorias.hu\\\/hirek\\\/elfogadtak-az-uj-adocsomagot\\\/#breadcrumblist\",\"itemListElement\":[{\"@type\":\"ListItem\",\"@id\":\"https:\\\/\\\/allasorias.hu\\\/hirek#listItem\",\"position\":1,\"name\":\"Home\",\"item\":\"https:\\\/\\\/allasorias.hu\\\/hirek\",\"nextItem\":{\"@type\":\"ListItem\",\"@id\":\"https:\\\/\\\/allasorias.hu\\\/hirek\\\/temak\\\/gazdasag\\\/#listItem\",\"name\":\"Gazdas\\u00e1g\"}},{\"@type\":\"ListItem\",\"@id\":\"https:\\\/\\\/allasorias.hu\\\/hirek\\\/temak\\\/gazdasag\\\/#listItem\",\"position\":2,\"name\":\"Gazdas\\u00e1g\",\"item\":\"https:\\\/\\\/allasorias.hu\\\/hirek\\\/temak\\\/gazdasag\\\/\",\"nextItem\":{\"@type\":\"ListItem\",\"@id\":\"https:\\\/\\\/allasorias.hu\\\/hirek\\\/elfogadtak-az-uj-adocsomagot\\\/#listItem\",\"name\":\"Elfogadt\\u00e1k az \\u00faj ad\\u00f3csomagot\"},\"previousItem\":{\"@type\":\"ListItem\",\"@id\":\"https:\\\/\\\/allasorias.hu\\\/hirek#listItem\",\"name\":\"Home\"}},{\"@type\":\"ListItem\",\"@id\":\"https:\\\/\\\/allasorias.hu\\\/hirek\\\/elfogadtak-az-uj-adocsomagot\\\/#listItem\",\"position\":3,\"name\":\"Elfogadt\\u00e1k az \\u00faj ad\\u00f3csomagot\",\"previousItem\":{\"@type\":\"ListItem\",\"@id\":\"https:\\\/\\\/allasorias.hu\\\/hirek\\\/temak\\\/gazdasag\\\/#listItem\",\"name\":\"Gazdas\\u00e1g\"}}]},{\"@type\":\"Organization\",\"@id\":\"https:\\\/\\\/allasorias.hu\\\/hirek\\\/#organization\",\"name\":\"AllasOrias.hu | H\\u00edrek-lapszemle\",\"description\":\"\\u00dczleti h\\u00edrek az \\u00e1ll\\u00e1s \\u00e9s a munka vil\\u00e1g\\u00e1b\\u00f3l\",\"url\":\"https:\\\/\\\/allasorias.hu\\\/hirek\\\/\",\"logo\":{\"@type\":\"ImageObject\",\"url\":\"https:\\\/\\\/allasorias.hu\\\/hirek\\\/wp-content\\\/uploads\\\/2022\\\/10\\\/allasorias_site_facebok_logo.png\",\"@id\":\"https:\\\/\\\/allasorias.hu\\\/hirek\\\/elfogadtak-az-uj-adocsomagot\\\/#organizationLogo\"},\"image\":{\"@id\":\"https:\\\/\\\/allasorias.hu\\\/hirek\\\/elfogadtak-az-uj-adocsomagot\\\/#organizationLogo\"},\"sameAs\":[\"https:\\\/\\\/www.facebook.com\\\/allasorias\",\"https:\\\/\\\/www.linkedin.com\\\/company\\\/allasorias\"]},{\"@type\":\"Person\",\"@id\":\"https:\\\/\\\/allasorias.hu\\\/hirek\\\/author\\\/admin-allasorias\\\/#author\",\"url\":\"https:\\\/\\\/allasorias.hu\\\/hirek\\\/author\\\/admin-allasorias\\\/\",\"name\":\"Juh\\u00e1sz P\\u00e9ter\",\"image\":{\"@type\":\"ImageObject\",\"@id\":\"https:\\\/\\\/allasorias.hu\\\/hirek\\\/elfogadtak-az-uj-adocsomagot\\\/#authorImage\",\"url\":\"https:\\\/\\\/secure.gravatar.com\\\/avatar\\\/36e6bcb83148978b992977cb0f54d22feb0cce8a0a849a9410532bb2623ba4c6?s=96&d=mm&r=g\",\"width\":96,\"height\":96,\"caption\":\"Juh\\u00e1sz P\\u00e9ter\"}},{\"@type\":\"WebPage\",\"@id\":\"https:\\\/\\\/allasorias.hu\\\/hirek\\\/elfogadtak-az-uj-adocsomagot\\\/#webpage\",\"url\":\"https:\\\/\\\/allasorias.hu\\\/hirek\\\/elfogadtak-az-uj-adocsomagot\\\/\",\"name\":\"Elfogadt\\u00e1k az \\u00faj ad\\u00f3csomagot | AllasOrias.hu | H\\u00edrek-lapszemle\",\"description\":\"A Parlament elfogadta az \\u00faj ad\\u00f3csomagot, mely szerint egyebek mellett 8 milli\\u00f3 forintr\\u00f3l 12 milli\\u00f3 forintra emelik az egy\\u00e9ni v\\u00e1llalkoz\\u00e1sok alanyi ad\\u00f3mentess\\u00e9g\\u00e9nek \\u00e9rt\\u00e9khat\\u00e1r\\u00e1t, tov\\u00e1bb\\u00e1 2023 v\\u00e9g\\u00e9ig meghosszabb\\u00edtott\\u00e1k a kedvezm\\u00e9nyes, 5 sz\\u00e1zal\\u00e9kos \\u00e1fakulcs alkalmaz\\u00e1s\\u00e1t azon \\u00faj lak\\u00f3ingatlanok \\u00e9rt\\u00e9kes\\u00edt\\u00e9sekor, amelyek id\\u00e9n november 1-j\\u00e9n v\\u00e9gleges \\u00e9p\\u00edt\\u00e9si enged\\u00e9llyel rendelkeztek. A kedvezm\\u00e9nyes ad\\u00f3m\\u00e9rt\\u00e9k a v\\u00e1ltoztat\\u00e1st k\\u00f6vet\\u0151en az ingatlan legk\\u00e9s\\u0151bb 2023.\",\"inLanguage\":\"hu-HU\",\"isPartOf\":{\"@id\":\"https:\\\/\\\/allasorias.hu\\\/hirek\\\/#website\"},\"breadcrumb\":{\"@id\":\"https:\\\/\\\/allasorias.hu\\\/hirek\\\/elfogadtak-az-uj-adocsomagot\\\/#breadcrumblist\"},\"author\":{\"@id\":\"https:\\\/\\\/allasorias.hu\\\/hirek\\\/author\\\/admin-allasorias\\\/#author\"},\"creator\":{\"@id\":\"https:\\\/\\\/allasorias.hu\\\/hirek\\\/author\\\/admin-allasorias\\\/#author\"},\"image\":{\"@type\":\"ImageObject\",\"url\":\"https:\\\/\\\/allasorias.hu\\\/hirek\\\/wp-content\\\/uploads\\\/2018\\\/11\\\/kon2015.jpg\",\"@id\":\"https:\\\/\\\/allasorias.hu\\\/hirek\\\/elfogadtak-az-uj-adocsomagot\\\/#mainImage\",\"width\":1200,\"height\":800,\"caption\":\"tax preparation service\"},\"primaryImageOfPage\":{\"@id\":\"https:\\\/\\\/allasorias.hu\\\/hirek\\\/elfogadtak-az-uj-adocsomagot\\\/#mainImage\"},\"datePublished\":\"2018-11-13T14:32:40+02:00\",\"dateModified\":\"2018-11-13T14:32:40+02:00\"},{\"@type\":\"WebSite\",\"@id\":\"https:\\\/\\\/allasorias.hu\\\/hirek\\\/#website\",\"url\":\"https:\\\/\\\/allasorias.hu\\\/hirek\\\/\",\"name\":\"AllasOrias.hu | H\\u00edrek-lapszemle\",\"description\":\"\\u00dczleti h\\u00edrek az \\u00e1ll\\u00e1s \\u00e9s a munka vil\\u00e1g\\u00e1b\\u00f3l\",\"inLanguage\":\"hu-HU\",\"publisher\":{\"@id\":\"https:\\\/\\\/allasorias.hu\\\/hirek\\\/#organization\"}}]}\n\t\t<\/script>\n\t\t<!-- All in One SEO -->\n\n","aioseo_head_json":{"title":"Elfogadt\u00e1k az \u00faj ad\u00f3csomagot | AllasOrias.hu | H\u00edrek-lapszemle","description":"A Parlament elfogadta az \u00faj ad\u00f3csomagot, mely szerint egyebek mellett 8 milli\u00f3 forintr\u00f3l 12 milli\u00f3 forintra emelik az egy\u00e9ni v\u00e1llalkoz\u00e1sok alanyi ad\u00f3mentess\u00e9g\u00e9nek \u00e9rt\u00e9khat\u00e1r\u00e1t, tov\u00e1bb\u00e1 2023 v\u00e9g\u00e9ig meghosszabb\u00edtott\u00e1k a kedvezm\u00e9nyes, 5 sz\u00e1zal\u00e9kos \u00e1fakulcs alkalmaz\u00e1s\u00e1t azon \u00faj lak\u00f3ingatlanok \u00e9rt\u00e9kes\u00edt\u00e9sekor, amelyek id\u00e9n november 1-j\u00e9n v\u00e9gleges \u00e9p\u00edt\u00e9si enged\u00e9llyel rendelkeztek. A kedvezm\u00e9nyes ad\u00f3m\u00e9rt\u00e9k a v\u00e1ltoztat\u00e1st k\u00f6vet\u0151en az ingatlan legk\u00e9s\u0151bb 2023.","canonical_url":"https:\/\/allasorias.hu\/hirek\/elfogadtak-az-uj-adocsomagot\/","robots":"max-image-preview:large","keywords":"","webmasterTools":{"miscellaneous":""},"schema":{"@context":"https:\/\/schema.org","@graph":[{"@type":"Article","@id":"https:\/\/allasorias.hu\/hirek\/elfogadtak-az-uj-adocsomagot\/#article","name":"Elfogadt\u00e1k az \u00faj ad\u00f3csomagot | AllasOrias.hu | H\u00edrek-lapszemle","headline":"Elfogadt\u00e1k az \u00faj ad\u00f3csomagot","author":{"@id":"https:\/\/allasorias.hu\/hirek\/author\/admin-allasorias\/#author"},"publisher":{"@id":"https:\/\/allasorias.hu\/hirek\/#organization"},"image":{"@type":"ImageObject","url":"https:\/\/allasorias.hu\/hirek\/wp-content\/uploads\/2018\/11\/kon2015.jpg","width":1200,"height":800,"caption":"tax preparation service"},"datePublished":"2018-11-13T14:32:40+02:00","dateModified":"2018-11-13T14:32:40+02:00","inLanguage":"hu-HU","mainEntityOfPage":{"@id":"https:\/\/allasorias.hu\/hirek\/elfogadtak-az-uj-adocsomagot\/#webpage"},"isPartOf":{"@id":"https:\/\/allasorias.hu\/hirek\/elfogadtak-az-uj-adocsomagot\/#webpage"},"articleSection":"Gazdas\u00e1g"},{"@type":"BreadcrumbList","@id":"https:\/\/allasorias.hu\/hirek\/elfogadtak-az-uj-adocsomagot\/#breadcrumblist","itemListElement":[{"@type":"ListItem","@id":"https:\/\/allasorias.hu\/hirek#listItem","position":1,"name":"Home","item":"https:\/\/allasorias.hu\/hirek","nextItem":{"@type":"ListItem","@id":"https:\/\/allasorias.hu\/hirek\/temak\/gazdasag\/#listItem","name":"Gazdas\u00e1g"}},{"@type":"ListItem","@id":"https:\/\/allasorias.hu\/hirek\/temak\/gazdasag\/#listItem","position":2,"name":"Gazdas\u00e1g","item":"https:\/\/allasorias.hu\/hirek\/temak\/gazdasag\/","nextItem":{"@type":"ListItem","@id":"https:\/\/allasorias.hu\/hirek\/elfogadtak-az-uj-adocsomagot\/#listItem","name":"Elfogadt\u00e1k az \u00faj ad\u00f3csomagot"},"previousItem":{"@type":"ListItem","@id":"https:\/\/allasorias.hu\/hirek#listItem","name":"Home"}},{"@type":"ListItem","@id":"https:\/\/allasorias.hu\/hirek\/elfogadtak-az-uj-adocsomagot\/#listItem","position":3,"name":"Elfogadt\u00e1k az \u00faj ad\u00f3csomagot","previousItem":{"@type":"ListItem","@id":"https:\/\/allasorias.hu\/hirek\/temak\/gazdasag\/#listItem","name":"Gazdas\u00e1g"}}]},{"@type":"Organization","@id":"https:\/\/allasorias.hu\/hirek\/#organization","name":"AllasOrias.hu | H\u00edrek-lapszemle","description":"\u00dczleti h\u00edrek az \u00e1ll\u00e1s \u00e9s a munka vil\u00e1g\u00e1b\u00f3l","url":"https:\/\/allasorias.hu\/hirek\/","logo":{"@type":"ImageObject","url":"https:\/\/allasorias.hu\/hirek\/wp-content\/uploads\/2022\/10\/allasorias_site_facebok_logo.png","@id":"https:\/\/allasorias.hu\/hirek\/elfogadtak-az-uj-adocsomagot\/#organizationLogo"},"image":{"@id":"https:\/\/allasorias.hu\/hirek\/elfogadtak-az-uj-adocsomagot\/#organizationLogo"},"sameAs":["https:\/\/www.facebook.com\/allasorias","https:\/\/www.linkedin.com\/company\/allasorias"]},{"@type":"Person","@id":"https:\/\/allasorias.hu\/hirek\/author\/admin-allasorias\/#author","url":"https:\/\/allasorias.hu\/hirek\/author\/admin-allasorias\/","name":"Juh\u00e1sz P\u00e9ter","image":{"@type":"ImageObject","@id":"https:\/\/allasorias.hu\/hirek\/elfogadtak-az-uj-adocsomagot\/#authorImage","url":"https:\/\/secure.gravatar.com\/avatar\/36e6bcb83148978b992977cb0f54d22feb0cce8a0a849a9410532bb2623ba4c6?s=96&d=mm&r=g","width":96,"height":96,"caption":"Juh\u00e1sz P\u00e9ter"}},{"@type":"WebPage","@id":"https:\/\/allasorias.hu\/hirek\/elfogadtak-az-uj-adocsomagot\/#webpage","url":"https:\/\/allasorias.hu\/hirek\/elfogadtak-az-uj-adocsomagot\/","name":"Elfogadt\u00e1k az \u00faj ad\u00f3csomagot | AllasOrias.hu | H\u00edrek-lapszemle","description":"A Parlament elfogadta az \u00faj ad\u00f3csomagot, mely szerint egyebek mellett 8 milli\u00f3 forintr\u00f3l 12 milli\u00f3 forintra emelik az egy\u00e9ni v\u00e1llalkoz\u00e1sok alanyi ad\u00f3mentess\u00e9g\u00e9nek \u00e9rt\u00e9khat\u00e1r\u00e1t, tov\u00e1bb\u00e1 2023 v\u00e9g\u00e9ig meghosszabb\u00edtott\u00e1k a kedvezm\u00e9nyes, 5 sz\u00e1zal\u00e9kos \u00e1fakulcs alkalmaz\u00e1s\u00e1t azon \u00faj lak\u00f3ingatlanok \u00e9rt\u00e9kes\u00edt\u00e9sekor, amelyek id\u00e9n november 1-j\u00e9n v\u00e9gleges \u00e9p\u00edt\u00e9si enged\u00e9llyel rendelkeztek. A kedvezm\u00e9nyes ad\u00f3m\u00e9rt\u00e9k a v\u00e1ltoztat\u00e1st k\u00f6vet\u0151en az ingatlan legk\u00e9s\u0151bb 2023.","inLanguage":"hu-HU","isPartOf":{"@id":"https:\/\/allasorias.hu\/hirek\/#website"},"breadcrumb":{"@id":"https:\/\/allasorias.hu\/hirek\/elfogadtak-az-uj-adocsomagot\/#breadcrumblist"},"author":{"@id":"https:\/\/allasorias.hu\/hirek\/author\/admin-allasorias\/#author"},"creator":{"@id":"https:\/\/allasorias.hu\/hirek\/author\/admin-allasorias\/#author"},"image":{"@type":"ImageObject","url":"https:\/\/allasorias.hu\/hirek\/wp-content\/uploads\/2018\/11\/kon2015.jpg","@id":"https:\/\/allasorias.hu\/hirek\/elfogadtak-az-uj-adocsomagot\/#mainImage","width":1200,"height":800,"caption":"tax preparation service"},"primaryImageOfPage":{"@id":"https:\/\/allasorias.hu\/hirek\/elfogadtak-az-uj-adocsomagot\/#mainImage"},"datePublished":"2018-11-13T14:32:40+02:00","dateModified":"2018-11-13T14:32:40+02:00"},{"@type":"WebSite","@id":"https:\/\/allasorias.hu\/hirek\/#website","url":"https:\/\/allasorias.hu\/hirek\/","name":"AllasOrias.hu | H\u00edrek-lapszemle","description":"\u00dczleti h\u00edrek az \u00e1ll\u00e1s \u00e9s a munka vil\u00e1g\u00e1b\u00f3l","inLanguage":"hu-HU","publisher":{"@id":"https:\/\/allasorias.hu\/hirek\/#organization"}}]},"og:locale":"hu_HU","og:site_name":"AllasOrias.hu | H\u00edrek-lapszemle | \u00dczleti h\u00edrek az \u00e1ll\u00e1s \u00e9s a munka vil\u00e1g\u00e1b\u00f3l","og:type":"article","og:title":"Elfogadt\u00e1k az \u00faj ad\u00f3csomagot | AllasOrias.hu | H\u00edrek-lapszemle","og:description":"A Parlament elfogadta az \u00faj ad\u00f3csomagot, mely szerint egyebek mellett 8 milli\u00f3 forintr\u00f3l 12 milli\u00f3 forintra emelik az egy\u00e9ni v\u00e1llalkoz\u00e1sok alanyi ad\u00f3mentess\u00e9g\u00e9nek \u00e9rt\u00e9khat\u00e1r\u00e1t, tov\u00e1bb\u00e1 2023 v\u00e9g\u00e9ig meghosszabb\u00edtott\u00e1k a kedvezm\u00e9nyes, 5 sz\u00e1zal\u00e9kos \u00e1fakulcs alkalmaz\u00e1s\u00e1t azon \u00faj lak\u00f3ingatlanok \u00e9rt\u00e9kes\u00edt\u00e9sekor, amelyek id\u00e9n november 1-j\u00e9n v\u00e9gleges \u00e9p\u00edt\u00e9si enged\u00e9llyel rendelkeztek. A kedvezm\u00e9nyes ad\u00f3m\u00e9rt\u00e9k a v\u00e1ltoztat\u00e1st k\u00f6vet\u0151en az ingatlan legk\u00e9s\u0151bb 2023.","og:url":"https:\/\/allasorias.hu\/hirek\/elfogadtak-az-uj-adocsomagot\/","og:image":"https:\/\/allasorias.hu\/hirek\/wp-content\/uploads\/2018\/11\/kon2015.jpg","og:image:secure_url":"https:\/\/allasorias.hu\/hirek\/wp-content\/uploads\/2018\/11\/kon2015.jpg","og:image:width":1200,"og:image:height":800,"article:published_time":"2018-11-13T14:32:40+00:00","article:modified_time":"2018-11-13T14:32:40+00:00","article:publisher":"https:\/\/www.facebook.com\/allasorias","twitter:card":"summary_large_image","twitter:title":"Elfogadt\u00e1k az \u00faj ad\u00f3csomagot | AllasOrias.hu | H\u00edrek-lapszemle","twitter:description":"A Parlament elfogadta az \u00faj ad\u00f3csomagot, mely szerint egyebek mellett 8 milli\u00f3 forintr\u00f3l 12 milli\u00f3 forintra emelik az egy\u00e9ni v\u00e1llalkoz\u00e1sok alanyi ad\u00f3mentess\u00e9g\u00e9nek \u00e9rt\u00e9khat\u00e1r\u00e1t, tov\u00e1bb\u00e1 2023 v\u00e9g\u00e9ig meghosszabb\u00edtott\u00e1k a kedvezm\u00e9nyes, 5 sz\u00e1zal\u00e9kos \u00e1fakulcs alkalmaz\u00e1s\u00e1t azon \u00faj lak\u00f3ingatlanok \u00e9rt\u00e9kes\u00edt\u00e9sekor, amelyek id\u00e9n november 1-j\u00e9n v\u00e9gleges \u00e9p\u00edt\u00e9si enged\u00e9llyel rendelkeztek. A kedvezm\u00e9nyes ad\u00f3m\u00e9rt\u00e9k a v\u00e1ltoztat\u00e1st k\u00f6vet\u0151en az ingatlan legk\u00e9s\u0151bb 2023.","twitter:image":"https:\/\/allasorias.hu\/hirek\/wp-content\/uploads\/2018\/11\/kon2015.jpg","twitter:label1":"Written by","twitter:data1":"Juh\u00e1sz P\u00e9ter","twitter:label2":"Est. reading time","twitter:data2":"3 minutes"},"aioseo_meta_data":{"post_id":"2166","title":null,"description":null,"keywords":null,"keyphrases":null,"primary_term":null,"canonical_url":null,"og_title":null,"og_description":null,"og_object_type":"default","og_image_type":"default","og_image_url":null,"og_image_width":null,"og_image_height":null,"og_image_custom_url":null,"og_image_custom_fields":null,"og_video":null,"og_custom_url":null,"og_article_section":null,"og_article_tags":null,"twitter_use_og":false,"twitter_card":"default","twitter_image_type":"default","twitter_image_url":null,"twitter_image_custom_url":null,"twitter_image_custom_fields":null,"twitter_title":null,"twitter_description":null,"schema":{"blockGraphs":[],"customGraphs":[],"default":{"data":{"Article":[],"Course":[],"Dataset":[],"FAQPage":[],"Movie":[],"Person":[],"Product":[],"ProductReview":[],"Car":[],"Recipe":[],"Service":[],"SoftwareApplication":[],"WebPage":[]},"graphName":"","isEnabled":true},"graphs":[]},"schema_type":null,"schema_type_options":null,"pillar_content":false,"robots_default":true,"robots_noindex":false,"robots_noarchive":false,"robots_nosnippet":false,"robots_nofollow":false,"robots_noimageindex":false,"robots_noodp":false,"robots_notranslate":false,"robots_max_snippet":null,"robots_max_videopreview":null,"robots_max_imagepreview":"large","priority":null,"frequency":null,"location":null,"local_seo":null,"breadcrumb_settings":null,"limit_modified_date":false,"ai":null,"created":"2021-02-01 20:44:59","updated":"2025-10-02 09:17:48","seo_analyzer_scan_date":null,"focus_keyword":null,"additional_keywords":null,"truseo_locale":null},"aioseo_breadcrumb":"<div class=\"aioseo-breadcrumbs\"><span class=\"aioseo-breadcrumb\">\n\t\t\t<a href=\"https:\/\/allasorias.hu\/hirek\" title=\"Home\">Home<\/a>\n\t\t<\/span><span class=\"aioseo-breadcrumb-separator\">&raquo;<\/span><span class=\"aioseo-breadcrumb\">\n\t\t\t<a href=\"https:\/\/allasorias.hu\/hirek\/temak\/gazdasag\/\" title=\"Gazdas\u00e1g\">Gazdas\u00e1g<\/a>\n\t\t<\/span><span class=\"aioseo-breadcrumb-separator\">&raquo;<\/span><span class=\"aioseo-breadcrumb\">\n\t\t\tElfogadt\u00e1k az \u00faj ad\u00f3csomagot\n\t\t<\/span><\/div>","aioseo_breadcrumb_json":[{"label":"Home","link":"https:\/\/allasorias.hu\/hirek"},{"label":"Gazdas\u00e1g","link":"https:\/\/allasorias.hu\/hirek\/temak\/gazdasag\/"},{"label":"Elfogadt\u00e1k az \u00faj ad\u00f3csomagot","link":"https:\/\/allasorias.hu\/hirek\/elfogadtak-az-uj-adocsomagot\/"}],"_links":{"self":[{"href":"https:\/\/allasorias.hu\/hirek\/wp-json\/wp\/v2\/posts\/2166","targetHints":{"allow":["GET"]}}],"collection":[{"href":"https:\/\/allasorias.hu\/hirek\/wp-json\/wp\/v2\/posts"}],"about":[{"href":"https:\/\/allasorias.hu\/hirek\/wp-json\/wp\/v2\/types\/post"}],"author":[{"embeddable":true,"href":"https:\/\/allasorias.hu\/hirek\/wp-json\/wp\/v2\/users\/1"}],"replies":[{"embeddable":true,"href":"https:\/\/allasorias.hu\/hirek\/wp-json\/wp\/v2\/comments?post=2166"}],"version-history":[{"count":1,"href":"https:\/\/allasorias.hu\/hirek\/wp-json\/wp\/v2\/posts\/2166\/revisions"}],"predecessor-version":[{"id":2168,"href":"https:\/\/allasorias.hu\/hirek\/wp-json\/wp\/v2\/posts\/2166\/revisions\/2168"}],"wp:featuredmedia":[{"embeddable":true,"href":"https:\/\/allasorias.hu\/hirek\/wp-json\/wp\/v2\/media\/2167"}],"wp:attachment":[{"href":"https:\/\/allasorias.hu\/hirek\/wp-json\/wp\/v2\/media?parent=2166"}],"wp:term":[{"taxonomy":"category","embeddable":true,"href":"https:\/\/allasorias.hu\/hirek\/wp-json\/wp\/v2\/categories?post=2166"},{"taxonomy":"post_tag","embeddable":true,"href":"https:\/\/allasorias.hu\/hirek\/wp-json\/wp\/v2\/tags?post=2166"}],"curies":[{"name":"wp","href":"https:\/\/api.w.org\/{rel}","templated":true}]}}