{"id":2140,"date":"2018-11-07T11:37:39","date_gmt":"2018-11-07T11:37:39","guid":{"rendered":"https:\/\/allasorias.hu\/hirek\/?p=2140"},"modified":"2018-11-07T11:37:39","modified_gmt":"2018-11-07T11:37:39","slug":"hol-jo-a-nyugdijasnak","status":"publish","type":"post","link":"https:\/\/allasorias.hu\/hirek\/hol-jo-a-nyugdijasnak\/","title":{"rendered":"Hol j\u00f3 a nyugd\u00edjasnak?"},"content":{"rendered":"<p style=\"text-align: justify;\"><strong>Egyre n\u0151 a nyugd\u00edjasok sz\u00e1ma a vil\u00e1gban, az ENSZ sz\u00e1m\u00edt\u00e1sai szerint 2010-ben a vil\u00e1g n\u00e9pess\u00e9g\u00e9nek k\u00f6zel 8 sz\u00e1zal\u00e9ka t\u00f6lt\u00f6tte be a 65. \u00e9let\u00e9v\u00e9t, 2050-re t\u00f6bb, mint k\u00e9tszeres\u00e9re, 2100-ra ak\u00e1r h\u00e1romszoros\u00e1ra n\u0151 az ar\u00e1nyuk. Mi kell a kiegyens\u00falyozott nyugd\u00edjas \u00e9lethez ? Anyagi biztons\u00e1g, megtakar\u00edt\u00e1si programok, min\u0151s\u00e9gi eg\u00e9szs\u00e9g\u00fcgyi szolg\u00e1ltat\u00e1sok \u00e9s biztons\u00e1gos lak\u00f3k\u00f6rnyezet.<\/strong><\/p>\n<p style=\"text-align: justify;\">Magyarorsz\u00e1gon \u00a0a\u00a0 term\u00e9szeti adotts\u00e1gok \u00a0egyed\u00fcl\u00e1ll\u00f3ak, a fejleszt\u00e9sek az ut\u00f3bbi \u00e9vekben folyamatosak, a vid\u00e9kfejleszt\u00e9snek k\u00f6sz\u00f6nhet\u0151en pedig egyre \u00e9lhet\u0151bb\u00e9 v\u00e1lik az orsz\u00e1g. A nyugd\u00edjasok itt j\u00f3 k\u00f6r\u00fclm\u00e9nyek k\u00f6zt pihenhetik ki egy \u00e9let f\u00e1radalmait. Bulg\u00e1ri\u00e1ban p\u00e9ld\u00e1ul a nyugd\u00edjasoknak\u00a0 fix havi bev\u00e9tel\u00fck van, sz\u00e1mukra az egyik legfontosabb a p\u00e9nz \u00e9rt\u00e9ke, ha id\u0151s korukra egy m\u00e1sik orsz\u00e1gba val\u00f3 k\u00f6lt\u00f6z\u00e9sen gondolkoznak. Bulg\u00e1ria, az Eur\u00f3pai Uni\u00f3 egyik legfrissebb tagja sz\u00e1mukra ny\u00fajthat t\u00f6k\u00e9letes alternat\u00edv\u00e1t. Bulg\u00e1ri\u00e1nak van turizmusa, amely h\u00e1rom \u00e1gra \u00e9p\u00fcl: a Fekete-tengeri nyaral\u00e1sokra, a hegyvid\u00e9ki s\u00edt\u00far\u00e1kra, \u00e9s a m\u0171eml\u00e9kekben gazdag sz\u00f3fiai v\u00e1rosn\u00e9z\u00e9sekre. Emiatt az orsz\u00e1g a legjobb v\u00e1laszt\u00e1s lehet azon nyugd\u00edjasok sz\u00e1m\u00e1ra, akik a hat\u00e1r \u00e1tl\u00e9p\u00e9s\u00e9t n\u00e9lk\u00fcl\u00f6zve szeretn\u00e9nek kultur\u00e1lis \u00e9s f\u00f6ldrajzi l\u00e1tv\u00e1nyoss\u00e1gokhoz eljutni. Horv\u00e1torsz\u00e1g \u00e9ghajlata \u00e9s csod\u00e1latos partszakasza miatt kedvelt, h\u00e1bor\u00edtatlan \u00e9s sz\u00e1mos kiakn\u00e1zatlan lehet\u0151s\u00e9g rejlik benne. B\u00e1r a filmszt\u00e1rok jachtokkal k\u00f6zlekednek az Adri\u00e1n, \u00e9s sok sziget mag\u00e1nk\u00e9zbe ker\u00fclt, Horv\u00e1torsz\u00e1g vigy\u00e1zott r\u00e1, hogy f\u00e9ltett kincseiket ne fedj\u00e9k fel a d\u00fasgazdagok el\u0151tt, ezzel biztos\u00edtva, hogy ne legyen jelent\u0151s a k\u00fclf\u00f6ldi befoly\u00e1s a hat\u00e1rokon bel\u00fcl. A horv\u00e1t n\u00e9p a XXI. sz\u00e1zadi h\u00e9tk\u00f6znapokat \u00f6ssze tudja egyeztetni a t\u00f6rt\u00e9nelmi hagyom\u00e1nyok \u00e1pol\u00e1s\u00e1val, amely egy m\u00e1sik orsz\u00e1gb\u00f3l sz\u00e1rmaz\u00f3 id\u0151s sz\u00e1m\u00e1ra addig nem tapasztalt \u00e9lm\u00e9nyeket ny\u00fajthat. Rom\u00e1nia legnagyobb el\u0151nye lehet, hogy a r\u00e9gi\u00f3ban az egyik legolcs\u00f3bb mind az \u00e9lelmiszerek, mind a lakhat\u00e1s tekintet\u00e9ben. El\u0151fordulhat, hogy bizonyos term\u00e9kekhez a magyar \u00e1rakhoz k\u00e9pest f\u00e9l \u00e1ron is hozz\u00e1juthatunk, a lak\u00e1sv\u00e1s\u00e1rl\u00e1s pedig gyakorlatilag Bukaresten k\u00edv\u00fcl kis t\u00falz\u00e1ssal minden\u00fctt fill\u00e9rekbe ker\u00fcl. B\u00e1r a k\u00f6zhiedelemben az \u00e9l, hogy Rom\u00e1nia egy vesz\u00e9lyes orsz\u00e1g, \u00e9s az embernek f\u00e9ltenie kell az \u00e9let\u00e9t, val\u00f3j\u00e1ban m\u00e1ra rendk\u00edv\u00fcl alacsony a b\u0171ncselekm\u00e9nyek sz\u00e1ma, b\u00e1rki biztons\u00e1gban k\u00f6zlekedhet az utc\u00e1kon an\u00e9lk\u00fcl, hogy att\u00f3l kellene tartania, kirabolj\u00e1k. A nyugd\u00edjasok sz\u00e1m\u00e1ra az egyik legnagyobb el\u0151nyt jelentheti, hogy Rom\u00e1ni\u00e1ban szinte mindenki \u00e9rt \u00e9s besz\u00e9l angolul, teh\u00e1t nyelvi probl\u00e9m\u00e1kba aligha \u00fctk\u00f6z\u00fcnk. S\u0151t, Erd\u00e9lyben m\u00e9g mindig sokaknak a magyar az anyanyelve. Szint\u00e9n az odak\u00f6lt\u00f6z\u00e9s mellett sz\u00f3l, hogy a kisebb v\u00e1rosokban szinte minden el\u00e9rhet\u0151 gyalog vagy ker\u00e9kp\u00e1rral, teh\u00e1t nem kell kisebb vagyonokat k\u00f6lteni a k\u00f6zleked\u00e9sre, r\u00e1ad\u00e1sul az eg\u00e9szs\u00e9gnek sem \u00e1rt a kis mozg\u00e1s.<\/p>\n<p><em>Forr\u00e1s: ProfitLine<\/em><\/p>\n","protected":false},"excerpt":{"rendered":"<p>Egyre n\u0151 a nyugd\u00edjasok sz\u00e1ma a vil\u00e1gban, az ENSZ sz\u00e1m\u00edt\u00e1sai szerint 2010-ben a vil\u00e1g n\u00e9pess\u00e9g\u00e9nek k\u00f6zel 8 sz\u00e1zal\u00e9ka t\u00f6lt\u00f6tte be a 65. \u00e9let\u00e9v\u00e9t, 2050-re t\u00f6bb, mint k\u00e9tszeres\u00e9re, 2100-ra ak\u00e1r h\u00e1romszoros\u00e1ra n\u0151 az ar\u00e1nyuk. Mi kell a kiegyens\u00falyozott nyugd\u00edjas \u00e9lethez ? Anyagi biztons\u00e1g, megtakar\u00edt\u00e1si programok, min\u0151s\u00e9gi eg\u00e9szs\u00e9g\u00fcgyi szolg\u00e1ltat\u00e1sok \u00e9s biztons\u00e1gos lak\u00f3k\u00f6rnyezet. Magyarorsz\u00e1gon \u00a0a\u00a0 term\u00e9szeti adotts\u00e1gok \u00a0egyed\u00fcl\u00e1ll\u00f3ak, [&hellip;]<\/p>\n","protected":false},"author":1,"featured_media":2141,"comment_status":"open","ping_status":"open","sticky":false,"template":"","format":"standard","meta":{"_monsterinsights_skip_tracking":false,"footnotes":""},"categories":[198,200],"tags":[],"class_list":["post-2140","post","type-post","status-publish","format-standard","has-post-thumbnail","hentry","category-gazdasag","category-munkaeropiac"],"aioseo_notices":[],"aioseo_head":"\n\t\t<!-- All in One SEO 5.0.0.1 - aioseo.com -->\n\t<meta name=\"description\" content=\"Egyre n\u0151 a nyugd\u00edjasok sz\u00e1ma a vil\u00e1gban, az ENSZ sz\u00e1m\u00edt\u00e1sai szerint 2010-ben a vil\u00e1g n\u00e9pess\u00e9g\u00e9nek k\u00f6zel 8 sz\u00e1zal\u00e9ka t\u00f6lt\u00f6tte be a 65. \u00e9let\u00e9v\u00e9t, 2050-re t\u00f6bb, mint k\u00e9tszeres\u00e9re, 2100-ra ak\u00e1r h\u00e1romszoros\u00e1ra n\u0151 az ar\u00e1nyuk. Mi kell a kiegyens\u00falyozott nyugd\u00edjas \u00e9lethez ? Anyagi biztons\u00e1g, megtakar\u00edt\u00e1si programok, min\u0151s\u00e9gi eg\u00e9szs\u00e9g\u00fcgyi szolg\u00e1ltat\u00e1sok \u00e9s biztons\u00e1gos lak\u00f3k\u00f6rnyezet. Magyarorsz\u00e1gon a term\u00e9szeti adotts\u00e1gok egyed\u00fcl\u00e1ll\u00f3ak,\" \/>\n\t<meta name=\"robots\" content=\"max-image-preview:large\" \/>\n\t<meta name=\"author\" content=\"Juh\u00e1sz P\u00e9ter\"\/>\n\t<link rel=\"canonical\" href=\"https:\/\/allasorias.hu\/hirek\/hol-jo-a-nyugdijasnak\/\" \/>\n\t<meta name=\"generator\" content=\"All in One SEO (AIOSEO) 5.0.0.1\" \/>\n\t\t<meta property=\"og:locale\" content=\"hu_HU\" \/>\n\t\t<meta property=\"og:site_name\" content=\"AllasOrias.hu | H\u00edrek-lapszemle | \u00dczleti h\u00edrek az \u00e1ll\u00e1s \u00e9s a munka vil\u00e1g\u00e1b\u00f3l\" \/>\n\t\t<meta property=\"og:type\" content=\"article\" \/>\n\t\t<meta property=\"og:title\" content=\"Hol j\u00f3 a nyugd\u00edjasnak? | AllasOrias.hu | H\u00edrek-lapszemle\" \/>\n\t\t<meta property=\"og:description\" content=\"Egyre n\u0151 a nyugd\u00edjasok sz\u00e1ma a vil\u00e1gban, az ENSZ sz\u00e1m\u00edt\u00e1sai szerint 2010-ben a vil\u00e1g n\u00e9pess\u00e9g\u00e9nek k\u00f6zel 8 sz\u00e1zal\u00e9ka t\u00f6lt\u00f6tte be a 65. \u00e9let\u00e9v\u00e9t, 2050-re t\u00f6bb, mint k\u00e9tszeres\u00e9re, 2100-ra ak\u00e1r h\u00e1romszoros\u00e1ra n\u0151 az ar\u00e1nyuk. Mi kell a kiegyens\u00falyozott nyugd\u00edjas \u00e9lethez ? Anyagi biztons\u00e1g, megtakar\u00edt\u00e1si programok, min\u0151s\u00e9gi eg\u00e9szs\u00e9g\u00fcgyi szolg\u00e1ltat\u00e1sok \u00e9s biztons\u00e1gos lak\u00f3k\u00f6rnyezet. Magyarorsz\u00e1gon a term\u00e9szeti adotts\u00e1gok egyed\u00fcl\u00e1ll\u00f3ak,\" \/>\n\t\t<meta property=\"og:url\" content=\"https:\/\/allasorias.hu\/hirek\/hol-jo-a-nyugdijasnak\/\" \/>\n\t\t<meta property=\"og:image\" content=\"https:\/\/allasorias.hu\/hirek\/wp-content\/uploads\/2018\/11\/hand-3672932_640.jpg\" \/>\n\t\t<meta property=\"og:image:secure_url\" content=\"https:\/\/allasorias.hu\/hirek\/wp-content\/uploads\/2018\/11\/hand-3672932_640.jpg\" \/>\n\t\t<meta property=\"og:image:width\" content=\"640\" \/>\n\t\t<meta property=\"og:image:height\" content=\"426\" \/>\n\t\t<meta property=\"article:published_time\" content=\"2018-11-07T11:37:39+00:00\" \/>\n\t\t<meta property=\"article:modified_time\" content=\"2018-11-07T11:37:39+00:00\" \/>\n\t\t<meta property=\"article:publisher\" content=\"https:\/\/www.facebook.com\/allasorias\" \/>\n\t\t<meta name=\"twitter:card\" content=\"summary_large_image\" \/>\n\t\t<meta name=\"twitter:title\" content=\"Hol j\u00f3 a nyugd\u00edjasnak? | AllasOrias.hu | H\u00edrek-lapszemle\" \/>\n\t\t<meta name=\"twitter:description\" content=\"Egyre n\u0151 a nyugd\u00edjasok sz\u00e1ma a vil\u00e1gban, az ENSZ sz\u00e1m\u00edt\u00e1sai szerint 2010-ben a vil\u00e1g n\u00e9pess\u00e9g\u00e9nek k\u00f6zel 8 sz\u00e1zal\u00e9ka t\u00f6lt\u00f6tte be a 65. \u00e9let\u00e9v\u00e9t, 2050-re t\u00f6bb, mint k\u00e9tszeres\u00e9re, 2100-ra ak\u00e1r h\u00e1romszoros\u00e1ra n\u0151 az ar\u00e1nyuk. Mi kell a kiegyens\u00falyozott nyugd\u00edjas \u00e9lethez ? Anyagi biztons\u00e1g, megtakar\u00edt\u00e1si programok, min\u0151s\u00e9gi eg\u00e9szs\u00e9g\u00fcgyi szolg\u00e1ltat\u00e1sok \u00e9s biztons\u00e1gos lak\u00f3k\u00f6rnyezet. Magyarorsz\u00e1gon a term\u00e9szeti adotts\u00e1gok egyed\u00fcl\u00e1ll\u00f3ak,\" \/>\n\t\t<meta name=\"twitter:image\" content=\"https:\/\/allasorias.hu\/hirek\/wp-content\/uploads\/2018\/11\/hand-3672932_640.jpg\" \/>\n\t\t<meta name=\"twitter:label1\" content=\"Written by\" \/>\n\t\t<meta name=\"twitter:data1\" content=\"Juh\u00e1sz P\u00e9ter\" \/>\n\t\t<meta name=\"twitter:label2\" content=\"Est. reading time\" \/>\n\t\t<meta name=\"twitter:data2\" content=\"3 minutes\" \/>\n\t\t<script type=\"application\/ld+json\" class=\"aioseo-schema\">\n\t\t\t{\"@context\":\"https:\\\/\\\/schema.org\",\"@graph\":[{\"@type\":\"Article\",\"@id\":\"https:\\\/\\\/allasorias.hu\\\/hirek\\\/hol-jo-a-nyugdijasnak\\\/#article\",\"name\":\"Hol j\\u00f3 a nyugd\\u00edjasnak? | AllasOrias.hu | H\\u00edrek-lapszemle\",\"headline\":\"Hol j\\u00f3 a nyugd\\u00edjasnak?\",\"author\":{\"@id\":\"https:\\\/\\\/allasorias.hu\\\/hirek\\\/author\\\/admin-allasorias\\\/#author\"},\"publisher\":{\"@id\":\"https:\\\/\\\/allasorias.hu\\\/hirek\\\/#organization\"},\"image\":{\"@type\":\"ImageObject\",\"url\":\"https:\\\/\\\/allasorias.hu\\\/hirek\\\/wp-content\\\/uploads\\\/2018\\\/11\\\/hand-3672932_640.jpg\",\"width\":640,\"height\":426},\"datePublished\":\"2018-11-07T11:37:39+02:00\",\"dateModified\":\"2018-11-07T11:37:39+02:00\",\"inLanguage\":\"hu-HU\",\"mainEntityOfPage\":{\"@id\":\"https:\\\/\\\/allasorias.hu\\\/hirek\\\/hol-jo-a-nyugdijasnak\\\/#webpage\"},\"isPartOf\":{\"@id\":\"https:\\\/\\\/allasorias.hu\\\/hirek\\\/hol-jo-a-nyugdijasnak\\\/#webpage\"},\"articleSection\":\"Gazdas\\u00e1g, Munkaer\\u0151piac\"},{\"@type\":\"BreadcrumbList\",\"@id\":\"https:\\\/\\\/allasorias.hu\\\/hirek\\\/hol-jo-a-nyugdijasnak\\\/#breadcrumblist\",\"itemListElement\":[{\"@type\":\"ListItem\",\"@id\":\"https:\\\/\\\/allasorias.hu\\\/hirek#listItem\",\"position\":1,\"name\":\"Home\",\"item\":\"https:\\\/\\\/allasorias.hu\\\/hirek\",\"nextItem\":{\"@type\":\"ListItem\",\"@id\":\"https:\\\/\\\/allasorias.hu\\\/hirek\\\/temak\\\/gazdasag\\\/#listItem\",\"name\":\"Gazdas\\u00e1g\"}},{\"@type\":\"ListItem\",\"@id\":\"https:\\\/\\\/allasorias.hu\\\/hirek\\\/temak\\\/gazdasag\\\/#listItem\",\"position\":2,\"name\":\"Gazdas\\u00e1g\",\"item\":\"https:\\\/\\\/allasorias.hu\\\/hirek\\\/temak\\\/gazdasag\\\/\",\"nextItem\":{\"@type\":\"ListItem\",\"@id\":\"https:\\\/\\\/allasorias.hu\\\/hirek\\\/hol-jo-a-nyugdijasnak\\\/#listItem\",\"name\":\"Hol j\\u00f3 a nyugd\\u00edjasnak?\"},\"previousItem\":{\"@type\":\"ListItem\",\"@id\":\"https:\\\/\\\/allasorias.hu\\\/hirek#listItem\",\"name\":\"Home\"}},{\"@type\":\"ListItem\",\"@id\":\"https:\\\/\\\/allasorias.hu\\\/hirek\\\/hol-jo-a-nyugdijasnak\\\/#listItem\",\"position\":3,\"name\":\"Hol j\\u00f3 a nyugd\\u00edjasnak?\",\"previousItem\":{\"@type\":\"ListItem\",\"@id\":\"https:\\\/\\\/allasorias.hu\\\/hirek\\\/temak\\\/gazdasag\\\/#listItem\",\"name\":\"Gazdas\\u00e1g\"}}]},{\"@type\":\"Organization\",\"@id\":\"https:\\\/\\\/allasorias.hu\\\/hirek\\\/#organization\",\"name\":\"AllasOrias.hu | H\\u00edrek-lapszemle\",\"description\":\"\\u00dczleti h\\u00edrek az \\u00e1ll\\u00e1s \\u00e9s a munka vil\\u00e1g\\u00e1b\\u00f3l\",\"url\":\"https:\\\/\\\/allasorias.hu\\\/hirek\\\/\",\"logo\":{\"@type\":\"ImageObject\",\"url\":\"https:\\\/\\\/allasorias.hu\\\/hirek\\\/wp-content\\\/uploads\\\/2022\\\/10\\\/allasorias_site_facebok_logo.png\",\"@id\":\"https:\\\/\\\/allasorias.hu\\\/hirek\\\/hol-jo-a-nyugdijasnak\\\/#organizationLogo\"},\"image\":{\"@id\":\"https:\\\/\\\/allasorias.hu\\\/hirek\\\/hol-jo-a-nyugdijasnak\\\/#organizationLogo\"},\"sameAs\":[\"https:\\\/\\\/www.facebook.com\\\/allasorias\",\"https:\\\/\\\/www.linkedin.com\\\/company\\\/allasorias\"]},{\"@type\":\"Person\",\"@id\":\"https:\\\/\\\/allasorias.hu\\\/hirek\\\/author\\\/admin-allasorias\\\/#author\",\"url\":\"https:\\\/\\\/allasorias.hu\\\/hirek\\\/author\\\/admin-allasorias\\\/\",\"name\":\"Juh\\u00e1sz P\\u00e9ter\",\"image\":{\"@type\":\"ImageObject\",\"@id\":\"https:\\\/\\\/allasorias.hu\\\/hirek\\\/hol-jo-a-nyugdijasnak\\\/#authorImage\",\"url\":\"https:\\\/\\\/secure.gravatar.com\\\/avatar\\\/36e6bcb83148978b992977cb0f54d22feb0cce8a0a849a9410532bb2623ba4c6?s=96&d=mm&r=g\",\"width\":96,\"height\":96,\"caption\":\"Juh\\u00e1sz P\\u00e9ter\"}},{\"@type\":\"WebPage\",\"@id\":\"https:\\\/\\\/allasorias.hu\\\/hirek\\\/hol-jo-a-nyugdijasnak\\\/#webpage\",\"url\":\"https:\\\/\\\/allasorias.hu\\\/hirek\\\/hol-jo-a-nyugdijasnak\\\/\",\"name\":\"Hol j\\u00f3 a nyugd\\u00edjasnak? | AllasOrias.hu | H\\u00edrek-lapszemle\",\"description\":\"Egyre n\\u0151 a nyugd\\u00edjasok sz\\u00e1ma a vil\\u00e1gban, az ENSZ sz\\u00e1m\\u00edt\\u00e1sai szerint 2010-ben a vil\\u00e1g n\\u00e9pess\\u00e9g\\u00e9nek k\\u00f6zel 8 sz\\u00e1zal\\u00e9ka t\\u00f6lt\\u00f6tte be a 65. \\u00e9let\\u00e9v\\u00e9t, 2050-re t\\u00f6bb, mint k\\u00e9tszeres\\u00e9re, 2100-ra ak\\u00e1r h\\u00e1romszoros\\u00e1ra n\\u0151 az ar\\u00e1nyuk. Mi kell a kiegyens\\u00falyozott nyugd\\u00edjas \\u00e9lethez ? Anyagi biztons\\u00e1g, megtakar\\u00edt\\u00e1si programok, min\\u0151s\\u00e9gi eg\\u00e9szs\\u00e9g\\u00fcgyi szolg\\u00e1ltat\\u00e1sok \\u00e9s biztons\\u00e1gos lak\\u00f3k\\u00f6rnyezet. Magyarorsz\\u00e1gon a term\\u00e9szeti adotts\\u00e1gok egyed\\u00fcl\\u00e1ll\\u00f3ak,\",\"inLanguage\":\"hu-HU\",\"isPartOf\":{\"@id\":\"https:\\\/\\\/allasorias.hu\\\/hirek\\\/#website\"},\"breadcrumb\":{\"@id\":\"https:\\\/\\\/allasorias.hu\\\/hirek\\\/hol-jo-a-nyugdijasnak\\\/#breadcrumblist\"},\"author\":{\"@id\":\"https:\\\/\\\/allasorias.hu\\\/hirek\\\/author\\\/admin-allasorias\\\/#author\"},\"creator\":{\"@id\":\"https:\\\/\\\/allasorias.hu\\\/hirek\\\/author\\\/admin-allasorias\\\/#author\"},\"image\":{\"@type\":\"ImageObject\",\"url\":\"https:\\\/\\\/allasorias.hu\\\/hirek\\\/wp-content\\\/uploads\\\/2018\\\/11\\\/hand-3672932_640.jpg\",\"@id\":\"https:\\\/\\\/allasorias.hu\\\/hirek\\\/hol-jo-a-nyugdijasnak\\\/#mainImage\",\"width\":640,\"height\":426},\"primaryImageOfPage\":{\"@id\":\"https:\\\/\\\/allasorias.hu\\\/hirek\\\/hol-jo-a-nyugdijasnak\\\/#mainImage\"},\"datePublished\":\"2018-11-07T11:37:39+02:00\",\"dateModified\":\"2018-11-07T11:37:39+02:00\"},{\"@type\":\"WebSite\",\"@id\":\"https:\\\/\\\/allasorias.hu\\\/hirek\\\/#website\",\"url\":\"https:\\\/\\\/allasorias.hu\\\/hirek\\\/\",\"name\":\"AllasOrias.hu | H\\u00edrek-lapszemle\",\"description\":\"\\u00dczleti h\\u00edrek az \\u00e1ll\\u00e1s \\u00e9s a munka vil\\u00e1g\\u00e1b\\u00f3l\",\"inLanguage\":\"hu-HU\",\"publisher\":{\"@id\":\"https:\\\/\\\/allasorias.hu\\\/hirek\\\/#organization\"}}]}\n\t\t<\/script>\n\t\t<!-- All in One SEO -->\n\n","aioseo_head_json":{"title":"Hol j\u00f3 a nyugd\u00edjasnak? | AllasOrias.hu | H\u00edrek-lapszemle","description":"Egyre n\u0151 a nyugd\u00edjasok sz\u00e1ma a vil\u00e1gban, az ENSZ sz\u00e1m\u00edt\u00e1sai szerint 2010-ben a vil\u00e1g n\u00e9pess\u00e9g\u00e9nek k\u00f6zel 8 sz\u00e1zal\u00e9ka t\u00f6lt\u00f6tte be a 65. \u00e9let\u00e9v\u00e9t, 2050-re t\u00f6bb, mint k\u00e9tszeres\u00e9re, 2100-ra ak\u00e1r h\u00e1romszoros\u00e1ra n\u0151 az ar\u00e1nyuk. Mi kell a kiegyens\u00falyozott nyugd\u00edjas \u00e9lethez ? Anyagi biztons\u00e1g, megtakar\u00edt\u00e1si programok, min\u0151s\u00e9gi eg\u00e9szs\u00e9g\u00fcgyi szolg\u00e1ltat\u00e1sok \u00e9s biztons\u00e1gos lak\u00f3k\u00f6rnyezet. Magyarorsz\u00e1gon a term\u00e9szeti adotts\u00e1gok egyed\u00fcl\u00e1ll\u00f3ak,","canonical_url":"https:\/\/allasorias.hu\/hirek\/hol-jo-a-nyugdijasnak\/","robots":"max-image-preview:large","keywords":"","webmasterTools":{"miscellaneous":""},"schema":{"@context":"https:\/\/schema.org","@graph":[{"@type":"Article","@id":"https:\/\/allasorias.hu\/hirek\/hol-jo-a-nyugdijasnak\/#article","name":"Hol j\u00f3 a nyugd\u00edjasnak? | AllasOrias.hu | H\u00edrek-lapszemle","headline":"Hol j\u00f3 a nyugd\u00edjasnak?","author":{"@id":"https:\/\/allasorias.hu\/hirek\/author\/admin-allasorias\/#author"},"publisher":{"@id":"https:\/\/allasorias.hu\/hirek\/#organization"},"image":{"@type":"ImageObject","url":"https:\/\/allasorias.hu\/hirek\/wp-content\/uploads\/2018\/11\/hand-3672932_640.jpg","width":640,"height":426},"datePublished":"2018-11-07T11:37:39+02:00","dateModified":"2018-11-07T11:37:39+02:00","inLanguage":"hu-HU","mainEntityOfPage":{"@id":"https:\/\/allasorias.hu\/hirek\/hol-jo-a-nyugdijasnak\/#webpage"},"isPartOf":{"@id":"https:\/\/allasorias.hu\/hirek\/hol-jo-a-nyugdijasnak\/#webpage"},"articleSection":"Gazdas\u00e1g, Munkaer\u0151piac"},{"@type":"BreadcrumbList","@id":"https:\/\/allasorias.hu\/hirek\/hol-jo-a-nyugdijasnak\/#breadcrumblist","itemListElement":[{"@type":"ListItem","@id":"https:\/\/allasorias.hu\/hirek#listItem","position":1,"name":"Home","item":"https:\/\/allasorias.hu\/hirek","nextItem":{"@type":"ListItem","@id":"https:\/\/allasorias.hu\/hirek\/temak\/gazdasag\/#listItem","name":"Gazdas\u00e1g"}},{"@type":"ListItem","@id":"https:\/\/allasorias.hu\/hirek\/temak\/gazdasag\/#listItem","position":2,"name":"Gazdas\u00e1g","item":"https:\/\/allasorias.hu\/hirek\/temak\/gazdasag\/","nextItem":{"@type":"ListItem","@id":"https:\/\/allasorias.hu\/hirek\/hol-jo-a-nyugdijasnak\/#listItem","name":"Hol j\u00f3 a nyugd\u00edjasnak?"},"previousItem":{"@type":"ListItem","@id":"https:\/\/allasorias.hu\/hirek#listItem","name":"Home"}},{"@type":"ListItem","@id":"https:\/\/allasorias.hu\/hirek\/hol-jo-a-nyugdijasnak\/#listItem","position":3,"name":"Hol j\u00f3 a nyugd\u00edjasnak?","previousItem":{"@type":"ListItem","@id":"https:\/\/allasorias.hu\/hirek\/temak\/gazdasag\/#listItem","name":"Gazdas\u00e1g"}}]},{"@type":"Organization","@id":"https:\/\/allasorias.hu\/hirek\/#organization","name":"AllasOrias.hu | H\u00edrek-lapszemle","description":"\u00dczleti h\u00edrek az \u00e1ll\u00e1s \u00e9s a munka vil\u00e1g\u00e1b\u00f3l","url":"https:\/\/allasorias.hu\/hirek\/","logo":{"@type":"ImageObject","url":"https:\/\/allasorias.hu\/hirek\/wp-content\/uploads\/2022\/10\/allasorias_site_facebok_logo.png","@id":"https:\/\/allasorias.hu\/hirek\/hol-jo-a-nyugdijasnak\/#organizationLogo"},"image":{"@id":"https:\/\/allasorias.hu\/hirek\/hol-jo-a-nyugdijasnak\/#organizationLogo"},"sameAs":["https:\/\/www.facebook.com\/allasorias","https:\/\/www.linkedin.com\/company\/allasorias"]},{"@type":"Person","@id":"https:\/\/allasorias.hu\/hirek\/author\/admin-allasorias\/#author","url":"https:\/\/allasorias.hu\/hirek\/author\/admin-allasorias\/","name":"Juh\u00e1sz P\u00e9ter","image":{"@type":"ImageObject","@id":"https:\/\/allasorias.hu\/hirek\/hol-jo-a-nyugdijasnak\/#authorImage","url":"https:\/\/secure.gravatar.com\/avatar\/36e6bcb83148978b992977cb0f54d22feb0cce8a0a849a9410532bb2623ba4c6?s=96&d=mm&r=g","width":96,"height":96,"caption":"Juh\u00e1sz P\u00e9ter"}},{"@type":"WebPage","@id":"https:\/\/allasorias.hu\/hirek\/hol-jo-a-nyugdijasnak\/#webpage","url":"https:\/\/allasorias.hu\/hirek\/hol-jo-a-nyugdijasnak\/","name":"Hol j\u00f3 a nyugd\u00edjasnak? | AllasOrias.hu | H\u00edrek-lapszemle","description":"Egyre n\u0151 a nyugd\u00edjasok sz\u00e1ma a vil\u00e1gban, az ENSZ sz\u00e1m\u00edt\u00e1sai szerint 2010-ben a vil\u00e1g n\u00e9pess\u00e9g\u00e9nek k\u00f6zel 8 sz\u00e1zal\u00e9ka t\u00f6lt\u00f6tte be a 65. \u00e9let\u00e9v\u00e9t, 2050-re t\u00f6bb, mint k\u00e9tszeres\u00e9re, 2100-ra ak\u00e1r h\u00e1romszoros\u00e1ra n\u0151 az ar\u00e1nyuk. Mi kell a kiegyens\u00falyozott nyugd\u00edjas \u00e9lethez ? Anyagi biztons\u00e1g, megtakar\u00edt\u00e1si programok, min\u0151s\u00e9gi eg\u00e9szs\u00e9g\u00fcgyi szolg\u00e1ltat\u00e1sok \u00e9s biztons\u00e1gos lak\u00f3k\u00f6rnyezet. Magyarorsz\u00e1gon a term\u00e9szeti adotts\u00e1gok egyed\u00fcl\u00e1ll\u00f3ak,","inLanguage":"hu-HU","isPartOf":{"@id":"https:\/\/allasorias.hu\/hirek\/#website"},"breadcrumb":{"@id":"https:\/\/allasorias.hu\/hirek\/hol-jo-a-nyugdijasnak\/#breadcrumblist"},"author":{"@id":"https:\/\/allasorias.hu\/hirek\/author\/admin-allasorias\/#author"},"creator":{"@id":"https:\/\/allasorias.hu\/hirek\/author\/admin-allasorias\/#author"},"image":{"@type":"ImageObject","url":"https:\/\/allasorias.hu\/hirek\/wp-content\/uploads\/2018\/11\/hand-3672932_640.jpg","@id":"https:\/\/allasorias.hu\/hirek\/hol-jo-a-nyugdijasnak\/#mainImage","width":640,"height":426},"primaryImageOfPage":{"@id":"https:\/\/allasorias.hu\/hirek\/hol-jo-a-nyugdijasnak\/#mainImage"},"datePublished":"2018-11-07T11:37:39+02:00","dateModified":"2018-11-07T11:37:39+02:00"},{"@type":"WebSite","@id":"https:\/\/allasorias.hu\/hirek\/#website","url":"https:\/\/allasorias.hu\/hirek\/","name":"AllasOrias.hu | H\u00edrek-lapszemle","description":"\u00dczleti h\u00edrek az \u00e1ll\u00e1s \u00e9s a munka vil\u00e1g\u00e1b\u00f3l","inLanguage":"hu-HU","publisher":{"@id":"https:\/\/allasorias.hu\/hirek\/#organization"}}]},"og:locale":"hu_HU","og:site_name":"AllasOrias.hu | H\u00edrek-lapszemle | \u00dczleti h\u00edrek az \u00e1ll\u00e1s \u00e9s a munka vil\u00e1g\u00e1b\u00f3l","og:type":"article","og:title":"Hol j\u00f3 a nyugd\u00edjasnak? | AllasOrias.hu | H\u00edrek-lapszemle","og:description":"Egyre n\u0151 a nyugd\u00edjasok sz\u00e1ma a vil\u00e1gban, az ENSZ sz\u00e1m\u00edt\u00e1sai szerint 2010-ben a vil\u00e1g n\u00e9pess\u00e9g\u00e9nek k\u00f6zel 8 sz\u00e1zal\u00e9ka t\u00f6lt\u00f6tte be a 65. \u00e9let\u00e9v\u00e9t, 2050-re t\u00f6bb, mint k\u00e9tszeres\u00e9re, 2100-ra ak\u00e1r h\u00e1romszoros\u00e1ra n\u0151 az ar\u00e1nyuk. Mi kell a kiegyens\u00falyozott nyugd\u00edjas \u00e9lethez ? Anyagi biztons\u00e1g, megtakar\u00edt\u00e1si programok, min\u0151s\u00e9gi eg\u00e9szs\u00e9g\u00fcgyi szolg\u00e1ltat\u00e1sok \u00e9s biztons\u00e1gos lak\u00f3k\u00f6rnyezet. Magyarorsz\u00e1gon a term\u00e9szeti adotts\u00e1gok egyed\u00fcl\u00e1ll\u00f3ak,","og:url":"https:\/\/allasorias.hu\/hirek\/hol-jo-a-nyugdijasnak\/","og:image":"https:\/\/allasorias.hu\/hirek\/wp-content\/uploads\/2018\/11\/hand-3672932_640.jpg","og:image:secure_url":"https:\/\/allasorias.hu\/hirek\/wp-content\/uploads\/2018\/11\/hand-3672932_640.jpg","og:image:width":640,"og:image:height":426,"article:published_time":"2018-11-07T11:37:39+00:00","article:modified_time":"2018-11-07T11:37:39+00:00","article:publisher":"https:\/\/www.facebook.com\/allasorias","twitter:card":"summary_large_image","twitter:title":"Hol j\u00f3 a nyugd\u00edjasnak? | AllasOrias.hu | H\u00edrek-lapszemle","twitter:description":"Egyre n\u0151 a nyugd\u00edjasok sz\u00e1ma a vil\u00e1gban, az ENSZ sz\u00e1m\u00edt\u00e1sai szerint 2010-ben a vil\u00e1g n\u00e9pess\u00e9g\u00e9nek k\u00f6zel 8 sz\u00e1zal\u00e9ka t\u00f6lt\u00f6tte be a 65. \u00e9let\u00e9v\u00e9t, 2050-re t\u00f6bb, mint k\u00e9tszeres\u00e9re, 2100-ra ak\u00e1r h\u00e1romszoros\u00e1ra n\u0151 az ar\u00e1nyuk. Mi kell a kiegyens\u00falyozott nyugd\u00edjas \u00e9lethez ? Anyagi biztons\u00e1g, megtakar\u00edt\u00e1si programok, min\u0151s\u00e9gi eg\u00e9szs\u00e9g\u00fcgyi szolg\u00e1ltat\u00e1sok \u00e9s biztons\u00e1gos lak\u00f3k\u00f6rnyezet. Magyarorsz\u00e1gon a term\u00e9szeti adotts\u00e1gok egyed\u00fcl\u00e1ll\u00f3ak,","twitter:image":"https:\/\/allasorias.hu\/hirek\/wp-content\/uploads\/2018\/11\/hand-3672932_640.jpg","twitter:label1":"Written by","twitter:data1":"Juh\u00e1sz P\u00e9ter","twitter:label2":"Est. reading time","twitter:data2":"3 minutes"},"aioseo_meta_data":{"post_id":"2140","title":null,"description":null,"keywords":null,"keyphrases":null,"primary_term":null,"canonical_url":null,"og_title":null,"og_description":null,"og_object_type":"default","og_image_type":"default","og_image_url":null,"og_image_width":null,"og_image_height":null,"og_image_custom_url":null,"og_image_custom_fields":null,"og_video":null,"og_custom_url":null,"og_article_section":null,"og_article_tags":null,"twitter_use_og":false,"twitter_card":"default","twitter_image_type":"default","twitter_image_url":null,"twitter_image_custom_url":null,"twitter_image_custom_fields":null,"twitter_title":null,"twitter_description":null,"schema":{"blockGraphs":[],"customGraphs":[],"default":{"data":{"Article":[],"Course":[],"Dataset":[],"FAQPage":[],"Movie":[],"Person":[],"Product":[],"ProductReview":[],"Car":[],"Recipe":[],"Service":[],"SoftwareApplication":[],"WebPage":[]},"graphName":"","isEnabled":true},"graphs":[]},"schema_type":null,"schema_type_options":null,"pillar_content":false,"robots_default":true,"robots_noindex":false,"robots_noarchive":false,"robots_nosnippet":false,"robots_nofollow":false,"robots_noimageindex":false,"robots_noodp":false,"robots_notranslate":false,"robots_max_snippet":null,"robots_max_videopreview":null,"robots_max_imagepreview":"large","priority":null,"frequency":null,"location":null,"local_seo":null,"breadcrumb_settings":null,"limit_modified_date":false,"ai":null,"created":"2021-02-01 20:44:36","updated":"2025-10-02 09:14:09","seo_analyzer_scan_date":null,"focus_keyword":null,"additional_keywords":null,"truseo_locale":null},"aioseo_breadcrumb":"<div class=\"aioseo-breadcrumbs\"><span class=\"aioseo-breadcrumb\">\n\t\t\t<a href=\"https:\/\/allasorias.hu\/hirek\" title=\"Home\">Home<\/a>\n\t\t<\/span><span class=\"aioseo-breadcrumb-separator\">&raquo;<\/span><span class=\"aioseo-breadcrumb\">\n\t\t\t<a href=\"https:\/\/allasorias.hu\/hirek\/temak\/gazdasag\/\" title=\"Gazdas\u00e1g\">Gazdas\u00e1g<\/a>\n\t\t<\/span><span class=\"aioseo-breadcrumb-separator\">&raquo;<\/span><span class=\"aioseo-breadcrumb\">\n\t\t\tHol j\u00f3 a nyugd\u00edjasnak?\n\t\t<\/span><\/div>","aioseo_breadcrumb_json":[{"label":"Home","link":"https:\/\/allasorias.hu\/hirek"},{"label":"Gazdas\u00e1g","link":"https:\/\/allasorias.hu\/hirek\/temak\/gazdasag\/"},{"label":"Hol j\u00f3 a nyugd\u00edjasnak?","link":"https:\/\/allasorias.hu\/hirek\/hol-jo-a-nyugdijasnak\/"}],"_links":{"self":[{"href":"https:\/\/allasorias.hu\/hirek\/wp-json\/wp\/v2\/posts\/2140","targetHints":{"allow":["GET"]}}],"collection":[{"href":"https:\/\/allasorias.hu\/hirek\/wp-json\/wp\/v2\/posts"}],"about":[{"href":"https:\/\/allasorias.hu\/hirek\/wp-json\/wp\/v2\/types\/post"}],"author":[{"embeddable":true,"href":"https:\/\/allasorias.hu\/hirek\/wp-json\/wp\/v2\/users\/1"}],"replies":[{"embeddable":true,"href":"https:\/\/allasorias.hu\/hirek\/wp-json\/wp\/v2\/comments?post=2140"}],"version-history":[{"count":1,"href":"https:\/\/allasorias.hu\/hirek\/wp-json\/wp\/v2\/posts\/2140\/revisions"}],"predecessor-version":[{"id":2142,"href":"https:\/\/allasorias.hu\/hirek\/wp-json\/wp\/v2\/posts\/2140\/revisions\/2142"}],"wp:featuredmedia":[{"embeddable":true,"href":"https:\/\/allasorias.hu\/hirek\/wp-json\/wp\/v2\/media\/2141"}],"wp:attachment":[{"href":"https:\/\/allasorias.hu\/hirek\/wp-json\/wp\/v2\/media?parent=2140"}],"wp:term":[{"taxonomy":"category","embeddable":true,"href":"https:\/\/allasorias.hu\/hirek\/wp-json\/wp\/v2\/categories?post=2140"},{"taxonomy":"post_tag","embeddable":true,"href":"https:\/\/allasorias.hu\/hirek\/wp-json\/wp\/v2\/tags?post=2140"}],"curies":[{"name":"wp","href":"https:\/\/api.w.org\/{rel}","templated":true}]}}