{"id":2115,"date":"2018-11-06T10:45:13","date_gmt":"2018-11-06T10:45:13","guid":{"rendered":"https:\/\/allasorias.hu\/hirek\/?p=2115"},"modified":"2018-11-06T10:45:13","modified_gmt":"2018-11-06T10:45:13","slug":"milyen-merteku-lesz-a-minimalber-emeles","status":"publish","type":"post","link":"https:\/\/allasorias.hu\/hirek\/milyen-merteku-lesz-a-minimalber-emeles\/","title":{"rendered":"Milyen m\u00e9rt\u00e9k\u0171 lesz a minim\u00e1lb\u00e9r emel\u00e9s ?"},"content":{"rendered":"<p><strong>A szakszervezetek k\u00e9tsz\u00e1mjegy\u0171 minim\u00e1lb\u00e9r emel\u00e9sre tettek javaslatot a korm\u00e1nynak, melynek c\u00e9lja, hogy a magyarorsz\u00e1gi keresetek a r\u00e9gi\u00f3 t\u00f6bbi orsz\u00e1g\u00e1hoz k\u00e9pest versenyk\u00e9pesek legyenek. Palkovics Imre, a Munk\u00e1stan\u00e1csok Orsz\u00e1gos Sz\u00f6vets\u00e9g\u00e9nek eln\u00f6ke a Magyar Id\u0151knek nyilatkozott arr\u00f3l, hogy \u00a0a 2019-es \u00f6sszegekr\u0151l a munkav\u00e1llal\u00f3i \u00e9s a munkaad\u00f3i oldalnak kell egyezs\u00e9gre jutnia.<\/strong><\/p>\n<p>A Munk\u00e1stan\u00e1csok szerint sz\u00fcks\u00e9g van a 138 ezer forintos minim\u00e1lb\u00e9r legal\u00e1bb 13, \u00e9s a 180 500 forintos garant\u00e1lt b\u00e9rminimum legal\u00e1bb 15 sz\u00e1zal\u00e9kos emel\u00e9s\u00e9re, emellett szerint\u00fck az \u00e1llami c\u00e9gekn\u00e9l is tov\u00e1bbi jelent\u0151s felz\u00e1rk\u00f3ztat\u00e1st kell elv\u00e9gezni.\u00a0 Palkovics al\u00e1h\u00fazta: a korm\u00e1ny tov\u00e1bbra sem tervezi a jelenlegi b\u00e9ren k\u00edv\u00fcli juttat\u00e1si rendszer fenntart\u00e1s\u00e1t. A \u00a0szakszervezetek sem ragaszkodnak a b\u00e9ren k\u00edv\u00fcli juttat\u00e1si rendszer fenntart\u00e1s\u00e1hoz. Ugyanerr\u0151l besz\u00e9lt M\u00e9sz\u00e1ros Melinda, a Liga vezet\u0151je is. Ragaszkodnak azonban ahhoz, hogy a dolgoz\u00f3kat az \u00e1talak\u00edt\u00e1s miatt ne \u00e9rje vesztes\u00e9g.<\/p>\n<p><em>Forr\u00e1s: hrportal.hu<\/em><\/p>\n","protected":false},"excerpt":{"rendered":"<p>A szakszervezetek k\u00e9tsz\u00e1mjegy\u0171 minim\u00e1lb\u00e9r emel\u00e9sre tettek javaslatot a korm\u00e1nynak, melynek c\u00e9lja, hogy a magyarorsz\u00e1gi keresetek a r\u00e9gi\u00f3 t\u00f6bbi orsz\u00e1g\u00e1hoz k\u00e9pest versenyk\u00e9pesek legyenek. Palkovics Imre, a Munk\u00e1stan\u00e1csok Orsz\u00e1gos Sz\u00f6vets\u00e9g\u00e9nek eln\u00f6ke a Magyar Id\u0151knek nyilatkozott arr\u00f3l, hogy \u00a0a 2019-es \u00f6sszegekr\u0151l a munkav\u00e1llal\u00f3i \u00e9s a munkaad\u00f3i oldalnak kell egyezs\u00e9gre jutnia. A Munk\u00e1stan\u00e1csok szerint sz\u00fcks\u00e9g van a 138 ezer [&hellip;]<\/p>\n","protected":false},"author":1,"featured_media":2116,"comment_status":"open","ping_status":"open","sticky":false,"template":"","format":"standard","meta":{"_monsterinsights_skip_tracking":false,"footnotes":""},"categories":[198,200],"tags":[],"class_list":["post-2115","post","type-post","status-publish","format-standard","has-post-thumbnail","hentry","category-gazdasag","category-munkaeropiac"],"aioseo_notices":[],"aioseo_head":"\n\t\t<!-- All in One SEO 5.0.0.1 - aioseo.com -->\n\t<meta name=\"description\" content=\"A szakszervezetek k\u00e9tsz\u00e1mjegy\u0171 minim\u00e1lb\u00e9r emel\u00e9sre tettek javaslatot a korm\u00e1nynak, melynek c\u00e9lja, hogy a magyarorsz\u00e1gi keresetek a r\u00e9gi\u00f3 t\u00f6bbi orsz\u00e1g\u00e1hoz k\u00e9pest versenyk\u00e9pesek legyenek. Palkovics Imre, a Munk\u00e1stan\u00e1csok Orsz\u00e1gos Sz\u00f6vets\u00e9g\u00e9nek eln\u00f6ke a Magyar Id\u0151knek nyilatkozott arr\u00f3l, hogy a 2019-es \u00f6sszegekr\u0151l a munkav\u00e1llal\u00f3i \u00e9s a munkaad\u00f3i oldalnak kell egyezs\u00e9gre jutnia. A Munk\u00e1stan\u00e1csok szerint sz\u00fcks\u00e9g van a 138 ezer\" \/>\n\t<meta name=\"robots\" content=\"max-image-preview:large\" \/>\n\t<meta name=\"author\" content=\"Juh\u00e1sz P\u00e9ter\"\/>\n\t<link rel=\"canonical\" href=\"https:\/\/allasorias.hu\/hirek\/milyen-merteku-lesz-a-minimalber-emeles\/\" \/>\n\t<meta name=\"generator\" content=\"All in One SEO (AIOSEO) 5.0.0.1\" \/>\n\t\t<meta property=\"og:locale\" content=\"hu_HU\" \/>\n\t\t<meta property=\"og:site_name\" content=\"AllasOrias.hu | H\u00edrek-lapszemle | \u00dczleti h\u00edrek az \u00e1ll\u00e1s \u00e9s a munka vil\u00e1g\u00e1b\u00f3l\" \/>\n\t\t<meta property=\"og:type\" content=\"article\" \/>\n\t\t<meta property=\"og:title\" content=\"Milyen m\u00e9rt\u00e9k\u0171 lesz a minim\u00e1lb\u00e9r emel\u00e9s ? | AllasOrias.hu | H\u00edrek-lapszemle\" \/>\n\t\t<meta property=\"og:description\" content=\"A szakszervezetek k\u00e9tsz\u00e1mjegy\u0171 minim\u00e1lb\u00e9r emel\u00e9sre tettek javaslatot a korm\u00e1nynak, melynek c\u00e9lja, hogy a magyarorsz\u00e1gi keresetek a r\u00e9gi\u00f3 t\u00f6bbi orsz\u00e1g\u00e1hoz k\u00e9pest versenyk\u00e9pesek legyenek. Palkovics Imre, a Munk\u00e1stan\u00e1csok Orsz\u00e1gos Sz\u00f6vets\u00e9g\u00e9nek eln\u00f6ke a Magyar Id\u0151knek nyilatkozott arr\u00f3l, hogy a 2019-es \u00f6sszegekr\u0151l a munkav\u00e1llal\u00f3i \u00e9s a munkaad\u00f3i oldalnak kell egyezs\u00e9gre jutnia. A Munk\u00e1stan\u00e1csok szerint sz\u00fcks\u00e9g van a 138 ezer\" \/>\n\t\t<meta property=\"og:url\" content=\"https:\/\/allasorias.hu\/hirek\/milyen-merteku-lesz-a-minimalber-emeles\/\" \/>\n\t\t<meta property=\"og:image\" content=\"https:\/\/allasorias.hu\/hirek\/wp-content\/uploads\/2018\/11\/14572.jpg\" \/>\n\t\t<meta property=\"og:image:secure_url\" content=\"https:\/\/allasorias.hu\/hirek\/wp-content\/uploads\/2018\/11\/14572.jpg\" \/>\n\t\t<meta property=\"og:image:width\" content=\"1024\" \/>\n\t\t<meta property=\"og:image:height\" content=\"576\" \/>\n\t\t<meta property=\"article:published_time\" content=\"2018-11-06T10:45:13+00:00\" \/>\n\t\t<meta property=\"article:modified_time\" content=\"2018-11-06T10:45:13+00:00\" \/>\n\t\t<meta property=\"article:publisher\" content=\"https:\/\/www.facebook.com\/allasorias\" \/>\n\t\t<meta name=\"twitter:card\" content=\"summary_large_image\" \/>\n\t\t<meta name=\"twitter:title\" content=\"Milyen m\u00e9rt\u00e9k\u0171 lesz a minim\u00e1lb\u00e9r emel\u00e9s ? | AllasOrias.hu | H\u00edrek-lapszemle\" \/>\n\t\t<meta name=\"twitter:description\" content=\"A szakszervezetek k\u00e9tsz\u00e1mjegy\u0171 minim\u00e1lb\u00e9r emel\u00e9sre tettek javaslatot a korm\u00e1nynak, melynek c\u00e9lja, hogy a magyarorsz\u00e1gi keresetek a r\u00e9gi\u00f3 t\u00f6bbi orsz\u00e1g\u00e1hoz k\u00e9pest versenyk\u00e9pesek legyenek. Palkovics Imre, a Munk\u00e1stan\u00e1csok Orsz\u00e1gos Sz\u00f6vets\u00e9g\u00e9nek eln\u00f6ke a Magyar Id\u0151knek nyilatkozott arr\u00f3l, hogy a 2019-es \u00f6sszegekr\u0151l a munkav\u00e1llal\u00f3i \u00e9s a munkaad\u00f3i oldalnak kell egyezs\u00e9gre jutnia. A Munk\u00e1stan\u00e1csok szerint sz\u00fcks\u00e9g van a 138 ezer\" \/>\n\t\t<meta name=\"twitter:image\" content=\"https:\/\/allasorias.hu\/hirek\/wp-content\/uploads\/2018\/11\/14572.jpg\" \/>\n\t\t<meta name=\"twitter:label1\" content=\"Written by\" \/>\n\t\t<meta name=\"twitter:data1\" content=\"Juh\u00e1sz P\u00e9ter\" \/>\n\t\t<meta name=\"twitter:label2\" content=\"Est. reading time\" \/>\n\t\t<meta name=\"twitter:data2\" content=\"1 minute\" \/>\n\t\t<script type=\"application\/ld+json\" class=\"aioseo-schema\">\n\t\t\t{\"@context\":\"https:\\\/\\\/schema.org\",\"@graph\":[{\"@type\":\"Article\",\"@id\":\"https:\\\/\\\/allasorias.hu\\\/hirek\\\/milyen-merteku-lesz-a-minimalber-emeles\\\/#article\",\"name\":\"Milyen m\\u00e9rt\\u00e9k\\u0171 lesz a minim\\u00e1lb\\u00e9r emel\\u00e9s ? | AllasOrias.hu | H\\u00edrek-lapszemle\",\"headline\":\"Milyen m\\u00e9rt\\u00e9k\\u0171 lesz a minim\\u00e1lb\\u00e9r emel\\u00e9s ?\",\"author\":{\"@id\":\"https:\\\/\\\/allasorias.hu\\\/hirek\\\/author\\\/admin-allasorias\\\/#author\"},\"publisher\":{\"@id\":\"https:\\\/\\\/allasorias.hu\\\/hirek\\\/#organization\"},\"image\":{\"@type\":\"ImageObject\",\"url\":\"https:\\\/\\\/allasorias.hu\\\/hirek\\\/wp-content\\\/uploads\\\/2018\\\/11\\\/14572.jpg\",\"width\":1024,\"height\":576},\"datePublished\":\"2018-11-06T10:45:13+02:00\",\"dateModified\":\"2018-11-06T10:45:13+02:00\",\"inLanguage\":\"hu-HU\",\"mainEntityOfPage\":{\"@id\":\"https:\\\/\\\/allasorias.hu\\\/hirek\\\/milyen-merteku-lesz-a-minimalber-emeles\\\/#webpage\"},\"isPartOf\":{\"@id\":\"https:\\\/\\\/allasorias.hu\\\/hirek\\\/milyen-merteku-lesz-a-minimalber-emeles\\\/#webpage\"},\"articleSection\":\"Gazdas\\u00e1g, Munkaer\\u0151piac\"},{\"@type\":\"BreadcrumbList\",\"@id\":\"https:\\\/\\\/allasorias.hu\\\/hirek\\\/milyen-merteku-lesz-a-minimalber-emeles\\\/#breadcrumblist\",\"itemListElement\":[{\"@type\":\"ListItem\",\"@id\":\"https:\\\/\\\/allasorias.hu\\\/hirek#listItem\",\"position\":1,\"name\":\"Home\",\"item\":\"https:\\\/\\\/allasorias.hu\\\/hirek\",\"nextItem\":{\"@type\":\"ListItem\",\"@id\":\"https:\\\/\\\/allasorias.hu\\\/hirek\\\/temak\\\/gazdasag\\\/#listItem\",\"name\":\"Gazdas\\u00e1g\"}},{\"@type\":\"ListItem\",\"@id\":\"https:\\\/\\\/allasorias.hu\\\/hirek\\\/temak\\\/gazdasag\\\/#listItem\",\"position\":2,\"name\":\"Gazdas\\u00e1g\",\"item\":\"https:\\\/\\\/allasorias.hu\\\/hirek\\\/temak\\\/gazdasag\\\/\",\"nextItem\":{\"@type\":\"ListItem\",\"@id\":\"https:\\\/\\\/allasorias.hu\\\/hirek\\\/milyen-merteku-lesz-a-minimalber-emeles\\\/#listItem\",\"name\":\"Milyen m\\u00e9rt\\u00e9k\\u0171 lesz a minim\\u00e1lb\\u00e9r emel\\u00e9s ?\"},\"previousItem\":{\"@type\":\"ListItem\",\"@id\":\"https:\\\/\\\/allasorias.hu\\\/hirek#listItem\",\"name\":\"Home\"}},{\"@type\":\"ListItem\",\"@id\":\"https:\\\/\\\/allasorias.hu\\\/hirek\\\/milyen-merteku-lesz-a-minimalber-emeles\\\/#listItem\",\"position\":3,\"name\":\"Milyen m\\u00e9rt\\u00e9k\\u0171 lesz a minim\\u00e1lb\\u00e9r emel\\u00e9s ?\",\"previousItem\":{\"@type\":\"ListItem\",\"@id\":\"https:\\\/\\\/allasorias.hu\\\/hirek\\\/temak\\\/gazdasag\\\/#listItem\",\"name\":\"Gazdas\\u00e1g\"}}]},{\"@type\":\"Organization\",\"@id\":\"https:\\\/\\\/allasorias.hu\\\/hirek\\\/#organization\",\"name\":\"AllasOrias.hu | H\\u00edrek-lapszemle\",\"description\":\"\\u00dczleti h\\u00edrek az \\u00e1ll\\u00e1s \\u00e9s a munka vil\\u00e1g\\u00e1b\\u00f3l\",\"url\":\"https:\\\/\\\/allasorias.hu\\\/hirek\\\/\",\"logo\":{\"@type\":\"ImageObject\",\"url\":\"https:\\\/\\\/allasorias.hu\\\/hirek\\\/wp-content\\\/uploads\\\/2022\\\/10\\\/allasorias_site_facebok_logo.png\",\"@id\":\"https:\\\/\\\/allasorias.hu\\\/hirek\\\/milyen-merteku-lesz-a-minimalber-emeles\\\/#organizationLogo\"},\"image\":{\"@id\":\"https:\\\/\\\/allasorias.hu\\\/hirek\\\/milyen-merteku-lesz-a-minimalber-emeles\\\/#organizationLogo\"},\"sameAs\":[\"https:\\\/\\\/www.facebook.com\\\/allasorias\",\"https:\\\/\\\/www.linkedin.com\\\/company\\\/allasorias\"]},{\"@type\":\"Person\",\"@id\":\"https:\\\/\\\/allasorias.hu\\\/hirek\\\/author\\\/admin-allasorias\\\/#author\",\"url\":\"https:\\\/\\\/allasorias.hu\\\/hirek\\\/author\\\/admin-allasorias\\\/\",\"name\":\"Juh\\u00e1sz P\\u00e9ter\",\"image\":{\"@type\":\"ImageObject\",\"@id\":\"https:\\\/\\\/allasorias.hu\\\/hirek\\\/milyen-merteku-lesz-a-minimalber-emeles\\\/#authorImage\",\"url\":\"https:\\\/\\\/secure.gravatar.com\\\/avatar\\\/36e6bcb83148978b992977cb0f54d22feb0cce8a0a849a9410532bb2623ba4c6?s=96&d=mm&r=g\",\"width\":96,\"height\":96,\"caption\":\"Juh\\u00e1sz P\\u00e9ter\"}},{\"@type\":\"WebPage\",\"@id\":\"https:\\\/\\\/allasorias.hu\\\/hirek\\\/milyen-merteku-lesz-a-minimalber-emeles\\\/#webpage\",\"url\":\"https:\\\/\\\/allasorias.hu\\\/hirek\\\/milyen-merteku-lesz-a-minimalber-emeles\\\/\",\"name\":\"Milyen m\\u00e9rt\\u00e9k\\u0171 lesz a minim\\u00e1lb\\u00e9r emel\\u00e9s ? | AllasOrias.hu | H\\u00edrek-lapszemle\",\"description\":\"A szakszervezetek k\\u00e9tsz\\u00e1mjegy\\u0171 minim\\u00e1lb\\u00e9r emel\\u00e9sre tettek javaslatot a korm\\u00e1nynak, melynek c\\u00e9lja, hogy a magyarorsz\\u00e1gi keresetek a r\\u00e9gi\\u00f3 t\\u00f6bbi orsz\\u00e1g\\u00e1hoz k\\u00e9pest versenyk\\u00e9pesek legyenek. Palkovics Imre, a Munk\\u00e1stan\\u00e1csok Orsz\\u00e1gos Sz\\u00f6vets\\u00e9g\\u00e9nek eln\\u00f6ke a Magyar Id\\u0151knek nyilatkozott arr\\u00f3l, hogy a 2019-es \\u00f6sszegekr\\u0151l a munkav\\u00e1llal\\u00f3i \\u00e9s a munkaad\\u00f3i oldalnak kell egyezs\\u00e9gre jutnia. A Munk\\u00e1stan\\u00e1csok szerint sz\\u00fcks\\u00e9g van a 138 ezer\",\"inLanguage\":\"hu-HU\",\"isPartOf\":{\"@id\":\"https:\\\/\\\/allasorias.hu\\\/hirek\\\/#website\"},\"breadcrumb\":{\"@id\":\"https:\\\/\\\/allasorias.hu\\\/hirek\\\/milyen-merteku-lesz-a-minimalber-emeles\\\/#breadcrumblist\"},\"author\":{\"@id\":\"https:\\\/\\\/allasorias.hu\\\/hirek\\\/author\\\/admin-allasorias\\\/#author\"},\"creator\":{\"@id\":\"https:\\\/\\\/allasorias.hu\\\/hirek\\\/author\\\/admin-allasorias\\\/#author\"},\"image\":{\"@type\":\"ImageObject\",\"url\":\"https:\\\/\\\/allasorias.hu\\\/hirek\\\/wp-content\\\/uploads\\\/2018\\\/11\\\/14572.jpg\",\"@id\":\"https:\\\/\\\/allasorias.hu\\\/hirek\\\/milyen-merteku-lesz-a-minimalber-emeles\\\/#mainImage\",\"width\":1024,\"height\":576},\"primaryImageOfPage\":{\"@id\":\"https:\\\/\\\/allasorias.hu\\\/hirek\\\/milyen-merteku-lesz-a-minimalber-emeles\\\/#mainImage\"},\"datePublished\":\"2018-11-06T10:45:13+02:00\",\"dateModified\":\"2018-11-06T10:45:13+02:00\"},{\"@type\":\"WebSite\",\"@id\":\"https:\\\/\\\/allasorias.hu\\\/hirek\\\/#website\",\"url\":\"https:\\\/\\\/allasorias.hu\\\/hirek\\\/\",\"name\":\"AllasOrias.hu | H\\u00edrek-lapszemle\",\"description\":\"\\u00dczleti h\\u00edrek az \\u00e1ll\\u00e1s \\u00e9s a munka vil\\u00e1g\\u00e1b\\u00f3l\",\"inLanguage\":\"hu-HU\",\"publisher\":{\"@id\":\"https:\\\/\\\/allasorias.hu\\\/hirek\\\/#organization\"}}]}\n\t\t<\/script>\n\t\t<!-- All in One SEO -->\n\n","aioseo_head_json":{"title":"Milyen m\u00e9rt\u00e9k\u0171 lesz a minim\u00e1lb\u00e9r emel\u00e9s ? | AllasOrias.hu | H\u00edrek-lapszemle","description":"A szakszervezetek k\u00e9tsz\u00e1mjegy\u0171 minim\u00e1lb\u00e9r emel\u00e9sre tettek javaslatot a korm\u00e1nynak, melynek c\u00e9lja, hogy a magyarorsz\u00e1gi keresetek a r\u00e9gi\u00f3 t\u00f6bbi orsz\u00e1g\u00e1hoz k\u00e9pest versenyk\u00e9pesek legyenek. Palkovics Imre, a Munk\u00e1stan\u00e1csok Orsz\u00e1gos Sz\u00f6vets\u00e9g\u00e9nek eln\u00f6ke a Magyar Id\u0151knek nyilatkozott arr\u00f3l, hogy a 2019-es \u00f6sszegekr\u0151l a munkav\u00e1llal\u00f3i \u00e9s a munkaad\u00f3i oldalnak kell egyezs\u00e9gre jutnia. A Munk\u00e1stan\u00e1csok szerint sz\u00fcks\u00e9g van a 138 ezer","canonical_url":"https:\/\/allasorias.hu\/hirek\/milyen-merteku-lesz-a-minimalber-emeles\/","robots":"max-image-preview:large","keywords":"","webmasterTools":{"miscellaneous":""},"schema":{"@context":"https:\/\/schema.org","@graph":[{"@type":"Article","@id":"https:\/\/allasorias.hu\/hirek\/milyen-merteku-lesz-a-minimalber-emeles\/#article","name":"Milyen m\u00e9rt\u00e9k\u0171 lesz a minim\u00e1lb\u00e9r emel\u00e9s ? | AllasOrias.hu | H\u00edrek-lapszemle","headline":"Milyen m\u00e9rt\u00e9k\u0171 lesz a minim\u00e1lb\u00e9r emel\u00e9s ?","author":{"@id":"https:\/\/allasorias.hu\/hirek\/author\/admin-allasorias\/#author"},"publisher":{"@id":"https:\/\/allasorias.hu\/hirek\/#organization"},"image":{"@type":"ImageObject","url":"https:\/\/allasorias.hu\/hirek\/wp-content\/uploads\/2018\/11\/14572.jpg","width":1024,"height":576},"datePublished":"2018-11-06T10:45:13+02:00","dateModified":"2018-11-06T10:45:13+02:00","inLanguage":"hu-HU","mainEntityOfPage":{"@id":"https:\/\/allasorias.hu\/hirek\/milyen-merteku-lesz-a-minimalber-emeles\/#webpage"},"isPartOf":{"@id":"https:\/\/allasorias.hu\/hirek\/milyen-merteku-lesz-a-minimalber-emeles\/#webpage"},"articleSection":"Gazdas\u00e1g, Munkaer\u0151piac"},{"@type":"BreadcrumbList","@id":"https:\/\/allasorias.hu\/hirek\/milyen-merteku-lesz-a-minimalber-emeles\/#breadcrumblist","itemListElement":[{"@type":"ListItem","@id":"https:\/\/allasorias.hu\/hirek#listItem","position":1,"name":"Home","item":"https:\/\/allasorias.hu\/hirek","nextItem":{"@type":"ListItem","@id":"https:\/\/allasorias.hu\/hirek\/temak\/gazdasag\/#listItem","name":"Gazdas\u00e1g"}},{"@type":"ListItem","@id":"https:\/\/allasorias.hu\/hirek\/temak\/gazdasag\/#listItem","position":2,"name":"Gazdas\u00e1g","item":"https:\/\/allasorias.hu\/hirek\/temak\/gazdasag\/","nextItem":{"@type":"ListItem","@id":"https:\/\/allasorias.hu\/hirek\/milyen-merteku-lesz-a-minimalber-emeles\/#listItem","name":"Milyen m\u00e9rt\u00e9k\u0171 lesz a minim\u00e1lb\u00e9r emel\u00e9s ?"},"previousItem":{"@type":"ListItem","@id":"https:\/\/allasorias.hu\/hirek#listItem","name":"Home"}},{"@type":"ListItem","@id":"https:\/\/allasorias.hu\/hirek\/milyen-merteku-lesz-a-minimalber-emeles\/#listItem","position":3,"name":"Milyen m\u00e9rt\u00e9k\u0171 lesz a minim\u00e1lb\u00e9r emel\u00e9s ?","previousItem":{"@type":"ListItem","@id":"https:\/\/allasorias.hu\/hirek\/temak\/gazdasag\/#listItem","name":"Gazdas\u00e1g"}}]},{"@type":"Organization","@id":"https:\/\/allasorias.hu\/hirek\/#organization","name":"AllasOrias.hu | H\u00edrek-lapszemle","description":"\u00dczleti h\u00edrek az \u00e1ll\u00e1s \u00e9s a munka vil\u00e1g\u00e1b\u00f3l","url":"https:\/\/allasorias.hu\/hirek\/","logo":{"@type":"ImageObject","url":"https:\/\/allasorias.hu\/hirek\/wp-content\/uploads\/2022\/10\/allasorias_site_facebok_logo.png","@id":"https:\/\/allasorias.hu\/hirek\/milyen-merteku-lesz-a-minimalber-emeles\/#organizationLogo"},"image":{"@id":"https:\/\/allasorias.hu\/hirek\/milyen-merteku-lesz-a-minimalber-emeles\/#organizationLogo"},"sameAs":["https:\/\/www.facebook.com\/allasorias","https:\/\/www.linkedin.com\/company\/allasorias"]},{"@type":"Person","@id":"https:\/\/allasorias.hu\/hirek\/author\/admin-allasorias\/#author","url":"https:\/\/allasorias.hu\/hirek\/author\/admin-allasorias\/","name":"Juh\u00e1sz P\u00e9ter","image":{"@type":"ImageObject","@id":"https:\/\/allasorias.hu\/hirek\/milyen-merteku-lesz-a-minimalber-emeles\/#authorImage","url":"https:\/\/secure.gravatar.com\/avatar\/36e6bcb83148978b992977cb0f54d22feb0cce8a0a849a9410532bb2623ba4c6?s=96&d=mm&r=g","width":96,"height":96,"caption":"Juh\u00e1sz P\u00e9ter"}},{"@type":"WebPage","@id":"https:\/\/allasorias.hu\/hirek\/milyen-merteku-lesz-a-minimalber-emeles\/#webpage","url":"https:\/\/allasorias.hu\/hirek\/milyen-merteku-lesz-a-minimalber-emeles\/","name":"Milyen m\u00e9rt\u00e9k\u0171 lesz a minim\u00e1lb\u00e9r emel\u00e9s ? | AllasOrias.hu | H\u00edrek-lapszemle","description":"A szakszervezetek k\u00e9tsz\u00e1mjegy\u0171 minim\u00e1lb\u00e9r emel\u00e9sre tettek javaslatot a korm\u00e1nynak, melynek c\u00e9lja, hogy a magyarorsz\u00e1gi keresetek a r\u00e9gi\u00f3 t\u00f6bbi orsz\u00e1g\u00e1hoz k\u00e9pest versenyk\u00e9pesek legyenek. Palkovics Imre, a Munk\u00e1stan\u00e1csok Orsz\u00e1gos Sz\u00f6vets\u00e9g\u00e9nek eln\u00f6ke a Magyar Id\u0151knek nyilatkozott arr\u00f3l, hogy a 2019-es \u00f6sszegekr\u0151l a munkav\u00e1llal\u00f3i \u00e9s a munkaad\u00f3i oldalnak kell egyezs\u00e9gre jutnia. A Munk\u00e1stan\u00e1csok szerint sz\u00fcks\u00e9g van a 138 ezer","inLanguage":"hu-HU","isPartOf":{"@id":"https:\/\/allasorias.hu\/hirek\/#website"},"breadcrumb":{"@id":"https:\/\/allasorias.hu\/hirek\/milyen-merteku-lesz-a-minimalber-emeles\/#breadcrumblist"},"author":{"@id":"https:\/\/allasorias.hu\/hirek\/author\/admin-allasorias\/#author"},"creator":{"@id":"https:\/\/allasorias.hu\/hirek\/author\/admin-allasorias\/#author"},"image":{"@type":"ImageObject","url":"https:\/\/allasorias.hu\/hirek\/wp-content\/uploads\/2018\/11\/14572.jpg","@id":"https:\/\/allasorias.hu\/hirek\/milyen-merteku-lesz-a-minimalber-emeles\/#mainImage","width":1024,"height":576},"primaryImageOfPage":{"@id":"https:\/\/allasorias.hu\/hirek\/milyen-merteku-lesz-a-minimalber-emeles\/#mainImage"},"datePublished":"2018-11-06T10:45:13+02:00","dateModified":"2018-11-06T10:45:13+02:00"},{"@type":"WebSite","@id":"https:\/\/allasorias.hu\/hirek\/#website","url":"https:\/\/allasorias.hu\/hirek\/","name":"AllasOrias.hu | H\u00edrek-lapszemle","description":"\u00dczleti h\u00edrek az \u00e1ll\u00e1s \u00e9s a munka vil\u00e1g\u00e1b\u00f3l","inLanguage":"hu-HU","publisher":{"@id":"https:\/\/allasorias.hu\/hirek\/#organization"}}]},"og:locale":"hu_HU","og:site_name":"AllasOrias.hu | H\u00edrek-lapszemle | \u00dczleti h\u00edrek az \u00e1ll\u00e1s \u00e9s a munka vil\u00e1g\u00e1b\u00f3l","og:type":"article","og:title":"Milyen m\u00e9rt\u00e9k\u0171 lesz a minim\u00e1lb\u00e9r emel\u00e9s ? | AllasOrias.hu | H\u00edrek-lapszemle","og:description":"A szakszervezetek k\u00e9tsz\u00e1mjegy\u0171 minim\u00e1lb\u00e9r emel\u00e9sre tettek javaslatot a korm\u00e1nynak, melynek c\u00e9lja, hogy a magyarorsz\u00e1gi keresetek a r\u00e9gi\u00f3 t\u00f6bbi orsz\u00e1g\u00e1hoz k\u00e9pest versenyk\u00e9pesek legyenek. Palkovics Imre, a Munk\u00e1stan\u00e1csok Orsz\u00e1gos Sz\u00f6vets\u00e9g\u00e9nek eln\u00f6ke a Magyar Id\u0151knek nyilatkozott arr\u00f3l, hogy a 2019-es \u00f6sszegekr\u0151l a munkav\u00e1llal\u00f3i \u00e9s a munkaad\u00f3i oldalnak kell egyezs\u00e9gre jutnia. A Munk\u00e1stan\u00e1csok szerint sz\u00fcks\u00e9g van a 138 ezer","og:url":"https:\/\/allasorias.hu\/hirek\/milyen-merteku-lesz-a-minimalber-emeles\/","og:image":"https:\/\/allasorias.hu\/hirek\/wp-content\/uploads\/2018\/11\/14572.jpg","og:image:secure_url":"https:\/\/allasorias.hu\/hirek\/wp-content\/uploads\/2018\/11\/14572.jpg","og:image:width":1024,"og:image:height":576,"article:published_time":"2018-11-06T10:45:13+00:00","article:modified_time":"2018-11-06T10:45:13+00:00","article:publisher":"https:\/\/www.facebook.com\/allasorias","twitter:card":"summary_large_image","twitter:title":"Milyen m\u00e9rt\u00e9k\u0171 lesz a minim\u00e1lb\u00e9r emel\u00e9s ? | AllasOrias.hu | H\u00edrek-lapszemle","twitter:description":"A szakszervezetek k\u00e9tsz\u00e1mjegy\u0171 minim\u00e1lb\u00e9r emel\u00e9sre tettek javaslatot a korm\u00e1nynak, melynek c\u00e9lja, hogy a magyarorsz\u00e1gi keresetek a r\u00e9gi\u00f3 t\u00f6bbi orsz\u00e1g\u00e1hoz k\u00e9pest versenyk\u00e9pesek legyenek. Palkovics Imre, a Munk\u00e1stan\u00e1csok Orsz\u00e1gos Sz\u00f6vets\u00e9g\u00e9nek eln\u00f6ke a Magyar Id\u0151knek nyilatkozott arr\u00f3l, hogy a 2019-es \u00f6sszegekr\u0151l a munkav\u00e1llal\u00f3i \u00e9s a munkaad\u00f3i oldalnak kell egyezs\u00e9gre jutnia. A Munk\u00e1stan\u00e1csok szerint sz\u00fcks\u00e9g van a 138 ezer","twitter:image":"https:\/\/allasorias.hu\/hirek\/wp-content\/uploads\/2018\/11\/14572.jpg","twitter:label1":"Written by","twitter:data1":"Juh\u00e1sz P\u00e9ter","twitter:label2":"Est. reading time","twitter:data2":"1 minute"},"aioseo_meta_data":{"post_id":"2115","title":null,"description":null,"keywords":null,"keyphrases":null,"primary_term":null,"canonical_url":null,"og_title":null,"og_description":null,"og_object_type":"default","og_image_type":"default","og_image_url":null,"og_image_width":null,"og_image_height":null,"og_image_custom_url":null,"og_image_custom_fields":null,"og_video":null,"og_custom_url":null,"og_article_section":null,"og_article_tags":null,"twitter_use_og":false,"twitter_card":"default","twitter_image_type":"default","twitter_image_url":null,"twitter_image_custom_url":null,"twitter_image_custom_fields":null,"twitter_title":null,"twitter_description":null,"schema":{"blockGraphs":[],"customGraphs":[],"default":{"data":{"Article":[],"Course":[],"Dataset":[],"FAQPage":[],"Movie":[],"Person":[],"Product":[],"ProductReview":[],"Car":[],"Recipe":[],"Service":[],"SoftwareApplication":[],"WebPage":[]},"graphName":"","isEnabled":true},"graphs":[],"defaultGraph":"","defaultPostTypeGraph":""},"schema_type":null,"schema_type_options":null,"pillar_content":false,"robots_default":true,"robots_noindex":false,"robots_noarchive":false,"robots_nosnippet":false,"robots_nofollow":false,"robots_noimageindex":false,"robots_noodp":false,"robots_notranslate":false,"robots_max_snippet":null,"robots_max_videopreview":null,"robots_max_imagepreview":"large","priority":null,"frequency":null,"location":null,"local_seo":null,"breadcrumb_settings":null,"limit_modified_date":false,"ai":null,"created":"2021-02-01 20:44:36","updated":"2025-10-02 09:14:09","seo_analyzer_scan_date":null,"focus_keyword":null,"additional_keywords":null,"truseo_locale":null},"aioseo_breadcrumb":"<div class=\"aioseo-breadcrumbs\"><span class=\"aioseo-breadcrumb\">\n\t\t\t<a href=\"https:\/\/allasorias.hu\/hirek\" title=\"Home\">Home<\/a>\n\t\t<\/span><span class=\"aioseo-breadcrumb-separator\">&raquo;<\/span><span class=\"aioseo-breadcrumb\">\n\t\t\t<a href=\"https:\/\/allasorias.hu\/hirek\/temak\/gazdasag\/\" title=\"Gazdas\u00e1g\">Gazdas\u00e1g<\/a>\n\t\t<\/span><span class=\"aioseo-breadcrumb-separator\">&raquo;<\/span><span class=\"aioseo-breadcrumb\">\n\t\t\tMilyen m\u00e9rt\u00e9k\u0171 lesz a minim\u00e1lb\u00e9r emel\u00e9s ?\n\t\t<\/span><\/div>","aioseo_breadcrumb_json":[{"label":"Home","link":"https:\/\/allasorias.hu\/hirek"},{"label":"Gazdas\u00e1g","link":"https:\/\/allasorias.hu\/hirek\/temak\/gazdasag\/"},{"label":"Milyen m\u00e9rt\u00e9k\u0171 lesz a minim\u00e1lb\u00e9r emel\u00e9s ?","link":"https:\/\/allasorias.hu\/hirek\/milyen-merteku-lesz-a-minimalber-emeles\/"}],"_links":{"self":[{"href":"https:\/\/allasorias.hu\/hirek\/wp-json\/wp\/v2\/posts\/2115","targetHints":{"allow":["GET"]}}],"collection":[{"href":"https:\/\/allasorias.hu\/hirek\/wp-json\/wp\/v2\/posts"}],"about":[{"href":"https:\/\/allasorias.hu\/hirek\/wp-json\/wp\/v2\/types\/post"}],"author":[{"embeddable":true,"href":"https:\/\/allasorias.hu\/hirek\/wp-json\/wp\/v2\/users\/1"}],"replies":[{"embeddable":true,"href":"https:\/\/allasorias.hu\/hirek\/wp-json\/wp\/v2\/comments?post=2115"}],"version-history":[{"count":1,"href":"https:\/\/allasorias.hu\/hirek\/wp-json\/wp\/v2\/posts\/2115\/revisions"}],"predecessor-version":[{"id":2117,"href":"https:\/\/allasorias.hu\/hirek\/wp-json\/wp\/v2\/posts\/2115\/revisions\/2117"}],"wp:featuredmedia":[{"embeddable":true,"href":"https:\/\/allasorias.hu\/hirek\/wp-json\/wp\/v2\/media\/2116"}],"wp:attachment":[{"href":"https:\/\/allasorias.hu\/hirek\/wp-json\/wp\/v2\/media?parent=2115"}],"wp:term":[{"taxonomy":"category","embeddable":true,"href":"https:\/\/allasorias.hu\/hirek\/wp-json\/wp\/v2\/categories?post=2115"},{"taxonomy":"post_tag","embeddable":true,"href":"https:\/\/allasorias.hu\/hirek\/wp-json\/wp\/v2\/tags?post=2115"}],"curies":[{"name":"wp","href":"https:\/\/api.w.org\/{rel}","templated":true}]}}