{"id":2112,"date":"2018-11-06T10:42:39","date_gmt":"2018-11-06T10:42:39","guid":{"rendered":"https:\/\/allasorias.hu\/hirek\/?p=2112"},"modified":"2018-11-06T10:42:39","modified_gmt":"2018-11-06T10:42:39","slug":"torvenyi-valtozasok-a-csaladtamogatasban-es-a-nyugdijbiztositasban","status":"publish","type":"post","link":"https:\/\/allasorias.hu\/hirek\/torvenyi-valtozasok-a-csaladtamogatasban-es-a-nyugdijbiztositasban\/","title":{"rendered":"T\u00f6rv\u00e9nyi v\u00e1ltoz\u00e1sok a csal\u00e1dt\u00e1mogat\u00e1sban \u00e9s a  nyugd\u00edjbiztos\u00edt\u00e1sban"},"content":{"rendered":"<p style=\"text-align: justify;\"><strong>M\u00e1r beny\u00fajtotta a korm\u00e1ny t\u00f6rv\u00e9nyjavaslat\u00e1t egyes csal\u00e1dt\u00e1mogat\u00e1si \u00e9s nyugd\u00edjbiztos\u00edt\u00e1si t\u00e1rgy\u00fa t\u00f6rv\u00e9nyek szab\u00e1lyaiban. A m\u00f3dos\u00edt\u00e1sok \u00e9rintik a gyermekek v\u00e9delm\u00e9r\u0151l \u00e9s a gy\u00e1m\u00fcgyi igazgat\u00e1sr\u00f3l sz\u00f3l\u00f3 1997. \u00e9vi XXXI. t\u00f6rv\u00e9nyt, a t\u00e1rsadalombiztos\u00edt\u00e1si nyugell\u00e1t\u00e1sr\u00f3l sz\u00f3l\u00f3 1997. \u00e9vi LXXXI. t\u00f6rv\u00e9nyt \u00e9s egy\u00e9b hozz\u00e1 kapcsol\u00f3d\u00f3 t\u00f6rv\u00e9nyeket, valamint a csal\u00e1dok t\u00e1mogat\u00e1s\u00e1r\u00f3l sz\u00f3l\u00f3 1998. \u00e9vi LXXXIV. t\u00f6rv\u00e9nyt.<\/strong><\/p>\n<p style=\"text-align: justify;\">A gyermekek v\u00e9delm\u00e9r\u0151l \u00e9s a gy\u00e1m\u00fcgyi igazgat\u00e1sr\u00f3l sz\u00f3l\u00f3 1997. \u00e9vi XXXI. t\u00f6rv\u00e9nyben (a tov\u00e1bbiakban: Gyvt.) a t\u00f6rv\u00e9nyjavaslat a gyermekek napk\u00f6zbeni ell\u00e1t\u00e1sainak saj\u00e1toss\u00e1gaira tekintettel az int\u00e9zm\u00e9nyi \u00e9s a finansz\u00edroz\u00e1s ellen\u0151rz\u00e9se c\u00e9lj\u00e1b\u00f3l vezetett k\u00f6zponti nyilv\u00e1ntart\u00e1st m\u00f3dos\u00edtja pontos\u00edt\u00f3 jelleggel, valamint kell\u0151 felk\u00e9sz\u00fcl\u00e9si id\u0151t biztos\u00edt a k\u00f6telezetts\u00e9ggel \u00e9rintett telep\u00fcl\u00e9si \u00f6nkorm\u00e1nyzatok sz\u00e1m\u00e1ra a b\u00f6lcs\u0151dei ell\u00e1t\u00e1s marad\u00e9ktalan biztos\u00edt\u00e1s\u00e1ra. A csal\u00e1dok t\u00e1mogat\u00e1s\u00e1r\u00f3l sz\u00f3l\u00f3 1998. \u00e9vi LXXXIV. t\u00f6rv\u00e9ny (a tov\u00e1bbiakban: Cst.) hat\u00e1lyos szab\u00e1lyai a gyermek szoci\u00e1lis int\u00e9zm\u00e9nyi elhelyez\u00e9se eset\u00e9n f\u0151szab\u00e1lyk\u00e9nt kiz\u00e1rj\u00e1k a sz\u00fcl\u0151 csal\u00e1di p\u00f3tl\u00e9kra val\u00f3 jogosults\u00e1g\u00e1t. A t\u00f6rv\u00e9nyjavaslat az ind\u00edtv\u00e1nyoz\u00f3 szerint a nyugd\u00edjt\u00e1rgy\u00fa t\u00f6rv\u00e9nyek kapcs\u00e1n els\u0151sorban jogalkalmaz\u00f3i \u00e9szrev\u00e9telek alapj\u00e1n pontos\u00edt\u00e1sokat, kieg\u00e9sz\u00edt\u00e9seket tartalmaz. Kib\u0151v\u00edti az \u00e1rvaell\u00e1t\u00e1sra jogosult mag\u00e1ntanul\u00f3k k\u00f6r\u00e9t. A 12\/2018. (VII. 18.) AB hat\u00e1rozat szerint mulaszt\u00e1ssal el\u0151id\u00e9zett alapt\u00f6rv\u00e9ny-elleness\u00e9g \u00e1ll fenn amiatt, hogy nincs lehet\u0151s\u00e9g az alapt\u00f6rv\u00e9ny-ellenes, illetve az uni\u00f3s jogot s\u00e9rt\u0151 szab\u00e1lyoz\u00e1sra visszavezethet\u0151 okb\u00f3l nyugalmazott b\u00edr\u00e1knak \u00e9s \u00fcgy\u00e9szeknek arra, hogy a szolg\u00e1lati jogviszonyuk helyre\u00e1ll\u00edt\u00e1s\u00e1t k\u00f6vet\u0151 nyugalmaz\u00e1sukra tekintettel \u00f6regs\u00e9gi nyugd\u00edjukat k\u00e9relm\u00fckre ism\u00e9telten meg\u00e1llap\u00edts\u00e1k \u00fagy, mintha arra e k\u00e9s\u0151bbi id\u0151pontban els\u0151 alkalommal ker\u00fclt volna sor. A t\u00f6rv\u00e9nyjavaslat ennek a szem\u00e9lyi k\u00f6rnek lehet\u0151v\u00e9 teszi, hogy a nyugd\u00edjukat \u00e1tcser\u00e9lj\u00e9k, vagyis v\u00e1lasszanak a kor\u00e1bban meg\u00e1llap\u00edtott \u00e9s a mellette szerzett j\u00f6vedelem alapj\u00e1n j\u00e1r\u00f3 nyugd\u00edjn\u00f6vel\u00e9ssel kieg\u00e9sz\u00edtett nyugd\u00edj, valamint az \u00fajonnan kisz\u00e1m\u00edtott nyugd\u00edj k\u00f6z\u00f6tt. Az ut\u00f3bbi nyugd\u00edjat olyan szab\u00e1lyok szerint hat\u00e1rozz\u00e1k meg, mintha az \u00e9rintett m\u00e9g nem volna nyugd\u00edjas.<\/p>\n<p><em>Forr\u00e1s: adozona.hu<\/em><\/p>\n","protected":false},"excerpt":{"rendered":"<p>M\u00e1r beny\u00fajtotta a korm\u00e1ny t\u00f6rv\u00e9nyjavaslat\u00e1t egyes csal\u00e1dt\u00e1mogat\u00e1si \u00e9s nyugd\u00edjbiztos\u00edt\u00e1si t\u00e1rgy\u00fa t\u00f6rv\u00e9nyek szab\u00e1lyaiban. A m\u00f3dos\u00edt\u00e1sok \u00e9rintik a gyermekek v\u00e9delm\u00e9r\u0151l \u00e9s a gy\u00e1m\u00fcgyi igazgat\u00e1sr\u00f3l sz\u00f3l\u00f3 1997. \u00e9vi XXXI. t\u00f6rv\u00e9nyt, a t\u00e1rsadalombiztos\u00edt\u00e1si nyugell\u00e1t\u00e1sr\u00f3l sz\u00f3l\u00f3 1997. \u00e9vi LXXXI. t\u00f6rv\u00e9nyt \u00e9s egy\u00e9b hozz\u00e1 kapcsol\u00f3d\u00f3 t\u00f6rv\u00e9nyeket, valamint a csal\u00e1dok t\u00e1mogat\u00e1s\u00e1r\u00f3l sz\u00f3l\u00f3 1998. \u00e9vi LXXXIV. t\u00f6rv\u00e9nyt. A gyermekek v\u00e9delm\u00e9r\u0151l \u00e9s a gy\u00e1m\u00fcgyi [&hellip;]<\/p>\n","protected":false},"author":1,"featured_media":2113,"comment_status":"open","ping_status":"open","sticky":false,"template":"","format":"standard","meta":{"_monsterinsights_skip_tracking":false,"footnotes":""},"categories":[198],"tags":[],"class_list":["post-2112","post","type-post","status-publish","format-standard","has-post-thumbnail","hentry","category-gazdasag"],"aioseo_notices":[],"aioseo_head":"\n\t\t<!-- All in One SEO 5.0.0.1 - aioseo.com -->\n\t<meta name=\"description\" content=\"M\u00e1r beny\u00fajtotta a korm\u00e1ny t\u00f6rv\u00e9nyjavaslat\u00e1t egyes csal\u00e1dt\u00e1mogat\u00e1si \u00e9s nyugd\u00edjbiztos\u00edt\u00e1si t\u00e1rgy\u00fa t\u00f6rv\u00e9nyek szab\u00e1lyaiban. A m\u00f3dos\u00edt\u00e1sok \u00e9rintik a gyermekek v\u00e9delm\u00e9r\u0151l \u00e9s a gy\u00e1m\u00fcgyi igazgat\u00e1sr\u00f3l sz\u00f3l\u00f3 1997. \u00e9vi XXXI. t\u00f6rv\u00e9nyt, a t\u00e1rsadalombiztos\u00edt\u00e1si nyugell\u00e1t\u00e1sr\u00f3l sz\u00f3l\u00f3 1997. \u00e9vi LXXXI. t\u00f6rv\u00e9nyt \u00e9s egy\u00e9b hozz\u00e1 kapcsol\u00f3d\u00f3 t\u00f6rv\u00e9nyeket, valamint a csal\u00e1dok t\u00e1mogat\u00e1s\u00e1r\u00f3l sz\u00f3l\u00f3 1998. \u00e9vi LXXXIV. t\u00f6rv\u00e9nyt. A gyermekek v\u00e9delm\u00e9r\u0151l \u00e9s a gy\u00e1m\u00fcgyi\" \/>\n\t<meta name=\"robots\" content=\"max-image-preview:large\" \/>\n\t<meta name=\"author\" content=\"Juh\u00e1sz P\u00e9ter\"\/>\n\t<link rel=\"canonical\" href=\"https:\/\/allasorias.hu\/hirek\/torvenyi-valtozasok-a-csaladtamogatasban-es-a-nyugdijbiztositasban\/\" \/>\n\t<meta name=\"generator\" content=\"All in One SEO (AIOSEO) 5.0.0.1\" \/>\n\t\t<meta property=\"og:locale\" content=\"hu_HU\" \/>\n\t\t<meta property=\"og:site_name\" content=\"AllasOrias.hu | H\u00edrek-lapszemle | \u00dczleti h\u00edrek az \u00e1ll\u00e1s \u00e9s a munka vil\u00e1g\u00e1b\u00f3l\" \/>\n\t\t<meta property=\"og:type\" content=\"article\" \/>\n\t\t<meta property=\"og:title\" content=\"T\u00f6rv\u00e9nyi v\u00e1ltoz\u00e1sok a csal\u00e1dt\u00e1mogat\u00e1sban \u00e9s a nyugd\u00edjbiztos\u00edt\u00e1sban | AllasOrias.hu | H\u00edrek-lapszemle\" \/>\n\t\t<meta property=\"og:description\" content=\"M\u00e1r beny\u00fajtotta a korm\u00e1ny t\u00f6rv\u00e9nyjavaslat\u00e1t egyes csal\u00e1dt\u00e1mogat\u00e1si \u00e9s nyugd\u00edjbiztos\u00edt\u00e1si t\u00e1rgy\u00fa t\u00f6rv\u00e9nyek szab\u00e1lyaiban. A m\u00f3dos\u00edt\u00e1sok \u00e9rintik a gyermekek v\u00e9delm\u00e9r\u0151l \u00e9s a gy\u00e1m\u00fcgyi igazgat\u00e1sr\u00f3l sz\u00f3l\u00f3 1997. \u00e9vi XXXI. t\u00f6rv\u00e9nyt, a t\u00e1rsadalombiztos\u00edt\u00e1si nyugell\u00e1t\u00e1sr\u00f3l sz\u00f3l\u00f3 1997. \u00e9vi LXXXI. t\u00f6rv\u00e9nyt \u00e9s egy\u00e9b hozz\u00e1 kapcsol\u00f3d\u00f3 t\u00f6rv\u00e9nyeket, valamint a csal\u00e1dok t\u00e1mogat\u00e1s\u00e1r\u00f3l sz\u00f3l\u00f3 1998. \u00e9vi LXXXIV. t\u00f6rv\u00e9nyt. A gyermekek v\u00e9delm\u00e9r\u0151l \u00e9s a gy\u00e1m\u00fcgyi\" \/>\n\t\t<meta property=\"og:url\" content=\"https:\/\/allasorias.hu\/hirek\/torvenyi-valtozasok-a-csaladtamogatasban-es-a-nyugdijbiztositasban\/\" \/>\n\t\t<meta property=\"og:image\" content=\"https:\/\/allasorias.hu\/hirek\/wp-content\/uploads\/2018\/11\/family-support-services_0.jpg\" \/>\n\t\t<meta property=\"og:image:secure_url\" content=\"https:\/\/allasorias.hu\/hirek\/wp-content\/uploads\/2018\/11\/family-support-services_0.jpg\" \/>\n\t\t<meta property=\"og:image:width\" content=\"300\" \/>\n\t\t<meta property=\"og:image:height\" content=\"170\" \/>\n\t\t<meta property=\"article:published_time\" content=\"2018-11-06T10:42:39+00:00\" \/>\n\t\t<meta property=\"article:modified_time\" content=\"2018-11-06T10:42:39+00:00\" \/>\n\t\t<meta property=\"article:publisher\" content=\"https:\/\/www.facebook.com\/allasorias\" \/>\n\t\t<meta name=\"twitter:card\" content=\"summary_large_image\" \/>\n\t\t<meta name=\"twitter:title\" content=\"T\u00f6rv\u00e9nyi v\u00e1ltoz\u00e1sok a csal\u00e1dt\u00e1mogat\u00e1sban \u00e9s a nyugd\u00edjbiztos\u00edt\u00e1sban | AllasOrias.hu | H\u00edrek-lapszemle\" \/>\n\t\t<meta name=\"twitter:description\" content=\"M\u00e1r beny\u00fajtotta a korm\u00e1ny t\u00f6rv\u00e9nyjavaslat\u00e1t egyes csal\u00e1dt\u00e1mogat\u00e1si \u00e9s nyugd\u00edjbiztos\u00edt\u00e1si t\u00e1rgy\u00fa t\u00f6rv\u00e9nyek szab\u00e1lyaiban. A m\u00f3dos\u00edt\u00e1sok \u00e9rintik a gyermekek v\u00e9delm\u00e9r\u0151l \u00e9s a gy\u00e1m\u00fcgyi igazgat\u00e1sr\u00f3l sz\u00f3l\u00f3 1997. \u00e9vi XXXI. t\u00f6rv\u00e9nyt, a t\u00e1rsadalombiztos\u00edt\u00e1si nyugell\u00e1t\u00e1sr\u00f3l sz\u00f3l\u00f3 1997. \u00e9vi LXXXI. t\u00f6rv\u00e9nyt \u00e9s egy\u00e9b hozz\u00e1 kapcsol\u00f3d\u00f3 t\u00f6rv\u00e9nyeket, valamint a csal\u00e1dok t\u00e1mogat\u00e1s\u00e1r\u00f3l sz\u00f3l\u00f3 1998. \u00e9vi LXXXIV. t\u00f6rv\u00e9nyt. A gyermekek v\u00e9delm\u00e9r\u0151l \u00e9s a gy\u00e1m\u00fcgyi\" \/>\n\t\t<meta name=\"twitter:image\" content=\"https:\/\/allasorias.hu\/hirek\/wp-content\/uploads\/2018\/11\/family-support-services_0.jpg\" \/>\n\t\t<meta name=\"twitter:label1\" content=\"Written by\" \/>\n\t\t<meta name=\"twitter:data1\" content=\"Juh\u00e1sz P\u00e9ter\" \/>\n\t\t<meta name=\"twitter:label2\" content=\"Est. reading time\" \/>\n\t\t<meta name=\"twitter:data2\" content=\"2 minutes\" \/>\n\t\t<script type=\"application\/ld+json\" class=\"aioseo-schema\">\n\t\t\t{\"@context\":\"https:\\\/\\\/schema.org\",\"@graph\":[{\"@type\":\"Article\",\"@id\":\"https:\\\/\\\/allasorias.hu\\\/hirek\\\/torvenyi-valtozasok-a-csaladtamogatasban-es-a-nyugdijbiztositasban\\\/#article\",\"name\":\"T\\u00f6rv\\u00e9nyi v\\u00e1ltoz\\u00e1sok a csal\\u00e1dt\\u00e1mogat\\u00e1sban \\u00e9s a nyugd\\u00edjbiztos\\u00edt\\u00e1sban | AllasOrias.hu | H\\u00edrek-lapszemle\",\"headline\":\"T\\u00f6rv\\u00e9nyi v\\u00e1ltoz\\u00e1sok a csal\\u00e1dt\\u00e1mogat\\u00e1sban \\u00e9s a  nyugd\\u00edjbiztos\\u00edt\\u00e1sban\",\"author\":{\"@id\":\"https:\\\/\\\/allasorias.hu\\\/hirek\\\/author\\\/admin-allasorias\\\/#author\"},\"publisher\":{\"@id\":\"https:\\\/\\\/allasorias.hu\\\/hirek\\\/#organization\"},\"image\":{\"@type\":\"ImageObject\",\"url\":\"https:\\\/\\\/allasorias.hu\\\/hirek\\\/wp-content\\\/uploads\\\/2018\\\/11\\\/family-support-services_0.jpg\",\"width\":300,\"height\":170},\"datePublished\":\"2018-11-06T10:42:39+02:00\",\"dateModified\":\"2018-11-06T10:42:39+02:00\",\"inLanguage\":\"hu-HU\",\"mainEntityOfPage\":{\"@id\":\"https:\\\/\\\/allasorias.hu\\\/hirek\\\/torvenyi-valtozasok-a-csaladtamogatasban-es-a-nyugdijbiztositasban\\\/#webpage\"},\"isPartOf\":{\"@id\":\"https:\\\/\\\/allasorias.hu\\\/hirek\\\/torvenyi-valtozasok-a-csaladtamogatasban-es-a-nyugdijbiztositasban\\\/#webpage\"},\"articleSection\":\"Gazdas\\u00e1g\"},{\"@type\":\"BreadcrumbList\",\"@id\":\"https:\\\/\\\/allasorias.hu\\\/hirek\\\/torvenyi-valtozasok-a-csaladtamogatasban-es-a-nyugdijbiztositasban\\\/#breadcrumblist\",\"itemListElement\":[{\"@type\":\"ListItem\",\"@id\":\"https:\\\/\\\/allasorias.hu\\\/hirek#listItem\",\"position\":1,\"name\":\"Home\",\"item\":\"https:\\\/\\\/allasorias.hu\\\/hirek\",\"nextItem\":{\"@type\":\"ListItem\",\"@id\":\"https:\\\/\\\/allasorias.hu\\\/hirek\\\/temak\\\/gazdasag\\\/#listItem\",\"name\":\"Gazdas\\u00e1g\"}},{\"@type\":\"ListItem\",\"@id\":\"https:\\\/\\\/allasorias.hu\\\/hirek\\\/temak\\\/gazdasag\\\/#listItem\",\"position\":2,\"name\":\"Gazdas\\u00e1g\",\"item\":\"https:\\\/\\\/allasorias.hu\\\/hirek\\\/temak\\\/gazdasag\\\/\",\"nextItem\":{\"@type\":\"ListItem\",\"@id\":\"https:\\\/\\\/allasorias.hu\\\/hirek\\\/torvenyi-valtozasok-a-csaladtamogatasban-es-a-nyugdijbiztositasban\\\/#listItem\",\"name\":\"T\\u00f6rv\\u00e9nyi v\\u00e1ltoz\\u00e1sok a csal\\u00e1dt\\u00e1mogat\\u00e1sban \\u00e9s a  nyugd\\u00edjbiztos\\u00edt\\u00e1sban\"},\"previousItem\":{\"@type\":\"ListItem\",\"@id\":\"https:\\\/\\\/allasorias.hu\\\/hirek#listItem\",\"name\":\"Home\"}},{\"@type\":\"ListItem\",\"@id\":\"https:\\\/\\\/allasorias.hu\\\/hirek\\\/torvenyi-valtozasok-a-csaladtamogatasban-es-a-nyugdijbiztositasban\\\/#listItem\",\"position\":3,\"name\":\"T\\u00f6rv\\u00e9nyi v\\u00e1ltoz\\u00e1sok a csal\\u00e1dt\\u00e1mogat\\u00e1sban \\u00e9s a  nyugd\\u00edjbiztos\\u00edt\\u00e1sban\",\"previousItem\":{\"@type\":\"ListItem\",\"@id\":\"https:\\\/\\\/allasorias.hu\\\/hirek\\\/temak\\\/gazdasag\\\/#listItem\",\"name\":\"Gazdas\\u00e1g\"}}]},{\"@type\":\"Organization\",\"@id\":\"https:\\\/\\\/allasorias.hu\\\/hirek\\\/#organization\",\"name\":\"AllasOrias.hu | H\\u00edrek-lapszemle\",\"description\":\"\\u00dczleti h\\u00edrek az \\u00e1ll\\u00e1s \\u00e9s a munka vil\\u00e1g\\u00e1b\\u00f3l\",\"url\":\"https:\\\/\\\/allasorias.hu\\\/hirek\\\/\",\"logo\":{\"@type\":\"ImageObject\",\"url\":\"https:\\\/\\\/allasorias.hu\\\/hirek\\\/wp-content\\\/uploads\\\/2022\\\/10\\\/allasorias_site_facebok_logo.png\",\"@id\":\"https:\\\/\\\/allasorias.hu\\\/hirek\\\/torvenyi-valtozasok-a-csaladtamogatasban-es-a-nyugdijbiztositasban\\\/#organizationLogo\"},\"image\":{\"@id\":\"https:\\\/\\\/allasorias.hu\\\/hirek\\\/torvenyi-valtozasok-a-csaladtamogatasban-es-a-nyugdijbiztositasban\\\/#organizationLogo\"},\"sameAs\":[\"https:\\\/\\\/www.facebook.com\\\/allasorias\",\"https:\\\/\\\/www.linkedin.com\\\/company\\\/allasorias\"]},{\"@type\":\"Person\",\"@id\":\"https:\\\/\\\/allasorias.hu\\\/hirek\\\/author\\\/admin-allasorias\\\/#author\",\"url\":\"https:\\\/\\\/allasorias.hu\\\/hirek\\\/author\\\/admin-allasorias\\\/\",\"name\":\"Juh\\u00e1sz P\\u00e9ter\",\"image\":{\"@type\":\"ImageObject\",\"@id\":\"https:\\\/\\\/allasorias.hu\\\/hirek\\\/torvenyi-valtozasok-a-csaladtamogatasban-es-a-nyugdijbiztositasban\\\/#authorImage\",\"url\":\"https:\\\/\\\/secure.gravatar.com\\\/avatar\\\/36e6bcb83148978b992977cb0f54d22feb0cce8a0a849a9410532bb2623ba4c6?s=96&d=mm&r=g\",\"width\":96,\"height\":96,\"caption\":\"Juh\\u00e1sz P\\u00e9ter\"}},{\"@type\":\"WebPage\",\"@id\":\"https:\\\/\\\/allasorias.hu\\\/hirek\\\/torvenyi-valtozasok-a-csaladtamogatasban-es-a-nyugdijbiztositasban\\\/#webpage\",\"url\":\"https:\\\/\\\/allasorias.hu\\\/hirek\\\/torvenyi-valtozasok-a-csaladtamogatasban-es-a-nyugdijbiztositasban\\\/\",\"name\":\"T\\u00f6rv\\u00e9nyi v\\u00e1ltoz\\u00e1sok a csal\\u00e1dt\\u00e1mogat\\u00e1sban \\u00e9s a nyugd\\u00edjbiztos\\u00edt\\u00e1sban | AllasOrias.hu | H\\u00edrek-lapszemle\",\"description\":\"M\\u00e1r beny\\u00fajtotta a korm\\u00e1ny t\\u00f6rv\\u00e9nyjavaslat\\u00e1t egyes csal\\u00e1dt\\u00e1mogat\\u00e1si \\u00e9s nyugd\\u00edjbiztos\\u00edt\\u00e1si t\\u00e1rgy\\u00fa t\\u00f6rv\\u00e9nyek szab\\u00e1lyaiban. A m\\u00f3dos\\u00edt\\u00e1sok \\u00e9rintik a gyermekek v\\u00e9delm\\u00e9r\\u0151l \\u00e9s a gy\\u00e1m\\u00fcgyi igazgat\\u00e1sr\\u00f3l sz\\u00f3l\\u00f3 1997. \\u00e9vi XXXI. t\\u00f6rv\\u00e9nyt, a t\\u00e1rsadalombiztos\\u00edt\\u00e1si nyugell\\u00e1t\\u00e1sr\\u00f3l sz\\u00f3l\\u00f3 1997. \\u00e9vi LXXXI. t\\u00f6rv\\u00e9nyt \\u00e9s egy\\u00e9b hozz\\u00e1 kapcsol\\u00f3d\\u00f3 t\\u00f6rv\\u00e9nyeket, valamint a csal\\u00e1dok t\\u00e1mogat\\u00e1s\\u00e1r\\u00f3l sz\\u00f3l\\u00f3 1998. \\u00e9vi LXXXIV. t\\u00f6rv\\u00e9nyt. A gyermekek v\\u00e9delm\\u00e9r\\u0151l \\u00e9s a gy\\u00e1m\\u00fcgyi\",\"inLanguage\":\"hu-HU\",\"isPartOf\":{\"@id\":\"https:\\\/\\\/allasorias.hu\\\/hirek\\\/#website\"},\"breadcrumb\":{\"@id\":\"https:\\\/\\\/allasorias.hu\\\/hirek\\\/torvenyi-valtozasok-a-csaladtamogatasban-es-a-nyugdijbiztositasban\\\/#breadcrumblist\"},\"author\":{\"@id\":\"https:\\\/\\\/allasorias.hu\\\/hirek\\\/author\\\/admin-allasorias\\\/#author\"},\"creator\":{\"@id\":\"https:\\\/\\\/allasorias.hu\\\/hirek\\\/author\\\/admin-allasorias\\\/#author\"},\"image\":{\"@type\":\"ImageObject\",\"url\":\"https:\\\/\\\/allasorias.hu\\\/hirek\\\/wp-content\\\/uploads\\\/2018\\\/11\\\/family-support-services_0.jpg\",\"@id\":\"https:\\\/\\\/allasorias.hu\\\/hirek\\\/torvenyi-valtozasok-a-csaladtamogatasban-es-a-nyugdijbiztositasban\\\/#mainImage\",\"width\":300,\"height\":170},\"primaryImageOfPage\":{\"@id\":\"https:\\\/\\\/allasorias.hu\\\/hirek\\\/torvenyi-valtozasok-a-csaladtamogatasban-es-a-nyugdijbiztositasban\\\/#mainImage\"},\"datePublished\":\"2018-11-06T10:42:39+02:00\",\"dateModified\":\"2018-11-06T10:42:39+02:00\"},{\"@type\":\"WebSite\",\"@id\":\"https:\\\/\\\/allasorias.hu\\\/hirek\\\/#website\",\"url\":\"https:\\\/\\\/allasorias.hu\\\/hirek\\\/\",\"name\":\"AllasOrias.hu | H\\u00edrek-lapszemle\",\"description\":\"\\u00dczleti h\\u00edrek az \\u00e1ll\\u00e1s \\u00e9s a munka vil\\u00e1g\\u00e1b\\u00f3l\",\"inLanguage\":\"hu-HU\",\"publisher\":{\"@id\":\"https:\\\/\\\/allasorias.hu\\\/hirek\\\/#organization\"}}]}\n\t\t<\/script>\n\t\t<!-- All in One SEO -->\n\n","aioseo_head_json":{"title":"T\u00f6rv\u00e9nyi v\u00e1ltoz\u00e1sok a csal\u00e1dt\u00e1mogat\u00e1sban \u00e9s a nyugd\u00edjbiztos\u00edt\u00e1sban | AllasOrias.hu | H\u00edrek-lapszemle","description":"M\u00e1r beny\u00fajtotta a korm\u00e1ny t\u00f6rv\u00e9nyjavaslat\u00e1t egyes csal\u00e1dt\u00e1mogat\u00e1si \u00e9s nyugd\u00edjbiztos\u00edt\u00e1si t\u00e1rgy\u00fa t\u00f6rv\u00e9nyek szab\u00e1lyaiban. A m\u00f3dos\u00edt\u00e1sok \u00e9rintik a gyermekek v\u00e9delm\u00e9r\u0151l \u00e9s a gy\u00e1m\u00fcgyi igazgat\u00e1sr\u00f3l sz\u00f3l\u00f3 1997. \u00e9vi XXXI. t\u00f6rv\u00e9nyt, a t\u00e1rsadalombiztos\u00edt\u00e1si nyugell\u00e1t\u00e1sr\u00f3l sz\u00f3l\u00f3 1997. \u00e9vi LXXXI. t\u00f6rv\u00e9nyt \u00e9s egy\u00e9b hozz\u00e1 kapcsol\u00f3d\u00f3 t\u00f6rv\u00e9nyeket, valamint a csal\u00e1dok t\u00e1mogat\u00e1s\u00e1r\u00f3l sz\u00f3l\u00f3 1998. \u00e9vi LXXXIV. t\u00f6rv\u00e9nyt. A gyermekek v\u00e9delm\u00e9r\u0151l \u00e9s a gy\u00e1m\u00fcgyi","canonical_url":"https:\/\/allasorias.hu\/hirek\/torvenyi-valtozasok-a-csaladtamogatasban-es-a-nyugdijbiztositasban\/","robots":"max-image-preview:large","keywords":"","webmasterTools":{"miscellaneous":""},"schema":{"@context":"https:\/\/schema.org","@graph":[{"@type":"Article","@id":"https:\/\/allasorias.hu\/hirek\/torvenyi-valtozasok-a-csaladtamogatasban-es-a-nyugdijbiztositasban\/#article","name":"T\u00f6rv\u00e9nyi v\u00e1ltoz\u00e1sok a csal\u00e1dt\u00e1mogat\u00e1sban \u00e9s a nyugd\u00edjbiztos\u00edt\u00e1sban | AllasOrias.hu | H\u00edrek-lapszemle","headline":"T\u00f6rv\u00e9nyi v\u00e1ltoz\u00e1sok a csal\u00e1dt\u00e1mogat\u00e1sban \u00e9s a  nyugd\u00edjbiztos\u00edt\u00e1sban","author":{"@id":"https:\/\/allasorias.hu\/hirek\/author\/admin-allasorias\/#author"},"publisher":{"@id":"https:\/\/allasorias.hu\/hirek\/#organization"},"image":{"@type":"ImageObject","url":"https:\/\/allasorias.hu\/hirek\/wp-content\/uploads\/2018\/11\/family-support-services_0.jpg","width":300,"height":170},"datePublished":"2018-11-06T10:42:39+02:00","dateModified":"2018-11-06T10:42:39+02:00","inLanguage":"hu-HU","mainEntityOfPage":{"@id":"https:\/\/allasorias.hu\/hirek\/torvenyi-valtozasok-a-csaladtamogatasban-es-a-nyugdijbiztositasban\/#webpage"},"isPartOf":{"@id":"https:\/\/allasorias.hu\/hirek\/torvenyi-valtozasok-a-csaladtamogatasban-es-a-nyugdijbiztositasban\/#webpage"},"articleSection":"Gazdas\u00e1g"},{"@type":"BreadcrumbList","@id":"https:\/\/allasorias.hu\/hirek\/torvenyi-valtozasok-a-csaladtamogatasban-es-a-nyugdijbiztositasban\/#breadcrumblist","itemListElement":[{"@type":"ListItem","@id":"https:\/\/allasorias.hu\/hirek#listItem","position":1,"name":"Home","item":"https:\/\/allasorias.hu\/hirek","nextItem":{"@type":"ListItem","@id":"https:\/\/allasorias.hu\/hirek\/temak\/gazdasag\/#listItem","name":"Gazdas\u00e1g"}},{"@type":"ListItem","@id":"https:\/\/allasorias.hu\/hirek\/temak\/gazdasag\/#listItem","position":2,"name":"Gazdas\u00e1g","item":"https:\/\/allasorias.hu\/hirek\/temak\/gazdasag\/","nextItem":{"@type":"ListItem","@id":"https:\/\/allasorias.hu\/hirek\/torvenyi-valtozasok-a-csaladtamogatasban-es-a-nyugdijbiztositasban\/#listItem","name":"T\u00f6rv\u00e9nyi v\u00e1ltoz\u00e1sok a csal\u00e1dt\u00e1mogat\u00e1sban \u00e9s a  nyugd\u00edjbiztos\u00edt\u00e1sban"},"previousItem":{"@type":"ListItem","@id":"https:\/\/allasorias.hu\/hirek#listItem","name":"Home"}},{"@type":"ListItem","@id":"https:\/\/allasorias.hu\/hirek\/torvenyi-valtozasok-a-csaladtamogatasban-es-a-nyugdijbiztositasban\/#listItem","position":3,"name":"T\u00f6rv\u00e9nyi v\u00e1ltoz\u00e1sok a csal\u00e1dt\u00e1mogat\u00e1sban \u00e9s a  nyugd\u00edjbiztos\u00edt\u00e1sban","previousItem":{"@type":"ListItem","@id":"https:\/\/allasorias.hu\/hirek\/temak\/gazdasag\/#listItem","name":"Gazdas\u00e1g"}}]},{"@type":"Organization","@id":"https:\/\/allasorias.hu\/hirek\/#organization","name":"AllasOrias.hu | H\u00edrek-lapszemle","description":"\u00dczleti h\u00edrek az \u00e1ll\u00e1s \u00e9s a munka vil\u00e1g\u00e1b\u00f3l","url":"https:\/\/allasorias.hu\/hirek\/","logo":{"@type":"ImageObject","url":"https:\/\/allasorias.hu\/hirek\/wp-content\/uploads\/2022\/10\/allasorias_site_facebok_logo.png","@id":"https:\/\/allasorias.hu\/hirek\/torvenyi-valtozasok-a-csaladtamogatasban-es-a-nyugdijbiztositasban\/#organizationLogo"},"image":{"@id":"https:\/\/allasorias.hu\/hirek\/torvenyi-valtozasok-a-csaladtamogatasban-es-a-nyugdijbiztositasban\/#organizationLogo"},"sameAs":["https:\/\/www.facebook.com\/allasorias","https:\/\/www.linkedin.com\/company\/allasorias"]},{"@type":"Person","@id":"https:\/\/allasorias.hu\/hirek\/author\/admin-allasorias\/#author","url":"https:\/\/allasorias.hu\/hirek\/author\/admin-allasorias\/","name":"Juh\u00e1sz P\u00e9ter","image":{"@type":"ImageObject","@id":"https:\/\/allasorias.hu\/hirek\/torvenyi-valtozasok-a-csaladtamogatasban-es-a-nyugdijbiztositasban\/#authorImage","url":"https:\/\/secure.gravatar.com\/avatar\/36e6bcb83148978b992977cb0f54d22feb0cce8a0a849a9410532bb2623ba4c6?s=96&d=mm&r=g","width":96,"height":96,"caption":"Juh\u00e1sz P\u00e9ter"}},{"@type":"WebPage","@id":"https:\/\/allasorias.hu\/hirek\/torvenyi-valtozasok-a-csaladtamogatasban-es-a-nyugdijbiztositasban\/#webpage","url":"https:\/\/allasorias.hu\/hirek\/torvenyi-valtozasok-a-csaladtamogatasban-es-a-nyugdijbiztositasban\/","name":"T\u00f6rv\u00e9nyi v\u00e1ltoz\u00e1sok a csal\u00e1dt\u00e1mogat\u00e1sban \u00e9s a nyugd\u00edjbiztos\u00edt\u00e1sban | AllasOrias.hu | H\u00edrek-lapszemle","description":"M\u00e1r beny\u00fajtotta a korm\u00e1ny t\u00f6rv\u00e9nyjavaslat\u00e1t egyes csal\u00e1dt\u00e1mogat\u00e1si \u00e9s nyugd\u00edjbiztos\u00edt\u00e1si t\u00e1rgy\u00fa t\u00f6rv\u00e9nyek szab\u00e1lyaiban. A m\u00f3dos\u00edt\u00e1sok \u00e9rintik a gyermekek v\u00e9delm\u00e9r\u0151l \u00e9s a gy\u00e1m\u00fcgyi igazgat\u00e1sr\u00f3l sz\u00f3l\u00f3 1997. \u00e9vi XXXI. t\u00f6rv\u00e9nyt, a t\u00e1rsadalombiztos\u00edt\u00e1si nyugell\u00e1t\u00e1sr\u00f3l sz\u00f3l\u00f3 1997. \u00e9vi LXXXI. t\u00f6rv\u00e9nyt \u00e9s egy\u00e9b hozz\u00e1 kapcsol\u00f3d\u00f3 t\u00f6rv\u00e9nyeket, valamint a csal\u00e1dok t\u00e1mogat\u00e1s\u00e1r\u00f3l sz\u00f3l\u00f3 1998. \u00e9vi LXXXIV. t\u00f6rv\u00e9nyt. A gyermekek v\u00e9delm\u00e9r\u0151l \u00e9s a gy\u00e1m\u00fcgyi","inLanguage":"hu-HU","isPartOf":{"@id":"https:\/\/allasorias.hu\/hirek\/#website"},"breadcrumb":{"@id":"https:\/\/allasorias.hu\/hirek\/torvenyi-valtozasok-a-csaladtamogatasban-es-a-nyugdijbiztositasban\/#breadcrumblist"},"author":{"@id":"https:\/\/allasorias.hu\/hirek\/author\/admin-allasorias\/#author"},"creator":{"@id":"https:\/\/allasorias.hu\/hirek\/author\/admin-allasorias\/#author"},"image":{"@type":"ImageObject","url":"https:\/\/allasorias.hu\/hirek\/wp-content\/uploads\/2018\/11\/family-support-services_0.jpg","@id":"https:\/\/allasorias.hu\/hirek\/torvenyi-valtozasok-a-csaladtamogatasban-es-a-nyugdijbiztositasban\/#mainImage","width":300,"height":170},"primaryImageOfPage":{"@id":"https:\/\/allasorias.hu\/hirek\/torvenyi-valtozasok-a-csaladtamogatasban-es-a-nyugdijbiztositasban\/#mainImage"},"datePublished":"2018-11-06T10:42:39+02:00","dateModified":"2018-11-06T10:42:39+02:00"},{"@type":"WebSite","@id":"https:\/\/allasorias.hu\/hirek\/#website","url":"https:\/\/allasorias.hu\/hirek\/","name":"AllasOrias.hu | H\u00edrek-lapszemle","description":"\u00dczleti h\u00edrek az \u00e1ll\u00e1s \u00e9s a munka vil\u00e1g\u00e1b\u00f3l","inLanguage":"hu-HU","publisher":{"@id":"https:\/\/allasorias.hu\/hirek\/#organization"}}]},"og:locale":"hu_HU","og:site_name":"AllasOrias.hu | H\u00edrek-lapszemle | \u00dczleti h\u00edrek az \u00e1ll\u00e1s \u00e9s a munka vil\u00e1g\u00e1b\u00f3l","og:type":"article","og:title":"T\u00f6rv\u00e9nyi v\u00e1ltoz\u00e1sok a csal\u00e1dt\u00e1mogat\u00e1sban \u00e9s a nyugd\u00edjbiztos\u00edt\u00e1sban | AllasOrias.hu | H\u00edrek-lapszemle","og:description":"M\u00e1r beny\u00fajtotta a korm\u00e1ny t\u00f6rv\u00e9nyjavaslat\u00e1t egyes csal\u00e1dt\u00e1mogat\u00e1si \u00e9s nyugd\u00edjbiztos\u00edt\u00e1si t\u00e1rgy\u00fa t\u00f6rv\u00e9nyek szab\u00e1lyaiban. A m\u00f3dos\u00edt\u00e1sok \u00e9rintik a gyermekek v\u00e9delm\u00e9r\u0151l \u00e9s a gy\u00e1m\u00fcgyi igazgat\u00e1sr\u00f3l sz\u00f3l\u00f3 1997. \u00e9vi XXXI. t\u00f6rv\u00e9nyt, a t\u00e1rsadalombiztos\u00edt\u00e1si nyugell\u00e1t\u00e1sr\u00f3l sz\u00f3l\u00f3 1997. \u00e9vi LXXXI. t\u00f6rv\u00e9nyt \u00e9s egy\u00e9b hozz\u00e1 kapcsol\u00f3d\u00f3 t\u00f6rv\u00e9nyeket, valamint a csal\u00e1dok t\u00e1mogat\u00e1s\u00e1r\u00f3l sz\u00f3l\u00f3 1998. \u00e9vi LXXXIV. t\u00f6rv\u00e9nyt. A gyermekek v\u00e9delm\u00e9r\u0151l \u00e9s a gy\u00e1m\u00fcgyi","og:url":"https:\/\/allasorias.hu\/hirek\/torvenyi-valtozasok-a-csaladtamogatasban-es-a-nyugdijbiztositasban\/","og:image":"https:\/\/allasorias.hu\/hirek\/wp-content\/uploads\/2018\/11\/family-support-services_0.jpg","og:image:secure_url":"https:\/\/allasorias.hu\/hirek\/wp-content\/uploads\/2018\/11\/family-support-services_0.jpg","og:image:width":300,"og:image:height":170,"article:published_time":"2018-11-06T10:42:39+00:00","article:modified_time":"2018-11-06T10:42:39+00:00","article:publisher":"https:\/\/www.facebook.com\/allasorias","twitter:card":"summary_large_image","twitter:title":"T\u00f6rv\u00e9nyi v\u00e1ltoz\u00e1sok a csal\u00e1dt\u00e1mogat\u00e1sban \u00e9s a nyugd\u00edjbiztos\u00edt\u00e1sban | AllasOrias.hu | H\u00edrek-lapszemle","twitter:description":"M\u00e1r beny\u00fajtotta a korm\u00e1ny t\u00f6rv\u00e9nyjavaslat\u00e1t egyes csal\u00e1dt\u00e1mogat\u00e1si \u00e9s nyugd\u00edjbiztos\u00edt\u00e1si t\u00e1rgy\u00fa t\u00f6rv\u00e9nyek szab\u00e1lyaiban. A m\u00f3dos\u00edt\u00e1sok \u00e9rintik a gyermekek v\u00e9delm\u00e9r\u0151l \u00e9s a gy\u00e1m\u00fcgyi igazgat\u00e1sr\u00f3l sz\u00f3l\u00f3 1997. \u00e9vi XXXI. t\u00f6rv\u00e9nyt, a t\u00e1rsadalombiztos\u00edt\u00e1si nyugell\u00e1t\u00e1sr\u00f3l sz\u00f3l\u00f3 1997. \u00e9vi LXXXI. t\u00f6rv\u00e9nyt \u00e9s egy\u00e9b hozz\u00e1 kapcsol\u00f3d\u00f3 t\u00f6rv\u00e9nyeket, valamint a csal\u00e1dok t\u00e1mogat\u00e1s\u00e1r\u00f3l sz\u00f3l\u00f3 1998. \u00e9vi LXXXIV. t\u00f6rv\u00e9nyt. A gyermekek v\u00e9delm\u00e9r\u0151l \u00e9s a gy\u00e1m\u00fcgyi","twitter:image":"https:\/\/allasorias.hu\/hirek\/wp-content\/uploads\/2018\/11\/family-support-services_0.jpg","twitter:label1":"Written by","twitter:data1":"Juh\u00e1sz P\u00e9ter","twitter:label2":"Est. reading time","twitter:data2":"2 minutes"},"aioseo_meta_data":{"post_id":"2112","title":null,"description":null,"keywords":null,"keyphrases":null,"primary_term":null,"canonical_url":null,"og_title":null,"og_description":null,"og_object_type":"default","og_image_type":"default","og_image_url":null,"og_image_width":null,"og_image_height":null,"og_image_custom_url":null,"og_image_custom_fields":null,"og_video":null,"og_custom_url":null,"og_article_section":null,"og_article_tags":null,"twitter_use_og":false,"twitter_card":"default","twitter_image_type":"default","twitter_image_url":null,"twitter_image_custom_url":null,"twitter_image_custom_fields":null,"twitter_title":null,"twitter_description":null,"schema":{"blockGraphs":[],"customGraphs":[],"default":{"data":{"Article":[],"Course":[],"Dataset":[],"FAQPage":[],"Movie":[],"Person":[],"Product":[],"ProductReview":[],"Car":[],"Recipe":[],"Service":[],"SoftwareApplication":[],"WebPage":[]},"graphName":"","isEnabled":true},"graphs":[]},"schema_type":null,"schema_type_options":null,"pillar_content":false,"robots_default":true,"robots_noindex":false,"robots_noarchive":false,"robots_nosnippet":false,"robots_nofollow":false,"robots_noimageindex":false,"robots_noodp":false,"robots_notranslate":false,"robots_max_snippet":null,"robots_max_videopreview":null,"robots_max_imagepreview":"large","priority":null,"frequency":null,"location":null,"local_seo":null,"breadcrumb_settings":null,"limit_modified_date":false,"ai":null,"created":"2021-02-01 20:44:36","updated":"2025-10-02 09:12:23","seo_analyzer_scan_date":null,"focus_keyword":null,"additional_keywords":null,"truseo_locale":null},"aioseo_breadcrumb":"<div class=\"aioseo-breadcrumbs\"><span class=\"aioseo-breadcrumb\">\n\t\t\t<a href=\"https:\/\/allasorias.hu\/hirek\" title=\"Home\">Home<\/a>\n\t\t<\/span><span class=\"aioseo-breadcrumb-separator\">&raquo;<\/span><span class=\"aioseo-breadcrumb\">\n\t\t\t<a href=\"https:\/\/allasorias.hu\/hirek\/temak\/gazdasag\/\" title=\"Gazdas\u00e1g\">Gazdas\u00e1g<\/a>\n\t\t<\/span><span class=\"aioseo-breadcrumb-separator\">&raquo;<\/span><span class=\"aioseo-breadcrumb\">\n\t\t\tT\u00f6rv\u00e9nyi v\u00e1ltoz\u00e1sok a csal\u00e1dt\u00e1mogat\u00e1sban \u00e9s a  nyugd\u00edjbiztos\u00edt\u00e1sban\n\t\t<\/span><\/div>","aioseo_breadcrumb_json":[{"label":"Home","link":"https:\/\/allasorias.hu\/hirek"},{"label":"Gazdas\u00e1g","link":"https:\/\/allasorias.hu\/hirek\/temak\/gazdasag\/"},{"label":"T\u00f6rv\u00e9nyi v\u00e1ltoz\u00e1sok a csal\u00e1dt\u00e1mogat\u00e1sban \u00e9s a  nyugd\u00edjbiztos\u00edt\u00e1sban","link":"https:\/\/allasorias.hu\/hirek\/torvenyi-valtozasok-a-csaladtamogatasban-es-a-nyugdijbiztositasban\/"}],"_links":{"self":[{"href":"https:\/\/allasorias.hu\/hirek\/wp-json\/wp\/v2\/posts\/2112","targetHints":{"allow":["GET"]}}],"collection":[{"href":"https:\/\/allasorias.hu\/hirek\/wp-json\/wp\/v2\/posts"}],"about":[{"href":"https:\/\/allasorias.hu\/hirek\/wp-json\/wp\/v2\/types\/post"}],"author":[{"embeddable":true,"href":"https:\/\/allasorias.hu\/hirek\/wp-json\/wp\/v2\/users\/1"}],"replies":[{"embeddable":true,"href":"https:\/\/allasorias.hu\/hirek\/wp-json\/wp\/v2\/comments?post=2112"}],"version-history":[{"count":1,"href":"https:\/\/allasorias.hu\/hirek\/wp-json\/wp\/v2\/posts\/2112\/revisions"}],"predecessor-version":[{"id":2114,"href":"https:\/\/allasorias.hu\/hirek\/wp-json\/wp\/v2\/posts\/2112\/revisions\/2114"}],"wp:featuredmedia":[{"embeddable":true,"href":"https:\/\/allasorias.hu\/hirek\/wp-json\/wp\/v2\/media\/2113"}],"wp:attachment":[{"href":"https:\/\/allasorias.hu\/hirek\/wp-json\/wp\/v2\/media?parent=2112"}],"wp:term":[{"taxonomy":"category","embeddable":true,"href":"https:\/\/allasorias.hu\/hirek\/wp-json\/wp\/v2\/categories?post=2112"},{"taxonomy":"post_tag","embeddable":true,"href":"https:\/\/allasorias.hu\/hirek\/wp-json\/wp\/v2\/tags?post=2112"}],"curies":[{"name":"wp","href":"https:\/\/api.w.org\/{rel}","templated":true}]}}