{"id":2100,"date":"2018-11-04T10:18:29","date_gmt":"2018-11-04T10:18:29","guid":{"rendered":"https:\/\/allasorias.hu\/hirek\/?p=2100"},"modified":"2018-11-06T10:18:51","modified_gmt":"2018-11-06T10:18:51","slug":"hol-vannak-a-magyar-munkasok","status":"publish","type":"post","link":"https:\/\/allasorias.hu\/hirek\/hol-vannak-a-magyar-munkasok\/","title":{"rendered":"Hol vannak a magyar munk\u00e1sok ?"},"content":{"rendered":"<p><strong>Kevesebb a magyar dolgoz\u00f3k sz\u00e1ma, der\u00fcl ki a K\u00f6zponti Statisztikai Hivatal friss jelent\u00e9s\u00e9b\u0151l. 2018 harmadik negyed\u00e9v\u00e9ben \u00a04,486 milli\u00f3 foglalkoztatott volt a 15-74 \u00e9ves koroszt\u00e1lyban, ami a m\u00e1sodik negyed\u00e9vhez k\u00e9pest mind\u00f6ssze 12 ezerrel jelent t\u00f6bb embert. Holott a munkaer\u0151piac szezonalit\u00e1s\u00e1b\u00f3l fakad\u00f3an ez az \u00e9v azon id\u0151szaka, amikor m\u00e9g szignifik\u00e1ns m\u00e9rt\u00e9kben emelkedik a dolgoz\u00f3k l\u00e9tsz\u00e1ma. A kor\u00e1bbi \u00e9vekben 40-60 ezer f\u0151s n\u00f6veked\u00e9s volt megfigyelhet\u0151, ehhez k\u00e9pest a mostani 12 ezer f\u0151t ak\u00e1r stagn\u00e1l\u00e1snak is tekinthetj\u00fck.<\/strong><\/p>\n<p>A t\u00f6bb mint 80 ezer \u00fcres \u00e1ll\u00e1shelyet a piacon l\u00e9v\u0151 178 ezer munkan\u00e9lk\u00fcli nem tudja bet\u00f6lteni, r\u00e9szben f\u00f6ldrajzi okok miatt r\u00e9szben pedig a piac keresleti \u00e9s k\u00edn\u00e1lati oldal\u00e1nak elt\u00e9r\u0151s\u00e9ge miatt. A harmadik negyed\u00e9vben r\u00e1ad\u00e1sul majdnem 14 ezerrel lett t\u00f6bb munkan\u00e9lk\u00fcli. J\u00fanius v\u00e9ge \u00e9s szeptember v\u00e9ge k\u00f6z\u00f6tt a szezon\u00e1lis mez\u0151gazdas\u00e1gi \u00e9s \u00e9p\u00edt\u0151ipari munk\u00e1k sz\u00e9p sz\u00e1mmal biztos\u00edtanak munkalehet\u0151s\u00e9get, m\u00e9g ha csak \u00e1tmeneti jelleggel is. Ezek pedig t\u00edzezr\u00e9vel sz\u00edvhatj\u00e1k fel a piacr\u00f3l a munkan\u00e9lk\u00fclieket. Ennek k\u00f6sz\u00f6nhet\u0151 az is, hogy a kor\u00e1bbi \u00e9vekben ilyenkor 15-30 ezerrel is cs\u00f6kkent a munkan\u00e9lk\u00fcliek sz\u00e1ma. Mindez pedig arra utal, hogy a piac el\u00e9rte a cs\u00facspontj\u00e1t, a foglalkoztat\u00e1s tov\u00e1bbi b\u0151v\u00edt\u00e9se, a munkan\u00e9lk\u00fcliek sz\u00e1m\u00e1nak cs\u00f6kkent\u00e9se egyre nagyobb kih\u00edv\u00e1st fog jelenteni.<\/p>\n<p><em>Forr\u00e1s: privatbankar.hu<\/em><\/p>\n","protected":false},"excerpt":{"rendered":"<p>Kevesebb a magyar dolgoz\u00f3k sz\u00e1ma, der\u00fcl ki a K\u00f6zponti Statisztikai Hivatal friss jelent\u00e9s\u00e9b\u0151l. 2018 harmadik negyed\u00e9v\u00e9ben \u00a04,486 milli\u00f3 foglalkoztatott volt a 15-74 \u00e9ves koroszt\u00e1lyban, ami a m\u00e1sodik negyed\u00e9vhez k\u00e9pest mind\u00f6ssze 12 ezerrel jelent t\u00f6bb embert. Holott a munkaer\u0151piac szezonalit\u00e1s\u00e1b\u00f3l fakad\u00f3an ez az \u00e9v azon id\u0151szaka, amikor m\u00e9g szignifik\u00e1ns m\u00e9rt\u00e9kben emelkedik a dolgoz\u00f3k l\u00e9tsz\u00e1ma. A kor\u00e1bbi [&hellip;]<\/p>\n","protected":false},"author":1,"featured_media":2101,"comment_status":"open","ping_status":"open","sticky":false,"template":"","format":"standard","meta":{"_monsterinsights_skip_tracking":false,"footnotes":""},"categories":[1,198,200],"tags":[],"class_list":["post-2100","post","type-post","status-publish","format-standard","has-post-thumbnail","hentry","category-allaskereses","category-gazdasag","category-munkaeropiac"],"aioseo_notices":[],"aioseo_head":"\n\t\t<!-- All in One SEO 5.0.0.1 - aioseo.com -->\n\t<meta name=\"description\" content=\"Kevesebb a magyar dolgoz\u00f3k sz\u00e1ma, der\u00fcl ki a K\u00f6zponti Statisztikai Hivatal friss jelent\u00e9s\u00e9b\u0151l. 2018 harmadik negyed\u00e9v\u00e9ben 4,486 milli\u00f3 foglalkoztatott volt a 15-74 \u00e9ves koroszt\u00e1lyban, ami a m\u00e1sodik negyed\u00e9vhez k\u00e9pest mind\u00f6ssze 12 ezerrel jelent t\u00f6bb embert. Holott a munkaer\u0151piac szezonalit\u00e1s\u00e1b\u00f3l fakad\u00f3an ez az \u00e9v azon id\u0151szaka, amikor m\u00e9g szignifik\u00e1ns m\u00e9rt\u00e9kben emelkedik a dolgoz\u00f3k l\u00e9tsz\u00e1ma. A kor\u00e1bbi\" \/>\n\t<meta name=\"robots\" content=\"max-image-preview:large\" \/>\n\t<meta name=\"author\" content=\"Juh\u00e1sz P\u00e9ter\"\/>\n\t<link rel=\"canonical\" href=\"https:\/\/allasorias.hu\/hirek\/hol-vannak-a-magyar-munkasok\/\" \/>\n\t<meta name=\"generator\" content=\"All in One SEO (AIOSEO) 5.0.0.1\" \/>\n\t\t<meta property=\"og:locale\" content=\"hu_HU\" \/>\n\t\t<meta property=\"og:site_name\" content=\"AllasOrias.hu | H\u00edrek-lapszemle | \u00dczleti h\u00edrek az \u00e1ll\u00e1s \u00e9s a munka vil\u00e1g\u00e1b\u00f3l\" \/>\n\t\t<meta property=\"og:type\" content=\"article\" \/>\n\t\t<meta property=\"og:title\" content=\"Hol vannak a magyar munk\u00e1sok ? | AllasOrias.hu | H\u00edrek-lapszemle\" \/>\n\t\t<meta property=\"og:description\" content=\"Kevesebb a magyar dolgoz\u00f3k sz\u00e1ma, der\u00fcl ki a K\u00f6zponti Statisztikai Hivatal friss jelent\u00e9s\u00e9b\u0151l. 2018 harmadik negyed\u00e9v\u00e9ben 4,486 milli\u00f3 foglalkoztatott volt a 15-74 \u00e9ves koroszt\u00e1lyban, ami a m\u00e1sodik negyed\u00e9vhez k\u00e9pest mind\u00f6ssze 12 ezerrel jelent t\u00f6bb embert. Holott a munkaer\u0151piac szezonalit\u00e1s\u00e1b\u00f3l fakad\u00f3an ez az \u00e9v azon id\u0151szaka, amikor m\u00e9g szignifik\u00e1ns m\u00e9rt\u00e9kben emelkedik a dolgoz\u00f3k l\u00e9tsz\u00e1ma. A kor\u00e1bbi\" \/>\n\t\t<meta property=\"og:url\" content=\"https:\/\/allasorias.hu\/hirek\/hol-vannak-a-magyar-munkasok\/\" \/>\n\t\t<meta property=\"og:image\" content=\"https:\/\/allasorias.hu\/hirek\/wp-content\/uploads\/2018\/11\/turn-on-2925962_640.jpg\" \/>\n\t\t<meta property=\"og:image:secure_url\" content=\"https:\/\/allasorias.hu\/hirek\/wp-content\/uploads\/2018\/11\/turn-on-2925962_640.jpg\" \/>\n\t\t<meta property=\"og:image:width\" content=\"640\" \/>\n\t\t<meta property=\"og:image:height\" content=\"400\" \/>\n\t\t<meta property=\"article:published_time\" content=\"2018-11-04T10:18:29+00:00\" \/>\n\t\t<meta property=\"article:modified_time\" content=\"2018-11-06T10:18:51+00:00\" \/>\n\t\t<meta property=\"article:publisher\" content=\"https:\/\/www.facebook.com\/allasorias\" \/>\n\t\t<meta name=\"twitter:card\" content=\"summary_large_image\" \/>\n\t\t<meta name=\"twitter:title\" content=\"Hol vannak a magyar munk\u00e1sok ? | AllasOrias.hu | H\u00edrek-lapszemle\" \/>\n\t\t<meta name=\"twitter:description\" content=\"Kevesebb a magyar dolgoz\u00f3k sz\u00e1ma, der\u00fcl ki a K\u00f6zponti Statisztikai Hivatal friss jelent\u00e9s\u00e9b\u0151l. 2018 harmadik negyed\u00e9v\u00e9ben 4,486 milli\u00f3 foglalkoztatott volt a 15-74 \u00e9ves koroszt\u00e1lyban, ami a m\u00e1sodik negyed\u00e9vhez k\u00e9pest mind\u00f6ssze 12 ezerrel jelent t\u00f6bb embert. Holott a munkaer\u0151piac szezonalit\u00e1s\u00e1b\u00f3l fakad\u00f3an ez az \u00e9v azon id\u0151szaka, amikor m\u00e9g szignifik\u00e1ns m\u00e9rt\u00e9kben emelkedik a dolgoz\u00f3k l\u00e9tsz\u00e1ma. A kor\u00e1bbi\" \/>\n\t\t<meta name=\"twitter:image\" content=\"https:\/\/allasorias.hu\/hirek\/wp-content\/uploads\/2018\/11\/turn-on-2925962_640.jpg\" \/>\n\t\t<meta name=\"twitter:label1\" content=\"Written by\" \/>\n\t\t<meta name=\"twitter:data1\" content=\"Juh\u00e1sz P\u00e9ter\" \/>\n\t\t<meta name=\"twitter:label2\" content=\"Est. reading time\" \/>\n\t\t<meta name=\"twitter:data2\" content=\"1 minute\" \/>\n\t\t<script type=\"application\/ld+json\" class=\"aioseo-schema\">\n\t\t\t{\"@context\":\"https:\\\/\\\/schema.org\",\"@graph\":[{\"@type\":\"Article\",\"@id\":\"https:\\\/\\\/allasorias.hu\\\/hirek\\\/hol-vannak-a-magyar-munkasok\\\/#article\",\"name\":\"Hol vannak a magyar munk\\u00e1sok ? | AllasOrias.hu | H\\u00edrek-lapszemle\",\"headline\":\"Hol vannak a magyar munk\\u00e1sok ?\",\"author\":{\"@id\":\"https:\\\/\\\/allasorias.hu\\\/hirek\\\/author\\\/admin-allasorias\\\/#author\"},\"publisher\":{\"@id\":\"https:\\\/\\\/allasorias.hu\\\/hirek\\\/#organization\"},\"image\":{\"@type\":\"ImageObject\",\"url\":\"https:\\\/\\\/allasorias.hu\\\/hirek\\\/wp-content\\\/uploads\\\/2018\\\/11\\\/turn-on-2925962_640.jpg\",\"width\":640,\"height\":400},\"datePublished\":\"2018-11-04T10:18:29+02:00\",\"dateModified\":\"2018-11-06T10:18:51+02:00\",\"inLanguage\":\"hu-HU\",\"mainEntityOfPage\":{\"@id\":\"https:\\\/\\\/allasorias.hu\\\/hirek\\\/hol-vannak-a-magyar-munkasok\\\/#webpage\"},\"isPartOf\":{\"@id\":\"https:\\\/\\\/allasorias.hu\\\/hirek\\\/hol-vannak-a-magyar-munkasok\\\/#webpage\"},\"articleSection\":\"\\u00c1ll\\u00e1skeres\\u00e9s, Gazdas\\u00e1g, Munkaer\\u0151piac\"},{\"@type\":\"BreadcrumbList\",\"@id\":\"https:\\\/\\\/allasorias.hu\\\/hirek\\\/hol-vannak-a-magyar-munkasok\\\/#breadcrumblist\",\"itemListElement\":[{\"@type\":\"ListItem\",\"@id\":\"https:\\\/\\\/allasorias.hu\\\/hirek#listItem\",\"position\":1,\"name\":\"Home\",\"item\":\"https:\\\/\\\/allasorias.hu\\\/hirek\",\"nextItem\":{\"@type\":\"ListItem\",\"@id\":\"https:\\\/\\\/allasorias.hu\\\/hirek\\\/temak\\\/allaskereses\\\/#listItem\",\"name\":\"\\u00c1ll\\u00e1skeres\\u00e9s\"}},{\"@type\":\"ListItem\",\"@id\":\"https:\\\/\\\/allasorias.hu\\\/hirek\\\/temak\\\/allaskereses\\\/#listItem\",\"position\":2,\"name\":\"\\u00c1ll\\u00e1skeres\\u00e9s\",\"item\":\"https:\\\/\\\/allasorias.hu\\\/hirek\\\/temak\\\/allaskereses\\\/\",\"nextItem\":{\"@type\":\"ListItem\",\"@id\":\"https:\\\/\\\/allasorias.hu\\\/hirek\\\/hol-vannak-a-magyar-munkasok\\\/#listItem\",\"name\":\"Hol vannak a magyar munk\\u00e1sok ?\"},\"previousItem\":{\"@type\":\"ListItem\",\"@id\":\"https:\\\/\\\/allasorias.hu\\\/hirek#listItem\",\"name\":\"Home\"}},{\"@type\":\"ListItem\",\"@id\":\"https:\\\/\\\/allasorias.hu\\\/hirek\\\/hol-vannak-a-magyar-munkasok\\\/#listItem\",\"position\":3,\"name\":\"Hol vannak a magyar munk\\u00e1sok ?\",\"previousItem\":{\"@type\":\"ListItem\",\"@id\":\"https:\\\/\\\/allasorias.hu\\\/hirek\\\/temak\\\/allaskereses\\\/#listItem\",\"name\":\"\\u00c1ll\\u00e1skeres\\u00e9s\"}}]},{\"@type\":\"Organization\",\"@id\":\"https:\\\/\\\/allasorias.hu\\\/hirek\\\/#organization\",\"name\":\"AllasOrias.hu | H\\u00edrek-lapszemle\",\"description\":\"\\u00dczleti h\\u00edrek az \\u00e1ll\\u00e1s \\u00e9s a munka vil\\u00e1g\\u00e1b\\u00f3l\",\"url\":\"https:\\\/\\\/allasorias.hu\\\/hirek\\\/\",\"logo\":{\"@type\":\"ImageObject\",\"url\":\"https:\\\/\\\/allasorias.hu\\\/hirek\\\/wp-content\\\/uploads\\\/2022\\\/10\\\/allasorias_site_facebok_logo.png\",\"@id\":\"https:\\\/\\\/allasorias.hu\\\/hirek\\\/hol-vannak-a-magyar-munkasok\\\/#organizationLogo\"},\"image\":{\"@id\":\"https:\\\/\\\/allasorias.hu\\\/hirek\\\/hol-vannak-a-magyar-munkasok\\\/#organizationLogo\"},\"sameAs\":[\"https:\\\/\\\/www.facebook.com\\\/allasorias\",\"https:\\\/\\\/www.linkedin.com\\\/company\\\/allasorias\"]},{\"@type\":\"Person\",\"@id\":\"https:\\\/\\\/allasorias.hu\\\/hirek\\\/author\\\/admin-allasorias\\\/#author\",\"url\":\"https:\\\/\\\/allasorias.hu\\\/hirek\\\/author\\\/admin-allasorias\\\/\",\"name\":\"Juh\\u00e1sz P\\u00e9ter\",\"image\":{\"@type\":\"ImageObject\",\"@id\":\"https:\\\/\\\/allasorias.hu\\\/hirek\\\/hol-vannak-a-magyar-munkasok\\\/#authorImage\",\"url\":\"https:\\\/\\\/secure.gravatar.com\\\/avatar\\\/36e6bcb83148978b992977cb0f54d22feb0cce8a0a849a9410532bb2623ba4c6?s=96&d=mm&r=g\",\"width\":96,\"height\":96,\"caption\":\"Juh\\u00e1sz P\\u00e9ter\"}},{\"@type\":\"WebPage\",\"@id\":\"https:\\\/\\\/allasorias.hu\\\/hirek\\\/hol-vannak-a-magyar-munkasok\\\/#webpage\",\"url\":\"https:\\\/\\\/allasorias.hu\\\/hirek\\\/hol-vannak-a-magyar-munkasok\\\/\",\"name\":\"Hol vannak a magyar munk\\u00e1sok ? | AllasOrias.hu | H\\u00edrek-lapszemle\",\"description\":\"Kevesebb a magyar dolgoz\\u00f3k sz\\u00e1ma, der\\u00fcl ki a K\\u00f6zponti Statisztikai Hivatal friss jelent\\u00e9s\\u00e9b\\u0151l. 2018 harmadik negyed\\u00e9v\\u00e9ben 4,486 milli\\u00f3 foglalkoztatott volt a 15-74 \\u00e9ves koroszt\\u00e1lyban, ami a m\\u00e1sodik negyed\\u00e9vhez k\\u00e9pest mind\\u00f6ssze 12 ezerrel jelent t\\u00f6bb embert. Holott a munkaer\\u0151piac szezonalit\\u00e1s\\u00e1b\\u00f3l fakad\\u00f3an ez az \\u00e9v azon id\\u0151szaka, amikor m\\u00e9g szignifik\\u00e1ns m\\u00e9rt\\u00e9kben emelkedik a dolgoz\\u00f3k l\\u00e9tsz\\u00e1ma. A kor\\u00e1bbi\",\"inLanguage\":\"hu-HU\",\"isPartOf\":{\"@id\":\"https:\\\/\\\/allasorias.hu\\\/hirek\\\/#website\"},\"breadcrumb\":{\"@id\":\"https:\\\/\\\/allasorias.hu\\\/hirek\\\/hol-vannak-a-magyar-munkasok\\\/#breadcrumblist\"},\"author\":{\"@id\":\"https:\\\/\\\/allasorias.hu\\\/hirek\\\/author\\\/admin-allasorias\\\/#author\"},\"creator\":{\"@id\":\"https:\\\/\\\/allasorias.hu\\\/hirek\\\/author\\\/admin-allasorias\\\/#author\"},\"image\":{\"@type\":\"ImageObject\",\"url\":\"https:\\\/\\\/allasorias.hu\\\/hirek\\\/wp-content\\\/uploads\\\/2018\\\/11\\\/turn-on-2925962_640.jpg\",\"@id\":\"https:\\\/\\\/allasorias.hu\\\/hirek\\\/hol-vannak-a-magyar-munkasok\\\/#mainImage\",\"width\":640,\"height\":400},\"primaryImageOfPage\":{\"@id\":\"https:\\\/\\\/allasorias.hu\\\/hirek\\\/hol-vannak-a-magyar-munkasok\\\/#mainImage\"},\"datePublished\":\"2018-11-04T10:18:29+02:00\",\"dateModified\":\"2018-11-06T10:18:51+02:00\"},{\"@type\":\"WebSite\",\"@id\":\"https:\\\/\\\/allasorias.hu\\\/hirek\\\/#website\",\"url\":\"https:\\\/\\\/allasorias.hu\\\/hirek\\\/\",\"name\":\"AllasOrias.hu | H\\u00edrek-lapszemle\",\"description\":\"\\u00dczleti h\\u00edrek az \\u00e1ll\\u00e1s \\u00e9s a munka vil\\u00e1g\\u00e1b\\u00f3l\",\"inLanguage\":\"hu-HU\",\"publisher\":{\"@id\":\"https:\\\/\\\/allasorias.hu\\\/hirek\\\/#organization\"}}]}\n\t\t<\/script>\n\t\t<!-- All in One SEO -->\n\n","aioseo_head_json":{"title":"Hol vannak a magyar munk\u00e1sok ? | AllasOrias.hu | H\u00edrek-lapszemle","description":"Kevesebb a magyar dolgoz\u00f3k sz\u00e1ma, der\u00fcl ki a K\u00f6zponti Statisztikai Hivatal friss jelent\u00e9s\u00e9b\u0151l. 2018 harmadik negyed\u00e9v\u00e9ben 4,486 milli\u00f3 foglalkoztatott volt a 15-74 \u00e9ves koroszt\u00e1lyban, ami a m\u00e1sodik negyed\u00e9vhez k\u00e9pest mind\u00f6ssze 12 ezerrel jelent t\u00f6bb embert. Holott a munkaer\u0151piac szezonalit\u00e1s\u00e1b\u00f3l fakad\u00f3an ez az \u00e9v azon id\u0151szaka, amikor m\u00e9g szignifik\u00e1ns m\u00e9rt\u00e9kben emelkedik a dolgoz\u00f3k l\u00e9tsz\u00e1ma. A kor\u00e1bbi","canonical_url":"https:\/\/allasorias.hu\/hirek\/hol-vannak-a-magyar-munkasok\/","robots":"max-image-preview:large","keywords":"","webmasterTools":{"miscellaneous":""},"schema":{"@context":"https:\/\/schema.org","@graph":[{"@type":"Article","@id":"https:\/\/allasorias.hu\/hirek\/hol-vannak-a-magyar-munkasok\/#article","name":"Hol vannak a magyar munk\u00e1sok ? | AllasOrias.hu | H\u00edrek-lapszemle","headline":"Hol vannak a magyar munk\u00e1sok ?","author":{"@id":"https:\/\/allasorias.hu\/hirek\/author\/admin-allasorias\/#author"},"publisher":{"@id":"https:\/\/allasorias.hu\/hirek\/#organization"},"image":{"@type":"ImageObject","url":"https:\/\/allasorias.hu\/hirek\/wp-content\/uploads\/2018\/11\/turn-on-2925962_640.jpg","width":640,"height":400},"datePublished":"2018-11-04T10:18:29+02:00","dateModified":"2018-11-06T10:18:51+02:00","inLanguage":"hu-HU","mainEntityOfPage":{"@id":"https:\/\/allasorias.hu\/hirek\/hol-vannak-a-magyar-munkasok\/#webpage"},"isPartOf":{"@id":"https:\/\/allasorias.hu\/hirek\/hol-vannak-a-magyar-munkasok\/#webpage"},"articleSection":"\u00c1ll\u00e1skeres\u00e9s, Gazdas\u00e1g, Munkaer\u0151piac"},{"@type":"BreadcrumbList","@id":"https:\/\/allasorias.hu\/hirek\/hol-vannak-a-magyar-munkasok\/#breadcrumblist","itemListElement":[{"@type":"ListItem","@id":"https:\/\/allasorias.hu\/hirek#listItem","position":1,"name":"Home","item":"https:\/\/allasorias.hu\/hirek","nextItem":{"@type":"ListItem","@id":"https:\/\/allasorias.hu\/hirek\/temak\/allaskereses\/#listItem","name":"\u00c1ll\u00e1skeres\u00e9s"}},{"@type":"ListItem","@id":"https:\/\/allasorias.hu\/hirek\/temak\/allaskereses\/#listItem","position":2,"name":"\u00c1ll\u00e1skeres\u00e9s","item":"https:\/\/allasorias.hu\/hirek\/temak\/allaskereses\/","nextItem":{"@type":"ListItem","@id":"https:\/\/allasorias.hu\/hirek\/hol-vannak-a-magyar-munkasok\/#listItem","name":"Hol vannak a magyar munk\u00e1sok ?"},"previousItem":{"@type":"ListItem","@id":"https:\/\/allasorias.hu\/hirek#listItem","name":"Home"}},{"@type":"ListItem","@id":"https:\/\/allasorias.hu\/hirek\/hol-vannak-a-magyar-munkasok\/#listItem","position":3,"name":"Hol vannak a magyar munk\u00e1sok ?","previousItem":{"@type":"ListItem","@id":"https:\/\/allasorias.hu\/hirek\/temak\/allaskereses\/#listItem","name":"\u00c1ll\u00e1skeres\u00e9s"}}]},{"@type":"Organization","@id":"https:\/\/allasorias.hu\/hirek\/#organization","name":"AllasOrias.hu | H\u00edrek-lapszemle","description":"\u00dczleti h\u00edrek az \u00e1ll\u00e1s \u00e9s a munka vil\u00e1g\u00e1b\u00f3l","url":"https:\/\/allasorias.hu\/hirek\/","logo":{"@type":"ImageObject","url":"https:\/\/allasorias.hu\/hirek\/wp-content\/uploads\/2022\/10\/allasorias_site_facebok_logo.png","@id":"https:\/\/allasorias.hu\/hirek\/hol-vannak-a-magyar-munkasok\/#organizationLogo"},"image":{"@id":"https:\/\/allasorias.hu\/hirek\/hol-vannak-a-magyar-munkasok\/#organizationLogo"},"sameAs":["https:\/\/www.facebook.com\/allasorias","https:\/\/www.linkedin.com\/company\/allasorias"]},{"@type":"Person","@id":"https:\/\/allasorias.hu\/hirek\/author\/admin-allasorias\/#author","url":"https:\/\/allasorias.hu\/hirek\/author\/admin-allasorias\/","name":"Juh\u00e1sz P\u00e9ter","image":{"@type":"ImageObject","@id":"https:\/\/allasorias.hu\/hirek\/hol-vannak-a-magyar-munkasok\/#authorImage","url":"https:\/\/secure.gravatar.com\/avatar\/36e6bcb83148978b992977cb0f54d22feb0cce8a0a849a9410532bb2623ba4c6?s=96&d=mm&r=g","width":96,"height":96,"caption":"Juh\u00e1sz P\u00e9ter"}},{"@type":"WebPage","@id":"https:\/\/allasorias.hu\/hirek\/hol-vannak-a-magyar-munkasok\/#webpage","url":"https:\/\/allasorias.hu\/hirek\/hol-vannak-a-magyar-munkasok\/","name":"Hol vannak a magyar munk\u00e1sok ? | AllasOrias.hu | H\u00edrek-lapszemle","description":"Kevesebb a magyar dolgoz\u00f3k sz\u00e1ma, der\u00fcl ki a K\u00f6zponti Statisztikai Hivatal friss jelent\u00e9s\u00e9b\u0151l. 2018 harmadik negyed\u00e9v\u00e9ben 4,486 milli\u00f3 foglalkoztatott volt a 15-74 \u00e9ves koroszt\u00e1lyban, ami a m\u00e1sodik negyed\u00e9vhez k\u00e9pest mind\u00f6ssze 12 ezerrel jelent t\u00f6bb embert. Holott a munkaer\u0151piac szezonalit\u00e1s\u00e1b\u00f3l fakad\u00f3an ez az \u00e9v azon id\u0151szaka, amikor m\u00e9g szignifik\u00e1ns m\u00e9rt\u00e9kben emelkedik a dolgoz\u00f3k l\u00e9tsz\u00e1ma. A kor\u00e1bbi","inLanguage":"hu-HU","isPartOf":{"@id":"https:\/\/allasorias.hu\/hirek\/#website"},"breadcrumb":{"@id":"https:\/\/allasorias.hu\/hirek\/hol-vannak-a-magyar-munkasok\/#breadcrumblist"},"author":{"@id":"https:\/\/allasorias.hu\/hirek\/author\/admin-allasorias\/#author"},"creator":{"@id":"https:\/\/allasorias.hu\/hirek\/author\/admin-allasorias\/#author"},"image":{"@type":"ImageObject","url":"https:\/\/allasorias.hu\/hirek\/wp-content\/uploads\/2018\/11\/turn-on-2925962_640.jpg","@id":"https:\/\/allasorias.hu\/hirek\/hol-vannak-a-magyar-munkasok\/#mainImage","width":640,"height":400},"primaryImageOfPage":{"@id":"https:\/\/allasorias.hu\/hirek\/hol-vannak-a-magyar-munkasok\/#mainImage"},"datePublished":"2018-11-04T10:18:29+02:00","dateModified":"2018-11-06T10:18:51+02:00"},{"@type":"WebSite","@id":"https:\/\/allasorias.hu\/hirek\/#website","url":"https:\/\/allasorias.hu\/hirek\/","name":"AllasOrias.hu | H\u00edrek-lapszemle","description":"\u00dczleti h\u00edrek az \u00e1ll\u00e1s \u00e9s a munka vil\u00e1g\u00e1b\u00f3l","inLanguage":"hu-HU","publisher":{"@id":"https:\/\/allasorias.hu\/hirek\/#organization"}}]},"og:locale":"hu_HU","og:site_name":"AllasOrias.hu | H\u00edrek-lapszemle | \u00dczleti h\u00edrek az \u00e1ll\u00e1s \u00e9s a munka vil\u00e1g\u00e1b\u00f3l","og:type":"article","og:title":"Hol vannak a magyar munk\u00e1sok ? | AllasOrias.hu | H\u00edrek-lapszemle","og:description":"Kevesebb a magyar dolgoz\u00f3k sz\u00e1ma, der\u00fcl ki a K\u00f6zponti Statisztikai Hivatal friss jelent\u00e9s\u00e9b\u0151l. 2018 harmadik negyed\u00e9v\u00e9ben 4,486 milli\u00f3 foglalkoztatott volt a 15-74 \u00e9ves koroszt\u00e1lyban, ami a m\u00e1sodik negyed\u00e9vhez k\u00e9pest mind\u00f6ssze 12 ezerrel jelent t\u00f6bb embert. Holott a munkaer\u0151piac szezonalit\u00e1s\u00e1b\u00f3l fakad\u00f3an ez az \u00e9v azon id\u0151szaka, amikor m\u00e9g szignifik\u00e1ns m\u00e9rt\u00e9kben emelkedik a dolgoz\u00f3k l\u00e9tsz\u00e1ma. A kor\u00e1bbi","og:url":"https:\/\/allasorias.hu\/hirek\/hol-vannak-a-magyar-munkasok\/","og:image":"https:\/\/allasorias.hu\/hirek\/wp-content\/uploads\/2018\/11\/turn-on-2925962_640.jpg","og:image:secure_url":"https:\/\/allasorias.hu\/hirek\/wp-content\/uploads\/2018\/11\/turn-on-2925962_640.jpg","og:image:width":640,"og:image:height":400,"article:published_time":"2018-11-04T10:18:29+00:00","article:modified_time":"2018-11-06T10:18:51+00:00","article:publisher":"https:\/\/www.facebook.com\/allasorias","twitter:card":"summary_large_image","twitter:title":"Hol vannak a magyar munk\u00e1sok ? | AllasOrias.hu | H\u00edrek-lapszemle","twitter:description":"Kevesebb a magyar dolgoz\u00f3k sz\u00e1ma, der\u00fcl ki a K\u00f6zponti Statisztikai Hivatal friss jelent\u00e9s\u00e9b\u0151l. 2018 harmadik negyed\u00e9v\u00e9ben 4,486 milli\u00f3 foglalkoztatott volt a 15-74 \u00e9ves koroszt\u00e1lyban, ami a m\u00e1sodik negyed\u00e9vhez k\u00e9pest mind\u00f6ssze 12 ezerrel jelent t\u00f6bb embert. Holott a munkaer\u0151piac szezonalit\u00e1s\u00e1b\u00f3l fakad\u00f3an ez az \u00e9v azon id\u0151szaka, amikor m\u00e9g szignifik\u00e1ns m\u00e9rt\u00e9kben emelkedik a dolgoz\u00f3k l\u00e9tsz\u00e1ma. A kor\u00e1bbi","twitter:image":"https:\/\/allasorias.hu\/hirek\/wp-content\/uploads\/2018\/11\/turn-on-2925962_640.jpg","twitter:label1":"Written by","twitter:data1":"Juh\u00e1sz P\u00e9ter","twitter:label2":"Est. reading time","twitter:data2":"1 minute"},"aioseo_meta_data":{"post_id":"2100","title":null,"description":null,"keywords":null,"keyphrases":null,"primary_term":null,"canonical_url":null,"og_title":null,"og_description":null,"og_object_type":"default","og_image_type":"default","og_image_url":null,"og_image_width":null,"og_image_height":null,"og_image_custom_url":null,"og_image_custom_fields":null,"og_video":null,"og_custom_url":null,"og_article_section":null,"og_article_tags":null,"twitter_use_og":false,"twitter_card":"default","twitter_image_type":"default","twitter_image_url":null,"twitter_image_custom_url":null,"twitter_image_custom_fields":null,"twitter_title":null,"twitter_description":null,"schema":{"blockGraphs":[],"customGraphs":[],"default":{"data":{"Article":[],"Course":[],"Dataset":[],"FAQPage":[],"Movie":[],"Person":[],"Product":[],"ProductReview":[],"Car":[],"Recipe":[],"Service":[],"SoftwareApplication":[],"WebPage":[]},"graphName":"","isEnabled":true},"graphs":[],"defaultGraph":"","defaultPostTypeGraph":""},"schema_type":null,"schema_type_options":null,"pillar_content":false,"robots_default":true,"robots_noindex":false,"robots_noarchive":false,"robots_nosnippet":false,"robots_nofollow":false,"robots_noimageindex":false,"robots_noodp":false,"robots_notranslate":false,"robots_max_snippet":null,"robots_max_videopreview":null,"robots_max_imagepreview":"large","priority":null,"frequency":null,"location":null,"local_seo":null,"breadcrumb_settings":null,"limit_modified_date":false,"ai":null,"created":"2021-02-01 20:44:36","updated":"2025-10-02 09:12:23","seo_analyzer_scan_date":null,"focus_keyword":null,"additional_keywords":null,"truseo_locale":null},"aioseo_breadcrumb":"<div class=\"aioseo-breadcrumbs\"><span class=\"aioseo-breadcrumb\">\n\t\t\t<a href=\"https:\/\/allasorias.hu\/hirek\" title=\"Home\">Home<\/a>\n\t\t<\/span><span class=\"aioseo-breadcrumb-separator\">&raquo;<\/span><span class=\"aioseo-breadcrumb\">\n\t\t\t<a href=\"https:\/\/allasorias.hu\/hirek\/temak\/allaskereses\/\" title=\"\u00c1ll\u00e1skeres\u00e9s\">\u00c1ll\u00e1skeres\u00e9s<\/a>\n\t\t<\/span><span class=\"aioseo-breadcrumb-separator\">&raquo;<\/span><span class=\"aioseo-breadcrumb\">\n\t\t\tHol vannak a magyar munk\u00e1sok ?\n\t\t<\/span><\/div>","aioseo_breadcrumb_json":[{"label":"Home","link":"https:\/\/allasorias.hu\/hirek"},{"label":"\u00c1ll\u00e1skeres\u00e9s","link":"https:\/\/allasorias.hu\/hirek\/temak\/allaskereses\/"},{"label":"Hol vannak a magyar munk\u00e1sok ?","link":"https:\/\/allasorias.hu\/hirek\/hol-vannak-a-magyar-munkasok\/"}],"_links":{"self":[{"href":"https:\/\/allasorias.hu\/hirek\/wp-json\/wp\/v2\/posts\/2100","targetHints":{"allow":["GET"]}}],"collection":[{"href":"https:\/\/allasorias.hu\/hirek\/wp-json\/wp\/v2\/posts"}],"about":[{"href":"https:\/\/allasorias.hu\/hirek\/wp-json\/wp\/v2\/types\/post"}],"author":[{"embeddable":true,"href":"https:\/\/allasorias.hu\/hirek\/wp-json\/wp\/v2\/users\/1"}],"replies":[{"embeddable":true,"href":"https:\/\/allasorias.hu\/hirek\/wp-json\/wp\/v2\/comments?post=2100"}],"version-history":[{"count":1,"href":"https:\/\/allasorias.hu\/hirek\/wp-json\/wp\/v2\/posts\/2100\/revisions"}],"predecessor-version":[{"id":2102,"href":"https:\/\/allasorias.hu\/hirek\/wp-json\/wp\/v2\/posts\/2100\/revisions\/2102"}],"wp:featuredmedia":[{"embeddable":true,"href":"https:\/\/allasorias.hu\/hirek\/wp-json\/wp\/v2\/media\/2101"}],"wp:attachment":[{"href":"https:\/\/allasorias.hu\/hirek\/wp-json\/wp\/v2\/media?parent=2100"}],"wp:term":[{"taxonomy":"category","embeddable":true,"href":"https:\/\/allasorias.hu\/hirek\/wp-json\/wp\/v2\/categories?post=2100"},{"taxonomy":"post_tag","embeddable":true,"href":"https:\/\/allasorias.hu\/hirek\/wp-json\/wp\/v2\/tags?post=2100"}],"curies":[{"name":"wp","href":"https:\/\/api.w.org\/{rel}","templated":true}]}}