{"id":2097,"date":"2018-11-04T10:14:37","date_gmt":"2018-11-04T10:14:37","guid":{"rendered":"https:\/\/allasorias.hu\/hirek\/?p=2097"},"modified":"2018-11-06T10:15:53","modified_gmt":"2018-11-06T10:15:53","slug":"a-brit-jegybank-dontesere-varva","status":"publish","type":"post","link":"https:\/\/allasorias.hu\/hirek\/a-brit-jegybank-dontesere-varva\/","title":{"rendered":"A brit jegybank d\u00f6nt\u00e9s\u00e9re v\u00e1rva"},"content":{"rendered":"<p style=\"text-align: justify;\"><strong>A britekt\u0151l v\u00e1rj\u00e1k a munkaer\u0151piaci adatokat a h\u00e9ten, itthon pedig a harmadik negyed\u00e9ves foglalkoztat\u00e1si adatok lesznek ismertek. Az USA-ban szint\u00e9n a h\u00e9ten k\u00f6zli a statisztikai hivatal a fogyaszt\u00f3i bizalmi index adatait. Nyeste Orsolya, az Erste Bank szenior makrogazdas\u00e1gi elemz\u0151je szerint feszes a munkaer\u0151piac a tengerent\u00falon. Cs\u00fct\u00f6rt\u00f6k\u00f6n a feldolgoz\u00f3ipar okt\u00f3beri sz\u00e1mai \u00e9rkeznek, p\u00e9nteken pedig az \u00e1llami szektor tizedik havi munkaer\u0151piaci adatai. Itt szint\u00e9n sz\u00e1zkilencvenezer f\u0151s, 3,1 sz\u00e1zal\u00e9kos foglalkoztat\u00e1sb\u0151v\u00fcl\u00e9st v\u00e1rnak az elemz\u0151k, a teljes munkan\u00e9lk\u00fclis\u00e9gi r\u00e1ta pedig v\u00e1rhat\u00f3an a szeptemberi 3,7 sz\u00e1zal\u00e9kon marad.<\/strong><\/p>\n<p style=\"text-align: justify;\">Eur\u00f3p\u00e1ban kedden \u00e9rkeznek a n\u00e9metorsz\u00e1gi infl\u00e1ci\u00f3s adatok, az el\u0151zetes okt\u00f3beri becsl\u00e9s 2,4 sz\u00e1zal\u00e9k a szeptemberi 2,3 sz\u00e1zal\u00e9kos \u00e9v\/\u00e9v emelked\u00e9shez k\u00e9pest. Szerd\u00e1n az euroz\u00f3na harmoniz\u00e1ltfogyaszt\u00f3i \u00e1rindex\u00e9t k\u00f6zlik, nem v\u00e1rhat\u00f3 v\u00e1ltoz\u00e1s a szeptemberi 2,1 sz\u00e1zal\u00e9khoz k\u00e9pest. Meghat\u00e1roz\u00f3bb lehet az angol jegybank cs\u00fct\u00f6rt\u00f6ki kamatd\u00f6nt\u0151 \u00fcl\u00e9se. B\u00e1r itt sem v\u00e1rhat\u00f3 v\u00e1ltoz\u00e1s a jelenlegi 0,75 sz\u00e1zal\u00e9kos szinthez k\u00e9pest. Az Erste elemz\u0151je szerint \u00a0ez a szint a n\u00f6veked\u00e9si kil\u00e1t\u00e1sokat rontja, \u00e9s enn\u00e9l is meghat\u00e1roz\u00f3bb k\u00e9rd\u00e9s, mik\u00e9ppen siker\u00fcl meg\u00e1llapodni az EU-val a Brexit felt\u00e9teleir\u0151l. Kedden publik\u00e1lja a K\u00f6zponti Statisztikai Hivatal (KSH) a j\u00falius\u2013szeptemberi hazai foglalkoztat\u00e1si \u00e9s munkan\u00e9lk\u00fclis\u00e9gi adatokat. A foglalkoztatottak \u00e1tlagos l\u00e9tsz\u00e1ma a j\u00fanius\u2013augusztusi id\u0151szakban 4 milli\u00f3 484 ezer volt, a 15\u201364 \u00e9vesek foglalkoztat\u00e1si r\u00e1t\u00e1ja 0,8 sz\u00e1zal\u00e9kponttal, 69,4 sz\u00e1zal\u00e9kra emelkedett egy \u00e9v alatt. Az els\u0151dleges munkaer\u0151piacon dolgoz\u00f3k sz\u00e1ma kilencvenezerrel n\u0151tt, ugyanakkor a magukat k\u00f6zfoglalkoztatottnak vall\u00f3k sz\u00e1ma 42 ezerrel cs\u00f6kkent. A munkan\u00e9lk\u00fcliek \u00e1tlagos l\u00e9tsz\u00e1ma a j\u00fanius\u2013 augusztusi h\u00e1rom h\u00f3napos id\u0151szakban 173 ezer volt, 22 ezerrel kevesebb, mint egy \u00e9vvel kor\u00e1bban. A munkan\u00e9lk\u00fclis\u00e9gi r\u00e1ta 0,5 sz\u00e1zal\u00e9kponttal, 3,7 sz\u00e1zal\u00e9kra cs\u00f6kkent. Az el\u0151z\u0151 h\u00e1rom h\u00f3napos id\u0151szakhoz, m\u00e1jus\u2013j\u00faliushoz hasonl\u00edtva h\u00e9tezerrel n\u0151tt a munkan\u00e9lk\u00fcliek sz\u00e1ma.<\/p>\n<p><em>\u00a0Forr\u00e1s: magyaridok.hu<\/em><\/p>\n","protected":false},"excerpt":{"rendered":"<p>A britekt\u0151l v\u00e1rj\u00e1k a munkaer\u0151piaci adatokat a h\u00e9ten, itthon pedig a harmadik negyed\u00e9ves foglalkoztat\u00e1si adatok lesznek ismertek. Az USA-ban szint\u00e9n a h\u00e9ten k\u00f6zli a statisztikai hivatal a fogyaszt\u00f3i bizalmi index adatait. Nyeste Orsolya, az Erste Bank szenior makrogazdas\u00e1gi elemz\u0151je szerint feszes a munkaer\u0151piac a tengerent\u00falon. Cs\u00fct\u00f6rt\u00f6k\u00f6n a feldolgoz\u00f3ipar okt\u00f3beri sz\u00e1mai \u00e9rkeznek, p\u00e9nteken pedig az \u00e1llami [&hellip;]<\/p>\n","protected":false},"author":1,"featured_media":2098,"comment_status":"open","ping_status":"open","sticky":false,"template":"","format":"standard","meta":{"_monsterinsights_skip_tracking":false,"footnotes":""},"categories":[198,201,200],"tags":[],"class_list":["post-2097","post","type-post","status-publish","format-standard","has-post-thumbnail","hentry","category-gazdasag","category-kulfold","category-munkaeropiac"],"aioseo_notices":[],"aioseo_head":"\n\t\t<!-- All in One SEO 5.0.0.1 - aioseo.com -->\n\t<meta name=\"description\" content=\"A britekt\u0151l v\u00e1rj\u00e1k a munkaer\u0151piaci adatokat a h\u00e9ten, itthon pedig a harmadik negyed\u00e9ves foglalkoztat\u00e1si adatok lesznek ismertek. Az USA-ban szint\u00e9n a h\u00e9ten k\u00f6zli a statisztikai hivatal a fogyaszt\u00f3i bizalmi index adatait. Nyeste Orsolya, az Erste Bank szenior makrogazdas\u00e1gi elemz\u0151je szerint feszes a munkaer\u0151piac a tengerent\u00falon. Cs\u00fct\u00f6rt\u00f6k\u00f6n a feldolgoz\u00f3ipar okt\u00f3beri sz\u00e1mai \u00e9rkeznek, p\u00e9nteken pedig az \u00e1llami\" \/>\n\t<meta name=\"robots\" content=\"max-image-preview:large\" \/>\n\t<meta name=\"author\" content=\"Juh\u00e1sz P\u00e9ter\"\/>\n\t<link rel=\"canonical\" href=\"https:\/\/allasorias.hu\/hirek\/a-brit-jegybank-dontesere-varva\/\" \/>\n\t<meta name=\"generator\" content=\"All in One SEO (AIOSEO) 5.0.0.1\" \/>\n\t\t<meta property=\"og:locale\" content=\"hu_HU\" \/>\n\t\t<meta property=\"og:site_name\" content=\"AllasOrias.hu | H\u00edrek-lapszemle | \u00dczleti h\u00edrek az \u00e1ll\u00e1s \u00e9s a munka vil\u00e1g\u00e1b\u00f3l\" \/>\n\t\t<meta property=\"og:type\" content=\"article\" \/>\n\t\t<meta property=\"og:title\" content=\"A brit jegybank d\u00f6nt\u00e9s\u00e9re v\u00e1rva | AllasOrias.hu | H\u00edrek-lapszemle\" \/>\n\t\t<meta property=\"og:description\" content=\"A britekt\u0151l v\u00e1rj\u00e1k a munkaer\u0151piaci adatokat a h\u00e9ten, itthon pedig a harmadik negyed\u00e9ves foglalkoztat\u00e1si adatok lesznek ismertek. Az USA-ban szint\u00e9n a h\u00e9ten k\u00f6zli a statisztikai hivatal a fogyaszt\u00f3i bizalmi index adatait. Nyeste Orsolya, az Erste Bank szenior makrogazdas\u00e1gi elemz\u0151je szerint feszes a munkaer\u0151piac a tengerent\u00falon. Cs\u00fct\u00f6rt\u00f6k\u00f6n a feldolgoz\u00f3ipar okt\u00f3beri sz\u00e1mai \u00e9rkeznek, p\u00e9nteken pedig az \u00e1llami\" \/>\n\t\t<meta property=\"og:url\" content=\"https:\/\/allasorias.hu\/hirek\/a-brit-jegybank-dontesere-varva\/\" \/>\n\t\t<meta property=\"og:image\" content=\"https:\/\/allasorias.hu\/hirek\/wp-content\/uploads\/2018\/11\/880x495_389921.jpg\" \/>\n\t\t<meta property=\"og:image:secure_url\" content=\"https:\/\/allasorias.hu\/hirek\/wp-content\/uploads\/2018\/11\/880x495_389921.jpg\" \/>\n\t\t<meta property=\"og:image:width\" content=\"880\" \/>\n\t\t<meta property=\"og:image:height\" content=\"495\" \/>\n\t\t<meta property=\"article:published_time\" content=\"2018-11-04T10:14:37+00:00\" \/>\n\t\t<meta property=\"article:modified_time\" content=\"2018-11-06T10:15:53+00:00\" \/>\n\t\t<meta property=\"article:publisher\" content=\"https:\/\/www.facebook.com\/allasorias\" \/>\n\t\t<meta name=\"twitter:card\" content=\"summary_large_image\" \/>\n\t\t<meta name=\"twitter:title\" content=\"A brit jegybank d\u00f6nt\u00e9s\u00e9re v\u00e1rva | AllasOrias.hu | H\u00edrek-lapszemle\" \/>\n\t\t<meta name=\"twitter:description\" content=\"A britekt\u0151l v\u00e1rj\u00e1k a munkaer\u0151piaci adatokat a h\u00e9ten, itthon pedig a harmadik negyed\u00e9ves foglalkoztat\u00e1si adatok lesznek ismertek. Az USA-ban szint\u00e9n a h\u00e9ten k\u00f6zli a statisztikai hivatal a fogyaszt\u00f3i bizalmi index adatait. Nyeste Orsolya, az Erste Bank szenior makrogazdas\u00e1gi elemz\u0151je szerint feszes a munkaer\u0151piac a tengerent\u00falon. Cs\u00fct\u00f6rt\u00f6k\u00f6n a feldolgoz\u00f3ipar okt\u00f3beri sz\u00e1mai \u00e9rkeznek, p\u00e9nteken pedig az \u00e1llami\" \/>\n\t\t<meta name=\"twitter:image\" content=\"https:\/\/allasorias.hu\/hirek\/wp-content\/uploads\/2018\/11\/880x495_389921.jpg\" \/>\n\t\t<meta name=\"twitter:label1\" content=\"Written by\" \/>\n\t\t<meta name=\"twitter:data1\" content=\"Juh\u00e1sz P\u00e9ter\" \/>\n\t\t<meta name=\"twitter:label2\" content=\"Est. reading time\" \/>\n\t\t<meta name=\"twitter:data2\" content=\"2 minutes\" \/>\n\t\t<script type=\"application\/ld+json\" class=\"aioseo-schema\">\n\t\t\t{\"@context\":\"https:\\\/\\\/schema.org\",\"@graph\":[{\"@type\":\"Article\",\"@id\":\"https:\\\/\\\/allasorias.hu\\\/hirek\\\/a-brit-jegybank-dontesere-varva\\\/#article\",\"name\":\"A brit jegybank d\\u00f6nt\\u00e9s\\u00e9re v\\u00e1rva | AllasOrias.hu | H\\u00edrek-lapszemle\",\"headline\":\"A brit jegybank d\\u00f6nt\\u00e9s\\u00e9re v\\u00e1rva\",\"author\":{\"@id\":\"https:\\\/\\\/allasorias.hu\\\/hirek\\\/author\\\/admin-allasorias\\\/#author\"},\"publisher\":{\"@id\":\"https:\\\/\\\/allasorias.hu\\\/hirek\\\/#organization\"},\"image\":{\"@type\":\"ImageObject\",\"url\":\"https:\\\/\\\/allasorias.hu\\\/hirek\\\/wp-content\\\/uploads\\\/2018\\\/11\\\/880x495_389921.jpg\",\"width\":880,\"height\":495},\"datePublished\":\"2018-11-04T10:14:37+02:00\",\"dateModified\":\"2018-11-06T10:15:53+02:00\",\"inLanguage\":\"hu-HU\",\"mainEntityOfPage\":{\"@id\":\"https:\\\/\\\/allasorias.hu\\\/hirek\\\/a-brit-jegybank-dontesere-varva\\\/#webpage\"},\"isPartOf\":{\"@id\":\"https:\\\/\\\/allasorias.hu\\\/hirek\\\/a-brit-jegybank-dontesere-varva\\\/#webpage\"},\"articleSection\":\"Gazdas\\u00e1g, K\\u00fclf\\u00f6ld, Munkaer\\u0151piac\"},{\"@type\":\"BreadcrumbList\",\"@id\":\"https:\\\/\\\/allasorias.hu\\\/hirek\\\/a-brit-jegybank-dontesere-varva\\\/#breadcrumblist\",\"itemListElement\":[{\"@type\":\"ListItem\",\"@id\":\"https:\\\/\\\/allasorias.hu\\\/hirek#listItem\",\"position\":1,\"name\":\"Home\",\"item\":\"https:\\\/\\\/allasorias.hu\\\/hirek\",\"nextItem\":{\"@type\":\"ListItem\",\"@id\":\"https:\\\/\\\/allasorias.hu\\\/hirek\\\/temak\\\/gazdasag\\\/#listItem\",\"name\":\"Gazdas\\u00e1g\"}},{\"@type\":\"ListItem\",\"@id\":\"https:\\\/\\\/allasorias.hu\\\/hirek\\\/temak\\\/gazdasag\\\/#listItem\",\"position\":2,\"name\":\"Gazdas\\u00e1g\",\"item\":\"https:\\\/\\\/allasorias.hu\\\/hirek\\\/temak\\\/gazdasag\\\/\",\"nextItem\":{\"@type\":\"ListItem\",\"@id\":\"https:\\\/\\\/allasorias.hu\\\/hirek\\\/a-brit-jegybank-dontesere-varva\\\/#listItem\",\"name\":\"A brit jegybank d\\u00f6nt\\u00e9s\\u00e9re v\\u00e1rva\"},\"previousItem\":{\"@type\":\"ListItem\",\"@id\":\"https:\\\/\\\/allasorias.hu\\\/hirek#listItem\",\"name\":\"Home\"}},{\"@type\":\"ListItem\",\"@id\":\"https:\\\/\\\/allasorias.hu\\\/hirek\\\/a-brit-jegybank-dontesere-varva\\\/#listItem\",\"position\":3,\"name\":\"A brit jegybank d\\u00f6nt\\u00e9s\\u00e9re v\\u00e1rva\",\"previousItem\":{\"@type\":\"ListItem\",\"@id\":\"https:\\\/\\\/allasorias.hu\\\/hirek\\\/temak\\\/gazdasag\\\/#listItem\",\"name\":\"Gazdas\\u00e1g\"}}]},{\"@type\":\"Organization\",\"@id\":\"https:\\\/\\\/allasorias.hu\\\/hirek\\\/#organization\",\"name\":\"AllasOrias.hu | H\\u00edrek-lapszemle\",\"description\":\"\\u00dczleti h\\u00edrek az \\u00e1ll\\u00e1s \\u00e9s a munka vil\\u00e1g\\u00e1b\\u00f3l\",\"url\":\"https:\\\/\\\/allasorias.hu\\\/hirek\\\/\",\"logo\":{\"@type\":\"ImageObject\",\"url\":\"https:\\\/\\\/allasorias.hu\\\/hirek\\\/wp-content\\\/uploads\\\/2022\\\/10\\\/allasorias_site_facebok_logo.png\",\"@id\":\"https:\\\/\\\/allasorias.hu\\\/hirek\\\/a-brit-jegybank-dontesere-varva\\\/#organizationLogo\"},\"image\":{\"@id\":\"https:\\\/\\\/allasorias.hu\\\/hirek\\\/a-brit-jegybank-dontesere-varva\\\/#organizationLogo\"},\"sameAs\":[\"https:\\\/\\\/www.facebook.com\\\/allasorias\",\"https:\\\/\\\/www.linkedin.com\\\/company\\\/allasorias\"]},{\"@type\":\"Person\",\"@id\":\"https:\\\/\\\/allasorias.hu\\\/hirek\\\/author\\\/admin-allasorias\\\/#author\",\"url\":\"https:\\\/\\\/allasorias.hu\\\/hirek\\\/author\\\/admin-allasorias\\\/\",\"name\":\"Juh\\u00e1sz P\\u00e9ter\",\"image\":{\"@type\":\"ImageObject\",\"@id\":\"https:\\\/\\\/allasorias.hu\\\/hirek\\\/a-brit-jegybank-dontesere-varva\\\/#authorImage\",\"url\":\"https:\\\/\\\/secure.gravatar.com\\\/avatar\\\/36e6bcb83148978b992977cb0f54d22feb0cce8a0a849a9410532bb2623ba4c6?s=96&d=mm&r=g\",\"width\":96,\"height\":96,\"caption\":\"Juh\\u00e1sz P\\u00e9ter\"}},{\"@type\":\"WebPage\",\"@id\":\"https:\\\/\\\/allasorias.hu\\\/hirek\\\/a-brit-jegybank-dontesere-varva\\\/#webpage\",\"url\":\"https:\\\/\\\/allasorias.hu\\\/hirek\\\/a-brit-jegybank-dontesere-varva\\\/\",\"name\":\"A brit jegybank d\\u00f6nt\\u00e9s\\u00e9re v\\u00e1rva | AllasOrias.hu | H\\u00edrek-lapszemle\",\"description\":\"A britekt\\u0151l v\\u00e1rj\\u00e1k a munkaer\\u0151piaci adatokat a h\\u00e9ten, itthon pedig a harmadik negyed\\u00e9ves foglalkoztat\\u00e1si adatok lesznek ismertek. Az USA-ban szint\\u00e9n a h\\u00e9ten k\\u00f6zli a statisztikai hivatal a fogyaszt\\u00f3i bizalmi index adatait. Nyeste Orsolya, az Erste Bank szenior makrogazdas\\u00e1gi elemz\\u0151je szerint feszes a munkaer\\u0151piac a tengerent\\u00falon. Cs\\u00fct\\u00f6rt\\u00f6k\\u00f6n a feldolgoz\\u00f3ipar okt\\u00f3beri sz\\u00e1mai \\u00e9rkeznek, p\\u00e9nteken pedig az \\u00e1llami\",\"inLanguage\":\"hu-HU\",\"isPartOf\":{\"@id\":\"https:\\\/\\\/allasorias.hu\\\/hirek\\\/#website\"},\"breadcrumb\":{\"@id\":\"https:\\\/\\\/allasorias.hu\\\/hirek\\\/a-brit-jegybank-dontesere-varva\\\/#breadcrumblist\"},\"author\":{\"@id\":\"https:\\\/\\\/allasorias.hu\\\/hirek\\\/author\\\/admin-allasorias\\\/#author\"},\"creator\":{\"@id\":\"https:\\\/\\\/allasorias.hu\\\/hirek\\\/author\\\/admin-allasorias\\\/#author\"},\"image\":{\"@type\":\"ImageObject\",\"url\":\"https:\\\/\\\/allasorias.hu\\\/hirek\\\/wp-content\\\/uploads\\\/2018\\\/11\\\/880x495_389921.jpg\",\"@id\":\"https:\\\/\\\/allasorias.hu\\\/hirek\\\/a-brit-jegybank-dontesere-varva\\\/#mainImage\",\"width\":880,\"height\":495},\"primaryImageOfPage\":{\"@id\":\"https:\\\/\\\/allasorias.hu\\\/hirek\\\/a-brit-jegybank-dontesere-varva\\\/#mainImage\"},\"datePublished\":\"2018-11-04T10:14:37+02:00\",\"dateModified\":\"2018-11-06T10:15:53+02:00\"},{\"@type\":\"WebSite\",\"@id\":\"https:\\\/\\\/allasorias.hu\\\/hirek\\\/#website\",\"url\":\"https:\\\/\\\/allasorias.hu\\\/hirek\\\/\",\"name\":\"AllasOrias.hu | H\\u00edrek-lapszemle\",\"description\":\"\\u00dczleti h\\u00edrek az \\u00e1ll\\u00e1s \\u00e9s a munka vil\\u00e1g\\u00e1b\\u00f3l\",\"inLanguage\":\"hu-HU\",\"publisher\":{\"@id\":\"https:\\\/\\\/allasorias.hu\\\/hirek\\\/#organization\"}}]}\n\t\t<\/script>\n\t\t<!-- All in One SEO -->\n\n","aioseo_head_json":{"title":"A brit jegybank d\u00f6nt\u00e9s\u00e9re v\u00e1rva | AllasOrias.hu | H\u00edrek-lapszemle","description":"A britekt\u0151l v\u00e1rj\u00e1k a munkaer\u0151piaci adatokat a h\u00e9ten, itthon pedig a harmadik negyed\u00e9ves foglalkoztat\u00e1si adatok lesznek ismertek. Az USA-ban szint\u00e9n a h\u00e9ten k\u00f6zli a statisztikai hivatal a fogyaszt\u00f3i bizalmi index adatait. Nyeste Orsolya, az Erste Bank szenior makrogazdas\u00e1gi elemz\u0151je szerint feszes a munkaer\u0151piac a tengerent\u00falon. Cs\u00fct\u00f6rt\u00f6k\u00f6n a feldolgoz\u00f3ipar okt\u00f3beri sz\u00e1mai \u00e9rkeznek, p\u00e9nteken pedig az \u00e1llami","canonical_url":"https:\/\/allasorias.hu\/hirek\/a-brit-jegybank-dontesere-varva\/","robots":"max-image-preview:large","keywords":"","webmasterTools":{"miscellaneous":""},"schema":{"@context":"https:\/\/schema.org","@graph":[{"@type":"Article","@id":"https:\/\/allasorias.hu\/hirek\/a-brit-jegybank-dontesere-varva\/#article","name":"A brit jegybank d\u00f6nt\u00e9s\u00e9re v\u00e1rva | AllasOrias.hu | H\u00edrek-lapszemle","headline":"A brit jegybank d\u00f6nt\u00e9s\u00e9re v\u00e1rva","author":{"@id":"https:\/\/allasorias.hu\/hirek\/author\/admin-allasorias\/#author"},"publisher":{"@id":"https:\/\/allasorias.hu\/hirek\/#organization"},"image":{"@type":"ImageObject","url":"https:\/\/allasorias.hu\/hirek\/wp-content\/uploads\/2018\/11\/880x495_389921.jpg","width":880,"height":495},"datePublished":"2018-11-04T10:14:37+02:00","dateModified":"2018-11-06T10:15:53+02:00","inLanguage":"hu-HU","mainEntityOfPage":{"@id":"https:\/\/allasorias.hu\/hirek\/a-brit-jegybank-dontesere-varva\/#webpage"},"isPartOf":{"@id":"https:\/\/allasorias.hu\/hirek\/a-brit-jegybank-dontesere-varva\/#webpage"},"articleSection":"Gazdas\u00e1g, K\u00fclf\u00f6ld, Munkaer\u0151piac"},{"@type":"BreadcrumbList","@id":"https:\/\/allasorias.hu\/hirek\/a-brit-jegybank-dontesere-varva\/#breadcrumblist","itemListElement":[{"@type":"ListItem","@id":"https:\/\/allasorias.hu\/hirek#listItem","position":1,"name":"Home","item":"https:\/\/allasorias.hu\/hirek","nextItem":{"@type":"ListItem","@id":"https:\/\/allasorias.hu\/hirek\/temak\/gazdasag\/#listItem","name":"Gazdas\u00e1g"}},{"@type":"ListItem","@id":"https:\/\/allasorias.hu\/hirek\/temak\/gazdasag\/#listItem","position":2,"name":"Gazdas\u00e1g","item":"https:\/\/allasorias.hu\/hirek\/temak\/gazdasag\/","nextItem":{"@type":"ListItem","@id":"https:\/\/allasorias.hu\/hirek\/a-brit-jegybank-dontesere-varva\/#listItem","name":"A brit jegybank d\u00f6nt\u00e9s\u00e9re v\u00e1rva"},"previousItem":{"@type":"ListItem","@id":"https:\/\/allasorias.hu\/hirek#listItem","name":"Home"}},{"@type":"ListItem","@id":"https:\/\/allasorias.hu\/hirek\/a-brit-jegybank-dontesere-varva\/#listItem","position":3,"name":"A brit jegybank d\u00f6nt\u00e9s\u00e9re v\u00e1rva","previousItem":{"@type":"ListItem","@id":"https:\/\/allasorias.hu\/hirek\/temak\/gazdasag\/#listItem","name":"Gazdas\u00e1g"}}]},{"@type":"Organization","@id":"https:\/\/allasorias.hu\/hirek\/#organization","name":"AllasOrias.hu | H\u00edrek-lapszemle","description":"\u00dczleti h\u00edrek az \u00e1ll\u00e1s \u00e9s a munka vil\u00e1g\u00e1b\u00f3l","url":"https:\/\/allasorias.hu\/hirek\/","logo":{"@type":"ImageObject","url":"https:\/\/allasorias.hu\/hirek\/wp-content\/uploads\/2022\/10\/allasorias_site_facebok_logo.png","@id":"https:\/\/allasorias.hu\/hirek\/a-brit-jegybank-dontesere-varva\/#organizationLogo"},"image":{"@id":"https:\/\/allasorias.hu\/hirek\/a-brit-jegybank-dontesere-varva\/#organizationLogo"},"sameAs":["https:\/\/www.facebook.com\/allasorias","https:\/\/www.linkedin.com\/company\/allasorias"]},{"@type":"Person","@id":"https:\/\/allasorias.hu\/hirek\/author\/admin-allasorias\/#author","url":"https:\/\/allasorias.hu\/hirek\/author\/admin-allasorias\/","name":"Juh\u00e1sz P\u00e9ter","image":{"@type":"ImageObject","@id":"https:\/\/allasorias.hu\/hirek\/a-brit-jegybank-dontesere-varva\/#authorImage","url":"https:\/\/secure.gravatar.com\/avatar\/36e6bcb83148978b992977cb0f54d22feb0cce8a0a849a9410532bb2623ba4c6?s=96&d=mm&r=g","width":96,"height":96,"caption":"Juh\u00e1sz P\u00e9ter"}},{"@type":"WebPage","@id":"https:\/\/allasorias.hu\/hirek\/a-brit-jegybank-dontesere-varva\/#webpage","url":"https:\/\/allasorias.hu\/hirek\/a-brit-jegybank-dontesere-varva\/","name":"A brit jegybank d\u00f6nt\u00e9s\u00e9re v\u00e1rva | AllasOrias.hu | H\u00edrek-lapszemle","description":"A britekt\u0151l v\u00e1rj\u00e1k a munkaer\u0151piaci adatokat a h\u00e9ten, itthon pedig a harmadik negyed\u00e9ves foglalkoztat\u00e1si adatok lesznek ismertek. Az USA-ban szint\u00e9n a h\u00e9ten k\u00f6zli a statisztikai hivatal a fogyaszt\u00f3i bizalmi index adatait. Nyeste Orsolya, az Erste Bank szenior makrogazdas\u00e1gi elemz\u0151je szerint feszes a munkaer\u0151piac a tengerent\u00falon. Cs\u00fct\u00f6rt\u00f6k\u00f6n a feldolgoz\u00f3ipar okt\u00f3beri sz\u00e1mai \u00e9rkeznek, p\u00e9nteken pedig az \u00e1llami","inLanguage":"hu-HU","isPartOf":{"@id":"https:\/\/allasorias.hu\/hirek\/#website"},"breadcrumb":{"@id":"https:\/\/allasorias.hu\/hirek\/a-brit-jegybank-dontesere-varva\/#breadcrumblist"},"author":{"@id":"https:\/\/allasorias.hu\/hirek\/author\/admin-allasorias\/#author"},"creator":{"@id":"https:\/\/allasorias.hu\/hirek\/author\/admin-allasorias\/#author"},"image":{"@type":"ImageObject","url":"https:\/\/allasorias.hu\/hirek\/wp-content\/uploads\/2018\/11\/880x495_389921.jpg","@id":"https:\/\/allasorias.hu\/hirek\/a-brit-jegybank-dontesere-varva\/#mainImage","width":880,"height":495},"primaryImageOfPage":{"@id":"https:\/\/allasorias.hu\/hirek\/a-brit-jegybank-dontesere-varva\/#mainImage"},"datePublished":"2018-11-04T10:14:37+02:00","dateModified":"2018-11-06T10:15:53+02:00"},{"@type":"WebSite","@id":"https:\/\/allasorias.hu\/hirek\/#website","url":"https:\/\/allasorias.hu\/hirek\/","name":"AllasOrias.hu | H\u00edrek-lapszemle","description":"\u00dczleti h\u00edrek az \u00e1ll\u00e1s \u00e9s a munka vil\u00e1g\u00e1b\u00f3l","inLanguage":"hu-HU","publisher":{"@id":"https:\/\/allasorias.hu\/hirek\/#organization"}}]},"og:locale":"hu_HU","og:site_name":"AllasOrias.hu | H\u00edrek-lapszemle | \u00dczleti h\u00edrek az \u00e1ll\u00e1s \u00e9s a munka vil\u00e1g\u00e1b\u00f3l","og:type":"article","og:title":"A brit jegybank d\u00f6nt\u00e9s\u00e9re v\u00e1rva | AllasOrias.hu | H\u00edrek-lapszemle","og:description":"A britekt\u0151l v\u00e1rj\u00e1k a munkaer\u0151piaci adatokat a h\u00e9ten, itthon pedig a harmadik negyed\u00e9ves foglalkoztat\u00e1si adatok lesznek ismertek. Az USA-ban szint\u00e9n a h\u00e9ten k\u00f6zli a statisztikai hivatal a fogyaszt\u00f3i bizalmi index adatait. Nyeste Orsolya, az Erste Bank szenior makrogazdas\u00e1gi elemz\u0151je szerint feszes a munkaer\u0151piac a tengerent\u00falon. Cs\u00fct\u00f6rt\u00f6k\u00f6n a feldolgoz\u00f3ipar okt\u00f3beri sz\u00e1mai \u00e9rkeznek, p\u00e9nteken pedig az \u00e1llami","og:url":"https:\/\/allasorias.hu\/hirek\/a-brit-jegybank-dontesere-varva\/","og:image":"https:\/\/allasorias.hu\/hirek\/wp-content\/uploads\/2018\/11\/880x495_389921.jpg","og:image:secure_url":"https:\/\/allasorias.hu\/hirek\/wp-content\/uploads\/2018\/11\/880x495_389921.jpg","og:image:width":880,"og:image:height":495,"article:published_time":"2018-11-04T10:14:37+00:00","article:modified_time":"2018-11-06T10:15:53+00:00","article:publisher":"https:\/\/www.facebook.com\/allasorias","twitter:card":"summary_large_image","twitter:title":"A brit jegybank d\u00f6nt\u00e9s\u00e9re v\u00e1rva | AllasOrias.hu | H\u00edrek-lapszemle","twitter:description":"A britekt\u0151l v\u00e1rj\u00e1k a munkaer\u0151piaci adatokat a h\u00e9ten, itthon pedig a harmadik negyed\u00e9ves foglalkoztat\u00e1si adatok lesznek ismertek. Az USA-ban szint\u00e9n a h\u00e9ten k\u00f6zli a statisztikai hivatal a fogyaszt\u00f3i bizalmi index adatait. Nyeste Orsolya, az Erste Bank szenior makrogazdas\u00e1gi elemz\u0151je szerint feszes a munkaer\u0151piac a tengerent\u00falon. Cs\u00fct\u00f6rt\u00f6k\u00f6n a feldolgoz\u00f3ipar okt\u00f3beri sz\u00e1mai \u00e9rkeznek, p\u00e9nteken pedig az \u00e1llami","twitter:image":"https:\/\/allasorias.hu\/hirek\/wp-content\/uploads\/2018\/11\/880x495_389921.jpg","twitter:label1":"Written by","twitter:data1":"Juh\u00e1sz P\u00e9ter","twitter:label2":"Est. reading time","twitter:data2":"2 minutes"},"aioseo_meta_data":{"post_id":"2097","title":null,"description":null,"keywords":null,"keyphrases":null,"primary_term":null,"canonical_url":null,"og_title":null,"og_description":null,"og_object_type":"default","og_image_type":"default","og_image_url":null,"og_image_width":null,"og_image_height":null,"og_image_custom_url":null,"og_image_custom_fields":null,"og_video":null,"og_custom_url":null,"og_article_section":null,"og_article_tags":null,"twitter_use_og":false,"twitter_card":"default","twitter_image_type":"default","twitter_image_url":null,"twitter_image_custom_url":null,"twitter_image_custom_fields":null,"twitter_title":null,"twitter_description":null,"schema":{"blockGraphs":[],"customGraphs":[],"default":{"data":{"Article":[],"Course":[],"Dataset":[],"FAQPage":[],"Movie":[],"Person":[],"Product":[],"ProductReview":[],"Car":[],"Recipe":[],"Service":[],"SoftwareApplication":[],"WebPage":[]},"graphName":"","isEnabled":true},"graphs":[],"defaultGraph":"","defaultPostTypeGraph":""},"schema_type":null,"schema_type_options":null,"pillar_content":false,"robots_default":true,"robots_noindex":false,"robots_noarchive":false,"robots_nosnippet":false,"robots_nofollow":false,"robots_noimageindex":false,"robots_noodp":false,"robots_notranslate":false,"robots_max_snippet":null,"robots_max_videopreview":null,"robots_max_imagepreview":"large","priority":null,"frequency":null,"location":null,"local_seo":null,"breadcrumb_settings":null,"limit_modified_date":false,"ai":null,"created":"2021-02-01 20:44:36","updated":"2025-10-02 09:11:27","seo_analyzer_scan_date":null,"focus_keyword":null,"additional_keywords":null,"truseo_locale":null},"aioseo_breadcrumb":"<div class=\"aioseo-breadcrumbs\"><span class=\"aioseo-breadcrumb\">\n\t\t\t<a href=\"https:\/\/allasorias.hu\/hirek\" title=\"Home\">Home<\/a>\n\t\t<\/span><span class=\"aioseo-breadcrumb-separator\">&raquo;<\/span><span class=\"aioseo-breadcrumb\">\n\t\t\t<a href=\"https:\/\/allasorias.hu\/hirek\/temak\/gazdasag\/\" title=\"Gazdas\u00e1g\">Gazdas\u00e1g<\/a>\n\t\t<\/span><span class=\"aioseo-breadcrumb-separator\">&raquo;<\/span><span class=\"aioseo-breadcrumb\">\n\t\t\tA brit jegybank d\u00f6nt\u00e9s\u00e9re v\u00e1rva\n\t\t<\/span><\/div>","aioseo_breadcrumb_json":[{"label":"Home","link":"https:\/\/allasorias.hu\/hirek"},{"label":"Gazdas\u00e1g","link":"https:\/\/allasorias.hu\/hirek\/temak\/gazdasag\/"},{"label":"A brit jegybank d\u00f6nt\u00e9s\u00e9re v\u00e1rva","link":"https:\/\/allasorias.hu\/hirek\/a-brit-jegybank-dontesere-varva\/"}],"_links":{"self":[{"href":"https:\/\/allasorias.hu\/hirek\/wp-json\/wp\/v2\/posts\/2097","targetHints":{"allow":["GET"]}}],"collection":[{"href":"https:\/\/allasorias.hu\/hirek\/wp-json\/wp\/v2\/posts"}],"about":[{"href":"https:\/\/allasorias.hu\/hirek\/wp-json\/wp\/v2\/types\/post"}],"author":[{"embeddable":true,"href":"https:\/\/allasorias.hu\/hirek\/wp-json\/wp\/v2\/users\/1"}],"replies":[{"embeddable":true,"href":"https:\/\/allasorias.hu\/hirek\/wp-json\/wp\/v2\/comments?post=2097"}],"version-history":[{"count":1,"href":"https:\/\/allasorias.hu\/hirek\/wp-json\/wp\/v2\/posts\/2097\/revisions"}],"predecessor-version":[{"id":2099,"href":"https:\/\/allasorias.hu\/hirek\/wp-json\/wp\/v2\/posts\/2097\/revisions\/2099"}],"wp:featuredmedia":[{"embeddable":true,"href":"https:\/\/allasorias.hu\/hirek\/wp-json\/wp\/v2\/media\/2098"}],"wp:attachment":[{"href":"https:\/\/allasorias.hu\/hirek\/wp-json\/wp\/v2\/media?parent=2097"}],"wp:term":[{"taxonomy":"category","embeddable":true,"href":"https:\/\/allasorias.hu\/hirek\/wp-json\/wp\/v2\/categories?post=2097"},{"taxonomy":"post_tag","embeddable":true,"href":"https:\/\/allasorias.hu\/hirek\/wp-json\/wp\/v2\/tags?post=2097"}],"curies":[{"name":"wp","href":"https:\/\/api.w.org\/{rel}","templated":true}]}}