{"id":2094,"date":"2018-11-03T09:59:48","date_gmt":"2018-11-03T09:59:48","guid":{"rendered":"https:\/\/allasorias.hu\/hirek\/?p=2094"},"modified":"2018-11-06T10:09:58","modified_gmt":"2018-11-06T10:09:58","slug":"valtozasok-jovore-az-adozasban","status":"publish","type":"post","link":"https:\/\/allasorias.hu\/hirek\/valtozasok-jovore-az-adozasban\/","title":{"rendered":"V\u00e1ltoz\u00e1sok j\u00f6v\u0151re az ad\u00f3z\u00e1sban"},"content":{"rendered":"<p style=\"text-align: justify;\"><strong>Izer Norbert \u00a0az ad\u00f3\u00fcgyek\u00e9rt felel\u0151s \u00e1llamtitk\u00e1r \u00fajs\u00e1g\u00edr\u00f3i k\u00e9rd\u00e9sekre v\u00e1laszolva mondta el, hogy 2019-ben t\u00f6bb t\u00edzmilli\u00e1rdos k\u00f6ztehercs\u00f6kkent\u00e9sre lehet sz\u00e1m\u00edtani. Seg\u00edtik a nyugd\u00edjasok elhelyezked\u00e9s\u00e9t, a csal\u00e1dok anyagi boldogul\u00e1s\u00e1t, a kisv\u00e1llalkoz\u00e1sok fejl\u0151d\u00e9s\u00e9t \u00e9s a kutat\u00f3k itthon tart\u00e1s\u00e1t egyar\u00e1nt. A m\u00e1r megszavazott, valamint a tervbe vett ad\u00f3v\u00e1ltoztat\u00e1sok illeszkednek az elm\u00falt \u00e9vek ad\u00f3cs\u00f6kkent\u0151, munkahelyteremt\u0151, csal\u00e1dt\u00e1mogat\u00f3 politik\u00e1j\u00e1hoz.<\/strong><\/p>\n<p style=\"text-align: justify;\">Az \u00e1llamtitk\u00e1r sz\u00f3lt arr\u00f3l is, hogy egyes orsz\u00e1gok k\u00fcls\u0151 seg\u00edts\u00e9ggel pr\u00f3b\u00e1lj\u00e1k megoldani a demogr\u00e1fiai neh\u00e9zs\u00e9geket \u00e9s a munkaer\u0151piac gondjait, a magyar korm\u00e1ny pedig \u00fagy gondolja, a magyar csal\u00e1dok \u00e9s a magyar v\u00e1llalkoz\u00e1sok sz\u00e1m\u00e1ra kell egyre jobb lehet\u0151s\u00e9geket teremteni. A tervek szerint j\u00f6v\u0151re \u00fajabb \u00f6tezer forinttal n\u0151 a k\u00e9tgyermekes sz\u00fcl\u0151ket megillet\u0151 csal\u00e1di ad\u00f3kedvezm\u00e9ny, \u00edgy az \u00e9rintettek 2019-ben m\u00e1r gyermekenk\u00e9nt h\u00faszezer, \u00f6sszesen havi negyvenezer forinttal cs\u00f6kkenthetik szem\u00e9lyi j\u00f6vedelemad\u00f3jukat, esetleg a j\u00e1rul\u00e9kukat. cs\u00f6kkentik az UHT \u00e9s az ESL tej forgalmi ad\u00f3j\u00e1t, \u00a0a tejekre j\u00f6v\u0151re csup\u00e1n \u00f6t sz\u00e1zal\u00e9k \u00e1f\u00e1t sz\u00e1molnak fel. A c\u00e9geknek j\u00f6v\u0151re m\u00e1r sem szoci\u00e1lis hozz\u00e1j\u00e1rul\u00e1si ad\u00f3t, sem szakk\u00e9pz\u00e9si hozz\u00e1j\u00e1rul\u00e1st nem kell fizetni\u00fck, ha nyugd\u00edjas munkav\u00e1llal\u00f3t alkalmaznak. Az \u00f6regs\u00e9gi nyugd\u00edj mellett dolgoz\u00f3k munkav\u00e9gz\u00e9se kapcs\u00e1n \u00edgy csup\u00e1n egyetlen k\u00f6zterhet, a 15 sz\u00e1zal\u00e9kos szem\u00e9lyi j\u00f6vedelemad\u00f3t kell ler\u00f3niuk. A magyarorsz\u00e1gi v\u00e1llalkoz\u00e1sok helyzet\u00e9t egy m\u00e1sik tervbe vett rendelkez\u00e9s is jav\u00edthatja. Az \u0151szi ad\u00f3javaslat szerint a jelenlegi nyolcmilli\u00f3r\u00f3l j\u00f6v\u0151re tizenk\u00e9tmilli\u00f3 forintra n\u0151ne a legkisebb v\u00e1llalkoz\u00e1sok \u00e1famentess\u00e9ge<\/p>\n<p><em>Forr\u00e1s: orientpress.hu<\/em><\/p>\n","protected":false},"excerpt":{"rendered":"<p>Izer Norbert \u00a0az ad\u00f3\u00fcgyek\u00e9rt felel\u0151s \u00e1llamtitk\u00e1r \u00fajs\u00e1g\u00edr\u00f3i k\u00e9rd\u00e9sekre v\u00e1laszolva mondta el, hogy 2019-ben t\u00f6bb t\u00edzmilli\u00e1rdos k\u00f6ztehercs\u00f6kkent\u00e9sre lehet sz\u00e1m\u00edtani. Seg\u00edtik a nyugd\u00edjasok elhelyezked\u00e9s\u00e9t, a csal\u00e1dok anyagi boldogul\u00e1s\u00e1t, a kisv\u00e1llalkoz\u00e1sok fejl\u0151d\u00e9s\u00e9t \u00e9s a kutat\u00f3k itthon tart\u00e1s\u00e1t egyar\u00e1nt. A m\u00e1r megszavazott, valamint a tervbe vett ad\u00f3v\u00e1ltoztat\u00e1sok illeszkednek az elm\u00falt \u00e9vek ad\u00f3cs\u00f6kkent\u0151, munkahelyteremt\u0151, csal\u00e1dt\u00e1mogat\u00f3 politik\u00e1j\u00e1hoz. Az \u00e1llamtitk\u00e1r sz\u00f3lt arr\u00f3l [&hellip;]<\/p>\n","protected":false},"author":1,"featured_media":2095,"comment_status":"open","ping_status":"open","sticky":false,"template":"","format":"standard","meta":{"_monsterinsights_skip_tracking":false,"footnotes":""},"categories":[198,200],"tags":[],"class_list":["post-2094","post","type-post","status-publish","format-standard","has-post-thumbnail","hentry","category-gazdasag","category-munkaeropiac"],"aioseo_notices":[],"aioseo_head":"\n\t\t<!-- All in One SEO 5.0.0.1 - aioseo.com -->\n\t<meta name=\"description\" content=\"Izer Norbert az ad\u00f3\u00fcgyek\u00e9rt felel\u0151s \u00e1llamtitk\u00e1r \u00fajs\u00e1g\u00edr\u00f3i k\u00e9rd\u00e9sekre v\u00e1laszolva mondta el, hogy 2019-ben t\u00f6bb t\u00edzmilli\u00e1rdos k\u00f6ztehercs\u00f6kkent\u00e9sre lehet sz\u00e1m\u00edtani. Seg\u00edtik a nyugd\u00edjasok elhelyezked\u00e9s\u00e9t, a csal\u00e1dok anyagi boldogul\u00e1s\u00e1t, a kisv\u00e1llalkoz\u00e1sok fejl\u0151d\u00e9s\u00e9t \u00e9s a kutat\u00f3k itthon tart\u00e1s\u00e1t egyar\u00e1nt. A m\u00e1r megszavazott, valamint a tervbe vett ad\u00f3v\u00e1ltoztat\u00e1sok illeszkednek az elm\u00falt \u00e9vek ad\u00f3cs\u00f6kkent\u0151, munkahelyteremt\u0151, csal\u00e1dt\u00e1mogat\u00f3 politik\u00e1j\u00e1hoz. Az \u00e1llamtitk\u00e1r sz\u00f3lt arr\u00f3l\" \/>\n\t<meta name=\"robots\" content=\"max-image-preview:large\" \/>\n\t<meta name=\"author\" content=\"Juh\u00e1sz P\u00e9ter\"\/>\n\t<link rel=\"canonical\" href=\"https:\/\/allasorias.hu\/hirek\/valtozasok-jovore-az-adozasban\/\" \/>\n\t<meta name=\"generator\" content=\"All in One SEO (AIOSEO) 5.0.0.1\" \/>\n\t\t<meta property=\"og:locale\" content=\"hu_HU\" \/>\n\t\t<meta property=\"og:site_name\" content=\"AllasOrias.hu | H\u00edrek-lapszemle | \u00dczleti h\u00edrek az \u00e1ll\u00e1s \u00e9s a munka vil\u00e1g\u00e1b\u00f3l\" \/>\n\t\t<meta property=\"og:type\" content=\"article\" \/>\n\t\t<meta property=\"og:title\" content=\"V\u00e1ltoz\u00e1sok j\u00f6v\u0151re az ad\u00f3z\u00e1sban | AllasOrias.hu | H\u00edrek-lapszemle\" \/>\n\t\t<meta property=\"og:description\" content=\"Izer Norbert az ad\u00f3\u00fcgyek\u00e9rt felel\u0151s \u00e1llamtitk\u00e1r \u00fajs\u00e1g\u00edr\u00f3i k\u00e9rd\u00e9sekre v\u00e1laszolva mondta el, hogy 2019-ben t\u00f6bb t\u00edzmilli\u00e1rdos k\u00f6ztehercs\u00f6kkent\u00e9sre lehet sz\u00e1m\u00edtani. Seg\u00edtik a nyugd\u00edjasok elhelyezked\u00e9s\u00e9t, a csal\u00e1dok anyagi boldogul\u00e1s\u00e1t, a kisv\u00e1llalkoz\u00e1sok fejl\u0151d\u00e9s\u00e9t \u00e9s a kutat\u00f3k itthon tart\u00e1s\u00e1t egyar\u00e1nt. A m\u00e1r megszavazott, valamint a tervbe vett ad\u00f3v\u00e1ltoztat\u00e1sok illeszkednek az elm\u00falt \u00e9vek ad\u00f3cs\u00f6kkent\u0151, munkahelyteremt\u0151, csal\u00e1dt\u00e1mogat\u00f3 politik\u00e1j\u00e1hoz. Az \u00e1llamtitk\u00e1r sz\u00f3lt arr\u00f3l\" \/>\n\t\t<meta property=\"og:url\" content=\"https:\/\/allasorias.hu\/hirek\/valtozasok-jovore-az-adozasban\/\" \/>\n\t\t<meta property=\"og:image\" content=\"https:\/\/allasorias.hu\/hirek\/wp-content\/uploads\/2018\/11\/202141_uu.jpg\" \/>\n\t\t<meta property=\"og:image:secure_url\" content=\"https:\/\/allasorias.hu\/hirek\/wp-content\/uploads\/2018\/11\/202141_uu.jpg\" \/>\n\t\t<meta property=\"og:image:width\" content=\"1280\" \/>\n\t\t<meta property=\"og:image:height\" content=\"720\" \/>\n\t\t<meta property=\"article:published_time\" content=\"2018-11-03T09:59:48+00:00\" \/>\n\t\t<meta property=\"article:modified_time\" content=\"2018-11-06T10:09:58+00:00\" \/>\n\t\t<meta property=\"article:publisher\" content=\"https:\/\/www.facebook.com\/allasorias\" \/>\n\t\t<meta name=\"twitter:card\" content=\"summary_large_image\" \/>\n\t\t<meta name=\"twitter:title\" content=\"V\u00e1ltoz\u00e1sok j\u00f6v\u0151re az ad\u00f3z\u00e1sban | AllasOrias.hu | H\u00edrek-lapszemle\" \/>\n\t\t<meta name=\"twitter:description\" content=\"Izer Norbert az ad\u00f3\u00fcgyek\u00e9rt felel\u0151s \u00e1llamtitk\u00e1r \u00fajs\u00e1g\u00edr\u00f3i k\u00e9rd\u00e9sekre v\u00e1laszolva mondta el, hogy 2019-ben t\u00f6bb t\u00edzmilli\u00e1rdos k\u00f6ztehercs\u00f6kkent\u00e9sre lehet sz\u00e1m\u00edtani. Seg\u00edtik a nyugd\u00edjasok elhelyezked\u00e9s\u00e9t, a csal\u00e1dok anyagi boldogul\u00e1s\u00e1t, a kisv\u00e1llalkoz\u00e1sok fejl\u0151d\u00e9s\u00e9t \u00e9s a kutat\u00f3k itthon tart\u00e1s\u00e1t egyar\u00e1nt. A m\u00e1r megszavazott, valamint a tervbe vett ad\u00f3v\u00e1ltoztat\u00e1sok illeszkednek az elm\u00falt \u00e9vek ad\u00f3cs\u00f6kkent\u0151, munkahelyteremt\u0151, csal\u00e1dt\u00e1mogat\u00f3 politik\u00e1j\u00e1hoz. Az \u00e1llamtitk\u00e1r sz\u00f3lt arr\u00f3l\" \/>\n\t\t<meta name=\"twitter:image\" content=\"https:\/\/allasorias.hu\/hirek\/wp-content\/uploads\/2018\/11\/202141_uu.jpg\" \/>\n\t\t<meta name=\"twitter:label1\" content=\"Written by\" \/>\n\t\t<meta name=\"twitter:data1\" content=\"Juh\u00e1sz P\u00e9ter\" \/>\n\t\t<meta name=\"twitter:label2\" content=\"Est. reading time\" \/>\n\t\t<meta name=\"twitter:data2\" content=\"2 minutes\" \/>\n\t\t<script type=\"application\/ld+json\" class=\"aioseo-schema\">\n\t\t\t{\"@context\":\"https:\\\/\\\/schema.org\",\"@graph\":[{\"@type\":\"Article\",\"@id\":\"https:\\\/\\\/allasorias.hu\\\/hirek\\\/valtozasok-jovore-az-adozasban\\\/#article\",\"name\":\"V\\u00e1ltoz\\u00e1sok j\\u00f6v\\u0151re az ad\\u00f3z\\u00e1sban | AllasOrias.hu | H\\u00edrek-lapszemle\",\"headline\":\"V\\u00e1ltoz\\u00e1sok j\\u00f6v\\u0151re az ad\\u00f3z\\u00e1sban\",\"author\":{\"@id\":\"https:\\\/\\\/allasorias.hu\\\/hirek\\\/author\\\/admin-allasorias\\\/#author\"},\"publisher\":{\"@id\":\"https:\\\/\\\/allasorias.hu\\\/hirek\\\/#organization\"},\"image\":{\"@type\":\"ImageObject\",\"url\":\"https:\\\/\\\/allasorias.hu\\\/hirek\\\/wp-content\\\/uploads\\\/2018\\\/11\\\/202141_uu.jpg\",\"width\":1280,\"height\":720},\"datePublished\":\"2018-11-03T09:59:48+02:00\",\"dateModified\":\"2018-11-06T10:09:58+02:00\",\"inLanguage\":\"hu-HU\",\"mainEntityOfPage\":{\"@id\":\"https:\\\/\\\/allasorias.hu\\\/hirek\\\/valtozasok-jovore-az-adozasban\\\/#webpage\"},\"isPartOf\":{\"@id\":\"https:\\\/\\\/allasorias.hu\\\/hirek\\\/valtozasok-jovore-az-adozasban\\\/#webpage\"},\"articleSection\":\"Gazdas\\u00e1g, Munkaer\\u0151piac\"},{\"@type\":\"BreadcrumbList\",\"@id\":\"https:\\\/\\\/allasorias.hu\\\/hirek\\\/valtozasok-jovore-az-adozasban\\\/#breadcrumblist\",\"itemListElement\":[{\"@type\":\"ListItem\",\"@id\":\"https:\\\/\\\/allasorias.hu\\\/hirek#listItem\",\"position\":1,\"name\":\"Home\",\"item\":\"https:\\\/\\\/allasorias.hu\\\/hirek\",\"nextItem\":{\"@type\":\"ListItem\",\"@id\":\"https:\\\/\\\/allasorias.hu\\\/hirek\\\/temak\\\/gazdasag\\\/#listItem\",\"name\":\"Gazdas\\u00e1g\"}},{\"@type\":\"ListItem\",\"@id\":\"https:\\\/\\\/allasorias.hu\\\/hirek\\\/temak\\\/gazdasag\\\/#listItem\",\"position\":2,\"name\":\"Gazdas\\u00e1g\",\"item\":\"https:\\\/\\\/allasorias.hu\\\/hirek\\\/temak\\\/gazdasag\\\/\",\"nextItem\":{\"@type\":\"ListItem\",\"@id\":\"https:\\\/\\\/allasorias.hu\\\/hirek\\\/valtozasok-jovore-az-adozasban\\\/#listItem\",\"name\":\"V\\u00e1ltoz\\u00e1sok j\\u00f6v\\u0151re az ad\\u00f3z\\u00e1sban\"},\"previousItem\":{\"@type\":\"ListItem\",\"@id\":\"https:\\\/\\\/allasorias.hu\\\/hirek#listItem\",\"name\":\"Home\"}},{\"@type\":\"ListItem\",\"@id\":\"https:\\\/\\\/allasorias.hu\\\/hirek\\\/valtozasok-jovore-az-adozasban\\\/#listItem\",\"position\":3,\"name\":\"V\\u00e1ltoz\\u00e1sok j\\u00f6v\\u0151re az ad\\u00f3z\\u00e1sban\",\"previousItem\":{\"@type\":\"ListItem\",\"@id\":\"https:\\\/\\\/allasorias.hu\\\/hirek\\\/temak\\\/gazdasag\\\/#listItem\",\"name\":\"Gazdas\\u00e1g\"}}]},{\"@type\":\"Organization\",\"@id\":\"https:\\\/\\\/allasorias.hu\\\/hirek\\\/#organization\",\"name\":\"AllasOrias.hu | H\\u00edrek-lapszemle\",\"description\":\"\\u00dczleti h\\u00edrek az \\u00e1ll\\u00e1s \\u00e9s a munka vil\\u00e1g\\u00e1b\\u00f3l\",\"url\":\"https:\\\/\\\/allasorias.hu\\\/hirek\\\/\",\"logo\":{\"@type\":\"ImageObject\",\"url\":\"https:\\\/\\\/allasorias.hu\\\/hirek\\\/wp-content\\\/uploads\\\/2022\\\/10\\\/allasorias_site_facebok_logo.png\",\"@id\":\"https:\\\/\\\/allasorias.hu\\\/hirek\\\/valtozasok-jovore-az-adozasban\\\/#organizationLogo\"},\"image\":{\"@id\":\"https:\\\/\\\/allasorias.hu\\\/hirek\\\/valtozasok-jovore-az-adozasban\\\/#organizationLogo\"},\"sameAs\":[\"https:\\\/\\\/www.facebook.com\\\/allasorias\",\"https:\\\/\\\/www.linkedin.com\\\/company\\\/allasorias\"]},{\"@type\":\"Person\",\"@id\":\"https:\\\/\\\/allasorias.hu\\\/hirek\\\/author\\\/admin-allasorias\\\/#author\",\"url\":\"https:\\\/\\\/allasorias.hu\\\/hirek\\\/author\\\/admin-allasorias\\\/\",\"name\":\"Juh\\u00e1sz P\\u00e9ter\",\"image\":{\"@type\":\"ImageObject\",\"@id\":\"https:\\\/\\\/allasorias.hu\\\/hirek\\\/valtozasok-jovore-az-adozasban\\\/#authorImage\",\"url\":\"https:\\\/\\\/secure.gravatar.com\\\/avatar\\\/36e6bcb83148978b992977cb0f54d22feb0cce8a0a849a9410532bb2623ba4c6?s=96&d=mm&r=g\",\"width\":96,\"height\":96,\"caption\":\"Juh\\u00e1sz P\\u00e9ter\"}},{\"@type\":\"WebPage\",\"@id\":\"https:\\\/\\\/allasorias.hu\\\/hirek\\\/valtozasok-jovore-az-adozasban\\\/#webpage\",\"url\":\"https:\\\/\\\/allasorias.hu\\\/hirek\\\/valtozasok-jovore-az-adozasban\\\/\",\"name\":\"V\\u00e1ltoz\\u00e1sok j\\u00f6v\\u0151re az ad\\u00f3z\\u00e1sban | AllasOrias.hu | H\\u00edrek-lapszemle\",\"description\":\"Izer Norbert az ad\\u00f3\\u00fcgyek\\u00e9rt felel\\u0151s \\u00e1llamtitk\\u00e1r \\u00fajs\\u00e1g\\u00edr\\u00f3i k\\u00e9rd\\u00e9sekre v\\u00e1laszolva mondta el, hogy 2019-ben t\\u00f6bb t\\u00edzmilli\\u00e1rdos k\\u00f6ztehercs\\u00f6kkent\\u00e9sre lehet sz\\u00e1m\\u00edtani. Seg\\u00edtik a nyugd\\u00edjasok elhelyezked\\u00e9s\\u00e9t, a csal\\u00e1dok anyagi boldogul\\u00e1s\\u00e1t, a kisv\\u00e1llalkoz\\u00e1sok fejl\\u0151d\\u00e9s\\u00e9t \\u00e9s a kutat\\u00f3k itthon tart\\u00e1s\\u00e1t egyar\\u00e1nt. A m\\u00e1r megszavazott, valamint a tervbe vett ad\\u00f3v\\u00e1ltoztat\\u00e1sok illeszkednek az elm\\u00falt \\u00e9vek ad\\u00f3cs\\u00f6kkent\\u0151, munkahelyteremt\\u0151, csal\\u00e1dt\\u00e1mogat\\u00f3 politik\\u00e1j\\u00e1hoz. Az \\u00e1llamtitk\\u00e1r sz\\u00f3lt arr\\u00f3l\",\"inLanguage\":\"hu-HU\",\"isPartOf\":{\"@id\":\"https:\\\/\\\/allasorias.hu\\\/hirek\\\/#website\"},\"breadcrumb\":{\"@id\":\"https:\\\/\\\/allasorias.hu\\\/hirek\\\/valtozasok-jovore-az-adozasban\\\/#breadcrumblist\"},\"author\":{\"@id\":\"https:\\\/\\\/allasorias.hu\\\/hirek\\\/author\\\/admin-allasorias\\\/#author\"},\"creator\":{\"@id\":\"https:\\\/\\\/allasorias.hu\\\/hirek\\\/author\\\/admin-allasorias\\\/#author\"},\"image\":{\"@type\":\"ImageObject\",\"url\":\"https:\\\/\\\/allasorias.hu\\\/hirek\\\/wp-content\\\/uploads\\\/2018\\\/11\\\/202141_uu.jpg\",\"@id\":\"https:\\\/\\\/allasorias.hu\\\/hirek\\\/valtozasok-jovore-az-adozasban\\\/#mainImage\",\"width\":1280,\"height\":720},\"primaryImageOfPage\":{\"@id\":\"https:\\\/\\\/allasorias.hu\\\/hirek\\\/valtozasok-jovore-az-adozasban\\\/#mainImage\"},\"datePublished\":\"2018-11-03T09:59:48+02:00\",\"dateModified\":\"2018-11-06T10:09:58+02:00\"},{\"@type\":\"WebSite\",\"@id\":\"https:\\\/\\\/allasorias.hu\\\/hirek\\\/#website\",\"url\":\"https:\\\/\\\/allasorias.hu\\\/hirek\\\/\",\"name\":\"AllasOrias.hu | H\\u00edrek-lapszemle\",\"description\":\"\\u00dczleti h\\u00edrek az \\u00e1ll\\u00e1s \\u00e9s a munka vil\\u00e1g\\u00e1b\\u00f3l\",\"inLanguage\":\"hu-HU\",\"publisher\":{\"@id\":\"https:\\\/\\\/allasorias.hu\\\/hirek\\\/#organization\"}}]}\n\t\t<\/script>\n\t\t<!-- All in One SEO -->\n\n","aioseo_head_json":{"title":"V\u00e1ltoz\u00e1sok j\u00f6v\u0151re az ad\u00f3z\u00e1sban | AllasOrias.hu | H\u00edrek-lapszemle","description":"Izer Norbert az ad\u00f3\u00fcgyek\u00e9rt felel\u0151s \u00e1llamtitk\u00e1r \u00fajs\u00e1g\u00edr\u00f3i k\u00e9rd\u00e9sekre v\u00e1laszolva mondta el, hogy 2019-ben t\u00f6bb t\u00edzmilli\u00e1rdos k\u00f6ztehercs\u00f6kkent\u00e9sre lehet sz\u00e1m\u00edtani. Seg\u00edtik a nyugd\u00edjasok elhelyezked\u00e9s\u00e9t, a csal\u00e1dok anyagi boldogul\u00e1s\u00e1t, a kisv\u00e1llalkoz\u00e1sok fejl\u0151d\u00e9s\u00e9t \u00e9s a kutat\u00f3k itthon tart\u00e1s\u00e1t egyar\u00e1nt. A m\u00e1r megszavazott, valamint a tervbe vett ad\u00f3v\u00e1ltoztat\u00e1sok illeszkednek az elm\u00falt \u00e9vek ad\u00f3cs\u00f6kkent\u0151, munkahelyteremt\u0151, csal\u00e1dt\u00e1mogat\u00f3 politik\u00e1j\u00e1hoz. Az \u00e1llamtitk\u00e1r sz\u00f3lt arr\u00f3l","canonical_url":"https:\/\/allasorias.hu\/hirek\/valtozasok-jovore-az-adozasban\/","robots":"max-image-preview:large","keywords":"","webmasterTools":{"miscellaneous":""},"schema":{"@context":"https:\/\/schema.org","@graph":[{"@type":"Article","@id":"https:\/\/allasorias.hu\/hirek\/valtozasok-jovore-az-adozasban\/#article","name":"V\u00e1ltoz\u00e1sok j\u00f6v\u0151re az ad\u00f3z\u00e1sban | AllasOrias.hu | H\u00edrek-lapszemle","headline":"V\u00e1ltoz\u00e1sok j\u00f6v\u0151re az ad\u00f3z\u00e1sban","author":{"@id":"https:\/\/allasorias.hu\/hirek\/author\/admin-allasorias\/#author"},"publisher":{"@id":"https:\/\/allasorias.hu\/hirek\/#organization"},"image":{"@type":"ImageObject","url":"https:\/\/allasorias.hu\/hirek\/wp-content\/uploads\/2018\/11\/202141_uu.jpg","width":1280,"height":720},"datePublished":"2018-11-03T09:59:48+02:00","dateModified":"2018-11-06T10:09:58+02:00","inLanguage":"hu-HU","mainEntityOfPage":{"@id":"https:\/\/allasorias.hu\/hirek\/valtozasok-jovore-az-adozasban\/#webpage"},"isPartOf":{"@id":"https:\/\/allasorias.hu\/hirek\/valtozasok-jovore-az-adozasban\/#webpage"},"articleSection":"Gazdas\u00e1g, Munkaer\u0151piac"},{"@type":"BreadcrumbList","@id":"https:\/\/allasorias.hu\/hirek\/valtozasok-jovore-az-adozasban\/#breadcrumblist","itemListElement":[{"@type":"ListItem","@id":"https:\/\/allasorias.hu\/hirek#listItem","position":1,"name":"Home","item":"https:\/\/allasorias.hu\/hirek","nextItem":{"@type":"ListItem","@id":"https:\/\/allasorias.hu\/hirek\/temak\/gazdasag\/#listItem","name":"Gazdas\u00e1g"}},{"@type":"ListItem","@id":"https:\/\/allasorias.hu\/hirek\/temak\/gazdasag\/#listItem","position":2,"name":"Gazdas\u00e1g","item":"https:\/\/allasorias.hu\/hirek\/temak\/gazdasag\/","nextItem":{"@type":"ListItem","@id":"https:\/\/allasorias.hu\/hirek\/valtozasok-jovore-az-adozasban\/#listItem","name":"V\u00e1ltoz\u00e1sok j\u00f6v\u0151re az ad\u00f3z\u00e1sban"},"previousItem":{"@type":"ListItem","@id":"https:\/\/allasorias.hu\/hirek#listItem","name":"Home"}},{"@type":"ListItem","@id":"https:\/\/allasorias.hu\/hirek\/valtozasok-jovore-az-adozasban\/#listItem","position":3,"name":"V\u00e1ltoz\u00e1sok j\u00f6v\u0151re az ad\u00f3z\u00e1sban","previousItem":{"@type":"ListItem","@id":"https:\/\/allasorias.hu\/hirek\/temak\/gazdasag\/#listItem","name":"Gazdas\u00e1g"}}]},{"@type":"Organization","@id":"https:\/\/allasorias.hu\/hirek\/#organization","name":"AllasOrias.hu | H\u00edrek-lapszemle","description":"\u00dczleti h\u00edrek az \u00e1ll\u00e1s \u00e9s a munka vil\u00e1g\u00e1b\u00f3l","url":"https:\/\/allasorias.hu\/hirek\/","logo":{"@type":"ImageObject","url":"https:\/\/allasorias.hu\/hirek\/wp-content\/uploads\/2022\/10\/allasorias_site_facebok_logo.png","@id":"https:\/\/allasorias.hu\/hirek\/valtozasok-jovore-az-adozasban\/#organizationLogo"},"image":{"@id":"https:\/\/allasorias.hu\/hirek\/valtozasok-jovore-az-adozasban\/#organizationLogo"},"sameAs":["https:\/\/www.facebook.com\/allasorias","https:\/\/www.linkedin.com\/company\/allasorias"]},{"@type":"Person","@id":"https:\/\/allasorias.hu\/hirek\/author\/admin-allasorias\/#author","url":"https:\/\/allasorias.hu\/hirek\/author\/admin-allasorias\/","name":"Juh\u00e1sz P\u00e9ter","image":{"@type":"ImageObject","@id":"https:\/\/allasorias.hu\/hirek\/valtozasok-jovore-az-adozasban\/#authorImage","url":"https:\/\/secure.gravatar.com\/avatar\/36e6bcb83148978b992977cb0f54d22feb0cce8a0a849a9410532bb2623ba4c6?s=96&d=mm&r=g","width":96,"height":96,"caption":"Juh\u00e1sz P\u00e9ter"}},{"@type":"WebPage","@id":"https:\/\/allasorias.hu\/hirek\/valtozasok-jovore-az-adozasban\/#webpage","url":"https:\/\/allasorias.hu\/hirek\/valtozasok-jovore-az-adozasban\/","name":"V\u00e1ltoz\u00e1sok j\u00f6v\u0151re az ad\u00f3z\u00e1sban | AllasOrias.hu | H\u00edrek-lapszemle","description":"Izer Norbert az ad\u00f3\u00fcgyek\u00e9rt felel\u0151s \u00e1llamtitk\u00e1r \u00fajs\u00e1g\u00edr\u00f3i k\u00e9rd\u00e9sekre v\u00e1laszolva mondta el, hogy 2019-ben t\u00f6bb t\u00edzmilli\u00e1rdos k\u00f6ztehercs\u00f6kkent\u00e9sre lehet sz\u00e1m\u00edtani. Seg\u00edtik a nyugd\u00edjasok elhelyezked\u00e9s\u00e9t, a csal\u00e1dok anyagi boldogul\u00e1s\u00e1t, a kisv\u00e1llalkoz\u00e1sok fejl\u0151d\u00e9s\u00e9t \u00e9s a kutat\u00f3k itthon tart\u00e1s\u00e1t egyar\u00e1nt. A m\u00e1r megszavazott, valamint a tervbe vett ad\u00f3v\u00e1ltoztat\u00e1sok illeszkednek az elm\u00falt \u00e9vek ad\u00f3cs\u00f6kkent\u0151, munkahelyteremt\u0151, csal\u00e1dt\u00e1mogat\u00f3 politik\u00e1j\u00e1hoz. Az \u00e1llamtitk\u00e1r sz\u00f3lt arr\u00f3l","inLanguage":"hu-HU","isPartOf":{"@id":"https:\/\/allasorias.hu\/hirek\/#website"},"breadcrumb":{"@id":"https:\/\/allasorias.hu\/hirek\/valtozasok-jovore-az-adozasban\/#breadcrumblist"},"author":{"@id":"https:\/\/allasorias.hu\/hirek\/author\/admin-allasorias\/#author"},"creator":{"@id":"https:\/\/allasorias.hu\/hirek\/author\/admin-allasorias\/#author"},"image":{"@type":"ImageObject","url":"https:\/\/allasorias.hu\/hirek\/wp-content\/uploads\/2018\/11\/202141_uu.jpg","@id":"https:\/\/allasorias.hu\/hirek\/valtozasok-jovore-az-adozasban\/#mainImage","width":1280,"height":720},"primaryImageOfPage":{"@id":"https:\/\/allasorias.hu\/hirek\/valtozasok-jovore-az-adozasban\/#mainImage"},"datePublished":"2018-11-03T09:59:48+02:00","dateModified":"2018-11-06T10:09:58+02:00"},{"@type":"WebSite","@id":"https:\/\/allasorias.hu\/hirek\/#website","url":"https:\/\/allasorias.hu\/hirek\/","name":"AllasOrias.hu | H\u00edrek-lapszemle","description":"\u00dczleti h\u00edrek az \u00e1ll\u00e1s \u00e9s a munka vil\u00e1g\u00e1b\u00f3l","inLanguage":"hu-HU","publisher":{"@id":"https:\/\/allasorias.hu\/hirek\/#organization"}}]},"og:locale":"hu_HU","og:site_name":"AllasOrias.hu | H\u00edrek-lapszemle | \u00dczleti h\u00edrek az \u00e1ll\u00e1s \u00e9s a munka vil\u00e1g\u00e1b\u00f3l","og:type":"article","og:title":"V\u00e1ltoz\u00e1sok j\u00f6v\u0151re az ad\u00f3z\u00e1sban | AllasOrias.hu | H\u00edrek-lapszemle","og:description":"Izer Norbert az ad\u00f3\u00fcgyek\u00e9rt felel\u0151s \u00e1llamtitk\u00e1r \u00fajs\u00e1g\u00edr\u00f3i k\u00e9rd\u00e9sekre v\u00e1laszolva mondta el, hogy 2019-ben t\u00f6bb t\u00edzmilli\u00e1rdos k\u00f6ztehercs\u00f6kkent\u00e9sre lehet sz\u00e1m\u00edtani. Seg\u00edtik a nyugd\u00edjasok elhelyezked\u00e9s\u00e9t, a csal\u00e1dok anyagi boldogul\u00e1s\u00e1t, a kisv\u00e1llalkoz\u00e1sok fejl\u0151d\u00e9s\u00e9t \u00e9s a kutat\u00f3k itthon tart\u00e1s\u00e1t egyar\u00e1nt. A m\u00e1r megszavazott, valamint a tervbe vett ad\u00f3v\u00e1ltoztat\u00e1sok illeszkednek az elm\u00falt \u00e9vek ad\u00f3cs\u00f6kkent\u0151, munkahelyteremt\u0151, csal\u00e1dt\u00e1mogat\u00f3 politik\u00e1j\u00e1hoz. Az \u00e1llamtitk\u00e1r sz\u00f3lt arr\u00f3l","og:url":"https:\/\/allasorias.hu\/hirek\/valtozasok-jovore-az-adozasban\/","og:image":"https:\/\/allasorias.hu\/hirek\/wp-content\/uploads\/2018\/11\/202141_uu.jpg","og:image:secure_url":"https:\/\/allasorias.hu\/hirek\/wp-content\/uploads\/2018\/11\/202141_uu.jpg","og:image:width":1280,"og:image:height":720,"article:published_time":"2018-11-03T09:59:48+00:00","article:modified_time":"2018-11-06T10:09:58+00:00","article:publisher":"https:\/\/www.facebook.com\/allasorias","twitter:card":"summary_large_image","twitter:title":"V\u00e1ltoz\u00e1sok j\u00f6v\u0151re az ad\u00f3z\u00e1sban | AllasOrias.hu | H\u00edrek-lapszemle","twitter:description":"Izer Norbert az ad\u00f3\u00fcgyek\u00e9rt felel\u0151s \u00e1llamtitk\u00e1r \u00fajs\u00e1g\u00edr\u00f3i k\u00e9rd\u00e9sekre v\u00e1laszolva mondta el, hogy 2019-ben t\u00f6bb t\u00edzmilli\u00e1rdos k\u00f6ztehercs\u00f6kkent\u00e9sre lehet sz\u00e1m\u00edtani. Seg\u00edtik a nyugd\u00edjasok elhelyezked\u00e9s\u00e9t, a csal\u00e1dok anyagi boldogul\u00e1s\u00e1t, a kisv\u00e1llalkoz\u00e1sok fejl\u0151d\u00e9s\u00e9t \u00e9s a kutat\u00f3k itthon tart\u00e1s\u00e1t egyar\u00e1nt. A m\u00e1r megszavazott, valamint a tervbe vett ad\u00f3v\u00e1ltoztat\u00e1sok illeszkednek az elm\u00falt \u00e9vek ad\u00f3cs\u00f6kkent\u0151, munkahelyteremt\u0151, csal\u00e1dt\u00e1mogat\u00f3 politik\u00e1j\u00e1hoz. Az \u00e1llamtitk\u00e1r sz\u00f3lt arr\u00f3l","twitter:image":"https:\/\/allasorias.hu\/hirek\/wp-content\/uploads\/2018\/11\/202141_uu.jpg","twitter:label1":"Written by","twitter:data1":"Juh\u00e1sz P\u00e9ter","twitter:label2":"Est. reading time","twitter:data2":"2 minutes"},"aioseo_meta_data":{"post_id":"2094","title":null,"description":null,"keywords":null,"keyphrases":null,"primary_term":null,"canonical_url":null,"og_title":null,"og_description":null,"og_object_type":"default","og_image_type":"default","og_image_url":null,"og_image_width":null,"og_image_height":null,"og_image_custom_url":null,"og_image_custom_fields":null,"og_video":null,"og_custom_url":null,"og_article_section":null,"og_article_tags":null,"twitter_use_og":false,"twitter_card":"default","twitter_image_type":"default","twitter_image_url":null,"twitter_image_custom_url":null,"twitter_image_custom_fields":null,"twitter_title":null,"twitter_description":null,"schema":{"blockGraphs":[],"customGraphs":[],"default":{"data":{"Article":[],"Course":[],"Dataset":[],"FAQPage":[],"Movie":[],"Person":[],"Product":[],"ProductReview":[],"Car":[],"Recipe":[],"Service":[],"SoftwareApplication":[],"WebPage":[]},"graphName":"","isEnabled":true},"graphs":[],"defaultGraph":"","defaultPostTypeGraph":""},"schema_type":null,"schema_type_options":null,"pillar_content":false,"robots_default":true,"robots_noindex":false,"robots_noarchive":false,"robots_nosnippet":false,"robots_nofollow":false,"robots_noimageindex":false,"robots_noodp":false,"robots_notranslate":false,"robots_max_snippet":null,"robots_max_videopreview":null,"robots_max_imagepreview":"large","priority":null,"frequency":null,"location":null,"local_seo":null,"breadcrumb_settings":null,"limit_modified_date":false,"ai":null,"created":"2021-02-01 20:44:36","updated":"2025-10-02 09:11:27","seo_analyzer_scan_date":null,"focus_keyword":null,"additional_keywords":null,"truseo_locale":null},"aioseo_breadcrumb":"<div class=\"aioseo-breadcrumbs\"><span class=\"aioseo-breadcrumb\">\n\t\t\t<a href=\"https:\/\/allasorias.hu\/hirek\" title=\"Home\">Home<\/a>\n\t\t<\/span><span class=\"aioseo-breadcrumb-separator\">&raquo;<\/span><span class=\"aioseo-breadcrumb\">\n\t\t\t<a href=\"https:\/\/allasorias.hu\/hirek\/temak\/gazdasag\/\" title=\"Gazdas\u00e1g\">Gazdas\u00e1g<\/a>\n\t\t<\/span><span class=\"aioseo-breadcrumb-separator\">&raquo;<\/span><span class=\"aioseo-breadcrumb\">\n\t\t\tV\u00e1ltoz\u00e1sok j\u00f6v\u0151re az ad\u00f3z\u00e1sban\n\t\t<\/span><\/div>","aioseo_breadcrumb_json":[{"label":"Home","link":"https:\/\/allasorias.hu\/hirek"},{"label":"Gazdas\u00e1g","link":"https:\/\/allasorias.hu\/hirek\/temak\/gazdasag\/"},{"label":"V\u00e1ltoz\u00e1sok j\u00f6v\u0151re az ad\u00f3z\u00e1sban","link":"https:\/\/allasorias.hu\/hirek\/valtozasok-jovore-az-adozasban\/"}],"_links":{"self":[{"href":"https:\/\/allasorias.hu\/hirek\/wp-json\/wp\/v2\/posts\/2094","targetHints":{"allow":["GET"]}}],"collection":[{"href":"https:\/\/allasorias.hu\/hirek\/wp-json\/wp\/v2\/posts"}],"about":[{"href":"https:\/\/allasorias.hu\/hirek\/wp-json\/wp\/v2\/types\/post"}],"author":[{"embeddable":true,"href":"https:\/\/allasorias.hu\/hirek\/wp-json\/wp\/v2\/users\/1"}],"replies":[{"embeddable":true,"href":"https:\/\/allasorias.hu\/hirek\/wp-json\/wp\/v2\/comments?post=2094"}],"version-history":[{"count":1,"href":"https:\/\/allasorias.hu\/hirek\/wp-json\/wp\/v2\/posts\/2094\/revisions"}],"predecessor-version":[{"id":2096,"href":"https:\/\/allasorias.hu\/hirek\/wp-json\/wp\/v2\/posts\/2094\/revisions\/2096"}],"wp:featuredmedia":[{"embeddable":true,"href":"https:\/\/allasorias.hu\/hirek\/wp-json\/wp\/v2\/media\/2095"}],"wp:attachment":[{"href":"https:\/\/allasorias.hu\/hirek\/wp-json\/wp\/v2\/media?parent=2094"}],"wp:term":[{"taxonomy":"category","embeddable":true,"href":"https:\/\/allasorias.hu\/hirek\/wp-json\/wp\/v2\/categories?post=2094"},{"taxonomy":"post_tag","embeddable":true,"href":"https:\/\/allasorias.hu\/hirek\/wp-json\/wp\/v2\/tags?post=2094"}],"curies":[{"name":"wp","href":"https:\/\/api.w.org\/{rel}","templated":true}]}}