{"id":2091,"date":"2018-11-02T09:59:00","date_gmt":"2018-11-02T09:59:00","guid":{"rendered":"https:\/\/allasorias.hu\/hirek\/?p=2091"},"modified":"2018-11-06T09:59:23","modified_gmt":"2018-11-06T09:59:23","slug":"mintegy-hetezer-allast-szuntetnek-meg-a-miniszteriumokban","status":"publish","type":"post","link":"https:\/\/allasorias.hu\/hirek\/mintegy-hetezer-allast-szuntetnek-meg-a-miniszteriumokban\/","title":{"rendered":"Mintegy h\u00e9tezer \u00e1ll\u00e1st sz\u00fcntetnek meg a miniszt\u00e9riumokban"},"content":{"rendered":"<p style=\"text-align: justify;\"><strong>Az \u00e1llam nyomon k\u00f6veti \u00e9s seg\u00edti az \u00e1ll\u00e1sveszt\u0151ket a miniszt\u00e9riumokn\u00e1l, k\u00fcl\u00f6n programiroda seg\u00edti majd a dolgoz\u00f3kat, akiknek megsz\u0171nik az \u00e1ll\u00e1suk. M\u00e9sz\u00e1ros Melinda, a Liga Szakszervezetek eln\u00f6ke az Orsz\u00e1gos K\u00f6zszolg\u00e1lati \u00c9rdekegyeztet\u0151 Tan\u00e1cs \u00fcl\u00e9s\u00e9t k\u00f6vet\u0151en kijelentette: \u00a0a kor\u00e1bban emlegetett l\u00e9tsz\u00e1mn\u00e1l j\u00f3val kevesebb embert \u00e9rint a le\u00e9p\u00edt\u00e9s.<\/strong><\/p>\n<p style=\"text-align: justify;\">36,5 ezer st\u00e1tusz 18,6 sz\u00e1zal\u00e9k\u00e1t tervezik megsz\u00fcntetni, ez 6810 \u00e1ll\u00e1shelyet jelent. Ennek \u00e1tlagosan &#8211; miniszt\u00e9riumonk\u00e9nt &#8211; 10 sz\u00e1zal\u00e9ka ugyanakkor jelenleg is bet\u00f6ltetlen, \u00edgy a pontos l\u00e9tsz\u00e1madatok egyel\u0151re nem ismertek, a becsl\u00e9s szerint 2-4 ezer embert \u00e9rint a l\u00e9p\u00e9s. Hom\u00e1lyos m\u00e9g, hogy kiket \u00e9rint ez, mivel az err\u0151l sz\u00f3l\u00f3 korm\u00e1nyhat\u00e1rozat m\u00e9g nem jelent meg, m\u00e1sfel\u0151l a miniszt\u00e9riumok \u00e9s az egy\u00e9b Egyes inform\u00e1ci\u00f3k szerint \u00faj korm\u00e1nytisztvisel\u0151kre vonatkoz\u00f3 t\u00f6rv\u00e9ny l\u00e9phet hat\u00e1lyba, \u00e1m ennek tervezete m\u00e9g nem ismert. J\u00f6v\u0151re \u00e1tlagosan 25-30 sz\u00e1zal\u00e9kkal emelkedik a korm\u00e1nytisztvisel\u0151i illetm\u00e9ny, \u00e1m ezt differenci\u00e1ltan kapj\u00e1k a munkav\u00e1llal\u00f3k. A szakszervezet \u00e1ll\u00e1spontja szerint ha mindenk\u00e9ppen sz\u00fcks\u00e9ges a l\u00e9tsz\u00e1mle\u00e9p\u00edt\u00e9s, akkor pozit\u00edvum, hogy,\u00a0 az \u00e1llam tov\u00e1bb gondoskodik az \u00e1ll\u00e1sveszt\u0151kr\u0151l. A Liga felaj\u00e1nlotta az egy\u00fcttm\u0171k\u00f6d\u00e9s\u00e9t a le\u00e9p\u00edt\u00e9sben \u00e9rintettek min\u00e9l k\u00f6nnyebb elhelyezked\u00e9se \u00e9rdek\u00e9ben.<\/p>\n<p><em>Forr\u00e1s: privatbankar.hu<\/em><\/p>\n","protected":false},"excerpt":{"rendered":"<p>Az \u00e1llam nyomon k\u00f6veti \u00e9s seg\u00edti az \u00e1ll\u00e1sveszt\u0151ket a miniszt\u00e9riumokn\u00e1l, k\u00fcl\u00f6n programiroda seg\u00edti majd a dolgoz\u00f3kat, akiknek megsz\u0171nik az \u00e1ll\u00e1suk. M\u00e9sz\u00e1ros Melinda, a Liga Szakszervezetek eln\u00f6ke az Orsz\u00e1gos K\u00f6zszolg\u00e1lati \u00c9rdekegyeztet\u0151 Tan\u00e1cs \u00fcl\u00e9s\u00e9t k\u00f6vet\u0151en kijelentette: \u00a0a kor\u00e1bban emlegetett l\u00e9tsz\u00e1mn\u00e1l j\u00f3val kevesebb embert \u00e9rint a le\u00e9p\u00edt\u00e9s. 36,5 ezer st\u00e1tusz 18,6 sz\u00e1zal\u00e9k\u00e1t tervezik megsz\u00fcntetni, ez 6810 \u00e1ll\u00e1shelyet jelent. [&hellip;]<\/p>\n","protected":false},"author":1,"featured_media":2092,"comment_status":"open","ping_status":"open","sticky":false,"template":"","format":"standard","meta":{"_monsterinsights_skip_tracking":false,"footnotes":""},"categories":[1,198,199,200],"tags":[],"class_list":["post-2091","post","type-post","status-publish","format-standard","has-post-thumbnail","hentry","category-allaskereses","category-gazdasag","category-karrier","category-munkaeropiac"],"aioseo_notices":[],"aioseo_head":"\n\t\t<!-- All in One SEO 5.0.0.1 - aioseo.com -->\n\t<meta name=\"description\" content=\"Az \u00e1llam nyomon k\u00f6veti \u00e9s seg\u00edti az \u00e1ll\u00e1sveszt\u0151ket a miniszt\u00e9riumokn\u00e1l, k\u00fcl\u00f6n programiroda seg\u00edti majd a dolgoz\u00f3kat, akiknek megsz\u0171nik az \u00e1ll\u00e1suk. M\u00e9sz\u00e1ros Melinda, a Liga Szakszervezetek eln\u00f6ke az Orsz\u00e1gos K\u00f6zszolg\u00e1lati \u00c9rdekegyeztet\u0151 Tan\u00e1cs \u00fcl\u00e9s\u00e9t k\u00f6vet\u0151en kijelentette: a kor\u00e1bban emlegetett l\u00e9tsz\u00e1mn\u00e1l j\u00f3val kevesebb embert \u00e9rint a le\u00e9p\u00edt\u00e9s. 36,5 ezer st\u00e1tusz 18,6 sz\u00e1zal\u00e9k\u00e1t tervezik megsz\u00fcntetni, ez 6810 \u00e1ll\u00e1shelyet jelent.\" \/>\n\t<meta name=\"robots\" content=\"max-image-preview:large\" \/>\n\t<meta name=\"author\" content=\"Juh\u00e1sz P\u00e9ter\"\/>\n\t<link rel=\"canonical\" href=\"https:\/\/allasorias.hu\/hirek\/mintegy-hetezer-allast-szuntetnek-meg-a-miniszteriumokban\/\" \/>\n\t<meta name=\"generator\" content=\"All in One SEO (AIOSEO) 5.0.0.1\" \/>\n\t\t<meta property=\"og:locale\" content=\"hu_HU\" \/>\n\t\t<meta property=\"og:site_name\" content=\"AllasOrias.hu | H\u00edrek-lapszemle | \u00dczleti h\u00edrek az \u00e1ll\u00e1s \u00e9s a munka vil\u00e1g\u00e1b\u00f3l\" \/>\n\t\t<meta property=\"og:type\" content=\"article\" \/>\n\t\t<meta property=\"og:title\" content=\"Mintegy h\u00e9tezer \u00e1ll\u00e1st sz\u00fcntetnek meg a miniszt\u00e9riumokban | AllasOrias.hu | H\u00edrek-lapszemle\" \/>\n\t\t<meta property=\"og:description\" content=\"Az \u00e1llam nyomon k\u00f6veti \u00e9s seg\u00edti az \u00e1ll\u00e1sveszt\u0151ket a miniszt\u00e9riumokn\u00e1l, k\u00fcl\u00f6n programiroda seg\u00edti majd a dolgoz\u00f3kat, akiknek megsz\u0171nik az \u00e1ll\u00e1suk. M\u00e9sz\u00e1ros Melinda, a Liga Szakszervezetek eln\u00f6ke az Orsz\u00e1gos K\u00f6zszolg\u00e1lati \u00c9rdekegyeztet\u0151 Tan\u00e1cs \u00fcl\u00e9s\u00e9t k\u00f6vet\u0151en kijelentette: a kor\u00e1bban emlegetett l\u00e9tsz\u00e1mn\u00e1l j\u00f3val kevesebb embert \u00e9rint a le\u00e9p\u00edt\u00e9s. 36,5 ezer st\u00e1tusz 18,6 sz\u00e1zal\u00e9k\u00e1t tervezik megsz\u00fcntetni, ez 6810 \u00e1ll\u00e1shelyet jelent.\" \/>\n\t\t<meta property=\"og:url\" content=\"https:\/\/allasorias.hu\/hirek\/mintegy-hetezer-allast-szuntetnek-meg-a-miniszteriumokban\/\" \/>\n\t\t<meta property=\"og:image\" content=\"https:\/\/allasorias.hu\/hirek\/wp-content\/uploads\/2018\/11\/termination-110301_640.jpg\" \/>\n\t\t<meta property=\"og:image:secure_url\" content=\"https:\/\/allasorias.hu\/hirek\/wp-content\/uploads\/2018\/11\/termination-110301_640.jpg\" \/>\n\t\t<meta property=\"og:image:width\" content=\"640\" \/>\n\t\t<meta property=\"og:image:height\" content=\"452\" \/>\n\t\t<meta property=\"article:published_time\" content=\"2018-11-02T09:59:00+00:00\" \/>\n\t\t<meta property=\"article:modified_time\" content=\"2018-11-06T09:59:23+00:00\" \/>\n\t\t<meta property=\"article:publisher\" content=\"https:\/\/www.facebook.com\/allasorias\" \/>\n\t\t<meta name=\"twitter:card\" content=\"summary_large_image\" \/>\n\t\t<meta name=\"twitter:title\" content=\"Mintegy h\u00e9tezer \u00e1ll\u00e1st sz\u00fcntetnek meg a miniszt\u00e9riumokban | AllasOrias.hu | H\u00edrek-lapszemle\" \/>\n\t\t<meta name=\"twitter:description\" content=\"Az \u00e1llam nyomon k\u00f6veti \u00e9s seg\u00edti az \u00e1ll\u00e1sveszt\u0151ket a miniszt\u00e9riumokn\u00e1l, k\u00fcl\u00f6n programiroda seg\u00edti majd a dolgoz\u00f3kat, akiknek megsz\u0171nik az \u00e1ll\u00e1suk. M\u00e9sz\u00e1ros Melinda, a Liga Szakszervezetek eln\u00f6ke az Orsz\u00e1gos K\u00f6zszolg\u00e1lati \u00c9rdekegyeztet\u0151 Tan\u00e1cs \u00fcl\u00e9s\u00e9t k\u00f6vet\u0151en kijelentette: a kor\u00e1bban emlegetett l\u00e9tsz\u00e1mn\u00e1l j\u00f3val kevesebb embert \u00e9rint a le\u00e9p\u00edt\u00e9s. 36,5 ezer st\u00e1tusz 18,6 sz\u00e1zal\u00e9k\u00e1t tervezik megsz\u00fcntetni, ez 6810 \u00e1ll\u00e1shelyet jelent.\" \/>\n\t\t<meta name=\"twitter:image\" content=\"https:\/\/allasorias.hu\/hirek\/wp-content\/uploads\/2018\/11\/termination-110301_640.jpg\" \/>\n\t\t<meta name=\"twitter:label1\" content=\"Written by\" \/>\n\t\t<meta name=\"twitter:data1\" content=\"Juh\u00e1sz P\u00e9ter\" \/>\n\t\t<meta name=\"twitter:label2\" content=\"Est. reading time\" \/>\n\t\t<meta name=\"twitter:data2\" content=\"1 minute\" \/>\n\t\t<script type=\"application\/ld+json\" class=\"aioseo-schema\">\n\t\t\t{\"@context\":\"https:\\\/\\\/schema.org\",\"@graph\":[{\"@type\":\"Article\",\"@id\":\"https:\\\/\\\/allasorias.hu\\\/hirek\\\/mintegy-hetezer-allast-szuntetnek-meg-a-miniszteriumokban\\\/#article\",\"name\":\"Mintegy h\\u00e9tezer \\u00e1ll\\u00e1st sz\\u00fcntetnek meg a miniszt\\u00e9riumokban | AllasOrias.hu | H\\u00edrek-lapszemle\",\"headline\":\"Mintegy h\\u00e9tezer \\u00e1ll\\u00e1st sz\\u00fcntetnek meg a miniszt\\u00e9riumokban\",\"author\":{\"@id\":\"https:\\\/\\\/allasorias.hu\\\/hirek\\\/author\\\/admin-allasorias\\\/#author\"},\"publisher\":{\"@id\":\"https:\\\/\\\/allasorias.hu\\\/hirek\\\/#organization\"},\"image\":{\"@type\":\"ImageObject\",\"url\":\"https:\\\/\\\/allasorias.hu\\\/hirek\\\/wp-content\\\/uploads\\\/2018\\\/11\\\/termination-110301_640.jpg\",\"width\":640,\"height\":452},\"datePublished\":\"2018-11-02T09:59:00+02:00\",\"dateModified\":\"2018-11-06T09:59:23+02:00\",\"inLanguage\":\"hu-HU\",\"mainEntityOfPage\":{\"@id\":\"https:\\\/\\\/allasorias.hu\\\/hirek\\\/mintegy-hetezer-allast-szuntetnek-meg-a-miniszteriumokban\\\/#webpage\"},\"isPartOf\":{\"@id\":\"https:\\\/\\\/allasorias.hu\\\/hirek\\\/mintegy-hetezer-allast-szuntetnek-meg-a-miniszteriumokban\\\/#webpage\"},\"articleSection\":\"\\u00c1ll\\u00e1skeres\\u00e9s, Gazdas\\u00e1g, Karrier, Munkaer\\u0151piac\"},{\"@type\":\"BreadcrumbList\",\"@id\":\"https:\\\/\\\/allasorias.hu\\\/hirek\\\/mintegy-hetezer-allast-szuntetnek-meg-a-miniszteriumokban\\\/#breadcrumblist\",\"itemListElement\":[{\"@type\":\"ListItem\",\"@id\":\"https:\\\/\\\/allasorias.hu\\\/hirek#listItem\",\"position\":1,\"name\":\"Home\",\"item\":\"https:\\\/\\\/allasorias.hu\\\/hirek\",\"nextItem\":{\"@type\":\"ListItem\",\"@id\":\"https:\\\/\\\/allasorias.hu\\\/hirek\\\/temak\\\/allaskereses\\\/#listItem\",\"name\":\"\\u00c1ll\\u00e1skeres\\u00e9s\"}},{\"@type\":\"ListItem\",\"@id\":\"https:\\\/\\\/allasorias.hu\\\/hirek\\\/temak\\\/allaskereses\\\/#listItem\",\"position\":2,\"name\":\"\\u00c1ll\\u00e1skeres\\u00e9s\",\"item\":\"https:\\\/\\\/allasorias.hu\\\/hirek\\\/temak\\\/allaskereses\\\/\",\"nextItem\":{\"@type\":\"ListItem\",\"@id\":\"https:\\\/\\\/allasorias.hu\\\/hirek\\\/mintegy-hetezer-allast-szuntetnek-meg-a-miniszteriumokban\\\/#listItem\",\"name\":\"Mintegy h\\u00e9tezer \\u00e1ll\\u00e1st sz\\u00fcntetnek meg a miniszt\\u00e9riumokban\"},\"previousItem\":{\"@type\":\"ListItem\",\"@id\":\"https:\\\/\\\/allasorias.hu\\\/hirek#listItem\",\"name\":\"Home\"}},{\"@type\":\"ListItem\",\"@id\":\"https:\\\/\\\/allasorias.hu\\\/hirek\\\/mintegy-hetezer-allast-szuntetnek-meg-a-miniszteriumokban\\\/#listItem\",\"position\":3,\"name\":\"Mintegy h\\u00e9tezer \\u00e1ll\\u00e1st sz\\u00fcntetnek meg a miniszt\\u00e9riumokban\",\"previousItem\":{\"@type\":\"ListItem\",\"@id\":\"https:\\\/\\\/allasorias.hu\\\/hirek\\\/temak\\\/allaskereses\\\/#listItem\",\"name\":\"\\u00c1ll\\u00e1skeres\\u00e9s\"}}]},{\"@type\":\"Organization\",\"@id\":\"https:\\\/\\\/allasorias.hu\\\/hirek\\\/#organization\",\"name\":\"AllasOrias.hu | H\\u00edrek-lapszemle\",\"description\":\"\\u00dczleti h\\u00edrek az \\u00e1ll\\u00e1s \\u00e9s a munka vil\\u00e1g\\u00e1b\\u00f3l\",\"url\":\"https:\\\/\\\/allasorias.hu\\\/hirek\\\/\",\"logo\":{\"@type\":\"ImageObject\",\"url\":\"https:\\\/\\\/allasorias.hu\\\/hirek\\\/wp-content\\\/uploads\\\/2022\\\/10\\\/allasorias_site_facebok_logo.png\",\"@id\":\"https:\\\/\\\/allasorias.hu\\\/hirek\\\/mintegy-hetezer-allast-szuntetnek-meg-a-miniszteriumokban\\\/#organizationLogo\"},\"image\":{\"@id\":\"https:\\\/\\\/allasorias.hu\\\/hirek\\\/mintegy-hetezer-allast-szuntetnek-meg-a-miniszteriumokban\\\/#organizationLogo\"},\"sameAs\":[\"https:\\\/\\\/www.facebook.com\\\/allasorias\",\"https:\\\/\\\/www.linkedin.com\\\/company\\\/allasorias\"]},{\"@type\":\"Person\",\"@id\":\"https:\\\/\\\/allasorias.hu\\\/hirek\\\/author\\\/admin-allasorias\\\/#author\",\"url\":\"https:\\\/\\\/allasorias.hu\\\/hirek\\\/author\\\/admin-allasorias\\\/\",\"name\":\"Juh\\u00e1sz P\\u00e9ter\",\"image\":{\"@type\":\"ImageObject\",\"@id\":\"https:\\\/\\\/allasorias.hu\\\/hirek\\\/mintegy-hetezer-allast-szuntetnek-meg-a-miniszteriumokban\\\/#authorImage\",\"url\":\"https:\\\/\\\/secure.gravatar.com\\\/avatar\\\/36e6bcb83148978b992977cb0f54d22feb0cce8a0a849a9410532bb2623ba4c6?s=96&d=mm&r=g\",\"width\":96,\"height\":96,\"caption\":\"Juh\\u00e1sz P\\u00e9ter\"}},{\"@type\":\"WebPage\",\"@id\":\"https:\\\/\\\/allasorias.hu\\\/hirek\\\/mintegy-hetezer-allast-szuntetnek-meg-a-miniszteriumokban\\\/#webpage\",\"url\":\"https:\\\/\\\/allasorias.hu\\\/hirek\\\/mintegy-hetezer-allast-szuntetnek-meg-a-miniszteriumokban\\\/\",\"name\":\"Mintegy h\\u00e9tezer \\u00e1ll\\u00e1st sz\\u00fcntetnek meg a miniszt\\u00e9riumokban | AllasOrias.hu | H\\u00edrek-lapszemle\",\"description\":\"Az \\u00e1llam nyomon k\\u00f6veti \\u00e9s seg\\u00edti az \\u00e1ll\\u00e1sveszt\\u0151ket a miniszt\\u00e9riumokn\\u00e1l, k\\u00fcl\\u00f6n programiroda seg\\u00edti majd a dolgoz\\u00f3kat, akiknek megsz\\u0171nik az \\u00e1ll\\u00e1suk. M\\u00e9sz\\u00e1ros Melinda, a Liga Szakszervezetek eln\\u00f6ke az Orsz\\u00e1gos K\\u00f6zszolg\\u00e1lati \\u00c9rdekegyeztet\\u0151 Tan\\u00e1cs \\u00fcl\\u00e9s\\u00e9t k\\u00f6vet\\u0151en kijelentette: a kor\\u00e1bban emlegetett l\\u00e9tsz\\u00e1mn\\u00e1l j\\u00f3val kevesebb embert \\u00e9rint a le\\u00e9p\\u00edt\\u00e9s. 36,5 ezer st\\u00e1tusz 18,6 sz\\u00e1zal\\u00e9k\\u00e1t tervezik megsz\\u00fcntetni, ez 6810 \\u00e1ll\\u00e1shelyet jelent.\",\"inLanguage\":\"hu-HU\",\"isPartOf\":{\"@id\":\"https:\\\/\\\/allasorias.hu\\\/hirek\\\/#website\"},\"breadcrumb\":{\"@id\":\"https:\\\/\\\/allasorias.hu\\\/hirek\\\/mintegy-hetezer-allast-szuntetnek-meg-a-miniszteriumokban\\\/#breadcrumblist\"},\"author\":{\"@id\":\"https:\\\/\\\/allasorias.hu\\\/hirek\\\/author\\\/admin-allasorias\\\/#author\"},\"creator\":{\"@id\":\"https:\\\/\\\/allasorias.hu\\\/hirek\\\/author\\\/admin-allasorias\\\/#author\"},\"image\":{\"@type\":\"ImageObject\",\"url\":\"https:\\\/\\\/allasorias.hu\\\/hirek\\\/wp-content\\\/uploads\\\/2018\\\/11\\\/termination-110301_640.jpg\",\"@id\":\"https:\\\/\\\/allasorias.hu\\\/hirek\\\/mintegy-hetezer-allast-szuntetnek-meg-a-miniszteriumokban\\\/#mainImage\",\"width\":640,\"height\":452},\"primaryImageOfPage\":{\"@id\":\"https:\\\/\\\/allasorias.hu\\\/hirek\\\/mintegy-hetezer-allast-szuntetnek-meg-a-miniszteriumokban\\\/#mainImage\"},\"datePublished\":\"2018-11-02T09:59:00+02:00\",\"dateModified\":\"2018-11-06T09:59:23+02:00\"},{\"@type\":\"WebSite\",\"@id\":\"https:\\\/\\\/allasorias.hu\\\/hirek\\\/#website\",\"url\":\"https:\\\/\\\/allasorias.hu\\\/hirek\\\/\",\"name\":\"AllasOrias.hu | H\\u00edrek-lapszemle\",\"description\":\"\\u00dczleti h\\u00edrek az \\u00e1ll\\u00e1s \\u00e9s a munka vil\\u00e1g\\u00e1b\\u00f3l\",\"inLanguage\":\"hu-HU\",\"publisher\":{\"@id\":\"https:\\\/\\\/allasorias.hu\\\/hirek\\\/#organization\"}}]}\n\t\t<\/script>\n\t\t<!-- All in One SEO -->\n\n","aioseo_head_json":{"title":"Mintegy h\u00e9tezer \u00e1ll\u00e1st sz\u00fcntetnek meg a miniszt\u00e9riumokban | AllasOrias.hu | H\u00edrek-lapszemle","description":"Az \u00e1llam nyomon k\u00f6veti \u00e9s seg\u00edti az \u00e1ll\u00e1sveszt\u0151ket a miniszt\u00e9riumokn\u00e1l, k\u00fcl\u00f6n programiroda seg\u00edti majd a dolgoz\u00f3kat, akiknek megsz\u0171nik az \u00e1ll\u00e1suk. M\u00e9sz\u00e1ros Melinda, a Liga Szakszervezetek eln\u00f6ke az Orsz\u00e1gos K\u00f6zszolg\u00e1lati \u00c9rdekegyeztet\u0151 Tan\u00e1cs \u00fcl\u00e9s\u00e9t k\u00f6vet\u0151en kijelentette: a kor\u00e1bban emlegetett l\u00e9tsz\u00e1mn\u00e1l j\u00f3val kevesebb embert \u00e9rint a le\u00e9p\u00edt\u00e9s. 36,5 ezer st\u00e1tusz 18,6 sz\u00e1zal\u00e9k\u00e1t tervezik megsz\u00fcntetni, ez 6810 \u00e1ll\u00e1shelyet jelent.","canonical_url":"https:\/\/allasorias.hu\/hirek\/mintegy-hetezer-allast-szuntetnek-meg-a-miniszteriumokban\/","robots":"max-image-preview:large","keywords":"","webmasterTools":{"miscellaneous":""},"schema":{"@context":"https:\/\/schema.org","@graph":[{"@type":"Article","@id":"https:\/\/allasorias.hu\/hirek\/mintegy-hetezer-allast-szuntetnek-meg-a-miniszteriumokban\/#article","name":"Mintegy h\u00e9tezer \u00e1ll\u00e1st sz\u00fcntetnek meg a miniszt\u00e9riumokban | AllasOrias.hu | H\u00edrek-lapszemle","headline":"Mintegy h\u00e9tezer \u00e1ll\u00e1st sz\u00fcntetnek meg a miniszt\u00e9riumokban","author":{"@id":"https:\/\/allasorias.hu\/hirek\/author\/admin-allasorias\/#author"},"publisher":{"@id":"https:\/\/allasorias.hu\/hirek\/#organization"},"image":{"@type":"ImageObject","url":"https:\/\/allasorias.hu\/hirek\/wp-content\/uploads\/2018\/11\/termination-110301_640.jpg","width":640,"height":452},"datePublished":"2018-11-02T09:59:00+02:00","dateModified":"2018-11-06T09:59:23+02:00","inLanguage":"hu-HU","mainEntityOfPage":{"@id":"https:\/\/allasorias.hu\/hirek\/mintegy-hetezer-allast-szuntetnek-meg-a-miniszteriumokban\/#webpage"},"isPartOf":{"@id":"https:\/\/allasorias.hu\/hirek\/mintegy-hetezer-allast-szuntetnek-meg-a-miniszteriumokban\/#webpage"},"articleSection":"\u00c1ll\u00e1skeres\u00e9s, Gazdas\u00e1g, Karrier, Munkaer\u0151piac"},{"@type":"BreadcrumbList","@id":"https:\/\/allasorias.hu\/hirek\/mintegy-hetezer-allast-szuntetnek-meg-a-miniszteriumokban\/#breadcrumblist","itemListElement":[{"@type":"ListItem","@id":"https:\/\/allasorias.hu\/hirek#listItem","position":1,"name":"Home","item":"https:\/\/allasorias.hu\/hirek","nextItem":{"@type":"ListItem","@id":"https:\/\/allasorias.hu\/hirek\/temak\/allaskereses\/#listItem","name":"\u00c1ll\u00e1skeres\u00e9s"}},{"@type":"ListItem","@id":"https:\/\/allasorias.hu\/hirek\/temak\/allaskereses\/#listItem","position":2,"name":"\u00c1ll\u00e1skeres\u00e9s","item":"https:\/\/allasorias.hu\/hirek\/temak\/allaskereses\/","nextItem":{"@type":"ListItem","@id":"https:\/\/allasorias.hu\/hirek\/mintegy-hetezer-allast-szuntetnek-meg-a-miniszteriumokban\/#listItem","name":"Mintegy h\u00e9tezer \u00e1ll\u00e1st sz\u00fcntetnek meg a miniszt\u00e9riumokban"},"previousItem":{"@type":"ListItem","@id":"https:\/\/allasorias.hu\/hirek#listItem","name":"Home"}},{"@type":"ListItem","@id":"https:\/\/allasorias.hu\/hirek\/mintegy-hetezer-allast-szuntetnek-meg-a-miniszteriumokban\/#listItem","position":3,"name":"Mintegy h\u00e9tezer \u00e1ll\u00e1st sz\u00fcntetnek meg a miniszt\u00e9riumokban","previousItem":{"@type":"ListItem","@id":"https:\/\/allasorias.hu\/hirek\/temak\/allaskereses\/#listItem","name":"\u00c1ll\u00e1skeres\u00e9s"}}]},{"@type":"Organization","@id":"https:\/\/allasorias.hu\/hirek\/#organization","name":"AllasOrias.hu | H\u00edrek-lapszemle","description":"\u00dczleti h\u00edrek az \u00e1ll\u00e1s \u00e9s a munka vil\u00e1g\u00e1b\u00f3l","url":"https:\/\/allasorias.hu\/hirek\/","logo":{"@type":"ImageObject","url":"https:\/\/allasorias.hu\/hirek\/wp-content\/uploads\/2022\/10\/allasorias_site_facebok_logo.png","@id":"https:\/\/allasorias.hu\/hirek\/mintegy-hetezer-allast-szuntetnek-meg-a-miniszteriumokban\/#organizationLogo"},"image":{"@id":"https:\/\/allasorias.hu\/hirek\/mintegy-hetezer-allast-szuntetnek-meg-a-miniszteriumokban\/#organizationLogo"},"sameAs":["https:\/\/www.facebook.com\/allasorias","https:\/\/www.linkedin.com\/company\/allasorias"]},{"@type":"Person","@id":"https:\/\/allasorias.hu\/hirek\/author\/admin-allasorias\/#author","url":"https:\/\/allasorias.hu\/hirek\/author\/admin-allasorias\/","name":"Juh\u00e1sz P\u00e9ter","image":{"@type":"ImageObject","@id":"https:\/\/allasorias.hu\/hirek\/mintegy-hetezer-allast-szuntetnek-meg-a-miniszteriumokban\/#authorImage","url":"https:\/\/secure.gravatar.com\/avatar\/36e6bcb83148978b992977cb0f54d22feb0cce8a0a849a9410532bb2623ba4c6?s=96&d=mm&r=g","width":96,"height":96,"caption":"Juh\u00e1sz P\u00e9ter"}},{"@type":"WebPage","@id":"https:\/\/allasorias.hu\/hirek\/mintegy-hetezer-allast-szuntetnek-meg-a-miniszteriumokban\/#webpage","url":"https:\/\/allasorias.hu\/hirek\/mintegy-hetezer-allast-szuntetnek-meg-a-miniszteriumokban\/","name":"Mintegy h\u00e9tezer \u00e1ll\u00e1st sz\u00fcntetnek meg a miniszt\u00e9riumokban | AllasOrias.hu | H\u00edrek-lapszemle","description":"Az \u00e1llam nyomon k\u00f6veti \u00e9s seg\u00edti az \u00e1ll\u00e1sveszt\u0151ket a miniszt\u00e9riumokn\u00e1l, k\u00fcl\u00f6n programiroda seg\u00edti majd a dolgoz\u00f3kat, akiknek megsz\u0171nik az \u00e1ll\u00e1suk. M\u00e9sz\u00e1ros Melinda, a Liga Szakszervezetek eln\u00f6ke az Orsz\u00e1gos K\u00f6zszolg\u00e1lati \u00c9rdekegyeztet\u0151 Tan\u00e1cs \u00fcl\u00e9s\u00e9t k\u00f6vet\u0151en kijelentette: a kor\u00e1bban emlegetett l\u00e9tsz\u00e1mn\u00e1l j\u00f3val kevesebb embert \u00e9rint a le\u00e9p\u00edt\u00e9s. 36,5 ezer st\u00e1tusz 18,6 sz\u00e1zal\u00e9k\u00e1t tervezik megsz\u00fcntetni, ez 6810 \u00e1ll\u00e1shelyet jelent.","inLanguage":"hu-HU","isPartOf":{"@id":"https:\/\/allasorias.hu\/hirek\/#website"},"breadcrumb":{"@id":"https:\/\/allasorias.hu\/hirek\/mintegy-hetezer-allast-szuntetnek-meg-a-miniszteriumokban\/#breadcrumblist"},"author":{"@id":"https:\/\/allasorias.hu\/hirek\/author\/admin-allasorias\/#author"},"creator":{"@id":"https:\/\/allasorias.hu\/hirek\/author\/admin-allasorias\/#author"},"image":{"@type":"ImageObject","url":"https:\/\/allasorias.hu\/hirek\/wp-content\/uploads\/2018\/11\/termination-110301_640.jpg","@id":"https:\/\/allasorias.hu\/hirek\/mintegy-hetezer-allast-szuntetnek-meg-a-miniszteriumokban\/#mainImage","width":640,"height":452},"primaryImageOfPage":{"@id":"https:\/\/allasorias.hu\/hirek\/mintegy-hetezer-allast-szuntetnek-meg-a-miniszteriumokban\/#mainImage"},"datePublished":"2018-11-02T09:59:00+02:00","dateModified":"2018-11-06T09:59:23+02:00"},{"@type":"WebSite","@id":"https:\/\/allasorias.hu\/hirek\/#website","url":"https:\/\/allasorias.hu\/hirek\/","name":"AllasOrias.hu | H\u00edrek-lapszemle","description":"\u00dczleti h\u00edrek az \u00e1ll\u00e1s \u00e9s a munka vil\u00e1g\u00e1b\u00f3l","inLanguage":"hu-HU","publisher":{"@id":"https:\/\/allasorias.hu\/hirek\/#organization"}}]},"og:locale":"hu_HU","og:site_name":"AllasOrias.hu | H\u00edrek-lapszemle | \u00dczleti h\u00edrek az \u00e1ll\u00e1s \u00e9s a munka vil\u00e1g\u00e1b\u00f3l","og:type":"article","og:title":"Mintegy h\u00e9tezer \u00e1ll\u00e1st sz\u00fcntetnek meg a miniszt\u00e9riumokban | AllasOrias.hu | H\u00edrek-lapszemle","og:description":"Az \u00e1llam nyomon k\u00f6veti \u00e9s seg\u00edti az \u00e1ll\u00e1sveszt\u0151ket a miniszt\u00e9riumokn\u00e1l, k\u00fcl\u00f6n programiroda seg\u00edti majd a dolgoz\u00f3kat, akiknek megsz\u0171nik az \u00e1ll\u00e1suk. M\u00e9sz\u00e1ros Melinda, a Liga Szakszervezetek eln\u00f6ke az Orsz\u00e1gos K\u00f6zszolg\u00e1lati \u00c9rdekegyeztet\u0151 Tan\u00e1cs \u00fcl\u00e9s\u00e9t k\u00f6vet\u0151en kijelentette: a kor\u00e1bban emlegetett l\u00e9tsz\u00e1mn\u00e1l j\u00f3val kevesebb embert \u00e9rint a le\u00e9p\u00edt\u00e9s. 36,5 ezer st\u00e1tusz 18,6 sz\u00e1zal\u00e9k\u00e1t tervezik megsz\u00fcntetni, ez 6810 \u00e1ll\u00e1shelyet jelent.","og:url":"https:\/\/allasorias.hu\/hirek\/mintegy-hetezer-allast-szuntetnek-meg-a-miniszteriumokban\/","og:image":"https:\/\/allasorias.hu\/hirek\/wp-content\/uploads\/2018\/11\/termination-110301_640.jpg","og:image:secure_url":"https:\/\/allasorias.hu\/hirek\/wp-content\/uploads\/2018\/11\/termination-110301_640.jpg","og:image:width":640,"og:image:height":452,"article:published_time":"2018-11-02T09:59:00+00:00","article:modified_time":"2018-11-06T09:59:23+00:00","article:publisher":"https:\/\/www.facebook.com\/allasorias","twitter:card":"summary_large_image","twitter:title":"Mintegy h\u00e9tezer \u00e1ll\u00e1st sz\u00fcntetnek meg a miniszt\u00e9riumokban | AllasOrias.hu | H\u00edrek-lapszemle","twitter:description":"Az \u00e1llam nyomon k\u00f6veti \u00e9s seg\u00edti az \u00e1ll\u00e1sveszt\u0151ket a miniszt\u00e9riumokn\u00e1l, k\u00fcl\u00f6n programiroda seg\u00edti majd a dolgoz\u00f3kat, akiknek megsz\u0171nik az \u00e1ll\u00e1suk. M\u00e9sz\u00e1ros Melinda, a Liga Szakszervezetek eln\u00f6ke az Orsz\u00e1gos K\u00f6zszolg\u00e1lati \u00c9rdekegyeztet\u0151 Tan\u00e1cs \u00fcl\u00e9s\u00e9t k\u00f6vet\u0151en kijelentette: a kor\u00e1bban emlegetett l\u00e9tsz\u00e1mn\u00e1l j\u00f3val kevesebb embert \u00e9rint a le\u00e9p\u00edt\u00e9s. 36,5 ezer st\u00e1tusz 18,6 sz\u00e1zal\u00e9k\u00e1t tervezik megsz\u00fcntetni, ez 6810 \u00e1ll\u00e1shelyet jelent.","twitter:image":"https:\/\/allasorias.hu\/hirek\/wp-content\/uploads\/2018\/11\/termination-110301_640.jpg","twitter:label1":"Written by","twitter:data1":"Juh\u00e1sz P\u00e9ter","twitter:label2":"Est. reading time","twitter:data2":"1 minute"},"aioseo_meta_data":{"post_id":"2091","title":null,"description":null,"keywords":null,"keyphrases":null,"primary_term":null,"canonical_url":null,"og_title":null,"og_description":null,"og_object_type":"default","og_image_type":"default","og_image_url":null,"og_image_width":null,"og_image_height":null,"og_image_custom_url":null,"og_image_custom_fields":null,"og_video":null,"og_custom_url":null,"og_article_section":null,"og_article_tags":null,"twitter_use_og":false,"twitter_card":"default","twitter_image_type":"default","twitter_image_url":null,"twitter_image_custom_url":null,"twitter_image_custom_fields":null,"twitter_title":null,"twitter_description":null,"schema":{"blockGraphs":[],"customGraphs":[],"default":{"data":{"Article":[],"Course":[],"Dataset":[],"FAQPage":[],"Movie":[],"Person":[],"Product":[],"ProductReview":[],"Car":[],"Recipe":[],"Service":[],"SoftwareApplication":[],"WebPage":[]},"graphName":"","isEnabled":true},"graphs":[],"defaultGraph":"","defaultPostTypeGraph":""},"schema_type":null,"schema_type_options":null,"pillar_content":false,"robots_default":true,"robots_noindex":false,"robots_noarchive":false,"robots_nosnippet":false,"robots_nofollow":false,"robots_noimageindex":false,"robots_noodp":false,"robots_notranslate":false,"robots_max_snippet":null,"robots_max_videopreview":null,"robots_max_imagepreview":"large","priority":null,"frequency":null,"location":null,"local_seo":null,"breadcrumb_settings":null,"limit_modified_date":false,"ai":null,"created":"2021-02-01 20:44:36","updated":"2025-10-02 09:11:27","seo_analyzer_scan_date":null,"focus_keyword":null,"additional_keywords":null,"truseo_locale":null},"aioseo_breadcrumb":"<div class=\"aioseo-breadcrumbs\"><span class=\"aioseo-breadcrumb\">\n\t\t\t<a href=\"https:\/\/allasorias.hu\/hirek\" title=\"Home\">Home<\/a>\n\t\t<\/span><span class=\"aioseo-breadcrumb-separator\">&raquo;<\/span><span class=\"aioseo-breadcrumb\">\n\t\t\t<a href=\"https:\/\/allasorias.hu\/hirek\/temak\/allaskereses\/\" title=\"\u00c1ll\u00e1skeres\u00e9s\">\u00c1ll\u00e1skeres\u00e9s<\/a>\n\t\t<\/span><span class=\"aioseo-breadcrumb-separator\">&raquo;<\/span><span class=\"aioseo-breadcrumb\">\n\t\t\tMintegy h\u00e9tezer \u00e1ll\u00e1st sz\u00fcntetnek meg a miniszt\u00e9riumokban\n\t\t<\/span><\/div>","aioseo_breadcrumb_json":[{"label":"Home","link":"https:\/\/allasorias.hu\/hirek"},{"label":"\u00c1ll\u00e1skeres\u00e9s","link":"https:\/\/allasorias.hu\/hirek\/temak\/allaskereses\/"},{"label":"Mintegy h\u00e9tezer \u00e1ll\u00e1st sz\u00fcntetnek meg a miniszt\u00e9riumokban","link":"https:\/\/allasorias.hu\/hirek\/mintegy-hetezer-allast-szuntetnek-meg-a-miniszteriumokban\/"}],"_links":{"self":[{"href":"https:\/\/allasorias.hu\/hirek\/wp-json\/wp\/v2\/posts\/2091","targetHints":{"allow":["GET"]}}],"collection":[{"href":"https:\/\/allasorias.hu\/hirek\/wp-json\/wp\/v2\/posts"}],"about":[{"href":"https:\/\/allasorias.hu\/hirek\/wp-json\/wp\/v2\/types\/post"}],"author":[{"embeddable":true,"href":"https:\/\/allasorias.hu\/hirek\/wp-json\/wp\/v2\/users\/1"}],"replies":[{"embeddable":true,"href":"https:\/\/allasorias.hu\/hirek\/wp-json\/wp\/v2\/comments?post=2091"}],"version-history":[{"count":1,"href":"https:\/\/allasorias.hu\/hirek\/wp-json\/wp\/v2\/posts\/2091\/revisions"}],"predecessor-version":[{"id":2093,"href":"https:\/\/allasorias.hu\/hirek\/wp-json\/wp\/v2\/posts\/2091\/revisions\/2093"}],"wp:featuredmedia":[{"embeddable":true,"href":"https:\/\/allasorias.hu\/hirek\/wp-json\/wp\/v2\/media\/2092"}],"wp:attachment":[{"href":"https:\/\/allasorias.hu\/hirek\/wp-json\/wp\/v2\/media?parent=2091"}],"wp:term":[{"taxonomy":"category","embeddable":true,"href":"https:\/\/allasorias.hu\/hirek\/wp-json\/wp\/v2\/categories?post=2091"},{"taxonomy":"post_tag","embeddable":true,"href":"https:\/\/allasorias.hu\/hirek\/wp-json\/wp\/v2\/tags?post=2091"}],"curies":[{"name":"wp","href":"https:\/\/api.w.org\/{rel}","templated":true}]}}