{"id":2088,"date":"2018-11-02T09:44:11","date_gmt":"2018-11-02T09:44:11","guid":{"rendered":"https:\/\/allasorias.hu\/hirek\/?p=2088"},"modified":"2018-11-06T09:45:47","modified_gmt":"2018-11-06T09:45:47","slug":"megbetegedesek-a-munkahelyen-hogyan-csokkenthetoek-az-artalmak","status":"publish","type":"post","link":"https:\/\/allasorias.hu\/hirek\/megbetegedesek-a-munkahelyen-hogyan-csokkenthetoek-az-artalmak\/","title":{"rendered":"Megbeteged\u00e9sek a munkahelyen  &#8211; hogyan cs\u00f6kkenthet\u0151ek az \u00e1rtalmak"},"content":{"rendered":"<p style=\"text-align: justify;\"><strong>Amelyik c\u00e9g odafigyel a munkahelyi \u00e1rtalmak megel\u0151z\u00e9s\u00e9re, \u00fagy t\u0171nik j\u00f3 befektet\u00e9st csin\u00e1l., ugyanis \u00edgy a c\u00e9g versenyk\u00e9pess\u00e9ge is megmarad. A P\u00e9nz\u00fcgyminiszt\u00e9rium\u00a0 munkaer\u0151piac\u00e9rt \u00e9s v\u00e1llalati kapcsolatok\u00e9rt felel\u0151s helyettes \u00e1llamtitk\u00e1ra Marczink\u00f3 Zolt\u00e1n kiemelte: az Eur\u00f3pai Uni\u00f3 \u00a0munkav\u00e1llal\u00f3inak 18 sz\u00e1zal\u00e9ka kitett vesz\u00e9lyes anyagoknak \u2013 Magyarorsz\u00e1gon ez az ar\u00e1ny 22 sz\u00e1zal\u00e9k. Az EP Munkav\u00e9delmi \u00dcgyn\u00f6ks\u00e9g\u00e9nek a vesz\u00e9lyes anyagok helyes munkahelyi kezel\u00e9s\u00e9r\u0151l sz\u00f3l\u00f3 k\u00e9t\u00e9ves kamp\u00e1nya \u2013 amelyhez Magyarorsz\u00e1g is csatlakozott \u2013 el\u0151seg\u00edtheti a rosszindulat\u00fa, daganatos megbeteged\u00e9sek \u00e9s hal\u00e1loz\u00e1sok jelent\u0151s cs\u00f6kken\u00e9s\u00e9t.<\/strong><\/p>\n<p style=\"text-align: justify;\">Indul a helyes gyakorlat p\u00e1ly\u00e1zat is, amely a k\u00f6vetend\u0151, j\u00f3 gyakorlatokat, pozit\u00edv p\u00e9ld\u00e1kat szeretn\u00e9 f\u00f3kuszba \u00e1ll\u00edtani. P\u00e1ly\u00e1zni ez \u00e9v \u00a0december 15-ig lehet k\u00e9t kateg\u00f3ri\u00e1ban, \u00a0a 100 f\u0151n\u00e9l kevesebb, illetve a 100 f\u0151n\u00e9l t\u00f6bbet foglalkoztat\u00f3 \u2013 v\u00e1llalkoz\u00e1sok. A munkav\u00e9delmi fel\u00fcgyel\u0151s\u00e9g \u00a02017-ben t\u00f6bb mint h\u00faszezer ellen\u0151rz\u00e9st v\u00e9gzett a v\u00e1llalati telephelyeken, melyeket k\u00f6vet\u0151en 7200 int\u00e9zked\u00e9st tett.A helyettes \u00e1llamtitk\u00e1r elmondta: az Eur\u00f3pai Bizotts\u00e1g hozz\u00e1kezdett a leggyakrabban el\u0151fordul\u00f3, legvesz\u00e9lyesebb anyagok munkahelyi expoz\u00edci\u00f3s hat\u00e1r\u00e9rt\u00e9k\u00e9nek fel\u00fclvizsg\u00e1lat\u00e1hoz. A szakemberek szerint a kem\u00e9nyfaporok \u00e9s 13 vegyi anyag hat\u00e1r\u00e9rt\u00e9k\u00e9nek m\u00f3dos\u00edt\u00e1s\u00e1val a 2069-ig tart\u00f3 id\u0151szakban mintegy 100 ezer \u2013 munkahelyi daganatos megbeteged\u00e9sb\u0151l ered\u0151 \u2013 hal\u00e1leset el\u0151zhet\u0151 meg. Az Eur\u00f3pai Bizotts\u00e1g tov\u00e1bbi r\u00e1kkelt\u0151 anyagokn\u00e1l is fel\u00fclvizsg\u00e1lja a hat\u00e1r\u00e9rt\u00e9keket, jelenleg a m\u00e1sodik \u00e9s harmadik m\u00f3dos\u00edt\u00e1si csomag egyeztet\u00e9se folyik.\u00a0 A tapasztalatok szerint a nagyv\u00e1llalatok szab\u00e1lyk\u00f6vet\u0151bbek, a kis- \u00e9s k\u00f6z\u00e9pv\u00e1llalkoz\u00e1sok azonban gyakran elhanyagolj\u00e1k a munkav\u00e9delmet, pedig sok szakm\u00e1ban, \u00e1gazatban (p\u00e9ld\u00e1ul a hegeszt\u0151k, aut\u00f3szerel\u0151k, szobafest\u0151k, fodr\u00e1szok, p\u00e9ks\u00e9gek) haszn\u00e1lnak vegyipari term\u00e9keket, vesz\u00e9lyes anyagokat. Azok k\u00f6z\u00fcl, akik tart\u00f3san karcinog\u00e9n anyaggal \u00e9rintkeztek, sokan belehalnak a r\u00e1kbetegs\u00e9gbe, sz\u00e1mukat \u00e9vente 57 ezer \u00e9s 106 ezer k\u00f6z\u00f6ttire becslik. A K\u00f6zponti Statisztikai Hivatal\u00a0 Magyarorsz\u00e1g 2017 c\u00edm\u0171 \u00f6sszefoglal\u00f3j\u00e1ban olvashat\u00f3: \u00a0a magyarok 26 sz\u00e1zal\u00e9ka is daganatos betegs\u00e9gben hal meg.<\/p>\n<p><em>Forr\u00e1s:MTI<\/em><\/p>\n<p>&nbsp;<\/p>\n","protected":false},"excerpt":{"rendered":"<p>Amelyik c\u00e9g odafigyel a munkahelyi \u00e1rtalmak megel\u0151z\u00e9s\u00e9re, \u00fagy t\u0171nik j\u00f3 befektet\u00e9st csin\u00e1l., ugyanis \u00edgy a c\u00e9g versenyk\u00e9pess\u00e9ge is megmarad. A P\u00e9nz\u00fcgyminiszt\u00e9rium\u00a0 munkaer\u0151piac\u00e9rt \u00e9s v\u00e1llalati kapcsolatok\u00e9rt felel\u0151s helyettes \u00e1llamtitk\u00e1ra Marczink\u00f3 Zolt\u00e1n kiemelte: az Eur\u00f3pai Uni\u00f3 \u00a0munkav\u00e1llal\u00f3inak 18 sz\u00e1zal\u00e9ka kitett vesz\u00e9lyes anyagoknak \u2013 Magyarorsz\u00e1gon ez az ar\u00e1ny 22 sz\u00e1zal\u00e9k. Az EP Munkav\u00e9delmi \u00dcgyn\u00f6ks\u00e9g\u00e9nek a vesz\u00e9lyes anyagok helyes [&hellip;]<\/p>\n","protected":false},"author":1,"featured_media":2089,"comment_status":"open","ping_status":"open","sticky":false,"template":"","format":"standard","meta":{"_monsterinsights_skip_tracking":false,"footnotes":""},"categories":[198,200],"tags":[],"class_list":["post-2088","post","type-post","status-publish","format-standard","has-post-thumbnail","hentry","category-gazdasag","category-munkaeropiac"],"aioseo_notices":[],"aioseo_head":"\n\t\t<!-- All in One SEO 5.0.0.1 - aioseo.com -->\n\t<meta name=\"description\" content=\"Amelyik c\u00e9g odafigyel a munkahelyi \u00e1rtalmak megel\u0151z\u00e9s\u00e9re, \u00fagy t\u0171nik j\u00f3 befektet\u00e9st csin\u00e1l., ugyanis \u00edgy a c\u00e9g versenyk\u00e9pess\u00e9ge is megmarad. A P\u00e9nz\u00fcgyminiszt\u00e9rium munkaer\u0151piac\u00e9rt \u00e9s v\u00e1llalati kapcsolatok\u00e9rt felel\u0151s helyettes \u00e1llamtitk\u00e1ra Marczink\u00f3 Zolt\u00e1n kiemelte: az Eur\u00f3pai Uni\u00f3 munkav\u00e1llal\u00f3inak 18 sz\u00e1zal\u00e9ka kitett vesz\u00e9lyes anyagoknak \u2013 Magyarorsz\u00e1gon ez az ar\u00e1ny 22 sz\u00e1zal\u00e9k. Az EP Munkav\u00e9delmi \u00dcgyn\u00f6ks\u00e9g\u00e9nek a vesz\u00e9lyes anyagok helyes\" \/>\n\t<meta name=\"robots\" content=\"max-image-preview:large\" \/>\n\t<meta name=\"author\" content=\"Juh\u00e1sz P\u00e9ter\"\/>\n\t<link rel=\"canonical\" href=\"https:\/\/allasorias.hu\/hirek\/megbetegedesek-a-munkahelyen-hogyan-csokkenthetoek-az-artalmak\/\" \/>\n\t<meta name=\"generator\" content=\"All in One SEO (AIOSEO) 5.0.0.1\" \/>\n\t\t<meta property=\"og:locale\" content=\"hu_HU\" \/>\n\t\t<meta property=\"og:site_name\" content=\"AllasOrias.hu | H\u00edrek-lapszemle | \u00dczleti h\u00edrek az \u00e1ll\u00e1s \u00e9s a munka vil\u00e1g\u00e1b\u00f3l\" \/>\n\t\t<meta property=\"og:type\" content=\"article\" \/>\n\t\t<meta property=\"og:title\" content=\"Megbeteged\u00e9sek a munkahelyen \u2013 hogyan cs\u00f6kkenthet\u0151ek az \u00e1rtalmak | AllasOrias.hu | H\u00edrek-lapszemle\" \/>\n\t\t<meta property=\"og:description\" content=\"Amelyik c\u00e9g odafigyel a munkahelyi \u00e1rtalmak megel\u0151z\u00e9s\u00e9re, \u00fagy t\u0171nik j\u00f3 befektet\u00e9st csin\u00e1l., ugyanis \u00edgy a c\u00e9g versenyk\u00e9pess\u00e9ge is megmarad. A P\u00e9nz\u00fcgyminiszt\u00e9rium munkaer\u0151piac\u00e9rt \u00e9s v\u00e1llalati kapcsolatok\u00e9rt felel\u0151s helyettes \u00e1llamtitk\u00e1ra Marczink\u00f3 Zolt\u00e1n kiemelte: az Eur\u00f3pai Uni\u00f3 munkav\u00e1llal\u00f3inak 18 sz\u00e1zal\u00e9ka kitett vesz\u00e9lyes anyagoknak \u2013 Magyarorsz\u00e1gon ez az ar\u00e1ny 22 sz\u00e1zal\u00e9k. Az EP Munkav\u00e9delmi \u00dcgyn\u00f6ks\u00e9g\u00e9nek a vesz\u00e9lyes anyagok helyes\" \/>\n\t\t<meta property=\"og:url\" content=\"https:\/\/allasorias.hu\/hirek\/megbetegedesek-a-munkahelyen-hogyan-csokkenthetoek-az-artalmak\/\" \/>\n\t\t<meta property=\"og:image\" content=\"https:\/\/allasorias.hu\/hirek\/wp-content\/uploads\/2018\/11\/osh-1040512_640.jpg\" \/>\n\t\t<meta property=\"og:image:secure_url\" content=\"https:\/\/allasorias.hu\/hirek\/wp-content\/uploads\/2018\/11\/osh-1040512_640.jpg\" \/>\n\t\t<meta property=\"og:image:width\" content=\"640\" \/>\n\t\t<meta property=\"og:image:height\" content=\"426\" \/>\n\t\t<meta property=\"article:published_time\" content=\"2018-11-02T09:44:11+00:00\" \/>\n\t\t<meta property=\"article:modified_time\" content=\"2018-11-06T09:45:47+00:00\" \/>\n\t\t<meta property=\"article:publisher\" content=\"https:\/\/www.facebook.com\/allasorias\" \/>\n\t\t<meta name=\"twitter:card\" content=\"summary_large_image\" \/>\n\t\t<meta name=\"twitter:title\" content=\"Megbeteged\u00e9sek a munkahelyen \u2013 hogyan cs\u00f6kkenthet\u0151ek az \u00e1rtalmak | AllasOrias.hu | H\u00edrek-lapszemle\" \/>\n\t\t<meta name=\"twitter:description\" content=\"Amelyik c\u00e9g odafigyel a munkahelyi \u00e1rtalmak megel\u0151z\u00e9s\u00e9re, \u00fagy t\u0171nik j\u00f3 befektet\u00e9st csin\u00e1l., ugyanis \u00edgy a c\u00e9g versenyk\u00e9pess\u00e9ge is megmarad. A P\u00e9nz\u00fcgyminiszt\u00e9rium munkaer\u0151piac\u00e9rt \u00e9s v\u00e1llalati kapcsolatok\u00e9rt felel\u0151s helyettes \u00e1llamtitk\u00e1ra Marczink\u00f3 Zolt\u00e1n kiemelte: az Eur\u00f3pai Uni\u00f3 munkav\u00e1llal\u00f3inak 18 sz\u00e1zal\u00e9ka kitett vesz\u00e9lyes anyagoknak \u2013 Magyarorsz\u00e1gon ez az ar\u00e1ny 22 sz\u00e1zal\u00e9k. Az EP Munkav\u00e9delmi \u00dcgyn\u00f6ks\u00e9g\u00e9nek a vesz\u00e9lyes anyagok helyes\" \/>\n\t\t<meta name=\"twitter:image\" content=\"https:\/\/allasorias.hu\/hirek\/wp-content\/uploads\/2018\/11\/osh-1040512_640.jpg\" \/>\n\t\t<meta name=\"twitter:label1\" content=\"Written by\" \/>\n\t\t<meta name=\"twitter:data1\" content=\"Juh\u00e1sz P\u00e9ter\" \/>\n\t\t<meta name=\"twitter:label2\" content=\"Est. reading time\" \/>\n\t\t<meta name=\"twitter:data2\" content=\"2 minutes\" \/>\n\t\t<script type=\"application\/ld+json\" class=\"aioseo-schema\">\n\t\t\t{\"@context\":\"https:\\\/\\\/schema.org\",\"@graph\":[{\"@type\":\"Article\",\"@id\":\"https:\\\/\\\/allasorias.hu\\\/hirek\\\/megbetegedesek-a-munkahelyen-hogyan-csokkenthetoek-az-artalmak\\\/#article\",\"name\":\"Megbeteged\\u00e9sek a munkahelyen \\u2013 hogyan cs\\u00f6kkenthet\\u0151ek az \\u00e1rtalmak | AllasOrias.hu | H\\u00edrek-lapszemle\",\"headline\":\"Megbeteged\\u00e9sek a munkahelyen  &#8211; hogyan cs\\u00f6kkenthet\\u0151ek az \\u00e1rtalmak\",\"author\":{\"@id\":\"https:\\\/\\\/allasorias.hu\\\/hirek\\\/author\\\/admin-allasorias\\\/#author\"},\"publisher\":{\"@id\":\"https:\\\/\\\/allasorias.hu\\\/hirek\\\/#organization\"},\"image\":{\"@type\":\"ImageObject\",\"url\":\"https:\\\/\\\/allasorias.hu\\\/hirek\\\/wp-content\\\/uploads\\\/2018\\\/11\\\/osh-1040512_640.jpg\",\"width\":640,\"height\":426},\"datePublished\":\"2018-11-02T09:44:11+02:00\",\"dateModified\":\"2018-11-06T09:45:47+02:00\",\"inLanguage\":\"hu-HU\",\"mainEntityOfPage\":{\"@id\":\"https:\\\/\\\/allasorias.hu\\\/hirek\\\/megbetegedesek-a-munkahelyen-hogyan-csokkenthetoek-az-artalmak\\\/#webpage\"},\"isPartOf\":{\"@id\":\"https:\\\/\\\/allasorias.hu\\\/hirek\\\/megbetegedesek-a-munkahelyen-hogyan-csokkenthetoek-az-artalmak\\\/#webpage\"},\"articleSection\":\"Gazdas\\u00e1g, Munkaer\\u0151piac\"},{\"@type\":\"BreadcrumbList\",\"@id\":\"https:\\\/\\\/allasorias.hu\\\/hirek\\\/megbetegedesek-a-munkahelyen-hogyan-csokkenthetoek-az-artalmak\\\/#breadcrumblist\",\"itemListElement\":[{\"@type\":\"ListItem\",\"@id\":\"https:\\\/\\\/allasorias.hu\\\/hirek#listItem\",\"position\":1,\"name\":\"Home\",\"item\":\"https:\\\/\\\/allasorias.hu\\\/hirek\",\"nextItem\":{\"@type\":\"ListItem\",\"@id\":\"https:\\\/\\\/allasorias.hu\\\/hirek\\\/temak\\\/gazdasag\\\/#listItem\",\"name\":\"Gazdas\\u00e1g\"}},{\"@type\":\"ListItem\",\"@id\":\"https:\\\/\\\/allasorias.hu\\\/hirek\\\/temak\\\/gazdasag\\\/#listItem\",\"position\":2,\"name\":\"Gazdas\\u00e1g\",\"item\":\"https:\\\/\\\/allasorias.hu\\\/hirek\\\/temak\\\/gazdasag\\\/\",\"nextItem\":{\"@type\":\"ListItem\",\"@id\":\"https:\\\/\\\/allasorias.hu\\\/hirek\\\/megbetegedesek-a-munkahelyen-hogyan-csokkenthetoek-az-artalmak\\\/#listItem\",\"name\":\"Megbeteged\\u00e9sek a munkahelyen  &#8211; hogyan cs\\u00f6kkenthet\\u0151ek az \\u00e1rtalmak\"},\"previousItem\":{\"@type\":\"ListItem\",\"@id\":\"https:\\\/\\\/allasorias.hu\\\/hirek#listItem\",\"name\":\"Home\"}},{\"@type\":\"ListItem\",\"@id\":\"https:\\\/\\\/allasorias.hu\\\/hirek\\\/megbetegedesek-a-munkahelyen-hogyan-csokkenthetoek-az-artalmak\\\/#listItem\",\"position\":3,\"name\":\"Megbeteged\\u00e9sek a munkahelyen  &#8211; hogyan cs\\u00f6kkenthet\\u0151ek az \\u00e1rtalmak\",\"previousItem\":{\"@type\":\"ListItem\",\"@id\":\"https:\\\/\\\/allasorias.hu\\\/hirek\\\/temak\\\/gazdasag\\\/#listItem\",\"name\":\"Gazdas\\u00e1g\"}}]},{\"@type\":\"Organization\",\"@id\":\"https:\\\/\\\/allasorias.hu\\\/hirek\\\/#organization\",\"name\":\"AllasOrias.hu | H\\u00edrek-lapszemle\",\"description\":\"\\u00dczleti h\\u00edrek az \\u00e1ll\\u00e1s \\u00e9s a munka vil\\u00e1g\\u00e1b\\u00f3l\",\"url\":\"https:\\\/\\\/allasorias.hu\\\/hirek\\\/\",\"logo\":{\"@type\":\"ImageObject\",\"url\":\"https:\\\/\\\/allasorias.hu\\\/hirek\\\/wp-content\\\/uploads\\\/2022\\\/10\\\/allasorias_site_facebok_logo.png\",\"@id\":\"https:\\\/\\\/allasorias.hu\\\/hirek\\\/megbetegedesek-a-munkahelyen-hogyan-csokkenthetoek-az-artalmak\\\/#organizationLogo\"},\"image\":{\"@id\":\"https:\\\/\\\/allasorias.hu\\\/hirek\\\/megbetegedesek-a-munkahelyen-hogyan-csokkenthetoek-az-artalmak\\\/#organizationLogo\"},\"sameAs\":[\"https:\\\/\\\/www.facebook.com\\\/allasorias\",\"https:\\\/\\\/www.linkedin.com\\\/company\\\/allasorias\"]},{\"@type\":\"Person\",\"@id\":\"https:\\\/\\\/allasorias.hu\\\/hirek\\\/author\\\/admin-allasorias\\\/#author\",\"url\":\"https:\\\/\\\/allasorias.hu\\\/hirek\\\/author\\\/admin-allasorias\\\/\",\"name\":\"Juh\\u00e1sz P\\u00e9ter\",\"image\":{\"@type\":\"ImageObject\",\"@id\":\"https:\\\/\\\/allasorias.hu\\\/hirek\\\/megbetegedesek-a-munkahelyen-hogyan-csokkenthetoek-az-artalmak\\\/#authorImage\",\"url\":\"https:\\\/\\\/secure.gravatar.com\\\/avatar\\\/36e6bcb83148978b992977cb0f54d22feb0cce8a0a849a9410532bb2623ba4c6?s=96&d=mm&r=g\",\"width\":96,\"height\":96,\"caption\":\"Juh\\u00e1sz P\\u00e9ter\"}},{\"@type\":\"WebPage\",\"@id\":\"https:\\\/\\\/allasorias.hu\\\/hirek\\\/megbetegedesek-a-munkahelyen-hogyan-csokkenthetoek-az-artalmak\\\/#webpage\",\"url\":\"https:\\\/\\\/allasorias.hu\\\/hirek\\\/megbetegedesek-a-munkahelyen-hogyan-csokkenthetoek-az-artalmak\\\/\",\"name\":\"Megbeteged\\u00e9sek a munkahelyen \\u2013 hogyan cs\\u00f6kkenthet\\u0151ek az \\u00e1rtalmak | AllasOrias.hu | H\\u00edrek-lapszemle\",\"description\":\"Amelyik c\\u00e9g odafigyel a munkahelyi \\u00e1rtalmak megel\\u0151z\\u00e9s\\u00e9re, \\u00fagy t\\u0171nik j\\u00f3 befektet\\u00e9st csin\\u00e1l., ugyanis \\u00edgy a c\\u00e9g versenyk\\u00e9pess\\u00e9ge is megmarad. A P\\u00e9nz\\u00fcgyminiszt\\u00e9rium munkaer\\u0151piac\\u00e9rt \\u00e9s v\\u00e1llalati kapcsolatok\\u00e9rt felel\\u0151s helyettes \\u00e1llamtitk\\u00e1ra Marczink\\u00f3 Zolt\\u00e1n kiemelte: az Eur\\u00f3pai Uni\\u00f3 munkav\\u00e1llal\\u00f3inak 18 sz\\u00e1zal\\u00e9ka kitett vesz\\u00e9lyes anyagoknak \\u2013 Magyarorsz\\u00e1gon ez az ar\\u00e1ny 22 sz\\u00e1zal\\u00e9k. Az EP Munkav\\u00e9delmi \\u00dcgyn\\u00f6ks\\u00e9g\\u00e9nek a vesz\\u00e9lyes anyagok helyes\",\"inLanguage\":\"hu-HU\",\"isPartOf\":{\"@id\":\"https:\\\/\\\/allasorias.hu\\\/hirek\\\/#website\"},\"breadcrumb\":{\"@id\":\"https:\\\/\\\/allasorias.hu\\\/hirek\\\/megbetegedesek-a-munkahelyen-hogyan-csokkenthetoek-az-artalmak\\\/#breadcrumblist\"},\"author\":{\"@id\":\"https:\\\/\\\/allasorias.hu\\\/hirek\\\/author\\\/admin-allasorias\\\/#author\"},\"creator\":{\"@id\":\"https:\\\/\\\/allasorias.hu\\\/hirek\\\/author\\\/admin-allasorias\\\/#author\"},\"image\":{\"@type\":\"ImageObject\",\"url\":\"https:\\\/\\\/allasorias.hu\\\/hirek\\\/wp-content\\\/uploads\\\/2018\\\/11\\\/osh-1040512_640.jpg\",\"@id\":\"https:\\\/\\\/allasorias.hu\\\/hirek\\\/megbetegedesek-a-munkahelyen-hogyan-csokkenthetoek-az-artalmak\\\/#mainImage\",\"width\":640,\"height\":426},\"primaryImageOfPage\":{\"@id\":\"https:\\\/\\\/allasorias.hu\\\/hirek\\\/megbetegedesek-a-munkahelyen-hogyan-csokkenthetoek-az-artalmak\\\/#mainImage\"},\"datePublished\":\"2018-11-02T09:44:11+02:00\",\"dateModified\":\"2018-11-06T09:45:47+02:00\"},{\"@type\":\"WebSite\",\"@id\":\"https:\\\/\\\/allasorias.hu\\\/hirek\\\/#website\",\"url\":\"https:\\\/\\\/allasorias.hu\\\/hirek\\\/\",\"name\":\"AllasOrias.hu | H\\u00edrek-lapszemle\",\"description\":\"\\u00dczleti h\\u00edrek az \\u00e1ll\\u00e1s \\u00e9s a munka vil\\u00e1g\\u00e1b\\u00f3l\",\"inLanguage\":\"hu-HU\",\"publisher\":{\"@id\":\"https:\\\/\\\/allasorias.hu\\\/hirek\\\/#organization\"}}]}\n\t\t<\/script>\n\t\t<!-- All in One SEO -->\n\n","aioseo_head_json":{"title":"Megbeteged\u00e9sek a munkahelyen \u2013 hogyan cs\u00f6kkenthet\u0151ek az \u00e1rtalmak | AllasOrias.hu | H\u00edrek-lapszemle","description":"Amelyik c\u00e9g odafigyel a munkahelyi \u00e1rtalmak megel\u0151z\u00e9s\u00e9re, \u00fagy t\u0171nik j\u00f3 befektet\u00e9st csin\u00e1l., ugyanis \u00edgy a c\u00e9g versenyk\u00e9pess\u00e9ge is megmarad. A P\u00e9nz\u00fcgyminiszt\u00e9rium munkaer\u0151piac\u00e9rt \u00e9s v\u00e1llalati kapcsolatok\u00e9rt felel\u0151s helyettes \u00e1llamtitk\u00e1ra Marczink\u00f3 Zolt\u00e1n kiemelte: az Eur\u00f3pai Uni\u00f3 munkav\u00e1llal\u00f3inak 18 sz\u00e1zal\u00e9ka kitett vesz\u00e9lyes anyagoknak \u2013 Magyarorsz\u00e1gon ez az ar\u00e1ny 22 sz\u00e1zal\u00e9k. Az EP Munkav\u00e9delmi \u00dcgyn\u00f6ks\u00e9g\u00e9nek a vesz\u00e9lyes anyagok helyes","canonical_url":"https:\/\/allasorias.hu\/hirek\/megbetegedesek-a-munkahelyen-hogyan-csokkenthetoek-az-artalmak\/","robots":"max-image-preview:large","keywords":"","webmasterTools":{"miscellaneous":""},"schema":{"@context":"https:\/\/schema.org","@graph":[{"@type":"Article","@id":"https:\/\/allasorias.hu\/hirek\/megbetegedesek-a-munkahelyen-hogyan-csokkenthetoek-az-artalmak\/#article","name":"Megbeteged\u00e9sek a munkahelyen \u2013 hogyan cs\u00f6kkenthet\u0151ek az \u00e1rtalmak | AllasOrias.hu | H\u00edrek-lapszemle","headline":"Megbeteged\u00e9sek a munkahelyen  &#8211; hogyan cs\u00f6kkenthet\u0151ek az \u00e1rtalmak","author":{"@id":"https:\/\/allasorias.hu\/hirek\/author\/admin-allasorias\/#author"},"publisher":{"@id":"https:\/\/allasorias.hu\/hirek\/#organization"},"image":{"@type":"ImageObject","url":"https:\/\/allasorias.hu\/hirek\/wp-content\/uploads\/2018\/11\/osh-1040512_640.jpg","width":640,"height":426},"datePublished":"2018-11-02T09:44:11+02:00","dateModified":"2018-11-06T09:45:47+02:00","inLanguage":"hu-HU","mainEntityOfPage":{"@id":"https:\/\/allasorias.hu\/hirek\/megbetegedesek-a-munkahelyen-hogyan-csokkenthetoek-az-artalmak\/#webpage"},"isPartOf":{"@id":"https:\/\/allasorias.hu\/hirek\/megbetegedesek-a-munkahelyen-hogyan-csokkenthetoek-az-artalmak\/#webpage"},"articleSection":"Gazdas\u00e1g, Munkaer\u0151piac"},{"@type":"BreadcrumbList","@id":"https:\/\/allasorias.hu\/hirek\/megbetegedesek-a-munkahelyen-hogyan-csokkenthetoek-az-artalmak\/#breadcrumblist","itemListElement":[{"@type":"ListItem","@id":"https:\/\/allasorias.hu\/hirek#listItem","position":1,"name":"Home","item":"https:\/\/allasorias.hu\/hirek","nextItem":{"@type":"ListItem","@id":"https:\/\/allasorias.hu\/hirek\/temak\/gazdasag\/#listItem","name":"Gazdas\u00e1g"}},{"@type":"ListItem","@id":"https:\/\/allasorias.hu\/hirek\/temak\/gazdasag\/#listItem","position":2,"name":"Gazdas\u00e1g","item":"https:\/\/allasorias.hu\/hirek\/temak\/gazdasag\/","nextItem":{"@type":"ListItem","@id":"https:\/\/allasorias.hu\/hirek\/megbetegedesek-a-munkahelyen-hogyan-csokkenthetoek-az-artalmak\/#listItem","name":"Megbeteged\u00e9sek a munkahelyen  &#8211; hogyan cs\u00f6kkenthet\u0151ek az \u00e1rtalmak"},"previousItem":{"@type":"ListItem","@id":"https:\/\/allasorias.hu\/hirek#listItem","name":"Home"}},{"@type":"ListItem","@id":"https:\/\/allasorias.hu\/hirek\/megbetegedesek-a-munkahelyen-hogyan-csokkenthetoek-az-artalmak\/#listItem","position":3,"name":"Megbeteged\u00e9sek a munkahelyen  &#8211; hogyan cs\u00f6kkenthet\u0151ek az \u00e1rtalmak","previousItem":{"@type":"ListItem","@id":"https:\/\/allasorias.hu\/hirek\/temak\/gazdasag\/#listItem","name":"Gazdas\u00e1g"}}]},{"@type":"Organization","@id":"https:\/\/allasorias.hu\/hirek\/#organization","name":"AllasOrias.hu | H\u00edrek-lapszemle","description":"\u00dczleti h\u00edrek az \u00e1ll\u00e1s \u00e9s a munka vil\u00e1g\u00e1b\u00f3l","url":"https:\/\/allasorias.hu\/hirek\/","logo":{"@type":"ImageObject","url":"https:\/\/allasorias.hu\/hirek\/wp-content\/uploads\/2022\/10\/allasorias_site_facebok_logo.png","@id":"https:\/\/allasorias.hu\/hirek\/megbetegedesek-a-munkahelyen-hogyan-csokkenthetoek-az-artalmak\/#organizationLogo"},"image":{"@id":"https:\/\/allasorias.hu\/hirek\/megbetegedesek-a-munkahelyen-hogyan-csokkenthetoek-az-artalmak\/#organizationLogo"},"sameAs":["https:\/\/www.facebook.com\/allasorias","https:\/\/www.linkedin.com\/company\/allasorias"]},{"@type":"Person","@id":"https:\/\/allasorias.hu\/hirek\/author\/admin-allasorias\/#author","url":"https:\/\/allasorias.hu\/hirek\/author\/admin-allasorias\/","name":"Juh\u00e1sz P\u00e9ter","image":{"@type":"ImageObject","@id":"https:\/\/allasorias.hu\/hirek\/megbetegedesek-a-munkahelyen-hogyan-csokkenthetoek-az-artalmak\/#authorImage","url":"https:\/\/secure.gravatar.com\/avatar\/36e6bcb83148978b992977cb0f54d22feb0cce8a0a849a9410532bb2623ba4c6?s=96&d=mm&r=g","width":96,"height":96,"caption":"Juh\u00e1sz P\u00e9ter"}},{"@type":"WebPage","@id":"https:\/\/allasorias.hu\/hirek\/megbetegedesek-a-munkahelyen-hogyan-csokkenthetoek-az-artalmak\/#webpage","url":"https:\/\/allasorias.hu\/hirek\/megbetegedesek-a-munkahelyen-hogyan-csokkenthetoek-az-artalmak\/","name":"Megbeteged\u00e9sek a munkahelyen \u2013 hogyan cs\u00f6kkenthet\u0151ek az \u00e1rtalmak | AllasOrias.hu | H\u00edrek-lapszemle","description":"Amelyik c\u00e9g odafigyel a munkahelyi \u00e1rtalmak megel\u0151z\u00e9s\u00e9re, \u00fagy t\u0171nik j\u00f3 befektet\u00e9st csin\u00e1l., ugyanis \u00edgy a c\u00e9g versenyk\u00e9pess\u00e9ge is megmarad. A P\u00e9nz\u00fcgyminiszt\u00e9rium munkaer\u0151piac\u00e9rt \u00e9s v\u00e1llalati kapcsolatok\u00e9rt felel\u0151s helyettes \u00e1llamtitk\u00e1ra Marczink\u00f3 Zolt\u00e1n kiemelte: az Eur\u00f3pai Uni\u00f3 munkav\u00e1llal\u00f3inak 18 sz\u00e1zal\u00e9ka kitett vesz\u00e9lyes anyagoknak \u2013 Magyarorsz\u00e1gon ez az ar\u00e1ny 22 sz\u00e1zal\u00e9k. Az EP Munkav\u00e9delmi \u00dcgyn\u00f6ks\u00e9g\u00e9nek a vesz\u00e9lyes anyagok helyes","inLanguage":"hu-HU","isPartOf":{"@id":"https:\/\/allasorias.hu\/hirek\/#website"},"breadcrumb":{"@id":"https:\/\/allasorias.hu\/hirek\/megbetegedesek-a-munkahelyen-hogyan-csokkenthetoek-az-artalmak\/#breadcrumblist"},"author":{"@id":"https:\/\/allasorias.hu\/hirek\/author\/admin-allasorias\/#author"},"creator":{"@id":"https:\/\/allasorias.hu\/hirek\/author\/admin-allasorias\/#author"},"image":{"@type":"ImageObject","url":"https:\/\/allasorias.hu\/hirek\/wp-content\/uploads\/2018\/11\/osh-1040512_640.jpg","@id":"https:\/\/allasorias.hu\/hirek\/megbetegedesek-a-munkahelyen-hogyan-csokkenthetoek-az-artalmak\/#mainImage","width":640,"height":426},"primaryImageOfPage":{"@id":"https:\/\/allasorias.hu\/hirek\/megbetegedesek-a-munkahelyen-hogyan-csokkenthetoek-az-artalmak\/#mainImage"},"datePublished":"2018-11-02T09:44:11+02:00","dateModified":"2018-11-06T09:45:47+02:00"},{"@type":"WebSite","@id":"https:\/\/allasorias.hu\/hirek\/#website","url":"https:\/\/allasorias.hu\/hirek\/","name":"AllasOrias.hu | H\u00edrek-lapszemle","description":"\u00dczleti h\u00edrek az \u00e1ll\u00e1s \u00e9s a munka vil\u00e1g\u00e1b\u00f3l","inLanguage":"hu-HU","publisher":{"@id":"https:\/\/allasorias.hu\/hirek\/#organization"}}]},"og:locale":"hu_HU","og:site_name":"AllasOrias.hu | H\u00edrek-lapszemle | \u00dczleti h\u00edrek az \u00e1ll\u00e1s \u00e9s a munka vil\u00e1g\u00e1b\u00f3l","og:type":"article","og:title":"Megbeteged\u00e9sek a munkahelyen \u2013 hogyan cs\u00f6kkenthet\u0151ek az \u00e1rtalmak | AllasOrias.hu | H\u00edrek-lapszemle","og:description":"Amelyik c\u00e9g odafigyel a munkahelyi \u00e1rtalmak megel\u0151z\u00e9s\u00e9re, \u00fagy t\u0171nik j\u00f3 befektet\u00e9st csin\u00e1l., ugyanis \u00edgy a c\u00e9g versenyk\u00e9pess\u00e9ge is megmarad. A P\u00e9nz\u00fcgyminiszt\u00e9rium munkaer\u0151piac\u00e9rt \u00e9s v\u00e1llalati kapcsolatok\u00e9rt felel\u0151s helyettes \u00e1llamtitk\u00e1ra Marczink\u00f3 Zolt\u00e1n kiemelte: az Eur\u00f3pai Uni\u00f3 munkav\u00e1llal\u00f3inak 18 sz\u00e1zal\u00e9ka kitett vesz\u00e9lyes anyagoknak \u2013 Magyarorsz\u00e1gon ez az ar\u00e1ny 22 sz\u00e1zal\u00e9k. Az EP Munkav\u00e9delmi \u00dcgyn\u00f6ks\u00e9g\u00e9nek a vesz\u00e9lyes anyagok helyes","og:url":"https:\/\/allasorias.hu\/hirek\/megbetegedesek-a-munkahelyen-hogyan-csokkenthetoek-az-artalmak\/","og:image":"https:\/\/allasorias.hu\/hirek\/wp-content\/uploads\/2018\/11\/osh-1040512_640.jpg","og:image:secure_url":"https:\/\/allasorias.hu\/hirek\/wp-content\/uploads\/2018\/11\/osh-1040512_640.jpg","og:image:width":640,"og:image:height":426,"article:published_time":"2018-11-02T09:44:11+00:00","article:modified_time":"2018-11-06T09:45:47+00:00","article:publisher":"https:\/\/www.facebook.com\/allasorias","twitter:card":"summary_large_image","twitter:title":"Megbeteged\u00e9sek a munkahelyen \u2013 hogyan cs\u00f6kkenthet\u0151ek az \u00e1rtalmak | AllasOrias.hu | H\u00edrek-lapszemle","twitter:description":"Amelyik c\u00e9g odafigyel a munkahelyi \u00e1rtalmak megel\u0151z\u00e9s\u00e9re, \u00fagy t\u0171nik j\u00f3 befektet\u00e9st csin\u00e1l., ugyanis \u00edgy a c\u00e9g versenyk\u00e9pess\u00e9ge is megmarad. A P\u00e9nz\u00fcgyminiszt\u00e9rium munkaer\u0151piac\u00e9rt \u00e9s v\u00e1llalati kapcsolatok\u00e9rt felel\u0151s helyettes \u00e1llamtitk\u00e1ra Marczink\u00f3 Zolt\u00e1n kiemelte: az Eur\u00f3pai Uni\u00f3 munkav\u00e1llal\u00f3inak 18 sz\u00e1zal\u00e9ka kitett vesz\u00e9lyes anyagoknak \u2013 Magyarorsz\u00e1gon ez az ar\u00e1ny 22 sz\u00e1zal\u00e9k. Az EP Munkav\u00e9delmi \u00dcgyn\u00f6ks\u00e9g\u00e9nek a vesz\u00e9lyes anyagok helyes","twitter:image":"https:\/\/allasorias.hu\/hirek\/wp-content\/uploads\/2018\/11\/osh-1040512_640.jpg","twitter:label1":"Written by","twitter:data1":"Juh\u00e1sz P\u00e9ter","twitter:label2":"Est. reading time","twitter:data2":"2 minutes"},"aioseo_meta_data":{"post_id":"2088","title":null,"description":null,"keywords":null,"keyphrases":null,"primary_term":null,"canonical_url":null,"og_title":null,"og_description":null,"og_object_type":"default","og_image_type":"default","og_image_url":null,"og_image_width":null,"og_image_height":null,"og_image_custom_url":null,"og_image_custom_fields":null,"og_video":null,"og_custom_url":null,"og_article_section":null,"og_article_tags":null,"twitter_use_og":false,"twitter_card":"default","twitter_image_type":"default","twitter_image_url":null,"twitter_image_custom_url":null,"twitter_image_custom_fields":null,"twitter_title":null,"twitter_description":null,"schema":{"blockGraphs":[],"customGraphs":[],"default":{"data":{"Article":[],"Course":[],"Dataset":[],"FAQPage":[],"Movie":[],"Person":[],"Product":[],"ProductReview":[],"Car":[],"Recipe":[],"Service":[],"SoftwareApplication":[],"WebPage":[]},"graphName":"","isEnabled":true},"graphs":[],"defaultGraph":"","defaultPostTypeGraph":""},"schema_type":null,"schema_type_options":null,"pillar_content":false,"robots_default":true,"robots_noindex":false,"robots_noarchive":false,"robots_nosnippet":false,"robots_nofollow":false,"robots_noimageindex":false,"robots_noodp":false,"robots_notranslate":false,"robots_max_snippet":null,"robots_max_videopreview":null,"robots_max_imagepreview":"large","priority":null,"frequency":null,"location":null,"local_seo":null,"breadcrumb_settings":null,"limit_modified_date":false,"ai":null,"created":"2021-02-01 20:44:36","updated":"2025-10-02 09:11:27","seo_analyzer_scan_date":null,"focus_keyword":null,"additional_keywords":null,"truseo_locale":null},"aioseo_breadcrumb":"<div class=\"aioseo-breadcrumbs\"><span class=\"aioseo-breadcrumb\">\n\t\t\t<a href=\"https:\/\/allasorias.hu\/hirek\" title=\"Home\">Home<\/a>\n\t\t<\/span><span class=\"aioseo-breadcrumb-separator\">&raquo;<\/span><span class=\"aioseo-breadcrumb\">\n\t\t\t<a href=\"https:\/\/allasorias.hu\/hirek\/temak\/gazdasag\/\" title=\"Gazdas\u00e1g\">Gazdas\u00e1g<\/a>\n\t\t<\/span><span class=\"aioseo-breadcrumb-separator\">&raquo;<\/span><span class=\"aioseo-breadcrumb\">\n\t\t\tMegbeteged\u00e9sek a munkahelyen  \u2013 hogyan cs\u00f6kkenthet\u0151ek az \u00e1rtalmak\n\t\t<\/span><\/div>","aioseo_breadcrumb_json":[{"label":"Home","link":"https:\/\/allasorias.hu\/hirek"},{"label":"Gazdas\u00e1g","link":"https:\/\/allasorias.hu\/hirek\/temak\/gazdasag\/"},{"label":"Megbeteged\u00e9sek a munkahelyen  &#8211; hogyan cs\u00f6kkenthet\u0151ek az \u00e1rtalmak","link":"https:\/\/allasorias.hu\/hirek\/megbetegedesek-a-munkahelyen-hogyan-csokkenthetoek-az-artalmak\/"}],"_links":{"self":[{"href":"https:\/\/allasorias.hu\/hirek\/wp-json\/wp\/v2\/posts\/2088","targetHints":{"allow":["GET"]}}],"collection":[{"href":"https:\/\/allasorias.hu\/hirek\/wp-json\/wp\/v2\/posts"}],"about":[{"href":"https:\/\/allasorias.hu\/hirek\/wp-json\/wp\/v2\/types\/post"}],"author":[{"embeddable":true,"href":"https:\/\/allasorias.hu\/hirek\/wp-json\/wp\/v2\/users\/1"}],"replies":[{"embeddable":true,"href":"https:\/\/allasorias.hu\/hirek\/wp-json\/wp\/v2\/comments?post=2088"}],"version-history":[{"count":1,"href":"https:\/\/allasorias.hu\/hirek\/wp-json\/wp\/v2\/posts\/2088\/revisions"}],"predecessor-version":[{"id":2090,"href":"https:\/\/allasorias.hu\/hirek\/wp-json\/wp\/v2\/posts\/2088\/revisions\/2090"}],"wp:featuredmedia":[{"embeddable":true,"href":"https:\/\/allasorias.hu\/hirek\/wp-json\/wp\/v2\/media\/2089"}],"wp:attachment":[{"href":"https:\/\/allasorias.hu\/hirek\/wp-json\/wp\/v2\/media?parent=2088"}],"wp:term":[{"taxonomy":"category","embeddable":true,"href":"https:\/\/allasorias.hu\/hirek\/wp-json\/wp\/v2\/categories?post=2088"},{"taxonomy":"post_tag","embeddable":true,"href":"https:\/\/allasorias.hu\/hirek\/wp-json\/wp\/v2\/tags?post=2088"}],"curies":[{"name":"wp","href":"https:\/\/api.w.org\/{rel}","templated":true}]}}