{"id":2085,"date":"2018-11-01T09:37:19","date_gmt":"2018-11-01T09:37:19","guid":{"rendered":"https:\/\/allasorias.hu\/hirek\/?p=2085"},"modified":"2018-11-06T09:37:37","modified_gmt":"2018-11-06T09:37:37","slug":"emelik-a-kifizeteseket-az-unioban-tobb-jut-osztondijakra-is","status":"publish","type":"post","link":"https:\/\/allasorias.hu\/hirek\/emelik-a-kifizeteseket-az-unioban-tobb-jut-osztondijakra-is\/","title":{"rendered":"Emelik a kifizet\u00e9seket az uni\u00f3ban- t\u00f6bb jut \u00f6szt\u00f6nd\u00edjakra is"},"content":{"rendered":"<p style=\"text-align: justify;\"><strong>Megszavazta az Eur\u00f3pai Parlament (EP) a 2019-es uni\u00f3s k\u00f6lts\u00e9gvet\u00e9sr\u0151l sz\u00f3l\u00f3 \u00e1ll\u00e1spontj\u00e1t, amely szerint a k\u00e9pvisel\u0151k az Eur\u00f3pai Bizotts\u00e1g eredeti javaslat\u00e1hoz k\u00e9pest mintegy 600 milli\u00f3 eur\u00f3val magasabb \u00f6sszegre, 149,3 milli\u00e1rd eur\u00f3ra emeln\u00e9k a 2019-es kifizet\u00e9seket.<\/strong><\/p>\n<p style=\"text-align: justify;\">Az EP \u00e1ltal kiadott inform\u00e1ci\u00f3k szerint az uni\u00f3nak \u00a0\u00f6sszpontos\u00edtania kell \u00a0a fenntarthat\u00f3 n\u00f6veked\u00e9sre, az innov\u00e1ci\u00f3ra, a versenyk\u00e9pess\u00e9gre, a biztons\u00e1gra, a menek\u00fcltek \u00e9s a migr\u00e1ci\u00f3s \u00e1ramlatok kiv\u00e1lt\u00f3 okainak kezel\u00e9s\u00e9re, az \u00e9ghajlatv\u00e1ltoz\u00e1s elleni k\u00fczdelemre \u00e9s a fiatalokra. Elutas\u00edtott\u00e1k az Eur\u00f3pa Tan\u00e1cs szerint\u00fck indokolatlan 800 milli\u00f3 eur\u00f3s, a n\u00f6veked\u00e9s fellend\u00edt\u00e9s\u00e9t c\u00e9lz\u00f3 \u00e9s munkahelyteremt\u00e9sre vonatkoz\u00f3 kiad\u00e1sok cs\u00f6kkent\u00e9s\u00e9re tett javaslat\u00e1t, amely v\u00e9lem\u00e9ny\u00fck szerint ellent\u00e9tes az uni\u00f3s politikai priorit\u00e1sokkal.<\/p>\n<p style=\"text-align: justify;\">A k\u00e9pvisel\u0151k mintegy 360 milli\u00f3 eur\u00f3val n\u00f6velt\u00e9k az Erasmus + program c\u00e9lkit\u0171z\u00e9seinek t\u00e1mogat\u00e1s\u00e1t, az Ifj\u00fas\u00e1gi Foglalkoztat\u00e1si Kezdem\u00e9nyez\u00e9s keret\u00e9hez k\u00f6zel 350 milli\u00f3 eur\u00f3 t\u00f6bblett\u00e1mogat\u00e1st szavaztak meg, \u00e9s 580 milli\u00f3 eur\u00f3val emelt\u00e9k a fiatalok munk\u00e1ba \u00e1ll\u00e1s\u00e1t seg\u00edt\u0151 uni\u00f3s programok k\u00f6lts\u00e9gvet\u00e9s\u00e9t. \u00dagy d\u00f6nt\u00f6ttek, hogy teljes m\u00e9rt\u00e9kben vissza\u00e1ll\u00edtj\u00e1k az infrastruktur\u00e1lis projektek finansz\u00edroz\u00e1s\u00e1t, valamint a kutat\u00e1si projekteket t\u00e1mogat\u00f3 Horizont 2020 program k\u00f6zel 260 milli\u00f3 eur\u00f3s k\u00f6lts\u00e9gvet\u00e9s\u00e9t. Az uni\u00f3s program kl\u00edmav\u00e1ltoz\u00e1ssal kapcsolatos k\u00f6lts\u00e9gvet\u00e9s\u00e9t tov\u00e1bbi, mintegy 100 milli\u00f3 eur\u00f3val n\u00f6velt\u00e9k. A menek\u00fclt- \u00e9s migr\u00e1ci\u00f3s v\u00e1ls\u00e1g kezel\u00e9s\u00e9re k\u00f6zel 150 milli\u00f3 eur\u00f3val, az eur\u00f3pai szomsz\u00e9ds\u00e1gpolitika c\u00e9lkit\u0171z\u00e9seire szint\u00e9n k\u00f6zel 150 milli\u00f3 eur\u00f3val t\u00f6bbet szavaztak meg.<\/p>\n<p><em>Forr\u00e1s: magyarhirlap.hu<\/em><\/p>\n","protected":false},"excerpt":{"rendered":"<p>Megszavazta az Eur\u00f3pai Parlament (EP) a 2019-es uni\u00f3s k\u00f6lts\u00e9gvet\u00e9sr\u0151l sz\u00f3l\u00f3 \u00e1ll\u00e1spontj\u00e1t, amely szerint a k\u00e9pvisel\u0151k az Eur\u00f3pai Bizotts\u00e1g eredeti javaslat\u00e1hoz k\u00e9pest mintegy 600 milli\u00f3 eur\u00f3val magasabb \u00f6sszegre, 149,3 milli\u00e1rd eur\u00f3ra emeln\u00e9k a 2019-es kifizet\u00e9seket. Az EP \u00e1ltal kiadott inform\u00e1ci\u00f3k szerint az uni\u00f3nak \u00a0\u00f6sszpontos\u00edtania kell \u00a0a fenntarthat\u00f3 n\u00f6veked\u00e9sre, az innov\u00e1ci\u00f3ra, a versenyk\u00e9pess\u00e9gre, a biztons\u00e1gra, a menek\u00fcltek [&hellip;]<\/p>\n","protected":false},"author":1,"featured_media":2086,"comment_status":"open","ping_status":"open","sticky":false,"template":"","format":"standard","meta":{"_monsterinsights_skip_tracking":false,"footnotes":""},"categories":[199,201,200],"tags":[],"class_list":["post-2085","post","type-post","status-publish","format-standard","has-post-thumbnail","hentry","category-karrier","category-kulfold","category-munkaeropiac"],"aioseo_notices":[],"aioseo_head":"\n\t\t<!-- All in One SEO 5.0.0.1 - aioseo.com -->\n\t<meta name=\"description\" content=\"Megszavazta az Eur\u00f3pai Parlament (EP) a 2019-es uni\u00f3s k\u00f6lts\u00e9gvet\u00e9sr\u0151l sz\u00f3l\u00f3 \u00e1ll\u00e1spontj\u00e1t, amely szerint a k\u00e9pvisel\u0151k az Eur\u00f3pai Bizotts\u00e1g eredeti javaslat\u00e1hoz k\u00e9pest mintegy 600 milli\u00f3 eur\u00f3val magasabb \u00f6sszegre, 149,3 milli\u00e1rd eur\u00f3ra emeln\u00e9k a 2019-es kifizet\u00e9seket. Az EP \u00e1ltal kiadott inform\u00e1ci\u00f3k szerint az uni\u00f3nak \u00f6sszpontos\u00edtania kell a fenntarthat\u00f3 n\u00f6veked\u00e9sre, az innov\u00e1ci\u00f3ra, a versenyk\u00e9pess\u00e9gre, a biztons\u00e1gra, a menek\u00fcltek\" \/>\n\t<meta name=\"robots\" content=\"max-image-preview:large\" \/>\n\t<meta name=\"author\" content=\"Juh\u00e1sz P\u00e9ter\"\/>\n\t<link rel=\"canonical\" href=\"https:\/\/allasorias.hu\/hirek\/emelik-a-kifizeteseket-az-unioban-tobb-jut-osztondijakra-is\/\" \/>\n\t<meta name=\"generator\" content=\"All in One SEO (AIOSEO) 5.0.0.1\" \/>\n\t\t<meta property=\"og:locale\" content=\"hu_HU\" \/>\n\t\t<meta property=\"og:site_name\" content=\"AllasOrias.hu | H\u00edrek-lapszemle | \u00dczleti h\u00edrek az \u00e1ll\u00e1s \u00e9s a munka vil\u00e1g\u00e1b\u00f3l\" \/>\n\t\t<meta property=\"og:type\" content=\"article\" \/>\n\t\t<meta property=\"og:title\" content=\"Emelik a kifizet\u00e9seket az uni\u00f3ban- t\u00f6bb jut \u00f6szt\u00f6nd\u00edjakra is | AllasOrias.hu | H\u00edrek-lapszemle\" \/>\n\t\t<meta property=\"og:description\" content=\"Megszavazta az Eur\u00f3pai Parlament (EP) a 2019-es uni\u00f3s k\u00f6lts\u00e9gvet\u00e9sr\u0151l sz\u00f3l\u00f3 \u00e1ll\u00e1spontj\u00e1t, amely szerint a k\u00e9pvisel\u0151k az Eur\u00f3pai Bizotts\u00e1g eredeti javaslat\u00e1hoz k\u00e9pest mintegy 600 milli\u00f3 eur\u00f3val magasabb \u00f6sszegre, 149,3 milli\u00e1rd eur\u00f3ra emeln\u00e9k a 2019-es kifizet\u00e9seket. Az EP \u00e1ltal kiadott inform\u00e1ci\u00f3k szerint az uni\u00f3nak \u00f6sszpontos\u00edtania kell a fenntarthat\u00f3 n\u00f6veked\u00e9sre, az innov\u00e1ci\u00f3ra, a versenyk\u00e9pess\u00e9gre, a biztons\u00e1gra, a menek\u00fcltek\" \/>\n\t\t<meta property=\"og:url\" content=\"https:\/\/allasorias.hu\/hirek\/emelik-a-kifizeteseket-az-unioban-tobb-jut-osztondijakra-is\/\" \/>\n\t\t<meta property=\"og:image\" content=\"https:\/\/allasorias.hu\/hirek\/wp-content\/uploads\/2018\/11\/bank-note-209104_640.jpg\" \/>\n\t\t<meta property=\"og:image:secure_url\" content=\"https:\/\/allasorias.hu\/hirek\/wp-content\/uploads\/2018\/11\/bank-note-209104_640.jpg\" \/>\n\t\t<meta property=\"og:image:width\" content=\"640\" \/>\n\t\t<meta property=\"og:image:height\" content=\"426\" \/>\n\t\t<meta property=\"article:published_time\" content=\"2018-11-01T09:37:19+00:00\" \/>\n\t\t<meta property=\"article:modified_time\" content=\"2018-11-06T09:37:37+00:00\" \/>\n\t\t<meta property=\"article:publisher\" content=\"https:\/\/www.facebook.com\/allasorias\" \/>\n\t\t<meta name=\"twitter:card\" content=\"summary_large_image\" \/>\n\t\t<meta name=\"twitter:title\" content=\"Emelik a kifizet\u00e9seket az uni\u00f3ban- t\u00f6bb jut \u00f6szt\u00f6nd\u00edjakra is | AllasOrias.hu | H\u00edrek-lapszemle\" \/>\n\t\t<meta name=\"twitter:description\" content=\"Megszavazta az Eur\u00f3pai Parlament (EP) a 2019-es uni\u00f3s k\u00f6lts\u00e9gvet\u00e9sr\u0151l sz\u00f3l\u00f3 \u00e1ll\u00e1spontj\u00e1t, amely szerint a k\u00e9pvisel\u0151k az Eur\u00f3pai Bizotts\u00e1g eredeti javaslat\u00e1hoz k\u00e9pest mintegy 600 milli\u00f3 eur\u00f3val magasabb \u00f6sszegre, 149,3 milli\u00e1rd eur\u00f3ra emeln\u00e9k a 2019-es kifizet\u00e9seket. Az EP \u00e1ltal kiadott inform\u00e1ci\u00f3k szerint az uni\u00f3nak \u00f6sszpontos\u00edtania kell a fenntarthat\u00f3 n\u00f6veked\u00e9sre, az innov\u00e1ci\u00f3ra, a versenyk\u00e9pess\u00e9gre, a biztons\u00e1gra, a menek\u00fcltek\" \/>\n\t\t<meta name=\"twitter:image\" content=\"https:\/\/allasorias.hu\/hirek\/wp-content\/uploads\/2018\/11\/bank-note-209104_640.jpg\" \/>\n\t\t<meta name=\"twitter:label1\" content=\"Written by\" \/>\n\t\t<meta name=\"twitter:data1\" content=\"Juh\u00e1sz P\u00e9ter\" \/>\n\t\t<meta name=\"twitter:label2\" content=\"Est. reading time\" \/>\n\t\t<meta name=\"twitter:data2\" content=\"2 minutes\" \/>\n\t\t<script type=\"application\/ld+json\" class=\"aioseo-schema\">\n\t\t\t{\"@context\":\"https:\\\/\\\/schema.org\",\"@graph\":[{\"@type\":\"Article\",\"@id\":\"https:\\\/\\\/allasorias.hu\\\/hirek\\\/emelik-a-kifizeteseket-az-unioban-tobb-jut-osztondijakra-is\\\/#article\",\"name\":\"Emelik a kifizet\\u00e9seket az uni\\u00f3ban- t\\u00f6bb jut \\u00f6szt\\u00f6nd\\u00edjakra is | AllasOrias.hu | H\\u00edrek-lapszemle\",\"headline\":\"Emelik a kifizet\\u00e9seket az uni\\u00f3ban- t\\u00f6bb jut \\u00f6szt\\u00f6nd\\u00edjakra is\",\"author\":{\"@id\":\"https:\\\/\\\/allasorias.hu\\\/hirek\\\/author\\\/admin-allasorias\\\/#author\"},\"publisher\":{\"@id\":\"https:\\\/\\\/allasorias.hu\\\/hirek\\\/#organization\"},\"image\":{\"@type\":\"ImageObject\",\"url\":\"https:\\\/\\\/allasorias.hu\\\/hirek\\\/wp-content\\\/uploads\\\/2018\\\/11\\\/bank-note-209104_640.jpg\",\"width\":640,\"height\":426},\"datePublished\":\"2018-11-01T09:37:19+02:00\",\"dateModified\":\"2018-11-06T09:37:37+02:00\",\"inLanguage\":\"hu-HU\",\"mainEntityOfPage\":{\"@id\":\"https:\\\/\\\/allasorias.hu\\\/hirek\\\/emelik-a-kifizeteseket-az-unioban-tobb-jut-osztondijakra-is\\\/#webpage\"},\"isPartOf\":{\"@id\":\"https:\\\/\\\/allasorias.hu\\\/hirek\\\/emelik-a-kifizeteseket-az-unioban-tobb-jut-osztondijakra-is\\\/#webpage\"},\"articleSection\":\"Karrier, K\\u00fclf\\u00f6ld, Munkaer\\u0151piac\"},{\"@type\":\"BreadcrumbList\",\"@id\":\"https:\\\/\\\/allasorias.hu\\\/hirek\\\/emelik-a-kifizeteseket-az-unioban-tobb-jut-osztondijakra-is\\\/#breadcrumblist\",\"itemListElement\":[{\"@type\":\"ListItem\",\"@id\":\"https:\\\/\\\/allasorias.hu\\\/hirek#listItem\",\"position\":1,\"name\":\"Home\",\"item\":\"https:\\\/\\\/allasorias.hu\\\/hirek\",\"nextItem\":{\"@type\":\"ListItem\",\"@id\":\"https:\\\/\\\/allasorias.hu\\\/hirek\\\/temak\\\/karrier\\\/#listItem\",\"name\":\"Karrier\"}},{\"@type\":\"ListItem\",\"@id\":\"https:\\\/\\\/allasorias.hu\\\/hirek\\\/temak\\\/karrier\\\/#listItem\",\"position\":2,\"name\":\"Karrier\",\"item\":\"https:\\\/\\\/allasorias.hu\\\/hirek\\\/temak\\\/karrier\\\/\",\"nextItem\":{\"@type\":\"ListItem\",\"@id\":\"https:\\\/\\\/allasorias.hu\\\/hirek\\\/emelik-a-kifizeteseket-az-unioban-tobb-jut-osztondijakra-is\\\/#listItem\",\"name\":\"Emelik a kifizet\\u00e9seket az uni\\u00f3ban- t\\u00f6bb jut \\u00f6szt\\u00f6nd\\u00edjakra is\"},\"previousItem\":{\"@type\":\"ListItem\",\"@id\":\"https:\\\/\\\/allasorias.hu\\\/hirek#listItem\",\"name\":\"Home\"}},{\"@type\":\"ListItem\",\"@id\":\"https:\\\/\\\/allasorias.hu\\\/hirek\\\/emelik-a-kifizeteseket-az-unioban-tobb-jut-osztondijakra-is\\\/#listItem\",\"position\":3,\"name\":\"Emelik a kifizet\\u00e9seket az uni\\u00f3ban- t\\u00f6bb jut \\u00f6szt\\u00f6nd\\u00edjakra is\",\"previousItem\":{\"@type\":\"ListItem\",\"@id\":\"https:\\\/\\\/allasorias.hu\\\/hirek\\\/temak\\\/karrier\\\/#listItem\",\"name\":\"Karrier\"}}]},{\"@type\":\"Organization\",\"@id\":\"https:\\\/\\\/allasorias.hu\\\/hirek\\\/#organization\",\"name\":\"AllasOrias.hu | H\\u00edrek-lapszemle\",\"description\":\"\\u00dczleti h\\u00edrek az \\u00e1ll\\u00e1s \\u00e9s a munka vil\\u00e1g\\u00e1b\\u00f3l\",\"url\":\"https:\\\/\\\/allasorias.hu\\\/hirek\\\/\",\"logo\":{\"@type\":\"ImageObject\",\"url\":\"https:\\\/\\\/allasorias.hu\\\/hirek\\\/wp-content\\\/uploads\\\/2022\\\/10\\\/allasorias_site_facebok_logo.png\",\"@id\":\"https:\\\/\\\/allasorias.hu\\\/hirek\\\/emelik-a-kifizeteseket-az-unioban-tobb-jut-osztondijakra-is\\\/#organizationLogo\"},\"image\":{\"@id\":\"https:\\\/\\\/allasorias.hu\\\/hirek\\\/emelik-a-kifizeteseket-az-unioban-tobb-jut-osztondijakra-is\\\/#organizationLogo\"},\"sameAs\":[\"https:\\\/\\\/www.facebook.com\\\/allasorias\",\"https:\\\/\\\/www.linkedin.com\\\/company\\\/allasorias\"]},{\"@type\":\"Person\",\"@id\":\"https:\\\/\\\/allasorias.hu\\\/hirek\\\/author\\\/admin-allasorias\\\/#author\",\"url\":\"https:\\\/\\\/allasorias.hu\\\/hirek\\\/author\\\/admin-allasorias\\\/\",\"name\":\"Juh\\u00e1sz P\\u00e9ter\",\"image\":{\"@type\":\"ImageObject\",\"@id\":\"https:\\\/\\\/allasorias.hu\\\/hirek\\\/emelik-a-kifizeteseket-az-unioban-tobb-jut-osztondijakra-is\\\/#authorImage\",\"url\":\"https:\\\/\\\/secure.gravatar.com\\\/avatar\\\/36e6bcb83148978b992977cb0f54d22feb0cce8a0a849a9410532bb2623ba4c6?s=96&d=mm&r=g\",\"width\":96,\"height\":96,\"caption\":\"Juh\\u00e1sz P\\u00e9ter\"}},{\"@type\":\"WebPage\",\"@id\":\"https:\\\/\\\/allasorias.hu\\\/hirek\\\/emelik-a-kifizeteseket-az-unioban-tobb-jut-osztondijakra-is\\\/#webpage\",\"url\":\"https:\\\/\\\/allasorias.hu\\\/hirek\\\/emelik-a-kifizeteseket-az-unioban-tobb-jut-osztondijakra-is\\\/\",\"name\":\"Emelik a kifizet\\u00e9seket az uni\\u00f3ban- t\\u00f6bb jut \\u00f6szt\\u00f6nd\\u00edjakra is | AllasOrias.hu | H\\u00edrek-lapszemle\",\"description\":\"Megszavazta az Eur\\u00f3pai Parlament (EP) a 2019-es uni\\u00f3s k\\u00f6lts\\u00e9gvet\\u00e9sr\\u0151l sz\\u00f3l\\u00f3 \\u00e1ll\\u00e1spontj\\u00e1t, amely szerint a k\\u00e9pvisel\\u0151k az Eur\\u00f3pai Bizotts\\u00e1g eredeti javaslat\\u00e1hoz k\\u00e9pest mintegy 600 milli\\u00f3 eur\\u00f3val magasabb \\u00f6sszegre, 149,3 milli\\u00e1rd eur\\u00f3ra emeln\\u00e9k a 2019-es kifizet\\u00e9seket. Az EP \\u00e1ltal kiadott inform\\u00e1ci\\u00f3k szerint az uni\\u00f3nak \\u00f6sszpontos\\u00edtania kell a fenntarthat\\u00f3 n\\u00f6veked\\u00e9sre, az innov\\u00e1ci\\u00f3ra, a versenyk\\u00e9pess\\u00e9gre, a biztons\\u00e1gra, a menek\\u00fcltek\",\"inLanguage\":\"hu-HU\",\"isPartOf\":{\"@id\":\"https:\\\/\\\/allasorias.hu\\\/hirek\\\/#website\"},\"breadcrumb\":{\"@id\":\"https:\\\/\\\/allasorias.hu\\\/hirek\\\/emelik-a-kifizeteseket-az-unioban-tobb-jut-osztondijakra-is\\\/#breadcrumblist\"},\"author\":{\"@id\":\"https:\\\/\\\/allasorias.hu\\\/hirek\\\/author\\\/admin-allasorias\\\/#author\"},\"creator\":{\"@id\":\"https:\\\/\\\/allasorias.hu\\\/hirek\\\/author\\\/admin-allasorias\\\/#author\"},\"image\":{\"@type\":\"ImageObject\",\"url\":\"https:\\\/\\\/allasorias.hu\\\/hirek\\\/wp-content\\\/uploads\\\/2018\\\/11\\\/bank-note-209104_640.jpg\",\"@id\":\"https:\\\/\\\/allasorias.hu\\\/hirek\\\/emelik-a-kifizeteseket-az-unioban-tobb-jut-osztondijakra-is\\\/#mainImage\",\"width\":640,\"height\":426},\"primaryImageOfPage\":{\"@id\":\"https:\\\/\\\/allasorias.hu\\\/hirek\\\/emelik-a-kifizeteseket-az-unioban-tobb-jut-osztondijakra-is\\\/#mainImage\"},\"datePublished\":\"2018-11-01T09:37:19+02:00\",\"dateModified\":\"2018-11-06T09:37:37+02:00\"},{\"@type\":\"WebSite\",\"@id\":\"https:\\\/\\\/allasorias.hu\\\/hirek\\\/#website\",\"url\":\"https:\\\/\\\/allasorias.hu\\\/hirek\\\/\",\"name\":\"AllasOrias.hu | H\\u00edrek-lapszemle\",\"description\":\"\\u00dczleti h\\u00edrek az \\u00e1ll\\u00e1s \\u00e9s a munka vil\\u00e1g\\u00e1b\\u00f3l\",\"inLanguage\":\"hu-HU\",\"publisher\":{\"@id\":\"https:\\\/\\\/allasorias.hu\\\/hirek\\\/#organization\"}}]}\n\t\t<\/script>\n\t\t<!-- All in One SEO -->\n\n","aioseo_head_json":{"title":"Emelik a kifizet\u00e9seket az uni\u00f3ban- t\u00f6bb jut \u00f6szt\u00f6nd\u00edjakra is | AllasOrias.hu | H\u00edrek-lapszemle","description":"Megszavazta az Eur\u00f3pai Parlament (EP) a 2019-es uni\u00f3s k\u00f6lts\u00e9gvet\u00e9sr\u0151l sz\u00f3l\u00f3 \u00e1ll\u00e1spontj\u00e1t, amely szerint a k\u00e9pvisel\u0151k az Eur\u00f3pai Bizotts\u00e1g eredeti javaslat\u00e1hoz k\u00e9pest mintegy 600 milli\u00f3 eur\u00f3val magasabb \u00f6sszegre, 149,3 milli\u00e1rd eur\u00f3ra emeln\u00e9k a 2019-es kifizet\u00e9seket. Az EP \u00e1ltal kiadott inform\u00e1ci\u00f3k szerint az uni\u00f3nak \u00f6sszpontos\u00edtania kell a fenntarthat\u00f3 n\u00f6veked\u00e9sre, az innov\u00e1ci\u00f3ra, a versenyk\u00e9pess\u00e9gre, a biztons\u00e1gra, a menek\u00fcltek","canonical_url":"https:\/\/allasorias.hu\/hirek\/emelik-a-kifizeteseket-az-unioban-tobb-jut-osztondijakra-is\/","robots":"max-image-preview:large","keywords":"","webmasterTools":{"miscellaneous":""},"schema":{"@context":"https:\/\/schema.org","@graph":[{"@type":"Article","@id":"https:\/\/allasorias.hu\/hirek\/emelik-a-kifizeteseket-az-unioban-tobb-jut-osztondijakra-is\/#article","name":"Emelik a kifizet\u00e9seket az uni\u00f3ban- t\u00f6bb jut \u00f6szt\u00f6nd\u00edjakra is | AllasOrias.hu | H\u00edrek-lapszemle","headline":"Emelik a kifizet\u00e9seket az uni\u00f3ban- t\u00f6bb jut \u00f6szt\u00f6nd\u00edjakra is","author":{"@id":"https:\/\/allasorias.hu\/hirek\/author\/admin-allasorias\/#author"},"publisher":{"@id":"https:\/\/allasorias.hu\/hirek\/#organization"},"image":{"@type":"ImageObject","url":"https:\/\/allasorias.hu\/hirek\/wp-content\/uploads\/2018\/11\/bank-note-209104_640.jpg","width":640,"height":426},"datePublished":"2018-11-01T09:37:19+02:00","dateModified":"2018-11-06T09:37:37+02:00","inLanguage":"hu-HU","mainEntityOfPage":{"@id":"https:\/\/allasorias.hu\/hirek\/emelik-a-kifizeteseket-az-unioban-tobb-jut-osztondijakra-is\/#webpage"},"isPartOf":{"@id":"https:\/\/allasorias.hu\/hirek\/emelik-a-kifizeteseket-az-unioban-tobb-jut-osztondijakra-is\/#webpage"},"articleSection":"Karrier, K\u00fclf\u00f6ld, Munkaer\u0151piac"},{"@type":"BreadcrumbList","@id":"https:\/\/allasorias.hu\/hirek\/emelik-a-kifizeteseket-az-unioban-tobb-jut-osztondijakra-is\/#breadcrumblist","itemListElement":[{"@type":"ListItem","@id":"https:\/\/allasorias.hu\/hirek#listItem","position":1,"name":"Home","item":"https:\/\/allasorias.hu\/hirek","nextItem":{"@type":"ListItem","@id":"https:\/\/allasorias.hu\/hirek\/temak\/karrier\/#listItem","name":"Karrier"}},{"@type":"ListItem","@id":"https:\/\/allasorias.hu\/hirek\/temak\/karrier\/#listItem","position":2,"name":"Karrier","item":"https:\/\/allasorias.hu\/hirek\/temak\/karrier\/","nextItem":{"@type":"ListItem","@id":"https:\/\/allasorias.hu\/hirek\/emelik-a-kifizeteseket-az-unioban-tobb-jut-osztondijakra-is\/#listItem","name":"Emelik a kifizet\u00e9seket az uni\u00f3ban- t\u00f6bb jut \u00f6szt\u00f6nd\u00edjakra is"},"previousItem":{"@type":"ListItem","@id":"https:\/\/allasorias.hu\/hirek#listItem","name":"Home"}},{"@type":"ListItem","@id":"https:\/\/allasorias.hu\/hirek\/emelik-a-kifizeteseket-az-unioban-tobb-jut-osztondijakra-is\/#listItem","position":3,"name":"Emelik a kifizet\u00e9seket az uni\u00f3ban- t\u00f6bb jut \u00f6szt\u00f6nd\u00edjakra is","previousItem":{"@type":"ListItem","@id":"https:\/\/allasorias.hu\/hirek\/temak\/karrier\/#listItem","name":"Karrier"}}]},{"@type":"Organization","@id":"https:\/\/allasorias.hu\/hirek\/#organization","name":"AllasOrias.hu | H\u00edrek-lapszemle","description":"\u00dczleti h\u00edrek az \u00e1ll\u00e1s \u00e9s a munka vil\u00e1g\u00e1b\u00f3l","url":"https:\/\/allasorias.hu\/hirek\/","logo":{"@type":"ImageObject","url":"https:\/\/allasorias.hu\/hirek\/wp-content\/uploads\/2022\/10\/allasorias_site_facebok_logo.png","@id":"https:\/\/allasorias.hu\/hirek\/emelik-a-kifizeteseket-az-unioban-tobb-jut-osztondijakra-is\/#organizationLogo"},"image":{"@id":"https:\/\/allasorias.hu\/hirek\/emelik-a-kifizeteseket-az-unioban-tobb-jut-osztondijakra-is\/#organizationLogo"},"sameAs":["https:\/\/www.facebook.com\/allasorias","https:\/\/www.linkedin.com\/company\/allasorias"]},{"@type":"Person","@id":"https:\/\/allasorias.hu\/hirek\/author\/admin-allasorias\/#author","url":"https:\/\/allasorias.hu\/hirek\/author\/admin-allasorias\/","name":"Juh\u00e1sz P\u00e9ter","image":{"@type":"ImageObject","@id":"https:\/\/allasorias.hu\/hirek\/emelik-a-kifizeteseket-az-unioban-tobb-jut-osztondijakra-is\/#authorImage","url":"https:\/\/secure.gravatar.com\/avatar\/36e6bcb83148978b992977cb0f54d22feb0cce8a0a849a9410532bb2623ba4c6?s=96&d=mm&r=g","width":96,"height":96,"caption":"Juh\u00e1sz P\u00e9ter"}},{"@type":"WebPage","@id":"https:\/\/allasorias.hu\/hirek\/emelik-a-kifizeteseket-az-unioban-tobb-jut-osztondijakra-is\/#webpage","url":"https:\/\/allasorias.hu\/hirek\/emelik-a-kifizeteseket-az-unioban-tobb-jut-osztondijakra-is\/","name":"Emelik a kifizet\u00e9seket az uni\u00f3ban- t\u00f6bb jut \u00f6szt\u00f6nd\u00edjakra is | AllasOrias.hu | H\u00edrek-lapszemle","description":"Megszavazta az Eur\u00f3pai Parlament (EP) a 2019-es uni\u00f3s k\u00f6lts\u00e9gvet\u00e9sr\u0151l sz\u00f3l\u00f3 \u00e1ll\u00e1spontj\u00e1t, amely szerint a k\u00e9pvisel\u0151k az Eur\u00f3pai Bizotts\u00e1g eredeti javaslat\u00e1hoz k\u00e9pest mintegy 600 milli\u00f3 eur\u00f3val magasabb \u00f6sszegre, 149,3 milli\u00e1rd eur\u00f3ra emeln\u00e9k a 2019-es kifizet\u00e9seket. Az EP \u00e1ltal kiadott inform\u00e1ci\u00f3k szerint az uni\u00f3nak \u00f6sszpontos\u00edtania kell a fenntarthat\u00f3 n\u00f6veked\u00e9sre, az innov\u00e1ci\u00f3ra, a versenyk\u00e9pess\u00e9gre, a biztons\u00e1gra, a menek\u00fcltek","inLanguage":"hu-HU","isPartOf":{"@id":"https:\/\/allasorias.hu\/hirek\/#website"},"breadcrumb":{"@id":"https:\/\/allasorias.hu\/hirek\/emelik-a-kifizeteseket-az-unioban-tobb-jut-osztondijakra-is\/#breadcrumblist"},"author":{"@id":"https:\/\/allasorias.hu\/hirek\/author\/admin-allasorias\/#author"},"creator":{"@id":"https:\/\/allasorias.hu\/hirek\/author\/admin-allasorias\/#author"},"image":{"@type":"ImageObject","url":"https:\/\/allasorias.hu\/hirek\/wp-content\/uploads\/2018\/11\/bank-note-209104_640.jpg","@id":"https:\/\/allasorias.hu\/hirek\/emelik-a-kifizeteseket-az-unioban-tobb-jut-osztondijakra-is\/#mainImage","width":640,"height":426},"primaryImageOfPage":{"@id":"https:\/\/allasorias.hu\/hirek\/emelik-a-kifizeteseket-az-unioban-tobb-jut-osztondijakra-is\/#mainImage"},"datePublished":"2018-11-01T09:37:19+02:00","dateModified":"2018-11-06T09:37:37+02:00"},{"@type":"WebSite","@id":"https:\/\/allasorias.hu\/hirek\/#website","url":"https:\/\/allasorias.hu\/hirek\/","name":"AllasOrias.hu | H\u00edrek-lapszemle","description":"\u00dczleti h\u00edrek az \u00e1ll\u00e1s \u00e9s a munka vil\u00e1g\u00e1b\u00f3l","inLanguage":"hu-HU","publisher":{"@id":"https:\/\/allasorias.hu\/hirek\/#organization"}}]},"og:locale":"hu_HU","og:site_name":"AllasOrias.hu | H\u00edrek-lapszemle | \u00dczleti h\u00edrek az \u00e1ll\u00e1s \u00e9s a munka vil\u00e1g\u00e1b\u00f3l","og:type":"article","og:title":"Emelik a kifizet\u00e9seket az uni\u00f3ban- t\u00f6bb jut \u00f6szt\u00f6nd\u00edjakra is | AllasOrias.hu | H\u00edrek-lapszemle","og:description":"Megszavazta az Eur\u00f3pai Parlament (EP) a 2019-es uni\u00f3s k\u00f6lts\u00e9gvet\u00e9sr\u0151l sz\u00f3l\u00f3 \u00e1ll\u00e1spontj\u00e1t, amely szerint a k\u00e9pvisel\u0151k az Eur\u00f3pai Bizotts\u00e1g eredeti javaslat\u00e1hoz k\u00e9pest mintegy 600 milli\u00f3 eur\u00f3val magasabb \u00f6sszegre, 149,3 milli\u00e1rd eur\u00f3ra emeln\u00e9k a 2019-es kifizet\u00e9seket. Az EP \u00e1ltal kiadott inform\u00e1ci\u00f3k szerint az uni\u00f3nak \u00f6sszpontos\u00edtania kell a fenntarthat\u00f3 n\u00f6veked\u00e9sre, az innov\u00e1ci\u00f3ra, a versenyk\u00e9pess\u00e9gre, a biztons\u00e1gra, a menek\u00fcltek","og:url":"https:\/\/allasorias.hu\/hirek\/emelik-a-kifizeteseket-az-unioban-tobb-jut-osztondijakra-is\/","og:image":"https:\/\/allasorias.hu\/hirek\/wp-content\/uploads\/2018\/11\/bank-note-209104_640.jpg","og:image:secure_url":"https:\/\/allasorias.hu\/hirek\/wp-content\/uploads\/2018\/11\/bank-note-209104_640.jpg","og:image:width":640,"og:image:height":426,"article:published_time":"2018-11-01T09:37:19+00:00","article:modified_time":"2018-11-06T09:37:37+00:00","article:publisher":"https:\/\/www.facebook.com\/allasorias","twitter:card":"summary_large_image","twitter:title":"Emelik a kifizet\u00e9seket az uni\u00f3ban- t\u00f6bb jut \u00f6szt\u00f6nd\u00edjakra is | AllasOrias.hu | H\u00edrek-lapszemle","twitter:description":"Megszavazta az Eur\u00f3pai Parlament (EP) a 2019-es uni\u00f3s k\u00f6lts\u00e9gvet\u00e9sr\u0151l sz\u00f3l\u00f3 \u00e1ll\u00e1spontj\u00e1t, amely szerint a k\u00e9pvisel\u0151k az Eur\u00f3pai Bizotts\u00e1g eredeti javaslat\u00e1hoz k\u00e9pest mintegy 600 milli\u00f3 eur\u00f3val magasabb \u00f6sszegre, 149,3 milli\u00e1rd eur\u00f3ra emeln\u00e9k a 2019-es kifizet\u00e9seket. Az EP \u00e1ltal kiadott inform\u00e1ci\u00f3k szerint az uni\u00f3nak \u00f6sszpontos\u00edtania kell a fenntarthat\u00f3 n\u00f6veked\u00e9sre, az innov\u00e1ci\u00f3ra, a versenyk\u00e9pess\u00e9gre, a biztons\u00e1gra, a menek\u00fcltek","twitter:image":"https:\/\/allasorias.hu\/hirek\/wp-content\/uploads\/2018\/11\/bank-note-209104_640.jpg","twitter:label1":"Written by","twitter:data1":"Juh\u00e1sz P\u00e9ter","twitter:label2":"Est. reading time","twitter:data2":"2 minutes"},"aioseo_meta_data":{"post_id":"2085","title":null,"description":null,"keywords":null,"keyphrases":null,"primary_term":null,"canonical_url":null,"og_title":null,"og_description":null,"og_object_type":"default","og_image_type":"default","og_image_url":null,"og_image_width":null,"og_image_height":null,"og_image_custom_url":null,"og_image_custom_fields":null,"og_video":null,"og_custom_url":null,"og_article_section":null,"og_article_tags":null,"twitter_use_og":false,"twitter_card":"default","twitter_image_type":"default","twitter_image_url":null,"twitter_image_custom_url":null,"twitter_image_custom_fields":null,"twitter_title":null,"twitter_description":null,"schema":{"blockGraphs":[],"customGraphs":[],"default":{"data":{"Article":[],"Course":[],"Dataset":[],"FAQPage":[],"Movie":[],"Person":[],"Product":[],"ProductReview":[],"Car":[],"Recipe":[],"Service":[],"SoftwareApplication":[],"WebPage":[]},"graphName":"","isEnabled":true},"graphs":[],"defaultGraph":"","defaultPostTypeGraph":""},"schema_type":null,"schema_type_options":null,"pillar_content":false,"robots_default":true,"robots_noindex":false,"robots_noarchive":false,"robots_nosnippet":false,"robots_nofollow":false,"robots_noimageindex":false,"robots_noodp":false,"robots_notranslate":false,"robots_max_snippet":null,"robots_max_videopreview":null,"robots_max_imagepreview":"large","priority":null,"frequency":null,"location":null,"local_seo":null,"breadcrumb_settings":null,"limit_modified_date":false,"ai":null,"created":"2021-02-01 20:44:36","updated":"2025-10-02 09:11:27","seo_analyzer_scan_date":null,"focus_keyword":null,"additional_keywords":null,"truseo_locale":null},"aioseo_breadcrumb":"<div class=\"aioseo-breadcrumbs\"><span class=\"aioseo-breadcrumb\">\n\t\t\t<a href=\"https:\/\/allasorias.hu\/hirek\" title=\"Home\">Home<\/a>\n\t\t<\/span><span class=\"aioseo-breadcrumb-separator\">&raquo;<\/span><span class=\"aioseo-breadcrumb\">\n\t\t\t<a href=\"https:\/\/allasorias.hu\/hirek\/temak\/karrier\/\" title=\"Karrier\">Karrier<\/a>\n\t\t<\/span><span class=\"aioseo-breadcrumb-separator\">&raquo;<\/span><span class=\"aioseo-breadcrumb\">\n\t\t\tEmelik a kifizet\u00e9seket az uni\u00f3ban- t\u00f6bb jut \u00f6szt\u00f6nd\u00edjakra is\n\t\t<\/span><\/div>","aioseo_breadcrumb_json":[{"label":"Home","link":"https:\/\/allasorias.hu\/hirek"},{"label":"Karrier","link":"https:\/\/allasorias.hu\/hirek\/temak\/karrier\/"},{"label":"Emelik a kifizet\u00e9seket az uni\u00f3ban- t\u00f6bb jut \u00f6szt\u00f6nd\u00edjakra is","link":"https:\/\/allasorias.hu\/hirek\/emelik-a-kifizeteseket-az-unioban-tobb-jut-osztondijakra-is\/"}],"_links":{"self":[{"href":"https:\/\/allasorias.hu\/hirek\/wp-json\/wp\/v2\/posts\/2085","targetHints":{"allow":["GET"]}}],"collection":[{"href":"https:\/\/allasorias.hu\/hirek\/wp-json\/wp\/v2\/posts"}],"about":[{"href":"https:\/\/allasorias.hu\/hirek\/wp-json\/wp\/v2\/types\/post"}],"author":[{"embeddable":true,"href":"https:\/\/allasorias.hu\/hirek\/wp-json\/wp\/v2\/users\/1"}],"replies":[{"embeddable":true,"href":"https:\/\/allasorias.hu\/hirek\/wp-json\/wp\/v2\/comments?post=2085"}],"version-history":[{"count":1,"href":"https:\/\/allasorias.hu\/hirek\/wp-json\/wp\/v2\/posts\/2085\/revisions"}],"predecessor-version":[{"id":2087,"href":"https:\/\/allasorias.hu\/hirek\/wp-json\/wp\/v2\/posts\/2085\/revisions\/2087"}],"wp:featuredmedia":[{"embeddable":true,"href":"https:\/\/allasorias.hu\/hirek\/wp-json\/wp\/v2\/media\/2086"}],"wp:attachment":[{"href":"https:\/\/allasorias.hu\/hirek\/wp-json\/wp\/v2\/media?parent=2085"}],"wp:term":[{"taxonomy":"category","embeddable":true,"href":"https:\/\/allasorias.hu\/hirek\/wp-json\/wp\/v2\/categories?post=2085"},{"taxonomy":"post_tag","embeddable":true,"href":"https:\/\/allasorias.hu\/hirek\/wp-json\/wp\/v2\/tags?post=2085"}],"curies":[{"name":"wp","href":"https:\/\/api.w.org\/{rel}","templated":true}]}}