{"id":2082,"date":"2018-11-01T09:33:56","date_gmt":"2018-11-01T09:33:56","guid":{"rendered":"https:\/\/allasorias.hu\/hirek\/?p=2082"},"modified":"2018-11-06T09:35:58","modified_gmt":"2018-11-06T09:35:58","slug":"kevesebb-allaskereso","status":"publish","type":"post","link":"https:\/\/allasorias.hu\/hirek\/kevesebb-allaskereso\/","title":{"rendered":"Kevesebb \u00e1ll\u00e1skeres\u0151"},"content":{"rendered":"<p style=\"text-align: justify;\"><strong>Az elm\u00falt egy \u00e9v alatt t\u00f6bb mint 6 sz\u00e1zal\u00e9kkal cs\u00f6kkent az \u00e1ll\u00e1skeres\u0151k sz\u00e1ma haz\u00e1nkban. A Nemzeti Foglalkoztat\u00e1si Szolg\u00e1lat (NFSZ) adatai azt mutatj\u00e1k, hogy a szeptember v\u00e9g\u00e9n 251 000 \u00e1ll\u00e1skeres\u0151 volt,\u00a0 17 ezerrel kevesebb, mint egy \u00e9ve.<\/strong><\/p>\n<p style=\"text-align: justify;\">Szeptemberben 47 500 \u00e1ll\u00e1skeres\u0151 k\u00e9rte nyilv\u00e1ntart\u00e1sba v\u00e9tel\u00e9t a kirendelts\u00e9geken, 13,3 sz\u00e1zal\u00e9kuk els\u0151 alkalommal regisztr\u00e1lt. Az \u00faj bel\u00e9p\u0151k sz\u00e1ma az el\u0151z\u0151 \u00e9vin\u00e9l 2,5 sz\u00e1zal\u00e9kkal n\u0151tt. Az \u00e1ll\u00e1skeres\u0151k 10,5 sz\u00e1zal\u00e9ka, 26 300 volt p\u00e1lyakezd\u0151. A legt\u00f6bb p\u00e1lyakezd\u0151 fiatalt Borsod-Aba\u00faj-Zempl\u00e9n \u00e9s Szabolcs-Szatm\u00e1r-Bereg megy\u00e9ben tartott\u00e1k nyilv\u00e1n, de Hajd\u00fa-Bihar \u00e9s J\u00e1sz-Nagykun-Szolnok megy\u00e9ben is jelent\u0151s a sz\u00e1muk. Az \u00e1ll\u00e1skeres\u0151k 26,4 sz\u00e1zal\u00e9ka, 66 200 ember tart\u00f3san, t\u00f6bb mint egy \u00e9ve keresett munk\u00e1t, ez 11,4 sz\u00e1zal\u00e9kponttal jobb ar\u00e1ny az egy \u00e9vvel kor\u00e1bbin\u00e1l.\u00a0 A Nemzetk\u00f6zi Munka\u00fcgyi Szervezet (ILO) \u00e1ltal haszn\u00e1lt munkan\u00e9lk\u00fclis\u00e9gi r\u00e1ta 3,7 sz\u00e1zal\u00e9kos volt a 2018. j\u00fanius-augusztusi g\u00f6rd\u00fcl\u0151 negyed\u00e9vben, a 15-74 \u00e9ves n\u00e9pess\u00e9gb\u0151l 173 100-an voltak munka n\u00e9lk\u00fcl. A r\u00e1ta az el\u0151z\u0151 \u00e9v azonos id\u0151szak\u00e1hoz k\u00e9pest 0,5 sz\u00e1zal\u00e9kponttal cs\u00f6kkent.<\/p>\n<p><em>Forr\u00e1s: MTI<\/em><\/p>\n","protected":false},"excerpt":{"rendered":"<p>Az elm\u00falt egy \u00e9v alatt t\u00f6bb mint 6 sz\u00e1zal\u00e9kkal cs\u00f6kkent az \u00e1ll\u00e1skeres\u0151k sz\u00e1ma haz\u00e1nkban. A Nemzeti Foglalkoztat\u00e1si Szolg\u00e1lat (NFSZ) adatai azt mutatj\u00e1k, hogy a szeptember v\u00e9g\u00e9n 251 000 \u00e1ll\u00e1skeres\u0151 volt,\u00a0 17 ezerrel kevesebb, mint egy \u00e9ve. Szeptemberben 47 500 \u00e1ll\u00e1skeres\u0151 k\u00e9rte nyilv\u00e1ntart\u00e1sba v\u00e9tel\u00e9t a kirendelts\u00e9geken, 13,3 sz\u00e1zal\u00e9kuk els\u0151 alkalommal regisztr\u00e1lt. Az \u00faj bel\u00e9p\u0151k sz\u00e1ma az [&hellip;]<\/p>\n","protected":false},"author":1,"featured_media":2083,"comment_status":"open","ping_status":"open","sticky":false,"template":"","format":"standard","meta":{"_monsterinsights_skip_tracking":false,"footnotes":""},"categories":[1,198,200],"tags":[],"class_list":["post-2082","post","type-post","status-publish","format-standard","has-post-thumbnail","hentry","category-allaskereses","category-gazdasag","category-munkaeropiac"],"aioseo_notices":[],"aioseo_head":"\n\t\t<!-- All in One SEO 5.0.0.1 - aioseo.com -->\n\t<meta name=\"description\" content=\"Az elm\u00falt egy \u00e9v alatt t\u00f6bb mint 6 sz\u00e1zal\u00e9kkal cs\u00f6kkent az \u00e1ll\u00e1skeres\u0151k sz\u00e1ma haz\u00e1nkban. A Nemzeti Foglalkoztat\u00e1si Szolg\u00e1lat (NFSZ) adatai azt mutatj\u00e1k, hogy a szeptember v\u00e9g\u00e9n 251 000 \u00e1ll\u00e1skeres\u0151 volt, 17 ezerrel kevesebb, mint egy \u00e9ve. Szeptemberben 47 500 \u00e1ll\u00e1skeres\u0151 k\u00e9rte nyilv\u00e1ntart\u00e1sba v\u00e9tel\u00e9t a kirendelts\u00e9geken, 13,3 sz\u00e1zal\u00e9kuk els\u0151 alkalommal regisztr\u00e1lt. Az \u00faj bel\u00e9p\u0151k sz\u00e1ma az\" \/>\n\t<meta name=\"robots\" content=\"max-image-preview:large\" \/>\n\t<meta name=\"author\" content=\"Juh\u00e1sz P\u00e9ter\"\/>\n\t<link rel=\"canonical\" href=\"https:\/\/allasorias.hu\/hirek\/kevesebb-allaskereso\/\" \/>\n\t<meta name=\"generator\" content=\"All in One SEO (AIOSEO) 5.0.0.1\" \/>\n\t\t<meta property=\"og:locale\" content=\"hu_HU\" \/>\n\t\t<meta property=\"og:site_name\" content=\"AllasOrias.hu | H\u00edrek-lapszemle | \u00dczleti h\u00edrek az \u00e1ll\u00e1s \u00e9s a munka vil\u00e1g\u00e1b\u00f3l\" \/>\n\t\t<meta property=\"og:type\" content=\"article\" \/>\n\t\t<meta property=\"og:title\" content=\"Kevesebb \u00e1ll\u00e1skeres\u0151 | AllasOrias.hu | H\u00edrek-lapszemle\" \/>\n\t\t<meta property=\"og:description\" content=\"Az elm\u00falt egy \u00e9v alatt t\u00f6bb mint 6 sz\u00e1zal\u00e9kkal cs\u00f6kkent az \u00e1ll\u00e1skeres\u0151k sz\u00e1ma haz\u00e1nkban. A Nemzeti Foglalkoztat\u00e1si Szolg\u00e1lat (NFSZ) adatai azt mutatj\u00e1k, hogy a szeptember v\u00e9g\u00e9n 251 000 \u00e1ll\u00e1skeres\u0151 volt, 17 ezerrel kevesebb, mint egy \u00e9ve. Szeptemberben 47 500 \u00e1ll\u00e1skeres\u0151 k\u00e9rte nyilv\u00e1ntart\u00e1sba v\u00e9tel\u00e9t a kirendelts\u00e9geken, 13,3 sz\u00e1zal\u00e9kuk els\u0151 alkalommal regisztr\u00e1lt. Az \u00faj bel\u00e9p\u0151k sz\u00e1ma az\" \/>\n\t\t<meta property=\"og:url\" content=\"https:\/\/allasorias.hu\/hirek\/kevesebb-allaskereso\/\" \/>\n\t\t<meta property=\"og:image\" content=\"https:\/\/allasorias.hu\/hirek\/wp-content\/uploads\/2018\/11\/1843_3631_Allaskereses.jpg\" \/>\n\t\t<meta property=\"og:image:secure_url\" content=\"https:\/\/allasorias.hu\/hirek\/wp-content\/uploads\/2018\/11\/1843_3631_Allaskereses.jpg\" \/>\n\t\t<meta property=\"og:image:width\" content=\"680\" \/>\n\t\t<meta property=\"og:image:height\" content=\"449\" \/>\n\t\t<meta property=\"article:published_time\" content=\"2018-11-01T09:33:56+00:00\" \/>\n\t\t<meta property=\"article:modified_time\" content=\"2018-11-06T09:35:58+00:00\" \/>\n\t\t<meta property=\"article:publisher\" content=\"https:\/\/www.facebook.com\/allasorias\" \/>\n\t\t<meta name=\"twitter:card\" content=\"summary_large_image\" \/>\n\t\t<meta name=\"twitter:title\" content=\"Kevesebb \u00e1ll\u00e1skeres\u0151 | AllasOrias.hu | H\u00edrek-lapszemle\" \/>\n\t\t<meta name=\"twitter:description\" content=\"Az elm\u00falt egy \u00e9v alatt t\u00f6bb mint 6 sz\u00e1zal\u00e9kkal cs\u00f6kkent az \u00e1ll\u00e1skeres\u0151k sz\u00e1ma haz\u00e1nkban. A Nemzeti Foglalkoztat\u00e1si Szolg\u00e1lat (NFSZ) adatai azt mutatj\u00e1k, hogy a szeptember v\u00e9g\u00e9n 251 000 \u00e1ll\u00e1skeres\u0151 volt, 17 ezerrel kevesebb, mint egy \u00e9ve. Szeptemberben 47 500 \u00e1ll\u00e1skeres\u0151 k\u00e9rte nyilv\u00e1ntart\u00e1sba v\u00e9tel\u00e9t a kirendelts\u00e9geken, 13,3 sz\u00e1zal\u00e9kuk els\u0151 alkalommal regisztr\u00e1lt. Az \u00faj bel\u00e9p\u0151k sz\u00e1ma az\" \/>\n\t\t<meta name=\"twitter:image\" content=\"https:\/\/allasorias.hu\/hirek\/wp-content\/uploads\/2018\/11\/1843_3631_Allaskereses.jpg\" \/>\n\t\t<meta name=\"twitter:label1\" content=\"Written by\" \/>\n\t\t<meta name=\"twitter:data1\" content=\"Juh\u00e1sz P\u00e9ter\" \/>\n\t\t<meta name=\"twitter:label2\" content=\"Est. reading time\" \/>\n\t\t<meta name=\"twitter:data2\" content=\"1 minute\" \/>\n\t\t<script type=\"application\/ld+json\" class=\"aioseo-schema\">\n\t\t\t{\"@context\":\"https:\\\/\\\/schema.org\",\"@graph\":[{\"@type\":\"Article\",\"@id\":\"https:\\\/\\\/allasorias.hu\\\/hirek\\\/kevesebb-allaskereso\\\/#article\",\"name\":\"Kevesebb \\u00e1ll\\u00e1skeres\\u0151 | AllasOrias.hu | H\\u00edrek-lapszemle\",\"headline\":\"Kevesebb \\u00e1ll\\u00e1skeres\\u0151\",\"author\":{\"@id\":\"https:\\\/\\\/allasorias.hu\\\/hirek\\\/author\\\/admin-allasorias\\\/#author\"},\"publisher\":{\"@id\":\"https:\\\/\\\/allasorias.hu\\\/hirek\\\/#organization\"},\"image\":{\"@type\":\"ImageObject\",\"url\":\"https:\\\/\\\/allasorias.hu\\\/hirek\\\/wp-content\\\/uploads\\\/2018\\\/11\\\/1843_3631_Allaskereses.jpg\",\"width\":680,\"height\":449},\"datePublished\":\"2018-11-01T09:33:56+02:00\",\"dateModified\":\"2018-11-06T09:35:58+02:00\",\"inLanguage\":\"hu-HU\",\"mainEntityOfPage\":{\"@id\":\"https:\\\/\\\/allasorias.hu\\\/hirek\\\/kevesebb-allaskereso\\\/#webpage\"},\"isPartOf\":{\"@id\":\"https:\\\/\\\/allasorias.hu\\\/hirek\\\/kevesebb-allaskereso\\\/#webpage\"},\"articleSection\":\"\\u00c1ll\\u00e1skeres\\u00e9s, Gazdas\\u00e1g, Munkaer\\u0151piac\"},{\"@type\":\"BreadcrumbList\",\"@id\":\"https:\\\/\\\/allasorias.hu\\\/hirek\\\/kevesebb-allaskereso\\\/#breadcrumblist\",\"itemListElement\":[{\"@type\":\"ListItem\",\"@id\":\"https:\\\/\\\/allasorias.hu\\\/hirek#listItem\",\"position\":1,\"name\":\"Home\",\"item\":\"https:\\\/\\\/allasorias.hu\\\/hirek\",\"nextItem\":{\"@type\":\"ListItem\",\"@id\":\"https:\\\/\\\/allasorias.hu\\\/hirek\\\/temak\\\/allaskereses\\\/#listItem\",\"name\":\"\\u00c1ll\\u00e1skeres\\u00e9s\"}},{\"@type\":\"ListItem\",\"@id\":\"https:\\\/\\\/allasorias.hu\\\/hirek\\\/temak\\\/allaskereses\\\/#listItem\",\"position\":2,\"name\":\"\\u00c1ll\\u00e1skeres\\u00e9s\",\"item\":\"https:\\\/\\\/allasorias.hu\\\/hirek\\\/temak\\\/allaskereses\\\/\",\"nextItem\":{\"@type\":\"ListItem\",\"@id\":\"https:\\\/\\\/allasorias.hu\\\/hirek\\\/kevesebb-allaskereso\\\/#listItem\",\"name\":\"Kevesebb \\u00e1ll\\u00e1skeres\\u0151\"},\"previousItem\":{\"@type\":\"ListItem\",\"@id\":\"https:\\\/\\\/allasorias.hu\\\/hirek#listItem\",\"name\":\"Home\"}},{\"@type\":\"ListItem\",\"@id\":\"https:\\\/\\\/allasorias.hu\\\/hirek\\\/kevesebb-allaskereso\\\/#listItem\",\"position\":3,\"name\":\"Kevesebb \\u00e1ll\\u00e1skeres\\u0151\",\"previousItem\":{\"@type\":\"ListItem\",\"@id\":\"https:\\\/\\\/allasorias.hu\\\/hirek\\\/temak\\\/allaskereses\\\/#listItem\",\"name\":\"\\u00c1ll\\u00e1skeres\\u00e9s\"}}]},{\"@type\":\"Organization\",\"@id\":\"https:\\\/\\\/allasorias.hu\\\/hirek\\\/#organization\",\"name\":\"AllasOrias.hu | H\\u00edrek-lapszemle\",\"description\":\"\\u00dczleti h\\u00edrek az \\u00e1ll\\u00e1s \\u00e9s a munka vil\\u00e1g\\u00e1b\\u00f3l\",\"url\":\"https:\\\/\\\/allasorias.hu\\\/hirek\\\/\",\"logo\":{\"@type\":\"ImageObject\",\"url\":\"https:\\\/\\\/allasorias.hu\\\/hirek\\\/wp-content\\\/uploads\\\/2022\\\/10\\\/allasorias_site_facebok_logo.png\",\"@id\":\"https:\\\/\\\/allasorias.hu\\\/hirek\\\/kevesebb-allaskereso\\\/#organizationLogo\"},\"image\":{\"@id\":\"https:\\\/\\\/allasorias.hu\\\/hirek\\\/kevesebb-allaskereso\\\/#organizationLogo\"},\"sameAs\":[\"https:\\\/\\\/www.facebook.com\\\/allasorias\",\"https:\\\/\\\/www.linkedin.com\\\/company\\\/allasorias\"]},{\"@type\":\"Person\",\"@id\":\"https:\\\/\\\/allasorias.hu\\\/hirek\\\/author\\\/admin-allasorias\\\/#author\",\"url\":\"https:\\\/\\\/allasorias.hu\\\/hirek\\\/author\\\/admin-allasorias\\\/\",\"name\":\"Juh\\u00e1sz P\\u00e9ter\",\"image\":{\"@type\":\"ImageObject\",\"@id\":\"https:\\\/\\\/allasorias.hu\\\/hirek\\\/kevesebb-allaskereso\\\/#authorImage\",\"url\":\"https:\\\/\\\/secure.gravatar.com\\\/avatar\\\/36e6bcb83148978b992977cb0f54d22feb0cce8a0a849a9410532bb2623ba4c6?s=96&d=mm&r=g\",\"width\":96,\"height\":96,\"caption\":\"Juh\\u00e1sz P\\u00e9ter\"}},{\"@type\":\"WebPage\",\"@id\":\"https:\\\/\\\/allasorias.hu\\\/hirek\\\/kevesebb-allaskereso\\\/#webpage\",\"url\":\"https:\\\/\\\/allasorias.hu\\\/hirek\\\/kevesebb-allaskereso\\\/\",\"name\":\"Kevesebb \\u00e1ll\\u00e1skeres\\u0151 | AllasOrias.hu | H\\u00edrek-lapszemle\",\"description\":\"Az elm\\u00falt egy \\u00e9v alatt t\\u00f6bb mint 6 sz\\u00e1zal\\u00e9kkal cs\\u00f6kkent az \\u00e1ll\\u00e1skeres\\u0151k sz\\u00e1ma haz\\u00e1nkban. A Nemzeti Foglalkoztat\\u00e1si Szolg\\u00e1lat (NFSZ) adatai azt mutatj\\u00e1k, hogy a szeptember v\\u00e9g\\u00e9n 251 000 \\u00e1ll\\u00e1skeres\\u0151 volt, 17 ezerrel kevesebb, mint egy \\u00e9ve. Szeptemberben 47 500 \\u00e1ll\\u00e1skeres\\u0151 k\\u00e9rte nyilv\\u00e1ntart\\u00e1sba v\\u00e9tel\\u00e9t a kirendelts\\u00e9geken, 13,3 sz\\u00e1zal\\u00e9kuk els\\u0151 alkalommal regisztr\\u00e1lt. Az \\u00faj bel\\u00e9p\\u0151k sz\\u00e1ma az\",\"inLanguage\":\"hu-HU\",\"isPartOf\":{\"@id\":\"https:\\\/\\\/allasorias.hu\\\/hirek\\\/#website\"},\"breadcrumb\":{\"@id\":\"https:\\\/\\\/allasorias.hu\\\/hirek\\\/kevesebb-allaskereso\\\/#breadcrumblist\"},\"author\":{\"@id\":\"https:\\\/\\\/allasorias.hu\\\/hirek\\\/author\\\/admin-allasorias\\\/#author\"},\"creator\":{\"@id\":\"https:\\\/\\\/allasorias.hu\\\/hirek\\\/author\\\/admin-allasorias\\\/#author\"},\"image\":{\"@type\":\"ImageObject\",\"url\":\"https:\\\/\\\/allasorias.hu\\\/hirek\\\/wp-content\\\/uploads\\\/2018\\\/11\\\/1843_3631_Allaskereses.jpg\",\"@id\":\"https:\\\/\\\/allasorias.hu\\\/hirek\\\/kevesebb-allaskereso\\\/#mainImage\",\"width\":680,\"height\":449},\"primaryImageOfPage\":{\"@id\":\"https:\\\/\\\/allasorias.hu\\\/hirek\\\/kevesebb-allaskereso\\\/#mainImage\"},\"datePublished\":\"2018-11-01T09:33:56+02:00\",\"dateModified\":\"2018-11-06T09:35:58+02:00\"},{\"@type\":\"WebSite\",\"@id\":\"https:\\\/\\\/allasorias.hu\\\/hirek\\\/#website\",\"url\":\"https:\\\/\\\/allasorias.hu\\\/hirek\\\/\",\"name\":\"AllasOrias.hu | H\\u00edrek-lapszemle\",\"description\":\"\\u00dczleti h\\u00edrek az \\u00e1ll\\u00e1s \\u00e9s a munka vil\\u00e1g\\u00e1b\\u00f3l\",\"inLanguage\":\"hu-HU\",\"publisher\":{\"@id\":\"https:\\\/\\\/allasorias.hu\\\/hirek\\\/#organization\"}}]}\n\t\t<\/script>\n\t\t<!-- All in One SEO -->\n\n","aioseo_head_json":{"title":"Kevesebb \u00e1ll\u00e1skeres\u0151 | AllasOrias.hu | H\u00edrek-lapszemle","description":"Az elm\u00falt egy \u00e9v alatt t\u00f6bb mint 6 sz\u00e1zal\u00e9kkal cs\u00f6kkent az \u00e1ll\u00e1skeres\u0151k sz\u00e1ma haz\u00e1nkban. A Nemzeti Foglalkoztat\u00e1si Szolg\u00e1lat (NFSZ) adatai azt mutatj\u00e1k, hogy a szeptember v\u00e9g\u00e9n 251 000 \u00e1ll\u00e1skeres\u0151 volt, 17 ezerrel kevesebb, mint egy \u00e9ve. Szeptemberben 47 500 \u00e1ll\u00e1skeres\u0151 k\u00e9rte nyilv\u00e1ntart\u00e1sba v\u00e9tel\u00e9t a kirendelts\u00e9geken, 13,3 sz\u00e1zal\u00e9kuk els\u0151 alkalommal regisztr\u00e1lt. Az \u00faj bel\u00e9p\u0151k sz\u00e1ma az","canonical_url":"https:\/\/allasorias.hu\/hirek\/kevesebb-allaskereso\/","robots":"max-image-preview:large","keywords":"","webmasterTools":{"miscellaneous":""},"schema":{"@context":"https:\/\/schema.org","@graph":[{"@type":"Article","@id":"https:\/\/allasorias.hu\/hirek\/kevesebb-allaskereso\/#article","name":"Kevesebb \u00e1ll\u00e1skeres\u0151 | AllasOrias.hu | H\u00edrek-lapszemle","headline":"Kevesebb \u00e1ll\u00e1skeres\u0151","author":{"@id":"https:\/\/allasorias.hu\/hirek\/author\/admin-allasorias\/#author"},"publisher":{"@id":"https:\/\/allasorias.hu\/hirek\/#organization"},"image":{"@type":"ImageObject","url":"https:\/\/allasorias.hu\/hirek\/wp-content\/uploads\/2018\/11\/1843_3631_Allaskereses.jpg","width":680,"height":449},"datePublished":"2018-11-01T09:33:56+02:00","dateModified":"2018-11-06T09:35:58+02:00","inLanguage":"hu-HU","mainEntityOfPage":{"@id":"https:\/\/allasorias.hu\/hirek\/kevesebb-allaskereso\/#webpage"},"isPartOf":{"@id":"https:\/\/allasorias.hu\/hirek\/kevesebb-allaskereso\/#webpage"},"articleSection":"\u00c1ll\u00e1skeres\u00e9s, Gazdas\u00e1g, Munkaer\u0151piac"},{"@type":"BreadcrumbList","@id":"https:\/\/allasorias.hu\/hirek\/kevesebb-allaskereso\/#breadcrumblist","itemListElement":[{"@type":"ListItem","@id":"https:\/\/allasorias.hu\/hirek#listItem","position":1,"name":"Home","item":"https:\/\/allasorias.hu\/hirek","nextItem":{"@type":"ListItem","@id":"https:\/\/allasorias.hu\/hirek\/temak\/allaskereses\/#listItem","name":"\u00c1ll\u00e1skeres\u00e9s"}},{"@type":"ListItem","@id":"https:\/\/allasorias.hu\/hirek\/temak\/allaskereses\/#listItem","position":2,"name":"\u00c1ll\u00e1skeres\u00e9s","item":"https:\/\/allasorias.hu\/hirek\/temak\/allaskereses\/","nextItem":{"@type":"ListItem","@id":"https:\/\/allasorias.hu\/hirek\/kevesebb-allaskereso\/#listItem","name":"Kevesebb \u00e1ll\u00e1skeres\u0151"},"previousItem":{"@type":"ListItem","@id":"https:\/\/allasorias.hu\/hirek#listItem","name":"Home"}},{"@type":"ListItem","@id":"https:\/\/allasorias.hu\/hirek\/kevesebb-allaskereso\/#listItem","position":3,"name":"Kevesebb \u00e1ll\u00e1skeres\u0151","previousItem":{"@type":"ListItem","@id":"https:\/\/allasorias.hu\/hirek\/temak\/allaskereses\/#listItem","name":"\u00c1ll\u00e1skeres\u00e9s"}}]},{"@type":"Organization","@id":"https:\/\/allasorias.hu\/hirek\/#organization","name":"AllasOrias.hu | H\u00edrek-lapszemle","description":"\u00dczleti h\u00edrek az \u00e1ll\u00e1s \u00e9s a munka vil\u00e1g\u00e1b\u00f3l","url":"https:\/\/allasorias.hu\/hirek\/","logo":{"@type":"ImageObject","url":"https:\/\/allasorias.hu\/hirek\/wp-content\/uploads\/2022\/10\/allasorias_site_facebok_logo.png","@id":"https:\/\/allasorias.hu\/hirek\/kevesebb-allaskereso\/#organizationLogo"},"image":{"@id":"https:\/\/allasorias.hu\/hirek\/kevesebb-allaskereso\/#organizationLogo"},"sameAs":["https:\/\/www.facebook.com\/allasorias","https:\/\/www.linkedin.com\/company\/allasorias"]},{"@type":"Person","@id":"https:\/\/allasorias.hu\/hirek\/author\/admin-allasorias\/#author","url":"https:\/\/allasorias.hu\/hirek\/author\/admin-allasorias\/","name":"Juh\u00e1sz P\u00e9ter","image":{"@type":"ImageObject","@id":"https:\/\/allasorias.hu\/hirek\/kevesebb-allaskereso\/#authorImage","url":"https:\/\/secure.gravatar.com\/avatar\/36e6bcb83148978b992977cb0f54d22feb0cce8a0a849a9410532bb2623ba4c6?s=96&d=mm&r=g","width":96,"height":96,"caption":"Juh\u00e1sz P\u00e9ter"}},{"@type":"WebPage","@id":"https:\/\/allasorias.hu\/hirek\/kevesebb-allaskereso\/#webpage","url":"https:\/\/allasorias.hu\/hirek\/kevesebb-allaskereso\/","name":"Kevesebb \u00e1ll\u00e1skeres\u0151 | AllasOrias.hu | H\u00edrek-lapszemle","description":"Az elm\u00falt egy \u00e9v alatt t\u00f6bb mint 6 sz\u00e1zal\u00e9kkal cs\u00f6kkent az \u00e1ll\u00e1skeres\u0151k sz\u00e1ma haz\u00e1nkban. A Nemzeti Foglalkoztat\u00e1si Szolg\u00e1lat (NFSZ) adatai azt mutatj\u00e1k, hogy a szeptember v\u00e9g\u00e9n 251 000 \u00e1ll\u00e1skeres\u0151 volt, 17 ezerrel kevesebb, mint egy \u00e9ve. Szeptemberben 47 500 \u00e1ll\u00e1skeres\u0151 k\u00e9rte nyilv\u00e1ntart\u00e1sba v\u00e9tel\u00e9t a kirendelts\u00e9geken, 13,3 sz\u00e1zal\u00e9kuk els\u0151 alkalommal regisztr\u00e1lt. Az \u00faj bel\u00e9p\u0151k sz\u00e1ma az","inLanguage":"hu-HU","isPartOf":{"@id":"https:\/\/allasorias.hu\/hirek\/#website"},"breadcrumb":{"@id":"https:\/\/allasorias.hu\/hirek\/kevesebb-allaskereso\/#breadcrumblist"},"author":{"@id":"https:\/\/allasorias.hu\/hirek\/author\/admin-allasorias\/#author"},"creator":{"@id":"https:\/\/allasorias.hu\/hirek\/author\/admin-allasorias\/#author"},"image":{"@type":"ImageObject","url":"https:\/\/allasorias.hu\/hirek\/wp-content\/uploads\/2018\/11\/1843_3631_Allaskereses.jpg","@id":"https:\/\/allasorias.hu\/hirek\/kevesebb-allaskereso\/#mainImage","width":680,"height":449},"primaryImageOfPage":{"@id":"https:\/\/allasorias.hu\/hirek\/kevesebb-allaskereso\/#mainImage"},"datePublished":"2018-11-01T09:33:56+02:00","dateModified":"2018-11-06T09:35:58+02:00"},{"@type":"WebSite","@id":"https:\/\/allasorias.hu\/hirek\/#website","url":"https:\/\/allasorias.hu\/hirek\/","name":"AllasOrias.hu | H\u00edrek-lapszemle","description":"\u00dczleti h\u00edrek az \u00e1ll\u00e1s \u00e9s a munka vil\u00e1g\u00e1b\u00f3l","inLanguage":"hu-HU","publisher":{"@id":"https:\/\/allasorias.hu\/hirek\/#organization"}}]},"og:locale":"hu_HU","og:site_name":"AllasOrias.hu | H\u00edrek-lapszemle | \u00dczleti h\u00edrek az \u00e1ll\u00e1s \u00e9s a munka vil\u00e1g\u00e1b\u00f3l","og:type":"article","og:title":"Kevesebb \u00e1ll\u00e1skeres\u0151 | AllasOrias.hu | H\u00edrek-lapszemle","og:description":"Az elm\u00falt egy \u00e9v alatt t\u00f6bb mint 6 sz\u00e1zal\u00e9kkal cs\u00f6kkent az \u00e1ll\u00e1skeres\u0151k sz\u00e1ma haz\u00e1nkban. A Nemzeti Foglalkoztat\u00e1si Szolg\u00e1lat (NFSZ) adatai azt mutatj\u00e1k, hogy a szeptember v\u00e9g\u00e9n 251 000 \u00e1ll\u00e1skeres\u0151 volt, 17 ezerrel kevesebb, mint egy \u00e9ve. Szeptemberben 47 500 \u00e1ll\u00e1skeres\u0151 k\u00e9rte nyilv\u00e1ntart\u00e1sba v\u00e9tel\u00e9t a kirendelts\u00e9geken, 13,3 sz\u00e1zal\u00e9kuk els\u0151 alkalommal regisztr\u00e1lt. Az \u00faj bel\u00e9p\u0151k sz\u00e1ma az","og:url":"https:\/\/allasorias.hu\/hirek\/kevesebb-allaskereso\/","og:image":"https:\/\/allasorias.hu\/hirek\/wp-content\/uploads\/2018\/11\/1843_3631_Allaskereses.jpg","og:image:secure_url":"https:\/\/allasorias.hu\/hirek\/wp-content\/uploads\/2018\/11\/1843_3631_Allaskereses.jpg","og:image:width":680,"og:image:height":449,"article:published_time":"2018-11-01T09:33:56+00:00","article:modified_time":"2018-11-06T09:35:58+00:00","article:publisher":"https:\/\/www.facebook.com\/allasorias","twitter:card":"summary_large_image","twitter:title":"Kevesebb \u00e1ll\u00e1skeres\u0151 | AllasOrias.hu | H\u00edrek-lapszemle","twitter:description":"Az elm\u00falt egy \u00e9v alatt t\u00f6bb mint 6 sz\u00e1zal\u00e9kkal cs\u00f6kkent az \u00e1ll\u00e1skeres\u0151k sz\u00e1ma haz\u00e1nkban. A Nemzeti Foglalkoztat\u00e1si Szolg\u00e1lat (NFSZ) adatai azt mutatj\u00e1k, hogy a szeptember v\u00e9g\u00e9n 251 000 \u00e1ll\u00e1skeres\u0151 volt, 17 ezerrel kevesebb, mint egy \u00e9ve. Szeptemberben 47 500 \u00e1ll\u00e1skeres\u0151 k\u00e9rte nyilv\u00e1ntart\u00e1sba v\u00e9tel\u00e9t a kirendelts\u00e9geken, 13,3 sz\u00e1zal\u00e9kuk els\u0151 alkalommal regisztr\u00e1lt. Az \u00faj bel\u00e9p\u0151k sz\u00e1ma az","twitter:image":"https:\/\/allasorias.hu\/hirek\/wp-content\/uploads\/2018\/11\/1843_3631_Allaskereses.jpg","twitter:label1":"Written by","twitter:data1":"Juh\u00e1sz P\u00e9ter","twitter:label2":"Est. reading time","twitter:data2":"1 minute"},"aioseo_meta_data":{"post_id":"2082","title":null,"description":null,"keywords":null,"keyphrases":null,"primary_term":null,"canonical_url":null,"og_title":null,"og_description":null,"og_object_type":"default","og_image_type":"default","og_image_url":null,"og_image_width":null,"og_image_height":null,"og_image_custom_url":null,"og_image_custom_fields":null,"og_video":null,"og_custom_url":null,"og_article_section":null,"og_article_tags":null,"twitter_use_og":false,"twitter_card":"default","twitter_image_type":"default","twitter_image_url":null,"twitter_image_custom_url":null,"twitter_image_custom_fields":null,"twitter_title":null,"twitter_description":null,"schema":{"blockGraphs":[],"customGraphs":[],"default":{"data":{"Article":[],"Course":[],"Dataset":[],"FAQPage":[],"Movie":[],"Person":[],"Product":[],"ProductReview":[],"Car":[],"Recipe":[],"Service":[],"SoftwareApplication":[],"WebPage":[]},"graphName":"","isEnabled":true},"graphs":[],"defaultGraph":"","defaultPostTypeGraph":""},"schema_type":null,"schema_type_options":null,"pillar_content":false,"robots_default":true,"robots_noindex":false,"robots_noarchive":false,"robots_nosnippet":false,"robots_nofollow":false,"robots_noimageindex":false,"robots_noodp":false,"robots_notranslate":false,"robots_max_snippet":null,"robots_max_videopreview":null,"robots_max_imagepreview":"large","priority":null,"frequency":null,"location":null,"local_seo":null,"breadcrumb_settings":null,"limit_modified_date":false,"ai":null,"created":"2021-02-01 20:44:36","updated":"2025-10-02 09:10:19","seo_analyzer_scan_date":null,"focus_keyword":null,"additional_keywords":null,"truseo_locale":null},"aioseo_breadcrumb":"<div class=\"aioseo-breadcrumbs\"><span class=\"aioseo-breadcrumb\">\n\t\t\t<a href=\"https:\/\/allasorias.hu\/hirek\" title=\"Home\">Home<\/a>\n\t\t<\/span><span class=\"aioseo-breadcrumb-separator\">&raquo;<\/span><span class=\"aioseo-breadcrumb\">\n\t\t\t<a href=\"https:\/\/allasorias.hu\/hirek\/temak\/allaskereses\/\" title=\"\u00c1ll\u00e1skeres\u00e9s\">\u00c1ll\u00e1skeres\u00e9s<\/a>\n\t\t<\/span><span class=\"aioseo-breadcrumb-separator\">&raquo;<\/span><span class=\"aioseo-breadcrumb\">\n\t\t\tKevesebb \u00e1ll\u00e1skeres\u0151\n\t\t<\/span><\/div>","aioseo_breadcrumb_json":[{"label":"Home","link":"https:\/\/allasorias.hu\/hirek"},{"label":"\u00c1ll\u00e1skeres\u00e9s","link":"https:\/\/allasorias.hu\/hirek\/temak\/allaskereses\/"},{"label":"Kevesebb \u00e1ll\u00e1skeres\u0151","link":"https:\/\/allasorias.hu\/hirek\/kevesebb-allaskereso\/"}],"_links":{"self":[{"href":"https:\/\/allasorias.hu\/hirek\/wp-json\/wp\/v2\/posts\/2082","targetHints":{"allow":["GET"]}}],"collection":[{"href":"https:\/\/allasorias.hu\/hirek\/wp-json\/wp\/v2\/posts"}],"about":[{"href":"https:\/\/allasorias.hu\/hirek\/wp-json\/wp\/v2\/types\/post"}],"author":[{"embeddable":true,"href":"https:\/\/allasorias.hu\/hirek\/wp-json\/wp\/v2\/users\/1"}],"replies":[{"embeddable":true,"href":"https:\/\/allasorias.hu\/hirek\/wp-json\/wp\/v2\/comments?post=2082"}],"version-history":[{"count":1,"href":"https:\/\/allasorias.hu\/hirek\/wp-json\/wp\/v2\/posts\/2082\/revisions"}],"predecessor-version":[{"id":2084,"href":"https:\/\/allasorias.hu\/hirek\/wp-json\/wp\/v2\/posts\/2082\/revisions\/2084"}],"wp:featuredmedia":[{"embeddable":true,"href":"https:\/\/allasorias.hu\/hirek\/wp-json\/wp\/v2\/media\/2083"}],"wp:attachment":[{"href":"https:\/\/allasorias.hu\/hirek\/wp-json\/wp\/v2\/media?parent=2082"}],"wp:term":[{"taxonomy":"category","embeddable":true,"href":"https:\/\/allasorias.hu\/hirek\/wp-json\/wp\/v2\/categories?post=2082"},{"taxonomy":"post_tag","embeddable":true,"href":"https:\/\/allasorias.hu\/hirek\/wp-json\/wp\/v2\/tags?post=2082"}],"curies":[{"name":"wp","href":"https:\/\/api.w.org\/{rel}","templated":true}]}}