{"id":2046,"date":"2018-10-21T10:53:05","date_gmt":"2018-10-21T10:53:05","guid":{"rendered":"https:\/\/allasorias.hu\/hirek\/?p=2046"},"modified":"2018-10-24T10:53:46","modified_gmt":"2018-10-24T10:53:46","slug":"nott-a-nemetorszagban-dolgozok-szama","status":"publish","type":"post","link":"https:\/\/allasorias.hu\/hirek\/nott-a-nemetorszagban-dolgozok-szama\/","title":{"rendered":"N\u0151tt a N\u00e9metorsz\u00e1gban dolgoz\u00f3k sz\u00e1ma"},"content":{"rendered":"<p><strong>N\u00e9metorsz\u00e1gban n\u0151tt a k\u00fclf\u00f6ldi foglalkoztatottak sz\u00e1ma, k\u00f6zt\u00fck a magyarok\u00e9 is, m\u00e1r t\u00f6bb mint sz\u00e1zezren v\u00e1llaltak munk\u00e1t haz\u00e1nkb\u00f3l. A Frankfurter Allgemeine Zeitung a n\u00e9met munka\u00fcgyi \u00fcgyn\u00f6ks\u00e9g adataira hivatkozva le\u00edrja, hogy egy \u00e9v alatt 700 ezerrel n\u0151tt a foglalkoztatottak sz\u00e1ma N\u00e9metorsz\u00e1gban. A n\u00e9met munkav\u00e1llal\u00f3k sz\u00e1ma 330 ezerrel lett magasabb, a k\u00fclf\u00f6ldiek\u00e9 pedig 370 ezerrel.<\/strong><\/p>\n<p>A n\u00f6veked\u00e9st els\u0151sorban a kelet-eur\u00f3paiak gener\u00e1lj\u00e1k \u00e9s nem a menek\u00fcltek. Az elm\u00falt \u00e9vben p\u00e9ld\u00e1ul \u00f6tvenezer rom\u00e1n \u00e9rkezett N\u00e9metorsz\u00e1gba, sz\u00e1muk mostanra k\u00f6zel 350 ezerre n\u00f6vekedett. A lengyelek \u00f6tsz\u00e1z ezren dolgoznak itt. A magyarok sz\u00e1ma \u00f6tezerrel n\u0151tt, \u00edgy \u00f6sszesen 103 ezer magyar dolgozik N\u00e9metorsz\u00e1gban.\u00a0 Az itt dolgoz\u00f3 kelet-eur\u00f3paiak a hi\u00e1nyszakm\u00e1kban helyezkednek el jellemz\u0151en: az \u00e9p\u00edt\u0151iparban \u00e9s csomagk\u00fcld\u0151 szolg\u00e1ltat\u00f3kn\u00e1l.<\/p>\n<p><em>Forr\u00e1s: g7.hu<\/em><\/p>\n","protected":false},"excerpt":{"rendered":"<p>N\u00e9metorsz\u00e1gban n\u0151tt a k\u00fclf\u00f6ldi foglalkoztatottak sz\u00e1ma, k\u00f6zt\u00fck a magyarok\u00e9 is, m\u00e1r t\u00f6bb mint sz\u00e1zezren v\u00e1llaltak munk\u00e1t haz\u00e1nkb\u00f3l. A Frankfurter Allgemeine Zeitung a n\u00e9met munka\u00fcgyi \u00fcgyn\u00f6ks\u00e9g adataira hivatkozva le\u00edrja, hogy egy \u00e9v alatt 700 ezerrel n\u0151tt a foglalkoztatottak sz\u00e1ma N\u00e9metorsz\u00e1gban. A n\u00e9met munkav\u00e1llal\u00f3k sz\u00e1ma 330 ezerrel lett magasabb, a k\u00fclf\u00f6ldiek\u00e9 pedig 370 ezerrel. A n\u00f6veked\u00e9st els\u0151sorban [&hellip;]<\/p>\n","protected":false},"author":1,"featured_media":2047,"comment_status":"open","ping_status":"open","sticky":false,"template":"","format":"standard","meta":{"_monsterinsights_skip_tracking":false,"footnotes":""},"categories":[1,201,200],"tags":[],"class_list":["post-2046","post","type-post","status-publish","format-standard","has-post-thumbnail","hentry","category-allaskereses","category-kulfold","category-munkaeropiac"],"aioseo_notices":[],"aioseo_head":"\n\t\t<!-- All in One SEO 5.0.0.1 - aioseo.com -->\n\t<meta name=\"description\" content=\"N\u00e9metorsz\u00e1gban n\u0151tt a k\u00fclf\u00f6ldi foglalkoztatottak sz\u00e1ma, k\u00f6zt\u00fck a magyarok\u00e9 is, m\u00e1r t\u00f6bb mint sz\u00e1zezren v\u00e1llaltak munk\u00e1t haz\u00e1nkb\u00f3l. A Frankfurter Allgemeine Zeitung a n\u00e9met munka\u00fcgyi \u00fcgyn\u00f6ks\u00e9g adataira hivatkozva le\u00edrja, hogy egy \u00e9v alatt 700 ezerrel n\u0151tt a foglalkoztatottak sz\u00e1ma N\u00e9metorsz\u00e1gban. A n\u00e9met munkav\u00e1llal\u00f3k sz\u00e1ma 330 ezerrel lett magasabb, a k\u00fclf\u00f6ldiek\u00e9 pedig 370 ezerrel. A n\u00f6veked\u00e9st els\u0151sorban\" \/>\n\t<meta name=\"robots\" content=\"max-image-preview:large\" \/>\n\t<meta name=\"author\" content=\"Juh\u00e1sz P\u00e9ter\"\/>\n\t<link rel=\"canonical\" href=\"https:\/\/allasorias.hu\/hirek\/nott-a-nemetorszagban-dolgozok-szama\/\" \/>\n\t<meta name=\"generator\" content=\"All in One SEO (AIOSEO) 5.0.0.1\" \/>\n\t\t<meta property=\"og:locale\" content=\"hu_HU\" \/>\n\t\t<meta property=\"og:site_name\" content=\"AllasOrias.hu | H\u00edrek-lapszemle | \u00dczleti h\u00edrek az \u00e1ll\u00e1s \u00e9s a munka vil\u00e1g\u00e1b\u00f3l\" \/>\n\t\t<meta property=\"og:type\" content=\"article\" \/>\n\t\t<meta property=\"og:title\" content=\"N\u0151tt a N\u00e9metorsz\u00e1gban dolgoz\u00f3k sz\u00e1ma | AllasOrias.hu | H\u00edrek-lapszemle\" \/>\n\t\t<meta property=\"og:description\" content=\"N\u00e9metorsz\u00e1gban n\u0151tt a k\u00fclf\u00f6ldi foglalkoztatottak sz\u00e1ma, k\u00f6zt\u00fck a magyarok\u00e9 is, m\u00e1r t\u00f6bb mint sz\u00e1zezren v\u00e1llaltak munk\u00e1t haz\u00e1nkb\u00f3l. A Frankfurter Allgemeine Zeitung a n\u00e9met munka\u00fcgyi \u00fcgyn\u00f6ks\u00e9g adataira hivatkozva le\u00edrja, hogy egy \u00e9v alatt 700 ezerrel n\u0151tt a foglalkoztatottak sz\u00e1ma N\u00e9metorsz\u00e1gban. A n\u00e9met munkav\u00e1llal\u00f3k sz\u00e1ma 330 ezerrel lett magasabb, a k\u00fclf\u00f6ldiek\u00e9 pedig 370 ezerrel. A n\u00f6veked\u00e9st els\u0151sorban\" \/>\n\t\t<meta property=\"og:url\" content=\"https:\/\/allasorias.hu\/hirek\/nott-a-nemetorszagban-dolgozok-szama\/\" \/>\n\t\t<meta property=\"og:image\" content=\"https:\/\/allasorias.hu\/hirek\/wp-content\/uploads\/2018\/10\/nemet.png\" \/>\n\t\t<meta property=\"og:image:secure_url\" content=\"https:\/\/allasorias.hu\/hirek\/wp-content\/uploads\/2018\/10\/nemet.png\" \/>\n\t\t<meta property=\"og:image:width\" content=\"288\" \/>\n\t\t<meta property=\"og:image:height\" content=\"175\" \/>\n\t\t<meta property=\"article:published_time\" content=\"2018-10-21T10:53:05+00:00\" \/>\n\t\t<meta property=\"article:modified_time\" content=\"2018-10-24T10:53:46+00:00\" \/>\n\t\t<meta property=\"article:publisher\" content=\"https:\/\/www.facebook.com\/allasorias\" \/>\n\t\t<meta name=\"twitter:card\" content=\"summary_large_image\" \/>\n\t\t<meta name=\"twitter:title\" content=\"N\u0151tt a N\u00e9metorsz\u00e1gban dolgoz\u00f3k sz\u00e1ma | AllasOrias.hu | H\u00edrek-lapszemle\" \/>\n\t\t<meta name=\"twitter:description\" content=\"N\u00e9metorsz\u00e1gban n\u0151tt a k\u00fclf\u00f6ldi foglalkoztatottak sz\u00e1ma, k\u00f6zt\u00fck a magyarok\u00e9 is, m\u00e1r t\u00f6bb mint sz\u00e1zezren v\u00e1llaltak munk\u00e1t haz\u00e1nkb\u00f3l. A Frankfurter Allgemeine Zeitung a n\u00e9met munka\u00fcgyi \u00fcgyn\u00f6ks\u00e9g adataira hivatkozva le\u00edrja, hogy egy \u00e9v alatt 700 ezerrel n\u0151tt a foglalkoztatottak sz\u00e1ma N\u00e9metorsz\u00e1gban. A n\u00e9met munkav\u00e1llal\u00f3k sz\u00e1ma 330 ezerrel lett magasabb, a k\u00fclf\u00f6ldiek\u00e9 pedig 370 ezerrel. A n\u00f6veked\u00e9st els\u0151sorban\" \/>\n\t\t<meta name=\"twitter:image\" content=\"https:\/\/allasorias.hu\/hirek\/wp-content\/uploads\/2018\/10\/nemet.png\" \/>\n\t\t<meta name=\"twitter:label1\" content=\"Written by\" \/>\n\t\t<meta name=\"twitter:data1\" content=\"Juh\u00e1sz P\u00e9ter\" \/>\n\t\t<meta name=\"twitter:label2\" content=\"Est. reading time\" \/>\n\t\t<meta name=\"twitter:data2\" content=\"1 minute\" \/>\n\t\t<script type=\"application\/ld+json\" class=\"aioseo-schema\">\n\t\t\t{\"@context\":\"https:\\\/\\\/schema.org\",\"@graph\":[{\"@type\":\"Article\",\"@id\":\"https:\\\/\\\/allasorias.hu\\\/hirek\\\/nott-a-nemetorszagban-dolgozok-szama\\\/#article\",\"name\":\"N\\u0151tt a N\\u00e9metorsz\\u00e1gban dolgoz\\u00f3k sz\\u00e1ma | AllasOrias.hu | H\\u00edrek-lapszemle\",\"headline\":\"N\\u0151tt a N\\u00e9metorsz\\u00e1gban dolgoz\\u00f3k sz\\u00e1ma\",\"author\":{\"@id\":\"https:\\\/\\\/allasorias.hu\\\/hirek\\\/author\\\/admin-allasorias\\\/#author\"},\"publisher\":{\"@id\":\"https:\\\/\\\/allasorias.hu\\\/hirek\\\/#organization\"},\"image\":{\"@type\":\"ImageObject\",\"url\":\"https:\\\/\\\/allasorias.hu\\\/hirek\\\/wp-content\\\/uploads\\\/2018\\\/10\\\/nemet.png\",\"width\":288,\"height\":175},\"datePublished\":\"2018-10-21T10:53:05+02:00\",\"dateModified\":\"2018-10-24T10:53:46+02:00\",\"inLanguage\":\"hu-HU\",\"mainEntityOfPage\":{\"@id\":\"https:\\\/\\\/allasorias.hu\\\/hirek\\\/nott-a-nemetorszagban-dolgozok-szama\\\/#webpage\"},\"isPartOf\":{\"@id\":\"https:\\\/\\\/allasorias.hu\\\/hirek\\\/nott-a-nemetorszagban-dolgozok-szama\\\/#webpage\"},\"articleSection\":\"\\u00c1ll\\u00e1skeres\\u00e9s, K\\u00fclf\\u00f6ld, Munkaer\\u0151piac\"},{\"@type\":\"BreadcrumbList\",\"@id\":\"https:\\\/\\\/allasorias.hu\\\/hirek\\\/nott-a-nemetorszagban-dolgozok-szama\\\/#breadcrumblist\",\"itemListElement\":[{\"@type\":\"ListItem\",\"@id\":\"https:\\\/\\\/allasorias.hu\\\/hirek#listItem\",\"position\":1,\"name\":\"Home\",\"item\":\"https:\\\/\\\/allasorias.hu\\\/hirek\",\"nextItem\":{\"@type\":\"ListItem\",\"@id\":\"https:\\\/\\\/allasorias.hu\\\/hirek\\\/temak\\\/allaskereses\\\/#listItem\",\"name\":\"\\u00c1ll\\u00e1skeres\\u00e9s\"}},{\"@type\":\"ListItem\",\"@id\":\"https:\\\/\\\/allasorias.hu\\\/hirek\\\/temak\\\/allaskereses\\\/#listItem\",\"position\":2,\"name\":\"\\u00c1ll\\u00e1skeres\\u00e9s\",\"item\":\"https:\\\/\\\/allasorias.hu\\\/hirek\\\/temak\\\/allaskereses\\\/\",\"nextItem\":{\"@type\":\"ListItem\",\"@id\":\"https:\\\/\\\/allasorias.hu\\\/hirek\\\/nott-a-nemetorszagban-dolgozok-szama\\\/#listItem\",\"name\":\"N\\u0151tt a N\\u00e9metorsz\\u00e1gban dolgoz\\u00f3k sz\\u00e1ma\"},\"previousItem\":{\"@type\":\"ListItem\",\"@id\":\"https:\\\/\\\/allasorias.hu\\\/hirek#listItem\",\"name\":\"Home\"}},{\"@type\":\"ListItem\",\"@id\":\"https:\\\/\\\/allasorias.hu\\\/hirek\\\/nott-a-nemetorszagban-dolgozok-szama\\\/#listItem\",\"position\":3,\"name\":\"N\\u0151tt a N\\u00e9metorsz\\u00e1gban dolgoz\\u00f3k sz\\u00e1ma\",\"previousItem\":{\"@type\":\"ListItem\",\"@id\":\"https:\\\/\\\/allasorias.hu\\\/hirek\\\/temak\\\/allaskereses\\\/#listItem\",\"name\":\"\\u00c1ll\\u00e1skeres\\u00e9s\"}}]},{\"@type\":\"Organization\",\"@id\":\"https:\\\/\\\/allasorias.hu\\\/hirek\\\/#organization\",\"name\":\"AllasOrias.hu | H\\u00edrek-lapszemle\",\"description\":\"\\u00dczleti h\\u00edrek az \\u00e1ll\\u00e1s \\u00e9s a munka vil\\u00e1g\\u00e1b\\u00f3l\",\"url\":\"https:\\\/\\\/allasorias.hu\\\/hirek\\\/\",\"logo\":{\"@type\":\"ImageObject\",\"url\":\"https:\\\/\\\/allasorias.hu\\\/hirek\\\/wp-content\\\/uploads\\\/2022\\\/10\\\/allasorias_site_facebok_logo.png\",\"@id\":\"https:\\\/\\\/allasorias.hu\\\/hirek\\\/nott-a-nemetorszagban-dolgozok-szama\\\/#organizationLogo\"},\"image\":{\"@id\":\"https:\\\/\\\/allasorias.hu\\\/hirek\\\/nott-a-nemetorszagban-dolgozok-szama\\\/#organizationLogo\"},\"sameAs\":[\"https:\\\/\\\/www.facebook.com\\\/allasorias\",\"https:\\\/\\\/www.linkedin.com\\\/company\\\/allasorias\"]},{\"@type\":\"Person\",\"@id\":\"https:\\\/\\\/allasorias.hu\\\/hirek\\\/author\\\/admin-allasorias\\\/#author\",\"url\":\"https:\\\/\\\/allasorias.hu\\\/hirek\\\/author\\\/admin-allasorias\\\/\",\"name\":\"Juh\\u00e1sz P\\u00e9ter\",\"image\":{\"@type\":\"ImageObject\",\"@id\":\"https:\\\/\\\/allasorias.hu\\\/hirek\\\/nott-a-nemetorszagban-dolgozok-szama\\\/#authorImage\",\"url\":\"https:\\\/\\\/secure.gravatar.com\\\/avatar\\\/36e6bcb83148978b992977cb0f54d22feb0cce8a0a849a9410532bb2623ba4c6?s=96&d=mm&r=g\",\"width\":96,\"height\":96,\"caption\":\"Juh\\u00e1sz P\\u00e9ter\"}},{\"@type\":\"WebPage\",\"@id\":\"https:\\\/\\\/allasorias.hu\\\/hirek\\\/nott-a-nemetorszagban-dolgozok-szama\\\/#webpage\",\"url\":\"https:\\\/\\\/allasorias.hu\\\/hirek\\\/nott-a-nemetorszagban-dolgozok-szama\\\/\",\"name\":\"N\\u0151tt a N\\u00e9metorsz\\u00e1gban dolgoz\\u00f3k sz\\u00e1ma | AllasOrias.hu | H\\u00edrek-lapszemle\",\"description\":\"N\\u00e9metorsz\\u00e1gban n\\u0151tt a k\\u00fclf\\u00f6ldi foglalkoztatottak sz\\u00e1ma, k\\u00f6zt\\u00fck a magyarok\\u00e9 is, m\\u00e1r t\\u00f6bb mint sz\\u00e1zezren v\\u00e1llaltak munk\\u00e1t haz\\u00e1nkb\\u00f3l. A Frankfurter Allgemeine Zeitung a n\\u00e9met munka\\u00fcgyi \\u00fcgyn\\u00f6ks\\u00e9g adataira hivatkozva le\\u00edrja, hogy egy \\u00e9v alatt 700 ezerrel n\\u0151tt a foglalkoztatottak sz\\u00e1ma N\\u00e9metorsz\\u00e1gban. A n\\u00e9met munkav\\u00e1llal\\u00f3k sz\\u00e1ma 330 ezerrel lett magasabb, a k\\u00fclf\\u00f6ldiek\\u00e9 pedig 370 ezerrel. A n\\u00f6veked\\u00e9st els\\u0151sorban\",\"inLanguage\":\"hu-HU\",\"isPartOf\":{\"@id\":\"https:\\\/\\\/allasorias.hu\\\/hirek\\\/#website\"},\"breadcrumb\":{\"@id\":\"https:\\\/\\\/allasorias.hu\\\/hirek\\\/nott-a-nemetorszagban-dolgozok-szama\\\/#breadcrumblist\"},\"author\":{\"@id\":\"https:\\\/\\\/allasorias.hu\\\/hirek\\\/author\\\/admin-allasorias\\\/#author\"},\"creator\":{\"@id\":\"https:\\\/\\\/allasorias.hu\\\/hirek\\\/author\\\/admin-allasorias\\\/#author\"},\"image\":{\"@type\":\"ImageObject\",\"url\":\"https:\\\/\\\/allasorias.hu\\\/hirek\\\/wp-content\\\/uploads\\\/2018\\\/10\\\/nemet.png\",\"@id\":\"https:\\\/\\\/allasorias.hu\\\/hirek\\\/nott-a-nemetorszagban-dolgozok-szama\\\/#mainImage\",\"width\":288,\"height\":175},\"primaryImageOfPage\":{\"@id\":\"https:\\\/\\\/allasorias.hu\\\/hirek\\\/nott-a-nemetorszagban-dolgozok-szama\\\/#mainImage\"},\"datePublished\":\"2018-10-21T10:53:05+02:00\",\"dateModified\":\"2018-10-24T10:53:46+02:00\"},{\"@type\":\"WebSite\",\"@id\":\"https:\\\/\\\/allasorias.hu\\\/hirek\\\/#website\",\"url\":\"https:\\\/\\\/allasorias.hu\\\/hirek\\\/\",\"name\":\"AllasOrias.hu | H\\u00edrek-lapszemle\",\"description\":\"\\u00dczleti h\\u00edrek az \\u00e1ll\\u00e1s \\u00e9s a munka vil\\u00e1g\\u00e1b\\u00f3l\",\"inLanguage\":\"hu-HU\",\"publisher\":{\"@id\":\"https:\\\/\\\/allasorias.hu\\\/hirek\\\/#organization\"}}]}\n\t\t<\/script>\n\t\t<!-- All in One SEO -->\n\n","aioseo_head_json":{"title":"N\u0151tt a N\u00e9metorsz\u00e1gban dolgoz\u00f3k sz\u00e1ma | AllasOrias.hu | H\u00edrek-lapszemle","description":"N\u00e9metorsz\u00e1gban n\u0151tt a k\u00fclf\u00f6ldi foglalkoztatottak sz\u00e1ma, k\u00f6zt\u00fck a magyarok\u00e9 is, m\u00e1r t\u00f6bb mint sz\u00e1zezren v\u00e1llaltak munk\u00e1t haz\u00e1nkb\u00f3l. A Frankfurter Allgemeine Zeitung a n\u00e9met munka\u00fcgyi \u00fcgyn\u00f6ks\u00e9g adataira hivatkozva le\u00edrja, hogy egy \u00e9v alatt 700 ezerrel n\u0151tt a foglalkoztatottak sz\u00e1ma N\u00e9metorsz\u00e1gban. A n\u00e9met munkav\u00e1llal\u00f3k sz\u00e1ma 330 ezerrel lett magasabb, a k\u00fclf\u00f6ldiek\u00e9 pedig 370 ezerrel. A n\u00f6veked\u00e9st els\u0151sorban","canonical_url":"https:\/\/allasorias.hu\/hirek\/nott-a-nemetorszagban-dolgozok-szama\/","robots":"max-image-preview:large","keywords":"","webmasterTools":{"miscellaneous":""},"schema":{"@context":"https:\/\/schema.org","@graph":[{"@type":"Article","@id":"https:\/\/allasorias.hu\/hirek\/nott-a-nemetorszagban-dolgozok-szama\/#article","name":"N\u0151tt a N\u00e9metorsz\u00e1gban dolgoz\u00f3k sz\u00e1ma | AllasOrias.hu | H\u00edrek-lapszemle","headline":"N\u0151tt a N\u00e9metorsz\u00e1gban dolgoz\u00f3k sz\u00e1ma","author":{"@id":"https:\/\/allasorias.hu\/hirek\/author\/admin-allasorias\/#author"},"publisher":{"@id":"https:\/\/allasorias.hu\/hirek\/#organization"},"image":{"@type":"ImageObject","url":"https:\/\/allasorias.hu\/hirek\/wp-content\/uploads\/2018\/10\/nemet.png","width":288,"height":175},"datePublished":"2018-10-21T10:53:05+02:00","dateModified":"2018-10-24T10:53:46+02:00","inLanguage":"hu-HU","mainEntityOfPage":{"@id":"https:\/\/allasorias.hu\/hirek\/nott-a-nemetorszagban-dolgozok-szama\/#webpage"},"isPartOf":{"@id":"https:\/\/allasorias.hu\/hirek\/nott-a-nemetorszagban-dolgozok-szama\/#webpage"},"articleSection":"\u00c1ll\u00e1skeres\u00e9s, K\u00fclf\u00f6ld, Munkaer\u0151piac"},{"@type":"BreadcrumbList","@id":"https:\/\/allasorias.hu\/hirek\/nott-a-nemetorszagban-dolgozok-szama\/#breadcrumblist","itemListElement":[{"@type":"ListItem","@id":"https:\/\/allasorias.hu\/hirek#listItem","position":1,"name":"Home","item":"https:\/\/allasorias.hu\/hirek","nextItem":{"@type":"ListItem","@id":"https:\/\/allasorias.hu\/hirek\/temak\/allaskereses\/#listItem","name":"\u00c1ll\u00e1skeres\u00e9s"}},{"@type":"ListItem","@id":"https:\/\/allasorias.hu\/hirek\/temak\/allaskereses\/#listItem","position":2,"name":"\u00c1ll\u00e1skeres\u00e9s","item":"https:\/\/allasorias.hu\/hirek\/temak\/allaskereses\/","nextItem":{"@type":"ListItem","@id":"https:\/\/allasorias.hu\/hirek\/nott-a-nemetorszagban-dolgozok-szama\/#listItem","name":"N\u0151tt a N\u00e9metorsz\u00e1gban dolgoz\u00f3k sz\u00e1ma"},"previousItem":{"@type":"ListItem","@id":"https:\/\/allasorias.hu\/hirek#listItem","name":"Home"}},{"@type":"ListItem","@id":"https:\/\/allasorias.hu\/hirek\/nott-a-nemetorszagban-dolgozok-szama\/#listItem","position":3,"name":"N\u0151tt a N\u00e9metorsz\u00e1gban dolgoz\u00f3k sz\u00e1ma","previousItem":{"@type":"ListItem","@id":"https:\/\/allasorias.hu\/hirek\/temak\/allaskereses\/#listItem","name":"\u00c1ll\u00e1skeres\u00e9s"}}]},{"@type":"Organization","@id":"https:\/\/allasorias.hu\/hirek\/#organization","name":"AllasOrias.hu | H\u00edrek-lapszemle","description":"\u00dczleti h\u00edrek az \u00e1ll\u00e1s \u00e9s a munka vil\u00e1g\u00e1b\u00f3l","url":"https:\/\/allasorias.hu\/hirek\/","logo":{"@type":"ImageObject","url":"https:\/\/allasorias.hu\/hirek\/wp-content\/uploads\/2022\/10\/allasorias_site_facebok_logo.png","@id":"https:\/\/allasorias.hu\/hirek\/nott-a-nemetorszagban-dolgozok-szama\/#organizationLogo"},"image":{"@id":"https:\/\/allasorias.hu\/hirek\/nott-a-nemetorszagban-dolgozok-szama\/#organizationLogo"},"sameAs":["https:\/\/www.facebook.com\/allasorias","https:\/\/www.linkedin.com\/company\/allasorias"]},{"@type":"Person","@id":"https:\/\/allasorias.hu\/hirek\/author\/admin-allasorias\/#author","url":"https:\/\/allasorias.hu\/hirek\/author\/admin-allasorias\/","name":"Juh\u00e1sz P\u00e9ter","image":{"@type":"ImageObject","@id":"https:\/\/allasorias.hu\/hirek\/nott-a-nemetorszagban-dolgozok-szama\/#authorImage","url":"https:\/\/secure.gravatar.com\/avatar\/36e6bcb83148978b992977cb0f54d22feb0cce8a0a849a9410532bb2623ba4c6?s=96&d=mm&r=g","width":96,"height":96,"caption":"Juh\u00e1sz P\u00e9ter"}},{"@type":"WebPage","@id":"https:\/\/allasorias.hu\/hirek\/nott-a-nemetorszagban-dolgozok-szama\/#webpage","url":"https:\/\/allasorias.hu\/hirek\/nott-a-nemetorszagban-dolgozok-szama\/","name":"N\u0151tt a N\u00e9metorsz\u00e1gban dolgoz\u00f3k sz\u00e1ma | AllasOrias.hu | H\u00edrek-lapszemle","description":"N\u00e9metorsz\u00e1gban n\u0151tt a k\u00fclf\u00f6ldi foglalkoztatottak sz\u00e1ma, k\u00f6zt\u00fck a magyarok\u00e9 is, m\u00e1r t\u00f6bb mint sz\u00e1zezren v\u00e1llaltak munk\u00e1t haz\u00e1nkb\u00f3l. A Frankfurter Allgemeine Zeitung a n\u00e9met munka\u00fcgyi \u00fcgyn\u00f6ks\u00e9g adataira hivatkozva le\u00edrja, hogy egy \u00e9v alatt 700 ezerrel n\u0151tt a foglalkoztatottak sz\u00e1ma N\u00e9metorsz\u00e1gban. A n\u00e9met munkav\u00e1llal\u00f3k sz\u00e1ma 330 ezerrel lett magasabb, a k\u00fclf\u00f6ldiek\u00e9 pedig 370 ezerrel. A n\u00f6veked\u00e9st els\u0151sorban","inLanguage":"hu-HU","isPartOf":{"@id":"https:\/\/allasorias.hu\/hirek\/#website"},"breadcrumb":{"@id":"https:\/\/allasorias.hu\/hirek\/nott-a-nemetorszagban-dolgozok-szama\/#breadcrumblist"},"author":{"@id":"https:\/\/allasorias.hu\/hirek\/author\/admin-allasorias\/#author"},"creator":{"@id":"https:\/\/allasorias.hu\/hirek\/author\/admin-allasorias\/#author"},"image":{"@type":"ImageObject","url":"https:\/\/allasorias.hu\/hirek\/wp-content\/uploads\/2018\/10\/nemet.png","@id":"https:\/\/allasorias.hu\/hirek\/nott-a-nemetorszagban-dolgozok-szama\/#mainImage","width":288,"height":175},"primaryImageOfPage":{"@id":"https:\/\/allasorias.hu\/hirek\/nott-a-nemetorszagban-dolgozok-szama\/#mainImage"},"datePublished":"2018-10-21T10:53:05+02:00","dateModified":"2018-10-24T10:53:46+02:00"},{"@type":"WebSite","@id":"https:\/\/allasorias.hu\/hirek\/#website","url":"https:\/\/allasorias.hu\/hirek\/","name":"AllasOrias.hu | H\u00edrek-lapszemle","description":"\u00dczleti h\u00edrek az \u00e1ll\u00e1s \u00e9s a munka vil\u00e1g\u00e1b\u00f3l","inLanguage":"hu-HU","publisher":{"@id":"https:\/\/allasorias.hu\/hirek\/#organization"}}]},"og:locale":"hu_HU","og:site_name":"AllasOrias.hu | H\u00edrek-lapszemle | \u00dczleti h\u00edrek az \u00e1ll\u00e1s \u00e9s a munka vil\u00e1g\u00e1b\u00f3l","og:type":"article","og:title":"N\u0151tt a N\u00e9metorsz\u00e1gban dolgoz\u00f3k sz\u00e1ma | AllasOrias.hu | H\u00edrek-lapszemle","og:description":"N\u00e9metorsz\u00e1gban n\u0151tt a k\u00fclf\u00f6ldi foglalkoztatottak sz\u00e1ma, k\u00f6zt\u00fck a magyarok\u00e9 is, m\u00e1r t\u00f6bb mint sz\u00e1zezren v\u00e1llaltak munk\u00e1t haz\u00e1nkb\u00f3l. A Frankfurter Allgemeine Zeitung a n\u00e9met munka\u00fcgyi \u00fcgyn\u00f6ks\u00e9g adataira hivatkozva le\u00edrja, hogy egy \u00e9v alatt 700 ezerrel n\u0151tt a foglalkoztatottak sz\u00e1ma N\u00e9metorsz\u00e1gban. A n\u00e9met munkav\u00e1llal\u00f3k sz\u00e1ma 330 ezerrel lett magasabb, a k\u00fclf\u00f6ldiek\u00e9 pedig 370 ezerrel. A n\u00f6veked\u00e9st els\u0151sorban","og:url":"https:\/\/allasorias.hu\/hirek\/nott-a-nemetorszagban-dolgozok-szama\/","og:image":"https:\/\/allasorias.hu\/hirek\/wp-content\/uploads\/2018\/10\/nemet.png","og:image:secure_url":"https:\/\/allasorias.hu\/hirek\/wp-content\/uploads\/2018\/10\/nemet.png","og:image:width":288,"og:image:height":175,"article:published_time":"2018-10-21T10:53:05+00:00","article:modified_time":"2018-10-24T10:53:46+00:00","article:publisher":"https:\/\/www.facebook.com\/allasorias","twitter:card":"summary_large_image","twitter:title":"N\u0151tt a N\u00e9metorsz\u00e1gban dolgoz\u00f3k sz\u00e1ma | AllasOrias.hu | H\u00edrek-lapszemle","twitter:description":"N\u00e9metorsz\u00e1gban n\u0151tt a k\u00fclf\u00f6ldi foglalkoztatottak sz\u00e1ma, k\u00f6zt\u00fck a magyarok\u00e9 is, m\u00e1r t\u00f6bb mint sz\u00e1zezren v\u00e1llaltak munk\u00e1t haz\u00e1nkb\u00f3l. A Frankfurter Allgemeine Zeitung a n\u00e9met munka\u00fcgyi \u00fcgyn\u00f6ks\u00e9g adataira hivatkozva le\u00edrja, hogy egy \u00e9v alatt 700 ezerrel n\u0151tt a foglalkoztatottak sz\u00e1ma N\u00e9metorsz\u00e1gban. A n\u00e9met munkav\u00e1llal\u00f3k sz\u00e1ma 330 ezerrel lett magasabb, a k\u00fclf\u00f6ldiek\u00e9 pedig 370 ezerrel. A n\u00f6veked\u00e9st els\u0151sorban","twitter:image":"https:\/\/allasorias.hu\/hirek\/wp-content\/uploads\/2018\/10\/nemet.png","twitter:label1":"Written by","twitter:data1":"Juh\u00e1sz P\u00e9ter","twitter:label2":"Est. reading time","twitter:data2":"1 minute"},"aioseo_meta_data":{"post_id":"2046","title":null,"description":null,"keywords":null,"keyphrases":null,"primary_term":null,"canonical_url":null,"og_title":null,"og_description":null,"og_object_type":"default","og_image_type":"default","og_image_url":null,"og_image_width":null,"og_image_height":null,"og_image_custom_url":null,"og_image_custom_fields":null,"og_video":null,"og_custom_url":null,"og_article_section":null,"og_article_tags":null,"twitter_use_og":false,"twitter_card":"default","twitter_image_type":"default","twitter_image_url":null,"twitter_image_custom_url":null,"twitter_image_custom_fields":null,"twitter_title":null,"twitter_description":null,"schema":{"blockGraphs":[],"customGraphs":[],"default":{"data":{"Article":[],"Course":[],"Dataset":[],"FAQPage":[],"Movie":[],"Person":[],"Product":[],"ProductReview":[],"Car":[],"Recipe":[],"Service":[],"SoftwareApplication":[],"WebPage":[]},"graphName":"","isEnabled":true},"graphs":[],"defaultGraph":"","defaultPostTypeGraph":""},"schema_type":null,"schema_type_options":null,"pillar_content":false,"robots_default":true,"robots_noindex":false,"robots_noarchive":false,"robots_nosnippet":false,"robots_nofollow":false,"robots_noimageindex":false,"robots_noodp":false,"robots_notranslate":false,"robots_max_snippet":null,"robots_max_videopreview":null,"robots_max_imagepreview":"large","priority":null,"frequency":null,"location":null,"local_seo":null,"breadcrumb_settings":null,"limit_modified_date":false,"ai":null,"created":"2021-02-01 20:44:36","updated":"2025-10-02 09:07:15","seo_analyzer_scan_date":null,"focus_keyword":null,"additional_keywords":null,"truseo_locale":null},"aioseo_breadcrumb":"<div class=\"aioseo-breadcrumbs\"><span class=\"aioseo-breadcrumb\">\n\t\t\t<a href=\"https:\/\/allasorias.hu\/hirek\" title=\"Home\">Home<\/a>\n\t\t<\/span><span class=\"aioseo-breadcrumb-separator\">&raquo;<\/span><span class=\"aioseo-breadcrumb\">\n\t\t\t<a href=\"https:\/\/allasorias.hu\/hirek\/temak\/allaskereses\/\" title=\"\u00c1ll\u00e1skeres\u00e9s\">\u00c1ll\u00e1skeres\u00e9s<\/a>\n\t\t<\/span><span class=\"aioseo-breadcrumb-separator\">&raquo;<\/span><span class=\"aioseo-breadcrumb\">\n\t\t\tN\u0151tt a N\u00e9metorsz\u00e1gban dolgoz\u00f3k sz\u00e1ma\n\t\t<\/span><\/div>","aioseo_breadcrumb_json":[{"label":"Home","link":"https:\/\/allasorias.hu\/hirek"},{"label":"\u00c1ll\u00e1skeres\u00e9s","link":"https:\/\/allasorias.hu\/hirek\/temak\/allaskereses\/"},{"label":"N\u0151tt a N\u00e9metorsz\u00e1gban dolgoz\u00f3k sz\u00e1ma","link":"https:\/\/allasorias.hu\/hirek\/nott-a-nemetorszagban-dolgozok-szama\/"}],"_links":{"self":[{"href":"https:\/\/allasorias.hu\/hirek\/wp-json\/wp\/v2\/posts\/2046","targetHints":{"allow":["GET"]}}],"collection":[{"href":"https:\/\/allasorias.hu\/hirek\/wp-json\/wp\/v2\/posts"}],"about":[{"href":"https:\/\/allasorias.hu\/hirek\/wp-json\/wp\/v2\/types\/post"}],"author":[{"embeddable":true,"href":"https:\/\/allasorias.hu\/hirek\/wp-json\/wp\/v2\/users\/1"}],"replies":[{"embeddable":true,"href":"https:\/\/allasorias.hu\/hirek\/wp-json\/wp\/v2\/comments?post=2046"}],"version-history":[{"count":1,"href":"https:\/\/allasorias.hu\/hirek\/wp-json\/wp\/v2\/posts\/2046\/revisions"}],"predecessor-version":[{"id":2048,"href":"https:\/\/allasorias.hu\/hirek\/wp-json\/wp\/v2\/posts\/2046\/revisions\/2048"}],"wp:featuredmedia":[{"embeddable":true,"href":"https:\/\/allasorias.hu\/hirek\/wp-json\/wp\/v2\/media\/2047"}],"wp:attachment":[{"href":"https:\/\/allasorias.hu\/hirek\/wp-json\/wp\/v2\/media?parent=2046"}],"wp:term":[{"taxonomy":"category","embeddable":true,"href":"https:\/\/allasorias.hu\/hirek\/wp-json\/wp\/v2\/categories?post=2046"},{"taxonomy":"post_tag","embeddable":true,"href":"https:\/\/allasorias.hu\/hirek\/wp-json\/wp\/v2\/tags?post=2046"}],"curies":[{"name":"wp","href":"https:\/\/api.w.org\/{rel}","templated":true}]}}