{"id":2044,"date":"2018-10-20T10:51:46","date_gmt":"2018-10-20T10:51:46","guid":{"rendered":"https:\/\/allasorias.hu\/hirek\/?p=2044"},"modified":"2022-12-23T10:02:01","modified_gmt":"2022-12-23T10:02:01","slug":"atalakul-a-kozfoglalkoztatas","status":"publish","type":"post","link":"https:\/\/allasorias.hu\/hirek\/atalakul-a-kozfoglalkoztatas\/","title":{"rendered":"\u00c1talakul a k\u00f6zfoglalkoztat\u00e1s"},"content":{"rendered":"<p><strong>A korm\u00e1ny hat\u00e1rozata szerint az els\u0151dleges munkaer\u0151piacon elhelyezhet\u0151 \u00e1ll\u00e1skeres\u0151k k\u00f6zfoglalkoztat\u00e1sb\u00f3l kil\u00e9p\u00e9s\u00e9t kell \u00f6szt\u00f6n\u00f6zni. Tov\u00e1bbi c\u00e9lk\u00e9nt fogalmazz\u00e1k meg, hogy \u00a0a mez\u0151gazdas\u00e1gban \u00e9s az \u00e9p\u00edt\u0151iparban cs\u00f6kkenjen a szakemberhi\u00e1ny. A tervek szerint n\u00f6velik a h\u00e1tr\u00e1nyos helyzet\u0171 csoportok foglalkoztat\u00e1s\u00e1t \u00e9s foglalkoztathat\u00f3s\u00e1g\u00e1t.<\/strong><\/p>\n<p>2019-ben a magyar korm\u00e1ny t\u00e1mogatni szeretn\u00e9\u00a0 a helyi kezdem\u00e9nyez\u00e9seket, a telep\u00fcl\u00e9sek \u00f6nfenntart\u00f3v\u00e1 v\u00e1l\u00e1s\u00e1t, k\u00f6z\u00f6ss\u00e9gi terek kialak\u00edt\u00e1s\u00e1t, a vid\u00e9k lakoss\u00e1gmegtart\u00f3 k\u00e9pess\u00e9g\u00e9nek n\u00f6vel\u00e9s\u00e9t, a cig\u00e1nys\u00e1g lakhat\u00e1s\u00e1nak \u00e9s integr\u00e1ci\u00f3j\u00e1nak jav\u00edt\u00e1s\u00e1t. Tov\u00e1bb\u00e1 seg\u00edtik a \u00a0v\u00edzrendez\u00e9si feladatokat, az utak \u00e9s k\u00f6zter\u00fcletek tiszt\u00e1n tart\u00e1s\u00e1t, a parlagf\u0171 elleni v\u00e9dekez\u00e9st.<\/p>\n<p><em>Forr\u00e1s: orientpress.hu<\/em><\/p>\n","protected":false},"excerpt":{"rendered":"<p>A korm\u00e1ny hat\u00e1rozata szerint az els\u0151dleges munkaer\u0151piacon elhelyezhet\u0151 \u00e1ll\u00e1skeres\u0151k k\u00f6zfoglalkoztat\u00e1sb\u00f3l kil\u00e9p\u00e9s\u00e9t kell \u00f6szt\u00f6n\u00f6zni. Tov\u00e1bbi c\u00e9lk\u00e9nt fogalmazz\u00e1k meg, hogy \u00a0a mez\u0151gazdas\u00e1gban \u00e9s az \u00e9p\u00edt\u0151iparban cs\u00f6kkenjen a szakemberhi\u00e1ny. A tervek szerint n\u00f6velik a h\u00e1tr\u00e1nyos helyzet\u0171 csoportok foglalkoztat\u00e1s\u00e1t \u00e9s foglalkoztathat\u00f3s\u00e1g\u00e1t. 2019-ben a magyar korm\u00e1ny t\u00e1mogatni szeretn\u00e9\u00a0 a helyi kezdem\u00e9nyez\u00e9seket, a telep\u00fcl\u00e9sek \u00f6nfenntart\u00f3v\u00e1 v\u00e1l\u00e1s\u00e1t, k\u00f6z\u00f6ss\u00e9gi terek kialak\u00edt\u00e1s\u00e1t, a vid\u00e9k [&hellip;]<\/p>\n","protected":false},"author":1,"featured_media":6097,"comment_status":"open","ping_status":"open","sticky":false,"template":"","format":"standard","meta":{"_monsterinsights_skip_tracking":false,"footnotes":""},"categories":[1,198,200],"tags":[],"class_list":["post-2044","post","type-post","status-publish","format-standard","has-post-thumbnail","hentry","category-allaskereses","category-gazdasag","category-munkaeropiac"],"aioseo_notices":[],"aioseo_head":"\n\t\t<!-- All in One SEO 5.0.0.1 - aioseo.com -->\n\t<meta name=\"description\" content=\"A korm\u00e1ny hat\u00e1rozata szerint az els\u0151dleges munkaer\u0151piacon elhelyezhet\u0151 \u00e1ll\u00e1skeres\u0151k k\u00f6zfoglalkoztat\u00e1sb\u00f3l kil\u00e9p\u00e9s\u00e9t kell \u00f6szt\u00f6n\u00f6zni. Tov\u00e1bbi c\u00e9lk\u00e9nt fogalmazz\u00e1k meg, hogy a mez\u0151gazdas\u00e1gban \u00e9s az \u00e9p\u00edt\u0151iparban cs\u00f6kkenjen a szakemberhi\u00e1ny. A tervek szerint n\u00f6velik a h\u00e1tr\u00e1nyos helyzet\u0171 csoportok foglalkoztat\u00e1s\u00e1t \u00e9s foglalkoztathat\u00f3s\u00e1g\u00e1t. 2019-ben a magyar korm\u00e1ny t\u00e1mogatni szeretn\u00e9 a helyi kezdem\u00e9nyez\u00e9seket, a telep\u00fcl\u00e9sek \u00f6nfenntart\u00f3v\u00e1 v\u00e1l\u00e1s\u00e1t, k\u00f6z\u00f6ss\u00e9gi terek kialak\u00edt\u00e1s\u00e1t, a vid\u00e9k\" \/>\n\t<meta name=\"robots\" content=\"max-image-preview:large\" \/>\n\t<meta name=\"author\" content=\"Juh\u00e1sz P\u00e9ter\"\/>\n\t<link rel=\"canonical\" href=\"https:\/\/allasorias.hu\/hirek\/atalakul-a-kozfoglalkoztatas\/\" \/>\n\t<meta name=\"generator\" content=\"All in One SEO (AIOSEO) 5.0.0.1\" \/>\n\t\t<meta property=\"og:locale\" content=\"hu_HU\" \/>\n\t\t<meta property=\"og:site_name\" content=\"AllasOrias.hu | H\u00edrek-lapszemle | \u00dczleti h\u00edrek az \u00e1ll\u00e1s \u00e9s a munka vil\u00e1g\u00e1b\u00f3l\" \/>\n\t\t<meta property=\"og:type\" content=\"article\" \/>\n\t\t<meta property=\"og:title\" content=\"\u00c1talakul a k\u00f6zfoglalkoztat\u00e1s | AllasOrias.hu | H\u00edrek-lapszemle\" \/>\n\t\t<meta property=\"og:description\" content=\"A korm\u00e1ny hat\u00e1rozata szerint az els\u0151dleges munkaer\u0151piacon elhelyezhet\u0151 \u00e1ll\u00e1skeres\u0151k k\u00f6zfoglalkoztat\u00e1sb\u00f3l kil\u00e9p\u00e9s\u00e9t kell \u00f6szt\u00f6n\u00f6zni. Tov\u00e1bbi c\u00e9lk\u00e9nt fogalmazz\u00e1k meg, hogy a mez\u0151gazdas\u00e1gban \u00e9s az \u00e9p\u00edt\u0151iparban cs\u00f6kkenjen a szakemberhi\u00e1ny. A tervek szerint n\u00f6velik a h\u00e1tr\u00e1nyos helyzet\u0171 csoportok foglalkoztat\u00e1s\u00e1t \u00e9s foglalkoztathat\u00f3s\u00e1g\u00e1t. 2019-ben a magyar korm\u00e1ny t\u00e1mogatni szeretn\u00e9 a helyi kezdem\u00e9nyez\u00e9seket, a telep\u00fcl\u00e9sek \u00f6nfenntart\u00f3v\u00e1 v\u00e1l\u00e1s\u00e1t, k\u00f6z\u00f6ss\u00e9gi terek kialak\u00edt\u00e1s\u00e1t, a vid\u00e9k\" \/>\n\t\t<meta property=\"og:url\" content=\"https:\/\/allasorias.hu\/hirek\/atalakul-a-kozfoglalkoztatas\/\" \/>\n\t\t<meta property=\"og:image\" content=\"https:\/\/allasorias.hu\/hirek\/wp-content\/uploads\/2018\/10\/asas_01_shutterstock_2-1.jpg\" \/>\n\t\t<meta property=\"og:image:secure_url\" content=\"https:\/\/allasorias.hu\/hirek\/wp-content\/uploads\/2018\/10\/asas_01_shutterstock_2-1.jpg\" \/>\n\t\t<meta property=\"og:image:width\" content=\"1000\" \/>\n\t\t<meta property=\"og:image:height\" content=\"667\" \/>\n\t\t<meta property=\"article:published_time\" content=\"2018-10-20T10:51:46+00:00\" \/>\n\t\t<meta property=\"article:modified_time\" content=\"2022-12-23T10:02:01+00:00\" \/>\n\t\t<meta property=\"article:publisher\" content=\"https:\/\/www.facebook.com\/allasorias\" \/>\n\t\t<meta name=\"twitter:card\" content=\"summary_large_image\" \/>\n\t\t<meta name=\"twitter:title\" content=\"\u00c1talakul a k\u00f6zfoglalkoztat\u00e1s | AllasOrias.hu | H\u00edrek-lapszemle\" \/>\n\t\t<meta name=\"twitter:description\" content=\"A korm\u00e1ny hat\u00e1rozata szerint az els\u0151dleges munkaer\u0151piacon elhelyezhet\u0151 \u00e1ll\u00e1skeres\u0151k k\u00f6zfoglalkoztat\u00e1sb\u00f3l kil\u00e9p\u00e9s\u00e9t kell \u00f6szt\u00f6n\u00f6zni. Tov\u00e1bbi c\u00e9lk\u00e9nt fogalmazz\u00e1k meg, hogy a mez\u0151gazdas\u00e1gban \u00e9s az \u00e9p\u00edt\u0151iparban cs\u00f6kkenjen a szakemberhi\u00e1ny. A tervek szerint n\u00f6velik a h\u00e1tr\u00e1nyos helyzet\u0171 csoportok foglalkoztat\u00e1s\u00e1t \u00e9s foglalkoztathat\u00f3s\u00e1g\u00e1t. 2019-ben a magyar korm\u00e1ny t\u00e1mogatni szeretn\u00e9 a helyi kezdem\u00e9nyez\u00e9seket, a telep\u00fcl\u00e9sek \u00f6nfenntart\u00f3v\u00e1 v\u00e1l\u00e1s\u00e1t, k\u00f6z\u00f6ss\u00e9gi terek kialak\u00edt\u00e1s\u00e1t, a vid\u00e9k\" \/>\n\t\t<meta name=\"twitter:image\" content=\"https:\/\/allasorias.hu\/hirek\/wp-content\/uploads\/2018\/10\/asas_01_shutterstock_2-1.jpg\" \/>\n\t\t<meta name=\"twitter:label1\" content=\"Written by\" \/>\n\t\t<meta name=\"twitter:data1\" content=\"Juh\u00e1sz P\u00e9ter\" \/>\n\t\t<meta name=\"twitter:label2\" content=\"Est. reading time\" \/>\n\t\t<meta name=\"twitter:data2\" content=\"1 minute\" \/>\n\t\t<script type=\"application\/ld+json\" class=\"aioseo-schema\">\n\t\t\t{\"@context\":\"https:\\\/\\\/schema.org\",\"@graph\":[{\"@type\":\"Article\",\"@id\":\"https:\\\/\\\/allasorias.hu\\\/hirek\\\/atalakul-a-kozfoglalkoztatas\\\/#article\",\"name\":\"\\u00c1talakul a k\\u00f6zfoglalkoztat\\u00e1s | AllasOrias.hu | H\\u00edrek-lapszemle\",\"headline\":\"\\u00c1talakul a k\\u00f6zfoglalkoztat\\u00e1s\",\"author\":{\"@id\":\"https:\\\/\\\/allasorias.hu\\\/hirek\\\/author\\\/admin-allasorias\\\/#author\"},\"publisher\":{\"@id\":\"https:\\\/\\\/allasorias.hu\\\/hirek\\\/#organization\"},\"image\":{\"@type\":\"ImageObject\",\"url\":\"https:\\\/\\\/allasorias.hu\\\/hirek\\\/wp-content\\\/uploads\\\/2018\\\/10\\\/asas_01_shutterstock_2-1.jpg\",\"width\":1000,\"height\":667},\"datePublished\":\"2018-10-20T10:51:46+02:00\",\"dateModified\":\"2022-12-23T10:02:01+02:00\",\"inLanguage\":\"hu-HU\",\"mainEntityOfPage\":{\"@id\":\"https:\\\/\\\/allasorias.hu\\\/hirek\\\/atalakul-a-kozfoglalkoztatas\\\/#webpage\"},\"isPartOf\":{\"@id\":\"https:\\\/\\\/allasorias.hu\\\/hirek\\\/atalakul-a-kozfoglalkoztatas\\\/#webpage\"},\"articleSection\":\"\\u00c1ll\\u00e1skeres\\u00e9s, Gazdas\\u00e1g, Munkaer\\u0151piac\"},{\"@type\":\"BreadcrumbList\",\"@id\":\"https:\\\/\\\/allasorias.hu\\\/hirek\\\/atalakul-a-kozfoglalkoztatas\\\/#breadcrumblist\",\"itemListElement\":[{\"@type\":\"ListItem\",\"@id\":\"https:\\\/\\\/allasorias.hu\\\/hirek#listItem\",\"position\":1,\"name\":\"Home\",\"item\":\"https:\\\/\\\/allasorias.hu\\\/hirek\",\"nextItem\":{\"@type\":\"ListItem\",\"@id\":\"https:\\\/\\\/allasorias.hu\\\/hirek\\\/temak\\\/allaskereses\\\/#listItem\",\"name\":\"\\u00c1ll\\u00e1skeres\\u00e9s\"}},{\"@type\":\"ListItem\",\"@id\":\"https:\\\/\\\/allasorias.hu\\\/hirek\\\/temak\\\/allaskereses\\\/#listItem\",\"position\":2,\"name\":\"\\u00c1ll\\u00e1skeres\\u00e9s\",\"item\":\"https:\\\/\\\/allasorias.hu\\\/hirek\\\/temak\\\/allaskereses\\\/\",\"nextItem\":{\"@type\":\"ListItem\",\"@id\":\"https:\\\/\\\/allasorias.hu\\\/hirek\\\/atalakul-a-kozfoglalkoztatas\\\/#listItem\",\"name\":\"\\u00c1talakul a k\\u00f6zfoglalkoztat\\u00e1s\"},\"previousItem\":{\"@type\":\"ListItem\",\"@id\":\"https:\\\/\\\/allasorias.hu\\\/hirek#listItem\",\"name\":\"Home\"}},{\"@type\":\"ListItem\",\"@id\":\"https:\\\/\\\/allasorias.hu\\\/hirek\\\/atalakul-a-kozfoglalkoztatas\\\/#listItem\",\"position\":3,\"name\":\"\\u00c1talakul a k\\u00f6zfoglalkoztat\\u00e1s\",\"previousItem\":{\"@type\":\"ListItem\",\"@id\":\"https:\\\/\\\/allasorias.hu\\\/hirek\\\/temak\\\/allaskereses\\\/#listItem\",\"name\":\"\\u00c1ll\\u00e1skeres\\u00e9s\"}}]},{\"@type\":\"Organization\",\"@id\":\"https:\\\/\\\/allasorias.hu\\\/hirek\\\/#organization\",\"name\":\"AllasOrias.hu | H\\u00edrek-lapszemle\",\"description\":\"\\u00dczleti h\\u00edrek az \\u00e1ll\\u00e1s \\u00e9s a munka vil\\u00e1g\\u00e1b\\u00f3l\",\"url\":\"https:\\\/\\\/allasorias.hu\\\/hirek\\\/\",\"logo\":{\"@type\":\"ImageObject\",\"url\":\"https:\\\/\\\/allasorias.hu\\\/hirek\\\/wp-content\\\/uploads\\\/2022\\\/10\\\/allasorias_site_facebok_logo.png\",\"@id\":\"https:\\\/\\\/allasorias.hu\\\/hirek\\\/atalakul-a-kozfoglalkoztatas\\\/#organizationLogo\"},\"image\":{\"@id\":\"https:\\\/\\\/allasorias.hu\\\/hirek\\\/atalakul-a-kozfoglalkoztatas\\\/#organizationLogo\"},\"sameAs\":[\"https:\\\/\\\/www.facebook.com\\\/allasorias\",\"https:\\\/\\\/www.linkedin.com\\\/company\\\/allasorias\"]},{\"@type\":\"Person\",\"@id\":\"https:\\\/\\\/allasorias.hu\\\/hirek\\\/author\\\/admin-allasorias\\\/#author\",\"url\":\"https:\\\/\\\/allasorias.hu\\\/hirek\\\/author\\\/admin-allasorias\\\/\",\"name\":\"Juh\\u00e1sz P\\u00e9ter\",\"image\":{\"@type\":\"ImageObject\",\"@id\":\"https:\\\/\\\/allasorias.hu\\\/hirek\\\/atalakul-a-kozfoglalkoztatas\\\/#authorImage\",\"url\":\"https:\\\/\\\/secure.gravatar.com\\\/avatar\\\/36e6bcb83148978b992977cb0f54d22feb0cce8a0a849a9410532bb2623ba4c6?s=96&d=mm&r=g\",\"width\":96,\"height\":96,\"caption\":\"Juh\\u00e1sz P\\u00e9ter\"}},{\"@type\":\"WebPage\",\"@id\":\"https:\\\/\\\/allasorias.hu\\\/hirek\\\/atalakul-a-kozfoglalkoztatas\\\/#webpage\",\"url\":\"https:\\\/\\\/allasorias.hu\\\/hirek\\\/atalakul-a-kozfoglalkoztatas\\\/\",\"name\":\"\\u00c1talakul a k\\u00f6zfoglalkoztat\\u00e1s | AllasOrias.hu | H\\u00edrek-lapszemle\",\"description\":\"A korm\\u00e1ny hat\\u00e1rozata szerint az els\\u0151dleges munkaer\\u0151piacon elhelyezhet\\u0151 \\u00e1ll\\u00e1skeres\\u0151k k\\u00f6zfoglalkoztat\\u00e1sb\\u00f3l kil\\u00e9p\\u00e9s\\u00e9t kell \\u00f6szt\\u00f6n\\u00f6zni. Tov\\u00e1bbi c\\u00e9lk\\u00e9nt fogalmazz\\u00e1k meg, hogy a mez\\u0151gazdas\\u00e1gban \\u00e9s az \\u00e9p\\u00edt\\u0151iparban cs\\u00f6kkenjen a szakemberhi\\u00e1ny. A tervek szerint n\\u00f6velik a h\\u00e1tr\\u00e1nyos helyzet\\u0171 csoportok foglalkoztat\\u00e1s\\u00e1t \\u00e9s foglalkoztathat\\u00f3s\\u00e1g\\u00e1t. 2019-ben a magyar korm\\u00e1ny t\\u00e1mogatni szeretn\\u00e9 a helyi kezdem\\u00e9nyez\\u00e9seket, a telep\\u00fcl\\u00e9sek \\u00f6nfenntart\\u00f3v\\u00e1 v\\u00e1l\\u00e1s\\u00e1t, k\\u00f6z\\u00f6ss\\u00e9gi terek kialak\\u00edt\\u00e1s\\u00e1t, a vid\\u00e9k\",\"inLanguage\":\"hu-HU\",\"isPartOf\":{\"@id\":\"https:\\\/\\\/allasorias.hu\\\/hirek\\\/#website\"},\"breadcrumb\":{\"@id\":\"https:\\\/\\\/allasorias.hu\\\/hirek\\\/atalakul-a-kozfoglalkoztatas\\\/#breadcrumblist\"},\"author\":{\"@id\":\"https:\\\/\\\/allasorias.hu\\\/hirek\\\/author\\\/admin-allasorias\\\/#author\"},\"creator\":{\"@id\":\"https:\\\/\\\/allasorias.hu\\\/hirek\\\/author\\\/admin-allasorias\\\/#author\"},\"image\":{\"@type\":\"ImageObject\",\"url\":\"https:\\\/\\\/allasorias.hu\\\/hirek\\\/wp-content\\\/uploads\\\/2018\\\/10\\\/asas_01_shutterstock_2-1.jpg\",\"@id\":\"https:\\\/\\\/allasorias.hu\\\/hirek\\\/atalakul-a-kozfoglalkoztatas\\\/#mainImage\",\"width\":1000,\"height\":667},\"primaryImageOfPage\":{\"@id\":\"https:\\\/\\\/allasorias.hu\\\/hirek\\\/atalakul-a-kozfoglalkoztatas\\\/#mainImage\"},\"datePublished\":\"2018-10-20T10:51:46+02:00\",\"dateModified\":\"2022-12-23T10:02:01+02:00\"},{\"@type\":\"WebSite\",\"@id\":\"https:\\\/\\\/allasorias.hu\\\/hirek\\\/#website\",\"url\":\"https:\\\/\\\/allasorias.hu\\\/hirek\\\/\",\"name\":\"AllasOrias.hu | H\\u00edrek-lapszemle\",\"description\":\"\\u00dczleti h\\u00edrek az \\u00e1ll\\u00e1s \\u00e9s a munka vil\\u00e1g\\u00e1b\\u00f3l\",\"inLanguage\":\"hu-HU\",\"publisher\":{\"@id\":\"https:\\\/\\\/allasorias.hu\\\/hirek\\\/#organization\"}}]}\n\t\t<\/script>\n\t\t<!-- All in One SEO -->\n\n","aioseo_head_json":{"title":"\u00c1talakul a k\u00f6zfoglalkoztat\u00e1s | AllasOrias.hu | H\u00edrek-lapszemle","description":"A korm\u00e1ny hat\u00e1rozata szerint az els\u0151dleges munkaer\u0151piacon elhelyezhet\u0151 \u00e1ll\u00e1skeres\u0151k k\u00f6zfoglalkoztat\u00e1sb\u00f3l kil\u00e9p\u00e9s\u00e9t kell \u00f6szt\u00f6n\u00f6zni. Tov\u00e1bbi c\u00e9lk\u00e9nt fogalmazz\u00e1k meg, hogy a mez\u0151gazdas\u00e1gban \u00e9s az \u00e9p\u00edt\u0151iparban cs\u00f6kkenjen a szakemberhi\u00e1ny. A tervek szerint n\u00f6velik a h\u00e1tr\u00e1nyos helyzet\u0171 csoportok foglalkoztat\u00e1s\u00e1t \u00e9s foglalkoztathat\u00f3s\u00e1g\u00e1t. 2019-ben a magyar korm\u00e1ny t\u00e1mogatni szeretn\u00e9 a helyi kezdem\u00e9nyez\u00e9seket, a telep\u00fcl\u00e9sek \u00f6nfenntart\u00f3v\u00e1 v\u00e1l\u00e1s\u00e1t, k\u00f6z\u00f6ss\u00e9gi terek kialak\u00edt\u00e1s\u00e1t, a vid\u00e9k","canonical_url":"https:\/\/allasorias.hu\/hirek\/atalakul-a-kozfoglalkoztatas\/","robots":"max-image-preview:large","keywords":"","webmasterTools":{"miscellaneous":""},"schema":{"@context":"https:\/\/schema.org","@graph":[{"@type":"Article","@id":"https:\/\/allasorias.hu\/hirek\/atalakul-a-kozfoglalkoztatas\/#article","name":"\u00c1talakul a k\u00f6zfoglalkoztat\u00e1s | AllasOrias.hu | H\u00edrek-lapszemle","headline":"\u00c1talakul a k\u00f6zfoglalkoztat\u00e1s","author":{"@id":"https:\/\/allasorias.hu\/hirek\/author\/admin-allasorias\/#author"},"publisher":{"@id":"https:\/\/allasorias.hu\/hirek\/#organization"},"image":{"@type":"ImageObject","url":"https:\/\/allasorias.hu\/hirek\/wp-content\/uploads\/2018\/10\/asas_01_shutterstock_2-1.jpg","width":1000,"height":667},"datePublished":"2018-10-20T10:51:46+02:00","dateModified":"2022-12-23T10:02:01+02:00","inLanguage":"hu-HU","mainEntityOfPage":{"@id":"https:\/\/allasorias.hu\/hirek\/atalakul-a-kozfoglalkoztatas\/#webpage"},"isPartOf":{"@id":"https:\/\/allasorias.hu\/hirek\/atalakul-a-kozfoglalkoztatas\/#webpage"},"articleSection":"\u00c1ll\u00e1skeres\u00e9s, Gazdas\u00e1g, Munkaer\u0151piac"},{"@type":"BreadcrumbList","@id":"https:\/\/allasorias.hu\/hirek\/atalakul-a-kozfoglalkoztatas\/#breadcrumblist","itemListElement":[{"@type":"ListItem","@id":"https:\/\/allasorias.hu\/hirek#listItem","position":1,"name":"Home","item":"https:\/\/allasorias.hu\/hirek","nextItem":{"@type":"ListItem","@id":"https:\/\/allasorias.hu\/hirek\/temak\/allaskereses\/#listItem","name":"\u00c1ll\u00e1skeres\u00e9s"}},{"@type":"ListItem","@id":"https:\/\/allasorias.hu\/hirek\/temak\/allaskereses\/#listItem","position":2,"name":"\u00c1ll\u00e1skeres\u00e9s","item":"https:\/\/allasorias.hu\/hirek\/temak\/allaskereses\/","nextItem":{"@type":"ListItem","@id":"https:\/\/allasorias.hu\/hirek\/atalakul-a-kozfoglalkoztatas\/#listItem","name":"\u00c1talakul a k\u00f6zfoglalkoztat\u00e1s"},"previousItem":{"@type":"ListItem","@id":"https:\/\/allasorias.hu\/hirek#listItem","name":"Home"}},{"@type":"ListItem","@id":"https:\/\/allasorias.hu\/hirek\/atalakul-a-kozfoglalkoztatas\/#listItem","position":3,"name":"\u00c1talakul a k\u00f6zfoglalkoztat\u00e1s","previousItem":{"@type":"ListItem","@id":"https:\/\/allasorias.hu\/hirek\/temak\/allaskereses\/#listItem","name":"\u00c1ll\u00e1skeres\u00e9s"}}]},{"@type":"Organization","@id":"https:\/\/allasorias.hu\/hirek\/#organization","name":"AllasOrias.hu | H\u00edrek-lapszemle","description":"\u00dczleti h\u00edrek az \u00e1ll\u00e1s \u00e9s a munka vil\u00e1g\u00e1b\u00f3l","url":"https:\/\/allasorias.hu\/hirek\/","logo":{"@type":"ImageObject","url":"https:\/\/allasorias.hu\/hirek\/wp-content\/uploads\/2022\/10\/allasorias_site_facebok_logo.png","@id":"https:\/\/allasorias.hu\/hirek\/atalakul-a-kozfoglalkoztatas\/#organizationLogo"},"image":{"@id":"https:\/\/allasorias.hu\/hirek\/atalakul-a-kozfoglalkoztatas\/#organizationLogo"},"sameAs":["https:\/\/www.facebook.com\/allasorias","https:\/\/www.linkedin.com\/company\/allasorias"]},{"@type":"Person","@id":"https:\/\/allasorias.hu\/hirek\/author\/admin-allasorias\/#author","url":"https:\/\/allasorias.hu\/hirek\/author\/admin-allasorias\/","name":"Juh\u00e1sz P\u00e9ter","image":{"@type":"ImageObject","@id":"https:\/\/allasorias.hu\/hirek\/atalakul-a-kozfoglalkoztatas\/#authorImage","url":"https:\/\/secure.gravatar.com\/avatar\/36e6bcb83148978b992977cb0f54d22feb0cce8a0a849a9410532bb2623ba4c6?s=96&d=mm&r=g","width":96,"height":96,"caption":"Juh\u00e1sz P\u00e9ter"}},{"@type":"WebPage","@id":"https:\/\/allasorias.hu\/hirek\/atalakul-a-kozfoglalkoztatas\/#webpage","url":"https:\/\/allasorias.hu\/hirek\/atalakul-a-kozfoglalkoztatas\/","name":"\u00c1talakul a k\u00f6zfoglalkoztat\u00e1s | AllasOrias.hu | H\u00edrek-lapszemle","description":"A korm\u00e1ny hat\u00e1rozata szerint az els\u0151dleges munkaer\u0151piacon elhelyezhet\u0151 \u00e1ll\u00e1skeres\u0151k k\u00f6zfoglalkoztat\u00e1sb\u00f3l kil\u00e9p\u00e9s\u00e9t kell \u00f6szt\u00f6n\u00f6zni. Tov\u00e1bbi c\u00e9lk\u00e9nt fogalmazz\u00e1k meg, hogy a mez\u0151gazdas\u00e1gban \u00e9s az \u00e9p\u00edt\u0151iparban cs\u00f6kkenjen a szakemberhi\u00e1ny. A tervek szerint n\u00f6velik a h\u00e1tr\u00e1nyos helyzet\u0171 csoportok foglalkoztat\u00e1s\u00e1t \u00e9s foglalkoztathat\u00f3s\u00e1g\u00e1t. 2019-ben a magyar korm\u00e1ny t\u00e1mogatni szeretn\u00e9 a helyi kezdem\u00e9nyez\u00e9seket, a telep\u00fcl\u00e9sek \u00f6nfenntart\u00f3v\u00e1 v\u00e1l\u00e1s\u00e1t, k\u00f6z\u00f6ss\u00e9gi terek kialak\u00edt\u00e1s\u00e1t, a vid\u00e9k","inLanguage":"hu-HU","isPartOf":{"@id":"https:\/\/allasorias.hu\/hirek\/#website"},"breadcrumb":{"@id":"https:\/\/allasorias.hu\/hirek\/atalakul-a-kozfoglalkoztatas\/#breadcrumblist"},"author":{"@id":"https:\/\/allasorias.hu\/hirek\/author\/admin-allasorias\/#author"},"creator":{"@id":"https:\/\/allasorias.hu\/hirek\/author\/admin-allasorias\/#author"},"image":{"@type":"ImageObject","url":"https:\/\/allasorias.hu\/hirek\/wp-content\/uploads\/2018\/10\/asas_01_shutterstock_2-1.jpg","@id":"https:\/\/allasorias.hu\/hirek\/atalakul-a-kozfoglalkoztatas\/#mainImage","width":1000,"height":667},"primaryImageOfPage":{"@id":"https:\/\/allasorias.hu\/hirek\/atalakul-a-kozfoglalkoztatas\/#mainImage"},"datePublished":"2018-10-20T10:51:46+02:00","dateModified":"2022-12-23T10:02:01+02:00"},{"@type":"WebSite","@id":"https:\/\/allasorias.hu\/hirek\/#website","url":"https:\/\/allasorias.hu\/hirek\/","name":"AllasOrias.hu | H\u00edrek-lapszemle","description":"\u00dczleti h\u00edrek az \u00e1ll\u00e1s \u00e9s a munka vil\u00e1g\u00e1b\u00f3l","inLanguage":"hu-HU","publisher":{"@id":"https:\/\/allasorias.hu\/hirek\/#organization"}}]},"og:locale":"hu_HU","og:site_name":"AllasOrias.hu | H\u00edrek-lapszemle | \u00dczleti h\u00edrek az \u00e1ll\u00e1s \u00e9s a munka vil\u00e1g\u00e1b\u00f3l","og:type":"article","og:title":"\u00c1talakul a k\u00f6zfoglalkoztat\u00e1s | AllasOrias.hu | H\u00edrek-lapszemle","og:description":"A korm\u00e1ny hat\u00e1rozata szerint az els\u0151dleges munkaer\u0151piacon elhelyezhet\u0151 \u00e1ll\u00e1skeres\u0151k k\u00f6zfoglalkoztat\u00e1sb\u00f3l kil\u00e9p\u00e9s\u00e9t kell \u00f6szt\u00f6n\u00f6zni. Tov\u00e1bbi c\u00e9lk\u00e9nt fogalmazz\u00e1k meg, hogy a mez\u0151gazdas\u00e1gban \u00e9s az \u00e9p\u00edt\u0151iparban cs\u00f6kkenjen a szakemberhi\u00e1ny. A tervek szerint n\u00f6velik a h\u00e1tr\u00e1nyos helyzet\u0171 csoportok foglalkoztat\u00e1s\u00e1t \u00e9s foglalkoztathat\u00f3s\u00e1g\u00e1t. 2019-ben a magyar korm\u00e1ny t\u00e1mogatni szeretn\u00e9 a helyi kezdem\u00e9nyez\u00e9seket, a telep\u00fcl\u00e9sek \u00f6nfenntart\u00f3v\u00e1 v\u00e1l\u00e1s\u00e1t, k\u00f6z\u00f6ss\u00e9gi terek kialak\u00edt\u00e1s\u00e1t, a vid\u00e9k","og:url":"https:\/\/allasorias.hu\/hirek\/atalakul-a-kozfoglalkoztatas\/","og:image":"https:\/\/allasorias.hu\/hirek\/wp-content\/uploads\/2018\/10\/asas_01_shutterstock_2-1.jpg","og:image:secure_url":"https:\/\/allasorias.hu\/hirek\/wp-content\/uploads\/2018\/10\/asas_01_shutterstock_2-1.jpg","og:image:width":1000,"og:image:height":667,"article:published_time":"2018-10-20T10:51:46+00:00","article:modified_time":"2022-12-23T10:02:01+00:00","article:publisher":"https:\/\/www.facebook.com\/allasorias","twitter:card":"summary_large_image","twitter:title":"\u00c1talakul a k\u00f6zfoglalkoztat\u00e1s | AllasOrias.hu | H\u00edrek-lapszemle","twitter:description":"A korm\u00e1ny hat\u00e1rozata szerint az els\u0151dleges munkaer\u0151piacon elhelyezhet\u0151 \u00e1ll\u00e1skeres\u0151k k\u00f6zfoglalkoztat\u00e1sb\u00f3l kil\u00e9p\u00e9s\u00e9t kell \u00f6szt\u00f6n\u00f6zni. Tov\u00e1bbi c\u00e9lk\u00e9nt fogalmazz\u00e1k meg, hogy a mez\u0151gazdas\u00e1gban \u00e9s az \u00e9p\u00edt\u0151iparban cs\u00f6kkenjen a szakemberhi\u00e1ny. A tervek szerint n\u00f6velik a h\u00e1tr\u00e1nyos helyzet\u0171 csoportok foglalkoztat\u00e1s\u00e1t \u00e9s foglalkoztathat\u00f3s\u00e1g\u00e1t. 2019-ben a magyar korm\u00e1ny t\u00e1mogatni szeretn\u00e9 a helyi kezdem\u00e9nyez\u00e9seket, a telep\u00fcl\u00e9sek \u00f6nfenntart\u00f3v\u00e1 v\u00e1l\u00e1s\u00e1t, k\u00f6z\u00f6ss\u00e9gi terek kialak\u00edt\u00e1s\u00e1t, a vid\u00e9k","twitter:image":"https:\/\/allasorias.hu\/hirek\/wp-content\/uploads\/2018\/10\/asas_01_shutterstock_2-1.jpg","twitter:label1":"Written by","twitter:data1":"Juh\u00e1sz P\u00e9ter","twitter:label2":"Est. reading time","twitter:data2":"1 minute"},"aioseo_meta_data":{"post_id":"2044","title":null,"description":null,"keywords":[],"keyphrases":{"focus":{"keyphrase":"","score":0,"analysis":{"keyphraseInTitle":{"score":0,"maxScore":9,"error":1}}},"additional":[]},"primary_term":null,"canonical_url":null,"og_title":null,"og_description":null,"og_object_type":"default","og_image_type":"default","og_image_url":null,"og_image_width":null,"og_image_height":null,"og_image_custom_url":null,"og_image_custom_fields":null,"og_video":"","og_custom_url":null,"og_article_section":null,"og_article_tags":[],"twitter_use_og":false,"twitter_card":"default","twitter_image_type":"default","twitter_image_url":null,"twitter_image_custom_url":null,"twitter_image_custom_fields":null,"twitter_title":null,"twitter_description":null,"schema":{"blockGraphs":[],"customGraphs":[],"default":{"data":{"Article":[],"Course":[],"Dataset":[],"FAQPage":[],"Movie":[],"Person":[],"Product":[],"ProductReview":[],"Car":[],"Recipe":[],"Service":[],"SoftwareApplication":[],"WebPage":[]},"graphName":"Article","isEnabled":true},"graphs":[],"defaultGraph":"","defaultPostTypeGraph":""},"schema_type":null,"schema_type_options":null,"pillar_content":false,"robots_default":true,"robots_noindex":false,"robots_noarchive":false,"robots_nosnippet":false,"robots_nofollow":false,"robots_noimageindex":false,"robots_noodp":false,"robots_notranslate":false,"robots_max_snippet":"-1","robots_max_videopreview":"-1","robots_max_imagepreview":"large","priority":null,"frequency":"default","location":null,"local_seo":null,"breadcrumb_settings":null,"limit_modified_date":false,"ai":null,"created":"2021-02-01 20:44:36","updated":"2025-10-02 09:07:15","seo_analyzer_scan_date":null,"focus_keyword":null,"additional_keywords":null,"truseo_locale":null},"aioseo_breadcrumb":"<div class=\"aioseo-breadcrumbs\"><span class=\"aioseo-breadcrumb\">\n\t\t\t<a href=\"https:\/\/allasorias.hu\/hirek\" title=\"Home\">Home<\/a>\n\t\t<\/span><span class=\"aioseo-breadcrumb-separator\">&raquo;<\/span><span class=\"aioseo-breadcrumb\">\n\t\t\t<a href=\"https:\/\/allasorias.hu\/hirek\/temak\/allaskereses\/\" title=\"\u00c1ll\u00e1skeres\u00e9s\">\u00c1ll\u00e1skeres\u00e9s<\/a>\n\t\t<\/span><span class=\"aioseo-breadcrumb-separator\">&raquo;<\/span><span class=\"aioseo-breadcrumb\">\n\t\t\t\u00c1talakul a k\u00f6zfoglalkoztat\u00e1s\n\t\t<\/span><\/div>","aioseo_breadcrumb_json":[{"label":"Home","link":"https:\/\/allasorias.hu\/hirek"},{"label":"\u00c1ll\u00e1skeres\u00e9s","link":"https:\/\/allasorias.hu\/hirek\/temak\/allaskereses\/"},{"label":"\u00c1talakul a k\u00f6zfoglalkoztat\u00e1s","link":"https:\/\/allasorias.hu\/hirek\/atalakul-a-kozfoglalkoztatas\/"}],"_links":{"self":[{"href":"https:\/\/allasorias.hu\/hirek\/wp-json\/wp\/v2\/posts\/2044","targetHints":{"allow":["GET"]}}],"collection":[{"href":"https:\/\/allasorias.hu\/hirek\/wp-json\/wp\/v2\/posts"}],"about":[{"href":"https:\/\/allasorias.hu\/hirek\/wp-json\/wp\/v2\/types\/post"}],"author":[{"embeddable":true,"href":"https:\/\/allasorias.hu\/hirek\/wp-json\/wp\/v2\/users\/1"}],"replies":[{"embeddable":true,"href":"https:\/\/allasorias.hu\/hirek\/wp-json\/wp\/v2\/comments?post=2044"}],"version-history":[{"count":1,"href":"https:\/\/allasorias.hu\/hirek\/wp-json\/wp\/v2\/posts\/2044\/revisions"}],"predecessor-version":[{"id":2045,"href":"https:\/\/allasorias.hu\/hirek\/wp-json\/wp\/v2\/posts\/2044\/revisions\/2045"}],"wp:featuredmedia":[{"embeddable":true,"href":"https:\/\/allasorias.hu\/hirek\/wp-json\/wp\/v2\/media\/6097"}],"wp:attachment":[{"href":"https:\/\/allasorias.hu\/hirek\/wp-json\/wp\/v2\/media?parent=2044"}],"wp:term":[{"taxonomy":"category","embeddable":true,"href":"https:\/\/allasorias.hu\/hirek\/wp-json\/wp\/v2\/categories?post=2044"},{"taxonomy":"post_tag","embeddable":true,"href":"https:\/\/allasorias.hu\/hirek\/wp-json\/wp\/v2\/tags?post=2044"}],"curies":[{"name":"wp","href":"https:\/\/api.w.org\/{rel}","templated":true}]}}