{"id":2037,"date":"2018-10-18T09:54:48","date_gmt":"2018-10-18T09:54:48","guid":{"rendered":"https:\/\/allasorias.hu\/hirek\/?p=2037"},"modified":"2018-10-26T08:24:15","modified_gmt":"2018-10-26T08:24:15","slug":"nincs-vege-a-cafeterianak","status":"publish","type":"post","link":"https:\/\/allasorias.hu\/hirek\/nincs-vege-a-cafeterianak\/","title":{"rendered":"Nincs v\u00e9ge a cafet\u00e9ri\u00e1nak"},"content":{"rendered":"<p><strong>A k\u00f6vetkez\u0151 \u00e9vben v\u00e1ltozik a b\u00e9ren k\u00edv\u00fcli juttat\u00e1sok ad\u00f3z\u00e1sa, a Sz\u00e9p-k\u00e1rtya kiv\u00e9tel\u00e9vel a dolgoz\u00f3i juttat\u00e1sok ugyan\u00fagy ad\u00f3znak, mint a b\u00e9r, teh\u00e1t a munkav\u00e1llal\u00f3nak is\u00a0 ad\u00f3znia kell. Bal\u00e1zs Kriszti\u00e1n, az Edenred \u00fcgyvezet\u0151 igazgat\u00f3ja szerint a munk\u00e1ltat\u00f3k j\u00f3 r\u00e9sze a v\u00e1ltoz\u00e1s ellen\u00e9re ezut\u00e1n is megtartja ezeket a juttat\u00e1sokat. <\/strong><\/p>\n<p>Az Edenred augusztusban elv\u00e9gzett telefonos felm\u00e9r\u00e9se szerint mind\u00f6ssze a megk\u00e9rdezettek t\u00edz sz\u00e1zal\u00e9ka tervezi megsz\u00fcntetni a juttat\u00e1sokat. A felm\u00e9r\u00e9sek szerint a v\u00e1llalkoz\u00e1sok k\u00f6zel \u00a0k\u00e9tharmad\u00e1nak sz\u00e1nd\u00e9k\u00e1ban \u00e1ll megtartani a jelenlegi \u00f6sszeget a magasabb ad\u00f3teher ellen\u00e9re.<\/p>\n<p><em>Forr\u00e1s.hirado.hu<\/em><\/p>\n","protected":false},"excerpt":{"rendered":"<p>A k\u00f6vetkez\u0151 \u00e9vben v\u00e1ltozik a b\u00e9ren k\u00edv\u00fcli juttat\u00e1sok ad\u00f3z\u00e1sa, a Sz\u00e9p-k\u00e1rtya kiv\u00e9tel\u00e9vel a dolgoz\u00f3i juttat\u00e1sok ugyan\u00fagy ad\u00f3znak, mint a b\u00e9r, teh\u00e1t a munkav\u00e1llal\u00f3nak is\u00a0 ad\u00f3znia kell. Bal\u00e1zs Kriszti\u00e1n, az Edenred \u00fcgyvezet\u0151 igazgat\u00f3ja szerint a munk\u00e1ltat\u00f3k j\u00f3 r\u00e9sze a v\u00e1ltoz\u00e1s ellen\u00e9re ezut\u00e1n is megtartja ezeket a juttat\u00e1sokat. Az Edenred augusztusban elv\u00e9gzett telefonos felm\u00e9r\u00e9se szerint mind\u00f6ssze a [&hellip;]<\/p>\n","protected":false},"author":1,"featured_media":2060,"comment_status":"open","ping_status":"open","sticky":false,"template":"","format":"standard","meta":{"_monsterinsights_skip_tracking":false,"footnotes":""},"categories":[198],"tags":[],"class_list":["post-2037","post","type-post","status-publish","format-standard","has-post-thumbnail","hentry","category-gazdasag"],"aioseo_notices":[],"aioseo_head":"\n\t\t<!-- All in One SEO 5.0.0.1 - aioseo.com -->\n\t<meta name=\"description\" content=\"A k\u00f6vetkez\u0151 \u00e9vben v\u00e1ltozik a b\u00e9ren k\u00edv\u00fcli juttat\u00e1sok ad\u00f3z\u00e1sa, a Sz\u00e9p-k\u00e1rtya kiv\u00e9tel\u00e9vel a dolgoz\u00f3i juttat\u00e1sok ugyan\u00fagy ad\u00f3znak, mint a b\u00e9r, teh\u00e1t a munkav\u00e1llal\u00f3nak is ad\u00f3znia kell. Bal\u00e1zs Kriszti\u00e1n, az Edenred \u00fcgyvezet\u0151 igazgat\u00f3ja szerint a munk\u00e1ltat\u00f3k j\u00f3 r\u00e9sze a v\u00e1ltoz\u00e1s ellen\u00e9re ezut\u00e1n is megtartja ezeket a juttat\u00e1sokat. Az Edenred augusztusban elv\u00e9gzett telefonos felm\u00e9r\u00e9se szerint mind\u00f6ssze a\" \/>\n\t<meta name=\"robots\" content=\"max-image-preview:large\" \/>\n\t<meta name=\"author\" content=\"Juh\u00e1sz P\u00e9ter\"\/>\n\t<link rel=\"canonical\" href=\"https:\/\/allasorias.hu\/hirek\/nincs-vege-a-cafeterianak\/\" \/>\n\t<meta name=\"generator\" content=\"All in One SEO (AIOSEO) 5.0.0.1\" \/>\n\t\t<meta property=\"og:locale\" content=\"hu_HU\" \/>\n\t\t<meta property=\"og:site_name\" content=\"AllasOrias.hu | H\u00edrek-lapszemle | \u00dczleti h\u00edrek az \u00e1ll\u00e1s \u00e9s a munka vil\u00e1g\u00e1b\u00f3l\" \/>\n\t\t<meta property=\"og:type\" content=\"article\" \/>\n\t\t<meta property=\"og:title\" content=\"Nincs v\u00e9ge a cafet\u00e9ri\u00e1nak | AllasOrias.hu | H\u00edrek-lapszemle\" \/>\n\t\t<meta property=\"og:description\" content=\"A k\u00f6vetkez\u0151 \u00e9vben v\u00e1ltozik a b\u00e9ren k\u00edv\u00fcli juttat\u00e1sok ad\u00f3z\u00e1sa, a Sz\u00e9p-k\u00e1rtya kiv\u00e9tel\u00e9vel a dolgoz\u00f3i juttat\u00e1sok ugyan\u00fagy ad\u00f3znak, mint a b\u00e9r, teh\u00e1t a munkav\u00e1llal\u00f3nak is ad\u00f3znia kell. Bal\u00e1zs Kriszti\u00e1n, az Edenred \u00fcgyvezet\u0151 igazgat\u00f3ja szerint a munk\u00e1ltat\u00f3k j\u00f3 r\u00e9sze a v\u00e1ltoz\u00e1s ellen\u00e9re ezut\u00e1n is megtartja ezeket a juttat\u00e1sokat. Az Edenred augusztusban elv\u00e9gzett telefonos felm\u00e9r\u00e9se szerint mind\u00f6ssze a\" \/>\n\t\t<meta property=\"og:url\" content=\"https:\/\/allasorias.hu\/hirek\/nincs-vege-a-cafeterianak\/\" \/>\n\t\t<meta property=\"og:image\" content=\"https:\/\/allasorias.hu\/hirek\/wp-content\/uploads\/2018\/10\/cafeteria.jpg\" \/>\n\t\t<meta property=\"og:image:secure_url\" content=\"https:\/\/allasorias.hu\/hirek\/wp-content\/uploads\/2018\/10\/cafeteria.jpg\" \/>\n\t\t<meta property=\"og:image:width\" content=\"644\" \/>\n\t\t<meta property=\"og:image:height\" content=\"322\" \/>\n\t\t<meta property=\"article:published_time\" content=\"2018-10-18T09:54:48+00:00\" \/>\n\t\t<meta property=\"article:modified_time\" content=\"2018-10-26T08:24:15+00:00\" \/>\n\t\t<meta property=\"article:publisher\" content=\"https:\/\/www.facebook.com\/allasorias\" \/>\n\t\t<meta name=\"twitter:card\" content=\"summary_large_image\" \/>\n\t\t<meta name=\"twitter:title\" content=\"Nincs v\u00e9ge a cafet\u00e9ri\u00e1nak | AllasOrias.hu | H\u00edrek-lapszemle\" \/>\n\t\t<meta name=\"twitter:description\" content=\"A k\u00f6vetkez\u0151 \u00e9vben v\u00e1ltozik a b\u00e9ren k\u00edv\u00fcli juttat\u00e1sok ad\u00f3z\u00e1sa, a Sz\u00e9p-k\u00e1rtya kiv\u00e9tel\u00e9vel a dolgoz\u00f3i juttat\u00e1sok ugyan\u00fagy ad\u00f3znak, mint a b\u00e9r, teh\u00e1t a munkav\u00e1llal\u00f3nak is ad\u00f3znia kell. Bal\u00e1zs Kriszti\u00e1n, az Edenred \u00fcgyvezet\u0151 igazgat\u00f3ja szerint a munk\u00e1ltat\u00f3k j\u00f3 r\u00e9sze a v\u00e1ltoz\u00e1s ellen\u00e9re ezut\u00e1n is megtartja ezeket a juttat\u00e1sokat. Az Edenred augusztusban elv\u00e9gzett telefonos felm\u00e9r\u00e9se szerint mind\u00f6ssze a\" \/>\n\t\t<meta name=\"twitter:image\" content=\"https:\/\/allasorias.hu\/hirek\/wp-content\/uploads\/2018\/10\/cafeteria.jpg\" \/>\n\t\t<meta name=\"twitter:label1\" content=\"Written by\" \/>\n\t\t<meta name=\"twitter:data1\" content=\"Juh\u00e1sz P\u00e9ter\" \/>\n\t\t<meta name=\"twitter:label2\" content=\"Est. reading time\" \/>\n\t\t<meta name=\"twitter:data2\" content=\"1 minute\" \/>\n\t\t<script type=\"application\/ld+json\" class=\"aioseo-schema\">\n\t\t\t{\"@context\":\"https:\\\/\\\/schema.org\",\"@graph\":[{\"@type\":\"Article\",\"@id\":\"https:\\\/\\\/allasorias.hu\\\/hirek\\\/nincs-vege-a-cafeterianak\\\/#article\",\"name\":\"Nincs v\\u00e9ge a cafet\\u00e9ri\\u00e1nak | AllasOrias.hu | H\\u00edrek-lapszemle\",\"headline\":\"Nincs v\\u00e9ge a cafet\\u00e9ri\\u00e1nak\",\"author\":{\"@id\":\"https:\\\/\\\/allasorias.hu\\\/hirek\\\/author\\\/admin-allasorias\\\/#author\"},\"publisher\":{\"@id\":\"https:\\\/\\\/allasorias.hu\\\/hirek\\\/#organization\"},\"image\":{\"@type\":\"ImageObject\",\"url\":\"https:\\\/\\\/allasorias.hu\\\/hirek\\\/wp-content\\\/uploads\\\/2018\\\/10\\\/cafeteria.jpg\",\"width\":644,\"height\":322},\"datePublished\":\"2018-10-18T09:54:48+02:00\",\"dateModified\":\"2018-10-26T08:24:15+02:00\",\"inLanguage\":\"hu-HU\",\"mainEntityOfPage\":{\"@id\":\"https:\\\/\\\/allasorias.hu\\\/hirek\\\/nincs-vege-a-cafeterianak\\\/#webpage\"},\"isPartOf\":{\"@id\":\"https:\\\/\\\/allasorias.hu\\\/hirek\\\/nincs-vege-a-cafeterianak\\\/#webpage\"},\"articleSection\":\"Gazdas\\u00e1g\"},{\"@type\":\"BreadcrumbList\",\"@id\":\"https:\\\/\\\/allasorias.hu\\\/hirek\\\/nincs-vege-a-cafeterianak\\\/#breadcrumblist\",\"itemListElement\":[{\"@type\":\"ListItem\",\"@id\":\"https:\\\/\\\/allasorias.hu\\\/hirek#listItem\",\"position\":1,\"name\":\"Home\",\"item\":\"https:\\\/\\\/allasorias.hu\\\/hirek\",\"nextItem\":{\"@type\":\"ListItem\",\"@id\":\"https:\\\/\\\/allasorias.hu\\\/hirek\\\/temak\\\/gazdasag\\\/#listItem\",\"name\":\"Gazdas\\u00e1g\"}},{\"@type\":\"ListItem\",\"@id\":\"https:\\\/\\\/allasorias.hu\\\/hirek\\\/temak\\\/gazdasag\\\/#listItem\",\"position\":2,\"name\":\"Gazdas\\u00e1g\",\"item\":\"https:\\\/\\\/allasorias.hu\\\/hirek\\\/temak\\\/gazdasag\\\/\",\"nextItem\":{\"@type\":\"ListItem\",\"@id\":\"https:\\\/\\\/allasorias.hu\\\/hirek\\\/nincs-vege-a-cafeterianak\\\/#listItem\",\"name\":\"Nincs v\\u00e9ge a cafet\\u00e9ri\\u00e1nak\"},\"previousItem\":{\"@type\":\"ListItem\",\"@id\":\"https:\\\/\\\/allasorias.hu\\\/hirek#listItem\",\"name\":\"Home\"}},{\"@type\":\"ListItem\",\"@id\":\"https:\\\/\\\/allasorias.hu\\\/hirek\\\/nincs-vege-a-cafeterianak\\\/#listItem\",\"position\":3,\"name\":\"Nincs v\\u00e9ge a cafet\\u00e9ri\\u00e1nak\",\"previousItem\":{\"@type\":\"ListItem\",\"@id\":\"https:\\\/\\\/allasorias.hu\\\/hirek\\\/temak\\\/gazdasag\\\/#listItem\",\"name\":\"Gazdas\\u00e1g\"}}]},{\"@type\":\"Organization\",\"@id\":\"https:\\\/\\\/allasorias.hu\\\/hirek\\\/#organization\",\"name\":\"AllasOrias.hu | H\\u00edrek-lapszemle\",\"description\":\"\\u00dczleti h\\u00edrek az \\u00e1ll\\u00e1s \\u00e9s a munka vil\\u00e1g\\u00e1b\\u00f3l\",\"url\":\"https:\\\/\\\/allasorias.hu\\\/hirek\\\/\",\"logo\":{\"@type\":\"ImageObject\",\"url\":\"https:\\\/\\\/allasorias.hu\\\/hirek\\\/wp-content\\\/uploads\\\/2022\\\/10\\\/allasorias_site_facebok_logo.png\",\"@id\":\"https:\\\/\\\/allasorias.hu\\\/hirek\\\/nincs-vege-a-cafeterianak\\\/#organizationLogo\"},\"image\":{\"@id\":\"https:\\\/\\\/allasorias.hu\\\/hirek\\\/nincs-vege-a-cafeterianak\\\/#organizationLogo\"},\"sameAs\":[\"https:\\\/\\\/www.facebook.com\\\/allasorias\",\"https:\\\/\\\/www.linkedin.com\\\/company\\\/allasorias\"]},{\"@type\":\"Person\",\"@id\":\"https:\\\/\\\/allasorias.hu\\\/hirek\\\/author\\\/admin-allasorias\\\/#author\",\"url\":\"https:\\\/\\\/allasorias.hu\\\/hirek\\\/author\\\/admin-allasorias\\\/\",\"name\":\"Juh\\u00e1sz P\\u00e9ter\",\"image\":{\"@type\":\"ImageObject\",\"@id\":\"https:\\\/\\\/allasorias.hu\\\/hirek\\\/nincs-vege-a-cafeterianak\\\/#authorImage\",\"url\":\"https:\\\/\\\/secure.gravatar.com\\\/avatar\\\/36e6bcb83148978b992977cb0f54d22feb0cce8a0a849a9410532bb2623ba4c6?s=96&d=mm&r=g\",\"width\":96,\"height\":96,\"caption\":\"Juh\\u00e1sz P\\u00e9ter\"}},{\"@type\":\"WebPage\",\"@id\":\"https:\\\/\\\/allasorias.hu\\\/hirek\\\/nincs-vege-a-cafeterianak\\\/#webpage\",\"url\":\"https:\\\/\\\/allasorias.hu\\\/hirek\\\/nincs-vege-a-cafeterianak\\\/\",\"name\":\"Nincs v\\u00e9ge a cafet\\u00e9ri\\u00e1nak | AllasOrias.hu | H\\u00edrek-lapszemle\",\"description\":\"A k\\u00f6vetkez\\u0151 \\u00e9vben v\\u00e1ltozik a b\\u00e9ren k\\u00edv\\u00fcli juttat\\u00e1sok ad\\u00f3z\\u00e1sa, a Sz\\u00e9p-k\\u00e1rtya kiv\\u00e9tel\\u00e9vel a dolgoz\\u00f3i juttat\\u00e1sok ugyan\\u00fagy ad\\u00f3znak, mint a b\\u00e9r, teh\\u00e1t a munkav\\u00e1llal\\u00f3nak is ad\\u00f3znia kell. Bal\\u00e1zs Kriszti\\u00e1n, az Edenred \\u00fcgyvezet\\u0151 igazgat\\u00f3ja szerint a munk\\u00e1ltat\\u00f3k j\\u00f3 r\\u00e9sze a v\\u00e1ltoz\\u00e1s ellen\\u00e9re ezut\\u00e1n is megtartja ezeket a juttat\\u00e1sokat. Az Edenred augusztusban elv\\u00e9gzett telefonos felm\\u00e9r\\u00e9se szerint mind\\u00f6ssze a\",\"inLanguage\":\"hu-HU\",\"isPartOf\":{\"@id\":\"https:\\\/\\\/allasorias.hu\\\/hirek\\\/#website\"},\"breadcrumb\":{\"@id\":\"https:\\\/\\\/allasorias.hu\\\/hirek\\\/nincs-vege-a-cafeterianak\\\/#breadcrumblist\"},\"author\":{\"@id\":\"https:\\\/\\\/allasorias.hu\\\/hirek\\\/author\\\/admin-allasorias\\\/#author\"},\"creator\":{\"@id\":\"https:\\\/\\\/allasorias.hu\\\/hirek\\\/author\\\/admin-allasorias\\\/#author\"},\"image\":{\"@type\":\"ImageObject\",\"url\":\"https:\\\/\\\/allasorias.hu\\\/hirek\\\/wp-content\\\/uploads\\\/2018\\\/10\\\/cafeteria.jpg\",\"@id\":\"https:\\\/\\\/allasorias.hu\\\/hirek\\\/nincs-vege-a-cafeterianak\\\/#mainImage\",\"width\":644,\"height\":322},\"primaryImageOfPage\":{\"@id\":\"https:\\\/\\\/allasorias.hu\\\/hirek\\\/nincs-vege-a-cafeterianak\\\/#mainImage\"},\"datePublished\":\"2018-10-18T09:54:48+02:00\",\"dateModified\":\"2018-10-26T08:24:15+02:00\"},{\"@type\":\"WebSite\",\"@id\":\"https:\\\/\\\/allasorias.hu\\\/hirek\\\/#website\",\"url\":\"https:\\\/\\\/allasorias.hu\\\/hirek\\\/\",\"name\":\"AllasOrias.hu | H\\u00edrek-lapszemle\",\"description\":\"\\u00dczleti h\\u00edrek az \\u00e1ll\\u00e1s \\u00e9s a munka vil\\u00e1g\\u00e1b\\u00f3l\",\"inLanguage\":\"hu-HU\",\"publisher\":{\"@id\":\"https:\\\/\\\/allasorias.hu\\\/hirek\\\/#organization\"}}]}\n\t\t<\/script>\n\t\t<!-- All in One SEO -->\n\n","aioseo_head_json":{"title":"Nincs v\u00e9ge a cafet\u00e9ri\u00e1nak | AllasOrias.hu | H\u00edrek-lapszemle","description":"A k\u00f6vetkez\u0151 \u00e9vben v\u00e1ltozik a b\u00e9ren k\u00edv\u00fcli juttat\u00e1sok ad\u00f3z\u00e1sa, a Sz\u00e9p-k\u00e1rtya kiv\u00e9tel\u00e9vel a dolgoz\u00f3i juttat\u00e1sok ugyan\u00fagy ad\u00f3znak, mint a b\u00e9r, teh\u00e1t a munkav\u00e1llal\u00f3nak is ad\u00f3znia kell. Bal\u00e1zs Kriszti\u00e1n, az Edenred \u00fcgyvezet\u0151 igazgat\u00f3ja szerint a munk\u00e1ltat\u00f3k j\u00f3 r\u00e9sze a v\u00e1ltoz\u00e1s ellen\u00e9re ezut\u00e1n is megtartja ezeket a juttat\u00e1sokat. Az Edenred augusztusban elv\u00e9gzett telefonos felm\u00e9r\u00e9se szerint mind\u00f6ssze a","canonical_url":"https:\/\/allasorias.hu\/hirek\/nincs-vege-a-cafeterianak\/","robots":"max-image-preview:large","keywords":"","webmasterTools":{"miscellaneous":""},"schema":{"@context":"https:\/\/schema.org","@graph":[{"@type":"Article","@id":"https:\/\/allasorias.hu\/hirek\/nincs-vege-a-cafeterianak\/#article","name":"Nincs v\u00e9ge a cafet\u00e9ri\u00e1nak | AllasOrias.hu | H\u00edrek-lapszemle","headline":"Nincs v\u00e9ge a cafet\u00e9ri\u00e1nak","author":{"@id":"https:\/\/allasorias.hu\/hirek\/author\/admin-allasorias\/#author"},"publisher":{"@id":"https:\/\/allasorias.hu\/hirek\/#organization"},"image":{"@type":"ImageObject","url":"https:\/\/allasorias.hu\/hirek\/wp-content\/uploads\/2018\/10\/cafeteria.jpg","width":644,"height":322},"datePublished":"2018-10-18T09:54:48+02:00","dateModified":"2018-10-26T08:24:15+02:00","inLanguage":"hu-HU","mainEntityOfPage":{"@id":"https:\/\/allasorias.hu\/hirek\/nincs-vege-a-cafeterianak\/#webpage"},"isPartOf":{"@id":"https:\/\/allasorias.hu\/hirek\/nincs-vege-a-cafeterianak\/#webpage"},"articleSection":"Gazdas\u00e1g"},{"@type":"BreadcrumbList","@id":"https:\/\/allasorias.hu\/hirek\/nincs-vege-a-cafeterianak\/#breadcrumblist","itemListElement":[{"@type":"ListItem","@id":"https:\/\/allasorias.hu\/hirek#listItem","position":1,"name":"Home","item":"https:\/\/allasorias.hu\/hirek","nextItem":{"@type":"ListItem","@id":"https:\/\/allasorias.hu\/hirek\/temak\/gazdasag\/#listItem","name":"Gazdas\u00e1g"}},{"@type":"ListItem","@id":"https:\/\/allasorias.hu\/hirek\/temak\/gazdasag\/#listItem","position":2,"name":"Gazdas\u00e1g","item":"https:\/\/allasorias.hu\/hirek\/temak\/gazdasag\/","nextItem":{"@type":"ListItem","@id":"https:\/\/allasorias.hu\/hirek\/nincs-vege-a-cafeterianak\/#listItem","name":"Nincs v\u00e9ge a cafet\u00e9ri\u00e1nak"},"previousItem":{"@type":"ListItem","@id":"https:\/\/allasorias.hu\/hirek#listItem","name":"Home"}},{"@type":"ListItem","@id":"https:\/\/allasorias.hu\/hirek\/nincs-vege-a-cafeterianak\/#listItem","position":3,"name":"Nincs v\u00e9ge a cafet\u00e9ri\u00e1nak","previousItem":{"@type":"ListItem","@id":"https:\/\/allasorias.hu\/hirek\/temak\/gazdasag\/#listItem","name":"Gazdas\u00e1g"}}]},{"@type":"Organization","@id":"https:\/\/allasorias.hu\/hirek\/#organization","name":"AllasOrias.hu | H\u00edrek-lapszemle","description":"\u00dczleti h\u00edrek az \u00e1ll\u00e1s \u00e9s a munka vil\u00e1g\u00e1b\u00f3l","url":"https:\/\/allasorias.hu\/hirek\/","logo":{"@type":"ImageObject","url":"https:\/\/allasorias.hu\/hirek\/wp-content\/uploads\/2022\/10\/allasorias_site_facebok_logo.png","@id":"https:\/\/allasorias.hu\/hirek\/nincs-vege-a-cafeterianak\/#organizationLogo"},"image":{"@id":"https:\/\/allasorias.hu\/hirek\/nincs-vege-a-cafeterianak\/#organizationLogo"},"sameAs":["https:\/\/www.facebook.com\/allasorias","https:\/\/www.linkedin.com\/company\/allasorias"]},{"@type":"Person","@id":"https:\/\/allasorias.hu\/hirek\/author\/admin-allasorias\/#author","url":"https:\/\/allasorias.hu\/hirek\/author\/admin-allasorias\/","name":"Juh\u00e1sz P\u00e9ter","image":{"@type":"ImageObject","@id":"https:\/\/allasorias.hu\/hirek\/nincs-vege-a-cafeterianak\/#authorImage","url":"https:\/\/secure.gravatar.com\/avatar\/36e6bcb83148978b992977cb0f54d22feb0cce8a0a849a9410532bb2623ba4c6?s=96&d=mm&r=g","width":96,"height":96,"caption":"Juh\u00e1sz P\u00e9ter"}},{"@type":"WebPage","@id":"https:\/\/allasorias.hu\/hirek\/nincs-vege-a-cafeterianak\/#webpage","url":"https:\/\/allasorias.hu\/hirek\/nincs-vege-a-cafeterianak\/","name":"Nincs v\u00e9ge a cafet\u00e9ri\u00e1nak | AllasOrias.hu | H\u00edrek-lapszemle","description":"A k\u00f6vetkez\u0151 \u00e9vben v\u00e1ltozik a b\u00e9ren k\u00edv\u00fcli juttat\u00e1sok ad\u00f3z\u00e1sa, a Sz\u00e9p-k\u00e1rtya kiv\u00e9tel\u00e9vel a dolgoz\u00f3i juttat\u00e1sok ugyan\u00fagy ad\u00f3znak, mint a b\u00e9r, teh\u00e1t a munkav\u00e1llal\u00f3nak is ad\u00f3znia kell. Bal\u00e1zs Kriszti\u00e1n, az Edenred \u00fcgyvezet\u0151 igazgat\u00f3ja szerint a munk\u00e1ltat\u00f3k j\u00f3 r\u00e9sze a v\u00e1ltoz\u00e1s ellen\u00e9re ezut\u00e1n is megtartja ezeket a juttat\u00e1sokat. Az Edenred augusztusban elv\u00e9gzett telefonos felm\u00e9r\u00e9se szerint mind\u00f6ssze a","inLanguage":"hu-HU","isPartOf":{"@id":"https:\/\/allasorias.hu\/hirek\/#website"},"breadcrumb":{"@id":"https:\/\/allasorias.hu\/hirek\/nincs-vege-a-cafeterianak\/#breadcrumblist"},"author":{"@id":"https:\/\/allasorias.hu\/hirek\/author\/admin-allasorias\/#author"},"creator":{"@id":"https:\/\/allasorias.hu\/hirek\/author\/admin-allasorias\/#author"},"image":{"@type":"ImageObject","url":"https:\/\/allasorias.hu\/hirek\/wp-content\/uploads\/2018\/10\/cafeteria.jpg","@id":"https:\/\/allasorias.hu\/hirek\/nincs-vege-a-cafeterianak\/#mainImage","width":644,"height":322},"primaryImageOfPage":{"@id":"https:\/\/allasorias.hu\/hirek\/nincs-vege-a-cafeterianak\/#mainImage"},"datePublished":"2018-10-18T09:54:48+02:00","dateModified":"2018-10-26T08:24:15+02:00"},{"@type":"WebSite","@id":"https:\/\/allasorias.hu\/hirek\/#website","url":"https:\/\/allasorias.hu\/hirek\/","name":"AllasOrias.hu | H\u00edrek-lapszemle","description":"\u00dczleti h\u00edrek az \u00e1ll\u00e1s \u00e9s a munka vil\u00e1g\u00e1b\u00f3l","inLanguage":"hu-HU","publisher":{"@id":"https:\/\/allasorias.hu\/hirek\/#organization"}}]},"og:locale":"hu_HU","og:site_name":"AllasOrias.hu | H\u00edrek-lapszemle | \u00dczleti h\u00edrek az \u00e1ll\u00e1s \u00e9s a munka vil\u00e1g\u00e1b\u00f3l","og:type":"article","og:title":"Nincs v\u00e9ge a cafet\u00e9ri\u00e1nak | AllasOrias.hu | H\u00edrek-lapszemle","og:description":"A k\u00f6vetkez\u0151 \u00e9vben v\u00e1ltozik a b\u00e9ren k\u00edv\u00fcli juttat\u00e1sok ad\u00f3z\u00e1sa, a Sz\u00e9p-k\u00e1rtya kiv\u00e9tel\u00e9vel a dolgoz\u00f3i juttat\u00e1sok ugyan\u00fagy ad\u00f3znak, mint a b\u00e9r, teh\u00e1t a munkav\u00e1llal\u00f3nak is ad\u00f3znia kell. Bal\u00e1zs Kriszti\u00e1n, az Edenred \u00fcgyvezet\u0151 igazgat\u00f3ja szerint a munk\u00e1ltat\u00f3k j\u00f3 r\u00e9sze a v\u00e1ltoz\u00e1s ellen\u00e9re ezut\u00e1n is megtartja ezeket a juttat\u00e1sokat. Az Edenred augusztusban elv\u00e9gzett telefonos felm\u00e9r\u00e9se szerint mind\u00f6ssze a","og:url":"https:\/\/allasorias.hu\/hirek\/nincs-vege-a-cafeterianak\/","og:image":"https:\/\/allasorias.hu\/hirek\/wp-content\/uploads\/2018\/10\/cafeteria.jpg","og:image:secure_url":"https:\/\/allasorias.hu\/hirek\/wp-content\/uploads\/2018\/10\/cafeteria.jpg","og:image:width":644,"og:image:height":322,"article:published_time":"2018-10-18T09:54:48+00:00","article:modified_time":"2018-10-26T08:24:15+00:00","article:publisher":"https:\/\/www.facebook.com\/allasorias","twitter:card":"summary_large_image","twitter:title":"Nincs v\u00e9ge a cafet\u00e9ri\u00e1nak | AllasOrias.hu | H\u00edrek-lapszemle","twitter:description":"A k\u00f6vetkez\u0151 \u00e9vben v\u00e1ltozik a b\u00e9ren k\u00edv\u00fcli juttat\u00e1sok ad\u00f3z\u00e1sa, a Sz\u00e9p-k\u00e1rtya kiv\u00e9tel\u00e9vel a dolgoz\u00f3i juttat\u00e1sok ugyan\u00fagy ad\u00f3znak, mint a b\u00e9r, teh\u00e1t a munkav\u00e1llal\u00f3nak is ad\u00f3znia kell. Bal\u00e1zs Kriszti\u00e1n, az Edenred \u00fcgyvezet\u0151 igazgat\u00f3ja szerint a munk\u00e1ltat\u00f3k j\u00f3 r\u00e9sze a v\u00e1ltoz\u00e1s ellen\u00e9re ezut\u00e1n is megtartja ezeket a juttat\u00e1sokat. Az Edenred augusztusban elv\u00e9gzett telefonos felm\u00e9r\u00e9se szerint mind\u00f6ssze a","twitter:image":"https:\/\/allasorias.hu\/hirek\/wp-content\/uploads\/2018\/10\/cafeteria.jpg","twitter:label1":"Written by","twitter:data1":"Juh\u00e1sz P\u00e9ter","twitter:label2":"Est. reading time","twitter:data2":"1 minute"},"aioseo_meta_data":{"post_id":"2037","title":null,"description":null,"keywords":null,"keyphrases":null,"primary_term":null,"canonical_url":null,"og_title":null,"og_description":null,"og_object_type":"default","og_image_type":"default","og_image_url":null,"og_image_width":null,"og_image_height":null,"og_image_custom_url":null,"og_image_custom_fields":null,"og_video":null,"og_custom_url":null,"og_article_section":null,"og_article_tags":null,"twitter_use_og":false,"twitter_card":"default","twitter_image_type":"default","twitter_image_url":null,"twitter_image_custom_url":null,"twitter_image_custom_fields":null,"twitter_title":null,"twitter_description":null,"schema":{"blockGraphs":[],"customGraphs":[],"default":{"data":{"Article":[],"Course":[],"Dataset":[],"FAQPage":[],"Movie":[],"Person":[],"Product":[],"ProductReview":[],"Car":[],"Recipe":[],"Service":[],"SoftwareApplication":[],"WebPage":[]},"graphName":"","isEnabled":true},"graphs":[],"defaultGraph":"","defaultPostTypeGraph":""},"schema_type":null,"schema_type_options":null,"pillar_content":false,"robots_default":true,"robots_noindex":false,"robots_noarchive":false,"robots_nosnippet":false,"robots_nofollow":false,"robots_noimageindex":false,"robots_noodp":false,"robots_notranslate":false,"robots_max_snippet":null,"robots_max_videopreview":null,"robots_max_imagepreview":"large","priority":null,"frequency":null,"location":null,"local_seo":null,"breadcrumb_settings":null,"limit_modified_date":false,"ai":null,"created":"2021-02-01 20:44:36","updated":"2025-10-02 09:07:15","seo_analyzer_scan_date":null,"focus_keyword":null,"additional_keywords":null,"truseo_locale":null},"aioseo_breadcrumb":"<div class=\"aioseo-breadcrumbs\"><span class=\"aioseo-breadcrumb\">\n\t\t\t<a href=\"https:\/\/allasorias.hu\/hirek\" title=\"Home\">Home<\/a>\n\t\t<\/span><span class=\"aioseo-breadcrumb-separator\">&raquo;<\/span><span class=\"aioseo-breadcrumb\">\n\t\t\t<a href=\"https:\/\/allasorias.hu\/hirek\/temak\/gazdasag\/\" title=\"Gazdas\u00e1g\">Gazdas\u00e1g<\/a>\n\t\t<\/span><span class=\"aioseo-breadcrumb-separator\">&raquo;<\/span><span class=\"aioseo-breadcrumb\">\n\t\t\tNincs v\u00e9ge a cafet\u00e9ri\u00e1nak\n\t\t<\/span><\/div>","aioseo_breadcrumb_json":[{"label":"Home","link":"https:\/\/allasorias.hu\/hirek"},{"label":"Gazdas\u00e1g","link":"https:\/\/allasorias.hu\/hirek\/temak\/gazdasag\/"},{"label":"Nincs v\u00e9ge a cafet\u00e9ri\u00e1nak","link":"https:\/\/allasorias.hu\/hirek\/nincs-vege-a-cafeterianak\/"}],"_links":{"self":[{"href":"https:\/\/allasorias.hu\/hirek\/wp-json\/wp\/v2\/posts\/2037","targetHints":{"allow":["GET"]}}],"collection":[{"href":"https:\/\/allasorias.hu\/hirek\/wp-json\/wp\/v2\/posts"}],"about":[{"href":"https:\/\/allasorias.hu\/hirek\/wp-json\/wp\/v2\/types\/post"}],"author":[{"embeddable":true,"href":"https:\/\/allasorias.hu\/hirek\/wp-json\/wp\/v2\/users\/1"}],"replies":[{"embeddable":true,"href":"https:\/\/allasorias.hu\/hirek\/wp-json\/wp\/v2\/comments?post=2037"}],"version-history":[{"count":1,"href":"https:\/\/allasorias.hu\/hirek\/wp-json\/wp\/v2\/posts\/2037\/revisions"}],"predecessor-version":[{"id":2038,"href":"https:\/\/allasorias.hu\/hirek\/wp-json\/wp\/v2\/posts\/2037\/revisions\/2038"}],"wp:featuredmedia":[{"embeddable":true,"href":"https:\/\/allasorias.hu\/hirek\/wp-json\/wp\/v2\/media\/2060"}],"wp:attachment":[{"href":"https:\/\/allasorias.hu\/hirek\/wp-json\/wp\/v2\/media?parent=2037"}],"wp:term":[{"taxonomy":"category","embeddable":true,"href":"https:\/\/allasorias.hu\/hirek\/wp-json\/wp\/v2\/categories?post=2037"},{"taxonomy":"post_tag","embeddable":true,"href":"https:\/\/allasorias.hu\/hirek\/wp-json\/wp\/v2\/tags?post=2037"}],"curies":[{"name":"wp","href":"https:\/\/api.w.org\/{rel}","templated":true}]}}