{"id":2021,"date":"2018-10-11T09:39:41","date_gmt":"2018-10-11T09:39:41","guid":{"rendered":"https:\/\/allasorias.hu\/hirek\/?p=2021"},"modified":"2018-10-11T09:39:41","modified_gmt":"2018-10-11T09:39:41","slug":"a-szakszervezet-250-ezer-ft-feletti-berminimumot-szeretne","status":"publish","type":"post","link":"https:\/\/allasorias.hu\/hirek\/a-szakszervezet-250-ezer-ft-feletti-berminimumot-szeretne\/","title":{"rendered":"A szakszervezet 250 ezer Ft feletti b\u00e9rminimumot szeretne"},"content":{"rendered":"<p><strong>Elkezd\u0151dtek az egyeztet\u00e9sek a j\u00f6v\u0151 \u00e9vi minim\u00e1lb\u00e9r- \u00e9s garant\u00e1lt b\u00e9rminimum-emel\u00e9ssel kapcsolatban. A munkaad\u00f3k \u00e9s a szakszervezetek \u00e1ll\u00e1spontja azonban nagyon k\u00fcl\u00f6nb\u00f6z\u0151, ez\u00e9rt k\u00e9ts\u00e9ges, hogy lesz-e megegyez\u00e9s.<\/strong><\/p>\n<p>A jelenleg \u00e9rv\u00e9nyben lev\u0151 hat\u00e9ves b\u00e9rmeg\u00e1llapod\u00e1s alapj\u00e1n a b\u00e9rek el\u0151\u00edrt als\u00f3 hat\u00e1ra k\u00e9t \u00e9ven \u00e1t folyamatosan n\u0151tt.\u00a0 Elfogadt\u00e1k, hogy a munk\u00e1ltat\u00f3kat terhel\u0151 19,5 sz\u00e1zal\u00e9kos szoci\u00e1lis hozz\u00e1j\u00e1rul\u00e1si ad\u00f3 (szoch\u00f3) n\u00e9gy l\u00e9p\u00e9sben 2-2 sz\u00e1zal\u00e9kponttal cs\u00f6kkenjen 2022-re 11,5 sz\u00e1zal\u00e9kra. Ennek felt\u00e9telek\u00e9nt szabt\u00e1k azonban, hogy 2019-t\u0151l a re\u00e1lkereseti mutat\u00f3 minden alkalommal 6 sz\u00e1zal\u00e9kkal n\u0151j\u00f6n. A jelenlegi t\u00e1rgyal\u00e1sok fesz\u00fcltnek \u00edg\u00e9rkeznek, mert a m\u00e1r elfogadott ad\u00f3t\u00f6rv\u00e9nyek szerint j\u00f6v\u0151re a cafeteria nagym\u00e9rt\u00e9k\u0171 \u00e1talak\u00edt\u00e1sa k\u00f6vetkezik, k\u00e9tmilli\u00f3 munkav\u00e1llal\u00f3 vesz\u00edtene \u00e9vente 90 ezer forintot, ha a korm\u00e1ny a beterjesztett m\u00f3don alak\u00edtan\u00e1 \u00e1t a cafeteri\u00e1t \u2013 jelentette ki \u00a0kor\u00e1bban a Magyar Szakszervezeti Sz\u00f6vets\u00e9g (MASZSZ), amely a hat\u00e9ves b\u00e9rmeg\u00e1llapod\u00e1st kieg\u00e9sz\u00edten\u00e9 a b\u00e9ren k\u00edv\u00fcli juttat\u00e1si elemekkel. A munkav\u00e1llal\u00f3i k\u00e9pviseletek k\u00e9tsz\u00e1mjegy\u0171 minim\u00e1lb\u00e9r- \u00e9s b\u00e9rminimum-emel\u00e9st tartanak sz\u00fcks\u00e9gesnek. A Liga Szakszervezetek k\u00e9t\u00e9ves egyezs\u00e9get szeretne, kiindul\u00f3pontk\u00e9nt pedig a cseh minim\u00e1lb\u00e9r el\u00e9r\u00e9s\u00e9t tartja sz\u00fcks\u00e9gesnek: v\u00e1ltozatlan munkav\u00e1llal\u00f3i elvon\u00e1s mellett \u00edgy a minim\u00e1lb\u00e9rt 2020-ra brutt\u00f3 190 ezerre, m\u00edg a garant\u00e1lt b\u00e9rminimumot 254 ezer forintra emeln\u00e9k.<\/p>\n<p><em>Forr\u00e1s: azenpenzem.hu<\/em><\/p>\n","protected":false},"excerpt":{"rendered":"<p>Elkezd\u0151dtek az egyeztet\u00e9sek a j\u00f6v\u0151 \u00e9vi minim\u00e1lb\u00e9r- \u00e9s garant\u00e1lt b\u00e9rminimum-emel\u00e9ssel kapcsolatban. A munkaad\u00f3k \u00e9s a szakszervezetek \u00e1ll\u00e1spontja azonban nagyon k\u00fcl\u00f6nb\u00f6z\u0151, ez\u00e9rt k\u00e9ts\u00e9ges, hogy lesz-e megegyez\u00e9s. A jelenleg \u00e9rv\u00e9nyben lev\u0151 hat\u00e9ves b\u00e9rmeg\u00e1llapod\u00e1s alapj\u00e1n a b\u00e9rek el\u0151\u00edrt als\u00f3 hat\u00e1ra k\u00e9t \u00e9ven \u00e1t folyamatosan n\u0151tt.\u00a0 Elfogadt\u00e1k, hogy a munk\u00e1ltat\u00f3kat terhel\u0151 19,5 sz\u00e1zal\u00e9kos szoci\u00e1lis hozz\u00e1j\u00e1rul\u00e1si ad\u00f3 (szoch\u00f3) n\u00e9gy l\u00e9p\u00e9sben [&hellip;]<\/p>\n","protected":false},"author":1,"featured_media":2022,"comment_status":"open","ping_status":"open","sticky":false,"template":"","format":"standard","meta":{"_monsterinsights_skip_tracking":false,"footnotes":""},"categories":[198,200],"tags":[],"class_list":["post-2021","post","type-post","status-publish","format-standard","has-post-thumbnail","hentry","category-gazdasag","category-munkaeropiac"],"aioseo_notices":[],"aioseo_head":"\n\t\t<!-- All in One SEO 5.0.0.1 - aioseo.com -->\n\t<meta name=\"description\" content=\"Elkezd\u0151dtek az egyeztet\u00e9sek a j\u00f6v\u0151 \u00e9vi minim\u00e1lb\u00e9r- \u00e9s garant\u00e1lt b\u00e9rminimum-emel\u00e9ssel kapcsolatban. A munkaad\u00f3k \u00e9s a szakszervezetek \u00e1ll\u00e1spontja azonban nagyon k\u00fcl\u00f6nb\u00f6z\u0151, ez\u00e9rt k\u00e9ts\u00e9ges, hogy lesz-e megegyez\u00e9s. A jelenleg \u00e9rv\u00e9nyben lev\u0151 hat\u00e9ves b\u00e9rmeg\u00e1llapod\u00e1s alapj\u00e1n a b\u00e9rek el\u0151\u00edrt als\u00f3 hat\u00e1ra k\u00e9t \u00e9ven \u00e1t folyamatosan n\u0151tt. Elfogadt\u00e1k, hogy a munk\u00e1ltat\u00f3kat terhel\u0151 19,5 sz\u00e1zal\u00e9kos szoci\u00e1lis hozz\u00e1j\u00e1rul\u00e1si ad\u00f3 (szoch\u00f3) n\u00e9gy l\u00e9p\u00e9sben\" \/>\n\t<meta name=\"robots\" content=\"max-image-preview:large\" \/>\n\t<meta name=\"author\" content=\"Juh\u00e1sz P\u00e9ter\"\/>\n\t<link rel=\"canonical\" href=\"https:\/\/allasorias.hu\/hirek\/a-szakszervezet-250-ezer-ft-feletti-berminimumot-szeretne\/\" \/>\n\t<meta name=\"generator\" content=\"All in One SEO (AIOSEO) 5.0.0.1\" \/>\n\t\t<meta property=\"og:locale\" content=\"hu_HU\" \/>\n\t\t<meta property=\"og:site_name\" content=\"AllasOrias.hu | H\u00edrek-lapszemle | \u00dczleti h\u00edrek az \u00e1ll\u00e1s \u00e9s a munka vil\u00e1g\u00e1b\u00f3l\" \/>\n\t\t<meta property=\"og:type\" content=\"article\" \/>\n\t\t<meta property=\"og:title\" content=\"A szakszervezet 250 ezer Ft feletti b\u00e9rminimumot szeretne | AllasOrias.hu | H\u00edrek-lapszemle\" \/>\n\t\t<meta property=\"og:description\" content=\"Elkezd\u0151dtek az egyeztet\u00e9sek a j\u00f6v\u0151 \u00e9vi minim\u00e1lb\u00e9r- \u00e9s garant\u00e1lt b\u00e9rminimum-emel\u00e9ssel kapcsolatban. A munkaad\u00f3k \u00e9s a szakszervezetek \u00e1ll\u00e1spontja azonban nagyon k\u00fcl\u00f6nb\u00f6z\u0151, ez\u00e9rt k\u00e9ts\u00e9ges, hogy lesz-e megegyez\u00e9s. A jelenleg \u00e9rv\u00e9nyben lev\u0151 hat\u00e9ves b\u00e9rmeg\u00e1llapod\u00e1s alapj\u00e1n a b\u00e9rek el\u0151\u00edrt als\u00f3 hat\u00e1ra k\u00e9t \u00e9ven \u00e1t folyamatosan n\u0151tt. Elfogadt\u00e1k, hogy a munk\u00e1ltat\u00f3kat terhel\u0151 19,5 sz\u00e1zal\u00e9kos szoci\u00e1lis hozz\u00e1j\u00e1rul\u00e1si ad\u00f3 (szoch\u00f3) n\u00e9gy l\u00e9p\u00e9sben\" \/>\n\t\t<meta property=\"og:url\" content=\"https:\/\/allasorias.hu\/hirek\/a-szakszervezet-250-ezer-ft-feletti-berminimumot-szeretne\/\" \/>\n\t\t<meta property=\"og:image\" content=\"https:\/\/allasorias.hu\/hirek\/wp-content\/uploads\/2018\/10\/gazdasagi-novekedes-e1458815686129.jpg\" \/>\n\t\t<meta property=\"og:image:secure_url\" content=\"https:\/\/allasorias.hu\/hirek\/wp-content\/uploads\/2018\/10\/gazdasagi-novekedes-e1458815686129.jpg\" \/>\n\t\t<meta property=\"og:image:width\" content=\"640\" \/>\n\t\t<meta property=\"og:image:height\" content=\"360\" \/>\n\t\t<meta property=\"article:published_time\" content=\"2018-10-11T09:39:41+00:00\" \/>\n\t\t<meta property=\"article:modified_time\" content=\"2018-10-11T09:39:41+00:00\" \/>\n\t\t<meta property=\"article:publisher\" content=\"https:\/\/www.facebook.com\/allasorias\" \/>\n\t\t<meta name=\"twitter:card\" content=\"summary_large_image\" \/>\n\t\t<meta name=\"twitter:title\" content=\"A szakszervezet 250 ezer Ft feletti b\u00e9rminimumot szeretne | AllasOrias.hu | H\u00edrek-lapszemle\" \/>\n\t\t<meta name=\"twitter:description\" content=\"Elkezd\u0151dtek az egyeztet\u00e9sek a j\u00f6v\u0151 \u00e9vi minim\u00e1lb\u00e9r- \u00e9s garant\u00e1lt b\u00e9rminimum-emel\u00e9ssel kapcsolatban. A munkaad\u00f3k \u00e9s a szakszervezetek \u00e1ll\u00e1spontja azonban nagyon k\u00fcl\u00f6nb\u00f6z\u0151, ez\u00e9rt k\u00e9ts\u00e9ges, hogy lesz-e megegyez\u00e9s. A jelenleg \u00e9rv\u00e9nyben lev\u0151 hat\u00e9ves b\u00e9rmeg\u00e1llapod\u00e1s alapj\u00e1n a b\u00e9rek el\u0151\u00edrt als\u00f3 hat\u00e1ra k\u00e9t \u00e9ven \u00e1t folyamatosan n\u0151tt. Elfogadt\u00e1k, hogy a munk\u00e1ltat\u00f3kat terhel\u0151 19,5 sz\u00e1zal\u00e9kos szoci\u00e1lis hozz\u00e1j\u00e1rul\u00e1si ad\u00f3 (szoch\u00f3) n\u00e9gy l\u00e9p\u00e9sben\" \/>\n\t\t<meta name=\"twitter:image\" content=\"https:\/\/allasorias.hu\/hirek\/wp-content\/uploads\/2018\/10\/gazdasagi-novekedes-e1458815686129.jpg\" \/>\n\t\t<meta name=\"twitter:label1\" content=\"Written by\" \/>\n\t\t<meta name=\"twitter:data1\" content=\"Juh\u00e1sz P\u00e9ter\" \/>\n\t\t<meta name=\"twitter:label2\" content=\"Est. reading time\" \/>\n\t\t<meta name=\"twitter:data2\" content=\"1 minute\" \/>\n\t\t<script type=\"application\/ld+json\" class=\"aioseo-schema\">\n\t\t\t{\"@context\":\"https:\\\/\\\/schema.org\",\"@graph\":[{\"@type\":\"Article\",\"@id\":\"https:\\\/\\\/allasorias.hu\\\/hirek\\\/a-szakszervezet-250-ezer-ft-feletti-berminimumot-szeretne\\\/#article\",\"name\":\"A szakszervezet 250 ezer Ft feletti b\\u00e9rminimumot szeretne | AllasOrias.hu | H\\u00edrek-lapszemle\",\"headline\":\"A szakszervezet 250 ezer Ft feletti b\\u00e9rminimumot szeretne\",\"author\":{\"@id\":\"https:\\\/\\\/allasorias.hu\\\/hirek\\\/author\\\/admin-allasorias\\\/#author\"},\"publisher\":{\"@id\":\"https:\\\/\\\/allasorias.hu\\\/hirek\\\/#organization\"},\"image\":{\"@type\":\"ImageObject\",\"url\":\"https:\\\/\\\/allasorias.hu\\\/hirek\\\/wp-content\\\/uploads\\\/2018\\\/10\\\/gazdasagi-novekedes-e1458815686129.jpg\",\"width\":640,\"height\":360},\"datePublished\":\"2018-10-11T09:39:41+02:00\",\"dateModified\":\"2018-10-11T09:39:41+02:00\",\"inLanguage\":\"hu-HU\",\"commentCount\":5,\"mainEntityOfPage\":{\"@id\":\"https:\\\/\\\/allasorias.hu\\\/hirek\\\/a-szakszervezet-250-ezer-ft-feletti-berminimumot-szeretne\\\/#webpage\"},\"isPartOf\":{\"@id\":\"https:\\\/\\\/allasorias.hu\\\/hirek\\\/a-szakszervezet-250-ezer-ft-feletti-berminimumot-szeretne\\\/#webpage\"},\"articleSection\":\"Gazdas\\u00e1g, Munkaer\\u0151piac\"},{\"@type\":\"BreadcrumbList\",\"@id\":\"https:\\\/\\\/allasorias.hu\\\/hirek\\\/a-szakszervezet-250-ezer-ft-feletti-berminimumot-szeretne\\\/#breadcrumblist\",\"itemListElement\":[{\"@type\":\"ListItem\",\"@id\":\"https:\\\/\\\/allasorias.hu\\\/hirek#listItem\",\"position\":1,\"name\":\"Home\",\"item\":\"https:\\\/\\\/allasorias.hu\\\/hirek\",\"nextItem\":{\"@type\":\"ListItem\",\"@id\":\"https:\\\/\\\/allasorias.hu\\\/hirek\\\/temak\\\/gazdasag\\\/#listItem\",\"name\":\"Gazdas\\u00e1g\"}},{\"@type\":\"ListItem\",\"@id\":\"https:\\\/\\\/allasorias.hu\\\/hirek\\\/temak\\\/gazdasag\\\/#listItem\",\"position\":2,\"name\":\"Gazdas\\u00e1g\",\"item\":\"https:\\\/\\\/allasorias.hu\\\/hirek\\\/temak\\\/gazdasag\\\/\",\"nextItem\":{\"@type\":\"ListItem\",\"@id\":\"https:\\\/\\\/allasorias.hu\\\/hirek\\\/a-szakszervezet-250-ezer-ft-feletti-berminimumot-szeretne\\\/#listItem\",\"name\":\"A szakszervezet 250 ezer Ft feletti b\\u00e9rminimumot szeretne\"},\"previousItem\":{\"@type\":\"ListItem\",\"@id\":\"https:\\\/\\\/allasorias.hu\\\/hirek#listItem\",\"name\":\"Home\"}},{\"@type\":\"ListItem\",\"@id\":\"https:\\\/\\\/allasorias.hu\\\/hirek\\\/a-szakszervezet-250-ezer-ft-feletti-berminimumot-szeretne\\\/#listItem\",\"position\":3,\"name\":\"A szakszervezet 250 ezer Ft feletti b\\u00e9rminimumot szeretne\",\"previousItem\":{\"@type\":\"ListItem\",\"@id\":\"https:\\\/\\\/allasorias.hu\\\/hirek\\\/temak\\\/gazdasag\\\/#listItem\",\"name\":\"Gazdas\\u00e1g\"}}]},{\"@type\":\"Organization\",\"@id\":\"https:\\\/\\\/allasorias.hu\\\/hirek\\\/#organization\",\"name\":\"AllasOrias.hu | H\\u00edrek-lapszemle\",\"description\":\"\\u00dczleti h\\u00edrek az \\u00e1ll\\u00e1s \\u00e9s a munka vil\\u00e1g\\u00e1b\\u00f3l\",\"url\":\"https:\\\/\\\/allasorias.hu\\\/hirek\\\/\",\"logo\":{\"@type\":\"ImageObject\",\"url\":\"https:\\\/\\\/allasorias.hu\\\/hirek\\\/wp-content\\\/uploads\\\/2022\\\/10\\\/allasorias_site_facebok_logo.png\",\"@id\":\"https:\\\/\\\/allasorias.hu\\\/hirek\\\/a-szakszervezet-250-ezer-ft-feletti-berminimumot-szeretne\\\/#organizationLogo\"},\"image\":{\"@id\":\"https:\\\/\\\/allasorias.hu\\\/hirek\\\/a-szakszervezet-250-ezer-ft-feletti-berminimumot-szeretne\\\/#organizationLogo\"},\"sameAs\":[\"https:\\\/\\\/www.facebook.com\\\/allasorias\",\"https:\\\/\\\/www.linkedin.com\\\/company\\\/allasorias\"]},{\"@type\":\"Person\",\"@id\":\"https:\\\/\\\/allasorias.hu\\\/hirek\\\/author\\\/admin-allasorias\\\/#author\",\"url\":\"https:\\\/\\\/allasorias.hu\\\/hirek\\\/author\\\/admin-allasorias\\\/\",\"name\":\"Juh\\u00e1sz P\\u00e9ter\",\"image\":{\"@type\":\"ImageObject\",\"@id\":\"https:\\\/\\\/allasorias.hu\\\/hirek\\\/a-szakszervezet-250-ezer-ft-feletti-berminimumot-szeretne\\\/#authorImage\",\"url\":\"https:\\\/\\\/secure.gravatar.com\\\/avatar\\\/36e6bcb83148978b992977cb0f54d22feb0cce8a0a849a9410532bb2623ba4c6?s=96&d=mm&r=g\",\"width\":96,\"height\":96,\"caption\":\"Juh\\u00e1sz P\\u00e9ter\"}},{\"@type\":\"WebPage\",\"@id\":\"https:\\\/\\\/allasorias.hu\\\/hirek\\\/a-szakszervezet-250-ezer-ft-feletti-berminimumot-szeretne\\\/#webpage\",\"url\":\"https:\\\/\\\/allasorias.hu\\\/hirek\\\/a-szakszervezet-250-ezer-ft-feletti-berminimumot-szeretne\\\/\",\"name\":\"A szakszervezet 250 ezer Ft feletti b\\u00e9rminimumot szeretne | AllasOrias.hu | H\\u00edrek-lapszemle\",\"description\":\"Elkezd\\u0151dtek az egyeztet\\u00e9sek a j\\u00f6v\\u0151 \\u00e9vi minim\\u00e1lb\\u00e9r- \\u00e9s garant\\u00e1lt b\\u00e9rminimum-emel\\u00e9ssel kapcsolatban. A munkaad\\u00f3k \\u00e9s a szakszervezetek \\u00e1ll\\u00e1spontja azonban nagyon k\\u00fcl\\u00f6nb\\u00f6z\\u0151, ez\\u00e9rt k\\u00e9ts\\u00e9ges, hogy lesz-e megegyez\\u00e9s. A jelenleg \\u00e9rv\\u00e9nyben lev\\u0151 hat\\u00e9ves b\\u00e9rmeg\\u00e1llapod\\u00e1s alapj\\u00e1n a b\\u00e9rek el\\u0151\\u00edrt als\\u00f3 hat\\u00e1ra k\\u00e9t \\u00e9ven \\u00e1t folyamatosan n\\u0151tt. Elfogadt\\u00e1k, hogy a munk\\u00e1ltat\\u00f3kat terhel\\u0151 19,5 sz\\u00e1zal\\u00e9kos szoci\\u00e1lis hozz\\u00e1j\\u00e1rul\\u00e1si ad\\u00f3 (szoch\\u00f3) n\\u00e9gy l\\u00e9p\\u00e9sben\",\"inLanguage\":\"hu-HU\",\"isPartOf\":{\"@id\":\"https:\\\/\\\/allasorias.hu\\\/hirek\\\/#website\"},\"breadcrumb\":{\"@id\":\"https:\\\/\\\/allasorias.hu\\\/hirek\\\/a-szakszervezet-250-ezer-ft-feletti-berminimumot-szeretne\\\/#breadcrumblist\"},\"author\":{\"@id\":\"https:\\\/\\\/allasorias.hu\\\/hirek\\\/author\\\/admin-allasorias\\\/#author\"},\"creator\":{\"@id\":\"https:\\\/\\\/allasorias.hu\\\/hirek\\\/author\\\/admin-allasorias\\\/#author\"},\"image\":{\"@type\":\"ImageObject\",\"url\":\"https:\\\/\\\/allasorias.hu\\\/hirek\\\/wp-content\\\/uploads\\\/2018\\\/10\\\/gazdasagi-novekedes-e1458815686129.jpg\",\"@id\":\"https:\\\/\\\/allasorias.hu\\\/hirek\\\/a-szakszervezet-250-ezer-ft-feletti-berminimumot-szeretne\\\/#mainImage\",\"width\":640,\"height\":360},\"primaryImageOfPage\":{\"@id\":\"https:\\\/\\\/allasorias.hu\\\/hirek\\\/a-szakszervezet-250-ezer-ft-feletti-berminimumot-szeretne\\\/#mainImage\"},\"datePublished\":\"2018-10-11T09:39:41+02:00\",\"dateModified\":\"2018-10-11T09:39:41+02:00\"},{\"@type\":\"WebSite\",\"@id\":\"https:\\\/\\\/allasorias.hu\\\/hirek\\\/#website\",\"url\":\"https:\\\/\\\/allasorias.hu\\\/hirek\\\/\",\"name\":\"AllasOrias.hu | H\\u00edrek-lapszemle\",\"description\":\"\\u00dczleti h\\u00edrek az \\u00e1ll\\u00e1s \\u00e9s a munka vil\\u00e1g\\u00e1b\\u00f3l\",\"inLanguage\":\"hu-HU\",\"publisher\":{\"@id\":\"https:\\\/\\\/allasorias.hu\\\/hirek\\\/#organization\"}}]}\n\t\t<\/script>\n\t\t<!-- All in One SEO -->\n\n","aioseo_head_json":{"title":"A szakszervezet 250 ezer Ft feletti b\u00e9rminimumot szeretne | AllasOrias.hu | H\u00edrek-lapszemle","description":"Elkezd\u0151dtek az egyeztet\u00e9sek a j\u00f6v\u0151 \u00e9vi minim\u00e1lb\u00e9r- \u00e9s garant\u00e1lt b\u00e9rminimum-emel\u00e9ssel kapcsolatban. A munkaad\u00f3k \u00e9s a szakszervezetek \u00e1ll\u00e1spontja azonban nagyon k\u00fcl\u00f6nb\u00f6z\u0151, ez\u00e9rt k\u00e9ts\u00e9ges, hogy lesz-e megegyez\u00e9s. A jelenleg \u00e9rv\u00e9nyben lev\u0151 hat\u00e9ves b\u00e9rmeg\u00e1llapod\u00e1s alapj\u00e1n a b\u00e9rek el\u0151\u00edrt als\u00f3 hat\u00e1ra k\u00e9t \u00e9ven \u00e1t folyamatosan n\u0151tt. Elfogadt\u00e1k, hogy a munk\u00e1ltat\u00f3kat terhel\u0151 19,5 sz\u00e1zal\u00e9kos szoci\u00e1lis hozz\u00e1j\u00e1rul\u00e1si ad\u00f3 (szoch\u00f3) n\u00e9gy l\u00e9p\u00e9sben","canonical_url":"https:\/\/allasorias.hu\/hirek\/a-szakszervezet-250-ezer-ft-feletti-berminimumot-szeretne\/","robots":"max-image-preview:large","keywords":"","webmasterTools":{"miscellaneous":""},"schema":{"@context":"https:\/\/schema.org","@graph":[{"@type":"Article","@id":"https:\/\/allasorias.hu\/hirek\/a-szakszervezet-250-ezer-ft-feletti-berminimumot-szeretne\/#article","name":"A szakszervezet 250 ezer Ft feletti b\u00e9rminimumot szeretne | AllasOrias.hu | H\u00edrek-lapszemle","headline":"A szakszervezet 250 ezer Ft feletti b\u00e9rminimumot szeretne","author":{"@id":"https:\/\/allasorias.hu\/hirek\/author\/admin-allasorias\/#author"},"publisher":{"@id":"https:\/\/allasorias.hu\/hirek\/#organization"},"image":{"@type":"ImageObject","url":"https:\/\/allasorias.hu\/hirek\/wp-content\/uploads\/2018\/10\/gazdasagi-novekedes-e1458815686129.jpg","width":640,"height":360},"datePublished":"2018-10-11T09:39:41+02:00","dateModified":"2018-10-11T09:39:41+02:00","inLanguage":"hu-HU","commentCount":5,"mainEntityOfPage":{"@id":"https:\/\/allasorias.hu\/hirek\/a-szakszervezet-250-ezer-ft-feletti-berminimumot-szeretne\/#webpage"},"isPartOf":{"@id":"https:\/\/allasorias.hu\/hirek\/a-szakszervezet-250-ezer-ft-feletti-berminimumot-szeretne\/#webpage"},"articleSection":"Gazdas\u00e1g, Munkaer\u0151piac"},{"@type":"BreadcrumbList","@id":"https:\/\/allasorias.hu\/hirek\/a-szakszervezet-250-ezer-ft-feletti-berminimumot-szeretne\/#breadcrumblist","itemListElement":[{"@type":"ListItem","@id":"https:\/\/allasorias.hu\/hirek#listItem","position":1,"name":"Home","item":"https:\/\/allasorias.hu\/hirek","nextItem":{"@type":"ListItem","@id":"https:\/\/allasorias.hu\/hirek\/temak\/gazdasag\/#listItem","name":"Gazdas\u00e1g"}},{"@type":"ListItem","@id":"https:\/\/allasorias.hu\/hirek\/temak\/gazdasag\/#listItem","position":2,"name":"Gazdas\u00e1g","item":"https:\/\/allasorias.hu\/hirek\/temak\/gazdasag\/","nextItem":{"@type":"ListItem","@id":"https:\/\/allasorias.hu\/hirek\/a-szakszervezet-250-ezer-ft-feletti-berminimumot-szeretne\/#listItem","name":"A szakszervezet 250 ezer Ft feletti b\u00e9rminimumot szeretne"},"previousItem":{"@type":"ListItem","@id":"https:\/\/allasorias.hu\/hirek#listItem","name":"Home"}},{"@type":"ListItem","@id":"https:\/\/allasorias.hu\/hirek\/a-szakszervezet-250-ezer-ft-feletti-berminimumot-szeretne\/#listItem","position":3,"name":"A szakszervezet 250 ezer Ft feletti b\u00e9rminimumot szeretne","previousItem":{"@type":"ListItem","@id":"https:\/\/allasorias.hu\/hirek\/temak\/gazdasag\/#listItem","name":"Gazdas\u00e1g"}}]},{"@type":"Organization","@id":"https:\/\/allasorias.hu\/hirek\/#organization","name":"AllasOrias.hu | H\u00edrek-lapszemle","description":"\u00dczleti h\u00edrek az \u00e1ll\u00e1s \u00e9s a munka vil\u00e1g\u00e1b\u00f3l","url":"https:\/\/allasorias.hu\/hirek\/","logo":{"@type":"ImageObject","url":"https:\/\/allasorias.hu\/hirek\/wp-content\/uploads\/2022\/10\/allasorias_site_facebok_logo.png","@id":"https:\/\/allasorias.hu\/hirek\/a-szakszervezet-250-ezer-ft-feletti-berminimumot-szeretne\/#organizationLogo"},"image":{"@id":"https:\/\/allasorias.hu\/hirek\/a-szakszervezet-250-ezer-ft-feletti-berminimumot-szeretne\/#organizationLogo"},"sameAs":["https:\/\/www.facebook.com\/allasorias","https:\/\/www.linkedin.com\/company\/allasorias"]},{"@type":"Person","@id":"https:\/\/allasorias.hu\/hirek\/author\/admin-allasorias\/#author","url":"https:\/\/allasorias.hu\/hirek\/author\/admin-allasorias\/","name":"Juh\u00e1sz P\u00e9ter","image":{"@type":"ImageObject","@id":"https:\/\/allasorias.hu\/hirek\/a-szakszervezet-250-ezer-ft-feletti-berminimumot-szeretne\/#authorImage","url":"https:\/\/secure.gravatar.com\/avatar\/36e6bcb83148978b992977cb0f54d22feb0cce8a0a849a9410532bb2623ba4c6?s=96&d=mm&r=g","width":96,"height":96,"caption":"Juh\u00e1sz P\u00e9ter"}},{"@type":"WebPage","@id":"https:\/\/allasorias.hu\/hirek\/a-szakszervezet-250-ezer-ft-feletti-berminimumot-szeretne\/#webpage","url":"https:\/\/allasorias.hu\/hirek\/a-szakszervezet-250-ezer-ft-feletti-berminimumot-szeretne\/","name":"A szakszervezet 250 ezer Ft feletti b\u00e9rminimumot szeretne | AllasOrias.hu | H\u00edrek-lapszemle","description":"Elkezd\u0151dtek az egyeztet\u00e9sek a j\u00f6v\u0151 \u00e9vi minim\u00e1lb\u00e9r- \u00e9s garant\u00e1lt b\u00e9rminimum-emel\u00e9ssel kapcsolatban. A munkaad\u00f3k \u00e9s a szakszervezetek \u00e1ll\u00e1spontja azonban nagyon k\u00fcl\u00f6nb\u00f6z\u0151, ez\u00e9rt k\u00e9ts\u00e9ges, hogy lesz-e megegyez\u00e9s. A jelenleg \u00e9rv\u00e9nyben lev\u0151 hat\u00e9ves b\u00e9rmeg\u00e1llapod\u00e1s alapj\u00e1n a b\u00e9rek el\u0151\u00edrt als\u00f3 hat\u00e1ra k\u00e9t \u00e9ven \u00e1t folyamatosan n\u0151tt. Elfogadt\u00e1k, hogy a munk\u00e1ltat\u00f3kat terhel\u0151 19,5 sz\u00e1zal\u00e9kos szoci\u00e1lis hozz\u00e1j\u00e1rul\u00e1si ad\u00f3 (szoch\u00f3) n\u00e9gy l\u00e9p\u00e9sben","inLanguage":"hu-HU","isPartOf":{"@id":"https:\/\/allasorias.hu\/hirek\/#website"},"breadcrumb":{"@id":"https:\/\/allasorias.hu\/hirek\/a-szakszervezet-250-ezer-ft-feletti-berminimumot-szeretne\/#breadcrumblist"},"author":{"@id":"https:\/\/allasorias.hu\/hirek\/author\/admin-allasorias\/#author"},"creator":{"@id":"https:\/\/allasorias.hu\/hirek\/author\/admin-allasorias\/#author"},"image":{"@type":"ImageObject","url":"https:\/\/allasorias.hu\/hirek\/wp-content\/uploads\/2018\/10\/gazdasagi-novekedes-e1458815686129.jpg","@id":"https:\/\/allasorias.hu\/hirek\/a-szakszervezet-250-ezer-ft-feletti-berminimumot-szeretne\/#mainImage","width":640,"height":360},"primaryImageOfPage":{"@id":"https:\/\/allasorias.hu\/hirek\/a-szakszervezet-250-ezer-ft-feletti-berminimumot-szeretne\/#mainImage"},"datePublished":"2018-10-11T09:39:41+02:00","dateModified":"2018-10-11T09:39:41+02:00"},{"@type":"WebSite","@id":"https:\/\/allasorias.hu\/hirek\/#website","url":"https:\/\/allasorias.hu\/hirek\/","name":"AllasOrias.hu | H\u00edrek-lapszemle","description":"\u00dczleti h\u00edrek az \u00e1ll\u00e1s \u00e9s a munka vil\u00e1g\u00e1b\u00f3l","inLanguage":"hu-HU","publisher":{"@id":"https:\/\/allasorias.hu\/hirek\/#organization"}}]},"og:locale":"hu_HU","og:site_name":"AllasOrias.hu | H\u00edrek-lapszemle | \u00dczleti h\u00edrek az \u00e1ll\u00e1s \u00e9s a munka vil\u00e1g\u00e1b\u00f3l","og:type":"article","og:title":"A szakszervezet 250 ezer Ft feletti b\u00e9rminimumot szeretne | AllasOrias.hu | H\u00edrek-lapszemle","og:description":"Elkezd\u0151dtek az egyeztet\u00e9sek a j\u00f6v\u0151 \u00e9vi minim\u00e1lb\u00e9r- \u00e9s garant\u00e1lt b\u00e9rminimum-emel\u00e9ssel kapcsolatban. A munkaad\u00f3k \u00e9s a szakszervezetek \u00e1ll\u00e1spontja azonban nagyon k\u00fcl\u00f6nb\u00f6z\u0151, ez\u00e9rt k\u00e9ts\u00e9ges, hogy lesz-e megegyez\u00e9s. A jelenleg \u00e9rv\u00e9nyben lev\u0151 hat\u00e9ves b\u00e9rmeg\u00e1llapod\u00e1s alapj\u00e1n a b\u00e9rek el\u0151\u00edrt als\u00f3 hat\u00e1ra k\u00e9t \u00e9ven \u00e1t folyamatosan n\u0151tt. Elfogadt\u00e1k, hogy a munk\u00e1ltat\u00f3kat terhel\u0151 19,5 sz\u00e1zal\u00e9kos szoci\u00e1lis hozz\u00e1j\u00e1rul\u00e1si ad\u00f3 (szoch\u00f3) n\u00e9gy l\u00e9p\u00e9sben","og:url":"https:\/\/allasorias.hu\/hirek\/a-szakszervezet-250-ezer-ft-feletti-berminimumot-szeretne\/","og:image":"https:\/\/allasorias.hu\/hirek\/wp-content\/uploads\/2018\/10\/gazdasagi-novekedes-e1458815686129.jpg","og:image:secure_url":"https:\/\/allasorias.hu\/hirek\/wp-content\/uploads\/2018\/10\/gazdasagi-novekedes-e1458815686129.jpg","og:image:width":640,"og:image:height":360,"article:published_time":"2018-10-11T09:39:41+00:00","article:modified_time":"2018-10-11T09:39:41+00:00","article:publisher":"https:\/\/www.facebook.com\/allasorias","twitter:card":"summary_large_image","twitter:title":"A szakszervezet 250 ezer Ft feletti b\u00e9rminimumot szeretne | AllasOrias.hu | H\u00edrek-lapszemle","twitter:description":"Elkezd\u0151dtek az egyeztet\u00e9sek a j\u00f6v\u0151 \u00e9vi minim\u00e1lb\u00e9r- \u00e9s garant\u00e1lt b\u00e9rminimum-emel\u00e9ssel kapcsolatban. A munkaad\u00f3k \u00e9s a szakszervezetek \u00e1ll\u00e1spontja azonban nagyon k\u00fcl\u00f6nb\u00f6z\u0151, ez\u00e9rt k\u00e9ts\u00e9ges, hogy lesz-e megegyez\u00e9s. A jelenleg \u00e9rv\u00e9nyben lev\u0151 hat\u00e9ves b\u00e9rmeg\u00e1llapod\u00e1s alapj\u00e1n a b\u00e9rek el\u0151\u00edrt als\u00f3 hat\u00e1ra k\u00e9t \u00e9ven \u00e1t folyamatosan n\u0151tt. Elfogadt\u00e1k, hogy a munk\u00e1ltat\u00f3kat terhel\u0151 19,5 sz\u00e1zal\u00e9kos szoci\u00e1lis hozz\u00e1j\u00e1rul\u00e1si ad\u00f3 (szoch\u00f3) n\u00e9gy l\u00e9p\u00e9sben","twitter:image":"https:\/\/allasorias.hu\/hirek\/wp-content\/uploads\/2018\/10\/gazdasagi-novekedes-e1458815686129.jpg","twitter:label1":"Written by","twitter:data1":"Juh\u00e1sz P\u00e9ter","twitter:label2":"Est. reading time","twitter:data2":"1 minute"},"aioseo_meta_data":{"post_id":"2021","title":null,"description":null,"keywords":null,"keyphrases":null,"primary_term":null,"canonical_url":null,"og_title":null,"og_description":null,"og_object_type":"default","og_image_type":"default","og_image_url":null,"og_image_width":null,"og_image_height":null,"og_image_custom_url":null,"og_image_custom_fields":null,"og_video":null,"og_custom_url":null,"og_article_section":null,"og_article_tags":null,"twitter_use_og":false,"twitter_card":"default","twitter_image_type":"default","twitter_image_url":null,"twitter_image_custom_url":null,"twitter_image_custom_fields":null,"twitter_title":null,"twitter_description":null,"schema":{"blockGraphs":[],"customGraphs":[],"default":{"data":{"Article":[],"Course":[],"Dataset":[],"FAQPage":[],"Movie":[],"Person":[],"Product":[],"ProductReview":[],"Car":[],"Recipe":[],"Service":[],"SoftwareApplication":[],"WebPage":[]},"graphName":"","isEnabled":true},"graphs":[]},"schema_type":null,"schema_type_options":null,"pillar_content":false,"robots_default":true,"robots_noindex":false,"robots_noarchive":false,"robots_nosnippet":false,"robots_nofollow":false,"robots_noimageindex":false,"robots_noodp":false,"robots_notranslate":false,"robots_max_snippet":null,"robots_max_videopreview":null,"robots_max_imagepreview":"large","priority":null,"frequency":null,"location":null,"local_seo":null,"breadcrumb_settings":null,"limit_modified_date":false,"ai":null,"created":"2021-02-01 20:44:36","updated":"2025-10-02 09:06:06","seo_analyzer_scan_date":null,"focus_keyword":null,"additional_keywords":null,"truseo_locale":null},"aioseo_breadcrumb":"<div class=\"aioseo-breadcrumbs\"><span class=\"aioseo-breadcrumb\">\n\t\t\t<a href=\"https:\/\/allasorias.hu\/hirek\" title=\"Home\">Home<\/a>\n\t\t<\/span><span class=\"aioseo-breadcrumb-separator\">&raquo;<\/span><span class=\"aioseo-breadcrumb\">\n\t\t\t<a href=\"https:\/\/allasorias.hu\/hirek\/temak\/gazdasag\/\" title=\"Gazdas\u00e1g\">Gazdas\u00e1g<\/a>\n\t\t<\/span><span class=\"aioseo-breadcrumb-separator\">&raquo;<\/span><span class=\"aioseo-breadcrumb\">\n\t\t\tA szakszervezet 250 ezer Ft feletti b\u00e9rminimumot szeretne\n\t\t<\/span><\/div>","aioseo_breadcrumb_json":[{"label":"Home","link":"https:\/\/allasorias.hu\/hirek"},{"label":"Gazdas\u00e1g","link":"https:\/\/allasorias.hu\/hirek\/temak\/gazdasag\/"},{"label":"A szakszervezet 250 ezer Ft feletti b\u00e9rminimumot szeretne","link":"https:\/\/allasorias.hu\/hirek\/a-szakszervezet-250-ezer-ft-feletti-berminimumot-szeretne\/"}],"_links":{"self":[{"href":"https:\/\/allasorias.hu\/hirek\/wp-json\/wp\/v2\/posts\/2021","targetHints":{"allow":["GET"]}}],"collection":[{"href":"https:\/\/allasorias.hu\/hirek\/wp-json\/wp\/v2\/posts"}],"about":[{"href":"https:\/\/allasorias.hu\/hirek\/wp-json\/wp\/v2\/types\/post"}],"author":[{"embeddable":true,"href":"https:\/\/allasorias.hu\/hirek\/wp-json\/wp\/v2\/users\/1"}],"replies":[{"embeddable":true,"href":"https:\/\/allasorias.hu\/hirek\/wp-json\/wp\/v2\/comments?post=2021"}],"version-history":[{"count":1,"href":"https:\/\/allasorias.hu\/hirek\/wp-json\/wp\/v2\/posts\/2021\/revisions"}],"predecessor-version":[{"id":2023,"href":"https:\/\/allasorias.hu\/hirek\/wp-json\/wp\/v2\/posts\/2021\/revisions\/2023"}],"wp:featuredmedia":[{"embeddable":true,"href":"https:\/\/allasorias.hu\/hirek\/wp-json\/wp\/v2\/media\/2022"}],"wp:attachment":[{"href":"https:\/\/allasorias.hu\/hirek\/wp-json\/wp\/v2\/media?parent=2021"}],"wp:term":[{"taxonomy":"category","embeddable":true,"href":"https:\/\/allasorias.hu\/hirek\/wp-json\/wp\/v2\/categories?post=2021"},{"taxonomy":"post_tag","embeddable":true,"href":"https:\/\/allasorias.hu\/hirek\/wp-json\/wp\/v2\/tags?post=2021"}],"curies":[{"name":"wp","href":"https:\/\/api.w.org\/{rel}","templated":true}]}}