{"id":2015,"date":"2018-10-10T14:15:25","date_gmt":"2018-10-10T14:15:25","guid":{"rendered":"https:\/\/allasorias.hu\/hirek\/?p=2015"},"modified":"2018-10-10T14:15:25","modified_gmt":"2018-10-10T14:15:25","slug":"a-munkaeropiacon-a-fiatalok-ervenyesitik-erdekeiket","status":"publish","type":"post","link":"https:\/\/allasorias.hu\/hirek\/a-munkaeropiacon-a-fiatalok-ervenyesitik-erdekeiket\/","title":{"rendered":"A munkaer\u0151piacon a fiatalok \u00e9rv\u00e9nyes\u00edtik \u00e9rdekeiket"},"content":{"rendered":"<p style=\"text-align: justify;\">A fiatalok sz\u00e1m\u00e1ra a munkahelyeken fontos a fizet\u00e9s nagys\u00e1ga, de kiemelten fontosnak tartj\u00e1k a munka min\u0151s\u00e9g\u00e9t \u00e9s \u00e9rdekeiket fokozottabban \u00e9rv\u00e9nyes\u00edtik. Paulovics \u00c9va, a Jobsgarden HR-toborz\u00f3 \u00e9s tan\u00e1csad\u00f3 c\u00e9g \u00fcgyvezet\u0151 igazgat\u00f3ja hangs\u00falyozta: felm\u00e9r\u00e9seik szerint az egyik legfontosabb kompetencia az al\u00e1zat a szakma, a feladat ir\u00e1nt, \u00e9s nem els\u0151sorban a \u00a0munkahelyi vezet\u0151 fel\u00e9. Egyre ink\u00e1bb jellemz\u0151, hogy a fiatal munkaer\u0151 m\u00e1r nem kiz\u00e1r\u00f3lag egy c\u00e9gn\u00e9l szeretne dolgozni eg\u00e9sz \u00e9let\u00e9ben.<\/p>\n<p style=\"text-align: justify;\">\u00c9rezhet\u0151 teh\u00e1t egy szeml\u00e9letv\u00e1lt\u00e1s, melynek l\u00e9nyege, hogy a munkab\u00e9r nagys\u00e1ga mellett fontos a fiatal sz\u00e1m\u00e1ra a fejl\u0151d\u00e9si lehet\u0151s\u00e9g, a munka kreativit\u00e1sa. Paulovics \u00c9va szerint \u00a0a j\u00f6v\u0151 \u00fatja, hogy a c\u00e9geknek lesz egy kis bels\u0151 magja, amely egy-egy projekt erej\u00e9ig laz\u00e1n kapcsol\u00f3d\u00f3 szatellit csoportokkal m\u0171k\u00f6dik egy\u00fctt, ezek a szabad\u00fasz\u00f3 csoportok ugyanakkor egyszerre t\u00f6bb c\u00e9ggel is kapcsolatba \u00e1llhatnak majd<\/p>\n<p style=\"text-align: justify;\"><em>Forr\u00e1s: magyarid\u0151k.hu, MTI<\/em><\/p>\n","protected":false},"excerpt":{"rendered":"<p>A fiatalok sz\u00e1m\u00e1ra a munkahelyeken fontos a fizet\u00e9s nagys\u00e1ga, de kiemelten fontosnak tartj\u00e1k a munka min\u0151s\u00e9g\u00e9t \u00e9s \u00e9rdekeiket fokozottabban \u00e9rv\u00e9nyes\u00edtik. Paulovics \u00c9va, a Jobsgarden HR-toborz\u00f3 \u00e9s tan\u00e1csad\u00f3 c\u00e9g \u00fcgyvezet\u0151 igazgat\u00f3ja hangs\u00falyozta: felm\u00e9r\u00e9seik szerint az egyik legfontosabb kompetencia az al\u00e1zat a szakma, a feladat ir\u00e1nt, \u00e9s nem els\u0151sorban a \u00a0munkahelyi vezet\u0151 fel\u00e9. Egyre ink\u00e1bb jellemz\u0151, hogy [&hellip;]<\/p>\n","protected":false},"author":1,"featured_media":2016,"comment_status":"open","ping_status":"open","sticky":false,"template":"","format":"standard","meta":{"_monsterinsights_skip_tracking":false,"footnotes":""},"categories":[1,199,200,205],"tags":[],"class_list":["post-2015","post","type-post","status-publish","format-standard","has-post-thumbnail","hentry","category-allaskereses","category-karrier","category-munkaeropiac","category-palyakezdok"],"aioseo_notices":[],"aioseo_head":"\n\t\t<!-- All in One SEO 5.0.0.1 - aioseo.com -->\n\t<meta name=\"description\" content=\"A fiatalok sz\u00e1m\u00e1ra a munkahelyeken fontos a fizet\u00e9s nagys\u00e1ga, de kiemelten fontosnak tartj\u00e1k a munka min\u0151s\u00e9g\u00e9t \u00e9s \u00e9rdekeiket fokozottabban \u00e9rv\u00e9nyes\u00edtik. Paulovics \u00c9va, a Jobsgarden HR-toborz\u00f3 \u00e9s tan\u00e1csad\u00f3 c\u00e9g \u00fcgyvezet\u0151 igazgat\u00f3ja hangs\u00falyozta: felm\u00e9r\u00e9seik szerint az egyik legfontosabb kompetencia az al\u00e1zat a szakma, a feladat ir\u00e1nt, \u00e9s nem els\u0151sorban a munkahelyi vezet\u0151 fel\u00e9. Egyre ink\u00e1bb jellemz\u0151, hogy\" \/>\n\t<meta name=\"robots\" content=\"max-image-preview:large\" \/>\n\t<meta name=\"author\" content=\"Juh\u00e1sz P\u00e9ter\"\/>\n\t<link rel=\"canonical\" href=\"https:\/\/allasorias.hu\/hirek\/a-munkaeropiacon-a-fiatalok-ervenyesitik-erdekeiket\/\" \/>\n\t<meta name=\"generator\" content=\"All in One SEO (AIOSEO) 5.0.0.1\" \/>\n\t\t<meta property=\"og:locale\" content=\"hu_HU\" \/>\n\t\t<meta property=\"og:site_name\" content=\"AllasOrias.hu | H\u00edrek-lapszemle | \u00dczleti h\u00edrek az \u00e1ll\u00e1s \u00e9s a munka vil\u00e1g\u00e1b\u00f3l\" \/>\n\t\t<meta property=\"og:type\" content=\"article\" \/>\n\t\t<meta property=\"og:title\" content=\"A munkaer\u0151piacon a fiatalok \u00e9rv\u00e9nyes\u00edtik \u00e9rdekeiket | AllasOrias.hu | H\u00edrek-lapszemle\" \/>\n\t\t<meta property=\"og:description\" content=\"A fiatalok sz\u00e1m\u00e1ra a munkahelyeken fontos a fizet\u00e9s nagys\u00e1ga, de kiemelten fontosnak tartj\u00e1k a munka min\u0151s\u00e9g\u00e9t \u00e9s \u00e9rdekeiket fokozottabban \u00e9rv\u00e9nyes\u00edtik. Paulovics \u00c9va, a Jobsgarden HR-toborz\u00f3 \u00e9s tan\u00e1csad\u00f3 c\u00e9g \u00fcgyvezet\u0151 igazgat\u00f3ja hangs\u00falyozta: felm\u00e9r\u00e9seik szerint az egyik legfontosabb kompetencia az al\u00e1zat a szakma, a feladat ir\u00e1nt, \u00e9s nem els\u0151sorban a munkahelyi vezet\u0151 fel\u00e9. Egyre ink\u00e1bb jellemz\u0151, hogy\" \/>\n\t\t<meta property=\"og:url\" content=\"https:\/\/allasorias.hu\/hirek\/a-munkaeropiacon-a-fiatalok-ervenyesitik-erdekeiket\/\" \/>\n\t\t<meta property=\"og:image\" content=\"https:\/\/allasorias.hu\/hirek\/wp-content\/uploads\/2018\/10\/palyakezdo.jpg\" \/>\n\t\t<meta property=\"og:image:secure_url\" content=\"https:\/\/allasorias.hu\/hirek\/wp-content\/uploads\/2018\/10\/palyakezdo.jpg\" \/>\n\t\t<meta property=\"og:image:width\" content=\"600\" \/>\n\t\t<meta property=\"og:image:height\" content=\"371\" \/>\n\t\t<meta property=\"article:published_time\" content=\"2018-10-10T14:15:25+00:00\" \/>\n\t\t<meta property=\"article:modified_time\" content=\"2018-10-10T14:15:25+00:00\" \/>\n\t\t<meta property=\"article:publisher\" content=\"https:\/\/www.facebook.com\/allasorias\" \/>\n\t\t<meta name=\"twitter:card\" content=\"summary_large_image\" \/>\n\t\t<meta name=\"twitter:title\" content=\"A munkaer\u0151piacon a fiatalok \u00e9rv\u00e9nyes\u00edtik \u00e9rdekeiket | AllasOrias.hu | H\u00edrek-lapszemle\" \/>\n\t\t<meta name=\"twitter:description\" content=\"A fiatalok sz\u00e1m\u00e1ra a munkahelyeken fontos a fizet\u00e9s nagys\u00e1ga, de kiemelten fontosnak tartj\u00e1k a munka min\u0151s\u00e9g\u00e9t \u00e9s \u00e9rdekeiket fokozottabban \u00e9rv\u00e9nyes\u00edtik. Paulovics \u00c9va, a Jobsgarden HR-toborz\u00f3 \u00e9s tan\u00e1csad\u00f3 c\u00e9g \u00fcgyvezet\u0151 igazgat\u00f3ja hangs\u00falyozta: felm\u00e9r\u00e9seik szerint az egyik legfontosabb kompetencia az al\u00e1zat a szakma, a feladat ir\u00e1nt, \u00e9s nem els\u0151sorban a munkahelyi vezet\u0151 fel\u00e9. Egyre ink\u00e1bb jellemz\u0151, hogy\" \/>\n\t\t<meta name=\"twitter:image\" content=\"https:\/\/allasorias.hu\/hirek\/wp-content\/uploads\/2018\/10\/palyakezdo.jpg\" \/>\n\t\t<meta name=\"twitter:label1\" content=\"Written by\" \/>\n\t\t<meta name=\"twitter:data1\" content=\"Juh\u00e1sz P\u00e9ter\" \/>\n\t\t<meta name=\"twitter:label2\" content=\"Est. reading time\" \/>\n\t\t<meta name=\"twitter:data2\" content=\"1 minute\" \/>\n\t\t<script type=\"application\/ld+json\" class=\"aioseo-schema\">\n\t\t\t{\"@context\":\"https:\\\/\\\/schema.org\",\"@graph\":[{\"@type\":\"Article\",\"@id\":\"https:\\\/\\\/allasorias.hu\\\/hirek\\\/a-munkaeropiacon-a-fiatalok-ervenyesitik-erdekeiket\\\/#article\",\"name\":\"A munkaer\\u0151piacon a fiatalok \\u00e9rv\\u00e9nyes\\u00edtik \\u00e9rdekeiket | AllasOrias.hu | H\\u00edrek-lapszemle\",\"headline\":\"A munkaer\\u0151piacon a fiatalok \\u00e9rv\\u00e9nyes\\u00edtik \\u00e9rdekeiket\",\"author\":{\"@id\":\"https:\\\/\\\/allasorias.hu\\\/hirek\\\/author\\\/admin-allasorias\\\/#author\"},\"publisher\":{\"@id\":\"https:\\\/\\\/allasorias.hu\\\/hirek\\\/#organization\"},\"image\":{\"@type\":\"ImageObject\",\"url\":\"https:\\\/\\\/allasorias.hu\\\/hirek\\\/wp-content\\\/uploads\\\/2018\\\/10\\\/palyakezdo.jpg\",\"width\":600,\"height\":371},\"datePublished\":\"2018-10-10T14:15:25+02:00\",\"dateModified\":\"2018-10-10T14:15:25+02:00\",\"inLanguage\":\"hu-HU\",\"mainEntityOfPage\":{\"@id\":\"https:\\\/\\\/allasorias.hu\\\/hirek\\\/a-munkaeropiacon-a-fiatalok-ervenyesitik-erdekeiket\\\/#webpage\"},\"isPartOf\":{\"@id\":\"https:\\\/\\\/allasorias.hu\\\/hirek\\\/a-munkaeropiacon-a-fiatalok-ervenyesitik-erdekeiket\\\/#webpage\"},\"articleSection\":\"\\u00c1ll\\u00e1skeres\\u00e9s, Karrier, Munkaer\\u0151piac, P\\u00e1lyakezd\\u0151k\"},{\"@type\":\"BreadcrumbList\",\"@id\":\"https:\\\/\\\/allasorias.hu\\\/hirek\\\/a-munkaeropiacon-a-fiatalok-ervenyesitik-erdekeiket\\\/#breadcrumblist\",\"itemListElement\":[{\"@type\":\"ListItem\",\"@id\":\"https:\\\/\\\/allasorias.hu\\\/hirek#listItem\",\"position\":1,\"name\":\"Home\",\"item\":\"https:\\\/\\\/allasorias.hu\\\/hirek\",\"nextItem\":{\"@type\":\"ListItem\",\"@id\":\"https:\\\/\\\/allasorias.hu\\\/hirek\\\/temak\\\/allaskereses\\\/#listItem\",\"name\":\"\\u00c1ll\\u00e1skeres\\u00e9s\"}},{\"@type\":\"ListItem\",\"@id\":\"https:\\\/\\\/allasorias.hu\\\/hirek\\\/temak\\\/allaskereses\\\/#listItem\",\"position\":2,\"name\":\"\\u00c1ll\\u00e1skeres\\u00e9s\",\"item\":\"https:\\\/\\\/allasorias.hu\\\/hirek\\\/temak\\\/allaskereses\\\/\",\"nextItem\":{\"@type\":\"ListItem\",\"@id\":\"https:\\\/\\\/allasorias.hu\\\/hirek\\\/a-munkaeropiacon-a-fiatalok-ervenyesitik-erdekeiket\\\/#listItem\",\"name\":\"A munkaer\\u0151piacon a fiatalok \\u00e9rv\\u00e9nyes\\u00edtik \\u00e9rdekeiket\"},\"previousItem\":{\"@type\":\"ListItem\",\"@id\":\"https:\\\/\\\/allasorias.hu\\\/hirek#listItem\",\"name\":\"Home\"}},{\"@type\":\"ListItem\",\"@id\":\"https:\\\/\\\/allasorias.hu\\\/hirek\\\/a-munkaeropiacon-a-fiatalok-ervenyesitik-erdekeiket\\\/#listItem\",\"position\":3,\"name\":\"A munkaer\\u0151piacon a fiatalok \\u00e9rv\\u00e9nyes\\u00edtik \\u00e9rdekeiket\",\"previousItem\":{\"@type\":\"ListItem\",\"@id\":\"https:\\\/\\\/allasorias.hu\\\/hirek\\\/temak\\\/allaskereses\\\/#listItem\",\"name\":\"\\u00c1ll\\u00e1skeres\\u00e9s\"}}]},{\"@type\":\"Organization\",\"@id\":\"https:\\\/\\\/allasorias.hu\\\/hirek\\\/#organization\",\"name\":\"AllasOrias.hu | H\\u00edrek-lapszemle\",\"description\":\"\\u00dczleti h\\u00edrek az \\u00e1ll\\u00e1s \\u00e9s a munka vil\\u00e1g\\u00e1b\\u00f3l\",\"url\":\"https:\\\/\\\/allasorias.hu\\\/hirek\\\/\",\"logo\":{\"@type\":\"ImageObject\",\"url\":\"https:\\\/\\\/allasorias.hu\\\/hirek\\\/wp-content\\\/uploads\\\/2022\\\/10\\\/allasorias_site_facebok_logo.png\",\"@id\":\"https:\\\/\\\/allasorias.hu\\\/hirek\\\/a-munkaeropiacon-a-fiatalok-ervenyesitik-erdekeiket\\\/#organizationLogo\"},\"image\":{\"@id\":\"https:\\\/\\\/allasorias.hu\\\/hirek\\\/a-munkaeropiacon-a-fiatalok-ervenyesitik-erdekeiket\\\/#organizationLogo\"},\"sameAs\":[\"https:\\\/\\\/www.facebook.com\\\/allasorias\",\"https:\\\/\\\/www.linkedin.com\\\/company\\\/allasorias\"]},{\"@type\":\"Person\",\"@id\":\"https:\\\/\\\/allasorias.hu\\\/hirek\\\/author\\\/admin-allasorias\\\/#author\",\"url\":\"https:\\\/\\\/allasorias.hu\\\/hirek\\\/author\\\/admin-allasorias\\\/\",\"name\":\"Juh\\u00e1sz P\\u00e9ter\",\"image\":{\"@type\":\"ImageObject\",\"@id\":\"https:\\\/\\\/allasorias.hu\\\/hirek\\\/a-munkaeropiacon-a-fiatalok-ervenyesitik-erdekeiket\\\/#authorImage\",\"url\":\"https:\\\/\\\/secure.gravatar.com\\\/avatar\\\/36e6bcb83148978b992977cb0f54d22feb0cce8a0a849a9410532bb2623ba4c6?s=96&d=mm&r=g\",\"width\":96,\"height\":96,\"caption\":\"Juh\\u00e1sz P\\u00e9ter\"}},{\"@type\":\"WebPage\",\"@id\":\"https:\\\/\\\/allasorias.hu\\\/hirek\\\/a-munkaeropiacon-a-fiatalok-ervenyesitik-erdekeiket\\\/#webpage\",\"url\":\"https:\\\/\\\/allasorias.hu\\\/hirek\\\/a-munkaeropiacon-a-fiatalok-ervenyesitik-erdekeiket\\\/\",\"name\":\"A munkaer\\u0151piacon a fiatalok \\u00e9rv\\u00e9nyes\\u00edtik \\u00e9rdekeiket | AllasOrias.hu | H\\u00edrek-lapszemle\",\"description\":\"A fiatalok sz\\u00e1m\\u00e1ra a munkahelyeken fontos a fizet\\u00e9s nagys\\u00e1ga, de kiemelten fontosnak tartj\\u00e1k a munka min\\u0151s\\u00e9g\\u00e9t \\u00e9s \\u00e9rdekeiket fokozottabban \\u00e9rv\\u00e9nyes\\u00edtik. Paulovics \\u00c9va, a Jobsgarden HR-toborz\\u00f3 \\u00e9s tan\\u00e1csad\\u00f3 c\\u00e9g \\u00fcgyvezet\\u0151 igazgat\\u00f3ja hangs\\u00falyozta: felm\\u00e9r\\u00e9seik szerint az egyik legfontosabb kompetencia az al\\u00e1zat a szakma, a feladat ir\\u00e1nt, \\u00e9s nem els\\u0151sorban a munkahelyi vezet\\u0151 fel\\u00e9. Egyre ink\\u00e1bb jellemz\\u0151, hogy\",\"inLanguage\":\"hu-HU\",\"isPartOf\":{\"@id\":\"https:\\\/\\\/allasorias.hu\\\/hirek\\\/#website\"},\"breadcrumb\":{\"@id\":\"https:\\\/\\\/allasorias.hu\\\/hirek\\\/a-munkaeropiacon-a-fiatalok-ervenyesitik-erdekeiket\\\/#breadcrumblist\"},\"author\":{\"@id\":\"https:\\\/\\\/allasorias.hu\\\/hirek\\\/author\\\/admin-allasorias\\\/#author\"},\"creator\":{\"@id\":\"https:\\\/\\\/allasorias.hu\\\/hirek\\\/author\\\/admin-allasorias\\\/#author\"},\"image\":{\"@type\":\"ImageObject\",\"url\":\"https:\\\/\\\/allasorias.hu\\\/hirek\\\/wp-content\\\/uploads\\\/2018\\\/10\\\/palyakezdo.jpg\",\"@id\":\"https:\\\/\\\/allasorias.hu\\\/hirek\\\/a-munkaeropiacon-a-fiatalok-ervenyesitik-erdekeiket\\\/#mainImage\",\"width\":600,\"height\":371},\"primaryImageOfPage\":{\"@id\":\"https:\\\/\\\/allasorias.hu\\\/hirek\\\/a-munkaeropiacon-a-fiatalok-ervenyesitik-erdekeiket\\\/#mainImage\"},\"datePublished\":\"2018-10-10T14:15:25+02:00\",\"dateModified\":\"2018-10-10T14:15:25+02:00\"},{\"@type\":\"WebSite\",\"@id\":\"https:\\\/\\\/allasorias.hu\\\/hirek\\\/#website\",\"url\":\"https:\\\/\\\/allasorias.hu\\\/hirek\\\/\",\"name\":\"AllasOrias.hu | H\\u00edrek-lapszemle\",\"description\":\"\\u00dczleti h\\u00edrek az \\u00e1ll\\u00e1s \\u00e9s a munka vil\\u00e1g\\u00e1b\\u00f3l\",\"inLanguage\":\"hu-HU\",\"publisher\":{\"@id\":\"https:\\\/\\\/allasorias.hu\\\/hirek\\\/#organization\"}}]}\n\t\t<\/script>\n\t\t<!-- All in One SEO -->\n\n","aioseo_head_json":{"title":"A munkaer\u0151piacon a fiatalok \u00e9rv\u00e9nyes\u00edtik \u00e9rdekeiket | AllasOrias.hu | H\u00edrek-lapszemle","description":"A fiatalok sz\u00e1m\u00e1ra a munkahelyeken fontos a fizet\u00e9s nagys\u00e1ga, de kiemelten fontosnak tartj\u00e1k a munka min\u0151s\u00e9g\u00e9t \u00e9s \u00e9rdekeiket fokozottabban \u00e9rv\u00e9nyes\u00edtik. Paulovics \u00c9va, a Jobsgarden HR-toborz\u00f3 \u00e9s tan\u00e1csad\u00f3 c\u00e9g \u00fcgyvezet\u0151 igazgat\u00f3ja hangs\u00falyozta: felm\u00e9r\u00e9seik szerint az egyik legfontosabb kompetencia az al\u00e1zat a szakma, a feladat ir\u00e1nt, \u00e9s nem els\u0151sorban a munkahelyi vezet\u0151 fel\u00e9. Egyre ink\u00e1bb jellemz\u0151, hogy","canonical_url":"https:\/\/allasorias.hu\/hirek\/a-munkaeropiacon-a-fiatalok-ervenyesitik-erdekeiket\/","robots":"max-image-preview:large","keywords":"","webmasterTools":{"miscellaneous":""},"schema":{"@context":"https:\/\/schema.org","@graph":[{"@type":"Article","@id":"https:\/\/allasorias.hu\/hirek\/a-munkaeropiacon-a-fiatalok-ervenyesitik-erdekeiket\/#article","name":"A munkaer\u0151piacon a fiatalok \u00e9rv\u00e9nyes\u00edtik \u00e9rdekeiket | AllasOrias.hu | H\u00edrek-lapszemle","headline":"A munkaer\u0151piacon a fiatalok \u00e9rv\u00e9nyes\u00edtik \u00e9rdekeiket","author":{"@id":"https:\/\/allasorias.hu\/hirek\/author\/admin-allasorias\/#author"},"publisher":{"@id":"https:\/\/allasorias.hu\/hirek\/#organization"},"image":{"@type":"ImageObject","url":"https:\/\/allasorias.hu\/hirek\/wp-content\/uploads\/2018\/10\/palyakezdo.jpg","width":600,"height":371},"datePublished":"2018-10-10T14:15:25+02:00","dateModified":"2018-10-10T14:15:25+02:00","inLanguage":"hu-HU","mainEntityOfPage":{"@id":"https:\/\/allasorias.hu\/hirek\/a-munkaeropiacon-a-fiatalok-ervenyesitik-erdekeiket\/#webpage"},"isPartOf":{"@id":"https:\/\/allasorias.hu\/hirek\/a-munkaeropiacon-a-fiatalok-ervenyesitik-erdekeiket\/#webpage"},"articleSection":"\u00c1ll\u00e1skeres\u00e9s, Karrier, Munkaer\u0151piac, P\u00e1lyakezd\u0151k"},{"@type":"BreadcrumbList","@id":"https:\/\/allasorias.hu\/hirek\/a-munkaeropiacon-a-fiatalok-ervenyesitik-erdekeiket\/#breadcrumblist","itemListElement":[{"@type":"ListItem","@id":"https:\/\/allasorias.hu\/hirek#listItem","position":1,"name":"Home","item":"https:\/\/allasorias.hu\/hirek","nextItem":{"@type":"ListItem","@id":"https:\/\/allasorias.hu\/hirek\/temak\/allaskereses\/#listItem","name":"\u00c1ll\u00e1skeres\u00e9s"}},{"@type":"ListItem","@id":"https:\/\/allasorias.hu\/hirek\/temak\/allaskereses\/#listItem","position":2,"name":"\u00c1ll\u00e1skeres\u00e9s","item":"https:\/\/allasorias.hu\/hirek\/temak\/allaskereses\/","nextItem":{"@type":"ListItem","@id":"https:\/\/allasorias.hu\/hirek\/a-munkaeropiacon-a-fiatalok-ervenyesitik-erdekeiket\/#listItem","name":"A munkaer\u0151piacon a fiatalok \u00e9rv\u00e9nyes\u00edtik \u00e9rdekeiket"},"previousItem":{"@type":"ListItem","@id":"https:\/\/allasorias.hu\/hirek#listItem","name":"Home"}},{"@type":"ListItem","@id":"https:\/\/allasorias.hu\/hirek\/a-munkaeropiacon-a-fiatalok-ervenyesitik-erdekeiket\/#listItem","position":3,"name":"A munkaer\u0151piacon a fiatalok \u00e9rv\u00e9nyes\u00edtik \u00e9rdekeiket","previousItem":{"@type":"ListItem","@id":"https:\/\/allasorias.hu\/hirek\/temak\/allaskereses\/#listItem","name":"\u00c1ll\u00e1skeres\u00e9s"}}]},{"@type":"Organization","@id":"https:\/\/allasorias.hu\/hirek\/#organization","name":"AllasOrias.hu | H\u00edrek-lapszemle","description":"\u00dczleti h\u00edrek az \u00e1ll\u00e1s \u00e9s a munka vil\u00e1g\u00e1b\u00f3l","url":"https:\/\/allasorias.hu\/hirek\/","logo":{"@type":"ImageObject","url":"https:\/\/allasorias.hu\/hirek\/wp-content\/uploads\/2022\/10\/allasorias_site_facebok_logo.png","@id":"https:\/\/allasorias.hu\/hirek\/a-munkaeropiacon-a-fiatalok-ervenyesitik-erdekeiket\/#organizationLogo"},"image":{"@id":"https:\/\/allasorias.hu\/hirek\/a-munkaeropiacon-a-fiatalok-ervenyesitik-erdekeiket\/#organizationLogo"},"sameAs":["https:\/\/www.facebook.com\/allasorias","https:\/\/www.linkedin.com\/company\/allasorias"]},{"@type":"Person","@id":"https:\/\/allasorias.hu\/hirek\/author\/admin-allasorias\/#author","url":"https:\/\/allasorias.hu\/hirek\/author\/admin-allasorias\/","name":"Juh\u00e1sz P\u00e9ter","image":{"@type":"ImageObject","@id":"https:\/\/allasorias.hu\/hirek\/a-munkaeropiacon-a-fiatalok-ervenyesitik-erdekeiket\/#authorImage","url":"https:\/\/secure.gravatar.com\/avatar\/36e6bcb83148978b992977cb0f54d22feb0cce8a0a849a9410532bb2623ba4c6?s=96&d=mm&r=g","width":96,"height":96,"caption":"Juh\u00e1sz P\u00e9ter"}},{"@type":"WebPage","@id":"https:\/\/allasorias.hu\/hirek\/a-munkaeropiacon-a-fiatalok-ervenyesitik-erdekeiket\/#webpage","url":"https:\/\/allasorias.hu\/hirek\/a-munkaeropiacon-a-fiatalok-ervenyesitik-erdekeiket\/","name":"A munkaer\u0151piacon a fiatalok \u00e9rv\u00e9nyes\u00edtik \u00e9rdekeiket | AllasOrias.hu | H\u00edrek-lapszemle","description":"A fiatalok sz\u00e1m\u00e1ra a munkahelyeken fontos a fizet\u00e9s nagys\u00e1ga, de kiemelten fontosnak tartj\u00e1k a munka min\u0151s\u00e9g\u00e9t \u00e9s \u00e9rdekeiket fokozottabban \u00e9rv\u00e9nyes\u00edtik. Paulovics \u00c9va, a Jobsgarden HR-toborz\u00f3 \u00e9s tan\u00e1csad\u00f3 c\u00e9g \u00fcgyvezet\u0151 igazgat\u00f3ja hangs\u00falyozta: felm\u00e9r\u00e9seik szerint az egyik legfontosabb kompetencia az al\u00e1zat a szakma, a feladat ir\u00e1nt, \u00e9s nem els\u0151sorban a munkahelyi vezet\u0151 fel\u00e9. Egyre ink\u00e1bb jellemz\u0151, hogy","inLanguage":"hu-HU","isPartOf":{"@id":"https:\/\/allasorias.hu\/hirek\/#website"},"breadcrumb":{"@id":"https:\/\/allasorias.hu\/hirek\/a-munkaeropiacon-a-fiatalok-ervenyesitik-erdekeiket\/#breadcrumblist"},"author":{"@id":"https:\/\/allasorias.hu\/hirek\/author\/admin-allasorias\/#author"},"creator":{"@id":"https:\/\/allasorias.hu\/hirek\/author\/admin-allasorias\/#author"},"image":{"@type":"ImageObject","url":"https:\/\/allasorias.hu\/hirek\/wp-content\/uploads\/2018\/10\/palyakezdo.jpg","@id":"https:\/\/allasorias.hu\/hirek\/a-munkaeropiacon-a-fiatalok-ervenyesitik-erdekeiket\/#mainImage","width":600,"height":371},"primaryImageOfPage":{"@id":"https:\/\/allasorias.hu\/hirek\/a-munkaeropiacon-a-fiatalok-ervenyesitik-erdekeiket\/#mainImage"},"datePublished":"2018-10-10T14:15:25+02:00","dateModified":"2018-10-10T14:15:25+02:00"},{"@type":"WebSite","@id":"https:\/\/allasorias.hu\/hirek\/#website","url":"https:\/\/allasorias.hu\/hirek\/","name":"AllasOrias.hu | H\u00edrek-lapszemle","description":"\u00dczleti h\u00edrek az \u00e1ll\u00e1s \u00e9s a munka vil\u00e1g\u00e1b\u00f3l","inLanguage":"hu-HU","publisher":{"@id":"https:\/\/allasorias.hu\/hirek\/#organization"}}]},"og:locale":"hu_HU","og:site_name":"AllasOrias.hu | H\u00edrek-lapszemle | \u00dczleti h\u00edrek az \u00e1ll\u00e1s \u00e9s a munka vil\u00e1g\u00e1b\u00f3l","og:type":"article","og:title":"A munkaer\u0151piacon a fiatalok \u00e9rv\u00e9nyes\u00edtik \u00e9rdekeiket | AllasOrias.hu | H\u00edrek-lapszemle","og:description":"A fiatalok sz\u00e1m\u00e1ra a munkahelyeken fontos a fizet\u00e9s nagys\u00e1ga, de kiemelten fontosnak tartj\u00e1k a munka min\u0151s\u00e9g\u00e9t \u00e9s \u00e9rdekeiket fokozottabban \u00e9rv\u00e9nyes\u00edtik. Paulovics \u00c9va, a Jobsgarden HR-toborz\u00f3 \u00e9s tan\u00e1csad\u00f3 c\u00e9g \u00fcgyvezet\u0151 igazgat\u00f3ja hangs\u00falyozta: felm\u00e9r\u00e9seik szerint az egyik legfontosabb kompetencia az al\u00e1zat a szakma, a feladat ir\u00e1nt, \u00e9s nem els\u0151sorban a munkahelyi vezet\u0151 fel\u00e9. Egyre ink\u00e1bb jellemz\u0151, hogy","og:url":"https:\/\/allasorias.hu\/hirek\/a-munkaeropiacon-a-fiatalok-ervenyesitik-erdekeiket\/","og:image":"https:\/\/allasorias.hu\/hirek\/wp-content\/uploads\/2018\/10\/palyakezdo.jpg","og:image:secure_url":"https:\/\/allasorias.hu\/hirek\/wp-content\/uploads\/2018\/10\/palyakezdo.jpg","og:image:width":600,"og:image:height":371,"article:published_time":"2018-10-10T14:15:25+00:00","article:modified_time":"2018-10-10T14:15:25+00:00","article:publisher":"https:\/\/www.facebook.com\/allasorias","twitter:card":"summary_large_image","twitter:title":"A munkaer\u0151piacon a fiatalok \u00e9rv\u00e9nyes\u00edtik \u00e9rdekeiket | AllasOrias.hu | H\u00edrek-lapszemle","twitter:description":"A fiatalok sz\u00e1m\u00e1ra a munkahelyeken fontos a fizet\u00e9s nagys\u00e1ga, de kiemelten fontosnak tartj\u00e1k a munka min\u0151s\u00e9g\u00e9t \u00e9s \u00e9rdekeiket fokozottabban \u00e9rv\u00e9nyes\u00edtik. Paulovics \u00c9va, a Jobsgarden HR-toborz\u00f3 \u00e9s tan\u00e1csad\u00f3 c\u00e9g \u00fcgyvezet\u0151 igazgat\u00f3ja hangs\u00falyozta: felm\u00e9r\u00e9seik szerint az egyik legfontosabb kompetencia az al\u00e1zat a szakma, a feladat ir\u00e1nt, \u00e9s nem els\u0151sorban a munkahelyi vezet\u0151 fel\u00e9. Egyre ink\u00e1bb jellemz\u0151, hogy","twitter:image":"https:\/\/allasorias.hu\/hirek\/wp-content\/uploads\/2018\/10\/palyakezdo.jpg","twitter:label1":"Written by","twitter:data1":"Juh\u00e1sz P\u00e9ter","twitter:label2":"Est. reading time","twitter:data2":"1 minute"},"aioseo_meta_data":{"post_id":"2015","title":null,"description":null,"keywords":null,"keyphrases":null,"primary_term":null,"canonical_url":null,"og_title":null,"og_description":null,"og_object_type":"default","og_image_type":"default","og_image_url":null,"og_image_width":null,"og_image_height":null,"og_image_custom_url":null,"og_image_custom_fields":null,"og_video":null,"og_custom_url":null,"og_article_section":null,"og_article_tags":null,"twitter_use_og":false,"twitter_card":"default","twitter_image_type":"default","twitter_image_url":null,"twitter_image_custom_url":null,"twitter_image_custom_fields":null,"twitter_title":null,"twitter_description":null,"schema":{"blockGraphs":[],"customGraphs":[],"default":{"data":{"Article":[],"Course":[],"Dataset":[],"FAQPage":[],"Movie":[],"Person":[],"Product":[],"ProductReview":[],"Car":[],"Recipe":[],"Service":[],"SoftwareApplication":[],"WebPage":[]},"graphName":"","isEnabled":true},"graphs":[],"defaultGraph":"","defaultPostTypeGraph":""},"schema_type":null,"schema_type_options":null,"pillar_content":false,"robots_default":true,"robots_noindex":false,"robots_noarchive":false,"robots_nosnippet":false,"robots_nofollow":false,"robots_noimageindex":false,"robots_noodp":false,"robots_notranslate":false,"robots_max_snippet":null,"robots_max_videopreview":null,"robots_max_imagepreview":"large","priority":null,"frequency":null,"location":null,"local_seo":null,"breadcrumb_settings":null,"limit_modified_date":false,"ai":null,"created":"2021-02-01 20:44:36","updated":"2025-10-02 09:05:05","seo_analyzer_scan_date":null,"focus_keyword":null,"additional_keywords":null,"truseo_locale":null},"aioseo_breadcrumb":"<div class=\"aioseo-breadcrumbs\"><span class=\"aioseo-breadcrumb\">\n\t\t\t<a href=\"https:\/\/allasorias.hu\/hirek\" title=\"Home\">Home<\/a>\n\t\t<\/span><span class=\"aioseo-breadcrumb-separator\">&raquo;<\/span><span class=\"aioseo-breadcrumb\">\n\t\t\t<a href=\"https:\/\/allasorias.hu\/hirek\/temak\/allaskereses\/\" title=\"\u00c1ll\u00e1skeres\u00e9s\">\u00c1ll\u00e1skeres\u00e9s<\/a>\n\t\t<\/span><span class=\"aioseo-breadcrumb-separator\">&raquo;<\/span><span class=\"aioseo-breadcrumb\">\n\t\t\tA munkaer\u0151piacon a fiatalok \u00e9rv\u00e9nyes\u00edtik \u00e9rdekeiket\n\t\t<\/span><\/div>","aioseo_breadcrumb_json":[{"label":"Home","link":"https:\/\/allasorias.hu\/hirek"},{"label":"\u00c1ll\u00e1skeres\u00e9s","link":"https:\/\/allasorias.hu\/hirek\/temak\/allaskereses\/"},{"label":"A munkaer\u0151piacon a fiatalok \u00e9rv\u00e9nyes\u00edtik \u00e9rdekeiket","link":"https:\/\/allasorias.hu\/hirek\/a-munkaeropiacon-a-fiatalok-ervenyesitik-erdekeiket\/"}],"_links":{"self":[{"href":"https:\/\/allasorias.hu\/hirek\/wp-json\/wp\/v2\/posts\/2015","targetHints":{"allow":["GET"]}}],"collection":[{"href":"https:\/\/allasorias.hu\/hirek\/wp-json\/wp\/v2\/posts"}],"about":[{"href":"https:\/\/allasorias.hu\/hirek\/wp-json\/wp\/v2\/types\/post"}],"author":[{"embeddable":true,"href":"https:\/\/allasorias.hu\/hirek\/wp-json\/wp\/v2\/users\/1"}],"replies":[{"embeddable":true,"href":"https:\/\/allasorias.hu\/hirek\/wp-json\/wp\/v2\/comments?post=2015"}],"version-history":[{"count":1,"href":"https:\/\/allasorias.hu\/hirek\/wp-json\/wp\/v2\/posts\/2015\/revisions"}],"predecessor-version":[{"id":2017,"href":"https:\/\/allasorias.hu\/hirek\/wp-json\/wp\/v2\/posts\/2015\/revisions\/2017"}],"wp:featuredmedia":[{"embeddable":true,"href":"https:\/\/allasorias.hu\/hirek\/wp-json\/wp\/v2\/media\/2016"}],"wp:attachment":[{"href":"https:\/\/allasorias.hu\/hirek\/wp-json\/wp\/v2\/media?parent=2015"}],"wp:term":[{"taxonomy":"category","embeddable":true,"href":"https:\/\/allasorias.hu\/hirek\/wp-json\/wp\/v2\/categories?post=2015"},{"taxonomy":"post_tag","embeddable":true,"href":"https:\/\/allasorias.hu\/hirek\/wp-json\/wp\/v2\/tags?post=2015"}],"curies":[{"name":"wp","href":"https:\/\/api.w.org\/{rel}","templated":true}]}}